{"id":98640,"date":"2026-02-09T21:06:25","date_gmt":"2026-02-09T19:06:25","guid":{"rendered":"https:\/\/now-news.de\/de\/deutschland\/nach-sieg-bei-parlamentswahlen-japanische-premierministerin-kuendigt-verfassungsreform-an\/"},"modified":"2026-02-09T21:06:25","modified_gmt":"2026-02-09T19:06:25","slug":"nach-sieg-bei-parlamentswahlen-japanische-premierministerin-kuendigt-verfassungsreform-an","status":"publish","type":"post","link":"https:\/\/now-news.de\/de\/deutschland\/nach-sieg-bei-parlamentswahlen-japanische-premierministerin-kuendigt-verfassungsreform-an\/","title":{"rendered":"Nach Sieg bei Parlamentswahlen: Japanische Premierministerin k\u00fcndigt Verfassungsreform an"},"content":{"rendered":"<p><img decoding=\"async\" src=\"https:\/\/now-news.de\/de\/wp-content\/uploads\/sites\/3\/2026\/02\/698a055248fbef3c0b08fdc2.jpg\" \/><\/p>\n<div class=\"Text-root Text-type_1 \">\n                Mit dem Sieg bei den vorgezogenen Parlamentswahlen beabsichtigt Premierministerin Sanae Takaichi, die japanische Verfassung zu \u00e4ndern und ein Referendum durchzuf\u00fchren. Nach dem Ende des Zweiten Weltkrieges wurde in Japan eine &#8220;pazifistische&#8221; Verfassung verabschiedet.\n            <\/div>\n<p><\/p>\n<div class=\"Text-root Text-type_5 ArticleView-text ViewText-root \">\n<p>Beh\u00f6rden in Japan wollen die nationale Verfassung \u00e4ndern. Dies erkl\u00e4rte Premierministerin Sanae Takaichi auf einer Pressekonferenz am Montag, nachdem deren Liberaldemokratische Partei (LDP) bei den vorgezogenen Parlamentswahlen am Wochenende einen entscheidenden Sieg errungen hatte.<\/p>\n<p>Die Regierungschefin hoffe, dass konstruktive und partei\u00fcbergreifende Diskussionen in den Verfassungsaussch\u00fcssen der beiden Parlamentskammern sowie die \u00f6ffentliche Debatte an Fahrt gewinnen werden. Die LDP solle energisch daran arbeiten, die politischen Ziele ihrer Wahlversprechen, einschlie\u00dflich der Verfassungsreform, zu verwirklichen. In Kooperation mit allen politischen Parteien sei Takaichi fest entschlossen, einen \u00c4nderungsantrag einzubringen und so bald wie m\u00f6glich ein nationales Referendum durchzuf\u00fchren.<\/p>\n<p>Nach Japans Kapitulation im Zweiten Weltkrieg wurde eine &#8220;pazifistische&#8221; Verfassung verabschiedet, die dem Land das Recht auf Kriegsf\u00fchrung absprach. Japan stellte die Selbstverteidigungskr\u00e4fte auf, denen offensive Operationen und Pr\u00e4ventivschl\u00e4ge untersagt sind. Takaichi beabsichtige, die Selbstverteidigungskr\u00e4fte juristisch anzuerkennen. In der aktuellen Verfassung werden sie nicht erw\u00e4hnt.<\/p>\n<p>Im Ergebnis der vorgezogenen Parlamentswahlen konnte die Partei von Takaichi die Mehrheit im Unterhaus wiederherstellen, indem sie 316 der 465 Sitze erhielt. Damit Verfassungs\u00e4nderungen einem Referendum unterzogen werden k\u00f6nnen, muss eine Zweidrittelmehrheit der Mitglieder im Unter- und Oberhaus diese unterst\u00fctzen.<\/p>\n<p><strong>Mehr zum Thema<\/strong> \u2013 <a rel=\"nofollow noopener\" target=\"_blank\" href=\"https:\/\/freedert.online\/asien\/263058-trump-draengt-japans-premierministerin-zu\/\">Trump dr\u00e4ngt Japans Premierministerin zu Zur\u00fcckhaltung im Konflikt mit China<\/a><\/p>\n<div class=\"EmbedBlock-root EmbedBlock-externalVideo EmbedBlock-rumble\">\n<div class=\"VkEmbed\"><iframe class=\"lazyload\" data-src=\"https:\/\/rumble.com\/embed\/v71ayzi\" frameborder=\"0\" width=\"853\" height=\"480\" allowfullscreen><\/iframe><\/div>\n<\/div>\n<\/div>\n<p><br \/>\n<br \/><a href=\"https:\/\/de.rt.com\/asien\/269744-nach-sieg-bei-parlamentswahlen\/\">Source link <\/a><\/p>\n","protected":false},"excerpt":{"rendered":"<p>Mit dem Sieg bei den vorgezogenen Parlamentswahlen beabsichtigt Premierministerin Sanae Takaichi, die japanische Verfassung zu \u00e4ndern und ein Referendum durchzuf\u00fchren. Nach dem Ende des Zweiten Weltkrieges wurde in Japan eine &#8220;pazifistische&#8221; Verfassung verabschiedet. Beh\u00f6rden in Japan wollen die nationale Verfassung \u00e4ndern. Dies erkl\u00e4rte Premierministerin Sanae Takaichi auf einer Pressekonferenz am Montag, nachdem deren Liberaldemokratische Partei [&hellip;]<\/p>\n","protected":false},"author":3,"featured_media":98641,"comment_status":"open","ping_status":"open","sticky":false,"template":"","format":"standard","meta":{"_yoast_indexnow_last_ping":["1770666411"],"wp_automatic_camp":["217"],"bd6d5bdf31e82d1e2bded8f6fb4c2fe7":["Nach Sieg bei Parlamentswahlen: Japanische Premierministerin k\u00fcndigt Verfassungsreform an"],"original_link":["https:\/\/de.rt.com\/asien\/269744-nach-sieg-bei-parlamentswahlen\/"],"_thumbnail_id":["98641"],"jnews_social_counter_last_update":["1777618339"],"_wptgpro_p2tg_sent2tg":["a:1:{i:23737;s:19:\"2026-02-09 21:47:51\";}"]},"categories":[19,23],"tags":[363,27242,4224,979,18876,21477,9001,51629],"yoast_head":"<!-- This site is optimized with the Yoast SEO Premium plugin v22.7 (Yoast SEO v22.7) - https:\/\/yoast.com\/wordpress\/plugins\/seo\/ -->\n<title>Nach Sieg bei Parlamentswahlen: Japanische Premierministerin k\u00fcndigt Verfassungsreform an - just-now.NEWS Deutschland<\/title>\n<meta name=\"robots\" content=\"index, follow, max-snippet:-1, max-image-preview:large, max-video-preview:-1\" \/>\n<link rel=\"canonical\" href=\"https:\/\/now-news.de\/de\/deutschland\/nach-sieg-bei-parlamentswahlen-japanische-premierministerin-kuendigt-verfassungsreform-an\/\" \/>\n<meta property=\"og:locale\" content=\"de_DE\" \/>\n<meta property=\"og:type\" content=\"article\" \/>\n<meta property=\"og:title\" content=\"Nach Sieg bei Parlamentswahlen: Japanische Premierministerin k\u00fcndigt Verfassungsreform an\" \/>\n<meta property=\"og:description\" content=\"Mit dem Sieg bei den vorgezogenen Parlamentswahlen beabsichtigt Premierministerin Sanae Takaichi, die japanische Verfassung zu \u00e4ndern und ein Referendum durchzuf\u00fchren. Nach dem Ende des Zweiten Weltkrieges wurde in Japan eine &#8220;pazifistische&#8221; Verfassung verabschiedet. Beh\u00f6rden in Japan wollen die nationale Verfassung \u00e4ndern. Dies erkl\u00e4rte Premierministerin Sanae Takaichi auf einer Pressekonferenz am Montag, nachdem deren Liberaldemokratische Partei [&hellip;]\" \/>\n<meta property=\"og:url\" content=\"https:\/\/now-news.de\/de\/deutschland\/nach-sieg-bei-parlamentswahlen-japanische-premierministerin-kuendigt-verfassungsreform-an\/\" \/>\n<meta property=\"og:site_name\" content=\"just-now.NEWS Deutschland\" \/>\n<meta property=\"article:publisher\" content=\"https:\/\/www.facebook.com\/wirmachenauf\" \/>\n<meta property=\"article:published_time\" content=\"2026-02-09T19:06:25+00:00\" \/>\n<meta property=\"og:image\" content=\"https:\/\/now-news.de\/de\/wp-content\/uploads\/sites\/3\/2026\/02\/698a055248fbef3c0b08fdc2.jpg\" \/>\n<meta name=\"author\" content=\"rtnews\" \/>\n<meta name=\"twitter:card\" content=\"summary_large_image\" \/>\n<meta name=\"twitter:creator\" content=\"@WirMachenAuf_de\" \/>\n<meta name=\"twitter:site\" content=\"@WirMachenAuf_de\" \/>\n<meta name=\"twitter:label1\" content=\"Verfasst von\" \/>\n\t<meta name=\"twitter:data1\" content=\"rtnews\" \/>\n\t<meta name=\"twitter:label2\" content=\"Gesch\u00e4tzte Lesezeit\" \/>\n\t<meta name=\"twitter:data2\" content=\"1\u00a0Minute\" \/>\n<script type=\"application\/ld+json\" class=\"yoast-schema-graph\">{\"@context\":\"https:\/\/schema.org\",\"@graph\":[{\"@type\":\"Article\",\"@id\":\"https:\/\/now-news.de\/de\/deutschland\/nach-sieg-bei-parlamentswahlen-japanische-premierministerin-kuendigt-verfassungsreform-an\/#article\",\"isPartOf\":{\"@id\":\"https:\/\/now-news.de\/de\/deutschland\/nach-sieg-bei-parlamentswahlen-japanische-premierministerin-kuendigt-verfassungsreform-an\/\"},\"author\":{\"name\":\"rtnews\",\"@id\":\"https:\/\/now-news.de\/de\/#\/schema\/person\/fb534a4e865501d8b3285208df34a9b5\"},\"headline\":\"Nach Sieg bei Parlamentswahlen: Japanische Premierministerin k\u00fcndigt Verfassungsreform an\",\"datePublished\":\"2026-02-09T19:06:25+00:00\",\"dateModified\":\"2026-02-09T19:06:25+00:00\",\"mainEntityOfPage\":{\"@id\":\"https:\/\/now-news.de\/de\/deutschland\/nach-sieg-bei-parlamentswahlen-japanische-premierministerin-kuendigt-verfassungsreform-an\/\"},\"wordCount\":255,\"commentCount\":0,\"publisher\":{\"@id\":\"https:\/\/now-news.de\/de\/#organization\"},\"image\":{\"@id\":\"https:\/\/now-news.de\/de\/deutschland\/nach-sieg-bei-parlamentswahlen-japanische-premierministerin-kuendigt-verfassungsreform-an\/#primaryimage\"},\"thumbnailUrl\":\"https:\/\/now-news.de\/de\/wp-content\/uploads\/sites\/3\/2026\/02\/Nach-Sieg-bei-Parlamentswahlen-Japanische-Premierministerin-kuendigt-Verfassungsreform-an.jpg\",\"keywords\":[\"bei\",\"japanische\",\"k\u00fcndigt\",\"nach\",\"Parlamentswahlen\",\"Premierministerin\",\"Sieg\",\"Verfassungsreform\"],\"articleSection\":[\"Deutschland\",\"Russland\"],\"inLanguage\":\"de\",\"potentialAction\":[{\"@type\":\"CommentAction\",\"name\":\"Comment\",\"target\":[\"https:\/\/now-news.de\/de\/deutschland\/nach-sieg-bei-parlamentswahlen-japanische-premierministerin-kuendigt-verfassungsreform-an\/#respond\"]}]},{\"@type\":\"WebPage\",\"@id\":\"https:\/\/now-news.de\/de\/deutschland\/nach-sieg-bei-parlamentswahlen-japanische-premierministerin-kuendigt-verfassungsreform-an\/\",\"url\":\"https:\/\/now-news.de\/de\/deutschland\/nach-sieg-bei-parlamentswahlen-japanische-premierministerin-kuendigt-verfassungsreform-an\/\",\"name\":\"Nach Sieg bei Parlamentswahlen: Japanische Premierministerin k\u00fcndigt Verfassungsreform an - just-now.NEWS Deutschland\",\"isPartOf\":{\"@id\":\"https:\/\/now-news.de\/de\/#website\"},\"primaryImageOfPage\":{\"@id\":\"https:\/\/now-news.de\/de\/deutschland\/nach-sieg-bei-parlamentswahlen-japanische-premierministerin-kuendigt-verfassungsreform-an\/#primaryimage\"},\"image\":{\"@id\":\"https:\/\/now-news.de\/de\/deutschland\/nach-sieg-bei-parlamentswahlen-japanische-premierministerin-kuendigt-verfassungsreform-an\/#primaryimage\"},\"thumbnailUrl\":\"https:\/\/now-news.de\/de\/wp-content\/uploads\/sites\/3\/2026\/02\/Nach-Sieg-bei-Parlamentswahlen-Japanische-Premierministerin-kuendigt-Verfassungsreform-an.jpg\",\"datePublished\":\"2026-02-09T19:06:25+00:00\",\"dateModified\":\"2026-02-09T19:06:25+00:00\",\"breadcrumb\":{\"@id\":\"https:\/\/now-news.de\/de\/deutschland\/nach-sieg-bei-parlamentswahlen-japanische-premierministerin-kuendigt-verfassungsreform-an\/#breadcrumb\"},\"inLanguage\":\"de\",\"potentialAction\":[{\"@type\":\"ReadAction\",\"target\":[\"https:\/\/now-news.de\/de\/deutschland\/nach-sieg-bei-parlamentswahlen-japanische-premierministerin-kuendigt-verfassungsreform-an\/\"]}]},{\"@type\":\"ImageObject\",\"inLanguage\":\"de\",\"@id\":\"https:\/\/now-news.de\/de\/deutschland\/nach-sieg-bei-parlamentswahlen-japanische-premierministerin-kuendigt-verfassungsreform-an\/#primaryimage\",\"url\":\"https:\/\/now-news.de\/de\/wp-content\/uploads\/sites\/3\/2026\/02\/Nach-Sieg-bei-Parlamentswahlen-Japanische-Premierministerin-kuendigt-Verfassungsreform-an.jpg\",\"contentUrl\":\"https:\/\/now-news.de\/de\/wp-content\/uploads\/sites\/3\/2026\/02\/Nach-Sieg-bei-Parlamentswahlen-Japanische-Premierministerin-kuendigt-Verfassungsreform-an.jpg\",\"width\":460,\"height\":259,\"caption\":\"Nach Sieg bei Parlamentswahlen: Japanische Premierministerin k\u00fcndigt Verfassungsreform an\"},{\"@type\":\"BreadcrumbList\",\"@id\":\"https:\/\/now-news.de\/de\/deutschland\/nach-sieg-bei-parlamentswahlen-japanische-premierministerin-kuendigt-verfassungsreform-an\/#breadcrumb\",\"itemListElement\":[{\"@type\":\"ListItem\",\"position\":1,\"name\":\"Home\",\"item\":\"https:\/\/now-news.de\/de\/\"},{\"@type\":\"ListItem\",\"position\":2,\"name\":\"Nach Sieg bei Parlamentswahlen: Japanische Premierministerin k\u00fcndigt Verfassungsreform an\"}]},{\"@type\":\"WebSite\",\"@id\":\"https:\/\/now-news.de\/de\/#website\",\"url\":\"https:\/\/now-news.de\/de\/\",\"name\":\"just-now.NEWS Deutschland\",\"description\":\"Das Portal f\u00fcr unzensierte Nachrichten aus der Welt\",\"publisher\":{\"@id\":\"https:\/\/now-news.de\/de\/#organization\"},\"potentialAction\":[{\"@type\":\"SearchAction\",\"target\":{\"@type\":\"EntryPoint\",\"urlTemplate\":\"https:\/\/now-news.de\/de\/?s={search_term_string}\"},\"query-input\":\"required name=search_term_string\"}],\"inLanguage\":\"de\"},{\"@type\":\"Organization\",\"@id\":\"https:\/\/now-news.de\/de\/#organization\",\"name\":\"Just Now News\",\"url\":\"https:\/\/now-news.de\/de\/\",\"logo\":{\"@type\":\"ImageObject\",\"inLanguage\":\"de\",\"@id\":\"https:\/\/now-news.de\/de\/#\/schema\/logo\/image\/\",\"url\":\"http:\/\/just-now.news\/de\/wp-content\/uploads\/sites\/3\/2022\/04\/logo500x500.jpg\",\"contentUrl\":\"http:\/\/just-now.news\/de\/wp-content\/uploads\/sites\/3\/2022\/04\/logo500x500.jpg\",\"width\":500,\"height\":500,\"caption\":\"Just Now News\"},\"image\":{\"@id\":\"https:\/\/now-news.de\/de\/#\/schema\/logo\/image\/\"},\"sameAs\":[\"https:\/\/www.facebook.com\/wirmachenauf\",\"https:\/\/x.com\/WirMachenAuf_de\"]},{\"@type\":\"Person\",\"@id\":\"https:\/\/now-news.de\/de\/#\/schema\/person\/fb534a4e865501d8b3285208df34a9b5\",\"name\":\"rtnews\",\"image\":{\"@type\":\"ImageObject\",\"inLanguage\":\"de\",\"@id\":\"https:\/\/now-news.de\/de\/#\/schema\/person\/image\/\",\"url\":\"https:\/\/secure.gravatar.com\/avatar\/82aafea7d8127119dd649515f56e2117?s=96&d=mm&r=g\",\"contentUrl\":\"https:\/\/secure.gravatar.com\/avatar\/82aafea7d8127119dd649515f56e2117?s=96&d=mm&r=g\",\"caption\":\"rtnews\"},\"url\":\"https:\/\/now-news.de\/de\/author\/rnews\/\"}]}<\/script>\n<!-- \/ Yoast SEO Premium plugin. -->","yoast_head_json":{"title":"Nach Sieg bei Parlamentswahlen: Japanische Premierministerin k\u00fcndigt Verfassungsreform an - just-now.NEWS Deutschland","robots":{"index":"index","follow":"follow","max-snippet":"max-snippet:-1","max-image-preview":"max-image-preview:large","max-video-preview":"max-video-preview:-1"},"canonical":"https:\/\/now-news.de\/de\/deutschland\/nach-sieg-bei-parlamentswahlen-japanische-premierministerin-kuendigt-verfassungsreform-an\/","og_locale":"de_DE","og_type":"article","og_title":"Nach Sieg bei Parlamentswahlen: Japanische Premierministerin k\u00fcndigt Verfassungsreform an","og_description":"Mit dem Sieg bei den vorgezogenen Parlamentswahlen beabsichtigt Premierministerin Sanae Takaichi, die japanische Verfassung zu \u00e4ndern und ein Referendum durchzuf\u00fchren. Nach dem Ende des Zweiten Weltkrieges wurde in Japan eine &#8220;pazifistische&#8221; Verfassung verabschiedet. Beh\u00f6rden in Japan wollen die nationale Verfassung \u00e4ndern. Dies erkl\u00e4rte Premierministerin Sanae Takaichi auf einer Pressekonferenz am Montag, nachdem deren Liberaldemokratische Partei [&hellip;]","og_url":"https:\/\/now-news.de\/de\/deutschland\/nach-sieg-bei-parlamentswahlen-japanische-premierministerin-kuendigt-verfassungsreform-an\/","og_site_name":"just-now.NEWS Deutschland","article_publisher":"https:\/\/www.facebook.com\/wirmachenauf","article_published_time":"2026-02-09T19:06:25+00:00","og_image":[{"url":"https:\/\/now-news.de\/de\/wp-content\/uploads\/sites\/3\/2026\/02\/698a055248fbef3c0b08fdc2.jpg"}],"author":"rtnews","twitter_card":"summary_large_image","twitter_creator":"@WirMachenAuf_de","twitter_site":"@WirMachenAuf_de","twitter_misc":{"Verfasst von":"rtnews","Gesch\u00e4tzte Lesezeit":"1\u00a0Minute"},"schema":{"@context":"https:\/\/schema.org","@graph":[{"@type":"Article","@id":"https:\/\/now-news.de\/de\/deutschland\/nach-sieg-bei-parlamentswahlen-japanische-premierministerin-kuendigt-verfassungsreform-an\/#article","isPartOf":{"@id":"https:\/\/now-news.de\/de\/deutschland\/nach-sieg-bei-parlamentswahlen-japanische-premierministerin-kuendigt-verfassungsreform-an\/"},"author":{"name":"rtnews","@id":"https:\/\/now-news.de\/de\/#\/schema\/person\/fb534a4e865501d8b3285208df34a9b5"},"headline":"Nach Sieg bei Parlamentswahlen: Japanische Premierministerin k\u00fcndigt Verfassungsreform an","datePublished":"2026-02-09T19:06:25+00:00","dateModified":"2026-02-09T19:06:25+00:00","mainEntityOfPage":{"@id":"https:\/\/now-news.de\/de\/deutschland\/nach-sieg-bei-parlamentswahlen-japanische-premierministerin-kuendigt-verfassungsreform-an\/"},"wordCount":255,"commentCount":0,"publisher":{"@id":"https:\/\/now-news.de\/de\/#organization"},"image":{"@id":"https:\/\/now-news.de\/de\/deutschland\/nach-sieg-bei-parlamentswahlen-japanische-premierministerin-kuendigt-verfassungsreform-an\/#primaryimage"},"thumbnailUrl":"https:\/\/now-news.de\/de\/wp-content\/uploads\/sites\/3\/2026\/02\/Nach-Sieg-bei-Parlamentswahlen-Japanische-Premierministerin-kuendigt-Verfassungsreform-an.jpg","keywords":["bei","japanische","k\u00fcndigt","nach","Parlamentswahlen","Premierministerin","Sieg","Verfassungsreform"],"articleSection":["Deutschland","Russland"],"inLanguage":"de","potentialAction":[{"@type":"CommentAction","name":"Comment","target":["https:\/\/now-news.de\/de\/deutschland\/nach-sieg-bei-parlamentswahlen-japanische-premierministerin-kuendigt-verfassungsreform-an\/#respond"]}]},{"@type":"WebPage","@id":"https:\/\/now-news.de\/de\/deutschland\/nach-sieg-bei-parlamentswahlen-japanische-premierministerin-kuendigt-verfassungsreform-an\/","url":"https:\/\/now-news.de\/de\/deutschland\/nach-sieg-bei-parlamentswahlen-japanische-premierministerin-kuendigt-verfassungsreform-an\/","name":"Nach Sieg bei Parlamentswahlen: Japanische Premierministerin k\u00fcndigt Verfassungsreform an - just-now.NEWS Deutschland","isPartOf":{"@id":"https:\/\/now-news.de\/de\/#website"},"primaryImageOfPage":{"@id":"https:\/\/now-news.de\/de\/deutschland\/nach-sieg-bei-parlamentswahlen-japanische-premierministerin-kuendigt-verfassungsreform-an\/#primaryimage"},"image":{"@id":"https:\/\/now-news.de\/de\/deutschland\/nach-sieg-bei-parlamentswahlen-japanische-premierministerin-kuendigt-verfassungsreform-an\/#primaryimage"},"thumbnailUrl":"https:\/\/now-news.de\/de\/wp-content\/uploads\/sites\/3\/2026\/02\/Nach-Sieg-bei-Parlamentswahlen-Japanische-Premierministerin-kuendigt-Verfassungsreform-an.jpg","datePublished":"2026-02-09T19:06:25+00:00","dateModified":"2026-02-09T19:06:25+00:00","breadcrumb":{"@id":"https:\/\/now-news.de\/de\/deutschland\/nach-sieg-bei-parlamentswahlen-japanische-premierministerin-kuendigt-verfassungsreform-an\/#breadcrumb"},"inLanguage":"de","potentialAction":[{"@type":"ReadAction","target":["https:\/\/now-news.de\/de\/deutschland\/nach-sieg-bei-parlamentswahlen-japanische-premierministerin-kuendigt-verfassungsreform-an\/"]}]},{"@type":"ImageObject","inLanguage":"de","@id":"https:\/\/now-news.de\/de\/deutschland\/nach-sieg-bei-parlamentswahlen-japanische-premierministerin-kuendigt-verfassungsreform-an\/#primaryimage","url":"https:\/\/now-news.de\/de\/wp-content\/uploads\/sites\/3\/2026\/02\/Nach-Sieg-bei-Parlamentswahlen-Japanische-Premierministerin-kuendigt-Verfassungsreform-an.jpg","contentUrl":"https:\/\/now-news.de\/de\/wp-content\/uploads\/sites\/3\/2026\/02\/Nach-Sieg-bei-Parlamentswahlen-Japanische-Premierministerin-kuendigt-Verfassungsreform-an.jpg","width":460,"height":259,"caption":"Nach Sieg bei Parlamentswahlen: Japanische Premierministerin k\u00fcndigt Verfassungsreform an"},{"@type":"BreadcrumbList","@id":"https:\/\/now-news.de\/de\/deutschland\/nach-sieg-bei-parlamentswahlen-japanische-premierministerin-kuendigt-verfassungsreform-an\/#breadcrumb","itemListElement":[{"@type":"ListItem","position":1,"name":"Home","item":"https:\/\/now-news.de\/de\/"},{"@type":"ListItem","position":2,"name":"Nach Sieg bei Parlamentswahlen: Japanische Premierministerin k\u00fcndigt Verfassungsreform an"}]},{"@type":"WebSite","@id":"https:\/\/now-news.de\/de\/#website","url":"https:\/\/now-news.de\/de\/","name":"just-now.NEWS Deutschland","description":"Das Portal f\u00fcr unzensierte Nachrichten aus der Welt","publisher":{"@id":"https:\/\/now-news.de\/de\/#organization"},"potentialAction":[{"@type":"SearchAction","target":{"@type":"EntryPoint","urlTemplate":"https:\/\/now-news.de\/de\/?s={search_term_string}"},"query-input":"required name=search_term_string"}],"inLanguage":"de"},{"@type":"Organization","@id":"https:\/\/now-news.de\/de\/#organization","name":"Just Now News","url":"https:\/\/now-news.de\/de\/","logo":{"@type":"ImageObject","inLanguage":"de","@id":"https:\/\/now-news.de\/de\/#\/schema\/logo\/image\/","url":"http:\/\/just-now.news\/de\/wp-content\/uploads\/sites\/3\/2022\/04\/logo500x500.jpg","contentUrl":"http:\/\/just-now.news\/de\/wp-content\/uploads\/sites\/3\/2022\/04\/logo500x500.jpg","width":500,"height":500,"caption":"Just Now News"},"image":{"@id":"https:\/\/now-news.de\/de\/#\/schema\/logo\/image\/"},"sameAs":["https:\/\/www.facebook.com\/wirmachenauf","https:\/\/x.com\/WirMachenAuf_de"]},{"@type":"Person","@id":"https:\/\/now-news.de\/de\/#\/schema\/person\/fb534a4e865501d8b3285208df34a9b5","name":"rtnews","image":{"@type":"ImageObject","inLanguage":"de","@id":"https:\/\/now-news.de\/de\/#\/schema\/person\/image\/","url":"https:\/\/secure.gravatar.com\/avatar\/82aafea7d8127119dd649515f56e2117?s=96&d=mm&r=g","contentUrl":"https:\/\/secure.gravatar.com\/avatar\/82aafea7d8127119dd649515f56e2117?s=96&d=mm&r=g","caption":"rtnews"},"url":"https:\/\/now-news.de\/de\/author\/rnews\/"}]}},"_links":{"self":[{"href":"https:\/\/now-news.de\/de\/wp-json\/wp\/v2\/posts\/98640"}],"collection":[{"href":"https:\/\/now-news.de\/de\/wp-json\/wp\/v2\/posts"}],"about":[{"href":"https:\/\/now-news.de\/de\/wp-json\/wp\/v2\/types\/post"}],"author":[{"embeddable":true,"href":"https:\/\/now-news.de\/de\/wp-json\/wp\/v2\/users\/3"}],"replies":[{"embeddable":true,"href":"https:\/\/now-news.de\/de\/wp-json\/wp\/v2\/comments?post=98640"}],"version-history":[{"count":0,"href":"https:\/\/now-news.de\/de\/wp-json\/wp\/v2\/posts\/98640\/revisions"}],"wp:featuredmedia":[{"embeddable":true,"href":"https:\/\/now-news.de\/de\/wp-json\/wp\/v2\/media\/98641"}],"wp:attachment":[{"href":"https:\/\/now-news.de\/de\/wp-json\/wp\/v2\/media?parent=98640"}],"wp:term":[{"taxonomy":"category","embeddable":true,"href":"https:\/\/now-news.de\/de\/wp-json\/wp\/v2\/categories?post=98640"},{"taxonomy":"post_tag","embeddable":true,"href":"https:\/\/now-news.de\/de\/wp-json\/wp\/v2\/tags?post=98640"}],"curies":[{"name":"wp","href":"https:\/\/api.w.org\/{rel}","templated":true}]}}