{"id":98624,"date":"2026-02-09T18:15:34","date_gmt":"2026-02-09T16:15:34","guid":{"rendered":"https:\/\/now-news.de\/de\/deutschland\/schottischer-labour-chef-fordert-starmers-ruecktritt\/"},"modified":"2026-02-09T18:15:34","modified_gmt":"2026-02-09T16:15:34","slug":"schottischer-labour-chef-fordert-starmers-ruecktritt","status":"publish","type":"post","link":"https:\/\/now-news.de\/de\/deutschland\/schottischer-labour-chef-fordert-starmers-ruecktritt\/","title":{"rendered":"Schottischer Labour-Chef fordert Starmers R\u00fccktritt"},"content":{"rendered":"<p><img decoding=\"async\" src=\"https:\/\/now-news.de\/de\/wp-content\/uploads\/sites\/3\/2026\/02\/698a01bdb480cc479b1bd273.jpg\" \/><\/p>\n<div class=\"Text-root Text-type_1 \">\n                In London dauert das Tauziehen um das politische \u00dcberleben von Premierminister Keir Starmer an. W\u00e4hrend sich am Montag zahlreiche Minister seines Kabinetts \u00f6ffentlich f\u00fcr seinen Verbleib im Amt aussprachen, hat der Chef der Schottischen Labour-Partei auf einer Pressekonferenz am Nachmittag den R\u00fccktritt Starmers gefordert.\n            <\/div>\n<p><\/p>\n<div class=\"Text-root Text-type_5 ArticleView-text ViewText-root \">\n<p>Als bislang h\u00f6chster Funktion\u00e4r der Gro\u00dfbritannien regierenden Labour-Partei hat am Montag der Vorsitzende der schottischen Parteiorganisation und Spitzenkandidat bei den in drei Monaten anstehenden schottischen Regionalwahlen, Anas Sarwar, den R\u00fccktritt des britischen Regierungschefs Keir Starmer gefordert.<\/p>\n<p>In einer am fr\u00fchen Nachmittag (Ortszeit) einberufenen Pressekonferenz sagte Sarwar, die Lage in der Downing Street (Sitz des britischen Premiers) sei &#8220;nicht gut genug&#8221;. Die Ablenkung m\u00fcsse enden und die F\u00fchrung in der Downing Street m\u00fcsse ausgewechselt werden.\u00a0<\/p>\n<p>Eine Personalie, die er als Nachfolger von Starmer im Amt sieht, benannte Sarwar nicht. Er betonte w\u00e4hrend seines Auftritts mehrmals, dass seine Loyalit\u00e4t und seine Gedanken allein &#8220;meinem Land&#8221;, Schottland, gelten. Die Krise in London gef\u00e4hrde die Wahlchancen von Labour und Schottland und damit die Aussicht, die aktuell regierende Schottische Nationalpartei (SNP) abzul\u00f6sen.<\/p>\n<p>O-Ton Sarwar:<\/p>\n<p><em>&#8220;Deshalb muss ich ehrlich sein, wenn ich Versagen sehe. Die Situation in der Downing Street ist nicht gut genug. Es wurden zu viele Fehler gemacht. Sie haben versprochen, anders zu sein, aber es ist zu viel passiert. Gab es auch positive Entwicklungen? Nat\u00fcrlich gab es viele, aber niemand wei\u00df davon und niemand kann sie h\u00f6ren, weil sie \u00fcbert\u00f6nt werden. Deshalb kann es so nicht weitergehen.&#8221;<\/em><\/p>\n<p>Auf die Frage eines Journalisten, der ihm selbst enge Verbindungen zu Peter Mandelson, dem engen Freund von Sexualt\u00e4ter Jeffrey Epstein, unterstellte, distanzierte sich der Sohn pakistanischer Migranten, der sich selbst als Schotten sieht, in scharfen Worten von dem langj\u00e4hrigen Strippenzieher von &#8220;New Labour&#8221;:<\/p>\n<p><em>&#8220;Lassen Sie mich klarstellen, dass Peter Mandelson niemand ist, mit dem ich in Verbindung gebracht werden m\u00f6chte. Mandelson h\u00e4tte niemals als Botschafter ernannt werden d\u00fcrfen. Mandelson h\u00e4tte niemals Mitglied der Labour-Partei sein d\u00fcrfen.&#8221;<\/em><\/p>\n<p>Vor dem Auftritt Sarwars hatten allerdings namhafte Minister in Starmers Kabinett dem Premierminister den R\u00fccken gest\u00e4rkt und sich f\u00fcr seinen Verbleib im Amt ausgesprochen. Ein am Vorabend f\u00fcr Montag bereits angek\u00fcndigtes Statement Starmers wurde wieder abgesagt. Es war erwartet worden, dass er in der Erkl\u00e4rung sein Ausscheiden in Aussicht stellt.<\/p>\n<p>Der Stuhl des ohnehin unpopul\u00e4ren Starmer wackelt seit der j\u00fcngsten Ver\u00f6ffentlichung zahlreicher Dokumente aus den Epstein-Asservaten in den USA. Diese belegen, dass Mandelson eine viel engere Beziehung zu Epstein hatte als bislang bekannt war und sie auch nach dessen erster Verurteilung wegen Sexualdelikten im Jahr 2009 aufrecht erhielt. Dabei soll Mandelson Epstein w\u00e4hrend der Krisenjahre nach 2008 vertrauliche Dokumente der britischen Regierung zugespielt haben, die ihm Insidergesch\u00e4fte erm\u00f6glicht haben k\u00f6nnten.<\/p>\n<p>Starmer h\u00e4ngt in der Aff\u00e4re von Epstein und Mandelson mit drin, weil er Letzteren trotz des Wissens um seine Verwicklungen im Jahr 2024 zum britischen Botschafter in den USA ernannte. Zur Schadensbegrenzung opferte dieser Starmer mit seinem Stabschef Morgan McSweeney einen engen Vertrauten. Ob dieses Bauernopfer hilft, bleibt abzuwarten.<\/p>\n<p><strong>Mehr zum Thema<\/strong> \u2013 <a rel=\"nofollow noopener\" target=\"_blank\" href=\"https:\/\/freedert.online\/international\/269396-epstein-affaere-keir-starmer-zittern\/\">Epstein-Aff\u00e4re: Keir Starmer zittern w\u00e4hrend Befragung die H\u00e4nde<\/a><\/p>\n<div class=\"EmbedBlock-root EmbedBlock-externalVideo EmbedBlock-rumble\">\n<div class=\"VkEmbed\"><iframe class=\"lazyload\" data-src=\"https:\/\/rumble.com\/embed\/v736tks\" frameborder=\"0\" width=\"853\" height=\"480\" allowfullscreen><\/iframe><\/div>\n<\/div>\n<\/div>\n<p><br \/>\n<br \/><a href=\"https:\/\/de.rt.com\/europa\/269737-schottischer-labour-chef-fordert-starmers\/\">Source link <\/a><\/p>\n","protected":false},"excerpt":{"rendered":"<p>In London dauert das Tauziehen um das politische \u00dcberleben von Premierminister Keir Starmer an. W\u00e4hrend sich am Montag zahlreiche Minister seines Kabinetts \u00f6ffentlich f\u00fcr seinen Verbleib im Amt aussprachen, hat der Chef der Schottischen Labour-Partei auf einer Pressekonferenz am Nachmittag den R\u00fccktritt Starmers gefordert. Als bislang h\u00f6chster Funktion\u00e4r der Gro\u00dfbritannien regierenden Labour-Partei hat am Montag [&hellip;]<\/p>\n","protected":false},"author":3,"featured_media":98625,"comment_status":"open","ping_status":"open","sticky":false,"template":"","format":"standard","meta":{"_yoast_indexnow_last_ping":["1770653930"],"wp_automatic_camp":["217"],"cd63f4d16e107945963c1b3f11bdc997":["Schottischer Labour-Chef fordert Starmers R\u00fccktritt"],"original_link":["https:\/\/de.rt.com\/europa\/269737-schottischer-labour-chef-fordert-starmers\/"],"_thumbnail_id":["98625"],"jnews_social_counter_last_update":["1777236857"],"_wptgpro_p2tg_sent2tg":["a:1:{i:23737;s:19:\"2026-02-09 18:19:50\";}"]},"categories":[19,23],"tags":[355,56345,11411,38345,71119],"yoast_head":"<!-- This site is optimized with the Yoast SEO Premium plugin v22.7 (Yoast SEO v22.7) - https:\/\/yoast.com\/wordpress\/plugins\/seo\/ -->\n<title>Schottischer Labour-Chef fordert Starmers R\u00fccktritt - just-now.NEWS Deutschland<\/title>\n<meta name=\"robots\" content=\"index, follow, max-snippet:-1, max-image-preview:large, max-video-preview:-1\" \/>\n<link rel=\"canonical\" href=\"https:\/\/now-news.de\/de\/deutschland\/schottischer-labour-chef-fordert-starmers-ruecktritt\/\" \/>\n<meta property=\"og:locale\" content=\"de_DE\" \/>\n<meta property=\"og:type\" content=\"article\" \/>\n<meta property=\"og:title\" content=\"Schottischer Labour-Chef fordert Starmers R\u00fccktritt\" \/>\n<meta property=\"og:description\" content=\"In London dauert das Tauziehen um das politische \u00dcberleben von Premierminister Keir Starmer an. W\u00e4hrend sich am Montag zahlreiche Minister seines Kabinetts \u00f6ffentlich f\u00fcr seinen Verbleib im Amt aussprachen, hat der Chef der Schottischen Labour-Partei auf einer Pressekonferenz am Nachmittag den R\u00fccktritt Starmers gefordert. Als bislang h\u00f6chster Funktion\u00e4r der Gro\u00dfbritannien regierenden Labour-Partei hat am Montag [&hellip;]\" \/>\n<meta property=\"og:url\" content=\"https:\/\/now-news.de\/de\/deutschland\/schottischer-labour-chef-fordert-starmers-ruecktritt\/\" \/>\n<meta property=\"og:site_name\" content=\"just-now.NEWS Deutschland\" \/>\n<meta property=\"article:publisher\" content=\"https:\/\/www.facebook.com\/wirmachenauf\" \/>\n<meta property=\"article:published_time\" content=\"2026-02-09T16:15:34+00:00\" \/>\n<meta property=\"og:image\" content=\"https:\/\/now-news.de\/de\/wp-content\/uploads\/sites\/3\/2026\/02\/698a01bdb480cc479b1bd273.jpg\" \/>\n<meta name=\"author\" content=\"rtnews\" \/>\n<meta name=\"twitter:card\" content=\"summary_large_image\" \/>\n<meta name=\"twitter:creator\" content=\"@WirMachenAuf_de\" \/>\n<meta name=\"twitter:site\" content=\"@WirMachenAuf_de\" \/>\n<meta name=\"twitter:label1\" content=\"Verfasst von\" \/>\n\t<meta name=\"twitter:data1\" content=\"rtnews\" \/>\n\t<meta name=\"twitter:label2\" content=\"Gesch\u00e4tzte Lesezeit\" \/>\n\t<meta name=\"twitter:data2\" content=\"3\u00a0Minuten\" \/>\n<script type=\"application\/ld+json\" class=\"yoast-schema-graph\">{\"@context\":\"https:\/\/schema.org\",\"@graph\":[{\"@type\":\"Article\",\"@id\":\"https:\/\/now-news.de\/de\/deutschland\/schottischer-labour-chef-fordert-starmers-ruecktritt\/#article\",\"isPartOf\":{\"@id\":\"https:\/\/now-news.de\/de\/deutschland\/schottischer-labour-chef-fordert-starmers-ruecktritt\/\"},\"author\":{\"name\":\"rtnews\",\"@id\":\"https:\/\/now-news.de\/de\/#\/schema\/person\/fb534a4e865501d8b3285208df34a9b5\"},\"headline\":\"Schottischer Labour-Chef fordert Starmers R\u00fccktritt\",\"datePublished\":\"2026-02-09T16:15:34+00:00\",\"dateModified\":\"2026-02-09T16:15:34+00:00\",\"mainEntityOfPage\":{\"@id\":\"https:\/\/now-news.de\/de\/deutschland\/schottischer-labour-chef-fordert-starmers-ruecktritt\/\"},\"wordCount\":543,\"commentCount\":0,\"publisher\":{\"@id\":\"https:\/\/now-news.de\/de\/#organization\"},\"image\":{\"@id\":\"https:\/\/now-news.de\/de\/deutschland\/schottischer-labour-chef-fordert-starmers-ruecktritt\/#primaryimage\"},\"thumbnailUrl\":\"https:\/\/now-news.de\/de\/wp-content\/uploads\/sites\/3\/2026\/02\/Schottischer-Labour-Chef-fordert-Starmers-Ruecktritt.jpg\",\"keywords\":[\"fordert\",\"LabourChef\",\"R\u00fccktritt\",\"Schottischer\",\"Starmers\"],\"articleSection\":[\"Deutschland\",\"Russland\"],\"inLanguage\":\"de\",\"potentialAction\":[{\"@type\":\"CommentAction\",\"name\":\"Comment\",\"target\":[\"https:\/\/now-news.de\/de\/deutschland\/schottischer-labour-chef-fordert-starmers-ruecktritt\/#respond\"]}]},{\"@type\":\"WebPage\",\"@id\":\"https:\/\/now-news.de\/de\/deutschland\/schottischer-labour-chef-fordert-starmers-ruecktritt\/\",\"url\":\"https:\/\/now-news.de\/de\/deutschland\/schottischer-labour-chef-fordert-starmers-ruecktritt\/\",\"name\":\"Schottischer Labour-Chef fordert Starmers R\u00fccktritt - just-now.NEWS Deutschland\",\"isPartOf\":{\"@id\":\"https:\/\/now-news.de\/de\/#website\"},\"primaryImageOfPage\":{\"@id\":\"https:\/\/now-news.de\/de\/deutschland\/schottischer-labour-chef-fordert-starmers-ruecktritt\/#primaryimage\"},\"image\":{\"@id\":\"https:\/\/now-news.de\/de\/deutschland\/schottischer-labour-chef-fordert-starmers-ruecktritt\/#primaryimage\"},\"thumbnailUrl\":\"https:\/\/now-news.de\/de\/wp-content\/uploads\/sites\/3\/2026\/02\/Schottischer-Labour-Chef-fordert-Starmers-Ruecktritt.jpg\",\"datePublished\":\"2026-02-09T16:15:34+00:00\",\"dateModified\":\"2026-02-09T16:15:34+00:00\",\"breadcrumb\":{\"@id\":\"https:\/\/now-news.de\/de\/deutschland\/schottischer-labour-chef-fordert-starmers-ruecktritt\/#breadcrumb\"},\"inLanguage\":\"de\",\"potentialAction\":[{\"@type\":\"ReadAction\",\"target\":[\"https:\/\/now-news.de\/de\/deutschland\/schottischer-labour-chef-fordert-starmers-ruecktritt\/\"]}]},{\"@type\":\"ImageObject\",\"inLanguage\":\"de\",\"@id\":\"https:\/\/now-news.de\/de\/deutschland\/schottischer-labour-chef-fordert-starmers-ruecktritt\/#primaryimage\",\"url\":\"https:\/\/now-news.de\/de\/wp-content\/uploads\/sites\/3\/2026\/02\/Schottischer-Labour-Chef-fordert-Starmers-Ruecktritt.jpg\",\"contentUrl\":\"https:\/\/now-news.de\/de\/wp-content\/uploads\/sites\/3\/2026\/02\/Schottischer-Labour-Chef-fordert-Starmers-Ruecktritt.jpg\",\"width\":460,\"height\":259,\"caption\":\"Schottischer Labour-Chef fordert Starmers R\u00fccktritt\"},{\"@type\":\"BreadcrumbList\",\"@id\":\"https:\/\/now-news.de\/de\/deutschland\/schottischer-labour-chef-fordert-starmers-ruecktritt\/#breadcrumb\",\"itemListElement\":[{\"@type\":\"ListItem\",\"position\":1,\"name\":\"Home\",\"item\":\"https:\/\/now-news.de\/de\/\"},{\"@type\":\"ListItem\",\"position\":2,\"name\":\"Schottischer Labour-Chef fordert Starmers R\u00fccktritt\"}]},{\"@type\":\"WebSite\",\"@id\":\"https:\/\/now-news.de\/de\/#website\",\"url\":\"https:\/\/now-news.de\/de\/\",\"name\":\"just-now.NEWS Deutschland\",\"description\":\"Das Portal f\u00fcr unzensierte Nachrichten aus der Welt\",\"publisher\":{\"@id\":\"https:\/\/now-news.de\/de\/#organization\"},\"potentialAction\":[{\"@type\":\"SearchAction\",\"target\":{\"@type\":\"EntryPoint\",\"urlTemplate\":\"https:\/\/now-news.de\/de\/?s={search_term_string}\"},\"query-input\":\"required name=search_term_string\"}],\"inLanguage\":\"de\"},{\"@type\":\"Organization\",\"@id\":\"https:\/\/now-news.de\/de\/#organization\",\"name\":\"Just Now News\",\"url\":\"https:\/\/now-news.de\/de\/\",\"logo\":{\"@type\":\"ImageObject\",\"inLanguage\":\"de\",\"@id\":\"https:\/\/now-news.de\/de\/#\/schema\/logo\/image\/\",\"url\":\"http:\/\/just-now.news\/de\/wp-content\/uploads\/sites\/3\/2022\/04\/logo500x500.jpg\",\"contentUrl\":\"http:\/\/just-now.news\/de\/wp-content\/uploads\/sites\/3\/2022\/04\/logo500x500.jpg\",\"width\":500,\"height\":500,\"caption\":\"Just Now News\"},\"image\":{\"@id\":\"https:\/\/now-news.de\/de\/#\/schema\/logo\/image\/\"},\"sameAs\":[\"https:\/\/www.facebook.com\/wirmachenauf\",\"https:\/\/x.com\/WirMachenAuf_de\"]},{\"@type\":\"Person\",\"@id\":\"https:\/\/now-news.de\/de\/#\/schema\/person\/fb534a4e865501d8b3285208df34a9b5\",\"name\":\"rtnews\",\"image\":{\"@type\":\"ImageObject\",\"inLanguage\":\"de\",\"@id\":\"https:\/\/now-news.de\/de\/#\/schema\/person\/image\/\",\"url\":\"https:\/\/secure.gravatar.com\/avatar\/82aafea7d8127119dd649515f56e2117?s=96&d=mm&r=g\",\"contentUrl\":\"https:\/\/secure.gravatar.com\/avatar\/82aafea7d8127119dd649515f56e2117?s=96&d=mm&r=g\",\"caption\":\"rtnews\"},\"url\":\"https:\/\/now-news.de\/de\/author\/rnews\/\"}]}<\/script>\n<!-- \/ Yoast SEO Premium plugin. -->","yoast_head_json":{"title":"Schottischer Labour-Chef fordert Starmers R\u00fccktritt - just-now.NEWS Deutschland","robots":{"index":"index","follow":"follow","max-snippet":"max-snippet:-1","max-image-preview":"max-image-preview:large","max-video-preview":"max-video-preview:-1"},"canonical":"https:\/\/now-news.de\/de\/deutschland\/schottischer-labour-chef-fordert-starmers-ruecktritt\/","og_locale":"de_DE","og_type":"article","og_title":"Schottischer Labour-Chef fordert Starmers R\u00fccktritt","og_description":"In London dauert das Tauziehen um das politische \u00dcberleben von Premierminister Keir Starmer an. W\u00e4hrend sich am Montag zahlreiche Minister seines Kabinetts \u00f6ffentlich f\u00fcr seinen Verbleib im Amt aussprachen, hat der Chef der Schottischen Labour-Partei auf einer Pressekonferenz am Nachmittag den R\u00fccktritt Starmers gefordert. Als bislang h\u00f6chster Funktion\u00e4r der Gro\u00dfbritannien regierenden Labour-Partei hat am Montag [&hellip;]","og_url":"https:\/\/now-news.de\/de\/deutschland\/schottischer-labour-chef-fordert-starmers-ruecktritt\/","og_site_name":"just-now.NEWS Deutschland","article_publisher":"https:\/\/www.facebook.com\/wirmachenauf","article_published_time":"2026-02-09T16:15:34+00:00","og_image":[{"url":"https:\/\/now-news.de\/de\/wp-content\/uploads\/sites\/3\/2026\/02\/698a01bdb480cc479b1bd273.jpg"}],"author":"rtnews","twitter_card":"summary_large_image","twitter_creator":"@WirMachenAuf_de","twitter_site":"@WirMachenAuf_de","twitter_misc":{"Verfasst von":"rtnews","Gesch\u00e4tzte Lesezeit":"3\u00a0Minuten"},"schema":{"@context":"https:\/\/schema.org","@graph":[{"@type":"Article","@id":"https:\/\/now-news.de\/de\/deutschland\/schottischer-labour-chef-fordert-starmers-ruecktritt\/#article","isPartOf":{"@id":"https:\/\/now-news.de\/de\/deutschland\/schottischer-labour-chef-fordert-starmers-ruecktritt\/"},"author":{"name":"rtnews","@id":"https:\/\/now-news.de\/de\/#\/schema\/person\/fb534a4e865501d8b3285208df34a9b5"},"headline":"Schottischer Labour-Chef fordert Starmers R\u00fccktritt","datePublished":"2026-02-09T16:15:34+00:00","dateModified":"2026-02-09T16:15:34+00:00","mainEntityOfPage":{"@id":"https:\/\/now-news.de\/de\/deutschland\/schottischer-labour-chef-fordert-starmers-ruecktritt\/"},"wordCount":543,"commentCount":0,"publisher":{"@id":"https:\/\/now-news.de\/de\/#organization"},"image":{"@id":"https:\/\/now-news.de\/de\/deutschland\/schottischer-labour-chef-fordert-starmers-ruecktritt\/#primaryimage"},"thumbnailUrl":"https:\/\/now-news.de\/de\/wp-content\/uploads\/sites\/3\/2026\/02\/Schottischer-Labour-Chef-fordert-Starmers-Ruecktritt.jpg","keywords":["fordert","LabourChef","R\u00fccktritt","Schottischer","Starmers"],"articleSection":["Deutschland","Russland"],"inLanguage":"de","potentialAction":[{"@type":"CommentAction","name":"Comment","target":["https:\/\/now-news.de\/de\/deutschland\/schottischer-labour-chef-fordert-starmers-ruecktritt\/#respond"]}]},{"@type":"WebPage","@id":"https:\/\/now-news.de\/de\/deutschland\/schottischer-labour-chef-fordert-starmers-ruecktritt\/","url":"https:\/\/now-news.de\/de\/deutschland\/schottischer-labour-chef-fordert-starmers-ruecktritt\/","name":"Schottischer Labour-Chef fordert Starmers R\u00fccktritt - just-now.NEWS Deutschland","isPartOf":{"@id":"https:\/\/now-news.de\/de\/#website"},"primaryImageOfPage":{"@id":"https:\/\/now-news.de\/de\/deutschland\/schottischer-labour-chef-fordert-starmers-ruecktritt\/#primaryimage"},"image":{"@id":"https:\/\/now-news.de\/de\/deutschland\/schottischer-labour-chef-fordert-starmers-ruecktritt\/#primaryimage"},"thumbnailUrl":"https:\/\/now-news.de\/de\/wp-content\/uploads\/sites\/3\/2026\/02\/Schottischer-Labour-Chef-fordert-Starmers-Ruecktritt.jpg","datePublished":"2026-02-09T16:15:34+00:00","dateModified":"2026-02-09T16:15:34+00:00","breadcrumb":{"@id":"https:\/\/now-news.de\/de\/deutschland\/schottischer-labour-chef-fordert-starmers-ruecktritt\/#breadcrumb"},"inLanguage":"de","potentialAction":[{"@type":"ReadAction","target":["https:\/\/now-news.de\/de\/deutschland\/schottischer-labour-chef-fordert-starmers-ruecktritt\/"]}]},{"@type":"ImageObject","inLanguage":"de","@id":"https:\/\/now-news.de\/de\/deutschland\/schottischer-labour-chef-fordert-starmers-ruecktritt\/#primaryimage","url":"https:\/\/now-news.de\/de\/wp-content\/uploads\/sites\/3\/2026\/02\/Schottischer-Labour-Chef-fordert-Starmers-Ruecktritt.jpg","contentUrl":"https:\/\/now-news.de\/de\/wp-content\/uploads\/sites\/3\/2026\/02\/Schottischer-Labour-Chef-fordert-Starmers-Ruecktritt.jpg","width":460,"height":259,"caption":"Schottischer Labour-Chef fordert Starmers R\u00fccktritt"},{"@type":"BreadcrumbList","@id":"https:\/\/now-news.de\/de\/deutschland\/schottischer-labour-chef-fordert-starmers-ruecktritt\/#breadcrumb","itemListElement":[{"@type":"ListItem","position":1,"name":"Home","item":"https:\/\/now-news.de\/de\/"},{"@type":"ListItem","position":2,"name":"Schottischer Labour-Chef fordert Starmers R\u00fccktritt"}]},{"@type":"WebSite","@id":"https:\/\/now-news.de\/de\/#website","url":"https:\/\/now-news.de\/de\/","name":"just-now.NEWS Deutschland","description":"Das Portal f\u00fcr unzensierte Nachrichten aus der Welt","publisher":{"@id":"https:\/\/now-news.de\/de\/#organization"},"potentialAction":[{"@type":"SearchAction","target":{"@type":"EntryPoint","urlTemplate":"https:\/\/now-news.de\/de\/?s={search_term_string}"},"query-input":"required name=search_term_string"}],"inLanguage":"de"},{"@type":"Organization","@id":"https:\/\/now-news.de\/de\/#organization","name":"Just Now News","url":"https:\/\/now-news.de\/de\/","logo":{"@type":"ImageObject","inLanguage":"de","@id":"https:\/\/now-news.de\/de\/#\/schema\/logo\/image\/","url":"http:\/\/just-now.news\/de\/wp-content\/uploads\/sites\/3\/2022\/04\/logo500x500.jpg","contentUrl":"http:\/\/just-now.news\/de\/wp-content\/uploads\/sites\/3\/2022\/04\/logo500x500.jpg","width":500,"height":500,"caption":"Just Now News"},"image":{"@id":"https:\/\/now-news.de\/de\/#\/schema\/logo\/image\/"},"sameAs":["https:\/\/www.facebook.com\/wirmachenauf","https:\/\/x.com\/WirMachenAuf_de"]},{"@type":"Person","@id":"https:\/\/now-news.de\/de\/#\/schema\/person\/fb534a4e865501d8b3285208df34a9b5","name":"rtnews","image":{"@type":"ImageObject","inLanguage":"de","@id":"https:\/\/now-news.de\/de\/#\/schema\/person\/image\/","url":"https:\/\/secure.gravatar.com\/avatar\/82aafea7d8127119dd649515f56e2117?s=96&d=mm&r=g","contentUrl":"https:\/\/secure.gravatar.com\/avatar\/82aafea7d8127119dd649515f56e2117?s=96&d=mm&r=g","caption":"rtnews"},"url":"https:\/\/now-news.de\/de\/author\/rnews\/"}]}},"_links":{"self":[{"href":"https:\/\/now-news.de\/de\/wp-json\/wp\/v2\/posts\/98624"}],"collection":[{"href":"https:\/\/now-news.de\/de\/wp-json\/wp\/v2\/posts"}],"about":[{"href":"https:\/\/now-news.de\/de\/wp-json\/wp\/v2\/types\/post"}],"author":[{"embeddable":true,"href":"https:\/\/now-news.de\/de\/wp-json\/wp\/v2\/users\/3"}],"replies":[{"embeddable":true,"href":"https:\/\/now-news.de\/de\/wp-json\/wp\/v2\/comments?post=98624"}],"version-history":[{"count":0,"href":"https:\/\/now-news.de\/de\/wp-json\/wp\/v2\/posts\/98624\/revisions"}],"wp:featuredmedia":[{"embeddable":true,"href":"https:\/\/now-news.de\/de\/wp-json\/wp\/v2\/media\/98625"}],"wp:attachment":[{"href":"https:\/\/now-news.de\/de\/wp-json\/wp\/v2\/media?parent=98624"}],"wp:term":[{"taxonomy":"category","embeddable":true,"href":"https:\/\/now-news.de\/de\/wp-json\/wp\/v2\/categories?post=98624"},{"taxonomy":"post_tag","embeddable":true,"href":"https:\/\/now-news.de\/de\/wp-json\/wp\/v2\/tags?post=98624"}],"curies":[{"name":"wp","href":"https:\/\/api.w.org\/{rel}","templated":true}]}}