{"id":98622,"date":"2026-02-09T17:32:59","date_gmt":"2026-02-09T15:32:59","guid":{"rendered":"https:\/\/now-news.de\/de\/deutschland\/musk-kostenuebernahme-bei-klage-gegen-epstein-quellen-super-bowl-pause-mit-opfervideo\/"},"modified":"2026-02-09T17:32:59","modified_gmt":"2026-02-09T15:32:59","slug":"musk-kostenuebernahme-bei-klage-gegen-epstein-quellen-super-bowl-pause-mit-opfervideo","status":"publish","type":"post","link":"https:\/\/now-news.de\/de\/deutschland\/musk-kostenuebernahme-bei-klage-gegen-epstein-quellen-super-bowl-pause-mit-opfervideo\/","title":{"rendered":"Musk: Kosten\u00fcbernahme bei Klage gegen Epstein-Quellen \u2013 Super-Bowl-Pause mit Opfervideo"},"content":{"rendered":"<p><img decoding=\"async\" src=\"https:\/\/now-news.de\/de\/wp-content\/uploads\/sites\/3\/2026\/02\/6989bc2348fbef3c0b08fd7f.jpg\" \/><\/p>\n<div class=\"Text-root Text-type_1 \">\n                Eine viel beachtete Super-Bowl-Werbung zu Opfern des Sexualverbrechers Jeffrey Epstein befeuert die anhaltenden Diskussionen in den USA. Elon Musk reagierte auf X mit der Ank\u00fcndigung, die Verteidigungskosten &#8220;f\u00fcr jeden zu \u00fcbernehmen&#8221;, der mit Hintergrundwissen an die \u00d6ffentlichkeit tritt und daraufhin verklagt wird.\n            <\/div>\n<p><\/p>\n<div class=\"Text-root Text-type_5 ArticleView-text ViewText-root \">\n<p>Opfer aus dem perfiden internationalen Sexhandelsring, die mit den Verbrechen von Jeffrey Epstein in Verbindung stehen, nutzten am vergangenen Wochenende die Chance auf millionenfache Aufmerksamkeit, um in einer viel beachteten Super-Bowl-Werbung mehr Transparenz und die Ver\u00f6ffentlichung der verbleibenden Ermittlungsakten zu fordern. In einer direkten Ansprache an die Nation forderten die Frauen die Beh\u00f6rden auf, alle Dokumente zu ver\u00f6ffentlichen und weiterhin Druck auf die Justiz auszu\u00fcben. Elon Musk reagierte auf X mit einer Offerte zur aktiven Unterst\u00fctzung der namentlichen Aufdeckung der weiterhin zuhauf ungenannten T\u00e4ter.<\/p>\n<p>In der Videobotschaft wurde US-Justizchefin Pam Bondi direkt angesprochen und aufgefordert, weitere Akten freizugeben, da die bisherigen Offenlegungen nach Ansicht der \u00dcberlebenden und Opfervertreter bei weitem nicht ausreichen, um die T\u00e4ter und T\u00e4terinnen juristisch anzuklagen.<\/p>\n<p>Emotionale Bilder zeigten die Betroffenen zu dem Zeitpunkt, als der mutma\u00dfliche Missbrauch begann, w\u00e4hrend auf den Bildschirmen die Botschaft &#8220;Steht uns bei, sucht die Wahrheit&#8221; zu lesen war. <em>CNN<\/em>-Journalist John Acosta k\u00fcndigte\u00a0dazu am vergangenen Wochenende an:<\/p>\n<p><em>&#8220;Die \u00dcberlebenden von Epstein ver\u00f6ffentlichen diese Anzeige am Super Bowl-Sonntag, um die Botschaft zu vermitteln, dass sie den gr\u00f6\u00dften Sexhandels-Skandal der Welt nicht einfach &#8216;hinter sich lassen&#8217; werden.&#8221;<\/em><\/p>\n<div class=\"EmbedBlock-root EmbedBlock-twitter\">\n<div class=\"TwitterEmbed\">\n<blockquote class=\"twitter-tweet lazyload\" data-twitter=\"twitter-tweet\">\n<p lang=\"en\" dir=\"ltr\">BREAKING: The Epstein survivors are releasing this ad on this Super Bowl Sunday to send the message that they will not \u201cmove on\u201d from the largest sex trafficking scandal in the world. <a rel=\"nofollow noopener\" target=\"_blank\" href=\"https:\/\/twitter.com\/hashtag\/standwithsurvivors?src=hash&amp;ref_src=twsrc%5Etfw\">#standwithsurvivors<\/a><a rel=\"nofollow noopener\" target=\"_blank\" href=\"https:\/\/t.co\/JehYZa1hGw\">pic.twitter.com\/JehYZa1hGw<\/a><\/p>\n<p>\u2014 Jim Acosta (@Acosta) <a rel=\"nofollow noopener\" target=\"_blank\" href=\"https:\/\/twitter.com\/Acosta\/status\/2020543636757246440?ref_src=twsrc%5Etfw\">February 8, 2026<\/a><\/p><\/blockquote>\n<\/div>\n<\/div>\n<p>Matt Walsh, ein konservativer US-Kolumnist, reagierte auf den Hinweis durch den <em>CNN<\/em>-Kollegen mit dem konfrontativen Kommentar:<\/p>\n<p><em>&#8220;Ich bin absolut daf\u00fcr, die Akten freizugeben. Diese Frauen k\u00f6nnten auch jederzeit einfach die Namen ihrer Peiniger nennen. Stattdessen haben sie eine monatelange \u00d6ffentlichkeitskampagne gestartet, die seltsamerweise erst genau in dem Moment begann, als Biden sein Amt niederlegte. Sie behaupten, die Namen von Kindersch\u00e4ndern in den m\u00e4chtigsten Positionen der Gesellschaft zu kennen, aber sie wollen sie uns nicht nennen.&#8221;\u00a0<\/em><\/p>\n<p>Ausgehend von der nicht unberechtigten Sorge von Opfern wie auch potenziellen Informanten, dass\u00a0sie keine Realnamen von T\u00e4tern und Involvierten nennen k\u00f6nnen, weil sie sonst verklagt werden, erkl\u00e4rte Walsh weiter provokativ auf X:<\/p>\n<p><em>&#8220;Sie k\u00f6nnten die Namen einfach einem ihrer vielen (und meist sehr neuen) F\u00fcrsprecher im Kongress nennen, der die Namen dann im Plenum vorlesen k\u00f6nnte.&#8221;<\/em><\/p>\n<p>Diese Replik animierte wiederum den US-Milliard\u00e4r Elon Musk zu der Offerte:<\/p>\n<p><em>&#8220;Ich werde die Verteidigungskosten f\u00fcr jeden \u00fcbernehmen, der die Wahrheit dar\u00fcber sagt und daf\u00fcr verklagt wird.&#8221;<\/em><\/p>\n<div class=\"EmbedBlock-root EmbedBlock-twitter\">\n<div class=\"TwitterEmbed\">\n<blockquote class=\"twitter-tweet lazyload\" data-twitter=\"twitter-tweet\">\n<p lang=\"en\" dir=\"ltr\">I will pay for the defense of anyone who speaks the truth about this and is sued for doing so<\/p>\n<p>\u2014 Elon Musk (@elonmusk) <a rel=\"nofollow noopener\" target=\"_blank\" href=\"https:\/\/twitter.com\/elonmusk\/status\/2020635623267381253?ref_src=twsrc%5Etfw\">February 8, 2026<\/a><\/p><\/blockquote>\n<\/div>\n<\/div>\n<p>Da die US-Gesetzgeber und Ermittler laut Medien angek\u00fcndigt haben, auch nach dem j\u00fcngsten Riesenkonvolut voraussichtlich weiteres Material zu \u00fcberpr\u00fcfen, geht es den Unterst\u00fctzern und Bef\u00fcrwortern der Videokampagne &#8220;um Rechenschaftspflicht, Antworten und die Gew\u00e4hrleistung, dass die \u00dcberlebenden Geh\u00f6r finden&#8221;, so US-Medien.<\/p>\n<p>Seit der Ver\u00f6ffentlichung von Millionen Daten in Form von eingescannten E-Mails und Fotos aus dem gesicherten Bestand von Jeffrey Epstein erf\u00e4hrt der Sexskandal ein bis dato ungekannt gro\u00dfes Interesse auch in den Mainstream-Medien, die speziell zur Zeit vor dem Beginn von Trumps aktueller Amtszeit sehr viele Mutma\u00dfungen und Namensnennungen als mutma\u00dfliche &#8220;Verschw\u00f6rungstheorien&#8221; bezeichneten.<\/p>\n<p>Aktuell nehmen die &#8220;Recherchen&#8221; und entsprechende Berichte auch au\u00dferhalb der USA zu \u2013 etwa in Norwegen und Gro\u00dfbritannien bis hin zu ersten Namensnennungen in Deutschland. (<a rel=\"nofollow noopener\" target=\"_blank\" href=\"https:\/\/www.t-online.de\/nachrichten\/ausland\/internationale-politik\/id_101114238\/epstein-files-nicole-junkermann-war-seine-deutsche-vertraute.html\">Beispiel 1<\/a>, <a rel=\"nofollow noopener\" target=\"_blank\" href=\"https:\/\/archive.ph\/A0Ahp\">Beispiel 2<\/a>).<\/p>\n<p><strong>Mehr zum Thema \u2012<\/strong>\u00a0<a rel=\"nofollow noopener\" target=\"_blank\" href=\"https:\/\/freedert.online\/europa\/269671-epstein-affaire-morgan-mcsweeney-tritt\/\">Epstein-Affaire: Morgan McSweeney tritt als Stabschef von Keir Starmer zur\u00fcck <\/a><\/p>\n<div class=\"EmbedBlock-root EmbedBlock-externalVideo EmbedBlock-rumble\">\n<div class=\"VkEmbed\"><iframe class=\"lazyload\" data-src=\"https:\/\/rumble.com\/embed\/v736tks\" frameborder=\"0\" width=\"853\" height=\"480\" allowfullscreen><\/iframe><\/div>\n<\/div>\n<\/div>\n<p><script async src=\"https:\/\/platform.twitter.com\/widgets.js\" charset=\"utf-8\"><\/script><br \/>\n<br \/><br \/>\n<br \/><a href=\"https:\/\/de.rt.com\/nordamerika\/269707-musk-uebernehme-kosten-bei-anklage\/\">Source link <\/a><\/p>\n","protected":false},"excerpt":{"rendered":"<p>Eine viel beachtete Super-Bowl-Werbung zu Opfern des Sexualverbrechers Jeffrey Epstein befeuert die anhaltenden Diskussionen in den USA. Elon Musk reagierte auf X mit der Ank\u00fcndigung, die Verteidigungskosten &#8220;f\u00fcr jeden zu \u00fcbernehmen&#8221;, der mit Hintergrundwissen an die \u00d6ffentlichkeit tritt und daraufhin verklagt wird. Opfer aus dem perfiden internationalen Sexhandelsring, die mit den Verbrechen von Jeffrey Epstein [&hellip;]<\/p>\n","protected":false},"author":3,"featured_media":98623,"comment_status":"open","ping_status":"open","sticky":false,"template":"","format":"standard","meta":{"_yoast_indexnow_last_ping":["1770652010"],"wp_automatic_camp":["217"],"cc562cceb8b0f88962b769b32b3bb9b9":["Musk: Kosten\u00fcbernahme bei Klage gegen Epstein-Quellen \u2013 Super-Bowl-Pause mit Opfervideo"],"original_link":["https:\/\/de.rt.com\/nordamerika\/269707-musk-uebernehme-kosten-bei-anklage\/"],"_thumbnail_id":["98623"],"jnews_social_counter_last_update":["1777190180"],"_wptgpro_p2tg_sent2tg":["a:1:{i:23737;s:19:\"2026-02-09 17:47:56\";}"]},"categories":[19,23],"tags":[363,71116,278,5205,71115,419,1582,71118,71117],"yoast_head":"<!-- This site is optimized with the Yoast SEO Premium plugin v22.7 (Yoast SEO v22.7) - https:\/\/yoast.com\/wordpress\/plugins\/seo\/ -->\n<title>Musk: Kosten\u00fcbernahme bei Klage gegen Epstein-Quellen \u2013 Super-Bowl-Pause mit Opfervideo - just-now.NEWS Deutschland<\/title>\n<meta name=\"robots\" content=\"index, follow, max-snippet:-1, max-image-preview:large, max-video-preview:-1\" \/>\n<link rel=\"canonical\" href=\"https:\/\/now-news.de\/de\/deutschland\/musk-kostenuebernahme-bei-klage-gegen-epstein-quellen-super-bowl-pause-mit-opfervideo\/\" \/>\n<meta property=\"og:locale\" content=\"de_DE\" \/>\n<meta property=\"og:type\" content=\"article\" \/>\n<meta property=\"og:title\" content=\"Musk: Kosten\u00fcbernahme bei Klage gegen Epstein-Quellen \u2013 Super-Bowl-Pause mit Opfervideo\" \/>\n<meta property=\"og:description\" content=\"Eine viel beachtete Super-Bowl-Werbung zu Opfern des Sexualverbrechers Jeffrey Epstein befeuert die anhaltenden Diskussionen in den USA. Elon Musk reagierte auf X mit der Ank\u00fcndigung, die Verteidigungskosten &#8220;f\u00fcr jeden zu \u00fcbernehmen&#8221;, der mit Hintergrundwissen an die \u00d6ffentlichkeit tritt und daraufhin verklagt wird. Opfer aus dem perfiden internationalen Sexhandelsring, die mit den Verbrechen von Jeffrey Epstein [&hellip;]\" \/>\n<meta property=\"og:url\" content=\"https:\/\/now-news.de\/de\/deutschland\/musk-kostenuebernahme-bei-klage-gegen-epstein-quellen-super-bowl-pause-mit-opfervideo\/\" \/>\n<meta property=\"og:site_name\" content=\"just-now.NEWS Deutschland\" \/>\n<meta property=\"article:publisher\" content=\"https:\/\/www.facebook.com\/wirmachenauf\" \/>\n<meta property=\"article:published_time\" content=\"2026-02-09T15:32:59+00:00\" \/>\n<meta property=\"og:image\" content=\"https:\/\/now-news.de\/de\/wp-content\/uploads\/sites\/3\/2026\/02\/6989bc2348fbef3c0b08fd7f.jpg\" \/>\n<meta name=\"author\" content=\"rtnews\" \/>\n<meta name=\"twitter:card\" content=\"summary_large_image\" \/>\n<meta name=\"twitter:creator\" content=\"@WirMachenAuf_de\" \/>\n<meta name=\"twitter:site\" content=\"@WirMachenAuf_de\" \/>\n<meta name=\"twitter:label1\" content=\"Verfasst von\" \/>\n\t<meta name=\"twitter:data1\" content=\"rtnews\" \/>\n\t<meta name=\"twitter:label2\" content=\"Gesch\u00e4tzte Lesezeit\" \/>\n\t<meta name=\"twitter:data2\" content=\"3\u00a0Minuten\" \/>\n<script type=\"application\/ld+json\" class=\"yoast-schema-graph\">{\"@context\":\"https:\/\/schema.org\",\"@graph\":[{\"@type\":\"Article\",\"@id\":\"https:\/\/now-news.de\/de\/deutschland\/musk-kostenuebernahme-bei-klage-gegen-epstein-quellen-super-bowl-pause-mit-opfervideo\/#article\",\"isPartOf\":{\"@id\":\"https:\/\/now-news.de\/de\/deutschland\/musk-kostenuebernahme-bei-klage-gegen-epstein-quellen-super-bowl-pause-mit-opfervideo\/\"},\"author\":{\"name\":\"rtnews\",\"@id\":\"https:\/\/now-news.de\/de\/#\/schema\/person\/fb534a4e865501d8b3285208df34a9b5\"},\"headline\":\"Musk: Kosten\u00fcbernahme bei Klage gegen Epstein-Quellen \u2013 Super-Bowl-Pause mit Opfervideo\",\"datePublished\":\"2026-02-09T15:32:59+00:00\",\"dateModified\":\"2026-02-09T15:32:59+00:00\",\"mainEntityOfPage\":{\"@id\":\"https:\/\/now-news.de\/de\/deutschland\/musk-kostenuebernahme-bei-klage-gegen-epstein-quellen-super-bowl-pause-mit-opfervideo\/\"},\"wordCount\":641,\"commentCount\":0,\"publisher\":{\"@id\":\"https:\/\/now-news.de\/de\/#organization\"},\"image\":{\"@id\":\"https:\/\/now-news.de\/de\/deutschland\/musk-kostenuebernahme-bei-klage-gegen-epstein-quellen-super-bowl-pause-mit-opfervideo\/#primaryimage\"},\"thumbnailUrl\":\"https:\/\/now-news.de\/de\/wp-content\/uploads\/sites\/3\/2026\/02\/Musk-Kostenuebernahme-bei-Klage-gegen-Epstein-Quellen-\u2013-Super-Bowl-Pause-mit-Opfervideo.jpg\",\"keywords\":[\"bei\",\"EpsteinQuellen\",\"gegen\",\"Klage\",\"Kosten\u00fcbernahme\",\"mit\",\"Musk\",\"Opfervideo\",\"SuperBowlPause\"],\"articleSection\":[\"Deutschland\",\"Russland\"],\"inLanguage\":\"de\",\"potentialAction\":[{\"@type\":\"CommentAction\",\"name\":\"Comment\",\"target\":[\"https:\/\/now-news.de\/de\/deutschland\/musk-kostenuebernahme-bei-klage-gegen-epstein-quellen-super-bowl-pause-mit-opfervideo\/#respond\"]}]},{\"@type\":\"WebPage\",\"@id\":\"https:\/\/now-news.de\/de\/deutschland\/musk-kostenuebernahme-bei-klage-gegen-epstein-quellen-super-bowl-pause-mit-opfervideo\/\",\"url\":\"https:\/\/now-news.de\/de\/deutschland\/musk-kostenuebernahme-bei-klage-gegen-epstein-quellen-super-bowl-pause-mit-opfervideo\/\",\"name\":\"Musk: Kosten\u00fcbernahme bei Klage gegen Epstein-Quellen \u2013 Super-Bowl-Pause mit Opfervideo - just-now.NEWS Deutschland\",\"isPartOf\":{\"@id\":\"https:\/\/now-news.de\/de\/#website\"},\"primaryImageOfPage\":{\"@id\":\"https:\/\/now-news.de\/de\/deutschland\/musk-kostenuebernahme-bei-klage-gegen-epstein-quellen-super-bowl-pause-mit-opfervideo\/#primaryimage\"},\"image\":{\"@id\":\"https:\/\/now-news.de\/de\/deutschland\/musk-kostenuebernahme-bei-klage-gegen-epstein-quellen-super-bowl-pause-mit-opfervideo\/#primaryimage\"},\"thumbnailUrl\":\"https:\/\/now-news.de\/de\/wp-content\/uploads\/sites\/3\/2026\/02\/Musk-Kostenuebernahme-bei-Klage-gegen-Epstein-Quellen-\u2013-Super-Bowl-Pause-mit-Opfervideo.jpg\",\"datePublished\":\"2026-02-09T15:32:59+00:00\",\"dateModified\":\"2026-02-09T15:32:59+00:00\",\"breadcrumb\":{\"@id\":\"https:\/\/now-news.de\/de\/deutschland\/musk-kostenuebernahme-bei-klage-gegen-epstein-quellen-super-bowl-pause-mit-opfervideo\/#breadcrumb\"},\"inLanguage\":\"de\",\"potentialAction\":[{\"@type\":\"ReadAction\",\"target\":[\"https:\/\/now-news.de\/de\/deutschland\/musk-kostenuebernahme-bei-klage-gegen-epstein-quellen-super-bowl-pause-mit-opfervideo\/\"]}]},{\"@type\":\"ImageObject\",\"inLanguage\":\"de\",\"@id\":\"https:\/\/now-news.de\/de\/deutschland\/musk-kostenuebernahme-bei-klage-gegen-epstein-quellen-super-bowl-pause-mit-opfervideo\/#primaryimage\",\"url\":\"https:\/\/now-news.de\/de\/wp-content\/uploads\/sites\/3\/2026\/02\/Musk-Kostenuebernahme-bei-Klage-gegen-Epstein-Quellen-\u2013-Super-Bowl-Pause-mit-Opfervideo.jpg\",\"contentUrl\":\"https:\/\/now-news.de\/de\/wp-content\/uploads\/sites\/3\/2026\/02\/Musk-Kostenuebernahme-bei-Klage-gegen-Epstein-Quellen-\u2013-Super-Bowl-Pause-mit-Opfervideo.jpg\",\"width\":460,\"height\":259,\"caption\":\"Musk: Kosten\u00fcbernahme bei Klage gegen Epstein-Quellen \u2013 Super-Bowl-Pause mit Opfervideo\"},{\"@type\":\"BreadcrumbList\",\"@id\":\"https:\/\/now-news.de\/de\/deutschland\/musk-kostenuebernahme-bei-klage-gegen-epstein-quellen-super-bowl-pause-mit-opfervideo\/#breadcrumb\",\"itemListElement\":[{\"@type\":\"ListItem\",\"position\":1,\"name\":\"Home\",\"item\":\"https:\/\/now-news.de\/de\/\"},{\"@type\":\"ListItem\",\"position\":2,\"name\":\"Musk: Kosten\u00fcbernahme bei Klage gegen Epstein-Quellen \u2013 Super-Bowl-Pause mit Opfervideo\"}]},{\"@type\":\"WebSite\",\"@id\":\"https:\/\/now-news.de\/de\/#website\",\"url\":\"https:\/\/now-news.de\/de\/\",\"name\":\"just-now.NEWS Deutschland\",\"description\":\"Das Portal f\u00fcr unzensierte Nachrichten aus der Welt\",\"publisher\":{\"@id\":\"https:\/\/now-news.de\/de\/#organization\"},\"potentialAction\":[{\"@type\":\"SearchAction\",\"target\":{\"@type\":\"EntryPoint\",\"urlTemplate\":\"https:\/\/now-news.de\/de\/?s={search_term_string}\"},\"query-input\":\"required name=search_term_string\"}],\"inLanguage\":\"de\"},{\"@type\":\"Organization\",\"@id\":\"https:\/\/now-news.de\/de\/#organization\",\"name\":\"Just Now News\",\"url\":\"https:\/\/now-news.de\/de\/\",\"logo\":{\"@type\":\"ImageObject\",\"inLanguage\":\"de\",\"@id\":\"https:\/\/now-news.de\/de\/#\/schema\/logo\/image\/\",\"url\":\"http:\/\/just-now.news\/de\/wp-content\/uploads\/sites\/3\/2022\/04\/logo500x500.jpg\",\"contentUrl\":\"http:\/\/just-now.news\/de\/wp-content\/uploads\/sites\/3\/2022\/04\/logo500x500.jpg\",\"width\":500,\"height\":500,\"caption\":\"Just Now News\"},\"image\":{\"@id\":\"https:\/\/now-news.de\/de\/#\/schema\/logo\/image\/\"},\"sameAs\":[\"https:\/\/www.facebook.com\/wirmachenauf\",\"https:\/\/x.com\/WirMachenAuf_de\"]},{\"@type\":\"Person\",\"@id\":\"https:\/\/now-news.de\/de\/#\/schema\/person\/fb534a4e865501d8b3285208df34a9b5\",\"name\":\"rtnews\",\"image\":{\"@type\":\"ImageObject\",\"inLanguage\":\"de\",\"@id\":\"https:\/\/now-news.de\/de\/#\/schema\/person\/image\/\",\"url\":\"https:\/\/secure.gravatar.com\/avatar\/82aafea7d8127119dd649515f56e2117?s=96&d=mm&r=g\",\"contentUrl\":\"https:\/\/secure.gravatar.com\/avatar\/82aafea7d8127119dd649515f56e2117?s=96&d=mm&r=g\",\"caption\":\"rtnews\"},\"url\":\"https:\/\/now-news.de\/de\/author\/rnews\/\"}]}<\/script>\n<!-- \/ Yoast SEO Premium plugin. -->","yoast_head_json":{"title":"Musk: Kosten\u00fcbernahme bei Klage gegen Epstein-Quellen \u2013 Super-Bowl-Pause mit Opfervideo - just-now.NEWS Deutschland","robots":{"index":"index","follow":"follow","max-snippet":"max-snippet:-1","max-image-preview":"max-image-preview:large","max-video-preview":"max-video-preview:-1"},"canonical":"https:\/\/now-news.de\/de\/deutschland\/musk-kostenuebernahme-bei-klage-gegen-epstein-quellen-super-bowl-pause-mit-opfervideo\/","og_locale":"de_DE","og_type":"article","og_title":"Musk: Kosten\u00fcbernahme bei Klage gegen Epstein-Quellen \u2013 Super-Bowl-Pause mit Opfervideo","og_description":"Eine viel beachtete Super-Bowl-Werbung zu Opfern des Sexualverbrechers Jeffrey Epstein befeuert die anhaltenden Diskussionen in den USA. Elon Musk reagierte auf X mit der Ank\u00fcndigung, die Verteidigungskosten &#8220;f\u00fcr jeden zu \u00fcbernehmen&#8221;, der mit Hintergrundwissen an die \u00d6ffentlichkeit tritt und daraufhin verklagt wird. Opfer aus dem perfiden internationalen Sexhandelsring, die mit den Verbrechen von Jeffrey Epstein [&hellip;]","og_url":"https:\/\/now-news.de\/de\/deutschland\/musk-kostenuebernahme-bei-klage-gegen-epstein-quellen-super-bowl-pause-mit-opfervideo\/","og_site_name":"just-now.NEWS Deutschland","article_publisher":"https:\/\/www.facebook.com\/wirmachenauf","article_published_time":"2026-02-09T15:32:59+00:00","og_image":[{"url":"https:\/\/now-news.de\/de\/wp-content\/uploads\/sites\/3\/2026\/02\/6989bc2348fbef3c0b08fd7f.jpg"}],"author":"rtnews","twitter_card":"summary_large_image","twitter_creator":"@WirMachenAuf_de","twitter_site":"@WirMachenAuf_de","twitter_misc":{"Verfasst von":"rtnews","Gesch\u00e4tzte Lesezeit":"3\u00a0Minuten"},"schema":{"@context":"https:\/\/schema.org","@graph":[{"@type":"Article","@id":"https:\/\/now-news.de\/de\/deutschland\/musk-kostenuebernahme-bei-klage-gegen-epstein-quellen-super-bowl-pause-mit-opfervideo\/#article","isPartOf":{"@id":"https:\/\/now-news.de\/de\/deutschland\/musk-kostenuebernahme-bei-klage-gegen-epstein-quellen-super-bowl-pause-mit-opfervideo\/"},"author":{"name":"rtnews","@id":"https:\/\/now-news.de\/de\/#\/schema\/person\/fb534a4e865501d8b3285208df34a9b5"},"headline":"Musk: Kosten\u00fcbernahme bei Klage gegen Epstein-Quellen \u2013 Super-Bowl-Pause mit Opfervideo","datePublished":"2026-02-09T15:32:59+00:00","dateModified":"2026-02-09T15:32:59+00:00","mainEntityOfPage":{"@id":"https:\/\/now-news.de\/de\/deutschland\/musk-kostenuebernahme-bei-klage-gegen-epstein-quellen-super-bowl-pause-mit-opfervideo\/"},"wordCount":641,"commentCount":0,"publisher":{"@id":"https:\/\/now-news.de\/de\/#organization"},"image":{"@id":"https:\/\/now-news.de\/de\/deutschland\/musk-kostenuebernahme-bei-klage-gegen-epstein-quellen-super-bowl-pause-mit-opfervideo\/#primaryimage"},"thumbnailUrl":"https:\/\/now-news.de\/de\/wp-content\/uploads\/sites\/3\/2026\/02\/Musk-Kostenuebernahme-bei-Klage-gegen-Epstein-Quellen-\u2013-Super-Bowl-Pause-mit-Opfervideo.jpg","keywords":["bei","EpsteinQuellen","gegen","Klage","Kosten\u00fcbernahme","mit","Musk","Opfervideo","SuperBowlPause"],"articleSection":["Deutschland","Russland"],"inLanguage":"de","potentialAction":[{"@type":"CommentAction","name":"Comment","target":["https:\/\/now-news.de\/de\/deutschland\/musk-kostenuebernahme-bei-klage-gegen-epstein-quellen-super-bowl-pause-mit-opfervideo\/#respond"]}]},{"@type":"WebPage","@id":"https:\/\/now-news.de\/de\/deutschland\/musk-kostenuebernahme-bei-klage-gegen-epstein-quellen-super-bowl-pause-mit-opfervideo\/","url":"https:\/\/now-news.de\/de\/deutschland\/musk-kostenuebernahme-bei-klage-gegen-epstein-quellen-super-bowl-pause-mit-opfervideo\/","name":"Musk: Kosten\u00fcbernahme bei Klage gegen Epstein-Quellen \u2013 Super-Bowl-Pause mit Opfervideo - just-now.NEWS Deutschland","isPartOf":{"@id":"https:\/\/now-news.de\/de\/#website"},"primaryImageOfPage":{"@id":"https:\/\/now-news.de\/de\/deutschland\/musk-kostenuebernahme-bei-klage-gegen-epstein-quellen-super-bowl-pause-mit-opfervideo\/#primaryimage"},"image":{"@id":"https:\/\/now-news.de\/de\/deutschland\/musk-kostenuebernahme-bei-klage-gegen-epstein-quellen-super-bowl-pause-mit-opfervideo\/#primaryimage"},"thumbnailUrl":"https:\/\/now-news.de\/de\/wp-content\/uploads\/sites\/3\/2026\/02\/Musk-Kostenuebernahme-bei-Klage-gegen-Epstein-Quellen-\u2013-Super-Bowl-Pause-mit-Opfervideo.jpg","datePublished":"2026-02-09T15:32:59+00:00","dateModified":"2026-02-09T15:32:59+00:00","breadcrumb":{"@id":"https:\/\/now-news.de\/de\/deutschland\/musk-kostenuebernahme-bei-klage-gegen-epstein-quellen-super-bowl-pause-mit-opfervideo\/#breadcrumb"},"inLanguage":"de","potentialAction":[{"@type":"ReadAction","target":["https:\/\/now-news.de\/de\/deutschland\/musk-kostenuebernahme-bei-klage-gegen-epstein-quellen-super-bowl-pause-mit-opfervideo\/"]}]},{"@type":"ImageObject","inLanguage":"de","@id":"https:\/\/now-news.de\/de\/deutschland\/musk-kostenuebernahme-bei-klage-gegen-epstein-quellen-super-bowl-pause-mit-opfervideo\/#primaryimage","url":"https:\/\/now-news.de\/de\/wp-content\/uploads\/sites\/3\/2026\/02\/Musk-Kostenuebernahme-bei-Klage-gegen-Epstein-Quellen-\u2013-Super-Bowl-Pause-mit-Opfervideo.jpg","contentUrl":"https:\/\/now-news.de\/de\/wp-content\/uploads\/sites\/3\/2026\/02\/Musk-Kostenuebernahme-bei-Klage-gegen-Epstein-Quellen-\u2013-Super-Bowl-Pause-mit-Opfervideo.jpg","width":460,"height":259,"caption":"Musk: Kosten\u00fcbernahme bei Klage gegen Epstein-Quellen \u2013 Super-Bowl-Pause mit Opfervideo"},{"@type":"BreadcrumbList","@id":"https:\/\/now-news.de\/de\/deutschland\/musk-kostenuebernahme-bei-klage-gegen-epstein-quellen-super-bowl-pause-mit-opfervideo\/#breadcrumb","itemListElement":[{"@type":"ListItem","position":1,"name":"Home","item":"https:\/\/now-news.de\/de\/"},{"@type":"ListItem","position":2,"name":"Musk: Kosten\u00fcbernahme bei Klage gegen Epstein-Quellen \u2013 Super-Bowl-Pause mit Opfervideo"}]},{"@type":"WebSite","@id":"https:\/\/now-news.de\/de\/#website","url":"https:\/\/now-news.de\/de\/","name":"just-now.NEWS Deutschland","description":"Das Portal f\u00fcr unzensierte Nachrichten aus der Welt","publisher":{"@id":"https:\/\/now-news.de\/de\/#organization"},"potentialAction":[{"@type":"SearchAction","target":{"@type":"EntryPoint","urlTemplate":"https:\/\/now-news.de\/de\/?s={search_term_string}"},"query-input":"required name=search_term_string"}],"inLanguage":"de"},{"@type":"Organization","@id":"https:\/\/now-news.de\/de\/#organization","name":"Just Now News","url":"https:\/\/now-news.de\/de\/","logo":{"@type":"ImageObject","inLanguage":"de","@id":"https:\/\/now-news.de\/de\/#\/schema\/logo\/image\/","url":"http:\/\/just-now.news\/de\/wp-content\/uploads\/sites\/3\/2022\/04\/logo500x500.jpg","contentUrl":"http:\/\/just-now.news\/de\/wp-content\/uploads\/sites\/3\/2022\/04\/logo500x500.jpg","width":500,"height":500,"caption":"Just Now News"},"image":{"@id":"https:\/\/now-news.de\/de\/#\/schema\/logo\/image\/"},"sameAs":["https:\/\/www.facebook.com\/wirmachenauf","https:\/\/x.com\/WirMachenAuf_de"]},{"@type":"Person","@id":"https:\/\/now-news.de\/de\/#\/schema\/person\/fb534a4e865501d8b3285208df34a9b5","name":"rtnews","image":{"@type":"ImageObject","inLanguage":"de","@id":"https:\/\/now-news.de\/de\/#\/schema\/person\/image\/","url":"https:\/\/secure.gravatar.com\/avatar\/82aafea7d8127119dd649515f56e2117?s=96&d=mm&r=g","contentUrl":"https:\/\/secure.gravatar.com\/avatar\/82aafea7d8127119dd649515f56e2117?s=96&d=mm&r=g","caption":"rtnews"},"url":"https:\/\/now-news.de\/de\/author\/rnews\/"}]}},"_links":{"self":[{"href":"https:\/\/now-news.de\/de\/wp-json\/wp\/v2\/posts\/98622"}],"collection":[{"href":"https:\/\/now-news.de\/de\/wp-json\/wp\/v2\/posts"}],"about":[{"href":"https:\/\/now-news.de\/de\/wp-json\/wp\/v2\/types\/post"}],"author":[{"embeddable":true,"href":"https:\/\/now-news.de\/de\/wp-json\/wp\/v2\/users\/3"}],"replies":[{"embeddable":true,"href":"https:\/\/now-news.de\/de\/wp-json\/wp\/v2\/comments?post=98622"}],"version-history":[{"count":0,"href":"https:\/\/now-news.de\/de\/wp-json\/wp\/v2\/posts\/98622\/revisions"}],"wp:featuredmedia":[{"embeddable":true,"href":"https:\/\/now-news.de\/de\/wp-json\/wp\/v2\/media\/98623"}],"wp:attachment":[{"href":"https:\/\/now-news.de\/de\/wp-json\/wp\/v2\/media?parent=98622"}],"wp:term":[{"taxonomy":"category","embeddable":true,"href":"https:\/\/now-news.de\/de\/wp-json\/wp\/v2\/categories?post=98622"},{"taxonomy":"post_tag","embeddable":true,"href":"https:\/\/now-news.de\/de\/wp-json\/wp\/v2\/tags?post=98622"}],"curies":[{"name":"wp","href":"https:\/\/api.w.org\/{rel}","templated":true}]}}