{"id":98618,"date":"2026-02-09T14:57:25","date_gmt":"2026-02-09T12:57:25","guid":{"rendered":"https:\/\/now-news.de\/de\/deutschland\/alexejew-attentat-verdaechtige-bekennen-sich-schuldig-ukraine-und-polen-involviert\/"},"modified":"2026-02-09T14:57:25","modified_gmt":"2026-02-09T12:57:25","slug":"alexejew-attentat-verdaechtige-bekennen-sich-schuldig-ukraine-und-polen-involviert","status":"publish","type":"post","link":"https:\/\/now-news.de\/de\/deutschland\/alexejew-attentat-verdaechtige-bekennen-sich-schuldig-ukraine-und-polen-involviert\/","title":{"rendered":"Alexejew-Attentat: Verd\u00e4chtige bekennen sich schuldig \u2013 Ukraine und Polen involviert"},"content":{"rendered":"<p><img decoding=\"async\" src=\"https:\/\/now-news.de\/de\/wp-content\/uploads\/sites\/3\/2026\/02\/698998d5b480cc474f6863e7.jpg\" \/><\/p>\n<div class=\"Text-root Text-type_1 \">\n                Der russische Inlandsgeheimdienst FSB berichtet, dass die beiden Inhaftierten Ljubomir Korba und Wiktor Wassin ihre Beteiligung am Attentat auf den russischen General Wladimir Alexejew gestanden haben. Dar\u00fcber hinaus gaben sie Details zur Planung des Anschlags preis.\n            <\/div>\n<p><\/p>\n<div class=\"Text-root Text-type_5 ArticleView-text ViewText-root \">\n<p>Wie der russische Inlandsgeheimdienst FSB berichtet, geben die beiden Inhaftierten Ljubomir Korba und Wiktor Wassin ihre Beteiligung beim Attentat auf den russischen General Wladimir Alexejew zu. Au\u00dferdem \u00e4u\u00dferten sie sich zu Einzelheiten \u00fcber die Anschlagsplanung.\u00a0<\/p>\n<p><em>&#8220;Die von Mitarbeitern des FSB festgenommenen russischen Staatsb\u00fcrger Ljubomir Korba (Jahrgang 1960) und Wiktor Wassin (Jahrgang 1959) haben ein Gest\u00e4ndnis abgelegt&#8221;, hei\u00dft es in der Mitteilung.\u00a0<\/em><\/p>\n<p>Wie es weiter hei\u00dft, sei Korba der T\u00e4ter, w\u00e4hrend Wassin als sein Komplize fungierte. Beide M\u00e4nner legten ihre Gest\u00e4ndnisse vor einer Kamera ab. Videos davon hat die russische Nachrichtenagentur <em>TASS<\/em>\u00a0<a rel=\"nofollow noopener\" target=\"_blank\" href=\"https:\/\/t.me\/tassdenews\/217410\">ver\u00f6ffentlicht<\/a>.\u00a0<\/p>\n<p>Vergangenen Freitag war ein Anschlag auf den Generalleutnant der russischen Armee, Wladimir Alexejew, ver\u00fcbt worden (<em>RT DE<\/em>\u00a0<a rel=\"nofollow noopener\" target=\"_blank\" href=\"https:\/\/freedert.online\/kurzclips\/video\/269680-fsb-attentaeter-auf-generalleutnant-alexejew\/\">berichtete<\/a>). Wie sich herausstellte, gab Korba die Sch\u00fcsse ab, Wassin war sein Komplize.<\/p>\n<p>Insgesamt hat er f\u00fcnf Sch\u00fcsse abgegeben, zwei von ihnen verfehlten das Ziel. Alexejew \u00fcberlebte schwer verletzt und befindet sich auf dem Weg der Besserung.<\/p>\n<p>Nun wurde bekannt: An der Anwerbung des Attent\u00e4ters waren sowohl der ukrainische Geheimdienst SBU als auch der polnische Geheimdienst beteiligt. Dabei soll an der Rekrutierung Korbas Sohn, Lubosch Korba beteiligt gewesen sein. Der 27-J\u00e4hrige ist\u00a0polnischer Staatsb\u00fcrger.\u00a0<em>\u00a0<\/em><\/p>\n<p>Der SBU hatte Korba Senior im August 2025 in der ukrainischen Stadt Ternopol angeworben. Der zuk\u00fcnftige Terrorist absolvierte daraufhin ein Schie\u00dftraining in Kiew. Auch eine \u00dcberpr\u00fcfung mit dem L\u00fcgendetektor sowie das Erlernen von Kommunikationsmethoden z\u00e4hlten zu seiner Ausbildung, die er offenbar erfolgreich abschloss. Korba wurde daraufhin nach Russland geschickt. Die Einreiseroute verlief \u00fcber Moldawien und Georgien.<\/p>\n<p>Ihm zufolge habe der SBU ihm versprochen, 30.000 US-Dollar f\u00fcr den Mord an Generalleutnant Alexejew zu zahlen. Auch habe er Spionaget\u00e4tigkeiten f\u00fcr den SBU ausgef\u00fchrt und daf\u00fcr 2.000 US-Dollar im Monat bekommen. In Dubai sollte er einen Flug nach Rum\u00e4nien nehmen und von dort nach Kiew kommen, wo er sich mit seinen Auftraggebern treffen sollte. Doch dazu kam es nicht, da er in Dubai festgenommen und an die russischen Beh\u00f6rden \u00fcberstellt wurde.\u00a0<\/p>\n<p><strong>Mehr zum Thema<\/strong> &#8211; <a rel=\"nofollow noopener\" target=\"_blank\" href=\"https:\/\/freedert.online\/meinung\/269612-kiew-fuerchtet-folgen-attentats-auf\/\">Kiew f\u00fcrchtet die Folgen des Attentats auf General Alexejew<\/a><\/p>\n<\/p>\n<div class=\"EmbedBlock-root EmbedBlock-externalVideo EmbedBlock-rumble\">\n<div class=\"VkEmbed\"><iframe class=\"lazyload\" data-src=\"https:\/\/rumble.com\/embed\/v73auy6\" frameborder=\"0\" width=\"853\" height=\"480\" allowfullscreen><\/iframe><\/div>\n<\/div>\n<\/div>\n<p><br \/>\n<br \/><a href=\"https:\/\/de.rt.com\/russland\/269690-alexejew-attentat-verdaechtige-bekennen-sich\/\">Source link <\/a><\/p>\n","protected":false},"excerpt":{"rendered":"<p>Der russische Inlandsgeheimdienst FSB berichtet, dass die beiden Inhaftierten Ljubomir Korba und Wiktor Wassin ihre Beteiligung am Attentat auf den russischen General Wladimir Alexejew gestanden haben. Dar\u00fcber hinaus gaben sie Details zur Planung des Anschlags preis. Wie der russische Inlandsgeheimdienst FSB berichtet, geben die beiden Inhaftierten Ljubomir Korba und Wiktor Wassin ihre Beteiligung beim Attentat [&hellip;]<\/p>\n","protected":false},"author":3,"featured_media":98619,"comment_status":"open","ping_status":"open","sticky":false,"template":"","format":"standard","meta":{"_yoast_indexnow_last_ping":["1770643310"],"wp_automatic_camp":["217"],"1ecd5e11e63839ac220f36e8073f0aee":["Alexejew-Attentat: Verd\u00e4chtige bekennen sich schuldig \u2013 Ukraine und Polen involviert"],"original_link":["https:\/\/de.rt.com\/russland\/269690-alexejew-attentat-verdaechtige-bekennen-sich\/"],"_thumbnail_id":["98619"],"jnews_social_counter_last_update":["1777602883"],"_wptgpro_p2tg_sent2tg":["a:1:{i:23737;s:19:\"2026-02-09 15:22:51\";}"]},"categories":[19,23],"tags":[71114,22029,37599,5850,19107,434,127,140,22436],"yoast_head":"<!-- This site is optimized with the Yoast SEO Premium plugin v22.7 (Yoast SEO v22.7) - https:\/\/yoast.com\/wordpress\/plugins\/seo\/ -->\n<title>Alexejew-Attentat: Verd\u00e4chtige bekennen sich schuldig \u2013 Ukraine und Polen involviert - just-now.NEWS Deutschland<\/title>\n<meta name=\"robots\" content=\"index, follow, max-snippet:-1, max-image-preview:large, max-video-preview:-1\" \/>\n<link rel=\"canonical\" href=\"https:\/\/now-news.de\/de\/deutschland\/alexejew-attentat-verdaechtige-bekennen-sich-schuldig-ukraine-und-polen-involviert\/\" \/>\n<meta property=\"og:locale\" content=\"de_DE\" \/>\n<meta property=\"og:type\" content=\"article\" \/>\n<meta property=\"og:title\" content=\"Alexejew-Attentat: Verd\u00e4chtige bekennen sich schuldig \u2013 Ukraine und Polen involviert\" \/>\n<meta property=\"og:description\" content=\"Der russische Inlandsgeheimdienst FSB berichtet, dass die beiden Inhaftierten Ljubomir Korba und Wiktor Wassin ihre Beteiligung am Attentat auf den russischen General Wladimir Alexejew gestanden haben. Dar\u00fcber hinaus gaben sie Details zur Planung des Anschlags preis. Wie der russische Inlandsgeheimdienst FSB berichtet, geben die beiden Inhaftierten Ljubomir Korba und Wiktor Wassin ihre Beteiligung beim Attentat [&hellip;]\" \/>\n<meta property=\"og:url\" content=\"https:\/\/now-news.de\/de\/deutschland\/alexejew-attentat-verdaechtige-bekennen-sich-schuldig-ukraine-und-polen-involviert\/\" \/>\n<meta property=\"og:site_name\" content=\"just-now.NEWS Deutschland\" \/>\n<meta property=\"article:publisher\" content=\"https:\/\/www.facebook.com\/wirmachenauf\" \/>\n<meta property=\"article:published_time\" content=\"2026-02-09T12:57:25+00:00\" \/>\n<meta property=\"og:image\" content=\"https:\/\/now-news.de\/de\/wp-content\/uploads\/sites\/3\/2026\/02\/698998d5b480cc474f6863e7.jpg\" \/>\n<meta name=\"author\" content=\"rtnews\" \/>\n<meta name=\"twitter:card\" content=\"summary_large_image\" \/>\n<meta name=\"twitter:creator\" content=\"@WirMachenAuf_de\" \/>\n<meta name=\"twitter:site\" content=\"@WirMachenAuf_de\" \/>\n<meta name=\"twitter:label1\" content=\"Verfasst von\" \/>\n\t<meta name=\"twitter:data1\" content=\"rtnews\" \/>\n\t<meta name=\"twitter:label2\" content=\"Gesch\u00e4tzte Lesezeit\" \/>\n\t<meta name=\"twitter:data2\" content=\"2\u00a0Minuten\" \/>\n<script type=\"application\/ld+json\" class=\"yoast-schema-graph\">{\"@context\":\"https:\/\/schema.org\",\"@graph\":[{\"@type\":\"Article\",\"@id\":\"https:\/\/now-news.de\/de\/deutschland\/alexejew-attentat-verdaechtige-bekennen-sich-schuldig-ukraine-und-polen-involviert\/#article\",\"isPartOf\":{\"@id\":\"https:\/\/now-news.de\/de\/deutschland\/alexejew-attentat-verdaechtige-bekennen-sich-schuldig-ukraine-und-polen-involviert\/\"},\"author\":{\"name\":\"rtnews\",\"@id\":\"https:\/\/now-news.de\/de\/#\/schema\/person\/fb534a4e865501d8b3285208df34a9b5\"},\"headline\":\"Alexejew-Attentat: Verd\u00e4chtige bekennen sich schuldig \u2013 Ukraine und Polen involviert\",\"datePublished\":\"2026-02-09T12:57:25+00:00\",\"dateModified\":\"2026-02-09T12:57:25+00:00\",\"mainEntityOfPage\":{\"@id\":\"https:\/\/now-news.de\/de\/deutschland\/alexejew-attentat-verdaechtige-bekennen-sich-schuldig-ukraine-und-polen-involviert\/\"},\"wordCount\":400,\"commentCount\":0,\"publisher\":{\"@id\":\"https:\/\/now-news.de\/de\/#organization\"},\"image\":{\"@id\":\"https:\/\/now-news.de\/de\/deutschland\/alexejew-attentat-verdaechtige-bekennen-sich-schuldig-ukraine-und-polen-involviert\/#primaryimage\"},\"thumbnailUrl\":\"https:\/\/now-news.de\/de\/wp-content\/uploads\/sites\/3\/2026\/02\/Alexejew-Attentat-Verdaechtige-bekennen-sich-schuldig-\u2013-Ukraine-und-Polen-involviert.jpg\",\"keywords\":[\"AlexejewAttentat\",\"bekennen\",\"involviert\",\"Polen\",\"schuldig\",\"sich\",\"ukraine\",\"und\",\"Verd\u00e4chtige\"],\"articleSection\":[\"Deutschland\",\"Russland\"],\"inLanguage\":\"de\",\"potentialAction\":[{\"@type\":\"CommentAction\",\"name\":\"Comment\",\"target\":[\"https:\/\/now-news.de\/de\/deutschland\/alexejew-attentat-verdaechtige-bekennen-sich-schuldig-ukraine-und-polen-involviert\/#respond\"]}]},{\"@type\":\"WebPage\",\"@id\":\"https:\/\/now-news.de\/de\/deutschland\/alexejew-attentat-verdaechtige-bekennen-sich-schuldig-ukraine-und-polen-involviert\/\",\"url\":\"https:\/\/now-news.de\/de\/deutschland\/alexejew-attentat-verdaechtige-bekennen-sich-schuldig-ukraine-und-polen-involviert\/\",\"name\":\"Alexejew-Attentat: Verd\u00e4chtige bekennen sich schuldig \u2013 Ukraine und Polen involviert - just-now.NEWS Deutschland\",\"isPartOf\":{\"@id\":\"https:\/\/now-news.de\/de\/#website\"},\"primaryImageOfPage\":{\"@id\":\"https:\/\/now-news.de\/de\/deutschland\/alexejew-attentat-verdaechtige-bekennen-sich-schuldig-ukraine-und-polen-involviert\/#primaryimage\"},\"image\":{\"@id\":\"https:\/\/now-news.de\/de\/deutschland\/alexejew-attentat-verdaechtige-bekennen-sich-schuldig-ukraine-und-polen-involviert\/#primaryimage\"},\"thumbnailUrl\":\"https:\/\/now-news.de\/de\/wp-content\/uploads\/sites\/3\/2026\/02\/Alexejew-Attentat-Verdaechtige-bekennen-sich-schuldig-\u2013-Ukraine-und-Polen-involviert.jpg\",\"datePublished\":\"2026-02-09T12:57:25+00:00\",\"dateModified\":\"2026-02-09T12:57:25+00:00\",\"breadcrumb\":{\"@id\":\"https:\/\/now-news.de\/de\/deutschland\/alexejew-attentat-verdaechtige-bekennen-sich-schuldig-ukraine-und-polen-involviert\/#breadcrumb\"},\"inLanguage\":\"de\",\"potentialAction\":[{\"@type\":\"ReadAction\",\"target\":[\"https:\/\/now-news.de\/de\/deutschland\/alexejew-attentat-verdaechtige-bekennen-sich-schuldig-ukraine-und-polen-involviert\/\"]}]},{\"@type\":\"ImageObject\",\"inLanguage\":\"de\",\"@id\":\"https:\/\/now-news.de\/de\/deutschland\/alexejew-attentat-verdaechtige-bekennen-sich-schuldig-ukraine-und-polen-involviert\/#primaryimage\",\"url\":\"https:\/\/now-news.de\/de\/wp-content\/uploads\/sites\/3\/2026\/02\/Alexejew-Attentat-Verdaechtige-bekennen-sich-schuldig-\u2013-Ukraine-und-Polen-involviert.jpg\",\"contentUrl\":\"https:\/\/now-news.de\/de\/wp-content\/uploads\/sites\/3\/2026\/02\/Alexejew-Attentat-Verdaechtige-bekennen-sich-schuldig-\u2013-Ukraine-und-Polen-involviert.jpg\",\"width\":460,\"height\":259,\"caption\":\"Alexejew-Attentat: Verd\u00e4chtige bekennen sich schuldig \u2013 Ukraine und Polen involviert\"},{\"@type\":\"BreadcrumbList\",\"@id\":\"https:\/\/now-news.de\/de\/deutschland\/alexejew-attentat-verdaechtige-bekennen-sich-schuldig-ukraine-und-polen-involviert\/#breadcrumb\",\"itemListElement\":[{\"@type\":\"ListItem\",\"position\":1,\"name\":\"Home\",\"item\":\"https:\/\/now-news.de\/de\/\"},{\"@type\":\"ListItem\",\"position\":2,\"name\":\"Alexejew-Attentat: Verd\u00e4chtige bekennen sich schuldig \u2013 Ukraine und Polen involviert\"}]},{\"@type\":\"WebSite\",\"@id\":\"https:\/\/now-news.de\/de\/#website\",\"url\":\"https:\/\/now-news.de\/de\/\",\"name\":\"just-now.NEWS Deutschland\",\"description\":\"Das Portal f\u00fcr unzensierte Nachrichten aus der Welt\",\"publisher\":{\"@id\":\"https:\/\/now-news.de\/de\/#organization\"},\"potentialAction\":[{\"@type\":\"SearchAction\",\"target\":{\"@type\":\"EntryPoint\",\"urlTemplate\":\"https:\/\/now-news.de\/de\/?s={search_term_string}\"},\"query-input\":\"required name=search_term_string\"}],\"inLanguage\":\"de\"},{\"@type\":\"Organization\",\"@id\":\"https:\/\/now-news.de\/de\/#organization\",\"name\":\"Just Now News\",\"url\":\"https:\/\/now-news.de\/de\/\",\"logo\":{\"@type\":\"ImageObject\",\"inLanguage\":\"de\",\"@id\":\"https:\/\/now-news.de\/de\/#\/schema\/logo\/image\/\",\"url\":\"http:\/\/just-now.news\/de\/wp-content\/uploads\/sites\/3\/2022\/04\/logo500x500.jpg\",\"contentUrl\":\"http:\/\/just-now.news\/de\/wp-content\/uploads\/sites\/3\/2022\/04\/logo500x500.jpg\",\"width\":500,\"height\":500,\"caption\":\"Just Now News\"},\"image\":{\"@id\":\"https:\/\/now-news.de\/de\/#\/schema\/logo\/image\/\"},\"sameAs\":[\"https:\/\/www.facebook.com\/wirmachenauf\",\"https:\/\/x.com\/WirMachenAuf_de\"]},{\"@type\":\"Person\",\"@id\":\"https:\/\/now-news.de\/de\/#\/schema\/person\/fb534a4e865501d8b3285208df34a9b5\",\"name\":\"rtnews\",\"image\":{\"@type\":\"ImageObject\",\"inLanguage\":\"de\",\"@id\":\"https:\/\/now-news.de\/de\/#\/schema\/person\/image\/\",\"url\":\"https:\/\/secure.gravatar.com\/avatar\/82aafea7d8127119dd649515f56e2117?s=96&d=mm&r=g\",\"contentUrl\":\"https:\/\/secure.gravatar.com\/avatar\/82aafea7d8127119dd649515f56e2117?s=96&d=mm&r=g\",\"caption\":\"rtnews\"},\"url\":\"https:\/\/now-news.de\/de\/author\/rnews\/\"}]}<\/script>\n<!-- \/ Yoast SEO Premium plugin. -->","yoast_head_json":{"title":"Alexejew-Attentat: Verd\u00e4chtige bekennen sich schuldig \u2013 Ukraine und Polen involviert - just-now.NEWS Deutschland","robots":{"index":"index","follow":"follow","max-snippet":"max-snippet:-1","max-image-preview":"max-image-preview:large","max-video-preview":"max-video-preview:-1"},"canonical":"https:\/\/now-news.de\/de\/deutschland\/alexejew-attentat-verdaechtige-bekennen-sich-schuldig-ukraine-und-polen-involviert\/","og_locale":"de_DE","og_type":"article","og_title":"Alexejew-Attentat: Verd\u00e4chtige bekennen sich schuldig \u2013 Ukraine und Polen involviert","og_description":"Der russische Inlandsgeheimdienst FSB berichtet, dass die beiden Inhaftierten Ljubomir Korba und Wiktor Wassin ihre Beteiligung am Attentat auf den russischen General Wladimir Alexejew gestanden haben. Dar\u00fcber hinaus gaben sie Details zur Planung des Anschlags preis. Wie der russische Inlandsgeheimdienst FSB berichtet, geben die beiden Inhaftierten Ljubomir Korba und Wiktor Wassin ihre Beteiligung beim Attentat [&hellip;]","og_url":"https:\/\/now-news.de\/de\/deutschland\/alexejew-attentat-verdaechtige-bekennen-sich-schuldig-ukraine-und-polen-involviert\/","og_site_name":"just-now.NEWS Deutschland","article_publisher":"https:\/\/www.facebook.com\/wirmachenauf","article_published_time":"2026-02-09T12:57:25+00:00","og_image":[{"url":"https:\/\/now-news.de\/de\/wp-content\/uploads\/sites\/3\/2026\/02\/698998d5b480cc474f6863e7.jpg"}],"author":"rtnews","twitter_card":"summary_large_image","twitter_creator":"@WirMachenAuf_de","twitter_site":"@WirMachenAuf_de","twitter_misc":{"Verfasst von":"rtnews","Gesch\u00e4tzte Lesezeit":"2\u00a0Minuten"},"schema":{"@context":"https:\/\/schema.org","@graph":[{"@type":"Article","@id":"https:\/\/now-news.de\/de\/deutschland\/alexejew-attentat-verdaechtige-bekennen-sich-schuldig-ukraine-und-polen-involviert\/#article","isPartOf":{"@id":"https:\/\/now-news.de\/de\/deutschland\/alexejew-attentat-verdaechtige-bekennen-sich-schuldig-ukraine-und-polen-involviert\/"},"author":{"name":"rtnews","@id":"https:\/\/now-news.de\/de\/#\/schema\/person\/fb534a4e865501d8b3285208df34a9b5"},"headline":"Alexejew-Attentat: Verd\u00e4chtige bekennen sich schuldig \u2013 Ukraine und Polen involviert","datePublished":"2026-02-09T12:57:25+00:00","dateModified":"2026-02-09T12:57:25+00:00","mainEntityOfPage":{"@id":"https:\/\/now-news.de\/de\/deutschland\/alexejew-attentat-verdaechtige-bekennen-sich-schuldig-ukraine-und-polen-involviert\/"},"wordCount":400,"commentCount":0,"publisher":{"@id":"https:\/\/now-news.de\/de\/#organization"},"image":{"@id":"https:\/\/now-news.de\/de\/deutschland\/alexejew-attentat-verdaechtige-bekennen-sich-schuldig-ukraine-und-polen-involviert\/#primaryimage"},"thumbnailUrl":"https:\/\/now-news.de\/de\/wp-content\/uploads\/sites\/3\/2026\/02\/Alexejew-Attentat-Verdaechtige-bekennen-sich-schuldig-\u2013-Ukraine-und-Polen-involviert.jpg","keywords":["AlexejewAttentat","bekennen","involviert","Polen","schuldig","sich","ukraine","und","Verd\u00e4chtige"],"articleSection":["Deutschland","Russland"],"inLanguage":"de","potentialAction":[{"@type":"CommentAction","name":"Comment","target":["https:\/\/now-news.de\/de\/deutschland\/alexejew-attentat-verdaechtige-bekennen-sich-schuldig-ukraine-und-polen-involviert\/#respond"]}]},{"@type":"WebPage","@id":"https:\/\/now-news.de\/de\/deutschland\/alexejew-attentat-verdaechtige-bekennen-sich-schuldig-ukraine-und-polen-involviert\/","url":"https:\/\/now-news.de\/de\/deutschland\/alexejew-attentat-verdaechtige-bekennen-sich-schuldig-ukraine-und-polen-involviert\/","name":"Alexejew-Attentat: Verd\u00e4chtige bekennen sich schuldig \u2013 Ukraine und Polen involviert - just-now.NEWS Deutschland","isPartOf":{"@id":"https:\/\/now-news.de\/de\/#website"},"primaryImageOfPage":{"@id":"https:\/\/now-news.de\/de\/deutschland\/alexejew-attentat-verdaechtige-bekennen-sich-schuldig-ukraine-und-polen-involviert\/#primaryimage"},"image":{"@id":"https:\/\/now-news.de\/de\/deutschland\/alexejew-attentat-verdaechtige-bekennen-sich-schuldig-ukraine-und-polen-involviert\/#primaryimage"},"thumbnailUrl":"https:\/\/now-news.de\/de\/wp-content\/uploads\/sites\/3\/2026\/02\/Alexejew-Attentat-Verdaechtige-bekennen-sich-schuldig-\u2013-Ukraine-und-Polen-involviert.jpg","datePublished":"2026-02-09T12:57:25+00:00","dateModified":"2026-02-09T12:57:25+00:00","breadcrumb":{"@id":"https:\/\/now-news.de\/de\/deutschland\/alexejew-attentat-verdaechtige-bekennen-sich-schuldig-ukraine-und-polen-involviert\/#breadcrumb"},"inLanguage":"de","potentialAction":[{"@type":"ReadAction","target":["https:\/\/now-news.de\/de\/deutschland\/alexejew-attentat-verdaechtige-bekennen-sich-schuldig-ukraine-und-polen-involviert\/"]}]},{"@type":"ImageObject","inLanguage":"de","@id":"https:\/\/now-news.de\/de\/deutschland\/alexejew-attentat-verdaechtige-bekennen-sich-schuldig-ukraine-und-polen-involviert\/#primaryimage","url":"https:\/\/now-news.de\/de\/wp-content\/uploads\/sites\/3\/2026\/02\/Alexejew-Attentat-Verdaechtige-bekennen-sich-schuldig-\u2013-Ukraine-und-Polen-involviert.jpg","contentUrl":"https:\/\/now-news.de\/de\/wp-content\/uploads\/sites\/3\/2026\/02\/Alexejew-Attentat-Verdaechtige-bekennen-sich-schuldig-\u2013-Ukraine-und-Polen-involviert.jpg","width":460,"height":259,"caption":"Alexejew-Attentat: Verd\u00e4chtige bekennen sich schuldig \u2013 Ukraine und Polen involviert"},{"@type":"BreadcrumbList","@id":"https:\/\/now-news.de\/de\/deutschland\/alexejew-attentat-verdaechtige-bekennen-sich-schuldig-ukraine-und-polen-involviert\/#breadcrumb","itemListElement":[{"@type":"ListItem","position":1,"name":"Home","item":"https:\/\/now-news.de\/de\/"},{"@type":"ListItem","position":2,"name":"Alexejew-Attentat: Verd\u00e4chtige bekennen sich schuldig \u2013 Ukraine und Polen involviert"}]},{"@type":"WebSite","@id":"https:\/\/now-news.de\/de\/#website","url":"https:\/\/now-news.de\/de\/","name":"just-now.NEWS Deutschland","description":"Das Portal f\u00fcr unzensierte Nachrichten aus der Welt","publisher":{"@id":"https:\/\/now-news.de\/de\/#organization"},"potentialAction":[{"@type":"SearchAction","target":{"@type":"EntryPoint","urlTemplate":"https:\/\/now-news.de\/de\/?s={search_term_string}"},"query-input":"required name=search_term_string"}],"inLanguage":"de"},{"@type":"Organization","@id":"https:\/\/now-news.de\/de\/#organization","name":"Just Now News","url":"https:\/\/now-news.de\/de\/","logo":{"@type":"ImageObject","inLanguage":"de","@id":"https:\/\/now-news.de\/de\/#\/schema\/logo\/image\/","url":"http:\/\/just-now.news\/de\/wp-content\/uploads\/sites\/3\/2022\/04\/logo500x500.jpg","contentUrl":"http:\/\/just-now.news\/de\/wp-content\/uploads\/sites\/3\/2022\/04\/logo500x500.jpg","width":500,"height":500,"caption":"Just Now News"},"image":{"@id":"https:\/\/now-news.de\/de\/#\/schema\/logo\/image\/"},"sameAs":["https:\/\/www.facebook.com\/wirmachenauf","https:\/\/x.com\/WirMachenAuf_de"]},{"@type":"Person","@id":"https:\/\/now-news.de\/de\/#\/schema\/person\/fb534a4e865501d8b3285208df34a9b5","name":"rtnews","image":{"@type":"ImageObject","inLanguage":"de","@id":"https:\/\/now-news.de\/de\/#\/schema\/person\/image\/","url":"https:\/\/secure.gravatar.com\/avatar\/82aafea7d8127119dd649515f56e2117?s=96&d=mm&r=g","contentUrl":"https:\/\/secure.gravatar.com\/avatar\/82aafea7d8127119dd649515f56e2117?s=96&d=mm&r=g","caption":"rtnews"},"url":"https:\/\/now-news.de\/de\/author\/rnews\/"}]}},"_links":{"self":[{"href":"https:\/\/now-news.de\/de\/wp-json\/wp\/v2\/posts\/98618"}],"collection":[{"href":"https:\/\/now-news.de\/de\/wp-json\/wp\/v2\/posts"}],"about":[{"href":"https:\/\/now-news.de\/de\/wp-json\/wp\/v2\/types\/post"}],"author":[{"embeddable":true,"href":"https:\/\/now-news.de\/de\/wp-json\/wp\/v2\/users\/3"}],"replies":[{"embeddable":true,"href":"https:\/\/now-news.de\/de\/wp-json\/wp\/v2\/comments?post=98618"}],"version-history":[{"count":0,"href":"https:\/\/now-news.de\/de\/wp-json\/wp\/v2\/posts\/98618\/revisions"}],"wp:featuredmedia":[{"embeddable":true,"href":"https:\/\/now-news.de\/de\/wp-json\/wp\/v2\/media\/98619"}],"wp:attachment":[{"href":"https:\/\/now-news.de\/de\/wp-json\/wp\/v2\/media?parent=98618"}],"wp:term":[{"taxonomy":"category","embeddable":true,"href":"https:\/\/now-news.de\/de\/wp-json\/wp\/v2\/categories?post=98618"},{"taxonomy":"post_tag","embeddable":true,"href":"https:\/\/now-news.de\/de\/wp-json\/wp\/v2\/tags?post=98618"}],"curies":[{"name":"wp","href":"https:\/\/api.w.org\/{rel}","templated":true}]}}