{"id":98610,"date":"2026-02-09T12:15:33","date_gmt":"2026-02-09T10:15:33","guid":{"rendered":"https:\/\/now-news.de\/de\/deutschland\/teheran-weist-us-forderungen-zum-atomprogramm-zurueck\/"},"modified":"2026-02-09T12:15:33","modified_gmt":"2026-02-09T10:15:33","slug":"teheran-weist-us-forderungen-zum-atomprogramm-zurueck","status":"publish","type":"post","link":"https:\/\/now-news.de\/de\/deutschland\/teheran-weist-us-forderungen-zum-atomprogramm-zurueck\/","title":{"rendered":"Teheran weist US-Forderungen zum Atomprogramm zur\u00fcck"},"content":{"rendered":"<p><img decoding=\"async\" src=\"https:\/\/now-news.de\/de\/wp-content\/uploads\/sites\/3\/2026\/02\/6989919d48fbef182b08c53b.jpg\" \/><\/p>\n<div class=\"Text-root Text-type_1 \">\n                Der Au\u00dfenminister Irans, Abbas Araghtschi, erkl\u00e4rte am Wochenende, dass Teheran ein international gleichwertiges Recht habe, ein friedliches Atomprogramm zu verfolgen.\n            <\/div>\n<p><\/p>\n<div class=\"Text-root Text-type_5 ArticleView-text ViewText-root \">\n<p>Die Staatsf\u00fchrung Irans werde seine Urananreicherungskapazit\u00e4ten auch unter Androhung eines Krieges nicht aufgeben, erkl\u00e4rte Au\u00dfenminister Abbas Araghtschi am Wochenende. US-Pr\u00e4sident Donald Trump hatte zuvor von Iran erneut verlangt, einer seitens Washingtons eingeforderten Politik der &#8220;Null-Anreicherung&#8221; zuzustimmen.<\/p>\n<p>Araghtschi \u00e4u\u00dferte sich am Sonntag auf dem Nationalkongress zur Au\u00dfenpolitik der Islamischen Republik in Teheran und bezeichnete die Anreicherung als ein gesetzliches Recht, das in der Souver\u00e4nit\u00e4t und nationalen W\u00fcrde des Landes begr\u00fcndet sei. So erkl\u00e4rte er vor Journalisten:<\/p>\n<p><em>&#8220;Warum haben wir so stark auf der Anreicherung bestanden und tun dies auch weiterhin, und warum sind wir nicht bereit, darauf zu verzichten, selbst wenn uns ein Krieg aufgezwungen wird? Weil niemand das Recht hat, uns vorzuschreiben, was wir haben d\u00fcrfen und was nicht.&#8221;<\/em><\/p>\n<p>Araghtschi f\u00fcgte jedoch ausf\u00fchrend hinzu, dass die Staatsf\u00fchrung in Teheran weiterhin offen daf\u00fcr sei, Bedenken hinsichtlich ihres Atomprogramms auszur\u00e4umen und Vertrauen in dieser Angelegenheit aufzubauen. Der Au\u00dfenminister wird mit den Worten zitiert:<\/p>\n<p><em>&#8220;Wenn es Fragen oder Unklarheiten hinsichtlich der friedlichen Ziele des iranischen Atomprogramms gibt, werden wir darauf reagieren und Unklarheiten beseitigen, und der einzige Weg dazu ist die Diplomatie.&#8221;<\/em><\/p>\n<p>Weitere Darlegungen lauteten, dass die Angriffe der USA und Israels auf iranische Nuklearanlagen im vergangenen Jahr nicht zu den gew\u00fcnschten Ergebnissen gef\u00fchrt h\u00e4tten. &#8220;Wissen kann nicht weggebombt werden. Bomben k\u00f6nnen Geb\u00e4ude zerst\u00f6ren, aber Technologie kann nicht zerst\u00f6rt werden&#8221;, so Araghtschi und f\u00fcgte hinzu, dass dies die Botschaft sei, die er den USA w\u00e4hrend der j\u00fcngsten indirekten Gespr\u00e4che in Oman \u00fcbermittelt habe.<\/p>\n<p>Araghtschi kritisierte zudem die Doppelmoral, die es Israel erlaubt, sein Milit\u00e4r auszubauen, w\u00e4hrend andere L\u00e4nder in der Region permanent seitens Washington und Tel Aviv aufgefordert werden, ihre Verteidigungsf\u00e4higkeiten zu reduzieren.\u00a0<\/p>\n<p>Irans Au\u00dfenminister hatte die Verhandlungen mit den USA zuvor als &#8220;guten Anfang&#8221; bezeichnet und betont, dass sie &#8220;ausschlie\u00dflich nuklearer Natur&#8221; seien, obwohl US-Beamte erkl\u00e4rten, sie wollten auch \u00fcber die ballistischen Raketen Irans und dessen Unterst\u00fctzung f\u00fcr seine regionalen Verb\u00fcndeten sprechen.<\/p>\n<p>Die Trump-Regierung besteht seit Langem darauf, dass Iran eine eingeforderte Politik der &#8220;Null-Anreicherung&#8221; akzeptieren muss. Washington hatte mehrfach angedeutet, dass die Trump-Administration im Falle eines Scheiterns der Diplomatie zu milit\u00e4rischen Mitteln greifen k\u00f6nnte.<\/p>\n<p>Araghtschis \u00c4u\u00dferungen kommen inmitten wachsender Spannungen zwischen Teheran und Washington, nachdem die USA k\u00fcrzlich zus\u00e4tzliche Marine- und Luftstreitkr\u00e4fte in die Region entsandt haben. Trump hat au\u00dferdem Unterst\u00fctzung f\u00fcr gewaltt\u00e4tige Proteste in Iran zugesagt, die durch wirtschaftliche Missst\u00e4nde ausgel\u00f6st wurden; Teheran hat erkl\u00e4rt, dass es sich dem Druck nicht beugen werde.<\/p>\n<p><strong>Mehr zum Thema \u2013<\/strong>\u00a0<a rel=\"nofollow noopener\" target=\"_blank\" href=\"https:\/\/freedert.online\/der-nahe-osten\/269637-teheran-droht-bei-us-angriffen\/\">Teheran droht: Bei US-Angriffen zielt Iran auf US-St\u00fctzpunkte in der Region <\/a><\/p>\n<div class=\"EmbedBlock-root EmbedBlock-externalVideo EmbedBlock-rumble\">\n<div class=\"VkEmbed\"><iframe class=\"lazyload\" data-src=\"https:\/\/rumble.com\/embed\/v73a7m8\" frameborder=\"0\" width=\"853\" height=\"480\" allowfullscreen><\/iframe><\/div>\n<\/div>\n<\/div>\n<p><br \/>\n<br \/><a href=\"https:\/\/de.rt.com\/der-nahe-osten\/269688-teheran-aeussert-sich-selbstbewusst-zum\/\">Source link <\/a><\/p>\n","protected":false},"excerpt":{"rendered":"<p>Der Au\u00dfenminister Irans, Abbas Araghtschi, erkl\u00e4rte am Wochenende, dass Teheran ein international gleichwertiges Recht habe, ein friedliches Atomprogramm zu verfolgen. Die Staatsf\u00fchrung Irans werde seine Urananreicherungskapazit\u00e4ten auch unter Androhung eines Krieges nicht aufgeben, erkl\u00e4rte Au\u00dfenminister Abbas Araghtschi am Wochenende. US-Pr\u00e4sident Donald Trump hatte zuvor von Iran erneut verlangt, einer seitens Washingtons eingeforderten Politik der &#8220;Null-Anreicherung&#8221; [&hellip;]<\/p>\n","protected":false},"author":3,"featured_media":98611,"comment_status":"open","ping_status":"open","sticky":false,"template":"","format":"standard","meta":{"_yoast_indexnow_last_ping":["1770632691"],"wp_automatic_camp":["217"],"b154014a008b585e0d3e80a88d7f1083":["Teheran weist US-Forderungen zum Atomprogramm zur\u00fcck"],"original_link":["https:\/\/de.rt.com\/der-nahe-osten\/269688-teheran-aeussert-sich-selbstbewusst-zum\/"],"_thumbnail_id":["98611"],"jnews_social_counter_last_update":["1777368509"],"_wptgpro_p2tg_sent2tg":["a:1:{i:23737;s:19:\"2026-02-09 12:25:51\";}"]},"categories":[19,23],"tags":[55342,19900,58596,3334,565,3337],"yoast_head":"<!-- This site is optimized with the Yoast SEO Premium plugin v22.7 (Yoast SEO v22.7) - https:\/\/yoast.com\/wordpress\/plugins\/seo\/ -->\n<title>Teheran weist US-Forderungen zum Atomprogramm zur\u00fcck - just-now.NEWS Deutschland<\/title>\n<meta name=\"robots\" content=\"index, follow, max-snippet:-1, max-image-preview:large, max-video-preview:-1\" \/>\n<link rel=\"canonical\" href=\"https:\/\/now-news.de\/de\/deutschland\/teheran-weist-us-forderungen-zum-atomprogramm-zurueck\/\" \/>\n<meta property=\"og:locale\" content=\"de_DE\" \/>\n<meta property=\"og:type\" content=\"article\" \/>\n<meta property=\"og:title\" content=\"Teheran weist US-Forderungen zum Atomprogramm zur\u00fcck\" \/>\n<meta property=\"og:description\" content=\"Der Au\u00dfenminister Irans, Abbas Araghtschi, erkl\u00e4rte am Wochenende, dass Teheran ein international gleichwertiges Recht habe, ein friedliches Atomprogramm zu verfolgen. Die Staatsf\u00fchrung Irans werde seine Urananreicherungskapazit\u00e4ten auch unter Androhung eines Krieges nicht aufgeben, erkl\u00e4rte Au\u00dfenminister Abbas Araghtschi am Wochenende. US-Pr\u00e4sident Donald Trump hatte zuvor von Iran erneut verlangt, einer seitens Washingtons eingeforderten Politik der &#8220;Null-Anreicherung&#8221; [&hellip;]\" \/>\n<meta property=\"og:url\" content=\"https:\/\/now-news.de\/de\/deutschland\/teheran-weist-us-forderungen-zum-atomprogramm-zurueck\/\" \/>\n<meta property=\"og:site_name\" content=\"just-now.NEWS Deutschland\" \/>\n<meta property=\"article:publisher\" content=\"https:\/\/www.facebook.com\/wirmachenauf\" \/>\n<meta property=\"article:published_time\" content=\"2026-02-09T10:15:33+00:00\" \/>\n<meta property=\"og:image\" content=\"https:\/\/now-news.de\/de\/wp-content\/uploads\/sites\/3\/2026\/02\/6989919d48fbef182b08c53b.jpg\" \/>\n<meta name=\"author\" content=\"rtnews\" \/>\n<meta name=\"twitter:card\" content=\"summary_large_image\" \/>\n<meta name=\"twitter:creator\" content=\"@WirMachenAuf_de\" \/>\n<meta name=\"twitter:site\" content=\"@WirMachenAuf_de\" \/>\n<meta name=\"twitter:label1\" content=\"Verfasst von\" \/>\n\t<meta name=\"twitter:data1\" content=\"rtnews\" \/>\n\t<meta name=\"twitter:label2\" content=\"Gesch\u00e4tzte Lesezeit\" \/>\n\t<meta name=\"twitter:data2\" content=\"2\u00a0Minuten\" \/>\n<script type=\"application\/ld+json\" class=\"yoast-schema-graph\">{\"@context\":\"https:\/\/schema.org\",\"@graph\":[{\"@type\":\"Article\",\"@id\":\"https:\/\/now-news.de\/de\/deutschland\/teheran-weist-us-forderungen-zum-atomprogramm-zurueck\/#article\",\"isPartOf\":{\"@id\":\"https:\/\/now-news.de\/de\/deutschland\/teheran-weist-us-forderungen-zum-atomprogramm-zurueck\/\"},\"author\":{\"name\":\"rtnews\",\"@id\":\"https:\/\/now-news.de\/de\/#\/schema\/person\/fb534a4e865501d8b3285208df34a9b5\"},\"headline\":\"Teheran weist US-Forderungen zum Atomprogramm zur\u00fcck\",\"datePublished\":\"2026-02-09T10:15:33+00:00\",\"dateModified\":\"2026-02-09T10:15:33+00:00\",\"mainEntityOfPage\":{\"@id\":\"https:\/\/now-news.de\/de\/deutschland\/teheran-weist-us-forderungen-zum-atomprogramm-zurueck\/\"},\"wordCount\":493,\"commentCount\":0,\"publisher\":{\"@id\":\"https:\/\/now-news.de\/de\/#organization\"},\"image\":{\"@id\":\"https:\/\/now-news.de\/de\/deutschland\/teheran-weist-us-forderungen-zum-atomprogramm-zurueck\/#primaryimage\"},\"thumbnailUrl\":\"https:\/\/now-news.de\/de\/wp-content\/uploads\/sites\/3\/2026\/02\/Teheran-weist-US-Forderungen-zum-Atomprogramm-zurueck.jpg\",\"keywords\":[\"Atomprogramm\",\"Teheran\",\"USForderungen\",\"weist\",\"zum\",\"zur\u00fcck\"],\"articleSection\":[\"Deutschland\",\"Russland\"],\"inLanguage\":\"de\",\"potentialAction\":[{\"@type\":\"CommentAction\",\"name\":\"Comment\",\"target\":[\"https:\/\/now-news.de\/de\/deutschland\/teheran-weist-us-forderungen-zum-atomprogramm-zurueck\/#respond\"]}]},{\"@type\":\"WebPage\",\"@id\":\"https:\/\/now-news.de\/de\/deutschland\/teheran-weist-us-forderungen-zum-atomprogramm-zurueck\/\",\"url\":\"https:\/\/now-news.de\/de\/deutschland\/teheran-weist-us-forderungen-zum-atomprogramm-zurueck\/\",\"name\":\"Teheran weist US-Forderungen zum Atomprogramm zur\u00fcck - just-now.NEWS Deutschland\",\"isPartOf\":{\"@id\":\"https:\/\/now-news.de\/de\/#website\"},\"primaryImageOfPage\":{\"@id\":\"https:\/\/now-news.de\/de\/deutschland\/teheran-weist-us-forderungen-zum-atomprogramm-zurueck\/#primaryimage\"},\"image\":{\"@id\":\"https:\/\/now-news.de\/de\/deutschland\/teheran-weist-us-forderungen-zum-atomprogramm-zurueck\/#primaryimage\"},\"thumbnailUrl\":\"https:\/\/now-news.de\/de\/wp-content\/uploads\/sites\/3\/2026\/02\/Teheran-weist-US-Forderungen-zum-Atomprogramm-zurueck.jpg\",\"datePublished\":\"2026-02-09T10:15:33+00:00\",\"dateModified\":\"2026-02-09T10:15:33+00:00\",\"breadcrumb\":{\"@id\":\"https:\/\/now-news.de\/de\/deutschland\/teheran-weist-us-forderungen-zum-atomprogramm-zurueck\/#breadcrumb\"},\"inLanguage\":\"de\",\"potentialAction\":[{\"@type\":\"ReadAction\",\"target\":[\"https:\/\/now-news.de\/de\/deutschland\/teheran-weist-us-forderungen-zum-atomprogramm-zurueck\/\"]}]},{\"@type\":\"ImageObject\",\"inLanguage\":\"de\",\"@id\":\"https:\/\/now-news.de\/de\/deutschland\/teheran-weist-us-forderungen-zum-atomprogramm-zurueck\/#primaryimage\",\"url\":\"https:\/\/now-news.de\/de\/wp-content\/uploads\/sites\/3\/2026\/02\/Teheran-weist-US-Forderungen-zum-Atomprogramm-zurueck.jpg\",\"contentUrl\":\"https:\/\/now-news.de\/de\/wp-content\/uploads\/sites\/3\/2026\/02\/Teheran-weist-US-Forderungen-zum-Atomprogramm-zurueck.jpg\",\"width\":460,\"height\":259,\"caption\":\"Teheran weist US-Forderungen zum Atomprogramm zur\u00fcck\"},{\"@type\":\"BreadcrumbList\",\"@id\":\"https:\/\/now-news.de\/de\/deutschland\/teheran-weist-us-forderungen-zum-atomprogramm-zurueck\/#breadcrumb\",\"itemListElement\":[{\"@type\":\"ListItem\",\"position\":1,\"name\":\"Home\",\"item\":\"https:\/\/now-news.de\/de\/\"},{\"@type\":\"ListItem\",\"position\":2,\"name\":\"Teheran weist US-Forderungen zum Atomprogramm zur\u00fcck\"}]},{\"@type\":\"WebSite\",\"@id\":\"https:\/\/now-news.de\/de\/#website\",\"url\":\"https:\/\/now-news.de\/de\/\",\"name\":\"just-now.NEWS Deutschland\",\"description\":\"Das Portal f\u00fcr unzensierte Nachrichten aus der Welt\",\"publisher\":{\"@id\":\"https:\/\/now-news.de\/de\/#organization\"},\"potentialAction\":[{\"@type\":\"SearchAction\",\"target\":{\"@type\":\"EntryPoint\",\"urlTemplate\":\"https:\/\/now-news.de\/de\/?s={search_term_string}\"},\"query-input\":\"required name=search_term_string\"}],\"inLanguage\":\"de\"},{\"@type\":\"Organization\",\"@id\":\"https:\/\/now-news.de\/de\/#organization\",\"name\":\"Just Now News\",\"url\":\"https:\/\/now-news.de\/de\/\",\"logo\":{\"@type\":\"ImageObject\",\"inLanguage\":\"de\",\"@id\":\"https:\/\/now-news.de\/de\/#\/schema\/logo\/image\/\",\"url\":\"http:\/\/just-now.news\/de\/wp-content\/uploads\/sites\/3\/2022\/04\/logo500x500.jpg\",\"contentUrl\":\"http:\/\/just-now.news\/de\/wp-content\/uploads\/sites\/3\/2022\/04\/logo500x500.jpg\",\"width\":500,\"height\":500,\"caption\":\"Just Now News\"},\"image\":{\"@id\":\"https:\/\/now-news.de\/de\/#\/schema\/logo\/image\/\"},\"sameAs\":[\"https:\/\/www.facebook.com\/wirmachenauf\",\"https:\/\/x.com\/WirMachenAuf_de\"]},{\"@type\":\"Person\",\"@id\":\"https:\/\/now-news.de\/de\/#\/schema\/person\/fb534a4e865501d8b3285208df34a9b5\",\"name\":\"rtnews\",\"image\":{\"@type\":\"ImageObject\",\"inLanguage\":\"de\",\"@id\":\"https:\/\/now-news.de\/de\/#\/schema\/person\/image\/\",\"url\":\"https:\/\/secure.gravatar.com\/avatar\/82aafea7d8127119dd649515f56e2117?s=96&d=mm&r=g\",\"contentUrl\":\"https:\/\/secure.gravatar.com\/avatar\/82aafea7d8127119dd649515f56e2117?s=96&d=mm&r=g\",\"caption\":\"rtnews\"},\"url\":\"https:\/\/now-news.de\/de\/author\/rnews\/\"}]}<\/script>\n<!-- \/ Yoast SEO Premium plugin. -->","yoast_head_json":{"title":"Teheran weist US-Forderungen zum Atomprogramm zur\u00fcck - just-now.NEWS Deutschland","robots":{"index":"index","follow":"follow","max-snippet":"max-snippet:-1","max-image-preview":"max-image-preview:large","max-video-preview":"max-video-preview:-1"},"canonical":"https:\/\/now-news.de\/de\/deutschland\/teheran-weist-us-forderungen-zum-atomprogramm-zurueck\/","og_locale":"de_DE","og_type":"article","og_title":"Teheran weist US-Forderungen zum Atomprogramm zur\u00fcck","og_description":"Der Au\u00dfenminister Irans, Abbas Araghtschi, erkl\u00e4rte am Wochenende, dass Teheran ein international gleichwertiges Recht habe, ein friedliches Atomprogramm zu verfolgen. Die Staatsf\u00fchrung Irans werde seine Urananreicherungskapazit\u00e4ten auch unter Androhung eines Krieges nicht aufgeben, erkl\u00e4rte Au\u00dfenminister Abbas Araghtschi am Wochenende. US-Pr\u00e4sident Donald Trump hatte zuvor von Iran erneut verlangt, einer seitens Washingtons eingeforderten Politik der &#8220;Null-Anreicherung&#8221; [&hellip;]","og_url":"https:\/\/now-news.de\/de\/deutschland\/teheran-weist-us-forderungen-zum-atomprogramm-zurueck\/","og_site_name":"just-now.NEWS Deutschland","article_publisher":"https:\/\/www.facebook.com\/wirmachenauf","article_published_time":"2026-02-09T10:15:33+00:00","og_image":[{"url":"https:\/\/now-news.de\/de\/wp-content\/uploads\/sites\/3\/2026\/02\/6989919d48fbef182b08c53b.jpg"}],"author":"rtnews","twitter_card":"summary_large_image","twitter_creator":"@WirMachenAuf_de","twitter_site":"@WirMachenAuf_de","twitter_misc":{"Verfasst von":"rtnews","Gesch\u00e4tzte Lesezeit":"2\u00a0Minuten"},"schema":{"@context":"https:\/\/schema.org","@graph":[{"@type":"Article","@id":"https:\/\/now-news.de\/de\/deutschland\/teheran-weist-us-forderungen-zum-atomprogramm-zurueck\/#article","isPartOf":{"@id":"https:\/\/now-news.de\/de\/deutschland\/teheran-weist-us-forderungen-zum-atomprogramm-zurueck\/"},"author":{"name":"rtnews","@id":"https:\/\/now-news.de\/de\/#\/schema\/person\/fb534a4e865501d8b3285208df34a9b5"},"headline":"Teheran weist US-Forderungen zum Atomprogramm zur\u00fcck","datePublished":"2026-02-09T10:15:33+00:00","dateModified":"2026-02-09T10:15:33+00:00","mainEntityOfPage":{"@id":"https:\/\/now-news.de\/de\/deutschland\/teheran-weist-us-forderungen-zum-atomprogramm-zurueck\/"},"wordCount":493,"commentCount":0,"publisher":{"@id":"https:\/\/now-news.de\/de\/#organization"},"image":{"@id":"https:\/\/now-news.de\/de\/deutschland\/teheran-weist-us-forderungen-zum-atomprogramm-zurueck\/#primaryimage"},"thumbnailUrl":"https:\/\/now-news.de\/de\/wp-content\/uploads\/sites\/3\/2026\/02\/Teheran-weist-US-Forderungen-zum-Atomprogramm-zurueck.jpg","keywords":["Atomprogramm","Teheran","USForderungen","weist","zum","zur\u00fcck"],"articleSection":["Deutschland","Russland"],"inLanguage":"de","potentialAction":[{"@type":"CommentAction","name":"Comment","target":["https:\/\/now-news.de\/de\/deutschland\/teheran-weist-us-forderungen-zum-atomprogramm-zurueck\/#respond"]}]},{"@type":"WebPage","@id":"https:\/\/now-news.de\/de\/deutschland\/teheran-weist-us-forderungen-zum-atomprogramm-zurueck\/","url":"https:\/\/now-news.de\/de\/deutschland\/teheran-weist-us-forderungen-zum-atomprogramm-zurueck\/","name":"Teheran weist US-Forderungen zum Atomprogramm zur\u00fcck - just-now.NEWS Deutschland","isPartOf":{"@id":"https:\/\/now-news.de\/de\/#website"},"primaryImageOfPage":{"@id":"https:\/\/now-news.de\/de\/deutschland\/teheran-weist-us-forderungen-zum-atomprogramm-zurueck\/#primaryimage"},"image":{"@id":"https:\/\/now-news.de\/de\/deutschland\/teheran-weist-us-forderungen-zum-atomprogramm-zurueck\/#primaryimage"},"thumbnailUrl":"https:\/\/now-news.de\/de\/wp-content\/uploads\/sites\/3\/2026\/02\/Teheran-weist-US-Forderungen-zum-Atomprogramm-zurueck.jpg","datePublished":"2026-02-09T10:15:33+00:00","dateModified":"2026-02-09T10:15:33+00:00","breadcrumb":{"@id":"https:\/\/now-news.de\/de\/deutschland\/teheran-weist-us-forderungen-zum-atomprogramm-zurueck\/#breadcrumb"},"inLanguage":"de","potentialAction":[{"@type":"ReadAction","target":["https:\/\/now-news.de\/de\/deutschland\/teheran-weist-us-forderungen-zum-atomprogramm-zurueck\/"]}]},{"@type":"ImageObject","inLanguage":"de","@id":"https:\/\/now-news.de\/de\/deutschland\/teheran-weist-us-forderungen-zum-atomprogramm-zurueck\/#primaryimage","url":"https:\/\/now-news.de\/de\/wp-content\/uploads\/sites\/3\/2026\/02\/Teheran-weist-US-Forderungen-zum-Atomprogramm-zurueck.jpg","contentUrl":"https:\/\/now-news.de\/de\/wp-content\/uploads\/sites\/3\/2026\/02\/Teheran-weist-US-Forderungen-zum-Atomprogramm-zurueck.jpg","width":460,"height":259,"caption":"Teheran weist US-Forderungen zum Atomprogramm zur\u00fcck"},{"@type":"BreadcrumbList","@id":"https:\/\/now-news.de\/de\/deutschland\/teheran-weist-us-forderungen-zum-atomprogramm-zurueck\/#breadcrumb","itemListElement":[{"@type":"ListItem","position":1,"name":"Home","item":"https:\/\/now-news.de\/de\/"},{"@type":"ListItem","position":2,"name":"Teheran weist US-Forderungen zum Atomprogramm zur\u00fcck"}]},{"@type":"WebSite","@id":"https:\/\/now-news.de\/de\/#website","url":"https:\/\/now-news.de\/de\/","name":"just-now.NEWS Deutschland","description":"Das Portal f\u00fcr unzensierte Nachrichten aus der Welt","publisher":{"@id":"https:\/\/now-news.de\/de\/#organization"},"potentialAction":[{"@type":"SearchAction","target":{"@type":"EntryPoint","urlTemplate":"https:\/\/now-news.de\/de\/?s={search_term_string}"},"query-input":"required name=search_term_string"}],"inLanguage":"de"},{"@type":"Organization","@id":"https:\/\/now-news.de\/de\/#organization","name":"Just Now News","url":"https:\/\/now-news.de\/de\/","logo":{"@type":"ImageObject","inLanguage":"de","@id":"https:\/\/now-news.de\/de\/#\/schema\/logo\/image\/","url":"http:\/\/just-now.news\/de\/wp-content\/uploads\/sites\/3\/2022\/04\/logo500x500.jpg","contentUrl":"http:\/\/just-now.news\/de\/wp-content\/uploads\/sites\/3\/2022\/04\/logo500x500.jpg","width":500,"height":500,"caption":"Just Now News"},"image":{"@id":"https:\/\/now-news.de\/de\/#\/schema\/logo\/image\/"},"sameAs":["https:\/\/www.facebook.com\/wirmachenauf","https:\/\/x.com\/WirMachenAuf_de"]},{"@type":"Person","@id":"https:\/\/now-news.de\/de\/#\/schema\/person\/fb534a4e865501d8b3285208df34a9b5","name":"rtnews","image":{"@type":"ImageObject","inLanguage":"de","@id":"https:\/\/now-news.de\/de\/#\/schema\/person\/image\/","url":"https:\/\/secure.gravatar.com\/avatar\/82aafea7d8127119dd649515f56e2117?s=96&d=mm&r=g","contentUrl":"https:\/\/secure.gravatar.com\/avatar\/82aafea7d8127119dd649515f56e2117?s=96&d=mm&r=g","caption":"rtnews"},"url":"https:\/\/now-news.de\/de\/author\/rnews\/"}]}},"_links":{"self":[{"href":"https:\/\/now-news.de\/de\/wp-json\/wp\/v2\/posts\/98610"}],"collection":[{"href":"https:\/\/now-news.de\/de\/wp-json\/wp\/v2\/posts"}],"about":[{"href":"https:\/\/now-news.de\/de\/wp-json\/wp\/v2\/types\/post"}],"author":[{"embeddable":true,"href":"https:\/\/now-news.de\/de\/wp-json\/wp\/v2\/users\/3"}],"replies":[{"embeddable":true,"href":"https:\/\/now-news.de\/de\/wp-json\/wp\/v2\/comments?post=98610"}],"version-history":[{"count":0,"href":"https:\/\/now-news.de\/de\/wp-json\/wp\/v2\/posts\/98610\/revisions"}],"wp:featuredmedia":[{"embeddable":true,"href":"https:\/\/now-news.de\/de\/wp-json\/wp\/v2\/media\/98611"}],"wp:attachment":[{"href":"https:\/\/now-news.de\/de\/wp-json\/wp\/v2\/media?parent=98610"}],"wp:term":[{"taxonomy":"category","embeddable":true,"href":"https:\/\/now-news.de\/de\/wp-json\/wp\/v2\/categories?post=98610"},{"taxonomy":"post_tag","embeddable":true,"href":"https:\/\/now-news.de\/de\/wp-json\/wp\/v2\/tags?post=98610"}],"curies":[{"name":"wp","href":"https:\/\/api.w.org\/{rel}","templated":true}]}}