{"id":98604,"date":"2026-02-09T07:30:00","date_gmt":"2026-02-09T05:30:00","guid":{"rendered":"https:\/\/now-news.de\/de\/deutschland\/denkmal-streit-in-sachsen-um-einen-sowjetischen-schriftsteller\/"},"modified":"2026-02-09T07:30:00","modified_gmt":"2026-02-09T05:30:00","slug":"denkmal-streit-in-sachsen-um-einen-sowjetischen-schriftsteller","status":"publish","type":"post","link":"https:\/\/now-news.de\/de\/deutschland\/denkmal-streit-in-sachsen-um-einen-sowjetischen-schriftsteller\/","title":{"rendered":"Denkmal-Streit in Sachsen um einen sowjetischen Schriftsteller"},"content":{"rendered":"<p><img decoding=\"async\" src=\"https:\/\/now-news.de\/de\/wp-content\/uploads\/sites\/3\/2026\/02\/6988a2fcb480cc67a944983d.jpg\" \/><\/p>\n<div class=\"Text-root Text-type_1 \">\n                Die Ehrenb\u00fcrgerschaft und eine Gedenkstelle f\u00fcr den Schriftsteller Konstantin Fedin stehen im s\u00e4chsischen Zittau infrage. Die CDU m\u00f6chte beide Ehrungen annullieren. Der Vorwurf: Als kommunistischer Sowjet-Funktion\u00e4r habe Fedin Andersdenkende verfolgt.\n            <\/div>\n<p><\/p>\n<div class=\"Text-root Text-type_5 ArticleView-text ViewText-root \">\n<p><em>Von Astrid Sigena<\/em><\/p>\n<p>Die \u00f6ffentliche Stimmung in Deutschland gegen Denkm\u00e4ler sowjetischer oder russischer Herkunft heizt sich auf: Sie werden mit Farbe <a rel=\"nofollow noopener\" target=\"_blank\" href=\"https:\/\/www.tagesspiegel.de\/berlin\/staatsschutz-ermittelt-unbekannte-beschiessen-sowjetisches-ehrenmal-im-berliner-norden-mit-farbe-14799542.html?icid=topic-list_14873696___\">verunstaltet<\/a>, im Rahmen der <a rel=\"nofollow noopener\" target=\"_blank\" href=\"https:\/\/freedert.online\/inland\/265278-nicht-einmal-fuer-tote-russen-ist-in-deutschland-mehr-platz\/\">Kostenersparnis<\/a> oder Bek\u00e4mpfung angeblicher &#8220;Desinformation&#8221;\u00a0<a rel=\"nofollow noopener\" target=\"_blank\" href=\"https:\/\/freedert.online\/meinung\/261268-absolution-aus-osten-ukraine-hilft-den-deutschen-das-sowjetische-erbe-loszuwerden\/\">problematisiert<\/a> oder anl\u00e4sslich von Bauma\u00dfnahmen in Lagerhallen <a rel=\"nofollow noopener\" target=\"_blank\" href=\"https:\/\/freedert.online\/inland\/263125-dostojewski-in-der-rumpelkammer\/\">abgeschoben<\/a>. Das Andenken an das Wirken von Russen in Deutschland wird immer mehr zur\u00fcckgedr\u00e4ngt. Nun ist das Denkmal f\u00fcr den sowjetischen Schriftsteller Konstantin Fedin im s\u00e4chsischen Zittau in Gefahr.<\/p>\n<p>Konstantin Fedin waren zu DDR-Zeiten gleich vier Ehrungen in Zittau zuteilgeworden: Der im Jahr 1977 verstorbene Autor erhielt postum die Ehrenb\u00fcrgerw\u00fcrde, nach ihm wurden eine Stra\u00dfe und eine Oberschule benannt. Vor der Schule errichteten die Beh\u00f6rden eine Stele zu Fedins Ehren mit einem Bronzerelief des Schriftstellers, zwei bronzenen Friedenst\u00e4ubchen und dem Fedin-Zitat:<\/p>\n<p><em>&#8220;Die Kunst, die die Menschheit zusammenschlie\u00dft, gegenseitiges Verst\u00e4ndnis lehrt und uns zum Glauben an den Menschen erzieht \u2013 sie werde zu einem Damm gegen den Krieg.&#8221;<\/em><\/p>\n<p>Die Zittauer Ehrungen geschahen nicht ohne Grund: Konstantin Fedin hatte einen besonderen Bezug zu Deutschland. Er war nicht nur Korrespondent bei den N\u00fcrnberger Prozessen, sondern hatte in seiner Jugend vier Jahre in Deutschland verbracht. Kurz vor dem Ausbruch des Ersten Weltkriegs war Fedin nach N\u00fcrnberg gereist, um seine Deutschkenntnisse zu verbessern. Dort erwischte ihn der Kriegsausbruch. Die R\u00fcckreise ins damals noch zaristische Russland gelang Fedin nicht mehr, er musste die n\u00e4chsten vier Jahre als Zivilinternierter verbringen und seine sp\u00e4rliche Versorgung mit Geigespielen, Schauspielerei und Sprachunterricht aufbessern. Eine Internierungsstation des jungen Fedin war das s\u00e4chsische Zittau. In der Sowjetunion der Zwanziger Jahre verarbeitete Konstantin Fedin seine Erlebnisse in dem Roman &#8220;St\u00e4dte und Jahre&#8221; (&#8220;\u0413\u043e\u0440\u043e\u0434\u0430 \u0438 \u0433\u043e\u0434\u044b&#8221;), der auch auf Deutsch ver\u00f6ffentlicht wurde.<\/p>\n<p>Nach dem Ende der DDR erfolgte die Umbenennung von Schule und Stra\u00dfe, die Ehrenb\u00fcrgerw\u00fcrde und die Gedenkstele bestanden weiter fort. Wohl auch aufgrund von Protesten von Anwohnern gegen einen Abriss, wie die DDR-nostalgische Facebook-Seite &#8220;SED-Archiv Oberlausitz&#8221; zu <a rel=\"nofollow noopener\" target=\"_blank\" href=\"https:\/\/www.facebook.com\/photo\/?fbid=624712474369247&amp;set=a.624521304388364\">berichten<\/a> wei\u00df. Die Schule wurde schlie\u00dflich geschlossen und <a rel=\"nofollow noopener\" target=\"_blank\" href=\"https:\/\/www.facebook.com\/photo?fbid=490569207665011&amp;set=a.753429889328070\">abgerissen<\/a>, der Standort des Denkmals <a rel=\"nofollow noopener\" target=\"_blank\" href=\"https:\/\/www.facebook.com\/photo\/?fbid=625013544339140&amp;set=a.624521304388364\">verwahrloste<\/a> zusehends. Der Wildwuchs um das Denkmal scheint ein Zittauer Dauerthema zu sein: Noch im September 2025 <a rel=\"nofollow noopener\" target=\"_blank\" href=\"https:\/\/www.saechsische.de\/lokales\/goerlitz-lk\/loebau\/zittau-wildwuchs-um-ehrenbuerger-denkmal-N4MG23TWCFBGVHTRDR6HTAPVPE.html\">beschwerte sich<\/a> ein Zittauer B\u00fcrger \u00fcber die Verwahrlosung des Gel\u00e4ndes rund um die ehemalige Oberschule.<\/p>\n<p>Besonders auf die Friedenst\u00e4ubchen des Fedin-Denkmals hatten es Vandalen abgesehen: Die beiden urspr\u00fcnglich aus Metall bestehenden V\u00f6gel sind schon seit langem verschwunden, steht auf\u00a0einer der einstigen 8. Polytechnischen Oberschule Zittau gewidmeten Facebook-Seite im Jahr 2011 <a rel=\"nofollow noopener\" target=\"_blank\" href=\"https:\/\/www.facebook.com\/photo\/?fbid=183184228403512&amp;set=a.183183848403550\">geschrieben<\/a>. Ihr Verbleib ist unaufgekl\u00e4rt. Jens Th\u00f6richt, damals Stadtrat von der Linkspartei (heute s\u00e4chsischer <a rel=\"nofollow noopener\" target=\"_blank\" href=\"https:\/\/www.jens-hentschel-thoericht.de\/\">Landtagsabgeordneter<\/a> f\u00fcr das BSW), <a rel=\"nofollow noopener\" target=\"_blank\" href=\"https:\/\/www.zittauer-anzeiger.de\/zittau\/kultur\/8780_fedin-hat-seine-taeubchen-wieder.html\">veranlasste<\/a> damals, dass die entfernten Fedin-T\u00e4ubchen zumindest in Betonform ersetzt wurden. Auch diese Ersatzfiguren sind mittlerweile abhandengekommen.<\/p>\n<p>Das Zittauer Fedin-Denkmal ist damit Opfer eines dreistufigen Vorgangs geworden, den viele Denkm\u00e4ler aus sozialistischer Zeit in Mittel- und Osteuropa zu erleiden hatten: Zuerst bewirken Verwahrlosung und Verwahrlosung, dass das Denkmal vereinsamt und in Vergessenheit ger\u00e4t. Die Bev\u00f6lkerung h\u00e4lt sich nur noch ungern dort auf. Sind die Zust\u00e4nde unhaltbar geworden, problematisiert man in Stufe zwei das mittlerweile heruntergekommene Denkmal als Schandfleck im Stadtbild und regt eine Versetzung an einen anderen Ort an. Als letzter Schritt folgt dann der Abriss des Denkmals oder die Verbringung in ein Depot.<\/p>\n<p>Zittau befindet sich derzeit in Phase zwei. W\u00e4hrend der Dezembersitzung des Zittauer Stadtrats <a rel=\"nofollow noopener\" target=\"_blank\" href=\"https:\/\/www.saechsische.de\/lokales\/goerlitz-lk\/zittau\/bekommt-zittauer-ehrenbuerger-denkmal-neuen-standort-BDF4FJM3YFFWRLCOAFQVU46ROI.html\">schlug<\/a> der BSW-Lokalpolitiker <a rel=\"nofollow noopener\" target=\"_blank\" href=\"https:\/\/stadtrat.zittau.de\/sessionnet\/bi\/pe0051.asp?__kpenr=4404\">Horst Schiermeyer<\/a> einen Wechsel des Standorts vor. Die Fedin-Stele sei zusammen mit einem erkl\u00e4renden Schild am &#8220;<a rel=\"nofollow noopener\" target=\"_blank\" href=\"https:\/\/lausitz.de\/de\/kultur\/parks\/artikel-gruener-ring-zittau.html\">Gr\u00fcnen Ring<\/a>&#8221; besser aufgehoben, wo bereits andere Denkm\u00e4ler stehen. Ein sicherlich gut gemeinter Vorschlag, aber Schiermeyer stach in ein Wespennest. Oberb\u00fcrgermeister Thomas Zenker zeigte sich zwar f\u00fcr eine Versetzung aufgeschlossen, hielt allerdings den &#8220;Gr\u00fcnen Ring&#8221; f\u00fcr denkbar ungeeignet. In den st\u00e4dtischen Gr\u00fcnanlagen w\u00fcrden Schilder regelm\u00e4\u00dfig zerst\u00f6rt.<\/p>\n<p>Nun schaltete sich die \u00f6rtliche CDU ein: Der fr\u00fchere s\u00e4chsische Innenminister Heinz Eggert <a rel=\"nofollow noopener\" target=\"_blank\" href=\"https:\/\/www.pressreader.com\/germany\/sachsische-zeitung-gorlitz\/20260107\/281921664423333\">forderte<\/a> in einem Leserbrief die Entfernung des Denkmals. Eggert sprach von &#8220;Geschichtsvergessenheit&#8221; und argumentierte mit Fedins kommunistischem Hintergrund: \u00a0Fedin habe als Vor\u00adsit\u00adzen\u00adder des Schrift\u00adstel\u00adler\u00adver\u00adbands der Sowje\u00adtu\u00adnion staat\u00adli\u00adche Lite\u00adra\u00adtur\u00adpo\u00adli\u00adtik umgesetzt und &#8220;die Zensur und Repres\u00adsion f\u00fcr nicht ange\u00adpas\u00adste Schrift\u00adstel\u00adler&#8221; zu verantworten. Er habe geschwiegen, &#8220;wenn Kol\u00adle\u00adgen vom sowje\u00adti\u00adschen Geheim\u00addienst ver\u00adfolgt wur\u00adden&#8221;. Tats\u00e4chlich galt Fedin als ausgesprochener <a rel=\"nofollow noopener\" target=\"_blank\" href=\"https:\/\/www.spiegel.de\/kultur\/am-schnittpunkt-a-1014ff51-0002-0001-0000-000045949936\">Gegner<\/a> des Sowjet-Dissidenten Alexander Solschenizyn. Eggerts Schlussfolgerung: &#8220;Nur weil die SED ihm ein Denkmal gesetzt hat, muss man es heute nicht erhalten.&#8221; F\u00fcr Fedin habe die Loyalit\u00e4t gegen\u00fcber dem Stalinismus stets an erster Stelle gestanden.<\/p>\n<p>In das gleiche Horn stie\u00df Eggerts <a rel=\"nofollow noopener\" target=\"_blank\" href=\"https:\/\/www.cdu-kreisverband-goerlitz.de\/personen\/jens-freiberg\">Parteikollege<\/a> Jens Freiberg, der f\u00fcr die Verbringung der Fedin-Stele in ein Museum &#8220;mit klarer Einordnung&#8221; pl\u00e4dierte. Dem BSW warf er Russland-N\u00e4he vor: Es handle sich um mehr als um einen harmlosen kulturpolitischen Vorschlag. Freiberg: &#8220;Das BSW steht bun\u00addes\u00adweit in der Kri\u00adtik, rus\u00adsland\u00adfreund\u00adli\u00adche Deu\u00adtun\u00adgen zu bedie\u00adnen.&#8221; In diesem Kontext wirke die Verteidigung eines Denkmals f\u00fcr einen sowjetischen Kulturfunktion\u00e4r als politisches Signal.<\/p>\n<p>CDU-Stadtrat <a rel=\"nofollow noopener\" target=\"_blank\" href=\"https:\/\/www.cdu-zittau.de\/personen\/dietrich-glaubitz\">Dietrich Glaubitz<\/a>\u00a0<a rel=\"nofollow noopener\" target=\"_blank\" href=\"https:\/\/zittauer-zeitung.de\/2026\/02\/07\/%F0%9F%97%BF-zittau-ringt-um-sein-gedaechtnis-stadtrat-draengt-auf-entfernung-des-fedin-denkmals-und-aberkennung-der-ehrenbuergerwuerde\/\">nahm sich<\/a> des Themas an und <a rel=\"nofollow noopener\" target=\"_blank\" href=\"https:\/\/www.saechsische.de\/lokales\/goerlitz-lk\/zittau\/stadtrat-fordert-zittaus-denkmal-fuer-konstantin-fedin-soll-weg-sein-ehrenbuergertitel-auch-HIENHQAWC5DNZP4P6K5IALHLVU.html?outputType=valid_amp\">forderte<\/a> den Entzug der Ehrenb\u00fcrgerw\u00fcrde und des Denkmals f\u00fcr den Sowjet-Schriftsteller. Fedin habe einem verbrecherischen Regime gedient und bei Verfolgungen geschwiegen, lautete Glaubitz\u2019 Argument. Letztlich l\u00e4uft die Argumentation des CDU-Politikers auf die Unterstellung hinaus, man k\u00f6nne kein anst\u00e4ndiger Mensch gewesen sein, wenn man in der Sowjetunion zu h\u00f6heren \u00c4mtern gelangte. Glaubitz\u2019 Fazit zu Fedins T\u00e4tigkeit im sowjetischen Schriftstellerverband:<\/p>\n<p><em>&#8220;Das wird man nicht, wenn man nur Mitl\u00e4ufer ist.&#8221;<\/em><\/p>\n<p>Bei Fedin handele es sich um eine zweifelhafte Pers\u00f6nlichkeit. Der CDU-Politiker Glaubitz legte dabei Wert auf die Bekundung, sein Vorsto\u00df habe nichts mit Russland an sich oder dem gegenw\u00e4rtigen Ukraine-Krieg zu tun.<\/p>\n<p>Oberb\u00fcrgermeister <a rel=\"nofollow noopener\" target=\"_blank\" href=\"https:\/\/zittau.de\/ob\">Thomas Zenker <\/a>will nun pr\u00fcfen, ob die Ehrenb\u00fcrgerw\u00fcrde weiterhin Bestand haben soll. Und auch BSW-Stadtrat Horst Schiermeyer wirkt mittlerweile verunsichert: Eine Philologin soll sich jetzt mit Fedins Rolle innerhalb der sowjetischen Nomenklatura befassen. Noch allerdings ist nichts endg\u00fcltig entschieden. Die CDU hat im <a rel=\"nofollow noopener\" target=\"_blank\" href=\"https:\/\/zittau.de\/stadtrat\">Zittauer Stadtrat<\/a> nur vier Sitze, die gr\u00f6\u00dfte Fraktion ist die AfD mit neun Sitzen (es folgen die lokale W\u00e4hlervereinigung &#8220;Zittau kann mehr&#8221; mit f\u00fcnf Sitzen, die Freien W\u00e4hler mit drei Stadtratsmitgliedern, das &#8220;Zukunftsb\u00fcndnis f\u00fcr Zittau&#8221; mit ebenfalls drei Sitzen sowie das BSW mit zwei Stadtr\u00e4ten). Will die CDU Fedin loswerden, braucht sie die Unterst\u00fctzung anderer Fraktionen.<\/p>\n<p>Nun ist die AfD zwar gerade im Westen der Bundesrepublik eine Partei, die bei ihren Auftritten in den sozialen Medien gerne jeden Missstand als &#8220;sozialistisch&#8221; brandmarkt, im Osten des Landes allerdings herrscht eine andere Mentalit\u00e4t. Dies d\u00fcrfte auch f\u00fcr den Landkreis G\u00f6rlitz gelten, zu dem Zittau geh\u00f6rt. Dort liegen der <a rel=\"nofollow noopener\" target=\"_blank\" href=\"https:\/\/afdgoerlitz.de\/buergerbueros\/\">Kreisverband<\/a> und der Wahlkreis des AfD-Bundessprechers Tino Chrupalla, der gegen\u00fcber der &#8220;Zeit&#8221;\u00a0<a rel=\"nofollow noopener\" target=\"_blank\" href=\"https:\/\/www.zeit.de\/2026\/06\/tino-chrupalla-afd-weisswasser-ddr-russland\">bekannte<\/a>: &#8220;Ich lasse mir die DDR nicht nehmen&#8221; \u2013 auch wenn er sie freilich nicht wiederhaben wolle. Erst k\u00fcrzlich stimmte die G\u00f6rlitzer Kreistagsfraktion f\u00fcr einen Friedensantrag des BSW, der Werbung f\u00fcr Milit\u00e4rdienst und R\u00fcstungsprodukte im G\u00f6rlitzer Raum verbieten soll (<em>RT DE<\/em>\u00a0<a rel=\"nofollow noopener\" target=\"_blank\" href=\"https:\/\/freedert.online\/inland\/264582-keine-bundeswehr-werbung-im-landkreis-goerlitz-afd-unterstuetzt-friedensantrag-des-bsw\/\">berichtete<\/a>). Dass sich die Zittauer AfD gegen Fedin entscheidet, ist also keinesfalls sicher.<\/p>\n<p>Es w\u00e4re verkehrt, sich bei der Debatte um Fedins Ehrenstele und Ehrenb\u00fcrgerw\u00fcrde allein auf die m\u00f6glichen Verfehlungen des Schriftstellerfunktion\u00e4rs gegen\u00fcber der sowjetischen Opposition zu konzentrieren. Der Streit in der s\u00e4chsischen Mittelstadt um Fedins Andenken findet in einem gr\u00f6\u00dferen Rahmen statt: Es geht um nichts anderes als um die Ausl\u00f6schung des Wirkens russischer K\u00fcnstler im kulturellen Ged\u00e4chtnis der Deutschen. Im Westen ist das vielfach schon gelungen. Niemand erinnert sich mehr in N\u00fcrnberg an Fedins zweimaligen Aufenthalt. Nun ist der Osten der Republik an der Reihe, den russischen Schriftsteller aus der Erinnerung zu tilgen.<\/p>\n<p><strong>Mehr zum Thema<\/strong> \u2013\u00a0<a rel=\"nofollow noopener\" target=\"_blank\" href=\"https:\/\/freedert.online\/meinung\/268761-luegen-des-polnischen-praesidenten-erreichen-ausmass-der-propaganda-des-dritten-reiches\/\">Die L\u00fcgen des polnischen Pr\u00e4sidenten erreichen das Ausma\u00df der Propaganda des Dritten Reiches<\/a><\/p>\n<div class=\"EmbedBlock-root EmbedBlock-externalVideo EmbedBlock-rumble\">\n<div class=\"VkEmbed\"><iframe class=\"lazyload\" data-src=\"https:\/\/rumble.com\/embed\/v6xmcfw\" frameborder=\"0\" width=\"853\" height=\"480\" allowfullscreen><\/iframe><\/div>\n<\/div>\n<\/div>\n<p><br \/>\n<br \/><a href=\"https:\/\/de.rt.com\/gesellschaft\/269649-denkmal-streit-in-sachsen-um\/\">Source link <\/a><\/p>\n","protected":false},"excerpt":{"rendered":"<p>Die Ehrenb\u00fcrgerschaft und eine Gedenkstelle f\u00fcr den Schriftsteller Konstantin Fedin stehen im s\u00e4chsischen Zittau infrage. Die CDU m\u00f6chte beide Ehrungen annullieren. Der Vorwurf: Als kommunistischer Sowjet-Funktion\u00e4r habe Fedin Andersdenkende verfolgt. Von Astrid Sigena Die \u00f6ffentliche Stimmung in Deutschland gegen Denkm\u00e4ler sowjetischer oder russischer Herkunft heizt sich auf: Sie werden mit Farbe verunstaltet, im Rahmen der [&hellip;]<\/p>\n","protected":false},"author":3,"featured_media":98605,"comment_status":"open","ping_status":"open","sticky":false,"template":"","format":"standard","meta":{"_yoast_indexnow_last_ping":["1770621109"],"wp_automatic_camp":["217"],"4d1283bba649246cb48d68b25cafb949":["Denkmal-Streit in Sachsen um einen sowjetischen Schriftsteller"],"original_link":["https:\/\/de.rt.com\/gesellschaft\/269649-denkmal-streit-in-sachsen-um\/"],"_thumbnail_id":["98605"],"jnews_social_counter_last_update":["1777364942"],"_wptgpro_p2tg_sent2tg":["a:1:{i:23737;s:19:\"2026-02-09 09:13:15\";}"]},"categories":[19,23],"tags":[71109,768,5488,28143,2113],"yoast_head":"<!-- This site is optimized with the Yoast SEO Premium plugin v22.7 (Yoast SEO v22.7) - https:\/\/yoast.com\/wordpress\/plugins\/seo\/ -->\n<title>Denkmal-Streit in Sachsen um einen sowjetischen Schriftsteller - just-now.NEWS Deutschland<\/title>\n<meta name=\"robots\" content=\"index, follow, max-snippet:-1, max-image-preview:large, max-video-preview:-1\" \/>\n<link rel=\"canonical\" href=\"https:\/\/now-news.de\/de\/deutschland\/denkmal-streit-in-sachsen-um-einen-sowjetischen-schriftsteller\/\" \/>\n<meta property=\"og:locale\" content=\"de_DE\" \/>\n<meta property=\"og:type\" content=\"article\" \/>\n<meta property=\"og:title\" content=\"Denkmal-Streit in Sachsen um einen sowjetischen Schriftsteller\" \/>\n<meta property=\"og:description\" content=\"Die Ehrenb\u00fcrgerschaft und eine Gedenkstelle f\u00fcr den Schriftsteller Konstantin Fedin stehen im s\u00e4chsischen Zittau infrage. Die CDU m\u00f6chte beide Ehrungen annullieren. Der Vorwurf: Als kommunistischer Sowjet-Funktion\u00e4r habe Fedin Andersdenkende verfolgt. Von Astrid Sigena Die \u00f6ffentliche Stimmung in Deutschland gegen Denkm\u00e4ler sowjetischer oder russischer Herkunft heizt sich auf: Sie werden mit Farbe verunstaltet, im Rahmen der [&hellip;]\" \/>\n<meta property=\"og:url\" content=\"https:\/\/now-news.de\/de\/deutschland\/denkmal-streit-in-sachsen-um-einen-sowjetischen-schriftsteller\/\" \/>\n<meta property=\"og:site_name\" content=\"just-now.NEWS Deutschland\" \/>\n<meta property=\"article:publisher\" content=\"https:\/\/www.facebook.com\/wirmachenauf\" \/>\n<meta property=\"article:published_time\" content=\"2026-02-09T05:30:00+00:00\" \/>\n<meta property=\"og:image\" content=\"https:\/\/now-news.de\/de\/wp-content\/uploads\/sites\/3\/2026\/02\/6988a2fcb480cc67a944983d.jpg\" \/>\n<meta name=\"author\" content=\"rtnews\" \/>\n<meta name=\"twitter:card\" content=\"summary_large_image\" \/>\n<meta name=\"twitter:creator\" content=\"@WirMachenAuf_de\" \/>\n<meta name=\"twitter:site\" content=\"@WirMachenAuf_de\" \/>\n<meta name=\"twitter:label1\" content=\"Verfasst von\" \/>\n\t<meta name=\"twitter:data1\" content=\"rtnews\" \/>\n\t<meta name=\"twitter:label2\" content=\"Gesch\u00e4tzte Lesezeit\" \/>\n\t<meta name=\"twitter:data2\" content=\"7\u00a0Minuten\" \/>\n<script type=\"application\/ld+json\" class=\"yoast-schema-graph\">{\"@context\":\"https:\/\/schema.org\",\"@graph\":[{\"@type\":\"Article\",\"@id\":\"https:\/\/now-news.de\/de\/deutschland\/denkmal-streit-in-sachsen-um-einen-sowjetischen-schriftsteller\/#article\",\"isPartOf\":{\"@id\":\"https:\/\/now-news.de\/de\/deutschland\/denkmal-streit-in-sachsen-um-einen-sowjetischen-schriftsteller\/\"},\"author\":{\"name\":\"rtnews\",\"@id\":\"https:\/\/now-news.de\/de\/#\/schema\/person\/fb534a4e865501d8b3285208df34a9b5\"},\"headline\":\"Denkmal-Streit in Sachsen um einen sowjetischen Schriftsteller\",\"datePublished\":\"2026-02-09T05:30:00+00:00\",\"dateModified\":\"2026-02-09T05:30:00+00:00\",\"mainEntityOfPage\":{\"@id\":\"https:\/\/now-news.de\/de\/deutschland\/denkmal-streit-in-sachsen-um-einen-sowjetischen-schriftsteller\/\"},\"wordCount\":1379,\"commentCount\":0,\"publisher\":{\"@id\":\"https:\/\/now-news.de\/de\/#organization\"},\"image\":{\"@id\":\"https:\/\/now-news.de\/de\/deutschland\/denkmal-streit-in-sachsen-um-einen-sowjetischen-schriftsteller\/#primaryimage\"},\"thumbnailUrl\":\"https:\/\/now-news.de\/de\/wp-content\/uploads\/sites\/3\/2026\/02\/Denkmal-Streit-in-Sachsen-um-einen-sowjetischen-Schriftsteller.jpg\",\"keywords\":[\"DenkmalStreit\",\"einen\",\"Sachsen\",\"Schriftsteller\",\"sowjetischen\"],\"articleSection\":[\"Deutschland\",\"Russland\"],\"inLanguage\":\"de\",\"potentialAction\":[{\"@type\":\"CommentAction\",\"name\":\"Comment\",\"target\":[\"https:\/\/now-news.de\/de\/deutschland\/denkmal-streit-in-sachsen-um-einen-sowjetischen-schriftsteller\/#respond\"]}]},{\"@type\":\"WebPage\",\"@id\":\"https:\/\/now-news.de\/de\/deutschland\/denkmal-streit-in-sachsen-um-einen-sowjetischen-schriftsteller\/\",\"url\":\"https:\/\/now-news.de\/de\/deutschland\/denkmal-streit-in-sachsen-um-einen-sowjetischen-schriftsteller\/\",\"name\":\"Denkmal-Streit in Sachsen um einen sowjetischen Schriftsteller - just-now.NEWS Deutschland\",\"isPartOf\":{\"@id\":\"https:\/\/now-news.de\/de\/#website\"},\"primaryImageOfPage\":{\"@id\":\"https:\/\/now-news.de\/de\/deutschland\/denkmal-streit-in-sachsen-um-einen-sowjetischen-schriftsteller\/#primaryimage\"},\"image\":{\"@id\":\"https:\/\/now-news.de\/de\/deutschland\/denkmal-streit-in-sachsen-um-einen-sowjetischen-schriftsteller\/#primaryimage\"},\"thumbnailUrl\":\"https:\/\/now-news.de\/de\/wp-content\/uploads\/sites\/3\/2026\/02\/Denkmal-Streit-in-Sachsen-um-einen-sowjetischen-Schriftsteller.jpg\",\"datePublished\":\"2026-02-09T05:30:00+00:00\",\"dateModified\":\"2026-02-09T05:30:00+00:00\",\"breadcrumb\":{\"@id\":\"https:\/\/now-news.de\/de\/deutschland\/denkmal-streit-in-sachsen-um-einen-sowjetischen-schriftsteller\/#breadcrumb\"},\"inLanguage\":\"de\",\"potentialAction\":[{\"@type\":\"ReadAction\",\"target\":[\"https:\/\/now-news.de\/de\/deutschland\/denkmal-streit-in-sachsen-um-einen-sowjetischen-schriftsteller\/\"]}]},{\"@type\":\"ImageObject\",\"inLanguage\":\"de\",\"@id\":\"https:\/\/now-news.de\/de\/deutschland\/denkmal-streit-in-sachsen-um-einen-sowjetischen-schriftsteller\/#primaryimage\",\"url\":\"https:\/\/now-news.de\/de\/wp-content\/uploads\/sites\/3\/2026\/02\/Denkmal-Streit-in-Sachsen-um-einen-sowjetischen-Schriftsteller.jpg\",\"contentUrl\":\"https:\/\/now-news.de\/de\/wp-content\/uploads\/sites\/3\/2026\/02\/Denkmal-Streit-in-Sachsen-um-einen-sowjetischen-Schriftsteller.jpg\",\"width\":460,\"height\":259,\"caption\":\"Denkmal-Streit in Sachsen um einen sowjetischen Schriftsteller\"},{\"@type\":\"BreadcrumbList\",\"@id\":\"https:\/\/now-news.de\/de\/deutschland\/denkmal-streit-in-sachsen-um-einen-sowjetischen-schriftsteller\/#breadcrumb\",\"itemListElement\":[{\"@type\":\"ListItem\",\"position\":1,\"name\":\"Home\",\"item\":\"https:\/\/now-news.de\/de\/\"},{\"@type\":\"ListItem\",\"position\":2,\"name\":\"Denkmal-Streit in Sachsen um einen sowjetischen Schriftsteller\"}]},{\"@type\":\"WebSite\",\"@id\":\"https:\/\/now-news.de\/de\/#website\",\"url\":\"https:\/\/now-news.de\/de\/\",\"name\":\"just-now.NEWS Deutschland\",\"description\":\"Das Portal f\u00fcr unzensierte Nachrichten aus der Welt\",\"publisher\":{\"@id\":\"https:\/\/now-news.de\/de\/#organization\"},\"potentialAction\":[{\"@type\":\"SearchAction\",\"target\":{\"@type\":\"EntryPoint\",\"urlTemplate\":\"https:\/\/now-news.de\/de\/?s={search_term_string}\"},\"query-input\":\"required name=search_term_string\"}],\"inLanguage\":\"de\"},{\"@type\":\"Organization\",\"@id\":\"https:\/\/now-news.de\/de\/#organization\",\"name\":\"Just Now News\",\"url\":\"https:\/\/now-news.de\/de\/\",\"logo\":{\"@type\":\"ImageObject\",\"inLanguage\":\"de\",\"@id\":\"https:\/\/now-news.de\/de\/#\/schema\/logo\/image\/\",\"url\":\"http:\/\/just-now.news\/de\/wp-content\/uploads\/sites\/3\/2022\/04\/logo500x500.jpg\",\"contentUrl\":\"http:\/\/just-now.news\/de\/wp-content\/uploads\/sites\/3\/2022\/04\/logo500x500.jpg\",\"width\":500,\"height\":500,\"caption\":\"Just Now News\"},\"image\":{\"@id\":\"https:\/\/now-news.de\/de\/#\/schema\/logo\/image\/\"},\"sameAs\":[\"https:\/\/www.facebook.com\/wirmachenauf\",\"https:\/\/x.com\/WirMachenAuf_de\"]},{\"@type\":\"Person\",\"@id\":\"https:\/\/now-news.de\/de\/#\/schema\/person\/fb534a4e865501d8b3285208df34a9b5\",\"name\":\"rtnews\",\"image\":{\"@type\":\"ImageObject\",\"inLanguage\":\"de\",\"@id\":\"https:\/\/now-news.de\/de\/#\/schema\/person\/image\/\",\"url\":\"https:\/\/secure.gravatar.com\/avatar\/82aafea7d8127119dd649515f56e2117?s=96&d=mm&r=g\",\"contentUrl\":\"https:\/\/secure.gravatar.com\/avatar\/82aafea7d8127119dd649515f56e2117?s=96&d=mm&r=g\",\"caption\":\"rtnews\"},\"url\":\"https:\/\/now-news.de\/de\/author\/rnews\/\"}]}<\/script>\n<!-- \/ Yoast SEO Premium plugin. -->","yoast_head_json":{"title":"Denkmal-Streit in Sachsen um einen sowjetischen Schriftsteller - just-now.NEWS Deutschland","robots":{"index":"index","follow":"follow","max-snippet":"max-snippet:-1","max-image-preview":"max-image-preview:large","max-video-preview":"max-video-preview:-1"},"canonical":"https:\/\/now-news.de\/de\/deutschland\/denkmal-streit-in-sachsen-um-einen-sowjetischen-schriftsteller\/","og_locale":"de_DE","og_type":"article","og_title":"Denkmal-Streit in Sachsen um einen sowjetischen Schriftsteller","og_description":"Die Ehrenb\u00fcrgerschaft und eine Gedenkstelle f\u00fcr den Schriftsteller Konstantin Fedin stehen im s\u00e4chsischen Zittau infrage. Die CDU m\u00f6chte beide Ehrungen annullieren. Der Vorwurf: Als kommunistischer Sowjet-Funktion\u00e4r habe Fedin Andersdenkende verfolgt. Von Astrid Sigena Die \u00f6ffentliche Stimmung in Deutschland gegen Denkm\u00e4ler sowjetischer oder russischer Herkunft heizt sich auf: Sie werden mit Farbe verunstaltet, im Rahmen der [&hellip;]","og_url":"https:\/\/now-news.de\/de\/deutschland\/denkmal-streit-in-sachsen-um-einen-sowjetischen-schriftsteller\/","og_site_name":"just-now.NEWS Deutschland","article_publisher":"https:\/\/www.facebook.com\/wirmachenauf","article_published_time":"2026-02-09T05:30:00+00:00","og_image":[{"url":"https:\/\/now-news.de\/de\/wp-content\/uploads\/sites\/3\/2026\/02\/6988a2fcb480cc67a944983d.jpg"}],"author":"rtnews","twitter_card":"summary_large_image","twitter_creator":"@WirMachenAuf_de","twitter_site":"@WirMachenAuf_de","twitter_misc":{"Verfasst von":"rtnews","Gesch\u00e4tzte Lesezeit":"7\u00a0Minuten"},"schema":{"@context":"https:\/\/schema.org","@graph":[{"@type":"Article","@id":"https:\/\/now-news.de\/de\/deutschland\/denkmal-streit-in-sachsen-um-einen-sowjetischen-schriftsteller\/#article","isPartOf":{"@id":"https:\/\/now-news.de\/de\/deutschland\/denkmal-streit-in-sachsen-um-einen-sowjetischen-schriftsteller\/"},"author":{"name":"rtnews","@id":"https:\/\/now-news.de\/de\/#\/schema\/person\/fb534a4e865501d8b3285208df34a9b5"},"headline":"Denkmal-Streit in Sachsen um einen sowjetischen Schriftsteller","datePublished":"2026-02-09T05:30:00+00:00","dateModified":"2026-02-09T05:30:00+00:00","mainEntityOfPage":{"@id":"https:\/\/now-news.de\/de\/deutschland\/denkmal-streit-in-sachsen-um-einen-sowjetischen-schriftsteller\/"},"wordCount":1379,"commentCount":0,"publisher":{"@id":"https:\/\/now-news.de\/de\/#organization"},"image":{"@id":"https:\/\/now-news.de\/de\/deutschland\/denkmal-streit-in-sachsen-um-einen-sowjetischen-schriftsteller\/#primaryimage"},"thumbnailUrl":"https:\/\/now-news.de\/de\/wp-content\/uploads\/sites\/3\/2026\/02\/Denkmal-Streit-in-Sachsen-um-einen-sowjetischen-Schriftsteller.jpg","keywords":["DenkmalStreit","einen","Sachsen","Schriftsteller","sowjetischen"],"articleSection":["Deutschland","Russland"],"inLanguage":"de","potentialAction":[{"@type":"CommentAction","name":"Comment","target":["https:\/\/now-news.de\/de\/deutschland\/denkmal-streit-in-sachsen-um-einen-sowjetischen-schriftsteller\/#respond"]}]},{"@type":"WebPage","@id":"https:\/\/now-news.de\/de\/deutschland\/denkmal-streit-in-sachsen-um-einen-sowjetischen-schriftsteller\/","url":"https:\/\/now-news.de\/de\/deutschland\/denkmal-streit-in-sachsen-um-einen-sowjetischen-schriftsteller\/","name":"Denkmal-Streit in Sachsen um einen sowjetischen Schriftsteller - just-now.NEWS Deutschland","isPartOf":{"@id":"https:\/\/now-news.de\/de\/#website"},"primaryImageOfPage":{"@id":"https:\/\/now-news.de\/de\/deutschland\/denkmal-streit-in-sachsen-um-einen-sowjetischen-schriftsteller\/#primaryimage"},"image":{"@id":"https:\/\/now-news.de\/de\/deutschland\/denkmal-streit-in-sachsen-um-einen-sowjetischen-schriftsteller\/#primaryimage"},"thumbnailUrl":"https:\/\/now-news.de\/de\/wp-content\/uploads\/sites\/3\/2026\/02\/Denkmal-Streit-in-Sachsen-um-einen-sowjetischen-Schriftsteller.jpg","datePublished":"2026-02-09T05:30:00+00:00","dateModified":"2026-02-09T05:30:00+00:00","breadcrumb":{"@id":"https:\/\/now-news.de\/de\/deutschland\/denkmal-streit-in-sachsen-um-einen-sowjetischen-schriftsteller\/#breadcrumb"},"inLanguage":"de","potentialAction":[{"@type":"ReadAction","target":["https:\/\/now-news.de\/de\/deutschland\/denkmal-streit-in-sachsen-um-einen-sowjetischen-schriftsteller\/"]}]},{"@type":"ImageObject","inLanguage":"de","@id":"https:\/\/now-news.de\/de\/deutschland\/denkmal-streit-in-sachsen-um-einen-sowjetischen-schriftsteller\/#primaryimage","url":"https:\/\/now-news.de\/de\/wp-content\/uploads\/sites\/3\/2026\/02\/Denkmal-Streit-in-Sachsen-um-einen-sowjetischen-Schriftsteller.jpg","contentUrl":"https:\/\/now-news.de\/de\/wp-content\/uploads\/sites\/3\/2026\/02\/Denkmal-Streit-in-Sachsen-um-einen-sowjetischen-Schriftsteller.jpg","width":460,"height":259,"caption":"Denkmal-Streit in Sachsen um einen sowjetischen Schriftsteller"},{"@type":"BreadcrumbList","@id":"https:\/\/now-news.de\/de\/deutschland\/denkmal-streit-in-sachsen-um-einen-sowjetischen-schriftsteller\/#breadcrumb","itemListElement":[{"@type":"ListItem","position":1,"name":"Home","item":"https:\/\/now-news.de\/de\/"},{"@type":"ListItem","position":2,"name":"Denkmal-Streit in Sachsen um einen sowjetischen Schriftsteller"}]},{"@type":"WebSite","@id":"https:\/\/now-news.de\/de\/#website","url":"https:\/\/now-news.de\/de\/","name":"just-now.NEWS Deutschland","description":"Das Portal f\u00fcr unzensierte Nachrichten aus der Welt","publisher":{"@id":"https:\/\/now-news.de\/de\/#organization"},"potentialAction":[{"@type":"SearchAction","target":{"@type":"EntryPoint","urlTemplate":"https:\/\/now-news.de\/de\/?s={search_term_string}"},"query-input":"required name=search_term_string"}],"inLanguage":"de"},{"@type":"Organization","@id":"https:\/\/now-news.de\/de\/#organization","name":"Just Now News","url":"https:\/\/now-news.de\/de\/","logo":{"@type":"ImageObject","inLanguage":"de","@id":"https:\/\/now-news.de\/de\/#\/schema\/logo\/image\/","url":"http:\/\/just-now.news\/de\/wp-content\/uploads\/sites\/3\/2022\/04\/logo500x500.jpg","contentUrl":"http:\/\/just-now.news\/de\/wp-content\/uploads\/sites\/3\/2022\/04\/logo500x500.jpg","width":500,"height":500,"caption":"Just Now News"},"image":{"@id":"https:\/\/now-news.de\/de\/#\/schema\/logo\/image\/"},"sameAs":["https:\/\/www.facebook.com\/wirmachenauf","https:\/\/x.com\/WirMachenAuf_de"]},{"@type":"Person","@id":"https:\/\/now-news.de\/de\/#\/schema\/person\/fb534a4e865501d8b3285208df34a9b5","name":"rtnews","image":{"@type":"ImageObject","inLanguage":"de","@id":"https:\/\/now-news.de\/de\/#\/schema\/person\/image\/","url":"https:\/\/secure.gravatar.com\/avatar\/82aafea7d8127119dd649515f56e2117?s=96&d=mm&r=g","contentUrl":"https:\/\/secure.gravatar.com\/avatar\/82aafea7d8127119dd649515f56e2117?s=96&d=mm&r=g","caption":"rtnews"},"url":"https:\/\/now-news.de\/de\/author\/rnews\/"}]}},"_links":{"self":[{"href":"https:\/\/now-news.de\/de\/wp-json\/wp\/v2\/posts\/98604"}],"collection":[{"href":"https:\/\/now-news.de\/de\/wp-json\/wp\/v2\/posts"}],"about":[{"href":"https:\/\/now-news.de\/de\/wp-json\/wp\/v2\/types\/post"}],"author":[{"embeddable":true,"href":"https:\/\/now-news.de\/de\/wp-json\/wp\/v2\/users\/3"}],"replies":[{"embeddable":true,"href":"https:\/\/now-news.de\/de\/wp-json\/wp\/v2\/comments?post=98604"}],"version-history":[{"count":0,"href":"https:\/\/now-news.de\/de\/wp-json\/wp\/v2\/posts\/98604\/revisions"}],"wp:featuredmedia":[{"embeddable":true,"href":"https:\/\/now-news.de\/de\/wp-json\/wp\/v2\/media\/98605"}],"wp:attachment":[{"href":"https:\/\/now-news.de\/de\/wp-json\/wp\/v2\/media?parent=98604"}],"wp:term":[{"taxonomy":"category","embeddable":true,"href":"https:\/\/now-news.de\/de\/wp-json\/wp\/v2\/categories?post=98604"},{"taxonomy":"post_tag","embeddable":true,"href":"https:\/\/now-news.de\/de\/wp-json\/wp\/v2\/tags?post=98604"}],"curies":[{"name":"wp","href":"https:\/\/api.w.org\/{rel}","templated":true}]}}