{"id":98588,"date":"2026-02-08T20:25:40","date_gmt":"2026-02-08T18:25:40","guid":{"rendered":"https:\/\/now-news.de\/de\/deutschland\/tausende-iraker-wollen-iran-im-konflikt-mit-den-usa-unterstuetzen\/"},"modified":"2026-02-08T20:25:40","modified_gmt":"2026-02-08T18:25:40","slug":"tausende-iraker-wollen-iran-im-konflikt-mit-den-usa-unterstuetzen","status":"publish","type":"post","link":"https:\/\/now-news.de\/de\/deutschland\/tausende-iraker-wollen-iran-im-konflikt-mit-den-usa-unterstuetzen\/","title":{"rendered":"Tausende Iraker wollen Iran im Konflikt mit den USA unterst\u00fctzen"},"content":{"rendered":"<p><img decoding=\"async\" src=\"https:\/\/now-news.de\/de\/wp-content\/uploads\/sites\/3\/2026\/02\/69886f1848fbef317a2bbb64.jpg\" \/><\/p>\n<div class=\"Text-root Text-type_1 \">\n                Am Donnerstag erkl\u00e4rte Irans Armeesprecher, dass das Milit\u00e4r auf einen Krieg vorbereitet ist, der &#8220;die gesamte Region und alle US-St\u00fctzpunkte umfassen&#8221; w\u00fcrde, falls die USA Iran angreifen w\u00fcrden. Am Samstag verk\u00fcndeten daraufhin mehrere Tausend Iraker ihre Unterst\u00fctzung.\n            <\/div>\n<p><\/p>\n<div class=\"Text-root Text-type_5 ArticleView-text ViewText-root \">\n<p>Wie aus \u00f6rtlichen Berichten vom Samstag hervorgeht, \u00fcber die <em>Press TV<\/em> informierte, haben sich im Osten des Iraks, vor allem in der Provinz Diyala, Tausende Iraker versammelt. Sie gaben bekannt, im Fall eines US-Milit\u00e4reinsatzes gegen Iran als Freiwillige k\u00e4mpfen zu wollen.<\/p>\n<p>Laut den Organisatoren der Veranstaltung haben sich bis zu 5.000 Menschen verpflichtet, Iran und mit Teheran verb\u00fcndete Gruppen im Falle eines Angriffs zu unterst\u00fctzen, und das ohne finanzielle Entsch\u00e4digung.<\/p>\n<p>In einer Erkl\u00e4rung hie\u00df es, sie seien bereit, die eigenen Sicherheitskr\u00e4fte, die Popular Mobilization Forces (eine Sammlung irakischer paramilit\u00e4rischer Einheiten) sowie die Islamische Republik Iran zu unterst\u00fctzen, und sie lehnten eine amerikanische Intervention entschieden ab.<\/p>\n<p>Vertreter der proiranischen Badr-Organisation im Irak erkl\u00e4rten, dass die Namen der Freiwilligen und ihre organisatorische Struktur sp\u00e4ter dem Oberbefehlshaber der irakischen Streitkr\u00e4fte \u00fcbergeben werden sollen.<br \/>Berichte deuten darauf hin, dass \u00e4hnlich motivierte Anmeldungen auch in anderen St\u00e4dten wie Bagdad stattgefunden haben.<\/p>\n<p data-start=\"58\" data-end=\"321\">Die US-Flugzeugtr\u00e4ger bleiben derweil vor den K\u00fcstengew\u00e4ssern Irans positioniert. Das US-Zentralkommando (Centcom) ver\u00f6ffentlichte Aufnahmen, die zeigen, wie der Nimitz-Klasse-Tr\u00e4ger USS Abraham Lincoln eine Nachschuboperation im Arabischen Meer durchf\u00fchrt.<\/p>\n<p data-start=\"323\" data-end=\"696\">Am Donnerstag erkl\u00e4rte der iranische Armeesprecher, Brigadegeneral Mohammad Akraminia, dass das Milit\u00e4r auf einen Krieg vorbereitet ist, der &#8220;die gesamte Region und alle US-St\u00fctzpunkte umfassen&#8221; w\u00fcrde, falls Washington dies w\u00fcnsche. US-Pr\u00e4sident Donald Trump hatte zuvor gewarnt, dass &#8220;wahrscheinlich schlechte Dinge&#8221; passieren w\u00fcrden, falls kein Abkommen zustande komme.<\/p>\n<p data-start=\"118\" data-end=\"539\">Der Irak unterh\u00e4lt seit dem Sturz Saddam Husseins im Jahr 2003 enge Beziehungen zu Iran. Sowohl Teheran als auch Washington konkurrieren um den Einfluss im Land, in dem weiterhin tausende US-Truppen stationiert sind. Zahlreiche politische Parteien und bewaffnete Gruppen stehen zudem in enger Verbindung zu Iran. Irans Staatsoberhaupt Ali Chamenei warnte k\u00fcrzlich vor einem regionalen Krieg, sollte es zu einem erneuten US-Angriff kommen.<\/p>\n<p data-start=\"118\" data-end=\"539\"><strong>Mehr zum Thema<\/strong>\u00a0\u2013\u00a0<a rel=\"nofollow noopener\" target=\"_blank\" href=\"https:\/\/freedert.online\/kurzclips\/video\/269651-nach-iran-gespraechen-witkoff-und\/\">Nach Iran-Gespr\u00e4chen: Witkoff und Kushner besuchen US-Kriegsschiff im Arabischen Meer<\/a><\/p>\n<div class=\"EmbedBlock-root EmbedBlock-externalVideo EmbedBlock-rumble\">\n<div class=\"VkEmbed\"><iframe class=\"lazyload\" data-src=\"https:\/\/rumble.com\/embed\/v73a7m8\" frameborder=\"0\" width=\"853\" height=\"480\" allowfullscreen><\/iframe><\/div>\n<\/div>\n<\/div>\n<p><br \/>\n<br \/><a href=\"https:\/\/de.rt.com\/der-nahe-osten\/269642-tausende-iraker-melden-sich-bereit\/\">Source link <\/a><\/p>\n","protected":false},"excerpt":{"rendered":"<p>Am Donnerstag erkl\u00e4rte Irans Armeesprecher, dass das Milit\u00e4r auf einen Krieg vorbereitet ist, der &#8220;die gesamte Region und alle US-St\u00fctzpunkte umfassen&#8221; w\u00fcrde, falls die USA Iran angreifen w\u00fcrden. Am Samstag verk\u00fcndeten daraufhin mehrere Tausend Iraker ihre Unterst\u00fctzung. Wie aus \u00f6rtlichen Berichten vom Samstag hervorgeht, \u00fcber die Press TV informierte, haben sich im Osten des Iraks, [&hellip;]<\/p>\n","protected":false},"author":3,"featured_media":98589,"comment_status":"open","ping_status":"open","sticky":false,"template":"","format":"standard","meta":{"_yoast_indexnow_last_ping":["1770575864"],"wp_automatic_camp":["217"],"9bbd359b9d764e2528927314b1419a44":["Tausende Iraker wollen Iran im Konflikt mit den USA unterst\u00fctzen"],"original_link":["https:\/\/de.rt.com\/der-nahe-osten\/269642-tausende-iraker-melden-sich-bereit\/"],"_thumbnail_id":["98589"],"jnews_social_counter_last_update":["1777576879"],"_wptgpro_p2tg_sent2tg":["a:1:{i:23737;s:19:\"2026-02-08 20:38:47\";}"]},"categories":[19,23],"tags":[48,58921,1786,1810,419,8460,1190,193,1050],"yoast_head":"<!-- This site is optimized with the Yoast SEO Premium plugin v22.7 (Yoast SEO v22.7) - https:\/\/yoast.com\/wordpress\/plugins\/seo\/ -->\n<title>Tausende Iraker wollen Iran im Konflikt mit den USA unterst\u00fctzen - just-now.NEWS Deutschland<\/title>\n<meta name=\"robots\" content=\"index, follow, max-snippet:-1, max-image-preview:large, max-video-preview:-1\" \/>\n<link rel=\"canonical\" href=\"https:\/\/now-news.de\/de\/deutschland\/tausende-iraker-wollen-iran-im-konflikt-mit-den-usa-unterstuetzen\/\" \/>\n<meta property=\"og:locale\" content=\"de_DE\" \/>\n<meta property=\"og:type\" content=\"article\" \/>\n<meta property=\"og:title\" content=\"Tausende Iraker wollen Iran im Konflikt mit den USA unterst\u00fctzen\" \/>\n<meta property=\"og:description\" content=\"Am Donnerstag erkl\u00e4rte Irans Armeesprecher, dass das Milit\u00e4r auf einen Krieg vorbereitet ist, der &#8220;die gesamte Region und alle US-St\u00fctzpunkte umfassen&#8221; w\u00fcrde, falls die USA Iran angreifen w\u00fcrden. Am Samstag verk\u00fcndeten daraufhin mehrere Tausend Iraker ihre Unterst\u00fctzung. Wie aus \u00f6rtlichen Berichten vom Samstag hervorgeht, \u00fcber die Press TV informierte, haben sich im Osten des Iraks, [&hellip;]\" \/>\n<meta property=\"og:url\" content=\"https:\/\/now-news.de\/de\/deutschland\/tausende-iraker-wollen-iran-im-konflikt-mit-den-usa-unterstuetzen\/\" \/>\n<meta property=\"og:site_name\" content=\"just-now.NEWS Deutschland\" \/>\n<meta property=\"article:publisher\" content=\"https:\/\/www.facebook.com\/wirmachenauf\" \/>\n<meta property=\"article:published_time\" content=\"2026-02-08T18:25:40+00:00\" \/>\n<meta property=\"og:image\" content=\"https:\/\/now-news.de\/de\/wp-content\/uploads\/sites\/3\/2026\/02\/69886f1848fbef317a2bbb64.jpg\" \/>\n<meta name=\"author\" content=\"rtnews\" \/>\n<meta name=\"twitter:card\" content=\"summary_large_image\" \/>\n<meta name=\"twitter:creator\" content=\"@WirMachenAuf_de\" \/>\n<meta name=\"twitter:site\" content=\"@WirMachenAuf_de\" \/>\n<meta name=\"twitter:label1\" content=\"Verfasst von\" \/>\n\t<meta name=\"twitter:data1\" content=\"rtnews\" \/>\n\t<meta name=\"twitter:label2\" content=\"Gesch\u00e4tzte Lesezeit\" \/>\n\t<meta name=\"twitter:data2\" content=\"2\u00a0Minuten\" \/>\n<script type=\"application\/ld+json\" class=\"yoast-schema-graph\">{\"@context\":\"https:\/\/schema.org\",\"@graph\":[{\"@type\":\"Article\",\"@id\":\"https:\/\/now-news.de\/de\/deutschland\/tausende-iraker-wollen-iran-im-konflikt-mit-den-usa-unterstuetzen\/#article\",\"isPartOf\":{\"@id\":\"https:\/\/now-news.de\/de\/deutschland\/tausende-iraker-wollen-iran-im-konflikt-mit-den-usa-unterstuetzen\/\"},\"author\":{\"name\":\"rtnews\",\"@id\":\"https:\/\/now-news.de\/de\/#\/schema\/person\/fb534a4e865501d8b3285208df34a9b5\"},\"headline\":\"Tausende Iraker wollen Iran im Konflikt mit den USA unterst\u00fctzen\",\"datePublished\":\"2026-02-08T18:25:40+00:00\",\"dateModified\":\"2026-02-08T18:25:40+00:00\",\"mainEntityOfPage\":{\"@id\":\"https:\/\/now-news.de\/de\/deutschland\/tausende-iraker-wollen-iran-im-konflikt-mit-den-usa-unterstuetzen\/\"},\"wordCount\":382,\"commentCount\":0,\"publisher\":{\"@id\":\"https:\/\/now-news.de\/de\/#organization\"},\"image\":{\"@id\":\"https:\/\/now-news.de\/de\/deutschland\/tausende-iraker-wollen-iran-im-konflikt-mit-den-usa-unterstuetzen\/#primaryimage\"},\"thumbnailUrl\":\"https:\/\/now-news.de\/de\/wp-content\/uploads\/sites\/3\/2026\/02\/Tausende-Iraker-wollen-Iran-im-Konflikt-mit-den-USA-unterstuetzen.jpg\",\"keywords\":[\"den\",\"Iraker\",\"Iran\",\"Konflikt\",\"mit\",\"Tausende\",\"unterst\u00fctzen\",\"USA\",\"wollen\"],\"articleSection\":[\"Deutschland\",\"Russland\"],\"inLanguage\":\"de\",\"potentialAction\":[{\"@type\":\"CommentAction\",\"name\":\"Comment\",\"target\":[\"https:\/\/now-news.de\/de\/deutschland\/tausende-iraker-wollen-iran-im-konflikt-mit-den-usa-unterstuetzen\/#respond\"]}]},{\"@type\":\"WebPage\",\"@id\":\"https:\/\/now-news.de\/de\/deutschland\/tausende-iraker-wollen-iran-im-konflikt-mit-den-usa-unterstuetzen\/\",\"url\":\"https:\/\/now-news.de\/de\/deutschland\/tausende-iraker-wollen-iran-im-konflikt-mit-den-usa-unterstuetzen\/\",\"name\":\"Tausende Iraker wollen Iran im Konflikt mit den USA unterst\u00fctzen - just-now.NEWS Deutschland\",\"isPartOf\":{\"@id\":\"https:\/\/now-news.de\/de\/#website\"},\"primaryImageOfPage\":{\"@id\":\"https:\/\/now-news.de\/de\/deutschland\/tausende-iraker-wollen-iran-im-konflikt-mit-den-usa-unterstuetzen\/#primaryimage\"},\"image\":{\"@id\":\"https:\/\/now-news.de\/de\/deutschland\/tausende-iraker-wollen-iran-im-konflikt-mit-den-usa-unterstuetzen\/#primaryimage\"},\"thumbnailUrl\":\"https:\/\/now-news.de\/de\/wp-content\/uploads\/sites\/3\/2026\/02\/Tausende-Iraker-wollen-Iran-im-Konflikt-mit-den-USA-unterstuetzen.jpg\",\"datePublished\":\"2026-02-08T18:25:40+00:00\",\"dateModified\":\"2026-02-08T18:25:40+00:00\",\"breadcrumb\":{\"@id\":\"https:\/\/now-news.de\/de\/deutschland\/tausende-iraker-wollen-iran-im-konflikt-mit-den-usa-unterstuetzen\/#breadcrumb\"},\"inLanguage\":\"de\",\"potentialAction\":[{\"@type\":\"ReadAction\",\"target\":[\"https:\/\/now-news.de\/de\/deutschland\/tausende-iraker-wollen-iran-im-konflikt-mit-den-usa-unterstuetzen\/\"]}]},{\"@type\":\"ImageObject\",\"inLanguage\":\"de\",\"@id\":\"https:\/\/now-news.de\/de\/deutschland\/tausende-iraker-wollen-iran-im-konflikt-mit-den-usa-unterstuetzen\/#primaryimage\",\"url\":\"https:\/\/now-news.de\/de\/wp-content\/uploads\/sites\/3\/2026\/02\/Tausende-Iraker-wollen-Iran-im-Konflikt-mit-den-USA-unterstuetzen.jpg\",\"contentUrl\":\"https:\/\/now-news.de\/de\/wp-content\/uploads\/sites\/3\/2026\/02\/Tausende-Iraker-wollen-Iran-im-Konflikt-mit-den-USA-unterstuetzen.jpg\",\"width\":460,\"height\":259,\"caption\":\"Tausende Iraker wollen Iran im Konflikt mit den USA unterst\u00fctzen\"},{\"@type\":\"BreadcrumbList\",\"@id\":\"https:\/\/now-news.de\/de\/deutschland\/tausende-iraker-wollen-iran-im-konflikt-mit-den-usa-unterstuetzen\/#breadcrumb\",\"itemListElement\":[{\"@type\":\"ListItem\",\"position\":1,\"name\":\"Home\",\"item\":\"https:\/\/now-news.de\/de\/\"},{\"@type\":\"ListItem\",\"position\":2,\"name\":\"Tausende Iraker wollen Iran im Konflikt mit den USA unterst\u00fctzen\"}]},{\"@type\":\"WebSite\",\"@id\":\"https:\/\/now-news.de\/de\/#website\",\"url\":\"https:\/\/now-news.de\/de\/\",\"name\":\"just-now.NEWS Deutschland\",\"description\":\"Das Portal f\u00fcr unzensierte Nachrichten aus der Welt\",\"publisher\":{\"@id\":\"https:\/\/now-news.de\/de\/#organization\"},\"potentialAction\":[{\"@type\":\"SearchAction\",\"target\":{\"@type\":\"EntryPoint\",\"urlTemplate\":\"https:\/\/now-news.de\/de\/?s={search_term_string}\"},\"query-input\":\"required name=search_term_string\"}],\"inLanguage\":\"de\"},{\"@type\":\"Organization\",\"@id\":\"https:\/\/now-news.de\/de\/#organization\",\"name\":\"Just Now News\",\"url\":\"https:\/\/now-news.de\/de\/\",\"logo\":{\"@type\":\"ImageObject\",\"inLanguage\":\"de\",\"@id\":\"https:\/\/now-news.de\/de\/#\/schema\/logo\/image\/\",\"url\":\"http:\/\/just-now.news\/de\/wp-content\/uploads\/sites\/3\/2022\/04\/logo500x500.jpg\",\"contentUrl\":\"http:\/\/just-now.news\/de\/wp-content\/uploads\/sites\/3\/2022\/04\/logo500x500.jpg\",\"width\":500,\"height\":500,\"caption\":\"Just Now News\"},\"image\":{\"@id\":\"https:\/\/now-news.de\/de\/#\/schema\/logo\/image\/\"},\"sameAs\":[\"https:\/\/www.facebook.com\/wirmachenauf\",\"https:\/\/x.com\/WirMachenAuf_de\"]},{\"@type\":\"Person\",\"@id\":\"https:\/\/now-news.de\/de\/#\/schema\/person\/fb534a4e865501d8b3285208df34a9b5\",\"name\":\"rtnews\",\"image\":{\"@type\":\"ImageObject\",\"inLanguage\":\"de\",\"@id\":\"https:\/\/now-news.de\/de\/#\/schema\/person\/image\/\",\"url\":\"https:\/\/secure.gravatar.com\/avatar\/82aafea7d8127119dd649515f56e2117?s=96&d=mm&r=g\",\"contentUrl\":\"https:\/\/secure.gravatar.com\/avatar\/82aafea7d8127119dd649515f56e2117?s=96&d=mm&r=g\",\"caption\":\"rtnews\"},\"url\":\"https:\/\/now-news.de\/de\/author\/rnews\/\"}]}<\/script>\n<!-- \/ Yoast SEO Premium plugin. -->","yoast_head_json":{"title":"Tausende Iraker wollen Iran im Konflikt mit den USA unterst\u00fctzen - just-now.NEWS Deutschland","robots":{"index":"index","follow":"follow","max-snippet":"max-snippet:-1","max-image-preview":"max-image-preview:large","max-video-preview":"max-video-preview:-1"},"canonical":"https:\/\/now-news.de\/de\/deutschland\/tausende-iraker-wollen-iran-im-konflikt-mit-den-usa-unterstuetzen\/","og_locale":"de_DE","og_type":"article","og_title":"Tausende Iraker wollen Iran im Konflikt mit den USA unterst\u00fctzen","og_description":"Am Donnerstag erkl\u00e4rte Irans Armeesprecher, dass das Milit\u00e4r auf einen Krieg vorbereitet ist, der &#8220;die gesamte Region und alle US-St\u00fctzpunkte umfassen&#8221; w\u00fcrde, falls die USA Iran angreifen w\u00fcrden. Am Samstag verk\u00fcndeten daraufhin mehrere Tausend Iraker ihre Unterst\u00fctzung. Wie aus \u00f6rtlichen Berichten vom Samstag hervorgeht, \u00fcber die Press TV informierte, haben sich im Osten des Iraks, [&hellip;]","og_url":"https:\/\/now-news.de\/de\/deutschland\/tausende-iraker-wollen-iran-im-konflikt-mit-den-usa-unterstuetzen\/","og_site_name":"just-now.NEWS Deutschland","article_publisher":"https:\/\/www.facebook.com\/wirmachenauf","article_published_time":"2026-02-08T18:25:40+00:00","og_image":[{"url":"https:\/\/now-news.de\/de\/wp-content\/uploads\/sites\/3\/2026\/02\/69886f1848fbef317a2bbb64.jpg"}],"author":"rtnews","twitter_card":"summary_large_image","twitter_creator":"@WirMachenAuf_de","twitter_site":"@WirMachenAuf_de","twitter_misc":{"Verfasst von":"rtnews","Gesch\u00e4tzte Lesezeit":"2\u00a0Minuten"},"schema":{"@context":"https:\/\/schema.org","@graph":[{"@type":"Article","@id":"https:\/\/now-news.de\/de\/deutschland\/tausende-iraker-wollen-iran-im-konflikt-mit-den-usa-unterstuetzen\/#article","isPartOf":{"@id":"https:\/\/now-news.de\/de\/deutschland\/tausende-iraker-wollen-iran-im-konflikt-mit-den-usa-unterstuetzen\/"},"author":{"name":"rtnews","@id":"https:\/\/now-news.de\/de\/#\/schema\/person\/fb534a4e865501d8b3285208df34a9b5"},"headline":"Tausende Iraker wollen Iran im Konflikt mit den USA unterst\u00fctzen","datePublished":"2026-02-08T18:25:40+00:00","dateModified":"2026-02-08T18:25:40+00:00","mainEntityOfPage":{"@id":"https:\/\/now-news.de\/de\/deutschland\/tausende-iraker-wollen-iran-im-konflikt-mit-den-usa-unterstuetzen\/"},"wordCount":382,"commentCount":0,"publisher":{"@id":"https:\/\/now-news.de\/de\/#organization"},"image":{"@id":"https:\/\/now-news.de\/de\/deutschland\/tausende-iraker-wollen-iran-im-konflikt-mit-den-usa-unterstuetzen\/#primaryimage"},"thumbnailUrl":"https:\/\/now-news.de\/de\/wp-content\/uploads\/sites\/3\/2026\/02\/Tausende-Iraker-wollen-Iran-im-Konflikt-mit-den-USA-unterstuetzen.jpg","keywords":["den","Iraker","Iran","Konflikt","mit","Tausende","unterst\u00fctzen","USA","wollen"],"articleSection":["Deutschland","Russland"],"inLanguage":"de","potentialAction":[{"@type":"CommentAction","name":"Comment","target":["https:\/\/now-news.de\/de\/deutschland\/tausende-iraker-wollen-iran-im-konflikt-mit-den-usa-unterstuetzen\/#respond"]}]},{"@type":"WebPage","@id":"https:\/\/now-news.de\/de\/deutschland\/tausende-iraker-wollen-iran-im-konflikt-mit-den-usa-unterstuetzen\/","url":"https:\/\/now-news.de\/de\/deutschland\/tausende-iraker-wollen-iran-im-konflikt-mit-den-usa-unterstuetzen\/","name":"Tausende Iraker wollen Iran im Konflikt mit den USA unterst\u00fctzen - just-now.NEWS Deutschland","isPartOf":{"@id":"https:\/\/now-news.de\/de\/#website"},"primaryImageOfPage":{"@id":"https:\/\/now-news.de\/de\/deutschland\/tausende-iraker-wollen-iran-im-konflikt-mit-den-usa-unterstuetzen\/#primaryimage"},"image":{"@id":"https:\/\/now-news.de\/de\/deutschland\/tausende-iraker-wollen-iran-im-konflikt-mit-den-usa-unterstuetzen\/#primaryimage"},"thumbnailUrl":"https:\/\/now-news.de\/de\/wp-content\/uploads\/sites\/3\/2026\/02\/Tausende-Iraker-wollen-Iran-im-Konflikt-mit-den-USA-unterstuetzen.jpg","datePublished":"2026-02-08T18:25:40+00:00","dateModified":"2026-02-08T18:25:40+00:00","breadcrumb":{"@id":"https:\/\/now-news.de\/de\/deutschland\/tausende-iraker-wollen-iran-im-konflikt-mit-den-usa-unterstuetzen\/#breadcrumb"},"inLanguage":"de","potentialAction":[{"@type":"ReadAction","target":["https:\/\/now-news.de\/de\/deutschland\/tausende-iraker-wollen-iran-im-konflikt-mit-den-usa-unterstuetzen\/"]}]},{"@type":"ImageObject","inLanguage":"de","@id":"https:\/\/now-news.de\/de\/deutschland\/tausende-iraker-wollen-iran-im-konflikt-mit-den-usa-unterstuetzen\/#primaryimage","url":"https:\/\/now-news.de\/de\/wp-content\/uploads\/sites\/3\/2026\/02\/Tausende-Iraker-wollen-Iran-im-Konflikt-mit-den-USA-unterstuetzen.jpg","contentUrl":"https:\/\/now-news.de\/de\/wp-content\/uploads\/sites\/3\/2026\/02\/Tausende-Iraker-wollen-Iran-im-Konflikt-mit-den-USA-unterstuetzen.jpg","width":460,"height":259,"caption":"Tausende Iraker wollen Iran im Konflikt mit den USA unterst\u00fctzen"},{"@type":"BreadcrumbList","@id":"https:\/\/now-news.de\/de\/deutschland\/tausende-iraker-wollen-iran-im-konflikt-mit-den-usa-unterstuetzen\/#breadcrumb","itemListElement":[{"@type":"ListItem","position":1,"name":"Home","item":"https:\/\/now-news.de\/de\/"},{"@type":"ListItem","position":2,"name":"Tausende Iraker wollen Iran im Konflikt mit den USA unterst\u00fctzen"}]},{"@type":"WebSite","@id":"https:\/\/now-news.de\/de\/#website","url":"https:\/\/now-news.de\/de\/","name":"just-now.NEWS Deutschland","description":"Das Portal f\u00fcr unzensierte Nachrichten aus der Welt","publisher":{"@id":"https:\/\/now-news.de\/de\/#organization"},"potentialAction":[{"@type":"SearchAction","target":{"@type":"EntryPoint","urlTemplate":"https:\/\/now-news.de\/de\/?s={search_term_string}"},"query-input":"required name=search_term_string"}],"inLanguage":"de"},{"@type":"Organization","@id":"https:\/\/now-news.de\/de\/#organization","name":"Just Now News","url":"https:\/\/now-news.de\/de\/","logo":{"@type":"ImageObject","inLanguage":"de","@id":"https:\/\/now-news.de\/de\/#\/schema\/logo\/image\/","url":"http:\/\/just-now.news\/de\/wp-content\/uploads\/sites\/3\/2022\/04\/logo500x500.jpg","contentUrl":"http:\/\/just-now.news\/de\/wp-content\/uploads\/sites\/3\/2022\/04\/logo500x500.jpg","width":500,"height":500,"caption":"Just Now News"},"image":{"@id":"https:\/\/now-news.de\/de\/#\/schema\/logo\/image\/"},"sameAs":["https:\/\/www.facebook.com\/wirmachenauf","https:\/\/x.com\/WirMachenAuf_de"]},{"@type":"Person","@id":"https:\/\/now-news.de\/de\/#\/schema\/person\/fb534a4e865501d8b3285208df34a9b5","name":"rtnews","image":{"@type":"ImageObject","inLanguage":"de","@id":"https:\/\/now-news.de\/de\/#\/schema\/person\/image\/","url":"https:\/\/secure.gravatar.com\/avatar\/82aafea7d8127119dd649515f56e2117?s=96&d=mm&r=g","contentUrl":"https:\/\/secure.gravatar.com\/avatar\/82aafea7d8127119dd649515f56e2117?s=96&d=mm&r=g","caption":"rtnews"},"url":"https:\/\/now-news.de\/de\/author\/rnews\/"}]}},"_links":{"self":[{"href":"https:\/\/now-news.de\/de\/wp-json\/wp\/v2\/posts\/98588"}],"collection":[{"href":"https:\/\/now-news.de\/de\/wp-json\/wp\/v2\/posts"}],"about":[{"href":"https:\/\/now-news.de\/de\/wp-json\/wp\/v2\/types\/post"}],"author":[{"embeddable":true,"href":"https:\/\/now-news.de\/de\/wp-json\/wp\/v2\/users\/3"}],"replies":[{"embeddable":true,"href":"https:\/\/now-news.de\/de\/wp-json\/wp\/v2\/comments?post=98588"}],"version-history":[{"count":0,"href":"https:\/\/now-news.de\/de\/wp-json\/wp\/v2\/posts\/98588\/revisions"}],"wp:featuredmedia":[{"embeddable":true,"href":"https:\/\/now-news.de\/de\/wp-json\/wp\/v2\/media\/98589"}],"wp:attachment":[{"href":"https:\/\/now-news.de\/de\/wp-json\/wp\/v2\/media?parent=98588"}],"wp:term":[{"taxonomy":"category","embeddable":true,"href":"https:\/\/now-news.de\/de\/wp-json\/wp\/v2\/categories?post=98588"},{"taxonomy":"post_tag","embeddable":true,"href":"https:\/\/now-news.de\/de\/wp-json\/wp\/v2\/tags?post=98588"}],"curies":[{"name":"wp","href":"https:\/\/api.w.org\/{rel}","templated":true}]}}