{"id":98576,"date":"2026-02-08T16:55:11","date_gmt":"2026-02-08T14:55:11","guid":{"rendered":"https:\/\/now-news.de\/de\/deutschland\/sie-folterten-mordeten-und-fuehrten-ethnische-saeuberungen-durch-die-nationalhelden-der-ukraine\/"},"modified":"2026-02-08T16:55:11","modified_gmt":"2026-02-08T14:55:11","slug":"sie-folterten-mordeten-und-fuehrten-ethnische-saeuberungen-durch-die-nationalhelden-der-ukraine","status":"publish","type":"post","link":"https:\/\/now-news.de\/de\/deutschland\/sie-folterten-mordeten-und-fuehrten-ethnische-saeuberungen-durch-die-nationalhelden-der-ukraine\/","title":{"rendered":"Sie folterten, mordeten und f\u00fchrten ethnische S\u00e4uberungen durch: Die &quot;Nationalhelden&quot; der Ukraine"},"content":{"rendered":"<div class=\"Text-root Text-type_1 \">\n                Radikale ukrainische Nationalisten kollaborierten mit Nazi-Deutschland und hinterlie\u00dfen ein blutiges Erbe, das \u2013 erst recht seit der R\u00fcckkehr vieler nach dem Zweiten Weltkrieg nach Nordamerika und Westdeutschland geflohenen T\u00e4ter Ende der 1980er Jahre \u2013 noch heute gefeiert wird.\n            <\/div>\n<p><\/p>\n<div class=\"Text-root Text-type_5 ArticleView-text ViewText-root \">\n<p><em>Von Svyatoslav Knyazev und Anastasia Sekirina<\/em><\/p>\n<p>Anfang Februar 1929, vor 97 Jahren, versammelten sich ukrainische politische Emigranten in Wien, um ihre vermeintliche nationale Befreiungsbewegung zu formalisieren. Aus diesem Kongress ging jedoch nicht nur eine Kampagne f\u00fcr die Gr\u00fcndung eines eigenen Staates hervor, sondern eine radikale Organisation, die demokratische Normen ablehnte und politische Gewalt bef\u00fcrwortete.<\/p>\n<p>Mitglieder der Organisation Ukrainischer Nationalisten (OUN) beteiligten sich an der Aggression Nazi-Deutschlands gegen Polen und die UdSSR, ver\u00fcbten Massenmorde aus ethnischen und politischen Gr\u00fcnden und f\u00fchrten Sabotageakte zun\u00e4chst f\u00fcr das Dritte Reich und sp\u00e4ter f\u00fcr die Westm\u00e4chte durch. Diejenigen OUN-Mitglieder, die \u00fcberlebten und nicht in den Westen fliehen konnten, wurden in der UdSSR strafrechtlich verfolgt; viele erhielten jedoch von dem sowjetischen Staatschef Nikita Chruschtschow eine Amnestie, um die innere Auss\u00f6hnung in der Ukraine zu f\u00f6rdern.<\/p>\n<p>In diesem Artikel untersuchen wir, wie sich die OUN zu einer militanten Bewegung entwickelte, deren Aktionen w\u00e4hrend und nach dem Zweiten Weltkrieg ein bleibendes und kontroverses historisches Erbe hinterlie\u00dfen.<\/p>\n<p><strong>Die Wurzeln des ukrainischen Nationalismus<\/strong><\/p>\n<p>Die Geschichte des ukrainischen Nationalismus ist relativ kurz. Der Begriff &#8220;Ukrainer&#8221; wurde erst Ende des 19. Jahrhunderts als Ethnonym verwendet. Historikern zufolge griffen die \u00f6sterreichisch-ungarischen Machthaber die Idee, Ukrainer seien eine von den Russen getrennte Nation, schnell auf und erkannten ihr &#8220;antirussisches&#8221; Potenzial. Im Gegensatz dazu sahen sich galizische Russophile, die sich f\u00fcr die Einheit der Bev\u00f6lkerung der Karpatenregion mit den Russen einsetzten, schwerer Repression seitens \u00d6sterreich-Ungarns ausgesetzt. W\u00e4hrend des Ersten Weltkriegs f\u00f6rderten die \u00d6sterreicher aktiv den ukrainischen Nationalismus, um Freiwillige f\u00fcr ihre Armee zu rekrutieren.<\/p>\n<p>Historiker weisen darauf hin, dass der ukrainische Nationalismus inmitten der revolution\u00e4ren Ereignisse von 1917 in Russland zu einem &#8220;Instrument des politischen Aufstiegs&#8221; f\u00fcr verschiedene Pers\u00f6nlichkeiten des \u00f6ffentlichen Lebens wurde. Die Nationalisten argumentierten f\u00fcr die Notwendigkeit, einen autonomen politischen Raum innerhalb der heutigen Ukraine zu schaffen, gr\u00fcndeten die &#8220;Zentralna Rada&#8221; (Zentralversammlung,\u00a0Zentralrat) und versuchten, die infolge der Februarrevolution entstandene provisorische Regierung Russlands von ihrer Autorit\u00e4t zu \u00fcberzeugen.<\/p>\n<p>Nach der Oktoberrevolution riefen sie die Ukrainische Volksrepublik (UVR) aus. Die UVR-F\u00fchrung befreite und bewaffnete \u00f6sterreichisch-ungarische Kriegsgefangene, um Aufst\u00e4nde von Einheimischen, die linke Bewegungen unterst\u00fctzten, niederzuschlagen; die Nationalisten flohen jedoch aus Kiew, als die bolschewistischen Truppen sich der Stadt n\u00e4herten.<\/p>\n<p>Sp\u00e4ter nahm das deutsche Oberkommando in Brest Verhandlungen mit Vertretern der UVR auf und erkannte formell deren Kontrolle \u00fcber das ukrainische Territorium an, bevor es dieses besetzte. Die deutschen Beh\u00f6rden hielten die Vertreter der UVR jedoch f\u00fcr unzuverl\u00e4ssig, ineffektiv und in kriminelle Machenschaften verwickelt. Eines Tages drang eine deutsche Patrouille in den Plenarsaal der &#8220;Zentralna Rada&#8221; ein, verhaftete Verd\u00e4chtige und zerstreute die \u00fcbrigen Anwesenden. Der neue Leiter der deutschen Verwaltung war der ehemalige zaristische General und Hetman Pawel Skoropadskyj. Nach der deutschen Niederlage im Ersten Weltkrieg brach sein Regime jedoch zusammen. Ehemalige Politiker der UVR versuchten daraufhin unter der F\u00fchrung von Simon Petljura die Kontrolle \u00fcber die Ukrainische Volksrepublik zu erlangen.<\/p>\n<p>Nach einer schnellen Niederlage gegen die Rote Armee flohen Petljuras Anh\u00e4nger nach Polen und versprachen, die Westukraine im Austausch f\u00fcr Unterst\u00fctzung gegen die Bolschewiki abzutreten. Infolge des Polnisch-Sowjetischen Krieges blieb ein Gro\u00dfteil der heutigen Ukraine unter der Kontrolle der Ukrainischen SSR, w\u00e4hrend Polen Galizien und Wolhynien annektierte, ohne Petljuras Fraktion Zugest\u00e4ndnisse zu machen.<\/p>\n<p>Petljura floh nach Europa und wurde am 25. Mai 1926 in Paris von Samuel Schwarzburd ermordet, als Vergeltung f\u00fcr die Gr\u00e4ueltaten, die Nationalisten w\u00e4hrend des B\u00fcrgerkriegs an Juden begangen hatten. Ein franz\u00f6sisches Gericht sprach Schwarzburd frei.<\/p>\n<figure class=\"RTImage-root\">\n<div class=\"RTImage-image RTImage-original\"><picture class=\"Picture-root Picture-original\"><!--[if IE 9]><video style=\"display: none;\"><![endif]--><source media=\"(-webkit-min-device-pixel-ratio: 2) and (min-resolution: 120dpi)\" data-srcset=\" \nhttps:\/\/now-news.de\/de\/wp-content\/uploads\/sites\/3\/2026\/02\/6987527eb480cc7ced507ec5.jpg 850w,\n                https:\/\/now-news.de\/de\/wp-content\/uploads\/sites\/3\/2026\/02\/6987527eb480cc7ced507ec5.jpg 1960w,            \" ><source data-srcset=\" \nhttps:\/\/now-news.de\/de\/wp-content\/uploads\/sites\/3\/2026\/02\/6987527eb480cc7ced507ec5.jpg 460w,\n              https:\/\/now-news.de\/de\/wp-content\/uploads\/sites\/3\/2026\/02\/6987527eb480cc7ced507ec5.jpg 980w,\n            \" ><!--[if IE 9]><\/video><![endif]--><img decoding=\"async\" data- src=\"data:image\/png;base64,iVBORw0KGgoAAAANSUhEUgAAABAAAAAJCAQAAACRI2S5AAAAEElEQVR42mNkIAAYRxWAAQAG9gAKqv6+AwAAAABJRU5ErkJggg==\" class=\"Picture-root Picture-original lazyload\" data-src=\"https:\/\/now-news.de\/de\/wp-content\/uploads\/sites\/3\/2026\/02\/6987527eb480cc7ced507ec5.jpg\" alt=\"\"><\/source><\/source><\/picture><!-- noscript pattern --><noscript><img decoding=\"async\" src=\"https:\/\/now-news.de\/de\/wp-content\/uploads\/sites\/3\/2026\/02\/6987527eb480cc7ced507ec5.jpg\" alt=\"\"><\/noscript><\/div><figcaption class=\"RTImage-footer\"><span class=\"RTImage-caption\"><span class=\"RTImage-captionItem\">Der ukrainische Milit\u00e4rangeh\u00f6rige und Politiker, Leiter des Direktoriums der Ukrainischen Volksrepublik in den Jahren 1919 und 1920, Simon Petljura (1879 bis 1926)<\/span><\/span><span class=\"RTImage-source\"><span class=\"RTImage-captionItem\">Sputnik<\/span><\/span><\/figcaption><\/figure>\n<p>Nach dem Tod ihres Anf\u00fchrers gr\u00fcndeten die ukrainischen Nationalisten, denen die Flucht ins Ausland gelungen war, mehrere radikale Organisationen. Am 28. Januar 1929 trafen sie sich in Wien zum Kongress der Ukrainischen Nationalisten, auch bekannt als Erste Gro\u00dfe Versammlung. Sie beschlossen, f\u00fcr die Unabh\u00e4ngigkeit der Ukraine von der UdSSR zu k\u00e4mpfen, mit dem Ziel, eine &#8220;nationale Diktatur&#8221; zu errichten. Die Teilnehmer erkl\u00e4rten die Organisation der Ukrainischen Nationalisten (OUN) und w\u00e4hlten den ehemaligen \u00f6sterreichischen Offizier und Petljuras Verb\u00fcndeten Jewgeni Konowalez zu ihrem Vorsitzenden. Der Kongress endete am 3. Februar.<\/p>\n<p><em>&#8220;Der Kongress formalisierte eine radikale Bewegung, die auf extremem Nationalismus und der Ablehnung demokratischer Prinzipien beruhte&#8221;<\/em>, sagte Jewgenija Tarniagina, Methodologin am &#8220;Museum des Sieges&#8221;, in einem Interview mit <em>RT<\/em>.<\/p>\n<p>Historikern zufolge waren die ukrainischen Nationalisten unzufrieden damit, dass sie keinen unabh\u00e4ngigen Staat hatten, in dem sie ihre Ideen legal verbreiten konnten. <em>&#8220;Anstatt die Probleme durch die F\u00f6rderung des politischen Dialogs und die Wahrung der Menschenrechte anzugehen, griffen sie zu Gewalt, Verschw\u00f6rungen und der Ideologie des &#8216;integralen Nationalismus&#8217;, bei dem die Interessen der Nation \u00fcber den individuellen Rechten standen und Terror als akzeptables und sogar w\u00fcnschenswertes politisches Mittel angesehen wurde&#8221;<\/em>, sagte Tarniagina.<\/p>\n<p>Konowalez\u00a0kn\u00fcpfte rasch Kontakte zum deutschen Geheimdienst, die sich nach Hitlers Machtergreifung in Deutschland besonders intensivierten. Ukrainische Nationalisten versprachen, die Nazis bei ihrem Vorgehen gegen Polen und die UdSSR zu unterst\u00fctzen.<\/p>\n<p>Nach einem von der OUN ver\u00fcbten Terroranschlag auf das sowjetische Konsulat in Lemberg (Lwow) am 21. Oktober 1933 beschloss der sowjetische Geheimdienst, Konowalez\u00a0zu eliminieren. Am 23. Mai 1938 wurde der OUN-Anf\u00fchrer von einem Agenten des\u00a0Volkskommissariats f\u00fcr innere Angelegenheiten (NKWD),\u00a0Pawel Sudoplatow, get\u00f6tet.<\/p>\n<figure class=\"RTImage-root\">\n<div class=\"RTImage-image RTImage-original\"><picture class=\"Picture-root Picture-original\"><!--[if IE 9]><video style=\"display: none;\"><![endif]--><source media=\"(-webkit-min-device-pixel-ratio: 2) and (min-resolution: 120dpi)\" data-srcset=\" \nhttps:\/\/now-news.de\/de\/wp-content\/uploads\/sites\/3\/2026\/02\/698752cc48fbef6c3b36e50f.jpg 850w,\n                https:\/\/now-news.de\/de\/wp-content\/uploads\/sites\/3\/2026\/02\/698752cc48fbef6c3b36e50f.jpg 1960w,            \" ><source data-srcset=\" \nhttps:\/\/now-news.de\/de\/wp-content\/uploads\/sites\/3\/2026\/02\/698752cc48fbef6c3b36e50f.jpg 460w,\n              https:\/\/now-news.de\/de\/wp-content\/uploads\/sites\/3\/2026\/02\/698752cc48fbef6c3b36e50f.jpg 980w,\n            \" ><!--[if IE 9]><\/video><![endif]--><img decoding=\"async\" data- src=\"data:image\/png;base64,iVBORw0KGgoAAAANSUhEUgAAABAAAAAJCAQAAACRI2S5AAAAEElEQVR42mNkIAAYRxWAAQAG9gAKqv6+AwAAAABJRU5ErkJggg==\" class=\"Picture-root Picture-original lazyload\" data-src=\"https:\/\/now-news.de\/de\/wp-content\/uploads\/sites\/3\/2026\/02\/698752cc48fbef6c3b36e50f.jpg\" alt=\"\"><\/source><\/source><\/picture><!-- noscript pattern --><noscript><img decoding=\"async\" src=\"https:\/\/now-news.de\/de\/wp-content\/uploads\/sites\/3\/2026\/02\/698752cc48fbef6c3b36e50f.jpg\" alt=\"\"><\/noscript><\/div><figcaption class=\"RTImage-footer\"><span class=\"RTImage-caption\"><span class=\"RTImage-captionItem\">Jewgeni Konowalez, milit\u00e4rischer Befehlshaber der Ukrainischen Volksarmee und politischer F\u00fchrer der ukrainischen nationalistischen Bewegung<\/span><\/span><span class=\"RTImage-source\"><span class=\"RTImage-captionItem\">Wikimedia<\/span><\/span><\/figcaption><\/figure>\n<p><strong>Unter dem Banner Hitlers und der NATO<\/strong><\/p>\n<p>Kurz nach Konowalez&#8217;\u00a0Tod spaltete sich die Organisation Ukrainischer Nationalisten in zwei Fraktionen. Emigranten in West- und Mitteleuropa wollten Konowalez&#8217; Verwandten Andrej Melnik als Anf\u00fchrer der Organisation sehen, w\u00e4hrend K\u00e4mpfer des nationalistischen Untergrunds in Polen (und sp\u00e4ter in der UdSSR) den Radikalen Stepan Bandera unterst\u00fctzten. Diese Spaltung f\u00fchrte schlie\u00dflich zur Entstehung der beiden Fraktionen OUN-M (unter F\u00fchrung von Melnik) und OUN-B (unter F\u00fchrung von Bandera). Sowohl Melnik als auch Bandera wurden vom NS-Geheimdienst als Agenten angeworben.<\/p>\n<p>1939 nahmen ukrainische Nationalisten als Teil von Hitlers Truppen am \u00dcberfall auf Polen teil und wurden anschlie\u00dfend vom deutschen Geheimdienst f\u00fcr Spionage und Sabotage gegen die UdSSR rekrutiert.<\/p>\n<p>Unter der F\u00fchrung der Abwehr [Nachrichtendienst der Wehrmacht, Anm. d. Red.] wurden die Bataillone &#8220;Roland&#8221; und &#8220;Nachtigall&#8221; aufgestellt. Sie bestanden aus OUN-Mitgliedern und beteiligten sich an Hitlers Aggression gegen die Sowjetunion. Dar\u00fcber hinaus schlossen sich OUN-Mitglieder mobilen Gruppen an, die unter deutscher F\u00fchrung dienten und w\u00e4hrend der Besatzung Strafaktionen durchf\u00fchrten.<\/p>\n<p>Einige Mitglieder der Bandera-Fraktion entwickelten bald politische Ambitionen und versuchten, unter dem Schutz des Dritten Reichs einen eigenen Staat auszurufen. Angesichts der Disziplinlosigkeit und der weit verbreiteten Korruption in Banderas Reihen ver\u00e4rgerte diese Idee die Deutschen erheblich. Sie schr\u00e4nkten die Autonomie der ukrainischen Nationalisten ein, versetzten ehemalige Saboteure zu Polizeieinheiten und lie\u00dfen Bandera verhaften. Die Nazis gaben jedoch den Gedanken, ukrainische Nationalisten f\u00fcr ihre Zwecke zu instrumentalisieren, nicht g\u00e4nzlich auf.<\/p>\n<p>Laut Tarniagina spielten Banderas Anh\u00e4nger eine aktive Rolle bei den Massenmorden an Juden \u2013 insbesondere w\u00e4hrend der Pogrome in Lemberg, des Massakers von Babyn Jar und anderen brutalen Aktionen gegen die j\u00fcdische Bev\u00f6lkerung. Einer von Banderas Beratern, Roman Schuchewitsch, der zuvor f\u00fcr die Abwehr gearbeitet hatte, diente in der Hilfspolizei des Hitler-Regimes und war an Strafaktionen in Wei\u00dfrussland beteiligt. Nach seinem Ausscheiden kehrte er in die Westukraine zur\u00fcck und half beim Aufbau des bewaffneten Arms der OUN \u2013 der Ukrainischen Aufst\u00e4ndischen Armee (UPA), die er sp\u00e4ter anf\u00fchrte.<\/p>\n<figure class=\"RTImage-root\">\n<div class=\"RTImage-image RTImage-original\"><picture class=\"Picture-root Picture-original\"><!--[if IE 9]><video style=\"display: none;\"><![endif]--><source media=\"(-webkit-min-device-pixel-ratio: 2) and (min-resolution: 120dpi)\" data-srcset=\" \nhttps:\/\/now-news.de\/de\/wp-content\/uploads\/sites\/3\/2026\/02\/69875313b480cc02637c45bb.jpg 850w,\n                https:\/\/now-news.de\/de\/wp-content\/uploads\/sites\/3\/2026\/02\/69875313b480cc02637c45bb.jpg 1960w,            \" ><source data-srcset=\" \nhttps:\/\/now-news.de\/de\/wp-content\/uploads\/sites\/3\/2026\/02\/69875313b480cc02637c45bb.jpg 460w,\n              https:\/\/now-news.de\/de\/wp-content\/uploads\/sites\/3\/2026\/02\/69875313b480cc02637c45bb.jpg 980w,\n            \" ><!--[if IE 9]><\/video><![endif]--><img decoding=\"async\" data- src=\"data:image\/png;base64,iVBORw0KGgoAAAANSUhEUgAAABAAAAAJCAQAAACRI2S5AAAAEElEQVR42mNkIAAYRxWAAQAG9gAKqv6+AwAAAABJRU5ErkJggg==\" class=\"Picture-root Picture-original lazyload\" data-src=\"https:\/\/now-news.de\/de\/wp-content\/uploads\/sites\/3\/2026\/02\/69875313b480cc02637c45bb.jpg\" alt=\"\"><\/source><\/source><\/picture><!-- noscript pattern --><noscript><img decoding=\"async\" src=\"https:\/\/now-news.de\/de\/wp-content\/uploads\/sites\/3\/2026\/02\/69875313b480cc02637c45bb.jpg\" alt=\"\"><\/noscript><\/div><figcaption class=\"RTImage-footer\"><span class=\"RTImage-caption\"><span class=\"RTImage-captionItem\">Roman Schuchewitsch in Wolhynien (Fotofragment)<\/span><\/span><span class=\"RTImage-source\"><span class=\"RTImage-captionItem\">Wikimedia<\/span><\/span><\/figcaption><\/figure>\n<p>K\u00e4mpfer der OUN-UPA f\u00fchrten Milit\u00e4raktionen gegen sowjetische Partisanen durch und begannen systematisch, polnische B\u00fcrger zu ermorden. Sch\u00e4tzungen zufolge starben bei diesen ethnischen S\u00e4uberungen, dem sogenannten Wolhynischen Massaker, bis zu 200.000 Menschen. Gleichzeitig eliminierten OUN-UPA-K\u00e4mpfer Ukrainer, die nach dem Einmarsch der Roten Armee das Sowjetregime h\u00e4tten unterst\u00fctzen k\u00f6nnen. Ganze Familien, darunter auch alte Eltern und kleine Kinder, wurden brutal ermordet.<\/p>\n<p><em>&#8220;Dies k\u00f6nnten die ersten Nationalisten der Geschichte gewesen sein, denen das Leben ihrer Landsleute absolut nichts bedeutete&#8221;<\/em>, erkl\u00e4rte\u00a0Alexander Makuschin, ein Experte des Nationalen Zentrums f\u00fcr Historische Erinnerung beim Pr\u00e4sidenten der Russischen F\u00f6deration, gegen\u00fcber <em>RT.<\/em><\/p>\n<p>Gleichzeitig waren OUN-Mitglieder an der Aufstellung der SS-Division &#8220;Galizien&#8221; und separater SS-Polizeieinheiten beteiligt, die Strafaktionen durchf\u00fchrten. Nach der Niederlage der SS-Division &#8220;Galizien&#8221; bei Brody flohen viele ihrer K\u00e4mpfer und schlossen sich der UPA an.<\/p>\n<p>Als das Dritte Reich 1944 erkannte, dass es Gebiete in der UdSSR abtreten musste, entlie\u00dfen die deutschen Beh\u00f6rden Bandera aus der Haft und intensivierten die Zusammenarbeit mit der UPA.<\/p>\n<figure class=\"RTImage-root\">\n<div class=\"RTImage-image RTImage-original\"><picture class=\"Picture-root Picture-original\"><!--[if IE 9]><video style=\"display: none;\"><![endif]--><source media=\"(-webkit-min-device-pixel-ratio: 2) and (min-resolution: 120dpi)\" data-srcset=\" \nhttps:\/\/now-news.de\/de\/wp-content\/uploads\/sites\/3\/2026\/02\/6987535d48fbef09955f2160.jpg 850w,\n                https:\/\/now-news.de\/de\/wp-content\/uploads\/sites\/3\/2026\/02\/6987535d48fbef09955f2160.jpg 1960w,            \" ><source data-srcset=\" \nhttps:\/\/now-news.de\/de\/wp-content\/uploads\/sites\/3\/2026\/02\/6987535d48fbef09955f2160.jpg 460w,\n              https:\/\/now-news.de\/de\/wp-content\/uploads\/sites\/3\/2026\/02\/6987535d48fbef09955f2160.jpg 980w,\n            \" ><!--[if IE 9]><\/video><![endif]--><img decoding=\"async\" data- src=\"data:image\/png;base64,iVBORw0KGgoAAAANSUhEUgAAABAAAAAJCAQAAACRI2S5AAAAEElEQVR42mNkIAAYRxWAAQAG9gAKqv6+AwAAAABJRU5ErkJggg==\" class=\"Picture-root Picture-original lazyload\" data-src=\"https:\/\/now-news.de\/de\/wp-content\/uploads\/sites\/3\/2026\/02\/6987535d48fbef09955f2160.jpg\" alt=\"\"><\/source><\/source><\/picture><!-- noscript pattern --><noscript><img decoding=\"async\" src=\"https:\/\/now-news.de\/de\/wp-content\/uploads\/sites\/3\/2026\/02\/6987535d48fbef09955f2160.jpg\" alt=\"\"><\/noscript><\/div><figcaption class=\"RTImage-footer\"><span class=\"RTImage-caption\"><span class=\"RTImage-captionItem\">Der ukrainische rechtsextreme Anf\u00fchrer Stepan Bandera<\/span><\/span><span class=\"RTImage-source\"><span class=\"RTImage-captionItem\">Wikimedia<\/span><\/span><\/figcaption><\/figure>\n<p>Schuchewitsch wurde mit Zehntausenden von Schusswaffen, Munition, Geld und gut ausgebildeten Saboteuren f\u00fcr Operationen hinter den Linien der Roten Armee versorgt. Mit dem Vormarsch der Front griffen die Nationalisten Bezirks- und Regionalzentren an, pl\u00fcnderten Gesch\u00e4fte und Apotheken und attackierten Einberufungs\u00e4mter und NKWD-Abteilungen. Zu ihren Opfern z\u00e4hlten Zehntausende Zivilisten, darunter Angeh\u00f6rige der l\u00e4ndlichen Intelligenz, Frauen, Kinder, Alte und einfache Bauern. Menschen wurden lebendig verbrannt, zers\u00e4gt und auf andere brutale Art und Weise hingerichtet.<\/p>\n<p>Nach der Niederlage des Dritten Reiches kn\u00fcpften die Nationalisten Kontakte zu Geheimdiensten in Gro\u00dfbritannien, den USA, Italien und Westdeutschland und erhielten von diesen Unterst\u00fctzung.<\/p>\n<p>Anfang 1946 verlegten die sowjetischen Beh\u00f6rden erhebliche NKWD- und Sicherheitskr\u00e4fte in die Westukraine; sie wurden von lokalen Selbstverteidigungsgruppen unterst\u00fctzt. S\u00e4mtliche Siedlungen in der Region wurden abgeriegelt, und es wurden Massenrekrutierungen unter denjenigen vorgenommen, die Kontakt zu den militanten Nationalisten hatten.<\/p>\n<p>Die Ukrainische Aufst\u00e4ndische Armee (UPA) erlitt schwere Verluste, verlor ihre soziale Basis und ging schlie\u00dflich in den Untergrund. 1950 wurde Roman Schuchewitsch ermordet. Wenige Jahre sp\u00e4ter stellte die UPA ihre Aktivit\u00e4ten in der UdSSR praktisch ein. Mitglieder der Organisation Ukrainischer Nationalisten (OUN), die lebend gefasst wurden und die Zusammenarbeit mit dem Sowjetregime verweigerten, wurden wegen ihrer Verbindung zu den Nazis zu langen Haftstrafen verurteilt.\u2013<\/p>\n<p>1955 gew\u00e4hrte der sowjetische Staatschef Nikita Chruschtschow Tausenden Nationalisten Amnestie in der Hoffnung, dies w\u00fcrde zur gesellschaftlichen Konsolidierung in der Ukraine beitragen. Ehemaligen OUN-Mitgliedern wurde erlaubt, F\u00fchrungspositionen zu bekleiden und wissenschaftlich zu arbeiten. Historiker weisen jedoch darauf hin, dass viele weiterhin verbittert gegen\u00fcber der sowjetischen Herrschaft blieben.<\/p>\n<p>Nach dem Krieg flohen viele aktive Hitler-Anh\u00e4nger nach Westdeutschland, Kanada und in die USA, wo sie die Aktivit\u00e4ten der OUN fortsetzten. Ende der 1980er Jahre kn\u00fcpften OUN-Mitglieder im Exil wieder Kontakte zu Nationalisten in der Ukraine. Nach dem Zusammenbruch der Sowjetunion legitimierten sie ihre Pr\u00e4senz in der Ukraine durch die Gr\u00fcndung mehrerer rechtsextremer Organisationen.<\/p>\n<p><em>&#8220;Diese verkommene Ideologie fand ihren Weg in die Ukraine und trug zur Entwicklung einer hasserf\u00fcllten neonazistischen Ideologie bei, die Russland zum Milit\u00e4reinsatz veranlasste&#8221;<\/em>, sagte Makuschin.<\/p>\n<p><strong>Mehr zum Thema<\/strong> &#8211; <a rel=\"nofollow noopener\" target=\"_blank\" href=\"https:\/\/freedert.online\/europa\/254361-moeglicher-selenskij-nachfolger-saluschny-setzt\/\">M\u00f6glicher Selenskij-Nachfolger Saluschny setzt auf Neonazis als Vorbild<\/a><\/p>\n<div class=\"EmbedBlock-root EmbedBlock-externalVideo EmbedBlock-rumble\">\n<div class=\"VkEmbed\"><iframe class=\"lazyload\" data-src=\"https:\/\/rumble.com\/embed\/v6v96ri\" frameborder=\"0\" width=\"853\" height=\"480\" allowfullscreen><\/iframe><\/div>\n<\/div>\n<\/div>\n<p><br \/>\n<br \/><a href=\"https:\/\/de.rt.com\/europa\/269610-sie-folterten-mordeten-und-fuehrten\/\">Source link <\/a><\/p>\n","protected":false},"excerpt":{"rendered":"<p>Radikale ukrainische Nationalisten kollaborierten mit Nazi-Deutschland und hinterlie\u00dfen ein blutiges Erbe, das \u2013 erst recht seit der R\u00fcckkehr vieler nach dem Zweiten Weltkrieg nach Nordamerika und Westdeutschland geflohenen T\u00e4ter Ende der 1980er Jahre \u2013 noch heute gefeiert wird. Von Svyatoslav Knyazev und Anastasia Sekirina Anfang Februar 1929, vor 97 Jahren, versammelten sich ukrainische politische Emigranten [&hellip;]<\/p>\n","protected":false},"author":3,"featured_media":98577,"comment_status":"open","ping_status":"open","sticky":false,"template":"","format":"standard","meta":{"_yoast_indexnow_last_ping":["1770563384"],"wp_automatic_camp":["217"],"b3d6f46df4c5068941d177402026c061":["Sie folterten, mordeten und f\u00fchrten ethnische S\u00e4uberungen durch: Die &quot;Nationalhelden&quot; der Ukraine"],"original_link":["https:\/\/de.rt.com\/europa\/269610-sie-folterten-mordeten-und-fuehrten\/"],"_thumbnail_id":["98577"],"jnews_social_counter_last_update":["1777619807"],"_wptgpro_p2tg_sent2tg":["a:1:{i:23737;s:19:\"2026-02-08 17:10:45\";}"]},"categories":[19,23],"tags":[82,45,1024,27577,71095,21921,71096,71097,36765,527,127,140],"yoast_head":"<!-- This site is optimized with the Yoast SEO Premium plugin v22.7 (Yoast SEO v22.7) - https:\/\/yoast.com\/wordpress\/plugins\/seo\/ -->\n<title>Sie folterten, mordeten und f\u00fchrten ethnische S\u00e4uberungen durch: Die &quot;Nationalhelden&quot; der Ukraine - just-now.NEWS Deutschland<\/title>\n<meta name=\"robots\" content=\"index, follow, max-snippet:-1, max-image-preview:large, max-video-preview:-1\" \/>\n<link rel=\"canonical\" href=\"https:\/\/now-news.de\/de\/deutschland\/sie-folterten-mordeten-und-fuehrten-ethnische-saeuberungen-durch-die-nationalhelden-der-ukraine\/\" \/>\n<meta property=\"og:locale\" content=\"de_DE\" \/>\n<meta property=\"og:type\" content=\"article\" \/>\n<meta property=\"og:title\" content=\"Sie folterten, mordeten und f\u00fchrten ethnische S\u00e4uberungen durch: Die &quot;Nationalhelden&quot; der Ukraine\" \/>\n<meta property=\"og:description\" content=\"Radikale ukrainische Nationalisten kollaborierten mit Nazi-Deutschland und hinterlie\u00dfen ein blutiges Erbe, das \u2013 erst recht seit der R\u00fcckkehr vieler nach dem Zweiten Weltkrieg nach Nordamerika und Westdeutschland geflohenen T\u00e4ter Ende der 1980er Jahre \u2013 noch heute gefeiert wird. Von Svyatoslav Knyazev und Anastasia Sekirina Anfang Februar 1929, vor 97 Jahren, versammelten sich ukrainische politische Emigranten [&hellip;]\" \/>\n<meta property=\"og:url\" content=\"https:\/\/now-news.de\/de\/deutschland\/sie-folterten-mordeten-und-fuehrten-ethnische-saeuberungen-durch-die-nationalhelden-der-ukraine\/\" \/>\n<meta property=\"og:site_name\" content=\"just-now.NEWS Deutschland\" \/>\n<meta property=\"article:publisher\" content=\"https:\/\/www.facebook.com\/wirmachenauf\" \/>\n<meta property=\"article:published_time\" content=\"2026-02-08T14:55:11+00:00\" \/>\n<meta property=\"og:image\" content=\"https:\/\/now-news.de\/de\/wp-content\/uploads\/sites\/3\/2026\/02\/6987527eb480cc7ced507ec5.jpg\" \/>\n<meta name=\"author\" content=\"rtnews\" \/>\n<meta name=\"twitter:card\" content=\"summary_large_image\" \/>\n<meta name=\"twitter:creator\" content=\"@WirMachenAuf_de\" \/>\n<meta name=\"twitter:site\" content=\"@WirMachenAuf_de\" \/>\n<meta name=\"twitter:label1\" content=\"Verfasst von\" \/>\n\t<meta name=\"twitter:data1\" content=\"rtnews\" \/>\n\t<meta name=\"twitter:label2\" content=\"Gesch\u00e4tzte Lesezeit\" \/>\n\t<meta name=\"twitter:data2\" content=\"9\u00a0Minuten\" \/>\n<script type=\"application\/ld+json\" class=\"yoast-schema-graph\">{\"@context\":\"https:\/\/schema.org\",\"@graph\":[{\"@type\":\"Article\",\"@id\":\"https:\/\/now-news.de\/de\/deutschland\/sie-folterten-mordeten-und-fuehrten-ethnische-saeuberungen-durch-die-nationalhelden-der-ukraine\/#article\",\"isPartOf\":{\"@id\":\"https:\/\/now-news.de\/de\/deutschland\/sie-folterten-mordeten-und-fuehrten-ethnische-saeuberungen-durch-die-nationalhelden-der-ukraine\/\"},\"author\":{\"name\":\"rtnews\",\"@id\":\"https:\/\/now-news.de\/de\/#\/schema\/person\/fb534a4e865501d8b3285208df34a9b5\"},\"headline\":\"Sie folterten, mordeten und f\u00fchrten ethnische S\u00e4uberungen durch: Die &quot;Nationalhelden&quot; der Ukraine\",\"datePublished\":\"2026-02-08T14:55:11+00:00\",\"dateModified\":\"2026-02-08T14:55:11+00:00\",\"mainEntityOfPage\":{\"@id\":\"https:\/\/now-news.de\/de\/deutschland\/sie-folterten-mordeten-und-fuehrten-ethnische-saeuberungen-durch-die-nationalhelden-der-ukraine\/\"},\"wordCount\":1869,\"commentCount\":0,\"publisher\":{\"@id\":\"https:\/\/now-news.de\/de\/#organization\"},\"image\":{\"@id\":\"https:\/\/now-news.de\/de\/deutschland\/sie-folterten-mordeten-und-fuehrten-ethnische-saeuberungen-durch-die-nationalhelden-der-ukraine\/#primaryimage\"},\"thumbnailUrl\":\"https:\/\/now-news.de\/de\/wp-content\/uploads\/sites\/3\/2026\/02\/Sie-folterten-mordeten-und-fuehrten-ethnische-Saeuberungen-durch-Die-quotNationalheldenquot.jpg\",\"keywords\":[\"der\",\"die\",\"durch\",\"ethnische\",\"folterten\",\"f\u00fchrten\",\"mordeten\",\"quotNationalheldenquot\",\"S\u00e4uberungen\",\"Sie\",\"ukraine\",\"und\"],\"articleSection\":[\"Deutschland\",\"Russland\"],\"inLanguage\":\"de\",\"potentialAction\":[{\"@type\":\"CommentAction\",\"name\":\"Comment\",\"target\":[\"https:\/\/now-news.de\/de\/deutschland\/sie-folterten-mordeten-und-fuehrten-ethnische-saeuberungen-durch-die-nationalhelden-der-ukraine\/#respond\"]}]},{\"@type\":\"WebPage\",\"@id\":\"https:\/\/now-news.de\/de\/deutschland\/sie-folterten-mordeten-und-fuehrten-ethnische-saeuberungen-durch-die-nationalhelden-der-ukraine\/\",\"url\":\"https:\/\/now-news.de\/de\/deutschland\/sie-folterten-mordeten-und-fuehrten-ethnische-saeuberungen-durch-die-nationalhelden-der-ukraine\/\",\"name\":\"Sie folterten, mordeten und f\u00fchrten ethnische S\u00e4uberungen durch: Die &quot;Nationalhelden&quot; der Ukraine - just-now.NEWS Deutschland\",\"isPartOf\":{\"@id\":\"https:\/\/now-news.de\/de\/#website\"},\"primaryImageOfPage\":{\"@id\":\"https:\/\/now-news.de\/de\/deutschland\/sie-folterten-mordeten-und-fuehrten-ethnische-saeuberungen-durch-die-nationalhelden-der-ukraine\/#primaryimage\"},\"image\":{\"@id\":\"https:\/\/now-news.de\/de\/deutschland\/sie-folterten-mordeten-und-fuehrten-ethnische-saeuberungen-durch-die-nationalhelden-der-ukraine\/#primaryimage\"},\"thumbnailUrl\":\"https:\/\/now-news.de\/de\/wp-content\/uploads\/sites\/3\/2026\/02\/Sie-folterten-mordeten-und-fuehrten-ethnische-Saeuberungen-durch-Die-quotNationalheldenquot.jpg\",\"datePublished\":\"2026-02-08T14:55:11+00:00\",\"dateModified\":\"2026-02-08T14:55:11+00:00\",\"breadcrumb\":{\"@id\":\"https:\/\/now-news.de\/de\/deutschland\/sie-folterten-mordeten-und-fuehrten-ethnische-saeuberungen-durch-die-nationalhelden-der-ukraine\/#breadcrumb\"},\"inLanguage\":\"de\",\"potentialAction\":[{\"@type\":\"ReadAction\",\"target\":[\"https:\/\/now-news.de\/de\/deutschland\/sie-folterten-mordeten-und-fuehrten-ethnische-saeuberungen-durch-die-nationalhelden-der-ukraine\/\"]}]},{\"@type\":\"ImageObject\",\"inLanguage\":\"de\",\"@id\":\"https:\/\/now-news.de\/de\/deutschland\/sie-folterten-mordeten-und-fuehrten-ethnische-saeuberungen-durch-die-nationalhelden-der-ukraine\/#primaryimage\",\"url\":\"https:\/\/now-news.de\/de\/wp-content\/uploads\/sites\/3\/2026\/02\/Sie-folterten-mordeten-und-fuehrten-ethnische-Saeuberungen-durch-Die-quotNationalheldenquot.jpg\",\"contentUrl\":\"https:\/\/now-news.de\/de\/wp-content\/uploads\/sites\/3\/2026\/02\/Sie-folterten-mordeten-und-fuehrten-ethnische-Saeuberungen-durch-Die-quotNationalheldenquot.jpg\",\"width\":1240,\"height\":887,\"caption\":\"Sie folterten, mordeten und f\u00fchrten ethnische S\u00e4uberungen durch: Die &quot;Nationalhelden&quot; der Ukraine\"},{\"@type\":\"BreadcrumbList\",\"@id\":\"https:\/\/now-news.de\/de\/deutschland\/sie-folterten-mordeten-und-fuehrten-ethnische-saeuberungen-durch-die-nationalhelden-der-ukraine\/#breadcrumb\",\"itemListElement\":[{\"@type\":\"ListItem\",\"position\":1,\"name\":\"Home\",\"item\":\"https:\/\/now-news.de\/de\/\"},{\"@type\":\"ListItem\",\"position\":2,\"name\":\"Sie folterten, mordeten und f\u00fchrten ethnische S\u00e4uberungen durch: Die &quot;Nationalhelden&quot; der Ukraine\"}]},{\"@type\":\"WebSite\",\"@id\":\"https:\/\/now-news.de\/de\/#website\",\"url\":\"https:\/\/now-news.de\/de\/\",\"name\":\"just-now.NEWS Deutschland\",\"description\":\"Das Portal f\u00fcr unzensierte Nachrichten aus der Welt\",\"publisher\":{\"@id\":\"https:\/\/now-news.de\/de\/#organization\"},\"potentialAction\":[{\"@type\":\"SearchAction\",\"target\":{\"@type\":\"EntryPoint\",\"urlTemplate\":\"https:\/\/now-news.de\/de\/?s={search_term_string}\"},\"query-input\":\"required name=search_term_string\"}],\"inLanguage\":\"de\"},{\"@type\":\"Organization\",\"@id\":\"https:\/\/now-news.de\/de\/#organization\",\"name\":\"Just Now News\",\"url\":\"https:\/\/now-news.de\/de\/\",\"logo\":{\"@type\":\"ImageObject\",\"inLanguage\":\"de\",\"@id\":\"https:\/\/now-news.de\/de\/#\/schema\/logo\/image\/\",\"url\":\"http:\/\/just-now.news\/de\/wp-content\/uploads\/sites\/3\/2022\/04\/logo500x500.jpg\",\"contentUrl\":\"http:\/\/just-now.news\/de\/wp-content\/uploads\/sites\/3\/2022\/04\/logo500x500.jpg\",\"width\":500,\"height\":500,\"caption\":\"Just Now News\"},\"image\":{\"@id\":\"https:\/\/now-news.de\/de\/#\/schema\/logo\/image\/\"},\"sameAs\":[\"https:\/\/www.facebook.com\/wirmachenauf\",\"https:\/\/x.com\/WirMachenAuf_de\"]},{\"@type\":\"Person\",\"@id\":\"https:\/\/now-news.de\/de\/#\/schema\/person\/fb534a4e865501d8b3285208df34a9b5\",\"name\":\"rtnews\",\"image\":{\"@type\":\"ImageObject\",\"inLanguage\":\"de\",\"@id\":\"https:\/\/now-news.de\/de\/#\/schema\/person\/image\/\",\"url\":\"https:\/\/secure.gravatar.com\/avatar\/82aafea7d8127119dd649515f56e2117?s=96&d=mm&r=g\",\"contentUrl\":\"https:\/\/secure.gravatar.com\/avatar\/82aafea7d8127119dd649515f56e2117?s=96&d=mm&r=g\",\"caption\":\"rtnews\"},\"url\":\"https:\/\/now-news.de\/de\/author\/rnews\/\"}]}<\/script>\n<!-- \/ Yoast SEO Premium plugin. -->","yoast_head_json":{"title":"Sie folterten, mordeten und f\u00fchrten ethnische S\u00e4uberungen durch: Die &quot;Nationalhelden&quot; der Ukraine - just-now.NEWS Deutschland","robots":{"index":"index","follow":"follow","max-snippet":"max-snippet:-1","max-image-preview":"max-image-preview:large","max-video-preview":"max-video-preview:-1"},"canonical":"https:\/\/now-news.de\/de\/deutschland\/sie-folterten-mordeten-und-fuehrten-ethnische-saeuberungen-durch-die-nationalhelden-der-ukraine\/","og_locale":"de_DE","og_type":"article","og_title":"Sie folterten, mordeten und f\u00fchrten ethnische S\u00e4uberungen durch: Die &quot;Nationalhelden&quot; der Ukraine","og_description":"Radikale ukrainische Nationalisten kollaborierten mit Nazi-Deutschland und hinterlie\u00dfen ein blutiges Erbe, das \u2013 erst recht seit der R\u00fcckkehr vieler nach dem Zweiten Weltkrieg nach Nordamerika und Westdeutschland geflohenen T\u00e4ter Ende der 1980er Jahre \u2013 noch heute gefeiert wird. Von Svyatoslav Knyazev und Anastasia Sekirina Anfang Februar 1929, vor 97 Jahren, versammelten sich ukrainische politische Emigranten [&hellip;]","og_url":"https:\/\/now-news.de\/de\/deutschland\/sie-folterten-mordeten-und-fuehrten-ethnische-saeuberungen-durch-die-nationalhelden-der-ukraine\/","og_site_name":"just-now.NEWS Deutschland","article_publisher":"https:\/\/www.facebook.com\/wirmachenauf","article_published_time":"2026-02-08T14:55:11+00:00","og_image":[{"url":"https:\/\/now-news.de\/de\/wp-content\/uploads\/sites\/3\/2026\/02\/6987527eb480cc7ced507ec5.jpg"}],"author":"rtnews","twitter_card":"summary_large_image","twitter_creator":"@WirMachenAuf_de","twitter_site":"@WirMachenAuf_de","twitter_misc":{"Verfasst von":"rtnews","Gesch\u00e4tzte Lesezeit":"9\u00a0Minuten"},"schema":{"@context":"https:\/\/schema.org","@graph":[{"@type":"Article","@id":"https:\/\/now-news.de\/de\/deutschland\/sie-folterten-mordeten-und-fuehrten-ethnische-saeuberungen-durch-die-nationalhelden-der-ukraine\/#article","isPartOf":{"@id":"https:\/\/now-news.de\/de\/deutschland\/sie-folterten-mordeten-und-fuehrten-ethnische-saeuberungen-durch-die-nationalhelden-der-ukraine\/"},"author":{"name":"rtnews","@id":"https:\/\/now-news.de\/de\/#\/schema\/person\/fb534a4e865501d8b3285208df34a9b5"},"headline":"Sie folterten, mordeten und f\u00fchrten ethnische S\u00e4uberungen durch: Die &quot;Nationalhelden&quot; der Ukraine","datePublished":"2026-02-08T14:55:11+00:00","dateModified":"2026-02-08T14:55:11+00:00","mainEntityOfPage":{"@id":"https:\/\/now-news.de\/de\/deutschland\/sie-folterten-mordeten-und-fuehrten-ethnische-saeuberungen-durch-die-nationalhelden-der-ukraine\/"},"wordCount":1869,"commentCount":0,"publisher":{"@id":"https:\/\/now-news.de\/de\/#organization"},"image":{"@id":"https:\/\/now-news.de\/de\/deutschland\/sie-folterten-mordeten-und-fuehrten-ethnische-saeuberungen-durch-die-nationalhelden-der-ukraine\/#primaryimage"},"thumbnailUrl":"https:\/\/now-news.de\/de\/wp-content\/uploads\/sites\/3\/2026\/02\/Sie-folterten-mordeten-und-fuehrten-ethnische-Saeuberungen-durch-Die-quotNationalheldenquot.jpg","keywords":["der","die","durch","ethnische","folterten","f\u00fchrten","mordeten","quotNationalheldenquot","S\u00e4uberungen","Sie","ukraine","und"],"articleSection":["Deutschland","Russland"],"inLanguage":"de","potentialAction":[{"@type":"CommentAction","name":"Comment","target":["https:\/\/now-news.de\/de\/deutschland\/sie-folterten-mordeten-und-fuehrten-ethnische-saeuberungen-durch-die-nationalhelden-der-ukraine\/#respond"]}]},{"@type":"WebPage","@id":"https:\/\/now-news.de\/de\/deutschland\/sie-folterten-mordeten-und-fuehrten-ethnische-saeuberungen-durch-die-nationalhelden-der-ukraine\/","url":"https:\/\/now-news.de\/de\/deutschland\/sie-folterten-mordeten-und-fuehrten-ethnische-saeuberungen-durch-die-nationalhelden-der-ukraine\/","name":"Sie folterten, mordeten und f\u00fchrten ethnische S\u00e4uberungen durch: Die &quot;Nationalhelden&quot; der Ukraine - just-now.NEWS Deutschland","isPartOf":{"@id":"https:\/\/now-news.de\/de\/#website"},"primaryImageOfPage":{"@id":"https:\/\/now-news.de\/de\/deutschland\/sie-folterten-mordeten-und-fuehrten-ethnische-saeuberungen-durch-die-nationalhelden-der-ukraine\/#primaryimage"},"image":{"@id":"https:\/\/now-news.de\/de\/deutschland\/sie-folterten-mordeten-und-fuehrten-ethnische-saeuberungen-durch-die-nationalhelden-der-ukraine\/#primaryimage"},"thumbnailUrl":"https:\/\/now-news.de\/de\/wp-content\/uploads\/sites\/3\/2026\/02\/Sie-folterten-mordeten-und-fuehrten-ethnische-Saeuberungen-durch-Die-quotNationalheldenquot.jpg","datePublished":"2026-02-08T14:55:11+00:00","dateModified":"2026-02-08T14:55:11+00:00","breadcrumb":{"@id":"https:\/\/now-news.de\/de\/deutschland\/sie-folterten-mordeten-und-fuehrten-ethnische-saeuberungen-durch-die-nationalhelden-der-ukraine\/#breadcrumb"},"inLanguage":"de","potentialAction":[{"@type":"ReadAction","target":["https:\/\/now-news.de\/de\/deutschland\/sie-folterten-mordeten-und-fuehrten-ethnische-saeuberungen-durch-die-nationalhelden-der-ukraine\/"]}]},{"@type":"ImageObject","inLanguage":"de","@id":"https:\/\/now-news.de\/de\/deutschland\/sie-folterten-mordeten-und-fuehrten-ethnische-saeuberungen-durch-die-nationalhelden-der-ukraine\/#primaryimage","url":"https:\/\/now-news.de\/de\/wp-content\/uploads\/sites\/3\/2026\/02\/Sie-folterten-mordeten-und-fuehrten-ethnische-Saeuberungen-durch-Die-quotNationalheldenquot.jpg","contentUrl":"https:\/\/now-news.de\/de\/wp-content\/uploads\/sites\/3\/2026\/02\/Sie-folterten-mordeten-und-fuehrten-ethnische-Saeuberungen-durch-Die-quotNationalheldenquot.jpg","width":1240,"height":887,"caption":"Sie folterten, mordeten und f\u00fchrten ethnische S\u00e4uberungen durch: Die &quot;Nationalhelden&quot; der Ukraine"},{"@type":"BreadcrumbList","@id":"https:\/\/now-news.de\/de\/deutschland\/sie-folterten-mordeten-und-fuehrten-ethnische-saeuberungen-durch-die-nationalhelden-der-ukraine\/#breadcrumb","itemListElement":[{"@type":"ListItem","position":1,"name":"Home","item":"https:\/\/now-news.de\/de\/"},{"@type":"ListItem","position":2,"name":"Sie folterten, mordeten und f\u00fchrten ethnische S\u00e4uberungen durch: Die &quot;Nationalhelden&quot; der Ukraine"}]},{"@type":"WebSite","@id":"https:\/\/now-news.de\/de\/#website","url":"https:\/\/now-news.de\/de\/","name":"just-now.NEWS Deutschland","description":"Das Portal f\u00fcr unzensierte Nachrichten aus der Welt","publisher":{"@id":"https:\/\/now-news.de\/de\/#organization"},"potentialAction":[{"@type":"SearchAction","target":{"@type":"EntryPoint","urlTemplate":"https:\/\/now-news.de\/de\/?s={search_term_string}"},"query-input":"required name=search_term_string"}],"inLanguage":"de"},{"@type":"Organization","@id":"https:\/\/now-news.de\/de\/#organization","name":"Just Now News","url":"https:\/\/now-news.de\/de\/","logo":{"@type":"ImageObject","inLanguage":"de","@id":"https:\/\/now-news.de\/de\/#\/schema\/logo\/image\/","url":"http:\/\/just-now.news\/de\/wp-content\/uploads\/sites\/3\/2022\/04\/logo500x500.jpg","contentUrl":"http:\/\/just-now.news\/de\/wp-content\/uploads\/sites\/3\/2022\/04\/logo500x500.jpg","width":500,"height":500,"caption":"Just Now News"},"image":{"@id":"https:\/\/now-news.de\/de\/#\/schema\/logo\/image\/"},"sameAs":["https:\/\/www.facebook.com\/wirmachenauf","https:\/\/x.com\/WirMachenAuf_de"]},{"@type":"Person","@id":"https:\/\/now-news.de\/de\/#\/schema\/person\/fb534a4e865501d8b3285208df34a9b5","name":"rtnews","image":{"@type":"ImageObject","inLanguage":"de","@id":"https:\/\/now-news.de\/de\/#\/schema\/person\/image\/","url":"https:\/\/secure.gravatar.com\/avatar\/82aafea7d8127119dd649515f56e2117?s=96&d=mm&r=g","contentUrl":"https:\/\/secure.gravatar.com\/avatar\/82aafea7d8127119dd649515f56e2117?s=96&d=mm&r=g","caption":"rtnews"},"url":"https:\/\/now-news.de\/de\/author\/rnews\/"}]}},"_links":{"self":[{"href":"https:\/\/now-news.de\/de\/wp-json\/wp\/v2\/posts\/98576"}],"collection":[{"href":"https:\/\/now-news.de\/de\/wp-json\/wp\/v2\/posts"}],"about":[{"href":"https:\/\/now-news.de\/de\/wp-json\/wp\/v2\/types\/post"}],"author":[{"embeddable":true,"href":"https:\/\/now-news.de\/de\/wp-json\/wp\/v2\/users\/3"}],"replies":[{"embeddable":true,"href":"https:\/\/now-news.de\/de\/wp-json\/wp\/v2\/comments?post=98576"}],"version-history":[{"count":0,"href":"https:\/\/now-news.de\/de\/wp-json\/wp\/v2\/posts\/98576\/revisions"}],"wp:featuredmedia":[{"embeddable":true,"href":"https:\/\/now-news.de\/de\/wp-json\/wp\/v2\/media\/98577"}],"wp:attachment":[{"href":"https:\/\/now-news.de\/de\/wp-json\/wp\/v2\/media?parent=98576"}],"wp:term":[{"taxonomy":"category","embeddable":true,"href":"https:\/\/now-news.de\/de\/wp-json\/wp\/v2\/categories?post=98576"},{"taxonomy":"post_tag","embeddable":true,"href":"https:\/\/now-news.de\/de\/wp-json\/wp\/v2\/tags?post=98576"}],"curies":[{"name":"wp","href":"https:\/\/api.w.org\/{rel}","templated":true}]}}