{"id":98570,"date":"2026-02-08T15:30:08","date_gmt":"2026-02-08T13:30:08","guid":{"rendered":"https:\/\/now-news.de\/de\/deutschland\/mailand-wasserwerfer-und-festnahmen-bei-protesten-gegen-winterolympiade\/"},"modified":"2026-02-08T15:30:08","modified_gmt":"2026-02-08T13:30:08","slug":"mailand-wasserwerfer-und-festnahmen-bei-protesten-gegen-winterolympiade","status":"publish","type":"post","link":"https:\/\/now-news.de\/de\/deutschland\/mailand-wasserwerfer-und-festnahmen-bei-protesten-gegen-winterolympiade\/","title":{"rendered":"Mailand: Wasserwerfer und Festnahmen bei Protesten gegen Winterolympiade"},"content":{"rendered":"<p><img decoding=\"async\" src=\"https:\/\/now-news.de\/de\/wp-content\/uploads\/sites\/3\/2026\/02\/69886f0db480cc665a1a845f.png\" \/><\/p>\n<div class=\"Text-root Text-type_1 \">\n                Bei Protesten gegen die Olympiade in Mailand ist es zu Ausschreitungen gekommen. Die Masse der Demonstranten hat friedlich gegen Mietensteigerungen in der Olympia-Region und Umweltsch\u00e4den in italienischen Bergd\u00f6rfern protestiert. Ministerpr\u00e4sidentin Giorgia Meloni bezeichnet die Krawallmacher als &#8220;Feinde Italiens&#8221;.\n            <\/div>\n<p><\/p>\n<div class=\"Text-root Text-type_5 ArticleView-text ViewText-root \">\n<p>Am Samstag demonstrierten in Mailand laut Angaben von <em>Reuters<\/em> rund 10.000 Menschen gegen die Olympischen Winterspiele. Sie protestierten gegen die damit verbundenen Mietsteigerungen f\u00fcr die Bewohner der in Norditalien verstreuten Austragungsorte und die ihrer Meinung nach damit verbundenen Umweltsch\u00e4den. An der Organisation des Protests beteiligten sich Basisgewerkschaften, Wohnungsrechtsgruppen und Aktivisten aus sozialen Zentren.<\/p>\n<p>Die Demonstranten thematisierten auch die zunehmende soziale Ungleichheit in der norditalienischen Stadt. Mailand erlebe seit der Weltausstellung im Jahr 2015 einen Immobilienboom und mit den Olympischen Winterspielen einen weiteren &#8220;H\u00f6hepunkt&#8221;\u00a0\u2013 aber die Einheimischen w\u00fcrden mit den steigenden Lebenshaltungskosten in der italienischen Finanzmetropole zunehmend unter Druck geraten,\u00a0<a rel=\"nofollow noopener\" target=\"_blank\" href=\"https:\/\/www.reuters.com\/sports\/protesters-rally-milan-denouncing-impact-winter-games-2026-02-07\/\">kommentiert<\/a>\u00a0<em>Reuters<\/em> den Protest am Samstag.<\/p>\n<p>Einige B\u00fcrger kritisierten die f\u00fcr Olympia errichtete Infrastruktur als Verschwendung \u00f6ffentlicher Gelder, die zudem in italienischen Berggemeinden die Umwelt sch\u00e4digen w\u00fcrde. Die Nachrichtenagentur zitierte den 71-j\u00e4hrigen Demonstrationsteilnehmer Stefano Nutini: &#8220;Ich bin hier, weil diese Olympischen Spiele wirtschaftlich, sozial und \u00f6kologisch nicht nachhaltig sind.&#8221;<\/p>\n<p>An der Spitze des Umzugs trugen 50 Menschen stilisierte Pappb\u00e4ume. Diese sollten die L\u00e4rchen symbolisieren, welche f\u00fcr den Bau einer neuen Bobbahn in Cortina d&#8217;Ampezzo gef\u00e4llt worden sind. Dazu f\u00fchrten die Demonstranten ein Transparent mit sich:<\/p>\n<p><em>&#8220;Jahrhundertealte B\u00e4ume, \u00dcberlebende zweier Kriege &#8230; geopfert f\u00fcr 90 Sekunden Wettkampf auf einer Bobbahn, die 124 Millionen [Euro] gekostet hat.&#8221;<\/em><\/p>\n<p>Mattia Scolari, Sekret\u00e4r der Basisgewerkschaft CUB Milano\u00a0(Confederazione Unitaria di Base<strong data-processed=\"true\"><\/strong>),\u00a0<a rel=\"nofollow noopener\" target=\"_blank\" href=\"https:\/\/www.agenzianova.com\/en\/news\/In-Milan--the-procession-of-the-Unsustainable-Olympics-Committee-drew-a-thousand-people.\/\">kritisierte<\/a> die Ausbeutung prek\u00e4r besch\u00e4ftigter Arbeiter: &#8220;Die Olympischen Spiele als Gro\u00dfveranstaltung basieren auf \u00fcberfl\u00fcssigen Bauprojekten und \u00dcberbauung und wurden mittels Ausbeutung prek\u00e4r besch\u00e4ftigter Arbeitnehmer organisiert. Sie werden daher der Stadt Mailand und insbesondere ihrer Arbeiterklasse nichts Gutes bringen.&#8221;\u00a0\u00a0<\/p>\n<p>Nach Angaben des Internationalen Olympischen Komitees (IOC) seien die Winterspiele in Italien nachhaltig: Sie w\u00fcrden weitgehend bestehende Einrichtungen nutzen.\u00a0\u00a0<\/p>\n<p>W\u00e4hrend die Masse der Demonstranten friedlich protestierte, habe eine Gruppe von rund 100 Beteiligten auf einmal Feuerwerksk\u00f6rper und Flaschen auf die Polizei geworfen. Die Polizei setzte daraufhin Wasserwerfer gegen die abgespaltene Gruppe mutma\u00dflich gewaltt\u00e4tiger Teilnehmer ein. Laut Polizeiquellen seien sechs Personen festgenommen worden.<\/p>\n<p>Giorgia Meloni bezeichnete die gewaltbereiten Demonstranten als &#8220;Feinde Italiens&#8221;,\u00a0<a rel=\"nofollow noopener\" target=\"_blank\" href=\"https:\/\/www.rainews.it\/tgr\/tagesschau\/articoli\/2026\/02\/meloni-bezeichnet-gewalttatige-anti-olympia-demonstranten-als-feinde--d85655ef-3d75-4f98-833c-ae6e29fe93db.html\">zitierte<\/a>\u00a0<em>RaiNews<\/em> die italienische Regierungschefin am Sonntag. Meloni erkl\u00e4rte:<\/p>\n<p><em>&#8220;Tausende und Abertausende Italiener arbeiten in diesen Stunden, damit w\u00e4hrend der Olympischen Spiele alles reibungslos funktioniert. Sehr viele tun dies ehrenamtlich, weil sie wollen, dass ihr Land eine gute Figur macht, bewundert und respektiert wird. Und dann gibt es sie: die Feinde Italiens und der Italiener, die gegen die Olympischen Spiele demonstrieren und daf\u00fcr sorgen, dass diese Bilder in den Fernsehsendern der halben Welt landen\u00a0(&#8230;) Meine Solidarit\u00e4t gilt den Sicherheitskr\u00e4ften, der Stadt Mailand und all jenen, deren Arbeit durch diese Banden von Kriminellen zunichtegemacht wird.&#8221;<\/em><\/p>\n<p>Am Samstag sei es in Italien wegen Sabotageakten am Bahnnetz auch zu erheblichen Problemen im Bahnverkehr gekommen, so <em>RaiNews<\/em>. Auf die Oberleitungen der Eisenbahnlinien bei Bologna und Pesaro habe es Anschl\u00e4ge gegeben.<\/p>\n<p><em>CNN<\/em>\u00a0<a rel=\"nofollow noopener\" target=\"_blank\" href=\"https:\/\/edition.cnn.com\/2026\/02\/07\/europe\/italy-protests-rail-damage-latam-intl\">berichtete<\/a> am Samstag, die Demonstration sei von einer Aktivistenorganisation namens &#8220;Unsustainable Olympics Committee&#8221; (zu Deutsch: Nicht nachhaltiges Olympisches Komitee) organisiert worden. Sie umfasse eine breite Koalition aus Basis-Sportvereinen, B\u00fcrger- und Umweltbewegungen, Studenten, Wohnungsaktivisten, k\u00e4mpferischen Gewerkschaften, propal\u00e4stinensischen Netzwerken und transfeministischen Kollektiven.<\/p>\n<p><strong>Mehr zum Thema<\/strong>\u00a0\u2013 <a rel=\"nofollow noopener\" target=\"_blank\" href=\"https:\/\/dert.online\/international\/269489-olympische-winterspiele-in-italien-beginnen\/\">13 russische Athleten ohne Flagge dabei: Olympische Winterspiele in Italien beginnen<\/a><\/p>\n<div class=\"EmbedBlock-root EmbedBlock-externalVideo EmbedBlock-rumble\">\n<div class=\"VkEmbed\"><iframe class=\"lazyload\" data-src=\"https:\/\/rumble.com\/embed\/v737fia\" frameborder=\"0\" width=\"853\" height=\"480\" allowfullscreen><\/iframe><\/div>\n<\/div>\n<\/div>\n<p><br \/>\n<br \/><a href=\"https:\/\/de.rt.com\/europa\/269643-mailand-wasserwerfer-und-festnahmen-bei\/\">Source link <\/a><\/p>\n","protected":false},"excerpt":{"rendered":"<p>Bei Protesten gegen die Olympiade in Mailand ist es zu Ausschreitungen gekommen. Die Masse der Demonstranten hat friedlich gegen Mietensteigerungen in der Olympia-Region und Umweltsch\u00e4den in italienischen Bergd\u00f6rfern protestiert. Ministerpr\u00e4sidentin Giorgia Meloni bezeichnet die Krawallmacher als &#8220;Feinde Italiens&#8221;. Am Samstag demonstrierten in Mailand laut Angaben von Reuters rund 10.000 Menschen gegen die Olympischen Winterspiele. Sie [&hellip;]<\/p>\n","protected":false},"author":3,"featured_media":98571,"comment_status":"open","ping_status":"open","sticky":false,"template":"","format":"standard","meta":{"_yoast_indexnow_last_ping":["1770557508"],"wp_automatic_camp":["217"],"09362f5cfbe12a5d8b5c0085828e67d6":["Mailand: Wasserwerfer und Festnahmen bei Protesten gegen Winterolympiade"],"original_link":["https:\/\/de.rt.com\/europa\/269643-mailand-wasserwerfer-und-festnahmen-bei\/"],"_thumbnail_id":["98571"],"jnews_social_counter_last_update":["1777349818"],"_wptgpro_p2tg_sent2tg":["a:1:{i:23737;s:19:\"2026-02-08 15:33:00\";}"]},"categories":[19,23],"tags":[363,16580,278,31269,19562,140,60777,71094],"yoast_head":"<!-- This site is optimized with the Yoast SEO Premium plugin v22.7 (Yoast SEO v22.7) - https:\/\/yoast.com\/wordpress\/plugins\/seo\/ -->\n<title>Mailand: Wasserwerfer und Festnahmen bei Protesten gegen Winterolympiade - just-now.NEWS Deutschland<\/title>\n<meta name=\"robots\" content=\"index, follow, max-snippet:-1, max-image-preview:large, max-video-preview:-1\" \/>\n<link rel=\"canonical\" href=\"https:\/\/now-news.de\/de\/deutschland\/mailand-wasserwerfer-und-festnahmen-bei-protesten-gegen-winterolympiade\/\" \/>\n<meta property=\"og:locale\" content=\"de_DE\" \/>\n<meta property=\"og:type\" content=\"article\" \/>\n<meta property=\"og:title\" content=\"Mailand: Wasserwerfer und Festnahmen bei Protesten gegen Winterolympiade\" \/>\n<meta property=\"og:description\" content=\"Bei Protesten gegen die Olympiade in Mailand ist es zu Ausschreitungen gekommen. Die Masse der Demonstranten hat friedlich gegen Mietensteigerungen in der Olympia-Region und Umweltsch\u00e4den in italienischen Bergd\u00f6rfern protestiert. Ministerpr\u00e4sidentin Giorgia Meloni bezeichnet die Krawallmacher als &#8220;Feinde Italiens&#8221;. Am Samstag demonstrierten in Mailand laut Angaben von Reuters rund 10.000 Menschen gegen die Olympischen Winterspiele. Sie [&hellip;]\" \/>\n<meta property=\"og:url\" content=\"https:\/\/now-news.de\/de\/deutschland\/mailand-wasserwerfer-und-festnahmen-bei-protesten-gegen-winterolympiade\/\" \/>\n<meta property=\"og:site_name\" content=\"just-now.NEWS Deutschland\" \/>\n<meta property=\"article:publisher\" content=\"https:\/\/www.facebook.com\/wirmachenauf\" \/>\n<meta property=\"article:published_time\" content=\"2026-02-08T13:30:08+00:00\" \/>\n<meta property=\"og:image\" content=\"https:\/\/now-news.de\/de\/wp-content\/uploads\/sites\/3\/2026\/02\/69886f0db480cc665a1a845f.png\" \/>\n<meta name=\"author\" content=\"rtnews\" \/>\n<meta name=\"twitter:card\" content=\"summary_large_image\" \/>\n<meta name=\"twitter:creator\" content=\"@WirMachenAuf_de\" \/>\n<meta name=\"twitter:site\" content=\"@WirMachenAuf_de\" \/>\n<meta name=\"twitter:label1\" content=\"Verfasst von\" \/>\n\t<meta name=\"twitter:data1\" content=\"rtnews\" \/>\n\t<meta name=\"twitter:label2\" content=\"Gesch\u00e4tzte Lesezeit\" \/>\n\t<meta name=\"twitter:data2\" content=\"3\u00a0Minuten\" \/>\n<script type=\"application\/ld+json\" class=\"yoast-schema-graph\">{\"@context\":\"https:\/\/schema.org\",\"@graph\":[{\"@type\":\"Article\",\"@id\":\"https:\/\/now-news.de\/de\/deutschland\/mailand-wasserwerfer-und-festnahmen-bei-protesten-gegen-winterolympiade\/#article\",\"isPartOf\":{\"@id\":\"https:\/\/now-news.de\/de\/deutschland\/mailand-wasserwerfer-und-festnahmen-bei-protesten-gegen-winterolympiade\/\"},\"author\":{\"name\":\"rtnews\",\"@id\":\"https:\/\/now-news.de\/de\/#\/schema\/person\/fb534a4e865501d8b3285208df34a9b5\"},\"headline\":\"Mailand: Wasserwerfer und Festnahmen bei Protesten gegen Winterolympiade\",\"datePublished\":\"2026-02-08T13:30:08+00:00\",\"dateModified\":\"2026-02-08T13:30:08+00:00\",\"mainEntityOfPage\":{\"@id\":\"https:\/\/now-news.de\/de\/deutschland\/mailand-wasserwerfer-und-festnahmen-bei-protesten-gegen-winterolympiade\/\"},\"wordCount\":587,\"commentCount\":0,\"publisher\":{\"@id\":\"https:\/\/now-news.de\/de\/#organization\"},\"image\":{\"@id\":\"https:\/\/now-news.de\/de\/deutschland\/mailand-wasserwerfer-und-festnahmen-bei-protesten-gegen-winterolympiade\/#primaryimage\"},\"thumbnailUrl\":\"https:\/\/now-news.de\/de\/wp-content\/uploads\/sites\/3\/2026\/02\/Mailand-Wasserwerfer-und-Festnahmen-bei-Protesten-gegen-Winterolympiade.png\",\"keywords\":[\"bei\",\"Festnahmen\",\"gegen\",\"Mailand\",\"Protesten\",\"und\",\"Wasserwerfer\",\"Winterolympiade\"],\"articleSection\":[\"Deutschland\",\"Russland\"],\"inLanguage\":\"de\",\"potentialAction\":[{\"@type\":\"CommentAction\",\"name\":\"Comment\",\"target\":[\"https:\/\/now-news.de\/de\/deutschland\/mailand-wasserwerfer-und-festnahmen-bei-protesten-gegen-winterolympiade\/#respond\"]}]},{\"@type\":\"WebPage\",\"@id\":\"https:\/\/now-news.de\/de\/deutschland\/mailand-wasserwerfer-und-festnahmen-bei-protesten-gegen-winterolympiade\/\",\"url\":\"https:\/\/now-news.de\/de\/deutschland\/mailand-wasserwerfer-und-festnahmen-bei-protesten-gegen-winterolympiade\/\",\"name\":\"Mailand: Wasserwerfer und Festnahmen bei Protesten gegen Winterolympiade - just-now.NEWS Deutschland\",\"isPartOf\":{\"@id\":\"https:\/\/now-news.de\/de\/#website\"},\"primaryImageOfPage\":{\"@id\":\"https:\/\/now-news.de\/de\/deutschland\/mailand-wasserwerfer-und-festnahmen-bei-protesten-gegen-winterolympiade\/#primaryimage\"},\"image\":{\"@id\":\"https:\/\/now-news.de\/de\/deutschland\/mailand-wasserwerfer-und-festnahmen-bei-protesten-gegen-winterolympiade\/#primaryimage\"},\"thumbnailUrl\":\"https:\/\/now-news.de\/de\/wp-content\/uploads\/sites\/3\/2026\/02\/Mailand-Wasserwerfer-und-Festnahmen-bei-Protesten-gegen-Winterolympiade.png\",\"datePublished\":\"2026-02-08T13:30:08+00:00\",\"dateModified\":\"2026-02-08T13:30:08+00:00\",\"breadcrumb\":{\"@id\":\"https:\/\/now-news.de\/de\/deutschland\/mailand-wasserwerfer-und-festnahmen-bei-protesten-gegen-winterolympiade\/#breadcrumb\"},\"inLanguage\":\"de\",\"potentialAction\":[{\"@type\":\"ReadAction\",\"target\":[\"https:\/\/now-news.de\/de\/deutschland\/mailand-wasserwerfer-und-festnahmen-bei-protesten-gegen-winterolympiade\/\"]}]},{\"@type\":\"ImageObject\",\"inLanguage\":\"de\",\"@id\":\"https:\/\/now-news.de\/de\/deutschland\/mailand-wasserwerfer-und-festnahmen-bei-protesten-gegen-winterolympiade\/#primaryimage\",\"url\":\"https:\/\/now-news.de\/de\/wp-content\/uploads\/sites\/3\/2026\/02\/Mailand-Wasserwerfer-und-Festnahmen-bei-Protesten-gegen-Winterolympiade.png\",\"contentUrl\":\"https:\/\/now-news.de\/de\/wp-content\/uploads\/sites\/3\/2026\/02\/Mailand-Wasserwerfer-und-Festnahmen-bei-Protesten-gegen-Winterolympiade.png\",\"width\":460,\"height\":259,\"caption\":\"Mailand: Wasserwerfer und Festnahmen bei Protesten gegen Winterolympiade\"},{\"@type\":\"BreadcrumbList\",\"@id\":\"https:\/\/now-news.de\/de\/deutschland\/mailand-wasserwerfer-und-festnahmen-bei-protesten-gegen-winterolympiade\/#breadcrumb\",\"itemListElement\":[{\"@type\":\"ListItem\",\"position\":1,\"name\":\"Home\",\"item\":\"https:\/\/now-news.de\/de\/\"},{\"@type\":\"ListItem\",\"position\":2,\"name\":\"Mailand: Wasserwerfer und Festnahmen bei Protesten gegen Winterolympiade\"}]},{\"@type\":\"WebSite\",\"@id\":\"https:\/\/now-news.de\/de\/#website\",\"url\":\"https:\/\/now-news.de\/de\/\",\"name\":\"just-now.NEWS Deutschland\",\"description\":\"Das Portal f\u00fcr unzensierte Nachrichten aus der Welt\",\"publisher\":{\"@id\":\"https:\/\/now-news.de\/de\/#organization\"},\"potentialAction\":[{\"@type\":\"SearchAction\",\"target\":{\"@type\":\"EntryPoint\",\"urlTemplate\":\"https:\/\/now-news.de\/de\/?s={search_term_string}\"},\"query-input\":\"required name=search_term_string\"}],\"inLanguage\":\"de\"},{\"@type\":\"Organization\",\"@id\":\"https:\/\/now-news.de\/de\/#organization\",\"name\":\"Just Now News\",\"url\":\"https:\/\/now-news.de\/de\/\",\"logo\":{\"@type\":\"ImageObject\",\"inLanguage\":\"de\",\"@id\":\"https:\/\/now-news.de\/de\/#\/schema\/logo\/image\/\",\"url\":\"http:\/\/just-now.news\/de\/wp-content\/uploads\/sites\/3\/2022\/04\/logo500x500.jpg\",\"contentUrl\":\"http:\/\/just-now.news\/de\/wp-content\/uploads\/sites\/3\/2022\/04\/logo500x500.jpg\",\"width\":500,\"height\":500,\"caption\":\"Just Now News\"},\"image\":{\"@id\":\"https:\/\/now-news.de\/de\/#\/schema\/logo\/image\/\"},\"sameAs\":[\"https:\/\/www.facebook.com\/wirmachenauf\",\"https:\/\/x.com\/WirMachenAuf_de\"]},{\"@type\":\"Person\",\"@id\":\"https:\/\/now-news.de\/de\/#\/schema\/person\/fb534a4e865501d8b3285208df34a9b5\",\"name\":\"rtnews\",\"image\":{\"@type\":\"ImageObject\",\"inLanguage\":\"de\",\"@id\":\"https:\/\/now-news.de\/de\/#\/schema\/person\/image\/\",\"url\":\"https:\/\/secure.gravatar.com\/avatar\/82aafea7d8127119dd649515f56e2117?s=96&d=mm&r=g\",\"contentUrl\":\"https:\/\/secure.gravatar.com\/avatar\/82aafea7d8127119dd649515f56e2117?s=96&d=mm&r=g\",\"caption\":\"rtnews\"},\"url\":\"https:\/\/now-news.de\/de\/author\/rnews\/\"}]}<\/script>\n<!-- \/ Yoast SEO Premium plugin. -->","yoast_head_json":{"title":"Mailand: Wasserwerfer und Festnahmen bei Protesten gegen Winterolympiade - just-now.NEWS Deutschland","robots":{"index":"index","follow":"follow","max-snippet":"max-snippet:-1","max-image-preview":"max-image-preview:large","max-video-preview":"max-video-preview:-1"},"canonical":"https:\/\/now-news.de\/de\/deutschland\/mailand-wasserwerfer-und-festnahmen-bei-protesten-gegen-winterolympiade\/","og_locale":"de_DE","og_type":"article","og_title":"Mailand: Wasserwerfer und Festnahmen bei Protesten gegen Winterolympiade","og_description":"Bei Protesten gegen die Olympiade in Mailand ist es zu Ausschreitungen gekommen. Die Masse der Demonstranten hat friedlich gegen Mietensteigerungen in der Olympia-Region und Umweltsch\u00e4den in italienischen Bergd\u00f6rfern protestiert. Ministerpr\u00e4sidentin Giorgia Meloni bezeichnet die Krawallmacher als &#8220;Feinde Italiens&#8221;. Am Samstag demonstrierten in Mailand laut Angaben von Reuters rund 10.000 Menschen gegen die Olympischen Winterspiele. Sie [&hellip;]","og_url":"https:\/\/now-news.de\/de\/deutschland\/mailand-wasserwerfer-und-festnahmen-bei-protesten-gegen-winterolympiade\/","og_site_name":"just-now.NEWS Deutschland","article_publisher":"https:\/\/www.facebook.com\/wirmachenauf","article_published_time":"2026-02-08T13:30:08+00:00","og_image":[{"url":"https:\/\/now-news.de\/de\/wp-content\/uploads\/sites\/3\/2026\/02\/69886f0db480cc665a1a845f.png"}],"author":"rtnews","twitter_card":"summary_large_image","twitter_creator":"@WirMachenAuf_de","twitter_site":"@WirMachenAuf_de","twitter_misc":{"Verfasst von":"rtnews","Gesch\u00e4tzte Lesezeit":"3\u00a0Minuten"},"schema":{"@context":"https:\/\/schema.org","@graph":[{"@type":"Article","@id":"https:\/\/now-news.de\/de\/deutschland\/mailand-wasserwerfer-und-festnahmen-bei-protesten-gegen-winterolympiade\/#article","isPartOf":{"@id":"https:\/\/now-news.de\/de\/deutschland\/mailand-wasserwerfer-und-festnahmen-bei-protesten-gegen-winterolympiade\/"},"author":{"name":"rtnews","@id":"https:\/\/now-news.de\/de\/#\/schema\/person\/fb534a4e865501d8b3285208df34a9b5"},"headline":"Mailand: Wasserwerfer und Festnahmen bei Protesten gegen Winterolympiade","datePublished":"2026-02-08T13:30:08+00:00","dateModified":"2026-02-08T13:30:08+00:00","mainEntityOfPage":{"@id":"https:\/\/now-news.de\/de\/deutschland\/mailand-wasserwerfer-und-festnahmen-bei-protesten-gegen-winterolympiade\/"},"wordCount":587,"commentCount":0,"publisher":{"@id":"https:\/\/now-news.de\/de\/#organization"},"image":{"@id":"https:\/\/now-news.de\/de\/deutschland\/mailand-wasserwerfer-und-festnahmen-bei-protesten-gegen-winterolympiade\/#primaryimage"},"thumbnailUrl":"https:\/\/now-news.de\/de\/wp-content\/uploads\/sites\/3\/2026\/02\/Mailand-Wasserwerfer-und-Festnahmen-bei-Protesten-gegen-Winterolympiade.png","keywords":["bei","Festnahmen","gegen","Mailand","Protesten","und","Wasserwerfer","Winterolympiade"],"articleSection":["Deutschland","Russland"],"inLanguage":"de","potentialAction":[{"@type":"CommentAction","name":"Comment","target":["https:\/\/now-news.de\/de\/deutschland\/mailand-wasserwerfer-und-festnahmen-bei-protesten-gegen-winterolympiade\/#respond"]}]},{"@type":"WebPage","@id":"https:\/\/now-news.de\/de\/deutschland\/mailand-wasserwerfer-und-festnahmen-bei-protesten-gegen-winterolympiade\/","url":"https:\/\/now-news.de\/de\/deutschland\/mailand-wasserwerfer-und-festnahmen-bei-protesten-gegen-winterolympiade\/","name":"Mailand: Wasserwerfer und Festnahmen bei Protesten gegen Winterolympiade - just-now.NEWS Deutschland","isPartOf":{"@id":"https:\/\/now-news.de\/de\/#website"},"primaryImageOfPage":{"@id":"https:\/\/now-news.de\/de\/deutschland\/mailand-wasserwerfer-und-festnahmen-bei-protesten-gegen-winterolympiade\/#primaryimage"},"image":{"@id":"https:\/\/now-news.de\/de\/deutschland\/mailand-wasserwerfer-und-festnahmen-bei-protesten-gegen-winterolympiade\/#primaryimage"},"thumbnailUrl":"https:\/\/now-news.de\/de\/wp-content\/uploads\/sites\/3\/2026\/02\/Mailand-Wasserwerfer-und-Festnahmen-bei-Protesten-gegen-Winterolympiade.png","datePublished":"2026-02-08T13:30:08+00:00","dateModified":"2026-02-08T13:30:08+00:00","breadcrumb":{"@id":"https:\/\/now-news.de\/de\/deutschland\/mailand-wasserwerfer-und-festnahmen-bei-protesten-gegen-winterolympiade\/#breadcrumb"},"inLanguage":"de","potentialAction":[{"@type":"ReadAction","target":["https:\/\/now-news.de\/de\/deutschland\/mailand-wasserwerfer-und-festnahmen-bei-protesten-gegen-winterolympiade\/"]}]},{"@type":"ImageObject","inLanguage":"de","@id":"https:\/\/now-news.de\/de\/deutschland\/mailand-wasserwerfer-und-festnahmen-bei-protesten-gegen-winterolympiade\/#primaryimage","url":"https:\/\/now-news.de\/de\/wp-content\/uploads\/sites\/3\/2026\/02\/Mailand-Wasserwerfer-und-Festnahmen-bei-Protesten-gegen-Winterolympiade.png","contentUrl":"https:\/\/now-news.de\/de\/wp-content\/uploads\/sites\/3\/2026\/02\/Mailand-Wasserwerfer-und-Festnahmen-bei-Protesten-gegen-Winterolympiade.png","width":460,"height":259,"caption":"Mailand: Wasserwerfer und Festnahmen bei Protesten gegen Winterolympiade"},{"@type":"BreadcrumbList","@id":"https:\/\/now-news.de\/de\/deutschland\/mailand-wasserwerfer-und-festnahmen-bei-protesten-gegen-winterolympiade\/#breadcrumb","itemListElement":[{"@type":"ListItem","position":1,"name":"Home","item":"https:\/\/now-news.de\/de\/"},{"@type":"ListItem","position":2,"name":"Mailand: Wasserwerfer und Festnahmen bei Protesten gegen Winterolympiade"}]},{"@type":"WebSite","@id":"https:\/\/now-news.de\/de\/#website","url":"https:\/\/now-news.de\/de\/","name":"just-now.NEWS Deutschland","description":"Das Portal f\u00fcr unzensierte Nachrichten aus der Welt","publisher":{"@id":"https:\/\/now-news.de\/de\/#organization"},"potentialAction":[{"@type":"SearchAction","target":{"@type":"EntryPoint","urlTemplate":"https:\/\/now-news.de\/de\/?s={search_term_string}"},"query-input":"required name=search_term_string"}],"inLanguage":"de"},{"@type":"Organization","@id":"https:\/\/now-news.de\/de\/#organization","name":"Just Now News","url":"https:\/\/now-news.de\/de\/","logo":{"@type":"ImageObject","inLanguage":"de","@id":"https:\/\/now-news.de\/de\/#\/schema\/logo\/image\/","url":"http:\/\/just-now.news\/de\/wp-content\/uploads\/sites\/3\/2022\/04\/logo500x500.jpg","contentUrl":"http:\/\/just-now.news\/de\/wp-content\/uploads\/sites\/3\/2022\/04\/logo500x500.jpg","width":500,"height":500,"caption":"Just Now News"},"image":{"@id":"https:\/\/now-news.de\/de\/#\/schema\/logo\/image\/"},"sameAs":["https:\/\/www.facebook.com\/wirmachenauf","https:\/\/x.com\/WirMachenAuf_de"]},{"@type":"Person","@id":"https:\/\/now-news.de\/de\/#\/schema\/person\/fb534a4e865501d8b3285208df34a9b5","name":"rtnews","image":{"@type":"ImageObject","inLanguage":"de","@id":"https:\/\/now-news.de\/de\/#\/schema\/person\/image\/","url":"https:\/\/secure.gravatar.com\/avatar\/82aafea7d8127119dd649515f56e2117?s=96&d=mm&r=g","contentUrl":"https:\/\/secure.gravatar.com\/avatar\/82aafea7d8127119dd649515f56e2117?s=96&d=mm&r=g","caption":"rtnews"},"url":"https:\/\/now-news.de\/de\/author\/rnews\/"}]}},"_links":{"self":[{"href":"https:\/\/now-news.de\/de\/wp-json\/wp\/v2\/posts\/98570"}],"collection":[{"href":"https:\/\/now-news.de\/de\/wp-json\/wp\/v2\/posts"}],"about":[{"href":"https:\/\/now-news.de\/de\/wp-json\/wp\/v2\/types\/post"}],"author":[{"embeddable":true,"href":"https:\/\/now-news.de\/de\/wp-json\/wp\/v2\/users\/3"}],"replies":[{"embeddable":true,"href":"https:\/\/now-news.de\/de\/wp-json\/wp\/v2\/comments?post=98570"}],"version-history":[{"count":0,"href":"https:\/\/now-news.de\/de\/wp-json\/wp\/v2\/posts\/98570\/revisions"}],"wp:featuredmedia":[{"embeddable":true,"href":"https:\/\/now-news.de\/de\/wp-json\/wp\/v2\/media\/98571"}],"wp:attachment":[{"href":"https:\/\/now-news.de\/de\/wp-json\/wp\/v2\/media?parent=98570"}],"wp:term":[{"taxonomy":"category","embeddable":true,"href":"https:\/\/now-news.de\/de\/wp-json\/wp\/v2\/categories?post=98570"},{"taxonomy":"post_tag","embeddable":true,"href":"https:\/\/now-news.de\/de\/wp-json\/wp\/v2\/tags?post=98570"}],"curies":[{"name":"wp","href":"https:\/\/api.w.org\/{rel}","templated":true}]}}