{"id":98550,"date":"2026-02-07T23:00:03","date_gmt":"2026-02-07T21:00:03","guid":{"rendered":"https:\/\/now-news.de\/de\/deutschland\/gasspeicher-leer-tagesschau-russen-schuldig\/"},"modified":"2026-02-07T23:00:03","modified_gmt":"2026-02-07T21:00:03","slug":"gasspeicher-leer-tagesschau-russen-schuldig","status":"publish","type":"post","link":"https:\/\/now-news.de\/de\/deutschland\/gasspeicher-leer-tagesschau-russen-schuldig\/","title":{"rendered":"Gasspeicher leer \u2013 &quot;Tagesschau&quot;: Russen schuldig"},"content":{"rendered":"<p><img decoding=\"async\" src=\"https:\/\/now-news.de\/de\/wp-content\/uploads\/sites\/3\/2026\/02\/69876da848fbef595c68f6ca.jpg\" \/><\/p>\n<div class=\"Text-root Text-type_1 \">\n                Seit Monaten kommen die Warnmeldungen in immer dichterer Folge: Die deutschen Gasspeicher sind zu gering bef\u00fcllt \u2013 und leeren sich immer schneller. Die Mainstream-Medien geben Russland daf\u00fcr die Schuld, was jedoch nicht stimmt. Das st\u00e4ndige Wiederholen solcher L\u00fcgen geht auf Methoden der Nazi-Propaganda zur\u00fcck.\n            <\/div>\n<p><\/p>\n<div class=\"Text-root Text-type_5 ArticleView-text ViewText-root \">\n<p>Die Gasspeicher in Deutschland sind nur noch zu weniger als 40 Prozent gef\u00fcllt. Das passt super zu einem harten Winter. Speicherkapazit\u00e4t gibt es genug in Deutschland. Aber die Speicher sind nicht so gef\u00fcllt wie in den Jahren zuvor. Woran liegt das? Die amtliche <em>Tagesschau<\/em> wei\u00df es: &#8220;Vor vier Jahren, als Russland die Ukraine \u00fcberfiel, gab es in Deutschland gro\u00dfe Sorgen um die Erdgas-Versorgung. Damals wurde bef\u00fcrchtet, dass Russland den Gashahn zudrehen k\u00f6nnte \u2013 was auch weitgehend geschah.&#8221; Es gibt L\u00fcgen und unversch\u00e4mte L\u00fcgen. Die <em>Tagesschau<\/em>\u00a0ist auf die unversch\u00e4mten spezialisiert.<\/p>\n<p><strong>Gas-Fr\u00fchwarnstufe<\/strong><\/p>\n<p>Schon\u00a0seit dem 1. Juli 2025 gilt die Fr\u00fchwarnstufe.\u00a0Die &#8220;Gremien&#8221; der Europ\u00e4ischen Union haben sich darauf verst\u00e4ndigt, die Einfuhr von russischem Erdgas ab dem Jahr 2027 einzustellen. Sie ahnten bereits, dass ihre Sanktionspolitik zu Engp\u00e4ssen f\u00fchren w\u00fcrde. Wer das preiswerte Gas aus Russland nicht haben will, der kann seine Speicher nicht ordentlich f\u00fcllen. Diese Gleichung ist auch f\u00fcr Klippsch\u00fcler verst\u00e4ndlich.\u00a0<\/p>\n<p><strong>Ursachen wegl\u00fcgen<\/strong><\/p>\n<p>Die <em>Tagesschau<\/em> versucht, die Ursachen wegzul\u00fcgen; vor f\u00fcnf Tagen meldete sie: &#8220;Vor vier Jahren, als Russland die Ukraine \u00fcberfiel, gab es in Deutschland gro\u00dfe Sorgen um die Erdgas-Versorgung. Damals wurde bef\u00fcrchtet, dass Russland den Gashahn zudrehen k\u00f6nnte \u2013 was auch weitgehend geschah.&#8221; Von Reichspropagandaminister Goebbels stammt das Zitat:\u00a0&#8220;Je gr\u00f6\u00dfer die L\u00fcge, desto eher wird sie geglaubt.&#8221; Die Redakteure der <em>Tagesschau<\/em> sind brave Sch\u00fcler des Nazi-Ministers.\u00a0<\/p>\n<p><strong>Russophobie stammt aus der Nazi-Zeit<\/strong><\/p>\n<p>Die deutsche Russophobie stammt aus der Nazi-Zeit, in der die Russen als &#8220;Untermenschen&#8221; galten. In dieser Tradition steht die <em>Frankfurter Allgemeine<\/em>, die j\u00fcngst titelte: &#8220;Kiew: Russische Unmenschen versuchen einen Winterv\u00f6lkermord&#8221;. Vom Unmenschen zum Untermenschen ist es nur ein kleiner Schritt. Sicher denkt die <em>FAZ<\/em> an die deutsche Niederlage in Stalingrad 1943. Da haben ja, wie der gebildete <em>FAZ<\/em>-Redakteur wei\u00df, die russischen &#8220;Unmenschen&#8221; auch schon brutal den Winter ausgenutzt, um die eigentlich unbesiegbare Wehrmacht unter ihren Stiefel zu kriegen!<\/p>\n<p><strong>Fettaugen auf der Br\u00fche<\/strong><\/p>\n<p>Aber dem Russen werden wir es zeigen! Wir kaufen einfach sein Gas nicht mehr! Damit werden wir die deutsche Niederlage bei Stalingrad r\u00e4chen, das Fracking-Gas aus den USA kaufen und den Russen besiegen! Das mag diesem oder jenem Leser der <em>FAZ<\/em> als eine sonderbare Logik erscheinen. Aber er erlebt nur erneut die Tradition Goebbels, der bereits wusste: &#8220;Wenn man eine L\u00fcge oft genug wiederholt, wird sie geglaubt.&#8221;<\/p>\n<p>Und tats\u00e4chlich, wer die <em>FAZ<\/em> lange genug\u00a0liest, der glaubt auch an ihren Werbespruch &#8220;Dahinter steckt immer ein kluger Kopf&#8221;; der behauptet tats\u00e4chlich, dass die <em>FAZ<\/em>-Leser &#8220;klug&#8221; w\u00e4ren. In Wahrheit sind sie nur schlau genug, wie die Fettaugen auf der Br\u00fche weit oben zu schwimmen.<\/p>\n<p><strong><em>FAZ<\/em>-Nazi-Tradition<\/strong><\/p>\n<p>Der Erfinder des Spruchs war\u00a0Viktor Karl Maria Muckel, der p\u00fcnktlich, noch vor 1933, am 1. September 1932, in die\u00a0<a rel=\"nofollow noopener\" target=\"_blank\" href=\"https:\/\/de.wikipedia.org\/wiki\/Nationalsozialistische_Deutsche_Arbeiterpartei\">NSDAP<\/a>\u00a0eintrat (Mitgliedsnummer 1.326.217). Im selben Jahr wurde er Mitglied der\u00a0<a rel=\"nofollow noopener\" target=\"_blank\" href=\"https:\/\/de.wikipedia.org\/wiki\/Sturmabteilung\">Reiter-SA<\/a>\u00a0und Gauamtsleiter. Als Mitglied dieser Schweinebande war er an der brutalen Verfolgung der Juden beteiligt. Dar\u00fcber schwieg die westdeutsche \u00d6ffentlichkeit vornehm. Deshalb d\u00fcrfen die Erben von Viktor Muckel ihre Untermenschen-Propaganda bis heute ungestraft verbreiten.<\/p>\n<p><em>Der Beitrag wurde zuerst am 7. Februar 2026 auf der Website <a rel=\"nofollow noopener\" target=\"_blank\" href=\"https:\/\/www.rationalgalerie.de\/home\/gasspeicher-leer\">www.rationalgalerie.de<\/a> ver\u00f6ffentlicht.<\/em><\/p>\n<p><em><strong>Uli Gellermann<\/strong>\u00a0ist Filmemacher und Journalist. Seine Erfahrungen mit den \u00f6ffentlich-rechtlichen Sendern begr\u00fcnden seine Medienkritik. Er ist Betreiber der Internetseite Rationalgalerie.<\/em><\/p>\n<p><strong>Mehr zum Thema<\/strong> \u2013\u00a0<a rel=\"nofollow noopener\" target=\"_blank\" href=\"https:\/\/freedert.online\/meinung\/269378-war-jeffrey-epstein-wirklich-ein-russischer-spion\/\">War Jeffrey Epstein wirklich ein russischer Spion?<\/a><\/p>\n<div class=\"EmbedBlock-root EmbedBlock-externalVideo EmbedBlock-rumble\">\n<div class=\"VkEmbed\"><iframe class=\"lazyload\" data-src=\"https:\/\/rumble.com\/embed\/v738mwo\" frameborder=\"0\" width=\"853\" height=\"480\" allowfullscreen><\/iframe><\/div>\n<\/div>\n<\/div>\n<p><br \/>\n<br \/><a href=\"https:\/\/de.rt.com\/meinung\/269616-gasspeicher-leer-tagesschau-russen-schuldig\/\">Source link <\/a><\/p>\n","protected":false},"excerpt":{"rendered":"<p>Seit Monaten kommen die Warnmeldungen in immer dichterer Folge: Die deutschen Gasspeicher sind zu gering bef\u00fcllt \u2013 und leeren sich immer schneller. Die Mainstream-Medien geben Russland daf\u00fcr die Schuld, was jedoch nicht stimmt. Das st\u00e4ndige Wiederholen solcher L\u00fcgen geht auf Methoden der Nazi-Propaganda zur\u00fcck. Die Gasspeicher in Deutschland sind nur noch zu weniger als 40 [&hellip;]<\/p>\n","protected":false},"author":3,"featured_media":98551,"comment_status":"open","ping_status":"open","sticky":false,"template":"","format":"standard","meta":{"_yoast_indexnow_last_ping":["1770498464"],"wp_automatic_camp":["217"],"daba371233bb6688dff6ea607fcd34a1":["Gasspeicher leer \u2013 &quot;Tagesschau&quot;: Russen schuldig"],"original_link":["https:\/\/de.rt.com\/meinung\/269616-gasspeicher-leer-tagesschau-russen-schuldig\/"],"_thumbnail_id":["98551"],"jnews_social_counter_last_update":["1777262043"],"_wptgpro_p2tg_sent2tg":["a:1:{i:23737;s:19:\"2026-02-07 23:08:47\";}"]},"categories":[19,23],"tags":[27978,36280,33041,4405,19107],"yoast_head":"<!-- This site is optimized with the Yoast SEO Premium plugin v22.7 (Yoast SEO v22.7) - https:\/\/yoast.com\/wordpress\/plugins\/seo\/ -->\n<title>Gasspeicher leer \u2013 &quot;Tagesschau&quot;: Russen schuldig - just-now.NEWS Deutschland<\/title>\n<meta name=\"robots\" content=\"index, follow, max-snippet:-1, max-image-preview:large, max-video-preview:-1\" \/>\n<link rel=\"canonical\" href=\"https:\/\/now-news.de\/de\/deutschland\/gasspeicher-leer-tagesschau-russen-schuldig\/\" \/>\n<meta property=\"og:locale\" content=\"de_DE\" \/>\n<meta property=\"og:type\" content=\"article\" \/>\n<meta property=\"og:title\" content=\"Gasspeicher leer \u2013 &quot;Tagesschau&quot;: Russen schuldig\" \/>\n<meta property=\"og:description\" content=\"Seit Monaten kommen die Warnmeldungen in immer dichterer Folge: Die deutschen Gasspeicher sind zu gering bef\u00fcllt \u2013 und leeren sich immer schneller. Die Mainstream-Medien geben Russland daf\u00fcr die Schuld, was jedoch nicht stimmt. Das st\u00e4ndige Wiederholen solcher L\u00fcgen geht auf Methoden der Nazi-Propaganda zur\u00fcck. Die Gasspeicher in Deutschland sind nur noch zu weniger als 40 [&hellip;]\" \/>\n<meta property=\"og:url\" content=\"https:\/\/now-news.de\/de\/deutschland\/gasspeicher-leer-tagesschau-russen-schuldig\/\" \/>\n<meta property=\"og:site_name\" content=\"just-now.NEWS Deutschland\" \/>\n<meta property=\"article:publisher\" content=\"https:\/\/www.facebook.com\/wirmachenauf\" \/>\n<meta property=\"article:published_time\" content=\"2026-02-07T21:00:03+00:00\" \/>\n<meta property=\"og:image\" content=\"https:\/\/now-news.de\/de\/wp-content\/uploads\/sites\/3\/2026\/02\/69876da848fbef595c68f6ca.jpg\" \/>\n<meta name=\"author\" content=\"rtnews\" \/>\n<meta name=\"twitter:card\" content=\"summary_large_image\" \/>\n<meta name=\"twitter:creator\" content=\"@WirMachenAuf_de\" \/>\n<meta name=\"twitter:site\" content=\"@WirMachenAuf_de\" \/>\n<meta name=\"twitter:label1\" content=\"Verfasst von\" \/>\n\t<meta name=\"twitter:data1\" content=\"rtnews\" \/>\n\t<meta name=\"twitter:label2\" content=\"Gesch\u00e4tzte Lesezeit\" \/>\n\t<meta name=\"twitter:data2\" content=\"3\u00a0Minuten\" \/>\n<script type=\"application\/ld+json\" class=\"yoast-schema-graph\">{\"@context\":\"https:\/\/schema.org\",\"@graph\":[{\"@type\":\"Article\",\"@id\":\"https:\/\/now-news.de\/de\/deutschland\/gasspeicher-leer-tagesschau-russen-schuldig\/#article\",\"isPartOf\":{\"@id\":\"https:\/\/now-news.de\/de\/deutschland\/gasspeicher-leer-tagesschau-russen-schuldig\/\"},\"author\":{\"name\":\"rtnews\",\"@id\":\"https:\/\/now-news.de\/de\/#\/schema\/person\/fb534a4e865501d8b3285208df34a9b5\"},\"headline\":\"Gasspeicher leer \u2013 &quot;Tagesschau&quot;: Russen schuldig\",\"datePublished\":\"2026-02-07T21:00:03+00:00\",\"dateModified\":\"2026-02-07T21:00:03+00:00\",\"mainEntityOfPage\":{\"@id\":\"https:\/\/now-news.de\/de\/deutschland\/gasspeicher-leer-tagesschau-russen-schuldig\/\"},\"wordCount\":621,\"commentCount\":0,\"publisher\":{\"@id\":\"https:\/\/now-news.de\/de\/#organization\"},\"image\":{\"@id\":\"https:\/\/now-news.de\/de\/deutschland\/gasspeicher-leer-tagesschau-russen-schuldig\/#primaryimage\"},\"thumbnailUrl\":\"https:\/\/now-news.de\/de\/wp-content\/uploads\/sites\/3\/2026\/02\/Gasspeicher-leer-\u2013-quotTagesschauquot-Russen-schuldig.jpg\",\"keywords\":[\"Gasspeicher\",\"leer\",\"quotTagesschauquot\",\"Russen\",\"schuldig\"],\"articleSection\":[\"Deutschland\",\"Russland\"],\"inLanguage\":\"de\",\"potentialAction\":[{\"@type\":\"CommentAction\",\"name\":\"Comment\",\"target\":[\"https:\/\/now-news.de\/de\/deutschland\/gasspeicher-leer-tagesschau-russen-schuldig\/#respond\"]}]},{\"@type\":\"WebPage\",\"@id\":\"https:\/\/now-news.de\/de\/deutschland\/gasspeicher-leer-tagesschau-russen-schuldig\/\",\"url\":\"https:\/\/now-news.de\/de\/deutschland\/gasspeicher-leer-tagesschau-russen-schuldig\/\",\"name\":\"Gasspeicher leer \u2013 &quot;Tagesschau&quot;: Russen schuldig - just-now.NEWS Deutschland\",\"isPartOf\":{\"@id\":\"https:\/\/now-news.de\/de\/#website\"},\"primaryImageOfPage\":{\"@id\":\"https:\/\/now-news.de\/de\/deutschland\/gasspeicher-leer-tagesschau-russen-schuldig\/#primaryimage\"},\"image\":{\"@id\":\"https:\/\/now-news.de\/de\/deutschland\/gasspeicher-leer-tagesschau-russen-schuldig\/#primaryimage\"},\"thumbnailUrl\":\"https:\/\/now-news.de\/de\/wp-content\/uploads\/sites\/3\/2026\/02\/Gasspeicher-leer-\u2013-quotTagesschauquot-Russen-schuldig.jpg\",\"datePublished\":\"2026-02-07T21:00:03+00:00\",\"dateModified\":\"2026-02-07T21:00:03+00:00\",\"breadcrumb\":{\"@id\":\"https:\/\/now-news.de\/de\/deutschland\/gasspeicher-leer-tagesschau-russen-schuldig\/#breadcrumb\"},\"inLanguage\":\"de\",\"potentialAction\":[{\"@type\":\"ReadAction\",\"target\":[\"https:\/\/now-news.de\/de\/deutschland\/gasspeicher-leer-tagesschau-russen-schuldig\/\"]}]},{\"@type\":\"ImageObject\",\"inLanguage\":\"de\",\"@id\":\"https:\/\/now-news.de\/de\/deutschland\/gasspeicher-leer-tagesschau-russen-schuldig\/#primaryimage\",\"url\":\"https:\/\/now-news.de\/de\/wp-content\/uploads\/sites\/3\/2026\/02\/Gasspeicher-leer-\u2013-quotTagesschauquot-Russen-schuldig.jpg\",\"contentUrl\":\"https:\/\/now-news.de\/de\/wp-content\/uploads\/sites\/3\/2026\/02\/Gasspeicher-leer-\u2013-quotTagesschauquot-Russen-schuldig.jpg\",\"width\":460,\"height\":259,\"caption\":\"Gasspeicher leer \u2013 &quot;Tagesschau&quot;: Russen schuldig\"},{\"@type\":\"BreadcrumbList\",\"@id\":\"https:\/\/now-news.de\/de\/deutschland\/gasspeicher-leer-tagesschau-russen-schuldig\/#breadcrumb\",\"itemListElement\":[{\"@type\":\"ListItem\",\"position\":1,\"name\":\"Home\",\"item\":\"https:\/\/now-news.de\/de\/\"},{\"@type\":\"ListItem\",\"position\":2,\"name\":\"Gasspeicher leer \u2013 &quot;Tagesschau&quot;: Russen schuldig\"}]},{\"@type\":\"WebSite\",\"@id\":\"https:\/\/now-news.de\/de\/#website\",\"url\":\"https:\/\/now-news.de\/de\/\",\"name\":\"just-now.NEWS Deutschland\",\"description\":\"Das Portal f\u00fcr unzensierte Nachrichten aus der Welt\",\"publisher\":{\"@id\":\"https:\/\/now-news.de\/de\/#organization\"},\"potentialAction\":[{\"@type\":\"SearchAction\",\"target\":{\"@type\":\"EntryPoint\",\"urlTemplate\":\"https:\/\/now-news.de\/de\/?s={search_term_string}\"},\"query-input\":\"required name=search_term_string\"}],\"inLanguage\":\"de\"},{\"@type\":\"Organization\",\"@id\":\"https:\/\/now-news.de\/de\/#organization\",\"name\":\"Just Now News\",\"url\":\"https:\/\/now-news.de\/de\/\",\"logo\":{\"@type\":\"ImageObject\",\"inLanguage\":\"de\",\"@id\":\"https:\/\/now-news.de\/de\/#\/schema\/logo\/image\/\",\"url\":\"http:\/\/just-now.news\/de\/wp-content\/uploads\/sites\/3\/2022\/04\/logo500x500.jpg\",\"contentUrl\":\"http:\/\/just-now.news\/de\/wp-content\/uploads\/sites\/3\/2022\/04\/logo500x500.jpg\",\"width\":500,\"height\":500,\"caption\":\"Just Now News\"},\"image\":{\"@id\":\"https:\/\/now-news.de\/de\/#\/schema\/logo\/image\/\"},\"sameAs\":[\"https:\/\/www.facebook.com\/wirmachenauf\",\"https:\/\/x.com\/WirMachenAuf_de\"]},{\"@type\":\"Person\",\"@id\":\"https:\/\/now-news.de\/de\/#\/schema\/person\/fb534a4e865501d8b3285208df34a9b5\",\"name\":\"rtnews\",\"image\":{\"@type\":\"ImageObject\",\"inLanguage\":\"de\",\"@id\":\"https:\/\/now-news.de\/de\/#\/schema\/person\/image\/\",\"url\":\"https:\/\/secure.gravatar.com\/avatar\/82aafea7d8127119dd649515f56e2117?s=96&d=mm&r=g\",\"contentUrl\":\"https:\/\/secure.gravatar.com\/avatar\/82aafea7d8127119dd649515f56e2117?s=96&d=mm&r=g\",\"caption\":\"rtnews\"},\"url\":\"https:\/\/now-news.de\/de\/author\/rnews\/\"}]}<\/script>\n<!-- \/ Yoast SEO Premium plugin. -->","yoast_head_json":{"title":"Gasspeicher leer \u2013 &quot;Tagesschau&quot;: Russen schuldig - just-now.NEWS Deutschland","robots":{"index":"index","follow":"follow","max-snippet":"max-snippet:-1","max-image-preview":"max-image-preview:large","max-video-preview":"max-video-preview:-1"},"canonical":"https:\/\/now-news.de\/de\/deutschland\/gasspeicher-leer-tagesschau-russen-schuldig\/","og_locale":"de_DE","og_type":"article","og_title":"Gasspeicher leer \u2013 &quot;Tagesschau&quot;: Russen schuldig","og_description":"Seit Monaten kommen die Warnmeldungen in immer dichterer Folge: Die deutschen Gasspeicher sind zu gering bef\u00fcllt \u2013 und leeren sich immer schneller. Die Mainstream-Medien geben Russland daf\u00fcr die Schuld, was jedoch nicht stimmt. Das st\u00e4ndige Wiederholen solcher L\u00fcgen geht auf Methoden der Nazi-Propaganda zur\u00fcck. Die Gasspeicher in Deutschland sind nur noch zu weniger als 40 [&hellip;]","og_url":"https:\/\/now-news.de\/de\/deutschland\/gasspeicher-leer-tagesschau-russen-schuldig\/","og_site_name":"just-now.NEWS Deutschland","article_publisher":"https:\/\/www.facebook.com\/wirmachenauf","article_published_time":"2026-02-07T21:00:03+00:00","og_image":[{"url":"https:\/\/now-news.de\/de\/wp-content\/uploads\/sites\/3\/2026\/02\/69876da848fbef595c68f6ca.jpg"}],"author":"rtnews","twitter_card":"summary_large_image","twitter_creator":"@WirMachenAuf_de","twitter_site":"@WirMachenAuf_de","twitter_misc":{"Verfasst von":"rtnews","Gesch\u00e4tzte Lesezeit":"3\u00a0Minuten"},"schema":{"@context":"https:\/\/schema.org","@graph":[{"@type":"Article","@id":"https:\/\/now-news.de\/de\/deutschland\/gasspeicher-leer-tagesschau-russen-schuldig\/#article","isPartOf":{"@id":"https:\/\/now-news.de\/de\/deutschland\/gasspeicher-leer-tagesschau-russen-schuldig\/"},"author":{"name":"rtnews","@id":"https:\/\/now-news.de\/de\/#\/schema\/person\/fb534a4e865501d8b3285208df34a9b5"},"headline":"Gasspeicher leer \u2013 &quot;Tagesschau&quot;: Russen schuldig","datePublished":"2026-02-07T21:00:03+00:00","dateModified":"2026-02-07T21:00:03+00:00","mainEntityOfPage":{"@id":"https:\/\/now-news.de\/de\/deutschland\/gasspeicher-leer-tagesschau-russen-schuldig\/"},"wordCount":621,"commentCount":0,"publisher":{"@id":"https:\/\/now-news.de\/de\/#organization"},"image":{"@id":"https:\/\/now-news.de\/de\/deutschland\/gasspeicher-leer-tagesschau-russen-schuldig\/#primaryimage"},"thumbnailUrl":"https:\/\/now-news.de\/de\/wp-content\/uploads\/sites\/3\/2026\/02\/Gasspeicher-leer-\u2013-quotTagesschauquot-Russen-schuldig.jpg","keywords":["Gasspeicher","leer","quotTagesschauquot","Russen","schuldig"],"articleSection":["Deutschland","Russland"],"inLanguage":"de","potentialAction":[{"@type":"CommentAction","name":"Comment","target":["https:\/\/now-news.de\/de\/deutschland\/gasspeicher-leer-tagesschau-russen-schuldig\/#respond"]}]},{"@type":"WebPage","@id":"https:\/\/now-news.de\/de\/deutschland\/gasspeicher-leer-tagesschau-russen-schuldig\/","url":"https:\/\/now-news.de\/de\/deutschland\/gasspeicher-leer-tagesschau-russen-schuldig\/","name":"Gasspeicher leer \u2013 &quot;Tagesschau&quot;: Russen schuldig - just-now.NEWS Deutschland","isPartOf":{"@id":"https:\/\/now-news.de\/de\/#website"},"primaryImageOfPage":{"@id":"https:\/\/now-news.de\/de\/deutschland\/gasspeicher-leer-tagesschau-russen-schuldig\/#primaryimage"},"image":{"@id":"https:\/\/now-news.de\/de\/deutschland\/gasspeicher-leer-tagesschau-russen-schuldig\/#primaryimage"},"thumbnailUrl":"https:\/\/now-news.de\/de\/wp-content\/uploads\/sites\/3\/2026\/02\/Gasspeicher-leer-\u2013-quotTagesschauquot-Russen-schuldig.jpg","datePublished":"2026-02-07T21:00:03+00:00","dateModified":"2026-02-07T21:00:03+00:00","breadcrumb":{"@id":"https:\/\/now-news.de\/de\/deutschland\/gasspeicher-leer-tagesschau-russen-schuldig\/#breadcrumb"},"inLanguage":"de","potentialAction":[{"@type":"ReadAction","target":["https:\/\/now-news.de\/de\/deutschland\/gasspeicher-leer-tagesschau-russen-schuldig\/"]}]},{"@type":"ImageObject","inLanguage":"de","@id":"https:\/\/now-news.de\/de\/deutschland\/gasspeicher-leer-tagesschau-russen-schuldig\/#primaryimage","url":"https:\/\/now-news.de\/de\/wp-content\/uploads\/sites\/3\/2026\/02\/Gasspeicher-leer-\u2013-quotTagesschauquot-Russen-schuldig.jpg","contentUrl":"https:\/\/now-news.de\/de\/wp-content\/uploads\/sites\/3\/2026\/02\/Gasspeicher-leer-\u2013-quotTagesschauquot-Russen-schuldig.jpg","width":460,"height":259,"caption":"Gasspeicher leer \u2013 &quot;Tagesschau&quot;: Russen schuldig"},{"@type":"BreadcrumbList","@id":"https:\/\/now-news.de\/de\/deutschland\/gasspeicher-leer-tagesschau-russen-schuldig\/#breadcrumb","itemListElement":[{"@type":"ListItem","position":1,"name":"Home","item":"https:\/\/now-news.de\/de\/"},{"@type":"ListItem","position":2,"name":"Gasspeicher leer \u2013 &quot;Tagesschau&quot;: Russen schuldig"}]},{"@type":"WebSite","@id":"https:\/\/now-news.de\/de\/#website","url":"https:\/\/now-news.de\/de\/","name":"just-now.NEWS Deutschland","description":"Das Portal f\u00fcr unzensierte Nachrichten aus der Welt","publisher":{"@id":"https:\/\/now-news.de\/de\/#organization"},"potentialAction":[{"@type":"SearchAction","target":{"@type":"EntryPoint","urlTemplate":"https:\/\/now-news.de\/de\/?s={search_term_string}"},"query-input":"required name=search_term_string"}],"inLanguage":"de"},{"@type":"Organization","@id":"https:\/\/now-news.de\/de\/#organization","name":"Just Now News","url":"https:\/\/now-news.de\/de\/","logo":{"@type":"ImageObject","inLanguage":"de","@id":"https:\/\/now-news.de\/de\/#\/schema\/logo\/image\/","url":"http:\/\/just-now.news\/de\/wp-content\/uploads\/sites\/3\/2022\/04\/logo500x500.jpg","contentUrl":"http:\/\/just-now.news\/de\/wp-content\/uploads\/sites\/3\/2022\/04\/logo500x500.jpg","width":500,"height":500,"caption":"Just Now News"},"image":{"@id":"https:\/\/now-news.de\/de\/#\/schema\/logo\/image\/"},"sameAs":["https:\/\/www.facebook.com\/wirmachenauf","https:\/\/x.com\/WirMachenAuf_de"]},{"@type":"Person","@id":"https:\/\/now-news.de\/de\/#\/schema\/person\/fb534a4e865501d8b3285208df34a9b5","name":"rtnews","image":{"@type":"ImageObject","inLanguage":"de","@id":"https:\/\/now-news.de\/de\/#\/schema\/person\/image\/","url":"https:\/\/secure.gravatar.com\/avatar\/82aafea7d8127119dd649515f56e2117?s=96&d=mm&r=g","contentUrl":"https:\/\/secure.gravatar.com\/avatar\/82aafea7d8127119dd649515f56e2117?s=96&d=mm&r=g","caption":"rtnews"},"url":"https:\/\/now-news.de\/de\/author\/rnews\/"}]}},"_links":{"self":[{"href":"https:\/\/now-news.de\/de\/wp-json\/wp\/v2\/posts\/98550"}],"collection":[{"href":"https:\/\/now-news.de\/de\/wp-json\/wp\/v2\/posts"}],"about":[{"href":"https:\/\/now-news.de\/de\/wp-json\/wp\/v2\/types\/post"}],"author":[{"embeddable":true,"href":"https:\/\/now-news.de\/de\/wp-json\/wp\/v2\/users\/3"}],"replies":[{"embeddable":true,"href":"https:\/\/now-news.de\/de\/wp-json\/wp\/v2\/comments?post=98550"}],"version-history":[{"count":0,"href":"https:\/\/now-news.de\/de\/wp-json\/wp\/v2\/posts\/98550\/revisions"}],"wp:featuredmedia":[{"embeddable":true,"href":"https:\/\/now-news.de\/de\/wp-json\/wp\/v2\/media\/98551"}],"wp:attachment":[{"href":"https:\/\/now-news.de\/de\/wp-json\/wp\/v2\/media?parent=98550"}],"wp:term":[{"taxonomy":"category","embeddable":true,"href":"https:\/\/now-news.de\/de\/wp-json\/wp\/v2\/categories?post=98550"},{"taxonomy":"post_tag","embeddable":true,"href":"https:\/\/now-news.de\/de\/wp-json\/wp\/v2\/tags?post=98550"}],"curies":[{"name":"wp","href":"https:\/\/api.w.org\/{rel}","templated":true}]}}