{"id":98514,"date":"2026-02-07T14:02:50","date_gmt":"2026-02-07T12:02:50","guid":{"rendered":"https:\/\/now-news.de\/de\/deutschland\/wie-campact-aus-versehen-die-deutsche-wirklichkeit-beschreibt\/"},"modified":"2026-02-07T14:02:50","modified_gmt":"2026-02-07T12:02:50","slug":"wie-campact-aus-versehen-die-deutsche-wirklichkeit-beschreibt","status":"publish","type":"post","link":"https:\/\/now-news.de\/de\/deutschland\/wie-campact-aus-versehen-die-deutsche-wirklichkeit-beschreibt\/","title":{"rendered":"Wie Campact aus Versehen die deutsche Wirklichkeit beschreibt"},"content":{"rendered":"<p><img decoding=\"async\" src=\"https:\/\/now-news.de\/de\/wp-content\/uploads\/sites\/3\/2026\/02\/6987297748fbef6c3b36e4ec.jpg\" \/><\/p>\n<div class=\"Text-root Text-type_1 \">\n                Eigentlich ist das neue &#8220;Arbeitspapier&#8221; von Campact  ganz anders gemeint und soll sich mit dem Handeln der &#8220;B\u00f6sen&#8221; befassen, der &#8220;Autorit\u00e4ren&#8221;. Aber irgendwie liest sich das dann, als ginge es um die Abgr\u00fcnde, in die Deutschland sich politisch bewegt hat, in den letzten Jahren.\n            <\/div>\n<p><\/p>\n<div class=\"Text-root Text-type_5 ArticleView-text ViewText-root \">\n<p><em>Von Dagmar Henn<\/em><\/p>\n<p>Manchmal ger\u00e4t man an die Grenze der Aufnahmef\u00e4higkeit. Das neue &#8220;Arbeitspapier&#8221; des Thinktanks von Campact hatte gerade bei mir diese Wirkung. Nicht nur, weil nach einer Woche mit Epstein-Dokumenten und den US-Papieren \u00fcber die EU-Zensur eigentlich der Ekelbedarf mehr als gedeckt ist. Nein, mehr noch, weil dieses <a rel=\"nofollow noopener\" target=\"_blank\" href=\"https:\/\/thinktank-rechtsextremismus.campact.de\/wp-content\/uploads\/sites\/13\/2026\/02\/26-01-29_TTrex_paper_Playbook_final.pdf\">Campact-Papier<\/a> mit dem Titel &#8220;Das autorit\u00e4re Playbook verstehen&#8221; ein verst\u00f6rendes Gef\u00fchl einer verschobenen Wirklichkeit erzeugt. Wie ein Schritt in eine Welt hinter dem Spiegel, in der alles richtig aussieht und doch verkehrt ist.<\/p>\n<p>Das beginnt bereits in der Formulierung des Untersuchungsauftrags: &#8220;Dabei orientieren wir uns an den sieben Kategorien, die zentral f\u00fcr aktuelle autorit\u00e4re Politiken sind: die Politisierung unabh\u00e4ngiger Institutionen, Desinformation, Konzentration von Macht in der Exekutive, Unterdr\u00fcckung von Kritik, Produktion von S\u00fcndenb\u00f6cken und Identit\u00e4tspolitik, Manipulation von Wahlen sowie Sch\u00fcren von Gewalt.&#8221;<\/p>\n<p>Ja, das Material zur EU-Zensur kommt sofort wieder in den Sinn, insbesondere die Belege \u00fcber die Wahlmanipulationen, die tats\u00e4chlich stattgefunden haben, mit Rum\u00e4nien als besonders eindringlichem Beispiel an der Spitze. Oder zum Stichwort &#8220;Unterdr\u00fcckung von Kritik&#8221; der bundesweit bereits mehrfach durchgef\u00fchrte Schwachkopf-Tag, an dem nicht eine, sondern gleich Dutzende Hausdurchsuchungen wegen v\u00f6llig legaler Meinungs\u00e4u\u00dferungen stattfanden. Wenn man den Absatz f\u00fcr sich genommen liest, will man nicken und sagen: Genau das haben wir in den vergangenen Jahren beobachtet, genau das ist tagt\u00e4glich passiert.<\/p>\n<p>Aber wir sind eben in der Welt hinter dem Spiegel. Haben die beiden Autoren es beim Schreiben nicht gemerkt? Hat es ihnen nicht wenigstens gelegentlich einen Stich versetzt, weil ihnen etwas daran auf unheimliche Weise vertraut war? Kaum. Immerhin schreiben sie, ziemlich am Ende der 69 Seiten, dass die &#8220;Massendemonstrationen im Anschluss an die Correctiv-Recherche zeigen, dass sich immer wieder M\u00f6glichkeitsfenster \u00f6ffnen, in denen ein gesellschaftliches Momentum f\u00fcr Ver\u00e4nderung entsteht&#8221;.<\/p>\n<p>So war das nicht. Die Geschichte von Correctiv war weitgehend erlogen, und die Massendemonstrationen waren Regierungsaufm\u00e4rsche, kein Protest, und schon gar kein &#8220;Momentum f\u00fcr Ver\u00e4nderung&#8221;, schlie\u00dflich lautete die Hauptbotschaft &#8220;Weiter so&#8221;.<\/p>\n<p><em>&#8220;Die Attacken f\u00fchren nicht selten dazu, dass sich diejenigen, die k\u00f6nnen, konformistisch verhalten \u2013 zumal dies oft auch belohnt wird. Wegducken passiert aber immer zum Leidwesen jener, die das nicht k\u00f6nnen.&#8221;<\/em><\/p>\n<p>Wie war das noch einmal w\u00e4hrend Corona? Wie ist das heute mit Kritik gegen\u00fcber dem NATO-Narrativ? Wenn selbst offizielle Umfragen best\u00e4tigen, dass der Anteil der Deutschen, die \u00f6ffentlich sagen, was sie denken, stetig zur\u00fcckgeht? Aber es ist schlie\u00dflich nicht die Rede von Deutschland in dieser Brosch\u00fcre, oder zumindest nicht, sofern es um &#8220;autorit\u00e4re Politiken&#8221; geht. Die soll es nur in den dargestellten Beispielen geben: Ungarn, Polen, Italien, den Vereinigten Staaten. In Deutschland droht nur eine Mehrheit der AfD, auf die man aber meint, sich vorbereiten zu m\u00fcssen:<\/p>\n<p><em>&#8220;Die demokratische Zivilgesellschaft steht in Deutschland bereits heute unter Druck. Organisationen und Strukturen, die staatliche F\u00f6rderung erhalten, sollten sich darum darauf vorbereiten, mit weniger \u00f6ffentlichen Geldern arbeitsf\u00e4hig zu bleiben.&#8221;<\/em><\/p>\n<p>Der Satz ist etwas verr\u00e4terisch, oder? &#8220;Weniger \u00f6ffentliche Gelder&#8221; hei\u00dft jedenfalls, derzeit laufen sie ein. Was selbstverst\u00e4ndlich Konformit\u00e4t voraussetzt. Und eigentlich ein klein wenig mit dem kollidiert, was das Wort &#8220;Zivilgesellschaft&#8221; einmal bezeichnen sollte. Aber immerhin, wenn man wirklich zur Sicht von <a rel=\"nofollow noopener\" target=\"_blank\" href=\"https:\/\/de.wikipedia.org\/wiki\/Antonio_Gramsci\">Antonio Gramsci<\/a> zur\u00fcckgeht, entbehrt das nicht einer gewissen Logik, wenn die Hegemonie bedroht ist.<\/p>\n<p>Gramsci sah n\u00e4mlich diese Zivilgesellschaft, bestehend aus der &#8220;Gesamtheit der gemeinhin als privat bezeichneten Organismen&#8221;, als das Feld, auf dem in den ruhigeren Phasen (dem &#8220;Stellungskrieg&#8221;) die Auseinandersetzung zwischen den Klassen stattfindet, weil dort \u00fcber das Ausma\u00df der Kooperation entschieden wird, die letztlich der Hauptpfeiler der Macht ist. Die Bildungsinstitutionen, Kirchen, Gewerkschaften, Medien, die Kultur, selbst die Familie und die Intellektuellen z\u00e4hlte Gramsci dazu.<\/p>\n<p>Hegemonie als Herrschaft \u00fcber das Denken und als Mittel zur Herstellung der Kooperation ist die zweite Seite der politischen Macht, deren andere der staatliche Gewaltapparat ist. Vor diesem Hintergrund ist es immer besonders lustig, wenn sich Organisationen wie Campact auf Gramsci beziehen, denn es stellt sich schon die Frage, was denn in der besagten Zivilgesellschaft schiefgelaufen ist, dass die Hegemonie durch so sichtbare staatliche Zuwendung gest\u00fctzt werden muss.<\/p>\n<p>Campact selbst ist, das hatte die Kampagne rund um die Potsdam-Erz\u00e4hlung von Correctiv vorgef\u00fchrt, Teil dieses Netzes aus halb- und parastaatlichen Organisationen, die noch dazu auch noch mit der v\u00f6llig undemokratisch-autorit\u00e4ren EU-Macht verwoben sind. Campact ist an Hate Aid beteiligt und koordiniert sich sicher ganz zuf\u00e4llig mit dem, was gerade politisch gew\u00fcnscht ist. Seine Kampagnen dienen gelegentlich ganz offen der Erzwingung von Kooperation, wie j\u00fcngst erst \u00fcber einen Boykottaufruf gegen die dm-Drogeriemarktkette. Wenn man einmal in Gramscis Beschreibung bleiben wollte, verwandeln sich diese Strukturen, die von sich behaupten, Zivilgesellschaft zu sein, in Ausleger des staatlichen Gewaltapparats.<\/p>\n<p><em>&#8220;Der \u00f6ffentlich gef\u00fchrte Kulturkampf ist nur eine Seite der Medaille. Hinzu kommen handfeste Angriffe auf demokratische Institutionen und Normen und die zunehmende psychische und physische Bedrohungslage durch Gewalt gegen als Feinde der Rechten markierte Menschen und Gruppen.&#8221;<\/em><\/p>\n<p>Welch ein Gl\u00fcck, dass sie in diesen Satz das Wort &#8220;der Rechten&#8221; eingef\u00fcgt haben; andernfalls w\u00e4re auch das nur eine Beschreibung der aktuellen deutschen Wirklichkeit. Was sind Angriffe gegen das passive Wahlrecht anderes als Angriffe auf demokratische Institutionen? Ja, selbst den j\u00fcngsten Beschluss des Bundesverfassungsgerichts (das \u00fcbrigens bereits bei Corona ein Musterbeispiel daf\u00fcr geliefert hat, wie eine &#8220;Politisierung unabh\u00e4ngiger Institutionen&#8221; aussieht) zur Saalverteilung im Bundestag k\u00f6nnte man darunter subsumieren. Noch vor der aktuellen Russenhysterie.<\/p>\n<p><em>&#8220;In allen F\u00e4llen ist klar zu sehen, dass Demokratieabbau nicht \u00fcber Nacht passiert, sondern sie schrittweise erodiert wird: Amtstr\u00e4ger*innen erlangen &#8216;legal die Macht und untergraben dann schrittweise, aber erheblich, demokratische Normen, ohne wichtige demokratische Institutionen abzuschaffen&#8217;.&#8221;<\/em><\/p>\n<p>Es tut wirklich nicht gut, wenn man gerade erst eine Beschreibung lesen musste, wie die EU-Kommission \u00fcber zehn Jahre hinweg konsequent ihren Zensurapparat aufgebaut hat. Tats\u00e4chlich ist die EU das Hauptinstrument zur Untergrabung demokratischer Normen. Ein Punkt, der einer der wichtigsten in der Auseinandersetzung um die Migration ist \u2013 bei diesem Thema wird den B\u00fcrgern der EU-L\u00e4nder immer wieder vorgespielt, dass sie durch ihre Entscheidungen nichts \u00e4ndern k\u00f6nnen. Da geht es um eine Demokratiefrage. Aber indem man behauptet, das seien nur b\u00f6se Rechte, l\u00e4sst sich schlie\u00dflich hervorragend davon ablenken, dass diese Entm\u00fcndigung durchaus einen gro\u00dfen Teil zur Emp\u00f6rung beitr\u00e4gt.<\/p>\n<p>Nein, das ist nicht \u00fcber Nacht passiert. An der Struktur mit den angeblich zivilgesellschaftlichen NGOs, die eigentlich, wenn man den Begriff einmal klaut, den die Campact-Leute selbstverst\u00e4ndlich nur bezogen auf regierungsnahe Strukturen in Ungarn anwenden, GONGOs sind, government organized non governmental organisations, von der Regierung geschaffene NGOs, wurde \u00fcber Jahrzehnte hinweg gearbeitet, und sie sind immer st\u00e4rker, auch wegen der besseren Finanzierung, an die Stelle origin\u00e4rer Mitgliederorganisationen getreten. Das habe ich schon oft beschrieben und kritisiert; der Inhalt des Schreibens stimmt, gewisserma\u00dfen, nur der Empf\u00e4nger nicht \u2026<\/p>\n<p>Wo wir gerade bei Ungarn sind \u2013 einer der Vorw\u00fcrfe gegen Orban lautet beispielsweise, die neue Verfassung &#8220;erhebt zahlreiche Politikfelder in den Verfassungsrang, sodass sie nur noch mit Zweidrittelmehrheit ge\u00e4ndert werden k\u00f6nnen&#8221;. Ich wei\u00df nicht warum, aber irgendwie muss ich da an &#8220;Klimaschutz&#8221; denken, oder vielmehr an diese &#8220;Klimaneutralit\u00e4t bis 2045&#8221;, die uns dank der vielen &#8220;NGOs&#8221; noch teuer zu stehen kommen wird. Ja, das Verbot von Heizungen kann man einklagen. Den Bau einer ausreichenden Zahl Wohnungen nicht, genauso wenig wie eine ausreichende Rente. Wollte ich nur mal gesagt haben.<\/p>\n<p><em>&#8220;&#8216;Der Ur-Faschismus spricht Newspeak&#8217;. Es handelt sich um eine verarmte Sprache, in der S\u00e4tze vereinfacht und Begriffe vom Inhalt entleert werden.&#8221;<\/em><\/p>\n<p>So wie &#8220;unsere Demokratie&#8221; und die &#8220;westlichen Werte&#8221;, nehme ich an? Nicht zu vergessen die &#8220;regelbasierte Weltordnung&#8221;? Ja, es ist immer wieder dasselbe: 69 Seiten, und mindestens die H\u00e4lfte der S\u00e4tze stammt aus dieser Welt hinter dem Spiegel.<\/p>\n<p><em>&#8220;Die 1980er Jahre waren der Moment, in dem die kulturk\u00e4mpferische Rede vom &#8216;dekadenten Liberalismus&#8217;, &#8216;politischer Korrektheit&#8217; und sp\u00e4ter der Anti-Woke-Programmatik in den politischen Mainstream eingef\u00fchrt wurde.&#8221;<\/em><\/p>\n<p>Die 1980er Jahre waren vor allem der Moment, an dem im Westen das, was einmal der Gegner im Ringen um die Hegemonie war, die klassische Linke, sich weitgehend selbst entleibte und die sozialen Kernfragen langsam, aber sicher durch &#8216;Liberalismus&#8217; und Identit\u00e4tspolitik ersetzt wurden. Danach ging es nicht mehr wirklich um Mieten und L\u00f6hne, oder um das, was Brecht einmal das &#8220;Teewasser&#8221; nannte, sondern um Minderheitenpolitik und sexuelle Pr\u00e4ferenzen. W\u00e4hrend Mieten und L\u00f6hne zur Beute eines neoliberalen Raubzugs wurden.<\/p>\n<p>Tats\u00e4chlich wird an einem Punkt sogar erw\u00e4hnt, dass die W\u00e4hler aus der Arbeiterklasse abhanden gekommen sind, etwas, was man in jeder Wahlanalyse nachlesen kann, die sich mit der aktuellen Geschmacksrichtung &#8220;links&#8221; befasst. Und selbst die Gendersprache, deren Ablehnung man durchaus unter die \u00dcberschrift &#8220;Anti-Woke Programmatik&#8221; einsortieren kann, ist vor allem ein Instrument, um eine Sprache der Herrschaft von der Sprache des Volkes zu trennen. An die Stelle der franz\u00f6sischen oder lateinischen W\u00f6rter, die diese Funktion in fr\u00fcheren Jahrhunderten erf\u00fcllten, sind nun eben unaussprechliche Pronomen getreten.<\/p>\n<p>So richtig bei sich sind die zwei Autoren in diesem Abschnitt:<\/p>\n<p><em>&#8220;Immer geht es darum, politische Herausforderungen mit Migration zu verkn\u00fcpfen und so zu externalisieren: Sexuell \u00fcbergriffiges Verhalten wird dann zu einem Problem migrantischer M\u00e4nnlichkeit. Wenn man keine bezahlbare Wohnung findet, sind die Asylbewerber*innen schuld. Wenn Bildungseinrichtungen in der Integration versagen, sind es die Kinder, deren Muttersprache nicht Deutsch ist, die st\u00f6ren.&#8221;<\/em><\/p>\n<p>Es gibt nun einmal Aussagen, die auch nicht wahrer werden, wenn man sie ins Gegenteil verkehrt. Im wirklichen Leben arbeiten sexuell \u00fcbergriffiges Verhalten migrantischer M\u00e4nner und sexuell \u00fcbergriffige Beg\u00fcnstigung von Transm\u00e4nnern Hand in Hand bei der Zerst\u00f6rung weiblicher Freir\u00e4ume, so, wie auch die massive Erschwerung des Familienlebens die Lebensoptionen von Frauen einschr\u00e4nkt. Und dass die hohe Zahl von Kindern ohne deutsche Muttersprache einen massiven Einfluss auf die Bildungsergebnisse hat, ist einfach eine unbestreitbare Tatsache.<\/p>\n<p>Politische L\u00f6sungen finden sich nicht, indem man das Aussprechen eines Problems untersagt. Sie finden sich nur, indem man sie sucht. Aber an diesem Punkt entsprechen die Aussagen der beiden Autoren ganz dem Klischee. Das, was nicht ausgesprochen wird, gibt es nicht.<\/p>\n<p>Allerdings: Angesichts des \u00fcbrigen Inhalts ist das geradezu ein kleiner erholsamer Urlaub in der Wirklichkeit. Denn gleich danach landet man wieder in dieser Welt hinter dem Spiegel:<\/p>\n<p><em>&#8220;Durch rhetorische Angriffe legitimiert die Regierung die Entrechtung dieser als &#8216;anders markierten Gruppen, indem sie sie zum Beispiel als &#8216;Ungeziefer&#8217; oder &#8216;Terroristen&#8217; bezeichnet. F\u00fcr die so gekennzeichneten &#8216;Feinde des Volkes&#8217; bedeutet das eine Gefahr f\u00fcr ihre physische und psychische Sicherheit.&#8221;<\/em><\/p>\n<p>&#8220;Blindd\u00e4rme&#8221;, die es eigentlich nicht braucht, die man problemlos entfernen kann. Das war immerhin Rhetorik im ZDF. Die &#8216;Terroristen&#8217;-Schiene wird gerade mit Schwung ausgebaut, jeweils von gigantischen Medienspektakeln begleitet, auch wenn am Ende, wie am Rollatorputsch zu sehen ist, nichts dran ist. Rein gar nichts. So, wie auch bei all jenen, die w\u00e4hrend Corona in die Gef\u00e4ngnisse gesteckt wurden, nichts dran war: Nicht ordnungsgem\u00e4\u00df verbuchte Ausgaben des Umfangs, wie sie beispielsweise Michael Ballweg zur Last gelegt wurden, kann man in jeder Buchhaltung finden. Das ist nur eine Frage des Suchaufwands und der ausreichend b\u00f6sartigen Absicht. Weil jede menschliche Handlung eine bestimmte Fehlerquote aufweist, die man hinnehmen kann, aber eben auch ausnutzen, um jemandem zu schaden. Letzteres ist genau eine der Gestalten, die diese Entrechtung annimmt.<\/p>\n<p>Ja, so ist das, die Darstellung des &#8220;autorit\u00e4ren Playbooks&#8221;, die Campact da geliefert hat, liest sich wie eine Beschreibung der autorit\u00e4ren Entwicklung in Deutschland, ohne als solche gemeint zu sein. Im Gegenteil, die Verfasser w\u00fcrden eben das emp\u00f6rt zur\u00fcckweisen, da schlie\u00dflich in &#8220;unserer Demokratie&#8221; alles Gold ist. Aber jeder, der die letzten Jahre mit etwas kritischem Verstand verbracht hat, muss sich nach dieser Lekt\u00fcre in den Oberarm kneifen, um wieder herauszufinden aus dieser seltsamen Welt hinter den Spiegeln.<\/p>\n<p><strong>Mehr zum Thema<\/strong>\u00a0\u2013\u00a0<a rel=\"nofollow noopener\" target=\"_blank\" href=\"https:\/\/freedert.online\/inland\/252508-brief-ans-finanzamt-rentner-erhaelt\/\">Brief an Finanzminister: Rentner erh\u00e4lt SEK-Besuch<\/a><\/p>\n<div class=\"EmbedBlock-root EmbedBlock-externalVideo EmbedBlock-rumble\">\n<div class=\"VkEmbed\"><iframe class=\"lazyload\" data-src=\"https:\/\/rumble.com\/embed\/v729pvs\" frameborder=\"0\" width=\"853\" height=\"480\" allowfullscreen><\/iframe><\/div>\n<\/div>\n<\/div>\n<p><br \/>\n<br \/><a href=\"https:\/\/de.rt.com\/meinung\/269544-wie-campact-aus-versehen-deutsche\/\">Source link <\/a><\/p>\n","protected":false},"excerpt":{"rendered":"<p>Eigentlich ist das neue &#8220;Arbeitspapier&#8221; von Campact ganz anders gemeint und soll sich mit dem Handeln der &#8220;B\u00f6sen&#8221; befassen, der &#8220;Autorit\u00e4ren&#8221;. Aber irgendwie liest sich das dann, als ginge es um die Abgr\u00fcnde, in die Deutschland sich politisch bewegt hat, in den letzten Jahren. Von Dagmar Henn Manchmal ger\u00e4t man an die Grenze der Aufnahmef\u00e4higkeit. [&hellip;]<\/p>\n","protected":false},"author":3,"featured_media":98515,"comment_status":"open","ping_status":"open","sticky":false,"template":"","format":"standard","meta":{"_yoast_indexnow_last_ping":["1770466660"],"wp_automatic_camp":["217"],"3477678f725d5c11fe1995932d0b5480":["Wie Campact aus Versehen die deutsche Wirklichkeit beschreibt"],"original_link":["https:\/\/de.rt.com\/meinung\/269544-wie-campact-aus-versehen-deutsche\/"],"_thumbnail_id":["98515"],"jnews_social_counter_last_update":["1777284507"],"_wptgpro_p2tg_sent2tg":["a:1:{i:23737;s:19:\"2026-02-07 14:18:44\";}"]},"categories":[19,23],"tags":[679,18591,58861,2374,45,22817,579,7236],"yoast_head":"<!-- This site is optimized with the Yoast SEO Premium plugin v22.7 (Yoast SEO v22.7) - https:\/\/yoast.com\/wordpress\/plugins\/seo\/ -->\n<title>Wie Campact aus Versehen die deutsche Wirklichkeit beschreibt - just-now.NEWS Deutschland<\/title>\n<meta name=\"robots\" content=\"index, follow, max-snippet:-1, max-image-preview:large, max-video-preview:-1\" \/>\n<link rel=\"canonical\" href=\"https:\/\/now-news.de\/de\/deutschland\/wie-campact-aus-versehen-die-deutsche-wirklichkeit-beschreibt\/\" \/>\n<meta property=\"og:locale\" content=\"de_DE\" \/>\n<meta property=\"og:type\" content=\"article\" \/>\n<meta property=\"og:title\" content=\"Wie Campact aus Versehen die deutsche Wirklichkeit beschreibt\" \/>\n<meta property=\"og:description\" content=\"Eigentlich ist das neue &#8220;Arbeitspapier&#8221; von Campact ganz anders gemeint und soll sich mit dem Handeln der &#8220;B\u00f6sen&#8221; befassen, der &#8220;Autorit\u00e4ren&#8221;. Aber irgendwie liest sich das dann, als ginge es um die Abgr\u00fcnde, in die Deutschland sich politisch bewegt hat, in den letzten Jahren. Von Dagmar Henn Manchmal ger\u00e4t man an die Grenze der Aufnahmef\u00e4higkeit. [&hellip;]\" \/>\n<meta property=\"og:url\" content=\"https:\/\/now-news.de\/de\/deutschland\/wie-campact-aus-versehen-die-deutsche-wirklichkeit-beschreibt\/\" \/>\n<meta property=\"og:site_name\" content=\"just-now.NEWS Deutschland\" \/>\n<meta property=\"article:publisher\" content=\"https:\/\/www.facebook.com\/wirmachenauf\" \/>\n<meta property=\"article:published_time\" content=\"2026-02-07T12:02:50+00:00\" \/>\n<meta property=\"og:image\" content=\"https:\/\/now-news.de\/de\/wp-content\/uploads\/sites\/3\/2026\/02\/6987297748fbef6c3b36e4ec.jpg\" \/>\n<meta name=\"author\" content=\"rtnews\" \/>\n<meta name=\"twitter:card\" content=\"summary_large_image\" \/>\n<meta name=\"twitter:creator\" content=\"@WirMachenAuf_de\" \/>\n<meta name=\"twitter:site\" content=\"@WirMachenAuf_de\" \/>\n<meta name=\"twitter:label1\" content=\"Verfasst von\" \/>\n\t<meta name=\"twitter:data1\" content=\"rtnews\" \/>\n\t<meta name=\"twitter:label2\" content=\"Gesch\u00e4tzte Lesezeit\" \/>\n\t<meta name=\"twitter:data2\" content=\"10\u00a0Minuten\" \/>\n<script type=\"application\/ld+json\" class=\"yoast-schema-graph\">{\"@context\":\"https:\/\/schema.org\",\"@graph\":[{\"@type\":\"Article\",\"@id\":\"https:\/\/now-news.de\/de\/deutschland\/wie-campact-aus-versehen-die-deutsche-wirklichkeit-beschreibt\/#article\",\"isPartOf\":{\"@id\":\"https:\/\/now-news.de\/de\/deutschland\/wie-campact-aus-versehen-die-deutsche-wirklichkeit-beschreibt\/\"},\"author\":{\"name\":\"rtnews\",\"@id\":\"https:\/\/now-news.de\/de\/#\/schema\/person\/fb534a4e865501d8b3285208df34a9b5\"},\"headline\":\"Wie Campact aus Versehen die deutsche Wirklichkeit beschreibt\",\"datePublished\":\"2026-02-07T12:02:50+00:00\",\"dateModified\":\"2026-02-07T12:02:50+00:00\",\"mainEntityOfPage\":{\"@id\":\"https:\/\/now-news.de\/de\/deutschland\/wie-campact-aus-versehen-die-deutsche-wirklichkeit-beschreibt\/\"},\"wordCount\":2056,\"commentCount\":0,\"publisher\":{\"@id\":\"https:\/\/now-news.de\/de\/#organization\"},\"image\":{\"@id\":\"https:\/\/now-news.de\/de\/deutschland\/wie-campact-aus-versehen-die-deutsche-wirklichkeit-beschreibt\/#primaryimage\"},\"thumbnailUrl\":\"https:\/\/now-news.de\/de\/wp-content\/uploads\/sites\/3\/2026\/02\/Wie-Campact-aus-Versehen-die-deutsche-Wirklichkeit-beschreibt.jpg\",\"keywords\":[\"aus\",\"Beschreibt\",\"Campact\",\"Deutsche\",\"die\",\"Versehen\",\"Wie\",\"Wirklichkeit\"],\"articleSection\":[\"Deutschland\",\"Russland\"],\"inLanguage\":\"de\",\"potentialAction\":[{\"@type\":\"CommentAction\",\"name\":\"Comment\",\"target\":[\"https:\/\/now-news.de\/de\/deutschland\/wie-campact-aus-versehen-die-deutsche-wirklichkeit-beschreibt\/#respond\"]}]},{\"@type\":\"WebPage\",\"@id\":\"https:\/\/now-news.de\/de\/deutschland\/wie-campact-aus-versehen-die-deutsche-wirklichkeit-beschreibt\/\",\"url\":\"https:\/\/now-news.de\/de\/deutschland\/wie-campact-aus-versehen-die-deutsche-wirklichkeit-beschreibt\/\",\"name\":\"Wie Campact aus Versehen die deutsche Wirklichkeit beschreibt - just-now.NEWS Deutschland\",\"isPartOf\":{\"@id\":\"https:\/\/now-news.de\/de\/#website\"},\"primaryImageOfPage\":{\"@id\":\"https:\/\/now-news.de\/de\/deutschland\/wie-campact-aus-versehen-die-deutsche-wirklichkeit-beschreibt\/#primaryimage\"},\"image\":{\"@id\":\"https:\/\/now-news.de\/de\/deutschland\/wie-campact-aus-versehen-die-deutsche-wirklichkeit-beschreibt\/#primaryimage\"},\"thumbnailUrl\":\"https:\/\/now-news.de\/de\/wp-content\/uploads\/sites\/3\/2026\/02\/Wie-Campact-aus-Versehen-die-deutsche-Wirklichkeit-beschreibt.jpg\",\"datePublished\":\"2026-02-07T12:02:50+00:00\",\"dateModified\":\"2026-02-07T12:02:50+00:00\",\"breadcrumb\":{\"@id\":\"https:\/\/now-news.de\/de\/deutschland\/wie-campact-aus-versehen-die-deutsche-wirklichkeit-beschreibt\/#breadcrumb\"},\"inLanguage\":\"de\",\"potentialAction\":[{\"@type\":\"ReadAction\",\"target\":[\"https:\/\/now-news.de\/de\/deutschland\/wie-campact-aus-versehen-die-deutsche-wirklichkeit-beschreibt\/\"]}]},{\"@type\":\"ImageObject\",\"inLanguage\":\"de\",\"@id\":\"https:\/\/now-news.de\/de\/deutschland\/wie-campact-aus-versehen-die-deutsche-wirklichkeit-beschreibt\/#primaryimage\",\"url\":\"https:\/\/now-news.de\/de\/wp-content\/uploads\/sites\/3\/2026\/02\/Wie-Campact-aus-Versehen-die-deutsche-Wirklichkeit-beschreibt.jpg\",\"contentUrl\":\"https:\/\/now-news.de\/de\/wp-content\/uploads\/sites\/3\/2026\/02\/Wie-Campact-aus-Versehen-die-deutsche-Wirklichkeit-beschreibt.jpg\",\"width\":460,\"height\":259,\"caption\":\"Wie Campact aus Versehen die deutsche Wirklichkeit beschreibt\"},{\"@type\":\"BreadcrumbList\",\"@id\":\"https:\/\/now-news.de\/de\/deutschland\/wie-campact-aus-versehen-die-deutsche-wirklichkeit-beschreibt\/#breadcrumb\",\"itemListElement\":[{\"@type\":\"ListItem\",\"position\":1,\"name\":\"Home\",\"item\":\"https:\/\/now-news.de\/de\/\"},{\"@type\":\"ListItem\",\"position\":2,\"name\":\"Wie Campact aus Versehen die deutsche Wirklichkeit beschreibt\"}]},{\"@type\":\"WebSite\",\"@id\":\"https:\/\/now-news.de\/de\/#website\",\"url\":\"https:\/\/now-news.de\/de\/\",\"name\":\"just-now.NEWS Deutschland\",\"description\":\"Das Portal f\u00fcr unzensierte Nachrichten aus der Welt\",\"publisher\":{\"@id\":\"https:\/\/now-news.de\/de\/#organization\"},\"potentialAction\":[{\"@type\":\"SearchAction\",\"target\":{\"@type\":\"EntryPoint\",\"urlTemplate\":\"https:\/\/now-news.de\/de\/?s={search_term_string}\"},\"query-input\":\"required name=search_term_string\"}],\"inLanguage\":\"de\"},{\"@type\":\"Organization\",\"@id\":\"https:\/\/now-news.de\/de\/#organization\",\"name\":\"Just Now News\",\"url\":\"https:\/\/now-news.de\/de\/\",\"logo\":{\"@type\":\"ImageObject\",\"inLanguage\":\"de\",\"@id\":\"https:\/\/now-news.de\/de\/#\/schema\/logo\/image\/\",\"url\":\"http:\/\/just-now.news\/de\/wp-content\/uploads\/sites\/3\/2022\/04\/logo500x500.jpg\",\"contentUrl\":\"http:\/\/just-now.news\/de\/wp-content\/uploads\/sites\/3\/2022\/04\/logo500x500.jpg\",\"width\":500,\"height\":500,\"caption\":\"Just Now News\"},\"image\":{\"@id\":\"https:\/\/now-news.de\/de\/#\/schema\/logo\/image\/\"},\"sameAs\":[\"https:\/\/www.facebook.com\/wirmachenauf\",\"https:\/\/x.com\/WirMachenAuf_de\"]},{\"@type\":\"Person\",\"@id\":\"https:\/\/now-news.de\/de\/#\/schema\/person\/fb534a4e865501d8b3285208df34a9b5\",\"name\":\"rtnews\",\"image\":{\"@type\":\"ImageObject\",\"inLanguage\":\"de\",\"@id\":\"https:\/\/now-news.de\/de\/#\/schema\/person\/image\/\",\"url\":\"https:\/\/secure.gravatar.com\/avatar\/82aafea7d8127119dd649515f56e2117?s=96&d=mm&r=g\",\"contentUrl\":\"https:\/\/secure.gravatar.com\/avatar\/82aafea7d8127119dd649515f56e2117?s=96&d=mm&r=g\",\"caption\":\"rtnews\"},\"url\":\"https:\/\/now-news.de\/de\/author\/rnews\/\"}]}<\/script>\n<!-- \/ Yoast SEO Premium plugin. -->","yoast_head_json":{"title":"Wie Campact aus Versehen die deutsche Wirklichkeit beschreibt - just-now.NEWS Deutschland","robots":{"index":"index","follow":"follow","max-snippet":"max-snippet:-1","max-image-preview":"max-image-preview:large","max-video-preview":"max-video-preview:-1"},"canonical":"https:\/\/now-news.de\/de\/deutschland\/wie-campact-aus-versehen-die-deutsche-wirklichkeit-beschreibt\/","og_locale":"de_DE","og_type":"article","og_title":"Wie Campact aus Versehen die deutsche Wirklichkeit beschreibt","og_description":"Eigentlich ist das neue &#8220;Arbeitspapier&#8221; von Campact ganz anders gemeint und soll sich mit dem Handeln der &#8220;B\u00f6sen&#8221; befassen, der &#8220;Autorit\u00e4ren&#8221;. Aber irgendwie liest sich das dann, als ginge es um die Abgr\u00fcnde, in die Deutschland sich politisch bewegt hat, in den letzten Jahren. Von Dagmar Henn Manchmal ger\u00e4t man an die Grenze der Aufnahmef\u00e4higkeit. [&hellip;]","og_url":"https:\/\/now-news.de\/de\/deutschland\/wie-campact-aus-versehen-die-deutsche-wirklichkeit-beschreibt\/","og_site_name":"just-now.NEWS Deutschland","article_publisher":"https:\/\/www.facebook.com\/wirmachenauf","article_published_time":"2026-02-07T12:02:50+00:00","og_image":[{"url":"https:\/\/now-news.de\/de\/wp-content\/uploads\/sites\/3\/2026\/02\/6987297748fbef6c3b36e4ec.jpg"}],"author":"rtnews","twitter_card":"summary_large_image","twitter_creator":"@WirMachenAuf_de","twitter_site":"@WirMachenAuf_de","twitter_misc":{"Verfasst von":"rtnews","Gesch\u00e4tzte Lesezeit":"10\u00a0Minuten"},"schema":{"@context":"https:\/\/schema.org","@graph":[{"@type":"Article","@id":"https:\/\/now-news.de\/de\/deutschland\/wie-campact-aus-versehen-die-deutsche-wirklichkeit-beschreibt\/#article","isPartOf":{"@id":"https:\/\/now-news.de\/de\/deutschland\/wie-campact-aus-versehen-die-deutsche-wirklichkeit-beschreibt\/"},"author":{"name":"rtnews","@id":"https:\/\/now-news.de\/de\/#\/schema\/person\/fb534a4e865501d8b3285208df34a9b5"},"headline":"Wie Campact aus Versehen die deutsche Wirklichkeit beschreibt","datePublished":"2026-02-07T12:02:50+00:00","dateModified":"2026-02-07T12:02:50+00:00","mainEntityOfPage":{"@id":"https:\/\/now-news.de\/de\/deutschland\/wie-campact-aus-versehen-die-deutsche-wirklichkeit-beschreibt\/"},"wordCount":2056,"commentCount":0,"publisher":{"@id":"https:\/\/now-news.de\/de\/#organization"},"image":{"@id":"https:\/\/now-news.de\/de\/deutschland\/wie-campact-aus-versehen-die-deutsche-wirklichkeit-beschreibt\/#primaryimage"},"thumbnailUrl":"https:\/\/now-news.de\/de\/wp-content\/uploads\/sites\/3\/2026\/02\/Wie-Campact-aus-Versehen-die-deutsche-Wirklichkeit-beschreibt.jpg","keywords":["aus","Beschreibt","Campact","Deutsche","die","Versehen","Wie","Wirklichkeit"],"articleSection":["Deutschland","Russland"],"inLanguage":"de","potentialAction":[{"@type":"CommentAction","name":"Comment","target":["https:\/\/now-news.de\/de\/deutschland\/wie-campact-aus-versehen-die-deutsche-wirklichkeit-beschreibt\/#respond"]}]},{"@type":"WebPage","@id":"https:\/\/now-news.de\/de\/deutschland\/wie-campact-aus-versehen-die-deutsche-wirklichkeit-beschreibt\/","url":"https:\/\/now-news.de\/de\/deutschland\/wie-campact-aus-versehen-die-deutsche-wirklichkeit-beschreibt\/","name":"Wie Campact aus Versehen die deutsche Wirklichkeit beschreibt - just-now.NEWS Deutschland","isPartOf":{"@id":"https:\/\/now-news.de\/de\/#website"},"primaryImageOfPage":{"@id":"https:\/\/now-news.de\/de\/deutschland\/wie-campact-aus-versehen-die-deutsche-wirklichkeit-beschreibt\/#primaryimage"},"image":{"@id":"https:\/\/now-news.de\/de\/deutschland\/wie-campact-aus-versehen-die-deutsche-wirklichkeit-beschreibt\/#primaryimage"},"thumbnailUrl":"https:\/\/now-news.de\/de\/wp-content\/uploads\/sites\/3\/2026\/02\/Wie-Campact-aus-Versehen-die-deutsche-Wirklichkeit-beschreibt.jpg","datePublished":"2026-02-07T12:02:50+00:00","dateModified":"2026-02-07T12:02:50+00:00","breadcrumb":{"@id":"https:\/\/now-news.de\/de\/deutschland\/wie-campact-aus-versehen-die-deutsche-wirklichkeit-beschreibt\/#breadcrumb"},"inLanguage":"de","potentialAction":[{"@type":"ReadAction","target":["https:\/\/now-news.de\/de\/deutschland\/wie-campact-aus-versehen-die-deutsche-wirklichkeit-beschreibt\/"]}]},{"@type":"ImageObject","inLanguage":"de","@id":"https:\/\/now-news.de\/de\/deutschland\/wie-campact-aus-versehen-die-deutsche-wirklichkeit-beschreibt\/#primaryimage","url":"https:\/\/now-news.de\/de\/wp-content\/uploads\/sites\/3\/2026\/02\/Wie-Campact-aus-Versehen-die-deutsche-Wirklichkeit-beschreibt.jpg","contentUrl":"https:\/\/now-news.de\/de\/wp-content\/uploads\/sites\/3\/2026\/02\/Wie-Campact-aus-Versehen-die-deutsche-Wirklichkeit-beschreibt.jpg","width":460,"height":259,"caption":"Wie Campact aus Versehen die deutsche Wirklichkeit beschreibt"},{"@type":"BreadcrumbList","@id":"https:\/\/now-news.de\/de\/deutschland\/wie-campact-aus-versehen-die-deutsche-wirklichkeit-beschreibt\/#breadcrumb","itemListElement":[{"@type":"ListItem","position":1,"name":"Home","item":"https:\/\/now-news.de\/de\/"},{"@type":"ListItem","position":2,"name":"Wie Campact aus Versehen die deutsche Wirklichkeit beschreibt"}]},{"@type":"WebSite","@id":"https:\/\/now-news.de\/de\/#website","url":"https:\/\/now-news.de\/de\/","name":"just-now.NEWS Deutschland","description":"Das Portal f\u00fcr unzensierte Nachrichten aus der Welt","publisher":{"@id":"https:\/\/now-news.de\/de\/#organization"},"potentialAction":[{"@type":"SearchAction","target":{"@type":"EntryPoint","urlTemplate":"https:\/\/now-news.de\/de\/?s={search_term_string}"},"query-input":"required name=search_term_string"}],"inLanguage":"de"},{"@type":"Organization","@id":"https:\/\/now-news.de\/de\/#organization","name":"Just Now News","url":"https:\/\/now-news.de\/de\/","logo":{"@type":"ImageObject","inLanguage":"de","@id":"https:\/\/now-news.de\/de\/#\/schema\/logo\/image\/","url":"http:\/\/just-now.news\/de\/wp-content\/uploads\/sites\/3\/2022\/04\/logo500x500.jpg","contentUrl":"http:\/\/just-now.news\/de\/wp-content\/uploads\/sites\/3\/2022\/04\/logo500x500.jpg","width":500,"height":500,"caption":"Just Now News"},"image":{"@id":"https:\/\/now-news.de\/de\/#\/schema\/logo\/image\/"},"sameAs":["https:\/\/www.facebook.com\/wirmachenauf","https:\/\/x.com\/WirMachenAuf_de"]},{"@type":"Person","@id":"https:\/\/now-news.de\/de\/#\/schema\/person\/fb534a4e865501d8b3285208df34a9b5","name":"rtnews","image":{"@type":"ImageObject","inLanguage":"de","@id":"https:\/\/now-news.de\/de\/#\/schema\/person\/image\/","url":"https:\/\/secure.gravatar.com\/avatar\/82aafea7d8127119dd649515f56e2117?s=96&d=mm&r=g","contentUrl":"https:\/\/secure.gravatar.com\/avatar\/82aafea7d8127119dd649515f56e2117?s=96&d=mm&r=g","caption":"rtnews"},"url":"https:\/\/now-news.de\/de\/author\/rnews\/"}]}},"_links":{"self":[{"href":"https:\/\/now-news.de\/de\/wp-json\/wp\/v2\/posts\/98514"}],"collection":[{"href":"https:\/\/now-news.de\/de\/wp-json\/wp\/v2\/posts"}],"about":[{"href":"https:\/\/now-news.de\/de\/wp-json\/wp\/v2\/types\/post"}],"author":[{"embeddable":true,"href":"https:\/\/now-news.de\/de\/wp-json\/wp\/v2\/users\/3"}],"replies":[{"embeddable":true,"href":"https:\/\/now-news.de\/de\/wp-json\/wp\/v2\/comments?post=98514"}],"version-history":[{"count":0,"href":"https:\/\/now-news.de\/de\/wp-json\/wp\/v2\/posts\/98514\/revisions"}],"wp:featuredmedia":[{"embeddable":true,"href":"https:\/\/now-news.de\/de\/wp-json\/wp\/v2\/media\/98515"}],"wp:attachment":[{"href":"https:\/\/now-news.de\/de\/wp-json\/wp\/v2\/media?parent=98514"}],"wp:term":[{"taxonomy":"category","embeddable":true,"href":"https:\/\/now-news.de\/de\/wp-json\/wp\/v2\/categories?post=98514"},{"taxonomy":"post_tag","embeddable":true,"href":"https:\/\/now-news.de\/de\/wp-json\/wp\/v2\/tags?post=98514"}],"curies":[{"name":"wp","href":"https:\/\/api.w.org\/{rel}","templated":true}]}}