{"id":98508,"date":"2026-02-07T12:30:13","date_gmt":"2026-02-07T10:30:13","guid":{"rendered":"https:\/\/now-news.de\/de\/deutschland\/klitschko-bruder-packt-aus-seit-kriegsbeginn-nur-ein-gespraech-zwischen-vitali-und-selenskij\/"},"modified":"2026-02-07T12:30:13","modified_gmt":"2026-02-07T10:30:13","slug":"klitschko-bruder-packt-aus-seit-kriegsbeginn-nur-ein-gespraech-zwischen-vitali-und-selenskij","status":"publish","type":"post","link":"https:\/\/now-news.de\/de\/deutschland\/klitschko-bruder-packt-aus-seit-kriegsbeginn-nur-ein-gespraech-zwischen-vitali-und-selenskij\/","title":{"rendered":"Klitschko-Bruder packt aus: Seit Kriegsbeginn nur ein Gespr\u00e4ch zwischen Vitali und Selenskij"},"content":{"rendered":"<p><img decoding=\"async\" src=\"https:\/\/now-news.de\/de\/wp-content\/uploads\/sites\/3\/2026\/02\/6985d8e348fbef24a12a32a1.JPG\" \/><\/p>\n<div class=\"Text-root Text-type_1 \">\n                Kiews B\u00fcrgermeister Vitali Klitschko und der ukrainische Pr\u00e4sident Wladimir Selenskij haben in den letzten vier Jahren nur ein einziges Mal miteinander geredet. Das sagte Wladimir Klitschko, der auf einen &#8220;Telefonstreich&#8221; der beiden russischen Komiker Wowan und Lexus hereinfiel.\n            <\/div>\n<p><\/p>\n<div class=\"Text-root Text-type_5 ArticleView-text ViewText-root \">\n<p>Die bekannten russischen Prankster Wowan und Lexus haben wieder zugeschlagen. Dieses Mal hat es den fr\u00fcheren Boxweltmeister\u00a0Wladimir Klitschko erwischt, dessen Bruder Vitali Klitschko B\u00fcrgermeister von Kiew ist. Um Klitschko Aussagen \u00fcber interne Angelegenheiten zu entlocken, gaben sich die beiden russischen Komiker in dem Videoanruf als polnische Beamte aus.\u00a0<\/p>\n<p>In dem Gespr\u00e4ch kritisierte der Ex-Boxer die ausschweifende Korruption innerhalb der ukrainischen Regierung: &#8220;Sehen Sie, es ist einfach nur entt\u00e4uschend. Es ist widerlich.&#8221; Die\u00a0korrupten Strukturen w\u00fcrden die internationale Unterst\u00fctzung f\u00fcr die\u00a0Ukraine\u00a0massiv erschweren, kritisierte er.<\/p>\n<p>Klitschko\u00a0erinnerte daran, dass nach der Ver\u00f6ffentlichung der Unterlagen des Nationalen Antikorruptionsb\u00fcros der Ukraine (NABU) Demonstranten vor dem Palast von Pr\u00e4sident Wladimir Selenskij zogen. Klitschko sagte:\u00a0<\/p>\n<p><em>&#8220;Mein Bruder [Vitali] und ich waren von Anfang an dabei. Wir wollten einfach nur wissen, wer diese Leute sind. Wir kamen also dorthin, und da waren ehemalige Selenskij-Anh\u00e4nger, die f\u00fcr ihn gestimmt hatten. Jetzt sprachen sie sich gegen die Schlie\u00dfung des NABU und f\u00fcr die Ver\u00f6ffentlichung aller geheimen Akten aus.&#8221;<\/em><\/p>\n<p>Klitschko\u00a0kam auch auf das Verh\u00e4ltnis seines Bruders zum ukrainischen Pr\u00e4sidenten zu sprechen und machte in diesem Zusammenhang bemerkenswerte Aussagen. Dabei merkte er an, dass sein Bruder die Macht von Selenskij nicht ablehne, es aber schon lange keinen Dialog zwischen dem Kiewer B\u00fcrgermeister und dem ukrainischen Staatschef gegeben habe. Klitschko echauffierte sich:\u00a0<\/p>\n<p><em>&#8220;K\u00f6nnen Sie sich vorstellen, dass der Pr\u00e4sident und der B\u00fcrgermeister seit Beginn des Konflikts [in der Ukraine] nur ein einziges Mal miteinander gesprochen haben? Nur ein einziges Mal in den letzten vier Jahren!&#8221;<\/em><\/p>\n<p>Laut dem Boxchampion h\u00e4ngt Selenskijs Verhalten mit seiner beruflichen Vergangenheit und m\u00f6glichen pers\u00f6nlichen Animosit\u00e4ten zusammen. Der\u00a0Bruder des Kiewer B\u00fcrgermeisters vermutet:<\/p>\n<p><em>&#8220;Selenskij war fr\u00fcher Komiker. Das war auch 2014 der Fall, als die Maidan-Revolution stattfand. Damals machte er Witze \u00fcber die Maidan-Teilnehmer und stellte sp\u00e4ter den B\u00fcrgermeister auf eine nicht wirklich lustige, aber doch komische Weise dar. Wahrscheinlich gab es Leute hinter Selenskij, die den B\u00fcrgermeister in ein schlechtes Licht r\u00fccken wollten.&#8221;<\/em><\/p>\n<p>In den vergangenen Wochen ist es <a rel=\"nofollow noopener\" target=\"_blank\" href=\"https:\/\/freedert.online\/europa\/267949-da-selenskij-treffen-ablehnt-klitschko\/\">zu einem Streit<\/a> zwischen Selenskij und Vitali Klitschko gekommen,\u00a0der durch die angespannte Energielage in der Hauptstadt ausgel\u00f6st worden war.\u00a0Der ukrainische Pr\u00e4sident kritisierte die Beh\u00f6rden der Hauptstadt f\u00fcr ihre unzureichende Krisenvorbereitung und bem\u00e4ngelte, dass derzeit keine aktiven Ma\u00dfnahmen zu deren Bew\u00e4ltigung erkennbar seien. Klitschko erwiderte, dass die Energieversorgung nicht in den H\u00e4nden der Kommunen liege, sondern Angelegenheit der Regierung sei.\u00a0Klitschko erkl\u00e4rte, er sei &#8220;anhaltendem Hass&#8221; ausgesetzt, und erinnerte daran, dass er zuvor kritisiert worden war, weil er die Einwohner Kiews aufgrund der Energieprobleme <a rel=\"nofollow noopener\" target=\"_blank\" href=\"https:\/\/freedert.online\/international\/267553-energiekrise-in-ukraine-kiews-buergermeister\/\">aufgefordert hatte<\/a>, die Stadt vor\u00fcbergehend zu verlassen.<\/p>\n<p>Zudem nannte\u00a0Wladimir Klitschko in dem Gespr\u00e4ch mit dem Komiker-Duo ein weiteres bemerkenswertes Detail: So vertrete er manchmal seinen Bruder Vitali bei offiziellen Terminen. &#8220;Manchmal muss ich meinen Bruder ersetzen, wenn er nicht kann.&#8221; Zwar habe er nicht wie\u00a0Vitali die M\u00f6glichkeit, offizielle Dokumente zu unterzeichnen, treffe sich aber mit anderen ukrainischen B\u00fcrgermeistern und der deutschen Regierung, um im Namen seines Bruders zu sprechen, f\u00fchrte Wladimir Klitschko\u00a0aus.\u00a0<\/p>\n<p><strong>Von Habeck bis Hillary: Lange Liste brisanter Enth\u00fcllungen\u00a0<\/strong><\/p>\n<p>Das Gespr\u00e4ch mit\u00a0Klitschko reiht sich ein in eine lange Liste, bei der es die beiden russischen Prankster geschafft haben, von prominenten Personen unter einem Vorwand Aussagen zu entlocken, die nicht f\u00fcr die \u00d6ffentlichkeit bestimmt waren. F\u00fcr Furore sorgte ein Fall, bei dem sie sich mithilfe eines Deep Fakes selbst als Vitali Klitschko ausgaben, und\u00a0Berlins damalige Regierende B\u00fcrgermeisterin <a rel=\"nofollow noopener\" target=\"_blank\" href=\"https:\/\/freedert.online\/inland\/141907-giffey-telefoniert-mit-deepfake-klitschko\/\">Franziska Giffey<\/a> in einem Videotelefonat hinters Licht f\u00fchrten.\u00a0<\/p>\n<div class=\"EmbedBlock-root EmbedBlock-twitter\">\n<div class=\"TwitterEmbed\">\n<blockquote class=\"twitter-tweet lazyload\" data-twitter=\"twitter-tweet\">\n<p lang=\"de\" dir=\"ltr\">Es gab keine Anhaltspunkte daf\u00fcr, dass die Videokonferenz nicht mit einer echten Person gef\u00fchrt wird. Allem Anschein nach handelt es sich um Deep Fake. Das LKA Berlin, Staatsschutz, ist eingeschaltet. <a rel=\"nofollow noopener\" target=\"_blank\" href=\"https:\/\/t.co\/SWgvn9JRNR\">https:\/\/t.co\/SWgvn9JRNR<\/a><a rel=\"nofollow noopener\" target=\"_blank\" href=\"https:\/\/t.co\/soWNZwuQAb\">pic.twitter.com\/soWNZwuQAb<\/a><\/p>\n<p>\u2014 Senatskanzlei Berlin (@RegBerlin) <a rel=\"nofollow noopener\" target=\"_blank\" href=\"https:\/\/twitter.com\/RegBerlin\/status\/1540402071551332358?ref_src=twsrc%5Etfw\">June 24, 2022<\/a><\/p><\/blockquote>\n<\/div>\n<\/div>\n<p>Auch viele andere deutsche Politiker und Prominente fielen auf die beiden Russen herein. So erwischte es die gr\u00fcnen Politiker\u00a0<a rel=\"nofollow noopener\" target=\"_blank\" href=\"https:\/\/freedert.online\/europa\/123896-geld-fuer-nawalny-bewegung-gute-idee-juergen-trittin-tappt-in-telefon-falle\/\">J\u00fcrgen Trittin<\/a>\u00a0und\u00a0<a rel=\"nofollow noopener\" target=\"_blank\" href=\"https:\/\/freedert.online\/kurzclips\/video\/189107-eitelkeit-im-amt-robert-habeck\/\">Robert Habeck<\/a>, Ex-Bundeskanzlerin <a rel=\"nofollow noopener\" target=\"_blank\" href=\"https:\/\/freedert.online\/kurzclips\/video\/163418-angela-merkel-faellt-auf-telefonstreich\/\">Angela Merkel<\/a>, den amtierenden Au\u00dfenminister <a rel=\"nofollow noopener\" target=\"_blank\" href=\"https:\/\/freedert.online\/meinung\/243586-baerbock-nachfolger-wadephul-sicherheitsrisiko-fuer\/\">Johann Wadephul<\/a>\u00a0oder den damaligen IOC-Pr\u00e4sidenten <a rel=\"nofollow noopener\" target=\"_blank\" href=\"https:\/\/freedert.online\/kurzclips\/video\/202569-wowan-und-lexus-eu-vizepraesident\/\">Thomas Bach<\/a>.<\/p>\n<p>H\u00e4ufig gelang es Wowan und Lexus, ukrainischen Vertretern brisante Wahrheiten zu enth\u00fcllen. Darunter Ex-Pr\u00e4sident <a rel=\"nofollow noopener\" target=\"_blank\" href=\"https:\/\/freedert.online\/kurzclips\/video\/154724-petro-poroschenko-ich-habe-minsker\/\">Petro Poroschenko<\/a>, der eingestand, dass das Minsker Abkommen nur als Farce gedacht war; die ehemalige Menschenrechtsbeauftragte <a rel=\"nofollow noopener\" target=\"_blank\" href=\"https:\/\/freedert.online\/international\/150840-ehemalige-ukrainische-ombudsfrau-ich-bereitete-zweimal-taeglich-falschmeldungen-vor\/\">Ljudmila Denissowa<\/a>, die zum Besten gab, dass sie L\u00fcgen \u00fcber russische Verbrechen verbreitet hatte; der damalige ukrainische Au\u00dfenminister <a rel=\"nofollow noopener\" target=\"_blank\" href=\"https:\/\/freedert.online\/international\/151496-ukrainischer-aussenminister-dmitri-kuleba-wir-stecken-hinter-explosionen-auf-krim-und-in-belgorod\/\">Dmitri Kuleba<\/a>, der eingestand, dass Kiew f\u00fcr den Terroranschlag auf die Krim-Br\u00fccke verantwortlich war; oder die ehemalige Milit\u00e4rsprecherin\u00a0<a rel=\"nofollow noopener\" target=\"_blank\" href=\"https:\/\/freedert.online\/international\/182101-russen-sollten-versklavt-werden-ukrainische-ex-trans-militaersprecherin-legt-nach\/\">Sarah Ashton-Cirillo<\/a>, laut der Russen &#8220;versklavt&#8221; werden m\u00fcssen.\u00a0<\/p>\n<p>Der Ukraine-Konflikt war auch zentrales Thema bei vielen anderen internationalen Pranks, bei denen Politiker und Pers\u00f6nlichkeiten brisante Details enth\u00fcllten.<\/p>\n<p>So erkl\u00e4rten <a rel=\"nofollow noopener\" target=\"_blank\" href=\"https:\/\/freedert.online\/kurzclips\/video\/264501-biden-berater-ukraine-braucht-scheinfrieden\/\">Berater von Ex-US-Pr\u00e4sident Joe Biden<\/a>, dass die Ukraine einen Scheinfrieden nach Minsker Art brauche; der ehemalige US-Botschafter in Kiew, <a rel=\"nofollow noopener\" target=\"_blank\" href=\"https:\/\/freedert.online\/kurzclips\/video\/258362-ehemaliger-us-botschafter-in-kiew\/\">Pawel Klimkin<\/a>, verk\u00fcndete die Notwendigkeit, US-Truppen in die Ukraine zu schicken; Polens Au\u00dfenminister <a rel=\"nofollow noopener\" target=\"_blank\" href=\"https:\/\/freedert.online\/kurzclips\/video\/219144-polens-aussenminister-wer-nord-stream\/\">Radoslaw Sikorski<\/a> befand, wer die Nord-Stream-Pipeline gesprengt habe, habe &#8220;Gutes&#8221; getan; der damalige WEF-Chef <a rel=\"nofollow noopener\" target=\"_blank\" href=\"https:\/\/freedert.online\/kurzclips\/video\/208359-wowan-und-lexus-entlocken-schwab\/\">Klaus Schwab<\/a> \u00e4u\u00dferte die Vermutung, dass Kiew Nord Stream aus Misstrauen gegen\u00fcber Deutschland gesprengt habe; der ehemalige britische Premierminister <a rel=\"nofollow noopener\" target=\"_blank\" href=\"https:\/\/freedert.online\/kurzclips\/video\/218088-muessen-ukraine-helfen-krim-bruecke\/\">Boris Johnson<\/a> versprach Kiew Hilfe bei der Sprengung der Krim-Br\u00fccke;\u00a0die italienische Ministerpr\u00e4sidentin <a rel=\"nofollow noopener\" target=\"_blank\" href=\"https:\/\/freedert.online\/europa\/185788-meloni-zu-prankstern-muedigkeit-bezueglich-des-ukraine-konflikts-waechst\/\">Giorgia Meloni<\/a> bekannte sich zu einer wachsenden &#8220;M\u00fcdigkeit&#8221; bez\u00fcglich des Ukraine-Konflikts; und die damalige\u00a0UN-Sonderbeauftragte f\u00fcr sexuelle Gewalt <a rel=\"nofollow noopener\" target=\"_blank\" href=\"https:\/\/freedert.online\/kurzclips\/video\/154208-staatliches-viagra-un-beauftragte-gibt\/\">Pramila Patten<\/a>\u00a0gab zu,\u00a0ungepr\u00fcft ukrainische Propaganda zu verbreiten.<\/p>\n<p>Und w\u00e4hrend sich der US-Schriftsteller <a rel=\"nofollow noopener\" target=\"_blank\" href=\"https:\/\/freedert.online\/international\/143805-selenskij-und-es-wowan-und\/\">Stephen King<\/a> gegen\u00fcber Wowan und Lexus bereit erkl\u00e4rte,\u00a0ein gef\u00e4lschtes Drehbuch \u00fcber &#8220;die russische Brutalit\u00e4t im Donbass&#8221; f\u00fcr die Medien zu schreiben, best\u00e4tigte US-Pr\u00e4sident <a rel=\"nofollow noopener\" target=\"_blank\" href=\"https:\/\/freedert.online\/kurzclips\/video\/139400-vovan-und-lexus-mit-george-zweiter-teil-biolabore-saakaschwili-monica-lewinsky\/\">George W. Bush<\/a> die Existenz von amerikanischen Bio-Laboren in der Ukraine. Und\u00a0die ehemalige US-Au\u00dfenministerin <a rel=\"nofollow noopener\" target=\"_blank\" href=\"https:\/\/freedert.online\/kurzclips\/video\/211321-hillary-clinton-sagt-wowan-und\/\">Hillary Clinton<\/a>, die dachte, sie spreche mit Petro Poroschenko, versicherte dem vermeintlichen ukrainischen Ex-Pr\u00e4sidenten im Sommer 2024, dass Donald Trump nicht noch einmal US-Pr\u00e4sident wird \u2013 und sagte dem vermeintlichen Poroschenko ihre Unterst\u00fctzung beim Sammeln von belastendem Material gegen Trump zu.<\/p>\n<p><strong>Mehr zum Thema<\/strong> &#8211; <a rel=\"nofollow noopener\" target=\"_blank\" href=\"https:\/\/freedert.online\/kurzclips\/video\/163418-angela-merkel-faellt-auf-telefonstreich\/\">Angela Merkel f\u00e4llt auf Telefonstreich rein \u2013 Wowan und Lexus entlocken brisante Wahrheiten<\/a><\/p>\n<div class=\"EmbedBlock-root EmbedBlock-externalVideo EmbedBlock-rumble\">\n<div class=\"VkEmbed\"><iframe class=\"lazyload\" data-src=\"https:\/\/rumble.com\/embed\/v3k1ylg\" frameborder=\"0\" width=\"853\" height=\"480\" allowfullscreen><\/iframe><\/div>\n<\/div>\n<\/div>\n<p><script async src=\"https:\/\/platform.twitter.com\/widgets.js\" charset=\"utf-8\"><\/script><br \/>\n<br \/><br \/>\n<br \/><a href=\"https:\/\/de.rt.com\/europa\/269472-klitschko-bruder-packt-aus-seit\/\">Source link <\/a><\/p>\n","protected":false},"excerpt":{"rendered":"<p>Kiews B\u00fcrgermeister Vitali Klitschko und der ukrainische Pr\u00e4sident Wladimir Selenskij haben in den letzten vier Jahren nur ein einziges Mal miteinander geredet. Das sagte Wladimir Klitschko, der auf einen &#8220;Telefonstreich&#8221; der beiden russischen Komiker Wowan und Lexus hereinfiel. Die bekannten russischen Prankster Wowan und Lexus haben wieder zugeschlagen. Dieses Mal hat es den fr\u00fcheren Boxweltmeister\u00a0Wladimir [&hellip;]<\/p>\n","protected":false},"author":3,"featured_media":98509,"comment_status":"open","ping_status":"open","sticky":false,"template":"","format":"standard","meta":{"_yoast_indexnow_last_ping":["1770460899"],"wp_automatic_camp":["217"],"d0a9e3e416f7a4ed693a44c98c25442a":["Klitschko-Bruder packt aus: Seit Kriegsbeginn nur ein Gespr\u00e4ch zwischen Vitali und Selenskij"],"original_link":["https:\/\/de.rt.com\/europa\/269472-klitschko-bruder-packt-aus-seit\/"],"_thumbnail_id":["98509"],"jnews_social_counter_last_update":["1777687046"],"_wptgpro_p2tg_sent2tg":["a:1:{i:23737;s:19:\"2026-02-07 12:42:55\";}"]},"categories":[19,23],"tags":[679,357,123,71064,43986,4230,5408,1829,6158,140,26753,436],"yoast_head":"<!-- This site is optimized with the Yoast SEO Premium plugin v22.7 (Yoast SEO v22.7) - https:\/\/yoast.com\/wordpress\/plugins\/seo\/ -->\n<title>Klitschko-Bruder packt aus: Seit Kriegsbeginn nur ein Gespr\u00e4ch zwischen Vitali und Selenskij - just-now.NEWS Deutschland<\/title>\n<meta name=\"robots\" content=\"index, follow, max-snippet:-1, max-image-preview:large, max-video-preview:-1\" \/>\n<link rel=\"canonical\" href=\"https:\/\/now-news.de\/de\/deutschland\/klitschko-bruder-packt-aus-seit-kriegsbeginn-nur-ein-gespraech-zwischen-vitali-und-selenskij\/\" \/>\n<meta property=\"og:locale\" content=\"de_DE\" \/>\n<meta property=\"og:type\" content=\"article\" \/>\n<meta property=\"og:title\" content=\"Klitschko-Bruder packt aus: Seit Kriegsbeginn nur ein Gespr\u00e4ch zwischen Vitali und Selenskij\" \/>\n<meta property=\"og:description\" content=\"Kiews B\u00fcrgermeister Vitali Klitschko und der ukrainische Pr\u00e4sident Wladimir Selenskij haben in den letzten vier Jahren nur ein einziges Mal miteinander geredet. Das sagte Wladimir Klitschko, der auf einen &#8220;Telefonstreich&#8221; der beiden russischen Komiker Wowan und Lexus hereinfiel. Die bekannten russischen Prankster Wowan und Lexus haben wieder zugeschlagen. Dieses Mal hat es den fr\u00fcheren Boxweltmeister\u00a0Wladimir [&hellip;]\" \/>\n<meta property=\"og:url\" content=\"https:\/\/now-news.de\/de\/deutschland\/klitschko-bruder-packt-aus-seit-kriegsbeginn-nur-ein-gespraech-zwischen-vitali-und-selenskij\/\" \/>\n<meta property=\"og:site_name\" content=\"just-now.NEWS Deutschland\" \/>\n<meta property=\"article:publisher\" content=\"https:\/\/www.facebook.com\/wirmachenauf\" \/>\n<meta property=\"article:published_time\" content=\"2026-02-07T10:30:13+00:00\" \/>\n<meta property=\"og:image\" content=\"https:\/\/now-news.de\/de\/wp-content\/uploads\/sites\/3\/2026\/02\/6985d8e348fbef24a12a32a1.JPG\" \/>\n<meta name=\"author\" content=\"rtnews\" \/>\n<meta name=\"twitter:card\" content=\"summary_large_image\" \/>\n<meta name=\"twitter:creator\" content=\"@WirMachenAuf_de\" \/>\n<meta name=\"twitter:site\" content=\"@WirMachenAuf_de\" \/>\n<meta name=\"twitter:label1\" content=\"Verfasst von\" \/>\n\t<meta name=\"twitter:data1\" content=\"rtnews\" \/>\n\t<meta name=\"twitter:label2\" content=\"Gesch\u00e4tzte Lesezeit\" \/>\n\t<meta name=\"twitter:data2\" content=\"5\u00a0Minuten\" \/>\n<script type=\"application\/ld+json\" class=\"yoast-schema-graph\">{\"@context\":\"https:\/\/schema.org\",\"@graph\":[{\"@type\":\"Article\",\"@id\":\"https:\/\/now-news.de\/de\/deutschland\/klitschko-bruder-packt-aus-seit-kriegsbeginn-nur-ein-gespraech-zwischen-vitali-und-selenskij\/#article\",\"isPartOf\":{\"@id\":\"https:\/\/now-news.de\/de\/deutschland\/klitschko-bruder-packt-aus-seit-kriegsbeginn-nur-ein-gespraech-zwischen-vitali-und-selenskij\/\"},\"author\":{\"name\":\"rtnews\",\"@id\":\"https:\/\/now-news.de\/de\/#\/schema\/person\/fb534a4e865501d8b3285208df34a9b5\"},\"headline\":\"Klitschko-Bruder packt aus: Seit Kriegsbeginn nur ein Gespr\u00e4ch zwischen Vitali und Selenskij\",\"datePublished\":\"2026-02-07T10:30:13+00:00\",\"dateModified\":\"2026-02-07T10:30:13+00:00\",\"mainEntityOfPage\":{\"@id\":\"https:\/\/now-news.de\/de\/deutschland\/klitschko-bruder-packt-aus-seit-kriegsbeginn-nur-ein-gespraech-zwischen-vitali-und-selenskij\/\"},\"wordCount\":1088,\"commentCount\":0,\"publisher\":{\"@id\":\"https:\/\/now-news.de\/de\/#organization\"},\"image\":{\"@id\":\"https:\/\/now-news.de\/de\/deutschland\/klitschko-bruder-packt-aus-seit-kriegsbeginn-nur-ein-gespraech-zwischen-vitali-und-selenskij\/#primaryimage\"},\"thumbnailUrl\":\"https:\/\/now-news.de\/de\/wp-content\/uploads\/sites\/3\/2026\/02\/Klitschko-Bruder-packt-aus-Seit-Kriegsbeginn-nur-ein-Gespraech-zwischen-Vitali.JPG\",\"keywords\":[\"aus\",\"ein\",\"gespr\u00e4ch\",\"KlitschkoBruder\",\"Kriegsbeginn\",\"NUR\",\"packt\",\"seit\",\"Selenskij\",\"und\",\"Vitali\",\"zwischen\"],\"articleSection\":[\"Deutschland\",\"Russland\"],\"inLanguage\":\"de\",\"potentialAction\":[{\"@type\":\"CommentAction\",\"name\":\"Comment\",\"target\":[\"https:\/\/now-news.de\/de\/deutschland\/klitschko-bruder-packt-aus-seit-kriegsbeginn-nur-ein-gespraech-zwischen-vitali-und-selenskij\/#respond\"]}]},{\"@type\":\"WebPage\",\"@id\":\"https:\/\/now-news.de\/de\/deutschland\/klitschko-bruder-packt-aus-seit-kriegsbeginn-nur-ein-gespraech-zwischen-vitali-und-selenskij\/\",\"url\":\"https:\/\/now-news.de\/de\/deutschland\/klitschko-bruder-packt-aus-seit-kriegsbeginn-nur-ein-gespraech-zwischen-vitali-und-selenskij\/\",\"name\":\"Klitschko-Bruder packt aus: Seit Kriegsbeginn nur ein Gespr\u00e4ch zwischen Vitali und Selenskij - just-now.NEWS Deutschland\",\"isPartOf\":{\"@id\":\"https:\/\/now-news.de\/de\/#website\"},\"primaryImageOfPage\":{\"@id\":\"https:\/\/now-news.de\/de\/deutschland\/klitschko-bruder-packt-aus-seit-kriegsbeginn-nur-ein-gespraech-zwischen-vitali-und-selenskij\/#primaryimage\"},\"image\":{\"@id\":\"https:\/\/now-news.de\/de\/deutschland\/klitschko-bruder-packt-aus-seit-kriegsbeginn-nur-ein-gespraech-zwischen-vitali-und-selenskij\/#primaryimage\"},\"thumbnailUrl\":\"https:\/\/now-news.de\/de\/wp-content\/uploads\/sites\/3\/2026\/02\/Klitschko-Bruder-packt-aus-Seit-Kriegsbeginn-nur-ein-Gespraech-zwischen-Vitali.JPG\",\"datePublished\":\"2026-02-07T10:30:13+00:00\",\"dateModified\":\"2026-02-07T10:30:13+00:00\",\"breadcrumb\":{\"@id\":\"https:\/\/now-news.de\/de\/deutschland\/klitschko-bruder-packt-aus-seit-kriegsbeginn-nur-ein-gespraech-zwischen-vitali-und-selenskij\/#breadcrumb\"},\"inLanguage\":\"de\",\"potentialAction\":[{\"@type\":\"ReadAction\",\"target\":[\"https:\/\/now-news.de\/de\/deutschland\/klitschko-bruder-packt-aus-seit-kriegsbeginn-nur-ein-gespraech-zwischen-vitali-und-selenskij\/\"]}]},{\"@type\":\"ImageObject\",\"inLanguage\":\"de\",\"@id\":\"https:\/\/now-news.de\/de\/deutschland\/klitschko-bruder-packt-aus-seit-kriegsbeginn-nur-ein-gespraech-zwischen-vitali-und-selenskij\/#primaryimage\",\"url\":\"https:\/\/now-news.de\/de\/wp-content\/uploads\/sites\/3\/2026\/02\/Klitschko-Bruder-packt-aus-Seit-Kriegsbeginn-nur-ein-Gespraech-zwischen-Vitali.JPG\",\"contentUrl\":\"https:\/\/now-news.de\/de\/wp-content\/uploads\/sites\/3\/2026\/02\/Klitschko-Bruder-packt-aus-Seit-Kriegsbeginn-nur-ein-Gespraech-zwischen-Vitali.JPG\",\"width\":460,\"height\":259,\"caption\":\"Klitschko-Bruder packt aus: Seit Kriegsbeginn nur ein Gespr\u00e4ch zwischen Vitali und Selenskij\"},{\"@type\":\"BreadcrumbList\",\"@id\":\"https:\/\/now-news.de\/de\/deutschland\/klitschko-bruder-packt-aus-seit-kriegsbeginn-nur-ein-gespraech-zwischen-vitali-und-selenskij\/#breadcrumb\",\"itemListElement\":[{\"@type\":\"ListItem\",\"position\":1,\"name\":\"Home\",\"item\":\"https:\/\/now-news.de\/de\/\"},{\"@type\":\"ListItem\",\"position\":2,\"name\":\"Klitschko-Bruder packt aus: Seit Kriegsbeginn nur ein Gespr\u00e4ch zwischen Vitali und Selenskij\"}]},{\"@type\":\"WebSite\",\"@id\":\"https:\/\/now-news.de\/de\/#website\",\"url\":\"https:\/\/now-news.de\/de\/\",\"name\":\"just-now.NEWS Deutschland\",\"description\":\"Das Portal f\u00fcr unzensierte Nachrichten aus der Welt\",\"publisher\":{\"@id\":\"https:\/\/now-news.de\/de\/#organization\"},\"potentialAction\":[{\"@type\":\"SearchAction\",\"target\":{\"@type\":\"EntryPoint\",\"urlTemplate\":\"https:\/\/now-news.de\/de\/?s={search_term_string}\"},\"query-input\":\"required name=search_term_string\"}],\"inLanguage\":\"de\"},{\"@type\":\"Organization\",\"@id\":\"https:\/\/now-news.de\/de\/#organization\",\"name\":\"Just Now News\",\"url\":\"https:\/\/now-news.de\/de\/\",\"logo\":{\"@type\":\"ImageObject\",\"inLanguage\":\"de\",\"@id\":\"https:\/\/now-news.de\/de\/#\/schema\/logo\/image\/\",\"url\":\"http:\/\/just-now.news\/de\/wp-content\/uploads\/sites\/3\/2022\/04\/logo500x500.jpg\",\"contentUrl\":\"http:\/\/just-now.news\/de\/wp-content\/uploads\/sites\/3\/2022\/04\/logo500x500.jpg\",\"width\":500,\"height\":500,\"caption\":\"Just Now News\"},\"image\":{\"@id\":\"https:\/\/now-news.de\/de\/#\/schema\/logo\/image\/\"},\"sameAs\":[\"https:\/\/www.facebook.com\/wirmachenauf\",\"https:\/\/x.com\/WirMachenAuf_de\"]},{\"@type\":\"Person\",\"@id\":\"https:\/\/now-news.de\/de\/#\/schema\/person\/fb534a4e865501d8b3285208df34a9b5\",\"name\":\"rtnews\",\"image\":{\"@type\":\"ImageObject\",\"inLanguage\":\"de\",\"@id\":\"https:\/\/now-news.de\/de\/#\/schema\/person\/image\/\",\"url\":\"https:\/\/secure.gravatar.com\/avatar\/82aafea7d8127119dd649515f56e2117?s=96&d=mm&r=g\",\"contentUrl\":\"https:\/\/secure.gravatar.com\/avatar\/82aafea7d8127119dd649515f56e2117?s=96&d=mm&r=g\",\"caption\":\"rtnews\"},\"url\":\"https:\/\/now-news.de\/de\/author\/rnews\/\"}]}<\/script>\n<!-- \/ Yoast SEO Premium plugin. -->","yoast_head_json":{"title":"Klitschko-Bruder packt aus: Seit Kriegsbeginn nur ein Gespr\u00e4ch zwischen Vitali und Selenskij - just-now.NEWS Deutschland","robots":{"index":"index","follow":"follow","max-snippet":"max-snippet:-1","max-image-preview":"max-image-preview:large","max-video-preview":"max-video-preview:-1"},"canonical":"https:\/\/now-news.de\/de\/deutschland\/klitschko-bruder-packt-aus-seit-kriegsbeginn-nur-ein-gespraech-zwischen-vitali-und-selenskij\/","og_locale":"de_DE","og_type":"article","og_title":"Klitschko-Bruder packt aus: Seit Kriegsbeginn nur ein Gespr\u00e4ch zwischen Vitali und Selenskij","og_description":"Kiews B\u00fcrgermeister Vitali Klitschko und der ukrainische Pr\u00e4sident Wladimir Selenskij haben in den letzten vier Jahren nur ein einziges Mal miteinander geredet. Das sagte Wladimir Klitschko, der auf einen &#8220;Telefonstreich&#8221; der beiden russischen Komiker Wowan und Lexus hereinfiel. Die bekannten russischen Prankster Wowan und Lexus haben wieder zugeschlagen. Dieses Mal hat es den fr\u00fcheren Boxweltmeister\u00a0Wladimir [&hellip;]","og_url":"https:\/\/now-news.de\/de\/deutschland\/klitschko-bruder-packt-aus-seit-kriegsbeginn-nur-ein-gespraech-zwischen-vitali-und-selenskij\/","og_site_name":"just-now.NEWS Deutschland","article_publisher":"https:\/\/www.facebook.com\/wirmachenauf","article_published_time":"2026-02-07T10:30:13+00:00","og_image":[{"url":"https:\/\/now-news.de\/de\/wp-content\/uploads\/sites\/3\/2026\/02\/6985d8e348fbef24a12a32a1.JPG"}],"author":"rtnews","twitter_card":"summary_large_image","twitter_creator":"@WirMachenAuf_de","twitter_site":"@WirMachenAuf_de","twitter_misc":{"Verfasst von":"rtnews","Gesch\u00e4tzte Lesezeit":"5\u00a0Minuten"},"schema":{"@context":"https:\/\/schema.org","@graph":[{"@type":"Article","@id":"https:\/\/now-news.de\/de\/deutschland\/klitschko-bruder-packt-aus-seit-kriegsbeginn-nur-ein-gespraech-zwischen-vitali-und-selenskij\/#article","isPartOf":{"@id":"https:\/\/now-news.de\/de\/deutschland\/klitschko-bruder-packt-aus-seit-kriegsbeginn-nur-ein-gespraech-zwischen-vitali-und-selenskij\/"},"author":{"name":"rtnews","@id":"https:\/\/now-news.de\/de\/#\/schema\/person\/fb534a4e865501d8b3285208df34a9b5"},"headline":"Klitschko-Bruder packt aus: Seit Kriegsbeginn nur ein Gespr\u00e4ch zwischen Vitali und Selenskij","datePublished":"2026-02-07T10:30:13+00:00","dateModified":"2026-02-07T10:30:13+00:00","mainEntityOfPage":{"@id":"https:\/\/now-news.de\/de\/deutschland\/klitschko-bruder-packt-aus-seit-kriegsbeginn-nur-ein-gespraech-zwischen-vitali-und-selenskij\/"},"wordCount":1088,"commentCount":0,"publisher":{"@id":"https:\/\/now-news.de\/de\/#organization"},"image":{"@id":"https:\/\/now-news.de\/de\/deutschland\/klitschko-bruder-packt-aus-seit-kriegsbeginn-nur-ein-gespraech-zwischen-vitali-und-selenskij\/#primaryimage"},"thumbnailUrl":"https:\/\/now-news.de\/de\/wp-content\/uploads\/sites\/3\/2026\/02\/Klitschko-Bruder-packt-aus-Seit-Kriegsbeginn-nur-ein-Gespraech-zwischen-Vitali.JPG","keywords":["aus","ein","gespr\u00e4ch","KlitschkoBruder","Kriegsbeginn","NUR","packt","seit","Selenskij","und","Vitali","zwischen"],"articleSection":["Deutschland","Russland"],"inLanguage":"de","potentialAction":[{"@type":"CommentAction","name":"Comment","target":["https:\/\/now-news.de\/de\/deutschland\/klitschko-bruder-packt-aus-seit-kriegsbeginn-nur-ein-gespraech-zwischen-vitali-und-selenskij\/#respond"]}]},{"@type":"WebPage","@id":"https:\/\/now-news.de\/de\/deutschland\/klitschko-bruder-packt-aus-seit-kriegsbeginn-nur-ein-gespraech-zwischen-vitali-und-selenskij\/","url":"https:\/\/now-news.de\/de\/deutschland\/klitschko-bruder-packt-aus-seit-kriegsbeginn-nur-ein-gespraech-zwischen-vitali-und-selenskij\/","name":"Klitschko-Bruder packt aus: Seit Kriegsbeginn nur ein Gespr\u00e4ch zwischen Vitali und Selenskij - just-now.NEWS Deutschland","isPartOf":{"@id":"https:\/\/now-news.de\/de\/#website"},"primaryImageOfPage":{"@id":"https:\/\/now-news.de\/de\/deutschland\/klitschko-bruder-packt-aus-seit-kriegsbeginn-nur-ein-gespraech-zwischen-vitali-und-selenskij\/#primaryimage"},"image":{"@id":"https:\/\/now-news.de\/de\/deutschland\/klitschko-bruder-packt-aus-seit-kriegsbeginn-nur-ein-gespraech-zwischen-vitali-und-selenskij\/#primaryimage"},"thumbnailUrl":"https:\/\/now-news.de\/de\/wp-content\/uploads\/sites\/3\/2026\/02\/Klitschko-Bruder-packt-aus-Seit-Kriegsbeginn-nur-ein-Gespraech-zwischen-Vitali.JPG","datePublished":"2026-02-07T10:30:13+00:00","dateModified":"2026-02-07T10:30:13+00:00","breadcrumb":{"@id":"https:\/\/now-news.de\/de\/deutschland\/klitschko-bruder-packt-aus-seit-kriegsbeginn-nur-ein-gespraech-zwischen-vitali-und-selenskij\/#breadcrumb"},"inLanguage":"de","potentialAction":[{"@type":"ReadAction","target":["https:\/\/now-news.de\/de\/deutschland\/klitschko-bruder-packt-aus-seit-kriegsbeginn-nur-ein-gespraech-zwischen-vitali-und-selenskij\/"]}]},{"@type":"ImageObject","inLanguage":"de","@id":"https:\/\/now-news.de\/de\/deutschland\/klitschko-bruder-packt-aus-seit-kriegsbeginn-nur-ein-gespraech-zwischen-vitali-und-selenskij\/#primaryimage","url":"https:\/\/now-news.de\/de\/wp-content\/uploads\/sites\/3\/2026\/02\/Klitschko-Bruder-packt-aus-Seit-Kriegsbeginn-nur-ein-Gespraech-zwischen-Vitali.JPG","contentUrl":"https:\/\/now-news.de\/de\/wp-content\/uploads\/sites\/3\/2026\/02\/Klitschko-Bruder-packt-aus-Seit-Kriegsbeginn-nur-ein-Gespraech-zwischen-Vitali.JPG","width":460,"height":259,"caption":"Klitschko-Bruder packt aus: Seit Kriegsbeginn nur ein Gespr\u00e4ch zwischen Vitali und Selenskij"},{"@type":"BreadcrumbList","@id":"https:\/\/now-news.de\/de\/deutschland\/klitschko-bruder-packt-aus-seit-kriegsbeginn-nur-ein-gespraech-zwischen-vitali-und-selenskij\/#breadcrumb","itemListElement":[{"@type":"ListItem","position":1,"name":"Home","item":"https:\/\/now-news.de\/de\/"},{"@type":"ListItem","position":2,"name":"Klitschko-Bruder packt aus: Seit Kriegsbeginn nur ein Gespr\u00e4ch zwischen Vitali und Selenskij"}]},{"@type":"WebSite","@id":"https:\/\/now-news.de\/de\/#website","url":"https:\/\/now-news.de\/de\/","name":"just-now.NEWS Deutschland","description":"Das Portal f\u00fcr unzensierte Nachrichten aus der Welt","publisher":{"@id":"https:\/\/now-news.de\/de\/#organization"},"potentialAction":[{"@type":"SearchAction","target":{"@type":"EntryPoint","urlTemplate":"https:\/\/now-news.de\/de\/?s={search_term_string}"},"query-input":"required name=search_term_string"}],"inLanguage":"de"},{"@type":"Organization","@id":"https:\/\/now-news.de\/de\/#organization","name":"Just Now News","url":"https:\/\/now-news.de\/de\/","logo":{"@type":"ImageObject","inLanguage":"de","@id":"https:\/\/now-news.de\/de\/#\/schema\/logo\/image\/","url":"http:\/\/just-now.news\/de\/wp-content\/uploads\/sites\/3\/2022\/04\/logo500x500.jpg","contentUrl":"http:\/\/just-now.news\/de\/wp-content\/uploads\/sites\/3\/2022\/04\/logo500x500.jpg","width":500,"height":500,"caption":"Just Now News"},"image":{"@id":"https:\/\/now-news.de\/de\/#\/schema\/logo\/image\/"},"sameAs":["https:\/\/www.facebook.com\/wirmachenauf","https:\/\/x.com\/WirMachenAuf_de"]},{"@type":"Person","@id":"https:\/\/now-news.de\/de\/#\/schema\/person\/fb534a4e865501d8b3285208df34a9b5","name":"rtnews","image":{"@type":"ImageObject","inLanguage":"de","@id":"https:\/\/now-news.de\/de\/#\/schema\/person\/image\/","url":"https:\/\/secure.gravatar.com\/avatar\/82aafea7d8127119dd649515f56e2117?s=96&d=mm&r=g","contentUrl":"https:\/\/secure.gravatar.com\/avatar\/82aafea7d8127119dd649515f56e2117?s=96&d=mm&r=g","caption":"rtnews"},"url":"https:\/\/now-news.de\/de\/author\/rnews\/"}]}},"_links":{"self":[{"href":"https:\/\/now-news.de\/de\/wp-json\/wp\/v2\/posts\/98508"}],"collection":[{"href":"https:\/\/now-news.de\/de\/wp-json\/wp\/v2\/posts"}],"about":[{"href":"https:\/\/now-news.de\/de\/wp-json\/wp\/v2\/types\/post"}],"author":[{"embeddable":true,"href":"https:\/\/now-news.de\/de\/wp-json\/wp\/v2\/users\/3"}],"replies":[{"embeddable":true,"href":"https:\/\/now-news.de\/de\/wp-json\/wp\/v2\/comments?post=98508"}],"version-history":[{"count":0,"href":"https:\/\/now-news.de\/de\/wp-json\/wp\/v2\/posts\/98508\/revisions"}],"wp:featuredmedia":[{"embeddable":true,"href":"https:\/\/now-news.de\/de\/wp-json\/wp\/v2\/media\/98509"}],"wp:attachment":[{"href":"https:\/\/now-news.de\/de\/wp-json\/wp\/v2\/media?parent=98508"}],"wp:term":[{"taxonomy":"category","embeddable":true,"href":"https:\/\/now-news.de\/de\/wp-json\/wp\/v2\/categories?post=98508"},{"taxonomy":"post_tag","embeddable":true,"href":"https:\/\/now-news.de\/de\/wp-json\/wp\/v2\/tags?post=98508"}],"curies":[{"name":"wp","href":"https:\/\/api.w.org\/{rel}","templated":true}]}}