{"id":98499,"date":"2026-02-07T10:04:48","date_gmt":"2026-02-07T08:04:48","guid":{"rendered":"https:\/\/now-news.de\/de\/deutschland\/regenbogentreppen-und-deutschlandfarben-der-kampf-um-den-oeffentlichen-raum\/"},"modified":"2026-02-07T10:04:48","modified_gmt":"2026-02-07T08:04:48","slug":"regenbogentreppen-und-deutschlandfarben-der-kampf-um-den-oeffentlichen-raum","status":"publish","type":"post","link":"https:\/\/now-news.de\/de\/deutschland\/regenbogentreppen-und-deutschlandfarben-der-kampf-um-den-oeffentlichen-raum\/","title":{"rendered":"Regenbogentreppen und Deutschlandfarben: Der Kampf um den \u00f6ffentlichen Raum"},"content":{"rendered":"<p><img decoding=\"async\" src=\"https:\/\/now-news.de\/de\/wp-content\/uploads\/sites\/3\/2026\/02\/6985efc0b480cc277c7bc875.jpg\" \/><\/p>\n<div class=\"Text-root Text-type_1 \">\n                In Deutschland tobt ein Kampf um die ideologische Besetzung des Stadtbilds. Die bisherige Dominanz der woken Regenbogen-Ideologie erf\u00e4hrt zunehmend Widerspruch. Dies zeigen heimliche \u00dcbermalungsaktionen wie im sauerl\u00e4ndischen Arnsberg.\n            <\/div>\n<p><\/p>\n<div class=\"Text-root Text-type_5 ArticleView-text ViewText-root \">\n<p><em>Von Astrid Sigena<\/em><\/p>\n<p>Es ist wieder geschehen. Unbekannte <a rel=\"nofollow noopener\" target=\"_blank\" href=\"https:\/\/www1.wdr.de\/nachrichten\/westfalen-lippe\/regenbogentreppe-neheim-100.html\">\u00fcbermalten<\/a> in der Nacht zum 1. Februar die Regenbogentreppe im Arnsberger Stadtteil Neheim mit den Farben Schwarz-Rot-Gold. Bereits im vergangenen Sommer war die zum Neheimer Busbahnhof f\u00fchrende bunte Treppe schwarz <a rel=\"nofollow noopener\" target=\"_blank\" href=\"https:\/\/www1.wdr.de\/nachrichten\/westfalen-lippe\/arnsberg-regenbogentreppe-neheim-sachbeschaedigung-100.html\">beschmiert<\/a> und danach wiederhergestellt worden. Es handelt sich bei der Regenbogenbemalung um ein <a rel=\"nofollow noopener\" target=\"_blank\" href=\"https:\/\/www.sauerlandkurier.de\/hochsauerlandkreis\/arnsberg\/regenbogentreppe-in-neheim-uebermalt-stadt-erstattet-anzeige-94152425.html\">Schulprojekt<\/a> des \u00f6rtlichen Gymnasiums Laurentianum f\u00fcr &#8220;Offenheit, Vielfalt und Toleranz&#8221;,\u00a0<a rel=\"nofollow noopener\" target=\"_blank\" href=\"https:\/\/www.lokalkompass.de\/hattingen\/c-politik\/arnsberg-regenbogentreppe-mit-nationalfarben-uebermalt_a2148712\">entstanden<\/a> im Rahmen der Projektwoche &#8220;Schule ohne Rassismus&#8221; mit dem Segen der \u00f6rtlichen Beh\u00f6rden.<\/p>\n<p>Die Stadt hat mittlerweile Anzeige gegen unbekannt erstellt und die Deutschlandfarben mit dem Hochdruckreiniger entfernen lassen. Denn die unerbetene schwarz-rot-goldene Umgestaltung stelle \u2013 so die Arnsberger Stadtverwaltung \u2013 &#8220;eine Ver\u00e4nderung und Besch\u00e4digung \u00f6ffentlichen Eigentums&#8221; dar, &#8220;die wir wie in allen F\u00e4llen grunds\u00e4tzlich zur Anzeige bringen&#8221;. Die deutsche Nationalflagge stehe zwar f\u00fcr Freiheit, Rechtsstaatlichkeit und Menschenw\u00fcrde, sie d\u00fcrfe aber nicht gegen andere Werte ausgespielt werden, verurteilte Arnsbergs SPD-B\u00fcrgermeister Ralf Paul Bittner die Aktion der Spr\u00fchguerilla. Bittners Appell lautet dementsprechend: &#8220;Arnsberg ist eine Stadt f\u00fcr alle. Vielfalt und Gleichberechtigung sind keine Gegens\u00e4tze zu unserem Grundgesetz \u2013 sie sind dessen Ausdruck.&#8221;<\/p>\n<p>Insbesondere die Gr\u00fcnen sch\u00e4umten \u00fcber die schwarz-rot-goldene Umgestaltung. Die <a rel=\"nofollow noopener\" target=\"_blank\" href=\"https:\/\/www.gruene-arnsberg.de\/fraktion\/\">Fraktionssprecherin<\/a> der Arnsberger Gr\u00fcnen, Verena Verspohl, erkl\u00e4rte auf Instagram (mittlerweile auf privat gestellt, aber auf <a rel=\"nofollow noopener\" target=\"_blank\" href=\"https:\/\/x.com\/BettyCo_Nurse\/status\/2018603317270863994?ref_src=twsrc%5etfw%7Ctwcamp%5etweetembed%7Ctwterm%5e2018603317270863994%7Ctwgr%5e7415a05d25f2846c004beed4e0e343fc31486c14%7Ctwcon%5es1_&amp;ref_url=https%3A%2F%2Fjungefreiheit.de%2Fpolitik%2Fdeutschland%2F2026%2Fdeutschlandfarben-sorgen-bei-arnsberger-gruenen-fuer-schnappatmung%2F\">X<\/a>\u00a0und <a rel=\"nofollow noopener\" target=\"_blank\" href=\"https:\/\/www.facebook.com\/reel\/868540435954899\">Facebook<\/a> weiterhin hochgeladen), die Spr\u00fchaktion beinhalte &#8220;eine rechtsextreme Aussage&#8221;, die sich &#8220;gegen Vielfalt, gegen Queere, gegen Frieden, Freiheit und eine bunte Gesellschaft&#8221; richte und Nationalismus propagiere. Den T\u00e4tern gab sie den <a rel=\"nofollow noopener\" target=\"_blank\" href=\"https:\/\/ausblick-am-hellweg.de\/2026\/02\/05\/schwarz-rot-gold-statt-regenbogen-fuer-gruene-schulleiterin-aus-froendenberg-rechtsextremistisch\/\">Ratschlag<\/a>, sich doch Alice Weidel auf den Unterschenkel zu t\u00e4towieren: &#8220;Malt euch zu Hause in Nationalfarben ein, h\u00e4ngt euch die Fahne in den Garten, macht, was ihr wollt! Das ist mir v\u00f6llig egal. Aber das ist der \u00f6ffentliche Raum. Und das geht einfach \u00fcberhaupt nicht.&#8221; Eine solche Aktion sei die &#8220;niedrigste Form von Stolz&#8221;.<\/p>\n<p>Auf der Suche nach Metaphern, die ihrer Emp\u00f6rung Ausdruck verleihen sollten, verlie\u00df die wackere P\u00e4dagogin ihr Sinn f\u00fcr Logik: &#8220;Und nebenbei ist es \u00fcbrigens eine Sch\u00fcler*innen-Arbeit \u2013 Sch\u00fcler*innen-Gendersternchen-Arbeit, die hier mit F\u00fc\u00dfen getreten wird.&#8221; Es ist nun mal der Sinn und Zweck einer Treppe, beim Hinauf- und Hinabgehen mit F\u00fc\u00dfen getreten zu werden. Verena Verspohl stellte dies in ihrem Video auch selbst auf der mittlerweile schwarz-rot-goldenen Treppe unter Beweis.<\/p>\n<p>Allerdings wirkt die deutsche Neigung, verehrungsw\u00fcrdige Farbsymbole \u2013 sei es der Regenbogen, seien es die Deutschlandfarben \u2013 auf dem Boden anzubringen, tats\u00e4chlich befremdlich. Immerhin kann dort jeder auf ihnen herumtrampeln oder sie sogar beschmutzen. Wom\u00f6glich kommt dieses Befremden auch unbewusst bei Verspohls ungelenker Metapher zum Vorschein. Dasselbe Problem <a rel=\"nofollow noopener\" target=\"_blank\" href=\"https:\/\/www.deutschlandfunkkultur.de\/schweizer-kuenstlerin-dessa-stolpersteine-in-der-kritik-100.html\">stellt sich<\/a> auch bei den sogenannten Stolpersteinen zum Gedenken an die Opfer des Nationalsozialismus. Und auch das Berliner Denkmal f\u00fcr die Opfer des Terroranschlags am Breitscheidplatz <a rel=\"nofollow noopener\" target=\"_blank\" href=\"https:\/\/www.berlin.de\/sehenswuerdigkeiten\/4999992-3558930-goldener-riss-mahnmal-fuer-die-terroropf.html\">weist<\/a> verd\u00e4chtige Bodenn\u00e4he auf. Deutschland hat offensichtlich das Gesp\u00fcr f\u00fcr w\u00fcrdige Denkm\u00e4ler verloren.<\/p>\n<p>Bei der Gr\u00fcnen-Politikerin Verena Verspohl <a rel=\"nofollow noopener\" target=\"_blank\" href=\"https:\/\/www.wickedepunktruhr.de\/heimat-online\/Aktuelle_Meldungen\/2023\/2023-06-16-14-08-17_Wickede-Ruhr_Gesamtschule_Froendenberg_GSF_Verena_Verspohl_Schulleitung_Staedtisches-Gymnasium-Laurentianum-Arnsberg.php\">handelt es<\/a> sich \u00fcbrigens um die fr\u00fchere Stellvertretende Direktorin des Laurentianums \u2013 der Schule, die f\u00fcr die Buntbemalung der Bahnhofstreppe verantwortlich ist. Ihre Ehefrau Nina Verspohl ist am Laurentianum noch t\u00e4tig, ebenfalls in der Schulleitung als Oberstufenkoordinatorin. Auch sie <a rel=\"nofollow noopener\" target=\"_blank\" href=\"https:\/\/www.gruene-arnsberg.de\/kontakt-zum-ov\/\">engagiert sich<\/a> bei den Gr\u00fcnen. Man geht wohl nicht fehl in der Annahme, hier eine enge personelle Verzahnung zwischen Vielfaltsp\u00e4dagogik und Gr\u00fcner Lokalpolitik anzunehmen. <a rel=\"nofollow noopener\" target=\"_blank\" href=\"https:\/\/www.wp.de\/lokales\/arnsberg\/article411088612\/patrioten-oder-idioten-unbekannte-verpassen-treppe-am-busbahnhof-neuen-anstrich.html\">Medienberichten<\/a> ist zu entnehmen, dass Nina Verspohl beim Treppenprojekt ma\u00dfgeblich\u00a0<a rel=\"nofollow noopener\" target=\"_blank\" href=\"https:\/\/www1.wdr.de\/nachrichten\/westfalen-lippe\/arnsberg-regenbogentreppe-neheim-sachbeschaedigung-100.html\">involviert war<\/a>. Aber ganz offensichtlich gefallen bunte Treppen nicht jedem in Arnsberg.<\/p>\n<p>\u00c4hnliche <a rel=\"nofollow noopener\" target=\"_blank\" href=\"https:\/\/duesseldorf.t-online.de\/region\/duesseldorf\/id_100995382\/duesseldorf-regenbogenbank-im-rheinpark-heerdt-schwarz-rot-gelb-umgefaerbt.html\">Erfahrungen<\/a> hatten bereits im vergangenen November die D\u00fcsseldorfer Gr\u00fcnen machen m\u00fcssen, die sich zusammen mit der SPD-Fraktion in der Bezirksvertretung f\u00fcr eine &#8220;Regenbogenbank&#8221; stark gemacht hatten. \u00dcber Nacht wurde aus der &#8220;Regenbogenbank&#8221; eine &#8220;Deutschlandbank&#8221; in Schwarz-Rot-Gold. Da hilft es auch nichts, dass die D\u00fcsseldorfer Gr\u00fcnen auf ihrer Facebook-Seite <a rel=\"nofollow noopener\" target=\"_blank\" href=\"https:\/\/www.facebook.com\/gruene.duesseldorf\/posts\/in-der-nacht-zum-9-november-wurde-im-rheinpark-in-heerdt-eine-regenbogenbank-ein\/1143756071268621\/\">lamentieren<\/a>: &#8220;Wer eine Regenbogenbank \u00fcberschmiert, zeigt keine Liebe zu unserem Land, sondern eine Haltung, die das Gegenteil unserer demokratischen Werte verk\u00f6rpert.&#8221; Ganz offensichtlich w\u00e4chst bei den B\u00fcrgern der \u00dcberdruss an woken Inszenierungen in der \u00d6ffentlichkeit, es kommt zu Gegenreaktionen, die sich nicht nur in \u00dcbermalungen, sondern auch im Anbringen von Deutschlandflaggen an Laternenpfosten und Br\u00fcckengel\u00e4ndern <a rel=\"nofollow noopener\" target=\"_blank\" href=\"https:\/\/www.goerlitz-insider.de\/deutschlandfahnen-trend-im-lk-goerlitz-angekommen\/\">\u00e4u\u00dfern<\/a>.<\/p>\n<p>Dieser \u00dcberdruss ist nur allzu verst\u00e4ndlich, denn die ideologische Inanspruchnahme des Stadtbildes von Seiten der Vielfaltspropaganda wirkt zunehmend totalit\u00e4r. Man schreckt vor dem Begriff &#8220;Totalitarismus&#8221; zur\u00fcck, aber wie soll man den ideologischen Zugriff auf Lebensbereiche, die an sich nichts mit der Politik zu tun haben und allen \u2013 ungeachtet der politischen Ausrichtung \u2013 zur Verf\u00fcgung stehen sollten, sonst benennen? Ein wokes Fernsehprogramm kann der Konsument ausstellen, eine &#8220;Buntheit&#8221; und &#8220;Vielfalt&#8221; propagierende Zeitschrift abbestellen, einer bunten Bahnhofstreppe jedoch ist der B\u00fcrger ausgeliefert. Nichts anderes ist Totalitarismus. Zumal diese st\u00e4dtebaulichen Projekte meist keinesfalls so menschenfreundlich sind, wie sie sich den Anschein geben.<\/p>\n<p>Ein weiteres Beispiel daf\u00fcr sind <a rel=\"nofollow noopener\" target=\"_blank\" href=\"https:\/\/www.christus-koenig-os.de\/kein-platz-fuer\/\">die B\u00e4nke<\/a>, die wahlweise keinen Platz f\u00fcr Antisemitismus, Rassismus oder <a rel=\"nofollow noopener\" target=\"_blank\" href=\"https:\/\/www.lebenshilfe-nrw.de\/de\/landesverband\/lebenshilfe-journal\/Artikel\/Besondere-Bank-mit-eindeutiger-Botschaft.php\">Ausgrenzung<\/a> bieten wollen. Um dieses Anliegen auch optisch deutlich zu machen, fehlt ihnen ein St\u00fcck der Sitzfl\u00e4che. Und wer wollte der Aufstellung einer solchen Bank widersprechen, ohne sich selber den Vorwurf zuzuziehen, Antisemitismus, Rassismus oder Ausgrenzung das Wort reden zu wollen? Auch das wieder ein Zeichen f\u00fcr Totalitarismus, denn letztendlich hat der polit-mediale Komplex die Entscheidungshoheit \u00fcber die Definition von &#8220;Ausgrenzung&#8221;, &#8220;Rassismus&#8221; oder &#8220;Antisemitismus&#8221; \u2013 eine Deutungsmacht, die dieser Komplex gern\u00a0zur Stigmatisierung abweichender Meinungen missbraucht.<\/p>\n<p>Dass man diese B\u00e4nke selten benutzt findet, ist daher kein Zeichen f\u00fcr die weite Verbreitung niedriger Ressentiments, sondern ehrt die Deutschen: Ganz offensichtlich riechen sie den Braten, dass diese B\u00e4nke der ideologischen Manipulation dienen. Und auch die Verlogenheit, die hinter diesen B\u00e4nken steht: Denn gerade den Anspruch, Ausgrenzung zu bek\u00e4mpfen, erf\u00fcllen sie nicht, sondern grenzen selber aus: Nicht nur &#8220;Antisemiten&#8221; und &#8220;Rassisten&#8221;, deren Anwesenheit nicht erw\u00fcnscht ist, sondern die Schw\u00e4chsten der Schwachen, die Obdachlosen.<\/p>\n<p>Die verk\u00fcrzte Sitzfl\u00e4che der B\u00e4nke ist n\u00e4mlich <a rel=\"nofollow noopener\" target=\"_blank\" href=\"https:\/\/taz.de\/Feindliches-Design-bei-BVG-und-Bezirken\/!5981637\/\">typisch<\/a> f\u00fcr das sogenannte &#8220;<a rel=\"nofollow noopener\" target=\"_blank\" href=\"https:\/\/schaltzeit.com\/ausgeschlossen-durch-design\/\">hostile design<\/a>&#8220;: Es soll dazu <a rel=\"nofollow noopener\" target=\"_blank\" href=\"https:\/\/wien.orf.at\/stories\/3163595\/\">dienen<\/a>, dass sich auf einer solchen Bank kein Obdachloser f\u00fcr die Nacht niederlassen kann. Da die Bek\u00e4mpfung von Wohnungsknappheit und der daraus resultierenden Obdachlosigkeit zu m\u00fchselig ist, beschr\u00e4nken sich die Kommunen eben auf die Symptombek\u00e4mpfung. Und gestalten den \u00f6ffentlichen Raum so unwirtlich wie m\u00f6glich f\u00fcr Obdachlose \u2013 auch wenn man es offiziell nicht gern zugibt. Eine derart ausgrenzende Bank auch noch als &#8220;inklusiv&#8221; und &#8220;tolerant&#8221; darzustellen, grenzt an <a rel=\"nofollow noopener\" target=\"_blank\" href=\"https:\/\/www.reddit.com\/r\/gekte\/comments\/1eaxo72\/absolut_widerlich_wie_hostile_architektur_jetzt\/\">Verh\u00f6hnung<\/a>. Da hilft es dann auch nichts, wenn diese B\u00e4nke aus Werkst\u00e4tten f\u00fcr Behinderte stammen.<\/p>\n<p>Letztendlich verweisen sowohl die regenbogenbunte Ausgestaltung der Innenst\u00e4dte, die mit offiziellem Segen erfolgt, als auch die illegale Umgestaltung und Schm\u00fcckung des \u00f6ffentlichen Raumes mit den Farben Schwarz-Rot-Gold als Gegenreaktion auf eine tiefe Spaltung der deutschen Gesellschaft. Ganz offensichtlich kann man sich nicht \u2013 wie in anderen L\u00e4ndern \u2013 trotz aller politischen Unterschiede auf eine gemeinsame Symbolik einigen. Diese feindselige Spaltung l\u00e4sst f\u00fcr die Zukunft nichts Gutes erahnen. Noch hat die Regenbogenfraktion die Dominanz und kann ihre Projekte den B\u00fcrgern aufdr\u00e4ngen. Das kann sich jedoch \u00e4ndern. Der Gegenschlag d\u00fcrfte dann nicht weniger heftig ausfallen.<\/p>\n<p><strong>Mehr zum Thema<\/strong> &#8211; <a rel=\"nofollow noopener\" target=\"_blank\" href=\"https:\/\/freedert.online\/kurzclips\/video\/252269-stolz-darauf-intersexuell-zu-sein\/\">&#8220;Stolz darauf, intersexuell zu sein&#8221; \u2013 Canal Pride in Amsterdam<\/a><\/p>\n<div class=\"EmbedBlock-root EmbedBlock-externalVideo EmbedBlock-rumble\">\n<div class=\"VkEmbed\"><iframe class=\"lazyload\" data-src=\"https:\/\/rumble.com\/embed\/v72u1hy\" frameborder=\"0\" width=\"853\" height=\"480\" allowfullscreen><\/iframe><\/div>\n<\/div>\n<\/div>\n<p><br \/>\n<br \/><a href=\"https:\/\/de.rt.com\/inland\/269481-regenbogentreppen-und-deutschlandfarben-kampf-um\/\">Source link <\/a><\/p>\n","protected":false},"excerpt":{"rendered":"<p>In Deutschland tobt ein Kampf um die ideologische Besetzung des Stadtbilds. Die bisherige Dominanz der woken Regenbogen-Ideologie erf\u00e4hrt zunehmend Widerspruch. Dies zeigen heimliche \u00dcbermalungsaktionen wie im sauerl\u00e4ndischen Arnsberg. Von Astrid Sigena Es ist wieder geschehen. Unbekannte \u00fcbermalten in der Nacht zum 1. Februar die Regenbogentreppe im Arnsberger Stadtteil Neheim mit den Farben Schwarz-Rot-Gold. Bereits im [&hellip;]<\/p>\n","protected":false},"author":3,"featured_media":98500,"comment_status":"open","ping_status":"open","sticky":false,"template":"","format":"standard","meta":{"_yoast_indexnow_last_ping":["1770452140"],"wp_automatic_camp":["217"],"b175e6a4a229b60613bcf1d215f588f8":["Regenbogentreppen und Deutschlandfarben: Der Kampf um den \u00f6ffentlichen Raum"],"original_link":["https:\/\/de.rt.com\/inland\/269481-regenbogentreppen-und-deutschlandfarben-kampf-um\/"],"_thumbnail_id":["98500"],"jnews_social_counter_last_update":["1777153201"],"_wptgpro_p2tg_sent2tg":["a:1:{i:23737;s:19:\"2026-02-07 10:16:45\";}"]},"categories":[19,23],"tags":[48,82,71061,5522,19889,8036,71060,140],"yoast_head":"<!-- This site is optimized with the Yoast SEO Premium plugin v22.7 (Yoast SEO v22.7) - https:\/\/yoast.com\/wordpress\/plugins\/seo\/ -->\n<title>Regenbogentreppen und Deutschlandfarben: Der Kampf um den \u00f6ffentlichen Raum - just-now.NEWS Deutschland<\/title>\n<meta name=\"robots\" content=\"index, follow, max-snippet:-1, max-image-preview:large, max-video-preview:-1\" \/>\n<link rel=\"canonical\" href=\"https:\/\/now-news.de\/de\/deutschland\/regenbogentreppen-und-deutschlandfarben-der-kampf-um-den-oeffentlichen-raum\/\" \/>\n<meta property=\"og:locale\" content=\"de_DE\" \/>\n<meta property=\"og:type\" content=\"article\" \/>\n<meta property=\"og:title\" content=\"Regenbogentreppen und Deutschlandfarben: Der Kampf um den \u00f6ffentlichen Raum\" \/>\n<meta property=\"og:description\" content=\"In Deutschland tobt ein Kampf um die ideologische Besetzung des Stadtbilds. Die bisherige Dominanz der woken Regenbogen-Ideologie erf\u00e4hrt zunehmend Widerspruch. Dies zeigen heimliche \u00dcbermalungsaktionen wie im sauerl\u00e4ndischen Arnsberg. Von Astrid Sigena Es ist wieder geschehen. Unbekannte \u00fcbermalten in der Nacht zum 1. Februar die Regenbogentreppe im Arnsberger Stadtteil Neheim mit den Farben Schwarz-Rot-Gold. Bereits im [&hellip;]\" \/>\n<meta property=\"og:url\" content=\"https:\/\/now-news.de\/de\/deutschland\/regenbogentreppen-und-deutschlandfarben-der-kampf-um-den-oeffentlichen-raum\/\" \/>\n<meta property=\"og:site_name\" content=\"just-now.NEWS Deutschland\" \/>\n<meta property=\"article:publisher\" content=\"https:\/\/www.facebook.com\/wirmachenauf\" \/>\n<meta property=\"article:published_time\" content=\"2026-02-07T08:04:48+00:00\" \/>\n<meta property=\"og:image\" content=\"https:\/\/now-news.de\/de\/wp-content\/uploads\/sites\/3\/2026\/02\/6985efc0b480cc277c7bc875.jpg\" \/>\n<meta name=\"author\" content=\"rtnews\" \/>\n<meta name=\"twitter:card\" content=\"summary_large_image\" \/>\n<meta name=\"twitter:creator\" content=\"@WirMachenAuf_de\" \/>\n<meta name=\"twitter:site\" content=\"@WirMachenAuf_de\" \/>\n<meta name=\"twitter:label1\" content=\"Verfasst von\" \/>\n\t<meta name=\"twitter:data1\" content=\"rtnews\" \/>\n\t<meta name=\"twitter:label2\" content=\"Gesch\u00e4tzte Lesezeit\" \/>\n\t<meta name=\"twitter:data2\" content=\"6\u00a0Minuten\" \/>\n<script type=\"application\/ld+json\" class=\"yoast-schema-graph\">{\"@context\":\"https:\/\/schema.org\",\"@graph\":[{\"@type\":\"Article\",\"@id\":\"https:\/\/now-news.de\/de\/deutschland\/regenbogentreppen-und-deutschlandfarben-der-kampf-um-den-oeffentlichen-raum\/#article\",\"isPartOf\":{\"@id\":\"https:\/\/now-news.de\/de\/deutschland\/regenbogentreppen-und-deutschlandfarben-der-kampf-um-den-oeffentlichen-raum\/\"},\"author\":{\"name\":\"rtnews\",\"@id\":\"https:\/\/now-news.de\/de\/#\/schema\/person\/fb534a4e865501d8b3285208df34a9b5\"},\"headline\":\"Regenbogentreppen und Deutschlandfarben: Der Kampf um den \u00f6ffentlichen Raum\",\"datePublished\":\"2026-02-07T08:04:48+00:00\",\"dateModified\":\"2026-02-07T08:04:48+00:00\",\"mainEntityOfPage\":{\"@id\":\"https:\/\/now-news.de\/de\/deutschland\/regenbogentreppen-und-deutschlandfarben-der-kampf-um-den-oeffentlichen-raum\/\"},\"wordCount\":1239,\"commentCount\":0,\"publisher\":{\"@id\":\"https:\/\/now-news.de\/de\/#organization\"},\"image\":{\"@id\":\"https:\/\/now-news.de\/de\/deutschland\/regenbogentreppen-und-deutschlandfarben-der-kampf-um-den-oeffentlichen-raum\/#primaryimage\"},\"thumbnailUrl\":\"https:\/\/now-news.de\/de\/wp-content\/uploads\/sites\/3\/2026\/02\/Regenbogentreppen-und-Deutschlandfarben-Der-Kampf-um-den-oeffentlichen-Raum.jpg\",\"keywords\":[\"den\",\"der\",\"Deutschlandfarben\",\"Kampf\",\"\u00f6ffentlichen\",\"Raum\",\"Regenbogentreppen\",\"und\"],\"articleSection\":[\"Deutschland\",\"Russland\"],\"inLanguage\":\"de\",\"potentialAction\":[{\"@type\":\"CommentAction\",\"name\":\"Comment\",\"target\":[\"https:\/\/now-news.de\/de\/deutschland\/regenbogentreppen-und-deutschlandfarben-der-kampf-um-den-oeffentlichen-raum\/#respond\"]}]},{\"@type\":\"WebPage\",\"@id\":\"https:\/\/now-news.de\/de\/deutschland\/regenbogentreppen-und-deutschlandfarben-der-kampf-um-den-oeffentlichen-raum\/\",\"url\":\"https:\/\/now-news.de\/de\/deutschland\/regenbogentreppen-und-deutschlandfarben-der-kampf-um-den-oeffentlichen-raum\/\",\"name\":\"Regenbogentreppen und Deutschlandfarben: Der Kampf um den \u00f6ffentlichen Raum - just-now.NEWS Deutschland\",\"isPartOf\":{\"@id\":\"https:\/\/now-news.de\/de\/#website\"},\"primaryImageOfPage\":{\"@id\":\"https:\/\/now-news.de\/de\/deutschland\/regenbogentreppen-und-deutschlandfarben-der-kampf-um-den-oeffentlichen-raum\/#primaryimage\"},\"image\":{\"@id\":\"https:\/\/now-news.de\/de\/deutschland\/regenbogentreppen-und-deutschlandfarben-der-kampf-um-den-oeffentlichen-raum\/#primaryimage\"},\"thumbnailUrl\":\"https:\/\/now-news.de\/de\/wp-content\/uploads\/sites\/3\/2026\/02\/Regenbogentreppen-und-Deutschlandfarben-Der-Kampf-um-den-oeffentlichen-Raum.jpg\",\"datePublished\":\"2026-02-07T08:04:48+00:00\",\"dateModified\":\"2026-02-07T08:04:48+00:00\",\"breadcrumb\":{\"@id\":\"https:\/\/now-news.de\/de\/deutschland\/regenbogentreppen-und-deutschlandfarben-der-kampf-um-den-oeffentlichen-raum\/#breadcrumb\"},\"inLanguage\":\"de\",\"potentialAction\":[{\"@type\":\"ReadAction\",\"target\":[\"https:\/\/now-news.de\/de\/deutschland\/regenbogentreppen-und-deutschlandfarben-der-kampf-um-den-oeffentlichen-raum\/\"]}]},{\"@type\":\"ImageObject\",\"inLanguage\":\"de\",\"@id\":\"https:\/\/now-news.de\/de\/deutschland\/regenbogentreppen-und-deutschlandfarben-der-kampf-um-den-oeffentlichen-raum\/#primaryimage\",\"url\":\"https:\/\/now-news.de\/de\/wp-content\/uploads\/sites\/3\/2026\/02\/Regenbogentreppen-und-Deutschlandfarben-Der-Kampf-um-den-oeffentlichen-Raum.jpg\",\"contentUrl\":\"https:\/\/now-news.de\/de\/wp-content\/uploads\/sites\/3\/2026\/02\/Regenbogentreppen-und-Deutschlandfarben-Der-Kampf-um-den-oeffentlichen-Raum.jpg\",\"width\":460,\"height\":259,\"caption\":\"Regenbogentreppen und Deutschlandfarben: Der Kampf um den \u00f6ffentlichen Raum\"},{\"@type\":\"BreadcrumbList\",\"@id\":\"https:\/\/now-news.de\/de\/deutschland\/regenbogentreppen-und-deutschlandfarben-der-kampf-um-den-oeffentlichen-raum\/#breadcrumb\",\"itemListElement\":[{\"@type\":\"ListItem\",\"position\":1,\"name\":\"Home\",\"item\":\"https:\/\/now-news.de\/de\/\"},{\"@type\":\"ListItem\",\"position\":2,\"name\":\"Regenbogentreppen und Deutschlandfarben: Der Kampf um den \u00f6ffentlichen Raum\"}]},{\"@type\":\"WebSite\",\"@id\":\"https:\/\/now-news.de\/de\/#website\",\"url\":\"https:\/\/now-news.de\/de\/\",\"name\":\"just-now.NEWS Deutschland\",\"description\":\"Das Portal f\u00fcr unzensierte Nachrichten aus der Welt\",\"publisher\":{\"@id\":\"https:\/\/now-news.de\/de\/#organization\"},\"potentialAction\":[{\"@type\":\"SearchAction\",\"target\":{\"@type\":\"EntryPoint\",\"urlTemplate\":\"https:\/\/now-news.de\/de\/?s={search_term_string}\"},\"query-input\":\"required name=search_term_string\"}],\"inLanguage\":\"de\"},{\"@type\":\"Organization\",\"@id\":\"https:\/\/now-news.de\/de\/#organization\",\"name\":\"Just Now News\",\"url\":\"https:\/\/now-news.de\/de\/\",\"logo\":{\"@type\":\"ImageObject\",\"inLanguage\":\"de\",\"@id\":\"https:\/\/now-news.de\/de\/#\/schema\/logo\/image\/\",\"url\":\"http:\/\/just-now.news\/de\/wp-content\/uploads\/sites\/3\/2022\/04\/logo500x500.jpg\",\"contentUrl\":\"http:\/\/just-now.news\/de\/wp-content\/uploads\/sites\/3\/2022\/04\/logo500x500.jpg\",\"width\":500,\"height\":500,\"caption\":\"Just Now News\"},\"image\":{\"@id\":\"https:\/\/now-news.de\/de\/#\/schema\/logo\/image\/\"},\"sameAs\":[\"https:\/\/www.facebook.com\/wirmachenauf\",\"https:\/\/x.com\/WirMachenAuf_de\"]},{\"@type\":\"Person\",\"@id\":\"https:\/\/now-news.de\/de\/#\/schema\/person\/fb534a4e865501d8b3285208df34a9b5\",\"name\":\"rtnews\",\"image\":{\"@type\":\"ImageObject\",\"inLanguage\":\"de\",\"@id\":\"https:\/\/now-news.de\/de\/#\/schema\/person\/image\/\",\"url\":\"https:\/\/secure.gravatar.com\/avatar\/82aafea7d8127119dd649515f56e2117?s=96&d=mm&r=g\",\"contentUrl\":\"https:\/\/secure.gravatar.com\/avatar\/82aafea7d8127119dd649515f56e2117?s=96&d=mm&r=g\",\"caption\":\"rtnews\"},\"url\":\"https:\/\/now-news.de\/de\/author\/rnews\/\"}]}<\/script>\n<!-- \/ Yoast SEO Premium plugin. -->","yoast_head_json":{"title":"Regenbogentreppen und Deutschlandfarben: Der Kampf um den \u00f6ffentlichen Raum - just-now.NEWS Deutschland","robots":{"index":"index","follow":"follow","max-snippet":"max-snippet:-1","max-image-preview":"max-image-preview:large","max-video-preview":"max-video-preview:-1"},"canonical":"https:\/\/now-news.de\/de\/deutschland\/regenbogentreppen-und-deutschlandfarben-der-kampf-um-den-oeffentlichen-raum\/","og_locale":"de_DE","og_type":"article","og_title":"Regenbogentreppen und Deutschlandfarben: Der Kampf um den \u00f6ffentlichen Raum","og_description":"In Deutschland tobt ein Kampf um die ideologische Besetzung des Stadtbilds. Die bisherige Dominanz der woken Regenbogen-Ideologie erf\u00e4hrt zunehmend Widerspruch. Dies zeigen heimliche \u00dcbermalungsaktionen wie im sauerl\u00e4ndischen Arnsberg. Von Astrid Sigena Es ist wieder geschehen. Unbekannte \u00fcbermalten in der Nacht zum 1. Februar die Regenbogentreppe im Arnsberger Stadtteil Neheim mit den Farben Schwarz-Rot-Gold. Bereits im [&hellip;]","og_url":"https:\/\/now-news.de\/de\/deutschland\/regenbogentreppen-und-deutschlandfarben-der-kampf-um-den-oeffentlichen-raum\/","og_site_name":"just-now.NEWS Deutschland","article_publisher":"https:\/\/www.facebook.com\/wirmachenauf","article_published_time":"2026-02-07T08:04:48+00:00","og_image":[{"url":"https:\/\/now-news.de\/de\/wp-content\/uploads\/sites\/3\/2026\/02\/6985efc0b480cc277c7bc875.jpg"}],"author":"rtnews","twitter_card":"summary_large_image","twitter_creator":"@WirMachenAuf_de","twitter_site":"@WirMachenAuf_de","twitter_misc":{"Verfasst von":"rtnews","Gesch\u00e4tzte Lesezeit":"6\u00a0Minuten"},"schema":{"@context":"https:\/\/schema.org","@graph":[{"@type":"Article","@id":"https:\/\/now-news.de\/de\/deutschland\/regenbogentreppen-und-deutschlandfarben-der-kampf-um-den-oeffentlichen-raum\/#article","isPartOf":{"@id":"https:\/\/now-news.de\/de\/deutschland\/regenbogentreppen-und-deutschlandfarben-der-kampf-um-den-oeffentlichen-raum\/"},"author":{"name":"rtnews","@id":"https:\/\/now-news.de\/de\/#\/schema\/person\/fb534a4e865501d8b3285208df34a9b5"},"headline":"Regenbogentreppen und Deutschlandfarben: Der Kampf um den \u00f6ffentlichen Raum","datePublished":"2026-02-07T08:04:48+00:00","dateModified":"2026-02-07T08:04:48+00:00","mainEntityOfPage":{"@id":"https:\/\/now-news.de\/de\/deutschland\/regenbogentreppen-und-deutschlandfarben-der-kampf-um-den-oeffentlichen-raum\/"},"wordCount":1239,"commentCount":0,"publisher":{"@id":"https:\/\/now-news.de\/de\/#organization"},"image":{"@id":"https:\/\/now-news.de\/de\/deutschland\/regenbogentreppen-und-deutschlandfarben-der-kampf-um-den-oeffentlichen-raum\/#primaryimage"},"thumbnailUrl":"https:\/\/now-news.de\/de\/wp-content\/uploads\/sites\/3\/2026\/02\/Regenbogentreppen-und-Deutschlandfarben-Der-Kampf-um-den-oeffentlichen-Raum.jpg","keywords":["den","der","Deutschlandfarben","Kampf","\u00f6ffentlichen","Raum","Regenbogentreppen","und"],"articleSection":["Deutschland","Russland"],"inLanguage":"de","potentialAction":[{"@type":"CommentAction","name":"Comment","target":["https:\/\/now-news.de\/de\/deutschland\/regenbogentreppen-und-deutschlandfarben-der-kampf-um-den-oeffentlichen-raum\/#respond"]}]},{"@type":"WebPage","@id":"https:\/\/now-news.de\/de\/deutschland\/regenbogentreppen-und-deutschlandfarben-der-kampf-um-den-oeffentlichen-raum\/","url":"https:\/\/now-news.de\/de\/deutschland\/regenbogentreppen-und-deutschlandfarben-der-kampf-um-den-oeffentlichen-raum\/","name":"Regenbogentreppen und Deutschlandfarben: Der Kampf um den \u00f6ffentlichen Raum - just-now.NEWS Deutschland","isPartOf":{"@id":"https:\/\/now-news.de\/de\/#website"},"primaryImageOfPage":{"@id":"https:\/\/now-news.de\/de\/deutschland\/regenbogentreppen-und-deutschlandfarben-der-kampf-um-den-oeffentlichen-raum\/#primaryimage"},"image":{"@id":"https:\/\/now-news.de\/de\/deutschland\/regenbogentreppen-und-deutschlandfarben-der-kampf-um-den-oeffentlichen-raum\/#primaryimage"},"thumbnailUrl":"https:\/\/now-news.de\/de\/wp-content\/uploads\/sites\/3\/2026\/02\/Regenbogentreppen-und-Deutschlandfarben-Der-Kampf-um-den-oeffentlichen-Raum.jpg","datePublished":"2026-02-07T08:04:48+00:00","dateModified":"2026-02-07T08:04:48+00:00","breadcrumb":{"@id":"https:\/\/now-news.de\/de\/deutschland\/regenbogentreppen-und-deutschlandfarben-der-kampf-um-den-oeffentlichen-raum\/#breadcrumb"},"inLanguage":"de","potentialAction":[{"@type":"ReadAction","target":["https:\/\/now-news.de\/de\/deutschland\/regenbogentreppen-und-deutschlandfarben-der-kampf-um-den-oeffentlichen-raum\/"]}]},{"@type":"ImageObject","inLanguage":"de","@id":"https:\/\/now-news.de\/de\/deutschland\/regenbogentreppen-und-deutschlandfarben-der-kampf-um-den-oeffentlichen-raum\/#primaryimage","url":"https:\/\/now-news.de\/de\/wp-content\/uploads\/sites\/3\/2026\/02\/Regenbogentreppen-und-Deutschlandfarben-Der-Kampf-um-den-oeffentlichen-Raum.jpg","contentUrl":"https:\/\/now-news.de\/de\/wp-content\/uploads\/sites\/3\/2026\/02\/Regenbogentreppen-und-Deutschlandfarben-Der-Kampf-um-den-oeffentlichen-Raum.jpg","width":460,"height":259,"caption":"Regenbogentreppen und Deutschlandfarben: Der Kampf um den \u00f6ffentlichen Raum"},{"@type":"BreadcrumbList","@id":"https:\/\/now-news.de\/de\/deutschland\/regenbogentreppen-und-deutschlandfarben-der-kampf-um-den-oeffentlichen-raum\/#breadcrumb","itemListElement":[{"@type":"ListItem","position":1,"name":"Home","item":"https:\/\/now-news.de\/de\/"},{"@type":"ListItem","position":2,"name":"Regenbogentreppen und Deutschlandfarben: Der Kampf um den \u00f6ffentlichen Raum"}]},{"@type":"WebSite","@id":"https:\/\/now-news.de\/de\/#website","url":"https:\/\/now-news.de\/de\/","name":"just-now.NEWS Deutschland","description":"Das Portal f\u00fcr unzensierte Nachrichten aus der Welt","publisher":{"@id":"https:\/\/now-news.de\/de\/#organization"},"potentialAction":[{"@type":"SearchAction","target":{"@type":"EntryPoint","urlTemplate":"https:\/\/now-news.de\/de\/?s={search_term_string}"},"query-input":"required name=search_term_string"}],"inLanguage":"de"},{"@type":"Organization","@id":"https:\/\/now-news.de\/de\/#organization","name":"Just Now News","url":"https:\/\/now-news.de\/de\/","logo":{"@type":"ImageObject","inLanguage":"de","@id":"https:\/\/now-news.de\/de\/#\/schema\/logo\/image\/","url":"http:\/\/just-now.news\/de\/wp-content\/uploads\/sites\/3\/2022\/04\/logo500x500.jpg","contentUrl":"http:\/\/just-now.news\/de\/wp-content\/uploads\/sites\/3\/2022\/04\/logo500x500.jpg","width":500,"height":500,"caption":"Just Now News"},"image":{"@id":"https:\/\/now-news.de\/de\/#\/schema\/logo\/image\/"},"sameAs":["https:\/\/www.facebook.com\/wirmachenauf","https:\/\/x.com\/WirMachenAuf_de"]},{"@type":"Person","@id":"https:\/\/now-news.de\/de\/#\/schema\/person\/fb534a4e865501d8b3285208df34a9b5","name":"rtnews","image":{"@type":"ImageObject","inLanguage":"de","@id":"https:\/\/now-news.de\/de\/#\/schema\/person\/image\/","url":"https:\/\/secure.gravatar.com\/avatar\/82aafea7d8127119dd649515f56e2117?s=96&d=mm&r=g","contentUrl":"https:\/\/secure.gravatar.com\/avatar\/82aafea7d8127119dd649515f56e2117?s=96&d=mm&r=g","caption":"rtnews"},"url":"https:\/\/now-news.de\/de\/author\/rnews\/"}]}},"_links":{"self":[{"href":"https:\/\/now-news.de\/de\/wp-json\/wp\/v2\/posts\/98499"}],"collection":[{"href":"https:\/\/now-news.de\/de\/wp-json\/wp\/v2\/posts"}],"about":[{"href":"https:\/\/now-news.de\/de\/wp-json\/wp\/v2\/types\/post"}],"author":[{"embeddable":true,"href":"https:\/\/now-news.de\/de\/wp-json\/wp\/v2\/users\/3"}],"replies":[{"embeddable":true,"href":"https:\/\/now-news.de\/de\/wp-json\/wp\/v2\/comments?post=98499"}],"version-history":[{"count":0,"href":"https:\/\/now-news.de\/de\/wp-json\/wp\/v2\/posts\/98499\/revisions"}],"wp:featuredmedia":[{"embeddable":true,"href":"https:\/\/now-news.de\/de\/wp-json\/wp\/v2\/media\/98500"}],"wp:attachment":[{"href":"https:\/\/now-news.de\/de\/wp-json\/wp\/v2\/media?parent=98499"}],"wp:term":[{"taxonomy":"category","embeddable":true,"href":"https:\/\/now-news.de\/de\/wp-json\/wp\/v2\/categories?post=98499"},{"taxonomy":"post_tag","embeddable":true,"href":"https:\/\/now-news.de\/de\/wp-json\/wp\/v2\/tags?post=98499"}],"curies":[{"name":"wp","href":"https:\/\/api.w.org\/{rel}","templated":true}]}}