{"id":98485,"date":"2026-02-06T21:30:07","date_gmt":"2026-02-06T19:30:07","guid":{"rendered":"https:\/\/now-news.de\/de\/deutschland\/friedensverhandlungen-kreml-kommentiert-konstruktive-gespraeche-in-abu-dhabi\/"},"modified":"2026-02-06T21:30:07","modified_gmt":"2026-02-06T19:30:07","slug":"friedensverhandlungen-kreml-kommentiert-konstruktive-gespraeche-in-abu-dhabi","status":"publish","type":"post","link":"https:\/\/now-news.de\/de\/deutschland\/friedensverhandlungen-kreml-kommentiert-konstruktive-gespraeche-in-abu-dhabi\/","title":{"rendered":"Friedensverhandlungen: Kreml kommentiert &quot;konstruktive&quot; Gespr\u00e4che in Abu Dhabi"},"content":{"rendered":"<p><img decoding=\"async\" src=\"https:\/\/now-news.de\/de\/wp-content\/uploads\/sites\/3\/2026\/02\/698605e2b480cc275f39b182.jpg\" \/><\/p>\n<div class=\"Text-root Text-type_1 \">\n                Erstmals hat sich der Kreml zur zweiten Runde der Gespr\u00e4che in Abu Dhabi zur Beilegung des Ukraine-Konflikts ge\u00e4u\u00dfert, die am Donnerstag zu Ende ging. Sprecher Dmitri Peskow spracht von konstruktiven, aber herausfordernden Gespr\u00e4chen. Er k\u00fcndigte an, dass die Verhandlungen fortgesetzt w\u00fcrden.\n            <\/div>\n<p><\/p>\n<div class=\"Text-root Text-type_5 ArticleView-text ViewText-root \">\n<p>Die j\u00fcngsten trilateralen Gespr\u00e4che zwischen Russland, der Ukraine und den USA in Abu Dhabi verliefen zwar herausfordernd, aber konstruktiv, erkl\u00e4rte Kremlsprecher Dmitri Peskow.<\/p>\n<p>Die zweite Runde der Dreiergespr\u00e4che zur Beilegung des Ukraine-Konflikts hatte am Mittwoch und Donnerstag in den Vereinigten Arabischen Emiraten stattgefunden. Wie bereits die erste Runde im Januar waren die Verhandlungen unter Ausschluss der \u00d6ffentlichkeit gef\u00fchrt worden, ohne dass eine der Seiten Details des Prozesses preisgab. Moskau hatte jedoch am Donnerstag best\u00e4tigt, dass sich die Parteien auf <a rel=\"nofollow noopener\" target=\"_blank\" href=\"https:\/\/freedert.online\/kurzclips\/video\/269480-nicht-mit-worten-zu-beschreiben\/\">einen Gefangenenaustausch<\/a> von 314 Kriegsgefangenen geeinigt hatten, der noch am selben Tag stattgefunden hatte.<\/p>\n<p>Am Freitag erkl\u00e4rte Peskow Reportern, dass der Verhandlungsprozess noch nicht abgeschlossen sei. &#8220;Die Arbeit geht weiter&#8221;, sagte er. &#8220;Wir haben zwei Tage lang gearbeitet. Es war konstruktiv und gleichzeitig sehr herausfordernd. Es wird weitergehen.&#8221;<\/p>\n<p>Auch der US-Sondergesandte Steve Witkoff bezeichnete die Gespr\u00e4che als &#8220;detailliert und produktiv&#8221;. Er gab bekannt, dass Moskau und Washington sich auf die Wiederaufnahme des milit\u00e4rischen Dialogs geeinigt h\u00e4tten, der vor der Eskalation des Ukraine-Konflikts ausgesetzt worden war. Dieser sei &#8220;entscheidend f\u00fcr die Erreichung und Aufrechterhaltung des Friedens&#8221;.<\/p>\n<p>Witkoff f\u00fcgte hinzu, dass zwar noch &#8220;erhebliche Arbeit zu leisten&#8221; sei, Schritte wie der Gefangenenaustausch aber zeigten, dass das kontinuierliche diplomatische Engagement &#8220;greifbare Ergebnisse&#8221; liefere. Er erwarte in den kommenden Wochen &#8220;weitere Fortschritte&#8221;.<\/p>\n<p>Weder Russland noch die USA haben sich bisher zum m\u00f6glichen Ort oder Zeitpunkt der n\u00e4chsten Gespr\u00e4chsrunde ge\u00e4u\u00dfert. Der ukrainische Pr\u00e4sident Wladimir Selenskij deutete am Donnerstag an, die Gespr\u00e4che k\u00f6nnten in den USA stattfinden, nannte aber keinen Zeitplan.<\/p>\n<p>Sowohl Russland als auch die USA haben bereits best\u00e4tigt, dass die Territorialfragen weiterhin den Hauptstreitpunkt im Friedensprozess darstellen. Moskau beharrt darauf, dass jede Einigung den R\u00fcckzug der Ukraine aus den Donbass-Regionen Donezk und Lugansk beinhalten muss, die 2022 f\u00fcr einen Beitritt zu Russland gestimmt hatten. Kiew hingegen weigert sich, territoriale Zugest\u00e4ndnisse in Erw\u00e4gung zu ziehen.<\/p>\n<p>Selenskij erkl\u00e4rte diese Woche, die Ukraine sei zu substanziellen Gespr\u00e4chen \u00fcber eine Einigung bereit. Der russische Au\u00dfenminister Sergej Lawrow \u00e4u\u00dferte daran jedoch am Mittwoch in <a rel=\"nofollow noopener\" target=\"_blank\" href=\"https:\/\/freedert.online\/kurzclips\/video\/269437-exklusiv-rt-interview-mit-sergei\/\">einem Interview<\/a>\u00a0mit <em>RT<\/em> Zweifel und sagte, Selenskij denke an nichts anderes als an sein eigenes \u00dcberleben. Lawrow warf Kiew und dessen europ\u00e4ischen Unterst\u00fctzern vor, immer neue Forderungen zu stellen, in den Gespr\u00e4chen st\u00e4ndig die &#8220;Spielregeln zu \u00e4ndern&#8221; und so den Friedensprozess zu behindern.<\/p>\n<p><strong>Mehr zum Thema<\/strong>\u00a0\u2013 <a rel=\"nofollow noopener\" target=\"_blank\" href=\"https:\/\/freedert.online\/meinung\/269406-tv-interview-selenskij-glaubt-nicht-an-frieden-sondern-an-den-endsieg\/\">TV-Interview: Selenskij glaubt nicht an Frieden, sondern an den Endsieg<\/a><\/p>\n<div class=\"EmbedBlock-root EmbedBlock-externalVideo EmbedBlock-rumble\">\n<div class=\"VkEmbed\"><iframe class=\"lazyload\" data-src=\"https:\/\/rumble.com\/embed\/v735r9q\" frameborder=\"0\" width=\"853\" height=\"480\" allowfullscreen><\/iframe><\/div>\n<\/div>\n<\/div>\n<p><br \/>\n<br \/><a href=\"https:\/\/de.rt.com\/europa\/269529-friedensverhandlungen-kreml-kommentiert-konstruktive-gespraeche\/\">Source link <\/a><\/p>\n","protected":false},"excerpt":{"rendered":"<p>Erstmals hat sich der Kreml zur zweiten Runde der Gespr\u00e4che in Abu Dhabi zur Beilegung des Ukraine-Konflikts ge\u00e4u\u00dfert, die am Donnerstag zu Ende ging. Sprecher Dmitri Peskow spracht von konstruktiven, aber herausfordernden Gespr\u00e4chen. Er k\u00fcndigte an, dass die Verhandlungen fortgesetzt w\u00fcrden. Die j\u00fcngsten trilateralen Gespr\u00e4che zwischen Russland, der Ukraine und den USA in Abu Dhabi [&hellip;]<\/p>\n","protected":false},"author":3,"featured_media":98486,"comment_status":"open","ping_status":"open","sticky":false,"template":"","format":"standard","meta":{"_yoast_indexnow_last_ping":["1770406862"],"wp_automatic_camp":["217"],"e5ed40c8c39cd0577da882a6e89d359c":["Friedensverhandlungen: Kreml kommentiert &quot;konstruktive&quot; Gespr\u00e4che in Abu Dhabi"],"original_link":["https:\/\/de.rt.com\/europa\/269529-friedensverhandlungen-kreml-kommentiert-konstruktive-gespraeche\/"],"_thumbnail_id":["98486"],"jnews_social_counter_last_update":["1777256365"],"_wptgpro_p2tg_sent2tg":["a:1:{i:23737;s:19:\"2026-02-06 21:42:12\";}"]},"categories":[19,23],"tags":[22183,41113,19884,11231,33663,6312,71055],"yoast_head":"<!-- This site is optimized with the Yoast SEO Premium plugin v22.7 (Yoast SEO v22.7) - https:\/\/yoast.com\/wordpress\/plugins\/seo\/ -->\n<title>Friedensverhandlungen: Kreml kommentiert &quot;konstruktive&quot; Gespr\u00e4che in Abu Dhabi - just-now.NEWS Deutschland<\/title>\n<meta name=\"robots\" content=\"index, follow, max-snippet:-1, max-image-preview:large, max-video-preview:-1\" \/>\n<link rel=\"canonical\" href=\"https:\/\/now-news.de\/de\/deutschland\/friedensverhandlungen-kreml-kommentiert-konstruktive-gespraeche-in-abu-dhabi\/\" \/>\n<meta property=\"og:locale\" content=\"de_DE\" \/>\n<meta property=\"og:type\" content=\"article\" \/>\n<meta property=\"og:title\" content=\"Friedensverhandlungen: Kreml kommentiert &quot;konstruktive&quot; Gespr\u00e4che in Abu Dhabi\" \/>\n<meta property=\"og:description\" content=\"Erstmals hat sich der Kreml zur zweiten Runde der Gespr\u00e4che in Abu Dhabi zur Beilegung des Ukraine-Konflikts ge\u00e4u\u00dfert, die am Donnerstag zu Ende ging. Sprecher Dmitri Peskow spracht von konstruktiven, aber herausfordernden Gespr\u00e4chen. Er k\u00fcndigte an, dass die Verhandlungen fortgesetzt w\u00fcrden. Die j\u00fcngsten trilateralen Gespr\u00e4che zwischen Russland, der Ukraine und den USA in Abu Dhabi [&hellip;]\" \/>\n<meta property=\"og:url\" content=\"https:\/\/now-news.de\/de\/deutschland\/friedensverhandlungen-kreml-kommentiert-konstruktive-gespraeche-in-abu-dhabi\/\" \/>\n<meta property=\"og:site_name\" content=\"just-now.NEWS Deutschland\" \/>\n<meta property=\"article:publisher\" content=\"https:\/\/www.facebook.com\/wirmachenauf\" \/>\n<meta property=\"article:published_time\" content=\"2026-02-06T19:30:07+00:00\" \/>\n<meta property=\"og:image\" content=\"https:\/\/now-news.de\/de\/wp-content\/uploads\/sites\/3\/2026\/02\/698605e2b480cc275f39b182.jpg\" \/>\n<meta name=\"author\" content=\"rtnews\" \/>\n<meta name=\"twitter:card\" content=\"summary_large_image\" \/>\n<meta name=\"twitter:creator\" content=\"@WirMachenAuf_de\" \/>\n<meta name=\"twitter:site\" content=\"@WirMachenAuf_de\" \/>\n<meta name=\"twitter:label1\" content=\"Verfasst von\" \/>\n\t<meta name=\"twitter:data1\" content=\"rtnews\" \/>\n\t<meta name=\"twitter:label2\" content=\"Gesch\u00e4tzte Lesezeit\" \/>\n\t<meta name=\"twitter:data2\" content=\"2\u00a0Minuten\" \/>\n<script type=\"application\/ld+json\" class=\"yoast-schema-graph\">{\"@context\":\"https:\/\/schema.org\",\"@graph\":[{\"@type\":\"Article\",\"@id\":\"https:\/\/now-news.de\/de\/deutschland\/friedensverhandlungen-kreml-kommentiert-konstruktive-gespraeche-in-abu-dhabi\/#article\",\"isPartOf\":{\"@id\":\"https:\/\/now-news.de\/de\/deutschland\/friedensverhandlungen-kreml-kommentiert-konstruktive-gespraeche-in-abu-dhabi\/\"},\"author\":{\"name\":\"rtnews\",\"@id\":\"https:\/\/now-news.de\/de\/#\/schema\/person\/fb534a4e865501d8b3285208df34a9b5\"},\"headline\":\"Friedensverhandlungen: Kreml kommentiert &quot;konstruktive&quot; Gespr\u00e4che in Abu Dhabi\",\"datePublished\":\"2026-02-06T19:30:07+00:00\",\"dateModified\":\"2026-02-06T19:30:07+00:00\",\"mainEntityOfPage\":{\"@id\":\"https:\/\/now-news.de\/de\/deutschland\/friedensverhandlungen-kreml-kommentiert-konstruktive-gespraeche-in-abu-dhabi\/\"},\"wordCount\":473,\"commentCount\":0,\"publisher\":{\"@id\":\"https:\/\/now-news.de\/de\/#organization\"},\"image\":{\"@id\":\"https:\/\/now-news.de\/de\/deutschland\/friedensverhandlungen-kreml-kommentiert-konstruktive-gespraeche-in-abu-dhabi\/#primaryimage\"},\"thumbnailUrl\":\"https:\/\/now-news.de\/de\/wp-content\/uploads\/sites\/3\/2026\/02\/Friedensverhandlungen-Kreml-kommentiert-quotkonstruktivequot-Gespraeche-in-Abu-Dhabi.jpg\",\"keywords\":[\"Abu\",\"Dhabi\",\"Friedensverhandlungen\",\"Gespr\u00e4che\",\"kommentiert\",\"Kreml\",\"quotkonstruktivequot\"],\"articleSection\":[\"Deutschland\",\"Russland\"],\"inLanguage\":\"de\",\"potentialAction\":[{\"@type\":\"CommentAction\",\"name\":\"Comment\",\"target\":[\"https:\/\/now-news.de\/de\/deutschland\/friedensverhandlungen-kreml-kommentiert-konstruktive-gespraeche-in-abu-dhabi\/#respond\"]}]},{\"@type\":\"WebPage\",\"@id\":\"https:\/\/now-news.de\/de\/deutschland\/friedensverhandlungen-kreml-kommentiert-konstruktive-gespraeche-in-abu-dhabi\/\",\"url\":\"https:\/\/now-news.de\/de\/deutschland\/friedensverhandlungen-kreml-kommentiert-konstruktive-gespraeche-in-abu-dhabi\/\",\"name\":\"Friedensverhandlungen: Kreml kommentiert &quot;konstruktive&quot; Gespr\u00e4che in Abu Dhabi - just-now.NEWS Deutschland\",\"isPartOf\":{\"@id\":\"https:\/\/now-news.de\/de\/#website\"},\"primaryImageOfPage\":{\"@id\":\"https:\/\/now-news.de\/de\/deutschland\/friedensverhandlungen-kreml-kommentiert-konstruktive-gespraeche-in-abu-dhabi\/#primaryimage\"},\"image\":{\"@id\":\"https:\/\/now-news.de\/de\/deutschland\/friedensverhandlungen-kreml-kommentiert-konstruktive-gespraeche-in-abu-dhabi\/#primaryimage\"},\"thumbnailUrl\":\"https:\/\/now-news.de\/de\/wp-content\/uploads\/sites\/3\/2026\/02\/Friedensverhandlungen-Kreml-kommentiert-quotkonstruktivequot-Gespraeche-in-Abu-Dhabi.jpg\",\"datePublished\":\"2026-02-06T19:30:07+00:00\",\"dateModified\":\"2026-02-06T19:30:07+00:00\",\"breadcrumb\":{\"@id\":\"https:\/\/now-news.de\/de\/deutschland\/friedensverhandlungen-kreml-kommentiert-konstruktive-gespraeche-in-abu-dhabi\/#breadcrumb\"},\"inLanguage\":\"de\",\"potentialAction\":[{\"@type\":\"ReadAction\",\"target\":[\"https:\/\/now-news.de\/de\/deutschland\/friedensverhandlungen-kreml-kommentiert-konstruktive-gespraeche-in-abu-dhabi\/\"]}]},{\"@type\":\"ImageObject\",\"inLanguage\":\"de\",\"@id\":\"https:\/\/now-news.de\/de\/deutschland\/friedensverhandlungen-kreml-kommentiert-konstruktive-gespraeche-in-abu-dhabi\/#primaryimage\",\"url\":\"https:\/\/now-news.de\/de\/wp-content\/uploads\/sites\/3\/2026\/02\/Friedensverhandlungen-Kreml-kommentiert-quotkonstruktivequot-Gespraeche-in-Abu-Dhabi.jpg\",\"contentUrl\":\"https:\/\/now-news.de\/de\/wp-content\/uploads\/sites\/3\/2026\/02\/Friedensverhandlungen-Kreml-kommentiert-quotkonstruktivequot-Gespraeche-in-Abu-Dhabi.jpg\",\"width\":460,\"height\":259,\"caption\":\"Friedensverhandlungen: Kreml kommentiert &quot;konstruktive&quot; Gespr\u00e4che in Abu Dhabi\"},{\"@type\":\"BreadcrumbList\",\"@id\":\"https:\/\/now-news.de\/de\/deutschland\/friedensverhandlungen-kreml-kommentiert-konstruktive-gespraeche-in-abu-dhabi\/#breadcrumb\",\"itemListElement\":[{\"@type\":\"ListItem\",\"position\":1,\"name\":\"Home\",\"item\":\"https:\/\/now-news.de\/de\/\"},{\"@type\":\"ListItem\",\"position\":2,\"name\":\"Friedensverhandlungen: Kreml kommentiert &quot;konstruktive&quot; Gespr\u00e4che in Abu Dhabi\"}]},{\"@type\":\"WebSite\",\"@id\":\"https:\/\/now-news.de\/de\/#website\",\"url\":\"https:\/\/now-news.de\/de\/\",\"name\":\"just-now.NEWS Deutschland\",\"description\":\"Das Portal f\u00fcr unzensierte Nachrichten aus der Welt\",\"publisher\":{\"@id\":\"https:\/\/now-news.de\/de\/#organization\"},\"potentialAction\":[{\"@type\":\"SearchAction\",\"target\":{\"@type\":\"EntryPoint\",\"urlTemplate\":\"https:\/\/now-news.de\/de\/?s={search_term_string}\"},\"query-input\":\"required name=search_term_string\"}],\"inLanguage\":\"de\"},{\"@type\":\"Organization\",\"@id\":\"https:\/\/now-news.de\/de\/#organization\",\"name\":\"Just Now News\",\"url\":\"https:\/\/now-news.de\/de\/\",\"logo\":{\"@type\":\"ImageObject\",\"inLanguage\":\"de\",\"@id\":\"https:\/\/now-news.de\/de\/#\/schema\/logo\/image\/\",\"url\":\"http:\/\/just-now.news\/de\/wp-content\/uploads\/sites\/3\/2022\/04\/logo500x500.jpg\",\"contentUrl\":\"http:\/\/just-now.news\/de\/wp-content\/uploads\/sites\/3\/2022\/04\/logo500x500.jpg\",\"width\":500,\"height\":500,\"caption\":\"Just Now News\"},\"image\":{\"@id\":\"https:\/\/now-news.de\/de\/#\/schema\/logo\/image\/\"},\"sameAs\":[\"https:\/\/www.facebook.com\/wirmachenauf\",\"https:\/\/x.com\/WirMachenAuf_de\"]},{\"@type\":\"Person\",\"@id\":\"https:\/\/now-news.de\/de\/#\/schema\/person\/fb534a4e865501d8b3285208df34a9b5\",\"name\":\"rtnews\",\"image\":{\"@type\":\"ImageObject\",\"inLanguage\":\"de\",\"@id\":\"https:\/\/now-news.de\/de\/#\/schema\/person\/image\/\",\"url\":\"https:\/\/secure.gravatar.com\/avatar\/82aafea7d8127119dd649515f56e2117?s=96&d=mm&r=g\",\"contentUrl\":\"https:\/\/secure.gravatar.com\/avatar\/82aafea7d8127119dd649515f56e2117?s=96&d=mm&r=g\",\"caption\":\"rtnews\"},\"url\":\"https:\/\/now-news.de\/de\/author\/rnews\/\"}]}<\/script>\n<!-- \/ Yoast SEO Premium plugin. -->","yoast_head_json":{"title":"Friedensverhandlungen: Kreml kommentiert &quot;konstruktive&quot; Gespr\u00e4che in Abu Dhabi - just-now.NEWS Deutschland","robots":{"index":"index","follow":"follow","max-snippet":"max-snippet:-1","max-image-preview":"max-image-preview:large","max-video-preview":"max-video-preview:-1"},"canonical":"https:\/\/now-news.de\/de\/deutschland\/friedensverhandlungen-kreml-kommentiert-konstruktive-gespraeche-in-abu-dhabi\/","og_locale":"de_DE","og_type":"article","og_title":"Friedensverhandlungen: Kreml kommentiert &quot;konstruktive&quot; Gespr\u00e4che in Abu Dhabi","og_description":"Erstmals hat sich der Kreml zur zweiten Runde der Gespr\u00e4che in Abu Dhabi zur Beilegung des Ukraine-Konflikts ge\u00e4u\u00dfert, die am Donnerstag zu Ende ging. Sprecher Dmitri Peskow spracht von konstruktiven, aber herausfordernden Gespr\u00e4chen. Er k\u00fcndigte an, dass die Verhandlungen fortgesetzt w\u00fcrden. Die j\u00fcngsten trilateralen Gespr\u00e4che zwischen Russland, der Ukraine und den USA in Abu Dhabi [&hellip;]","og_url":"https:\/\/now-news.de\/de\/deutschland\/friedensverhandlungen-kreml-kommentiert-konstruktive-gespraeche-in-abu-dhabi\/","og_site_name":"just-now.NEWS Deutschland","article_publisher":"https:\/\/www.facebook.com\/wirmachenauf","article_published_time":"2026-02-06T19:30:07+00:00","og_image":[{"url":"https:\/\/now-news.de\/de\/wp-content\/uploads\/sites\/3\/2026\/02\/698605e2b480cc275f39b182.jpg"}],"author":"rtnews","twitter_card":"summary_large_image","twitter_creator":"@WirMachenAuf_de","twitter_site":"@WirMachenAuf_de","twitter_misc":{"Verfasst von":"rtnews","Gesch\u00e4tzte Lesezeit":"2\u00a0Minuten"},"schema":{"@context":"https:\/\/schema.org","@graph":[{"@type":"Article","@id":"https:\/\/now-news.de\/de\/deutschland\/friedensverhandlungen-kreml-kommentiert-konstruktive-gespraeche-in-abu-dhabi\/#article","isPartOf":{"@id":"https:\/\/now-news.de\/de\/deutschland\/friedensverhandlungen-kreml-kommentiert-konstruktive-gespraeche-in-abu-dhabi\/"},"author":{"name":"rtnews","@id":"https:\/\/now-news.de\/de\/#\/schema\/person\/fb534a4e865501d8b3285208df34a9b5"},"headline":"Friedensverhandlungen: Kreml kommentiert &quot;konstruktive&quot; Gespr\u00e4che in Abu Dhabi","datePublished":"2026-02-06T19:30:07+00:00","dateModified":"2026-02-06T19:30:07+00:00","mainEntityOfPage":{"@id":"https:\/\/now-news.de\/de\/deutschland\/friedensverhandlungen-kreml-kommentiert-konstruktive-gespraeche-in-abu-dhabi\/"},"wordCount":473,"commentCount":0,"publisher":{"@id":"https:\/\/now-news.de\/de\/#organization"},"image":{"@id":"https:\/\/now-news.de\/de\/deutschland\/friedensverhandlungen-kreml-kommentiert-konstruktive-gespraeche-in-abu-dhabi\/#primaryimage"},"thumbnailUrl":"https:\/\/now-news.de\/de\/wp-content\/uploads\/sites\/3\/2026\/02\/Friedensverhandlungen-Kreml-kommentiert-quotkonstruktivequot-Gespraeche-in-Abu-Dhabi.jpg","keywords":["Abu","Dhabi","Friedensverhandlungen","Gespr\u00e4che","kommentiert","Kreml","quotkonstruktivequot"],"articleSection":["Deutschland","Russland"],"inLanguage":"de","potentialAction":[{"@type":"CommentAction","name":"Comment","target":["https:\/\/now-news.de\/de\/deutschland\/friedensverhandlungen-kreml-kommentiert-konstruktive-gespraeche-in-abu-dhabi\/#respond"]}]},{"@type":"WebPage","@id":"https:\/\/now-news.de\/de\/deutschland\/friedensverhandlungen-kreml-kommentiert-konstruktive-gespraeche-in-abu-dhabi\/","url":"https:\/\/now-news.de\/de\/deutschland\/friedensverhandlungen-kreml-kommentiert-konstruktive-gespraeche-in-abu-dhabi\/","name":"Friedensverhandlungen: Kreml kommentiert &quot;konstruktive&quot; Gespr\u00e4che in Abu Dhabi - just-now.NEWS Deutschland","isPartOf":{"@id":"https:\/\/now-news.de\/de\/#website"},"primaryImageOfPage":{"@id":"https:\/\/now-news.de\/de\/deutschland\/friedensverhandlungen-kreml-kommentiert-konstruktive-gespraeche-in-abu-dhabi\/#primaryimage"},"image":{"@id":"https:\/\/now-news.de\/de\/deutschland\/friedensverhandlungen-kreml-kommentiert-konstruktive-gespraeche-in-abu-dhabi\/#primaryimage"},"thumbnailUrl":"https:\/\/now-news.de\/de\/wp-content\/uploads\/sites\/3\/2026\/02\/Friedensverhandlungen-Kreml-kommentiert-quotkonstruktivequot-Gespraeche-in-Abu-Dhabi.jpg","datePublished":"2026-02-06T19:30:07+00:00","dateModified":"2026-02-06T19:30:07+00:00","breadcrumb":{"@id":"https:\/\/now-news.de\/de\/deutschland\/friedensverhandlungen-kreml-kommentiert-konstruktive-gespraeche-in-abu-dhabi\/#breadcrumb"},"inLanguage":"de","potentialAction":[{"@type":"ReadAction","target":["https:\/\/now-news.de\/de\/deutschland\/friedensverhandlungen-kreml-kommentiert-konstruktive-gespraeche-in-abu-dhabi\/"]}]},{"@type":"ImageObject","inLanguage":"de","@id":"https:\/\/now-news.de\/de\/deutschland\/friedensverhandlungen-kreml-kommentiert-konstruktive-gespraeche-in-abu-dhabi\/#primaryimage","url":"https:\/\/now-news.de\/de\/wp-content\/uploads\/sites\/3\/2026\/02\/Friedensverhandlungen-Kreml-kommentiert-quotkonstruktivequot-Gespraeche-in-Abu-Dhabi.jpg","contentUrl":"https:\/\/now-news.de\/de\/wp-content\/uploads\/sites\/3\/2026\/02\/Friedensverhandlungen-Kreml-kommentiert-quotkonstruktivequot-Gespraeche-in-Abu-Dhabi.jpg","width":460,"height":259,"caption":"Friedensverhandlungen: Kreml kommentiert &quot;konstruktive&quot; Gespr\u00e4che in Abu Dhabi"},{"@type":"BreadcrumbList","@id":"https:\/\/now-news.de\/de\/deutschland\/friedensverhandlungen-kreml-kommentiert-konstruktive-gespraeche-in-abu-dhabi\/#breadcrumb","itemListElement":[{"@type":"ListItem","position":1,"name":"Home","item":"https:\/\/now-news.de\/de\/"},{"@type":"ListItem","position":2,"name":"Friedensverhandlungen: Kreml kommentiert &quot;konstruktive&quot; Gespr\u00e4che in Abu Dhabi"}]},{"@type":"WebSite","@id":"https:\/\/now-news.de\/de\/#website","url":"https:\/\/now-news.de\/de\/","name":"just-now.NEWS Deutschland","description":"Das Portal f\u00fcr unzensierte Nachrichten aus der Welt","publisher":{"@id":"https:\/\/now-news.de\/de\/#organization"},"potentialAction":[{"@type":"SearchAction","target":{"@type":"EntryPoint","urlTemplate":"https:\/\/now-news.de\/de\/?s={search_term_string}"},"query-input":"required name=search_term_string"}],"inLanguage":"de"},{"@type":"Organization","@id":"https:\/\/now-news.de\/de\/#organization","name":"Just Now News","url":"https:\/\/now-news.de\/de\/","logo":{"@type":"ImageObject","inLanguage":"de","@id":"https:\/\/now-news.de\/de\/#\/schema\/logo\/image\/","url":"http:\/\/just-now.news\/de\/wp-content\/uploads\/sites\/3\/2022\/04\/logo500x500.jpg","contentUrl":"http:\/\/just-now.news\/de\/wp-content\/uploads\/sites\/3\/2022\/04\/logo500x500.jpg","width":500,"height":500,"caption":"Just Now News"},"image":{"@id":"https:\/\/now-news.de\/de\/#\/schema\/logo\/image\/"},"sameAs":["https:\/\/www.facebook.com\/wirmachenauf","https:\/\/x.com\/WirMachenAuf_de"]},{"@type":"Person","@id":"https:\/\/now-news.de\/de\/#\/schema\/person\/fb534a4e865501d8b3285208df34a9b5","name":"rtnews","image":{"@type":"ImageObject","inLanguage":"de","@id":"https:\/\/now-news.de\/de\/#\/schema\/person\/image\/","url":"https:\/\/secure.gravatar.com\/avatar\/82aafea7d8127119dd649515f56e2117?s=96&d=mm&r=g","contentUrl":"https:\/\/secure.gravatar.com\/avatar\/82aafea7d8127119dd649515f56e2117?s=96&d=mm&r=g","caption":"rtnews"},"url":"https:\/\/now-news.de\/de\/author\/rnews\/"}]}},"_links":{"self":[{"href":"https:\/\/now-news.de\/de\/wp-json\/wp\/v2\/posts\/98485"}],"collection":[{"href":"https:\/\/now-news.de\/de\/wp-json\/wp\/v2\/posts"}],"about":[{"href":"https:\/\/now-news.de\/de\/wp-json\/wp\/v2\/types\/post"}],"author":[{"embeddable":true,"href":"https:\/\/now-news.de\/de\/wp-json\/wp\/v2\/users\/3"}],"replies":[{"embeddable":true,"href":"https:\/\/now-news.de\/de\/wp-json\/wp\/v2\/comments?post=98485"}],"version-history":[{"count":0,"href":"https:\/\/now-news.de\/de\/wp-json\/wp\/v2\/posts\/98485\/revisions"}],"wp:featuredmedia":[{"embeddable":true,"href":"https:\/\/now-news.de\/de\/wp-json\/wp\/v2\/media\/98486"}],"wp:attachment":[{"href":"https:\/\/now-news.de\/de\/wp-json\/wp\/v2\/media?parent=98485"}],"wp:term":[{"taxonomy":"category","embeddable":true,"href":"https:\/\/now-news.de\/de\/wp-json\/wp\/v2\/categories?post=98485"},{"taxonomy":"post_tag","embeddable":true,"href":"https:\/\/now-news.de\/de\/wp-json\/wp\/v2\/tags?post=98485"}],"curies":[{"name":"wp","href":"https:\/\/api.w.org\/{rel}","templated":true}]}}