{"id":98442,"date":"2026-02-05T22:36:18","date_gmt":"2026-02-05T20:36:18","guid":{"rendered":"https:\/\/now-news.de\/de\/deutschland\/urteil-in-hamburg-kuendigung-wegen-nicht-genderns-aufgehoben\/"},"modified":"2026-02-05T22:36:18","modified_gmt":"2026-02-05T20:36:18","slug":"urteil-in-hamburg-kuendigung-wegen-nicht-genderns-aufgehoben","status":"publish","type":"post","link":"https:\/\/now-news.de\/de\/deutschland\/urteil-in-hamburg-kuendigung-wegen-nicht-genderns-aufgehoben\/","title":{"rendered":"Urteil in Hamburg: K\u00fcndigung wegen Nicht-Genderns aufgehoben"},"content":{"rendered":"<p><img decoding=\"async\" src=\"https:\/\/now-news.de\/de\/wp-content\/uploads\/sites\/3\/2026\/02\/6984da5c48fbef61b14093a2.jpg\" \/><\/p>\n<div class=\"Text-root Text-type_1 \">\n                Bei diesem Prozess gab es f\u00fcr ein Arbeitsgerichtsverfahren viel Publikum, der Saal war voll. Besetzt war er vor allem mit Gegnern der Gendersprache, die sich von diesem Verfahren ein Grundsatzurteil erhofften. Das aber blieb aus.\n            <\/div>\n<p><\/p>\n<div class=\"Text-root Text-type_5 ArticleView-text ViewText-root \">\n<p>Das Landesarbeitsgericht in Hamburg entschied am Donnerstag wie die erste Instanz\u00a0\u2013 die K\u00fcndigung einer 43-j\u00e4hrigen Chemikerin, weil sie eine Strahlenschutzanweisung nicht genderte, ist unwirksam.<\/p>\n<p>Die Frau arbeitet im Bundesamt f\u00fcr Seeschifffahrt und Hydrographie (BSH) und ist dort Strahlenschutzbeauftragte. Sie hatte die Anweisung teils gegendert, teils normal verfasst. Als sie die Anweisung erhielt, alles zu gendern, weigerte sie sich. Daraufhin erhielt sie erst eine Abmahnung, dann die K\u00fcndigung.<\/p>\n<p>Das Landesarbeitsgericht umging in seinem Urteil eine Stellungnahme gegen das Gendern, die von vielen anwesenden Beobachtern erhofft worden war, und griff auf eine rechtliche Frage zur\u00fcck: Die Strahlenschutzbeauftragten sind eigentlich f\u00fcr praktische Umsetzung zust\u00e4ndig; das Verfassen der Strahlenschutzanweisung w\u00e4re die Aufgabe des Strahlenschutzverantwortlichen gewesen, der die rechtliche Verantwortung f\u00fcr diesen Bereich tr\u00e4gt. Der Arbeitgeber d\u00fcrfe sie grunds\u00e4tzlich anweisen, zu gendern, aber hier sei der Arbeitsauftrag selbst rechtswidrig gewesen.<\/p>\n<p>Das BSH trug im Verfahren vor, die Kl\u00e4gerin sei schon einmal wegen eines Corona-Tests abgemahnt worden. Das Bundesamt wolle sicherstellen, dass in seinen Dokumenten gegendert werde. Diese Aussage ist vor dem Hintergrund interessant, dass das BSH dem Bundesministerium f\u00fcr Verkehr untersteht, das vom CDU-Politiker Patrick Schnieder gef\u00fchrt wird, dessen Partei einen Zwang zum Gendern eigentlich ablehnt und deren Minister es zum Teil in ihren Ministerien sogar untersagen. Schnieder jedenfalls hat es trotz der Berichterstattung in der Presse offenkundig bisher noch nicht f\u00fcr n\u00f6tig erachtet, das BSH anderweitig anzuweisen; immerhin war es das BSH, das gegen das urspr\u00fcngliche Urteil vor das Landesarbeitsgericht zog.<\/p>\n<p>Dabei m\u00fcsste die Haltung der Kl\u00e4gerin ihm eigentlich sympathisch sein. Sie lehnt das Gendern nicht grunds\u00e4tzlich ab, erkl\u00e4rte sie. Aber sie wolle, dass der Text &#8220;erstens nicht inhaltlich verf\u00e4lscht wird und zweitens verst\u00e4ndlich bleibt&#8221;, so ihre Anw\u00e4ltin. F\u00fcr alle\u00a0\u2013 &#8220;und das sind nicht nur Akademiker&#8221;.<\/p>\n<p>Mehr zum Thema \u2013\u00a0<a rel=\"nofollow noopener\" target=\"_blank\" href=\"https:\/\/freedert.online\/inland\/268955-bundesministerium-fuer-verkehr-zwingt-zu-gendersprache\/\">Bundesministerium f\u00fcr Verkehr zwingt zu Gendersprache<\/a><\/p>\n<div class=\"EmbedBlock-root EmbedBlock-externalVideo EmbedBlock-rumble\">\n<div class=\"VkEmbed\"><iframe class=\"lazyload\" data-src=\"https:\/\/rumble.com\/embed\/v4gl413\" frameborder=\"0\" width=\"853\" height=\"480\" allowfullscreen><\/iframe><\/div>\n<\/div>\n<\/div>\n<p><br \/>\n<br \/><a href=\"https:\/\/de.rt.com\/inland\/269423-urteil-in-hamburg-kuendigung-wegen-nicht-genderns-aufgehoben\/\">Source link <\/a><\/p>\n","protected":false},"excerpt":{"rendered":"<p>Bei diesem Prozess gab es f\u00fcr ein Arbeitsgerichtsverfahren viel Publikum, der Saal war voll. Besetzt war er vor allem mit Gegnern der Gendersprache, die sich von diesem Verfahren ein Grundsatzurteil erhofften. Das aber blieb aus. Das Landesarbeitsgericht in Hamburg entschied am Donnerstag wie die erste Instanz\u00a0\u2013 die K\u00fcndigung einer 43-j\u00e4hrigen Chemikerin, weil sie eine Strahlenschutzanweisung [&hellip;]<\/p>\n","protected":false},"author":3,"featured_media":98443,"comment_status":"open","ping_status":"open","sticky":false,"template":"","format":"standard","meta":{"_yoast_indexnow_last_ping":["1770324701"],"wp_automatic_camp":["217"],"438550b5ef04b467396553d09907369c":["Urteil in Hamburg: K\u00fcndigung wegen Nicht-Genderns aufgehoben"],"original_link":["https:\/\/de.rt.com\/inland\/269423-urteil-in-hamburg-kuendigung-wegen-nicht-genderns-aufgehoben\/"],"_thumbnail_id":["98443"],"jnews_social_counter_last_update":["1777197129"],"_wptgpro_p2tg_sent2tg":["a:1:{i:23737;s:19:\"2026-02-05 22:52:43\";}"]},"categories":[19,23],"tags":[3952,26091,38392,71041,11769,145],"yoast_head":"<!-- This site is optimized with the Yoast SEO Premium plugin v22.7 (Yoast SEO v22.7) - https:\/\/yoast.com\/wordpress\/plugins\/seo\/ -->\n<title>Urteil in Hamburg: K\u00fcndigung wegen Nicht-Genderns aufgehoben - just-now.NEWS Deutschland<\/title>\n<meta name=\"robots\" content=\"index, follow, max-snippet:-1, max-image-preview:large, max-video-preview:-1\" \/>\n<link rel=\"canonical\" href=\"https:\/\/now-news.de\/de\/deutschland\/urteil-in-hamburg-kuendigung-wegen-nicht-genderns-aufgehoben\/\" \/>\n<meta property=\"og:locale\" content=\"de_DE\" \/>\n<meta property=\"og:type\" content=\"article\" \/>\n<meta property=\"og:title\" content=\"Urteil in Hamburg: K\u00fcndigung wegen Nicht-Genderns aufgehoben\" \/>\n<meta property=\"og:description\" content=\"Bei diesem Prozess gab es f\u00fcr ein Arbeitsgerichtsverfahren viel Publikum, der Saal war voll. Besetzt war er vor allem mit Gegnern der Gendersprache, die sich von diesem Verfahren ein Grundsatzurteil erhofften. Das aber blieb aus. Das Landesarbeitsgericht in Hamburg entschied am Donnerstag wie die erste Instanz\u00a0\u2013 die K\u00fcndigung einer 43-j\u00e4hrigen Chemikerin, weil sie eine Strahlenschutzanweisung [&hellip;]\" \/>\n<meta property=\"og:url\" content=\"https:\/\/now-news.de\/de\/deutschland\/urteil-in-hamburg-kuendigung-wegen-nicht-genderns-aufgehoben\/\" \/>\n<meta property=\"og:site_name\" content=\"just-now.NEWS Deutschland\" \/>\n<meta property=\"article:publisher\" content=\"https:\/\/www.facebook.com\/wirmachenauf\" \/>\n<meta property=\"article:published_time\" content=\"2026-02-05T20:36:18+00:00\" \/>\n<meta property=\"og:image\" content=\"https:\/\/now-news.de\/de\/wp-content\/uploads\/sites\/3\/2026\/02\/6984da5c48fbef61b14093a2.jpg\" \/>\n<meta name=\"author\" content=\"rtnews\" \/>\n<meta name=\"twitter:card\" content=\"summary_large_image\" \/>\n<meta name=\"twitter:creator\" content=\"@WirMachenAuf_de\" \/>\n<meta name=\"twitter:site\" content=\"@WirMachenAuf_de\" \/>\n<meta name=\"twitter:label1\" content=\"Verfasst von\" \/>\n\t<meta name=\"twitter:data1\" content=\"rtnews\" \/>\n\t<meta name=\"twitter:label2\" content=\"Gesch\u00e4tzte Lesezeit\" \/>\n\t<meta name=\"twitter:data2\" content=\"2\u00a0Minuten\" \/>\n<script type=\"application\/ld+json\" class=\"yoast-schema-graph\">{\"@context\":\"https:\/\/schema.org\",\"@graph\":[{\"@type\":\"Article\",\"@id\":\"https:\/\/now-news.de\/de\/deutschland\/urteil-in-hamburg-kuendigung-wegen-nicht-genderns-aufgehoben\/#article\",\"isPartOf\":{\"@id\":\"https:\/\/now-news.de\/de\/deutschland\/urteil-in-hamburg-kuendigung-wegen-nicht-genderns-aufgehoben\/\"},\"author\":{\"name\":\"rtnews\",\"@id\":\"https:\/\/now-news.de\/de\/#\/schema\/person\/fb534a4e865501d8b3285208df34a9b5\"},\"headline\":\"Urteil in Hamburg: K\u00fcndigung wegen Nicht-Genderns aufgehoben\",\"datePublished\":\"2026-02-05T20:36:18+00:00\",\"dateModified\":\"2026-02-05T20:36:18+00:00\",\"mainEntityOfPage\":{\"@id\":\"https:\/\/now-news.de\/de\/deutschland\/urteil-in-hamburg-kuendigung-wegen-nicht-genderns-aufgehoben\/\"},\"wordCount\":365,\"commentCount\":0,\"publisher\":{\"@id\":\"https:\/\/now-news.de\/de\/#organization\"},\"image\":{\"@id\":\"https:\/\/now-news.de\/de\/deutschland\/urteil-in-hamburg-kuendigung-wegen-nicht-genderns-aufgehoben\/#primaryimage\"},\"thumbnailUrl\":\"https:\/\/now-news.de\/de\/wp-content\/uploads\/sites\/3\/2026\/02\/Urteil-in-Hamburg-Kuendigung-wegen-Nicht-Genderns-aufgehoben.jpg\",\"keywords\":[\"aufgehoben\",\"Hamburg\",\"K\u00fcndigung\",\"NichtGenderns\",\"Urteil\",\"wegen\"],\"articleSection\":[\"Deutschland\",\"Russland\"],\"inLanguage\":\"de\",\"potentialAction\":[{\"@type\":\"CommentAction\",\"name\":\"Comment\",\"target\":[\"https:\/\/now-news.de\/de\/deutschland\/urteil-in-hamburg-kuendigung-wegen-nicht-genderns-aufgehoben\/#respond\"]}]},{\"@type\":\"WebPage\",\"@id\":\"https:\/\/now-news.de\/de\/deutschland\/urteil-in-hamburg-kuendigung-wegen-nicht-genderns-aufgehoben\/\",\"url\":\"https:\/\/now-news.de\/de\/deutschland\/urteil-in-hamburg-kuendigung-wegen-nicht-genderns-aufgehoben\/\",\"name\":\"Urteil in Hamburg: K\u00fcndigung wegen Nicht-Genderns aufgehoben - just-now.NEWS Deutschland\",\"isPartOf\":{\"@id\":\"https:\/\/now-news.de\/de\/#website\"},\"primaryImageOfPage\":{\"@id\":\"https:\/\/now-news.de\/de\/deutschland\/urteil-in-hamburg-kuendigung-wegen-nicht-genderns-aufgehoben\/#primaryimage\"},\"image\":{\"@id\":\"https:\/\/now-news.de\/de\/deutschland\/urteil-in-hamburg-kuendigung-wegen-nicht-genderns-aufgehoben\/#primaryimage\"},\"thumbnailUrl\":\"https:\/\/now-news.de\/de\/wp-content\/uploads\/sites\/3\/2026\/02\/Urteil-in-Hamburg-Kuendigung-wegen-Nicht-Genderns-aufgehoben.jpg\",\"datePublished\":\"2026-02-05T20:36:18+00:00\",\"dateModified\":\"2026-02-05T20:36:18+00:00\",\"breadcrumb\":{\"@id\":\"https:\/\/now-news.de\/de\/deutschland\/urteil-in-hamburg-kuendigung-wegen-nicht-genderns-aufgehoben\/#breadcrumb\"},\"inLanguage\":\"de\",\"potentialAction\":[{\"@type\":\"ReadAction\",\"target\":[\"https:\/\/now-news.de\/de\/deutschland\/urteil-in-hamburg-kuendigung-wegen-nicht-genderns-aufgehoben\/\"]}]},{\"@type\":\"ImageObject\",\"inLanguage\":\"de\",\"@id\":\"https:\/\/now-news.de\/de\/deutschland\/urteil-in-hamburg-kuendigung-wegen-nicht-genderns-aufgehoben\/#primaryimage\",\"url\":\"https:\/\/now-news.de\/de\/wp-content\/uploads\/sites\/3\/2026\/02\/Urteil-in-Hamburg-Kuendigung-wegen-Nicht-Genderns-aufgehoben.jpg\",\"contentUrl\":\"https:\/\/now-news.de\/de\/wp-content\/uploads\/sites\/3\/2026\/02\/Urteil-in-Hamburg-Kuendigung-wegen-Nicht-Genderns-aufgehoben.jpg\",\"width\":460,\"height\":259,\"caption\":\"Urteil in Hamburg: K\u00fcndigung wegen Nicht-Genderns aufgehoben\"},{\"@type\":\"BreadcrumbList\",\"@id\":\"https:\/\/now-news.de\/de\/deutschland\/urteil-in-hamburg-kuendigung-wegen-nicht-genderns-aufgehoben\/#breadcrumb\",\"itemListElement\":[{\"@type\":\"ListItem\",\"position\":1,\"name\":\"Home\",\"item\":\"https:\/\/now-news.de\/de\/\"},{\"@type\":\"ListItem\",\"position\":2,\"name\":\"Urteil in Hamburg: K\u00fcndigung wegen Nicht-Genderns aufgehoben\"}]},{\"@type\":\"WebSite\",\"@id\":\"https:\/\/now-news.de\/de\/#website\",\"url\":\"https:\/\/now-news.de\/de\/\",\"name\":\"just-now.NEWS Deutschland\",\"description\":\"Das Portal f\u00fcr unzensierte Nachrichten aus der Welt\",\"publisher\":{\"@id\":\"https:\/\/now-news.de\/de\/#organization\"},\"potentialAction\":[{\"@type\":\"SearchAction\",\"target\":{\"@type\":\"EntryPoint\",\"urlTemplate\":\"https:\/\/now-news.de\/de\/?s={search_term_string}\"},\"query-input\":\"required name=search_term_string\"}],\"inLanguage\":\"de\"},{\"@type\":\"Organization\",\"@id\":\"https:\/\/now-news.de\/de\/#organization\",\"name\":\"Just Now News\",\"url\":\"https:\/\/now-news.de\/de\/\",\"logo\":{\"@type\":\"ImageObject\",\"inLanguage\":\"de\",\"@id\":\"https:\/\/now-news.de\/de\/#\/schema\/logo\/image\/\",\"url\":\"http:\/\/just-now.news\/de\/wp-content\/uploads\/sites\/3\/2022\/04\/logo500x500.jpg\",\"contentUrl\":\"http:\/\/just-now.news\/de\/wp-content\/uploads\/sites\/3\/2022\/04\/logo500x500.jpg\",\"width\":500,\"height\":500,\"caption\":\"Just Now News\"},\"image\":{\"@id\":\"https:\/\/now-news.de\/de\/#\/schema\/logo\/image\/\"},\"sameAs\":[\"https:\/\/www.facebook.com\/wirmachenauf\",\"https:\/\/x.com\/WirMachenAuf_de\"]},{\"@type\":\"Person\",\"@id\":\"https:\/\/now-news.de\/de\/#\/schema\/person\/fb534a4e865501d8b3285208df34a9b5\",\"name\":\"rtnews\",\"image\":{\"@type\":\"ImageObject\",\"inLanguage\":\"de\",\"@id\":\"https:\/\/now-news.de\/de\/#\/schema\/person\/image\/\",\"url\":\"https:\/\/secure.gravatar.com\/avatar\/82aafea7d8127119dd649515f56e2117?s=96&d=mm&r=g\",\"contentUrl\":\"https:\/\/secure.gravatar.com\/avatar\/82aafea7d8127119dd649515f56e2117?s=96&d=mm&r=g\",\"caption\":\"rtnews\"},\"url\":\"https:\/\/now-news.de\/de\/author\/rnews\/\"}]}<\/script>\n<!-- \/ Yoast SEO Premium plugin. -->","yoast_head_json":{"title":"Urteil in Hamburg: K\u00fcndigung wegen Nicht-Genderns aufgehoben - just-now.NEWS Deutschland","robots":{"index":"index","follow":"follow","max-snippet":"max-snippet:-1","max-image-preview":"max-image-preview:large","max-video-preview":"max-video-preview:-1"},"canonical":"https:\/\/now-news.de\/de\/deutschland\/urteil-in-hamburg-kuendigung-wegen-nicht-genderns-aufgehoben\/","og_locale":"de_DE","og_type":"article","og_title":"Urteil in Hamburg: K\u00fcndigung wegen Nicht-Genderns aufgehoben","og_description":"Bei diesem Prozess gab es f\u00fcr ein Arbeitsgerichtsverfahren viel Publikum, der Saal war voll. Besetzt war er vor allem mit Gegnern der Gendersprache, die sich von diesem Verfahren ein Grundsatzurteil erhofften. Das aber blieb aus. Das Landesarbeitsgericht in Hamburg entschied am Donnerstag wie die erste Instanz\u00a0\u2013 die K\u00fcndigung einer 43-j\u00e4hrigen Chemikerin, weil sie eine Strahlenschutzanweisung [&hellip;]","og_url":"https:\/\/now-news.de\/de\/deutschland\/urteil-in-hamburg-kuendigung-wegen-nicht-genderns-aufgehoben\/","og_site_name":"just-now.NEWS Deutschland","article_publisher":"https:\/\/www.facebook.com\/wirmachenauf","article_published_time":"2026-02-05T20:36:18+00:00","og_image":[{"url":"https:\/\/now-news.de\/de\/wp-content\/uploads\/sites\/3\/2026\/02\/6984da5c48fbef61b14093a2.jpg"}],"author":"rtnews","twitter_card":"summary_large_image","twitter_creator":"@WirMachenAuf_de","twitter_site":"@WirMachenAuf_de","twitter_misc":{"Verfasst von":"rtnews","Gesch\u00e4tzte Lesezeit":"2\u00a0Minuten"},"schema":{"@context":"https:\/\/schema.org","@graph":[{"@type":"Article","@id":"https:\/\/now-news.de\/de\/deutschland\/urteil-in-hamburg-kuendigung-wegen-nicht-genderns-aufgehoben\/#article","isPartOf":{"@id":"https:\/\/now-news.de\/de\/deutschland\/urteil-in-hamburg-kuendigung-wegen-nicht-genderns-aufgehoben\/"},"author":{"name":"rtnews","@id":"https:\/\/now-news.de\/de\/#\/schema\/person\/fb534a4e865501d8b3285208df34a9b5"},"headline":"Urteil in Hamburg: K\u00fcndigung wegen Nicht-Genderns aufgehoben","datePublished":"2026-02-05T20:36:18+00:00","dateModified":"2026-02-05T20:36:18+00:00","mainEntityOfPage":{"@id":"https:\/\/now-news.de\/de\/deutschland\/urteil-in-hamburg-kuendigung-wegen-nicht-genderns-aufgehoben\/"},"wordCount":365,"commentCount":0,"publisher":{"@id":"https:\/\/now-news.de\/de\/#organization"},"image":{"@id":"https:\/\/now-news.de\/de\/deutschland\/urteil-in-hamburg-kuendigung-wegen-nicht-genderns-aufgehoben\/#primaryimage"},"thumbnailUrl":"https:\/\/now-news.de\/de\/wp-content\/uploads\/sites\/3\/2026\/02\/Urteil-in-Hamburg-Kuendigung-wegen-Nicht-Genderns-aufgehoben.jpg","keywords":["aufgehoben","Hamburg","K\u00fcndigung","NichtGenderns","Urteil","wegen"],"articleSection":["Deutschland","Russland"],"inLanguage":"de","potentialAction":[{"@type":"CommentAction","name":"Comment","target":["https:\/\/now-news.de\/de\/deutschland\/urteil-in-hamburg-kuendigung-wegen-nicht-genderns-aufgehoben\/#respond"]}]},{"@type":"WebPage","@id":"https:\/\/now-news.de\/de\/deutschland\/urteil-in-hamburg-kuendigung-wegen-nicht-genderns-aufgehoben\/","url":"https:\/\/now-news.de\/de\/deutschland\/urteil-in-hamburg-kuendigung-wegen-nicht-genderns-aufgehoben\/","name":"Urteil in Hamburg: K\u00fcndigung wegen Nicht-Genderns aufgehoben - just-now.NEWS Deutschland","isPartOf":{"@id":"https:\/\/now-news.de\/de\/#website"},"primaryImageOfPage":{"@id":"https:\/\/now-news.de\/de\/deutschland\/urteil-in-hamburg-kuendigung-wegen-nicht-genderns-aufgehoben\/#primaryimage"},"image":{"@id":"https:\/\/now-news.de\/de\/deutschland\/urteil-in-hamburg-kuendigung-wegen-nicht-genderns-aufgehoben\/#primaryimage"},"thumbnailUrl":"https:\/\/now-news.de\/de\/wp-content\/uploads\/sites\/3\/2026\/02\/Urteil-in-Hamburg-Kuendigung-wegen-Nicht-Genderns-aufgehoben.jpg","datePublished":"2026-02-05T20:36:18+00:00","dateModified":"2026-02-05T20:36:18+00:00","breadcrumb":{"@id":"https:\/\/now-news.de\/de\/deutschland\/urteil-in-hamburg-kuendigung-wegen-nicht-genderns-aufgehoben\/#breadcrumb"},"inLanguage":"de","potentialAction":[{"@type":"ReadAction","target":["https:\/\/now-news.de\/de\/deutschland\/urteil-in-hamburg-kuendigung-wegen-nicht-genderns-aufgehoben\/"]}]},{"@type":"ImageObject","inLanguage":"de","@id":"https:\/\/now-news.de\/de\/deutschland\/urteil-in-hamburg-kuendigung-wegen-nicht-genderns-aufgehoben\/#primaryimage","url":"https:\/\/now-news.de\/de\/wp-content\/uploads\/sites\/3\/2026\/02\/Urteil-in-Hamburg-Kuendigung-wegen-Nicht-Genderns-aufgehoben.jpg","contentUrl":"https:\/\/now-news.de\/de\/wp-content\/uploads\/sites\/3\/2026\/02\/Urteil-in-Hamburg-Kuendigung-wegen-Nicht-Genderns-aufgehoben.jpg","width":460,"height":259,"caption":"Urteil in Hamburg: K\u00fcndigung wegen Nicht-Genderns aufgehoben"},{"@type":"BreadcrumbList","@id":"https:\/\/now-news.de\/de\/deutschland\/urteil-in-hamburg-kuendigung-wegen-nicht-genderns-aufgehoben\/#breadcrumb","itemListElement":[{"@type":"ListItem","position":1,"name":"Home","item":"https:\/\/now-news.de\/de\/"},{"@type":"ListItem","position":2,"name":"Urteil in Hamburg: K\u00fcndigung wegen Nicht-Genderns aufgehoben"}]},{"@type":"WebSite","@id":"https:\/\/now-news.de\/de\/#website","url":"https:\/\/now-news.de\/de\/","name":"just-now.NEWS Deutschland","description":"Das Portal f\u00fcr unzensierte Nachrichten aus der Welt","publisher":{"@id":"https:\/\/now-news.de\/de\/#organization"},"potentialAction":[{"@type":"SearchAction","target":{"@type":"EntryPoint","urlTemplate":"https:\/\/now-news.de\/de\/?s={search_term_string}"},"query-input":"required name=search_term_string"}],"inLanguage":"de"},{"@type":"Organization","@id":"https:\/\/now-news.de\/de\/#organization","name":"Just Now News","url":"https:\/\/now-news.de\/de\/","logo":{"@type":"ImageObject","inLanguage":"de","@id":"https:\/\/now-news.de\/de\/#\/schema\/logo\/image\/","url":"http:\/\/just-now.news\/de\/wp-content\/uploads\/sites\/3\/2022\/04\/logo500x500.jpg","contentUrl":"http:\/\/just-now.news\/de\/wp-content\/uploads\/sites\/3\/2022\/04\/logo500x500.jpg","width":500,"height":500,"caption":"Just Now News"},"image":{"@id":"https:\/\/now-news.de\/de\/#\/schema\/logo\/image\/"},"sameAs":["https:\/\/www.facebook.com\/wirmachenauf","https:\/\/x.com\/WirMachenAuf_de"]},{"@type":"Person","@id":"https:\/\/now-news.de\/de\/#\/schema\/person\/fb534a4e865501d8b3285208df34a9b5","name":"rtnews","image":{"@type":"ImageObject","inLanguage":"de","@id":"https:\/\/now-news.de\/de\/#\/schema\/person\/image\/","url":"https:\/\/secure.gravatar.com\/avatar\/82aafea7d8127119dd649515f56e2117?s=96&d=mm&r=g","contentUrl":"https:\/\/secure.gravatar.com\/avatar\/82aafea7d8127119dd649515f56e2117?s=96&d=mm&r=g","caption":"rtnews"},"url":"https:\/\/now-news.de\/de\/author\/rnews\/"}]}},"_links":{"self":[{"href":"https:\/\/now-news.de\/de\/wp-json\/wp\/v2\/posts\/98442"}],"collection":[{"href":"https:\/\/now-news.de\/de\/wp-json\/wp\/v2\/posts"}],"about":[{"href":"https:\/\/now-news.de\/de\/wp-json\/wp\/v2\/types\/post"}],"author":[{"embeddable":true,"href":"https:\/\/now-news.de\/de\/wp-json\/wp\/v2\/users\/3"}],"replies":[{"embeddable":true,"href":"https:\/\/now-news.de\/de\/wp-json\/wp\/v2\/comments?post=98442"}],"version-history":[{"count":0,"href":"https:\/\/now-news.de\/de\/wp-json\/wp\/v2\/posts\/98442\/revisions"}],"wp:featuredmedia":[{"embeddable":true,"href":"https:\/\/now-news.de\/de\/wp-json\/wp\/v2\/media\/98443"}],"wp:attachment":[{"href":"https:\/\/now-news.de\/de\/wp-json\/wp\/v2\/media?parent=98442"}],"wp:term":[{"taxonomy":"category","embeddable":true,"href":"https:\/\/now-news.de\/de\/wp-json\/wp\/v2\/categories?post=98442"},{"taxonomy":"post_tag","embeddable":true,"href":"https:\/\/now-news.de\/de\/wp-json\/wp\/v2\/tags?post=98442"}],"curies":[{"name":"wp","href":"https:\/\/api.w.org\/{rel}","templated":true}]}}