{"id":98418,"date":"2026-02-05T16:26:23","date_gmt":"2026-02-05T14:26:23","guid":{"rendered":"https:\/\/now-news.de\/de\/deutschland\/karlsruhe-urteilt-gegen-afd-spd-behaelt-otto-wels-saal-im-berliner-reichstag\/"},"modified":"2026-02-05T16:26:23","modified_gmt":"2026-02-05T14:26:23","slug":"karlsruhe-urteilt-gegen-afd-spd-behaelt-otto-wels-saal-im-berliner-reichstag","status":"publish","type":"post","link":"https:\/\/now-news.de\/de\/deutschland\/karlsruhe-urteilt-gegen-afd-spd-behaelt-otto-wels-saal-im-berliner-reichstag\/","title":{"rendered":"Karlsruhe urteilt gegen AfD \u2013 SPD beh\u00e4lt &quot;Otto-Wels-Saal&quot; im Berliner Reichstag"},"content":{"rendered":"<p><img decoding=\"async\" src=\"https:\/\/now-news.de\/de\/wp-content\/uploads\/sites\/3\/2026\/02\/698494b9b480cc464b394d04.jpg\" \/><\/p>\n<div class=\"Text-root Text-type_1 \">\n                Unter normalen Umst\u00e4nden st\u00fcnde der gr\u00f6\u00dften Oppositionsgruppe im Bundestag ein entsprechender Fraktionssaal zur Verf\u00fcgung. Nicht jedoch im politischen Berlin: Die SPD weigert sich beharrlich, den okkupierten, gr\u00f6\u00dferen &#8220;Otto-Wels-Saal&#8221; zu r\u00e4umen. Die AfD ging rechtlich bis nach Karslruhe. Die Organklage ist nun gescheitert.\n            <\/div>\n<p><\/p>\n<div class=\"Text-root Text-type_5 ArticleView-text ViewText-root \">\n<p>Die von ehemals 206 auf aktuell 120 Mitglieder geschrumpfte SPD-Fraktion weigert sich seit Beginn der aktuellen Legislaturperiode ihren seit Jahren festen Sitz im gro\u00dfr\u00e4umigen &#8220;Otto-Wels-Saal&#8221; der aktuell gr\u00f6\u00dften Oppositionsfraktion im Bundestag zur Verf\u00fcgung zu stellen.\u00a0Die SPD argumentiert dabei seit Monaten mehr als fraglich, sie brauche &#8220;als Regierungsfraktion mehr Platz und die direkte N\u00e4he zu ihrem Koalitionspartner CDU\/CSU&#8221;. Nach andauernden Querelen und Diskussionen zog die benachteilgte AfD-Fraktion vor das\u00a0Bundesverfassungsgericht. Laut einem Beschluss des Bundesverfassungsgerichts (BVerfGE) vom 5.\u00a0Februar &#8220;ist\u00a0der Antrag unbegr\u00fcndet&#8221; und wurde damit abgelehnt.<\/p>\n<p>Eine sogenannte &#8220;Organklage&#8221; der AfD-Bundestagsfraktion auf die Zuteilung des ger\u00e4umigen &#8220;Otto-Wels-Saals&#8221; im Reichstagsgeb\u00e4ude f\u00fcr ihre Sitzungen ist vor dem Bundesverfassungsgericht gescheitert. In der BVerfGE-<a rel=\"nofollow noopener\" target=\"_blank\" href=\"https:\/\/www.bundesverfassungsgericht.de\/SharedDocs\/Pressemitteilungen\/DE\/2026\/bvg26-009.html\">Mitteilung<\/a>\u00a0wird dazu erkl\u00e4rt:<\/p>\n<p><em>&#8220;Der verfassungsrechtliche Status der Fraktionen umfasst nicht das Recht auf einen bestimmten Fraktionssitzungssaal. Die Ansicht der Antragstellerin, der Otto-Wels-Saal entspreche als zweitgr\u00f6\u00dfter Saal einer Silbermedaille, auf die sie als Zweitplatzierte der Bundestagswahl einen Anspruch habe, geht fehl. Die organschaftlichen Rechte des Grundgesetzes garantieren keine Erfolgspr\u00e4mien, sondern sichern die Mitwirkungsm\u00f6glichkeiten bei der Willensbildung in den Staatsorganen.&#8221;<\/em><\/p>\n<p>Im 21. Deutschen Bundestag ist die AfD-Fraktion mit insgesamt 151 Abgeordneten vertreten, muss jedoch\u00a0seit Beginn der Legislaturperiode den\u00a0Ex-FDP-Saal nutzen. Die AfD-Juristen hatten beim Einreichen der Klage im Juli\u00a02025\u00a0argumentiert, dass durch die &#8220;unzureichende Gr\u00f6\u00dfe des Sitzungssaals&#8221; ihre Arbeitsf\u00e4higkeit und damit die parlamentarischen Rechte &#8220;massiv eingeschr\u00e4nkt&#8221; w\u00fcrden.<\/p>\n<p>Im Mai des Vorjahres hatte der AfD-Politiker Bernd Baumann Anhand von Grafiken\u00a0verdeutlicht, dass die SPD-Abgeordneten in ihrem verteidigten Sitzungssaal knapp vier Quadratmeter Platz haben, w\u00e4hrend den AfD-Abgeordneten im ehemaligen FDP-Saal nur 1,7\u00a0Quadratmeter zur Verf\u00fcgung stehen.<em><\/em><\/p>\n<p>Die <em>ARD<\/em>&#8211;<em>Tagesschau<\/em>\u00a0<a rel=\"nofollow noopener\" target=\"_blank\" href=\"https:\/\/www.tagesschau.de\/inland\/innenpolitik\/afd-streit-sitzungssaal-100.html\">erkl\u00e4rt<\/a> zum vorerst beendeten juristischen Bundestagsscharm\u00fctzel:<\/p>\n<p><em>&#8220;F\u00fcr die SPD hat der Saal gro\u00dfe symbolische Bedeutung. Er wurde nach dem fr\u00fcheren Parteivorsitzenden Otto Wels benannt. Wels hatte nach der Machtergreifung der Nationalsozialisten 1933 f\u00fcr die SPD deren Ablehnung des sogenannten Erm\u00e4chtigungsgesetzes mit den ber\u00fchmt gewordenen Worten begr\u00fcndet: &#8216;Freiheit und Leben kann man uns nehmen, die Ehre nicht.'&#8221;<\/em><\/p>\n<p>Vor dem Gang vor das Bundesverfassungsgericht hatte im Vorjahr der \u00c4ltestenrat des Bundestages, in dem die Fraktionen entsprechend ihrer St\u00e4rke im Bundestag vertreten sind, &#8220;nach langem Streit schlie\u00dflich im Mai\u00a02025 mit Mehrheitsbeschluss gegen die AfD entschieden&#8221;.<\/p>\n<p>Die SPD konnte ihren hart verteidigten Saal damit behalten, der AfD wurde schlie\u00dflich der fr\u00fchere Sitzungsaal der FDP-Fraktion zugewiesen. Dazu hei\u00dft es in der\u00a0BVerfGE-Mitteilung:<\/p>\n<p><em>&#8220;Im konkreten Fall durfte der \u00c4ltestenrat davon ausgehen, dass der Saal, welcher der Antragstellerin zugeteilt wurde, auch f\u00fcr ihre Fraktionsgr\u00f6\u00dfe geeignet ist. F\u00fcr die Annahme einer evident sachwidrigen, willk\u00fcrlichen Entscheidung bietet das Vorbringen der Antragstellerin keine hinreichenden Anhaltspunkte.&#8221;<\/em><\/p>\n<p>Rechnerisch stehe in dem aktuell zugeteilten Saal &#8220;f\u00fcr jedes [AfD-]Fraktionsmitglied mehr Fl\u00e4che zur Verf\u00fcgung als in der 18.\u00a0Legislaturperiode den Mitgliedern der CDU\/CSU-Fraktion&#8221;.<\/p>\n<p><strong>Mehr zum Thema \u2013<\/strong>\u00a0<a rel=\"nofollow noopener\" target=\"_blank\" href=\"https:\/\/freedert.online\/meinung\/269231-mad-major-und-kleinstadt-in\/\">Der MAD, ein Major und eine Kleinstadt in Th\u00fcringen <\/a><\/p>\n<div class=\"EmbedBlock-root EmbedBlock-externalVideo EmbedBlock-rumble\">\n<div class=\"VkEmbed\"><iframe class=\"lazyload\" data-src=\"https:\/\/rumble.com\/embed\/v6rhbwx\" frameborder=\"0\" width=\"853\" height=\"480\" allowfullscreen><\/iframe><\/div>\n<\/div>\n<\/div>\n<p><br \/>\n<br \/><a href=\"https:\/\/de.rt.com\/inland\/269384-karlsruhe-urteilt-gegen-afd-spd-behaelt-otto-wels-saal\/\">Source link <\/a><\/p>\n","protected":false},"excerpt":{"rendered":"<p>Unter normalen Umst\u00e4nden st\u00fcnde der gr\u00f6\u00dften Oppositionsgruppe im Bundestag ein entsprechender Fraktionssaal zur Verf\u00fcgung. Nicht jedoch im politischen Berlin: Die SPD weigert sich beharrlich, den okkupierten, gr\u00f6\u00dferen &#8220;Otto-Wels-Saal&#8221; zu r\u00e4umen. Die AfD ging rechtlich bis nach Karslruhe. Die Organklage ist nun gescheitert. Die von ehemals 206 auf aktuell 120 Mitglieder geschrumpfte SPD-Fraktion weigert sich seit [&hellip;]<\/p>\n","protected":false},"author":3,"featured_media":98419,"comment_status":"open","ping_status":"open","sticky":false,"template":"","format":"standard","meta":{"_yoast_indexnow_last_ping":["1770301599"],"wp_automatic_camp":["217"],"a1f67b94922da0761f4180d77048ea79":["Karlsruhe urteilt gegen AfD \u2013 SPD beh\u00e4lt &quot;Otto-Wels-Saal&quot; im Berliner Reichstag"],"original_link":["https:\/\/de.rt.com\/inland\/269384-karlsruhe-urteilt-gegen-afd-spd-behaelt-otto-wels-saal\/"],"_thumbnail_id":["98419"],"jnews_social_counter_last_update":["1777516041"],"_wptgpro_p2tg_sent2tg":["a:1:{i:23737;s:19:\"2026-02-05 16:27:38\";}"]},"categories":[19,23],"tags":[3815,44806,9101,278,5515,71029,8800,3814,47774],"yoast_head":"<!-- This site is optimized with the Yoast SEO Premium plugin v22.7 (Yoast SEO v22.7) - https:\/\/yoast.com\/wordpress\/plugins\/seo\/ -->\n<title>Karlsruhe urteilt gegen AfD \u2013 SPD beh\u00e4lt &quot;Otto-Wels-Saal&quot; im Berliner Reichstag - just-now.NEWS Deutschland<\/title>\n<meta name=\"robots\" content=\"index, follow, max-snippet:-1, max-image-preview:large, max-video-preview:-1\" \/>\n<link rel=\"canonical\" href=\"https:\/\/now-news.de\/de\/deutschland\/karlsruhe-urteilt-gegen-afd-spd-behaelt-otto-wels-saal-im-berliner-reichstag\/\" \/>\n<meta property=\"og:locale\" content=\"de_DE\" \/>\n<meta property=\"og:type\" content=\"article\" \/>\n<meta property=\"og:title\" content=\"Karlsruhe urteilt gegen AfD \u2013 SPD beh\u00e4lt &quot;Otto-Wels-Saal&quot; im Berliner Reichstag\" \/>\n<meta property=\"og:description\" content=\"Unter normalen Umst\u00e4nden st\u00fcnde der gr\u00f6\u00dften Oppositionsgruppe im Bundestag ein entsprechender Fraktionssaal zur Verf\u00fcgung. Nicht jedoch im politischen Berlin: Die SPD weigert sich beharrlich, den okkupierten, gr\u00f6\u00dferen &#8220;Otto-Wels-Saal&#8221; zu r\u00e4umen. Die AfD ging rechtlich bis nach Karslruhe. Die Organklage ist nun gescheitert. Die von ehemals 206 auf aktuell 120 Mitglieder geschrumpfte SPD-Fraktion weigert sich seit [&hellip;]\" \/>\n<meta property=\"og:url\" content=\"https:\/\/now-news.de\/de\/deutschland\/karlsruhe-urteilt-gegen-afd-spd-behaelt-otto-wels-saal-im-berliner-reichstag\/\" \/>\n<meta property=\"og:site_name\" content=\"just-now.NEWS Deutschland\" \/>\n<meta property=\"article:publisher\" content=\"https:\/\/www.facebook.com\/wirmachenauf\" \/>\n<meta property=\"article:published_time\" content=\"2026-02-05T14:26:23+00:00\" \/>\n<meta property=\"og:image\" content=\"https:\/\/now-news.de\/de\/wp-content\/uploads\/sites\/3\/2026\/02\/698494b9b480cc464b394d04.jpg\" \/>\n<meta name=\"author\" content=\"rtnews\" \/>\n<meta name=\"twitter:card\" content=\"summary_large_image\" \/>\n<meta name=\"twitter:creator\" content=\"@WirMachenAuf_de\" \/>\n<meta name=\"twitter:site\" content=\"@WirMachenAuf_de\" \/>\n<meta name=\"twitter:label1\" content=\"Verfasst von\" \/>\n\t<meta name=\"twitter:data1\" content=\"rtnews\" \/>\n\t<meta name=\"twitter:label2\" content=\"Gesch\u00e4tzte Lesezeit\" \/>\n\t<meta name=\"twitter:data2\" content=\"3\u00a0Minuten\" \/>\n<script type=\"application\/ld+json\" class=\"yoast-schema-graph\">{\"@context\":\"https:\/\/schema.org\",\"@graph\":[{\"@type\":\"Article\",\"@id\":\"https:\/\/now-news.de\/de\/deutschland\/karlsruhe-urteilt-gegen-afd-spd-behaelt-otto-wels-saal-im-berliner-reichstag\/#article\",\"isPartOf\":{\"@id\":\"https:\/\/now-news.de\/de\/deutschland\/karlsruhe-urteilt-gegen-afd-spd-behaelt-otto-wels-saal-im-berliner-reichstag\/\"},\"author\":{\"name\":\"rtnews\",\"@id\":\"https:\/\/now-news.de\/de\/#\/schema\/person\/fb534a4e865501d8b3285208df34a9b5\"},\"headline\":\"Karlsruhe urteilt gegen AfD \u2013 SPD beh\u00e4lt &quot;Otto-Wels-Saal&quot; im Berliner Reichstag\",\"datePublished\":\"2026-02-05T14:26:23+00:00\",\"dateModified\":\"2026-02-05T14:26:23+00:00\",\"mainEntityOfPage\":{\"@id\":\"https:\/\/now-news.de\/de\/deutschland\/karlsruhe-urteilt-gegen-afd-spd-behaelt-otto-wels-saal-im-berliner-reichstag\/\"},\"wordCount\":546,\"commentCount\":0,\"publisher\":{\"@id\":\"https:\/\/now-news.de\/de\/#organization\"},\"image\":{\"@id\":\"https:\/\/now-news.de\/de\/deutschland\/karlsruhe-urteilt-gegen-afd-spd-behaelt-otto-wels-saal-im-berliner-reichstag\/#primaryimage\"},\"thumbnailUrl\":\"https:\/\/now-news.de\/de\/wp-content\/uploads\/sites\/3\/2026\/02\/Karlsruhe-urteilt-gegen-AfD-\u2013-SPD-behaelt-quotOtto-Wels-Saalquot-im-Berliner.jpg\",\"keywords\":[\"AfD\",\"beh\u00e4lt\",\"Berliner\",\"gegen\",\"Karlsruhe\",\"quotOttoWelsSaalquot\",\"Reichstag\",\"SPD\",\"urteilt\"],\"articleSection\":[\"Deutschland\",\"Russland\"],\"inLanguage\":\"de\",\"potentialAction\":[{\"@type\":\"CommentAction\",\"name\":\"Comment\",\"target\":[\"https:\/\/now-news.de\/de\/deutschland\/karlsruhe-urteilt-gegen-afd-spd-behaelt-otto-wels-saal-im-berliner-reichstag\/#respond\"]}]},{\"@type\":\"WebPage\",\"@id\":\"https:\/\/now-news.de\/de\/deutschland\/karlsruhe-urteilt-gegen-afd-spd-behaelt-otto-wels-saal-im-berliner-reichstag\/\",\"url\":\"https:\/\/now-news.de\/de\/deutschland\/karlsruhe-urteilt-gegen-afd-spd-behaelt-otto-wels-saal-im-berliner-reichstag\/\",\"name\":\"Karlsruhe urteilt gegen AfD \u2013 SPD beh\u00e4lt &quot;Otto-Wels-Saal&quot; im Berliner Reichstag - just-now.NEWS Deutschland\",\"isPartOf\":{\"@id\":\"https:\/\/now-news.de\/de\/#website\"},\"primaryImageOfPage\":{\"@id\":\"https:\/\/now-news.de\/de\/deutschland\/karlsruhe-urteilt-gegen-afd-spd-behaelt-otto-wels-saal-im-berliner-reichstag\/#primaryimage\"},\"image\":{\"@id\":\"https:\/\/now-news.de\/de\/deutschland\/karlsruhe-urteilt-gegen-afd-spd-behaelt-otto-wels-saal-im-berliner-reichstag\/#primaryimage\"},\"thumbnailUrl\":\"https:\/\/now-news.de\/de\/wp-content\/uploads\/sites\/3\/2026\/02\/Karlsruhe-urteilt-gegen-AfD-\u2013-SPD-behaelt-quotOtto-Wels-Saalquot-im-Berliner.jpg\",\"datePublished\":\"2026-02-05T14:26:23+00:00\",\"dateModified\":\"2026-02-05T14:26:23+00:00\",\"breadcrumb\":{\"@id\":\"https:\/\/now-news.de\/de\/deutschland\/karlsruhe-urteilt-gegen-afd-spd-behaelt-otto-wels-saal-im-berliner-reichstag\/#breadcrumb\"},\"inLanguage\":\"de\",\"potentialAction\":[{\"@type\":\"ReadAction\",\"target\":[\"https:\/\/now-news.de\/de\/deutschland\/karlsruhe-urteilt-gegen-afd-spd-behaelt-otto-wels-saal-im-berliner-reichstag\/\"]}]},{\"@type\":\"ImageObject\",\"inLanguage\":\"de\",\"@id\":\"https:\/\/now-news.de\/de\/deutschland\/karlsruhe-urteilt-gegen-afd-spd-behaelt-otto-wels-saal-im-berliner-reichstag\/#primaryimage\",\"url\":\"https:\/\/now-news.de\/de\/wp-content\/uploads\/sites\/3\/2026\/02\/Karlsruhe-urteilt-gegen-AfD-\u2013-SPD-behaelt-quotOtto-Wels-Saalquot-im-Berliner.jpg\",\"contentUrl\":\"https:\/\/now-news.de\/de\/wp-content\/uploads\/sites\/3\/2026\/02\/Karlsruhe-urteilt-gegen-AfD-\u2013-SPD-behaelt-quotOtto-Wels-Saalquot-im-Berliner.jpg\",\"width\":460,\"height\":259,\"caption\":\"Karlsruhe urteilt gegen AfD \u2013 SPD beh\u00e4lt &quot;Otto-Wels-Saal&quot; im Berliner Reichstag\"},{\"@type\":\"BreadcrumbList\",\"@id\":\"https:\/\/now-news.de\/de\/deutschland\/karlsruhe-urteilt-gegen-afd-spd-behaelt-otto-wels-saal-im-berliner-reichstag\/#breadcrumb\",\"itemListElement\":[{\"@type\":\"ListItem\",\"position\":1,\"name\":\"Home\",\"item\":\"https:\/\/now-news.de\/de\/\"},{\"@type\":\"ListItem\",\"position\":2,\"name\":\"Karlsruhe urteilt gegen AfD \u2013 SPD beh\u00e4lt &quot;Otto-Wels-Saal&quot; im Berliner Reichstag\"}]},{\"@type\":\"WebSite\",\"@id\":\"https:\/\/now-news.de\/de\/#website\",\"url\":\"https:\/\/now-news.de\/de\/\",\"name\":\"just-now.NEWS Deutschland\",\"description\":\"Das Portal f\u00fcr unzensierte Nachrichten aus der Welt\",\"publisher\":{\"@id\":\"https:\/\/now-news.de\/de\/#organization\"},\"potentialAction\":[{\"@type\":\"SearchAction\",\"target\":{\"@type\":\"EntryPoint\",\"urlTemplate\":\"https:\/\/now-news.de\/de\/?s={search_term_string}\"},\"query-input\":\"required name=search_term_string\"}],\"inLanguage\":\"de\"},{\"@type\":\"Organization\",\"@id\":\"https:\/\/now-news.de\/de\/#organization\",\"name\":\"Just Now News\",\"url\":\"https:\/\/now-news.de\/de\/\",\"logo\":{\"@type\":\"ImageObject\",\"inLanguage\":\"de\",\"@id\":\"https:\/\/now-news.de\/de\/#\/schema\/logo\/image\/\",\"url\":\"http:\/\/just-now.news\/de\/wp-content\/uploads\/sites\/3\/2022\/04\/logo500x500.jpg\",\"contentUrl\":\"http:\/\/just-now.news\/de\/wp-content\/uploads\/sites\/3\/2022\/04\/logo500x500.jpg\",\"width\":500,\"height\":500,\"caption\":\"Just Now News\"},\"image\":{\"@id\":\"https:\/\/now-news.de\/de\/#\/schema\/logo\/image\/\"},\"sameAs\":[\"https:\/\/www.facebook.com\/wirmachenauf\",\"https:\/\/x.com\/WirMachenAuf_de\"]},{\"@type\":\"Person\",\"@id\":\"https:\/\/now-news.de\/de\/#\/schema\/person\/fb534a4e865501d8b3285208df34a9b5\",\"name\":\"rtnews\",\"image\":{\"@type\":\"ImageObject\",\"inLanguage\":\"de\",\"@id\":\"https:\/\/now-news.de\/de\/#\/schema\/person\/image\/\",\"url\":\"https:\/\/secure.gravatar.com\/avatar\/82aafea7d8127119dd649515f56e2117?s=96&d=mm&r=g\",\"contentUrl\":\"https:\/\/secure.gravatar.com\/avatar\/82aafea7d8127119dd649515f56e2117?s=96&d=mm&r=g\",\"caption\":\"rtnews\"},\"url\":\"https:\/\/now-news.de\/de\/author\/rnews\/\"}]}<\/script>\n<!-- \/ Yoast SEO Premium plugin. -->","yoast_head_json":{"title":"Karlsruhe urteilt gegen AfD \u2013 SPD beh\u00e4lt &quot;Otto-Wels-Saal&quot; im Berliner Reichstag - just-now.NEWS Deutschland","robots":{"index":"index","follow":"follow","max-snippet":"max-snippet:-1","max-image-preview":"max-image-preview:large","max-video-preview":"max-video-preview:-1"},"canonical":"https:\/\/now-news.de\/de\/deutschland\/karlsruhe-urteilt-gegen-afd-spd-behaelt-otto-wels-saal-im-berliner-reichstag\/","og_locale":"de_DE","og_type":"article","og_title":"Karlsruhe urteilt gegen AfD \u2013 SPD beh\u00e4lt &quot;Otto-Wels-Saal&quot; im Berliner Reichstag","og_description":"Unter normalen Umst\u00e4nden st\u00fcnde der gr\u00f6\u00dften Oppositionsgruppe im Bundestag ein entsprechender Fraktionssaal zur Verf\u00fcgung. Nicht jedoch im politischen Berlin: Die SPD weigert sich beharrlich, den okkupierten, gr\u00f6\u00dferen &#8220;Otto-Wels-Saal&#8221; zu r\u00e4umen. Die AfD ging rechtlich bis nach Karslruhe. Die Organklage ist nun gescheitert. Die von ehemals 206 auf aktuell 120 Mitglieder geschrumpfte SPD-Fraktion weigert sich seit [&hellip;]","og_url":"https:\/\/now-news.de\/de\/deutschland\/karlsruhe-urteilt-gegen-afd-spd-behaelt-otto-wels-saal-im-berliner-reichstag\/","og_site_name":"just-now.NEWS Deutschland","article_publisher":"https:\/\/www.facebook.com\/wirmachenauf","article_published_time":"2026-02-05T14:26:23+00:00","og_image":[{"url":"https:\/\/now-news.de\/de\/wp-content\/uploads\/sites\/3\/2026\/02\/698494b9b480cc464b394d04.jpg"}],"author":"rtnews","twitter_card":"summary_large_image","twitter_creator":"@WirMachenAuf_de","twitter_site":"@WirMachenAuf_de","twitter_misc":{"Verfasst von":"rtnews","Gesch\u00e4tzte Lesezeit":"3\u00a0Minuten"},"schema":{"@context":"https:\/\/schema.org","@graph":[{"@type":"Article","@id":"https:\/\/now-news.de\/de\/deutschland\/karlsruhe-urteilt-gegen-afd-spd-behaelt-otto-wels-saal-im-berliner-reichstag\/#article","isPartOf":{"@id":"https:\/\/now-news.de\/de\/deutschland\/karlsruhe-urteilt-gegen-afd-spd-behaelt-otto-wels-saal-im-berliner-reichstag\/"},"author":{"name":"rtnews","@id":"https:\/\/now-news.de\/de\/#\/schema\/person\/fb534a4e865501d8b3285208df34a9b5"},"headline":"Karlsruhe urteilt gegen AfD \u2013 SPD beh\u00e4lt &quot;Otto-Wels-Saal&quot; im Berliner Reichstag","datePublished":"2026-02-05T14:26:23+00:00","dateModified":"2026-02-05T14:26:23+00:00","mainEntityOfPage":{"@id":"https:\/\/now-news.de\/de\/deutschland\/karlsruhe-urteilt-gegen-afd-spd-behaelt-otto-wels-saal-im-berliner-reichstag\/"},"wordCount":546,"commentCount":0,"publisher":{"@id":"https:\/\/now-news.de\/de\/#organization"},"image":{"@id":"https:\/\/now-news.de\/de\/deutschland\/karlsruhe-urteilt-gegen-afd-spd-behaelt-otto-wels-saal-im-berliner-reichstag\/#primaryimage"},"thumbnailUrl":"https:\/\/now-news.de\/de\/wp-content\/uploads\/sites\/3\/2026\/02\/Karlsruhe-urteilt-gegen-AfD-\u2013-SPD-behaelt-quotOtto-Wels-Saalquot-im-Berliner.jpg","keywords":["AfD","beh\u00e4lt","Berliner","gegen","Karlsruhe","quotOttoWelsSaalquot","Reichstag","SPD","urteilt"],"articleSection":["Deutschland","Russland"],"inLanguage":"de","potentialAction":[{"@type":"CommentAction","name":"Comment","target":["https:\/\/now-news.de\/de\/deutschland\/karlsruhe-urteilt-gegen-afd-spd-behaelt-otto-wels-saal-im-berliner-reichstag\/#respond"]}]},{"@type":"WebPage","@id":"https:\/\/now-news.de\/de\/deutschland\/karlsruhe-urteilt-gegen-afd-spd-behaelt-otto-wels-saal-im-berliner-reichstag\/","url":"https:\/\/now-news.de\/de\/deutschland\/karlsruhe-urteilt-gegen-afd-spd-behaelt-otto-wels-saal-im-berliner-reichstag\/","name":"Karlsruhe urteilt gegen AfD \u2013 SPD beh\u00e4lt &quot;Otto-Wels-Saal&quot; im Berliner Reichstag - just-now.NEWS Deutschland","isPartOf":{"@id":"https:\/\/now-news.de\/de\/#website"},"primaryImageOfPage":{"@id":"https:\/\/now-news.de\/de\/deutschland\/karlsruhe-urteilt-gegen-afd-spd-behaelt-otto-wels-saal-im-berliner-reichstag\/#primaryimage"},"image":{"@id":"https:\/\/now-news.de\/de\/deutschland\/karlsruhe-urteilt-gegen-afd-spd-behaelt-otto-wels-saal-im-berliner-reichstag\/#primaryimage"},"thumbnailUrl":"https:\/\/now-news.de\/de\/wp-content\/uploads\/sites\/3\/2026\/02\/Karlsruhe-urteilt-gegen-AfD-\u2013-SPD-behaelt-quotOtto-Wels-Saalquot-im-Berliner.jpg","datePublished":"2026-02-05T14:26:23+00:00","dateModified":"2026-02-05T14:26:23+00:00","breadcrumb":{"@id":"https:\/\/now-news.de\/de\/deutschland\/karlsruhe-urteilt-gegen-afd-spd-behaelt-otto-wels-saal-im-berliner-reichstag\/#breadcrumb"},"inLanguage":"de","potentialAction":[{"@type":"ReadAction","target":["https:\/\/now-news.de\/de\/deutschland\/karlsruhe-urteilt-gegen-afd-spd-behaelt-otto-wels-saal-im-berliner-reichstag\/"]}]},{"@type":"ImageObject","inLanguage":"de","@id":"https:\/\/now-news.de\/de\/deutschland\/karlsruhe-urteilt-gegen-afd-spd-behaelt-otto-wels-saal-im-berliner-reichstag\/#primaryimage","url":"https:\/\/now-news.de\/de\/wp-content\/uploads\/sites\/3\/2026\/02\/Karlsruhe-urteilt-gegen-AfD-\u2013-SPD-behaelt-quotOtto-Wels-Saalquot-im-Berliner.jpg","contentUrl":"https:\/\/now-news.de\/de\/wp-content\/uploads\/sites\/3\/2026\/02\/Karlsruhe-urteilt-gegen-AfD-\u2013-SPD-behaelt-quotOtto-Wels-Saalquot-im-Berliner.jpg","width":460,"height":259,"caption":"Karlsruhe urteilt gegen AfD \u2013 SPD beh\u00e4lt &quot;Otto-Wels-Saal&quot; im Berliner Reichstag"},{"@type":"BreadcrumbList","@id":"https:\/\/now-news.de\/de\/deutschland\/karlsruhe-urteilt-gegen-afd-spd-behaelt-otto-wels-saal-im-berliner-reichstag\/#breadcrumb","itemListElement":[{"@type":"ListItem","position":1,"name":"Home","item":"https:\/\/now-news.de\/de\/"},{"@type":"ListItem","position":2,"name":"Karlsruhe urteilt gegen AfD \u2013 SPD beh\u00e4lt &quot;Otto-Wels-Saal&quot; im Berliner Reichstag"}]},{"@type":"WebSite","@id":"https:\/\/now-news.de\/de\/#website","url":"https:\/\/now-news.de\/de\/","name":"just-now.NEWS Deutschland","description":"Das Portal f\u00fcr unzensierte Nachrichten aus der Welt","publisher":{"@id":"https:\/\/now-news.de\/de\/#organization"},"potentialAction":[{"@type":"SearchAction","target":{"@type":"EntryPoint","urlTemplate":"https:\/\/now-news.de\/de\/?s={search_term_string}"},"query-input":"required name=search_term_string"}],"inLanguage":"de"},{"@type":"Organization","@id":"https:\/\/now-news.de\/de\/#organization","name":"Just Now News","url":"https:\/\/now-news.de\/de\/","logo":{"@type":"ImageObject","inLanguage":"de","@id":"https:\/\/now-news.de\/de\/#\/schema\/logo\/image\/","url":"http:\/\/just-now.news\/de\/wp-content\/uploads\/sites\/3\/2022\/04\/logo500x500.jpg","contentUrl":"http:\/\/just-now.news\/de\/wp-content\/uploads\/sites\/3\/2022\/04\/logo500x500.jpg","width":500,"height":500,"caption":"Just Now News"},"image":{"@id":"https:\/\/now-news.de\/de\/#\/schema\/logo\/image\/"},"sameAs":["https:\/\/www.facebook.com\/wirmachenauf","https:\/\/x.com\/WirMachenAuf_de"]},{"@type":"Person","@id":"https:\/\/now-news.de\/de\/#\/schema\/person\/fb534a4e865501d8b3285208df34a9b5","name":"rtnews","image":{"@type":"ImageObject","inLanguage":"de","@id":"https:\/\/now-news.de\/de\/#\/schema\/person\/image\/","url":"https:\/\/secure.gravatar.com\/avatar\/82aafea7d8127119dd649515f56e2117?s=96&d=mm&r=g","contentUrl":"https:\/\/secure.gravatar.com\/avatar\/82aafea7d8127119dd649515f56e2117?s=96&d=mm&r=g","caption":"rtnews"},"url":"https:\/\/now-news.de\/de\/author\/rnews\/"}]}},"_links":{"self":[{"href":"https:\/\/now-news.de\/de\/wp-json\/wp\/v2\/posts\/98418"}],"collection":[{"href":"https:\/\/now-news.de\/de\/wp-json\/wp\/v2\/posts"}],"about":[{"href":"https:\/\/now-news.de\/de\/wp-json\/wp\/v2\/types\/post"}],"author":[{"embeddable":true,"href":"https:\/\/now-news.de\/de\/wp-json\/wp\/v2\/users\/3"}],"replies":[{"embeddable":true,"href":"https:\/\/now-news.de\/de\/wp-json\/wp\/v2\/comments?post=98418"}],"version-history":[{"count":0,"href":"https:\/\/now-news.de\/de\/wp-json\/wp\/v2\/posts\/98418\/revisions"}],"wp:featuredmedia":[{"embeddable":true,"href":"https:\/\/now-news.de\/de\/wp-json\/wp\/v2\/media\/98419"}],"wp:attachment":[{"href":"https:\/\/now-news.de\/de\/wp-json\/wp\/v2\/media?parent=98418"}],"wp:term":[{"taxonomy":"category","embeddable":true,"href":"https:\/\/now-news.de\/de\/wp-json\/wp\/v2\/categories?post=98418"},{"taxonomy":"post_tag","embeddable":true,"href":"https:\/\/now-news.de\/de\/wp-json\/wp\/v2\/tags?post=98418"}],"curies":[{"name":"wp","href":"https:\/\/api.w.org\/{rel}","templated":true}]}}