{"id":98404,"date":"2026-02-05T13:44:48","date_gmt":"2026-02-05T11:44:48","guid":{"rendered":"https:\/\/now-news.de\/de\/deutschland\/orban-kiew-behandelt-ethnische-ungarn-wie-kanonenfutter\/"},"modified":"2026-02-05T13:44:48","modified_gmt":"2026-02-05T11:44:48","slug":"orban-kiew-behandelt-ethnische-ungarn-wie-kanonenfutter","status":"publish","type":"post","link":"https:\/\/now-news.de\/de\/deutschland\/orban-kiew-behandelt-ethnische-ungarn-wie-kanonenfutter\/","title":{"rendered":"Orb\u00e1n: Kiew behandelt ethnische Ungarn wie &quot;Kanonenfutter&quot;"},"content":{"rendered":"<p><img decoding=\"async\" src=\"https:\/\/now-news.de\/de\/wp-content\/uploads\/sites\/3\/2026\/02\/698477fcb480cc4162084ad4.jpg\" \/><\/p>\n<div class=\"Text-root Text-type_1 \">\n                Nach dem Tod eines weiteren ethnischen Ungarn, der in die ukrainische Armee einberufen wurde, hat der ungarische Regierungschef Orb\u00e1n die Zwangsrekrutierung in der Ukraine scharf kritisiert. Wegen Soldatenmangels bei den ukrainischen Truppen werden M\u00e4nner auf offener Stra\u00dfe von Rekrutierungsbeamten festgenommen.\n            <\/div>\n<p><\/p>\n<div class=\"Text-root Text-type_5 ArticleView-text ViewText-root \">\n<p>Der ungarische Regierungschef Viktor Orb\u00e1n hat die Zwangsrekrutierung ethnischer Ungarn in der Ukraine scharf verurteilt, nachdem ein weiterer Rekrut ums Leben gekommen war.\u00a0<\/p>\n<p><strong><\/strong>Ukrainische Rekrutierungsbeamte nehmen M\u00e4nner im wehrf\u00e4higen Alter auf der Stra\u00dfe und am Arbeitsplatz fest, da die Armee inmitten des Vormarsches der russischen Streitkr\u00e4fte Schwierigkeiten hat, ihre Reihen wieder aufzuf\u00fcllen. Mitarbeiter der ukrainischen Rekrutierungsstellen haben bei Festnahmen k\u00f6rperliche Gewalt angewendet. Es\u00a0gab Berichte\u00a0\u00fcber Todesf\u00e4lle unter den Rekruten.<\/p>\n<p>In einer auf der Plattform X ver\u00f6ffentlichten Videoansprache <a rel=\"nofollow noopener\" target=\"_blank\" href=\"https:\/\/x.com\/PM_ViktorOrban\/status\/2019093155363086695\">sagte<\/a> Orb\u00e1n:\u00a0<\/p>\n<blockquote>\n<p><em>&#8220;Ein weiterer Ungar, der in den Krieg verschleppt wurde, ist aufgrund der Zwangsrekrutierung durch die Ukraine ums Leben gekommen. Das ist inakzeptabel. Wir stehen der Familie zur Seite und werden dies nicht unbeantwortet lassen.&#8221;\u00a0<\/em><\/p>\n<\/blockquote>\n<p>Weiter betonte der Politiker:\u00a0<\/p>\n<blockquote>\n<p><em>&#8220;Alle ukrainischen Beamten, die f\u00fcr die Zwangsrekrutierung verantwortlich sind, werden unverz\u00fcglich aus Ungarn ausgewiesen. Unser Volk darf nicht als Kanonenfutter missbraucht werden.&#8221;<\/em><\/p>\n<\/blockquote>\n<p>Die Beh\u00f6rden der westukrainischen Region Transkarpatien, in der die gro\u00dfe ungarische Minderheit lebt, hatten den Tod des 46-j\u00e4hrigen Zsolt Reb\u00e1n am 20. Januar mitgeteilt.\u00a0<\/p>\n<p>Bal\u00e1zs Orb\u00e1n, ein politischer Berater des ungarischen Premierministers, erkl\u00e4rte, dass Reb\u00e1n &#8220;gewaltsam von der Stra\u00dfe geholt und zum Wehrdienst gezwungen wurde.&#8221;\u00a0Dies erfolgte\u00a0trotz der Tatsache, dass der Mann wegen einer chronischen Herzerkrankung f\u00fcr den Milit\u00e4rdienst untauglich war.\u00a0Nach Angaben der ungarischen Medien sei er in einem Trainingszentrum nahe Lwow gestorben.\u00a0Laut Bal\u00e1zs Orb\u00e1n sei der verstorbene Mann EU-B\u00fcrger gewesen.<\/p>\n<p><strong><\/strong>Im Juli 2025\u00a0war J\u00f3zsef Sebesty\u00e9n, der\u00a0die doppelte Staatsangeh\u00f6rigkeit der Ukraine und Ungarns hatte, einige Wochen nach der Einberufung zum Wehrdienst verstorben.\u00a0Die Familie des 45-j\u00e4hrigen Mannes erkl\u00e4rte, dass er in einem Trainingszentrum verpr\u00fcgelt worden sei. Die ukrainischen Beh\u00f6rden wiesen die Vorw\u00fcrfe zur\u00fcck und erkl\u00e4rten, dass Sebesty\u00e9n\u00a0an\u00a0einer Lungenembolie gestorben sei.<\/p>\n<p><strong>Mehr zum Thema &#8211;<\/strong>\u00a0<a rel=\"nofollow noopener\" target=\"_blank\" href=\"https:\/\/freedert.online\/europa\/269232-ukrainische-veteranen-fordern-polizisten-an\/\">Ukrainische Veteranen fordern &#8220;Polizisten an die Front&#8221; (VIDEO)<\/a><\/p>\n<div class=\"EmbedBlock-root EmbedBlock-externalVideo EmbedBlock-rumble\">\n<div class=\"VkEmbed\"><iframe class=\"lazyload\" data-src=\"https:\/\/rumble.com\/embed\/v72x7xc\" frameborder=\"0\" width=\"853\" height=\"480\" allowfullscreen><\/iframe><\/div>\n<\/div>\n<\/div>\n<p><br \/>\n<br \/><a href=\"https:\/\/de.rt.com\/europa\/269368-orban-kiew-behandelt-ethnische-ungarn\/\">Source link <\/a><\/p>\n","protected":false},"excerpt":{"rendered":"<p>Nach dem Tod eines weiteren ethnischen Ungarn, der in die ukrainische Armee einberufen wurde, hat der ungarische Regierungschef Orb\u00e1n die Zwangsrekrutierung in der Ukraine scharf kritisiert. Wegen Soldatenmangels bei den ukrainischen Truppen werden M\u00e4nner auf offener Stra\u00dfe von Rekrutierungsbeamten festgenommen. Der ungarische Regierungschef Viktor Orb\u00e1n hat die Zwangsrekrutierung ethnischer Ungarn in der Ukraine scharf verurteilt, [&hellip;]<\/p>\n","protected":false},"author":3,"featured_media":98405,"comment_status":"open","ping_status":"open","sticky":false,"template":"","format":"standard","meta":{"_yoast_indexnow_last_ping":["1770291942"],"wp_automatic_camp":["217"],"76290f415b305b6bc9d7068aa1a31ec1":["Orb\u00e1n: Kiew behandelt ethnische Ungarn wie &quot;Kanonenfutter&quot;"],"original_link":["https:\/\/de.rt.com\/europa\/269368-orban-kiew-behandelt-ethnische-ungarn\/"],"_thumbnail_id":["98405"],"jnews_social_counter_last_update":["1777089910"],"_wptgpro_p2tg_sent2tg":["a:1:{i:23737;s:19:\"2026-02-05 13:46:42\";}"]},"categories":[19,23],"tags":[61032,27577,1025,6397,42830,11664,579],"yoast_head":"<!-- This site is optimized with the Yoast SEO Premium plugin v22.7 (Yoast SEO v22.7) - https:\/\/yoast.com\/wordpress\/plugins\/seo\/ -->\n<title>Orb\u00e1n: Kiew behandelt ethnische Ungarn wie &quot;Kanonenfutter&quot; - just-now.NEWS Deutschland<\/title>\n<meta name=\"robots\" content=\"index, follow, max-snippet:-1, max-image-preview:large, max-video-preview:-1\" \/>\n<link rel=\"canonical\" href=\"https:\/\/now-news.de\/de\/deutschland\/orban-kiew-behandelt-ethnische-ungarn-wie-kanonenfutter\/\" \/>\n<meta property=\"og:locale\" content=\"de_DE\" \/>\n<meta property=\"og:type\" content=\"article\" \/>\n<meta property=\"og:title\" content=\"Orb\u00e1n: Kiew behandelt ethnische Ungarn wie &quot;Kanonenfutter&quot;\" \/>\n<meta property=\"og:description\" content=\"Nach dem Tod eines weiteren ethnischen Ungarn, der in die ukrainische Armee einberufen wurde, hat der ungarische Regierungschef Orb\u00e1n die Zwangsrekrutierung in der Ukraine scharf kritisiert. Wegen Soldatenmangels bei den ukrainischen Truppen werden M\u00e4nner auf offener Stra\u00dfe von Rekrutierungsbeamten festgenommen. Der ungarische Regierungschef Viktor Orb\u00e1n hat die Zwangsrekrutierung ethnischer Ungarn in der Ukraine scharf verurteilt, [&hellip;]\" \/>\n<meta property=\"og:url\" content=\"https:\/\/now-news.de\/de\/deutschland\/orban-kiew-behandelt-ethnische-ungarn-wie-kanonenfutter\/\" \/>\n<meta property=\"og:site_name\" content=\"just-now.NEWS Deutschland\" \/>\n<meta property=\"article:publisher\" content=\"https:\/\/www.facebook.com\/wirmachenauf\" \/>\n<meta property=\"article:published_time\" content=\"2026-02-05T11:44:48+00:00\" \/>\n<meta property=\"og:image\" content=\"https:\/\/now-news.de\/de\/wp-content\/uploads\/sites\/3\/2026\/02\/698477fcb480cc4162084ad4.jpg\" \/>\n<meta name=\"author\" content=\"rtnews\" \/>\n<meta name=\"twitter:card\" content=\"summary_large_image\" \/>\n<meta name=\"twitter:creator\" content=\"@WirMachenAuf_de\" \/>\n<meta name=\"twitter:site\" content=\"@WirMachenAuf_de\" \/>\n<meta name=\"twitter:label1\" content=\"Verfasst von\" \/>\n\t<meta name=\"twitter:data1\" content=\"rtnews\" \/>\n\t<meta name=\"twitter:label2\" content=\"Gesch\u00e4tzte Lesezeit\" \/>\n\t<meta name=\"twitter:data2\" content=\"2\u00a0Minuten\" \/>\n<script type=\"application\/ld+json\" class=\"yoast-schema-graph\">{\"@context\":\"https:\/\/schema.org\",\"@graph\":[{\"@type\":\"Article\",\"@id\":\"https:\/\/now-news.de\/de\/deutschland\/orban-kiew-behandelt-ethnische-ungarn-wie-kanonenfutter\/#article\",\"isPartOf\":{\"@id\":\"https:\/\/now-news.de\/de\/deutschland\/orban-kiew-behandelt-ethnische-ungarn-wie-kanonenfutter\/\"},\"author\":{\"name\":\"rtnews\",\"@id\":\"https:\/\/now-news.de\/de\/#\/schema\/person\/fb534a4e865501d8b3285208df34a9b5\"},\"headline\":\"Orb\u00e1n: Kiew behandelt ethnische Ungarn wie &quot;Kanonenfutter&quot;\",\"datePublished\":\"2026-02-05T11:44:48+00:00\",\"dateModified\":\"2026-02-05T11:44:48+00:00\",\"mainEntityOfPage\":{\"@id\":\"https:\/\/now-news.de\/de\/deutschland\/orban-kiew-behandelt-ethnische-ungarn-wie-kanonenfutter\/\"},\"wordCount\":380,\"commentCount\":0,\"publisher\":{\"@id\":\"https:\/\/now-news.de\/de\/#organization\"},\"image\":{\"@id\":\"https:\/\/now-news.de\/de\/deutschland\/orban-kiew-behandelt-ethnische-ungarn-wie-kanonenfutter\/#primaryimage\"},\"thumbnailUrl\":\"https:\/\/now-news.de\/de\/wp-content\/uploads\/sites\/3\/2026\/02\/Orban-Kiew-behandelt-ethnische-Ungarn-wie-quotKanonenfutterquot.jpg\",\"keywords\":[\"behandelt\",\"ethnische\",\"Kiew\",\"Orb\u00e1n\",\"quotKanonenfutterquot\",\"Ungarn\",\"Wie\"],\"articleSection\":[\"Deutschland\",\"Russland\"],\"inLanguage\":\"de\",\"potentialAction\":[{\"@type\":\"CommentAction\",\"name\":\"Comment\",\"target\":[\"https:\/\/now-news.de\/de\/deutschland\/orban-kiew-behandelt-ethnische-ungarn-wie-kanonenfutter\/#respond\"]}]},{\"@type\":\"WebPage\",\"@id\":\"https:\/\/now-news.de\/de\/deutschland\/orban-kiew-behandelt-ethnische-ungarn-wie-kanonenfutter\/\",\"url\":\"https:\/\/now-news.de\/de\/deutschland\/orban-kiew-behandelt-ethnische-ungarn-wie-kanonenfutter\/\",\"name\":\"Orb\u00e1n: Kiew behandelt ethnische Ungarn wie &quot;Kanonenfutter&quot; - just-now.NEWS Deutschland\",\"isPartOf\":{\"@id\":\"https:\/\/now-news.de\/de\/#website\"},\"primaryImageOfPage\":{\"@id\":\"https:\/\/now-news.de\/de\/deutschland\/orban-kiew-behandelt-ethnische-ungarn-wie-kanonenfutter\/#primaryimage\"},\"image\":{\"@id\":\"https:\/\/now-news.de\/de\/deutschland\/orban-kiew-behandelt-ethnische-ungarn-wie-kanonenfutter\/#primaryimage\"},\"thumbnailUrl\":\"https:\/\/now-news.de\/de\/wp-content\/uploads\/sites\/3\/2026\/02\/Orban-Kiew-behandelt-ethnische-Ungarn-wie-quotKanonenfutterquot.jpg\",\"datePublished\":\"2026-02-05T11:44:48+00:00\",\"dateModified\":\"2026-02-05T11:44:48+00:00\",\"breadcrumb\":{\"@id\":\"https:\/\/now-news.de\/de\/deutschland\/orban-kiew-behandelt-ethnische-ungarn-wie-kanonenfutter\/#breadcrumb\"},\"inLanguage\":\"de\",\"potentialAction\":[{\"@type\":\"ReadAction\",\"target\":[\"https:\/\/now-news.de\/de\/deutschland\/orban-kiew-behandelt-ethnische-ungarn-wie-kanonenfutter\/\"]}]},{\"@type\":\"ImageObject\",\"inLanguage\":\"de\",\"@id\":\"https:\/\/now-news.de\/de\/deutschland\/orban-kiew-behandelt-ethnische-ungarn-wie-kanonenfutter\/#primaryimage\",\"url\":\"https:\/\/now-news.de\/de\/wp-content\/uploads\/sites\/3\/2026\/02\/Orban-Kiew-behandelt-ethnische-Ungarn-wie-quotKanonenfutterquot.jpg\",\"contentUrl\":\"https:\/\/now-news.de\/de\/wp-content\/uploads\/sites\/3\/2026\/02\/Orban-Kiew-behandelt-ethnische-Ungarn-wie-quotKanonenfutterquot.jpg\",\"width\":460,\"height\":259,\"caption\":\"Orb\u00e1n: Kiew behandelt ethnische Ungarn wie &quot;Kanonenfutter&quot;\"},{\"@type\":\"BreadcrumbList\",\"@id\":\"https:\/\/now-news.de\/de\/deutschland\/orban-kiew-behandelt-ethnische-ungarn-wie-kanonenfutter\/#breadcrumb\",\"itemListElement\":[{\"@type\":\"ListItem\",\"position\":1,\"name\":\"Home\",\"item\":\"https:\/\/now-news.de\/de\/\"},{\"@type\":\"ListItem\",\"position\":2,\"name\":\"Orb\u00e1n: Kiew behandelt ethnische Ungarn wie &quot;Kanonenfutter&quot;\"}]},{\"@type\":\"WebSite\",\"@id\":\"https:\/\/now-news.de\/de\/#website\",\"url\":\"https:\/\/now-news.de\/de\/\",\"name\":\"just-now.NEWS Deutschland\",\"description\":\"Das Portal f\u00fcr unzensierte Nachrichten aus der Welt\",\"publisher\":{\"@id\":\"https:\/\/now-news.de\/de\/#organization\"},\"potentialAction\":[{\"@type\":\"SearchAction\",\"target\":{\"@type\":\"EntryPoint\",\"urlTemplate\":\"https:\/\/now-news.de\/de\/?s={search_term_string}\"},\"query-input\":\"required name=search_term_string\"}],\"inLanguage\":\"de\"},{\"@type\":\"Organization\",\"@id\":\"https:\/\/now-news.de\/de\/#organization\",\"name\":\"Just Now News\",\"url\":\"https:\/\/now-news.de\/de\/\",\"logo\":{\"@type\":\"ImageObject\",\"inLanguage\":\"de\",\"@id\":\"https:\/\/now-news.de\/de\/#\/schema\/logo\/image\/\",\"url\":\"http:\/\/just-now.news\/de\/wp-content\/uploads\/sites\/3\/2022\/04\/logo500x500.jpg\",\"contentUrl\":\"http:\/\/just-now.news\/de\/wp-content\/uploads\/sites\/3\/2022\/04\/logo500x500.jpg\",\"width\":500,\"height\":500,\"caption\":\"Just Now News\"},\"image\":{\"@id\":\"https:\/\/now-news.de\/de\/#\/schema\/logo\/image\/\"},\"sameAs\":[\"https:\/\/www.facebook.com\/wirmachenauf\",\"https:\/\/x.com\/WirMachenAuf_de\"]},{\"@type\":\"Person\",\"@id\":\"https:\/\/now-news.de\/de\/#\/schema\/person\/fb534a4e865501d8b3285208df34a9b5\",\"name\":\"rtnews\",\"image\":{\"@type\":\"ImageObject\",\"inLanguage\":\"de\",\"@id\":\"https:\/\/now-news.de\/de\/#\/schema\/person\/image\/\",\"url\":\"https:\/\/secure.gravatar.com\/avatar\/82aafea7d8127119dd649515f56e2117?s=96&d=mm&r=g\",\"contentUrl\":\"https:\/\/secure.gravatar.com\/avatar\/82aafea7d8127119dd649515f56e2117?s=96&d=mm&r=g\",\"caption\":\"rtnews\"},\"url\":\"https:\/\/now-news.de\/de\/author\/rnews\/\"}]}<\/script>\n<!-- \/ Yoast SEO Premium plugin. -->","yoast_head_json":{"title":"Orb\u00e1n: Kiew behandelt ethnische Ungarn wie &quot;Kanonenfutter&quot; - just-now.NEWS Deutschland","robots":{"index":"index","follow":"follow","max-snippet":"max-snippet:-1","max-image-preview":"max-image-preview:large","max-video-preview":"max-video-preview:-1"},"canonical":"https:\/\/now-news.de\/de\/deutschland\/orban-kiew-behandelt-ethnische-ungarn-wie-kanonenfutter\/","og_locale":"de_DE","og_type":"article","og_title":"Orb\u00e1n: Kiew behandelt ethnische Ungarn wie &quot;Kanonenfutter&quot;","og_description":"Nach dem Tod eines weiteren ethnischen Ungarn, der in die ukrainische Armee einberufen wurde, hat der ungarische Regierungschef Orb\u00e1n die Zwangsrekrutierung in der Ukraine scharf kritisiert. Wegen Soldatenmangels bei den ukrainischen Truppen werden M\u00e4nner auf offener Stra\u00dfe von Rekrutierungsbeamten festgenommen. Der ungarische Regierungschef Viktor Orb\u00e1n hat die Zwangsrekrutierung ethnischer Ungarn in der Ukraine scharf verurteilt, [&hellip;]","og_url":"https:\/\/now-news.de\/de\/deutschland\/orban-kiew-behandelt-ethnische-ungarn-wie-kanonenfutter\/","og_site_name":"just-now.NEWS Deutschland","article_publisher":"https:\/\/www.facebook.com\/wirmachenauf","article_published_time":"2026-02-05T11:44:48+00:00","og_image":[{"url":"https:\/\/now-news.de\/de\/wp-content\/uploads\/sites\/3\/2026\/02\/698477fcb480cc4162084ad4.jpg"}],"author":"rtnews","twitter_card":"summary_large_image","twitter_creator":"@WirMachenAuf_de","twitter_site":"@WirMachenAuf_de","twitter_misc":{"Verfasst von":"rtnews","Gesch\u00e4tzte Lesezeit":"2\u00a0Minuten"},"schema":{"@context":"https:\/\/schema.org","@graph":[{"@type":"Article","@id":"https:\/\/now-news.de\/de\/deutschland\/orban-kiew-behandelt-ethnische-ungarn-wie-kanonenfutter\/#article","isPartOf":{"@id":"https:\/\/now-news.de\/de\/deutschland\/orban-kiew-behandelt-ethnische-ungarn-wie-kanonenfutter\/"},"author":{"name":"rtnews","@id":"https:\/\/now-news.de\/de\/#\/schema\/person\/fb534a4e865501d8b3285208df34a9b5"},"headline":"Orb\u00e1n: Kiew behandelt ethnische Ungarn wie &quot;Kanonenfutter&quot;","datePublished":"2026-02-05T11:44:48+00:00","dateModified":"2026-02-05T11:44:48+00:00","mainEntityOfPage":{"@id":"https:\/\/now-news.de\/de\/deutschland\/orban-kiew-behandelt-ethnische-ungarn-wie-kanonenfutter\/"},"wordCount":380,"commentCount":0,"publisher":{"@id":"https:\/\/now-news.de\/de\/#organization"},"image":{"@id":"https:\/\/now-news.de\/de\/deutschland\/orban-kiew-behandelt-ethnische-ungarn-wie-kanonenfutter\/#primaryimage"},"thumbnailUrl":"https:\/\/now-news.de\/de\/wp-content\/uploads\/sites\/3\/2026\/02\/Orban-Kiew-behandelt-ethnische-Ungarn-wie-quotKanonenfutterquot.jpg","keywords":["behandelt","ethnische","Kiew","Orb\u00e1n","quotKanonenfutterquot","Ungarn","Wie"],"articleSection":["Deutschland","Russland"],"inLanguage":"de","potentialAction":[{"@type":"CommentAction","name":"Comment","target":["https:\/\/now-news.de\/de\/deutschland\/orban-kiew-behandelt-ethnische-ungarn-wie-kanonenfutter\/#respond"]}]},{"@type":"WebPage","@id":"https:\/\/now-news.de\/de\/deutschland\/orban-kiew-behandelt-ethnische-ungarn-wie-kanonenfutter\/","url":"https:\/\/now-news.de\/de\/deutschland\/orban-kiew-behandelt-ethnische-ungarn-wie-kanonenfutter\/","name":"Orb\u00e1n: Kiew behandelt ethnische Ungarn wie &quot;Kanonenfutter&quot; - just-now.NEWS Deutschland","isPartOf":{"@id":"https:\/\/now-news.de\/de\/#website"},"primaryImageOfPage":{"@id":"https:\/\/now-news.de\/de\/deutschland\/orban-kiew-behandelt-ethnische-ungarn-wie-kanonenfutter\/#primaryimage"},"image":{"@id":"https:\/\/now-news.de\/de\/deutschland\/orban-kiew-behandelt-ethnische-ungarn-wie-kanonenfutter\/#primaryimage"},"thumbnailUrl":"https:\/\/now-news.de\/de\/wp-content\/uploads\/sites\/3\/2026\/02\/Orban-Kiew-behandelt-ethnische-Ungarn-wie-quotKanonenfutterquot.jpg","datePublished":"2026-02-05T11:44:48+00:00","dateModified":"2026-02-05T11:44:48+00:00","breadcrumb":{"@id":"https:\/\/now-news.de\/de\/deutschland\/orban-kiew-behandelt-ethnische-ungarn-wie-kanonenfutter\/#breadcrumb"},"inLanguage":"de","potentialAction":[{"@type":"ReadAction","target":["https:\/\/now-news.de\/de\/deutschland\/orban-kiew-behandelt-ethnische-ungarn-wie-kanonenfutter\/"]}]},{"@type":"ImageObject","inLanguage":"de","@id":"https:\/\/now-news.de\/de\/deutschland\/orban-kiew-behandelt-ethnische-ungarn-wie-kanonenfutter\/#primaryimage","url":"https:\/\/now-news.de\/de\/wp-content\/uploads\/sites\/3\/2026\/02\/Orban-Kiew-behandelt-ethnische-Ungarn-wie-quotKanonenfutterquot.jpg","contentUrl":"https:\/\/now-news.de\/de\/wp-content\/uploads\/sites\/3\/2026\/02\/Orban-Kiew-behandelt-ethnische-Ungarn-wie-quotKanonenfutterquot.jpg","width":460,"height":259,"caption":"Orb\u00e1n: Kiew behandelt ethnische Ungarn wie &quot;Kanonenfutter&quot;"},{"@type":"BreadcrumbList","@id":"https:\/\/now-news.de\/de\/deutschland\/orban-kiew-behandelt-ethnische-ungarn-wie-kanonenfutter\/#breadcrumb","itemListElement":[{"@type":"ListItem","position":1,"name":"Home","item":"https:\/\/now-news.de\/de\/"},{"@type":"ListItem","position":2,"name":"Orb\u00e1n: Kiew behandelt ethnische Ungarn wie &quot;Kanonenfutter&quot;"}]},{"@type":"WebSite","@id":"https:\/\/now-news.de\/de\/#website","url":"https:\/\/now-news.de\/de\/","name":"just-now.NEWS Deutschland","description":"Das Portal f\u00fcr unzensierte Nachrichten aus der Welt","publisher":{"@id":"https:\/\/now-news.de\/de\/#organization"},"potentialAction":[{"@type":"SearchAction","target":{"@type":"EntryPoint","urlTemplate":"https:\/\/now-news.de\/de\/?s={search_term_string}"},"query-input":"required name=search_term_string"}],"inLanguage":"de"},{"@type":"Organization","@id":"https:\/\/now-news.de\/de\/#organization","name":"Just Now News","url":"https:\/\/now-news.de\/de\/","logo":{"@type":"ImageObject","inLanguage":"de","@id":"https:\/\/now-news.de\/de\/#\/schema\/logo\/image\/","url":"http:\/\/just-now.news\/de\/wp-content\/uploads\/sites\/3\/2022\/04\/logo500x500.jpg","contentUrl":"http:\/\/just-now.news\/de\/wp-content\/uploads\/sites\/3\/2022\/04\/logo500x500.jpg","width":500,"height":500,"caption":"Just Now News"},"image":{"@id":"https:\/\/now-news.de\/de\/#\/schema\/logo\/image\/"},"sameAs":["https:\/\/www.facebook.com\/wirmachenauf","https:\/\/x.com\/WirMachenAuf_de"]},{"@type":"Person","@id":"https:\/\/now-news.de\/de\/#\/schema\/person\/fb534a4e865501d8b3285208df34a9b5","name":"rtnews","image":{"@type":"ImageObject","inLanguage":"de","@id":"https:\/\/now-news.de\/de\/#\/schema\/person\/image\/","url":"https:\/\/secure.gravatar.com\/avatar\/82aafea7d8127119dd649515f56e2117?s=96&d=mm&r=g","contentUrl":"https:\/\/secure.gravatar.com\/avatar\/82aafea7d8127119dd649515f56e2117?s=96&d=mm&r=g","caption":"rtnews"},"url":"https:\/\/now-news.de\/de\/author\/rnews\/"}]}},"_links":{"self":[{"href":"https:\/\/now-news.de\/de\/wp-json\/wp\/v2\/posts\/98404"}],"collection":[{"href":"https:\/\/now-news.de\/de\/wp-json\/wp\/v2\/posts"}],"about":[{"href":"https:\/\/now-news.de\/de\/wp-json\/wp\/v2\/types\/post"}],"author":[{"embeddable":true,"href":"https:\/\/now-news.de\/de\/wp-json\/wp\/v2\/users\/3"}],"replies":[{"embeddable":true,"href":"https:\/\/now-news.de\/de\/wp-json\/wp\/v2\/comments?post=98404"}],"version-history":[{"count":0,"href":"https:\/\/now-news.de\/de\/wp-json\/wp\/v2\/posts\/98404\/revisions"}],"wp:featuredmedia":[{"embeddable":true,"href":"https:\/\/now-news.de\/de\/wp-json\/wp\/v2\/media\/98405"}],"wp:attachment":[{"href":"https:\/\/now-news.de\/de\/wp-json\/wp\/v2\/media?parent=98404"}],"wp:term":[{"taxonomy":"category","embeddable":true,"href":"https:\/\/now-news.de\/de\/wp-json\/wp\/v2\/categories?post=98404"},{"taxonomy":"post_tag","embeddable":true,"href":"https:\/\/now-news.de\/de\/wp-json\/wp\/v2\/tags?post=98404"}],"curies":[{"name":"wp","href":"https:\/\/api.w.org\/{rel}","templated":true}]}}