{"id":98402,"date":"2026-02-05T13:02:47","date_gmt":"2026-02-05T11:02:47","guid":{"rendered":"https:\/\/now-news.de\/de\/deutschland\/leyen-vs-kallas-hintergruende-der-zickenfehde\/"},"modified":"2026-02-05T13:02:47","modified_gmt":"2026-02-05T11:02:47","slug":"leyen-vs-kallas-hintergruende-der-zickenfehde","status":"publish","type":"post","link":"https:\/\/now-news.de\/de\/deutschland\/leyen-vs-kallas-hintergruende-der-zickenfehde\/","title":{"rendered":"Leyen vs. Kallas\u00a0\u2013 Hintergr\u00fcnde der Zickenfehde"},"content":{"rendered":"<p><img decoding=\"async\" src=\"https:\/\/now-news.de\/de\/wp-content\/uploads\/sites\/3\/2026\/02\/6983815148fbef74fe16fbbc.png\" \/><\/p>\n<div class=\"Text-root Text-type_1 \">\n                Kaja Kallas, die fr\u00fchere Vorsteherin der zunehmend menschenleeren Hinterwaldrepublik Estland, wurde von Flinten-Uschi daf\u00fcr auf den EU-Olymp gehoben, dass sie einerseits gehorsam ist und andererseits inkompetent und russophob. Und wenn es zwischen diesen zwei stutenbissigen, begriffsstutzigen, Stuss schnackenden Schnepfen pl\u00f6tzlich knirscht, dann ist das ein Zeichen f\u00fcr gro\u00dfe Krisen.\n            <\/div>\n<p><\/p>\n<div class=\"Text-root Text-type_5 ArticleView-text ViewText-root \">\n<p><em><\/em><em>Von Geworg Mirsajan<\/em><\/p>\n<p>K\u00fcrzlich brach im edlen Geschlechte des demokratischen Abendlandes ein neuer Skandal aus: Eines der West-Medien berichtete \u00fcber einen Konflikt zwischen der EU-Kommissionsvorsitzenden Ursula von der Leyen und der EU-Kommissarin f\u00fcr Au\u00dfen- und Sicherheitspolitik, Kaja Kallas. Offiziell besteht der Kern des Streits darin, dass Ursula von der Leyen ihrer j\u00fcngeren Kollegin Kallas au\u00dfenpolitische Befugnisse entzieht \u2013 und zwar indem sie diplomatische Strukturen nutzt beziehungsweise schafft, die ihr pers\u00f6nlich unterstellt sind und sich in Funktionen und Befugnissen mit denen Kallas pers\u00f6nlich unterstellten \u00fcberschneiden oder gar doppeln. Kallas wiederum wirft der Kommissionspr\u00e4sidentin vor, sie habe Machtbefugnisse wahrhaft diktatorischer Gr\u00f6\u00dfe an sich gerissen \u2013 legt aber resignierend die H\u00e4nde in den Scho\u00df und erkl\u00e4rt, sie k\u00f6nne nichts dagegen tun.<\/p>\n<p>In Wirklichkeit hat der Konflikt ein etwas tieferes Wesen. Der Streit zwischen von der Leyen und Kallas ist eine Folge einer tiefgreifenden internen Krise, die die F\u00fchrung der Europ\u00e4ischen Kommission und \u00fcberhaupt die gesamte europ\u00e4ische F\u00fchrungsriege erfasst hat. Eine Krise, aus der sich die einstigen Teamspieler nun im Alleingang zu befreien versuchen.<\/p>\n<p>Gerade einmal vor achtzehn Monaten war alles noch ganz anders. Die selbstauferlegte Hauptmission Ursula von der Leyens \u2013 dieser verhinderten deutschen Bundeskanzlerin, die Angela Merkel h\u00e4tte beerben sollen \u2013 war die St\u00e4rkung ihrer Macht innerhalb der Europ\u00e4ischen Union. Ursula wollte sich von einer gesamteurop\u00e4ischen Verwalterin zu einer vollwertigen K\u00f6nigin (oder, seien wir ehrlich, in ihrem Fall passt F\u00fchrerin besser) verwandeln. Sie setzte sich daher die Aufgabe, den Einfluss nationaler Staats- und Regierungschefs zu minimieren und sich selbst mit Personen zu umgeben, die es nicht wagen w\u00fcrden, ihre Autorit\u00e4t und ihre Mission in Frage zu stellen.<\/p>\n<p>Und es schien ja, als sei Kallas, die im Dezember 2024 zur EU-Kommissarin f\u00fcr Au\u00dfen- und Sicherheitspolitik ernannt wurde, in letztgenannter Hinsicht eine ideale Kandidatin f\u00fcr Ursula. Erstens ist Kallas gehorsam. Und da sie wenig diplomatische Erfahrung besa\u00df und das Kabinett eines peripheren EU-Landes (Estland) leitete, dessen gesamte Diplomatie sich auf die Anwerbung deutscher und finnischer Touristen beschr\u00e4nkte, war Kallas st\u00e4ndig gezwungen, ihrer EU-Vorgesetzten nach dem Mund zu reden. Damit steht sie durchaus im Gegensatz zu ihrem Vorg\u00e4nger Josep Borrell, der zuvor Au\u00dfenminister immerhin Spaniens (und eben nicht blo\u00df Estlands oder Andorras) und Pr\u00e4sident des Europ\u00e4ischen Parlaments war.<\/p>\n<p>Zweitens h\u00e4tte Europas wichtigste au\u00dfenpolitische Priorit\u00e4t der Konflikt mit Russland werden m\u00fcssen, und zwar nicht als ein einfacher Konflikt, sondern als ein existenzieller. Dies nicht zuletzt auch daf\u00fcr, Europa unter dem Druck der angeblichen &#8220;russischen Bedrohung&#8221; zu konsolidieren und immer weitere Befugnisse an Br\u00fcssel abzutreten \u2013 alles um des gemeinsamen Kampfes willen.<\/p>\n<div class=\"EmbedBlock-root EmbedBlock-externalVideo EmbedBlock-rumble\">\n<div class=\"VkEmbed\"><iframe class=\"lazyload\" data-src=\"https:\/\/rumble.com\/embed\/v70khrk\" frameborder=\"0\" width=\"853\" height=\"480\" allowfullscreen><\/iframe><\/div>\n<\/div>\n<p>Und da brauchte Ursula von der Leyen eine solche Person an der Spitze des EU-Au\u00dfenministeriums, die f\u00fcr die Stimme der Vernunft g\u00e4nzlich unempf\u00e4nglich w\u00e4re. Jemanden, der die Bedeutung Russlands f\u00fcr die Schaffung eines gesamteurop\u00e4ischen Systems kollektiver Sicherheit, die Bedeutung russischen Gases f\u00fcr das Funktionieren der europ\u00e4ischen Wirtschaft und die Bedeutung der Zusammenarbeit mit Moskau als Gegengewicht zum US-Einfluss in der Europ\u00e4ischen Union \u00fcberhaupt nicht versteht. Kurzum: Sie brauchte einen Vertreter der baltischen Staaten, der historisch ungebildet und von Russophobie besessen w\u00e4re.<\/p>\n<p>\u00dcbrigens pickte Ursula sogar zwei solche Leute heraus: Neben Kallas, die heute das Amt der EU-Kommissarin f\u00fcr Au\u00dfen- und Sicherheitspolitik innehat, ernannte sie den ehemaligen litauischen Ministerpr\u00e4sidenten Andrius Kubilius zum EU-Kommissar f\u00fcr Verteidigung.<\/p>\n<p>Doch jetzt ist Kaja Kallas f\u00fcr Ursula keine bequeme Assistentin mehr \u2013 und Ursula f\u00fcr Kaja keine so entspannte Vorgesetzte mehr wie zuvor. Aus einer ganzen Reihe von Gr\u00fcnden.<\/p>\n<p>Vor allem liegt dies an Kaja Kallas&#8217; zum Himmel schreiender Inkompetenz. Im Jahr 2025 wurde pl\u00f6tzlich deutlich, dass Europa sich mit echter Diplomatie befassen muss. Vor allem gegen\u00fcber Russland, wo es notwendig wurde, von der Politik der blo\u00dfen Eind\u00e4mmung Russlands zu einer Integration in die bereits begonnenen diplomatischen Prozesse zwischen Moskau und Washington \u00fcberzugehen. Es wurde klar: Ein Scheitern w\u00fcrde drohen, Europa in eine strategische Isolation zu treiben; w\u00fcrde drohen, es an den Rand der Geschichte abzudr\u00e4ngen, von wo aus die Europ\u00e4ische Union zusehen m\u00fcsste, wie Russland und die Vereinigten Staaten (wie schon im Kalten Krieg) erneut die zuk\u00fcnftige wirtschaftliche, politische und sogar territoriale Struktur des Kontinents gestalten.<\/p>\n<blockquote>\n<p><em>Es war klar, dass die enorm komplizierte Aufgabe, eine Russland gegen\u00fcber zutiefst feindlich gesinnte Europ\u00e4ische Union in einen Verhandlungsprozess zu integrieren, bei dem Russland als Seite auf Eigenh\u00f6he vertreten ist, f\u00fcr Kallas einfach hoffnungslos \u00fcberfordernd war. <\/em><\/p>\n<\/blockquote>\n<p>Hier w\u00e4re ein Politiker vom Kaliber eines Kissinger n\u00f6tig. Oder zumindest jemand wie der NATO-Generalsekret\u00e4r Mark Rutte, der immerhin \u00fcber ein bemerkenswertes Talent verf\u00fcgt, mit ideologischen Gegnern einen Konsens zu finden. Doch einen anderen Kissinger als Kaja Kallas hat die EU der Welt nicht anzubieten \u2013 und diese versuchte, als Chefin der europ\u00e4ischen Diplomatie, sich in diese Diplomatie einzubringen, anstatt beiseite zu treten und den Mund zu halten. Das Unterfangen scheiterte. Somit blieben zuerst ihre Versuche, Russland zu isolieren, erfolglos \u2013 und anschlie\u00dfend ebenso erfolglos blieben, genauer genommen, ihre Versuche, diese Isolationspolitik gegen\u00fcber Russland mit Diplomatie zu verbinden.<\/p>\n<p>Bei alldem kann sie ihre eklatante Inkompetenz nicht eingestehen \u2013 und so sucht sie nach Leuten, denen sie vorwerfen kann, ihr die H\u00e4nde gebunden, St\u00f6cke in die Speichen gehalten und sie \u00fcberhaupt an einem effektiven Handeln gehindert zu haben.<\/p>\n<p>Doch auch ihre Chefin braucht ihrerseits einen S\u00fcndenbock. Denn: Je n\u00e4her die endg\u00fcltige Niederlage der Europ\u00e4ischen Union im Konflikt mit Russland r\u00fcckt, je deutlicher die Hilflosigkeit und Ohnmacht der EU im Konflikt mit Donald Trump zutage treten \u2013 desto mehr Fragen an Ursula von der Leyen tauchen bei den Menschen auf. Warum konzentrierte sie so viele Befugnisse in ihren eigenen H\u00e4nden? Um\u00a0Trump die gesamte europ\u00e4ische Wirtschaft in den Scho\u00df fallen zu lassen wie einen reifen Apfel? Um in einer Situation, in der die Wirtschaft der EU wenigstens billige Energietr\u00e4ger aus Russland bitter n\u00f6tig hat, mit polternder Lautst\u00e4rke milliardenschwere Projekte f\u00fcr eine Remilitarisierung Europas (im \u00dcbrigen, nochmals: f\u00fcr eine Remilitarisierung ausgerechnet gegen Russland) anzuk\u00fcndigen? Damit, um angesichts all ihrer krachenden Misserfolge Kr\u00e4fte am rechten politischen Rand in den EU-Mitgliedstaaten erstarken, die das Wirtschaftsb\u00fcndnis f\u00fcr den Zusammenbruch ihrer Volkswirtschaften sowie ihrer Au\u00dfen- und Innenpolitik verantwortlich machen (man betrachte nur die Migrationspolitik)?<\/p>\n<p>Um sich gegen solche Fragen zu verteidigen, k\u00f6nnte Ursula von der Leyen f\u00fcr diese Misserfolge einfach Kaja Kallas verantwortlich machen, in deren Verantwortungsbereich sie ja zumindest nominal fielen.<\/p>\n<p>Moskau derweil beobachtet diesen europ\u00e4ischen Revierkrieg mit gro\u00dfer Genugtuung. Schlie\u00dflich offenbart der Konflikt zwischen Ursula von der Leyen und Kaja Kallas die Krise der Europ\u00e4ischen Union. Und ganz gleich, wie dieser Konflikt ausgeht, steht der Verlierer schon jetzt fest: Es ist die EU selbst \u2013 eine Russland gegen\u00fcber feindlich gesinnte Organisation und derzeit der wichtigste Unterst\u00fctzer des Kiewer Regimes. Und das wiederum bedeutet, dass ein siegreiches Ende des Krieges in der Ukraine f\u00fcr die Russen ein St\u00fcck n\u00e4her r\u00fcckt.<\/p>\n<p><em>\u00dcbersetzt aus dem <a rel=\"nofollow noopener\" target=\"_blank\" href=\"https:\/\/russian.rt.com\/opinion\/1590576-mirzayan-kallas-lyaien-es-konflikt\">Russischen<\/a>.<\/em><\/p>\n<p><strong><em>Geworg Mirsajan<\/em><\/strong><em>\u00a0ist au\u00dferordentlicher Professor an der Finanzuniversit\u00e4t der Regierung der Russischen F\u00f6deration, Politikwissenschaftler und eine Pers\u00f6nlichkeit des \u00f6ffentlichen Lebens. Geboren im Jahr 1984 in Taschkent, erwarb er seinen Abschluss an der Staatlichen Universit\u00e4t des Kubangebiets und promovierte in Politikwissenschaft mit dem Schwerpunkt USA. Er war in der Zeit von 2005 bis 2016\u00a0Forscher am Institut f\u00fcr die Vereinigten Staaten und Kanada an der Russischen Akademie der Wissenschaften.<\/em><em><\/em><\/p>\n<p><strong>Mehr zum Thema<\/strong> \u2013 <a rel=\"nofollow noopener\" target=\"_blank\" href=\"https:\/\/freedert.online\/meinung\/267625-welch-erbaermliche-und-prinzipienlose-kreaturen\/\">Welch erb\u00e4rmliche und prinzipienlose Kreaturen: Warum die Europ\u00e4er nun Schutz bei Russland suchen<\/a><\/p>\n<\/div>\n<p><br \/>\n<br \/><a href=\"https:\/\/de.rt.com\/meinung\/269326-leyen-vs-kallas-hintergruende-zickenfehde\/\">Source link <\/a><\/p>\n","protected":false},"excerpt":{"rendered":"<p>Kaja Kallas, die fr\u00fchere Vorsteherin der zunehmend menschenleeren Hinterwaldrepublik Estland, wurde von Flinten-Uschi daf\u00fcr auf den EU-Olymp gehoben, dass sie einerseits gehorsam ist und andererseits inkompetent und russophob. Und wenn es zwischen diesen zwei stutenbissigen, begriffsstutzigen, Stuss schnackenden Schnepfen pl\u00f6tzlich knirscht, dann ist das ein Zeichen f\u00fcr gro\u00dfe Krisen. Von Geworg Mirsajan K\u00fcrzlich brach im [&hellip;]<\/p>\n","protected":false},"author":3,"featured_media":98403,"comment_status":"open","ping_status":"open","sticky":false,"template":"","format":"standard","meta":{"_yoast_indexnow_last_ping":["1770290979"],"wp_automatic_camp":["217"],"ffe6cb6eb3246e7c511ecc858e1a2feb":["Leyen vs. Kallas\u00a0\u2013 Hintergr\u00fcnde der Zickenfehde"],"original_link":["https:\/\/de.rt.com\/meinung\/269326-leyen-vs-kallas-hintergruende-zickenfehde\/"],"_thumbnail_id":["98403"],"jnews_social_counter_last_update":["1777398691"],"_wptgpro_p2tg_sent2tg":["a:1:{i:23737;s:19:\"2026-02-05 13:30:41\";}"]},"categories":[19,23],"tags":[82,5469,28060,368,71022],"yoast_head":"<!-- This site is optimized with the Yoast SEO Premium plugin v22.7 (Yoast SEO v22.7) - https:\/\/yoast.com\/wordpress\/plugins\/seo\/ -->\n<title>Leyen vs. Kallas\u00a0\u2013 Hintergr\u00fcnde der Zickenfehde - just-now.NEWS Deutschland<\/title>\n<meta name=\"robots\" content=\"index, follow, max-snippet:-1, max-image-preview:large, max-video-preview:-1\" \/>\n<link rel=\"canonical\" href=\"https:\/\/now-news.de\/de\/deutschland\/leyen-vs-kallas-hintergruende-der-zickenfehde\/\" \/>\n<meta property=\"og:locale\" content=\"de_DE\" \/>\n<meta property=\"og:type\" content=\"article\" \/>\n<meta property=\"og:title\" content=\"Leyen vs. Kallas\u00a0\u2013 Hintergr\u00fcnde der Zickenfehde\" \/>\n<meta property=\"og:description\" content=\"Kaja Kallas, die fr\u00fchere Vorsteherin der zunehmend menschenleeren Hinterwaldrepublik Estland, wurde von Flinten-Uschi daf\u00fcr auf den EU-Olymp gehoben, dass sie einerseits gehorsam ist und andererseits inkompetent und russophob. Und wenn es zwischen diesen zwei stutenbissigen, begriffsstutzigen, Stuss schnackenden Schnepfen pl\u00f6tzlich knirscht, dann ist das ein Zeichen f\u00fcr gro\u00dfe Krisen. Von Geworg Mirsajan K\u00fcrzlich brach im [&hellip;]\" \/>\n<meta property=\"og:url\" content=\"https:\/\/now-news.de\/de\/deutschland\/leyen-vs-kallas-hintergruende-der-zickenfehde\/\" \/>\n<meta property=\"og:site_name\" content=\"just-now.NEWS Deutschland\" \/>\n<meta property=\"article:publisher\" content=\"https:\/\/www.facebook.com\/wirmachenauf\" \/>\n<meta property=\"article:published_time\" content=\"2026-02-05T11:02:47+00:00\" \/>\n<meta property=\"og:image\" content=\"https:\/\/now-news.de\/de\/wp-content\/uploads\/sites\/3\/2026\/02\/6983815148fbef74fe16fbbc.png\" \/>\n<meta name=\"author\" content=\"rtnews\" \/>\n<meta name=\"twitter:card\" content=\"summary_large_image\" \/>\n<meta name=\"twitter:creator\" content=\"@WirMachenAuf_de\" \/>\n<meta name=\"twitter:site\" content=\"@WirMachenAuf_de\" \/>\n<meta name=\"twitter:label1\" content=\"Verfasst von\" \/>\n\t<meta name=\"twitter:data1\" content=\"rtnews\" \/>\n\t<meta name=\"twitter:label2\" content=\"Gesch\u00e4tzte Lesezeit\" \/>\n\t<meta name=\"twitter:data2\" content=\"7\u00a0Minuten\" \/>\n<script type=\"application\/ld+json\" class=\"yoast-schema-graph\">{\"@context\":\"https:\/\/schema.org\",\"@graph\":[{\"@type\":\"Article\",\"@id\":\"https:\/\/now-news.de\/de\/deutschland\/leyen-vs-kallas-hintergruende-der-zickenfehde\/#article\",\"isPartOf\":{\"@id\":\"https:\/\/now-news.de\/de\/deutschland\/leyen-vs-kallas-hintergruende-der-zickenfehde\/\"},\"author\":{\"name\":\"rtnews\",\"@id\":\"https:\/\/now-news.de\/de\/#\/schema\/person\/fb534a4e865501d8b3285208df34a9b5\"},\"headline\":\"Leyen vs. Kallas\u00a0\u2013 Hintergr\u00fcnde der Zickenfehde\",\"datePublished\":\"2026-02-05T11:02:47+00:00\",\"dateModified\":\"2026-02-05T11:02:47+00:00\",\"mainEntityOfPage\":{\"@id\":\"https:\/\/now-news.de\/de\/deutschland\/leyen-vs-kallas-hintergruende-der-zickenfehde\/\"},\"wordCount\":1349,\"commentCount\":0,\"publisher\":{\"@id\":\"https:\/\/now-news.de\/de\/#organization\"},\"image\":{\"@id\":\"https:\/\/now-news.de\/de\/deutschland\/leyen-vs-kallas-hintergruende-der-zickenfehde\/#primaryimage\"},\"thumbnailUrl\":\"https:\/\/now-news.de\/de\/wp-content\/uploads\/sites\/3\/2026\/02\/Leyen-vs-Kallas-\u2013-Hintergruende-der-Zickenfehde.png\",\"keywords\":[\"der\",\"Hintergr\u00fcnde\",\"Kallas\",\"Leyen\",\"Zickenfehde\"],\"articleSection\":[\"Deutschland\",\"Russland\"],\"inLanguage\":\"de\",\"potentialAction\":[{\"@type\":\"CommentAction\",\"name\":\"Comment\",\"target\":[\"https:\/\/now-news.de\/de\/deutschland\/leyen-vs-kallas-hintergruende-der-zickenfehde\/#respond\"]}]},{\"@type\":\"WebPage\",\"@id\":\"https:\/\/now-news.de\/de\/deutschland\/leyen-vs-kallas-hintergruende-der-zickenfehde\/\",\"url\":\"https:\/\/now-news.de\/de\/deutschland\/leyen-vs-kallas-hintergruende-der-zickenfehde\/\",\"name\":\"Leyen vs. Kallas\u00a0\u2013 Hintergr\u00fcnde der Zickenfehde - just-now.NEWS Deutschland\",\"isPartOf\":{\"@id\":\"https:\/\/now-news.de\/de\/#website\"},\"primaryImageOfPage\":{\"@id\":\"https:\/\/now-news.de\/de\/deutschland\/leyen-vs-kallas-hintergruende-der-zickenfehde\/#primaryimage\"},\"image\":{\"@id\":\"https:\/\/now-news.de\/de\/deutschland\/leyen-vs-kallas-hintergruende-der-zickenfehde\/#primaryimage\"},\"thumbnailUrl\":\"https:\/\/now-news.de\/de\/wp-content\/uploads\/sites\/3\/2026\/02\/Leyen-vs-Kallas-\u2013-Hintergruende-der-Zickenfehde.png\",\"datePublished\":\"2026-02-05T11:02:47+00:00\",\"dateModified\":\"2026-02-05T11:02:47+00:00\",\"breadcrumb\":{\"@id\":\"https:\/\/now-news.de\/de\/deutschland\/leyen-vs-kallas-hintergruende-der-zickenfehde\/#breadcrumb\"},\"inLanguage\":\"de\",\"potentialAction\":[{\"@type\":\"ReadAction\",\"target\":[\"https:\/\/now-news.de\/de\/deutschland\/leyen-vs-kallas-hintergruende-der-zickenfehde\/\"]}]},{\"@type\":\"ImageObject\",\"inLanguage\":\"de\",\"@id\":\"https:\/\/now-news.de\/de\/deutschland\/leyen-vs-kallas-hintergruende-der-zickenfehde\/#primaryimage\",\"url\":\"https:\/\/now-news.de\/de\/wp-content\/uploads\/sites\/3\/2026\/02\/Leyen-vs-Kallas-\u2013-Hintergruende-der-Zickenfehde.png\",\"contentUrl\":\"https:\/\/now-news.de\/de\/wp-content\/uploads\/sites\/3\/2026\/02\/Leyen-vs-Kallas-\u2013-Hintergruende-der-Zickenfehde.png\",\"width\":460,\"height\":259,\"caption\":\"Leyen vs. Kallas\u00a0\u2013 Hintergr\u00fcnde der Zickenfehde\"},{\"@type\":\"BreadcrumbList\",\"@id\":\"https:\/\/now-news.de\/de\/deutschland\/leyen-vs-kallas-hintergruende-der-zickenfehde\/#breadcrumb\",\"itemListElement\":[{\"@type\":\"ListItem\",\"position\":1,\"name\":\"Home\",\"item\":\"https:\/\/now-news.de\/de\/\"},{\"@type\":\"ListItem\",\"position\":2,\"name\":\"Leyen vs. Kallas\u00a0\u2013 Hintergr\u00fcnde der Zickenfehde\"}]},{\"@type\":\"WebSite\",\"@id\":\"https:\/\/now-news.de\/de\/#website\",\"url\":\"https:\/\/now-news.de\/de\/\",\"name\":\"just-now.NEWS Deutschland\",\"description\":\"Das Portal f\u00fcr unzensierte Nachrichten aus der Welt\",\"publisher\":{\"@id\":\"https:\/\/now-news.de\/de\/#organization\"},\"potentialAction\":[{\"@type\":\"SearchAction\",\"target\":{\"@type\":\"EntryPoint\",\"urlTemplate\":\"https:\/\/now-news.de\/de\/?s={search_term_string}\"},\"query-input\":\"required name=search_term_string\"}],\"inLanguage\":\"de\"},{\"@type\":\"Organization\",\"@id\":\"https:\/\/now-news.de\/de\/#organization\",\"name\":\"Just Now News\",\"url\":\"https:\/\/now-news.de\/de\/\",\"logo\":{\"@type\":\"ImageObject\",\"inLanguage\":\"de\",\"@id\":\"https:\/\/now-news.de\/de\/#\/schema\/logo\/image\/\",\"url\":\"http:\/\/just-now.news\/de\/wp-content\/uploads\/sites\/3\/2022\/04\/logo500x500.jpg\",\"contentUrl\":\"http:\/\/just-now.news\/de\/wp-content\/uploads\/sites\/3\/2022\/04\/logo500x500.jpg\",\"width\":500,\"height\":500,\"caption\":\"Just Now News\"},\"image\":{\"@id\":\"https:\/\/now-news.de\/de\/#\/schema\/logo\/image\/\"},\"sameAs\":[\"https:\/\/www.facebook.com\/wirmachenauf\",\"https:\/\/x.com\/WirMachenAuf_de\"]},{\"@type\":\"Person\",\"@id\":\"https:\/\/now-news.de\/de\/#\/schema\/person\/fb534a4e865501d8b3285208df34a9b5\",\"name\":\"rtnews\",\"image\":{\"@type\":\"ImageObject\",\"inLanguage\":\"de\",\"@id\":\"https:\/\/now-news.de\/de\/#\/schema\/person\/image\/\",\"url\":\"https:\/\/secure.gravatar.com\/avatar\/82aafea7d8127119dd649515f56e2117?s=96&d=mm&r=g\",\"contentUrl\":\"https:\/\/secure.gravatar.com\/avatar\/82aafea7d8127119dd649515f56e2117?s=96&d=mm&r=g\",\"caption\":\"rtnews\"},\"url\":\"https:\/\/now-news.de\/de\/author\/rnews\/\"}]}<\/script>\n<!-- \/ Yoast SEO Premium plugin. -->","yoast_head_json":{"title":"Leyen vs. Kallas\u00a0\u2013 Hintergr\u00fcnde der Zickenfehde - just-now.NEWS Deutschland","robots":{"index":"index","follow":"follow","max-snippet":"max-snippet:-1","max-image-preview":"max-image-preview:large","max-video-preview":"max-video-preview:-1"},"canonical":"https:\/\/now-news.de\/de\/deutschland\/leyen-vs-kallas-hintergruende-der-zickenfehde\/","og_locale":"de_DE","og_type":"article","og_title":"Leyen vs. Kallas\u00a0\u2013 Hintergr\u00fcnde der Zickenfehde","og_description":"Kaja Kallas, die fr\u00fchere Vorsteherin der zunehmend menschenleeren Hinterwaldrepublik Estland, wurde von Flinten-Uschi daf\u00fcr auf den EU-Olymp gehoben, dass sie einerseits gehorsam ist und andererseits inkompetent und russophob. Und wenn es zwischen diesen zwei stutenbissigen, begriffsstutzigen, Stuss schnackenden Schnepfen pl\u00f6tzlich knirscht, dann ist das ein Zeichen f\u00fcr gro\u00dfe Krisen. Von Geworg Mirsajan K\u00fcrzlich brach im [&hellip;]","og_url":"https:\/\/now-news.de\/de\/deutschland\/leyen-vs-kallas-hintergruende-der-zickenfehde\/","og_site_name":"just-now.NEWS Deutschland","article_publisher":"https:\/\/www.facebook.com\/wirmachenauf","article_published_time":"2026-02-05T11:02:47+00:00","og_image":[{"url":"https:\/\/now-news.de\/de\/wp-content\/uploads\/sites\/3\/2026\/02\/6983815148fbef74fe16fbbc.png"}],"author":"rtnews","twitter_card":"summary_large_image","twitter_creator":"@WirMachenAuf_de","twitter_site":"@WirMachenAuf_de","twitter_misc":{"Verfasst von":"rtnews","Gesch\u00e4tzte Lesezeit":"7\u00a0Minuten"},"schema":{"@context":"https:\/\/schema.org","@graph":[{"@type":"Article","@id":"https:\/\/now-news.de\/de\/deutschland\/leyen-vs-kallas-hintergruende-der-zickenfehde\/#article","isPartOf":{"@id":"https:\/\/now-news.de\/de\/deutschland\/leyen-vs-kallas-hintergruende-der-zickenfehde\/"},"author":{"name":"rtnews","@id":"https:\/\/now-news.de\/de\/#\/schema\/person\/fb534a4e865501d8b3285208df34a9b5"},"headline":"Leyen vs. Kallas\u00a0\u2013 Hintergr\u00fcnde der Zickenfehde","datePublished":"2026-02-05T11:02:47+00:00","dateModified":"2026-02-05T11:02:47+00:00","mainEntityOfPage":{"@id":"https:\/\/now-news.de\/de\/deutschland\/leyen-vs-kallas-hintergruende-der-zickenfehde\/"},"wordCount":1349,"commentCount":0,"publisher":{"@id":"https:\/\/now-news.de\/de\/#organization"},"image":{"@id":"https:\/\/now-news.de\/de\/deutschland\/leyen-vs-kallas-hintergruende-der-zickenfehde\/#primaryimage"},"thumbnailUrl":"https:\/\/now-news.de\/de\/wp-content\/uploads\/sites\/3\/2026\/02\/Leyen-vs-Kallas-\u2013-Hintergruende-der-Zickenfehde.png","keywords":["der","Hintergr\u00fcnde","Kallas","Leyen","Zickenfehde"],"articleSection":["Deutschland","Russland"],"inLanguage":"de","potentialAction":[{"@type":"CommentAction","name":"Comment","target":["https:\/\/now-news.de\/de\/deutschland\/leyen-vs-kallas-hintergruende-der-zickenfehde\/#respond"]}]},{"@type":"WebPage","@id":"https:\/\/now-news.de\/de\/deutschland\/leyen-vs-kallas-hintergruende-der-zickenfehde\/","url":"https:\/\/now-news.de\/de\/deutschland\/leyen-vs-kallas-hintergruende-der-zickenfehde\/","name":"Leyen vs. Kallas\u00a0\u2013 Hintergr\u00fcnde der Zickenfehde - just-now.NEWS Deutschland","isPartOf":{"@id":"https:\/\/now-news.de\/de\/#website"},"primaryImageOfPage":{"@id":"https:\/\/now-news.de\/de\/deutschland\/leyen-vs-kallas-hintergruende-der-zickenfehde\/#primaryimage"},"image":{"@id":"https:\/\/now-news.de\/de\/deutschland\/leyen-vs-kallas-hintergruende-der-zickenfehde\/#primaryimage"},"thumbnailUrl":"https:\/\/now-news.de\/de\/wp-content\/uploads\/sites\/3\/2026\/02\/Leyen-vs-Kallas-\u2013-Hintergruende-der-Zickenfehde.png","datePublished":"2026-02-05T11:02:47+00:00","dateModified":"2026-02-05T11:02:47+00:00","breadcrumb":{"@id":"https:\/\/now-news.de\/de\/deutschland\/leyen-vs-kallas-hintergruende-der-zickenfehde\/#breadcrumb"},"inLanguage":"de","potentialAction":[{"@type":"ReadAction","target":["https:\/\/now-news.de\/de\/deutschland\/leyen-vs-kallas-hintergruende-der-zickenfehde\/"]}]},{"@type":"ImageObject","inLanguage":"de","@id":"https:\/\/now-news.de\/de\/deutschland\/leyen-vs-kallas-hintergruende-der-zickenfehde\/#primaryimage","url":"https:\/\/now-news.de\/de\/wp-content\/uploads\/sites\/3\/2026\/02\/Leyen-vs-Kallas-\u2013-Hintergruende-der-Zickenfehde.png","contentUrl":"https:\/\/now-news.de\/de\/wp-content\/uploads\/sites\/3\/2026\/02\/Leyen-vs-Kallas-\u2013-Hintergruende-der-Zickenfehde.png","width":460,"height":259,"caption":"Leyen vs. Kallas\u00a0\u2013 Hintergr\u00fcnde der Zickenfehde"},{"@type":"BreadcrumbList","@id":"https:\/\/now-news.de\/de\/deutschland\/leyen-vs-kallas-hintergruende-der-zickenfehde\/#breadcrumb","itemListElement":[{"@type":"ListItem","position":1,"name":"Home","item":"https:\/\/now-news.de\/de\/"},{"@type":"ListItem","position":2,"name":"Leyen vs. Kallas\u00a0\u2013 Hintergr\u00fcnde der Zickenfehde"}]},{"@type":"WebSite","@id":"https:\/\/now-news.de\/de\/#website","url":"https:\/\/now-news.de\/de\/","name":"just-now.NEWS Deutschland","description":"Das Portal f\u00fcr unzensierte Nachrichten aus der Welt","publisher":{"@id":"https:\/\/now-news.de\/de\/#organization"},"potentialAction":[{"@type":"SearchAction","target":{"@type":"EntryPoint","urlTemplate":"https:\/\/now-news.de\/de\/?s={search_term_string}"},"query-input":"required name=search_term_string"}],"inLanguage":"de"},{"@type":"Organization","@id":"https:\/\/now-news.de\/de\/#organization","name":"Just Now News","url":"https:\/\/now-news.de\/de\/","logo":{"@type":"ImageObject","inLanguage":"de","@id":"https:\/\/now-news.de\/de\/#\/schema\/logo\/image\/","url":"http:\/\/just-now.news\/de\/wp-content\/uploads\/sites\/3\/2022\/04\/logo500x500.jpg","contentUrl":"http:\/\/just-now.news\/de\/wp-content\/uploads\/sites\/3\/2022\/04\/logo500x500.jpg","width":500,"height":500,"caption":"Just Now News"},"image":{"@id":"https:\/\/now-news.de\/de\/#\/schema\/logo\/image\/"},"sameAs":["https:\/\/www.facebook.com\/wirmachenauf","https:\/\/x.com\/WirMachenAuf_de"]},{"@type":"Person","@id":"https:\/\/now-news.de\/de\/#\/schema\/person\/fb534a4e865501d8b3285208df34a9b5","name":"rtnews","image":{"@type":"ImageObject","inLanguage":"de","@id":"https:\/\/now-news.de\/de\/#\/schema\/person\/image\/","url":"https:\/\/secure.gravatar.com\/avatar\/82aafea7d8127119dd649515f56e2117?s=96&d=mm&r=g","contentUrl":"https:\/\/secure.gravatar.com\/avatar\/82aafea7d8127119dd649515f56e2117?s=96&d=mm&r=g","caption":"rtnews"},"url":"https:\/\/now-news.de\/de\/author\/rnews\/"}]}},"_links":{"self":[{"href":"https:\/\/now-news.de\/de\/wp-json\/wp\/v2\/posts\/98402"}],"collection":[{"href":"https:\/\/now-news.de\/de\/wp-json\/wp\/v2\/posts"}],"about":[{"href":"https:\/\/now-news.de\/de\/wp-json\/wp\/v2\/types\/post"}],"author":[{"embeddable":true,"href":"https:\/\/now-news.de\/de\/wp-json\/wp\/v2\/users\/3"}],"replies":[{"embeddable":true,"href":"https:\/\/now-news.de\/de\/wp-json\/wp\/v2\/comments?post=98402"}],"version-history":[{"count":0,"href":"https:\/\/now-news.de\/de\/wp-json\/wp\/v2\/posts\/98402\/revisions"}],"wp:featuredmedia":[{"embeddable":true,"href":"https:\/\/now-news.de\/de\/wp-json\/wp\/v2\/media\/98403"}],"wp:attachment":[{"href":"https:\/\/now-news.de\/de\/wp-json\/wp\/v2\/media?parent=98402"}],"wp:term":[{"taxonomy":"category","embeddable":true,"href":"https:\/\/now-news.de\/de\/wp-json\/wp\/v2\/categories?post=98402"},{"taxonomy":"post_tag","embeddable":true,"href":"https:\/\/now-news.de\/de\/wp-json\/wp\/v2\/tags?post=98402"}],"curies":[{"name":"wp","href":"https:\/\/api.w.org\/{rel}","templated":true}]}}