{"id":98367,"date":"2026-02-04T16:19:17","date_gmt":"2026-02-04T14:19:17","guid":{"rendered":"https:\/\/now-news.de\/de\/deutschland\/hammerbanden-prozess-simeon-maja-t-erhaelt-in-budapest-haftstrafe-von-acht-jahren\/"},"modified":"2026-02-04T16:19:17","modified_gmt":"2026-02-04T14:19:17","slug":"hammerbanden-prozess-simeon-maja-t-erhaelt-in-budapest-haftstrafe-von-acht-jahren","status":"publish","type":"post","link":"https:\/\/now-news.de\/de\/deutschland\/hammerbanden-prozess-simeon-maja-t-erhaelt-in-budapest-haftstrafe-von-acht-jahren\/","title":{"rendered":"Hammerbanden-Prozess: Simeon &#039;Maja&#039; T. erh\u00e4lt in Budapest Haftstrafe von acht Jahren"},"content":{"rendered":"<p><img decoding=\"async\" src=\"https:\/\/now-news.de\/de\/wp-content\/uploads\/sites\/3\/2026\/02\/698346cc48fbef76576bb1b4.jpg\" \/><\/p>\n<div class=\"Text-root Text-type_1 \">\n                Simeon &#8216;Maja&#8217; T. wurde heute in Budapest als mutma\u00dfliches Mitglied der sogenannten &#8220;Hammerbande&#8221; zu acht Jahren Haft verurteilt. Ungekl\u00e4rt bleibt die Frage, ob der Verurteilte seine Strafe zu Teilen in Deutschland verb\u00fc\u00dfen wird.\n            <\/div>\n<p><\/p>\n<div class=\"Text-root Text-type_5 ArticleView-text ViewText-root \">\n<p>Am Mittwochnachmittag hat das Budapester Stadtgericht das nachweisliche Hammerbandenmitglied Simeon &#8216;Maja&#8217; T zu acht Jahren Haftstrafe verurteilt. Der Tatvorwurf lautete &#8220;lebensgef\u00e4hrliche oder schwere K\u00f6rperverletzung als Teil einer kriminellen Vereinigung&#8221;. Das Gericht hat damit nur zum Teil die Forderung der Staatswanwaltschaft nach 24 Jahren Haft best\u00e4tigt. Die Frage, ob T. zeitnah bereits nach Deutschland ausgewiesen wird, ist laut Medienmeldungen noch nicht schlussendlich gekl\u00e4rt.\u00a0<\/p>\n<p>In Anwesenheit von deutschen Medien und Unterst\u00fctzern aus der linksextremistischen Szene, wie auch erneut dem EU-Linken-Politiker Martin Schirdewan, erfolgte heute in Budapest das mit Spannung erwartete Urteil im Prozess von\u00a0Simeon &#8216;Maja&#8217; T. Die<em> taz<\/em>-Redaktion schreibt <a rel=\"nofollow noopener\" target=\"_blank\" href=\"https:\/\/taz.de\/Maja-T-zu-acht-Jahren-Haft-verurteilt\/!6151512\/\">w\u00f6rtlich<\/a> von der &#8220;25-j\u00e4hrigen antifaschistischen Person&#8221;, beziehungsweise &#8220;non-bin\u00e4re deutsche Person Maja T.&#8221;<\/p>\n<p>T.s Vater Wolfram Jarosch, der erneut nach Budapest gereist war, bat das Gericht demnach um &#8220;Gerechtigkeit f\u00fcr mein Kind&#8221;. Die Budapester Staatsanwaltschaft forderte im Januar &#8220;eine hohe Haftstrafe, als Abschreckung&#8221;, somit eine Verurteilung von &#8220;bis zu 24 Jahren Haft&#8221;.<\/p>\n<p>Die<em> Bild<\/em>-Redaktion\u00a0berichtet aus Budapest zu dem Urteil von acht Jahren Gef\u00e4ngnis:<\/p>\n<p><em>&#8220;Das ungarische Gericht sieht es als bewiesen an, dass der Deutsche Maja T. (25) als Mitglied der linksextremen Hammerbande an Angriffen auf mutma\u00dfliche Rechtsextremisten im Februar 2023 in Budapest beteiligt gewesen ist.&#8221;<\/em>\u00a0<\/p>\n<p>Linken-Politiker Schirdewan, heute in Budapest vor Ort, pr\u00e4sentierte gestern bereits auf seinem Instagram-Profil die Termine f\u00fcr &#8220;Soli-Demonstrationen&#8221; in Deutschland am Tag der Urteilsverk\u00fcndung.<\/p>\n<div class=\"EmbedBlock-root EmbedBlock-instagram\">\n<div class=\"InstagramEmbed\">\n<blockquote class=\"instagram-media lazyload\" data-instagram=\"intagrm\" data-instgrm-captioned data-instgrm-permalink=\"https:\/\/www.instagram.com\/p\/DUTZ5a7jA3R\/?utm_source=ig_embed&amp;utm_campaign=loading\" data-instgrm-version=\"14\" style=\" background:#FFF; border:0; border-radius:3px; box-shadow:0 0 1px 0 rgba(0,0,0,0.5),0 1px 10px 0 rgba(0,0,0,0.15); margin: 1px; max-width:540px; min-width:326px; padding:0; width:99.375%; width:-webkit-calc(100% - 2px); width:calc(100% - 2px);\">\n<div style=\"padding:16px;\"><a rel=\"nofollow noopener\" target=\"_blank\" href=\"https:\/\/www.instagram.com\/p\/DUTZ5a7jA3R\/?utm_source=ig_embed&amp;utm_campaign=loading\" style=\" background:#FFFFFF; line-height:0; padding:0 0; text-align:center; text-decoration:none; width:100%;\"><\/p>\n<div style=\" display: flex; flex-direction: row; align-items: center;\">\n<div style=\"background-color: #F4F4F4; border-radius: 50%; flex-grow: 0; height: 40px; margin-right: 14px; width: 40px;\"><\/div>\n<div style=\"display: flex; flex-direction: column; flex-grow: 1; justify-content: center;\">\n<div style=\" background-color: #F4F4F4; border-radius: 4px; flex-grow: 0; height: 14px; margin-bottom: 6px; width: 100px;\"><\/div>\n<div style=\" background-color: #F4F4F4; border-radius: 4px; flex-grow: 0; height: 14px; width: 60px;\"><\/div>\n<\/div>\n<\/div>\n<div style=\"padding: 19% 0;\"><\/div>\n<div style=\"display:block; height:50px; margin:0 auto 12px; width:50px;\"><svg width=\"50px\" height=\"50px\" viewbox=\"0 0 60 60\" version=\"1.1\" xmlns=\"https:\/\/www.w3.org\/2000\/svg\" xmlns:xlink=\"https:\/\/www.w3.org\/1999\/xlink\"><g stroke=\"none\" stroke-width=\"1\" fill=\"none\" fill-rule=\"evenodd\"><g transform=\"translate(-511.000000, -20.000000)\" fill=\"#000000\"><g><path d=\"M556.869,30.41 C554.814,30.41 553.148,32.076 553.148,34.131 C553.148,36.186 554.814,37.852 556.869,37.852 C558.924,37.852 560.59,36.186 560.59,34.131 C560.59,32.076 558.924,30.41 556.869,30.41 M541,60.657 C535.114,60.657 530.342,55.887 530.342,50 C530.342,44.114 535.114,39.342 541,39.342 C546.887,39.342 551.658,44.114 551.658,50 C551.658,55.887 546.887,60.657 541,60.657 M541,33.886 C532.1,33.886 524.886,41.1 524.886,50 C524.886,58.899 532.1,66.113 541,66.113 C549.9,66.113 557.115,58.899 557.115,50 C557.115,41.1 549.9,33.886 541,33.886 M565.378,62.101 C565.244,65.022 564.756,66.606 564.346,67.663 C563.803,69.06 563.154,70.057 562.106,71.106 C561.058,72.155 560.06,72.803 558.662,73.347 C557.607,73.757 556.021,74.244 553.102,74.378 C549.944,74.521 548.997,74.552 541,74.552 C533.003,74.552 532.056,74.521 528.898,74.378 C525.979,74.244 524.393,73.757 523.338,73.347 C521.94,72.803 520.942,72.155 519.894,71.106 C518.846,70.057 518.197,69.06 517.654,67.663 C517.244,66.606 516.755,65.022 516.623,62.101 C516.479,58.943 516.448,57.996 516.448,50 C516.448,42.003 516.479,41.056 516.623,37.899 C516.755,34.978 517.244,33.391 517.654,32.338 C518.197,30.938 518.846,29.942 519.894,28.894 C520.942,27.846 521.94,27.196 523.338,26.654 C524.393,26.244 525.979,25.756 528.898,25.623 C532.057,25.479 533.004,25.448 541,25.448 C548.997,25.448 549.943,25.479 553.102,25.623 C556.021,25.756 557.607,26.244 558.662,26.654 C560.06,27.196 561.058,27.846 562.106,28.894 C563.154,29.942 563.803,30.938 564.346,32.338 C564.756,33.391 565.244,34.978 565.378,37.899 C565.522,41.056 565.552,42.003 565.552,50 C565.552,57.996 565.522,58.943 565.378,62.101 M570.82,37.631 C570.674,34.438 570.167,32.258 569.425,30.349 C568.659,28.377 567.633,26.702 565.965,25.035 C564.297,23.368 562.623,22.342 560.652,21.575 C558.743,20.834 556.562,20.326 553.369,20.18 C550.169,20.033 549.148,20 541,20 C532.853,20 531.831,20.033 528.631,20.18 C525.438,20.326 523.257,20.834 521.349,21.575 C519.376,22.342 517.703,23.368 516.035,25.035 C514.368,26.702 513.342,28.377 512.574,30.349 C511.834,32.258 511.326,34.438 511.181,37.631 C511.035,40.831 511,41.851 511,50 C511,58.147 511.035,59.17 511.181,62.369 C511.326,65.562 511.834,67.743 512.574,69.651 C513.342,71.625 514.368,73.296 516.035,74.965 C517.703,76.634 519.376,77.658 521.349,78.425 C523.257,79.167 525.438,79.673 528.631,79.82 C531.831,79.965 532.853,80.001 541,80.001 C549.148,80.001 550.169,79.965 553.369,79.82 C556.562,79.673 558.743,79.167 560.652,78.425 C562.623,77.658 564.297,76.634 565.965,74.965 C567.633,73.296 568.659,71.625 569.425,69.651 C570.167,67.743 570.674,65.562 570.82,62.369 C570.966,59.17 571,58.147 571,50 C571,41.851 570.966,40.831 570.82,37.631\"><\/path><\/g><\/g><\/g><\/svg><\/div>\n<div style=\"padding-top: 8px;\">\n<div style=\" color:#3897f0; font-family:Arial,sans-serif; font-size:14px; font-style:normal; font-weight:550; line-height:18px;\">Sieh dir diesen Beitrag auf Instagram an<\/div>\n<\/div>\n<div style=\"padding: 12.5% 0;\"><\/div>\n<div style=\"display: flex; flex-direction: row; margin-bottom: 14px; align-items: center;\">\n<div>\n<div style=\"background-color: #F4F4F4; border-radius: 50%; height: 12.5px; width: 12.5px; transform: translateX(0px) translateY(7px);\"><\/div>\n<div style=\"background-color: #F4F4F4; height: 12.5px; transform: rotate(-45deg) translateX(3px) translateY(1px); width: 12.5px; flex-grow: 0; margin-right: 14px; margin-left: 2px;\"><\/div>\n<div style=\"background-color: #F4F4F4; border-radius: 50%; height: 12.5px; width: 12.5px; transform: translateX(9px) translateY(-18px);\"><\/div>\n<\/div>\n<div style=\"margin-left: 8px;\">\n<div style=\" background-color: #F4F4F4; border-radius: 50%; flex-grow: 0; height: 20px; width: 20px;\"><\/div>\n<div style=\" width: 0; height: 0; border-top: 2px solid transparent; border-left: 6px solid #f4f4f4; border-bottom: 2px solid transparent; transform: translateX(16px) translateY(-4px) rotate(30deg)\"><\/div>\n<\/div>\n<div style=\"margin-left: auto;\">\n<div style=\" width: 0px; border-top: 8px solid #F4F4F4; border-right: 8px solid transparent; transform: translateY(16px);\"><\/div>\n<div style=\" background-color: #F4F4F4; flex-grow: 0; height: 12px; width: 16px; transform: translateY(-4px);\"><\/div>\n<div style=\" width: 0; height: 0; border-top: 8px solid #F4F4F4; border-left: 8px solid transparent; transform: translateY(-4px) translateX(8px);\"><\/div>\n<\/div>\n<\/div>\n<div style=\"display: flex; flex-direction: column; flex-grow: 1; justify-content: center; margin-bottom: 24px;\">\n<div style=\" background-color: #F4F4F4; border-radius: 4px; flex-grow: 0; height: 14px; margin-bottom: 6px; width: 224px;\"><\/div>\n<div style=\" background-color: #F4F4F4; border-radius: 4px; flex-grow: 0; height: 14px; width: 144px;\"><\/div>\n<\/div>\n<p><\/a><\/p>\n<p style=\" color:#c9c8cd; font-family:Arial,sans-serif; font-size:14px; line-height:17px; margin-bottom:0; margin-top:8px; overflow:hidden; padding:8px 0 7px; text-align:center; text-overflow:ellipsis; white-space:nowrap;\"><a rel=\"nofollow noopener\" target=\"_blank\" href=\"https:\/\/www.instagram.com\/p\/DUTZ5a7jA3R\/?utm_source=ig_embed&amp;utm_campaign=loading\" style=\" color:#c9c8cd; font-family:Arial,sans-serif; font-size:14px; font-style:normal; font-weight:normal; line-height:17px; text-decoration:none;\">Ein Beitrag geteilt von Martin Schirdewan (@schirdewanmartin)<\/a><\/p>\n<\/div>\n<\/blockquote>\n<\/div>\n<\/div>\n<p>T.\u00a0war im Dezember 2023 in Berlin von ungarischen Beh\u00f6rden festgenommen worden und seitens einer deutschen Staatsanwaltschaft an Budapest ausgeliefert worden, was seitdem vor allem\u00a0von den Parteien Die Linke und B\u00fcndnis 90\/Die Gr\u00fcnen regelm\u00e4\u00dfig scharf kritisiert wird. <em>Der Spiegel<\/em> erinnert in einem aktuellen <a rel=\"nofollow noopener\" target=\"_blank\" href=\"https:\/\/www.spiegel.de\/panorama\/justiz\/maja-t-gericht-in-budapest-verurteilt-non-binaere-person-zu-acht-jahren-haft-a-0b378144-ac00-4cbe-a78f-9e4133736724\">Artikel<\/a>:<\/p>\n<p><em>&#8220;Dass die deutschen Beh\u00f6rden Maja T. im Juni 2024 an Ungarn auslieferten, wurde hierzulande ebenso heftig kritisiert wie die Haftbedingungen vor Ort. Nach Ansicht des Bundesverfassungsgerichts war die Auslieferung rechtswidrig.&#8221;<\/em><\/p>\n<p>Im Dezember des Vorjahres <a rel=\"nofollow noopener\" target=\"_blank\" href=\"https:\/\/www.bundestag.de\/presse\/hib\/kurzmeldungen-1132022\">informierte<\/a> die Bundesregierung bereits im Rahmen einer entsprechenden Anfragen der Linken-Fraktion:<\/p>\n<p><em>&#8220;Die ungarischen Beh\u00f6rden haben demnach gegen\u00fcber der Generalstaatsanwaltschaft Berlin zugesichert, dass Maja T. im Falle ihrer Verurteilung zur Verb\u00fc\u00dfung der Strafe nach Deutschland r\u00fcck\u00fcberstellt werden kann. Eine solche vom ersuchenden Staat im Auslieferungsverkehr gegebene Zusicherung sei v\u00f6lkerrechtlich verbindlich.&#8221;<\/em><\/p>\n<p>Zu diesem Punkt gibt es medial unterschiedliche Informationen. Das<em> Compact<\/em>-Magazin schreibt nach der Urteilsverk\u00fcndigung mutma\u00dfend, dass &#8220;&#8216;Maja&#8217; aus Ungarn ausgewiesen wird und die Haft in Deutschland verb\u00fc\u00dfen soll.&#8221; Der <em>Bild<\/em>&#8211;<a rel=\"nofollow noopener\" target=\"_blank\" href=\"https:\/\/www.bild.de\/news\/ausland\/urteil-im-prozess-um-hammerbande-maja-t-muss-acht-jahre-ins-gefaengnis-6982f1f1893b145744d333d7\">Artikel<\/a> erl\u00e4utert:<\/p>\n<p><em>&#8220;Legt Maja T.s Verteidigung Rechtsmittel gegen das Urteil ein, bleibt der Deutsche voraussichtlich vorerst in ungarischer Untersuchungshaft. Wird das Urteil hingegen rechtskr\u00e4ftig, w\u00e4re es m\u00f6glich, dass eine \u00dcberstellung von Maja T. nach Deutschland erwirkt werden k\u00f6nnte.&#8221;<\/em><\/p>\n<p>Die <em>FAZ<\/em> berichtet zusammenfassend zur Anklage (Bezahlschranke):<\/p>\n<p><em>&#8220;In f\u00fcnf Attacken hatten die Linksextremisten insgesamt neun M\u00e4nner und Frauen niedergeschlagen und verletzt, sechs von ihnen schwer. Ein Mann erlitt einen Sch\u00e4delbruch. Die ungarischen Ermittler haben das Vorgehen anhand von Aussagen sowie Aufnahmen von \u00dcberwachungskameras rekonstruiert. Diese Darstellung kam im Verfahren zur Sprache, doch bem\u00e4ngelten die Verteidiger von Maja T. die Beweisaufnahme, vor allem eine rudiment\u00e4re Zeugenvernehmung.&#8221;<\/em><\/p>\n<p>Das erstinstanzliche Urteil\u00a0sei laut Medienberichten &#8220;noch nicht rechtskr\u00e4ftig&#8221;, die\u00a0Strafe k\u00f6nne jedoch &#8220;nicht zur Bew\u00e4hrung ausgesetzt werden&#8221;, so der Richter mitteilend.<\/p>\n<p><strong>Mehr zum Thema &#8211;<\/strong>\u00a0<a rel=\"nofollow noopener\" target=\"_blank\" href=\"https:\/\/freedert.online\/meinung\/249633-ob-simeon-oder-maja-auf\/\">Ob Simeon oder Maja \u2013 auf jeden Fall ein falscher Held <\/a><\/p>\n<div class=\"EmbedBlock-root EmbedBlock-externalVideo EmbedBlock-rumble\">\n<div class=\"VkEmbed\"><iframe class=\"lazyload\" data-src=\"https:\/\/rumble.com\/embed\/v6t42yx\" frameborder=\"0\" width=\"853\" height=\"480\" allowfullscreen><\/iframe><\/div>\n<\/div>\n<\/div>\n<p><script async defer src=\"https:\/\/platform.instagram.com\/en_US\/embeds.js\"><\/script><br \/>\n<br \/><br \/>\n<br \/><a href=\"https:\/\/de.rt.com\/inland\/269309-hammerbanden-prozess-simeon-maja-t\/\">Source link <\/a><\/p>\n","protected":false},"excerpt":{"rendered":"<p>Simeon &#8216;Maja&#8217; T. wurde heute in Budapest als mutma\u00dfliches Mitglied der sogenannten &#8220;Hammerbande&#8221; zu acht Jahren Haft verurteilt. Ungekl\u00e4rt bleibt die Frage, ob der Verurteilte seine Strafe zu Teilen in Deutschland verb\u00fc\u00dfen wird. Am Mittwochnachmittag hat das Budapester Stadtgericht das nachweisliche Hammerbandenmitglied Simeon &#8216;Maja&#8217; T zu acht Jahren Haftstrafe verurteilt. Der Tatvorwurf lautete &#8220;lebensgef\u00e4hrliche oder [&hellip;]<\/p>\n","protected":false},"author":3,"featured_media":98368,"comment_status":"open","ping_status":"open","sticky":false,"template":"","format":"standard","meta":{"_yoast_indexnow_last_ping":["1770214777"],"wp_automatic_camp":["217"],"e9d0237f87fa4adf1cebf8bbf12c2ee3":["Hammerbanden-Prozess: Simeon &#039;Maja&#039; T. erh\u00e4lt in Budapest Haftstrafe von acht Jahren"],"original_link":["https:\/\/de.rt.com\/inland\/269309-hammerbanden-prozess-simeon-maja-t\/"],"_thumbnail_id":["98368"],"jnews_social_counter_last_update":["1777200809"],"_wptgpro_p2tg_sent2tg":["a:1:{i:23737;s:19:\"2026-02-04 16:20:51\";}"]},"categories":[19,23],"tags":[70693,20347,10836,822,8061,69489,1728,66052,50],"yoast_head":"<!-- This site is optimized with the Yoast SEO Premium plugin v22.7 (Yoast SEO v22.7) - https:\/\/yoast.com\/wordpress\/plugins\/seo\/ -->\n<title>Hammerbanden-Prozess: Simeon &#039;Maja&#039; T. erh\u00e4lt in Budapest Haftstrafe von acht Jahren - just-now.NEWS Deutschland<\/title>\n<meta name=\"robots\" content=\"index, follow, max-snippet:-1, max-image-preview:large, max-video-preview:-1\" \/>\n<link rel=\"canonical\" href=\"https:\/\/now-news.de\/de\/deutschland\/hammerbanden-prozess-simeon-maja-t-erhaelt-in-budapest-haftstrafe-von-acht-jahren\/\" \/>\n<meta property=\"og:locale\" content=\"de_DE\" \/>\n<meta property=\"og:type\" content=\"article\" \/>\n<meta property=\"og:title\" content=\"Hammerbanden-Prozess: Simeon &#039;Maja&#039; T. erh\u00e4lt in Budapest Haftstrafe von acht Jahren\" \/>\n<meta property=\"og:description\" content=\"Simeon &#8216;Maja&#8217; T. wurde heute in Budapest als mutma\u00dfliches Mitglied der sogenannten &#8220;Hammerbande&#8221; zu acht Jahren Haft verurteilt. Ungekl\u00e4rt bleibt die Frage, ob der Verurteilte seine Strafe zu Teilen in Deutschland verb\u00fc\u00dfen wird. Am Mittwochnachmittag hat das Budapester Stadtgericht das nachweisliche Hammerbandenmitglied Simeon &#8216;Maja&#8217; T zu acht Jahren Haftstrafe verurteilt. Der Tatvorwurf lautete &#8220;lebensgef\u00e4hrliche oder [&hellip;]\" \/>\n<meta property=\"og:url\" content=\"https:\/\/now-news.de\/de\/deutschland\/hammerbanden-prozess-simeon-maja-t-erhaelt-in-budapest-haftstrafe-von-acht-jahren\/\" \/>\n<meta property=\"og:site_name\" content=\"just-now.NEWS Deutschland\" \/>\n<meta property=\"article:publisher\" content=\"https:\/\/www.facebook.com\/wirmachenauf\" \/>\n<meta property=\"article:published_time\" content=\"2026-02-04T14:19:17+00:00\" \/>\n<meta property=\"og:image\" content=\"https:\/\/now-news.de\/de\/wp-content\/uploads\/sites\/3\/2026\/02\/698346cc48fbef76576bb1b4.jpg\" \/>\n<meta name=\"author\" content=\"rtnews\" \/>\n<meta name=\"twitter:card\" content=\"summary_large_image\" \/>\n<meta name=\"twitter:creator\" content=\"@WirMachenAuf_de\" \/>\n<meta name=\"twitter:site\" content=\"@WirMachenAuf_de\" \/>\n<meta name=\"twitter:label1\" content=\"Verfasst von\" \/>\n\t<meta name=\"twitter:data1\" content=\"rtnews\" \/>\n\t<meta name=\"twitter:label2\" content=\"Gesch\u00e4tzte Lesezeit\" \/>\n\t<meta name=\"twitter:data2\" content=\"3\u00a0Minuten\" \/>\n<script type=\"application\/ld+json\" class=\"yoast-schema-graph\">{\"@context\":\"https:\/\/schema.org\",\"@graph\":[{\"@type\":\"Article\",\"@id\":\"https:\/\/now-news.de\/de\/deutschland\/hammerbanden-prozess-simeon-maja-t-erhaelt-in-budapest-haftstrafe-von-acht-jahren\/#article\",\"isPartOf\":{\"@id\":\"https:\/\/now-news.de\/de\/deutschland\/hammerbanden-prozess-simeon-maja-t-erhaelt-in-budapest-haftstrafe-von-acht-jahren\/\"},\"author\":{\"name\":\"rtnews\",\"@id\":\"https:\/\/now-news.de\/de\/#\/schema\/person\/fb534a4e865501d8b3285208df34a9b5\"},\"headline\":\"Hammerbanden-Prozess: Simeon &#039;Maja&#039; T. erh\u00e4lt in Budapest Haftstrafe von acht Jahren\",\"datePublished\":\"2026-02-04T14:19:17+00:00\",\"dateModified\":\"2026-02-04T14:19:17+00:00\",\"mainEntityOfPage\":{\"@id\":\"https:\/\/now-news.de\/de\/deutschland\/hammerbanden-prozess-simeon-maja-t-erhaelt-in-budapest-haftstrafe-von-acht-jahren\/\"},\"wordCount\":614,\"commentCount\":0,\"publisher\":{\"@id\":\"https:\/\/now-news.de\/de\/#organization\"},\"image\":{\"@id\":\"https:\/\/now-news.de\/de\/deutschland\/hammerbanden-prozess-simeon-maja-t-erhaelt-in-budapest-haftstrafe-von-acht-jahren\/#primaryimage\"},\"thumbnailUrl\":\"https:\/\/now-news.de\/de\/wp-content\/uploads\/sites\/3\/2026\/02\/Hammerbanden-Prozess-Simeon-039Maja039-T-erhaelt-in-Budapest-Haftstrafe-von-acht.jpg\",\"keywords\":[\"039Maja039\",\"acht\",\"Budapest\",\"erh\u00e4lt\",\"Haftstrafe\",\"HammerbandenProzess\",\"Jahren\",\"Simeon\",\"von\"],\"articleSection\":[\"Deutschland\",\"Russland\"],\"inLanguage\":\"de\",\"potentialAction\":[{\"@type\":\"CommentAction\",\"name\":\"Comment\",\"target\":[\"https:\/\/now-news.de\/de\/deutschland\/hammerbanden-prozess-simeon-maja-t-erhaelt-in-budapest-haftstrafe-von-acht-jahren\/#respond\"]}]},{\"@type\":\"WebPage\",\"@id\":\"https:\/\/now-news.de\/de\/deutschland\/hammerbanden-prozess-simeon-maja-t-erhaelt-in-budapest-haftstrafe-von-acht-jahren\/\",\"url\":\"https:\/\/now-news.de\/de\/deutschland\/hammerbanden-prozess-simeon-maja-t-erhaelt-in-budapest-haftstrafe-von-acht-jahren\/\",\"name\":\"Hammerbanden-Prozess: Simeon &#039;Maja&#039; T. erh\u00e4lt in Budapest Haftstrafe von acht Jahren - just-now.NEWS Deutschland\",\"isPartOf\":{\"@id\":\"https:\/\/now-news.de\/de\/#website\"},\"primaryImageOfPage\":{\"@id\":\"https:\/\/now-news.de\/de\/deutschland\/hammerbanden-prozess-simeon-maja-t-erhaelt-in-budapest-haftstrafe-von-acht-jahren\/#primaryimage\"},\"image\":{\"@id\":\"https:\/\/now-news.de\/de\/deutschland\/hammerbanden-prozess-simeon-maja-t-erhaelt-in-budapest-haftstrafe-von-acht-jahren\/#primaryimage\"},\"thumbnailUrl\":\"https:\/\/now-news.de\/de\/wp-content\/uploads\/sites\/3\/2026\/02\/Hammerbanden-Prozess-Simeon-039Maja039-T-erhaelt-in-Budapest-Haftstrafe-von-acht.jpg\",\"datePublished\":\"2026-02-04T14:19:17+00:00\",\"dateModified\":\"2026-02-04T14:19:17+00:00\",\"breadcrumb\":{\"@id\":\"https:\/\/now-news.de\/de\/deutschland\/hammerbanden-prozess-simeon-maja-t-erhaelt-in-budapest-haftstrafe-von-acht-jahren\/#breadcrumb\"},\"inLanguage\":\"de\",\"potentialAction\":[{\"@type\":\"ReadAction\",\"target\":[\"https:\/\/now-news.de\/de\/deutschland\/hammerbanden-prozess-simeon-maja-t-erhaelt-in-budapest-haftstrafe-von-acht-jahren\/\"]}]},{\"@type\":\"ImageObject\",\"inLanguage\":\"de\",\"@id\":\"https:\/\/now-news.de\/de\/deutschland\/hammerbanden-prozess-simeon-maja-t-erhaelt-in-budapest-haftstrafe-von-acht-jahren\/#primaryimage\",\"url\":\"https:\/\/now-news.de\/de\/wp-content\/uploads\/sites\/3\/2026\/02\/Hammerbanden-Prozess-Simeon-039Maja039-T-erhaelt-in-Budapest-Haftstrafe-von-acht.jpg\",\"contentUrl\":\"https:\/\/now-news.de\/de\/wp-content\/uploads\/sites\/3\/2026\/02\/Hammerbanden-Prozess-Simeon-039Maja039-T-erhaelt-in-Budapest-Haftstrafe-von-acht.jpg\",\"width\":460,\"height\":259,\"caption\":\"Hammerbanden-Prozess: Simeon &#039;Maja&#039; T. erh\u00e4lt in Budapest Haftstrafe von acht Jahren\"},{\"@type\":\"BreadcrumbList\",\"@id\":\"https:\/\/now-news.de\/de\/deutschland\/hammerbanden-prozess-simeon-maja-t-erhaelt-in-budapest-haftstrafe-von-acht-jahren\/#breadcrumb\",\"itemListElement\":[{\"@type\":\"ListItem\",\"position\":1,\"name\":\"Home\",\"item\":\"https:\/\/now-news.de\/de\/\"},{\"@type\":\"ListItem\",\"position\":2,\"name\":\"Hammerbanden-Prozess: Simeon &#039;Maja&#039; T. erh\u00e4lt in Budapest Haftstrafe von acht Jahren\"}]},{\"@type\":\"WebSite\",\"@id\":\"https:\/\/now-news.de\/de\/#website\",\"url\":\"https:\/\/now-news.de\/de\/\",\"name\":\"just-now.NEWS Deutschland\",\"description\":\"Das Portal f\u00fcr unzensierte Nachrichten aus der Welt\",\"publisher\":{\"@id\":\"https:\/\/now-news.de\/de\/#organization\"},\"potentialAction\":[{\"@type\":\"SearchAction\",\"target\":{\"@type\":\"EntryPoint\",\"urlTemplate\":\"https:\/\/now-news.de\/de\/?s={search_term_string}\"},\"query-input\":\"required name=search_term_string\"}],\"inLanguage\":\"de\"},{\"@type\":\"Organization\",\"@id\":\"https:\/\/now-news.de\/de\/#organization\",\"name\":\"Just Now News\",\"url\":\"https:\/\/now-news.de\/de\/\",\"logo\":{\"@type\":\"ImageObject\",\"inLanguage\":\"de\",\"@id\":\"https:\/\/now-news.de\/de\/#\/schema\/logo\/image\/\",\"url\":\"http:\/\/just-now.news\/de\/wp-content\/uploads\/sites\/3\/2022\/04\/logo500x500.jpg\",\"contentUrl\":\"http:\/\/just-now.news\/de\/wp-content\/uploads\/sites\/3\/2022\/04\/logo500x500.jpg\",\"width\":500,\"height\":500,\"caption\":\"Just Now News\"},\"image\":{\"@id\":\"https:\/\/now-news.de\/de\/#\/schema\/logo\/image\/\"},\"sameAs\":[\"https:\/\/www.facebook.com\/wirmachenauf\",\"https:\/\/x.com\/WirMachenAuf_de\"]},{\"@type\":\"Person\",\"@id\":\"https:\/\/now-news.de\/de\/#\/schema\/person\/fb534a4e865501d8b3285208df34a9b5\",\"name\":\"rtnews\",\"image\":{\"@type\":\"ImageObject\",\"inLanguage\":\"de\",\"@id\":\"https:\/\/now-news.de\/de\/#\/schema\/person\/image\/\",\"url\":\"https:\/\/secure.gravatar.com\/avatar\/82aafea7d8127119dd649515f56e2117?s=96&d=mm&r=g\",\"contentUrl\":\"https:\/\/secure.gravatar.com\/avatar\/82aafea7d8127119dd649515f56e2117?s=96&d=mm&r=g\",\"caption\":\"rtnews\"},\"url\":\"https:\/\/now-news.de\/de\/author\/rnews\/\"}]}<\/script>\n<!-- \/ Yoast SEO Premium plugin. -->","yoast_head_json":{"title":"Hammerbanden-Prozess: Simeon &#039;Maja&#039; T. erh\u00e4lt in Budapest Haftstrafe von acht Jahren - just-now.NEWS Deutschland","robots":{"index":"index","follow":"follow","max-snippet":"max-snippet:-1","max-image-preview":"max-image-preview:large","max-video-preview":"max-video-preview:-1"},"canonical":"https:\/\/now-news.de\/de\/deutschland\/hammerbanden-prozess-simeon-maja-t-erhaelt-in-budapest-haftstrafe-von-acht-jahren\/","og_locale":"de_DE","og_type":"article","og_title":"Hammerbanden-Prozess: Simeon &#039;Maja&#039; T. erh\u00e4lt in Budapest Haftstrafe von acht Jahren","og_description":"Simeon &#8216;Maja&#8217; T. wurde heute in Budapest als mutma\u00dfliches Mitglied der sogenannten &#8220;Hammerbande&#8221; zu acht Jahren Haft verurteilt. Ungekl\u00e4rt bleibt die Frage, ob der Verurteilte seine Strafe zu Teilen in Deutschland verb\u00fc\u00dfen wird. Am Mittwochnachmittag hat das Budapester Stadtgericht das nachweisliche Hammerbandenmitglied Simeon &#8216;Maja&#8217; T zu acht Jahren Haftstrafe verurteilt. Der Tatvorwurf lautete &#8220;lebensgef\u00e4hrliche oder [&hellip;]","og_url":"https:\/\/now-news.de\/de\/deutschland\/hammerbanden-prozess-simeon-maja-t-erhaelt-in-budapest-haftstrafe-von-acht-jahren\/","og_site_name":"just-now.NEWS Deutschland","article_publisher":"https:\/\/www.facebook.com\/wirmachenauf","article_published_time":"2026-02-04T14:19:17+00:00","og_image":[{"url":"https:\/\/now-news.de\/de\/wp-content\/uploads\/sites\/3\/2026\/02\/698346cc48fbef76576bb1b4.jpg"}],"author":"rtnews","twitter_card":"summary_large_image","twitter_creator":"@WirMachenAuf_de","twitter_site":"@WirMachenAuf_de","twitter_misc":{"Verfasst von":"rtnews","Gesch\u00e4tzte Lesezeit":"3\u00a0Minuten"},"schema":{"@context":"https:\/\/schema.org","@graph":[{"@type":"Article","@id":"https:\/\/now-news.de\/de\/deutschland\/hammerbanden-prozess-simeon-maja-t-erhaelt-in-budapest-haftstrafe-von-acht-jahren\/#article","isPartOf":{"@id":"https:\/\/now-news.de\/de\/deutschland\/hammerbanden-prozess-simeon-maja-t-erhaelt-in-budapest-haftstrafe-von-acht-jahren\/"},"author":{"name":"rtnews","@id":"https:\/\/now-news.de\/de\/#\/schema\/person\/fb534a4e865501d8b3285208df34a9b5"},"headline":"Hammerbanden-Prozess: Simeon &#039;Maja&#039; T. erh\u00e4lt in Budapest Haftstrafe von acht Jahren","datePublished":"2026-02-04T14:19:17+00:00","dateModified":"2026-02-04T14:19:17+00:00","mainEntityOfPage":{"@id":"https:\/\/now-news.de\/de\/deutschland\/hammerbanden-prozess-simeon-maja-t-erhaelt-in-budapest-haftstrafe-von-acht-jahren\/"},"wordCount":614,"commentCount":0,"publisher":{"@id":"https:\/\/now-news.de\/de\/#organization"},"image":{"@id":"https:\/\/now-news.de\/de\/deutschland\/hammerbanden-prozess-simeon-maja-t-erhaelt-in-budapest-haftstrafe-von-acht-jahren\/#primaryimage"},"thumbnailUrl":"https:\/\/now-news.de\/de\/wp-content\/uploads\/sites\/3\/2026\/02\/Hammerbanden-Prozess-Simeon-039Maja039-T-erhaelt-in-Budapest-Haftstrafe-von-acht.jpg","keywords":["039Maja039","acht","Budapest","erh\u00e4lt","Haftstrafe","HammerbandenProzess","Jahren","Simeon","von"],"articleSection":["Deutschland","Russland"],"inLanguage":"de","potentialAction":[{"@type":"CommentAction","name":"Comment","target":["https:\/\/now-news.de\/de\/deutschland\/hammerbanden-prozess-simeon-maja-t-erhaelt-in-budapest-haftstrafe-von-acht-jahren\/#respond"]}]},{"@type":"WebPage","@id":"https:\/\/now-news.de\/de\/deutschland\/hammerbanden-prozess-simeon-maja-t-erhaelt-in-budapest-haftstrafe-von-acht-jahren\/","url":"https:\/\/now-news.de\/de\/deutschland\/hammerbanden-prozess-simeon-maja-t-erhaelt-in-budapest-haftstrafe-von-acht-jahren\/","name":"Hammerbanden-Prozess: Simeon &#039;Maja&#039; T. erh\u00e4lt in Budapest Haftstrafe von acht Jahren - just-now.NEWS Deutschland","isPartOf":{"@id":"https:\/\/now-news.de\/de\/#website"},"primaryImageOfPage":{"@id":"https:\/\/now-news.de\/de\/deutschland\/hammerbanden-prozess-simeon-maja-t-erhaelt-in-budapest-haftstrafe-von-acht-jahren\/#primaryimage"},"image":{"@id":"https:\/\/now-news.de\/de\/deutschland\/hammerbanden-prozess-simeon-maja-t-erhaelt-in-budapest-haftstrafe-von-acht-jahren\/#primaryimage"},"thumbnailUrl":"https:\/\/now-news.de\/de\/wp-content\/uploads\/sites\/3\/2026\/02\/Hammerbanden-Prozess-Simeon-039Maja039-T-erhaelt-in-Budapest-Haftstrafe-von-acht.jpg","datePublished":"2026-02-04T14:19:17+00:00","dateModified":"2026-02-04T14:19:17+00:00","breadcrumb":{"@id":"https:\/\/now-news.de\/de\/deutschland\/hammerbanden-prozess-simeon-maja-t-erhaelt-in-budapest-haftstrafe-von-acht-jahren\/#breadcrumb"},"inLanguage":"de","potentialAction":[{"@type":"ReadAction","target":["https:\/\/now-news.de\/de\/deutschland\/hammerbanden-prozess-simeon-maja-t-erhaelt-in-budapest-haftstrafe-von-acht-jahren\/"]}]},{"@type":"ImageObject","inLanguage":"de","@id":"https:\/\/now-news.de\/de\/deutschland\/hammerbanden-prozess-simeon-maja-t-erhaelt-in-budapest-haftstrafe-von-acht-jahren\/#primaryimage","url":"https:\/\/now-news.de\/de\/wp-content\/uploads\/sites\/3\/2026\/02\/Hammerbanden-Prozess-Simeon-039Maja039-T-erhaelt-in-Budapest-Haftstrafe-von-acht.jpg","contentUrl":"https:\/\/now-news.de\/de\/wp-content\/uploads\/sites\/3\/2026\/02\/Hammerbanden-Prozess-Simeon-039Maja039-T-erhaelt-in-Budapest-Haftstrafe-von-acht.jpg","width":460,"height":259,"caption":"Hammerbanden-Prozess: Simeon &#039;Maja&#039; T. erh\u00e4lt in Budapest Haftstrafe von acht Jahren"},{"@type":"BreadcrumbList","@id":"https:\/\/now-news.de\/de\/deutschland\/hammerbanden-prozess-simeon-maja-t-erhaelt-in-budapest-haftstrafe-von-acht-jahren\/#breadcrumb","itemListElement":[{"@type":"ListItem","position":1,"name":"Home","item":"https:\/\/now-news.de\/de\/"},{"@type":"ListItem","position":2,"name":"Hammerbanden-Prozess: Simeon &#039;Maja&#039; T. erh\u00e4lt in Budapest Haftstrafe von acht Jahren"}]},{"@type":"WebSite","@id":"https:\/\/now-news.de\/de\/#website","url":"https:\/\/now-news.de\/de\/","name":"just-now.NEWS Deutschland","description":"Das Portal f\u00fcr unzensierte Nachrichten aus der Welt","publisher":{"@id":"https:\/\/now-news.de\/de\/#organization"},"potentialAction":[{"@type":"SearchAction","target":{"@type":"EntryPoint","urlTemplate":"https:\/\/now-news.de\/de\/?s={search_term_string}"},"query-input":"required name=search_term_string"}],"inLanguage":"de"},{"@type":"Organization","@id":"https:\/\/now-news.de\/de\/#organization","name":"Just Now News","url":"https:\/\/now-news.de\/de\/","logo":{"@type":"ImageObject","inLanguage":"de","@id":"https:\/\/now-news.de\/de\/#\/schema\/logo\/image\/","url":"http:\/\/just-now.news\/de\/wp-content\/uploads\/sites\/3\/2022\/04\/logo500x500.jpg","contentUrl":"http:\/\/just-now.news\/de\/wp-content\/uploads\/sites\/3\/2022\/04\/logo500x500.jpg","width":500,"height":500,"caption":"Just Now News"},"image":{"@id":"https:\/\/now-news.de\/de\/#\/schema\/logo\/image\/"},"sameAs":["https:\/\/www.facebook.com\/wirmachenauf","https:\/\/x.com\/WirMachenAuf_de"]},{"@type":"Person","@id":"https:\/\/now-news.de\/de\/#\/schema\/person\/fb534a4e865501d8b3285208df34a9b5","name":"rtnews","image":{"@type":"ImageObject","inLanguage":"de","@id":"https:\/\/now-news.de\/de\/#\/schema\/person\/image\/","url":"https:\/\/secure.gravatar.com\/avatar\/82aafea7d8127119dd649515f56e2117?s=96&d=mm&r=g","contentUrl":"https:\/\/secure.gravatar.com\/avatar\/82aafea7d8127119dd649515f56e2117?s=96&d=mm&r=g","caption":"rtnews"},"url":"https:\/\/now-news.de\/de\/author\/rnews\/"}]}},"_links":{"self":[{"href":"https:\/\/now-news.de\/de\/wp-json\/wp\/v2\/posts\/98367"}],"collection":[{"href":"https:\/\/now-news.de\/de\/wp-json\/wp\/v2\/posts"}],"about":[{"href":"https:\/\/now-news.de\/de\/wp-json\/wp\/v2\/types\/post"}],"author":[{"embeddable":true,"href":"https:\/\/now-news.de\/de\/wp-json\/wp\/v2\/users\/3"}],"replies":[{"embeddable":true,"href":"https:\/\/now-news.de\/de\/wp-json\/wp\/v2\/comments?post=98367"}],"version-history":[{"count":0,"href":"https:\/\/now-news.de\/de\/wp-json\/wp\/v2\/posts\/98367\/revisions"}],"wp:featuredmedia":[{"embeddable":true,"href":"https:\/\/now-news.de\/de\/wp-json\/wp\/v2\/media\/98368"}],"wp:attachment":[{"href":"https:\/\/now-news.de\/de\/wp-json\/wp\/v2\/media?parent=98367"}],"wp:term":[{"taxonomy":"category","embeddable":true,"href":"https:\/\/now-news.de\/de\/wp-json\/wp\/v2\/categories?post=98367"},{"taxonomy":"post_tag","embeddable":true,"href":"https:\/\/now-news.de\/de\/wp-json\/wp\/v2\/tags?post=98367"}],"curies":[{"name":"wp","href":"https:\/\/api.w.org\/{rel}","templated":true}]}}