{"id":98348,"date":"2026-02-04T10:58:32","date_gmt":"2026-02-04T08:58:32","guid":{"rendered":"https:\/\/now-news.de\/de\/deutschland\/sohn-des-frueheren-staatsoberhaupts-al-gaddafi-in-libyen-getoetet\/"},"modified":"2026-02-04T10:58:32","modified_gmt":"2026-02-04T08:58:32","slug":"sohn-des-frueheren-staatsoberhaupts-al-gaddafi-in-libyen-getoetet","status":"publish","type":"post","link":"https:\/\/now-news.de\/de\/deutschland\/sohn-des-frueheren-staatsoberhaupts-al-gaddafi-in-libyen-getoetet\/","title":{"rendered":"Sohn des fr\u00fcheren Staatsoberhaupts al-Gaddafi in Libyen get\u00f6tet"},"content":{"rendered":"<p><img decoding=\"async\" src=\"https:\/\/now-news.de\/de\/wp-content\/uploads\/sites\/3\/2026\/02\/6982f1a8b480cc60dd4ffe58.jpg\" \/><\/p>\n<div class=\"Text-root Text-type_1 \">\n                Saif al-Islam Gaddafi, der Sohn des langj\u00e4hrigen Staatsoberhaupts Libyens, wurde am Dienstag von Unbekannten erschossen. Laut Medien wurde Gaddafi in privaten R\u00e4umen in der westlibyschen Stadt Az-Zintan von mehreren T\u00e4tern attackiert.\n            <\/div>\n<p><\/p>\n<div class=\"Text-root Text-type_5 ArticleView-text ViewText-root \">\n<p>Saif al-Islam Gaddafi, der Sohn des langj\u00e4hrigen Staatsoberhaupts Libyens, wurde am Dienstag durch ein Attentat in der westlibyschen Stadt Az-Zintan ermordet. Libysche Medien berichten, dass die Tat in seiner Privatresidenz stattfand, wo demnach vier unbekannte Personen eindrangen, nachdem zuvor die \u00dcberwachungskameras vor Ort deaktiviert worden waren. Der pers\u00f6nliche Anwalt best\u00e4tigte im libyschen Fernsehen, dass der Gaddafi-Sohn durch Sch\u00fcsse maskierter T\u00e4ter get\u00f6tet worden sei.\u00a0<\/p>\n<p>In Libyen ist der Sohn des fr\u00fcheren Langzeitmachthabers Muammar al-Gaddafi durch eine Gruppe maskierter T\u00e4ter get\u00f6tet worden.\u00a0In den letzten Jahren fiel der Name Saif al-Islam in der libyschen Politik und Gesellschaft nur in Verbindung mit Ger\u00fcchten \u00fcber eine m\u00f6gliche Kandidatur f\u00fcr ausstehende Pr\u00e4sidentschaftswahlen. Der letzte Wahltermin war seitens des\u00a0Parlaments final im Jahr 2021 abgesagt worden (<em>RT DE<\/em>\u00a0<a rel=\"nofollow noopener\" target=\"_blank\" href=\"https:\/\/freedert.online\/afrika\/127106-comeback-gaddafi-familie-saif-al\/\">berichtete<\/a>).<\/p>\n<p>Laut libyschen Medien hat die zust\u00e4ndige Generalstaatsanwaltschaft eine Untersuchung zu dem Vorfall eingeleitet. Die Umst\u00e4nde der Ermordung durch unbekannte T\u00e4ter sind laut Berichten jedoch weiterhin unklar, da die Beh\u00f6rden demnach noch keine offizielle Best\u00e4tigung herausgegeben haben.<\/p>\n<p>Auf Facebook\u00a0<a rel=\"nofollow noopener\" target=\"_blank\" href=\"https:\/\/www.facebook.com\/moussa.ibrahim.libya\/\">informierte<\/a> Moussa Ibrahim, ehemaliger Sprecher der Regierung unter Muammar al-Gaddafi:<\/p>\n<p><em>&#8220;Sie haben ihn heimt\u00fcckisch ermordet, obwohl er sich ein vereintes, souver\u00e4nes Libyen w\u00fcnschte, das f\u00fcr alle seine B\u00fcrger sicher ist \u2026 sie haben die Hoffnung und die Zukunft ermordet und Hass und Feindseligkeit ges\u00e4t.&#8221;<\/em><\/p>\n<p>Das Ziel des Attentats sei laut Ibrahim &#8220;Blutvergie\u00dfen, die Spaltung Libyens und die Zerst\u00f6rung jedes Projekts zur nationalen Einheit, um den Interessen der Ausl\u00e4nder im Land zu dienen&#8221;. Ein direkter Berater Gaddafis,\u00a0Abdullah Othman Abdurrahim, <a rel=\"nofollow noopener\" target=\"_blank\" href=\"https:\/\/www.france24.com\/en\/africa\/20260203-seif-al-islam-gaddafi-son-of-libya-s-late-dictator-killed-in-the-northern-african-country-report-say\">erkl\u00e4rte<\/a> gegen\u00fcber dem\u00a0Fernsehsender <em>al-Ahrar<\/em>, dass das Opfer &#8220;in seinem Haus von einer Gruppe von vier unbekannten M\u00e4nnern get\u00f6tet worden sei&#8221;.<\/p>\n<p>So w\u00e4ren &#8220;vier bewaffnete M\u00e4nner in die Residenz gest\u00fcrmt, nachdem sie die \u00dcberwachungskameras au\u00dfer Betrieb gesetzt hatten, und richteten ihn dann hin&#8221;, wurde Abdurrahim zitiert.<\/p>\n<p>Seit seiner Gefangennahme w\u00e4hrend des politischen Umsturzes im Jahr 2011, lebte Saif al-Islam laut Berichten ab 2017 nach einem Gef\u00e4ngnisaufenthalt in der Stadt Az-Zintan, rund 130 Kilometer s\u00fcdwestlich der Hauptstadt Tripolis.<\/p>\n<p><strong>Mehr zum Thema <\/strong>\u2013<strong>\u00a0<\/strong><a rel=\"nofollow noopener\" target=\"_blank\" href=\"https:\/\/rtde.online\/meinung\/259530-14-jahre-lynchmord-an-gaddafi\/\">14 Jahre Lynchmord an Gaddafi: Eine ungelernte Lektion <\/a><\/p>\n<div class=\"EmbedBlock-root EmbedBlock-externalVideo EmbedBlock-rumble\">\n<div class=\"VkEmbed\"><iframe class=\"lazyload\" data-src=\"https:\/\/rumble.com\/embed\/v71jvgs\" frameborder=\"0\" width=\"853\" height=\"480\" allowfullscreen><\/iframe><\/div>\n<\/div>\n<\/div>\n<p><br \/>\n<br \/><a href=\"https:\/\/de.rt.com\/afrika\/269264-sohn-frueheren-staatsoberhaupts-al-gaddafi\/\">Source link <\/a><\/p>\n","protected":false},"excerpt":{"rendered":"<p>Saif al-Islam Gaddafi, der Sohn des langj\u00e4hrigen Staatsoberhaupts Libyens, wurde am Dienstag von Unbekannten erschossen. Laut Medien wurde Gaddafi in privaten R\u00e4umen in der westlibyschen Stadt Az-Zintan von mehreren T\u00e4tern attackiert. Saif al-Islam Gaddafi, der Sohn des langj\u00e4hrigen Staatsoberhaupts Libyens, wurde am Dienstag durch ein Attentat in der westlibyschen Stadt Az-Zintan ermordet. Libysche Medien berichten, [&hellip;]<\/p>\n","protected":false},"author":3,"featured_media":98349,"comment_status":"open","ping_status":"open","sticky":false,"template":"","format":"standard","meta":{"_yoast_indexnow_last_ping":["1770195576"],"wp_automatic_camp":["217"],"e1f31a421be5131be03e87cb6eb88717":["Sohn des fr\u00fcheren Staatsoberhaupts al-Gaddafi in Libyen get\u00f6tet"],"original_link":["https:\/\/de.rt.com\/afrika\/269264-sohn-frueheren-staatsoberhaupts-al-gaddafi\/"],"_thumbnail_id":["98349"],"jnews_social_counter_last_update":["1777398911"],"_wptgpro_p2tg_sent2tg":["a:1:{i:23737;s:19:\"2026-02-04 11:00:39\";}"]},"categories":[19,23],"tags":[71006,583,21158,367,24148,19545,71005],"yoast_head":"<!-- This site is optimized with the Yoast SEO Premium plugin v22.7 (Yoast SEO v22.7) - https:\/\/yoast.com\/wordpress\/plugins\/seo\/ -->\n<title>Sohn des fr\u00fcheren Staatsoberhaupts al-Gaddafi in Libyen get\u00f6tet - just-now.NEWS Deutschland<\/title>\n<meta name=\"robots\" content=\"index, follow, max-snippet:-1, max-image-preview:large, max-video-preview:-1\" \/>\n<link rel=\"canonical\" href=\"https:\/\/now-news.de\/de\/deutschland\/sohn-des-frueheren-staatsoberhaupts-al-gaddafi-in-libyen-getoetet\/\" \/>\n<meta property=\"og:locale\" content=\"de_DE\" \/>\n<meta property=\"og:type\" content=\"article\" \/>\n<meta property=\"og:title\" content=\"Sohn des fr\u00fcheren Staatsoberhaupts al-Gaddafi in Libyen get\u00f6tet\" \/>\n<meta property=\"og:description\" content=\"Saif al-Islam Gaddafi, der Sohn des langj\u00e4hrigen Staatsoberhaupts Libyens, wurde am Dienstag von Unbekannten erschossen. Laut Medien wurde Gaddafi in privaten R\u00e4umen in der westlibyschen Stadt Az-Zintan von mehreren T\u00e4tern attackiert. Saif al-Islam Gaddafi, der Sohn des langj\u00e4hrigen Staatsoberhaupts Libyens, wurde am Dienstag durch ein Attentat in der westlibyschen Stadt Az-Zintan ermordet. Libysche Medien berichten, [&hellip;]\" \/>\n<meta property=\"og:url\" content=\"https:\/\/now-news.de\/de\/deutschland\/sohn-des-frueheren-staatsoberhaupts-al-gaddafi-in-libyen-getoetet\/\" \/>\n<meta property=\"og:site_name\" content=\"just-now.NEWS Deutschland\" \/>\n<meta property=\"article:publisher\" content=\"https:\/\/www.facebook.com\/wirmachenauf\" \/>\n<meta property=\"article:published_time\" content=\"2026-02-04T08:58:32+00:00\" \/>\n<meta property=\"og:image\" content=\"https:\/\/now-news.de\/de\/wp-content\/uploads\/sites\/3\/2026\/02\/6982f1a8b480cc60dd4ffe58.jpg\" \/>\n<meta name=\"author\" content=\"rtnews\" \/>\n<meta name=\"twitter:card\" content=\"summary_large_image\" \/>\n<meta name=\"twitter:creator\" content=\"@WirMachenAuf_de\" \/>\n<meta name=\"twitter:site\" content=\"@WirMachenAuf_de\" \/>\n<meta name=\"twitter:label1\" content=\"Verfasst von\" \/>\n\t<meta name=\"twitter:data1\" content=\"rtnews\" \/>\n\t<meta name=\"twitter:label2\" content=\"Gesch\u00e4tzte Lesezeit\" \/>\n\t<meta name=\"twitter:data2\" content=\"2\u00a0Minuten\" \/>\n<script type=\"application\/ld+json\" class=\"yoast-schema-graph\">{\"@context\":\"https:\/\/schema.org\",\"@graph\":[{\"@type\":\"Article\",\"@id\":\"https:\/\/now-news.de\/de\/deutschland\/sohn-des-frueheren-staatsoberhaupts-al-gaddafi-in-libyen-getoetet\/#article\",\"isPartOf\":{\"@id\":\"https:\/\/now-news.de\/de\/deutschland\/sohn-des-frueheren-staatsoberhaupts-al-gaddafi-in-libyen-getoetet\/\"},\"author\":{\"name\":\"rtnews\",\"@id\":\"https:\/\/now-news.de\/de\/#\/schema\/person\/fb534a4e865501d8b3285208df34a9b5\"},\"headline\":\"Sohn des fr\u00fcheren Staatsoberhaupts al-Gaddafi in Libyen get\u00f6tet\",\"datePublished\":\"2026-02-04T08:58:32+00:00\",\"dateModified\":\"2026-02-04T08:58:32+00:00\",\"mainEntityOfPage\":{\"@id\":\"https:\/\/now-news.de\/de\/deutschland\/sohn-des-frueheren-staatsoberhaupts-al-gaddafi-in-libyen-getoetet\/\"},\"wordCount\":407,\"commentCount\":0,\"publisher\":{\"@id\":\"https:\/\/now-news.de\/de\/#organization\"},\"image\":{\"@id\":\"https:\/\/now-news.de\/de\/deutschland\/sohn-des-frueheren-staatsoberhaupts-al-gaddafi-in-libyen-getoetet\/#primaryimage\"},\"thumbnailUrl\":\"https:\/\/now-news.de\/de\/wp-content\/uploads\/sites\/3\/2026\/02\/Sohn-des-frueheren-Staatsoberhaupts-al-Gaddafi-in-Libyen-getoetet.jpg\",\"keywords\":[\"alGaddafi\",\"des\",\"fr\u00fcheren\",\"get\u00f6tet\",\"Libyen\",\"Sohn\",\"Staatsoberhaupts\"],\"articleSection\":[\"Deutschland\",\"Russland\"],\"inLanguage\":\"de\",\"potentialAction\":[{\"@type\":\"CommentAction\",\"name\":\"Comment\",\"target\":[\"https:\/\/now-news.de\/de\/deutschland\/sohn-des-frueheren-staatsoberhaupts-al-gaddafi-in-libyen-getoetet\/#respond\"]}]},{\"@type\":\"WebPage\",\"@id\":\"https:\/\/now-news.de\/de\/deutschland\/sohn-des-frueheren-staatsoberhaupts-al-gaddafi-in-libyen-getoetet\/\",\"url\":\"https:\/\/now-news.de\/de\/deutschland\/sohn-des-frueheren-staatsoberhaupts-al-gaddafi-in-libyen-getoetet\/\",\"name\":\"Sohn des fr\u00fcheren Staatsoberhaupts al-Gaddafi in Libyen get\u00f6tet - just-now.NEWS Deutschland\",\"isPartOf\":{\"@id\":\"https:\/\/now-news.de\/de\/#website\"},\"primaryImageOfPage\":{\"@id\":\"https:\/\/now-news.de\/de\/deutschland\/sohn-des-frueheren-staatsoberhaupts-al-gaddafi-in-libyen-getoetet\/#primaryimage\"},\"image\":{\"@id\":\"https:\/\/now-news.de\/de\/deutschland\/sohn-des-frueheren-staatsoberhaupts-al-gaddafi-in-libyen-getoetet\/#primaryimage\"},\"thumbnailUrl\":\"https:\/\/now-news.de\/de\/wp-content\/uploads\/sites\/3\/2026\/02\/Sohn-des-frueheren-Staatsoberhaupts-al-Gaddafi-in-Libyen-getoetet.jpg\",\"datePublished\":\"2026-02-04T08:58:32+00:00\",\"dateModified\":\"2026-02-04T08:58:32+00:00\",\"breadcrumb\":{\"@id\":\"https:\/\/now-news.de\/de\/deutschland\/sohn-des-frueheren-staatsoberhaupts-al-gaddafi-in-libyen-getoetet\/#breadcrumb\"},\"inLanguage\":\"de\",\"potentialAction\":[{\"@type\":\"ReadAction\",\"target\":[\"https:\/\/now-news.de\/de\/deutschland\/sohn-des-frueheren-staatsoberhaupts-al-gaddafi-in-libyen-getoetet\/\"]}]},{\"@type\":\"ImageObject\",\"inLanguage\":\"de\",\"@id\":\"https:\/\/now-news.de\/de\/deutschland\/sohn-des-frueheren-staatsoberhaupts-al-gaddafi-in-libyen-getoetet\/#primaryimage\",\"url\":\"https:\/\/now-news.de\/de\/wp-content\/uploads\/sites\/3\/2026\/02\/Sohn-des-frueheren-Staatsoberhaupts-al-Gaddafi-in-Libyen-getoetet.jpg\",\"contentUrl\":\"https:\/\/now-news.de\/de\/wp-content\/uploads\/sites\/3\/2026\/02\/Sohn-des-frueheren-Staatsoberhaupts-al-Gaddafi-in-Libyen-getoetet.jpg\",\"width\":460,\"height\":259,\"caption\":\"Sohn des fr\u00fcheren Staatsoberhaupts al-Gaddafi in Libyen get\u00f6tet\"},{\"@type\":\"BreadcrumbList\",\"@id\":\"https:\/\/now-news.de\/de\/deutschland\/sohn-des-frueheren-staatsoberhaupts-al-gaddafi-in-libyen-getoetet\/#breadcrumb\",\"itemListElement\":[{\"@type\":\"ListItem\",\"position\":1,\"name\":\"Home\",\"item\":\"https:\/\/now-news.de\/de\/\"},{\"@type\":\"ListItem\",\"position\":2,\"name\":\"Sohn des fr\u00fcheren Staatsoberhaupts al-Gaddafi in Libyen get\u00f6tet\"}]},{\"@type\":\"WebSite\",\"@id\":\"https:\/\/now-news.de\/de\/#website\",\"url\":\"https:\/\/now-news.de\/de\/\",\"name\":\"just-now.NEWS Deutschland\",\"description\":\"Das Portal f\u00fcr unzensierte Nachrichten aus der Welt\",\"publisher\":{\"@id\":\"https:\/\/now-news.de\/de\/#organization\"},\"potentialAction\":[{\"@type\":\"SearchAction\",\"target\":{\"@type\":\"EntryPoint\",\"urlTemplate\":\"https:\/\/now-news.de\/de\/?s={search_term_string}\"},\"query-input\":\"required name=search_term_string\"}],\"inLanguage\":\"de\"},{\"@type\":\"Organization\",\"@id\":\"https:\/\/now-news.de\/de\/#organization\",\"name\":\"Just Now News\",\"url\":\"https:\/\/now-news.de\/de\/\",\"logo\":{\"@type\":\"ImageObject\",\"inLanguage\":\"de\",\"@id\":\"https:\/\/now-news.de\/de\/#\/schema\/logo\/image\/\",\"url\":\"http:\/\/just-now.news\/de\/wp-content\/uploads\/sites\/3\/2022\/04\/logo500x500.jpg\",\"contentUrl\":\"http:\/\/just-now.news\/de\/wp-content\/uploads\/sites\/3\/2022\/04\/logo500x500.jpg\",\"width\":500,\"height\":500,\"caption\":\"Just Now News\"},\"image\":{\"@id\":\"https:\/\/now-news.de\/de\/#\/schema\/logo\/image\/\"},\"sameAs\":[\"https:\/\/www.facebook.com\/wirmachenauf\",\"https:\/\/x.com\/WirMachenAuf_de\"]},{\"@type\":\"Person\",\"@id\":\"https:\/\/now-news.de\/de\/#\/schema\/person\/fb534a4e865501d8b3285208df34a9b5\",\"name\":\"rtnews\",\"image\":{\"@type\":\"ImageObject\",\"inLanguage\":\"de\",\"@id\":\"https:\/\/now-news.de\/de\/#\/schema\/person\/image\/\",\"url\":\"https:\/\/secure.gravatar.com\/avatar\/82aafea7d8127119dd649515f56e2117?s=96&d=mm&r=g\",\"contentUrl\":\"https:\/\/secure.gravatar.com\/avatar\/82aafea7d8127119dd649515f56e2117?s=96&d=mm&r=g\",\"caption\":\"rtnews\"},\"url\":\"https:\/\/now-news.de\/de\/author\/rnews\/\"}]}<\/script>\n<!-- \/ Yoast SEO Premium plugin. -->","yoast_head_json":{"title":"Sohn des fr\u00fcheren Staatsoberhaupts al-Gaddafi in Libyen get\u00f6tet - just-now.NEWS Deutschland","robots":{"index":"index","follow":"follow","max-snippet":"max-snippet:-1","max-image-preview":"max-image-preview:large","max-video-preview":"max-video-preview:-1"},"canonical":"https:\/\/now-news.de\/de\/deutschland\/sohn-des-frueheren-staatsoberhaupts-al-gaddafi-in-libyen-getoetet\/","og_locale":"de_DE","og_type":"article","og_title":"Sohn des fr\u00fcheren Staatsoberhaupts al-Gaddafi in Libyen get\u00f6tet","og_description":"Saif al-Islam Gaddafi, der Sohn des langj\u00e4hrigen Staatsoberhaupts Libyens, wurde am Dienstag von Unbekannten erschossen. Laut Medien wurde Gaddafi in privaten R\u00e4umen in der westlibyschen Stadt Az-Zintan von mehreren T\u00e4tern attackiert. Saif al-Islam Gaddafi, der Sohn des langj\u00e4hrigen Staatsoberhaupts Libyens, wurde am Dienstag durch ein Attentat in der westlibyschen Stadt Az-Zintan ermordet. Libysche Medien berichten, [&hellip;]","og_url":"https:\/\/now-news.de\/de\/deutschland\/sohn-des-frueheren-staatsoberhaupts-al-gaddafi-in-libyen-getoetet\/","og_site_name":"just-now.NEWS Deutschland","article_publisher":"https:\/\/www.facebook.com\/wirmachenauf","article_published_time":"2026-02-04T08:58:32+00:00","og_image":[{"url":"https:\/\/now-news.de\/de\/wp-content\/uploads\/sites\/3\/2026\/02\/6982f1a8b480cc60dd4ffe58.jpg"}],"author":"rtnews","twitter_card":"summary_large_image","twitter_creator":"@WirMachenAuf_de","twitter_site":"@WirMachenAuf_de","twitter_misc":{"Verfasst von":"rtnews","Gesch\u00e4tzte Lesezeit":"2\u00a0Minuten"},"schema":{"@context":"https:\/\/schema.org","@graph":[{"@type":"Article","@id":"https:\/\/now-news.de\/de\/deutschland\/sohn-des-frueheren-staatsoberhaupts-al-gaddafi-in-libyen-getoetet\/#article","isPartOf":{"@id":"https:\/\/now-news.de\/de\/deutschland\/sohn-des-frueheren-staatsoberhaupts-al-gaddafi-in-libyen-getoetet\/"},"author":{"name":"rtnews","@id":"https:\/\/now-news.de\/de\/#\/schema\/person\/fb534a4e865501d8b3285208df34a9b5"},"headline":"Sohn des fr\u00fcheren Staatsoberhaupts al-Gaddafi in Libyen get\u00f6tet","datePublished":"2026-02-04T08:58:32+00:00","dateModified":"2026-02-04T08:58:32+00:00","mainEntityOfPage":{"@id":"https:\/\/now-news.de\/de\/deutschland\/sohn-des-frueheren-staatsoberhaupts-al-gaddafi-in-libyen-getoetet\/"},"wordCount":407,"commentCount":0,"publisher":{"@id":"https:\/\/now-news.de\/de\/#organization"},"image":{"@id":"https:\/\/now-news.de\/de\/deutschland\/sohn-des-frueheren-staatsoberhaupts-al-gaddafi-in-libyen-getoetet\/#primaryimage"},"thumbnailUrl":"https:\/\/now-news.de\/de\/wp-content\/uploads\/sites\/3\/2026\/02\/Sohn-des-frueheren-Staatsoberhaupts-al-Gaddafi-in-Libyen-getoetet.jpg","keywords":["alGaddafi","des","fr\u00fcheren","get\u00f6tet","Libyen","Sohn","Staatsoberhaupts"],"articleSection":["Deutschland","Russland"],"inLanguage":"de","potentialAction":[{"@type":"CommentAction","name":"Comment","target":["https:\/\/now-news.de\/de\/deutschland\/sohn-des-frueheren-staatsoberhaupts-al-gaddafi-in-libyen-getoetet\/#respond"]}]},{"@type":"WebPage","@id":"https:\/\/now-news.de\/de\/deutschland\/sohn-des-frueheren-staatsoberhaupts-al-gaddafi-in-libyen-getoetet\/","url":"https:\/\/now-news.de\/de\/deutschland\/sohn-des-frueheren-staatsoberhaupts-al-gaddafi-in-libyen-getoetet\/","name":"Sohn des fr\u00fcheren Staatsoberhaupts al-Gaddafi in Libyen get\u00f6tet - just-now.NEWS Deutschland","isPartOf":{"@id":"https:\/\/now-news.de\/de\/#website"},"primaryImageOfPage":{"@id":"https:\/\/now-news.de\/de\/deutschland\/sohn-des-frueheren-staatsoberhaupts-al-gaddafi-in-libyen-getoetet\/#primaryimage"},"image":{"@id":"https:\/\/now-news.de\/de\/deutschland\/sohn-des-frueheren-staatsoberhaupts-al-gaddafi-in-libyen-getoetet\/#primaryimage"},"thumbnailUrl":"https:\/\/now-news.de\/de\/wp-content\/uploads\/sites\/3\/2026\/02\/Sohn-des-frueheren-Staatsoberhaupts-al-Gaddafi-in-Libyen-getoetet.jpg","datePublished":"2026-02-04T08:58:32+00:00","dateModified":"2026-02-04T08:58:32+00:00","breadcrumb":{"@id":"https:\/\/now-news.de\/de\/deutschland\/sohn-des-frueheren-staatsoberhaupts-al-gaddafi-in-libyen-getoetet\/#breadcrumb"},"inLanguage":"de","potentialAction":[{"@type":"ReadAction","target":["https:\/\/now-news.de\/de\/deutschland\/sohn-des-frueheren-staatsoberhaupts-al-gaddafi-in-libyen-getoetet\/"]}]},{"@type":"ImageObject","inLanguage":"de","@id":"https:\/\/now-news.de\/de\/deutschland\/sohn-des-frueheren-staatsoberhaupts-al-gaddafi-in-libyen-getoetet\/#primaryimage","url":"https:\/\/now-news.de\/de\/wp-content\/uploads\/sites\/3\/2026\/02\/Sohn-des-frueheren-Staatsoberhaupts-al-Gaddafi-in-Libyen-getoetet.jpg","contentUrl":"https:\/\/now-news.de\/de\/wp-content\/uploads\/sites\/3\/2026\/02\/Sohn-des-frueheren-Staatsoberhaupts-al-Gaddafi-in-Libyen-getoetet.jpg","width":460,"height":259,"caption":"Sohn des fr\u00fcheren Staatsoberhaupts al-Gaddafi in Libyen get\u00f6tet"},{"@type":"BreadcrumbList","@id":"https:\/\/now-news.de\/de\/deutschland\/sohn-des-frueheren-staatsoberhaupts-al-gaddafi-in-libyen-getoetet\/#breadcrumb","itemListElement":[{"@type":"ListItem","position":1,"name":"Home","item":"https:\/\/now-news.de\/de\/"},{"@type":"ListItem","position":2,"name":"Sohn des fr\u00fcheren Staatsoberhaupts al-Gaddafi in Libyen get\u00f6tet"}]},{"@type":"WebSite","@id":"https:\/\/now-news.de\/de\/#website","url":"https:\/\/now-news.de\/de\/","name":"just-now.NEWS Deutschland","description":"Das Portal f\u00fcr unzensierte Nachrichten aus der Welt","publisher":{"@id":"https:\/\/now-news.de\/de\/#organization"},"potentialAction":[{"@type":"SearchAction","target":{"@type":"EntryPoint","urlTemplate":"https:\/\/now-news.de\/de\/?s={search_term_string}"},"query-input":"required name=search_term_string"}],"inLanguage":"de"},{"@type":"Organization","@id":"https:\/\/now-news.de\/de\/#organization","name":"Just Now News","url":"https:\/\/now-news.de\/de\/","logo":{"@type":"ImageObject","inLanguage":"de","@id":"https:\/\/now-news.de\/de\/#\/schema\/logo\/image\/","url":"http:\/\/just-now.news\/de\/wp-content\/uploads\/sites\/3\/2022\/04\/logo500x500.jpg","contentUrl":"http:\/\/just-now.news\/de\/wp-content\/uploads\/sites\/3\/2022\/04\/logo500x500.jpg","width":500,"height":500,"caption":"Just Now News"},"image":{"@id":"https:\/\/now-news.de\/de\/#\/schema\/logo\/image\/"},"sameAs":["https:\/\/www.facebook.com\/wirmachenauf","https:\/\/x.com\/WirMachenAuf_de"]},{"@type":"Person","@id":"https:\/\/now-news.de\/de\/#\/schema\/person\/fb534a4e865501d8b3285208df34a9b5","name":"rtnews","image":{"@type":"ImageObject","inLanguage":"de","@id":"https:\/\/now-news.de\/de\/#\/schema\/person\/image\/","url":"https:\/\/secure.gravatar.com\/avatar\/82aafea7d8127119dd649515f56e2117?s=96&d=mm&r=g","contentUrl":"https:\/\/secure.gravatar.com\/avatar\/82aafea7d8127119dd649515f56e2117?s=96&d=mm&r=g","caption":"rtnews"},"url":"https:\/\/now-news.de\/de\/author\/rnews\/"}]}},"_links":{"self":[{"href":"https:\/\/now-news.de\/de\/wp-json\/wp\/v2\/posts\/98348"}],"collection":[{"href":"https:\/\/now-news.de\/de\/wp-json\/wp\/v2\/posts"}],"about":[{"href":"https:\/\/now-news.de\/de\/wp-json\/wp\/v2\/types\/post"}],"author":[{"embeddable":true,"href":"https:\/\/now-news.de\/de\/wp-json\/wp\/v2\/users\/3"}],"replies":[{"embeddable":true,"href":"https:\/\/now-news.de\/de\/wp-json\/wp\/v2\/comments?post=98348"}],"version-history":[{"count":0,"href":"https:\/\/now-news.de\/de\/wp-json\/wp\/v2\/posts\/98348\/revisions"}],"wp:featuredmedia":[{"embeddable":true,"href":"https:\/\/now-news.de\/de\/wp-json\/wp\/v2\/media\/98349"}],"wp:attachment":[{"href":"https:\/\/now-news.de\/de\/wp-json\/wp\/v2\/media?parent=98348"}],"wp:term":[{"taxonomy":"category","embeddable":true,"href":"https:\/\/now-news.de\/de\/wp-json\/wp\/v2\/categories?post=98348"},{"taxonomy":"post_tag","embeddable":true,"href":"https:\/\/now-news.de\/de\/wp-json\/wp\/v2\/tags?post=98348"}],"curies":[{"name":"wp","href":"https:\/\/api.w.org\/{rel}","templated":true}]}}