{"id":98332,"date":"2026-02-03T22:26:57","date_gmt":"2026-02-03T20:26:57","guid":{"rendered":"https:\/\/now-news.de\/de\/deutschland\/ukrainische-veteranen-fordern-polizisten-an-die-front-video\/"},"modified":"2026-02-03T22:26:57","modified_gmt":"2026-02-03T20:26:57","slug":"ukrainische-veteranen-fordern-polizisten-an-die-front-video","status":"publish","type":"post","link":"https:\/\/now-news.de\/de\/deutschland\/ukrainische-veteranen-fordern-polizisten-an-die-front-video\/","title":{"rendered":"Ukrainische Veteranen fordern &quot;Polizisten an die Front&quot; (VIDEO)"},"content":{"rendered":"<p><img decoding=\"async\" src=\"https:\/\/now-news.de\/de\/wp-content\/uploads\/sites\/3\/2026\/02\/6982290e48fbef04b91858aa.jpg\" \/><\/p>\n<div class=\"Text-root Text-type_1 \">\n                \u00dcber 300 ukrainische Kriegsveteranen versammelten sich in der Stadt Tscherkassy und forderten unter dem Ruf &#8220;Polizisten an die Front&#8221; den R\u00fccktritt des lokalen Polizeichefs. Zuvor hatte es eine t\u00f6dliche Auseinandersetzung zwischen einem Veteranen und Polizeibeamten gegeben.\n            <\/div>\n<p><\/p>\n<div class=\"Text-root Text-type_5 ArticleView-text ViewText-root \">\n<p>Hunderte ukrainische Kriegsveteranen protestierten am Sonntag in der Stadt Tscherkassy in der Zentralukraine und forderten den R\u00fccktritt des regionalen Polizeichefs, nachdem bei einer gewaltsamen Auseinandersetzung vier Polizisten und ein ehemaliger Soldat ums Leben gekommen waren.<\/p>\n<p>Etwa 300 bis 350 Demonstranten organisierten einen Autokorso, bevor sie sich vor dem Verwaltungsgeb\u00e4ude der Region versammelten. Die Protestierenden skandierten &#8220;Polizisten an die Front!&#8221; und forderten, den Leichnam des ehemaligen Soldaten Sergei Rusinow seiner Familie zur Beerdigung zu \u00fcbergeben.<\/p>\n<p>Rusinow wurde am 27. Januar von der Polizei get\u00f6tet, nachdem er das Feuer auf Beamte er\u00f6ffnet hatte, die ihn festnehmen wollten. Dabei t\u00f6tete er vier Menschen und verletzte zwei weitere. Die Polizei gab an, Rusinow sei wegen des mutma\u00dflichen Mordversuchs an dem Abgeordneten Witali Storoschuk gesucht worden.<\/p>\n<p>Rusinows Unterst\u00fctzer argumentierten jedoch, dass der Veteran durch die Umst\u00e4nde und den Druck lokaler Machthaber in die Verzweiflung getrieben worden sei. Laut seinen Vertrauten gab es einen langj\u00e4hrigen Streit mit Storoschuk, der angeblich versucht habe, dem ehemaligen Soldaten Straftaten anzuh\u00e4ngen und ihn mithilfe der Strafverfolgungsbeh\u00f6rden unter Druck gesetzt habe. Storoschuk\u00a0hat die Vorw\u00fcrfe \u00f6ffentlich zur\u00fcckgewiesen.<\/p>\n<div class=\"EmbedBlock-root EmbedBlock-twitter\">\n<div class=\"TwitterEmbed\">\n<blockquote class=\"twitter-tweet lazyload\" data-twitter=\"twitter-tweet\">\n<p lang=\"cs\" dir=\"ltr\">&#8220;\u041c\u0435\u043d\u0442\u043e\u0432 \u043d\u0430 \u0444\u0440\u043e\u043d\u0442!&#8221; (&#8216;Cops to the front!&#8217;),veterans chant in Cherkasy at a rally against police abuse of power. Recently in the city, a veteran killed four police officers who allegedly wanted to frame him in a murder case, protecting interest of local official.The police\u2026 <a rel=\"nofollow noopener\" target=\"_blank\" href=\"https:\/\/t.co\/IdPZAjemMe\">pic.twitter.com\/IdPZAjemMe<\/a><\/p>\n<p>\u2014 Marta Havryshko (@HavryshkoMarta) <a rel=\"nofollow noopener\" target=\"_blank\" href=\"https:\/\/twitter.com\/HavryshkoMarta\/status\/2018283480329634254?ref_src=twsrc%5Etfw\">February 2, 2026<\/a><\/p><\/blockquote>\n<\/div>\n<\/div>\n<p>Die Demonstranten forderten mehr Aufmerksamkeit f\u00fcr Veteranen und warfen dem regionalen Polizeichef vor, operative Risiken zu ignorieren. &#8220;Der regionale Leiter kannte die Situation. Er wusste, was passieren konnte, und schickte Polizisten dorthin. Sie wurden erschossen, unser Bruder starb&#8221;, sagte der Mitorganisator der Proteste, Sergei Kowal.<\/p>\n<p>Der Protest findet inmitten zunehmender Spannungen um Tausende Kriegsveteranen statt, die von den K\u00e4mpfen an der Front ins Zivilleben zur\u00fcckkehren. Lokale Medien berichten von einem Anstieg gewaltt\u00e4tiger Vorf\u00e4lle mit Beteiligung ehemaliger Soldaten, die h\u00e4ufig mit unbehandelter posttraumatischer Belastungsst\u00f6rung (PTBS) und unzureichender staatlicher Unterst\u00fctzung in Verbindung gebracht werden.<\/p>\n<p>Vorige Woche musste die Polizei in der Region Kiew das Feuer auf einen Mann er\u00f6ffnen, der mit einer Handgranate Passanten und Polizisten bedrohte und sich weigerte, die Waffe fallen zu lassen. Der Mann wurde durch die Sch\u00fcsse verletzt.<\/p>\n<p>In der Woche zuvor griff ein Mann in der Region Lwow uniformierte Mitarbeiter der Territorialen Rekrutierungszentren (TRZ) w\u00e4hrend einer Werbekampagne\u00a0 f\u00fcr den Milit\u00e4rdienst mit einer Softair-Granate an.<\/p>\n<p><strong>Mehr zum Thema<\/strong>\u00a0\u2013\u00a0<a rel=\"nofollow noopener\" target=\"_blank\" href=\"https:\/\/freedert.online\/europa\/268845-wo-russlands-naechste-grosse-offensive\/\">Wo Russlands n\u00e4chste gro\u00dfe Offensive stattfinden k\u00f6nnte<\/a><\/p>\n<div class=\"EmbedBlock-root EmbedBlock-externalVideo EmbedBlock-rumble\">\n<div class=\"VkEmbed\"><iframe class=\"lazyload\" data-src=\"https:\/\/rumble.com\/embed\/v72x7xc\" frameborder=\"0\" width=\"853\" height=\"480\" allowfullscreen><\/iframe><\/div>\n<\/div>\n<\/div>\n<p><script async src=\"https:\/\/platform.twitter.com\/widgets.js\" charset=\"utf-8\"><\/script><br \/>\n<br \/><br \/>\n<br \/><a href=\"https:\/\/de.rt.com\/europa\/269232-ukrainische-veteranen-fordern-polizisten-an\/\">Source link <\/a><\/p>\n","protected":false},"excerpt":{"rendered":"<p>\u00dcber 300 ukrainische Kriegsveteranen versammelten sich in der Stadt Tscherkassy und forderten unter dem Ruf &#8220;Polizisten an die Front&#8221; den R\u00fccktritt des lokalen Polizeichefs. Zuvor hatte es eine t\u00f6dliche Auseinandersetzung zwischen einem Veteranen und Polizeibeamten gegeben. Hunderte ukrainische Kriegsveteranen protestierten am Sonntag in der Stadt Tscherkassy in der Zentralukraine und forderten den R\u00fccktritt des regionalen [&hellip;]<\/p>\n","protected":false},"author":3,"featured_media":98333,"comment_status":"open","ping_status":"open","sticky":false,"template":"","format":"standard","meta":{"_yoast_indexnow_last_ping":["1770151124"],"wp_automatic_camp":["217"],"99de3b77815fd31c5f6f9501540d8117":["Ukrainische Veteranen fordern &quot;Polizisten an die Front&quot; (VIDEO)"],"original_link":["https:\/\/de.rt.com\/europa\/269232-ukrainische-veteranen-fordern-polizisten-an\/"],"_thumbnail_id":["98333"],"jnews_social_counter_last_update":["1777642299"],"_wptgpro_p2tg_sent2tg":["a:1:{i:23737;s:19:\"2026-02-03 22:39:51\";}"]},"categories":[19,23],"tags":[45,3657,33512,70998,905,61921,173],"yoast_head":"<!-- This site is optimized with the Yoast SEO Premium plugin v22.7 (Yoast SEO v22.7) - https:\/\/yoast.com\/wordpress\/plugins\/seo\/ -->\n<title>Ukrainische Veteranen fordern &quot;Polizisten an die Front&quot; (VIDEO) - just-now.NEWS Deutschland<\/title>\n<meta name=\"robots\" content=\"index, follow, max-snippet:-1, max-image-preview:large, max-video-preview:-1\" \/>\n<link rel=\"canonical\" href=\"https:\/\/now-news.de\/de\/deutschland\/ukrainische-veteranen-fordern-polizisten-an-die-front-video\/\" \/>\n<meta property=\"og:locale\" content=\"de_DE\" \/>\n<meta property=\"og:type\" content=\"article\" \/>\n<meta property=\"og:title\" content=\"Ukrainische Veteranen fordern &quot;Polizisten an die Front&quot; (VIDEO)\" \/>\n<meta property=\"og:description\" content=\"\u00dcber 300 ukrainische Kriegsveteranen versammelten sich in der Stadt Tscherkassy und forderten unter dem Ruf &#8220;Polizisten an die Front&#8221; den R\u00fccktritt des lokalen Polizeichefs. Zuvor hatte es eine t\u00f6dliche Auseinandersetzung zwischen einem Veteranen und Polizeibeamten gegeben. Hunderte ukrainische Kriegsveteranen protestierten am Sonntag in der Stadt Tscherkassy in der Zentralukraine und forderten den R\u00fccktritt des regionalen [&hellip;]\" \/>\n<meta property=\"og:url\" content=\"https:\/\/now-news.de\/de\/deutschland\/ukrainische-veteranen-fordern-polizisten-an-die-front-video\/\" \/>\n<meta property=\"og:site_name\" content=\"just-now.NEWS Deutschland\" \/>\n<meta property=\"article:publisher\" content=\"https:\/\/www.facebook.com\/wirmachenauf\" \/>\n<meta property=\"article:published_time\" content=\"2026-02-03T20:26:57+00:00\" \/>\n<meta property=\"og:image\" content=\"https:\/\/now-news.de\/de\/wp-content\/uploads\/sites\/3\/2026\/02\/6982290e48fbef04b91858aa.jpg\" \/>\n<meta name=\"author\" content=\"rtnews\" \/>\n<meta name=\"twitter:card\" content=\"summary_large_image\" \/>\n<meta name=\"twitter:creator\" content=\"@WirMachenAuf_de\" \/>\n<meta name=\"twitter:site\" content=\"@WirMachenAuf_de\" \/>\n<meta name=\"twitter:label1\" content=\"Verfasst von\" \/>\n\t<meta name=\"twitter:data1\" content=\"rtnews\" \/>\n\t<meta name=\"twitter:label2\" content=\"Gesch\u00e4tzte Lesezeit\" \/>\n\t<meta name=\"twitter:data2\" content=\"2\u00a0Minuten\" \/>\n<script type=\"application\/ld+json\" class=\"yoast-schema-graph\">{\"@context\":\"https:\/\/schema.org\",\"@graph\":[{\"@type\":\"Article\",\"@id\":\"https:\/\/now-news.de\/de\/deutschland\/ukrainische-veteranen-fordern-polizisten-an-die-front-video\/#article\",\"isPartOf\":{\"@id\":\"https:\/\/now-news.de\/de\/deutschland\/ukrainische-veteranen-fordern-polizisten-an-die-front-video\/\"},\"author\":{\"name\":\"rtnews\",\"@id\":\"https:\/\/now-news.de\/de\/#\/schema\/person\/fb534a4e865501d8b3285208df34a9b5\"},\"headline\":\"Ukrainische Veteranen fordern &quot;Polizisten an die Front&quot; (VIDEO)\",\"datePublished\":\"2026-02-03T20:26:57+00:00\",\"dateModified\":\"2026-02-03T20:26:57+00:00\",\"mainEntityOfPage\":{\"@id\":\"https:\/\/now-news.de\/de\/deutschland\/ukrainische-veteranen-fordern-polizisten-an-die-front-video\/\"},\"wordCount\":473,\"commentCount\":0,\"publisher\":{\"@id\":\"https:\/\/now-news.de\/de\/#organization\"},\"image\":{\"@id\":\"https:\/\/now-news.de\/de\/deutschland\/ukrainische-veteranen-fordern-polizisten-an-die-front-video\/#primaryimage\"},\"thumbnailUrl\":\"https:\/\/now-news.de\/de\/wp-content\/uploads\/sites\/3\/2026\/02\/Ukrainische-Veteranen-fordern-quotPolizisten-an-die-Frontquot-VIDEO.jpg\",\"keywords\":[\"die\",\"f\u00f6rdern\",\"Frontquot\",\"quotPolizisten\",\"Ukrainische\",\"Veteranen\",\"Video\"],\"articleSection\":[\"Deutschland\",\"Russland\"],\"inLanguage\":\"de\",\"potentialAction\":[{\"@type\":\"CommentAction\",\"name\":\"Comment\",\"target\":[\"https:\/\/now-news.de\/de\/deutschland\/ukrainische-veteranen-fordern-polizisten-an-die-front-video\/#respond\"]}]},{\"@type\":\"WebPage\",\"@id\":\"https:\/\/now-news.de\/de\/deutschland\/ukrainische-veteranen-fordern-polizisten-an-die-front-video\/\",\"url\":\"https:\/\/now-news.de\/de\/deutschland\/ukrainische-veteranen-fordern-polizisten-an-die-front-video\/\",\"name\":\"Ukrainische Veteranen fordern &quot;Polizisten an die Front&quot; (VIDEO) - just-now.NEWS Deutschland\",\"isPartOf\":{\"@id\":\"https:\/\/now-news.de\/de\/#website\"},\"primaryImageOfPage\":{\"@id\":\"https:\/\/now-news.de\/de\/deutschland\/ukrainische-veteranen-fordern-polizisten-an-die-front-video\/#primaryimage\"},\"image\":{\"@id\":\"https:\/\/now-news.de\/de\/deutschland\/ukrainische-veteranen-fordern-polizisten-an-die-front-video\/#primaryimage\"},\"thumbnailUrl\":\"https:\/\/now-news.de\/de\/wp-content\/uploads\/sites\/3\/2026\/02\/Ukrainische-Veteranen-fordern-quotPolizisten-an-die-Frontquot-VIDEO.jpg\",\"datePublished\":\"2026-02-03T20:26:57+00:00\",\"dateModified\":\"2026-02-03T20:26:57+00:00\",\"breadcrumb\":{\"@id\":\"https:\/\/now-news.de\/de\/deutschland\/ukrainische-veteranen-fordern-polizisten-an-die-front-video\/#breadcrumb\"},\"inLanguage\":\"de\",\"potentialAction\":[{\"@type\":\"ReadAction\",\"target\":[\"https:\/\/now-news.de\/de\/deutschland\/ukrainische-veteranen-fordern-polizisten-an-die-front-video\/\"]}]},{\"@type\":\"ImageObject\",\"inLanguage\":\"de\",\"@id\":\"https:\/\/now-news.de\/de\/deutschland\/ukrainische-veteranen-fordern-polizisten-an-die-front-video\/#primaryimage\",\"url\":\"https:\/\/now-news.de\/de\/wp-content\/uploads\/sites\/3\/2026\/02\/Ukrainische-Veteranen-fordern-quotPolizisten-an-die-Frontquot-VIDEO.jpg\",\"contentUrl\":\"https:\/\/now-news.de\/de\/wp-content\/uploads\/sites\/3\/2026\/02\/Ukrainische-Veteranen-fordern-quotPolizisten-an-die-Frontquot-VIDEO.jpg\",\"width\":460,\"height\":259,\"caption\":\"Ukrainische Veteranen fordern &quot;Polizisten an die Front&quot; (VIDEO)\"},{\"@type\":\"BreadcrumbList\",\"@id\":\"https:\/\/now-news.de\/de\/deutschland\/ukrainische-veteranen-fordern-polizisten-an-die-front-video\/#breadcrumb\",\"itemListElement\":[{\"@type\":\"ListItem\",\"position\":1,\"name\":\"Home\",\"item\":\"https:\/\/now-news.de\/de\/\"},{\"@type\":\"ListItem\",\"position\":2,\"name\":\"Ukrainische Veteranen fordern &quot;Polizisten an die Front&quot; (VIDEO)\"}]},{\"@type\":\"WebSite\",\"@id\":\"https:\/\/now-news.de\/de\/#website\",\"url\":\"https:\/\/now-news.de\/de\/\",\"name\":\"just-now.NEWS Deutschland\",\"description\":\"Das Portal f\u00fcr unzensierte Nachrichten aus der Welt\",\"publisher\":{\"@id\":\"https:\/\/now-news.de\/de\/#organization\"},\"potentialAction\":[{\"@type\":\"SearchAction\",\"target\":{\"@type\":\"EntryPoint\",\"urlTemplate\":\"https:\/\/now-news.de\/de\/?s={search_term_string}\"},\"query-input\":\"required name=search_term_string\"}],\"inLanguage\":\"de\"},{\"@type\":\"Organization\",\"@id\":\"https:\/\/now-news.de\/de\/#organization\",\"name\":\"Just Now News\",\"url\":\"https:\/\/now-news.de\/de\/\",\"logo\":{\"@type\":\"ImageObject\",\"inLanguage\":\"de\",\"@id\":\"https:\/\/now-news.de\/de\/#\/schema\/logo\/image\/\",\"url\":\"http:\/\/just-now.news\/de\/wp-content\/uploads\/sites\/3\/2022\/04\/logo500x500.jpg\",\"contentUrl\":\"http:\/\/just-now.news\/de\/wp-content\/uploads\/sites\/3\/2022\/04\/logo500x500.jpg\",\"width\":500,\"height\":500,\"caption\":\"Just Now News\"},\"image\":{\"@id\":\"https:\/\/now-news.de\/de\/#\/schema\/logo\/image\/\"},\"sameAs\":[\"https:\/\/www.facebook.com\/wirmachenauf\",\"https:\/\/x.com\/WirMachenAuf_de\"]},{\"@type\":\"Person\",\"@id\":\"https:\/\/now-news.de\/de\/#\/schema\/person\/fb534a4e865501d8b3285208df34a9b5\",\"name\":\"rtnews\",\"image\":{\"@type\":\"ImageObject\",\"inLanguage\":\"de\",\"@id\":\"https:\/\/now-news.de\/de\/#\/schema\/person\/image\/\",\"url\":\"https:\/\/secure.gravatar.com\/avatar\/82aafea7d8127119dd649515f56e2117?s=96&d=mm&r=g\",\"contentUrl\":\"https:\/\/secure.gravatar.com\/avatar\/82aafea7d8127119dd649515f56e2117?s=96&d=mm&r=g\",\"caption\":\"rtnews\"},\"url\":\"https:\/\/now-news.de\/de\/author\/rnews\/\"}]}<\/script>\n<!-- \/ Yoast SEO Premium plugin. -->","yoast_head_json":{"title":"Ukrainische Veteranen fordern &quot;Polizisten an die Front&quot; (VIDEO) - just-now.NEWS Deutschland","robots":{"index":"index","follow":"follow","max-snippet":"max-snippet:-1","max-image-preview":"max-image-preview:large","max-video-preview":"max-video-preview:-1"},"canonical":"https:\/\/now-news.de\/de\/deutschland\/ukrainische-veteranen-fordern-polizisten-an-die-front-video\/","og_locale":"de_DE","og_type":"article","og_title":"Ukrainische Veteranen fordern &quot;Polizisten an die Front&quot; (VIDEO)","og_description":"\u00dcber 300 ukrainische Kriegsveteranen versammelten sich in der Stadt Tscherkassy und forderten unter dem Ruf &#8220;Polizisten an die Front&#8221; den R\u00fccktritt des lokalen Polizeichefs. Zuvor hatte es eine t\u00f6dliche Auseinandersetzung zwischen einem Veteranen und Polizeibeamten gegeben. Hunderte ukrainische Kriegsveteranen protestierten am Sonntag in der Stadt Tscherkassy in der Zentralukraine und forderten den R\u00fccktritt des regionalen [&hellip;]","og_url":"https:\/\/now-news.de\/de\/deutschland\/ukrainische-veteranen-fordern-polizisten-an-die-front-video\/","og_site_name":"just-now.NEWS Deutschland","article_publisher":"https:\/\/www.facebook.com\/wirmachenauf","article_published_time":"2026-02-03T20:26:57+00:00","og_image":[{"url":"https:\/\/now-news.de\/de\/wp-content\/uploads\/sites\/3\/2026\/02\/6982290e48fbef04b91858aa.jpg"}],"author":"rtnews","twitter_card":"summary_large_image","twitter_creator":"@WirMachenAuf_de","twitter_site":"@WirMachenAuf_de","twitter_misc":{"Verfasst von":"rtnews","Gesch\u00e4tzte Lesezeit":"2\u00a0Minuten"},"schema":{"@context":"https:\/\/schema.org","@graph":[{"@type":"Article","@id":"https:\/\/now-news.de\/de\/deutschland\/ukrainische-veteranen-fordern-polizisten-an-die-front-video\/#article","isPartOf":{"@id":"https:\/\/now-news.de\/de\/deutschland\/ukrainische-veteranen-fordern-polizisten-an-die-front-video\/"},"author":{"name":"rtnews","@id":"https:\/\/now-news.de\/de\/#\/schema\/person\/fb534a4e865501d8b3285208df34a9b5"},"headline":"Ukrainische Veteranen fordern &quot;Polizisten an die Front&quot; (VIDEO)","datePublished":"2026-02-03T20:26:57+00:00","dateModified":"2026-02-03T20:26:57+00:00","mainEntityOfPage":{"@id":"https:\/\/now-news.de\/de\/deutschland\/ukrainische-veteranen-fordern-polizisten-an-die-front-video\/"},"wordCount":473,"commentCount":0,"publisher":{"@id":"https:\/\/now-news.de\/de\/#organization"},"image":{"@id":"https:\/\/now-news.de\/de\/deutschland\/ukrainische-veteranen-fordern-polizisten-an-die-front-video\/#primaryimage"},"thumbnailUrl":"https:\/\/now-news.de\/de\/wp-content\/uploads\/sites\/3\/2026\/02\/Ukrainische-Veteranen-fordern-quotPolizisten-an-die-Frontquot-VIDEO.jpg","keywords":["die","f\u00f6rdern","Frontquot","quotPolizisten","Ukrainische","Veteranen","Video"],"articleSection":["Deutschland","Russland"],"inLanguage":"de","potentialAction":[{"@type":"CommentAction","name":"Comment","target":["https:\/\/now-news.de\/de\/deutschland\/ukrainische-veteranen-fordern-polizisten-an-die-front-video\/#respond"]}]},{"@type":"WebPage","@id":"https:\/\/now-news.de\/de\/deutschland\/ukrainische-veteranen-fordern-polizisten-an-die-front-video\/","url":"https:\/\/now-news.de\/de\/deutschland\/ukrainische-veteranen-fordern-polizisten-an-die-front-video\/","name":"Ukrainische Veteranen fordern &quot;Polizisten an die Front&quot; (VIDEO) - just-now.NEWS Deutschland","isPartOf":{"@id":"https:\/\/now-news.de\/de\/#website"},"primaryImageOfPage":{"@id":"https:\/\/now-news.de\/de\/deutschland\/ukrainische-veteranen-fordern-polizisten-an-die-front-video\/#primaryimage"},"image":{"@id":"https:\/\/now-news.de\/de\/deutschland\/ukrainische-veteranen-fordern-polizisten-an-die-front-video\/#primaryimage"},"thumbnailUrl":"https:\/\/now-news.de\/de\/wp-content\/uploads\/sites\/3\/2026\/02\/Ukrainische-Veteranen-fordern-quotPolizisten-an-die-Frontquot-VIDEO.jpg","datePublished":"2026-02-03T20:26:57+00:00","dateModified":"2026-02-03T20:26:57+00:00","breadcrumb":{"@id":"https:\/\/now-news.de\/de\/deutschland\/ukrainische-veteranen-fordern-polizisten-an-die-front-video\/#breadcrumb"},"inLanguage":"de","potentialAction":[{"@type":"ReadAction","target":["https:\/\/now-news.de\/de\/deutschland\/ukrainische-veteranen-fordern-polizisten-an-die-front-video\/"]}]},{"@type":"ImageObject","inLanguage":"de","@id":"https:\/\/now-news.de\/de\/deutschland\/ukrainische-veteranen-fordern-polizisten-an-die-front-video\/#primaryimage","url":"https:\/\/now-news.de\/de\/wp-content\/uploads\/sites\/3\/2026\/02\/Ukrainische-Veteranen-fordern-quotPolizisten-an-die-Frontquot-VIDEO.jpg","contentUrl":"https:\/\/now-news.de\/de\/wp-content\/uploads\/sites\/3\/2026\/02\/Ukrainische-Veteranen-fordern-quotPolizisten-an-die-Frontquot-VIDEO.jpg","width":460,"height":259,"caption":"Ukrainische Veteranen fordern &quot;Polizisten an die Front&quot; (VIDEO)"},{"@type":"BreadcrumbList","@id":"https:\/\/now-news.de\/de\/deutschland\/ukrainische-veteranen-fordern-polizisten-an-die-front-video\/#breadcrumb","itemListElement":[{"@type":"ListItem","position":1,"name":"Home","item":"https:\/\/now-news.de\/de\/"},{"@type":"ListItem","position":2,"name":"Ukrainische Veteranen fordern &quot;Polizisten an die Front&quot; (VIDEO)"}]},{"@type":"WebSite","@id":"https:\/\/now-news.de\/de\/#website","url":"https:\/\/now-news.de\/de\/","name":"just-now.NEWS Deutschland","description":"Das Portal f\u00fcr unzensierte Nachrichten aus der Welt","publisher":{"@id":"https:\/\/now-news.de\/de\/#organization"},"potentialAction":[{"@type":"SearchAction","target":{"@type":"EntryPoint","urlTemplate":"https:\/\/now-news.de\/de\/?s={search_term_string}"},"query-input":"required name=search_term_string"}],"inLanguage":"de"},{"@type":"Organization","@id":"https:\/\/now-news.de\/de\/#organization","name":"Just Now News","url":"https:\/\/now-news.de\/de\/","logo":{"@type":"ImageObject","inLanguage":"de","@id":"https:\/\/now-news.de\/de\/#\/schema\/logo\/image\/","url":"http:\/\/just-now.news\/de\/wp-content\/uploads\/sites\/3\/2022\/04\/logo500x500.jpg","contentUrl":"http:\/\/just-now.news\/de\/wp-content\/uploads\/sites\/3\/2022\/04\/logo500x500.jpg","width":500,"height":500,"caption":"Just Now News"},"image":{"@id":"https:\/\/now-news.de\/de\/#\/schema\/logo\/image\/"},"sameAs":["https:\/\/www.facebook.com\/wirmachenauf","https:\/\/x.com\/WirMachenAuf_de"]},{"@type":"Person","@id":"https:\/\/now-news.de\/de\/#\/schema\/person\/fb534a4e865501d8b3285208df34a9b5","name":"rtnews","image":{"@type":"ImageObject","inLanguage":"de","@id":"https:\/\/now-news.de\/de\/#\/schema\/person\/image\/","url":"https:\/\/secure.gravatar.com\/avatar\/82aafea7d8127119dd649515f56e2117?s=96&d=mm&r=g","contentUrl":"https:\/\/secure.gravatar.com\/avatar\/82aafea7d8127119dd649515f56e2117?s=96&d=mm&r=g","caption":"rtnews"},"url":"https:\/\/now-news.de\/de\/author\/rnews\/"}]}},"_links":{"self":[{"href":"https:\/\/now-news.de\/de\/wp-json\/wp\/v2\/posts\/98332"}],"collection":[{"href":"https:\/\/now-news.de\/de\/wp-json\/wp\/v2\/posts"}],"about":[{"href":"https:\/\/now-news.de\/de\/wp-json\/wp\/v2\/types\/post"}],"author":[{"embeddable":true,"href":"https:\/\/now-news.de\/de\/wp-json\/wp\/v2\/users\/3"}],"replies":[{"embeddable":true,"href":"https:\/\/now-news.de\/de\/wp-json\/wp\/v2\/comments?post=98332"}],"version-history":[{"count":0,"href":"https:\/\/now-news.de\/de\/wp-json\/wp\/v2\/posts\/98332\/revisions"}],"wp:featuredmedia":[{"embeddable":true,"href":"https:\/\/now-news.de\/de\/wp-json\/wp\/v2\/media\/98333"}],"wp:attachment":[{"href":"https:\/\/now-news.de\/de\/wp-json\/wp\/v2\/media?parent=98332"}],"wp:term":[{"taxonomy":"category","embeddable":true,"href":"https:\/\/now-news.de\/de\/wp-json\/wp\/v2\/categories?post=98332"},{"taxonomy":"post_tag","embeddable":true,"href":"https:\/\/now-news.de\/de\/wp-json\/wp\/v2\/tags?post=98332"}],"curies":[{"name":"wp","href":"https:\/\/api.w.org\/{rel}","templated":true}]}}