{"id":98320,"date":"2026-02-03T20:44:06","date_gmt":"2026-02-03T18:44:06","guid":{"rendered":"https:\/\/now-news.de\/de\/deutschland\/pole-zu-35-jahren-haft-verurteilt-wegen-angeblicher-kontakte-zu-russischen-geheimdiensten\/"},"modified":"2026-02-03T20:44:06","modified_gmt":"2026-02-03T18:44:06","slug":"pole-zu-35-jahren-haft-verurteilt-wegen-angeblicher-kontakte-zu-russischen-geheimdiensten","status":"publish","type":"post","link":"https:\/\/now-news.de\/de\/deutschland\/pole-zu-35-jahren-haft-verurteilt-wegen-angeblicher-kontakte-zu-russischen-geheimdiensten\/","title":{"rendered":"Pole zu 3,5 Jahren Haft verurteilt \u2013 wegen angeblicher Kontakte zu russischen Geheimdiensten"},"content":{"rendered":"<p><img decoding=\"async\" src=\"https:\/\/now-news.de\/de\/wp-content\/uploads\/sites\/3\/2026\/02\/6981e758b480cc74b629355a.jpg\" \/><\/p>\n<div class=\"Text-root Text-type_1 \">\n                Ein polnisches Gericht hat einen 50-j\u00e4hrigen Mann wegen mutma\u00dflicher Kooperationsbereitschaft mit russischen Geheimdiensten verurteilt. Laut Anklage soll es um Sicherheitsdaten eines Flughafens gegangen sein \u2013 mit m\u00f6glichem Bezug zu Selenskij. Konkrete Beweise fehlen.\n            <\/div>\n<p><\/p>\n<div class=\"Text-root Text-type_5 ArticleView-text ViewText-root \">\n<p>In Polen ist ein Mann zu dreieinhalb Jahren Haft verurteilt worden. Ihm wird vorgeworfen, Spionage zugunsten russischer Geheimdienste vorbereitet und illegal Waffen und Munition besessen zu haben. Dies teilte am Dienstag Jacek Dobrzy\u0144ski, der Sprecher des Koordinators der polnischen Sicherheitsdienste, mit.<\/p>\n<p>Bei dem Verurteilten handelt es sich um Pawe\u0142 K., ein 50-j\u00e4hriger Einwohner von Hrubiesz\u00f3w, einer Stadt an der Grenze zur Ukraine. Das Bezirksgericht in Zamo\u015b\u0107 befand ihn der ihm zur Last gelegten Taten f\u00fcr schuldig und verh\u00e4ngte eine Gesamtstrafe von dreieinhalb Jahren Haft. Die Verhandlung fand unter Ausschluss der \u00d6ffentlichkeit statt, Details des Falls wurden nicht ver\u00f6ffentlicht. Das Urteil ist noch nicht rechtskr\u00e4ftig.<\/p>\n<div class=\"EmbedBlock-root EmbedBlock-twitter\">\n<div class=\"TwitterEmbed\">\n<blockquote class=\"twitter-tweet lazyload\" data-twitter=\"twitter-tweet\">\n<p lang=\"pl\" dir=\"ltr\">50-letni mieszkaniec Hrubieszowa zg\u0142osi\u0142 gotowo\u015b\u0107 do dzia\u0142ania na rzecz obcego wywiadu przeciwko Polsce. Pawe\u0142 K. deklarowa\u0142 ch\u0119\u0107 do\u0142\u0105czenia do struktur rosyjskiego wywiadu wojskowego i wykonywania zada\u0144 wywiadowczych. Mia\u0142y one polega\u0107 <a rel=\"nofollow noopener\" target=\"_blank\" href=\"https:\/\/t.co\/GTv3VGQN4W\">https:\/\/t.co\/GTv3VGQN4W<\/a>. na przekazywaniu\u2026 <a rel=\"nofollow noopener\" target=\"_blank\" href=\"https:\/\/t.co\/4XBZxFs8wi\">pic.twitter.com\/4XBZxFs8wi<\/a><\/p>\n<p>\u2014 Jacek Dobrzy\u0144ski (@JacekDobrzynski) <a rel=\"nofollow noopener\" target=\"_blank\" href=\"https:\/\/twitter.com\/JacekDobrzynski\/status\/2018594990922858598?ref_src=twsrc%5Etfw\">February 3, 2026<\/a><\/p><\/blockquote>\n<\/div>\n<\/div>\n<p>Pawe\u0142 K. war am 17. April 2024 vom polnischen Inlandsgeheimdienst ABW in Zusammenarbeit mit der ukrainischen SBU festgenommen worden. Die Ermittlungen wurden unter Aufsicht der Staatsanwaltschaft Masowien gef\u00fchrt. Laut ABW erkl\u00e4rte Pawe\u0142 K. im Zeitraum vom 2. Dezember 2022 bis zum 13. Februar 2023 bereit zu sein, &#8220;im Interesse eines ausl\u00e4ndischen Nachrichtendienstes gegen Polen zu handeln&#8221; \u2013 \u00fcberwiegend \u00fcber elektronische Kommunikationsmittel.<\/p>\n<p>Demnach wollte der Mann der russischen Milit\u00e4raufkl\u00e4rung angeh\u00f6ren und nach deren Anweisungen Informationen sammeln. Dazu geh\u00f6rten auch Sicherheitsdaten des Flughafens Rzesz\u00f3w-Jasionka. Nach Ansicht der Ermittler und ukrainischer Geheimdienste h\u00e4tten diese Informationen f\u00fcr die Planung eines m\u00f6glichen Anschlags auf den ukrainischen Machthaber\u00a0Wladimir Selenskij genutzt werden k\u00f6nnen.<\/p>\n<p>Dar\u00fcber hinaus soll der Angeklagte seine Bereitschaft erkl\u00e4rt haben, sich der sogenannten Wagner-Gruppe und der milit\u00e4rischen Einheit Nummer 29155 des russischen Generalstabs anzuschlie\u00dfen. Laut Dobrzy\u0144ski liegen umfangreiche Beweise vor, die auf Verst\u00f6\u00dfe gegen Artikel 130\u00a0Paragraf 3 (Spionage) und Artikel 263\u00a0Paragraf 2 (illegaler Besitz von Waffen und Munition) des polnischen Strafgesetzbuches hinweisen.<\/p>\n<p>Die Festnahme von Pawe\u0142 K. reiht sich in eine Serie von Ermittlungen gegen mutma\u00dfliche russische Spione ein. Zuvor hatte Polen bereits die Festnahme eines Verd\u00e4chtigen aus\u00a0Wei\u00dfrussland gemeldet. Zudem sollen ukrainische Staatsb\u00fcrger den polnischen Ex-Pr\u00e4sidenten Andrzej Duda ausspioniert haben, was bei den Sicherheitsdiensten Besorgnis ausgel\u00f6st hat. In j\u00fcngster Zeit berichteten die Beh\u00f6rden zudem \u00fcber Durchsuchungen im Zusammenhang mit Ermittlungen wegen mutma\u00dflicher &#8220;Spionage zugunsten Russlands&#8221;.<\/p>\n<p><strong>Mehr zum Thema <\/strong>\u2013 <a rel=\"nofollow noopener\" target=\"_blank\" href=\"https:\/\/freedert.online\/meinung\/269056-polens-nawrocki-egal-welches-russland\/\">Polens Nawrocki: &#8220;Egal welches Russland \u2013 f\u00fcr uns immer ein aggressives Russland&#8221;<\/a><\/p>\n<div class=\"EmbedBlock-root EmbedBlock-externalVideo EmbedBlock-rumble\">\n<div class=\"VkEmbed\"><iframe class=\"lazyload\" data-src=\"https:\/\/rumble.com\/embed\/v6xh8ge\" frameborder=\"0\" width=\"853\" height=\"480\" allowfullscreen><\/iframe><\/div>\n<\/div>\n<\/div>\n<p><script async src=\"https:\/\/platform.twitter.com\/widgets.js\" charset=\"utf-8\"><\/script><br \/>\n<br \/><br \/>\n<br \/><a href=\"https:\/\/de.rt.com\/europa\/269178-pole-zu-35-jahren-haft-verurteilt-wegen-angeblicher-kontakte-zu-russischen-geheimdiensten\/\">Source link <\/a><\/p>\n","protected":false},"excerpt":{"rendered":"<p>Ein polnisches Gericht hat einen 50-j\u00e4hrigen Mann wegen mutma\u00dflicher Kooperationsbereitschaft mit russischen Geheimdiensten verurteilt. Laut Anklage soll es um Sicherheitsdaten eines Flughafens gegangen sein \u2013 mit m\u00f6glichem Bezug zu Selenskij. Konkrete Beweise fehlen. In Polen ist ein Mann zu dreieinhalb Jahren Haft verurteilt worden. Ihm wird vorgeworfen, Spionage zugunsten russischer Geheimdienste vorbereitet und illegal Waffen [&hellip;]<\/p>\n","protected":false},"author":3,"featured_media":98321,"comment_status":"open","ping_status":"open","sticky":false,"template":"","format":"standard","meta":{"_yoast_indexnow_last_ping":["1770145296"],"wp_automatic_camp":["217"],"3bfb7b06be79ed2569de2b26a3a90036":["Pole zu 3,5 Jahren Haft verurteilt \u2013 wegen angeblicher Kontakte zu russischen Geheimdiensten"],"original_link":["https:\/\/de.rt.com\/europa\/269178-pole-zu-35-jahren-haft-verurteilt-wegen-angeblicher-kontakte-zu-russischen-geheimdiensten\/"],"_thumbnail_id":["98321"],"jnews_social_counter_last_update":["1777192059"],"_wptgpro_p2tg_sent2tg":["a:1:{i:23737;s:19:\"2026-02-03 21:02:40\";}"]},"categories":[19,23],"tags":[6471,42033,19011,1728,30140,63797,973,2006,145],"yoast_head":"<!-- This site is optimized with the Yoast SEO Premium plugin v22.7 (Yoast SEO v22.7) - https:\/\/yoast.com\/wordpress\/plugins\/seo\/ -->\n<title>Pole zu 3,5 Jahren Haft verurteilt \u2013 wegen angeblicher Kontakte zu russischen Geheimdiensten - just-now.NEWS Deutschland<\/title>\n<meta name=\"robots\" content=\"index, follow, max-snippet:-1, max-image-preview:large, max-video-preview:-1\" \/>\n<link rel=\"canonical\" href=\"https:\/\/now-news.de\/de\/deutschland\/pole-zu-35-jahren-haft-verurteilt-wegen-angeblicher-kontakte-zu-russischen-geheimdiensten\/\" \/>\n<meta property=\"og:locale\" content=\"de_DE\" \/>\n<meta property=\"og:type\" content=\"article\" \/>\n<meta property=\"og:title\" content=\"Pole zu 3,5 Jahren Haft verurteilt \u2013 wegen angeblicher Kontakte zu russischen Geheimdiensten\" \/>\n<meta property=\"og:description\" content=\"Ein polnisches Gericht hat einen 50-j\u00e4hrigen Mann wegen mutma\u00dflicher Kooperationsbereitschaft mit russischen Geheimdiensten verurteilt. Laut Anklage soll es um Sicherheitsdaten eines Flughafens gegangen sein \u2013 mit m\u00f6glichem Bezug zu Selenskij. Konkrete Beweise fehlen. In Polen ist ein Mann zu dreieinhalb Jahren Haft verurteilt worden. Ihm wird vorgeworfen, Spionage zugunsten russischer Geheimdienste vorbereitet und illegal Waffen [&hellip;]\" \/>\n<meta property=\"og:url\" content=\"https:\/\/now-news.de\/de\/deutschland\/pole-zu-35-jahren-haft-verurteilt-wegen-angeblicher-kontakte-zu-russischen-geheimdiensten\/\" \/>\n<meta property=\"og:site_name\" content=\"just-now.NEWS Deutschland\" \/>\n<meta property=\"article:publisher\" content=\"https:\/\/www.facebook.com\/wirmachenauf\" \/>\n<meta property=\"article:published_time\" content=\"2026-02-03T18:44:06+00:00\" \/>\n<meta property=\"og:image\" content=\"https:\/\/now-news.de\/de\/wp-content\/uploads\/sites\/3\/2026\/02\/6981e758b480cc74b629355a.jpg\" \/>\n<meta name=\"author\" content=\"rtnews\" \/>\n<meta name=\"twitter:card\" content=\"summary_large_image\" \/>\n<meta name=\"twitter:creator\" content=\"@WirMachenAuf_de\" \/>\n<meta name=\"twitter:site\" content=\"@WirMachenAuf_de\" \/>\n<meta name=\"twitter:label1\" content=\"Verfasst von\" \/>\n\t<meta name=\"twitter:data1\" content=\"rtnews\" \/>\n\t<meta name=\"twitter:label2\" content=\"Gesch\u00e4tzte Lesezeit\" \/>\n\t<meta name=\"twitter:data2\" content=\"2\u00a0Minuten\" \/>\n<script type=\"application\/ld+json\" class=\"yoast-schema-graph\">{\"@context\":\"https:\/\/schema.org\",\"@graph\":[{\"@type\":\"Article\",\"@id\":\"https:\/\/now-news.de\/de\/deutschland\/pole-zu-35-jahren-haft-verurteilt-wegen-angeblicher-kontakte-zu-russischen-geheimdiensten\/#article\",\"isPartOf\":{\"@id\":\"https:\/\/now-news.de\/de\/deutschland\/pole-zu-35-jahren-haft-verurteilt-wegen-angeblicher-kontakte-zu-russischen-geheimdiensten\/\"},\"author\":{\"name\":\"rtnews\",\"@id\":\"https:\/\/now-news.de\/de\/#\/schema\/person\/fb534a4e865501d8b3285208df34a9b5\"},\"headline\":\"Pole zu 3,5 Jahren Haft verurteilt \u2013 wegen angeblicher Kontakte zu russischen Geheimdiensten\",\"datePublished\":\"2026-02-03T18:44:06+00:00\",\"dateModified\":\"2026-02-03T18:44:06+00:00\",\"mainEntityOfPage\":{\"@id\":\"https:\/\/now-news.de\/de\/deutschland\/pole-zu-35-jahren-haft-verurteilt-wegen-angeblicher-kontakte-zu-russischen-geheimdiensten\/\"},\"wordCount\":466,\"commentCount\":0,\"publisher\":{\"@id\":\"https:\/\/now-news.de\/de\/#organization\"},\"image\":{\"@id\":\"https:\/\/now-news.de\/de\/deutschland\/pole-zu-35-jahren-haft-verurteilt-wegen-angeblicher-kontakte-zu-russischen-geheimdiensten\/#primaryimage\"},\"thumbnailUrl\":\"https:\/\/now-news.de\/de\/wp-content\/uploads\/sites\/3\/2026\/02\/Pole-zu-35-Jahren-Haft-verurteilt-\u2013-wegen-angeblicher-Kontakte.jpg\",\"keywords\":[\"angeblicher\",\"Geheimdiensten\",\"Haft\",\"Jahren\",\"Kontakte\",\"Pole\",\"russischen\",\"verurteilt\",\"wegen\"],\"articleSection\":[\"Deutschland\",\"Russland\"],\"inLanguage\":\"de\",\"potentialAction\":[{\"@type\":\"CommentAction\",\"name\":\"Comment\",\"target\":[\"https:\/\/now-news.de\/de\/deutschland\/pole-zu-35-jahren-haft-verurteilt-wegen-angeblicher-kontakte-zu-russischen-geheimdiensten\/#respond\"]}]},{\"@type\":\"WebPage\",\"@id\":\"https:\/\/now-news.de\/de\/deutschland\/pole-zu-35-jahren-haft-verurteilt-wegen-angeblicher-kontakte-zu-russischen-geheimdiensten\/\",\"url\":\"https:\/\/now-news.de\/de\/deutschland\/pole-zu-35-jahren-haft-verurteilt-wegen-angeblicher-kontakte-zu-russischen-geheimdiensten\/\",\"name\":\"Pole zu 3,5 Jahren Haft verurteilt \u2013 wegen angeblicher Kontakte zu russischen Geheimdiensten - just-now.NEWS Deutschland\",\"isPartOf\":{\"@id\":\"https:\/\/now-news.de\/de\/#website\"},\"primaryImageOfPage\":{\"@id\":\"https:\/\/now-news.de\/de\/deutschland\/pole-zu-35-jahren-haft-verurteilt-wegen-angeblicher-kontakte-zu-russischen-geheimdiensten\/#primaryimage\"},\"image\":{\"@id\":\"https:\/\/now-news.de\/de\/deutschland\/pole-zu-35-jahren-haft-verurteilt-wegen-angeblicher-kontakte-zu-russischen-geheimdiensten\/#primaryimage\"},\"thumbnailUrl\":\"https:\/\/now-news.de\/de\/wp-content\/uploads\/sites\/3\/2026\/02\/Pole-zu-35-Jahren-Haft-verurteilt-\u2013-wegen-angeblicher-Kontakte.jpg\",\"datePublished\":\"2026-02-03T18:44:06+00:00\",\"dateModified\":\"2026-02-03T18:44:06+00:00\",\"breadcrumb\":{\"@id\":\"https:\/\/now-news.de\/de\/deutschland\/pole-zu-35-jahren-haft-verurteilt-wegen-angeblicher-kontakte-zu-russischen-geheimdiensten\/#breadcrumb\"},\"inLanguage\":\"de\",\"potentialAction\":[{\"@type\":\"ReadAction\",\"target\":[\"https:\/\/now-news.de\/de\/deutschland\/pole-zu-35-jahren-haft-verurteilt-wegen-angeblicher-kontakte-zu-russischen-geheimdiensten\/\"]}]},{\"@type\":\"ImageObject\",\"inLanguage\":\"de\",\"@id\":\"https:\/\/now-news.de\/de\/deutschland\/pole-zu-35-jahren-haft-verurteilt-wegen-angeblicher-kontakte-zu-russischen-geheimdiensten\/#primaryimage\",\"url\":\"https:\/\/now-news.de\/de\/wp-content\/uploads\/sites\/3\/2026\/02\/Pole-zu-35-Jahren-Haft-verurteilt-\u2013-wegen-angeblicher-Kontakte.jpg\",\"contentUrl\":\"https:\/\/now-news.de\/de\/wp-content\/uploads\/sites\/3\/2026\/02\/Pole-zu-35-Jahren-Haft-verurteilt-\u2013-wegen-angeblicher-Kontakte.jpg\",\"width\":460,\"height\":259,\"caption\":\"Pole zu 3,5 Jahren Haft verurteilt \u2013 wegen angeblicher Kontakte zu russischen Geheimdiensten\"},{\"@type\":\"BreadcrumbList\",\"@id\":\"https:\/\/now-news.de\/de\/deutschland\/pole-zu-35-jahren-haft-verurteilt-wegen-angeblicher-kontakte-zu-russischen-geheimdiensten\/#breadcrumb\",\"itemListElement\":[{\"@type\":\"ListItem\",\"position\":1,\"name\":\"Home\",\"item\":\"https:\/\/now-news.de\/de\/\"},{\"@type\":\"ListItem\",\"position\":2,\"name\":\"Pole zu 3,5 Jahren Haft verurteilt \u2013 wegen angeblicher Kontakte zu russischen Geheimdiensten\"}]},{\"@type\":\"WebSite\",\"@id\":\"https:\/\/now-news.de\/de\/#website\",\"url\":\"https:\/\/now-news.de\/de\/\",\"name\":\"just-now.NEWS Deutschland\",\"description\":\"Das Portal f\u00fcr unzensierte Nachrichten aus der Welt\",\"publisher\":{\"@id\":\"https:\/\/now-news.de\/de\/#organization\"},\"potentialAction\":[{\"@type\":\"SearchAction\",\"target\":{\"@type\":\"EntryPoint\",\"urlTemplate\":\"https:\/\/now-news.de\/de\/?s={search_term_string}\"},\"query-input\":\"required name=search_term_string\"}],\"inLanguage\":\"de\"},{\"@type\":\"Organization\",\"@id\":\"https:\/\/now-news.de\/de\/#organization\",\"name\":\"Just Now News\",\"url\":\"https:\/\/now-news.de\/de\/\",\"logo\":{\"@type\":\"ImageObject\",\"inLanguage\":\"de\",\"@id\":\"https:\/\/now-news.de\/de\/#\/schema\/logo\/image\/\",\"url\":\"http:\/\/just-now.news\/de\/wp-content\/uploads\/sites\/3\/2022\/04\/logo500x500.jpg\",\"contentUrl\":\"http:\/\/just-now.news\/de\/wp-content\/uploads\/sites\/3\/2022\/04\/logo500x500.jpg\",\"width\":500,\"height\":500,\"caption\":\"Just Now News\"},\"image\":{\"@id\":\"https:\/\/now-news.de\/de\/#\/schema\/logo\/image\/\"},\"sameAs\":[\"https:\/\/www.facebook.com\/wirmachenauf\",\"https:\/\/x.com\/WirMachenAuf_de\"]},{\"@type\":\"Person\",\"@id\":\"https:\/\/now-news.de\/de\/#\/schema\/person\/fb534a4e865501d8b3285208df34a9b5\",\"name\":\"rtnews\",\"image\":{\"@type\":\"ImageObject\",\"inLanguage\":\"de\",\"@id\":\"https:\/\/now-news.de\/de\/#\/schema\/person\/image\/\",\"url\":\"https:\/\/secure.gravatar.com\/avatar\/82aafea7d8127119dd649515f56e2117?s=96&d=mm&r=g\",\"contentUrl\":\"https:\/\/secure.gravatar.com\/avatar\/82aafea7d8127119dd649515f56e2117?s=96&d=mm&r=g\",\"caption\":\"rtnews\"},\"url\":\"https:\/\/now-news.de\/de\/author\/rnews\/\"}]}<\/script>\n<!-- \/ Yoast SEO Premium plugin. -->","yoast_head_json":{"title":"Pole zu 3,5 Jahren Haft verurteilt \u2013 wegen angeblicher Kontakte zu russischen Geheimdiensten - just-now.NEWS Deutschland","robots":{"index":"index","follow":"follow","max-snippet":"max-snippet:-1","max-image-preview":"max-image-preview:large","max-video-preview":"max-video-preview:-1"},"canonical":"https:\/\/now-news.de\/de\/deutschland\/pole-zu-35-jahren-haft-verurteilt-wegen-angeblicher-kontakte-zu-russischen-geheimdiensten\/","og_locale":"de_DE","og_type":"article","og_title":"Pole zu 3,5 Jahren Haft verurteilt \u2013 wegen angeblicher Kontakte zu russischen Geheimdiensten","og_description":"Ein polnisches Gericht hat einen 50-j\u00e4hrigen Mann wegen mutma\u00dflicher Kooperationsbereitschaft mit russischen Geheimdiensten verurteilt. Laut Anklage soll es um Sicherheitsdaten eines Flughafens gegangen sein \u2013 mit m\u00f6glichem Bezug zu Selenskij. Konkrete Beweise fehlen. In Polen ist ein Mann zu dreieinhalb Jahren Haft verurteilt worden. Ihm wird vorgeworfen, Spionage zugunsten russischer Geheimdienste vorbereitet und illegal Waffen [&hellip;]","og_url":"https:\/\/now-news.de\/de\/deutschland\/pole-zu-35-jahren-haft-verurteilt-wegen-angeblicher-kontakte-zu-russischen-geheimdiensten\/","og_site_name":"just-now.NEWS Deutschland","article_publisher":"https:\/\/www.facebook.com\/wirmachenauf","article_published_time":"2026-02-03T18:44:06+00:00","og_image":[{"url":"https:\/\/now-news.de\/de\/wp-content\/uploads\/sites\/3\/2026\/02\/6981e758b480cc74b629355a.jpg"}],"author":"rtnews","twitter_card":"summary_large_image","twitter_creator":"@WirMachenAuf_de","twitter_site":"@WirMachenAuf_de","twitter_misc":{"Verfasst von":"rtnews","Gesch\u00e4tzte Lesezeit":"2\u00a0Minuten"},"schema":{"@context":"https:\/\/schema.org","@graph":[{"@type":"Article","@id":"https:\/\/now-news.de\/de\/deutschland\/pole-zu-35-jahren-haft-verurteilt-wegen-angeblicher-kontakte-zu-russischen-geheimdiensten\/#article","isPartOf":{"@id":"https:\/\/now-news.de\/de\/deutschland\/pole-zu-35-jahren-haft-verurteilt-wegen-angeblicher-kontakte-zu-russischen-geheimdiensten\/"},"author":{"name":"rtnews","@id":"https:\/\/now-news.de\/de\/#\/schema\/person\/fb534a4e865501d8b3285208df34a9b5"},"headline":"Pole zu 3,5 Jahren Haft verurteilt \u2013 wegen angeblicher Kontakte zu russischen Geheimdiensten","datePublished":"2026-02-03T18:44:06+00:00","dateModified":"2026-02-03T18:44:06+00:00","mainEntityOfPage":{"@id":"https:\/\/now-news.de\/de\/deutschland\/pole-zu-35-jahren-haft-verurteilt-wegen-angeblicher-kontakte-zu-russischen-geheimdiensten\/"},"wordCount":466,"commentCount":0,"publisher":{"@id":"https:\/\/now-news.de\/de\/#organization"},"image":{"@id":"https:\/\/now-news.de\/de\/deutschland\/pole-zu-35-jahren-haft-verurteilt-wegen-angeblicher-kontakte-zu-russischen-geheimdiensten\/#primaryimage"},"thumbnailUrl":"https:\/\/now-news.de\/de\/wp-content\/uploads\/sites\/3\/2026\/02\/Pole-zu-35-Jahren-Haft-verurteilt-\u2013-wegen-angeblicher-Kontakte.jpg","keywords":["angeblicher","Geheimdiensten","Haft","Jahren","Kontakte","Pole","russischen","verurteilt","wegen"],"articleSection":["Deutschland","Russland"],"inLanguage":"de","potentialAction":[{"@type":"CommentAction","name":"Comment","target":["https:\/\/now-news.de\/de\/deutschland\/pole-zu-35-jahren-haft-verurteilt-wegen-angeblicher-kontakte-zu-russischen-geheimdiensten\/#respond"]}]},{"@type":"WebPage","@id":"https:\/\/now-news.de\/de\/deutschland\/pole-zu-35-jahren-haft-verurteilt-wegen-angeblicher-kontakte-zu-russischen-geheimdiensten\/","url":"https:\/\/now-news.de\/de\/deutschland\/pole-zu-35-jahren-haft-verurteilt-wegen-angeblicher-kontakte-zu-russischen-geheimdiensten\/","name":"Pole zu 3,5 Jahren Haft verurteilt \u2013 wegen angeblicher Kontakte zu russischen Geheimdiensten - just-now.NEWS Deutschland","isPartOf":{"@id":"https:\/\/now-news.de\/de\/#website"},"primaryImageOfPage":{"@id":"https:\/\/now-news.de\/de\/deutschland\/pole-zu-35-jahren-haft-verurteilt-wegen-angeblicher-kontakte-zu-russischen-geheimdiensten\/#primaryimage"},"image":{"@id":"https:\/\/now-news.de\/de\/deutschland\/pole-zu-35-jahren-haft-verurteilt-wegen-angeblicher-kontakte-zu-russischen-geheimdiensten\/#primaryimage"},"thumbnailUrl":"https:\/\/now-news.de\/de\/wp-content\/uploads\/sites\/3\/2026\/02\/Pole-zu-35-Jahren-Haft-verurteilt-\u2013-wegen-angeblicher-Kontakte.jpg","datePublished":"2026-02-03T18:44:06+00:00","dateModified":"2026-02-03T18:44:06+00:00","breadcrumb":{"@id":"https:\/\/now-news.de\/de\/deutschland\/pole-zu-35-jahren-haft-verurteilt-wegen-angeblicher-kontakte-zu-russischen-geheimdiensten\/#breadcrumb"},"inLanguage":"de","potentialAction":[{"@type":"ReadAction","target":["https:\/\/now-news.de\/de\/deutschland\/pole-zu-35-jahren-haft-verurteilt-wegen-angeblicher-kontakte-zu-russischen-geheimdiensten\/"]}]},{"@type":"ImageObject","inLanguage":"de","@id":"https:\/\/now-news.de\/de\/deutschland\/pole-zu-35-jahren-haft-verurteilt-wegen-angeblicher-kontakte-zu-russischen-geheimdiensten\/#primaryimage","url":"https:\/\/now-news.de\/de\/wp-content\/uploads\/sites\/3\/2026\/02\/Pole-zu-35-Jahren-Haft-verurteilt-\u2013-wegen-angeblicher-Kontakte.jpg","contentUrl":"https:\/\/now-news.de\/de\/wp-content\/uploads\/sites\/3\/2026\/02\/Pole-zu-35-Jahren-Haft-verurteilt-\u2013-wegen-angeblicher-Kontakte.jpg","width":460,"height":259,"caption":"Pole zu 3,5 Jahren Haft verurteilt \u2013 wegen angeblicher Kontakte zu russischen Geheimdiensten"},{"@type":"BreadcrumbList","@id":"https:\/\/now-news.de\/de\/deutschland\/pole-zu-35-jahren-haft-verurteilt-wegen-angeblicher-kontakte-zu-russischen-geheimdiensten\/#breadcrumb","itemListElement":[{"@type":"ListItem","position":1,"name":"Home","item":"https:\/\/now-news.de\/de\/"},{"@type":"ListItem","position":2,"name":"Pole zu 3,5 Jahren Haft verurteilt \u2013 wegen angeblicher Kontakte zu russischen Geheimdiensten"}]},{"@type":"WebSite","@id":"https:\/\/now-news.de\/de\/#website","url":"https:\/\/now-news.de\/de\/","name":"just-now.NEWS Deutschland","description":"Das Portal f\u00fcr unzensierte Nachrichten aus der Welt","publisher":{"@id":"https:\/\/now-news.de\/de\/#organization"},"potentialAction":[{"@type":"SearchAction","target":{"@type":"EntryPoint","urlTemplate":"https:\/\/now-news.de\/de\/?s={search_term_string}"},"query-input":"required name=search_term_string"}],"inLanguage":"de"},{"@type":"Organization","@id":"https:\/\/now-news.de\/de\/#organization","name":"Just Now News","url":"https:\/\/now-news.de\/de\/","logo":{"@type":"ImageObject","inLanguage":"de","@id":"https:\/\/now-news.de\/de\/#\/schema\/logo\/image\/","url":"http:\/\/just-now.news\/de\/wp-content\/uploads\/sites\/3\/2022\/04\/logo500x500.jpg","contentUrl":"http:\/\/just-now.news\/de\/wp-content\/uploads\/sites\/3\/2022\/04\/logo500x500.jpg","width":500,"height":500,"caption":"Just Now News"},"image":{"@id":"https:\/\/now-news.de\/de\/#\/schema\/logo\/image\/"},"sameAs":["https:\/\/www.facebook.com\/wirmachenauf","https:\/\/x.com\/WirMachenAuf_de"]},{"@type":"Person","@id":"https:\/\/now-news.de\/de\/#\/schema\/person\/fb534a4e865501d8b3285208df34a9b5","name":"rtnews","image":{"@type":"ImageObject","inLanguage":"de","@id":"https:\/\/now-news.de\/de\/#\/schema\/person\/image\/","url":"https:\/\/secure.gravatar.com\/avatar\/82aafea7d8127119dd649515f56e2117?s=96&d=mm&r=g","contentUrl":"https:\/\/secure.gravatar.com\/avatar\/82aafea7d8127119dd649515f56e2117?s=96&d=mm&r=g","caption":"rtnews"},"url":"https:\/\/now-news.de\/de\/author\/rnews\/"}]}},"_links":{"self":[{"href":"https:\/\/now-news.de\/de\/wp-json\/wp\/v2\/posts\/98320"}],"collection":[{"href":"https:\/\/now-news.de\/de\/wp-json\/wp\/v2\/posts"}],"about":[{"href":"https:\/\/now-news.de\/de\/wp-json\/wp\/v2\/types\/post"}],"author":[{"embeddable":true,"href":"https:\/\/now-news.de\/de\/wp-json\/wp\/v2\/users\/3"}],"replies":[{"embeddable":true,"href":"https:\/\/now-news.de\/de\/wp-json\/wp\/v2\/comments?post=98320"}],"version-history":[{"count":0,"href":"https:\/\/now-news.de\/de\/wp-json\/wp\/v2\/posts\/98320\/revisions"}],"wp:featuredmedia":[{"embeddable":true,"href":"https:\/\/now-news.de\/de\/wp-json\/wp\/v2\/media\/98321"}],"wp:attachment":[{"href":"https:\/\/now-news.de\/de\/wp-json\/wp\/v2\/media?parent=98320"}],"wp:term":[{"taxonomy":"category","embeddable":true,"href":"https:\/\/now-news.de\/de\/wp-json\/wp\/v2\/categories?post=98320"},{"taxonomy":"post_tag","embeddable":true,"href":"https:\/\/now-news.de\/de\/wp-json\/wp\/v2\/tags?post=98320"}],"curies":[{"name":"wp","href":"https:\/\/api.w.org\/{rel}","templated":true}]}}