{"id":98292,"date":"2026-02-03T16:15:12","date_gmt":"2026-02-03T14:15:12","guid":{"rendered":"https:\/\/now-news.de\/de\/deutschland\/europa-dissens-zwischen-merz-macron-und-meloni-ueber-umgang-mit-moskau\/"},"modified":"2026-02-03T16:15:12","modified_gmt":"2026-02-03T14:15:12","slug":"europa-dissens-zwischen-merz-macron-und-meloni-ueber-umgang-mit-moskau","status":"publish","type":"post","link":"https:\/\/now-news.de\/de\/deutschland\/europa-dissens-zwischen-merz-macron-und-meloni-ueber-umgang-mit-moskau\/","title":{"rendered":"Europa: Dissens zwischen Merz, Macron und Meloni \u00fcber Umgang mit Moskau"},"content":{"rendered":"<p><img decoding=\"async\" src=\"https:\/\/now-news.de\/de\/wp-content\/uploads\/sites\/3\/2026\/02\/6981f002b480cc78da5788ca.jpg\" \/><\/p>\n<div class=\"Text-root Text-type_1 \">\n                W\u00e4hrend Frankreich und Italien inzwischen bereit sind, den Gespr\u00e4chsfaden mit Russland wieder aufzunehmen, verweigert sich Bundeskanzler Friedrich Merz der Diplomatie. Auch die EU-Au\u00dfenbeauftragte Kaja Kallas lehnt das Gespr\u00e4ch mit Moskau ab. Die EU spricht nicht mit einer Stimme.\n            <\/div>\n<p><\/p>\n<div class=\"Text-root Text-type_5 ArticleView-text ViewText-root \">\n<p>Die deutsche Regierung hat ihre Ablehnung einer Wiederaufnahme diplomatischer Kan\u00e4le mit dem russischen Pr\u00e4sidenten Wladimir Putin im Rahmen von Verhandlungen zur Beendigung des Krieges in der Ukraine bekr\u00e4ftigt. Damit setzt sich Deutschland von Frankreich und Italien ab, die sich f\u00fcr die Aufnahme von diplomatischen Beziehungen mit Moskau ausgesprochen haben.<\/p>\n<p>Deutschland unterst\u00fctze direkte Gespr\u00e4che zwischen der Ukraine und Russland, sagte ein Sprecher des Ausw\u00e4rtigen Amts dem Nachrichtenportal <em>Euronews<\/em>.<\/p>\n<p><em>&#8220;Leider hat sich die Position Russlands bisher nicht ge\u00e4ndert: Russland wiederholt weiterhin seine Maxiamlforderungen und zeigt keinerlei Verhandlungsbereitschaft, w\u00e4hrend es seine brutalen Angriffe auf die ukrainische Energieinfrastruktur und andere zivile Ziele fortsetzt&#8221;, wird der namentlich nicht genannte Sprecher zitiert.<\/em><\/p>\n<p>Bundeskanzler Friedrich Merz \u00e4u\u00dferte sich bereits in der vergangenen Woche &#8220;skeptisch&#8221; \u00fcber die Aussicht auf eine Wiederaufnahme der Beziehungen zum Kreml und verwies auf dessen anhaltende Weigerung, einen bedingungslosen Waffenstillstand in der Ukraine zu erreichen\u00a0\u2013 eine seit Langem bestehende Forderung der Europ\u00e4er.<\/p>\n<p>Mit dieser Forderung nach einem Waffenstillstand, an den Russland keine Bedingungen kn\u00fcpfen d\u00fcrfe, verhindert der Kanzler ein Ende des Konflikts, da Deutschland gemeinsam mit Frankreich und Gro\u00dfbritannien die Absicht hat, unmittelbar nach einem Waffenstillstand Truppen in der Ukraine zu stationieren. Dies k\u00e4me einem NATO-Beitritt der Ukraine durch die Hintert\u00fcr gleich. Die Absicht, die Ukraine in die NATO aufzunehmen, ist zentraler Ausl\u00f6ser des Konflikts. Russland wird daher einem Waffenstillstand nicht zustimmen. Das unter anderem von Deutschland entworfene Szenario verhindert das. Zudem hat Russland erkl\u00e4rt, das es ausl\u00e4ndische Truppen in der Ukraine als legitimes Ziel betrachten w\u00fcrde. Das Vorhaben der Koalition der Willigen verhindert also nicht nur einen Waffenstillstand, sondern stellt zudem eine Eskalation dar.<\/p>\n<p>Dennoch will Merz am eingeschlagenen Kurs festhalten und keinen substanziellen Beitrag zur L\u00f6sung des Ukraine-Konflikts leisten.<\/p>\n<p>&#8220;Wir werden unseren Druck und unsere Sanktionen aufrechterhalten und sie, wo immer m\u00f6glich, versch\u00e4rfen m\u00fcssen&#8221;, sagte Merz und merkte an, dass die Europ\u00e4ische Union bereits mit Kiew und Washington in Kontakt stehe, um die eigene Position zu \u00fcbermitteln.<\/p>\n<p>&#8220;Moskau muss bereit sein, den Krieg zu beenden. Wenn Moskau dazu nicht bereit ist, werden die Kosten dieses Krieges, einschlie\u00dflich der wirtschaftlichen, von Woche zu Woche und von Monat zu Monat steigen. Das ist leider die Situation, in der wir uns heute befinden&#8221;, f\u00fcgte er hinzu.<\/p>\n<p>Unbeleuchtet l\u00e4sst Merz an dieser Stelle, welche Auswirkungen diese Politik auf die deutsche Wirtschaft hat. Diese ist durch die Russland-Sanktionen in einer schweren Krise.<\/p>\n<p>Mit diesen \u00c4u\u00dferungen ger\u00e4t Deutschland in direkten Konflikt mit Frankreich. Im vergangenen Monat, nach einem Treffen der &#8220;Koalition der Willigen&#8221;, hatte der franz\u00f6sische Pr\u00e4sident Emmanuel Macron erkl\u00e4rt, der seit Februar\u00a02022 weitgehend unterbrochene Dialog mit Putin m\u00fcsse &#8220;so bald wie m\u00f6glich&#8221; wiederaufgenommen werden. Ialiens Ministerpr\u00e4sidentin Giorgia Meloni unterst\u00fctzte Macrons Position.<\/p>\n<p><em>&#8220;Ich glaube, es ist an der Zeit, dass Europa auch mit Russland spricht&#8221;, sagte Meloni. &#8220;Wenn Europa beschlie\u00dft, sich in dieser Verhandlungsphase nur mit einer der beiden Seiten zu unterhalten, bef\u00fcrchte ich, dass sein positiver Beitrag letztendlich begrenzt sein wird.&#8221;<\/em><\/p>\n<p>Die Europ\u00e4ische Kommission r\u00e4umte ein, dass direkte Gespr\u00e4che &#8220;irgendwann&#8221; stattfinden k\u00f6nnten, doch Kaja Kallas, die Au\u00dfenbeauftragte der EU, \u00e4u\u00dferte sich sp\u00e4ter ablehnend und forderte Russland auf, &#8220;ernsthaft&#8221; zu sein und als ersten Schritt Zugest\u00e4ndnisse zu machen.<\/p>\n<p>&#8220;Wir arbeiten daran, mehr Druck auf Russland auszu\u00fcben, damit sie von vorget\u00e4uschten Verhandlungen zu tats\u00e4chlichen Verhandlungen \u00fcbergehen&#8221;, sagte Kallas und schloss sich damit im Kern der Argumentation von Merz an. Weder Merz noch der deutsche Au\u00dfenminister Johann Wadephul oder Kallas unterhalten diplomatische Kontakte nach Moskau. Ob Deutschland und die EU allerdings in der Position sind, Russland Bedingungen aufzwingen zu k\u00f6nnen, ist nach 19 Sanktionspaketen mehr als fraglich.<\/p>\n<p><strong>Mehr zum Thema<\/strong>\u00a0\u2013 <a rel=\"nofollow noopener\" target=\"_blank\" href=\"https:\/\/freedert.online\/kurzclips\/video\/269091-lawrow-russland-und-usa-vertreten\/\">Lawrow: Russland und die USA vertreten eigene Interessen \u2013 die Europ\u00e4er die der Ukraine<\/a><\/p>\n<div class=\"EmbedBlock-root EmbedBlock-externalVideo EmbedBlock-vk\">\n<div class=\"VkEmbed\"><iframe class=\"lazyload\" data-src=\"https:\/\/vk.com\/video_ext.php?oid=-134310637&amp;id=456289578\" frameborder=\"0\" width=\"853\" height=\"480\" allowfullscreen><\/iframe><\/div>\n<\/div>\n<\/div>\n<p><br \/>\n<br \/><a href=\"https:\/\/de.rt.com\/europa\/269176-dissens-zwischen-merz-macron-und-meloni-ueber-umgang-mit-moskau\/\">Source link <\/a><\/p>\n","protected":false},"excerpt":{"rendered":"<p>W\u00e4hrend Frankreich und Italien inzwischen bereit sind, den Gespr\u00e4chsfaden mit Russland wieder aufzunehmen, verweigert sich Bundeskanzler Friedrich Merz der Diplomatie. Auch die EU-Au\u00dfenbeauftragte Kaja Kallas lehnt das Gespr\u00e4ch mit Moskau ab. Die EU spricht nicht mit einer Stimme. Die deutsche Regierung hat ihre Ablehnung einer Wiederaufnahme diplomatischer Kan\u00e4le mit dem russischen Pr\u00e4sidenten Wladimir Putin im [&hellip;]<\/p>\n","protected":false},"author":3,"featured_media":98293,"comment_status":"open","ping_status":"open","sticky":false,"template":"","format":"standard","meta":{"_yoast_indexnow_last_ping":["1770128806"],"wp_automatic_camp":["217"],"047a7cf831c13ddf5fba618b7d3f516d":["Europa: Dissens zwischen Merz, Macron und Meloni \u00fcber Umgang mit Moskau"],"original_link":["https:\/\/de.rt.com\/europa\/269176-dissens-zwischen-merz-macron-und-meloni-ueber-umgang-mit-moskau\/"],"_thumbnail_id":["98293"],"jnews_social_counter_last_update":["1777302433"],"_wptgpro_p2tg_sent2tg":["a:1:{i:23737;s:19:\"2026-02-03 16:27:46\";}"]},"categories":[19,23],"tags":[40641,1370,1711,33411,18728,419,946,139,6306,140,436],"yoast_head":"<!-- This site is optimized with the Yoast SEO Premium plugin v22.7 (Yoast SEO v22.7) - https:\/\/yoast.com\/wordpress\/plugins\/seo\/ -->\n<title>Europa: Dissens zwischen Merz, Macron und Meloni \u00fcber Umgang mit Moskau - just-now.NEWS Deutschland<\/title>\n<meta name=\"robots\" content=\"index, follow, max-snippet:-1, max-image-preview:large, max-video-preview:-1\" \/>\n<link rel=\"canonical\" href=\"https:\/\/now-news.de\/de\/deutschland\/europa-dissens-zwischen-merz-macron-und-meloni-ueber-umgang-mit-moskau\/\" \/>\n<meta property=\"og:locale\" content=\"de_DE\" \/>\n<meta property=\"og:type\" content=\"article\" \/>\n<meta property=\"og:title\" content=\"Europa: Dissens zwischen Merz, Macron und Meloni \u00fcber Umgang mit Moskau\" \/>\n<meta property=\"og:description\" content=\"W\u00e4hrend Frankreich und Italien inzwischen bereit sind, den Gespr\u00e4chsfaden mit Russland wieder aufzunehmen, verweigert sich Bundeskanzler Friedrich Merz der Diplomatie. Auch die EU-Au\u00dfenbeauftragte Kaja Kallas lehnt das Gespr\u00e4ch mit Moskau ab. Die EU spricht nicht mit einer Stimme. Die deutsche Regierung hat ihre Ablehnung einer Wiederaufnahme diplomatischer Kan\u00e4le mit dem russischen Pr\u00e4sidenten Wladimir Putin im [&hellip;]\" \/>\n<meta property=\"og:url\" content=\"https:\/\/now-news.de\/de\/deutschland\/europa-dissens-zwischen-merz-macron-und-meloni-ueber-umgang-mit-moskau\/\" \/>\n<meta property=\"og:site_name\" content=\"just-now.NEWS Deutschland\" \/>\n<meta property=\"article:publisher\" content=\"https:\/\/www.facebook.com\/wirmachenauf\" \/>\n<meta property=\"article:published_time\" content=\"2026-02-03T14:15:12+00:00\" \/>\n<meta property=\"og:image\" content=\"https:\/\/now-news.de\/de\/wp-content\/uploads\/sites\/3\/2026\/02\/6981f002b480cc78da5788ca.jpg\" \/>\n<meta name=\"author\" content=\"rtnews\" \/>\n<meta name=\"twitter:card\" content=\"summary_large_image\" \/>\n<meta name=\"twitter:creator\" content=\"@WirMachenAuf_de\" \/>\n<meta name=\"twitter:site\" content=\"@WirMachenAuf_de\" \/>\n<meta name=\"twitter:label1\" content=\"Verfasst von\" \/>\n\t<meta name=\"twitter:data1\" content=\"rtnews\" \/>\n\t<meta name=\"twitter:label2\" content=\"Gesch\u00e4tzte Lesezeit\" \/>\n\t<meta name=\"twitter:data2\" content=\"3\u00a0Minuten\" \/>\n<script type=\"application\/ld+json\" class=\"yoast-schema-graph\">{\"@context\":\"https:\/\/schema.org\",\"@graph\":[{\"@type\":\"Article\",\"@id\":\"https:\/\/now-news.de\/de\/deutschland\/europa-dissens-zwischen-merz-macron-und-meloni-ueber-umgang-mit-moskau\/#article\",\"isPartOf\":{\"@id\":\"https:\/\/now-news.de\/de\/deutschland\/europa-dissens-zwischen-merz-macron-und-meloni-ueber-umgang-mit-moskau\/\"},\"author\":{\"name\":\"rtnews\",\"@id\":\"https:\/\/now-news.de\/de\/#\/schema\/person\/fb534a4e865501d8b3285208df34a9b5\"},\"headline\":\"Europa: Dissens zwischen Merz, Macron und Meloni \u00fcber Umgang mit Moskau\",\"datePublished\":\"2026-02-03T14:15:12+00:00\",\"dateModified\":\"2026-02-03T14:15:12+00:00\",\"mainEntityOfPage\":{\"@id\":\"https:\/\/now-news.de\/de\/deutschland\/europa-dissens-zwischen-merz-macron-und-meloni-ueber-umgang-mit-moskau\/\"},\"wordCount\":701,\"commentCount\":0,\"publisher\":{\"@id\":\"https:\/\/now-news.de\/de\/#organization\"},\"image\":{\"@id\":\"https:\/\/now-news.de\/de\/deutschland\/europa-dissens-zwischen-merz-macron-und-meloni-ueber-umgang-mit-moskau\/#primaryimage\"},\"thumbnailUrl\":\"https:\/\/now-news.de\/de\/wp-content\/uploads\/sites\/3\/2026\/02\/Europa-Dissens-zwischen-Merz-Macron-und-Meloni-ueber-Umgang-mit.jpg\",\"keywords\":[\"Dissens\",\"Europa\",\"macron\",\"Meloni\",\"Merz\",\"mit\",\"Moskau\",\"\u00fcber\",\"Umgang\",\"und\",\"zwischen\"],\"articleSection\":[\"Deutschland\",\"Russland\"],\"inLanguage\":\"de\",\"potentialAction\":[{\"@type\":\"CommentAction\",\"name\":\"Comment\",\"target\":[\"https:\/\/now-news.de\/de\/deutschland\/europa-dissens-zwischen-merz-macron-und-meloni-ueber-umgang-mit-moskau\/#respond\"]}]},{\"@type\":\"WebPage\",\"@id\":\"https:\/\/now-news.de\/de\/deutschland\/europa-dissens-zwischen-merz-macron-und-meloni-ueber-umgang-mit-moskau\/\",\"url\":\"https:\/\/now-news.de\/de\/deutschland\/europa-dissens-zwischen-merz-macron-und-meloni-ueber-umgang-mit-moskau\/\",\"name\":\"Europa: Dissens zwischen Merz, Macron und Meloni \u00fcber Umgang mit Moskau - just-now.NEWS Deutschland\",\"isPartOf\":{\"@id\":\"https:\/\/now-news.de\/de\/#website\"},\"primaryImageOfPage\":{\"@id\":\"https:\/\/now-news.de\/de\/deutschland\/europa-dissens-zwischen-merz-macron-und-meloni-ueber-umgang-mit-moskau\/#primaryimage\"},\"image\":{\"@id\":\"https:\/\/now-news.de\/de\/deutschland\/europa-dissens-zwischen-merz-macron-und-meloni-ueber-umgang-mit-moskau\/#primaryimage\"},\"thumbnailUrl\":\"https:\/\/now-news.de\/de\/wp-content\/uploads\/sites\/3\/2026\/02\/Europa-Dissens-zwischen-Merz-Macron-und-Meloni-ueber-Umgang-mit.jpg\",\"datePublished\":\"2026-02-03T14:15:12+00:00\",\"dateModified\":\"2026-02-03T14:15:12+00:00\",\"breadcrumb\":{\"@id\":\"https:\/\/now-news.de\/de\/deutschland\/europa-dissens-zwischen-merz-macron-und-meloni-ueber-umgang-mit-moskau\/#breadcrumb\"},\"inLanguage\":\"de\",\"potentialAction\":[{\"@type\":\"ReadAction\",\"target\":[\"https:\/\/now-news.de\/de\/deutschland\/europa-dissens-zwischen-merz-macron-und-meloni-ueber-umgang-mit-moskau\/\"]}]},{\"@type\":\"ImageObject\",\"inLanguage\":\"de\",\"@id\":\"https:\/\/now-news.de\/de\/deutschland\/europa-dissens-zwischen-merz-macron-und-meloni-ueber-umgang-mit-moskau\/#primaryimage\",\"url\":\"https:\/\/now-news.de\/de\/wp-content\/uploads\/sites\/3\/2026\/02\/Europa-Dissens-zwischen-Merz-Macron-und-Meloni-ueber-Umgang-mit.jpg\",\"contentUrl\":\"https:\/\/now-news.de\/de\/wp-content\/uploads\/sites\/3\/2026\/02\/Europa-Dissens-zwischen-Merz-Macron-und-Meloni-ueber-Umgang-mit.jpg\",\"width\":460,\"height\":259,\"caption\":\"Europa: Dissens zwischen Merz, Macron und Meloni \u00fcber Umgang mit Moskau\"},{\"@type\":\"BreadcrumbList\",\"@id\":\"https:\/\/now-news.de\/de\/deutschland\/europa-dissens-zwischen-merz-macron-und-meloni-ueber-umgang-mit-moskau\/#breadcrumb\",\"itemListElement\":[{\"@type\":\"ListItem\",\"position\":1,\"name\":\"Home\",\"item\":\"https:\/\/now-news.de\/de\/\"},{\"@type\":\"ListItem\",\"position\":2,\"name\":\"Europa: Dissens zwischen Merz, Macron und Meloni \u00fcber Umgang mit Moskau\"}]},{\"@type\":\"WebSite\",\"@id\":\"https:\/\/now-news.de\/de\/#website\",\"url\":\"https:\/\/now-news.de\/de\/\",\"name\":\"just-now.NEWS Deutschland\",\"description\":\"Das Portal f\u00fcr unzensierte Nachrichten aus der Welt\",\"publisher\":{\"@id\":\"https:\/\/now-news.de\/de\/#organization\"},\"potentialAction\":[{\"@type\":\"SearchAction\",\"target\":{\"@type\":\"EntryPoint\",\"urlTemplate\":\"https:\/\/now-news.de\/de\/?s={search_term_string}\"},\"query-input\":\"required name=search_term_string\"}],\"inLanguage\":\"de\"},{\"@type\":\"Organization\",\"@id\":\"https:\/\/now-news.de\/de\/#organization\",\"name\":\"Just Now News\",\"url\":\"https:\/\/now-news.de\/de\/\",\"logo\":{\"@type\":\"ImageObject\",\"inLanguage\":\"de\",\"@id\":\"https:\/\/now-news.de\/de\/#\/schema\/logo\/image\/\",\"url\":\"http:\/\/just-now.news\/de\/wp-content\/uploads\/sites\/3\/2022\/04\/logo500x500.jpg\",\"contentUrl\":\"http:\/\/just-now.news\/de\/wp-content\/uploads\/sites\/3\/2022\/04\/logo500x500.jpg\",\"width\":500,\"height\":500,\"caption\":\"Just Now News\"},\"image\":{\"@id\":\"https:\/\/now-news.de\/de\/#\/schema\/logo\/image\/\"},\"sameAs\":[\"https:\/\/www.facebook.com\/wirmachenauf\",\"https:\/\/x.com\/WirMachenAuf_de\"]},{\"@type\":\"Person\",\"@id\":\"https:\/\/now-news.de\/de\/#\/schema\/person\/fb534a4e865501d8b3285208df34a9b5\",\"name\":\"rtnews\",\"image\":{\"@type\":\"ImageObject\",\"inLanguage\":\"de\",\"@id\":\"https:\/\/now-news.de\/de\/#\/schema\/person\/image\/\",\"url\":\"https:\/\/secure.gravatar.com\/avatar\/82aafea7d8127119dd649515f56e2117?s=96&d=mm&r=g\",\"contentUrl\":\"https:\/\/secure.gravatar.com\/avatar\/82aafea7d8127119dd649515f56e2117?s=96&d=mm&r=g\",\"caption\":\"rtnews\"},\"url\":\"https:\/\/now-news.de\/de\/author\/rnews\/\"}]}<\/script>\n<!-- \/ Yoast SEO Premium plugin. -->","yoast_head_json":{"title":"Europa: Dissens zwischen Merz, Macron und Meloni \u00fcber Umgang mit Moskau - just-now.NEWS Deutschland","robots":{"index":"index","follow":"follow","max-snippet":"max-snippet:-1","max-image-preview":"max-image-preview:large","max-video-preview":"max-video-preview:-1"},"canonical":"https:\/\/now-news.de\/de\/deutschland\/europa-dissens-zwischen-merz-macron-und-meloni-ueber-umgang-mit-moskau\/","og_locale":"de_DE","og_type":"article","og_title":"Europa: Dissens zwischen Merz, Macron und Meloni \u00fcber Umgang mit Moskau","og_description":"W\u00e4hrend Frankreich und Italien inzwischen bereit sind, den Gespr\u00e4chsfaden mit Russland wieder aufzunehmen, verweigert sich Bundeskanzler Friedrich Merz der Diplomatie. Auch die EU-Au\u00dfenbeauftragte Kaja Kallas lehnt das Gespr\u00e4ch mit Moskau ab. Die EU spricht nicht mit einer Stimme. Die deutsche Regierung hat ihre Ablehnung einer Wiederaufnahme diplomatischer Kan\u00e4le mit dem russischen Pr\u00e4sidenten Wladimir Putin im [&hellip;]","og_url":"https:\/\/now-news.de\/de\/deutschland\/europa-dissens-zwischen-merz-macron-und-meloni-ueber-umgang-mit-moskau\/","og_site_name":"just-now.NEWS Deutschland","article_publisher":"https:\/\/www.facebook.com\/wirmachenauf","article_published_time":"2026-02-03T14:15:12+00:00","og_image":[{"url":"https:\/\/now-news.de\/de\/wp-content\/uploads\/sites\/3\/2026\/02\/6981f002b480cc78da5788ca.jpg"}],"author":"rtnews","twitter_card":"summary_large_image","twitter_creator":"@WirMachenAuf_de","twitter_site":"@WirMachenAuf_de","twitter_misc":{"Verfasst von":"rtnews","Gesch\u00e4tzte Lesezeit":"3\u00a0Minuten"},"schema":{"@context":"https:\/\/schema.org","@graph":[{"@type":"Article","@id":"https:\/\/now-news.de\/de\/deutschland\/europa-dissens-zwischen-merz-macron-und-meloni-ueber-umgang-mit-moskau\/#article","isPartOf":{"@id":"https:\/\/now-news.de\/de\/deutschland\/europa-dissens-zwischen-merz-macron-und-meloni-ueber-umgang-mit-moskau\/"},"author":{"name":"rtnews","@id":"https:\/\/now-news.de\/de\/#\/schema\/person\/fb534a4e865501d8b3285208df34a9b5"},"headline":"Europa: Dissens zwischen Merz, Macron und Meloni \u00fcber Umgang mit Moskau","datePublished":"2026-02-03T14:15:12+00:00","dateModified":"2026-02-03T14:15:12+00:00","mainEntityOfPage":{"@id":"https:\/\/now-news.de\/de\/deutschland\/europa-dissens-zwischen-merz-macron-und-meloni-ueber-umgang-mit-moskau\/"},"wordCount":701,"commentCount":0,"publisher":{"@id":"https:\/\/now-news.de\/de\/#organization"},"image":{"@id":"https:\/\/now-news.de\/de\/deutschland\/europa-dissens-zwischen-merz-macron-und-meloni-ueber-umgang-mit-moskau\/#primaryimage"},"thumbnailUrl":"https:\/\/now-news.de\/de\/wp-content\/uploads\/sites\/3\/2026\/02\/Europa-Dissens-zwischen-Merz-Macron-und-Meloni-ueber-Umgang-mit.jpg","keywords":["Dissens","Europa","macron","Meloni","Merz","mit","Moskau","\u00fcber","Umgang","und","zwischen"],"articleSection":["Deutschland","Russland"],"inLanguage":"de","potentialAction":[{"@type":"CommentAction","name":"Comment","target":["https:\/\/now-news.de\/de\/deutschland\/europa-dissens-zwischen-merz-macron-und-meloni-ueber-umgang-mit-moskau\/#respond"]}]},{"@type":"WebPage","@id":"https:\/\/now-news.de\/de\/deutschland\/europa-dissens-zwischen-merz-macron-und-meloni-ueber-umgang-mit-moskau\/","url":"https:\/\/now-news.de\/de\/deutschland\/europa-dissens-zwischen-merz-macron-und-meloni-ueber-umgang-mit-moskau\/","name":"Europa: Dissens zwischen Merz, Macron und Meloni \u00fcber Umgang mit Moskau - just-now.NEWS Deutschland","isPartOf":{"@id":"https:\/\/now-news.de\/de\/#website"},"primaryImageOfPage":{"@id":"https:\/\/now-news.de\/de\/deutschland\/europa-dissens-zwischen-merz-macron-und-meloni-ueber-umgang-mit-moskau\/#primaryimage"},"image":{"@id":"https:\/\/now-news.de\/de\/deutschland\/europa-dissens-zwischen-merz-macron-und-meloni-ueber-umgang-mit-moskau\/#primaryimage"},"thumbnailUrl":"https:\/\/now-news.de\/de\/wp-content\/uploads\/sites\/3\/2026\/02\/Europa-Dissens-zwischen-Merz-Macron-und-Meloni-ueber-Umgang-mit.jpg","datePublished":"2026-02-03T14:15:12+00:00","dateModified":"2026-02-03T14:15:12+00:00","breadcrumb":{"@id":"https:\/\/now-news.de\/de\/deutschland\/europa-dissens-zwischen-merz-macron-und-meloni-ueber-umgang-mit-moskau\/#breadcrumb"},"inLanguage":"de","potentialAction":[{"@type":"ReadAction","target":["https:\/\/now-news.de\/de\/deutschland\/europa-dissens-zwischen-merz-macron-und-meloni-ueber-umgang-mit-moskau\/"]}]},{"@type":"ImageObject","inLanguage":"de","@id":"https:\/\/now-news.de\/de\/deutschland\/europa-dissens-zwischen-merz-macron-und-meloni-ueber-umgang-mit-moskau\/#primaryimage","url":"https:\/\/now-news.de\/de\/wp-content\/uploads\/sites\/3\/2026\/02\/Europa-Dissens-zwischen-Merz-Macron-und-Meloni-ueber-Umgang-mit.jpg","contentUrl":"https:\/\/now-news.de\/de\/wp-content\/uploads\/sites\/3\/2026\/02\/Europa-Dissens-zwischen-Merz-Macron-und-Meloni-ueber-Umgang-mit.jpg","width":460,"height":259,"caption":"Europa: Dissens zwischen Merz, Macron und Meloni \u00fcber Umgang mit Moskau"},{"@type":"BreadcrumbList","@id":"https:\/\/now-news.de\/de\/deutschland\/europa-dissens-zwischen-merz-macron-und-meloni-ueber-umgang-mit-moskau\/#breadcrumb","itemListElement":[{"@type":"ListItem","position":1,"name":"Home","item":"https:\/\/now-news.de\/de\/"},{"@type":"ListItem","position":2,"name":"Europa: Dissens zwischen Merz, Macron und Meloni \u00fcber Umgang mit Moskau"}]},{"@type":"WebSite","@id":"https:\/\/now-news.de\/de\/#website","url":"https:\/\/now-news.de\/de\/","name":"just-now.NEWS Deutschland","description":"Das Portal f\u00fcr unzensierte Nachrichten aus der Welt","publisher":{"@id":"https:\/\/now-news.de\/de\/#organization"},"potentialAction":[{"@type":"SearchAction","target":{"@type":"EntryPoint","urlTemplate":"https:\/\/now-news.de\/de\/?s={search_term_string}"},"query-input":"required name=search_term_string"}],"inLanguage":"de"},{"@type":"Organization","@id":"https:\/\/now-news.de\/de\/#organization","name":"Just Now News","url":"https:\/\/now-news.de\/de\/","logo":{"@type":"ImageObject","inLanguage":"de","@id":"https:\/\/now-news.de\/de\/#\/schema\/logo\/image\/","url":"http:\/\/just-now.news\/de\/wp-content\/uploads\/sites\/3\/2022\/04\/logo500x500.jpg","contentUrl":"http:\/\/just-now.news\/de\/wp-content\/uploads\/sites\/3\/2022\/04\/logo500x500.jpg","width":500,"height":500,"caption":"Just Now News"},"image":{"@id":"https:\/\/now-news.de\/de\/#\/schema\/logo\/image\/"},"sameAs":["https:\/\/www.facebook.com\/wirmachenauf","https:\/\/x.com\/WirMachenAuf_de"]},{"@type":"Person","@id":"https:\/\/now-news.de\/de\/#\/schema\/person\/fb534a4e865501d8b3285208df34a9b5","name":"rtnews","image":{"@type":"ImageObject","inLanguage":"de","@id":"https:\/\/now-news.de\/de\/#\/schema\/person\/image\/","url":"https:\/\/secure.gravatar.com\/avatar\/82aafea7d8127119dd649515f56e2117?s=96&d=mm&r=g","contentUrl":"https:\/\/secure.gravatar.com\/avatar\/82aafea7d8127119dd649515f56e2117?s=96&d=mm&r=g","caption":"rtnews"},"url":"https:\/\/now-news.de\/de\/author\/rnews\/"}]}},"_links":{"self":[{"href":"https:\/\/now-news.de\/de\/wp-json\/wp\/v2\/posts\/98292"}],"collection":[{"href":"https:\/\/now-news.de\/de\/wp-json\/wp\/v2\/posts"}],"about":[{"href":"https:\/\/now-news.de\/de\/wp-json\/wp\/v2\/types\/post"}],"author":[{"embeddable":true,"href":"https:\/\/now-news.de\/de\/wp-json\/wp\/v2\/users\/3"}],"replies":[{"embeddable":true,"href":"https:\/\/now-news.de\/de\/wp-json\/wp\/v2\/comments?post=98292"}],"version-history":[{"count":0,"href":"https:\/\/now-news.de\/de\/wp-json\/wp\/v2\/posts\/98292\/revisions"}],"wp:featuredmedia":[{"embeddable":true,"href":"https:\/\/now-news.de\/de\/wp-json\/wp\/v2\/media\/98293"}],"wp:attachment":[{"href":"https:\/\/now-news.de\/de\/wp-json\/wp\/v2\/media?parent=98292"}],"wp:term":[{"taxonomy":"category","embeddable":true,"href":"https:\/\/now-news.de\/de\/wp-json\/wp\/v2\/categories?post=98292"},{"taxonomy":"post_tag","embeddable":true,"href":"https:\/\/now-news.de\/de\/wp-json\/wp\/v2\/tags?post=98292"}],"curies":[{"name":"wp","href":"https:\/\/api.w.org\/{rel}","templated":true}]}}