{"id":98247,"date":"2026-02-02T21:10:42","date_gmt":"2026-02-02T19:10:42","guid":{"rendered":"https:\/\/now-news.de\/de\/deutschland\/medwedew-russland-nicht-an-globalem-konflikt-interessiert\/"},"modified":"2026-02-02T21:10:42","modified_gmt":"2026-02-02T19:10:42","slug":"medwedew-russland-nicht-an-globalem-konflikt-interessiert","status":"publish","type":"post","link":"https:\/\/now-news.de\/de\/deutschland\/medwedew-russland-nicht-an-globalem-konflikt-interessiert\/","title":{"rendered":"Medwedew: Russland nicht an globalem Konflikt interessiert"},"content":{"rendered":"<p><img decoding=\"async\" src=\"https:\/\/now-news.de\/de\/wp-content\/uploads\/sites\/3\/2026\/02\/69806be4b480cc1eb71fa96b.jpg\" \/><\/p>\n<div class=\"Text-root Text-type_1 \">\n                Russland wolle weder einen globalen Konflikt noch eine weitere Eskalation, sagt Dmitri Medwedew. Der Westen habe russische Sicherheitsinteressen missachtet. Die von Pr\u00e4sident Putin formulierten Bedingungen f\u00fcr Gespr\u00e4che \u00fcber die Ukraine blieben unver\u00e4ndert.\n            <\/div>\n<p><\/p>\n<div class=\"Text-root Text-type_5 ArticleView-text ViewText-root \">\n<p data-start=\"328\" data-end=\"662\">Russland\u00a0sei nicht an der Entfachung eines globalen Konflikts interessiert. Ebenso wenig habe Moskau ein Interesse am Beginn der\u00a0milit\u00e4rischen Sonderoperation in der Ukraine gehabt. Dies erkl\u00e4rte der stellvertretende Vorsitzende des russischen Sicherheitsrates, Dmitri Medwedew, in einem Interview\u00a0f\u00fcr\u00a0<em>TASS<\/em>, <em>Reuters<\/em> und\u00a0das Projekt <em>WarGonzo.<\/em><\/p>\n<blockquote>\n<p data-start=\"328\" data-end=\"662\"><em>&#8220;Nat\u00fcrlich sind wir nicht an einem globalen Konflikt interessiert. Wir sind doch nicht verr\u00fcckt! Das wurde hundertfach gesagt. (\u2026)\u00a0Und wir waren auch nicht daran interessiert, dass die\u00a0milit\u00e4rische\u00a0Sonderoperation beginnt.&#8221;<\/em><\/p>\n<\/blockquote>\n<p data-start=\"904\" data-end=\"1302\">Er erinnerte daran, dass Russland den Westen und die NATO vor Beginn der Eskalation wiederholt aufgefordert habe, die Sicherheitsinteressen Moskaus zu ber\u00fccksichtigen. Dazu habe insbesondere geh\u00f6rt, klare Grenzen f\u00fcr die Ausdehnung des B\u00fcndnisses festzulegen und auf eine Einbindung der Ukraine zu verzichten. Diese Warnungen seien jedoch ignoriert worden. &#8220;Nicht die geringste Reaktion&#8221;, fasste Medwedew zusammen.<\/p>\n<p data-start=\"904\" data-end=\"1302\">Die Missachtung russischer Interessen und die Schaffung direkter Sicherheitsbedrohungen h\u00e4tten letztlich zu dem Konflikt in der Ukraine gef\u00fchrt. Das hatte auch Pr\u00e4sident Wladimir Putin Mitte Januar betont. Bereits im Herbst 2024 erkl\u00e4rte er, der Konflikt habe mit dem Einsatz westlicher Langstreckenwaffen durch die ukrainischen Streitkr\u00e4fte einen globalen Charakter angenommen. \u00c4hnlich \u00e4u\u00dferte sich sp\u00e4ter auch der ehemalige Oberbefehlshaber der ukrainischen Armee, Waleri Saluschny, der von einem bereits entbrannten\u00a0&#8220;globalen Krieg&#8221; sprach.<\/p>\n<p data-start=\"1845\" data-end=\"2242\">Wenige Wochen vor Beginn der milit\u00e4rischen Sonderoperation im Februar 2022 hatte Putin erkl\u00e4rt, die NATO habe Russland &#8220;hereingelegt&#8221;. Demnach habe es fr\u00fchere Zusagen gegeben, auf eine Osterweiterung des B\u00fcndnisses zu verzichten. Diese seien jedoch nicht eingehalten worden. Sp\u00e4ter bezeichnete Putin die NATO-Pl\u00e4ne zur Aufnahme der Ukraine ausdr\u00fccklich als einen der Gr\u00fcnde f\u00fcr den Beginn der Sonderoperation.<\/p>\n<p data-start=\"2244\" data-end=\"2629\">In diesem Zusammenhang verwies Kremlsprecher Dmitri Peskow auf Putins\u00a0&#8220;M\u00fcnchner Rede&#8221; aus dem Jahr 2007. Bereits damals habe der russische Pr\u00e4sident vor der Ann\u00e4herung der NATO an Russlands Grenzen gewarnt. Diese Warnungen seien indes ignoriert worden. In der Folge habe sich Russland &#8220;direkt an den roten Linien seiner nationalen Interessen und seiner Sicherheit&#8221; wiedergefunden, so Peskow.<\/p>\n<p data-start=\"2631\" data-end=\"2897\">Die NATO-F\u00fchrung\u00a0hat diese Darstellung zur\u00fcckgewiesen. Im Jahr 2021 erkl\u00e4rte das B\u00fcndnis, es habe nie verbindliche Zusagen gegeben, auf eine Erweiterung zu verzichten. In der NATO-Satzung sei festgeschrieben, dass grunds\u00e4tzlich jedes europ\u00e4ische Land Mitglied werden k\u00f6nne. Parallel dazu stellte Medwedew klar, dass sich auch die russischen Bedingungen f\u00fcr m\u00f6gliche Verhandlungen \u00fcber eine Beilegung des Ukraine-Konflikts nicht ge\u00e4ndert h\u00e4tten. Diese seien \u00f6ffentlich bekannt und von Pr\u00e4sident Putin klar formuliert worden.<\/p>\n<blockquote>\n<p data-start=\"2899\" data-end=\"3143\"><em>&#8220;Was die Bedingungen betrifft, so haben sie einen \u00f6ffentlichen Charakter. Sie wurden erstmals vom Pr\u00e4sidenten der Russischen F\u00f6deration formuliert, als er vor dem Kollegium des Au\u00dfenministeriums sprach.&#8221;<\/em><\/p>\n<\/blockquote>\n<p data-start=\"2899\" data-end=\"3143\">Diese Positionen seien zudem bei einem Treffen in Anchorage den US-amerikanischen Gespr\u00e4chspartnern \u00fcbermittelt worden. &#8220;Und sie bleiben unver\u00e4ndert&#8221;, betonte er.<\/p>\n<p data-start=\"3529\" data-end=\"4097\">Am 19. Dezember 2025 erkl\u00e4rte Putin, Russland sei bereit, den Ukraine-Konflikt auf friedlichem Wege zu beenden \u2013 auf Grundlage der russischen Vorschl\u00e4ge\u00a0vom Sommer 2024. Am 14. Juni desselben Jahres hatte er bei einem Treffen mit der F\u00fchrung des Au\u00dfenministeriums die Bedingungen f\u00fcr den Beginn von Friedensverhandlungen genannt. Dazu z\u00e4hlen der Abzug der ukrainischen Truppen aus den Gebieten Donezk, Lugansk, Cherson und Saporoschje innerhalb ihrer administrativen Grenzen, der Verzicht Kiews auf einen NATO-Beitritt sowie die Aufhebung der antirussischen Sanktionen.<\/p>\n<p data-start=\"3529\" data-end=\"4097\"><strong>Mehr zum Thema &#8211;<\/strong>\u00a0<a rel=\"nofollow noopener\" target=\"_blank\" href=\"https:\/\/freedert.online\/europa\/268845-wo-russlands-naechste-grosse-offensive\/\">Wo Russlands n\u00e4chste gro\u00dfe Offensive stattfinden k\u00f6nnte<\/a><\/p>\n<div class=\"EmbedBlock-root EmbedBlock-externalVideo EmbedBlock-rumble\">\n<div class=\"VkEmbed\"><iframe class=\"lazyload\" data-src=\"https:\/\/rumble.com\/embed\/v72yz7o\" frameborder=\"0\" width=\"853\" height=\"480\" allowfullscreen><\/iframe><\/div>\n<\/div>\n<\/div>\n<p><br \/>\n<br \/><a href=\"https:\/\/de.rt.com\/russland\/269061-medwedew-russland-nicht-an-globalem-konflikt-interessiert\/\">Source link <\/a><\/p>\n","protected":false},"excerpt":{"rendered":"<p>Russland wolle weder einen globalen Konflikt noch eine weitere Eskalation, sagt Dmitri Medwedew. Der Westen habe russische Sicherheitsinteressen missachtet. Die von Pr\u00e4sident Putin formulierten Bedingungen f\u00fcr Gespr\u00e4che \u00fcber die Ukraine blieben unver\u00e4ndert. Russland\u00a0sei nicht an der Entfachung eines globalen Konflikts interessiert. Ebenso wenig habe Moskau ein Interesse am Beginn der\u00a0milit\u00e4rischen Sonderoperation in der Ukraine gehabt. [&hellip;]<\/p>\n","protected":false},"author":3,"featured_media":98248,"comment_status":"open","ping_status":"open","sticky":false,"template":"","format":"standard","meta":{"_yoast_indexnow_last_ping":["1770059449"],"wp_automatic_camp":["217"],"5bec888b23382203ba4b71c0aa0cc9ee":["Medwedew: Russland nicht an globalem Konflikt interessiert"],"original_link":["https:\/\/de.rt.com\/russland\/269061-medwedew-russland-nicht-an-globalem-konflikt-interessiert\/"],"_thumbnail_id":["98248"],"jnews_social_counter_last_update":["1777425421"],"_wptgpro_p2tg_sent2tg":["a:1:{i:23737;s:19:\"2026-02-02 21:11:52\";}"]},"categories":[19,23],"tags":[29010,15920,1810,20678,800,126],"yoast_head":"<!-- This site is optimized with the Yoast SEO Premium plugin v22.7 (Yoast SEO v22.7) - https:\/\/yoast.com\/wordpress\/plugins\/seo\/ -->\n<title>Medwedew: Russland nicht an globalem Konflikt interessiert - just-now.NEWS Deutschland<\/title>\n<meta name=\"robots\" content=\"index, follow, max-snippet:-1, max-image-preview:large, max-video-preview:-1\" \/>\n<link rel=\"canonical\" href=\"https:\/\/now-news.de\/de\/deutschland\/medwedew-russland-nicht-an-globalem-konflikt-interessiert\/\" \/>\n<meta property=\"og:locale\" content=\"de_DE\" \/>\n<meta property=\"og:type\" content=\"article\" \/>\n<meta property=\"og:title\" content=\"Medwedew: Russland nicht an globalem Konflikt interessiert\" \/>\n<meta property=\"og:description\" content=\"Russland wolle weder einen globalen Konflikt noch eine weitere Eskalation, sagt Dmitri Medwedew. Der Westen habe russische Sicherheitsinteressen missachtet. Die von Pr\u00e4sident Putin formulierten Bedingungen f\u00fcr Gespr\u00e4che \u00fcber die Ukraine blieben unver\u00e4ndert. Russland\u00a0sei nicht an der Entfachung eines globalen Konflikts interessiert. Ebenso wenig habe Moskau ein Interesse am Beginn der\u00a0milit\u00e4rischen Sonderoperation in der Ukraine gehabt. [&hellip;]\" \/>\n<meta property=\"og:url\" content=\"https:\/\/now-news.de\/de\/deutschland\/medwedew-russland-nicht-an-globalem-konflikt-interessiert\/\" \/>\n<meta property=\"og:site_name\" content=\"just-now.NEWS Deutschland\" \/>\n<meta property=\"article:publisher\" content=\"https:\/\/www.facebook.com\/wirmachenauf\" \/>\n<meta property=\"article:published_time\" content=\"2026-02-02T19:10:42+00:00\" \/>\n<meta property=\"og:image\" content=\"https:\/\/now-news.de\/de\/wp-content\/uploads\/sites\/3\/2026\/02\/69806be4b480cc1eb71fa96b.jpg\" \/>\n<meta name=\"author\" content=\"rtnews\" \/>\n<meta name=\"twitter:card\" content=\"summary_large_image\" \/>\n<meta name=\"twitter:creator\" content=\"@WirMachenAuf_de\" \/>\n<meta name=\"twitter:site\" content=\"@WirMachenAuf_de\" \/>\n<meta name=\"twitter:label1\" content=\"Verfasst von\" \/>\n\t<meta name=\"twitter:data1\" content=\"rtnews\" \/>\n\t<meta name=\"twitter:label2\" content=\"Gesch\u00e4tzte Lesezeit\" \/>\n\t<meta name=\"twitter:data2\" content=\"3\u00a0Minuten\" \/>\n<script type=\"application\/ld+json\" class=\"yoast-schema-graph\">{\"@context\":\"https:\/\/schema.org\",\"@graph\":[{\"@type\":\"Article\",\"@id\":\"https:\/\/now-news.de\/de\/deutschland\/medwedew-russland-nicht-an-globalem-konflikt-interessiert\/#article\",\"isPartOf\":{\"@id\":\"https:\/\/now-news.de\/de\/deutschland\/medwedew-russland-nicht-an-globalem-konflikt-interessiert\/\"},\"author\":{\"name\":\"rtnews\",\"@id\":\"https:\/\/now-news.de\/de\/#\/schema\/person\/fb534a4e865501d8b3285208df34a9b5\"},\"headline\":\"Medwedew: Russland nicht an globalem Konflikt interessiert\",\"datePublished\":\"2026-02-02T19:10:42+00:00\",\"dateModified\":\"2026-02-02T19:10:42+00:00\",\"mainEntityOfPage\":{\"@id\":\"https:\/\/now-news.de\/de\/deutschland\/medwedew-russland-nicht-an-globalem-konflikt-interessiert\/\"},\"wordCount\":610,\"commentCount\":0,\"publisher\":{\"@id\":\"https:\/\/now-news.de\/de\/#organization\"},\"image\":{\"@id\":\"https:\/\/now-news.de\/de\/deutschland\/medwedew-russland-nicht-an-globalem-konflikt-interessiert\/#primaryimage\"},\"thumbnailUrl\":\"https:\/\/now-news.de\/de\/wp-content\/uploads\/sites\/3\/2026\/02\/Medwedew-Russland-nicht-an-globalem-Konflikt-interessiert.jpg\",\"keywords\":[\"globalem\",\"interessiert\",\"Konflikt\",\"Medwedew\",\"nicht\",\"russland\"],\"articleSection\":[\"Deutschland\",\"Russland\"],\"inLanguage\":\"de\",\"potentialAction\":[{\"@type\":\"CommentAction\",\"name\":\"Comment\",\"target\":[\"https:\/\/now-news.de\/de\/deutschland\/medwedew-russland-nicht-an-globalem-konflikt-interessiert\/#respond\"]}]},{\"@type\":\"WebPage\",\"@id\":\"https:\/\/now-news.de\/de\/deutschland\/medwedew-russland-nicht-an-globalem-konflikt-interessiert\/\",\"url\":\"https:\/\/now-news.de\/de\/deutschland\/medwedew-russland-nicht-an-globalem-konflikt-interessiert\/\",\"name\":\"Medwedew: Russland nicht an globalem Konflikt interessiert - just-now.NEWS Deutschland\",\"isPartOf\":{\"@id\":\"https:\/\/now-news.de\/de\/#website\"},\"primaryImageOfPage\":{\"@id\":\"https:\/\/now-news.de\/de\/deutschland\/medwedew-russland-nicht-an-globalem-konflikt-interessiert\/#primaryimage\"},\"image\":{\"@id\":\"https:\/\/now-news.de\/de\/deutschland\/medwedew-russland-nicht-an-globalem-konflikt-interessiert\/#primaryimage\"},\"thumbnailUrl\":\"https:\/\/now-news.de\/de\/wp-content\/uploads\/sites\/3\/2026\/02\/Medwedew-Russland-nicht-an-globalem-Konflikt-interessiert.jpg\",\"datePublished\":\"2026-02-02T19:10:42+00:00\",\"dateModified\":\"2026-02-02T19:10:42+00:00\",\"breadcrumb\":{\"@id\":\"https:\/\/now-news.de\/de\/deutschland\/medwedew-russland-nicht-an-globalem-konflikt-interessiert\/#breadcrumb\"},\"inLanguage\":\"de\",\"potentialAction\":[{\"@type\":\"ReadAction\",\"target\":[\"https:\/\/now-news.de\/de\/deutschland\/medwedew-russland-nicht-an-globalem-konflikt-interessiert\/\"]}]},{\"@type\":\"ImageObject\",\"inLanguage\":\"de\",\"@id\":\"https:\/\/now-news.de\/de\/deutschland\/medwedew-russland-nicht-an-globalem-konflikt-interessiert\/#primaryimage\",\"url\":\"https:\/\/now-news.de\/de\/wp-content\/uploads\/sites\/3\/2026\/02\/Medwedew-Russland-nicht-an-globalem-Konflikt-interessiert.jpg\",\"contentUrl\":\"https:\/\/now-news.de\/de\/wp-content\/uploads\/sites\/3\/2026\/02\/Medwedew-Russland-nicht-an-globalem-Konflikt-interessiert.jpg\",\"width\":460,\"height\":259,\"caption\":\"Medwedew: Russland nicht an globalem Konflikt interessiert\"},{\"@type\":\"BreadcrumbList\",\"@id\":\"https:\/\/now-news.de\/de\/deutschland\/medwedew-russland-nicht-an-globalem-konflikt-interessiert\/#breadcrumb\",\"itemListElement\":[{\"@type\":\"ListItem\",\"position\":1,\"name\":\"Home\",\"item\":\"https:\/\/now-news.de\/de\/\"},{\"@type\":\"ListItem\",\"position\":2,\"name\":\"Medwedew: Russland nicht an globalem Konflikt interessiert\"}]},{\"@type\":\"WebSite\",\"@id\":\"https:\/\/now-news.de\/de\/#website\",\"url\":\"https:\/\/now-news.de\/de\/\",\"name\":\"just-now.NEWS Deutschland\",\"description\":\"Das Portal f\u00fcr unzensierte Nachrichten aus der Welt\",\"publisher\":{\"@id\":\"https:\/\/now-news.de\/de\/#organization\"},\"potentialAction\":[{\"@type\":\"SearchAction\",\"target\":{\"@type\":\"EntryPoint\",\"urlTemplate\":\"https:\/\/now-news.de\/de\/?s={search_term_string}\"},\"query-input\":\"required name=search_term_string\"}],\"inLanguage\":\"de\"},{\"@type\":\"Organization\",\"@id\":\"https:\/\/now-news.de\/de\/#organization\",\"name\":\"Just Now News\",\"url\":\"https:\/\/now-news.de\/de\/\",\"logo\":{\"@type\":\"ImageObject\",\"inLanguage\":\"de\",\"@id\":\"https:\/\/now-news.de\/de\/#\/schema\/logo\/image\/\",\"url\":\"http:\/\/just-now.news\/de\/wp-content\/uploads\/sites\/3\/2022\/04\/logo500x500.jpg\",\"contentUrl\":\"http:\/\/just-now.news\/de\/wp-content\/uploads\/sites\/3\/2022\/04\/logo500x500.jpg\",\"width\":500,\"height\":500,\"caption\":\"Just Now News\"},\"image\":{\"@id\":\"https:\/\/now-news.de\/de\/#\/schema\/logo\/image\/\"},\"sameAs\":[\"https:\/\/www.facebook.com\/wirmachenauf\",\"https:\/\/x.com\/WirMachenAuf_de\"]},{\"@type\":\"Person\",\"@id\":\"https:\/\/now-news.de\/de\/#\/schema\/person\/fb534a4e865501d8b3285208df34a9b5\",\"name\":\"rtnews\",\"image\":{\"@type\":\"ImageObject\",\"inLanguage\":\"de\",\"@id\":\"https:\/\/now-news.de\/de\/#\/schema\/person\/image\/\",\"url\":\"https:\/\/secure.gravatar.com\/avatar\/82aafea7d8127119dd649515f56e2117?s=96&d=mm&r=g\",\"contentUrl\":\"https:\/\/secure.gravatar.com\/avatar\/82aafea7d8127119dd649515f56e2117?s=96&d=mm&r=g\",\"caption\":\"rtnews\"},\"url\":\"https:\/\/now-news.de\/de\/author\/rnews\/\"}]}<\/script>\n<!-- \/ Yoast SEO Premium plugin. -->","yoast_head_json":{"title":"Medwedew: Russland nicht an globalem Konflikt interessiert - just-now.NEWS Deutschland","robots":{"index":"index","follow":"follow","max-snippet":"max-snippet:-1","max-image-preview":"max-image-preview:large","max-video-preview":"max-video-preview:-1"},"canonical":"https:\/\/now-news.de\/de\/deutschland\/medwedew-russland-nicht-an-globalem-konflikt-interessiert\/","og_locale":"de_DE","og_type":"article","og_title":"Medwedew: Russland nicht an globalem Konflikt interessiert","og_description":"Russland wolle weder einen globalen Konflikt noch eine weitere Eskalation, sagt Dmitri Medwedew. Der Westen habe russische Sicherheitsinteressen missachtet. Die von Pr\u00e4sident Putin formulierten Bedingungen f\u00fcr Gespr\u00e4che \u00fcber die Ukraine blieben unver\u00e4ndert. Russland\u00a0sei nicht an der Entfachung eines globalen Konflikts interessiert. Ebenso wenig habe Moskau ein Interesse am Beginn der\u00a0milit\u00e4rischen Sonderoperation in der Ukraine gehabt. [&hellip;]","og_url":"https:\/\/now-news.de\/de\/deutschland\/medwedew-russland-nicht-an-globalem-konflikt-interessiert\/","og_site_name":"just-now.NEWS Deutschland","article_publisher":"https:\/\/www.facebook.com\/wirmachenauf","article_published_time":"2026-02-02T19:10:42+00:00","og_image":[{"url":"https:\/\/now-news.de\/de\/wp-content\/uploads\/sites\/3\/2026\/02\/69806be4b480cc1eb71fa96b.jpg"}],"author":"rtnews","twitter_card":"summary_large_image","twitter_creator":"@WirMachenAuf_de","twitter_site":"@WirMachenAuf_de","twitter_misc":{"Verfasst von":"rtnews","Gesch\u00e4tzte Lesezeit":"3\u00a0Minuten"},"schema":{"@context":"https:\/\/schema.org","@graph":[{"@type":"Article","@id":"https:\/\/now-news.de\/de\/deutschland\/medwedew-russland-nicht-an-globalem-konflikt-interessiert\/#article","isPartOf":{"@id":"https:\/\/now-news.de\/de\/deutschland\/medwedew-russland-nicht-an-globalem-konflikt-interessiert\/"},"author":{"name":"rtnews","@id":"https:\/\/now-news.de\/de\/#\/schema\/person\/fb534a4e865501d8b3285208df34a9b5"},"headline":"Medwedew: Russland nicht an globalem Konflikt interessiert","datePublished":"2026-02-02T19:10:42+00:00","dateModified":"2026-02-02T19:10:42+00:00","mainEntityOfPage":{"@id":"https:\/\/now-news.de\/de\/deutschland\/medwedew-russland-nicht-an-globalem-konflikt-interessiert\/"},"wordCount":610,"commentCount":0,"publisher":{"@id":"https:\/\/now-news.de\/de\/#organization"},"image":{"@id":"https:\/\/now-news.de\/de\/deutschland\/medwedew-russland-nicht-an-globalem-konflikt-interessiert\/#primaryimage"},"thumbnailUrl":"https:\/\/now-news.de\/de\/wp-content\/uploads\/sites\/3\/2026\/02\/Medwedew-Russland-nicht-an-globalem-Konflikt-interessiert.jpg","keywords":["globalem","interessiert","Konflikt","Medwedew","nicht","russland"],"articleSection":["Deutschland","Russland"],"inLanguage":"de","potentialAction":[{"@type":"CommentAction","name":"Comment","target":["https:\/\/now-news.de\/de\/deutschland\/medwedew-russland-nicht-an-globalem-konflikt-interessiert\/#respond"]}]},{"@type":"WebPage","@id":"https:\/\/now-news.de\/de\/deutschland\/medwedew-russland-nicht-an-globalem-konflikt-interessiert\/","url":"https:\/\/now-news.de\/de\/deutschland\/medwedew-russland-nicht-an-globalem-konflikt-interessiert\/","name":"Medwedew: Russland nicht an globalem Konflikt interessiert - just-now.NEWS Deutschland","isPartOf":{"@id":"https:\/\/now-news.de\/de\/#website"},"primaryImageOfPage":{"@id":"https:\/\/now-news.de\/de\/deutschland\/medwedew-russland-nicht-an-globalem-konflikt-interessiert\/#primaryimage"},"image":{"@id":"https:\/\/now-news.de\/de\/deutschland\/medwedew-russland-nicht-an-globalem-konflikt-interessiert\/#primaryimage"},"thumbnailUrl":"https:\/\/now-news.de\/de\/wp-content\/uploads\/sites\/3\/2026\/02\/Medwedew-Russland-nicht-an-globalem-Konflikt-interessiert.jpg","datePublished":"2026-02-02T19:10:42+00:00","dateModified":"2026-02-02T19:10:42+00:00","breadcrumb":{"@id":"https:\/\/now-news.de\/de\/deutschland\/medwedew-russland-nicht-an-globalem-konflikt-interessiert\/#breadcrumb"},"inLanguage":"de","potentialAction":[{"@type":"ReadAction","target":["https:\/\/now-news.de\/de\/deutschland\/medwedew-russland-nicht-an-globalem-konflikt-interessiert\/"]}]},{"@type":"ImageObject","inLanguage":"de","@id":"https:\/\/now-news.de\/de\/deutschland\/medwedew-russland-nicht-an-globalem-konflikt-interessiert\/#primaryimage","url":"https:\/\/now-news.de\/de\/wp-content\/uploads\/sites\/3\/2026\/02\/Medwedew-Russland-nicht-an-globalem-Konflikt-interessiert.jpg","contentUrl":"https:\/\/now-news.de\/de\/wp-content\/uploads\/sites\/3\/2026\/02\/Medwedew-Russland-nicht-an-globalem-Konflikt-interessiert.jpg","width":460,"height":259,"caption":"Medwedew: Russland nicht an globalem Konflikt interessiert"},{"@type":"BreadcrumbList","@id":"https:\/\/now-news.de\/de\/deutschland\/medwedew-russland-nicht-an-globalem-konflikt-interessiert\/#breadcrumb","itemListElement":[{"@type":"ListItem","position":1,"name":"Home","item":"https:\/\/now-news.de\/de\/"},{"@type":"ListItem","position":2,"name":"Medwedew: Russland nicht an globalem Konflikt interessiert"}]},{"@type":"WebSite","@id":"https:\/\/now-news.de\/de\/#website","url":"https:\/\/now-news.de\/de\/","name":"just-now.NEWS Deutschland","description":"Das Portal f\u00fcr unzensierte Nachrichten aus der Welt","publisher":{"@id":"https:\/\/now-news.de\/de\/#organization"},"potentialAction":[{"@type":"SearchAction","target":{"@type":"EntryPoint","urlTemplate":"https:\/\/now-news.de\/de\/?s={search_term_string}"},"query-input":"required name=search_term_string"}],"inLanguage":"de"},{"@type":"Organization","@id":"https:\/\/now-news.de\/de\/#organization","name":"Just Now News","url":"https:\/\/now-news.de\/de\/","logo":{"@type":"ImageObject","inLanguage":"de","@id":"https:\/\/now-news.de\/de\/#\/schema\/logo\/image\/","url":"http:\/\/just-now.news\/de\/wp-content\/uploads\/sites\/3\/2022\/04\/logo500x500.jpg","contentUrl":"http:\/\/just-now.news\/de\/wp-content\/uploads\/sites\/3\/2022\/04\/logo500x500.jpg","width":500,"height":500,"caption":"Just Now News"},"image":{"@id":"https:\/\/now-news.de\/de\/#\/schema\/logo\/image\/"},"sameAs":["https:\/\/www.facebook.com\/wirmachenauf","https:\/\/x.com\/WirMachenAuf_de"]},{"@type":"Person","@id":"https:\/\/now-news.de\/de\/#\/schema\/person\/fb534a4e865501d8b3285208df34a9b5","name":"rtnews","image":{"@type":"ImageObject","inLanguage":"de","@id":"https:\/\/now-news.de\/de\/#\/schema\/person\/image\/","url":"https:\/\/secure.gravatar.com\/avatar\/82aafea7d8127119dd649515f56e2117?s=96&d=mm&r=g","contentUrl":"https:\/\/secure.gravatar.com\/avatar\/82aafea7d8127119dd649515f56e2117?s=96&d=mm&r=g","caption":"rtnews"},"url":"https:\/\/now-news.de\/de\/author\/rnews\/"}]}},"_links":{"self":[{"href":"https:\/\/now-news.de\/de\/wp-json\/wp\/v2\/posts\/98247"}],"collection":[{"href":"https:\/\/now-news.de\/de\/wp-json\/wp\/v2\/posts"}],"about":[{"href":"https:\/\/now-news.de\/de\/wp-json\/wp\/v2\/types\/post"}],"author":[{"embeddable":true,"href":"https:\/\/now-news.de\/de\/wp-json\/wp\/v2\/users\/3"}],"replies":[{"embeddable":true,"href":"https:\/\/now-news.de\/de\/wp-json\/wp\/v2\/comments?post=98247"}],"version-history":[{"count":0,"href":"https:\/\/now-news.de\/de\/wp-json\/wp\/v2\/posts\/98247\/revisions"}],"wp:featuredmedia":[{"embeddable":true,"href":"https:\/\/now-news.de\/de\/wp-json\/wp\/v2\/media\/98248"}],"wp:attachment":[{"href":"https:\/\/now-news.de\/de\/wp-json\/wp\/v2\/media?parent=98247"}],"wp:term":[{"taxonomy":"category","embeddable":true,"href":"https:\/\/now-news.de\/de\/wp-json\/wp\/v2\/categories?post=98247"},{"taxonomy":"post_tag","embeddable":true,"href":"https:\/\/now-news.de\/de\/wp-json\/wp\/v2\/tags?post=98247"}],"curies":[{"name":"wp","href":"https:\/\/api.w.org\/{rel}","templated":true}]}}