{"id":98221,"date":"2026-02-02T15:57:01","date_gmt":"2026-02-02T13:57:01","guid":{"rendered":"https:\/\/now-news.de\/de\/deutschland\/soeder-die-arbeitszeit-und-die-mathematik\/"},"modified":"2026-02-02T15:57:01","modified_gmt":"2026-02-02T13:57:01","slug":"soeder-die-arbeitszeit-und-die-mathematik","status":"publish","type":"post","link":"https:\/\/now-news.de\/de\/deutschland\/soeder-die-arbeitszeit-und-die-mathematik\/","title":{"rendered":"S\u00f6der, die Arbeitszeit und die Mathematik"},"content":{"rendered":"<p><img decoding=\"async\" src=\"https:\/\/now-news.de\/de\/wp-content\/uploads\/sites\/3\/2026\/02\/6980a9a948fbef0e8d4cf416.jpg\" \/><\/p>\n<div class=\"Text-root Text-type_1 \">\n                Die deutschen Politiker scheinen in einen Wettbewerb eingetreten, wer die bl\u00f6deste Idee auf den Tisch legt, die vermeintlich die Wirtschaft retten soll. Der bayrische Ministerpr\u00e4sident hat mit seinem Vorschlag gerade ziemlich gut vorgelegt.\n            <\/div>\n<p><\/p>\n<div class=\"Text-root Text-type_5 ArticleView-text ViewText-root \">\n<p><em>Von Dagmar Henn<\/em><\/p>\n<p>&#8220;Wirklich nicht zu viel verlangt&#8221; sei es, so der bayrische Ministerpr\u00e4sident Markus S\u00f6der. &#8220;<a rel=\"nofollow noopener\" target=\"_blank\" href=\"https:\/\/x.com\/ARD_BaB\/status\/2018062383948697805?ref_src=twsrc%5Etfw%7Ctwcamp%5Etweetembed%7Ctwterm%5E2018062383948697805%7Ctwgr%5E9c472bdaabfba6a52f4472d796577a02d35be83d%7Ctwcon%5Es1_&amp;ref_url=https%3A%2F%2Fde.rt.com%2Fgesellschaft%2F177846-taegliche-wahnsinn%2F\">Eine Stunde mehr Arbeit<\/a> in der Woche w\u00fcrde uns enorm viel Wirtschaftswachstum bringen.&#8221;<\/p>\n<p>Das ist ein Teil der tollen Vorschl\u00e4ge, die derzeit nicht nur von Markus S\u00f6der lanciert werden, um die Krise der deutschen Wirtschaft in den Griff zu bekommen. Au\u00dferdem hat S\u00f6der die Einf\u00fchrung eines Karenztages bei Krankschreibungen vorgeschlagen und eine Abschaffung der telefonischen Krankschreibung. Der CDU-Wirtschaftsrat hatte die geniale Idee, Zahnarztleistungen v\u00f6llig aus den gesetzlichen Krankenversicherungen herauszunehmen und den Geldbeutel entscheiden zu lassen, wer bei einer Zahnvereiterung behandelt wird und mangels Geld an Blutvergiftung versterben darf (kleiner Spoiler: Beerdigungen sind teuer und Tote zahlen keine Beitr\u00e4ge, das k\u00f6nnte also mehr kosten als einsparen).<\/p>\n<p>Aber S\u00f6ders Vorschlag zur Mehrarbeit ist besonders d\u00e4mlich. Trotz des ritualisierten Fachkr\u00e4ftemangel-Geschreis steigt n\u00e4mlich derzeit in Deutschland die Arbeitslosigkeit; nicht gerade der Zeitpunkt, an dem l\u00e4ngere Arbeitszeiten irgendwie logisch erscheinen. Schlie\u00dflich kann man das sogar nachrechen: Es gibt in Deutschland 34,88 Millionen sozialversicherungspflichtige Besch\u00e4ftigte, die im Schnitt (Teilzeitjobs mit einbezogen) 34,3 Stunden arbeiten. Wenn alle jeweils eine Stunde l\u00e4nger arbeiten w\u00fcrden, w\u00fcrden nur noch 33,89 Millionen gebraucht, um die selbe Arbeitsleistung zu erbringen. Eine Million weniger. Hurra! Noch mehr Arbeitslose!<\/p>\n<p>S\u00f6der w\u00fcrde jetzt nat\u00fcrlich einwenden, das solle doch Wachstum bringen. Aber wenn er in der Industrie eine Stunde drauflegt, die aber jetzt schon Absatzschwierigkeiten hat, dann br\u00e4chte eine h\u00f6here Produktion nicht mehr Wachstum, sondern mehr Verluste \u2013 weshalb ihm Audi und BMW beispielsweise eins husten d\u00fcrften, wenn er versucht, ihnen die Stunde anzudrehen. Wenn er in der B\u00fcrokratie eine Stunde drauflegt, k\u00f6nnte das sogar die gegenteilige Wirkung haben und direkt selbst das noch vorhandene Wachstum strangulieren. Also was will er mit dieser Stunde?<\/p>\n<p>Was er eigentlich will, ist die L\u00f6hne zu dr\u00fccken. Unter Inkaufnahme der Arbeitslosigkeit, die das ausl\u00f6sen w\u00fcrde. In der Erwartung, die 2,9 Prozent Lohnsenkung, die eine Stunde Mehrarbeit ohne zus\u00e4tzliche Bezahlung pro Besch\u00e4ftigtem bedeuten w\u00fcrde, w\u00fcrde gen\u00fcgen, um die Wettbewerbsnachteile, die die deutsche Industrie beispielsweise durch die hohen Energiepreise hat, auszugleichen. Was nat\u00fcrlich nur Sinn macht, wenn man dabei an der Vorstellung festh\u00e4lt, dass das entstehende Produkt, wie lange \u00fcblich, vor allem exportiert wird.<\/p>\n<p>Das Problem: Zu Hochzeiten lag die Exportquote teils bei 60 Prozent, in der gesamten Industrie. Zuletzt lag sie noch zwischen 50 und 45 Prozent, und der Exportanteil sinkt weiter. Das ist im Grunde auch nicht anders zu erwarten \u2013 die anderen EU-L\u00e4nder stehen alle ebenfalls nicht in vollem Saft, in die USA gibt es Z\u00f6lle, und andere Exportm\u00e4rkte wie Russland und China hat man aus politischen Gr\u00fcnden gekappt. Wohin soll also mehr exportiert werden?<\/p>\n<p>Logischerweise hie\u00dfe das, Wachstum lie\u00dfe sich nur im Binnenmarkt erzeugen. Und was entscheidet \u00fcber die Entwicklung des Binnenmarkts? Richtig, die Lohnentwicklung. Eine Lohnsenkung um drei Prozent wirkt da nicht gerade wie ein brillianter Einfall. Wobei, wenn S\u00f6ders tolle Idee Wirklichkeit w\u00fcrde, die drei Prozent ja nicht alles w\u00e4ren, was an Kaufkraft f\u00fcr den Binnenmarkt verloren ginge. Da liegt der Verlust schon deshalb h\u00f6her, weil die Million, die ihre Jobs los w\u00e4re, zudem noch weit mehr Einbu\u00dfen h\u00e4tte als die drei Prozent.<\/p>\n<p>Aber egal, wer will schon so genau wissen, wie wirtschaftliche Zusammenh\u00e4nge funktionieren. Oder Volkswirtschaft. Vielleicht l\u00e4sst sich ja wenigstens die eine oder andere Firmenbilanz durch die Lohnk\u00fcrzung kurzfristig sanieren. Mehr wird vermutlich von einem deutschen Politiker gar nicht mehr erwartet.<\/p>\n<p>Das Problem ist nur, dass all diese Rezepte die Gesamtmisere immer weiter verschlimmern. Das kann man \u00fcbrigens historisch nachlesen: Die Regierung Br\u00fcning hat damals auf die Weltwirtschaftskrise genau so reagiert, mit immer sch\u00e4rferen Sparma\u00dfnahmen und immer h\u00e4rteren Einschnitten bei den L\u00f6hnen. Das Ergebnis ist bekannt, das waren die ber\u00fchmten sechs Millionen Arbeitslosen im Jahr 1932. Die Idee dahinter war, damit die Exporte ankurbeln zu k\u00f6nnen. Also ungef\u00e4hr dieselbe Idee, die schon 2005 zur Einf\u00fchrung von Hartz IV f\u00fchrte. Was f\u00fcr die Besitzer der Exportindustrien (nicht f\u00fcr deren Mitarbeiter) auch funktioniert hat, weil nach dem Einbruch durch die Finanzmarktkrise 2008 die Konkurrenz in der EU plattproduziert wurde.<\/p>\n<p>Nur sind eben heute in der N\u00e4he keine M\u00e4rkte mehr da, die man so \u00fcbernehmen k\u00f6nnte, und die in der Ferne brechen auch gerade weg. Aber deutsche Politiker k\u00f6nnen eben nur noch neoliberal. Weshalb S\u00f6der bei weitem nicht der Einzige ist, der unter Rechenschw\u00e4che leidet. Im Gegenteil, Rechenschw\u00e4che ist geradezu Voraussetzung daf\u00fcr, Politiker sein zu d\u00fcrfen. Denn die einfachste M\u00f6glichkeit, den wirtschaftlichen Abstieg zu beenden, darf ja nicht genannt werden: die R\u00fcckkehr zu einer g\u00fcnstigen und verl\u00e4sslichen Energieversorgung.<\/p>\n<p><strong>Mehr zum Thema &#8211;<\/strong>\u00a0<a rel=\"nofollow noopener\" target=\"_blank\" href=\"https:\/\/freedert.online\/meinung\/243930-auf-kosten-arbeitenden-konzernlenker-werden\/\">Konzernchefs kassieren, Arbeiter verlieren: Merz wird die Umverteilung beschleunigen <\/a><\/p>\n<div class=\"EmbedBlock-root EmbedBlock-externalVideo EmbedBlock-rumble\">\n<div class=\"VkEmbed\"><iframe class=\"lazyload\" data-src=\"https:\/\/rumble.com\/embed\/v72w944\" frameborder=\"0\" width=\"853\" height=\"480\" allowfullscreen><\/iframe><\/div>\n<\/div>\n<\/div>\n<p><br \/>\n<br \/><a href=\"https:\/\/de.rt.com\/meinung\/269092-soeder-arbeitszeit-und-mathematik\/\">Source link <\/a><\/p>\n","protected":false},"excerpt":{"rendered":"<p>Die deutschen Politiker scheinen in einen Wettbewerb eingetreten, wer die bl\u00f6deste Idee auf den Tisch legt, die vermeintlich die Wirtschaft retten soll. Der bayrische Ministerpr\u00e4sident hat mit seinem Vorschlag gerade ziemlich gut vorgelegt. Von Dagmar Henn &#8220;Wirklich nicht zu viel verlangt&#8221; sei es, so der bayrische Ministerpr\u00e4sident Markus S\u00f6der. &#8220;Eine Stunde mehr Arbeit in der [&hellip;]<\/p>\n","protected":false},"author":3,"featured_media":98222,"comment_status":"open","ping_status":"open","sticky":false,"template":"","format":"standard","meta":{"_yoast_indexnow_last_ping":["1770041136"],"wp_automatic_camp":["217"],"947c30386f09ce46523f051af67d861c":["S\u00f6der, die Arbeitszeit und die Mathematik"],"original_link":["https:\/\/de.rt.com\/meinung\/269092-soeder-arbeitszeit-und-mathematik\/"],"_thumbnail_id":["98222"],"jnews_social_counter_last_update":["1777460657"],"_wptgpro_p2tg_sent2tg":["a:1:{i:23737;s:19:\"2026-02-02 16:06:36\";}"]},"categories":[19,23],"tags":[50542,45,53688,3822,140],"yoast_head":"<!-- This site is optimized with the Yoast SEO Premium plugin v22.7 (Yoast SEO v22.7) - https:\/\/yoast.com\/wordpress\/plugins\/seo\/ -->\n<title>S\u00f6der, die Arbeitszeit und die Mathematik - just-now.NEWS Deutschland<\/title>\n<meta name=\"robots\" content=\"index, follow, max-snippet:-1, max-image-preview:large, max-video-preview:-1\" \/>\n<link rel=\"canonical\" href=\"https:\/\/now-news.de\/de\/deutschland\/soeder-die-arbeitszeit-und-die-mathematik\/\" \/>\n<meta property=\"og:locale\" content=\"de_DE\" \/>\n<meta property=\"og:type\" content=\"article\" \/>\n<meta property=\"og:title\" content=\"S\u00f6der, die Arbeitszeit und die Mathematik\" \/>\n<meta property=\"og:description\" content=\"Die deutschen Politiker scheinen in einen Wettbewerb eingetreten, wer die bl\u00f6deste Idee auf den Tisch legt, die vermeintlich die Wirtschaft retten soll. Der bayrische Ministerpr\u00e4sident hat mit seinem Vorschlag gerade ziemlich gut vorgelegt. Von Dagmar Henn &#8220;Wirklich nicht zu viel verlangt&#8221; sei es, so der bayrische Ministerpr\u00e4sident Markus S\u00f6der. &#8220;Eine Stunde mehr Arbeit in der [&hellip;]\" \/>\n<meta property=\"og:url\" content=\"https:\/\/now-news.de\/de\/deutschland\/soeder-die-arbeitszeit-und-die-mathematik\/\" \/>\n<meta property=\"og:site_name\" content=\"just-now.NEWS Deutschland\" \/>\n<meta property=\"article:publisher\" content=\"https:\/\/www.facebook.com\/wirmachenauf\" \/>\n<meta property=\"article:published_time\" content=\"2026-02-02T13:57:01+00:00\" \/>\n<meta property=\"og:image\" content=\"https:\/\/now-news.de\/de\/wp-content\/uploads\/sites\/3\/2026\/02\/6980a9a948fbef0e8d4cf416.jpg\" \/>\n<meta name=\"author\" content=\"rtnews\" \/>\n<meta name=\"twitter:card\" content=\"summary_large_image\" \/>\n<meta name=\"twitter:creator\" content=\"@WirMachenAuf_de\" \/>\n<meta name=\"twitter:site\" content=\"@WirMachenAuf_de\" \/>\n<meta name=\"twitter:label1\" content=\"Verfasst von\" \/>\n\t<meta name=\"twitter:data1\" content=\"rtnews\" \/>\n\t<meta name=\"twitter:label2\" content=\"Gesch\u00e4tzte Lesezeit\" \/>\n\t<meta name=\"twitter:data2\" content=\"4\u00a0Minuten\" \/>\n<script type=\"application\/ld+json\" class=\"yoast-schema-graph\">{\"@context\":\"https:\/\/schema.org\",\"@graph\":[{\"@type\":\"Article\",\"@id\":\"https:\/\/now-news.de\/de\/deutschland\/soeder-die-arbeitszeit-und-die-mathematik\/#article\",\"isPartOf\":{\"@id\":\"https:\/\/now-news.de\/de\/deutschland\/soeder-die-arbeitszeit-und-die-mathematik\/\"},\"author\":{\"name\":\"rtnews\",\"@id\":\"https:\/\/now-news.de\/de\/#\/schema\/person\/fb534a4e865501d8b3285208df34a9b5\"},\"headline\":\"S\u00f6der, die Arbeitszeit und die Mathematik\",\"datePublished\":\"2026-02-02T13:57:01+00:00\",\"dateModified\":\"2026-02-02T13:57:01+00:00\",\"mainEntityOfPage\":{\"@id\":\"https:\/\/now-news.de\/de\/deutschland\/soeder-die-arbeitszeit-und-die-mathematik\/\"},\"wordCount\":865,\"commentCount\":0,\"publisher\":{\"@id\":\"https:\/\/now-news.de\/de\/#organization\"},\"image\":{\"@id\":\"https:\/\/now-news.de\/de\/deutschland\/soeder-die-arbeitszeit-und-die-mathematik\/#primaryimage\"},\"thumbnailUrl\":\"https:\/\/now-news.de\/de\/wp-content\/uploads\/sites\/3\/2026\/02\/Soeder-die-Arbeitszeit-und-die-Mathematik.jpg\",\"keywords\":[\"Arbeitszeit\",\"die\",\"Mathematik\",\"S\u00f6der\",\"und\"],\"articleSection\":[\"Deutschland\",\"Russland\"],\"inLanguage\":\"de\",\"potentialAction\":[{\"@type\":\"CommentAction\",\"name\":\"Comment\",\"target\":[\"https:\/\/now-news.de\/de\/deutschland\/soeder-die-arbeitszeit-und-die-mathematik\/#respond\"]}]},{\"@type\":\"WebPage\",\"@id\":\"https:\/\/now-news.de\/de\/deutschland\/soeder-die-arbeitszeit-und-die-mathematik\/\",\"url\":\"https:\/\/now-news.de\/de\/deutschland\/soeder-die-arbeitszeit-und-die-mathematik\/\",\"name\":\"S\u00f6der, die Arbeitszeit und die Mathematik - just-now.NEWS Deutschland\",\"isPartOf\":{\"@id\":\"https:\/\/now-news.de\/de\/#website\"},\"primaryImageOfPage\":{\"@id\":\"https:\/\/now-news.de\/de\/deutschland\/soeder-die-arbeitszeit-und-die-mathematik\/#primaryimage\"},\"image\":{\"@id\":\"https:\/\/now-news.de\/de\/deutschland\/soeder-die-arbeitszeit-und-die-mathematik\/#primaryimage\"},\"thumbnailUrl\":\"https:\/\/now-news.de\/de\/wp-content\/uploads\/sites\/3\/2026\/02\/Soeder-die-Arbeitszeit-und-die-Mathematik.jpg\",\"datePublished\":\"2026-02-02T13:57:01+00:00\",\"dateModified\":\"2026-02-02T13:57:01+00:00\",\"breadcrumb\":{\"@id\":\"https:\/\/now-news.de\/de\/deutschland\/soeder-die-arbeitszeit-und-die-mathematik\/#breadcrumb\"},\"inLanguage\":\"de\",\"potentialAction\":[{\"@type\":\"ReadAction\",\"target\":[\"https:\/\/now-news.de\/de\/deutschland\/soeder-die-arbeitszeit-und-die-mathematik\/\"]}]},{\"@type\":\"ImageObject\",\"inLanguage\":\"de\",\"@id\":\"https:\/\/now-news.de\/de\/deutschland\/soeder-die-arbeitszeit-und-die-mathematik\/#primaryimage\",\"url\":\"https:\/\/now-news.de\/de\/wp-content\/uploads\/sites\/3\/2026\/02\/Soeder-die-Arbeitszeit-und-die-Mathematik.jpg\",\"contentUrl\":\"https:\/\/now-news.de\/de\/wp-content\/uploads\/sites\/3\/2026\/02\/Soeder-die-Arbeitszeit-und-die-Mathematik.jpg\",\"width\":460,\"height\":259,\"caption\":\"S\u00f6der, die Arbeitszeit und die Mathematik\"},{\"@type\":\"BreadcrumbList\",\"@id\":\"https:\/\/now-news.de\/de\/deutschland\/soeder-die-arbeitszeit-und-die-mathematik\/#breadcrumb\",\"itemListElement\":[{\"@type\":\"ListItem\",\"position\":1,\"name\":\"Home\",\"item\":\"https:\/\/now-news.de\/de\/\"},{\"@type\":\"ListItem\",\"position\":2,\"name\":\"S\u00f6der, die Arbeitszeit und die Mathematik\"}]},{\"@type\":\"WebSite\",\"@id\":\"https:\/\/now-news.de\/de\/#website\",\"url\":\"https:\/\/now-news.de\/de\/\",\"name\":\"just-now.NEWS Deutschland\",\"description\":\"Das Portal f\u00fcr unzensierte Nachrichten aus der Welt\",\"publisher\":{\"@id\":\"https:\/\/now-news.de\/de\/#organization\"},\"potentialAction\":[{\"@type\":\"SearchAction\",\"target\":{\"@type\":\"EntryPoint\",\"urlTemplate\":\"https:\/\/now-news.de\/de\/?s={search_term_string}\"},\"query-input\":\"required name=search_term_string\"}],\"inLanguage\":\"de\"},{\"@type\":\"Organization\",\"@id\":\"https:\/\/now-news.de\/de\/#organization\",\"name\":\"Just Now News\",\"url\":\"https:\/\/now-news.de\/de\/\",\"logo\":{\"@type\":\"ImageObject\",\"inLanguage\":\"de\",\"@id\":\"https:\/\/now-news.de\/de\/#\/schema\/logo\/image\/\",\"url\":\"http:\/\/just-now.news\/de\/wp-content\/uploads\/sites\/3\/2022\/04\/logo500x500.jpg\",\"contentUrl\":\"http:\/\/just-now.news\/de\/wp-content\/uploads\/sites\/3\/2022\/04\/logo500x500.jpg\",\"width\":500,\"height\":500,\"caption\":\"Just Now News\"},\"image\":{\"@id\":\"https:\/\/now-news.de\/de\/#\/schema\/logo\/image\/\"},\"sameAs\":[\"https:\/\/www.facebook.com\/wirmachenauf\",\"https:\/\/x.com\/WirMachenAuf_de\"]},{\"@type\":\"Person\",\"@id\":\"https:\/\/now-news.de\/de\/#\/schema\/person\/fb534a4e865501d8b3285208df34a9b5\",\"name\":\"rtnews\",\"image\":{\"@type\":\"ImageObject\",\"inLanguage\":\"de\",\"@id\":\"https:\/\/now-news.de\/de\/#\/schema\/person\/image\/\",\"url\":\"https:\/\/secure.gravatar.com\/avatar\/82aafea7d8127119dd649515f56e2117?s=96&d=mm&r=g\",\"contentUrl\":\"https:\/\/secure.gravatar.com\/avatar\/82aafea7d8127119dd649515f56e2117?s=96&d=mm&r=g\",\"caption\":\"rtnews\"},\"url\":\"https:\/\/now-news.de\/de\/author\/rnews\/\"}]}<\/script>\n<!-- \/ Yoast SEO Premium plugin. -->","yoast_head_json":{"title":"S\u00f6der, die Arbeitszeit und die Mathematik - just-now.NEWS Deutschland","robots":{"index":"index","follow":"follow","max-snippet":"max-snippet:-1","max-image-preview":"max-image-preview:large","max-video-preview":"max-video-preview:-1"},"canonical":"https:\/\/now-news.de\/de\/deutschland\/soeder-die-arbeitszeit-und-die-mathematik\/","og_locale":"de_DE","og_type":"article","og_title":"S\u00f6der, die Arbeitszeit und die Mathematik","og_description":"Die deutschen Politiker scheinen in einen Wettbewerb eingetreten, wer die bl\u00f6deste Idee auf den Tisch legt, die vermeintlich die Wirtschaft retten soll. Der bayrische Ministerpr\u00e4sident hat mit seinem Vorschlag gerade ziemlich gut vorgelegt. Von Dagmar Henn &#8220;Wirklich nicht zu viel verlangt&#8221; sei es, so der bayrische Ministerpr\u00e4sident Markus S\u00f6der. &#8220;Eine Stunde mehr Arbeit in der [&hellip;]","og_url":"https:\/\/now-news.de\/de\/deutschland\/soeder-die-arbeitszeit-und-die-mathematik\/","og_site_name":"just-now.NEWS Deutschland","article_publisher":"https:\/\/www.facebook.com\/wirmachenauf","article_published_time":"2026-02-02T13:57:01+00:00","og_image":[{"url":"https:\/\/now-news.de\/de\/wp-content\/uploads\/sites\/3\/2026\/02\/6980a9a948fbef0e8d4cf416.jpg"}],"author":"rtnews","twitter_card":"summary_large_image","twitter_creator":"@WirMachenAuf_de","twitter_site":"@WirMachenAuf_de","twitter_misc":{"Verfasst von":"rtnews","Gesch\u00e4tzte Lesezeit":"4\u00a0Minuten"},"schema":{"@context":"https:\/\/schema.org","@graph":[{"@type":"Article","@id":"https:\/\/now-news.de\/de\/deutschland\/soeder-die-arbeitszeit-und-die-mathematik\/#article","isPartOf":{"@id":"https:\/\/now-news.de\/de\/deutschland\/soeder-die-arbeitszeit-und-die-mathematik\/"},"author":{"name":"rtnews","@id":"https:\/\/now-news.de\/de\/#\/schema\/person\/fb534a4e865501d8b3285208df34a9b5"},"headline":"S\u00f6der, die Arbeitszeit und die Mathematik","datePublished":"2026-02-02T13:57:01+00:00","dateModified":"2026-02-02T13:57:01+00:00","mainEntityOfPage":{"@id":"https:\/\/now-news.de\/de\/deutschland\/soeder-die-arbeitszeit-und-die-mathematik\/"},"wordCount":865,"commentCount":0,"publisher":{"@id":"https:\/\/now-news.de\/de\/#organization"},"image":{"@id":"https:\/\/now-news.de\/de\/deutschland\/soeder-die-arbeitszeit-und-die-mathematik\/#primaryimage"},"thumbnailUrl":"https:\/\/now-news.de\/de\/wp-content\/uploads\/sites\/3\/2026\/02\/Soeder-die-Arbeitszeit-und-die-Mathematik.jpg","keywords":["Arbeitszeit","die","Mathematik","S\u00f6der","und"],"articleSection":["Deutschland","Russland"],"inLanguage":"de","potentialAction":[{"@type":"CommentAction","name":"Comment","target":["https:\/\/now-news.de\/de\/deutschland\/soeder-die-arbeitszeit-und-die-mathematik\/#respond"]}]},{"@type":"WebPage","@id":"https:\/\/now-news.de\/de\/deutschland\/soeder-die-arbeitszeit-und-die-mathematik\/","url":"https:\/\/now-news.de\/de\/deutschland\/soeder-die-arbeitszeit-und-die-mathematik\/","name":"S\u00f6der, die Arbeitszeit und die Mathematik - just-now.NEWS Deutschland","isPartOf":{"@id":"https:\/\/now-news.de\/de\/#website"},"primaryImageOfPage":{"@id":"https:\/\/now-news.de\/de\/deutschland\/soeder-die-arbeitszeit-und-die-mathematik\/#primaryimage"},"image":{"@id":"https:\/\/now-news.de\/de\/deutschland\/soeder-die-arbeitszeit-und-die-mathematik\/#primaryimage"},"thumbnailUrl":"https:\/\/now-news.de\/de\/wp-content\/uploads\/sites\/3\/2026\/02\/Soeder-die-Arbeitszeit-und-die-Mathematik.jpg","datePublished":"2026-02-02T13:57:01+00:00","dateModified":"2026-02-02T13:57:01+00:00","breadcrumb":{"@id":"https:\/\/now-news.de\/de\/deutschland\/soeder-die-arbeitszeit-und-die-mathematik\/#breadcrumb"},"inLanguage":"de","potentialAction":[{"@type":"ReadAction","target":["https:\/\/now-news.de\/de\/deutschland\/soeder-die-arbeitszeit-und-die-mathematik\/"]}]},{"@type":"ImageObject","inLanguage":"de","@id":"https:\/\/now-news.de\/de\/deutschland\/soeder-die-arbeitszeit-und-die-mathematik\/#primaryimage","url":"https:\/\/now-news.de\/de\/wp-content\/uploads\/sites\/3\/2026\/02\/Soeder-die-Arbeitszeit-und-die-Mathematik.jpg","contentUrl":"https:\/\/now-news.de\/de\/wp-content\/uploads\/sites\/3\/2026\/02\/Soeder-die-Arbeitszeit-und-die-Mathematik.jpg","width":460,"height":259,"caption":"S\u00f6der, die Arbeitszeit und die Mathematik"},{"@type":"BreadcrumbList","@id":"https:\/\/now-news.de\/de\/deutschland\/soeder-die-arbeitszeit-und-die-mathematik\/#breadcrumb","itemListElement":[{"@type":"ListItem","position":1,"name":"Home","item":"https:\/\/now-news.de\/de\/"},{"@type":"ListItem","position":2,"name":"S\u00f6der, die Arbeitszeit und die Mathematik"}]},{"@type":"WebSite","@id":"https:\/\/now-news.de\/de\/#website","url":"https:\/\/now-news.de\/de\/","name":"just-now.NEWS Deutschland","description":"Das Portal f\u00fcr unzensierte Nachrichten aus der Welt","publisher":{"@id":"https:\/\/now-news.de\/de\/#organization"},"potentialAction":[{"@type":"SearchAction","target":{"@type":"EntryPoint","urlTemplate":"https:\/\/now-news.de\/de\/?s={search_term_string}"},"query-input":"required name=search_term_string"}],"inLanguage":"de"},{"@type":"Organization","@id":"https:\/\/now-news.de\/de\/#organization","name":"Just Now News","url":"https:\/\/now-news.de\/de\/","logo":{"@type":"ImageObject","inLanguage":"de","@id":"https:\/\/now-news.de\/de\/#\/schema\/logo\/image\/","url":"http:\/\/just-now.news\/de\/wp-content\/uploads\/sites\/3\/2022\/04\/logo500x500.jpg","contentUrl":"http:\/\/just-now.news\/de\/wp-content\/uploads\/sites\/3\/2022\/04\/logo500x500.jpg","width":500,"height":500,"caption":"Just Now News"},"image":{"@id":"https:\/\/now-news.de\/de\/#\/schema\/logo\/image\/"},"sameAs":["https:\/\/www.facebook.com\/wirmachenauf","https:\/\/x.com\/WirMachenAuf_de"]},{"@type":"Person","@id":"https:\/\/now-news.de\/de\/#\/schema\/person\/fb534a4e865501d8b3285208df34a9b5","name":"rtnews","image":{"@type":"ImageObject","inLanguage":"de","@id":"https:\/\/now-news.de\/de\/#\/schema\/person\/image\/","url":"https:\/\/secure.gravatar.com\/avatar\/82aafea7d8127119dd649515f56e2117?s=96&d=mm&r=g","contentUrl":"https:\/\/secure.gravatar.com\/avatar\/82aafea7d8127119dd649515f56e2117?s=96&d=mm&r=g","caption":"rtnews"},"url":"https:\/\/now-news.de\/de\/author\/rnews\/"}]}},"_links":{"self":[{"href":"https:\/\/now-news.de\/de\/wp-json\/wp\/v2\/posts\/98221"}],"collection":[{"href":"https:\/\/now-news.de\/de\/wp-json\/wp\/v2\/posts"}],"about":[{"href":"https:\/\/now-news.de\/de\/wp-json\/wp\/v2\/types\/post"}],"author":[{"embeddable":true,"href":"https:\/\/now-news.de\/de\/wp-json\/wp\/v2\/users\/3"}],"replies":[{"embeddable":true,"href":"https:\/\/now-news.de\/de\/wp-json\/wp\/v2\/comments?post=98221"}],"version-history":[{"count":0,"href":"https:\/\/now-news.de\/de\/wp-json\/wp\/v2\/posts\/98221\/revisions"}],"wp:featuredmedia":[{"embeddable":true,"href":"https:\/\/now-news.de\/de\/wp-json\/wp\/v2\/media\/98222"}],"wp:attachment":[{"href":"https:\/\/now-news.de\/de\/wp-json\/wp\/v2\/media?parent=98221"}],"wp:term":[{"taxonomy":"category","embeddable":true,"href":"https:\/\/now-news.de\/de\/wp-json\/wp\/v2\/categories?post=98221"},{"taxonomy":"post_tag","embeddable":true,"href":"https:\/\/now-news.de\/de\/wp-json\/wp\/v2\/tags?post=98221"}],"curies":[{"name":"wp","href":"https:\/\/api.w.org\/{rel}","templated":true}]}}