{"id":98192,"date":"2026-02-01T21:00:15","date_gmt":"2026-02-01T19:00:15","guid":{"rendered":"https:\/\/now-news.de\/de\/deutschland\/eigennuetzige-friedensstifter-die-kirchen-in-sachsen-anhalt-im-jahr-der-landtagswahl\/"},"modified":"2026-02-01T21:00:15","modified_gmt":"2026-02-01T19:00:15","slug":"eigennuetzige-friedensstifter-die-kirchen-in-sachsen-anhalt-im-jahr-der-landtagswahl","status":"publish","type":"post","link":"https:\/\/now-news.de\/de\/deutschland\/eigennuetzige-friedensstifter-die-kirchen-in-sachsen-anhalt-im-jahr-der-landtagswahl\/","title":{"rendered":"Eigenn\u00fctzige Friedensstifter: Die Kirchen in Sachsen-Anhalt im Jahr der Landtagswahl"},"content":{"rendered":"<p><img decoding=\"async\" src=\"https:\/\/now-news.de\/de\/wp-content\/uploads\/sites\/3\/2026\/02\/697e6c5d48fbef534417dd63.jpg\" \/><\/p>\n<div class=\"Text-root Text-type_1 \">\n                Es ist Wahlkampf in Sachsen-Anhalt, und die evangelische Kirche sorgt sich um die Spaltung der Gesellschaft. Deshalb will sie sogenannte &#8220;Friedensreiter&#8221; ausbilden. Nicht ganz uneigenn\u00fctzig. Es geht f\u00fcr die Kirchen um den Verlust von viel Geld, sollte die AfD die Wahl gewinnen.\n            <\/div>\n<p><\/p>\n<div class=\"Text-root Text-type_5 ArticleView-text ViewText-root \">\n<p><em>Von Astrid Sigena<\/em><\/p>\n<p>Am 6.\u00a0September 2026 sind in Sachsen-Anhalt Landtagswahlen. Die\u00a0\u2013 neben der Evangelischen Landeskirche Anhalts \u2013 f\u00fcr das Bundesland zust\u00e4ndige evangelische Zweigkirche EKM (Evangelische Kirche Mitteldeutschlands) konstatiert anl\u00e4sslich dieser Wahlen eine zunehmende Spaltung der Gesellschaft. Sie will f\u00fcr den Wahlkampf eigens &#8220;Friedensreiter&#8221; genannte Friedensstifter <a rel=\"nofollow noopener\" target=\"_blank\" href=\"https:\/\/www.ekmd.de\/presse\/pressestelle-magdeburg\/friedensreiter-sollen-verfeindete-lager-in-kontakt-bringen.html\">ausbilden<\/a>, die &#8220;prek\u00e4re Dialoge&#8221; <a rel=\"nofollow noopener\" target=\"_blank\" href=\"https:\/\/www.sueddeutsche.de\/politik\/kirchenprojekt-kirche-will-friedensstifter-im-wahlkampf-einsetzen-dpa.urn-newsml-dpa-com-20090101-260130-930-621124\">moderieren<\/a> sollen. Nun wei\u00df man ja schon aus internationalen Krisen, dass Friedensstifter unparteiisch sein m\u00fcssen, soll der Friede dauerhaft sein.<\/p>\n<p>Da es sich bei den auszubildenden Personen ausdr\u00fccklich um Vertreter der sogenannten &#8220;Zivilgesellschaft&#8221; handelt, geht es wohl wohl eher darum, die Meinungsf\u00fchrerschaft im Wahlkampf zu behalten\u00a0\u2013 ein \u00e4hnliches <a rel=\"nofollow noopener\" target=\"_blank\" href=\"https:\/\/freedert.online\/meinung\/268207-trollfabrik-ekd\/\">Vorgehen<\/a> wie im bayerischen Kommunalwahlkampf. Ohnehin sind die Kirchen im Streit um die AfD schon l\u00e4ngst Konfliktpartei \u2013 und in keinem anderen Bundesland geht es dabei so hoch her wie in Sachsen-Anhalt (<em>RT\u00a0DE<\/em>\u00a0<a rel=\"nofollow noopener\" target=\"_blank\" href=\"https:\/\/freedert.online\/meinung\/265594-afd-auf-armesuenderbank\/\">berichtete<\/a>).<\/p>\n<p>Die Nervosit\u00e4t der EKM ist wohlbegr\u00fcndet: Was sich in den \u00c4u\u00dferungen des Religionspolitischen Sprechers der AfD-Fraktion in Landtag von Sachsen-Anhalt Hans-Thomas Tillschneider schon l\u00e4nger angek\u00fcndigt hatte, n\u00e4mlich dass die AfD als k\u00fcnftige Regierungspartei auf die Streichung von Steuergeldzahlungen f\u00fcr die Kirchen abzielt, fand nun seine Best\u00e4tigung. In der vergangenen Woche gelangte ein &#8220;<a rel=\"nofollow noopener\" target=\"_blank\" href=\"https:\/\/table.media\/assets\/berlin\/26-01-23_entwurf_afd-regierungsprogramm-2026-sachsen-anhalt.pdf\">Regierungsprogramm<\/a>&#8221; der AfD Sachsen-Anhalt ans Licht der \u00d6ffentlichkeit. Vorerst handelt es sich lediglich um einen Entwurf, aber der hat es in sich\u00a0\u2013 zumindest f\u00fcr die Gro\u00dfkirchen. Und die Chancen einer Verwirklichung dieses Wahlprogramms sind hoch: Eine AfD-Regierung ist\u00a0\u2013 aktuellen <a rel=\"nofollow noopener\" target=\"_blank\" href=\"https:\/\/dawum.de\/Sachsen-Anhalt\/\">Umfragen<\/a> zufolge\u00a0\u2013 in Sachsen-Anhalt durchaus im Bereich des M\u00f6glichen.<\/p>\n<p>Konkret geht es im durchgestochenen Entwurf zum &#8220;Regierungsprogramm&#8221; um vier Punkte. Am schmerzlichsten d\u00fcrfte f\u00fcr die evangelische sowie f\u00fcr die katholische Kirche Punkt\u00a017 auf S.\u00a053 sein: Dort k\u00fcndigt die AfD die sofortige Einstellung der Staatsleistungen an, sollte sie Regierungsverantwortung erlangen. Begr\u00fcndung: Man werfe damit den Gro\u00dfkirchen jedes Jahr \u00fcber 40\u00a0Millionen Euro &#8220;in den Rachen&#8221;, w\u00e4hrend diese Kirchen schon l\u00e4ngst &#8220;nicht mehr den christlichen Glauben pflegen&#8221;, &#8220;sondern die Regenbogenideologie&#8221;. \u00c4hnlich lautet die Erkl\u00e4rung f\u00fcr den geplanten Entzug der staatlichen F\u00f6rderung von j\u00e4hrlich 70.000\u00a0Euro f\u00fcr die Evangelische Akademie in Sachsen-Anhalt. Die meisten Inhalte, die dort gelehrt w\u00fcrden, seien &#8220;politische Agitation im Sinne der Altparteien&#8221;.<\/p>\n<p>Die Staatsleistungen sind gewisserma\u00dfen das Fossil der deutschen Verfassungsgeschichte. Es handelt sich um Entsch\u00e4digungszahlungen f\u00fcr die S\u00e4kularisation von Kircheng\u00fctern im Jahr 1803. Die F\u00fcrstent\u00fcmer, die damals Bist\u00fcmer und Kl\u00f6ster um ihre L\u00e4ndereien gebracht hatten, gibt es l\u00e4ngst nicht mehr, daf\u00fcr zahlen die deutschen Bundesl\u00e4nder als deren Nachfolger Jahr f\u00fcr Jahr hohe Entsch\u00e4digungssummen, die dem Unterhalt von Pfarrstellen und Kirchen zugutekommen. Bereits in der Reichsverfassung der Weimarer Republik (WRV) war festgeschrieben worden, dass diese Staatsleistungen durch eine jeweilige Landesgesetzgebung abgel\u00f6st werden sollten \u2013 was nicht geschah. Daf\u00fcr vererbte die WRV nach dem Krieg das Abl\u00f6segebot dem deutschen Grundgesetz. Dort ist es in <a rel=\"nofollow noopener\" target=\"_blank\" href=\"https:\/\/www.gesetze-im-internet.de\/gg\/art_140.html\">Artikel\u00a0140<\/a> bis heute zu finden, ohne jemals verwirklicht worden zu sein.<\/p>\n<p>Hatte sich die Ampelkoalition noch <a rel=\"nofollow noopener\" target=\"_blank\" href=\"https:\/\/www.ardmediathek.de\/video\/br24\/regierungskoalition-will-staatsleistungen-an-kirchen-beenden\/br\/Y3JpZDovL2JyLmRlL2Jyb2FkY2FzdFNjaGVkdWxlU2xvdC80MTA2NDUyMDk4MTNfRjIwMjNXTzAxMzI2N0EwL3NlY3Rpb24vNzMxNGZkMzMtYThkMy00YzVjLThkNWUtMmIyOTQ3ODMyOGY1\">vorgenommen<\/a>, das Thema Staatsleistungen endlich anzupacken, ist es unter der derzeit regierenden schwarz-roten Koalition von Bundeskanzler Friedrich Merz kein Thema mehr. Zumindest kam die Abl\u00f6sung <a rel=\"nofollow noopener\" target=\"_blank\" href=\"https:\/\/www.pro-medienmagazin.de\/castellucci-religionsfreiheit-gilt-fuer-alle\/\">im Koalitionsvertrag<\/a> gar nicht mehr vor. Das Problem: Die Kirchen wollen auf den Geldfluss nicht verzichten und fordern eine hohe Abl\u00f6sesumme als Ersatz f\u00fcr die bisherigen Staatsleistungen. Mit den Zinseinnahmen aus dem dadurch geschaffenen Kapitalstock wollen die Kirchen dann ihre Ausgaben bestreiten. Eine solche Abl\u00f6sesumme w\u00fcrde jedoch wiederum die Haushalte der L\u00e4nder stark belasten. Die AfD Sachsen-Anhalt will daher die Zahlung der Staatsleistungen einstellen, ohne den Kirchen eine Kompensation zukommen zu lassen. Offenbar vertritt die AfD die Meinung, in den \u00fcber 200\u00a0Jahren seit dem Reichsdeputationshauptschluss sei gen\u00fcgend Geld als Entsch\u00e4digung geflossen.<\/p>\n<p>Auch unter &#8220;XVI Finanzen und Steuern&#8221; kommt es dick f\u00fcr die Gro\u00dfkirchen, und zwar nicht nur f\u00fcr die in Sachsen-Anhalt: Dort hei\u00dft es unter Punkt\u00a05 auf S.\u00a0145, eine k\u00fcnftige AfD-Regierung werde sich&#8221; auf Bundesebene daf\u00fcr einsetzen, den staatlichen Kirchensteuereinzug abzuschaffen&#8221;. Das Privileg, das dies bisher der Staat f\u00fcr die Kirchen \u00fcbernehme, sei nicht mehr gerechtfertigt und stelle eine Belastung f\u00fcr die Verwaltung dar. Die Kirchen sollten k\u00fcnftig &#8220;wie andere Vereine auch&#8221; ihre Mitgliedsbetr\u00e4ge selbst einziehen.<\/p>\n<p>Vorschl\u00e4ge, die durchaus geeignet sein k\u00f6nnten, beim sachsen-anhaltinischen W\u00e4hler f\u00fcr Zustimmung zu sorgen. Schlie\u00dflich m\u00fcssen auch Nichtchristen mit ihren Steuern die den Kirchen zukommenden Staatsleistungen finanzieren. Und immerhin sind\u00a0\u2013 dem letzten Zensus zufolge\u00a0\u2013 nur noch <a rel=\"nofollow noopener\" target=\"_blank\" href=\"https:\/\/www.die-tagespost.de\/politik\/es-wird-rauer-fuer-die-kirche-art-271644\">rund 14\u00a0Prozent<\/a> der Sachsen-Anhaltiner \u00fcberhaupt <a rel=\"nofollow noopener\" target=\"_blank\" href=\"https:\/\/dubisthalle.de\/zahl-der-kirchenmitglieder-in-sachsen-anhalt-sinkt-auf-138-prozent-32-zum-letzten-zensus\/\">Mitglied<\/a> der katholischen oder einer der beiden dortigen evangelischen Kirchen\u00a0\u2013 was nat\u00fcrlich nur bedingt etwas \u00fcber die Religiosit\u00e4t der Bev\u00f6lkerung Sachsen-Anhalts aussagt: Schlie\u00dflich kann man die Geburt Jesu Christi auch feiern, ohne Kirchensteuer gezahlt zu haben. Auch die AfD Sachsen-Anhalt versteht sich nicht als unchristliche Partei: W\u00e4hrend bei den Gro\u00dfkirchen gek\u00fcrzt werden soll, sollen Instrumente geschaffen werden, um kleinere christliche Gemeinden (Freikirchen, Baptistengemeinden und orthodoxe Kirchen) zu unterst\u00fctzen, die nach Ansicht der AfD den christlichen Glauben authentisch leben.<\/p>\n<p>Als vierten Punkt plant die AfD in Sachsen-Anhalt, die M\u00f6glichkeit des Kirchenasyls einzuschr\u00e4nken, indem sie die Kirchen f\u00fcr die Folgekosten des dadurch entstandenen Aufenthalts eigentlich abzuschiebender Asylbewerber haftbar machen will (S.\u00a028, Nr.\u00a04). Da laut AfD-Angaben im Jahr 2024 insgesamt 81 ausreisepflichtige Ausl\u00e4nder in Sachsen-Anhalt Kirchenasyl genossen, d\u00fcrfte auch diese Ma\u00dfnahme die Kirchen erheblich belasten. Au\u00dferdem soll die Abschiebung im Kirchenasyl befindlicher Migranten durchgesetzt werden.<\/p>\n<p>Der Aufschrei kirchlicher Kreise in der medialen Berichterstattung ist laut. Das <em>Redaktionsnetzwerk Deutschland<\/em>\u00a0<a rel=\"nofollow noopener\" target=\"_blank\" href=\"https:\/\/www.rnd.de\/politik\/afd-will-grossen-kirchen-das-geld-streichen-und-radikale-prediger-foerdern-YXPXJ4NTXVAPFCOF3QYTDE5JTA.html\">titelte<\/a> von einem &#8220;neuen Frontalangriff&#8221; der AfD auf die Kirchen, die sich laut <em>Tagesspiegel<\/em> sogar in ihrer Existenz <a rel=\"nofollow noopener\" target=\"_blank\" href=\"https:\/\/www.tagesspiegel.de\/politik\/auswirkungen-auf-kitas-schulen-altenpflege-kirchen-in-sachsen-anhalt-furchten-um-ihre-existenz-sollte-afd-an-die-macht-kommen-15198045.html\">bedroht sehen<\/a>. Zu bef\u00fcrchten sei der Bankrott der regionalen Kirchen, sollte die staatliche Finanzierung gestoppt werden. Unter anderem m\u00fcssten dann kirchliche Schulen, Kinderg\u00e4rten und Altenheime geschlossen werden, weil die Kirche sie sich nicht mehr leisten k\u00f6nne. So sehen es zumindest Karsten Wolkenhauer, der Kirchenpr\u00e4sident der evangelischen Landeskirche Anhalts, und der katholische Bischof Magdeburgs Gerhard Feige.<\/p>\n<p>Wolkenhauers Vorwurf: &#8220;Das Regierungsprogramm n\u00e4hrt den Eindruck, die AfD will die Kirchen, die Diakonie und damit die N\u00e4chstenliebe m\u00f6glichst rasch abschaffen.&#8221;Kirchenpr\u00e4sident Wolkenhauer bem\u00fcht sogar das J\u00fcngste Gericht, um die m\u00f6glichen Auswirkungen der geplanten AfD-Ma\u00dfnahmen zu verdeutlichen: &#8220;Es ist eine Apokalypse, eine Offenlegung. Nun haben wir es schwarz auf wei\u00df. Und wenn das schon der erste Aufschlag ist\u00a0\u2013 was kommt dann erst danach?&#8221;<\/p>\n<p>Es sei zwar aus kirchlicher Sicht unrechtm\u00e4\u00dfig, den Kirchen die Gelder aus den Staatsleistungen vorzuenthalten, es sei aber der AfD zuzutrauen, diese Ma\u00dfnahme dennoch erst einmal umzusetzen. Und bis sich die Kirchen beim Bundesverfassungsgericht durchgeklagt h\u00e4tten, sei der Schaden schon angerichtet. Da Landeskirchen als K\u00f6rperschaften des \u00f6ffentlichen Rechts insolvenzunf\u00e4hig seien, m\u00fcsste die n\u00e4chsth\u00f6here Ebene einspringen. Im Falle der evangelischen Kirchen Sachsen-Anhalts w\u00e4re das die EKD.<\/p>\n<p>Was im <em>Tagesspiegel<\/em>-Artikel unerw\u00e4hnt bleibt: Die karikativen Einrichtungen der Kirchen beruhen ohnehin gr\u00f6\u00dftenteils auf staatlichen Zahlungen. Nur einen Bruchteil steuern die Kirchen aus ihren eigenen Eink\u00fcnften bei, die wiederum zu gro\u00dfen Teilen auf Staatsleistungen beruhen. Bis zu 90\u00a0Prozent der karitativen T\u00e4tigkeiten von evangelischer und katholischer Kirche <a rel=\"nofollow noopener\" target=\"_blank\" href=\"https:\/\/www.deutschlandfunknova.de\/beitrag\/kirche-was-wir-mit-der-kirchensteuer-finanzieren\">finanziert<\/a> der Staat, also der Steuerzahler. Das gibt die evangelische Kirche selbst zu. Kindertagesst\u00e4tten, Schulen und kirchliche Krankenh\u00e4user seien <a rel=\"nofollow noopener\" target=\"_blank\" href=\"https:\/\/www.kirchensteuer-wirkt.de\/kirche-staat\/finanzierung-einrichtungen\">\u00fcberwiegend<\/a> staatlich finanziert, <a rel=\"nofollow noopener\" target=\"_blank\" href=\"https:\/\/www.kirchensteuer-wirkt.de\/kirche-und-geld\/kirche-finanzierung#:~:text=an%20die%20Kirche-,Subsidi%C3%A4re%20Leistungen:%20Wie%20viel%20Geld%20die%20Kirche%20vom%20Staat%20bekommt,Angebote%20der%20Erwachsenenbildung\">hei\u00dft es<\/a>.<\/p>\n<p>Wer einen Verwandten in einem kirchlichen Pflegeheim untergebracht hat, wei\u00df ohnehin, dass die Pflegekosten \u00e4hnlich hoch wie in einer nichtkirchlichen Einrichtung sind. Die Sanierung kulturhistorisch wertvoller Kirchengeb\u00e4ude wird ebenfalls bereits jetzt vom Staat gef\u00f6rdert, so zum Beispiel im Jahr 2025 das evangelische Kirchengeb\u00e4ude im sachsen-anhaltinischen <a rel=\"nofollow noopener\" target=\"_blank\" href=\"https:\/\/presse.sachsen-anhalt.de\/lvwa\/2025\/06\/10\/landesverwaltungsamt-unterstuetzt-sanierung-der-kirche-st-nicolai-in-silstedt#:~:text=Das%20Land%20Sachsen-Anhalt%20kann%20im%20Rahmen%20der,Erhaltung%2C%20Pflege%20und%20Erschlie%C3%9Fung%20von%20Kulturdenkmalen%20gew%C3%A4hren\">Silstedt<\/a>. Im Falle des angedrohten finanziellen Zusammenbruchs der Kirchen m\u00fcsste eine AfD-gef\u00fchrte Landesregierung Sachsen-Anhalts also lediglich bei den bisher von der Kirche gezahlten Anteilen einspringen\u00a0\u2013 f\u00fcr Einrichtungen, die die AfD f\u00fcr erhaltenswert erachtet. Asylberatung und Fl\u00fcchtlingshilfe d\u00fcrften eher nicht dazu z\u00e4hlen.<\/p>\n<p>Sachsen-Anhalt k\u00f6nnte nur der Anfang sein. Auch in anderen Bundesl\u00e4ndern plant die AfD ein Ende der Staatsleistungen. Das Friedensges\u00e4usel der EKM klingt angesichts der drohenden K\u00fcrzungen daher wie das Pfeifen im Walde. Angesichts der zu erwartenden juristischen Streitigkeiten um ausbleibende Geldzahlungen d\u00fcrfte auf die kirchlichen Friedensapostel eher das Wort des Propheten Jeremia anzuwenden sein: &#8220;Sie sagen &#8216;Friede, Friede&#8217;\u00a0\u2013 und ist doch kein Friede.&#8221;<\/p>\n<p><strong>Mehr zum Thema<\/strong> \u2013\u00a0<a rel=\"nofollow noopener\" target=\"_blank\" href=\"https:\/\/freedert.online\/inland\/265611-krieg-und-frieden-in-muecheln-reportage-von-afd-stand\/\">Krieg und Frieden in M\u00fccheln \u2013 Reportage von AfD-Stand<\/a><\/p>\n<div class=\"EmbedBlock-root EmbedBlock-externalVideo EmbedBlock-rumble\">\n<div class=\"VkEmbed\"><iframe class=\"lazyload\" data-src=\"https:\/\/rumble.com\/embed\/v72p0n8\" frameborder=\"0\" width=\"853\" height=\"480\" allowfullscreen><\/iframe><\/div>\n<\/div>\n<\/div>\n<p><br \/>\n<br \/><a href=\"https:\/\/de.rt.com\/inland\/268965-eigennuetzige-friedensstifter-kirchen-in-sachsen\/\">Source link <\/a><\/p>\n","protected":false},"excerpt":{"rendered":"<p>Es ist Wahlkampf in Sachsen-Anhalt, und die evangelische Kirche sorgt sich um die Spaltung der Gesellschaft. Deshalb will sie sogenannte &#8220;Friedensreiter&#8221; ausbilden. Nicht ganz uneigenn\u00fctzig. Es geht f\u00fcr die Kirchen um den Verlust von viel Geld, sollte die AfD die Wahl gewinnen. Von Astrid Sigena Am 6.\u00a0September 2026 sind in Sachsen-Anhalt Landtagswahlen. Die\u00a0\u2013 neben der [&hellip;]<\/p>\n","protected":false},"author":3,"featured_media":98193,"comment_status":"open","ping_status":"open","sticky":false,"template":"","format":"standard","meta":{"_yoast_indexnow_last_ping":["1769972857"],"wp_automatic_camp":["217"],"60d510a2c499a3677976533724a1fbd2":["Eigenn\u00fctzige Friedensstifter: Die Kirchen in Sachsen-Anhalt im Jahr der Landtagswahl"],"original_link":["https:\/\/de.rt.com\/inland\/268965-eigennuetzige-friedensstifter-kirchen-in-sachsen\/"],"_thumbnail_id":["98193"],"jnews_social_counter_last_update":["1777449967"],"_wptgpro_p2tg_sent2tg":["a:1:{i:23737;s:19:\"2026-02-01 21:08:55\";}"]},"categories":[19,23],"tags":[82,45,70940,39009,1615,17979,19169,46305],"yoast_head":"<!-- This site is optimized with the Yoast SEO Premium plugin v22.7 (Yoast SEO v22.7) - https:\/\/yoast.com\/wordpress\/plugins\/seo\/ -->\n<title>Eigenn\u00fctzige Friedensstifter: Die Kirchen in Sachsen-Anhalt im Jahr der Landtagswahl - just-now.NEWS Deutschland<\/title>\n<meta name=\"robots\" content=\"index, follow, max-snippet:-1, max-image-preview:large, max-video-preview:-1\" \/>\n<link rel=\"canonical\" href=\"https:\/\/now-news.de\/de\/deutschland\/eigennuetzige-friedensstifter-die-kirchen-in-sachsen-anhalt-im-jahr-der-landtagswahl\/\" \/>\n<meta property=\"og:locale\" content=\"de_DE\" \/>\n<meta property=\"og:type\" content=\"article\" \/>\n<meta property=\"og:title\" content=\"Eigenn\u00fctzige Friedensstifter: Die Kirchen in Sachsen-Anhalt im Jahr der Landtagswahl\" \/>\n<meta property=\"og:description\" content=\"Es ist Wahlkampf in Sachsen-Anhalt, und die evangelische Kirche sorgt sich um die Spaltung der Gesellschaft. Deshalb will sie sogenannte &#8220;Friedensreiter&#8221; ausbilden. Nicht ganz uneigenn\u00fctzig. Es geht f\u00fcr die Kirchen um den Verlust von viel Geld, sollte die AfD die Wahl gewinnen. Von Astrid Sigena Am 6.\u00a0September 2026 sind in Sachsen-Anhalt Landtagswahlen. Die\u00a0\u2013 neben der [&hellip;]\" \/>\n<meta property=\"og:url\" content=\"https:\/\/now-news.de\/de\/deutschland\/eigennuetzige-friedensstifter-die-kirchen-in-sachsen-anhalt-im-jahr-der-landtagswahl\/\" \/>\n<meta property=\"og:site_name\" content=\"just-now.NEWS Deutschland\" \/>\n<meta property=\"article:publisher\" content=\"https:\/\/www.facebook.com\/wirmachenauf\" \/>\n<meta property=\"article:published_time\" content=\"2026-02-01T19:00:15+00:00\" \/>\n<meta property=\"og:image\" content=\"https:\/\/now-news.de\/de\/wp-content\/uploads\/sites\/3\/2026\/02\/697e6c5d48fbef534417dd63.jpg\" \/>\n<meta name=\"author\" content=\"rtnews\" \/>\n<meta name=\"twitter:card\" content=\"summary_large_image\" \/>\n<meta name=\"twitter:creator\" content=\"@WirMachenAuf_de\" \/>\n<meta name=\"twitter:site\" content=\"@WirMachenAuf_de\" \/>\n<meta name=\"twitter:label1\" content=\"Verfasst von\" \/>\n\t<meta name=\"twitter:data1\" content=\"rtnews\" \/>\n\t<meta name=\"twitter:label2\" content=\"Gesch\u00e4tzte Lesezeit\" \/>\n\t<meta name=\"twitter:data2\" content=\"7\u00a0Minuten\" \/>\n<script type=\"application\/ld+json\" class=\"yoast-schema-graph\">{\"@context\":\"https:\/\/schema.org\",\"@graph\":[{\"@type\":\"Article\",\"@id\":\"https:\/\/now-news.de\/de\/deutschland\/eigennuetzige-friedensstifter-die-kirchen-in-sachsen-anhalt-im-jahr-der-landtagswahl\/#article\",\"isPartOf\":{\"@id\":\"https:\/\/now-news.de\/de\/deutschland\/eigennuetzige-friedensstifter-die-kirchen-in-sachsen-anhalt-im-jahr-der-landtagswahl\/\"},\"author\":{\"name\":\"rtnews\",\"@id\":\"https:\/\/now-news.de\/de\/#\/schema\/person\/fb534a4e865501d8b3285208df34a9b5\"},\"headline\":\"Eigenn\u00fctzige Friedensstifter: Die Kirchen in Sachsen-Anhalt im Jahr der Landtagswahl\",\"datePublished\":\"2026-02-01T19:00:15+00:00\",\"dateModified\":\"2026-02-01T19:00:15+00:00\",\"mainEntityOfPage\":{\"@id\":\"https:\/\/now-news.de\/de\/deutschland\/eigennuetzige-friedensstifter-die-kirchen-in-sachsen-anhalt-im-jahr-der-landtagswahl\/\"},\"wordCount\":1456,\"commentCount\":0,\"publisher\":{\"@id\":\"https:\/\/now-news.de\/de\/#organization\"},\"image\":{\"@id\":\"https:\/\/now-news.de\/de\/deutschland\/eigennuetzige-friedensstifter-die-kirchen-in-sachsen-anhalt-im-jahr-der-landtagswahl\/#primaryimage\"},\"thumbnailUrl\":\"https:\/\/now-news.de\/de\/wp-content\/uploads\/sites\/3\/2026\/02\/Eigennuetzige-Friedensstifter-Die-Kirchen-in-Sachsen-Anhalt-im-Jahr-der-Landtagswahl.jpg\",\"keywords\":[\"der\",\"die\",\"Eigenn\u00fctzige\",\"Friedensstifter\",\"Jahr\",\"Kirchen\",\"Landtagswahl\",\"SachsenAnhalt\"],\"articleSection\":[\"Deutschland\",\"Russland\"],\"inLanguage\":\"de\",\"potentialAction\":[{\"@type\":\"CommentAction\",\"name\":\"Comment\",\"target\":[\"https:\/\/now-news.de\/de\/deutschland\/eigennuetzige-friedensstifter-die-kirchen-in-sachsen-anhalt-im-jahr-der-landtagswahl\/#respond\"]}]},{\"@type\":\"WebPage\",\"@id\":\"https:\/\/now-news.de\/de\/deutschland\/eigennuetzige-friedensstifter-die-kirchen-in-sachsen-anhalt-im-jahr-der-landtagswahl\/\",\"url\":\"https:\/\/now-news.de\/de\/deutschland\/eigennuetzige-friedensstifter-die-kirchen-in-sachsen-anhalt-im-jahr-der-landtagswahl\/\",\"name\":\"Eigenn\u00fctzige Friedensstifter: Die Kirchen in Sachsen-Anhalt im Jahr der Landtagswahl - just-now.NEWS Deutschland\",\"isPartOf\":{\"@id\":\"https:\/\/now-news.de\/de\/#website\"},\"primaryImageOfPage\":{\"@id\":\"https:\/\/now-news.de\/de\/deutschland\/eigennuetzige-friedensstifter-die-kirchen-in-sachsen-anhalt-im-jahr-der-landtagswahl\/#primaryimage\"},\"image\":{\"@id\":\"https:\/\/now-news.de\/de\/deutschland\/eigennuetzige-friedensstifter-die-kirchen-in-sachsen-anhalt-im-jahr-der-landtagswahl\/#primaryimage\"},\"thumbnailUrl\":\"https:\/\/now-news.de\/de\/wp-content\/uploads\/sites\/3\/2026\/02\/Eigennuetzige-Friedensstifter-Die-Kirchen-in-Sachsen-Anhalt-im-Jahr-der-Landtagswahl.jpg\",\"datePublished\":\"2026-02-01T19:00:15+00:00\",\"dateModified\":\"2026-02-01T19:00:15+00:00\",\"breadcrumb\":{\"@id\":\"https:\/\/now-news.de\/de\/deutschland\/eigennuetzige-friedensstifter-die-kirchen-in-sachsen-anhalt-im-jahr-der-landtagswahl\/#breadcrumb\"},\"inLanguage\":\"de\",\"potentialAction\":[{\"@type\":\"ReadAction\",\"target\":[\"https:\/\/now-news.de\/de\/deutschland\/eigennuetzige-friedensstifter-die-kirchen-in-sachsen-anhalt-im-jahr-der-landtagswahl\/\"]}]},{\"@type\":\"ImageObject\",\"inLanguage\":\"de\",\"@id\":\"https:\/\/now-news.de\/de\/deutschland\/eigennuetzige-friedensstifter-die-kirchen-in-sachsen-anhalt-im-jahr-der-landtagswahl\/#primaryimage\",\"url\":\"https:\/\/now-news.de\/de\/wp-content\/uploads\/sites\/3\/2026\/02\/Eigennuetzige-Friedensstifter-Die-Kirchen-in-Sachsen-Anhalt-im-Jahr-der-Landtagswahl.jpg\",\"contentUrl\":\"https:\/\/now-news.de\/de\/wp-content\/uploads\/sites\/3\/2026\/02\/Eigennuetzige-Friedensstifter-Die-Kirchen-in-Sachsen-Anhalt-im-Jahr-der-Landtagswahl.jpg\",\"width\":460,\"height\":259,\"caption\":\"Eigenn\u00fctzige Friedensstifter: Die Kirchen in Sachsen-Anhalt im Jahr der Landtagswahl\"},{\"@type\":\"BreadcrumbList\",\"@id\":\"https:\/\/now-news.de\/de\/deutschland\/eigennuetzige-friedensstifter-die-kirchen-in-sachsen-anhalt-im-jahr-der-landtagswahl\/#breadcrumb\",\"itemListElement\":[{\"@type\":\"ListItem\",\"position\":1,\"name\":\"Home\",\"item\":\"https:\/\/now-news.de\/de\/\"},{\"@type\":\"ListItem\",\"position\":2,\"name\":\"Eigenn\u00fctzige Friedensstifter: Die Kirchen in Sachsen-Anhalt im Jahr der Landtagswahl\"}]},{\"@type\":\"WebSite\",\"@id\":\"https:\/\/now-news.de\/de\/#website\",\"url\":\"https:\/\/now-news.de\/de\/\",\"name\":\"just-now.NEWS Deutschland\",\"description\":\"Das Portal f\u00fcr unzensierte Nachrichten aus der Welt\",\"publisher\":{\"@id\":\"https:\/\/now-news.de\/de\/#organization\"},\"potentialAction\":[{\"@type\":\"SearchAction\",\"target\":{\"@type\":\"EntryPoint\",\"urlTemplate\":\"https:\/\/now-news.de\/de\/?s={search_term_string}\"},\"query-input\":\"required name=search_term_string\"}],\"inLanguage\":\"de\"},{\"@type\":\"Organization\",\"@id\":\"https:\/\/now-news.de\/de\/#organization\",\"name\":\"Just Now News\",\"url\":\"https:\/\/now-news.de\/de\/\",\"logo\":{\"@type\":\"ImageObject\",\"inLanguage\":\"de\",\"@id\":\"https:\/\/now-news.de\/de\/#\/schema\/logo\/image\/\",\"url\":\"http:\/\/just-now.news\/de\/wp-content\/uploads\/sites\/3\/2022\/04\/logo500x500.jpg\",\"contentUrl\":\"http:\/\/just-now.news\/de\/wp-content\/uploads\/sites\/3\/2022\/04\/logo500x500.jpg\",\"width\":500,\"height\":500,\"caption\":\"Just Now News\"},\"image\":{\"@id\":\"https:\/\/now-news.de\/de\/#\/schema\/logo\/image\/\"},\"sameAs\":[\"https:\/\/www.facebook.com\/wirmachenauf\",\"https:\/\/x.com\/WirMachenAuf_de\"]},{\"@type\":\"Person\",\"@id\":\"https:\/\/now-news.de\/de\/#\/schema\/person\/fb534a4e865501d8b3285208df34a9b5\",\"name\":\"rtnews\",\"image\":{\"@type\":\"ImageObject\",\"inLanguage\":\"de\",\"@id\":\"https:\/\/now-news.de\/de\/#\/schema\/person\/image\/\",\"url\":\"https:\/\/secure.gravatar.com\/avatar\/82aafea7d8127119dd649515f56e2117?s=96&d=mm&r=g\",\"contentUrl\":\"https:\/\/secure.gravatar.com\/avatar\/82aafea7d8127119dd649515f56e2117?s=96&d=mm&r=g\",\"caption\":\"rtnews\"},\"url\":\"https:\/\/now-news.de\/de\/author\/rnews\/\"}]}<\/script>\n<!-- \/ Yoast SEO Premium plugin. -->","yoast_head_json":{"title":"Eigenn\u00fctzige Friedensstifter: Die Kirchen in Sachsen-Anhalt im Jahr der Landtagswahl - just-now.NEWS Deutschland","robots":{"index":"index","follow":"follow","max-snippet":"max-snippet:-1","max-image-preview":"max-image-preview:large","max-video-preview":"max-video-preview:-1"},"canonical":"https:\/\/now-news.de\/de\/deutschland\/eigennuetzige-friedensstifter-die-kirchen-in-sachsen-anhalt-im-jahr-der-landtagswahl\/","og_locale":"de_DE","og_type":"article","og_title":"Eigenn\u00fctzige Friedensstifter: Die Kirchen in Sachsen-Anhalt im Jahr der Landtagswahl","og_description":"Es ist Wahlkampf in Sachsen-Anhalt, und die evangelische Kirche sorgt sich um die Spaltung der Gesellschaft. Deshalb will sie sogenannte &#8220;Friedensreiter&#8221; ausbilden. Nicht ganz uneigenn\u00fctzig. Es geht f\u00fcr die Kirchen um den Verlust von viel Geld, sollte die AfD die Wahl gewinnen. Von Astrid Sigena Am 6.\u00a0September 2026 sind in Sachsen-Anhalt Landtagswahlen. Die\u00a0\u2013 neben der [&hellip;]","og_url":"https:\/\/now-news.de\/de\/deutschland\/eigennuetzige-friedensstifter-die-kirchen-in-sachsen-anhalt-im-jahr-der-landtagswahl\/","og_site_name":"just-now.NEWS Deutschland","article_publisher":"https:\/\/www.facebook.com\/wirmachenauf","article_published_time":"2026-02-01T19:00:15+00:00","og_image":[{"url":"https:\/\/now-news.de\/de\/wp-content\/uploads\/sites\/3\/2026\/02\/697e6c5d48fbef534417dd63.jpg"}],"author":"rtnews","twitter_card":"summary_large_image","twitter_creator":"@WirMachenAuf_de","twitter_site":"@WirMachenAuf_de","twitter_misc":{"Verfasst von":"rtnews","Gesch\u00e4tzte Lesezeit":"7\u00a0Minuten"},"schema":{"@context":"https:\/\/schema.org","@graph":[{"@type":"Article","@id":"https:\/\/now-news.de\/de\/deutschland\/eigennuetzige-friedensstifter-die-kirchen-in-sachsen-anhalt-im-jahr-der-landtagswahl\/#article","isPartOf":{"@id":"https:\/\/now-news.de\/de\/deutschland\/eigennuetzige-friedensstifter-die-kirchen-in-sachsen-anhalt-im-jahr-der-landtagswahl\/"},"author":{"name":"rtnews","@id":"https:\/\/now-news.de\/de\/#\/schema\/person\/fb534a4e865501d8b3285208df34a9b5"},"headline":"Eigenn\u00fctzige Friedensstifter: Die Kirchen in Sachsen-Anhalt im Jahr der Landtagswahl","datePublished":"2026-02-01T19:00:15+00:00","dateModified":"2026-02-01T19:00:15+00:00","mainEntityOfPage":{"@id":"https:\/\/now-news.de\/de\/deutschland\/eigennuetzige-friedensstifter-die-kirchen-in-sachsen-anhalt-im-jahr-der-landtagswahl\/"},"wordCount":1456,"commentCount":0,"publisher":{"@id":"https:\/\/now-news.de\/de\/#organization"},"image":{"@id":"https:\/\/now-news.de\/de\/deutschland\/eigennuetzige-friedensstifter-die-kirchen-in-sachsen-anhalt-im-jahr-der-landtagswahl\/#primaryimage"},"thumbnailUrl":"https:\/\/now-news.de\/de\/wp-content\/uploads\/sites\/3\/2026\/02\/Eigennuetzige-Friedensstifter-Die-Kirchen-in-Sachsen-Anhalt-im-Jahr-der-Landtagswahl.jpg","keywords":["der","die","Eigenn\u00fctzige","Friedensstifter","Jahr","Kirchen","Landtagswahl","SachsenAnhalt"],"articleSection":["Deutschland","Russland"],"inLanguage":"de","potentialAction":[{"@type":"CommentAction","name":"Comment","target":["https:\/\/now-news.de\/de\/deutschland\/eigennuetzige-friedensstifter-die-kirchen-in-sachsen-anhalt-im-jahr-der-landtagswahl\/#respond"]}]},{"@type":"WebPage","@id":"https:\/\/now-news.de\/de\/deutschland\/eigennuetzige-friedensstifter-die-kirchen-in-sachsen-anhalt-im-jahr-der-landtagswahl\/","url":"https:\/\/now-news.de\/de\/deutschland\/eigennuetzige-friedensstifter-die-kirchen-in-sachsen-anhalt-im-jahr-der-landtagswahl\/","name":"Eigenn\u00fctzige Friedensstifter: Die Kirchen in Sachsen-Anhalt im Jahr der Landtagswahl - just-now.NEWS Deutschland","isPartOf":{"@id":"https:\/\/now-news.de\/de\/#website"},"primaryImageOfPage":{"@id":"https:\/\/now-news.de\/de\/deutschland\/eigennuetzige-friedensstifter-die-kirchen-in-sachsen-anhalt-im-jahr-der-landtagswahl\/#primaryimage"},"image":{"@id":"https:\/\/now-news.de\/de\/deutschland\/eigennuetzige-friedensstifter-die-kirchen-in-sachsen-anhalt-im-jahr-der-landtagswahl\/#primaryimage"},"thumbnailUrl":"https:\/\/now-news.de\/de\/wp-content\/uploads\/sites\/3\/2026\/02\/Eigennuetzige-Friedensstifter-Die-Kirchen-in-Sachsen-Anhalt-im-Jahr-der-Landtagswahl.jpg","datePublished":"2026-02-01T19:00:15+00:00","dateModified":"2026-02-01T19:00:15+00:00","breadcrumb":{"@id":"https:\/\/now-news.de\/de\/deutschland\/eigennuetzige-friedensstifter-die-kirchen-in-sachsen-anhalt-im-jahr-der-landtagswahl\/#breadcrumb"},"inLanguage":"de","potentialAction":[{"@type":"ReadAction","target":["https:\/\/now-news.de\/de\/deutschland\/eigennuetzige-friedensstifter-die-kirchen-in-sachsen-anhalt-im-jahr-der-landtagswahl\/"]}]},{"@type":"ImageObject","inLanguage":"de","@id":"https:\/\/now-news.de\/de\/deutschland\/eigennuetzige-friedensstifter-die-kirchen-in-sachsen-anhalt-im-jahr-der-landtagswahl\/#primaryimage","url":"https:\/\/now-news.de\/de\/wp-content\/uploads\/sites\/3\/2026\/02\/Eigennuetzige-Friedensstifter-Die-Kirchen-in-Sachsen-Anhalt-im-Jahr-der-Landtagswahl.jpg","contentUrl":"https:\/\/now-news.de\/de\/wp-content\/uploads\/sites\/3\/2026\/02\/Eigennuetzige-Friedensstifter-Die-Kirchen-in-Sachsen-Anhalt-im-Jahr-der-Landtagswahl.jpg","width":460,"height":259,"caption":"Eigenn\u00fctzige Friedensstifter: Die Kirchen in Sachsen-Anhalt im Jahr der Landtagswahl"},{"@type":"BreadcrumbList","@id":"https:\/\/now-news.de\/de\/deutschland\/eigennuetzige-friedensstifter-die-kirchen-in-sachsen-anhalt-im-jahr-der-landtagswahl\/#breadcrumb","itemListElement":[{"@type":"ListItem","position":1,"name":"Home","item":"https:\/\/now-news.de\/de\/"},{"@type":"ListItem","position":2,"name":"Eigenn\u00fctzige Friedensstifter: Die Kirchen in Sachsen-Anhalt im Jahr der Landtagswahl"}]},{"@type":"WebSite","@id":"https:\/\/now-news.de\/de\/#website","url":"https:\/\/now-news.de\/de\/","name":"just-now.NEWS Deutschland","description":"Das Portal f\u00fcr unzensierte Nachrichten aus der Welt","publisher":{"@id":"https:\/\/now-news.de\/de\/#organization"},"potentialAction":[{"@type":"SearchAction","target":{"@type":"EntryPoint","urlTemplate":"https:\/\/now-news.de\/de\/?s={search_term_string}"},"query-input":"required name=search_term_string"}],"inLanguage":"de"},{"@type":"Organization","@id":"https:\/\/now-news.de\/de\/#organization","name":"Just Now News","url":"https:\/\/now-news.de\/de\/","logo":{"@type":"ImageObject","inLanguage":"de","@id":"https:\/\/now-news.de\/de\/#\/schema\/logo\/image\/","url":"http:\/\/just-now.news\/de\/wp-content\/uploads\/sites\/3\/2022\/04\/logo500x500.jpg","contentUrl":"http:\/\/just-now.news\/de\/wp-content\/uploads\/sites\/3\/2022\/04\/logo500x500.jpg","width":500,"height":500,"caption":"Just Now News"},"image":{"@id":"https:\/\/now-news.de\/de\/#\/schema\/logo\/image\/"},"sameAs":["https:\/\/www.facebook.com\/wirmachenauf","https:\/\/x.com\/WirMachenAuf_de"]},{"@type":"Person","@id":"https:\/\/now-news.de\/de\/#\/schema\/person\/fb534a4e865501d8b3285208df34a9b5","name":"rtnews","image":{"@type":"ImageObject","inLanguage":"de","@id":"https:\/\/now-news.de\/de\/#\/schema\/person\/image\/","url":"https:\/\/secure.gravatar.com\/avatar\/82aafea7d8127119dd649515f56e2117?s=96&d=mm&r=g","contentUrl":"https:\/\/secure.gravatar.com\/avatar\/82aafea7d8127119dd649515f56e2117?s=96&d=mm&r=g","caption":"rtnews"},"url":"https:\/\/now-news.de\/de\/author\/rnews\/"}]}},"_links":{"self":[{"href":"https:\/\/now-news.de\/de\/wp-json\/wp\/v2\/posts\/98192"}],"collection":[{"href":"https:\/\/now-news.de\/de\/wp-json\/wp\/v2\/posts"}],"about":[{"href":"https:\/\/now-news.de\/de\/wp-json\/wp\/v2\/types\/post"}],"author":[{"embeddable":true,"href":"https:\/\/now-news.de\/de\/wp-json\/wp\/v2\/users\/3"}],"replies":[{"embeddable":true,"href":"https:\/\/now-news.de\/de\/wp-json\/wp\/v2\/comments?post=98192"}],"version-history":[{"count":0,"href":"https:\/\/now-news.de\/de\/wp-json\/wp\/v2\/posts\/98192\/revisions"}],"wp:featuredmedia":[{"embeddable":true,"href":"https:\/\/now-news.de\/de\/wp-json\/wp\/v2\/media\/98193"}],"wp:attachment":[{"href":"https:\/\/now-news.de\/de\/wp-json\/wp\/v2\/media?parent=98192"}],"wp:term":[{"taxonomy":"category","embeddable":true,"href":"https:\/\/now-news.de\/de\/wp-json\/wp\/v2\/categories?post=98192"},{"taxonomy":"post_tag","embeddable":true,"href":"https:\/\/now-news.de\/de\/wp-json\/wp\/v2\/tags?post=98192"}],"curies":[{"name":"wp","href":"https:\/\/api.w.org\/{rel}","templated":true}]}}