{"id":98154,"date":"2026-02-01T09:14:22","date_gmt":"2026-02-01T07:14:22","guid":{"rendered":"https:\/\/now-news.de\/de\/deutschland\/soziale-drohkulisse-wie-merz-die-brd-zum-billiglohnland-umbaut\/"},"modified":"2026-02-01T09:14:22","modified_gmt":"2026-02-01T07:14:22","slug":"soziale-drohkulisse-wie-merz-die-brd-zum-billiglohnland-umbaut","status":"publish","type":"post","link":"https:\/\/now-news.de\/de\/deutschland\/soziale-drohkulisse-wie-merz-die-brd-zum-billiglohnland-umbaut\/","title":{"rendered":"Soziale Drohkulisse: Wie Merz die BRD zum Billiglohnland umbaut"},"content":{"rendered":"<p><img decoding=\"async\" src=\"https:\/\/now-news.de\/de\/wp-content\/uploads\/sites\/3\/2026\/02\/697b5d31b480cc3175158a3f.jpg\" \/><\/p>\n<div class=\"Text-root Text-type_1 \">\n                Milliarden f\u00fcr Reiche, die Peitsche f\u00fcr Krisenverlierer: Mit ihrer B\u00fcrgergeldreform schafft die Bundesregierung das Recht auf ein Existenzminimum endg\u00fcltig ab. Das ist nicht &#8220;gerecht&#8221;, sondern ein Schritt in den autorit\u00e4ren Disziplinierungsstaat mit Billigl\u00f6hnen und Elend als Drohkulisse.\n            <\/div>\n<p><\/p>\n<div class=\"Text-root Text-type_5 ArticleView-text ViewText-root \">\n<p><em>Von Alexandra Nollok<\/em><\/p>\n<p>Dem Grundgesetz zum Trotz ist Existenzvernichtung zum &#8220;demokratischen&#8221; Disziplinierungsinstrument geworden. Was der deutsche Staat 20 Jahre lang an Arbeitslosen und Fl\u00fcchtlingen erprobt hat, die EU seit einem Jahr auch gegen politische Dissidenten einsetzt, will die Bundesregierung unter Kanzler Friedrich (BlackRock) Merz mit ihrer &#8220;Neuen Grundsicherung&#8221; nun endg\u00fcltig im deutschen Recht verankern: Wer kein Kapital besitzt, muss seine Arbeitskraft zu jedem Preis verkaufen \u2013 oder verliert sein Recht auf Existenz.<\/p>\n<p>Der Schritt kommt nicht aus heiterem Himmel mitten in der Wirtschaftskrise, die bereits zu Hunderttausenden Entlassungen gef\u00fchrt hat. Zusammen mit Pl\u00e4nen, Arbeitsrechte inklusive des Achtstundentages aufzuweichen, vermarktet als Rettungsaktion f\u00fcr den &#8220;Wirtschaftsstandort&#8221;, dient er explizit dem Umbau Deutschlands zu einem Billiglohnland. So lockt man Kapital zum Ausbeuten an. Die Verelendung wird dann erst richtig explodieren \u2013 und das ist durchaus eingeplant: als Drohkulisse.<\/p>\n<p><strong>&#8220;Wer mitmacht, hat nichts zu bef\u00fcrchten&#8221;<\/strong><\/p>\n<p>Das Gesetzgebungsverfahren ist bereits <a rel=\"nofollow noopener\" target=\"_blank\" href=\"https:\/\/www.bundestag.de\/dokumente\/textarchiv\/2026\/kw03-de-grundsicherung-1134298\">in vollem Gange<\/a>.<strong>\u00a0<\/strong>Das Interesse, damit einhergehende Schweinereien unter dem Radar zu halten, scheint dennoch gro\u00df zu sein. So flutet die Politik die Medien inzwischen mit immer neuen Pl\u00e4nen, die man umsetzen wolle, sobald die &#8220;Neue Grundsicherung&#8221; im Juli in Kraft trete. Effizienter will <a rel=\"nofollow noopener\" target=\"_blank\" href=\"https:\/\/www.merkur.de\/wirtschaft\/revolutionaerer-buergergeld-vorschlag-kann-vier-milliarden-euro-sparen-94144648.html\">man sie machen<\/a>, mit Wohngeld und Kinderzuschlag verbinden und digitalisieren.<\/p>\n<p>Dass dann auch jeder existenziell erpresst werden kann, dessen Lohn nicht ausreicht, um die Miete zu bezahlen oder die Kinder zu versorgen, verschweigt die Presse vorsorglich. &#8220;Wer mitmacht, hat nichts zu bef\u00fcrchten&#8221;, hatte Arbeitsministerin B\u00e4rbel Bas (SPD) die H\u00e4rten ihrer von L\u00fcgen und Hetzkampagnen begleiteten &#8220;B\u00fcrgergeldreform&#8221; im Oktober beschwichtigt. Anders ausgedr\u00fcckt: <a rel=\"nofollow noopener\" target=\"_blank\" href=\"https:\/\/www.evangelisch.de\/inhalte\/248410\/10-10-2025\/bas-zu-buergergeld-wer-mitmacht-hat-nichts-zu-befuerchten\">Nur wer gehorcht<\/a> und alles tut, was die Beh\u00f6rde verlangt, darf \u00fcberleben.<\/p>\n<p><strong>Der AfD nicht hart genug<\/strong><\/p>\n<p>Die neoliberale F\u00fchrungselite ist sehr interessiert an einem schwachen Sozialstaat. Dieser mindert die Verhandlungsmacht aller Besch\u00e4ftigten. Wer Angst hat, durch Jobverlust unter der Br\u00fccke zu landen, h\u00e4lt eher die Klappe, anstatt sich gegen miese Arbeitsbedingungen und L\u00f6hne zu wehren. Darum geht es nicht nur den Regierungsparteien CDU, CSU und SPD. Auch die <a rel=\"nofollow noopener\" target=\"_blank\" href=\"https:\/\/www.bundestag.de\/dokumente\/textarchiv\/2026\/kw03-de-grundsicherung-1134298\">rechte Opposition<\/a> ist mit im Boot, wie die erste Lesung des Gesetzentwurfs vor zwei Wochen im Bundestag zeigte.<\/p>\n<p>So lobte beispielsweise die\u00a0<a rel=\"nofollow noopener\" target=\"_blank\" href=\"https:\/\/www.bundestag.de\/mediathek\/video?videoid=7647409\">AfD-Abgeordnete Gerrit Huy<\/a> die &#8220;versch\u00e4rften Sanktionen&#8221;. Endlich werde damit ein langj\u00e4hriger Vorschlag ihrer Partei umgesetzt \u2013 allerdings nicht hart genug: Wer Jobs ablehne oder Termine vers\u00e4ume, sei als &#8220;Arbeitssaboteur&#8221; sofort auf Null zu setzen, wetterte sie. \u00dcberdies m\u00fcssten Arbeitsagenturen und Jobcenter jeden zu (unbezahlter) Arbeit verpflichten, der l\u00e4nger als ein halbes Jahr ohne Arbeit sei. Ihr <a rel=\"nofollow noopener\" target=\"_blank\" href=\"https:\/\/www.bundestag.de\/mediathek\/video?videoid=7647414\">Parteikollege Jan Feser<\/a> bezichtigte kranke Arbeitslose pauschal als L\u00fcgner: &#8220;Man simuliere mal kurz den psychisch Kranken, ruckzuck ist die Sanktion vom Tisch.&#8221;<\/p>\n<p><strong>Gro\u00dfe Worte, wenig Widerstand von &#8220;links&#8221;<\/strong><\/p>\n<p>Der Gr\u00fcnen-Abgeordnete <a rel=\"nofollow noopener\" target=\"_blank\" href=\"https:\/\/www.bundestag.de\/mediathek\/video?videoid=7647411\">Timon Dzienus<\/a> tat so, als habe seine (rechte) Kriegspartei ihre soziale Ader wiederentdeckt. Wortgewaltig gei\u00dfelte er die dem Verfahren vorausgegangene &#8220;sch\u00e4bige Kampagne.\u00a0Das war Kalk\u00fcl, Sie haben gelogen, monatelang.&#8221; Menschen, die auf jeden Euro angewiesen seien, &#8220;kann man keine Milliarden wegnehmen&#8221;.<\/p>\n<p>Die Linke-Fraktionsvorsitzende <a rel=\"nofollow noopener\" target=\"_blank\" href=\"https:\/\/www.bundestag.de\/mediathek\/video?videoid=7647412\">Heidi Reichinnek<\/a> nannte den Gesetzentwurf\u00a0 richtigerweise den &#8220;gr\u00f6\u00dften Angriff, den dieser Sozialstaat jemals erlebt hat&#8221;. Sie\u00a0z\u00e4hlte die L\u00fcgen der Regierung nacheinander auf, forderte einen &#8220;armutsfesten Mindestlohn, statt Ihren Reichenkumpels eine Milliarde nach der anderen zuzuschieben&#8221; und fluchte: &#8220;Sie treten nach unten, und zwar brutal!&#8221; Doch eine winzige Protestaktion von Sozialverb\u00e4nden vor dem Bundestag als &#8220;Widerstand&#8221; aufzublasen, war dann doch ein wenig \u00fcbertrieben. Die meisten hatten nicht einmal davon geh\u00f6rt \u2013 und daran ist Reichinneks Partei nicht unschuldig.<\/p>\n<p><strong>Hetzkampagnen und Desinformation<\/strong><\/p>\n<p>Freilich haben beide trotzdem recht mit ihren Vorw\u00fcrfen. Schon vor dem Antritt dieser Bundesregierung \u00fcberfluteten Kapitalverb\u00e4nde und Unionspolitiker die Medien mit ausufernden Desinformations- und Hetzkampagnen gegen Betroffene. Der Sozialstaat explodiere, Migranten pl\u00fcnderten ihn aus, Arbeitslose seien faul und w\u00fcrden massenhaft &#8220;bandenm\u00e4\u00dfig betr\u00fcgen&#8221;. Tats\u00e4chlich gab es im Jahr 2024 genau <a rel=\"nofollow noopener\" target=\"_blank\" href=\"https:\/\/www.deutschlandfunk.de\/im-jahr-2024-rund-420-faelle-von-bandenmaessigem-missbrauch-beim-buergergeld-102.html\">421 Verdachtsf\u00e4lle<\/a> des bandenm\u00e4\u00dfigen Betrugs. Und verglichen mit dem kaum verfolgten, nicht selten kartellm\u00e4\u00dfig betriebenen Steuerbetrug ging es um Kleckerbetr\u00e4ge.<\/p>\n<p>Nat\u00fcrlich ziehen solche L\u00fcgen immer, um die Masse im Namen der &#8220;Gerechtigkeit&#8221; gegeneinander aufzustacheln und Kahlschlagspolitik gegen deren Interessen durchzusetzen. Besonders, wenn man ihnen vorgaukelt, damit gigantische Summen einsparen zu k\u00f6nnen. Von f\u00fcnf Milliarden fantasierte Kanzler Merz, von &#8220;Einsparungen im zweistelligen Milliardenbereich&#8221; andere Unionspolitiker. \u00c4hnlich nebul\u00f6s blieb CDU-Generalsekret\u00e4r Carsten Linnemann: &#8220;Es sind sehr viele Milliarden.&#8221;<\/p>\n<p><strong>Um\u2019s Sparen geht es nicht<\/strong><\/p>\n<p>Auch wenn das wahr w\u00e4re, bleibt eine Frage offen: Wie kommen Lohnabh\u00e4ngige auf die Idee, dass die Regierung eingesparte Milliardensummen (die es nicht gibt) ins Gemeinwohl flie\u00dfen oder ihnen irgendwie zugutekommen lassen w\u00fcrde? Man wei\u00df doch l\u00e4ngst, wo sie tats\u00e4chlich versickern: in den Taschen von R\u00fcstungskonzernen f\u00fcr deutsche Kriegsvorbereitungen, in Steuererleichterungen f\u00fcr Milliard\u00e4re und so weiter. Doch das Prinzip &#8220;Teile und herrsche&#8221; funktioniert auch heute noch ganz einfach und perfekt.<\/p>\n<p>Der Gesetzentwurf <a rel=\"nofollow noopener\" target=\"_blank\" href=\"https:\/\/dserver.bundestag.de\/btd\/21\/035\/2103541.pdf\">offenbart<\/a> inzwischen allerdings: Das alles war gelogen.\u00a0 Die angeblich riesigen Einsparungen belaufen sich demnach auf h\u00f6chstens 69 bis 86 Millionen Euro bis Ende 2027 \u2013 einschlie\u00dflich extra geregelter \u00e4hnlicher <a rel=\"nofollow noopener\" target=\"_blank\" href=\"https:\/\/dserver.bundestag.de\/btd\/21\/035\/2103539.pdf\">Grausamkeiten<\/a> gegen &#8220;nicht gen\u00fcgend mitwirkende&#8221; Asylbewerber<strong>.<\/strong> Das sind weniger als 0,02 Prozent eines Bundeshaushalts. Selbst diese Peanuts wird der millionenschwere Umbau zum Repressionsapparat wieder verschlingen. F\u00fcr Schikanen braucht es Personal. Das verdeutlicht: Um Einsparungen geht es dabei nicht.<\/p>\n<p><strong>Neoliberale Medizin ohne Evidenz<\/strong><\/p>\n<p>Dass kein omin\u00f6ses Faulheitsvirus, sondern die systemisch und politisch bedingte Wirtschaftskrise die <a rel=\"nofollow noopener\" target=\"_blank\" href=\"https:\/\/de.statista.com\/statistik\/daten\/studie\/1223\/umfrage\/arbeitslosenzahl-in-deutschland-jahresdurchschnittswerte\/\">Arbeitslosigkeit<\/a> verursacht, wissen die Hetzer freilich selbst. W\u00e4hrend das Sozial- und Gesundheitswesen \u00fcber Fachkr\u00e4ftemangel klagt \u2013 was ebenso vor allem an eklatanter staatlicher Unterfinanzierung liegt \u2013 schlie\u00dfen reihenweise Unternehmen ganze Sparten. Mehr als 50.000 Menschen verloren letztes Jahr allein in der Autoindustrie ihre Jobs. Die Meldungen \u00fcber Massenentlassungen in vielen anderen Produktionsbranchen \u00fcberschlagen sich seit Wochen.<\/p>\n<p>Als Antwort gibt es nun noch mehr von dieser bitteren neoliberalen Medizin, mit der die deutschen Regierungen seit 30 Jahren den Ausverkauf der \u00f6ffentlichen Daseinsvorsorge an Privatiers vorantreiben und die Massen immer \u00e4rmer machen: knallharte Spar- und Repressionspolitik gegen Lohnabh\u00e4ngige und Steuerprivilegien f\u00fcr\u00a0 Gro\u00dfkonzerne und ihre Anteilseigner. Doch daf\u00fcr, dass dies angeblich Investoren befl\u00fcgelt und die Wirtschaft ankurbelt, gibt es bis heute keine Evidenz \u2013 im Gegenteil. Waren m\u00fcssen schlie\u00dflich auch verkauft werden, um Profit zu realisieren.<\/p>\n<p><strong>Krankmachender Konkurrenzkampf<\/strong><\/p>\n<p>Der H\u00f6hepunkt der Krise ist indes noch lange nicht erreicht. Neulich erkl\u00e4rte die Chefin der Bundesagentur f\u00fcr Arbeit (BA), <a rel=\"nofollow noopener\" target=\"_blank\" href=\"https:\/\/web.de\/magazine\/politik\/inland\/job-fuerchten-nahles-41708068\">Andrea Nahles (SPD)<\/a>, in einem Interview, die Chancen f\u00fcr die wachsende Zahl von Gek\u00fcndigten, einen neuen Job zu finden, h\u00e4tten rapide abgenommen. Sie seien sogar &#8220;so niedrig wie nie zuvor&#8221;, so Nahles.<\/p>\n<p>So steigt die Konkurrenz am Arbeitsmarkt und der Druck auf Lohnabh\u00e4ngige. Vor kurzem berichtete die Denkfabrik der Arbeitsagentur, das Institut f\u00fcr Arbeitsmarkt- und Berufsforschung (IAB),\u00a0<a rel=\"nofollow noopener\" target=\"_blank\" href=\"https:\/\/iab-forum.de\/psychische-erkrankungen-sind-unter-arbeitslosen-weit-verbreitet\/\">\u00fcber eine neue Studie<\/a>, die zeigt, was dieser Stress mit Arbeitslosen macht: Nie waren psychische Erkrankungen unter ihnen so verbreitet wie aktuell. Von 4,2 Millionen untersuchten erwerbslosen Personen wiesen mehr als die H\u00e4lfte \u2013 gut 52 Prozent \u2013 eine psychische Erkrankung auf, vorneweg Depressionen, Angst- und Suchterkrankungen.<\/p>\n<p>F\u00fcr die Studie wurden Betroffene immerhin von Fachleuten diagnostiziert. In Jobcentern entscheiden hingegen oft nur angelernte Sachbearbeiter nach ihrem Bauchgef\u00fchl, wen sie wie bestrafen. Dem Sanktionshammer k\u00f6nnen sie kaum entrinnen, da Widerspr\u00fcche und Klagen in diesem Rechtsbereich keine aufschiebende Wirkung haben. Diese Machtbefugnis weitet der Gesetzentwurf noch aus: Angestellte sollen k\u00fcnftig <a rel=\"nofollow noopener\" target=\"_blank\" href=\"https:\/\/freedert.online\/gesellschaft\/261861-asozialer-gesetzentwurf-jobcenter-sollen-psychisch\/\">sogar selbst &#8220;begutachten&#8221;<\/a>, ob jemand wirklich psychisch krank ist.<\/p>\n<p><strong>Maximale Ausbeutung f\u00fcr maximalen Profit<\/strong><\/p>\n<p>Kein Gesetz d\u00fcrfe Beh\u00f6rdenmitarbeiter ohne medizinische Fachkompetenz zu &#8220;Hobbypsychologen&#8221; machen, die Arbeitslosen nach Gutd\u00fcnken das Existenzminimum entziehen k\u00f6nnen, <a rel=\"nofollow noopener\" target=\"_blank\" href=\"https:\/\/taz.de\/Depressionsliga-zur-neuen-Grundsicherung\/!6145741\/\">kritisierte der Sprecher<\/a> der Depressionsliga, J\u00fcrgen Leuther, j\u00fcngst in einem Interview mit der <em>taz<\/em>.\u00a0Das mag wohl sein, doch setzen sie das eben trotzdem um. F\u00fcr einen lukrativen Kapitalstandort spielen Menschenleben eine untergeordnete Rolle.<\/p>\n<p>Um diesen Standort auch in der Krise maximal profitabel f\u00fcr Mehrwert absch\u00f6pfende Superreiche zu gestalten, will die Merz-Regierung nicht nur die Grundsicherung zu einem Repressionsapparat umbauen, der auf Kranke keine R\u00fccksicht nimmt. Das Einstampfen von Arbeitsrechten, wie dem Achtstundentag, geh\u00f6rt genauso dazu, wie die Eingliederung von Wohngeld- und Kinderzuschlagsberechtigten, die folglich alle den gleichen Grausamkeiten ausgesetzt sein werden, wie Arbeitslose. So kann man sie zwingen, noch mehr zu schuften und Nebenjobs anzunehmen, um ihre Familien versorgen und die explodierenden Mieten zahlen zu k\u00f6nnen. Immobilienhaie fordern schlie\u00dflich auch Profitanteile.<\/p>\n<p>Die laufende\u00a0<a rel=\"nofollow noopener\" target=\"_blank\" href=\"https:\/\/www.unsere-zeit.de\/armut-fuer-alle-4811423\/\">Teilzeit-Verbotsdebatte<\/a>\u00a0geh\u00f6rt ebenfalls zum Umbau Deutschlands zum Billiglohnland mit weitgehend rechtlosen Arbeitskraftverk\u00e4ufern. Damit lassen sich Geringverdiener perfekt erpressen, trotz fehlender Kindergartenpl\u00e4tze, etwaiger Erkrankungen oder Pflegebed\u00fcrftiger im Haushalt ihre Lohnarbeitszeit gern auch weit \u00fcber acht Stunden pro Tag hinaus auszudehnen.<\/p>\n<p>Maximale Ausbeutung f\u00fcr maximalen Profit f\u00fcr Wenige fordert eben ihren Tribut. Den rechtlichen Rahmen daf\u00fcr f\u00fchren CDU, CSU und SPD gerade zusammen ein. Und dank gigantischer Hetzkampagnen jubelt ihnen dabei ein beachtlicher Teil der Bev\u00f6lkerung sogar zu \u2013 w\u00e4hrend er unbewusst mitwirkt an der Zerschlagung seiner eigenen sozialen Sicherheit. Und die wird niemand schnell zur\u00fcck erk\u00e4mpfen k\u00f6nnen.<\/p>\n<p><strong>Mehr zum Thema &#8211;\u00a0<\/strong><a rel=\"nofollow noopener\" target=\"_blank\" href=\"https:\/\/freedert.online\/meinung\/266401-stiftung-schlaegt-alarm-in-deutschland-explodiert-jugendobdachlosigkeit\/\">Stiftung schl\u00e4gt Alarm: In Deutschland explodiert die Jugendobdachlosigkeit <\/a><\/p>\n<div class=\"EmbedBlock-root EmbedBlock-externalVideo EmbedBlock-rumble\">\n<div class=\"VkEmbed\"><iframe class=\"lazyload\" data-src=\"https:\/\/rumble.com\/embed\/v717ehy\" frameborder=\"0\" width=\"853\" height=\"480\" allowfullscreen><\/iframe><\/div>\n<\/div>\n<\/div>\n<p><br \/>\n<br \/><a href=\"https:\/\/de.rt.com\/meinung\/268733-soziale-drohkulisse-wie-merz-brd\/\">Source link <\/a><\/p>\n","protected":false},"excerpt":{"rendered":"<p>Milliarden f\u00fcr Reiche, die Peitsche f\u00fcr Krisenverlierer: Mit ihrer B\u00fcrgergeldreform schafft die Bundesregierung das Recht auf ein Existenzminimum endg\u00fcltig ab. Das ist nicht &#8220;gerecht&#8221;, sondern ein Schritt in den autorit\u00e4ren Disziplinierungsstaat mit Billigl\u00f6hnen und Elend als Drohkulisse. Von Alexandra Nollok Dem Grundgesetz zum Trotz ist Existenzvernichtung zum &#8220;demokratischen&#8221; Disziplinierungsinstrument geworden. Was der deutsche Staat 20 [&hellip;]<\/p>\n","protected":false},"author":3,"featured_media":98155,"comment_status":"open","ping_status":"open","sticky":false,"template":"","format":"standard","meta":{"_yoast_indexnow_last_ping":["1769930494"],"wp_automatic_camp":["217"],"bcb812bd9ba310f4b1a5a91aee0cb3f2":["Soziale Drohkulisse: Wie Merz die BRD zum Billiglohnland umbaut"],"original_link":["https:\/\/de.rt.com\/meinung\/268733-soziale-drohkulisse-wie-merz-brd\/"],"_thumbnail_id":["98155"],"jnews_social_counter_last_update":["1777150759"],"_wptgpro_p2tg_sent2tg":["a:1:{i:23737;s:19:\"2026-02-01 09:22:54\";}"]},"categories":[19,23],"tags":[70927,178,45,64936,18728,21748,70928,579,565],"yoast_head":"<!-- This site is optimized with the Yoast SEO Premium plugin v22.7 (Yoast SEO v22.7) - https:\/\/yoast.com\/wordpress\/plugins\/seo\/ -->\n<title>Soziale Drohkulisse: Wie Merz die BRD zum Billiglohnland umbaut - just-now.NEWS Deutschland<\/title>\n<meta name=\"robots\" content=\"index, follow, max-snippet:-1, max-image-preview:large, max-video-preview:-1\" \/>\n<link rel=\"canonical\" href=\"https:\/\/now-news.de\/de\/deutschland\/soziale-drohkulisse-wie-merz-die-brd-zum-billiglohnland-umbaut\/\" \/>\n<meta property=\"og:locale\" content=\"de_DE\" \/>\n<meta property=\"og:type\" content=\"article\" \/>\n<meta property=\"og:title\" content=\"Soziale Drohkulisse: Wie Merz die BRD zum Billiglohnland umbaut\" \/>\n<meta property=\"og:description\" content=\"Milliarden f\u00fcr Reiche, die Peitsche f\u00fcr Krisenverlierer: Mit ihrer B\u00fcrgergeldreform schafft die Bundesregierung das Recht auf ein Existenzminimum endg\u00fcltig ab. Das ist nicht &#8220;gerecht&#8221;, sondern ein Schritt in den autorit\u00e4ren Disziplinierungsstaat mit Billigl\u00f6hnen und Elend als Drohkulisse. Von Alexandra Nollok Dem Grundgesetz zum Trotz ist Existenzvernichtung zum &#8220;demokratischen&#8221; Disziplinierungsinstrument geworden. Was der deutsche Staat 20 [&hellip;]\" \/>\n<meta property=\"og:url\" content=\"https:\/\/now-news.de\/de\/deutschland\/soziale-drohkulisse-wie-merz-die-brd-zum-billiglohnland-umbaut\/\" \/>\n<meta property=\"og:site_name\" content=\"just-now.NEWS Deutschland\" \/>\n<meta property=\"article:publisher\" content=\"https:\/\/www.facebook.com\/wirmachenauf\" \/>\n<meta property=\"article:published_time\" content=\"2026-02-01T07:14:22+00:00\" \/>\n<meta property=\"og:image\" content=\"https:\/\/now-news.de\/de\/wp-content\/uploads\/sites\/3\/2026\/02\/697b5d31b480cc3175158a3f.jpg\" \/>\n<meta name=\"author\" content=\"rtnews\" \/>\n<meta name=\"twitter:card\" content=\"summary_large_image\" \/>\n<meta name=\"twitter:creator\" content=\"@WirMachenAuf_de\" \/>\n<meta name=\"twitter:site\" content=\"@WirMachenAuf_de\" \/>\n<meta name=\"twitter:label1\" content=\"Verfasst von\" \/>\n\t<meta name=\"twitter:data1\" content=\"rtnews\" \/>\n\t<meta name=\"twitter:label2\" content=\"Gesch\u00e4tzte Lesezeit\" \/>\n\t<meta name=\"twitter:data2\" content=\"8\u00a0Minuten\" \/>\n<script type=\"application\/ld+json\" class=\"yoast-schema-graph\">{\"@context\":\"https:\/\/schema.org\",\"@graph\":[{\"@type\":\"Article\",\"@id\":\"https:\/\/now-news.de\/de\/deutschland\/soziale-drohkulisse-wie-merz-die-brd-zum-billiglohnland-umbaut\/#article\",\"isPartOf\":{\"@id\":\"https:\/\/now-news.de\/de\/deutschland\/soziale-drohkulisse-wie-merz-die-brd-zum-billiglohnland-umbaut\/\"},\"author\":{\"name\":\"rtnews\",\"@id\":\"https:\/\/now-news.de\/de\/#\/schema\/person\/fb534a4e865501d8b3285208df34a9b5\"},\"headline\":\"Soziale Drohkulisse: Wie Merz die BRD zum Billiglohnland umbaut\",\"datePublished\":\"2026-02-01T07:14:22+00:00\",\"dateModified\":\"2026-02-01T07:14:22+00:00\",\"mainEntityOfPage\":{\"@id\":\"https:\/\/now-news.de\/de\/deutschland\/soziale-drohkulisse-wie-merz-die-brd-zum-billiglohnland-umbaut\/\"},\"wordCount\":1561,\"commentCount\":0,\"publisher\":{\"@id\":\"https:\/\/now-news.de\/de\/#organization\"},\"image\":{\"@id\":\"https:\/\/now-news.de\/de\/deutschland\/soziale-drohkulisse-wie-merz-die-brd-zum-billiglohnland-umbaut\/#primaryimage\"},\"thumbnailUrl\":\"https:\/\/now-news.de\/de\/wp-content\/uploads\/sites\/3\/2026\/02\/Soziale-Drohkulisse-Wie-Merz-die-BRD-zum-Billiglohnland-umbaut.jpg\",\"keywords\":[\"Billiglohnland\",\"BRD\",\"die\",\"Drohkulisse\",\"Merz\",\"soziale\",\"umbaut\",\"Wie\",\"zum\"],\"articleSection\":[\"Deutschland\",\"Russland\"],\"inLanguage\":\"de\",\"potentialAction\":[{\"@type\":\"CommentAction\",\"name\":\"Comment\",\"target\":[\"https:\/\/now-news.de\/de\/deutschland\/soziale-drohkulisse-wie-merz-die-brd-zum-billiglohnland-umbaut\/#respond\"]}]},{\"@type\":\"WebPage\",\"@id\":\"https:\/\/now-news.de\/de\/deutschland\/soziale-drohkulisse-wie-merz-die-brd-zum-billiglohnland-umbaut\/\",\"url\":\"https:\/\/now-news.de\/de\/deutschland\/soziale-drohkulisse-wie-merz-die-brd-zum-billiglohnland-umbaut\/\",\"name\":\"Soziale Drohkulisse: Wie Merz die BRD zum Billiglohnland umbaut - just-now.NEWS Deutschland\",\"isPartOf\":{\"@id\":\"https:\/\/now-news.de\/de\/#website\"},\"primaryImageOfPage\":{\"@id\":\"https:\/\/now-news.de\/de\/deutschland\/soziale-drohkulisse-wie-merz-die-brd-zum-billiglohnland-umbaut\/#primaryimage\"},\"image\":{\"@id\":\"https:\/\/now-news.de\/de\/deutschland\/soziale-drohkulisse-wie-merz-die-brd-zum-billiglohnland-umbaut\/#primaryimage\"},\"thumbnailUrl\":\"https:\/\/now-news.de\/de\/wp-content\/uploads\/sites\/3\/2026\/02\/Soziale-Drohkulisse-Wie-Merz-die-BRD-zum-Billiglohnland-umbaut.jpg\",\"datePublished\":\"2026-02-01T07:14:22+00:00\",\"dateModified\":\"2026-02-01T07:14:22+00:00\",\"breadcrumb\":{\"@id\":\"https:\/\/now-news.de\/de\/deutschland\/soziale-drohkulisse-wie-merz-die-brd-zum-billiglohnland-umbaut\/#breadcrumb\"},\"inLanguage\":\"de\",\"potentialAction\":[{\"@type\":\"ReadAction\",\"target\":[\"https:\/\/now-news.de\/de\/deutschland\/soziale-drohkulisse-wie-merz-die-brd-zum-billiglohnland-umbaut\/\"]}]},{\"@type\":\"ImageObject\",\"inLanguage\":\"de\",\"@id\":\"https:\/\/now-news.de\/de\/deutschland\/soziale-drohkulisse-wie-merz-die-brd-zum-billiglohnland-umbaut\/#primaryimage\",\"url\":\"https:\/\/now-news.de\/de\/wp-content\/uploads\/sites\/3\/2026\/02\/Soziale-Drohkulisse-Wie-Merz-die-BRD-zum-Billiglohnland-umbaut.jpg\",\"contentUrl\":\"https:\/\/now-news.de\/de\/wp-content\/uploads\/sites\/3\/2026\/02\/Soziale-Drohkulisse-Wie-Merz-die-BRD-zum-Billiglohnland-umbaut.jpg\",\"width\":460,\"height\":259,\"caption\":\"Soziale Drohkulisse: Wie Merz die BRD zum Billiglohnland umbaut\"},{\"@type\":\"BreadcrumbList\",\"@id\":\"https:\/\/now-news.de\/de\/deutschland\/soziale-drohkulisse-wie-merz-die-brd-zum-billiglohnland-umbaut\/#breadcrumb\",\"itemListElement\":[{\"@type\":\"ListItem\",\"position\":1,\"name\":\"Home\",\"item\":\"https:\/\/now-news.de\/de\/\"},{\"@type\":\"ListItem\",\"position\":2,\"name\":\"Soziale Drohkulisse: Wie Merz die BRD zum Billiglohnland umbaut\"}]},{\"@type\":\"WebSite\",\"@id\":\"https:\/\/now-news.de\/de\/#website\",\"url\":\"https:\/\/now-news.de\/de\/\",\"name\":\"just-now.NEWS Deutschland\",\"description\":\"Das Portal f\u00fcr unzensierte Nachrichten aus der Welt\",\"publisher\":{\"@id\":\"https:\/\/now-news.de\/de\/#organization\"},\"potentialAction\":[{\"@type\":\"SearchAction\",\"target\":{\"@type\":\"EntryPoint\",\"urlTemplate\":\"https:\/\/now-news.de\/de\/?s={search_term_string}\"},\"query-input\":\"required name=search_term_string\"}],\"inLanguage\":\"de\"},{\"@type\":\"Organization\",\"@id\":\"https:\/\/now-news.de\/de\/#organization\",\"name\":\"Just Now News\",\"url\":\"https:\/\/now-news.de\/de\/\",\"logo\":{\"@type\":\"ImageObject\",\"inLanguage\":\"de\",\"@id\":\"https:\/\/now-news.de\/de\/#\/schema\/logo\/image\/\",\"url\":\"http:\/\/just-now.news\/de\/wp-content\/uploads\/sites\/3\/2022\/04\/logo500x500.jpg\",\"contentUrl\":\"http:\/\/just-now.news\/de\/wp-content\/uploads\/sites\/3\/2022\/04\/logo500x500.jpg\",\"width\":500,\"height\":500,\"caption\":\"Just Now News\"},\"image\":{\"@id\":\"https:\/\/now-news.de\/de\/#\/schema\/logo\/image\/\"},\"sameAs\":[\"https:\/\/www.facebook.com\/wirmachenauf\",\"https:\/\/x.com\/WirMachenAuf_de\"]},{\"@type\":\"Person\",\"@id\":\"https:\/\/now-news.de\/de\/#\/schema\/person\/fb534a4e865501d8b3285208df34a9b5\",\"name\":\"rtnews\",\"image\":{\"@type\":\"ImageObject\",\"inLanguage\":\"de\",\"@id\":\"https:\/\/now-news.de\/de\/#\/schema\/person\/image\/\",\"url\":\"https:\/\/secure.gravatar.com\/avatar\/82aafea7d8127119dd649515f56e2117?s=96&d=mm&r=g\",\"contentUrl\":\"https:\/\/secure.gravatar.com\/avatar\/82aafea7d8127119dd649515f56e2117?s=96&d=mm&r=g\",\"caption\":\"rtnews\"},\"url\":\"https:\/\/now-news.de\/de\/author\/rnews\/\"}]}<\/script>\n<!-- \/ Yoast SEO Premium plugin. -->","yoast_head_json":{"title":"Soziale Drohkulisse: Wie Merz die BRD zum Billiglohnland umbaut - just-now.NEWS Deutschland","robots":{"index":"index","follow":"follow","max-snippet":"max-snippet:-1","max-image-preview":"max-image-preview:large","max-video-preview":"max-video-preview:-1"},"canonical":"https:\/\/now-news.de\/de\/deutschland\/soziale-drohkulisse-wie-merz-die-brd-zum-billiglohnland-umbaut\/","og_locale":"de_DE","og_type":"article","og_title":"Soziale Drohkulisse: Wie Merz die BRD zum Billiglohnland umbaut","og_description":"Milliarden f\u00fcr Reiche, die Peitsche f\u00fcr Krisenverlierer: Mit ihrer B\u00fcrgergeldreform schafft die Bundesregierung das Recht auf ein Existenzminimum endg\u00fcltig ab. Das ist nicht &#8220;gerecht&#8221;, sondern ein Schritt in den autorit\u00e4ren Disziplinierungsstaat mit Billigl\u00f6hnen und Elend als Drohkulisse. Von Alexandra Nollok Dem Grundgesetz zum Trotz ist Existenzvernichtung zum &#8220;demokratischen&#8221; Disziplinierungsinstrument geworden. Was der deutsche Staat 20 [&hellip;]","og_url":"https:\/\/now-news.de\/de\/deutschland\/soziale-drohkulisse-wie-merz-die-brd-zum-billiglohnland-umbaut\/","og_site_name":"just-now.NEWS Deutschland","article_publisher":"https:\/\/www.facebook.com\/wirmachenauf","article_published_time":"2026-02-01T07:14:22+00:00","og_image":[{"url":"https:\/\/now-news.de\/de\/wp-content\/uploads\/sites\/3\/2026\/02\/697b5d31b480cc3175158a3f.jpg"}],"author":"rtnews","twitter_card":"summary_large_image","twitter_creator":"@WirMachenAuf_de","twitter_site":"@WirMachenAuf_de","twitter_misc":{"Verfasst von":"rtnews","Gesch\u00e4tzte Lesezeit":"8\u00a0Minuten"},"schema":{"@context":"https:\/\/schema.org","@graph":[{"@type":"Article","@id":"https:\/\/now-news.de\/de\/deutschland\/soziale-drohkulisse-wie-merz-die-brd-zum-billiglohnland-umbaut\/#article","isPartOf":{"@id":"https:\/\/now-news.de\/de\/deutschland\/soziale-drohkulisse-wie-merz-die-brd-zum-billiglohnland-umbaut\/"},"author":{"name":"rtnews","@id":"https:\/\/now-news.de\/de\/#\/schema\/person\/fb534a4e865501d8b3285208df34a9b5"},"headline":"Soziale Drohkulisse: Wie Merz die BRD zum Billiglohnland umbaut","datePublished":"2026-02-01T07:14:22+00:00","dateModified":"2026-02-01T07:14:22+00:00","mainEntityOfPage":{"@id":"https:\/\/now-news.de\/de\/deutschland\/soziale-drohkulisse-wie-merz-die-brd-zum-billiglohnland-umbaut\/"},"wordCount":1561,"commentCount":0,"publisher":{"@id":"https:\/\/now-news.de\/de\/#organization"},"image":{"@id":"https:\/\/now-news.de\/de\/deutschland\/soziale-drohkulisse-wie-merz-die-brd-zum-billiglohnland-umbaut\/#primaryimage"},"thumbnailUrl":"https:\/\/now-news.de\/de\/wp-content\/uploads\/sites\/3\/2026\/02\/Soziale-Drohkulisse-Wie-Merz-die-BRD-zum-Billiglohnland-umbaut.jpg","keywords":["Billiglohnland","BRD","die","Drohkulisse","Merz","soziale","umbaut","Wie","zum"],"articleSection":["Deutschland","Russland"],"inLanguage":"de","potentialAction":[{"@type":"CommentAction","name":"Comment","target":["https:\/\/now-news.de\/de\/deutschland\/soziale-drohkulisse-wie-merz-die-brd-zum-billiglohnland-umbaut\/#respond"]}]},{"@type":"WebPage","@id":"https:\/\/now-news.de\/de\/deutschland\/soziale-drohkulisse-wie-merz-die-brd-zum-billiglohnland-umbaut\/","url":"https:\/\/now-news.de\/de\/deutschland\/soziale-drohkulisse-wie-merz-die-brd-zum-billiglohnland-umbaut\/","name":"Soziale Drohkulisse: Wie Merz die BRD zum Billiglohnland umbaut - just-now.NEWS Deutschland","isPartOf":{"@id":"https:\/\/now-news.de\/de\/#website"},"primaryImageOfPage":{"@id":"https:\/\/now-news.de\/de\/deutschland\/soziale-drohkulisse-wie-merz-die-brd-zum-billiglohnland-umbaut\/#primaryimage"},"image":{"@id":"https:\/\/now-news.de\/de\/deutschland\/soziale-drohkulisse-wie-merz-die-brd-zum-billiglohnland-umbaut\/#primaryimage"},"thumbnailUrl":"https:\/\/now-news.de\/de\/wp-content\/uploads\/sites\/3\/2026\/02\/Soziale-Drohkulisse-Wie-Merz-die-BRD-zum-Billiglohnland-umbaut.jpg","datePublished":"2026-02-01T07:14:22+00:00","dateModified":"2026-02-01T07:14:22+00:00","breadcrumb":{"@id":"https:\/\/now-news.de\/de\/deutschland\/soziale-drohkulisse-wie-merz-die-brd-zum-billiglohnland-umbaut\/#breadcrumb"},"inLanguage":"de","potentialAction":[{"@type":"ReadAction","target":["https:\/\/now-news.de\/de\/deutschland\/soziale-drohkulisse-wie-merz-die-brd-zum-billiglohnland-umbaut\/"]}]},{"@type":"ImageObject","inLanguage":"de","@id":"https:\/\/now-news.de\/de\/deutschland\/soziale-drohkulisse-wie-merz-die-brd-zum-billiglohnland-umbaut\/#primaryimage","url":"https:\/\/now-news.de\/de\/wp-content\/uploads\/sites\/3\/2026\/02\/Soziale-Drohkulisse-Wie-Merz-die-BRD-zum-Billiglohnland-umbaut.jpg","contentUrl":"https:\/\/now-news.de\/de\/wp-content\/uploads\/sites\/3\/2026\/02\/Soziale-Drohkulisse-Wie-Merz-die-BRD-zum-Billiglohnland-umbaut.jpg","width":460,"height":259,"caption":"Soziale Drohkulisse: Wie Merz die BRD zum Billiglohnland umbaut"},{"@type":"BreadcrumbList","@id":"https:\/\/now-news.de\/de\/deutschland\/soziale-drohkulisse-wie-merz-die-brd-zum-billiglohnland-umbaut\/#breadcrumb","itemListElement":[{"@type":"ListItem","position":1,"name":"Home","item":"https:\/\/now-news.de\/de\/"},{"@type":"ListItem","position":2,"name":"Soziale Drohkulisse: Wie Merz die BRD zum Billiglohnland umbaut"}]},{"@type":"WebSite","@id":"https:\/\/now-news.de\/de\/#website","url":"https:\/\/now-news.de\/de\/","name":"just-now.NEWS Deutschland","description":"Das Portal f\u00fcr unzensierte Nachrichten aus der Welt","publisher":{"@id":"https:\/\/now-news.de\/de\/#organization"},"potentialAction":[{"@type":"SearchAction","target":{"@type":"EntryPoint","urlTemplate":"https:\/\/now-news.de\/de\/?s={search_term_string}"},"query-input":"required name=search_term_string"}],"inLanguage":"de"},{"@type":"Organization","@id":"https:\/\/now-news.de\/de\/#organization","name":"Just Now News","url":"https:\/\/now-news.de\/de\/","logo":{"@type":"ImageObject","inLanguage":"de","@id":"https:\/\/now-news.de\/de\/#\/schema\/logo\/image\/","url":"http:\/\/just-now.news\/de\/wp-content\/uploads\/sites\/3\/2022\/04\/logo500x500.jpg","contentUrl":"http:\/\/just-now.news\/de\/wp-content\/uploads\/sites\/3\/2022\/04\/logo500x500.jpg","width":500,"height":500,"caption":"Just Now News"},"image":{"@id":"https:\/\/now-news.de\/de\/#\/schema\/logo\/image\/"},"sameAs":["https:\/\/www.facebook.com\/wirmachenauf","https:\/\/x.com\/WirMachenAuf_de"]},{"@type":"Person","@id":"https:\/\/now-news.de\/de\/#\/schema\/person\/fb534a4e865501d8b3285208df34a9b5","name":"rtnews","image":{"@type":"ImageObject","inLanguage":"de","@id":"https:\/\/now-news.de\/de\/#\/schema\/person\/image\/","url":"https:\/\/secure.gravatar.com\/avatar\/82aafea7d8127119dd649515f56e2117?s=96&d=mm&r=g","contentUrl":"https:\/\/secure.gravatar.com\/avatar\/82aafea7d8127119dd649515f56e2117?s=96&d=mm&r=g","caption":"rtnews"},"url":"https:\/\/now-news.de\/de\/author\/rnews\/"}]}},"_links":{"self":[{"href":"https:\/\/now-news.de\/de\/wp-json\/wp\/v2\/posts\/98154"}],"collection":[{"href":"https:\/\/now-news.de\/de\/wp-json\/wp\/v2\/posts"}],"about":[{"href":"https:\/\/now-news.de\/de\/wp-json\/wp\/v2\/types\/post"}],"author":[{"embeddable":true,"href":"https:\/\/now-news.de\/de\/wp-json\/wp\/v2\/users\/3"}],"replies":[{"embeddable":true,"href":"https:\/\/now-news.de\/de\/wp-json\/wp\/v2\/comments?post=98154"}],"version-history":[{"count":0,"href":"https:\/\/now-news.de\/de\/wp-json\/wp\/v2\/posts\/98154\/revisions"}],"wp:featuredmedia":[{"embeddable":true,"href":"https:\/\/now-news.de\/de\/wp-json\/wp\/v2\/media\/98155"}],"wp:attachment":[{"href":"https:\/\/now-news.de\/de\/wp-json\/wp\/v2\/media?parent=98154"}],"wp:term":[{"taxonomy":"category","embeddable":true,"href":"https:\/\/now-news.de\/de\/wp-json\/wp\/v2\/categories?post=98154"},{"taxonomy":"post_tag","embeddable":true,"href":"https:\/\/now-news.de\/de\/wp-json\/wp\/v2\/tags?post=98154"}],"curies":[{"name":"wp","href":"https:\/\/api.w.org\/{rel}","templated":true}]}}