{"id":98120,"date":"2026-01-31T13:33:55","date_gmt":"2026-01-31T11:33:55","guid":{"rendered":"https:\/\/now-news.de\/de\/deutschland\/daenemark-will-straftaeter-automatisch-abschieben\/"},"modified":"2026-01-31T13:33:55","modified_gmt":"2026-01-31T11:33:55","slug":"daenemark-will-straftaeter-automatisch-abschieben","status":"publish","type":"post","link":"https:\/\/now-news.de\/de\/deutschland\/daenemark-will-straftaeter-automatisch-abschieben\/","title":{"rendered":"D\u00e4nemark will Straft\u00e4ter automatisch abschieben"},"content":{"rendered":"<p><img decoding=\"async\" src=\"https:\/\/now-news.de\/de\/wp-content\/uploads\/sites\/3\/2026\/01\/697de45248fbef51bf667fd5.jpg\" \/><\/p>\n<div class=\"Text-root Text-type_1 \">\n                D\u00e4nemarks Regierungschefin Mette Frederiksen will die Abschiebungspolitik ihres Landes weiter versch\u00e4rfen. D\u00e4nemark gilt schon jetzt als eines der EU-L\u00e4nder mit der strengsten Migrationspolitik. Auch eine Ver\u00e4nderung der Europ\u00e4ischen Menschenrechtskonvention sei n\u00f6tig, meint sie.\n            <\/div>\n<p><\/p>\n<div class=\"Text-root Text-type_5 ArticleView-text ViewText-root \">\n<p>Bereits am 1. Mai dieses Jahres soll in D\u00e4nemark eine neue Regelung in Kraft treten, die es erlaubt, ausl\u00e4ndische Straft\u00e4ter, die zu Haftstrafen von \u00fcber einem Jahr verurteilt wurden, k\u00fcnftig automatisch abzuschieben. Betreffen solle das Ausl\u00e4nder, die wegen schwerer Verbrechen wie K\u00f6rperverletzung und Vergewaltigung verurteilt wurden.<\/p>\n<p>Mit diesem Schritt stellt sich die d\u00e4nische Regierung gegen die bisher geltende Rechtsprechung des Europ\u00e4ischen Gerichtshofs f\u00fcr Menschenrechte. Dieses Gericht, das f\u00fcr die Auslegung der Europ\u00e4ischen Menschenrechtskonvention (EMRK) zust\u00e4ndig ist, sieht in solchen Abschiebungen eine Verletzung der Artikel 3 (Verbot unmenschlicher Behandlung) und 8 (Recht auf Achtung des Privat- und Familienlebens). Eine Abschiebung d\u00fcrfe nur aufgrund einer individuellen Entscheidung erfolgen, nicht automatisch.<\/p>\n<p>Die d\u00e4nische Regierung hatte bereits im Dezember bekundet, dass sie diese Vorgaben f\u00fcr nicht mehr zeitgem\u00e4\u00df h\u00e4lt. &#8220;Es ist richtig und notwendig, dass sich die europ\u00e4ischen Staaten an einen Tisch setzen und sagen k\u00f6nnen, dass wir lieber unsere L\u00e4nder sch\u00fctzen als Straft\u00e4ter&#8221;, sagte Ministerpr\u00e4sidentin Mette Frederiksen, als sie Anfang Dezember zusammen mit dem britischen Ministerpr\u00e4sidenten Keir Starmer eine Forderung nach einer Modernisierung der EMRK ins Spiel brachte. Eine Forderung, die nicht einfach zu erf\u00fcllen ist\u00a0\u2012 die EMRK ist ein v\u00f6lkerrechtlicher Vertrag, der von insgesamt 46 Staaten unterzeichnet ist.<\/p>\n<p>Die tats\u00e4chliche Entwicklung sei anders verlaufen, als man es sich bei der Abfassung der EMRK h\u00e4tte vorstellen k\u00f6nnen (das urspr\u00fcngliche Dokument stammt von 1950, das letzte Zusatzprotokoll von 2021). &#8220;Damals h\u00e4tten wir nicht gedacht, dass die Opfer selbst zu T\u00e4tern w\u00fcrden&#8221;, sagte sie mit Verweis insbesondere auf Fl\u00fcchtlinge aus dem Nahen Osten. &#8220;Und ich kann Ihnen versichern, dass leider viele von ihnen genau das geworden sind.&#8221;<\/p>\n<p>Nach Angaben des d\u00e4nischen Migrationsministeriums seien bisher nur 70 Prozent der entsprechend verurteilten Ausl\u00e4nder abgeschoben worden. Ziel sei es, diese Quote zu erh\u00f6hen. In Deutschland liegt sie weit darunter. So <a rel=\"nofollow noopener\" target=\"_blank\" href=\"https:\/\/jum.baden-wuerttemberg.de\/de\/presse-service\/presse\/pressemitteilung\/pid\/bilanz-des-sonderstabs-gefaehrliche-auslaender-fuer-das-jahr-2024-vorgestellt\">berichtete<\/a> das baden-w\u00fcrttembergische Innenministerium in Bezug auf das Jahr 2024 zwar von insgesamt 6.346 Abschiebungen, darunter jedoch nur 92 schwere Straft\u00e4ter. Das Problem waren verschiedenste Abschiebehindernisse, von mangelnder Kooperation der Herkunftsl\u00e4nder bis zu humanit\u00e4ren Gr\u00fcnden. Eine Quote bezogen auf die Gesamtzahl in Deutschland zu entsprechenden Haftstrafen verurteilter Ausl\u00e4nder, die weder EU-B\u00fcrger noch Inhaber eines dauerhaften Aufenthaltsrechts sind, ist nicht bekannt, da schon die Gesamtzahl selbst nicht erfasst wird.<\/p>\n<p>Die d\u00e4nische Regierung plant neben versch\u00e4rften Abschiebungen auch, Anreize f\u00fcr die freiwillige R\u00fcckkehr zu verst\u00e4rken. Sie will grunds\u00e4tzlich erreichen, dass sich &#8220;Fl\u00fcchtlinge nur vor\u00fcbergehend in D\u00e4nemark aufhalten d\u00fcrfen&#8221;.<\/p>\n<p><strong>Mehr zum Thema<\/strong>\u00a0\u2012\u00a0<a rel=\"nofollow noopener\" target=\"_blank\" href=\"https:\/\/freedert.online\/meinung\/255147-friedland-der-ausreisepflichtige-das-maedchen-und-die-ngos\/\">Friedland: Der Ausreisepflichtige, das M\u00e4dchen und die NGOs<\/a><\/p>\n<div class=\"EmbedBlock-root EmbedBlock-externalVideo EmbedBlock-rumble\">\n<div class=\"VkEmbed\"><iframe class=\"lazyload\" data-src=\"https:\/\/rumble.com\/embed\/v72543e\" frameborder=\"0\" width=\"853\" height=\"480\" allowfullscreen><\/iframe><\/div>\n<\/div>\n<\/div>\n<p><br \/>\n<br \/><a href=\"https:\/\/de.rt.com\/europa\/268944-daenemark-will-straftaeter-automatisch-abschieben\/\">Source link <\/a><\/p>\n","protected":false},"excerpt":{"rendered":"<p>D\u00e4nemarks Regierungschefin Mette Frederiksen will die Abschiebungspolitik ihres Landes weiter versch\u00e4rfen. D\u00e4nemark gilt schon jetzt als eines der EU-L\u00e4nder mit der strengsten Migrationspolitik. Auch eine Ver\u00e4nderung der Europ\u00e4ischen Menschenrechtskonvention sei n\u00f6tig, meint sie. Bereits am 1. Mai dieses Jahres soll in D\u00e4nemark eine neue Regelung in Kraft treten, die es erlaubt, ausl\u00e4ndische Straft\u00e4ter, die zu [&hellip;]<\/p>\n","protected":false},"author":3,"featured_media":98121,"comment_status":"open","ping_status":"open","sticky":false,"template":"","format":"standard","meta":{"_yoast_indexnow_last_ping":["1769859273"],"wp_automatic_camp":["217"],"8a2c0c05418c7a869d8baca7a4456c60":["D\u00e4nemark will Straft\u00e4ter automatisch abschieben"],"original_link":["https:\/\/de.rt.com\/europa\/268944-daenemark-will-straftaeter-automatisch-abschieben\/"],"_thumbnail_id":["98121"],"jnews_social_counter_last_update":["1777290474"],"_wptgpro_p2tg_sent2tg":["a:1:{i:23737;s:19:\"2026-01-31 13:35:36\";}"]},"categories":[19,23],"tags":[51839,37084,13801,56177],"yoast_head":"<!-- This site is optimized with the Yoast SEO Premium plugin v22.7 (Yoast SEO v22.7) - https:\/\/yoast.com\/wordpress\/plugins\/seo\/ -->\n<title>D\u00e4nemark will Straft\u00e4ter automatisch abschieben - just-now.NEWS Deutschland<\/title>\n<meta name=\"robots\" content=\"index, follow, max-snippet:-1, max-image-preview:large, max-video-preview:-1\" \/>\n<link rel=\"canonical\" href=\"https:\/\/now-news.de\/de\/deutschland\/daenemark-will-straftaeter-automatisch-abschieben\/\" \/>\n<meta property=\"og:locale\" content=\"de_DE\" \/>\n<meta property=\"og:type\" content=\"article\" \/>\n<meta property=\"og:title\" content=\"D\u00e4nemark will Straft\u00e4ter automatisch abschieben\" \/>\n<meta property=\"og:description\" content=\"D\u00e4nemarks Regierungschefin Mette Frederiksen will die Abschiebungspolitik ihres Landes weiter versch\u00e4rfen. D\u00e4nemark gilt schon jetzt als eines der EU-L\u00e4nder mit der strengsten Migrationspolitik. Auch eine Ver\u00e4nderung der Europ\u00e4ischen Menschenrechtskonvention sei n\u00f6tig, meint sie. Bereits am 1. Mai dieses Jahres soll in D\u00e4nemark eine neue Regelung in Kraft treten, die es erlaubt, ausl\u00e4ndische Straft\u00e4ter, die zu [&hellip;]\" \/>\n<meta property=\"og:url\" content=\"https:\/\/now-news.de\/de\/deutschland\/daenemark-will-straftaeter-automatisch-abschieben\/\" \/>\n<meta property=\"og:site_name\" content=\"just-now.NEWS Deutschland\" \/>\n<meta property=\"article:publisher\" content=\"https:\/\/www.facebook.com\/wirmachenauf\" \/>\n<meta property=\"article:published_time\" content=\"2026-01-31T11:33:55+00:00\" \/>\n<meta property=\"og:image\" content=\"https:\/\/now-news.de\/de\/wp-content\/uploads\/sites\/3\/2026\/01\/697de45248fbef51bf667fd5.jpg\" \/>\n<meta name=\"author\" content=\"rtnews\" \/>\n<meta name=\"twitter:card\" content=\"summary_large_image\" \/>\n<meta name=\"twitter:creator\" content=\"@WirMachenAuf_de\" \/>\n<meta name=\"twitter:site\" content=\"@WirMachenAuf_de\" \/>\n<meta name=\"twitter:label1\" content=\"Verfasst von\" \/>\n\t<meta name=\"twitter:data1\" content=\"rtnews\" \/>\n\t<meta name=\"twitter:label2\" content=\"Gesch\u00e4tzte Lesezeit\" \/>\n\t<meta name=\"twitter:data2\" content=\"2\u00a0Minuten\" \/>\n<script type=\"application\/ld+json\" class=\"yoast-schema-graph\">{\"@context\":\"https:\/\/schema.org\",\"@graph\":[{\"@type\":\"Article\",\"@id\":\"https:\/\/now-news.de\/de\/deutschland\/daenemark-will-straftaeter-automatisch-abschieben\/#article\",\"isPartOf\":{\"@id\":\"https:\/\/now-news.de\/de\/deutschland\/daenemark-will-straftaeter-automatisch-abschieben\/\"},\"author\":{\"name\":\"rtnews\",\"@id\":\"https:\/\/now-news.de\/de\/#\/schema\/person\/fb534a4e865501d8b3285208df34a9b5\"},\"headline\":\"D\u00e4nemark will Straft\u00e4ter automatisch abschieben\",\"datePublished\":\"2026-01-31T11:33:55+00:00\",\"dateModified\":\"2026-01-31T11:33:55+00:00\",\"mainEntityOfPage\":{\"@id\":\"https:\/\/now-news.de\/de\/deutschland\/daenemark-will-straftaeter-automatisch-abschieben\/\"},\"wordCount\":493,\"commentCount\":0,\"publisher\":{\"@id\":\"https:\/\/now-news.de\/de\/#organization\"},\"image\":{\"@id\":\"https:\/\/now-news.de\/de\/deutschland\/daenemark-will-straftaeter-automatisch-abschieben\/#primaryimage\"},\"thumbnailUrl\":\"https:\/\/now-news.de\/de\/wp-content\/uploads\/sites\/3\/2026\/01\/Daenemark-will-Straftaeter-automatisch-abschieben.jpg\",\"keywords\":[\"abschieben\",\"automatisch\",\"D\u00e4nemark\",\"Straft\u00e4ter\"],\"articleSection\":[\"Deutschland\",\"Russland\"],\"inLanguage\":\"de\",\"potentialAction\":[{\"@type\":\"CommentAction\",\"name\":\"Comment\",\"target\":[\"https:\/\/now-news.de\/de\/deutschland\/daenemark-will-straftaeter-automatisch-abschieben\/#respond\"]}]},{\"@type\":\"WebPage\",\"@id\":\"https:\/\/now-news.de\/de\/deutschland\/daenemark-will-straftaeter-automatisch-abschieben\/\",\"url\":\"https:\/\/now-news.de\/de\/deutschland\/daenemark-will-straftaeter-automatisch-abschieben\/\",\"name\":\"D\u00e4nemark will Straft\u00e4ter automatisch abschieben - just-now.NEWS Deutschland\",\"isPartOf\":{\"@id\":\"https:\/\/now-news.de\/de\/#website\"},\"primaryImageOfPage\":{\"@id\":\"https:\/\/now-news.de\/de\/deutschland\/daenemark-will-straftaeter-automatisch-abschieben\/#primaryimage\"},\"image\":{\"@id\":\"https:\/\/now-news.de\/de\/deutschland\/daenemark-will-straftaeter-automatisch-abschieben\/#primaryimage\"},\"thumbnailUrl\":\"https:\/\/now-news.de\/de\/wp-content\/uploads\/sites\/3\/2026\/01\/Daenemark-will-Straftaeter-automatisch-abschieben.jpg\",\"datePublished\":\"2026-01-31T11:33:55+00:00\",\"dateModified\":\"2026-01-31T11:33:55+00:00\",\"breadcrumb\":{\"@id\":\"https:\/\/now-news.de\/de\/deutschland\/daenemark-will-straftaeter-automatisch-abschieben\/#breadcrumb\"},\"inLanguage\":\"de\",\"potentialAction\":[{\"@type\":\"ReadAction\",\"target\":[\"https:\/\/now-news.de\/de\/deutschland\/daenemark-will-straftaeter-automatisch-abschieben\/\"]}]},{\"@type\":\"ImageObject\",\"inLanguage\":\"de\",\"@id\":\"https:\/\/now-news.de\/de\/deutschland\/daenemark-will-straftaeter-automatisch-abschieben\/#primaryimage\",\"url\":\"https:\/\/now-news.de\/de\/wp-content\/uploads\/sites\/3\/2026\/01\/Daenemark-will-Straftaeter-automatisch-abschieben.jpg\",\"contentUrl\":\"https:\/\/now-news.de\/de\/wp-content\/uploads\/sites\/3\/2026\/01\/Daenemark-will-Straftaeter-automatisch-abschieben.jpg\",\"width\":460,\"height\":259,\"caption\":\"D\u00e4nemark will Straft\u00e4ter automatisch abschieben\"},{\"@type\":\"BreadcrumbList\",\"@id\":\"https:\/\/now-news.de\/de\/deutschland\/daenemark-will-straftaeter-automatisch-abschieben\/#breadcrumb\",\"itemListElement\":[{\"@type\":\"ListItem\",\"position\":1,\"name\":\"Home\",\"item\":\"https:\/\/now-news.de\/de\/\"},{\"@type\":\"ListItem\",\"position\":2,\"name\":\"D\u00e4nemark will Straft\u00e4ter automatisch abschieben\"}]},{\"@type\":\"WebSite\",\"@id\":\"https:\/\/now-news.de\/de\/#website\",\"url\":\"https:\/\/now-news.de\/de\/\",\"name\":\"just-now.NEWS Deutschland\",\"description\":\"Das Portal f\u00fcr unzensierte Nachrichten aus der Welt\",\"publisher\":{\"@id\":\"https:\/\/now-news.de\/de\/#organization\"},\"potentialAction\":[{\"@type\":\"SearchAction\",\"target\":{\"@type\":\"EntryPoint\",\"urlTemplate\":\"https:\/\/now-news.de\/de\/?s={search_term_string}\"},\"query-input\":\"required name=search_term_string\"}],\"inLanguage\":\"de\"},{\"@type\":\"Organization\",\"@id\":\"https:\/\/now-news.de\/de\/#organization\",\"name\":\"Just Now News\",\"url\":\"https:\/\/now-news.de\/de\/\",\"logo\":{\"@type\":\"ImageObject\",\"inLanguage\":\"de\",\"@id\":\"https:\/\/now-news.de\/de\/#\/schema\/logo\/image\/\",\"url\":\"http:\/\/just-now.news\/de\/wp-content\/uploads\/sites\/3\/2022\/04\/logo500x500.jpg\",\"contentUrl\":\"http:\/\/just-now.news\/de\/wp-content\/uploads\/sites\/3\/2022\/04\/logo500x500.jpg\",\"width\":500,\"height\":500,\"caption\":\"Just Now News\"},\"image\":{\"@id\":\"https:\/\/now-news.de\/de\/#\/schema\/logo\/image\/\"},\"sameAs\":[\"https:\/\/www.facebook.com\/wirmachenauf\",\"https:\/\/x.com\/WirMachenAuf_de\"]},{\"@type\":\"Person\",\"@id\":\"https:\/\/now-news.de\/de\/#\/schema\/person\/fb534a4e865501d8b3285208df34a9b5\",\"name\":\"rtnews\",\"image\":{\"@type\":\"ImageObject\",\"inLanguage\":\"de\",\"@id\":\"https:\/\/now-news.de\/de\/#\/schema\/person\/image\/\",\"url\":\"https:\/\/secure.gravatar.com\/avatar\/82aafea7d8127119dd649515f56e2117?s=96&d=mm&r=g\",\"contentUrl\":\"https:\/\/secure.gravatar.com\/avatar\/82aafea7d8127119dd649515f56e2117?s=96&d=mm&r=g\",\"caption\":\"rtnews\"},\"url\":\"https:\/\/now-news.de\/de\/author\/rnews\/\"}]}<\/script>\n<!-- \/ Yoast SEO Premium plugin. -->","yoast_head_json":{"title":"D\u00e4nemark will Straft\u00e4ter automatisch abschieben - just-now.NEWS Deutschland","robots":{"index":"index","follow":"follow","max-snippet":"max-snippet:-1","max-image-preview":"max-image-preview:large","max-video-preview":"max-video-preview:-1"},"canonical":"https:\/\/now-news.de\/de\/deutschland\/daenemark-will-straftaeter-automatisch-abschieben\/","og_locale":"de_DE","og_type":"article","og_title":"D\u00e4nemark will Straft\u00e4ter automatisch abschieben","og_description":"D\u00e4nemarks Regierungschefin Mette Frederiksen will die Abschiebungspolitik ihres Landes weiter versch\u00e4rfen. D\u00e4nemark gilt schon jetzt als eines der EU-L\u00e4nder mit der strengsten Migrationspolitik. Auch eine Ver\u00e4nderung der Europ\u00e4ischen Menschenrechtskonvention sei n\u00f6tig, meint sie. Bereits am 1. Mai dieses Jahres soll in D\u00e4nemark eine neue Regelung in Kraft treten, die es erlaubt, ausl\u00e4ndische Straft\u00e4ter, die zu [&hellip;]","og_url":"https:\/\/now-news.de\/de\/deutschland\/daenemark-will-straftaeter-automatisch-abschieben\/","og_site_name":"just-now.NEWS Deutschland","article_publisher":"https:\/\/www.facebook.com\/wirmachenauf","article_published_time":"2026-01-31T11:33:55+00:00","og_image":[{"url":"https:\/\/now-news.de\/de\/wp-content\/uploads\/sites\/3\/2026\/01\/697de45248fbef51bf667fd5.jpg"}],"author":"rtnews","twitter_card":"summary_large_image","twitter_creator":"@WirMachenAuf_de","twitter_site":"@WirMachenAuf_de","twitter_misc":{"Verfasst von":"rtnews","Gesch\u00e4tzte Lesezeit":"2\u00a0Minuten"},"schema":{"@context":"https:\/\/schema.org","@graph":[{"@type":"Article","@id":"https:\/\/now-news.de\/de\/deutschland\/daenemark-will-straftaeter-automatisch-abschieben\/#article","isPartOf":{"@id":"https:\/\/now-news.de\/de\/deutschland\/daenemark-will-straftaeter-automatisch-abschieben\/"},"author":{"name":"rtnews","@id":"https:\/\/now-news.de\/de\/#\/schema\/person\/fb534a4e865501d8b3285208df34a9b5"},"headline":"D\u00e4nemark will Straft\u00e4ter automatisch abschieben","datePublished":"2026-01-31T11:33:55+00:00","dateModified":"2026-01-31T11:33:55+00:00","mainEntityOfPage":{"@id":"https:\/\/now-news.de\/de\/deutschland\/daenemark-will-straftaeter-automatisch-abschieben\/"},"wordCount":493,"commentCount":0,"publisher":{"@id":"https:\/\/now-news.de\/de\/#organization"},"image":{"@id":"https:\/\/now-news.de\/de\/deutschland\/daenemark-will-straftaeter-automatisch-abschieben\/#primaryimage"},"thumbnailUrl":"https:\/\/now-news.de\/de\/wp-content\/uploads\/sites\/3\/2026\/01\/Daenemark-will-Straftaeter-automatisch-abschieben.jpg","keywords":["abschieben","automatisch","D\u00e4nemark","Straft\u00e4ter"],"articleSection":["Deutschland","Russland"],"inLanguage":"de","potentialAction":[{"@type":"CommentAction","name":"Comment","target":["https:\/\/now-news.de\/de\/deutschland\/daenemark-will-straftaeter-automatisch-abschieben\/#respond"]}]},{"@type":"WebPage","@id":"https:\/\/now-news.de\/de\/deutschland\/daenemark-will-straftaeter-automatisch-abschieben\/","url":"https:\/\/now-news.de\/de\/deutschland\/daenemark-will-straftaeter-automatisch-abschieben\/","name":"D\u00e4nemark will Straft\u00e4ter automatisch abschieben - just-now.NEWS Deutschland","isPartOf":{"@id":"https:\/\/now-news.de\/de\/#website"},"primaryImageOfPage":{"@id":"https:\/\/now-news.de\/de\/deutschland\/daenemark-will-straftaeter-automatisch-abschieben\/#primaryimage"},"image":{"@id":"https:\/\/now-news.de\/de\/deutschland\/daenemark-will-straftaeter-automatisch-abschieben\/#primaryimage"},"thumbnailUrl":"https:\/\/now-news.de\/de\/wp-content\/uploads\/sites\/3\/2026\/01\/Daenemark-will-Straftaeter-automatisch-abschieben.jpg","datePublished":"2026-01-31T11:33:55+00:00","dateModified":"2026-01-31T11:33:55+00:00","breadcrumb":{"@id":"https:\/\/now-news.de\/de\/deutschland\/daenemark-will-straftaeter-automatisch-abschieben\/#breadcrumb"},"inLanguage":"de","potentialAction":[{"@type":"ReadAction","target":["https:\/\/now-news.de\/de\/deutschland\/daenemark-will-straftaeter-automatisch-abschieben\/"]}]},{"@type":"ImageObject","inLanguage":"de","@id":"https:\/\/now-news.de\/de\/deutschland\/daenemark-will-straftaeter-automatisch-abschieben\/#primaryimage","url":"https:\/\/now-news.de\/de\/wp-content\/uploads\/sites\/3\/2026\/01\/Daenemark-will-Straftaeter-automatisch-abschieben.jpg","contentUrl":"https:\/\/now-news.de\/de\/wp-content\/uploads\/sites\/3\/2026\/01\/Daenemark-will-Straftaeter-automatisch-abschieben.jpg","width":460,"height":259,"caption":"D\u00e4nemark will Straft\u00e4ter automatisch abschieben"},{"@type":"BreadcrumbList","@id":"https:\/\/now-news.de\/de\/deutschland\/daenemark-will-straftaeter-automatisch-abschieben\/#breadcrumb","itemListElement":[{"@type":"ListItem","position":1,"name":"Home","item":"https:\/\/now-news.de\/de\/"},{"@type":"ListItem","position":2,"name":"D\u00e4nemark will Straft\u00e4ter automatisch abschieben"}]},{"@type":"WebSite","@id":"https:\/\/now-news.de\/de\/#website","url":"https:\/\/now-news.de\/de\/","name":"just-now.NEWS Deutschland","description":"Das Portal f\u00fcr unzensierte Nachrichten aus der Welt","publisher":{"@id":"https:\/\/now-news.de\/de\/#organization"},"potentialAction":[{"@type":"SearchAction","target":{"@type":"EntryPoint","urlTemplate":"https:\/\/now-news.de\/de\/?s={search_term_string}"},"query-input":"required name=search_term_string"}],"inLanguage":"de"},{"@type":"Organization","@id":"https:\/\/now-news.de\/de\/#organization","name":"Just Now News","url":"https:\/\/now-news.de\/de\/","logo":{"@type":"ImageObject","inLanguage":"de","@id":"https:\/\/now-news.de\/de\/#\/schema\/logo\/image\/","url":"http:\/\/just-now.news\/de\/wp-content\/uploads\/sites\/3\/2022\/04\/logo500x500.jpg","contentUrl":"http:\/\/just-now.news\/de\/wp-content\/uploads\/sites\/3\/2022\/04\/logo500x500.jpg","width":500,"height":500,"caption":"Just Now News"},"image":{"@id":"https:\/\/now-news.de\/de\/#\/schema\/logo\/image\/"},"sameAs":["https:\/\/www.facebook.com\/wirmachenauf","https:\/\/x.com\/WirMachenAuf_de"]},{"@type":"Person","@id":"https:\/\/now-news.de\/de\/#\/schema\/person\/fb534a4e865501d8b3285208df34a9b5","name":"rtnews","image":{"@type":"ImageObject","inLanguage":"de","@id":"https:\/\/now-news.de\/de\/#\/schema\/person\/image\/","url":"https:\/\/secure.gravatar.com\/avatar\/82aafea7d8127119dd649515f56e2117?s=96&d=mm&r=g","contentUrl":"https:\/\/secure.gravatar.com\/avatar\/82aafea7d8127119dd649515f56e2117?s=96&d=mm&r=g","caption":"rtnews"},"url":"https:\/\/now-news.de\/de\/author\/rnews\/"}]}},"_links":{"self":[{"href":"https:\/\/now-news.de\/de\/wp-json\/wp\/v2\/posts\/98120"}],"collection":[{"href":"https:\/\/now-news.de\/de\/wp-json\/wp\/v2\/posts"}],"about":[{"href":"https:\/\/now-news.de\/de\/wp-json\/wp\/v2\/types\/post"}],"author":[{"embeddable":true,"href":"https:\/\/now-news.de\/de\/wp-json\/wp\/v2\/users\/3"}],"replies":[{"embeddable":true,"href":"https:\/\/now-news.de\/de\/wp-json\/wp\/v2\/comments?post=98120"}],"version-history":[{"count":0,"href":"https:\/\/now-news.de\/de\/wp-json\/wp\/v2\/posts\/98120\/revisions"}],"wp:featuredmedia":[{"embeddable":true,"href":"https:\/\/now-news.de\/de\/wp-json\/wp\/v2\/media\/98121"}],"wp:attachment":[{"href":"https:\/\/now-news.de\/de\/wp-json\/wp\/v2\/media?parent=98120"}],"wp:term":[{"taxonomy":"category","embeddable":true,"href":"https:\/\/now-news.de\/de\/wp-json\/wp\/v2\/categories?post=98120"},{"taxonomy":"post_tag","embeddable":true,"href":"https:\/\/now-news.de\/de\/wp-json\/wp\/v2\/tags?post=98120"}],"curies":[{"name":"wp","href":"https:\/\/api.w.org\/{rel}","templated":true}]}}