{"id":98094,"date":"2026-01-30T20:35:58","date_gmt":"2026-01-30T18:35:58","guid":{"rendered":"https:\/\/now-news.de\/de\/deutschland\/angriff-auf-flughafen-in-niger-praesident-wirft-frankreich-unterstuetzung-von-soeldnern-vor\/"},"modified":"2026-01-30T20:35:58","modified_gmt":"2026-01-30T18:35:58","slug":"angriff-auf-flughafen-in-niger-praesident-wirft-frankreich-unterstuetzung-von-soeldnern-vor","status":"publish","type":"post","link":"https:\/\/now-news.de\/de\/deutschland\/angriff-auf-flughafen-in-niger-praesident-wirft-frankreich-unterstuetzung-von-soeldnern-vor\/","title":{"rendered":"Angriff auf Flughafen in Niger: Pr\u00e4sident wirft Frankreich Unterst\u00fctzung von S\u00f6ldnern vor"},"content":{"rendered":"<p><img decoding=\"async\" src=\"https:\/\/now-news.de\/de\/wp-content\/uploads\/sites\/3\/2026\/01\/697cd8e2b480cc15f7794376.jpg\" \/><\/p>\n<div class=\"Text-root Text-type_1 \">\n                Hinter dem Angriff auf den Flughafen der nigrischen Hauptstadt Niamey am Donnerstag stecken K\u00e4mpfer, die von Frankreich, Benin und der Elfenbeink\u00fcste unterst\u00fctzt werden, erkl\u00e4rte Pr\u00e4sident Abdourahamane Tchiani. Die Beh\u00f6rden in Niger melden 20 Tote und elf Festgenommene.\n            <\/div>\n<p><\/p>\n<div class=\"Text-root Text-type_5 ArticleView-text ViewText-root \">\n<p>Fr\u00fch am Donnerstag haben bewaffnete Gruppierungen den Flughafen der nigrischen Hauptstadt Niamey und den nahegelegenen\u00a0Milit\u00e4rflugplatz Base A\u00e9rienne 101 angegriffen. Laut dem Verteidigungsministerium des westafrikanischen Landes wurden 20 K\u00e4mpfer get\u00f6tet und elf Personen festgenommen. Zudem erlitten vier Soldaten Verletzungen. Ein Flugzeug wurde besch\u00e4digt.<\/p>\n<p>Der Pr\u00e4sident von Niger, Abdourahamane Tchiani, erkl\u00e4rte am Freitag bei seinem Besuch auf der Base A\u00e9rienne 101, dass die Staatsoberh\u00e4upter Frankreichs, Benins und\u00a0der Elfenbeink\u00fcste Unterst\u00fctzung f\u00fcr die Angreifer leisteten. Die <em>Associated Press<\/em> zitiert Tchiani:<\/p>\n<blockquote>\n<p><em>&#8220;Wir erinnern die Sponsoren dieser S\u00f6ldner, n\u00e4mlich Emmanuel Macron [Pr\u00e4sident Frankreichs], Patrice Talon [Pr\u00e4sident Benins] und Alassane Ouattara [Pr\u00e4sident der Elfenbeink\u00fcste] daran, dass wir ihr Gebell lange genug geh\u00f6rt haben. Nun sollten sie sich darauf vorbereiten, unser Gebr\u00fcll zu h\u00f6ren.&#8221;<\/em><\/p>\n<\/blockquote>\n<p>Tchiani bedankte sich bei den Milit\u00e4rangeh\u00f6rigen f\u00fcr die Abwehr des Angriffs sowie bei den russischen Soldaten f\u00fcr die Verteidigung des ihnen anvertrauten Bereichs. Die Stationierung russischer Soldaten auf der Base A\u00e9rienne 101 wurde Anfang Mai 2024 durch\u00a0Medienberichte bekannt. Zun\u00e4chst teilten sie sich den Milit\u00e4rflugplatz mit US-Soldaten. Sp\u00e4ter wurde das US-Kontingent verlegt.<\/p>\n<p>Der Flughafen von Niamey gilt als strategischer Knotenpunkt,\u00a0an dem Milit\u00e4rst\u00fctzpunkte sowie das Hauptquartier des gemeinsamen Milit\u00e4rkontingents von Niger, Burkina Faso und Mali liegen. Zudem wird dort ein gro\u00dfer Vorrat an Uran gelagert, das im Zentrum eines Streits mit dem franz\u00f6sischen Nuklearunternehmen Orano steht.<\/p>\n<p>Zu dem Angriff auf den Flughafen bekannte sich die Terrormiliz &#8220;Islamischer Staat&#8221;, <a rel=\"nofollow noopener\" target=\"_blank\" href=\"https:\/\/www.reuters.com\/world\/africa\/islamic-state-claims-deadly-attack-airport-niger-capital-2026-01-30\/\">berichtete<\/a>\u00a0<em>Reuters<\/em> mit Verweis auf Informationen der US-Firma SITE Intelligence Group. Der Islamische Staat sprach von einer &#8220;\u00fcberraschenden und koordinierten Attacke&#8221;,\u00a0durch die\u00a0&#8220;erhebliche Sch\u00e4den&#8221; zugef\u00fcgt worden seien, nannte jedoch keine weiteren Einzelheiten.<\/p>\n<p><strong>Mehr zum Thema<\/strong> \u2013 <a rel=\"nofollow noopener\" target=\"_blank\" href=\"https:\/\/freedert.online\/international\/252654-fuenf-prozent-weltweiten-uranfoerderung-nigers\/\">F\u00fcnf Prozent der weltweiten Uranf\u00f6rderung \u2013 Nigers Angebot an Russland<\/a><\/p>\n<div class=\"EmbedBlock-root EmbedBlock-externalVideo EmbedBlock-rumble\">\n<div class=\"VkEmbed\"><iframe class=\"lazyload\" data-src=\"https:\/\/rumble.com\/embed\/v71jvgs\" frameborder=\"0\" width=\"853\" height=\"480\" allowfullscreen><\/iframe><\/div>\n<\/div>\n<\/div>\n<p><br \/>\n<br \/><a href=\"https:\/\/de.rt.com\/afrika\/268867-angriff-auf-flughafen-in-niger\/\">Source link <\/a><\/p>\n","protected":false},"excerpt":{"rendered":"<p>Hinter dem Angriff auf den Flughafen der nigrischen Hauptstadt Niamey am Donnerstag stecken K\u00e4mpfer, die von Frankreich, Benin und der Elfenbeink\u00fcste unterst\u00fctzt werden, erkl\u00e4rte Pr\u00e4sident Abdourahamane Tchiani. Die Beh\u00f6rden in Niger melden 20 Tote und elf Festgenommene. Fr\u00fch am Donnerstag haben bewaffnete Gruppierungen den Flughafen der nigrischen Hauptstadt Niamey und den nahegelegenen\u00a0Milit\u00e4rflugplatz Base A\u00e9rienne 101 [&hellip;]<\/p>\n","protected":false},"author":3,"featured_media":98095,"comment_status":"open","ping_status":"open","sticky":false,"template":"","format":"standard","meta":{"_yoast_indexnow_last_ping":["1769798686"],"wp_automatic_camp":["217"],"2fc0848a443c09f7d5fc50c20569bdd4":["Angriff auf Flughafen in Niger: Pr\u00e4sident wirft Frankreich Unterst\u00fctzung von S\u00f6ldnern vor"],"original_link":["https:\/\/de.rt.com\/afrika\/268867-angriff-auf-flughafen-in-niger\/"],"_thumbnail_id":["98095"],"_wptgpro_p2tg_sent2tg":["a:1:{i:23737;s:19:\"2026-01-30 20:45:41\";}"],"jnews_social_counter_last_update":["1777185188"]},"categories":[19,23],"tags":[6126,133,21475,3320,36434,3464,22946,962,50,320,7129],"yoast_head":"<!-- This site is optimized with the Yoast SEO Premium plugin v22.7 (Yoast SEO v22.7) - https:\/\/yoast.com\/wordpress\/plugins\/seo\/ -->\n<title>Angriff auf Flughafen in Niger: Pr\u00e4sident wirft Frankreich Unterst\u00fctzung von S\u00f6ldnern vor - just-now.NEWS Deutschland<\/title>\n<meta name=\"robots\" content=\"index, follow, max-snippet:-1, max-image-preview:large, max-video-preview:-1\" \/>\n<link rel=\"canonical\" href=\"https:\/\/now-news.de\/de\/deutschland\/angriff-auf-flughafen-in-niger-praesident-wirft-frankreich-unterstuetzung-von-soeldnern-vor\/\" \/>\n<meta property=\"og:locale\" content=\"de_DE\" \/>\n<meta property=\"og:type\" content=\"article\" \/>\n<meta property=\"og:title\" content=\"Angriff auf Flughafen in Niger: Pr\u00e4sident wirft Frankreich Unterst\u00fctzung von S\u00f6ldnern vor\" \/>\n<meta property=\"og:description\" content=\"Hinter dem Angriff auf den Flughafen der nigrischen Hauptstadt Niamey am Donnerstag stecken K\u00e4mpfer, die von Frankreich, Benin und der Elfenbeink\u00fcste unterst\u00fctzt werden, erkl\u00e4rte Pr\u00e4sident Abdourahamane Tchiani. Die Beh\u00f6rden in Niger melden 20 Tote und elf Festgenommene. Fr\u00fch am Donnerstag haben bewaffnete Gruppierungen den Flughafen der nigrischen Hauptstadt Niamey und den nahegelegenen\u00a0Milit\u00e4rflugplatz Base A\u00e9rienne 101 [&hellip;]\" \/>\n<meta property=\"og:url\" content=\"https:\/\/now-news.de\/de\/deutschland\/angriff-auf-flughafen-in-niger-praesident-wirft-frankreich-unterstuetzung-von-soeldnern-vor\/\" \/>\n<meta property=\"og:site_name\" content=\"just-now.NEWS Deutschland\" \/>\n<meta property=\"article:publisher\" content=\"https:\/\/www.facebook.com\/wirmachenauf\" \/>\n<meta property=\"article:published_time\" content=\"2026-01-30T18:35:58+00:00\" \/>\n<meta property=\"og:image\" content=\"https:\/\/now-news.de\/de\/wp-content\/uploads\/sites\/3\/2026\/01\/697cd8e2b480cc15f7794376.jpg\" \/>\n<meta name=\"author\" content=\"rtnews\" \/>\n<meta name=\"twitter:card\" content=\"summary_large_image\" \/>\n<meta name=\"twitter:creator\" content=\"@WirMachenAuf_de\" \/>\n<meta name=\"twitter:site\" content=\"@WirMachenAuf_de\" \/>\n<meta name=\"twitter:label1\" content=\"Verfasst von\" \/>\n\t<meta name=\"twitter:data1\" content=\"rtnews\" \/>\n\t<meta name=\"twitter:label2\" content=\"Gesch\u00e4tzte Lesezeit\" \/>\n\t<meta name=\"twitter:data2\" content=\"2\u00a0Minuten\" \/>\n<script type=\"application\/ld+json\" class=\"yoast-schema-graph\">{\"@context\":\"https:\/\/schema.org\",\"@graph\":[{\"@type\":\"Article\",\"@id\":\"https:\/\/now-news.de\/de\/deutschland\/angriff-auf-flughafen-in-niger-praesident-wirft-frankreich-unterstuetzung-von-soeldnern-vor\/#article\",\"isPartOf\":{\"@id\":\"https:\/\/now-news.de\/de\/deutschland\/angriff-auf-flughafen-in-niger-praesident-wirft-frankreich-unterstuetzung-von-soeldnern-vor\/\"},\"author\":{\"name\":\"rtnews\",\"@id\":\"https:\/\/now-news.de\/de\/#\/schema\/person\/fb534a4e865501d8b3285208df34a9b5\"},\"headline\":\"Angriff auf Flughafen in Niger: Pr\u00e4sident wirft Frankreich Unterst\u00fctzung von S\u00f6ldnern vor\",\"datePublished\":\"2026-01-30T18:35:58+00:00\",\"dateModified\":\"2026-01-30T18:35:58+00:00\",\"mainEntityOfPage\":{\"@id\":\"https:\/\/now-news.de\/de\/deutschland\/angriff-auf-flughafen-in-niger-praesident-wirft-frankreich-unterstuetzung-von-soeldnern-vor\/\"},\"wordCount\":365,\"commentCount\":0,\"publisher\":{\"@id\":\"https:\/\/now-news.de\/de\/#organization\"},\"image\":{\"@id\":\"https:\/\/now-news.de\/de\/deutschland\/angriff-auf-flughafen-in-niger-praesident-wirft-frankreich-unterstuetzung-von-soeldnern-vor\/#primaryimage\"},\"thumbnailUrl\":\"https:\/\/now-news.de\/de\/wp-content\/uploads\/sites\/3\/2026\/01\/Angriff-auf-Flughafen-in-Niger-Praesident-wirft-Frankreich-Unterstuetzung-von.jpg\",\"keywords\":[\"Angriff\",\"AUF\",\"Flughafen\",\"Frankreich\",\"Niger\",\"Pr\u00e4sident\",\"S\u00f6ldnern\",\"Unterst\u00fctzung\",\"von\",\"vor\",\"wirft\"],\"articleSection\":[\"Deutschland\",\"Russland\"],\"inLanguage\":\"de\",\"potentialAction\":[{\"@type\":\"CommentAction\",\"name\":\"Comment\",\"target\":[\"https:\/\/now-news.de\/de\/deutschland\/angriff-auf-flughafen-in-niger-praesident-wirft-frankreich-unterstuetzung-von-soeldnern-vor\/#respond\"]}]},{\"@type\":\"WebPage\",\"@id\":\"https:\/\/now-news.de\/de\/deutschland\/angriff-auf-flughafen-in-niger-praesident-wirft-frankreich-unterstuetzung-von-soeldnern-vor\/\",\"url\":\"https:\/\/now-news.de\/de\/deutschland\/angriff-auf-flughafen-in-niger-praesident-wirft-frankreich-unterstuetzung-von-soeldnern-vor\/\",\"name\":\"Angriff auf Flughafen in Niger: Pr\u00e4sident wirft Frankreich Unterst\u00fctzung von S\u00f6ldnern vor - just-now.NEWS Deutschland\",\"isPartOf\":{\"@id\":\"https:\/\/now-news.de\/de\/#website\"},\"primaryImageOfPage\":{\"@id\":\"https:\/\/now-news.de\/de\/deutschland\/angriff-auf-flughafen-in-niger-praesident-wirft-frankreich-unterstuetzung-von-soeldnern-vor\/#primaryimage\"},\"image\":{\"@id\":\"https:\/\/now-news.de\/de\/deutschland\/angriff-auf-flughafen-in-niger-praesident-wirft-frankreich-unterstuetzung-von-soeldnern-vor\/#primaryimage\"},\"thumbnailUrl\":\"https:\/\/now-news.de\/de\/wp-content\/uploads\/sites\/3\/2026\/01\/Angriff-auf-Flughafen-in-Niger-Praesident-wirft-Frankreich-Unterstuetzung-von.jpg\",\"datePublished\":\"2026-01-30T18:35:58+00:00\",\"dateModified\":\"2026-01-30T18:35:58+00:00\",\"breadcrumb\":{\"@id\":\"https:\/\/now-news.de\/de\/deutschland\/angriff-auf-flughafen-in-niger-praesident-wirft-frankreich-unterstuetzung-von-soeldnern-vor\/#breadcrumb\"},\"inLanguage\":\"de\",\"potentialAction\":[{\"@type\":\"ReadAction\",\"target\":[\"https:\/\/now-news.de\/de\/deutschland\/angriff-auf-flughafen-in-niger-praesident-wirft-frankreich-unterstuetzung-von-soeldnern-vor\/\"]}]},{\"@type\":\"ImageObject\",\"inLanguage\":\"de\",\"@id\":\"https:\/\/now-news.de\/de\/deutschland\/angriff-auf-flughafen-in-niger-praesident-wirft-frankreich-unterstuetzung-von-soeldnern-vor\/#primaryimage\",\"url\":\"https:\/\/now-news.de\/de\/wp-content\/uploads\/sites\/3\/2026\/01\/Angriff-auf-Flughafen-in-Niger-Praesident-wirft-Frankreich-Unterstuetzung-von.jpg\",\"contentUrl\":\"https:\/\/now-news.de\/de\/wp-content\/uploads\/sites\/3\/2026\/01\/Angriff-auf-Flughafen-in-Niger-Praesident-wirft-Frankreich-Unterstuetzung-von.jpg\",\"width\":460,\"height\":259,\"caption\":\"Angriff auf Flughafen in Niger: Pr\u00e4sident wirft Frankreich Unterst\u00fctzung von S\u00f6ldnern vor\"},{\"@type\":\"BreadcrumbList\",\"@id\":\"https:\/\/now-news.de\/de\/deutschland\/angriff-auf-flughafen-in-niger-praesident-wirft-frankreich-unterstuetzung-von-soeldnern-vor\/#breadcrumb\",\"itemListElement\":[{\"@type\":\"ListItem\",\"position\":1,\"name\":\"Home\",\"item\":\"https:\/\/now-news.de\/de\/\"},{\"@type\":\"ListItem\",\"position\":2,\"name\":\"Angriff auf Flughafen in Niger: Pr\u00e4sident wirft Frankreich Unterst\u00fctzung von S\u00f6ldnern vor\"}]},{\"@type\":\"WebSite\",\"@id\":\"https:\/\/now-news.de\/de\/#website\",\"url\":\"https:\/\/now-news.de\/de\/\",\"name\":\"just-now.NEWS Deutschland\",\"description\":\"Das Portal f\u00fcr unzensierte Nachrichten aus der Welt\",\"publisher\":{\"@id\":\"https:\/\/now-news.de\/de\/#organization\"},\"potentialAction\":[{\"@type\":\"SearchAction\",\"target\":{\"@type\":\"EntryPoint\",\"urlTemplate\":\"https:\/\/now-news.de\/de\/?s={search_term_string}\"},\"query-input\":\"required name=search_term_string\"}],\"inLanguage\":\"de\"},{\"@type\":\"Organization\",\"@id\":\"https:\/\/now-news.de\/de\/#organization\",\"name\":\"Just Now News\",\"url\":\"https:\/\/now-news.de\/de\/\",\"logo\":{\"@type\":\"ImageObject\",\"inLanguage\":\"de\",\"@id\":\"https:\/\/now-news.de\/de\/#\/schema\/logo\/image\/\",\"url\":\"http:\/\/just-now.news\/de\/wp-content\/uploads\/sites\/3\/2022\/04\/logo500x500.jpg\",\"contentUrl\":\"http:\/\/just-now.news\/de\/wp-content\/uploads\/sites\/3\/2022\/04\/logo500x500.jpg\",\"width\":500,\"height\":500,\"caption\":\"Just Now News\"},\"image\":{\"@id\":\"https:\/\/now-news.de\/de\/#\/schema\/logo\/image\/\"},\"sameAs\":[\"https:\/\/www.facebook.com\/wirmachenauf\",\"https:\/\/x.com\/WirMachenAuf_de\"]},{\"@type\":\"Person\",\"@id\":\"https:\/\/now-news.de\/de\/#\/schema\/person\/fb534a4e865501d8b3285208df34a9b5\",\"name\":\"rtnews\",\"image\":{\"@type\":\"ImageObject\",\"inLanguage\":\"de\",\"@id\":\"https:\/\/now-news.de\/de\/#\/schema\/person\/image\/\",\"url\":\"https:\/\/secure.gravatar.com\/avatar\/82aafea7d8127119dd649515f56e2117?s=96&d=mm&r=g\",\"contentUrl\":\"https:\/\/secure.gravatar.com\/avatar\/82aafea7d8127119dd649515f56e2117?s=96&d=mm&r=g\",\"caption\":\"rtnews\"},\"url\":\"https:\/\/now-news.de\/de\/author\/rnews\/\"}]}<\/script>\n<!-- \/ Yoast SEO Premium plugin. -->","yoast_head_json":{"title":"Angriff auf Flughafen in Niger: Pr\u00e4sident wirft Frankreich Unterst\u00fctzung von S\u00f6ldnern vor - just-now.NEWS Deutschland","robots":{"index":"index","follow":"follow","max-snippet":"max-snippet:-1","max-image-preview":"max-image-preview:large","max-video-preview":"max-video-preview:-1"},"canonical":"https:\/\/now-news.de\/de\/deutschland\/angriff-auf-flughafen-in-niger-praesident-wirft-frankreich-unterstuetzung-von-soeldnern-vor\/","og_locale":"de_DE","og_type":"article","og_title":"Angriff auf Flughafen in Niger: Pr\u00e4sident wirft Frankreich Unterst\u00fctzung von S\u00f6ldnern vor","og_description":"Hinter dem Angriff auf den Flughafen der nigrischen Hauptstadt Niamey am Donnerstag stecken K\u00e4mpfer, die von Frankreich, Benin und der Elfenbeink\u00fcste unterst\u00fctzt werden, erkl\u00e4rte Pr\u00e4sident Abdourahamane Tchiani. Die Beh\u00f6rden in Niger melden 20 Tote und elf Festgenommene. Fr\u00fch am Donnerstag haben bewaffnete Gruppierungen den Flughafen der nigrischen Hauptstadt Niamey und den nahegelegenen\u00a0Milit\u00e4rflugplatz Base A\u00e9rienne 101 [&hellip;]","og_url":"https:\/\/now-news.de\/de\/deutschland\/angriff-auf-flughafen-in-niger-praesident-wirft-frankreich-unterstuetzung-von-soeldnern-vor\/","og_site_name":"just-now.NEWS Deutschland","article_publisher":"https:\/\/www.facebook.com\/wirmachenauf","article_published_time":"2026-01-30T18:35:58+00:00","og_image":[{"url":"https:\/\/now-news.de\/de\/wp-content\/uploads\/sites\/3\/2026\/01\/697cd8e2b480cc15f7794376.jpg"}],"author":"rtnews","twitter_card":"summary_large_image","twitter_creator":"@WirMachenAuf_de","twitter_site":"@WirMachenAuf_de","twitter_misc":{"Verfasst von":"rtnews","Gesch\u00e4tzte Lesezeit":"2\u00a0Minuten"},"schema":{"@context":"https:\/\/schema.org","@graph":[{"@type":"Article","@id":"https:\/\/now-news.de\/de\/deutschland\/angriff-auf-flughafen-in-niger-praesident-wirft-frankreich-unterstuetzung-von-soeldnern-vor\/#article","isPartOf":{"@id":"https:\/\/now-news.de\/de\/deutschland\/angriff-auf-flughafen-in-niger-praesident-wirft-frankreich-unterstuetzung-von-soeldnern-vor\/"},"author":{"name":"rtnews","@id":"https:\/\/now-news.de\/de\/#\/schema\/person\/fb534a4e865501d8b3285208df34a9b5"},"headline":"Angriff auf Flughafen in Niger: Pr\u00e4sident wirft Frankreich Unterst\u00fctzung von S\u00f6ldnern vor","datePublished":"2026-01-30T18:35:58+00:00","dateModified":"2026-01-30T18:35:58+00:00","mainEntityOfPage":{"@id":"https:\/\/now-news.de\/de\/deutschland\/angriff-auf-flughafen-in-niger-praesident-wirft-frankreich-unterstuetzung-von-soeldnern-vor\/"},"wordCount":365,"commentCount":0,"publisher":{"@id":"https:\/\/now-news.de\/de\/#organization"},"image":{"@id":"https:\/\/now-news.de\/de\/deutschland\/angriff-auf-flughafen-in-niger-praesident-wirft-frankreich-unterstuetzung-von-soeldnern-vor\/#primaryimage"},"thumbnailUrl":"https:\/\/now-news.de\/de\/wp-content\/uploads\/sites\/3\/2026\/01\/Angriff-auf-Flughafen-in-Niger-Praesident-wirft-Frankreich-Unterstuetzung-von.jpg","keywords":["Angriff","AUF","Flughafen","Frankreich","Niger","Pr\u00e4sident","S\u00f6ldnern","Unterst\u00fctzung","von","vor","wirft"],"articleSection":["Deutschland","Russland"],"inLanguage":"de","potentialAction":[{"@type":"CommentAction","name":"Comment","target":["https:\/\/now-news.de\/de\/deutschland\/angriff-auf-flughafen-in-niger-praesident-wirft-frankreich-unterstuetzung-von-soeldnern-vor\/#respond"]}]},{"@type":"WebPage","@id":"https:\/\/now-news.de\/de\/deutschland\/angriff-auf-flughafen-in-niger-praesident-wirft-frankreich-unterstuetzung-von-soeldnern-vor\/","url":"https:\/\/now-news.de\/de\/deutschland\/angriff-auf-flughafen-in-niger-praesident-wirft-frankreich-unterstuetzung-von-soeldnern-vor\/","name":"Angriff auf Flughafen in Niger: Pr\u00e4sident wirft Frankreich Unterst\u00fctzung von S\u00f6ldnern vor - just-now.NEWS Deutschland","isPartOf":{"@id":"https:\/\/now-news.de\/de\/#website"},"primaryImageOfPage":{"@id":"https:\/\/now-news.de\/de\/deutschland\/angriff-auf-flughafen-in-niger-praesident-wirft-frankreich-unterstuetzung-von-soeldnern-vor\/#primaryimage"},"image":{"@id":"https:\/\/now-news.de\/de\/deutschland\/angriff-auf-flughafen-in-niger-praesident-wirft-frankreich-unterstuetzung-von-soeldnern-vor\/#primaryimage"},"thumbnailUrl":"https:\/\/now-news.de\/de\/wp-content\/uploads\/sites\/3\/2026\/01\/Angriff-auf-Flughafen-in-Niger-Praesident-wirft-Frankreich-Unterstuetzung-von.jpg","datePublished":"2026-01-30T18:35:58+00:00","dateModified":"2026-01-30T18:35:58+00:00","breadcrumb":{"@id":"https:\/\/now-news.de\/de\/deutschland\/angriff-auf-flughafen-in-niger-praesident-wirft-frankreich-unterstuetzung-von-soeldnern-vor\/#breadcrumb"},"inLanguage":"de","potentialAction":[{"@type":"ReadAction","target":["https:\/\/now-news.de\/de\/deutschland\/angriff-auf-flughafen-in-niger-praesident-wirft-frankreich-unterstuetzung-von-soeldnern-vor\/"]}]},{"@type":"ImageObject","inLanguage":"de","@id":"https:\/\/now-news.de\/de\/deutschland\/angriff-auf-flughafen-in-niger-praesident-wirft-frankreich-unterstuetzung-von-soeldnern-vor\/#primaryimage","url":"https:\/\/now-news.de\/de\/wp-content\/uploads\/sites\/3\/2026\/01\/Angriff-auf-Flughafen-in-Niger-Praesident-wirft-Frankreich-Unterstuetzung-von.jpg","contentUrl":"https:\/\/now-news.de\/de\/wp-content\/uploads\/sites\/3\/2026\/01\/Angriff-auf-Flughafen-in-Niger-Praesident-wirft-Frankreich-Unterstuetzung-von.jpg","width":460,"height":259,"caption":"Angriff auf Flughafen in Niger: Pr\u00e4sident wirft Frankreich Unterst\u00fctzung von S\u00f6ldnern vor"},{"@type":"BreadcrumbList","@id":"https:\/\/now-news.de\/de\/deutschland\/angriff-auf-flughafen-in-niger-praesident-wirft-frankreich-unterstuetzung-von-soeldnern-vor\/#breadcrumb","itemListElement":[{"@type":"ListItem","position":1,"name":"Home","item":"https:\/\/now-news.de\/de\/"},{"@type":"ListItem","position":2,"name":"Angriff auf Flughafen in Niger: Pr\u00e4sident wirft Frankreich Unterst\u00fctzung von S\u00f6ldnern vor"}]},{"@type":"WebSite","@id":"https:\/\/now-news.de\/de\/#website","url":"https:\/\/now-news.de\/de\/","name":"just-now.NEWS Deutschland","description":"Das Portal f\u00fcr unzensierte Nachrichten aus der Welt","publisher":{"@id":"https:\/\/now-news.de\/de\/#organization"},"potentialAction":[{"@type":"SearchAction","target":{"@type":"EntryPoint","urlTemplate":"https:\/\/now-news.de\/de\/?s={search_term_string}"},"query-input":"required name=search_term_string"}],"inLanguage":"de"},{"@type":"Organization","@id":"https:\/\/now-news.de\/de\/#organization","name":"Just Now News","url":"https:\/\/now-news.de\/de\/","logo":{"@type":"ImageObject","inLanguage":"de","@id":"https:\/\/now-news.de\/de\/#\/schema\/logo\/image\/","url":"http:\/\/just-now.news\/de\/wp-content\/uploads\/sites\/3\/2022\/04\/logo500x500.jpg","contentUrl":"http:\/\/just-now.news\/de\/wp-content\/uploads\/sites\/3\/2022\/04\/logo500x500.jpg","width":500,"height":500,"caption":"Just Now News"},"image":{"@id":"https:\/\/now-news.de\/de\/#\/schema\/logo\/image\/"},"sameAs":["https:\/\/www.facebook.com\/wirmachenauf","https:\/\/x.com\/WirMachenAuf_de"]},{"@type":"Person","@id":"https:\/\/now-news.de\/de\/#\/schema\/person\/fb534a4e865501d8b3285208df34a9b5","name":"rtnews","image":{"@type":"ImageObject","inLanguage":"de","@id":"https:\/\/now-news.de\/de\/#\/schema\/person\/image\/","url":"https:\/\/secure.gravatar.com\/avatar\/82aafea7d8127119dd649515f56e2117?s=96&d=mm&r=g","contentUrl":"https:\/\/secure.gravatar.com\/avatar\/82aafea7d8127119dd649515f56e2117?s=96&d=mm&r=g","caption":"rtnews"},"url":"https:\/\/now-news.de\/de\/author\/rnews\/"}]}},"_links":{"self":[{"href":"https:\/\/now-news.de\/de\/wp-json\/wp\/v2\/posts\/98094"}],"collection":[{"href":"https:\/\/now-news.de\/de\/wp-json\/wp\/v2\/posts"}],"about":[{"href":"https:\/\/now-news.de\/de\/wp-json\/wp\/v2\/types\/post"}],"author":[{"embeddable":true,"href":"https:\/\/now-news.de\/de\/wp-json\/wp\/v2\/users\/3"}],"replies":[{"embeddable":true,"href":"https:\/\/now-news.de\/de\/wp-json\/wp\/v2\/comments?post=98094"}],"version-history":[{"count":0,"href":"https:\/\/now-news.de\/de\/wp-json\/wp\/v2\/posts\/98094\/revisions"}],"wp:featuredmedia":[{"embeddable":true,"href":"https:\/\/now-news.de\/de\/wp-json\/wp\/v2\/media\/98095"}],"wp:attachment":[{"href":"https:\/\/now-news.de\/de\/wp-json\/wp\/v2\/media?parent=98094"}],"wp:term":[{"taxonomy":"category","embeddable":true,"href":"https:\/\/now-news.de\/de\/wp-json\/wp\/v2\/categories?post=98094"},{"taxonomy":"post_tag","embeddable":true,"href":"https:\/\/now-news.de\/de\/wp-json\/wp\/v2\/tags?post=98094"}],"curies":[{"name":"wp","href":"https:\/\/api.w.org\/{rel}","templated":true}]}}