{"id":98076,"date":"2026-01-30T16:08:22","date_gmt":"2026-01-30T14:08:22","guid":{"rendered":"https:\/\/now-news.de\/de\/deutschland\/afd-naehe-chef-von-mueller-milch-geht-gegen-boykott-kampagne-von-campact-vor\/"},"modified":"2026-01-30T16:08:22","modified_gmt":"2026-01-30T14:08:22","slug":"afd-naehe-chef-von-mueller-milch-geht-gegen-boykott-kampagne-von-campact-vor","status":"publish","type":"post","link":"https:\/\/now-news.de\/de\/deutschland\/afd-naehe-chef-von-mueller-milch-geht-gegen-boykott-kampagne-von-campact-vor\/","title":{"rendered":"AfD-N\u00e4he? \u2013 Chef von M\u00fcller-Milch geht gegen Boykott-Kampagne von Campact vor"},"content":{"rendered":"<p><img decoding=\"async\" src=\"https:\/\/now-news.de\/de\/wp-content\/uploads\/sites\/3\/2026\/01\/697cb268b480cc158b30e82b.png\" \/><\/p>\n<div class=\"Text-root Text-type_1 \">\n                W\u00e4re es &#8220;andersherum&#8221;, m\u00fcsste sich schon l\u00e4ngst jemand den Bademantel zurechtlegen. Denn die Kampagne, die Campact gegen M\u00fcller-Milch f\u00fchrt, steht auf schwachen F\u00fc\u00dfen. Nun geht M\u00fcller dagegen vor, vorerst mit einer Unterlassungsaufforderung.\n            <\/div>\n<p><\/p>\n<div class=\"Text-root Text-type_5 ArticleView-text ViewText-root \">\n<p>Die NGO Campact, die vor allem kurzfristige politische (Werbe-)Kampagnen betreibt, hat sich nun eine Unterlassungsaufforderung vom M\u00fcller-Milch-Besitzer Theo M\u00fcller eingefangen. Seit Mitte Januar betreibt Campact eine Kampagne gegen den Molkerei-Unternehmer, mit Aufklebern und Plakaten, die auf vermeintliche AfD-N\u00e4he M\u00fcllers anspielen und zum Boykott der M\u00fcller-Milch-Produkte aufrufen.<\/p>\n<p>Zuletzt hatte Campact im November vergangenen Jahres eine Kampagne gegen die dm-Drogeriem\u00e4rkte gestartet, weil sich dm-Chef Christoph Werner (der Sohn von Gr\u00fcnder G\u00f6tz Werner) wegen eines vom Verband der Familienunternehmer veranstalteten parlamentarischen Abends, an dem auch ein AfD-Politiker teilnahm, nicht \u00f6ffentlich gegen den Verband gestellt hatte. Die Firma war bereits Monate zuvor aus dem Verband ausgetreten, aber Werner hatte erkl\u00e4rt, er lehne &#8220;eine polarisierende Brandmauer-Debatte ebenso entschieden ab wie Positionen der Partei AfD, welche die freiheitlich-demokratische Grundordnung infrage stellen.&#8221;<\/p>\n<p>Diese Kampagne war durchaus \u00fcberraschend, da die gesamte Gesch\u00e4ftspolitik der Drogeriemarktkette in vielen Punkten \u00fcber Jahrzehnte hinweg sehr Gr\u00fcnen-nah schien, obwohl weder gr\u00f6\u00dfere Spenden noch personelle Verbindungen bekannt sind. Die Attacken des vergangenen Jahres d\u00fcrften da zu einem tiefen Bruch gef\u00fchrt haben; Werner klassifizierte das Vorgehen des Vereins als &#8220;undemokratisch&#8221; und als &#8220;Erpressung&#8221;.<\/p>\n<p>Im Gegensatz dazu hatte Molkerei-Unternehmer Theo M\u00fcller nie das Etikett des &#8220;Guten&#8221;. Er war schon 2003 in die Schweiz umgezogen, um sein Verm\u00f6gen der deutschen Erbschaftssteuer zu entziehen. Es gab wiederholt Vorw\u00fcrfe gegen seine Betriebe wegen Versto\u00dfes gegen Umweltauflagen, das erste Mal bereits im Jahr 1991, und er lieferte sich zwischen 2004 und 2006 einen l\u00e4ngeren Rechtsstreit mit Greenpeace wegen angeblicher F\u00fctterung der K\u00fche mit gentechnisch ver\u00e4ndertem Soja. Nichtsdestotrotz dehnte sich die M\u00fcller-Gruppe immer weiter aus und \u00fcbernahm die Marken Sachsenmilch, Weihenstephan, Landliebe und L\u00fcnebest. In manchen Marktsegmenten erreicht der Konzern mit diesen Marken zusammengenommen \u00fcber 30 Prozent Marktanteil.<\/p>\n<p>Aber nicht das ist der Vorwurf, den Campact erhebt, es ist die angebliche N\u00e4he zur AfD, die auf Aufklebern, von denen der Verein 2,2 Millionen verteilt haben will, und auf 28.000 Plakaten angeprangert wird. Campact r\u00fchmt sich, seine Aufkleber an mehr als 90.000 Menschen verschickt zu haben, und f\u00fchrt eine &#8220;Supermarkt-Tour&#8221; in den Orten durch, in denen M\u00fcllermilch-Molkereien stehen. Nach ersten Aufnahmen von einer derartigen Veranstaltung in L\u00fcneburg waren dort unter anderem die Omas gegen Rechts beteiligt.<\/p>\n<p>Die <a rel=\"nofollow noopener\" target=\"_blank\" href=\"https:\/\/www.campact.de\/rechtsextremismus\/theo-mueller-muellermlich-afd\/\">Belege<\/a> f\u00fcr die Vorw\u00fcrfe gegen den Unternehmer sind d\u00fcnn \u2013 ein Foto von M\u00fcller und seiner Frau mit Alice Weidel, ein gemeinsamer Restaurantbesuch in Cannes und Weidels Anwesenheit bei M\u00fcllers Geburtstagsfeier. Es gibt weder Belege f\u00fcr Spenden M\u00fcllers an die AfD noch f\u00fcr eine Mitgliedschaft, im Gegenteil. M\u00fcller erkl\u00e4rt selbst, er sei seit 30 Jahren Mitglied der CSU und bekenne sich dazu ausdr\u00fccklich. Er sei mit Alice Weidel pers\u00f6nlich befreundet. &#8220;Ich bin kein AfD-Mitglied und m\u00f6chte auch keins werden.&#8221;<\/p>\n<p>Sein Anwalt Christian Schertz forderte nun Campact auf, diese Behauptungen zu unterlassen. Mit der &#8220;solit\u00e4ren undifferenzierten blickfangartigen Herausstellung&#8221; der beiden S\u00e4tze &#8220;Alles AfD oder was?&#8221; und &#8220;Jetzt mit AfD-Geschmack&#8221; stelle Campact eine unwahre Tatsachenbehauptung auf und vermittle den &#8220;zwingenden Eindruck&#8221;, dass M\u00fcller &#8220;zu den Unterst\u00fctzern der AfD geh\u00f6rt und insbesondere entsprechende Spenden an die Partei geleistet&#8221; habe.<\/p>\n<p>Wenn einer Unterlassungsaufforderung nicht Folge geleistet wird, w\u00e4re der n\u00e4chste Schritt ein Antrag auf eine einstweilige Verf\u00fcgung, um die weitere Verbreitung dieser Aussagen zu unterbinden.<\/p>\n<p>Campact, dem die H\u00e4lfte des Denunziationsportals &#8220;Hate Aid&#8221; geh\u00f6rt, betreibt damit ein weiteres Mal eine Kampagne, die unter entgegengesetzten Vorzeichen als Beispiel f\u00fcr &#8220;Hass und Hetze&#8221; dienen w\u00fcrde. Nur, dass es sich hier um keine Meinungs\u00e4u\u00dferung auf einem kleinen Internet-Account handelt, sondern um eine mit gen\u00fcgend Geld unterf\u00fctterte Kampagne, deren Ziel darin besteht, nicht nur den Ruf zu sch\u00e4digen, sondern zudem messbaren wirtschaftlichen Schaden zuzuf\u00fcgen. Wom\u00f6glich ist die Unterlassungserkl\u00e4rung nicht die einzige juristische Reaktion, die Theo M\u00fcller m\u00f6glich ist.<\/p>\n<p><strong>Mehr zum Thema<\/strong>\u00a0\u2013\u00a0<a rel=\"nofollow noopener\" target=\"_blank\" href=\"https:\/\/freedert.online\/inland\/268502-ngo-campact-agitiert-erneut-gegen\/\">NGO Campact agitiert erneut gegen Unternehmer Theo M\u00fcller und die AfD <\/a><\/p>\n<\/p>\n<\/div>\n<p><br \/>\n<br \/><a href=\"https:\/\/de.rt.com\/inland\/268844-theo-mueller-geht-gegen-campact\/\">Source link <\/a><\/p>\n","protected":false},"excerpt":{"rendered":"<p>W\u00e4re es &#8220;andersherum&#8221;, m\u00fcsste sich schon l\u00e4ngst jemand den Bademantel zurechtlegen. Denn die Kampagne, die Campact gegen M\u00fcller-Milch f\u00fchrt, steht auf schwachen F\u00fc\u00dfen. Nun geht M\u00fcller dagegen vor, vorerst mit einer Unterlassungsaufforderung. Die NGO Campact, die vor allem kurzfristige politische (Werbe-)Kampagnen betreibt, hat sich nun eine Unterlassungsaufforderung vom M\u00fcller-Milch-Besitzer Theo M\u00fcller eingefangen. Seit Mitte Januar [&hellip;]<\/p>\n","protected":false},"author":3,"featured_media":98077,"comment_status":"open","ping_status":"open","sticky":false,"template":"","format":"standard","meta":{"_yoast_indexnow_last_ping":["1769782303"],"wp_automatic_camp":["217"],"52b87fe6f69a430435b509f6cb01612f":["AfD-N\u00e4he? \u2013 Chef von M\u00fcller-Milch geht gegen Boykott-Kampagne von Campact vor"],"original_link":["https:\/\/de.rt.com\/inland\/268844-theo-mueller-geht-gegen-campact\/"],"_thumbnail_id":["98077"],"jnews_social_counter_last_update":["1777026841"],"_wptgpro_p2tg_sent2tg":["a:1:{i:23737;s:19:\"2026-01-30 16:12:42\";}"]},"categories":[19,23],"tags":[68194,70898,58861,18111,278,1673,51222,50,320],"yoast_head":"<!-- This site is optimized with the Yoast SEO Premium plugin v22.7 (Yoast SEO v22.7) - https:\/\/yoast.com\/wordpress\/plugins\/seo\/ -->\n<title>AfD-N\u00e4he? \u2013 Chef von M\u00fcller-Milch geht gegen Boykott-Kampagne von Campact vor - just-now.NEWS Deutschland<\/title>\n<meta name=\"robots\" content=\"index, follow, max-snippet:-1, max-image-preview:large, max-video-preview:-1\" \/>\n<link rel=\"canonical\" href=\"https:\/\/now-news.de\/de\/deutschland\/afd-naehe-chef-von-mueller-milch-geht-gegen-boykott-kampagne-von-campact-vor\/\" \/>\n<meta property=\"og:locale\" content=\"de_DE\" \/>\n<meta property=\"og:type\" content=\"article\" \/>\n<meta property=\"og:title\" content=\"AfD-N\u00e4he? \u2013 Chef von M\u00fcller-Milch geht gegen Boykott-Kampagne von Campact vor\" \/>\n<meta property=\"og:description\" content=\"W\u00e4re es &#8220;andersherum&#8221;, m\u00fcsste sich schon l\u00e4ngst jemand den Bademantel zurechtlegen. Denn die Kampagne, die Campact gegen M\u00fcller-Milch f\u00fchrt, steht auf schwachen F\u00fc\u00dfen. Nun geht M\u00fcller dagegen vor, vorerst mit einer Unterlassungsaufforderung. Die NGO Campact, die vor allem kurzfristige politische (Werbe-)Kampagnen betreibt, hat sich nun eine Unterlassungsaufforderung vom M\u00fcller-Milch-Besitzer Theo M\u00fcller eingefangen. Seit Mitte Januar [&hellip;]\" \/>\n<meta property=\"og:url\" content=\"https:\/\/now-news.de\/de\/deutschland\/afd-naehe-chef-von-mueller-milch-geht-gegen-boykott-kampagne-von-campact-vor\/\" \/>\n<meta property=\"og:site_name\" content=\"just-now.NEWS Deutschland\" \/>\n<meta property=\"article:publisher\" content=\"https:\/\/www.facebook.com\/wirmachenauf\" \/>\n<meta property=\"article:published_time\" content=\"2026-01-30T14:08:22+00:00\" \/>\n<meta property=\"og:image\" content=\"https:\/\/now-news.de\/de\/wp-content\/uploads\/sites\/3\/2026\/01\/697cb268b480cc158b30e82b.png\" \/>\n<meta name=\"author\" content=\"rtnews\" \/>\n<meta name=\"twitter:card\" content=\"summary_large_image\" \/>\n<meta name=\"twitter:creator\" content=\"@WirMachenAuf_de\" \/>\n<meta name=\"twitter:site\" content=\"@WirMachenAuf_de\" \/>\n<meta name=\"twitter:label1\" content=\"Verfasst von\" \/>\n\t<meta name=\"twitter:data1\" content=\"rtnews\" \/>\n\t<meta name=\"twitter:label2\" content=\"Gesch\u00e4tzte Lesezeit\" \/>\n\t<meta name=\"twitter:data2\" content=\"4\u00a0Minuten\" \/>\n<script type=\"application\/ld+json\" class=\"yoast-schema-graph\">{\"@context\":\"https:\/\/schema.org\",\"@graph\":[{\"@type\":\"Article\",\"@id\":\"https:\/\/now-news.de\/de\/deutschland\/afd-naehe-chef-von-mueller-milch-geht-gegen-boykott-kampagne-von-campact-vor\/#article\",\"isPartOf\":{\"@id\":\"https:\/\/now-news.de\/de\/deutschland\/afd-naehe-chef-von-mueller-milch-geht-gegen-boykott-kampagne-von-campact-vor\/\"},\"author\":{\"name\":\"rtnews\",\"@id\":\"https:\/\/now-news.de\/de\/#\/schema\/person\/fb534a4e865501d8b3285208df34a9b5\"},\"headline\":\"AfD-N\u00e4he? \u2013 Chef von M\u00fcller-Milch geht gegen Boykott-Kampagne von Campact vor\",\"datePublished\":\"2026-01-30T14:08:22+00:00\",\"dateModified\":\"2026-01-30T14:08:22+00:00\",\"mainEntityOfPage\":{\"@id\":\"https:\/\/now-news.de\/de\/deutschland\/afd-naehe-chef-von-mueller-milch-geht-gegen-boykott-kampagne-von-campact-vor\/\"},\"wordCount\":719,\"commentCount\":0,\"publisher\":{\"@id\":\"https:\/\/now-news.de\/de\/#organization\"},\"image\":{\"@id\":\"https:\/\/now-news.de\/de\/deutschland\/afd-naehe-chef-von-mueller-milch-geht-gegen-boykott-kampagne-von-campact-vor\/#primaryimage\"},\"thumbnailUrl\":\"https:\/\/now-news.de\/de\/wp-content\/uploads\/sites\/3\/2026\/01\/AfD-Naehe-\u2013-Chef-von-Mueller-Milch-geht-gegen-Boykott-Kampagne-von-Campact.png\",\"keywords\":[\"AfDN\u00e4he\",\"BoykottKampagne\",\"Campact\",\"Chef\",\"gegen\",\"Geht\",\"M\u00fcllermilch\",\"von\",\"vor\"],\"articleSection\":[\"Deutschland\",\"Russland\"],\"inLanguage\":\"de\",\"potentialAction\":[{\"@type\":\"CommentAction\",\"name\":\"Comment\",\"target\":[\"https:\/\/now-news.de\/de\/deutschland\/afd-naehe-chef-von-mueller-milch-geht-gegen-boykott-kampagne-von-campact-vor\/#respond\"]}]},{\"@type\":\"WebPage\",\"@id\":\"https:\/\/now-news.de\/de\/deutschland\/afd-naehe-chef-von-mueller-milch-geht-gegen-boykott-kampagne-von-campact-vor\/\",\"url\":\"https:\/\/now-news.de\/de\/deutschland\/afd-naehe-chef-von-mueller-milch-geht-gegen-boykott-kampagne-von-campact-vor\/\",\"name\":\"AfD-N\u00e4he? \u2013 Chef von M\u00fcller-Milch geht gegen Boykott-Kampagne von Campact vor - just-now.NEWS Deutschland\",\"isPartOf\":{\"@id\":\"https:\/\/now-news.de\/de\/#website\"},\"primaryImageOfPage\":{\"@id\":\"https:\/\/now-news.de\/de\/deutschland\/afd-naehe-chef-von-mueller-milch-geht-gegen-boykott-kampagne-von-campact-vor\/#primaryimage\"},\"image\":{\"@id\":\"https:\/\/now-news.de\/de\/deutschland\/afd-naehe-chef-von-mueller-milch-geht-gegen-boykott-kampagne-von-campact-vor\/#primaryimage\"},\"thumbnailUrl\":\"https:\/\/now-news.de\/de\/wp-content\/uploads\/sites\/3\/2026\/01\/AfD-Naehe-\u2013-Chef-von-Mueller-Milch-geht-gegen-Boykott-Kampagne-von-Campact.png\",\"datePublished\":\"2026-01-30T14:08:22+00:00\",\"dateModified\":\"2026-01-30T14:08:22+00:00\",\"breadcrumb\":{\"@id\":\"https:\/\/now-news.de\/de\/deutschland\/afd-naehe-chef-von-mueller-milch-geht-gegen-boykott-kampagne-von-campact-vor\/#breadcrumb\"},\"inLanguage\":\"de\",\"potentialAction\":[{\"@type\":\"ReadAction\",\"target\":[\"https:\/\/now-news.de\/de\/deutschland\/afd-naehe-chef-von-mueller-milch-geht-gegen-boykott-kampagne-von-campact-vor\/\"]}]},{\"@type\":\"ImageObject\",\"inLanguage\":\"de\",\"@id\":\"https:\/\/now-news.de\/de\/deutschland\/afd-naehe-chef-von-mueller-milch-geht-gegen-boykott-kampagne-von-campact-vor\/#primaryimage\",\"url\":\"https:\/\/now-news.de\/de\/wp-content\/uploads\/sites\/3\/2026\/01\/AfD-Naehe-\u2013-Chef-von-Mueller-Milch-geht-gegen-Boykott-Kampagne-von-Campact.png\",\"contentUrl\":\"https:\/\/now-news.de\/de\/wp-content\/uploads\/sites\/3\/2026\/01\/AfD-Naehe-\u2013-Chef-von-Mueller-Milch-geht-gegen-Boykott-Kampagne-von-Campact.png\",\"width\":460,\"height\":259,\"caption\":\"AfD-N\u00e4he? \u2013 Chef von M\u00fcller-Milch geht gegen Boykott-Kampagne von Campact vor\"},{\"@type\":\"BreadcrumbList\",\"@id\":\"https:\/\/now-news.de\/de\/deutschland\/afd-naehe-chef-von-mueller-milch-geht-gegen-boykott-kampagne-von-campact-vor\/#breadcrumb\",\"itemListElement\":[{\"@type\":\"ListItem\",\"position\":1,\"name\":\"Home\",\"item\":\"https:\/\/now-news.de\/de\/\"},{\"@type\":\"ListItem\",\"position\":2,\"name\":\"AfD-N\u00e4he? \u2013 Chef von M\u00fcller-Milch geht gegen Boykott-Kampagne von Campact vor\"}]},{\"@type\":\"WebSite\",\"@id\":\"https:\/\/now-news.de\/de\/#website\",\"url\":\"https:\/\/now-news.de\/de\/\",\"name\":\"just-now.NEWS Deutschland\",\"description\":\"Das Portal f\u00fcr unzensierte Nachrichten aus der Welt\",\"publisher\":{\"@id\":\"https:\/\/now-news.de\/de\/#organization\"},\"potentialAction\":[{\"@type\":\"SearchAction\",\"target\":{\"@type\":\"EntryPoint\",\"urlTemplate\":\"https:\/\/now-news.de\/de\/?s={search_term_string}\"},\"query-input\":\"required name=search_term_string\"}],\"inLanguage\":\"de\"},{\"@type\":\"Organization\",\"@id\":\"https:\/\/now-news.de\/de\/#organization\",\"name\":\"Just Now News\",\"url\":\"https:\/\/now-news.de\/de\/\",\"logo\":{\"@type\":\"ImageObject\",\"inLanguage\":\"de\",\"@id\":\"https:\/\/now-news.de\/de\/#\/schema\/logo\/image\/\",\"url\":\"http:\/\/just-now.news\/de\/wp-content\/uploads\/sites\/3\/2022\/04\/logo500x500.jpg\",\"contentUrl\":\"http:\/\/just-now.news\/de\/wp-content\/uploads\/sites\/3\/2022\/04\/logo500x500.jpg\",\"width\":500,\"height\":500,\"caption\":\"Just Now News\"},\"image\":{\"@id\":\"https:\/\/now-news.de\/de\/#\/schema\/logo\/image\/\"},\"sameAs\":[\"https:\/\/www.facebook.com\/wirmachenauf\",\"https:\/\/x.com\/WirMachenAuf_de\"]},{\"@type\":\"Person\",\"@id\":\"https:\/\/now-news.de\/de\/#\/schema\/person\/fb534a4e865501d8b3285208df34a9b5\",\"name\":\"rtnews\",\"image\":{\"@type\":\"ImageObject\",\"inLanguage\":\"de\",\"@id\":\"https:\/\/now-news.de\/de\/#\/schema\/person\/image\/\",\"url\":\"https:\/\/secure.gravatar.com\/avatar\/82aafea7d8127119dd649515f56e2117?s=96&d=mm&r=g\",\"contentUrl\":\"https:\/\/secure.gravatar.com\/avatar\/82aafea7d8127119dd649515f56e2117?s=96&d=mm&r=g\",\"caption\":\"rtnews\"},\"url\":\"https:\/\/now-news.de\/de\/author\/rnews\/\"}]}<\/script>\n<!-- \/ Yoast SEO Premium plugin. -->","yoast_head_json":{"title":"AfD-N\u00e4he? \u2013 Chef von M\u00fcller-Milch geht gegen Boykott-Kampagne von Campact vor - just-now.NEWS Deutschland","robots":{"index":"index","follow":"follow","max-snippet":"max-snippet:-1","max-image-preview":"max-image-preview:large","max-video-preview":"max-video-preview:-1"},"canonical":"https:\/\/now-news.de\/de\/deutschland\/afd-naehe-chef-von-mueller-milch-geht-gegen-boykott-kampagne-von-campact-vor\/","og_locale":"de_DE","og_type":"article","og_title":"AfD-N\u00e4he? \u2013 Chef von M\u00fcller-Milch geht gegen Boykott-Kampagne von Campact vor","og_description":"W\u00e4re es &#8220;andersherum&#8221;, m\u00fcsste sich schon l\u00e4ngst jemand den Bademantel zurechtlegen. Denn die Kampagne, die Campact gegen M\u00fcller-Milch f\u00fchrt, steht auf schwachen F\u00fc\u00dfen. Nun geht M\u00fcller dagegen vor, vorerst mit einer Unterlassungsaufforderung. Die NGO Campact, die vor allem kurzfristige politische (Werbe-)Kampagnen betreibt, hat sich nun eine Unterlassungsaufforderung vom M\u00fcller-Milch-Besitzer Theo M\u00fcller eingefangen. Seit Mitte Januar [&hellip;]","og_url":"https:\/\/now-news.de\/de\/deutschland\/afd-naehe-chef-von-mueller-milch-geht-gegen-boykott-kampagne-von-campact-vor\/","og_site_name":"just-now.NEWS Deutschland","article_publisher":"https:\/\/www.facebook.com\/wirmachenauf","article_published_time":"2026-01-30T14:08:22+00:00","og_image":[{"url":"https:\/\/now-news.de\/de\/wp-content\/uploads\/sites\/3\/2026\/01\/697cb268b480cc158b30e82b.png"}],"author":"rtnews","twitter_card":"summary_large_image","twitter_creator":"@WirMachenAuf_de","twitter_site":"@WirMachenAuf_de","twitter_misc":{"Verfasst von":"rtnews","Gesch\u00e4tzte Lesezeit":"4\u00a0Minuten"},"schema":{"@context":"https:\/\/schema.org","@graph":[{"@type":"Article","@id":"https:\/\/now-news.de\/de\/deutschland\/afd-naehe-chef-von-mueller-milch-geht-gegen-boykott-kampagne-von-campact-vor\/#article","isPartOf":{"@id":"https:\/\/now-news.de\/de\/deutschland\/afd-naehe-chef-von-mueller-milch-geht-gegen-boykott-kampagne-von-campact-vor\/"},"author":{"name":"rtnews","@id":"https:\/\/now-news.de\/de\/#\/schema\/person\/fb534a4e865501d8b3285208df34a9b5"},"headline":"AfD-N\u00e4he? \u2013 Chef von M\u00fcller-Milch geht gegen Boykott-Kampagne von Campact vor","datePublished":"2026-01-30T14:08:22+00:00","dateModified":"2026-01-30T14:08:22+00:00","mainEntityOfPage":{"@id":"https:\/\/now-news.de\/de\/deutschland\/afd-naehe-chef-von-mueller-milch-geht-gegen-boykott-kampagne-von-campact-vor\/"},"wordCount":719,"commentCount":0,"publisher":{"@id":"https:\/\/now-news.de\/de\/#organization"},"image":{"@id":"https:\/\/now-news.de\/de\/deutschland\/afd-naehe-chef-von-mueller-milch-geht-gegen-boykott-kampagne-von-campact-vor\/#primaryimage"},"thumbnailUrl":"https:\/\/now-news.de\/de\/wp-content\/uploads\/sites\/3\/2026\/01\/AfD-Naehe-\u2013-Chef-von-Mueller-Milch-geht-gegen-Boykott-Kampagne-von-Campact.png","keywords":["AfDN\u00e4he","BoykottKampagne","Campact","Chef","gegen","Geht","M\u00fcllermilch","von","vor"],"articleSection":["Deutschland","Russland"],"inLanguage":"de","potentialAction":[{"@type":"CommentAction","name":"Comment","target":["https:\/\/now-news.de\/de\/deutschland\/afd-naehe-chef-von-mueller-milch-geht-gegen-boykott-kampagne-von-campact-vor\/#respond"]}]},{"@type":"WebPage","@id":"https:\/\/now-news.de\/de\/deutschland\/afd-naehe-chef-von-mueller-milch-geht-gegen-boykott-kampagne-von-campact-vor\/","url":"https:\/\/now-news.de\/de\/deutschland\/afd-naehe-chef-von-mueller-milch-geht-gegen-boykott-kampagne-von-campact-vor\/","name":"AfD-N\u00e4he? \u2013 Chef von M\u00fcller-Milch geht gegen Boykott-Kampagne von Campact vor - just-now.NEWS Deutschland","isPartOf":{"@id":"https:\/\/now-news.de\/de\/#website"},"primaryImageOfPage":{"@id":"https:\/\/now-news.de\/de\/deutschland\/afd-naehe-chef-von-mueller-milch-geht-gegen-boykott-kampagne-von-campact-vor\/#primaryimage"},"image":{"@id":"https:\/\/now-news.de\/de\/deutschland\/afd-naehe-chef-von-mueller-milch-geht-gegen-boykott-kampagne-von-campact-vor\/#primaryimage"},"thumbnailUrl":"https:\/\/now-news.de\/de\/wp-content\/uploads\/sites\/3\/2026\/01\/AfD-Naehe-\u2013-Chef-von-Mueller-Milch-geht-gegen-Boykott-Kampagne-von-Campact.png","datePublished":"2026-01-30T14:08:22+00:00","dateModified":"2026-01-30T14:08:22+00:00","breadcrumb":{"@id":"https:\/\/now-news.de\/de\/deutschland\/afd-naehe-chef-von-mueller-milch-geht-gegen-boykott-kampagne-von-campact-vor\/#breadcrumb"},"inLanguage":"de","potentialAction":[{"@type":"ReadAction","target":["https:\/\/now-news.de\/de\/deutschland\/afd-naehe-chef-von-mueller-milch-geht-gegen-boykott-kampagne-von-campact-vor\/"]}]},{"@type":"ImageObject","inLanguage":"de","@id":"https:\/\/now-news.de\/de\/deutschland\/afd-naehe-chef-von-mueller-milch-geht-gegen-boykott-kampagne-von-campact-vor\/#primaryimage","url":"https:\/\/now-news.de\/de\/wp-content\/uploads\/sites\/3\/2026\/01\/AfD-Naehe-\u2013-Chef-von-Mueller-Milch-geht-gegen-Boykott-Kampagne-von-Campact.png","contentUrl":"https:\/\/now-news.de\/de\/wp-content\/uploads\/sites\/3\/2026\/01\/AfD-Naehe-\u2013-Chef-von-Mueller-Milch-geht-gegen-Boykott-Kampagne-von-Campact.png","width":460,"height":259,"caption":"AfD-N\u00e4he? \u2013 Chef von M\u00fcller-Milch geht gegen Boykott-Kampagne von Campact vor"},{"@type":"BreadcrumbList","@id":"https:\/\/now-news.de\/de\/deutschland\/afd-naehe-chef-von-mueller-milch-geht-gegen-boykott-kampagne-von-campact-vor\/#breadcrumb","itemListElement":[{"@type":"ListItem","position":1,"name":"Home","item":"https:\/\/now-news.de\/de\/"},{"@type":"ListItem","position":2,"name":"AfD-N\u00e4he? \u2013 Chef von M\u00fcller-Milch geht gegen Boykott-Kampagne von Campact vor"}]},{"@type":"WebSite","@id":"https:\/\/now-news.de\/de\/#website","url":"https:\/\/now-news.de\/de\/","name":"just-now.NEWS Deutschland","description":"Das Portal f\u00fcr unzensierte Nachrichten aus der Welt","publisher":{"@id":"https:\/\/now-news.de\/de\/#organization"},"potentialAction":[{"@type":"SearchAction","target":{"@type":"EntryPoint","urlTemplate":"https:\/\/now-news.de\/de\/?s={search_term_string}"},"query-input":"required name=search_term_string"}],"inLanguage":"de"},{"@type":"Organization","@id":"https:\/\/now-news.de\/de\/#organization","name":"Just Now News","url":"https:\/\/now-news.de\/de\/","logo":{"@type":"ImageObject","inLanguage":"de","@id":"https:\/\/now-news.de\/de\/#\/schema\/logo\/image\/","url":"http:\/\/just-now.news\/de\/wp-content\/uploads\/sites\/3\/2022\/04\/logo500x500.jpg","contentUrl":"http:\/\/just-now.news\/de\/wp-content\/uploads\/sites\/3\/2022\/04\/logo500x500.jpg","width":500,"height":500,"caption":"Just Now News"},"image":{"@id":"https:\/\/now-news.de\/de\/#\/schema\/logo\/image\/"},"sameAs":["https:\/\/www.facebook.com\/wirmachenauf","https:\/\/x.com\/WirMachenAuf_de"]},{"@type":"Person","@id":"https:\/\/now-news.de\/de\/#\/schema\/person\/fb534a4e865501d8b3285208df34a9b5","name":"rtnews","image":{"@type":"ImageObject","inLanguage":"de","@id":"https:\/\/now-news.de\/de\/#\/schema\/person\/image\/","url":"https:\/\/secure.gravatar.com\/avatar\/82aafea7d8127119dd649515f56e2117?s=96&d=mm&r=g","contentUrl":"https:\/\/secure.gravatar.com\/avatar\/82aafea7d8127119dd649515f56e2117?s=96&d=mm&r=g","caption":"rtnews"},"url":"https:\/\/now-news.de\/de\/author\/rnews\/"}]}},"_links":{"self":[{"href":"https:\/\/now-news.de\/de\/wp-json\/wp\/v2\/posts\/98076"}],"collection":[{"href":"https:\/\/now-news.de\/de\/wp-json\/wp\/v2\/posts"}],"about":[{"href":"https:\/\/now-news.de\/de\/wp-json\/wp\/v2\/types\/post"}],"author":[{"embeddable":true,"href":"https:\/\/now-news.de\/de\/wp-json\/wp\/v2\/users\/3"}],"replies":[{"embeddable":true,"href":"https:\/\/now-news.de\/de\/wp-json\/wp\/v2\/comments?post=98076"}],"version-history":[{"count":0,"href":"https:\/\/now-news.de\/de\/wp-json\/wp\/v2\/posts\/98076\/revisions"}],"wp:featuredmedia":[{"embeddable":true,"href":"https:\/\/now-news.de\/de\/wp-json\/wp\/v2\/media\/98077"}],"wp:attachment":[{"href":"https:\/\/now-news.de\/de\/wp-json\/wp\/v2\/media?parent=98076"}],"wp:term":[{"taxonomy":"category","embeddable":true,"href":"https:\/\/now-news.de\/de\/wp-json\/wp\/v2\/categories?post=98076"},{"taxonomy":"post_tag","embeddable":true,"href":"https:\/\/now-news.de\/de\/wp-json\/wp\/v2\/tags?post=98076"}],"curies":[{"name":"wp","href":"https:\/\/api.w.org\/{rel}","templated":true}]}}