{"id":98070,"date":"2026-01-30T14:47:38","date_gmt":"2026-01-30T12:47:38","guid":{"rendered":"https:\/\/now-news.de\/de\/deutschland\/tuerkei-als-vermittler-erdogan-will-telefonat-zwischen-us-und-iranischem-praesidenten\/"},"modified":"2026-01-30T14:47:38","modified_gmt":"2026-01-30T12:47:38","slug":"tuerkei-als-vermittler-erdogan-will-telefonat-zwischen-us-und-iranischem-praesidenten","status":"publish","type":"post","link":"https:\/\/now-news.de\/de\/deutschland\/tuerkei-als-vermittler-erdogan-will-telefonat-zwischen-us-und-iranischem-praesidenten\/","title":{"rendered":"T\u00fcrkei als Vermittler: Erdo\u011fan will Telefonat zwischen US- und iranischem Pr\u00e4sidenten"},"content":{"rendered":"<p><img decoding=\"async\" src=\"https:\/\/now-news.de\/de\/wp-content\/uploads\/sites\/3\/2026\/01\/697c94bc48fbef096605ea57.jpg\" \/><\/p>\n<div class=\"Text-root Text-type_1 \">\n                Ankara m\u00f6chte, dass Iran Trump ein \u00d6labkommen anbietet, das es US-Unternehmen erm\u00f6glichen w\u00fcrde, in dem Land t\u00e4tig zu werden. Trump habe Interesse an der Initiative gezeigt, wohingegen der iranische Pr\u00e4sident bisher noch nicht auf das Angebot reagiert habe.\n            <\/div>\n<p><\/p>\n<div class=\"Text-root Text-type_5 ArticleView-text ViewText-root \">\n<p data-start=\"58\" data-end=\"239\">Der t\u00fcrkische Pr\u00e4sident Recep Tayyip Erdo\u011fan hat angeboten, eine Telekonferenz zwischen den Pr\u00e4sidenten der USA und Irans auszurichten, um die Spannungen zu verringern. Das Angebot, einen m\u00f6glichen Konflikt zu vermeiden, kommt zu einem Zeitpunkt, an dem US-Pr\u00e4sident Donald Trump laut Angaben von Beh\u00f6rden gegen\u00fcber <em data-start=\"392\" data-end=\"409\">Middle East Eye<\/em> in den kommenden Tagen milit\u00e4rische Schritte gegen Teheran androhte.<\/p>\n<p data-start=\"485\" data-end=\"685\">Bei einem Telefonat mit Trump am Montag forderte Erdo\u011fan seinen Amtskollegen auf, diplomatische Mittel zu priorisieren, und bot an, zwischen beiden L\u00e4ndern zu vermitteln, sagte ein t\u00fcrkischer Beamter.<\/p>\n<p data-start=\"687\" data-end=\"865\">Trump habe Interesse an der Initiative gezeigt, w\u00e4hrend der iranische Pr\u00e4sident Masoud Peseschkian bisher noch nicht auf das Angebot reagiert habe, so der Beamte weiter. Insider in Ankara gehen davon aus, dass der iranische Au\u00dfenminister Abbas Araghtschi, der diese Woche Istanbul besucht, m\u00f6glicherweise die Antwort Teherans auf das Angebot \u00fcbermitteln k\u00f6nnte.<\/p>\n<p data-start=\"867\" data-end=\"1066\">Der rangh\u00f6chste Diplomat Teherans ist am Freitag in die T\u00fcrkei gereist, um bilaterale Gespr\u00e4che mit dem t\u00fcrkischen Au\u00dfenminister Hakan Fidan zu f\u00fchren. Ankara hat wiederholt betont, dass es jede ausl\u00e4ndische Intervention in Iran ablehnt. Am Mittwoch erkl\u00e4rte Fidan, dass die USA und Iran ihre Probleme schrittweise, &#8220;Akte f\u00fcr Akte&#8221;, l\u00f6sen sollten.<\/p>\n<div class=\"EmbedBlock-root EmbedBlock-twitter\">\n<div class=\"TwitterEmbed\">\n<blockquote class=\"twitter-tweet lazyload\" data-twitter=\"twitter-tweet\">\n<p lang=\"fa\" dir=\"rtl\">\u0639\u0628\u0627\u0633 \u0639\u0631\u0627\u0642\u0686\u06cc\u060c \u0648\u0632\u06cc\u0631 \u062e\u0627\u0631\u062c\u0647 \u0627\u06cc\u0631\u0627\u0646 \u0648 \u0647\u0627\u06a9\u0627\u0646 \u0641\u06cc\u062f\u0627\u0646\u060c \u0647\u0645\u062a\u0627\u06cc \u062a\u0631\u06a9\u06cc\u0647\u200c\u0627\u06cc \u0627\u0648 \u0644\u062d\u0638\u0627\u062a\u06cc \u067e\u06cc\u0634 \u0648\u0627\u0631\u062f \u0647\u062a\u0644 \u0645\u062d\u0644 \u06af\u0641\u062a\u06af\u0648 \u0648 \u062f\u06cc\u062f\u0627\u0631 \u0628\u0627 \u0647\u0627\u06a9\u0627\u0646 \u0641\u06cc\u062f\u0627\u0646 \u0634\u062f.\u06cc\u06a9\u06cc \u0627\u0632 \u067e\u0631\u0633\u0634\u200c\u0647\u0627\u06cc \u062e\u0628\u0631\u0646\u06af\u0627\u0631\u0627\u0646 \u0645\u0631\u0628\u0648\u0637 \u0628\u0647 \u0645\u06cc\u0627\u0646\u062c\u06cc\u06af\u0631\u06cc \u0627\u062d\u062a\u0645\u0627\u0644\u06cc \u062a\u0631\u06a9\u06cc\u0647 \u0628\u0631\u0627\u06cc \u06af\u0641\u062a\u06af\u0648\u06cc \u0648\u06cc\u062f\u06cc\u0648\u06cc\u06cc \u0645\u0633\u0639\u0648\u062f \u067e\u0632\u0634\u06a9\u06cc\u0627\u0646 \u0648 \u062f\u0648\u0646\u0627\u0644\u062f \u062a\u0631\u0627\u0645\u067e \u0627\u0633\u062a.\u0639\u0628\u0627\u0633 \u0639\u0631\u0627\u0642\u0686\u06cc\u060c \u0648\u0632\u06cc\u0631 \u062e\u0627\u0631\u062c\u0647 \u0627\u06cc\u0631\u0627\u0646\u060c \u06a9\u0647 \u0628\u0647 \u0627\u0633\u062a\u0627\u0646\u0628\u0648\u0644\u2026 <a rel=\"nofollow noopener\" target=\"_blank\" href=\"https:\/\/t.co\/y8dbQe98z6\">pic.twitter.com\/y8dbQe98z6<\/a><\/p>\n<p>\u2014 BBC NEWS \u0641\u0627\u0631\u0633\u06cc (@bbcpersian) <a rel=\"nofollow noopener\" target=\"_blank\" href=\"https:\/\/twitter.com\/bbcpersian\/status\/2017183612152553492?ref_src=twsrc%5Etfw\">January 30, 2026<\/a><\/p><\/blockquote>\n<\/div>\n<\/div>\n<p data-start=\"261\" data-end=\"431\">Hande F\u0131rat, Kolumnistin der t\u00fcrkischen Zeitung <em data-start=\"313\" data-end=\"323\">H\u00fcrriyet<\/em>, schrieb am Donnerstag, dass Ankara die Botschaft verbreite, Diplomatie sei der einzige gangbare Weg.\u00a0&#8220;Ankaras Ziel war es, die eskalierende Krise zu entsch\u00e4rfen, die Parteien wieder an den Tisch zu bringen und eine m\u00f6gliche milit\u00e4rische Intervention zu verhindern&#8221;, so F\u0131rat.\u00a0<\/p>\n<p data-start=\"60\" data-end=\"300\">Sie f\u00fcgte hinzu, dass Netanjahu \u00fcber die Bedenken hinsichtlich Irans Atomprogramms und seiner ballistischen F\u00e4higkeiten hinaus auf eine US-Intervention dr\u00e4nge, da er sp\u00e4ter in diesem Jahr Parlamentswahlen bestreitet.\u00a0F\u0131rat bemerkte au\u00dferdem, dass die USA wieder an den Verhandlungstisch zur\u00fcckkehren k\u00f6nnten, falls Teheran eine Zusammenarbeit mit Washington in Bezug auf Irans \u00d6lvorkommen anbietet.<\/p>\n<p data-start=\"173\" data-end=\"576\">Die Frage ist, ob das eigensinnige iranische Staatsoberhaupt Chamenei \u2013 der 2013 w\u00fctend auf Ex-Pr\u00e4sident Rouhani war, weil dieser auf dem R\u00fcckweg von der UN\u2011Generalversammlung einen Anruf von Pr\u00e4sident Obama entgegennahm, und Rouhani 2019 ein Treffen mit Trump in Frankreich verweigerte \u2013 ausnahmsweise seine harte Linie \u00fcberwinden und dem Vermittlungsvorschlag zustimmen wird.<\/p>\n<div class=\"EmbedBlock-root EmbedBlock-twitter\">\n<div class=\"TwitterEmbed\">\n<blockquote class=\"twitter-tweet lazyload\" data-twitter=\"twitter-tweet\">\n<p lang=\"iw\" dir=\"rtl\">\u05e2\u05e8\u05d0\u05e7\u05e6&#8217;\u05d9 \u05de\u05d2\u05d9\u05e2 \u05dc\u05d8\u05d5\u05e8\u05e7\u05d9\u05d4 \u05e2\u05dc \u05e8\u05e7\u05e2 \u05d4\u05e6\u05e2\u05ea\u05d5 \u05e9\u05dc \u05d4\u05e0\u05e9\u05d9\u05d0 \u05d0\u05e8\u05d3\u05d5\u05d0\u05df \u05dc\u05e7\u05d9\u05d9\u05dd \u05e9\u05d9\u05d7\u05ea \u05d5\u05d9\u05d3\u05d0\u05d5 \u05d1\u05d9\u05df \u05d8\u05e8\u05d0\u05de\u05e4 \u05dc\u05e0\u05e9\u05d9\u05d0 \u05e4&#8217;\u05d6\u05e9\u05db\u05d9\u05d0\u05df.\u05e2\u05dc \u05e4\u05e0\u05d9\u05d5, \u05e9\u05d9\u05d7\u05d4 \u05db\u05d6\u05d5 (\u05d1\u05e6\u05d9\u05e8\u05d5\u05e3 \u05db\u05de\u05d4 \u05d4\u05d1\u05d8\u05d7\u05d5\u05ea \u05d5\u05d3\u05d1\u05e8\u05d9 \u05d7\u05e0\u05d5\u05e4\u05d4) \u05e2\u05e9\u05d5\u05d9\u05d4 \u05dc\u05e1\u05e4\u05e7 \u05dc\u05d8\u05e8\u05d0\u05de\u05e4 \u05d0\u05ea \u05d4&#8221;\u05d4\u05d9\u05e9\u05d2&#8221; \u05e9\u05d9\u05d0\u05e4\u05e9\u05e8 \u05dc\u05d5 \u05dc\u05d5\u05d5\u05ea\u05e8 \u05e2\u05dc \u05de\u05d4\u05dc\u05da \u05e6\u05d1\u05d0\u05d9, \u05e9\u05d9\u05db\u05d5\u05dc \u05dc\u05d4\u05d9\u05d5\u05ea \u05d9\u05e2\u05d9\u05dc \u05d1\u05de\u05d9\u05d3\u05d4 \u05de\u05e1\u05d5\u05d9\u05de\u05ea \u05d0\u05da \u05d0\u05d9\u05e0\u05d5 \u05e0\u05d8\u05d5\u05dc \u05e1\u05d9\u05db\u05d5\u05e0\u05d9\u05dd, \u05dc\u05e8\u05d1\u05d5\u05ea \u05d4\u05e1\u05dc\u05de\u05d4 \u05d0\u05d6\u05d5\u05e8\u05d9\u05ea.\u05d4\u05e9\u05d0\u05dc\u05d4\u2026 <a rel=\"nofollow noopener\" target=\"_blank\" href=\"https:\/\/t.co\/qGMdz2XoXv\">https:\/\/t.co\/qGMdz2XoXv<\/a><\/p>\n<p>\u2014 Raz Zimmt (@RZimmt) <a rel=\"nofollow noopener\" target=\"_blank\" href=\"https:\/\/twitter.com\/RZimmt\/status\/2017142504307519771?ref_src=twsrc%5Etfw\">January 30, 2026<\/a><\/p><\/blockquote>\n<\/div>\n<\/div>\n<p data-start=\"302\" data-end=\"491\">Am Mittwoch warnte Trump, dass eine &#8220;massive Armada&#8221; auf dem Weg in Richtung Iran sei und mit &#8220;Geschwindigkeit und Gewalt&#8221; angreifen werde, wenn Teheran keinem Abkommen zustimmt.\u00a0Der iranische Au\u00dfenminister Araghtschi\u00a0erkl\u00e4rte bereits in Ankara, Iran sei bereit, die Atomverhandlungen mit den USA wieder aufzunehmen, sofern diese fair verlaufen und auf gegenseitigem Respekt beruhen.<\/p>\n<p data-start=\"302\" data-end=\"491\"><strong>Mehr zum Thema<\/strong> &#8211; <a rel=\"nofollow noopener\" target=\"_blank\" href=\"https:\/\/freedert.online\/der-nahe-osten\/268714-nahost-in-heikler-phase-usa\/\">Nahost in heikler Phase: USA und Iran vor neuer Konfrontationsrunde<\/a><\/p>\n<div class=\"EmbedBlock-root EmbedBlock-externalVideo EmbedBlock-rumble\">\n<div class=\"VkEmbed\"><iframe class=\"lazyload\" data-src=\"https:\/\/rumble.com\/embed\/v72dfqw\" frameborder=\"0\" width=\"853\" height=\"480\" allowfullscreen><\/iframe><\/div>\n<\/div>\n<\/div>\n<p><script async src=\"https:\/\/platform.twitter.com\/widgets.js\" charset=\"utf-8\"><\/script><br \/>\n<br \/><br \/>\n<br \/><a href=\"https:\/\/de.rt.com\/der-nahe-osten\/268819-tuerkei-vermittelt-erdogan-will-telefonat\/\">Source link <\/a><\/p>\n","protected":false},"excerpt":{"rendered":"<p>Ankara m\u00f6chte, dass Iran Trump ein \u00d6labkommen anbietet, das es US-Unternehmen erm\u00f6glichen w\u00fcrde, in dem Land t\u00e4tig zu werden. Trump habe Interesse an der Initiative gezeigt, wohingegen der iranische Pr\u00e4sident bisher noch nicht auf das Angebot reagiert habe. Der t\u00fcrkische Pr\u00e4sident Recep Tayyip Erdo\u011fan hat angeboten, eine Telekonferenz zwischen den Pr\u00e4sidenten der USA und Irans [&hellip;]<\/p>\n","protected":false},"author":3,"featured_media":98071,"comment_status":"open","ping_status":"open","sticky":false,"template":"","format":"standard","meta":{"_yoast_indexnow_last_ping":["1769777387"],"wp_automatic_camp":["217"],"f1acc6b6a3d78766bd5e2e6c600a1e36":["T\u00fcrkei als Vermittler: Erdo\u011fan will Telefonat zwischen US- und iranischem Pr\u00e4sidenten"],"original_link":["https:\/\/de.rt.com\/der-nahe-osten\/268819-tuerkei-vermittelt-erdogan-will-telefonat\/"],"_thumbnail_id":["98071"],"jnews_social_counter_last_update":["1777272765"],"_wptgpro_p2tg_sent2tg":["a:1:{i:23737;s:19:\"2026-01-30 14:50:55\";}"]},"categories":[19,23],"tags":[273,13697,22006,8462,21062,1897,140,32574,436],"yoast_head":"<!-- This site is optimized with the Yoast SEO Premium plugin v22.7 (Yoast SEO v22.7) - https:\/\/yoast.com\/wordpress\/plugins\/seo\/ -->\n<title>T\u00fcrkei als Vermittler: Erdo\u011fan will Telefonat zwischen US- und iranischem Pr\u00e4sidenten - just-now.NEWS Deutschland<\/title>\n<meta name=\"robots\" content=\"index, follow, max-snippet:-1, max-image-preview:large, max-video-preview:-1\" \/>\n<link rel=\"canonical\" href=\"https:\/\/now-news.de\/de\/deutschland\/tuerkei-als-vermittler-erdogan-will-telefonat-zwischen-us-und-iranischem-praesidenten\/\" \/>\n<meta property=\"og:locale\" content=\"de_DE\" \/>\n<meta property=\"og:type\" content=\"article\" \/>\n<meta property=\"og:title\" content=\"T\u00fcrkei als Vermittler: Erdo\u011fan will Telefonat zwischen US- und iranischem Pr\u00e4sidenten\" \/>\n<meta property=\"og:description\" content=\"Ankara m\u00f6chte, dass Iran Trump ein \u00d6labkommen anbietet, das es US-Unternehmen erm\u00f6glichen w\u00fcrde, in dem Land t\u00e4tig zu werden. Trump habe Interesse an der Initiative gezeigt, wohingegen der iranische Pr\u00e4sident bisher noch nicht auf das Angebot reagiert habe. Der t\u00fcrkische Pr\u00e4sident Recep Tayyip Erdo\u011fan hat angeboten, eine Telekonferenz zwischen den Pr\u00e4sidenten der USA und Irans [&hellip;]\" \/>\n<meta property=\"og:url\" content=\"https:\/\/now-news.de\/de\/deutschland\/tuerkei-als-vermittler-erdogan-will-telefonat-zwischen-us-und-iranischem-praesidenten\/\" \/>\n<meta property=\"og:site_name\" content=\"just-now.NEWS Deutschland\" \/>\n<meta property=\"article:publisher\" content=\"https:\/\/www.facebook.com\/wirmachenauf\" \/>\n<meta property=\"article:published_time\" content=\"2026-01-30T12:47:38+00:00\" \/>\n<meta property=\"og:image\" content=\"https:\/\/now-news.de\/de\/wp-content\/uploads\/sites\/3\/2026\/01\/697c94bc48fbef096605ea57.jpg\" \/>\n<meta name=\"author\" content=\"rtnews\" \/>\n<meta name=\"twitter:card\" content=\"summary_large_image\" \/>\n<meta name=\"twitter:creator\" content=\"@WirMachenAuf_de\" \/>\n<meta name=\"twitter:site\" content=\"@WirMachenAuf_de\" \/>\n<meta name=\"twitter:label1\" content=\"Verfasst von\" \/>\n\t<meta name=\"twitter:data1\" content=\"rtnews\" \/>\n\t<meta name=\"twitter:label2\" content=\"Gesch\u00e4tzte Lesezeit\" \/>\n\t<meta name=\"twitter:data2\" content=\"3\u00a0Minuten\" \/>\n<script type=\"application\/ld+json\" class=\"yoast-schema-graph\">{\"@context\":\"https:\/\/schema.org\",\"@graph\":[{\"@type\":\"Article\",\"@id\":\"https:\/\/now-news.de\/de\/deutschland\/tuerkei-als-vermittler-erdogan-will-telefonat-zwischen-us-und-iranischem-praesidenten\/#article\",\"isPartOf\":{\"@id\":\"https:\/\/now-news.de\/de\/deutschland\/tuerkei-als-vermittler-erdogan-will-telefonat-zwischen-us-und-iranischem-praesidenten\/\"},\"author\":{\"name\":\"rtnews\",\"@id\":\"https:\/\/now-news.de\/de\/#\/schema\/person\/fb534a4e865501d8b3285208df34a9b5\"},\"headline\":\"T\u00fcrkei als Vermittler: Erdo\u011fan will Telefonat zwischen US- und iranischem Pr\u00e4sidenten\",\"datePublished\":\"2026-01-30T12:47:38+00:00\",\"dateModified\":\"2026-01-30T12:47:38+00:00\",\"mainEntityOfPage\":{\"@id\":\"https:\/\/now-news.de\/de\/deutschland\/tuerkei-als-vermittler-erdogan-will-telefonat-zwischen-us-und-iranischem-praesidenten\/\"},\"wordCount\":529,\"commentCount\":0,\"publisher\":{\"@id\":\"https:\/\/now-news.de\/de\/#organization\"},\"image\":{\"@id\":\"https:\/\/now-news.de\/de\/deutschland\/tuerkei-als-vermittler-erdogan-will-telefonat-zwischen-us-und-iranischem-praesidenten\/#primaryimage\"},\"thumbnailUrl\":\"https:\/\/now-news.de\/de\/wp-content\/uploads\/sites\/3\/2026\/01\/Tuerkei-als-Vermittler-Erdogan-will-Telefonat-zwischen-US-und-iranischem.jpg\",\"keywords\":[\"als\",\"Erdo\u011fan\",\"iranischem\",\"Pr\u00e4sidenten\",\"Telefonat\",\"T\u00fcrkei\",\"und\",\"Vermittler\",\"zwischen\"],\"articleSection\":[\"Deutschland\",\"Russland\"],\"inLanguage\":\"de\",\"potentialAction\":[{\"@type\":\"CommentAction\",\"name\":\"Comment\",\"target\":[\"https:\/\/now-news.de\/de\/deutschland\/tuerkei-als-vermittler-erdogan-will-telefonat-zwischen-us-und-iranischem-praesidenten\/#respond\"]}]},{\"@type\":\"WebPage\",\"@id\":\"https:\/\/now-news.de\/de\/deutschland\/tuerkei-als-vermittler-erdogan-will-telefonat-zwischen-us-und-iranischem-praesidenten\/\",\"url\":\"https:\/\/now-news.de\/de\/deutschland\/tuerkei-als-vermittler-erdogan-will-telefonat-zwischen-us-und-iranischem-praesidenten\/\",\"name\":\"T\u00fcrkei als Vermittler: Erdo\u011fan will Telefonat zwischen US- und iranischem Pr\u00e4sidenten - just-now.NEWS Deutschland\",\"isPartOf\":{\"@id\":\"https:\/\/now-news.de\/de\/#website\"},\"primaryImageOfPage\":{\"@id\":\"https:\/\/now-news.de\/de\/deutschland\/tuerkei-als-vermittler-erdogan-will-telefonat-zwischen-us-und-iranischem-praesidenten\/#primaryimage\"},\"image\":{\"@id\":\"https:\/\/now-news.de\/de\/deutschland\/tuerkei-als-vermittler-erdogan-will-telefonat-zwischen-us-und-iranischem-praesidenten\/#primaryimage\"},\"thumbnailUrl\":\"https:\/\/now-news.de\/de\/wp-content\/uploads\/sites\/3\/2026\/01\/Tuerkei-als-Vermittler-Erdogan-will-Telefonat-zwischen-US-und-iranischem.jpg\",\"datePublished\":\"2026-01-30T12:47:38+00:00\",\"dateModified\":\"2026-01-30T12:47:38+00:00\",\"breadcrumb\":{\"@id\":\"https:\/\/now-news.de\/de\/deutschland\/tuerkei-als-vermittler-erdogan-will-telefonat-zwischen-us-und-iranischem-praesidenten\/#breadcrumb\"},\"inLanguage\":\"de\",\"potentialAction\":[{\"@type\":\"ReadAction\",\"target\":[\"https:\/\/now-news.de\/de\/deutschland\/tuerkei-als-vermittler-erdogan-will-telefonat-zwischen-us-und-iranischem-praesidenten\/\"]}]},{\"@type\":\"ImageObject\",\"inLanguage\":\"de\",\"@id\":\"https:\/\/now-news.de\/de\/deutschland\/tuerkei-als-vermittler-erdogan-will-telefonat-zwischen-us-und-iranischem-praesidenten\/#primaryimage\",\"url\":\"https:\/\/now-news.de\/de\/wp-content\/uploads\/sites\/3\/2026\/01\/Tuerkei-als-Vermittler-Erdogan-will-Telefonat-zwischen-US-und-iranischem.jpg\",\"contentUrl\":\"https:\/\/now-news.de\/de\/wp-content\/uploads\/sites\/3\/2026\/01\/Tuerkei-als-Vermittler-Erdogan-will-Telefonat-zwischen-US-und-iranischem.jpg\",\"width\":460,\"height\":259,\"caption\":\"T\u00fcrkei als Vermittler: Erdo\u011fan will Telefonat zwischen US- und iranischem Pr\u00e4sidenten\"},{\"@type\":\"BreadcrumbList\",\"@id\":\"https:\/\/now-news.de\/de\/deutschland\/tuerkei-als-vermittler-erdogan-will-telefonat-zwischen-us-und-iranischem-praesidenten\/#breadcrumb\",\"itemListElement\":[{\"@type\":\"ListItem\",\"position\":1,\"name\":\"Home\",\"item\":\"https:\/\/now-news.de\/de\/\"},{\"@type\":\"ListItem\",\"position\":2,\"name\":\"T\u00fcrkei als Vermittler: Erdo\u011fan will Telefonat zwischen US- und iranischem Pr\u00e4sidenten\"}]},{\"@type\":\"WebSite\",\"@id\":\"https:\/\/now-news.de\/de\/#website\",\"url\":\"https:\/\/now-news.de\/de\/\",\"name\":\"just-now.NEWS Deutschland\",\"description\":\"Das Portal f\u00fcr unzensierte Nachrichten aus der Welt\",\"publisher\":{\"@id\":\"https:\/\/now-news.de\/de\/#organization\"},\"potentialAction\":[{\"@type\":\"SearchAction\",\"target\":{\"@type\":\"EntryPoint\",\"urlTemplate\":\"https:\/\/now-news.de\/de\/?s={search_term_string}\"},\"query-input\":\"required name=search_term_string\"}],\"inLanguage\":\"de\"},{\"@type\":\"Organization\",\"@id\":\"https:\/\/now-news.de\/de\/#organization\",\"name\":\"Just Now News\",\"url\":\"https:\/\/now-news.de\/de\/\",\"logo\":{\"@type\":\"ImageObject\",\"inLanguage\":\"de\",\"@id\":\"https:\/\/now-news.de\/de\/#\/schema\/logo\/image\/\",\"url\":\"http:\/\/just-now.news\/de\/wp-content\/uploads\/sites\/3\/2022\/04\/logo500x500.jpg\",\"contentUrl\":\"http:\/\/just-now.news\/de\/wp-content\/uploads\/sites\/3\/2022\/04\/logo500x500.jpg\",\"width\":500,\"height\":500,\"caption\":\"Just Now News\"},\"image\":{\"@id\":\"https:\/\/now-news.de\/de\/#\/schema\/logo\/image\/\"},\"sameAs\":[\"https:\/\/www.facebook.com\/wirmachenauf\",\"https:\/\/x.com\/WirMachenAuf_de\"]},{\"@type\":\"Person\",\"@id\":\"https:\/\/now-news.de\/de\/#\/schema\/person\/fb534a4e865501d8b3285208df34a9b5\",\"name\":\"rtnews\",\"image\":{\"@type\":\"ImageObject\",\"inLanguage\":\"de\",\"@id\":\"https:\/\/now-news.de\/de\/#\/schema\/person\/image\/\",\"url\":\"https:\/\/secure.gravatar.com\/avatar\/82aafea7d8127119dd649515f56e2117?s=96&d=mm&r=g\",\"contentUrl\":\"https:\/\/secure.gravatar.com\/avatar\/82aafea7d8127119dd649515f56e2117?s=96&d=mm&r=g\",\"caption\":\"rtnews\"},\"url\":\"https:\/\/now-news.de\/de\/author\/rnews\/\"}]}<\/script>\n<!-- \/ Yoast SEO Premium plugin. -->","yoast_head_json":{"title":"T\u00fcrkei als Vermittler: Erdo\u011fan will Telefonat zwischen US- und iranischem Pr\u00e4sidenten - just-now.NEWS Deutschland","robots":{"index":"index","follow":"follow","max-snippet":"max-snippet:-1","max-image-preview":"max-image-preview:large","max-video-preview":"max-video-preview:-1"},"canonical":"https:\/\/now-news.de\/de\/deutschland\/tuerkei-als-vermittler-erdogan-will-telefonat-zwischen-us-und-iranischem-praesidenten\/","og_locale":"de_DE","og_type":"article","og_title":"T\u00fcrkei als Vermittler: Erdo\u011fan will Telefonat zwischen US- und iranischem Pr\u00e4sidenten","og_description":"Ankara m\u00f6chte, dass Iran Trump ein \u00d6labkommen anbietet, das es US-Unternehmen erm\u00f6glichen w\u00fcrde, in dem Land t\u00e4tig zu werden. Trump habe Interesse an der Initiative gezeigt, wohingegen der iranische Pr\u00e4sident bisher noch nicht auf das Angebot reagiert habe. Der t\u00fcrkische Pr\u00e4sident Recep Tayyip Erdo\u011fan hat angeboten, eine Telekonferenz zwischen den Pr\u00e4sidenten der USA und Irans [&hellip;]","og_url":"https:\/\/now-news.de\/de\/deutschland\/tuerkei-als-vermittler-erdogan-will-telefonat-zwischen-us-und-iranischem-praesidenten\/","og_site_name":"just-now.NEWS Deutschland","article_publisher":"https:\/\/www.facebook.com\/wirmachenauf","article_published_time":"2026-01-30T12:47:38+00:00","og_image":[{"url":"https:\/\/now-news.de\/de\/wp-content\/uploads\/sites\/3\/2026\/01\/697c94bc48fbef096605ea57.jpg"}],"author":"rtnews","twitter_card":"summary_large_image","twitter_creator":"@WirMachenAuf_de","twitter_site":"@WirMachenAuf_de","twitter_misc":{"Verfasst von":"rtnews","Gesch\u00e4tzte Lesezeit":"3\u00a0Minuten"},"schema":{"@context":"https:\/\/schema.org","@graph":[{"@type":"Article","@id":"https:\/\/now-news.de\/de\/deutschland\/tuerkei-als-vermittler-erdogan-will-telefonat-zwischen-us-und-iranischem-praesidenten\/#article","isPartOf":{"@id":"https:\/\/now-news.de\/de\/deutschland\/tuerkei-als-vermittler-erdogan-will-telefonat-zwischen-us-und-iranischem-praesidenten\/"},"author":{"name":"rtnews","@id":"https:\/\/now-news.de\/de\/#\/schema\/person\/fb534a4e865501d8b3285208df34a9b5"},"headline":"T\u00fcrkei als Vermittler: Erdo\u011fan will Telefonat zwischen US- und iranischem Pr\u00e4sidenten","datePublished":"2026-01-30T12:47:38+00:00","dateModified":"2026-01-30T12:47:38+00:00","mainEntityOfPage":{"@id":"https:\/\/now-news.de\/de\/deutschland\/tuerkei-als-vermittler-erdogan-will-telefonat-zwischen-us-und-iranischem-praesidenten\/"},"wordCount":529,"commentCount":0,"publisher":{"@id":"https:\/\/now-news.de\/de\/#organization"},"image":{"@id":"https:\/\/now-news.de\/de\/deutschland\/tuerkei-als-vermittler-erdogan-will-telefonat-zwischen-us-und-iranischem-praesidenten\/#primaryimage"},"thumbnailUrl":"https:\/\/now-news.de\/de\/wp-content\/uploads\/sites\/3\/2026\/01\/Tuerkei-als-Vermittler-Erdogan-will-Telefonat-zwischen-US-und-iranischem.jpg","keywords":["als","Erdo\u011fan","iranischem","Pr\u00e4sidenten","Telefonat","T\u00fcrkei","und","Vermittler","zwischen"],"articleSection":["Deutschland","Russland"],"inLanguage":"de","potentialAction":[{"@type":"CommentAction","name":"Comment","target":["https:\/\/now-news.de\/de\/deutschland\/tuerkei-als-vermittler-erdogan-will-telefonat-zwischen-us-und-iranischem-praesidenten\/#respond"]}]},{"@type":"WebPage","@id":"https:\/\/now-news.de\/de\/deutschland\/tuerkei-als-vermittler-erdogan-will-telefonat-zwischen-us-und-iranischem-praesidenten\/","url":"https:\/\/now-news.de\/de\/deutschland\/tuerkei-als-vermittler-erdogan-will-telefonat-zwischen-us-und-iranischem-praesidenten\/","name":"T\u00fcrkei als Vermittler: Erdo\u011fan will Telefonat zwischen US- und iranischem Pr\u00e4sidenten - just-now.NEWS Deutschland","isPartOf":{"@id":"https:\/\/now-news.de\/de\/#website"},"primaryImageOfPage":{"@id":"https:\/\/now-news.de\/de\/deutschland\/tuerkei-als-vermittler-erdogan-will-telefonat-zwischen-us-und-iranischem-praesidenten\/#primaryimage"},"image":{"@id":"https:\/\/now-news.de\/de\/deutschland\/tuerkei-als-vermittler-erdogan-will-telefonat-zwischen-us-und-iranischem-praesidenten\/#primaryimage"},"thumbnailUrl":"https:\/\/now-news.de\/de\/wp-content\/uploads\/sites\/3\/2026\/01\/Tuerkei-als-Vermittler-Erdogan-will-Telefonat-zwischen-US-und-iranischem.jpg","datePublished":"2026-01-30T12:47:38+00:00","dateModified":"2026-01-30T12:47:38+00:00","breadcrumb":{"@id":"https:\/\/now-news.de\/de\/deutschland\/tuerkei-als-vermittler-erdogan-will-telefonat-zwischen-us-und-iranischem-praesidenten\/#breadcrumb"},"inLanguage":"de","potentialAction":[{"@type":"ReadAction","target":["https:\/\/now-news.de\/de\/deutschland\/tuerkei-als-vermittler-erdogan-will-telefonat-zwischen-us-und-iranischem-praesidenten\/"]}]},{"@type":"ImageObject","inLanguage":"de","@id":"https:\/\/now-news.de\/de\/deutschland\/tuerkei-als-vermittler-erdogan-will-telefonat-zwischen-us-und-iranischem-praesidenten\/#primaryimage","url":"https:\/\/now-news.de\/de\/wp-content\/uploads\/sites\/3\/2026\/01\/Tuerkei-als-Vermittler-Erdogan-will-Telefonat-zwischen-US-und-iranischem.jpg","contentUrl":"https:\/\/now-news.de\/de\/wp-content\/uploads\/sites\/3\/2026\/01\/Tuerkei-als-Vermittler-Erdogan-will-Telefonat-zwischen-US-und-iranischem.jpg","width":460,"height":259,"caption":"T\u00fcrkei als Vermittler: Erdo\u011fan will Telefonat zwischen US- und iranischem Pr\u00e4sidenten"},{"@type":"BreadcrumbList","@id":"https:\/\/now-news.de\/de\/deutschland\/tuerkei-als-vermittler-erdogan-will-telefonat-zwischen-us-und-iranischem-praesidenten\/#breadcrumb","itemListElement":[{"@type":"ListItem","position":1,"name":"Home","item":"https:\/\/now-news.de\/de\/"},{"@type":"ListItem","position":2,"name":"T\u00fcrkei als Vermittler: Erdo\u011fan will Telefonat zwischen US- und iranischem Pr\u00e4sidenten"}]},{"@type":"WebSite","@id":"https:\/\/now-news.de\/de\/#website","url":"https:\/\/now-news.de\/de\/","name":"just-now.NEWS Deutschland","description":"Das Portal f\u00fcr unzensierte Nachrichten aus der Welt","publisher":{"@id":"https:\/\/now-news.de\/de\/#organization"},"potentialAction":[{"@type":"SearchAction","target":{"@type":"EntryPoint","urlTemplate":"https:\/\/now-news.de\/de\/?s={search_term_string}"},"query-input":"required name=search_term_string"}],"inLanguage":"de"},{"@type":"Organization","@id":"https:\/\/now-news.de\/de\/#organization","name":"Just Now News","url":"https:\/\/now-news.de\/de\/","logo":{"@type":"ImageObject","inLanguage":"de","@id":"https:\/\/now-news.de\/de\/#\/schema\/logo\/image\/","url":"http:\/\/just-now.news\/de\/wp-content\/uploads\/sites\/3\/2022\/04\/logo500x500.jpg","contentUrl":"http:\/\/just-now.news\/de\/wp-content\/uploads\/sites\/3\/2022\/04\/logo500x500.jpg","width":500,"height":500,"caption":"Just Now News"},"image":{"@id":"https:\/\/now-news.de\/de\/#\/schema\/logo\/image\/"},"sameAs":["https:\/\/www.facebook.com\/wirmachenauf","https:\/\/x.com\/WirMachenAuf_de"]},{"@type":"Person","@id":"https:\/\/now-news.de\/de\/#\/schema\/person\/fb534a4e865501d8b3285208df34a9b5","name":"rtnews","image":{"@type":"ImageObject","inLanguage":"de","@id":"https:\/\/now-news.de\/de\/#\/schema\/person\/image\/","url":"https:\/\/secure.gravatar.com\/avatar\/82aafea7d8127119dd649515f56e2117?s=96&d=mm&r=g","contentUrl":"https:\/\/secure.gravatar.com\/avatar\/82aafea7d8127119dd649515f56e2117?s=96&d=mm&r=g","caption":"rtnews"},"url":"https:\/\/now-news.de\/de\/author\/rnews\/"}]}},"_links":{"self":[{"href":"https:\/\/now-news.de\/de\/wp-json\/wp\/v2\/posts\/98070"}],"collection":[{"href":"https:\/\/now-news.de\/de\/wp-json\/wp\/v2\/posts"}],"about":[{"href":"https:\/\/now-news.de\/de\/wp-json\/wp\/v2\/types\/post"}],"author":[{"embeddable":true,"href":"https:\/\/now-news.de\/de\/wp-json\/wp\/v2\/users\/3"}],"replies":[{"embeddable":true,"href":"https:\/\/now-news.de\/de\/wp-json\/wp\/v2\/comments?post=98070"}],"version-history":[{"count":0,"href":"https:\/\/now-news.de\/de\/wp-json\/wp\/v2\/posts\/98070\/revisions"}],"wp:featuredmedia":[{"embeddable":true,"href":"https:\/\/now-news.de\/de\/wp-json\/wp\/v2\/media\/98071"}],"wp:attachment":[{"href":"https:\/\/now-news.de\/de\/wp-json\/wp\/v2\/media?parent=98070"}],"wp:term":[{"taxonomy":"category","embeddable":true,"href":"https:\/\/now-news.de\/de\/wp-json\/wp\/v2\/categories?post=98070"},{"taxonomy":"post_tag","embeddable":true,"href":"https:\/\/now-news.de\/de\/wp-json\/wp\/v2\/tags?post=98070"}],"curies":[{"name":"wp","href":"https:\/\/api.w.org\/{rel}","templated":true}]}}