{"id":98039,"date":"2026-01-29T19:03:02","date_gmt":"2026-01-29T17:03:02","guid":{"rendered":"https:\/\/now-news.de\/de\/deutschland\/financial-times-mitarbeiter-des-weissen-hauses-trafen-kanadische-separatisten\/"},"modified":"2026-01-29T19:03:02","modified_gmt":"2026-01-29T17:03:02","slug":"financial-times-mitarbeiter-des-weissen-hauses-trafen-kanadische-separatisten","status":"publish","type":"post","link":"https:\/\/now-news.de\/de\/deutschland\/financial-times-mitarbeiter-des-weissen-hauses-trafen-kanadische-separatisten\/","title":{"rendered":"Financial Times: Mitarbeiter des Wei\u00dfen Hauses trafen kanadische Separatisten"},"content":{"rendered":"<p><img decoding=\"async\" src=\"https:\/\/now-news.de\/de\/wp-content\/uploads\/sites\/3\/2026\/01\/697b78e8b480cc31683208ab.jpg\" \/><\/p>\n<div class=\"Text-root Text-type_1 \">\n                Kritiker sagen, es gebe Zeichen einer US-Einmischung bei einer Sezessionskampagne in Alberta. Die Kampagne sammelt derzeit Unterschriften, um ein Referendum zur Unabh\u00e4ngigkeit zu erreichen. Trump hatte Interesse an dieser kanadischen Provinz bekundet.\n            <\/div>\n<p><\/p>\n<div class=\"Text-root Text-type_5 ArticleView-text ViewText-root \">\n<p>Nach einem Bericht der <em>Financial Times<\/em> vom Donnerstag haben sich F\u00fchrer einer kanadischen Gruppe, die auf die Abtrennung der \u00f6lreichen Provinz Alberta hinarbeitet, seit April 2025 mindestens drei Mal mit Mitarbeitern der Regierung von US-Pr\u00e4sident Donald Trump getroffen.<\/p>\n<p>Die Mitarbeiter erkl\u00e4rten, die Treffen w\u00e4ren Routine im Umgang mit b\u00fcrgerschaftlichem Engagement und bedeuteten keine Unterst\u00fctzung f\u00fcr die Sache der Separatisten. Allerdings vermuten Politiker, die sich in Alberta f\u00fcr die Einheit einsetzen, eine F\u00f6rderung der Kampagne durch ausw\u00e4rtige Kr\u00e4fte.<\/p>\n<p>Das Wohlstandsprojekt Alberta (Alberta Prosperity Project, APP) beschreibt sich selbst als eine Bildungsinitiative, die f\u00fcr eine Unabh\u00e4ngigkeit von Ottawa eintritt und sich gegen den Globalismus und seine Utnerst\u00fctzer stellt. Die Gruppe sammelt Unterschriften f\u00fcr eine Petition, um ein Referendum zur Unabh\u00e4ngigkeit abzuhalten. Die Wahlbeh\u00f6rden der Provinz haben ihr bis Mai Zeit gegeben, die Unterschriften von mindestens 177.732 W\u00e4hlern zu sammeln, um auf dem Weg zum Referendum voranzukommen.<\/p>\n<p>&#8220;Die USA sind sehr enthusiastisch, was ein freies und unabh\u00e4ngiges Alberta angeht&#8221;, sagte Jeff Rath, Rechtsberater der APP, gegen\u00fcber der<em> Financial Times<\/em>. Die Organisation benannte die US-Vertreter nicht, mit denen sie gesprochen hatten, nannte sie aber hochrangig.<\/p>\n<p>J\u00fcngst hatte US-Finanzminister Scott Bessent das m\u00f6gliche Referendum in einem Interview mit dem rechten Podcaster Jack Posobiec erw\u00e4hnt und gesagt, ein unabh\u00e4ngiges Alberta w\u00e4re &#8220;ein nat\u00fcrlicher Partner f\u00fcr die USA&#8221;.<\/p>\n<p>Gil McGowan, Pr\u00e4sident der Alberta Federation of Labour, also des Gewerkschaftsbundes der Provinz, sagte der <em>FT<\/em>, es gebe &#8220;Beweise f\u00fcr ausl\u00e4ndische Einmischung&#8221; bei der Unterschriftensammlung. Er zitierte Onlinenachrichten, die sich f\u00fcr die Separatisten aussprachen, und meinte:<\/p>\n<p><em>&#8220;Es f\u00fchlt sich nicht nat\u00fcrlich an, wir sind im Visier der MAGA-Massen.&#8221;<\/em><\/p>\n<p>Die APP wiederum erkl\u00e4rt, es gebe organisierte Versuche, ihre Unterschriftensammlung zu behindern.<\/p>\n<p>Die Provinz Alberta, benannt nach einer Tochter der britischen K\u00f6nigin Viktoria, ist die wohlhabendste Provinz Kanadas und tr\u00e4gt mit grob einem Zehntel der Bev\u00f6lkerung zwischen 15 und 17 Prozent zum Bruttoinlandsprodukt bei. Dort liegen die kanadischen \u00d6lvorkommen, die \u00fcberwiegend aus \u00d6lsand bestehen; in Calgary und Edmonton gibt es aber auch Unternehmen der Hochtechnologie.<\/p>\n<p>Die Spannungen zwischen den USA und Kanada haben zugenommen, seit Trump vorschlug, Kanada w\u00e4re als Teil der USA besser dran, und der Regierung von Premierminister Mark Carney vorwarf, von China beeinflusst zu sein. In seiner Rede in Davos hatte Carney vor kurzem gesagt, die westliche &#8220;regelbasierte Ordnung&#8221; zerbreche und n\u00f6tige kleinere Nationen, nicht l\u00e4nger ein System aufrechtzuerhalten, das, wie er sagte, schon immer zum Teil auf bequemen L\u00fcgen beruht habe.<\/p>\n<p><strong>Mehr zum Thema &#8211;<\/strong>\u00a0<a rel=\"nofollow noopener\" target=\"_blank\" href=\"https:\/\/freedert.online\/nordamerika\/268079-wie-kanadische-guerillas-gegen-usa\/\">Im Falle einer Invasion: Wie kanadische Guerillas gegen die USA k\u00e4mpfen werden<\/a><\/p>\n<div class=\"EmbedBlock-root EmbedBlock-externalVideo EmbedBlock-rumble\">\n<div class=\"VkEmbed\"><iframe class=\"lazyload\" data-src=\"https:\/\/rumble.com\/embed\/v6lavor\" frameborder=\"0\" width=\"853\" height=\"480\" allowfullscreen><\/iframe><\/div>\n<\/div>\n<\/div>\n<p><br \/>\n<br \/><a href=\"https:\/\/de.rt.com\/nordamerika\/268773-financial-times-mitarbeiter-weissen-hauses\/\">Source link <\/a><\/p>\n","protected":false},"excerpt":{"rendered":"<p>Kritiker sagen, es gebe Zeichen einer US-Einmischung bei einer Sezessionskampagne in Alberta. Die Kampagne sammelt derzeit Unterschriften, um ein Referendum zur Unabh\u00e4ngigkeit zu erreichen. Trump hatte Interesse an dieser kanadischen Provinz bekundet. Nach einem Bericht der Financial Times vom Donnerstag haben sich F\u00fchrer einer kanadischen Gruppe, die auf die Abtrennung der \u00f6lreichen Provinz Alberta hinarbeitet, [&hellip;]<\/p>\n","protected":false},"author":3,"featured_media":98040,"comment_status":"open","ping_status":"open","sticky":false,"template":"","format":"standard","meta":{"_yoast_indexnow_last_ping":["1769707057"],"wp_automatic_camp":["217"],"c06ea3e84153fd1701d1ae00cbe8aebe":["Financial Times: Mitarbeiter des Wei\u00dfen Hauses trafen kanadische Separatisten"],"original_link":["https:\/\/de.rt.com\/nordamerika\/268773-financial-times-mitarbeiter-weissen-hauses\/"],"_thumbnail_id":["98040"],"_wptgpro_p2tg_sent2tg":["a:1:{i:23737;s:19:\"2026-01-29 19:18:40\";}"],"jnews_social_counter_last_update":["1777644684"]},"categories":[19,23],"tags":[583,2189,3307,1999,6662,21009,259,46571,3306],"yoast_head":"<!-- This site is optimized with the Yoast SEO Premium plugin v22.7 (Yoast SEO v22.7) - https:\/\/yoast.com\/wordpress\/plugins\/seo\/ -->\n<title>Financial Times: Mitarbeiter des Wei\u00dfen Hauses trafen kanadische Separatisten - just-now.NEWS Deutschland<\/title>\n<meta name=\"robots\" content=\"index, follow, max-snippet:-1, max-image-preview:large, max-video-preview:-1\" \/>\n<link rel=\"canonical\" href=\"https:\/\/now-news.de\/de\/deutschland\/financial-times-mitarbeiter-des-weissen-hauses-trafen-kanadische-separatisten\/\" \/>\n<meta property=\"og:locale\" content=\"de_DE\" \/>\n<meta property=\"og:type\" content=\"article\" \/>\n<meta property=\"og:title\" content=\"Financial Times: Mitarbeiter des Wei\u00dfen Hauses trafen kanadische Separatisten\" \/>\n<meta property=\"og:description\" content=\"Kritiker sagen, es gebe Zeichen einer US-Einmischung bei einer Sezessionskampagne in Alberta. Die Kampagne sammelt derzeit Unterschriften, um ein Referendum zur Unabh\u00e4ngigkeit zu erreichen. Trump hatte Interesse an dieser kanadischen Provinz bekundet. Nach einem Bericht der Financial Times vom Donnerstag haben sich F\u00fchrer einer kanadischen Gruppe, die auf die Abtrennung der \u00f6lreichen Provinz Alberta hinarbeitet, [&hellip;]\" \/>\n<meta property=\"og:url\" content=\"https:\/\/now-news.de\/de\/deutschland\/financial-times-mitarbeiter-des-weissen-hauses-trafen-kanadische-separatisten\/\" \/>\n<meta property=\"og:site_name\" content=\"just-now.NEWS Deutschland\" \/>\n<meta property=\"article:publisher\" content=\"https:\/\/www.facebook.com\/wirmachenauf\" \/>\n<meta property=\"article:published_time\" content=\"2026-01-29T17:03:02+00:00\" \/>\n<meta property=\"og:image\" content=\"https:\/\/now-news.de\/de\/wp-content\/uploads\/sites\/3\/2026\/01\/697b78e8b480cc31683208ab.jpg\" \/>\n<meta name=\"author\" content=\"rtnews\" \/>\n<meta name=\"twitter:card\" content=\"summary_large_image\" \/>\n<meta name=\"twitter:creator\" content=\"@WirMachenAuf_de\" \/>\n<meta name=\"twitter:site\" content=\"@WirMachenAuf_de\" \/>\n<meta name=\"twitter:label1\" content=\"Verfasst von\" \/>\n\t<meta name=\"twitter:data1\" content=\"rtnews\" \/>\n\t<meta name=\"twitter:label2\" content=\"Gesch\u00e4tzte Lesezeit\" \/>\n\t<meta name=\"twitter:data2\" content=\"2\u00a0Minuten\" \/>\n<script type=\"application\/ld+json\" class=\"yoast-schema-graph\">{\"@context\":\"https:\/\/schema.org\",\"@graph\":[{\"@type\":\"Article\",\"@id\":\"https:\/\/now-news.de\/de\/deutschland\/financial-times-mitarbeiter-des-weissen-hauses-trafen-kanadische-separatisten\/#article\",\"isPartOf\":{\"@id\":\"https:\/\/now-news.de\/de\/deutschland\/financial-times-mitarbeiter-des-weissen-hauses-trafen-kanadische-separatisten\/\"},\"author\":{\"name\":\"rtnews\",\"@id\":\"https:\/\/now-news.de\/de\/#\/schema\/person\/fb534a4e865501d8b3285208df34a9b5\"},\"headline\":\"Financial Times: Mitarbeiter des Wei\u00dfen Hauses trafen kanadische Separatisten\",\"datePublished\":\"2026-01-29T17:03:02+00:00\",\"dateModified\":\"2026-01-29T17:03:02+00:00\",\"mainEntityOfPage\":{\"@id\":\"https:\/\/now-news.de\/de\/deutschland\/financial-times-mitarbeiter-des-weissen-hauses-trafen-kanadische-separatisten\/\"},\"wordCount\":494,\"commentCount\":0,\"publisher\":{\"@id\":\"https:\/\/now-news.de\/de\/#organization\"},\"image\":{\"@id\":\"https:\/\/now-news.de\/de\/deutschland\/financial-times-mitarbeiter-des-weissen-hauses-trafen-kanadische-separatisten\/#primaryimage\"},\"thumbnailUrl\":\"https:\/\/now-news.de\/de\/wp-content\/uploads\/sites\/3\/2026\/01\/Financial-Times-Mitarbeiter-des-Weissen-Hauses-trafen-kanadische-Separatisten.jpg\",\"keywords\":[\"des\",\"Financial\",\"Hauses\",\"kanadische\",\"Mitarbeiter\",\"Separatisten\",\"Times\",\"trafen\",\"Wei\u00dfen\"],\"articleSection\":[\"Deutschland\",\"Russland\"],\"inLanguage\":\"de\",\"potentialAction\":[{\"@type\":\"CommentAction\",\"name\":\"Comment\",\"target\":[\"https:\/\/now-news.de\/de\/deutschland\/financial-times-mitarbeiter-des-weissen-hauses-trafen-kanadische-separatisten\/#respond\"]}]},{\"@type\":\"WebPage\",\"@id\":\"https:\/\/now-news.de\/de\/deutschland\/financial-times-mitarbeiter-des-weissen-hauses-trafen-kanadische-separatisten\/\",\"url\":\"https:\/\/now-news.de\/de\/deutschland\/financial-times-mitarbeiter-des-weissen-hauses-trafen-kanadische-separatisten\/\",\"name\":\"Financial Times: Mitarbeiter des Wei\u00dfen Hauses trafen kanadische Separatisten - just-now.NEWS Deutschland\",\"isPartOf\":{\"@id\":\"https:\/\/now-news.de\/de\/#website\"},\"primaryImageOfPage\":{\"@id\":\"https:\/\/now-news.de\/de\/deutschland\/financial-times-mitarbeiter-des-weissen-hauses-trafen-kanadische-separatisten\/#primaryimage\"},\"image\":{\"@id\":\"https:\/\/now-news.de\/de\/deutschland\/financial-times-mitarbeiter-des-weissen-hauses-trafen-kanadische-separatisten\/#primaryimage\"},\"thumbnailUrl\":\"https:\/\/now-news.de\/de\/wp-content\/uploads\/sites\/3\/2026\/01\/Financial-Times-Mitarbeiter-des-Weissen-Hauses-trafen-kanadische-Separatisten.jpg\",\"datePublished\":\"2026-01-29T17:03:02+00:00\",\"dateModified\":\"2026-01-29T17:03:02+00:00\",\"breadcrumb\":{\"@id\":\"https:\/\/now-news.de\/de\/deutschland\/financial-times-mitarbeiter-des-weissen-hauses-trafen-kanadische-separatisten\/#breadcrumb\"},\"inLanguage\":\"de\",\"potentialAction\":[{\"@type\":\"ReadAction\",\"target\":[\"https:\/\/now-news.de\/de\/deutschland\/financial-times-mitarbeiter-des-weissen-hauses-trafen-kanadische-separatisten\/\"]}]},{\"@type\":\"ImageObject\",\"inLanguage\":\"de\",\"@id\":\"https:\/\/now-news.de\/de\/deutschland\/financial-times-mitarbeiter-des-weissen-hauses-trafen-kanadische-separatisten\/#primaryimage\",\"url\":\"https:\/\/now-news.de\/de\/wp-content\/uploads\/sites\/3\/2026\/01\/Financial-Times-Mitarbeiter-des-Weissen-Hauses-trafen-kanadische-Separatisten.jpg\",\"contentUrl\":\"https:\/\/now-news.de\/de\/wp-content\/uploads\/sites\/3\/2026\/01\/Financial-Times-Mitarbeiter-des-Weissen-Hauses-trafen-kanadische-Separatisten.jpg\",\"width\":460,\"height\":259,\"caption\":\"Financial Times: Mitarbeiter des Wei\u00dfen Hauses trafen kanadische Separatisten\"},{\"@type\":\"BreadcrumbList\",\"@id\":\"https:\/\/now-news.de\/de\/deutschland\/financial-times-mitarbeiter-des-weissen-hauses-trafen-kanadische-separatisten\/#breadcrumb\",\"itemListElement\":[{\"@type\":\"ListItem\",\"position\":1,\"name\":\"Home\",\"item\":\"https:\/\/now-news.de\/de\/\"},{\"@type\":\"ListItem\",\"position\":2,\"name\":\"Financial Times: Mitarbeiter des Wei\u00dfen Hauses trafen kanadische Separatisten\"}]},{\"@type\":\"WebSite\",\"@id\":\"https:\/\/now-news.de\/de\/#website\",\"url\":\"https:\/\/now-news.de\/de\/\",\"name\":\"just-now.NEWS Deutschland\",\"description\":\"Das Portal f\u00fcr unzensierte Nachrichten aus der Welt\",\"publisher\":{\"@id\":\"https:\/\/now-news.de\/de\/#organization\"},\"potentialAction\":[{\"@type\":\"SearchAction\",\"target\":{\"@type\":\"EntryPoint\",\"urlTemplate\":\"https:\/\/now-news.de\/de\/?s={search_term_string}\"},\"query-input\":\"required name=search_term_string\"}],\"inLanguage\":\"de\"},{\"@type\":\"Organization\",\"@id\":\"https:\/\/now-news.de\/de\/#organization\",\"name\":\"Just Now News\",\"url\":\"https:\/\/now-news.de\/de\/\",\"logo\":{\"@type\":\"ImageObject\",\"inLanguage\":\"de\",\"@id\":\"https:\/\/now-news.de\/de\/#\/schema\/logo\/image\/\",\"url\":\"http:\/\/just-now.news\/de\/wp-content\/uploads\/sites\/3\/2022\/04\/logo500x500.jpg\",\"contentUrl\":\"http:\/\/just-now.news\/de\/wp-content\/uploads\/sites\/3\/2022\/04\/logo500x500.jpg\",\"width\":500,\"height\":500,\"caption\":\"Just Now News\"},\"image\":{\"@id\":\"https:\/\/now-news.de\/de\/#\/schema\/logo\/image\/\"},\"sameAs\":[\"https:\/\/www.facebook.com\/wirmachenauf\",\"https:\/\/x.com\/WirMachenAuf_de\"]},{\"@type\":\"Person\",\"@id\":\"https:\/\/now-news.de\/de\/#\/schema\/person\/fb534a4e865501d8b3285208df34a9b5\",\"name\":\"rtnews\",\"image\":{\"@type\":\"ImageObject\",\"inLanguage\":\"de\",\"@id\":\"https:\/\/now-news.de\/de\/#\/schema\/person\/image\/\",\"url\":\"https:\/\/secure.gravatar.com\/avatar\/82aafea7d8127119dd649515f56e2117?s=96&d=mm&r=g\",\"contentUrl\":\"https:\/\/secure.gravatar.com\/avatar\/82aafea7d8127119dd649515f56e2117?s=96&d=mm&r=g\",\"caption\":\"rtnews\"},\"url\":\"https:\/\/now-news.de\/de\/author\/rnews\/\"}]}<\/script>\n<!-- \/ Yoast SEO Premium plugin. -->","yoast_head_json":{"title":"Financial Times: Mitarbeiter des Wei\u00dfen Hauses trafen kanadische Separatisten - just-now.NEWS Deutschland","robots":{"index":"index","follow":"follow","max-snippet":"max-snippet:-1","max-image-preview":"max-image-preview:large","max-video-preview":"max-video-preview:-1"},"canonical":"https:\/\/now-news.de\/de\/deutschland\/financial-times-mitarbeiter-des-weissen-hauses-trafen-kanadische-separatisten\/","og_locale":"de_DE","og_type":"article","og_title":"Financial Times: Mitarbeiter des Wei\u00dfen Hauses trafen kanadische Separatisten","og_description":"Kritiker sagen, es gebe Zeichen einer US-Einmischung bei einer Sezessionskampagne in Alberta. Die Kampagne sammelt derzeit Unterschriften, um ein Referendum zur Unabh\u00e4ngigkeit zu erreichen. Trump hatte Interesse an dieser kanadischen Provinz bekundet. Nach einem Bericht der Financial Times vom Donnerstag haben sich F\u00fchrer einer kanadischen Gruppe, die auf die Abtrennung der \u00f6lreichen Provinz Alberta hinarbeitet, [&hellip;]","og_url":"https:\/\/now-news.de\/de\/deutschland\/financial-times-mitarbeiter-des-weissen-hauses-trafen-kanadische-separatisten\/","og_site_name":"just-now.NEWS Deutschland","article_publisher":"https:\/\/www.facebook.com\/wirmachenauf","article_published_time":"2026-01-29T17:03:02+00:00","og_image":[{"url":"https:\/\/now-news.de\/de\/wp-content\/uploads\/sites\/3\/2026\/01\/697b78e8b480cc31683208ab.jpg"}],"author":"rtnews","twitter_card":"summary_large_image","twitter_creator":"@WirMachenAuf_de","twitter_site":"@WirMachenAuf_de","twitter_misc":{"Verfasst von":"rtnews","Gesch\u00e4tzte Lesezeit":"2\u00a0Minuten"},"schema":{"@context":"https:\/\/schema.org","@graph":[{"@type":"Article","@id":"https:\/\/now-news.de\/de\/deutschland\/financial-times-mitarbeiter-des-weissen-hauses-trafen-kanadische-separatisten\/#article","isPartOf":{"@id":"https:\/\/now-news.de\/de\/deutschland\/financial-times-mitarbeiter-des-weissen-hauses-trafen-kanadische-separatisten\/"},"author":{"name":"rtnews","@id":"https:\/\/now-news.de\/de\/#\/schema\/person\/fb534a4e865501d8b3285208df34a9b5"},"headline":"Financial Times: Mitarbeiter des Wei\u00dfen Hauses trafen kanadische Separatisten","datePublished":"2026-01-29T17:03:02+00:00","dateModified":"2026-01-29T17:03:02+00:00","mainEntityOfPage":{"@id":"https:\/\/now-news.de\/de\/deutschland\/financial-times-mitarbeiter-des-weissen-hauses-trafen-kanadische-separatisten\/"},"wordCount":494,"commentCount":0,"publisher":{"@id":"https:\/\/now-news.de\/de\/#organization"},"image":{"@id":"https:\/\/now-news.de\/de\/deutschland\/financial-times-mitarbeiter-des-weissen-hauses-trafen-kanadische-separatisten\/#primaryimage"},"thumbnailUrl":"https:\/\/now-news.de\/de\/wp-content\/uploads\/sites\/3\/2026\/01\/Financial-Times-Mitarbeiter-des-Weissen-Hauses-trafen-kanadische-Separatisten.jpg","keywords":["des","Financial","Hauses","kanadische","Mitarbeiter","Separatisten","Times","trafen","Wei\u00dfen"],"articleSection":["Deutschland","Russland"],"inLanguage":"de","potentialAction":[{"@type":"CommentAction","name":"Comment","target":["https:\/\/now-news.de\/de\/deutschland\/financial-times-mitarbeiter-des-weissen-hauses-trafen-kanadische-separatisten\/#respond"]}]},{"@type":"WebPage","@id":"https:\/\/now-news.de\/de\/deutschland\/financial-times-mitarbeiter-des-weissen-hauses-trafen-kanadische-separatisten\/","url":"https:\/\/now-news.de\/de\/deutschland\/financial-times-mitarbeiter-des-weissen-hauses-trafen-kanadische-separatisten\/","name":"Financial Times: Mitarbeiter des Wei\u00dfen Hauses trafen kanadische Separatisten - just-now.NEWS Deutschland","isPartOf":{"@id":"https:\/\/now-news.de\/de\/#website"},"primaryImageOfPage":{"@id":"https:\/\/now-news.de\/de\/deutschland\/financial-times-mitarbeiter-des-weissen-hauses-trafen-kanadische-separatisten\/#primaryimage"},"image":{"@id":"https:\/\/now-news.de\/de\/deutschland\/financial-times-mitarbeiter-des-weissen-hauses-trafen-kanadische-separatisten\/#primaryimage"},"thumbnailUrl":"https:\/\/now-news.de\/de\/wp-content\/uploads\/sites\/3\/2026\/01\/Financial-Times-Mitarbeiter-des-Weissen-Hauses-trafen-kanadische-Separatisten.jpg","datePublished":"2026-01-29T17:03:02+00:00","dateModified":"2026-01-29T17:03:02+00:00","breadcrumb":{"@id":"https:\/\/now-news.de\/de\/deutschland\/financial-times-mitarbeiter-des-weissen-hauses-trafen-kanadische-separatisten\/#breadcrumb"},"inLanguage":"de","potentialAction":[{"@type":"ReadAction","target":["https:\/\/now-news.de\/de\/deutschland\/financial-times-mitarbeiter-des-weissen-hauses-trafen-kanadische-separatisten\/"]}]},{"@type":"ImageObject","inLanguage":"de","@id":"https:\/\/now-news.de\/de\/deutschland\/financial-times-mitarbeiter-des-weissen-hauses-trafen-kanadische-separatisten\/#primaryimage","url":"https:\/\/now-news.de\/de\/wp-content\/uploads\/sites\/3\/2026\/01\/Financial-Times-Mitarbeiter-des-Weissen-Hauses-trafen-kanadische-Separatisten.jpg","contentUrl":"https:\/\/now-news.de\/de\/wp-content\/uploads\/sites\/3\/2026\/01\/Financial-Times-Mitarbeiter-des-Weissen-Hauses-trafen-kanadische-Separatisten.jpg","width":460,"height":259,"caption":"Financial Times: Mitarbeiter des Wei\u00dfen Hauses trafen kanadische Separatisten"},{"@type":"BreadcrumbList","@id":"https:\/\/now-news.de\/de\/deutschland\/financial-times-mitarbeiter-des-weissen-hauses-trafen-kanadische-separatisten\/#breadcrumb","itemListElement":[{"@type":"ListItem","position":1,"name":"Home","item":"https:\/\/now-news.de\/de\/"},{"@type":"ListItem","position":2,"name":"Financial Times: Mitarbeiter des Wei\u00dfen Hauses trafen kanadische Separatisten"}]},{"@type":"WebSite","@id":"https:\/\/now-news.de\/de\/#website","url":"https:\/\/now-news.de\/de\/","name":"just-now.NEWS Deutschland","description":"Das Portal f\u00fcr unzensierte Nachrichten aus der Welt","publisher":{"@id":"https:\/\/now-news.de\/de\/#organization"},"potentialAction":[{"@type":"SearchAction","target":{"@type":"EntryPoint","urlTemplate":"https:\/\/now-news.de\/de\/?s={search_term_string}"},"query-input":"required name=search_term_string"}],"inLanguage":"de"},{"@type":"Organization","@id":"https:\/\/now-news.de\/de\/#organization","name":"Just Now News","url":"https:\/\/now-news.de\/de\/","logo":{"@type":"ImageObject","inLanguage":"de","@id":"https:\/\/now-news.de\/de\/#\/schema\/logo\/image\/","url":"http:\/\/just-now.news\/de\/wp-content\/uploads\/sites\/3\/2022\/04\/logo500x500.jpg","contentUrl":"http:\/\/just-now.news\/de\/wp-content\/uploads\/sites\/3\/2022\/04\/logo500x500.jpg","width":500,"height":500,"caption":"Just Now News"},"image":{"@id":"https:\/\/now-news.de\/de\/#\/schema\/logo\/image\/"},"sameAs":["https:\/\/www.facebook.com\/wirmachenauf","https:\/\/x.com\/WirMachenAuf_de"]},{"@type":"Person","@id":"https:\/\/now-news.de\/de\/#\/schema\/person\/fb534a4e865501d8b3285208df34a9b5","name":"rtnews","image":{"@type":"ImageObject","inLanguage":"de","@id":"https:\/\/now-news.de\/de\/#\/schema\/person\/image\/","url":"https:\/\/secure.gravatar.com\/avatar\/82aafea7d8127119dd649515f56e2117?s=96&d=mm&r=g","contentUrl":"https:\/\/secure.gravatar.com\/avatar\/82aafea7d8127119dd649515f56e2117?s=96&d=mm&r=g","caption":"rtnews"},"url":"https:\/\/now-news.de\/de\/author\/rnews\/"}]}},"_links":{"self":[{"href":"https:\/\/now-news.de\/de\/wp-json\/wp\/v2\/posts\/98039"}],"collection":[{"href":"https:\/\/now-news.de\/de\/wp-json\/wp\/v2\/posts"}],"about":[{"href":"https:\/\/now-news.de\/de\/wp-json\/wp\/v2\/types\/post"}],"author":[{"embeddable":true,"href":"https:\/\/now-news.de\/de\/wp-json\/wp\/v2\/users\/3"}],"replies":[{"embeddable":true,"href":"https:\/\/now-news.de\/de\/wp-json\/wp\/v2\/comments?post=98039"}],"version-history":[{"count":0,"href":"https:\/\/now-news.de\/de\/wp-json\/wp\/v2\/posts\/98039\/revisions"}],"wp:featuredmedia":[{"embeddable":true,"href":"https:\/\/now-news.de\/de\/wp-json\/wp\/v2\/media\/98040"}],"wp:attachment":[{"href":"https:\/\/now-news.de\/de\/wp-json\/wp\/v2\/media?parent=98039"}],"wp:term":[{"taxonomy":"category","embeddable":true,"href":"https:\/\/now-news.de\/de\/wp-json\/wp\/v2\/categories?post=98039"},{"taxonomy":"post_tag","embeddable":true,"href":"https:\/\/now-news.de\/de\/wp-json\/wp\/v2\/tags?post=98039"}],"curies":[{"name":"wp","href":"https:\/\/api.w.org\/{rel}","templated":true}]}}