{"id":98017,"date":"2026-01-29T13:15:41","date_gmt":"2026-01-29T11:15:41","guid":{"rendered":"https:\/\/now-news.de\/de\/deutschland\/trotz-druck-aus-bruessel-ungarn-blockiert-eu-beitritt-der-ukraine\/"},"modified":"2026-01-29T13:15:41","modified_gmt":"2026-01-29T11:15:41","slug":"trotz-druck-aus-bruessel-ungarn-blockiert-eu-beitritt-der-ukraine","status":"publish","type":"post","link":"https:\/\/now-news.de\/de\/deutschland\/trotz-druck-aus-bruessel-ungarn-blockiert-eu-beitritt-der-ukraine\/","title":{"rendered":"Trotz Druck aus Br\u00fcssel: Ungarn blockiert EU-Beitritt der Ukraine  \u00a0"},"content":{"rendered":"<p><img decoding=\"async\" src=\"https:\/\/now-news.de\/de\/wp-content\/uploads\/sites\/3\/2026\/01\/697b3b9448fbef325e35913f.jpg\" \/><\/p>\n<div class=\"Text-root Text-type_1 \">\n                Die europ\u00e4ischen B\u00fcrger lehnten mehrheitlich einen \u00fcberst\u00fcrzten EU-Beitritt der Ukraine ab, erkl\u00e4rt Viktor Orb\u00e1n. Br\u00fcssel k\u00fcmmere sich jedoch nicht um die \u00f6ffentliche Meinung und treibe diese Idee weiter voran. Budapest werde sich trotzdem auch k\u00fcnftig dagegen wehren.\n            <\/div>\n<p><\/p>\n<div class=\"Text-root Text-type_5 ArticleView-text ViewText-root \">\n<p>Ungarns Ministerpr\u00e4sident Viktor Orb\u00e1n hat angek\u00fcndigt, den beschleunigten Beitritt der Ukraine zur Europ\u00e4ischen Union weiterhin blockieren zu wollen. Drei Viertel der Europ\u00e4er h\u00e4tten sich gegen\u00a0eine rasche\u00a0Aufnahme des Landes in die Gemeinschaft ausgesprochen, schrieb der Politiker in einem auf X ver\u00f6ffentlichten Post. Damit ging Orb\u00e1n auf die Ergebnisse einer Umfrage ein, die von dem ungarischen Institut f\u00fcr Politische Analyse Sz\u00e1zadv\u00e9g in EU-Mitgliedsstaaten durchgef\u00fchrt wurde.\u00a0<\/p>\n<p>In Ungarn lehnten 95 Prozent der Bev\u00f6lkerung das Vorhaben ab, so der Politiker, weil sie die heimischen Landwirte, die Sicherheit ihrer Familien und den Frieden in ihrem Land sch\u00fctzen wollten. \u00a0<\/p>\n<p>In dem Zusammenhang f\u00fchrt der ungarische Premier aus:<\/p>\n<blockquote>\n<p><em>&#8220;Doch Br\u00fcssel macht unbeirrt weiter. Es ist ihnen egal, was die Leute denken, solange nur wenige europ\u00e4ische Regierungen die Kraft haben, sich dem Willen Br\u00fcssels entgegenzustellen. Ungarn bildet eine Ausnahme. Unsere patriotische Regierung tut genau das, wozu ihr das Volk den Auftrag erteilt hat. Wir werden nicht nachgeben, egal wie gro\u00df der Druck ist.&#8221;<\/em><\/p>\n<\/blockquote>\n<div class=\"EmbedBlock-root EmbedBlock-twitter\">\n<div class=\"TwitterEmbed\">\n<blockquote class=\"twitter-tweet lazyload\" data-twitter=\"twitter-tweet\">\n<p lang=\"en\" dir=\"ltr\">3\/4 of Europeans reject Ukraine\u2019s fast-tracked accession to the European Union. Yet Brussels presses ahead regardless. They do not care what people think, as long as only a few European governments have the strength to stand up against Brussels&#8217; will.Hungary is one of the\u2026<\/p>\n<p>\u2014 Orb\u00e1n Viktor (@PM_ViktorOrban) <a rel=\"nofollow noopener\" target=\"_blank\" href=\"https:\/\/twitter.com\/PM_ViktorOrban\/status\/2016765690284327101?ref_src=twsrc%5Etfw\">January 29, 2026<\/a><\/p><\/blockquote>\n<\/div>\n<\/div>\n<p>Der ukrainische Pr\u00e4sident Wladimir Selenskij\u00a0hatte k\u00fcrzlich gefordert, dass die EU die Ukraine 2027 in die Gemeinschaft aufnehmen solle. Die Ukraine werde zu diesem Zeitpunkt technisch vollst\u00e4ndig bereit sein, erkl\u00e4rte Selenskij bei einem Treffen in Vilnius. &#8220;Wir wollen jedoch ein konkretes Datum in unserem Abkommen f\u00fcr die Beendigung des Krieges.&#8221;<\/p>\n<p>Ungarns Au\u00dfenminister P\u00e9ter Szijj\u00e1rt\u00f3\u00a0hatte\u00a0bereits zuvor Zweifel daran ge\u00e4u\u00dfert, dass die Ukraine die Beitrittskriterien erf\u00fcllen k\u00f6nne. Ministerpr\u00e4sident Orb\u00e1n stellte seinerseits fest, die ungarische Wirtschaft w\u00fcrde im Falle eines EU-Beitritts der Ukraine zerst\u00f6rt werden. Er erkl\u00e4rte au\u00dferdem, Br\u00fcssel wolle der Ukraine nicht helfen, sondern sie kolonisieren. Kiew werde gezwungen, den Konflikt fortzusetzen, was eine Methode der Kolonisierung sei.<\/p>\n<p>&#8220;Wir k\u00f6nnen nicht die Augen verschlie\u00dfen und die Kriterien f\u00fcr den EU-Betritt au\u00dfer Kraft setzen&#8221;, verk\u00fcndete j\u00fcngst der\u00a0luxemburgische Au\u00dfenminister Xavier Bettel. Er wolle &#8220;die Ukrainer, die\u00a0auch f\u00fcr die Europ\u00e4er k\u00e4mpfen, nicht ver\u00e4rgern&#8221;, aber die Anforderungen seien f\u00fcr alle EU-Kandidatenl\u00e4nder gleich.<\/p>\n<p>Laut Bettel k\u00f6nnte die Ukraine anstelle des EU-Beitritts eine Mitgliedschaft in der Europ\u00e4ischen Politischen Gemeinschaft anstreben. In dem Format k\u00f6nne es 30 bis 40 Mitglieder geben, meinte Bettel. Nicht alle Beitrittskriterien m\u00fcssten daf\u00fcr erf\u00fcllt werden, und\u00a0eine Zustimmung\u00a0aller 27 EU-Mitgliedstaaten sei nicht erforderlich.\u00a0\u00a0<\/p>\n<p><strong>Mehr zum Thema &#8211;<\/strong>\u00a0<a rel=\"nofollow noopener\" target=\"_blank\" href=\"https:\/\/freedert.online\/europa\/268523-ufnehmen-nicht-ablehnen-es-wird\/\">Ewiger Beitrittskandidat? Der EU f\u00e4llt es schwer, sich bez\u00fcglich der Ukraine zu entscheiden<\/a><\/p>\n<div class=\"EmbedBlock-root EmbedBlock-externalVideo EmbedBlock-rumble\">\n<div class=\"VkEmbed\"><iframe class=\"lazyload\" data-src=\"https:\/\/rumble.com\/embed\/v72sl48\" frameborder=\"0\" width=\"853\" height=\"480\" allowfullscreen><\/iframe><\/div>\n<\/div>\n<\/div>\n<p><script async src=\"https:\/\/platform.twitter.com\/widgets.js\" charset=\"utf-8\"><\/script><br \/>\n<br \/><br \/>\n<br \/><a href=\"https:\/\/de.rt.com\/international\/268734-trotz-druck-von-bruessel-ungarn\/\">Source link <\/a><\/p>\n","protected":false},"excerpt":{"rendered":"<p>Die europ\u00e4ischen B\u00fcrger lehnten mehrheitlich einen \u00fcberst\u00fcrzten EU-Beitritt der Ukraine ab, erkl\u00e4rt Viktor Orb\u00e1n. Br\u00fcssel k\u00fcmmere sich jedoch nicht um die \u00f6ffentliche Meinung und treibe diese Idee weiter voran. Budapest werde sich trotzdem auch k\u00fcnftig dagegen wehren. Ungarns Ministerpr\u00e4sident Viktor Orb\u00e1n hat angek\u00fcndigt, den beschleunigten Beitritt der Ukraine zur Europ\u00e4ischen Union weiterhin blockieren zu wollen. [&hellip;]<\/p>\n","protected":false},"author":3,"featured_media":98018,"comment_status":"open","ping_status":"open","sticky":false,"template":"","format":"standard","meta":{"_yoast_indexnow_last_ping":["1769685812"],"wp_automatic_camp":["217"],"de53e01e8a15eaaa33215ab62b80a880":["Trotz Druck aus Br\u00fcssel: Ungarn blockiert EU-Beitritt der Ukraine  \u00a0"],"original_link":["https:\/\/de.rt.com\/international\/268734-trotz-druck-von-bruessel-ungarn\/"],"_thumbnail_id":["98018"],"jnews_social_counter_last_update":["1777093729"],"_wptgpro_p2tg_sent2tg":["a:1:{i:23737;s:19:\"2026-01-29 13:24:38\";}"]},"categories":[19,23],"tags":[679,9740,17026,82,1610,19540,1381,127,11664],"yoast_head":"<!-- This site is optimized with the Yoast SEO Premium plugin v22.7 (Yoast SEO v22.7) - https:\/\/yoast.com\/wordpress\/plugins\/seo\/ -->\n<title>Trotz Druck aus Br\u00fcssel: Ungarn blockiert EU-Beitritt der Ukraine \u00a0 - just-now.NEWS Deutschland<\/title>\n<meta name=\"robots\" content=\"index, follow, max-snippet:-1, max-image-preview:large, max-video-preview:-1\" \/>\n<link rel=\"canonical\" href=\"https:\/\/now-news.de\/de\/deutschland\/trotz-druck-aus-bruessel-ungarn-blockiert-eu-beitritt-der-ukraine\/\" \/>\n<meta property=\"og:locale\" content=\"de_DE\" \/>\n<meta property=\"og:type\" content=\"article\" \/>\n<meta property=\"og:title\" content=\"Trotz Druck aus Br\u00fcssel: Ungarn blockiert EU-Beitritt der Ukraine \u00a0\" \/>\n<meta property=\"og:description\" content=\"Die europ\u00e4ischen B\u00fcrger lehnten mehrheitlich einen \u00fcberst\u00fcrzten EU-Beitritt der Ukraine ab, erkl\u00e4rt Viktor Orb\u00e1n. Br\u00fcssel k\u00fcmmere sich jedoch nicht um die \u00f6ffentliche Meinung und treibe diese Idee weiter voran. Budapest werde sich trotzdem auch k\u00fcnftig dagegen wehren. Ungarns Ministerpr\u00e4sident Viktor Orb\u00e1n hat angek\u00fcndigt, den beschleunigten Beitritt der Ukraine zur Europ\u00e4ischen Union weiterhin blockieren zu wollen. [&hellip;]\" \/>\n<meta property=\"og:url\" content=\"https:\/\/now-news.de\/de\/deutschland\/trotz-druck-aus-bruessel-ungarn-blockiert-eu-beitritt-der-ukraine\/\" \/>\n<meta property=\"og:site_name\" content=\"just-now.NEWS Deutschland\" \/>\n<meta property=\"article:publisher\" content=\"https:\/\/www.facebook.com\/wirmachenauf\" \/>\n<meta property=\"article:published_time\" content=\"2026-01-29T11:15:41+00:00\" \/>\n<meta property=\"og:image\" content=\"https:\/\/now-news.de\/de\/wp-content\/uploads\/sites\/3\/2026\/01\/697b3b9448fbef325e35913f.jpg\" \/>\n<meta name=\"author\" content=\"rtnews\" \/>\n<meta name=\"twitter:card\" content=\"summary_large_image\" \/>\n<meta name=\"twitter:creator\" content=\"@WirMachenAuf_de\" \/>\n<meta name=\"twitter:site\" content=\"@WirMachenAuf_de\" \/>\n<meta name=\"twitter:label1\" content=\"Verfasst von\" \/>\n\t<meta name=\"twitter:data1\" content=\"rtnews\" \/>\n\t<meta name=\"twitter:label2\" content=\"Gesch\u00e4tzte Lesezeit\" \/>\n\t<meta name=\"twitter:data2\" content=\"3\u00a0Minuten\" \/>\n<script type=\"application\/ld+json\" class=\"yoast-schema-graph\">{\"@context\":\"https:\/\/schema.org\",\"@graph\":[{\"@type\":\"Article\",\"@id\":\"https:\/\/now-news.de\/de\/deutschland\/trotz-druck-aus-bruessel-ungarn-blockiert-eu-beitritt-der-ukraine\/#article\",\"isPartOf\":{\"@id\":\"https:\/\/now-news.de\/de\/deutschland\/trotz-druck-aus-bruessel-ungarn-blockiert-eu-beitritt-der-ukraine\/\"},\"author\":{\"name\":\"rtnews\",\"@id\":\"https:\/\/now-news.de\/de\/#\/schema\/person\/fb534a4e865501d8b3285208df34a9b5\"},\"headline\":\"Trotz Druck aus Br\u00fcssel: Ungarn blockiert EU-Beitritt der Ukraine \u00a0\",\"datePublished\":\"2026-01-29T11:15:41+00:00\",\"dateModified\":\"2026-01-29T11:15:41+00:00\",\"mainEntityOfPage\":{\"@id\":\"https:\/\/now-news.de\/de\/deutschland\/trotz-druck-aus-bruessel-ungarn-blockiert-eu-beitritt-der-ukraine\/\"},\"wordCount\":530,\"commentCount\":0,\"publisher\":{\"@id\":\"https:\/\/now-news.de\/de\/#organization\"},\"image\":{\"@id\":\"https:\/\/now-news.de\/de\/deutschland\/trotz-druck-aus-bruessel-ungarn-blockiert-eu-beitritt-der-ukraine\/#primaryimage\"},\"thumbnailUrl\":\"https:\/\/now-news.de\/de\/wp-content\/uploads\/sites\/3\/2026\/01\/Trotz-Druck-aus-Bruessel-Ungarn-blockiert-EU-Beitritt-der-Ukraine.jpg\",\"keywords\":[\"aus\",\"blockiert\",\"Br\u00fcssel\",\"der\",\"Druck\",\"EUBeitritt\",\"Trotz\",\"ukraine\",\"Ungarn\"],\"articleSection\":[\"Deutschland\",\"Russland\"],\"inLanguage\":\"de\",\"potentialAction\":[{\"@type\":\"CommentAction\",\"name\":\"Comment\",\"target\":[\"https:\/\/now-news.de\/de\/deutschland\/trotz-druck-aus-bruessel-ungarn-blockiert-eu-beitritt-der-ukraine\/#respond\"]}]},{\"@type\":\"WebPage\",\"@id\":\"https:\/\/now-news.de\/de\/deutschland\/trotz-druck-aus-bruessel-ungarn-blockiert-eu-beitritt-der-ukraine\/\",\"url\":\"https:\/\/now-news.de\/de\/deutschland\/trotz-druck-aus-bruessel-ungarn-blockiert-eu-beitritt-der-ukraine\/\",\"name\":\"Trotz Druck aus Br\u00fcssel: Ungarn blockiert EU-Beitritt der Ukraine \u00a0 - just-now.NEWS Deutschland\",\"isPartOf\":{\"@id\":\"https:\/\/now-news.de\/de\/#website\"},\"primaryImageOfPage\":{\"@id\":\"https:\/\/now-news.de\/de\/deutschland\/trotz-druck-aus-bruessel-ungarn-blockiert-eu-beitritt-der-ukraine\/#primaryimage\"},\"image\":{\"@id\":\"https:\/\/now-news.de\/de\/deutschland\/trotz-druck-aus-bruessel-ungarn-blockiert-eu-beitritt-der-ukraine\/#primaryimage\"},\"thumbnailUrl\":\"https:\/\/now-news.de\/de\/wp-content\/uploads\/sites\/3\/2026\/01\/Trotz-Druck-aus-Bruessel-Ungarn-blockiert-EU-Beitritt-der-Ukraine.jpg\",\"datePublished\":\"2026-01-29T11:15:41+00:00\",\"dateModified\":\"2026-01-29T11:15:41+00:00\",\"breadcrumb\":{\"@id\":\"https:\/\/now-news.de\/de\/deutschland\/trotz-druck-aus-bruessel-ungarn-blockiert-eu-beitritt-der-ukraine\/#breadcrumb\"},\"inLanguage\":\"de\",\"potentialAction\":[{\"@type\":\"ReadAction\",\"target\":[\"https:\/\/now-news.de\/de\/deutschland\/trotz-druck-aus-bruessel-ungarn-blockiert-eu-beitritt-der-ukraine\/\"]}]},{\"@type\":\"ImageObject\",\"inLanguage\":\"de\",\"@id\":\"https:\/\/now-news.de\/de\/deutschland\/trotz-druck-aus-bruessel-ungarn-blockiert-eu-beitritt-der-ukraine\/#primaryimage\",\"url\":\"https:\/\/now-news.de\/de\/wp-content\/uploads\/sites\/3\/2026\/01\/Trotz-Druck-aus-Bruessel-Ungarn-blockiert-EU-Beitritt-der-Ukraine.jpg\",\"contentUrl\":\"https:\/\/now-news.de\/de\/wp-content\/uploads\/sites\/3\/2026\/01\/Trotz-Druck-aus-Bruessel-Ungarn-blockiert-EU-Beitritt-der-Ukraine.jpg\",\"width\":460,\"height\":259,\"caption\":\"Trotz Druck aus Br\u00fcssel: Ungarn blockiert EU-Beitritt der Ukraine \u00a0\"},{\"@type\":\"BreadcrumbList\",\"@id\":\"https:\/\/now-news.de\/de\/deutschland\/trotz-druck-aus-bruessel-ungarn-blockiert-eu-beitritt-der-ukraine\/#breadcrumb\",\"itemListElement\":[{\"@type\":\"ListItem\",\"position\":1,\"name\":\"Home\",\"item\":\"https:\/\/now-news.de\/de\/\"},{\"@type\":\"ListItem\",\"position\":2,\"name\":\"Trotz Druck aus Br\u00fcssel: Ungarn blockiert EU-Beitritt der Ukraine \u00a0\"}]},{\"@type\":\"WebSite\",\"@id\":\"https:\/\/now-news.de\/de\/#website\",\"url\":\"https:\/\/now-news.de\/de\/\",\"name\":\"just-now.NEWS Deutschland\",\"description\":\"Das Portal f\u00fcr unzensierte Nachrichten aus der Welt\",\"publisher\":{\"@id\":\"https:\/\/now-news.de\/de\/#organization\"},\"potentialAction\":[{\"@type\":\"SearchAction\",\"target\":{\"@type\":\"EntryPoint\",\"urlTemplate\":\"https:\/\/now-news.de\/de\/?s={search_term_string}\"},\"query-input\":\"required name=search_term_string\"}],\"inLanguage\":\"de\"},{\"@type\":\"Organization\",\"@id\":\"https:\/\/now-news.de\/de\/#organization\",\"name\":\"Just Now News\",\"url\":\"https:\/\/now-news.de\/de\/\",\"logo\":{\"@type\":\"ImageObject\",\"inLanguage\":\"de\",\"@id\":\"https:\/\/now-news.de\/de\/#\/schema\/logo\/image\/\",\"url\":\"http:\/\/just-now.news\/de\/wp-content\/uploads\/sites\/3\/2022\/04\/logo500x500.jpg\",\"contentUrl\":\"http:\/\/just-now.news\/de\/wp-content\/uploads\/sites\/3\/2022\/04\/logo500x500.jpg\",\"width\":500,\"height\":500,\"caption\":\"Just Now News\"},\"image\":{\"@id\":\"https:\/\/now-news.de\/de\/#\/schema\/logo\/image\/\"},\"sameAs\":[\"https:\/\/www.facebook.com\/wirmachenauf\",\"https:\/\/x.com\/WirMachenAuf_de\"]},{\"@type\":\"Person\",\"@id\":\"https:\/\/now-news.de\/de\/#\/schema\/person\/fb534a4e865501d8b3285208df34a9b5\",\"name\":\"rtnews\",\"image\":{\"@type\":\"ImageObject\",\"inLanguage\":\"de\",\"@id\":\"https:\/\/now-news.de\/de\/#\/schema\/person\/image\/\",\"url\":\"https:\/\/secure.gravatar.com\/avatar\/82aafea7d8127119dd649515f56e2117?s=96&d=mm&r=g\",\"contentUrl\":\"https:\/\/secure.gravatar.com\/avatar\/82aafea7d8127119dd649515f56e2117?s=96&d=mm&r=g\",\"caption\":\"rtnews\"},\"url\":\"https:\/\/now-news.de\/de\/author\/rnews\/\"}]}<\/script>\n<!-- \/ Yoast SEO Premium plugin. -->","yoast_head_json":{"title":"Trotz Druck aus Br\u00fcssel: Ungarn blockiert EU-Beitritt der Ukraine \u00a0 - just-now.NEWS Deutschland","robots":{"index":"index","follow":"follow","max-snippet":"max-snippet:-1","max-image-preview":"max-image-preview:large","max-video-preview":"max-video-preview:-1"},"canonical":"https:\/\/now-news.de\/de\/deutschland\/trotz-druck-aus-bruessel-ungarn-blockiert-eu-beitritt-der-ukraine\/","og_locale":"de_DE","og_type":"article","og_title":"Trotz Druck aus Br\u00fcssel: Ungarn blockiert EU-Beitritt der Ukraine \u00a0","og_description":"Die europ\u00e4ischen B\u00fcrger lehnten mehrheitlich einen \u00fcberst\u00fcrzten EU-Beitritt der Ukraine ab, erkl\u00e4rt Viktor Orb\u00e1n. Br\u00fcssel k\u00fcmmere sich jedoch nicht um die \u00f6ffentliche Meinung und treibe diese Idee weiter voran. Budapest werde sich trotzdem auch k\u00fcnftig dagegen wehren. Ungarns Ministerpr\u00e4sident Viktor Orb\u00e1n hat angek\u00fcndigt, den beschleunigten Beitritt der Ukraine zur Europ\u00e4ischen Union weiterhin blockieren zu wollen. [&hellip;]","og_url":"https:\/\/now-news.de\/de\/deutschland\/trotz-druck-aus-bruessel-ungarn-blockiert-eu-beitritt-der-ukraine\/","og_site_name":"just-now.NEWS Deutschland","article_publisher":"https:\/\/www.facebook.com\/wirmachenauf","article_published_time":"2026-01-29T11:15:41+00:00","og_image":[{"url":"https:\/\/now-news.de\/de\/wp-content\/uploads\/sites\/3\/2026\/01\/697b3b9448fbef325e35913f.jpg"}],"author":"rtnews","twitter_card":"summary_large_image","twitter_creator":"@WirMachenAuf_de","twitter_site":"@WirMachenAuf_de","twitter_misc":{"Verfasst von":"rtnews","Gesch\u00e4tzte Lesezeit":"3\u00a0Minuten"},"schema":{"@context":"https:\/\/schema.org","@graph":[{"@type":"Article","@id":"https:\/\/now-news.de\/de\/deutschland\/trotz-druck-aus-bruessel-ungarn-blockiert-eu-beitritt-der-ukraine\/#article","isPartOf":{"@id":"https:\/\/now-news.de\/de\/deutschland\/trotz-druck-aus-bruessel-ungarn-blockiert-eu-beitritt-der-ukraine\/"},"author":{"name":"rtnews","@id":"https:\/\/now-news.de\/de\/#\/schema\/person\/fb534a4e865501d8b3285208df34a9b5"},"headline":"Trotz Druck aus Br\u00fcssel: Ungarn blockiert EU-Beitritt der Ukraine \u00a0","datePublished":"2026-01-29T11:15:41+00:00","dateModified":"2026-01-29T11:15:41+00:00","mainEntityOfPage":{"@id":"https:\/\/now-news.de\/de\/deutschland\/trotz-druck-aus-bruessel-ungarn-blockiert-eu-beitritt-der-ukraine\/"},"wordCount":530,"commentCount":0,"publisher":{"@id":"https:\/\/now-news.de\/de\/#organization"},"image":{"@id":"https:\/\/now-news.de\/de\/deutschland\/trotz-druck-aus-bruessel-ungarn-blockiert-eu-beitritt-der-ukraine\/#primaryimage"},"thumbnailUrl":"https:\/\/now-news.de\/de\/wp-content\/uploads\/sites\/3\/2026\/01\/Trotz-Druck-aus-Bruessel-Ungarn-blockiert-EU-Beitritt-der-Ukraine.jpg","keywords":["aus","blockiert","Br\u00fcssel","der","Druck","EUBeitritt","Trotz","ukraine","Ungarn"],"articleSection":["Deutschland","Russland"],"inLanguage":"de","potentialAction":[{"@type":"CommentAction","name":"Comment","target":["https:\/\/now-news.de\/de\/deutschland\/trotz-druck-aus-bruessel-ungarn-blockiert-eu-beitritt-der-ukraine\/#respond"]}]},{"@type":"WebPage","@id":"https:\/\/now-news.de\/de\/deutschland\/trotz-druck-aus-bruessel-ungarn-blockiert-eu-beitritt-der-ukraine\/","url":"https:\/\/now-news.de\/de\/deutschland\/trotz-druck-aus-bruessel-ungarn-blockiert-eu-beitritt-der-ukraine\/","name":"Trotz Druck aus Br\u00fcssel: Ungarn blockiert EU-Beitritt der Ukraine \u00a0 - just-now.NEWS Deutschland","isPartOf":{"@id":"https:\/\/now-news.de\/de\/#website"},"primaryImageOfPage":{"@id":"https:\/\/now-news.de\/de\/deutschland\/trotz-druck-aus-bruessel-ungarn-blockiert-eu-beitritt-der-ukraine\/#primaryimage"},"image":{"@id":"https:\/\/now-news.de\/de\/deutschland\/trotz-druck-aus-bruessel-ungarn-blockiert-eu-beitritt-der-ukraine\/#primaryimage"},"thumbnailUrl":"https:\/\/now-news.de\/de\/wp-content\/uploads\/sites\/3\/2026\/01\/Trotz-Druck-aus-Bruessel-Ungarn-blockiert-EU-Beitritt-der-Ukraine.jpg","datePublished":"2026-01-29T11:15:41+00:00","dateModified":"2026-01-29T11:15:41+00:00","breadcrumb":{"@id":"https:\/\/now-news.de\/de\/deutschland\/trotz-druck-aus-bruessel-ungarn-blockiert-eu-beitritt-der-ukraine\/#breadcrumb"},"inLanguage":"de","potentialAction":[{"@type":"ReadAction","target":["https:\/\/now-news.de\/de\/deutschland\/trotz-druck-aus-bruessel-ungarn-blockiert-eu-beitritt-der-ukraine\/"]}]},{"@type":"ImageObject","inLanguage":"de","@id":"https:\/\/now-news.de\/de\/deutschland\/trotz-druck-aus-bruessel-ungarn-blockiert-eu-beitritt-der-ukraine\/#primaryimage","url":"https:\/\/now-news.de\/de\/wp-content\/uploads\/sites\/3\/2026\/01\/Trotz-Druck-aus-Bruessel-Ungarn-blockiert-EU-Beitritt-der-Ukraine.jpg","contentUrl":"https:\/\/now-news.de\/de\/wp-content\/uploads\/sites\/3\/2026\/01\/Trotz-Druck-aus-Bruessel-Ungarn-blockiert-EU-Beitritt-der-Ukraine.jpg","width":460,"height":259,"caption":"Trotz Druck aus Br\u00fcssel: Ungarn blockiert EU-Beitritt der Ukraine \u00a0"},{"@type":"BreadcrumbList","@id":"https:\/\/now-news.de\/de\/deutschland\/trotz-druck-aus-bruessel-ungarn-blockiert-eu-beitritt-der-ukraine\/#breadcrumb","itemListElement":[{"@type":"ListItem","position":1,"name":"Home","item":"https:\/\/now-news.de\/de\/"},{"@type":"ListItem","position":2,"name":"Trotz Druck aus Br\u00fcssel: Ungarn blockiert EU-Beitritt der Ukraine \u00a0"}]},{"@type":"WebSite","@id":"https:\/\/now-news.de\/de\/#website","url":"https:\/\/now-news.de\/de\/","name":"just-now.NEWS Deutschland","description":"Das Portal f\u00fcr unzensierte Nachrichten aus der Welt","publisher":{"@id":"https:\/\/now-news.de\/de\/#organization"},"potentialAction":[{"@type":"SearchAction","target":{"@type":"EntryPoint","urlTemplate":"https:\/\/now-news.de\/de\/?s={search_term_string}"},"query-input":"required name=search_term_string"}],"inLanguage":"de"},{"@type":"Organization","@id":"https:\/\/now-news.de\/de\/#organization","name":"Just Now News","url":"https:\/\/now-news.de\/de\/","logo":{"@type":"ImageObject","inLanguage":"de","@id":"https:\/\/now-news.de\/de\/#\/schema\/logo\/image\/","url":"http:\/\/just-now.news\/de\/wp-content\/uploads\/sites\/3\/2022\/04\/logo500x500.jpg","contentUrl":"http:\/\/just-now.news\/de\/wp-content\/uploads\/sites\/3\/2022\/04\/logo500x500.jpg","width":500,"height":500,"caption":"Just Now News"},"image":{"@id":"https:\/\/now-news.de\/de\/#\/schema\/logo\/image\/"},"sameAs":["https:\/\/www.facebook.com\/wirmachenauf","https:\/\/x.com\/WirMachenAuf_de"]},{"@type":"Person","@id":"https:\/\/now-news.de\/de\/#\/schema\/person\/fb534a4e865501d8b3285208df34a9b5","name":"rtnews","image":{"@type":"ImageObject","inLanguage":"de","@id":"https:\/\/now-news.de\/de\/#\/schema\/person\/image\/","url":"https:\/\/secure.gravatar.com\/avatar\/82aafea7d8127119dd649515f56e2117?s=96&d=mm&r=g","contentUrl":"https:\/\/secure.gravatar.com\/avatar\/82aafea7d8127119dd649515f56e2117?s=96&d=mm&r=g","caption":"rtnews"},"url":"https:\/\/now-news.de\/de\/author\/rnews\/"}]}},"_links":{"self":[{"href":"https:\/\/now-news.de\/de\/wp-json\/wp\/v2\/posts\/98017"}],"collection":[{"href":"https:\/\/now-news.de\/de\/wp-json\/wp\/v2\/posts"}],"about":[{"href":"https:\/\/now-news.de\/de\/wp-json\/wp\/v2\/types\/post"}],"author":[{"embeddable":true,"href":"https:\/\/now-news.de\/de\/wp-json\/wp\/v2\/users\/3"}],"replies":[{"embeddable":true,"href":"https:\/\/now-news.de\/de\/wp-json\/wp\/v2\/comments?post=98017"}],"version-history":[{"count":0,"href":"https:\/\/now-news.de\/de\/wp-json\/wp\/v2\/posts\/98017\/revisions"}],"wp:featuredmedia":[{"embeddable":true,"href":"https:\/\/now-news.de\/de\/wp-json\/wp\/v2\/media\/98018"}],"wp:attachment":[{"href":"https:\/\/now-news.de\/de\/wp-json\/wp\/v2\/media?parent=98017"}],"wp:term":[{"taxonomy":"category","embeddable":true,"href":"https:\/\/now-news.de\/de\/wp-json\/wp\/v2\/categories?post=98017"},{"taxonomy":"post_tag","embeddable":true,"href":"https:\/\/now-news.de\/de\/wp-json\/wp\/v2\/tags?post=98017"}],"curies":[{"name":"wp","href":"https:\/\/api.w.org\/{rel}","templated":true}]}}