{"id":9799,"date":"2022-06-04T11:30:59","date_gmt":"2022-06-04T09:30:59","guid":{"rendered":"http:\/\/just-now.news\/de\/deutschland\/un-generalsekretaer-fordert-g20-zum-kohleausstieg-auf\/"},"modified":"2022-06-04T11:30:59","modified_gmt":"2022-06-04T09:30:59","slug":"un-generalsekretaer-fordert-g20-zum-kohleausstieg-auf","status":"publish","type":"post","link":"https:\/\/now-news.de\/de\/deutschland\/un-generalsekretaer-fordert-g20-zum-kohleausstieg-auf\/","title":{"rendered":"UN-Generalsekret\u00e4r fordert G20 zum Kohleausstieg auf"},"content":{"rendered":"<p><img decoding=\"async\" src=\"http:\/\/just-now.news\/de\/wp-content\/uploads\/sites\/3\/2022\/06\/629a1f91b480cc2e841e4bf7.jpg\" \/><\/p>\n<p>Am Donnerstag forderte UN-Generalsekret\u00e4r Ant\u00f3nio Guterres die Industriel\u00e4nder erneut auf, die Kohleinfrastruktur abzuschaffen, und verwies dabei auf Umweltprobleme. Er erkl\u00e4rte in seiner Rede auf der Konferenz Stockholm+50:<\/p>\n<blockquote>\n<p><em>&#8220;Heute rufe ich die Regierungen der G20-L\u00e4nder auf, die Kohleinfrastrukturen abzubauen, und zwar bis 2030 in den OECD-L\u00e4ndern und bis 2040 in allen anderen L\u00e4ndern.&#8221;<\/em><\/p>\n<\/blockquote>\n<p>Dabei forderte Guterres auch alle Finanzinstitutionen auf, sich von der Finanzierung fossiler Brennstoffe abzuwenden und in erneuerbare Energien zu investieren.<\/p>\n<p>Nach Ansicht des UN-Generalsekret\u00e4rs sind die nat\u00fcrlichen Systeme der Erde nicht in der Lage, den Anforderungen der Menschheit standzuhalten. Er betonte:<\/p>\n<blockquote>\n<p><em>&#8220;Wir verbrauchen [Ressourcen] mit einer Rate von 1,7 Planeten pro Jahr. Wenn der weltweite Verbrauch auf dem Niveau der reichsten L\u00e4nder der Welt l\u00e4ge, br\u00e4uchten wir mehr als drei Planeten Erde.&#8221;<\/em><\/p>\n<\/blockquote>\n<p>Die Frage der Kohlekraft spaltet die G20 in L\u00e4nder, die bereit sind, die Nutzung fossiler Brennstoffe aufzugeben, und solche, die sie verteidigen. Im Jahr 2021 hatten sich die Staats- und Regierungschefs der G20 darauf geeinigt, die internationale \u00f6ffentliche Finanzierung neuer Kohlekraftwerke bis Ende des Jahres zu beenden, sie hatten sich aber nicht auf einen Ausstieg aus der Kohlekraft oder die Einstellung der Produktion neuer Kohlekraftwerke einigen k\u00f6nnen.<\/p>\n<p>In einigen G20-L\u00e4ndern, wie den USA, China und Indien, ist Kohle nach wie vor die wichtigste Energiequelle. Trotz fr\u00fcherer Zusagen, den Kohleverbrauch schrittweise zu reduzieren und bald Netto-Null-Emissionen zu erreichen, haben sich die letzten beiden L\u00e4nder in letzter Zeit wieder der Kohleverbrennung zugewandt, da die Sorgen um die globale Energiesicherheit zunahmen.<\/p>\n<p>Einige europ\u00e4ische L\u00e4nder, darunter Polen und Deutschland, k\u00f6nnten ebenfalls die Kohleverstromung erh\u00f6hen, da sie sich vom russischen Gas abwenden.<\/p>\n<p><strong>Mehr zum Thema<\/strong> &#8211; <a rel=\"nofollow noopener\" target=\"_blank\" href=\"https:\/\/de.rt.com\/international\/139554-blutige-kohle-aus-kolumbien-energiepolitik\/\">&#8220;Blutige Kohle&#8221; aus Kolumbien \u2013 Energiepolitik zulasten von Mensch und Umwelt<\/a><\/p>\n<p><br \/>\n<br \/><a href=\"https:\/\/de.rt.com\/international\/140159-un-generalsekretaer-fordert-g20-zum-kohleaussieg-auf\/\">Source link <\/a><\/p>\n","protected":false},"excerpt":{"rendered":"<p>Am Donnerstag forderte UN-Generalsekret\u00e4r Ant\u00f3nio Guterres die Industriel\u00e4nder erneut auf, die Kohleinfrastruktur abzuschaffen, und verwies dabei auf Umweltprobleme. Er erkl\u00e4rte in seiner Rede auf der Konferenz Stockholm+50: &#8220;Heute rufe ich die Regierungen der G20-L\u00e4nder auf, die Kohleinfrastrukturen abzubauen, und zwar bis 2030 in den OECD-L\u00e4ndern und bis 2040 in allen anderen L\u00e4ndern.&#8221; Dabei forderte Guterres [&hellip;]<\/p>\n","protected":false},"author":3,"featured_media":9800,"comment_status":"open","ping_status":"open","sticky":false,"template":"","format":"standard","meta":{"wp_automatic_camp":["217"],"ae9dc05f89253c85b96551134abb2e3c":["UN-Generalsekret\u00e4r fordert G20 zum Kohleausstieg auf"],"original_link":["https:\/\/de.rt.com\/international\/140159-un-generalsekretaer-fordert-g20-zum-kohleaussieg-auf\/"],"_thumbnail_id":["9800"],"_wptg_p2tg_sent2tg":["2022-06-04 11:38:26"],"jnews_social_counter_last_update":["1777204734"]},"categories":[19,23],"tags":[133,355,1383,23096,3933,565],"yoast_head":"<!-- This site is optimized with the Yoast SEO Premium plugin v22.7 (Yoast SEO v22.7) - https:\/\/yoast.com\/wordpress\/plugins\/seo\/ -->\n<title>UN-Generalsekret\u00e4r fordert G20 zum Kohleausstieg auf - just-now.NEWS Deutschland<\/title>\n<meta name=\"robots\" content=\"index, follow, max-snippet:-1, max-image-preview:large, max-video-preview:-1\" \/>\n<link rel=\"canonical\" href=\"https:\/\/now-news.de\/de\/deutschland\/un-generalsekretaer-fordert-g20-zum-kohleausstieg-auf\/\" \/>\n<meta property=\"og:locale\" content=\"de_DE\" \/>\n<meta property=\"og:type\" content=\"article\" \/>\n<meta property=\"og:title\" content=\"UN-Generalsekret\u00e4r fordert G20 zum Kohleausstieg auf\" \/>\n<meta property=\"og:description\" content=\"Am Donnerstag forderte UN-Generalsekret\u00e4r Ant\u00f3nio Guterres die Industriel\u00e4nder erneut auf, die Kohleinfrastruktur abzuschaffen, und verwies dabei auf Umweltprobleme. Er erkl\u00e4rte in seiner Rede auf der Konferenz Stockholm+50: &#8220;Heute rufe ich die Regierungen der G20-L\u00e4nder auf, die Kohleinfrastrukturen abzubauen, und zwar bis 2030 in den OECD-L\u00e4ndern und bis 2040 in allen anderen L\u00e4ndern.&#8221; Dabei forderte Guterres [&hellip;]\" \/>\n<meta property=\"og:url\" content=\"https:\/\/now-news.de\/de\/deutschland\/un-generalsekretaer-fordert-g20-zum-kohleausstieg-auf\/\" \/>\n<meta property=\"og:site_name\" content=\"just-now.NEWS Deutschland\" \/>\n<meta property=\"article:publisher\" content=\"https:\/\/www.facebook.com\/wirmachenauf\" \/>\n<meta property=\"article:published_time\" content=\"2022-06-04T09:30:59+00:00\" \/>\n<meta property=\"og:image\" content=\"https:\/\/now-news.de\/de\/wp-content\/uploads\/sites\/3\/2022\/06\/UN-Generalsekretaer-fordert-G20-zum-Kohleausstieg-auf.jpg\" \/>\n\t<meta property=\"og:image:width\" content=\"460\" \/>\n\t<meta property=\"og:image:height\" content=\"259\" \/>\n\t<meta property=\"og:image:type\" content=\"image\/jpeg\" \/>\n<meta name=\"author\" content=\"rtnews\" \/>\n<meta name=\"twitter:card\" content=\"summary_large_image\" \/>\n<meta name=\"twitter:creator\" content=\"@WirMachenAuf_de\" \/>\n<meta name=\"twitter:site\" content=\"@WirMachenAuf_de\" \/>\n<meta name=\"twitter:label1\" content=\"Verfasst von\" \/>\n\t<meta name=\"twitter:data1\" content=\"rtnews\" \/>\n\t<meta name=\"twitter:label2\" content=\"Gesch\u00e4tzte Lesezeit\" \/>\n\t<meta name=\"twitter:data2\" content=\"1\u00a0Minute\" \/>\n<script type=\"application\/ld+json\" class=\"yoast-schema-graph\">{\"@context\":\"https:\/\/schema.org\",\"@graph\":[{\"@type\":\"Article\",\"@id\":\"https:\/\/now-news.de\/de\/deutschland\/un-generalsekretaer-fordert-g20-zum-kohleausstieg-auf\/#article\",\"isPartOf\":{\"@id\":\"https:\/\/now-news.de\/de\/deutschland\/un-generalsekretaer-fordert-g20-zum-kohleausstieg-auf\/\"},\"author\":{\"name\":\"rtnews\",\"@id\":\"https:\/\/now-news.de\/de\/#\/schema\/person\/fb534a4e865501d8b3285208df34a9b5\"},\"headline\":\"UN-Generalsekret\u00e4r fordert G20 zum Kohleausstieg auf\",\"datePublished\":\"2022-06-04T09:30:59+00:00\",\"dateModified\":\"2022-06-04T09:30:59+00:00\",\"mainEntityOfPage\":{\"@id\":\"https:\/\/now-news.de\/de\/deutschland\/un-generalsekretaer-fordert-g20-zum-kohleausstieg-auf\/\"},\"wordCount\":304,\"commentCount\":0,\"publisher\":{\"@id\":\"https:\/\/now-news.de\/de\/#organization\"},\"image\":{\"@id\":\"https:\/\/now-news.de\/de\/deutschland\/un-generalsekretaer-fordert-g20-zum-kohleausstieg-auf\/#primaryimage\"},\"thumbnailUrl\":\"https:\/\/now-news.de\/de\/wp-content\/uploads\/sites\/3\/2022\/06\/UN-Generalsekretaer-fordert-G20-zum-Kohleausstieg-auf.jpg\",\"keywords\":[\"AUF\",\"fordert\",\"G20\",\"Kohleausstieg\",\"UNGeneralsekret\u00e4r\",\"zum\"],\"articleSection\":[\"Deutschland\",\"Russland\"],\"inLanguage\":\"de\",\"potentialAction\":[{\"@type\":\"CommentAction\",\"name\":\"Comment\",\"target\":[\"https:\/\/now-news.de\/de\/deutschland\/un-generalsekretaer-fordert-g20-zum-kohleausstieg-auf\/#respond\"]}]},{\"@type\":\"WebPage\",\"@id\":\"https:\/\/now-news.de\/de\/deutschland\/un-generalsekretaer-fordert-g20-zum-kohleausstieg-auf\/\",\"url\":\"https:\/\/now-news.de\/de\/deutschland\/un-generalsekretaer-fordert-g20-zum-kohleausstieg-auf\/\",\"name\":\"UN-Generalsekret\u00e4r fordert G20 zum Kohleausstieg auf - just-now.NEWS Deutschland\",\"isPartOf\":{\"@id\":\"https:\/\/now-news.de\/de\/#website\"},\"primaryImageOfPage\":{\"@id\":\"https:\/\/now-news.de\/de\/deutschland\/un-generalsekretaer-fordert-g20-zum-kohleausstieg-auf\/#primaryimage\"},\"image\":{\"@id\":\"https:\/\/now-news.de\/de\/deutschland\/un-generalsekretaer-fordert-g20-zum-kohleausstieg-auf\/#primaryimage\"},\"thumbnailUrl\":\"https:\/\/now-news.de\/de\/wp-content\/uploads\/sites\/3\/2022\/06\/UN-Generalsekretaer-fordert-G20-zum-Kohleausstieg-auf.jpg\",\"datePublished\":\"2022-06-04T09:30:59+00:00\",\"dateModified\":\"2022-06-04T09:30:59+00:00\",\"breadcrumb\":{\"@id\":\"https:\/\/now-news.de\/de\/deutschland\/un-generalsekretaer-fordert-g20-zum-kohleausstieg-auf\/#breadcrumb\"},\"inLanguage\":\"de\",\"potentialAction\":[{\"@type\":\"ReadAction\",\"target\":[\"https:\/\/now-news.de\/de\/deutschland\/un-generalsekretaer-fordert-g20-zum-kohleausstieg-auf\/\"]}]},{\"@type\":\"ImageObject\",\"inLanguage\":\"de\",\"@id\":\"https:\/\/now-news.de\/de\/deutschland\/un-generalsekretaer-fordert-g20-zum-kohleausstieg-auf\/#primaryimage\",\"url\":\"https:\/\/now-news.de\/de\/wp-content\/uploads\/sites\/3\/2022\/06\/UN-Generalsekretaer-fordert-G20-zum-Kohleausstieg-auf.jpg\",\"contentUrl\":\"https:\/\/now-news.de\/de\/wp-content\/uploads\/sites\/3\/2022\/06\/UN-Generalsekretaer-fordert-G20-zum-Kohleausstieg-auf.jpg\",\"width\":460,\"height\":259,\"caption\":\"UN-Generalsekret\u00e4r fordert G20 zum Kohleausstieg auf\"},{\"@type\":\"BreadcrumbList\",\"@id\":\"https:\/\/now-news.de\/de\/deutschland\/un-generalsekretaer-fordert-g20-zum-kohleausstieg-auf\/#breadcrumb\",\"itemListElement\":[{\"@type\":\"ListItem\",\"position\":1,\"name\":\"Home\",\"item\":\"https:\/\/now-news.de\/de\/\"},{\"@type\":\"ListItem\",\"position\":2,\"name\":\"UN-Generalsekret\u00e4r fordert G20 zum Kohleausstieg auf\"}]},{\"@type\":\"WebSite\",\"@id\":\"https:\/\/now-news.de\/de\/#website\",\"url\":\"https:\/\/now-news.de\/de\/\",\"name\":\"just-now.NEWS Deutschland\",\"description\":\"Das Portal f\u00fcr unzensierte Nachrichten aus der Welt\",\"publisher\":{\"@id\":\"https:\/\/now-news.de\/de\/#organization\"},\"potentialAction\":[{\"@type\":\"SearchAction\",\"target\":{\"@type\":\"EntryPoint\",\"urlTemplate\":\"https:\/\/now-news.de\/de\/?s={search_term_string}\"},\"query-input\":\"required name=search_term_string\"}],\"inLanguage\":\"de\"},{\"@type\":\"Organization\",\"@id\":\"https:\/\/now-news.de\/de\/#organization\",\"name\":\"Just Now News\",\"url\":\"https:\/\/now-news.de\/de\/\",\"logo\":{\"@type\":\"ImageObject\",\"inLanguage\":\"de\",\"@id\":\"https:\/\/now-news.de\/de\/#\/schema\/logo\/image\/\",\"url\":\"http:\/\/just-now.news\/de\/wp-content\/uploads\/sites\/3\/2022\/04\/logo500x500.jpg\",\"contentUrl\":\"http:\/\/just-now.news\/de\/wp-content\/uploads\/sites\/3\/2022\/04\/logo500x500.jpg\",\"width\":500,\"height\":500,\"caption\":\"Just Now News\"},\"image\":{\"@id\":\"https:\/\/now-news.de\/de\/#\/schema\/logo\/image\/\"},\"sameAs\":[\"https:\/\/www.facebook.com\/wirmachenauf\",\"https:\/\/x.com\/WirMachenAuf_de\"]},{\"@type\":\"Person\",\"@id\":\"https:\/\/now-news.de\/de\/#\/schema\/person\/fb534a4e865501d8b3285208df34a9b5\",\"name\":\"rtnews\",\"image\":{\"@type\":\"ImageObject\",\"inLanguage\":\"de\",\"@id\":\"https:\/\/now-news.de\/de\/#\/schema\/person\/image\/\",\"url\":\"https:\/\/secure.gravatar.com\/avatar\/82aafea7d8127119dd649515f56e2117?s=96&d=mm&r=g\",\"contentUrl\":\"https:\/\/secure.gravatar.com\/avatar\/82aafea7d8127119dd649515f56e2117?s=96&d=mm&r=g\",\"caption\":\"rtnews\"},\"url\":\"https:\/\/now-news.de\/de\/author\/rnews\/\"}]}<\/script>\n<!-- \/ Yoast SEO Premium plugin. -->","yoast_head_json":{"title":"UN-Generalsekret\u00e4r fordert G20 zum Kohleausstieg auf - just-now.NEWS Deutschland","robots":{"index":"index","follow":"follow","max-snippet":"max-snippet:-1","max-image-preview":"max-image-preview:large","max-video-preview":"max-video-preview:-1"},"canonical":"https:\/\/now-news.de\/de\/deutschland\/un-generalsekretaer-fordert-g20-zum-kohleausstieg-auf\/","og_locale":"de_DE","og_type":"article","og_title":"UN-Generalsekret\u00e4r fordert G20 zum Kohleausstieg auf","og_description":"Am Donnerstag forderte UN-Generalsekret\u00e4r Ant\u00f3nio Guterres die Industriel\u00e4nder erneut auf, die Kohleinfrastruktur abzuschaffen, und verwies dabei auf Umweltprobleme. Er erkl\u00e4rte in seiner Rede auf der Konferenz Stockholm+50: &#8220;Heute rufe ich die Regierungen der G20-L\u00e4nder auf, die Kohleinfrastrukturen abzubauen, und zwar bis 2030 in den OECD-L\u00e4ndern und bis 2040 in allen anderen L\u00e4ndern.&#8221; Dabei forderte Guterres [&hellip;]","og_url":"https:\/\/now-news.de\/de\/deutschland\/un-generalsekretaer-fordert-g20-zum-kohleausstieg-auf\/","og_site_name":"just-now.NEWS Deutschland","article_publisher":"https:\/\/www.facebook.com\/wirmachenauf","article_published_time":"2022-06-04T09:30:59+00:00","og_image":[{"width":460,"height":259,"url":"https:\/\/now-news.de\/de\/wp-content\/uploads\/sites\/3\/2022\/06\/UN-Generalsekretaer-fordert-G20-zum-Kohleausstieg-auf.jpg","type":"image\/jpeg"}],"author":"rtnews","twitter_card":"summary_large_image","twitter_creator":"@WirMachenAuf_de","twitter_site":"@WirMachenAuf_de","twitter_misc":{"Verfasst von":"rtnews","Gesch\u00e4tzte Lesezeit":"1\u00a0Minute"},"schema":{"@context":"https:\/\/schema.org","@graph":[{"@type":"Article","@id":"https:\/\/now-news.de\/de\/deutschland\/un-generalsekretaer-fordert-g20-zum-kohleausstieg-auf\/#article","isPartOf":{"@id":"https:\/\/now-news.de\/de\/deutschland\/un-generalsekretaer-fordert-g20-zum-kohleausstieg-auf\/"},"author":{"name":"rtnews","@id":"https:\/\/now-news.de\/de\/#\/schema\/person\/fb534a4e865501d8b3285208df34a9b5"},"headline":"UN-Generalsekret\u00e4r fordert G20 zum Kohleausstieg auf","datePublished":"2022-06-04T09:30:59+00:00","dateModified":"2022-06-04T09:30:59+00:00","mainEntityOfPage":{"@id":"https:\/\/now-news.de\/de\/deutschland\/un-generalsekretaer-fordert-g20-zum-kohleausstieg-auf\/"},"wordCount":304,"commentCount":0,"publisher":{"@id":"https:\/\/now-news.de\/de\/#organization"},"image":{"@id":"https:\/\/now-news.de\/de\/deutschland\/un-generalsekretaer-fordert-g20-zum-kohleausstieg-auf\/#primaryimage"},"thumbnailUrl":"https:\/\/now-news.de\/de\/wp-content\/uploads\/sites\/3\/2022\/06\/UN-Generalsekretaer-fordert-G20-zum-Kohleausstieg-auf.jpg","keywords":["AUF","fordert","G20","Kohleausstieg","UNGeneralsekret\u00e4r","zum"],"articleSection":["Deutschland","Russland"],"inLanguage":"de","potentialAction":[{"@type":"CommentAction","name":"Comment","target":["https:\/\/now-news.de\/de\/deutschland\/un-generalsekretaer-fordert-g20-zum-kohleausstieg-auf\/#respond"]}]},{"@type":"WebPage","@id":"https:\/\/now-news.de\/de\/deutschland\/un-generalsekretaer-fordert-g20-zum-kohleausstieg-auf\/","url":"https:\/\/now-news.de\/de\/deutschland\/un-generalsekretaer-fordert-g20-zum-kohleausstieg-auf\/","name":"UN-Generalsekret\u00e4r fordert G20 zum Kohleausstieg auf - just-now.NEWS Deutschland","isPartOf":{"@id":"https:\/\/now-news.de\/de\/#website"},"primaryImageOfPage":{"@id":"https:\/\/now-news.de\/de\/deutschland\/un-generalsekretaer-fordert-g20-zum-kohleausstieg-auf\/#primaryimage"},"image":{"@id":"https:\/\/now-news.de\/de\/deutschland\/un-generalsekretaer-fordert-g20-zum-kohleausstieg-auf\/#primaryimage"},"thumbnailUrl":"https:\/\/now-news.de\/de\/wp-content\/uploads\/sites\/3\/2022\/06\/UN-Generalsekretaer-fordert-G20-zum-Kohleausstieg-auf.jpg","datePublished":"2022-06-04T09:30:59+00:00","dateModified":"2022-06-04T09:30:59+00:00","breadcrumb":{"@id":"https:\/\/now-news.de\/de\/deutschland\/un-generalsekretaer-fordert-g20-zum-kohleausstieg-auf\/#breadcrumb"},"inLanguage":"de","potentialAction":[{"@type":"ReadAction","target":["https:\/\/now-news.de\/de\/deutschland\/un-generalsekretaer-fordert-g20-zum-kohleausstieg-auf\/"]}]},{"@type":"ImageObject","inLanguage":"de","@id":"https:\/\/now-news.de\/de\/deutschland\/un-generalsekretaer-fordert-g20-zum-kohleausstieg-auf\/#primaryimage","url":"https:\/\/now-news.de\/de\/wp-content\/uploads\/sites\/3\/2022\/06\/UN-Generalsekretaer-fordert-G20-zum-Kohleausstieg-auf.jpg","contentUrl":"https:\/\/now-news.de\/de\/wp-content\/uploads\/sites\/3\/2022\/06\/UN-Generalsekretaer-fordert-G20-zum-Kohleausstieg-auf.jpg","width":460,"height":259,"caption":"UN-Generalsekret\u00e4r fordert G20 zum Kohleausstieg auf"},{"@type":"BreadcrumbList","@id":"https:\/\/now-news.de\/de\/deutschland\/un-generalsekretaer-fordert-g20-zum-kohleausstieg-auf\/#breadcrumb","itemListElement":[{"@type":"ListItem","position":1,"name":"Home","item":"https:\/\/now-news.de\/de\/"},{"@type":"ListItem","position":2,"name":"UN-Generalsekret\u00e4r fordert G20 zum Kohleausstieg auf"}]},{"@type":"WebSite","@id":"https:\/\/now-news.de\/de\/#website","url":"https:\/\/now-news.de\/de\/","name":"just-now.NEWS Deutschland","description":"Das Portal f\u00fcr unzensierte Nachrichten aus der Welt","publisher":{"@id":"https:\/\/now-news.de\/de\/#organization"},"potentialAction":[{"@type":"SearchAction","target":{"@type":"EntryPoint","urlTemplate":"https:\/\/now-news.de\/de\/?s={search_term_string}"},"query-input":"required name=search_term_string"}],"inLanguage":"de"},{"@type":"Organization","@id":"https:\/\/now-news.de\/de\/#organization","name":"Just Now News","url":"https:\/\/now-news.de\/de\/","logo":{"@type":"ImageObject","inLanguage":"de","@id":"https:\/\/now-news.de\/de\/#\/schema\/logo\/image\/","url":"http:\/\/just-now.news\/de\/wp-content\/uploads\/sites\/3\/2022\/04\/logo500x500.jpg","contentUrl":"http:\/\/just-now.news\/de\/wp-content\/uploads\/sites\/3\/2022\/04\/logo500x500.jpg","width":500,"height":500,"caption":"Just Now News"},"image":{"@id":"https:\/\/now-news.de\/de\/#\/schema\/logo\/image\/"},"sameAs":["https:\/\/www.facebook.com\/wirmachenauf","https:\/\/x.com\/WirMachenAuf_de"]},{"@type":"Person","@id":"https:\/\/now-news.de\/de\/#\/schema\/person\/fb534a4e865501d8b3285208df34a9b5","name":"rtnews","image":{"@type":"ImageObject","inLanguage":"de","@id":"https:\/\/now-news.de\/de\/#\/schema\/person\/image\/","url":"https:\/\/secure.gravatar.com\/avatar\/82aafea7d8127119dd649515f56e2117?s=96&d=mm&r=g","contentUrl":"https:\/\/secure.gravatar.com\/avatar\/82aafea7d8127119dd649515f56e2117?s=96&d=mm&r=g","caption":"rtnews"},"url":"https:\/\/now-news.de\/de\/author\/rnews\/"}]}},"_links":{"self":[{"href":"https:\/\/now-news.de\/de\/wp-json\/wp\/v2\/posts\/9799"}],"collection":[{"href":"https:\/\/now-news.de\/de\/wp-json\/wp\/v2\/posts"}],"about":[{"href":"https:\/\/now-news.de\/de\/wp-json\/wp\/v2\/types\/post"}],"author":[{"embeddable":true,"href":"https:\/\/now-news.de\/de\/wp-json\/wp\/v2\/users\/3"}],"replies":[{"embeddable":true,"href":"https:\/\/now-news.de\/de\/wp-json\/wp\/v2\/comments?post=9799"}],"version-history":[{"count":0,"href":"https:\/\/now-news.de\/de\/wp-json\/wp\/v2\/posts\/9799\/revisions"}],"wp:featuredmedia":[{"embeddable":true,"href":"https:\/\/now-news.de\/de\/wp-json\/wp\/v2\/media\/9800"}],"wp:attachment":[{"href":"https:\/\/now-news.de\/de\/wp-json\/wp\/v2\/media?parent=9799"}],"wp:term":[{"taxonomy":"category","embeddable":true,"href":"https:\/\/now-news.de\/de\/wp-json\/wp\/v2\/categories?post=9799"},{"taxonomy":"post_tag","embeddable":true,"href":"https:\/\/now-news.de\/de\/wp-json\/wp\/v2\/tags?post=9799"}],"curies":[{"name":"wp","href":"https:\/\/api.w.org\/{rel}","templated":true}]}}