{"id":97979,"date":"2026-01-28T17:55:11","date_gmt":"2026-01-28T15:55:11","guid":{"rendered":"https:\/\/now-news.de\/de\/deutschland\/kanadas-premierminister-widerspricht-washington-habe-aussagen-in-davos-nicht-zurueckgenommen\/"},"modified":"2026-01-28T17:55:11","modified_gmt":"2026-01-28T15:55:11","slug":"kanadas-premierminister-widerspricht-washington-habe-aussagen-in-davos-nicht-zurueckgenommen","status":"publish","type":"post","link":"https:\/\/now-news.de\/de\/deutschland\/kanadas-premierminister-widerspricht-washington-habe-aussagen-in-davos-nicht-zurueckgenommen\/","title":{"rendered":"Kanadas Premierminister widerspricht Washington: Habe Aussagen in Davos nicht zur\u00fcckgenommen"},"content":{"rendered":"<p><img decoding=\"async\" src=\"https:\/\/now-news.de\/de\/wp-content\/uploads\/sites\/3\/2026\/01\/697a019648fbef191e75e8fc.jpg\" \/><\/p>\n<div class=\"Text-root Text-type_1 \">\n                Seit seiner Rede in Davos hat Washington massiven Druck auf die kanadische Regierung aufgebaut, angeheizt durch eine Medienkampagne gegen den kanadischen Premierminister. Carney warf in Davos dem Westen Doppelmoral bei seiner regelbasierten Ordnung vor.\n            <\/div>\n<p><\/p>\n<div class=\"Text-root Text-type_5 ArticleView-text ViewText-root \">\n<p>Der kanadische Premierminister Mark Carney hatte beim Weltwirtschaftsforum in Davos eine viel beachtete Rede gehalten, in der er die bisherige regelbasierte internationale Ordnung als &#8220;im Wandel&#8221; bzw. &#8220;aus den Fugen geraten&#8221; bezeichnete \u2013 eine Kritik, die als Anspielung auf die US\u2011Politik unter Pr\u00e4sident Donald Trump verstanden wurde.<\/p>\n<p>Seit seiner Rede in Davos hat Washington massiven Druck auf die kanadische Regierung aufgebaut, angeheizt durch eine Medienkampagne gegen den kanadischen Premierminister. Der kanadische Regierungschef Mark Carney wies nun Angaben aus Washington zur\u00fcck, wonach er \u00c4u\u00dferungen aus seiner Rede beim Wirtschaftsforum in Davos teilweise zur\u00fcckgenommen habe. Auf eine entsprechende Frage von Journalisten in Ottawa am Dienstag sagte Carney: &#8220;Um es ganz klar zu sagen, und das habe ich auch dem Pr\u00e4sidenten so mitgeteilt: Ich habe in Davos meine Meinung ge\u00e4u\u00dfert.&#8221;<\/p>\n<p>Er habe keine Aussagen zur\u00fcckgenommen. &#8220;Es ging um eine Reihe von Themen, und Kanada war das erste Land, das die von ihm initiierte \u00c4nderung der US-Handelspolitik verstanden hat. Darauf haben wir reagiert&#8221;, sagte er \u00fcber ein Gespr\u00e4ch mit US-Pr\u00e4sident Donald Trump vom Montag. Dieser habe das verstanden, so Carney.<\/p>\n<p>Zuvor hatte US-Finanzminister Scott Bessent gesagt, dass der kanadische Regierungschef w\u00e4hrend eines Telefonats mit Trump &#8220;einige der ungl\u00fccklichen \u00c4u\u00dferungen sehr aggressiv zur\u00fcckgenommen&#8221; habe. In seiner Rede in Davos hatte Carney die USA nicht explizit erw\u00e4hnt, aber davon gesprochen, dass sich mittlere M\u00e4chte zusammentun m\u00fcssten, um sich gegen die Gro\u00dfmachtpolitik der USA zu wehren.\u00a0<\/p>\n<p>Carneys Rede im Davos gipfelte vor allem in einer heiklen Aussage: &#8220;Wir wussten, dass die Geschichte der regelbasierten internationalen Ordnung teilweise falsch war. Dass sich die St\u00e4rksten ausnahmen, wenn es ihnen passte. Handelsregeln wurden asymmetrisch durchgesetzt. Und dass internationales Recht je nach Identit\u00e4t des Beschuldigten oder des Opfers unterschiedlich streng angewandt wurde.&#8221; Mit anderen Worten: Die &#8220;regelbasierte Ordnung&#8221; war nie so fair, wie sie dargestellt wurde. Gro\u00dfm\u00e4chte (vor allem die USA) hielten sich an Regeln nur dann, wenn es ihren Interessen diente.<\/p>\n<p><strong>Mehr zum Thema<\/strong> &#8211; <a rel=\"nofollow noopener\" target=\"_blank\" href=\"https:\/\/freedert.online\/international\/268477-nach-trumps-drohungen-china-abkommen\/\">Nach Trumps Drohungen \u2013 China: Abkommen mit Kanada ist nicht gegen die USA gerichtet<\/a><\/p>\n<div class=\"EmbedBlock-root EmbedBlock-externalVideo EmbedBlock-rumble\">\n<div class=\"VkEmbed\"><iframe class=\"lazyload\" data-src=\"https:\/\/rumble.com\/embed\/v72in7a\" frameborder=\"0\" width=\"853\" height=\"480\" allowfullscreen><\/iframe><\/div>\n<\/div>\n<\/div>\n<p><br \/>\n<br \/><a href=\"https:\/\/de.rt.com\/international\/268636-kanadische-premierminister-widerspricht-washington-habe\/\">Source link <\/a><\/p>\n","protected":false},"excerpt":{"rendered":"<p>Seit seiner Rede in Davos hat Washington massiven Druck auf die kanadische Regierung aufgebaut, angeheizt durch eine Medienkampagne gegen den kanadischen Premierminister. Carney warf in Davos dem Westen Doppelmoral bei seiner regelbasierten Ordnung vor. Der kanadische Premierminister Mark Carney hatte beim Weltwirtschaftsforum in Davos eine viel beachtete Rede gehalten, in der er die bisherige regelbasierte [&hellip;]<\/p>\n","protected":false},"author":3,"featured_media":97980,"comment_status":"open","ping_status":"open","sticky":false,"template":"","format":"standard","meta":{"_yoast_indexnow_last_ping":["1769616394"],"wp_automatic_camp":["217"],"ffc946087d6899c9a9d5206246abfa5f":["Kanadas Premierminister widerspricht Washington: Habe Aussagen in Davos nicht zur\u00fcckgenommen"],"original_link":["https:\/\/de.rt.com\/international\/268636-kanadische-premierminister-widerspricht-washington-habe\/"],"_thumbnail_id":["97980"],"jnews_social_counter_last_update":["1777620751"],"_wptgpro_p2tg_sent2tg":["a:1:{i:23737;s:19:\"2026-01-28 18:07:46\";}"]},"categories":[19,23],"tags":[22003,92,9899,27155,800,416,1039,3932,70861],"yoast_head":"<!-- This site is optimized with the Yoast SEO Premium plugin v22.7 (Yoast SEO v22.7) - https:\/\/yoast.com\/wordpress\/plugins\/seo\/ -->\n<title>Kanadas Premierminister widerspricht Washington: Habe Aussagen in Davos nicht zur\u00fcckgenommen - just-now.NEWS Deutschland<\/title>\n<meta name=\"robots\" content=\"index, follow, max-snippet:-1, max-image-preview:large, max-video-preview:-1\" \/>\n<link rel=\"canonical\" href=\"https:\/\/now-news.de\/de\/deutschland\/kanadas-premierminister-widerspricht-washington-habe-aussagen-in-davos-nicht-zurueckgenommen\/\" \/>\n<meta property=\"og:locale\" content=\"de_DE\" \/>\n<meta property=\"og:type\" content=\"article\" \/>\n<meta property=\"og:title\" content=\"Kanadas Premierminister widerspricht Washington: Habe Aussagen in Davos nicht zur\u00fcckgenommen\" \/>\n<meta property=\"og:description\" content=\"Seit seiner Rede in Davos hat Washington massiven Druck auf die kanadische Regierung aufgebaut, angeheizt durch eine Medienkampagne gegen den kanadischen Premierminister. Carney warf in Davos dem Westen Doppelmoral bei seiner regelbasierten Ordnung vor. Der kanadische Premierminister Mark Carney hatte beim Weltwirtschaftsforum in Davos eine viel beachtete Rede gehalten, in der er die bisherige regelbasierte [&hellip;]\" \/>\n<meta property=\"og:url\" content=\"https:\/\/now-news.de\/de\/deutschland\/kanadas-premierminister-widerspricht-washington-habe-aussagen-in-davos-nicht-zurueckgenommen\/\" \/>\n<meta property=\"og:site_name\" content=\"just-now.NEWS Deutschland\" \/>\n<meta property=\"article:publisher\" content=\"https:\/\/www.facebook.com\/wirmachenauf\" \/>\n<meta property=\"article:published_time\" content=\"2026-01-28T15:55:11+00:00\" \/>\n<meta property=\"og:image\" content=\"https:\/\/now-news.de\/de\/wp-content\/uploads\/sites\/3\/2026\/01\/697a019648fbef191e75e8fc.jpg\" \/>\n<meta name=\"author\" content=\"rtnews\" \/>\n<meta name=\"twitter:card\" content=\"summary_large_image\" \/>\n<meta name=\"twitter:creator\" content=\"@WirMachenAuf_de\" \/>\n<meta name=\"twitter:site\" content=\"@WirMachenAuf_de\" \/>\n<meta name=\"twitter:label1\" content=\"Verfasst von\" \/>\n\t<meta name=\"twitter:data1\" content=\"rtnews\" \/>\n\t<meta name=\"twitter:label2\" content=\"Gesch\u00e4tzte Lesezeit\" \/>\n\t<meta name=\"twitter:data2\" content=\"2\u00a0Minuten\" \/>\n<script type=\"application\/ld+json\" class=\"yoast-schema-graph\">{\"@context\":\"https:\/\/schema.org\",\"@graph\":[{\"@type\":\"Article\",\"@id\":\"https:\/\/now-news.de\/de\/deutschland\/kanadas-premierminister-widerspricht-washington-habe-aussagen-in-davos-nicht-zurueckgenommen\/#article\",\"isPartOf\":{\"@id\":\"https:\/\/now-news.de\/de\/deutschland\/kanadas-premierminister-widerspricht-washington-habe-aussagen-in-davos-nicht-zurueckgenommen\/\"},\"author\":{\"name\":\"rtnews\",\"@id\":\"https:\/\/now-news.de\/de\/#\/schema\/person\/fb534a4e865501d8b3285208df34a9b5\"},\"headline\":\"Kanadas Premierminister widerspricht Washington: Habe Aussagen in Davos nicht zur\u00fcckgenommen\",\"datePublished\":\"2026-01-28T15:55:11+00:00\",\"dateModified\":\"2026-01-28T15:55:11+00:00\",\"mainEntityOfPage\":{\"@id\":\"https:\/\/now-news.de\/de\/deutschland\/kanadas-premierminister-widerspricht-washington-habe-aussagen-in-davos-nicht-zurueckgenommen\/\"},\"wordCount\":398,\"commentCount\":0,\"publisher\":{\"@id\":\"https:\/\/now-news.de\/de\/#organization\"},\"image\":{\"@id\":\"https:\/\/now-news.de\/de\/deutschland\/kanadas-premierminister-widerspricht-washington-habe-aussagen-in-davos-nicht-zurueckgenommen\/#primaryimage\"},\"thumbnailUrl\":\"https:\/\/now-news.de\/de\/wp-content\/uploads\/sites\/3\/2026\/01\/Kanadas-Premierminister-widerspricht-Washington-Habe-Aussagen-in-Davos-nicht-zurueckgenommen.jpg\",\"keywords\":[\"Aussagen\",\"Davos\",\"habe\",\"Kanadas\",\"nicht\",\"Premierminister\",\"Washington\",\"widerspricht\",\"zur\u00fcckgenommen\"],\"articleSection\":[\"Deutschland\",\"Russland\"],\"inLanguage\":\"de\",\"potentialAction\":[{\"@type\":\"CommentAction\",\"name\":\"Comment\",\"target\":[\"https:\/\/now-news.de\/de\/deutschland\/kanadas-premierminister-widerspricht-washington-habe-aussagen-in-davos-nicht-zurueckgenommen\/#respond\"]}]},{\"@type\":\"WebPage\",\"@id\":\"https:\/\/now-news.de\/de\/deutschland\/kanadas-premierminister-widerspricht-washington-habe-aussagen-in-davos-nicht-zurueckgenommen\/\",\"url\":\"https:\/\/now-news.de\/de\/deutschland\/kanadas-premierminister-widerspricht-washington-habe-aussagen-in-davos-nicht-zurueckgenommen\/\",\"name\":\"Kanadas Premierminister widerspricht Washington: Habe Aussagen in Davos nicht zur\u00fcckgenommen - just-now.NEWS Deutschland\",\"isPartOf\":{\"@id\":\"https:\/\/now-news.de\/de\/#website\"},\"primaryImageOfPage\":{\"@id\":\"https:\/\/now-news.de\/de\/deutschland\/kanadas-premierminister-widerspricht-washington-habe-aussagen-in-davos-nicht-zurueckgenommen\/#primaryimage\"},\"image\":{\"@id\":\"https:\/\/now-news.de\/de\/deutschland\/kanadas-premierminister-widerspricht-washington-habe-aussagen-in-davos-nicht-zurueckgenommen\/#primaryimage\"},\"thumbnailUrl\":\"https:\/\/now-news.de\/de\/wp-content\/uploads\/sites\/3\/2026\/01\/Kanadas-Premierminister-widerspricht-Washington-Habe-Aussagen-in-Davos-nicht-zurueckgenommen.jpg\",\"datePublished\":\"2026-01-28T15:55:11+00:00\",\"dateModified\":\"2026-01-28T15:55:11+00:00\",\"breadcrumb\":{\"@id\":\"https:\/\/now-news.de\/de\/deutschland\/kanadas-premierminister-widerspricht-washington-habe-aussagen-in-davos-nicht-zurueckgenommen\/#breadcrumb\"},\"inLanguage\":\"de\",\"potentialAction\":[{\"@type\":\"ReadAction\",\"target\":[\"https:\/\/now-news.de\/de\/deutschland\/kanadas-premierminister-widerspricht-washington-habe-aussagen-in-davos-nicht-zurueckgenommen\/\"]}]},{\"@type\":\"ImageObject\",\"inLanguage\":\"de\",\"@id\":\"https:\/\/now-news.de\/de\/deutschland\/kanadas-premierminister-widerspricht-washington-habe-aussagen-in-davos-nicht-zurueckgenommen\/#primaryimage\",\"url\":\"https:\/\/now-news.de\/de\/wp-content\/uploads\/sites\/3\/2026\/01\/Kanadas-Premierminister-widerspricht-Washington-Habe-Aussagen-in-Davos-nicht-zurueckgenommen.jpg\",\"contentUrl\":\"https:\/\/now-news.de\/de\/wp-content\/uploads\/sites\/3\/2026\/01\/Kanadas-Premierminister-widerspricht-Washington-Habe-Aussagen-in-Davos-nicht-zurueckgenommen.jpg\",\"width\":460,\"height\":259,\"caption\":\"Kanadas Premierminister widerspricht Washington: Habe Aussagen in Davos nicht zur\u00fcckgenommen\"},{\"@type\":\"BreadcrumbList\",\"@id\":\"https:\/\/now-news.de\/de\/deutschland\/kanadas-premierminister-widerspricht-washington-habe-aussagen-in-davos-nicht-zurueckgenommen\/#breadcrumb\",\"itemListElement\":[{\"@type\":\"ListItem\",\"position\":1,\"name\":\"Home\",\"item\":\"https:\/\/now-news.de\/de\/\"},{\"@type\":\"ListItem\",\"position\":2,\"name\":\"Kanadas Premierminister widerspricht Washington: Habe Aussagen in Davos nicht zur\u00fcckgenommen\"}]},{\"@type\":\"WebSite\",\"@id\":\"https:\/\/now-news.de\/de\/#website\",\"url\":\"https:\/\/now-news.de\/de\/\",\"name\":\"just-now.NEWS Deutschland\",\"description\":\"Das Portal f\u00fcr unzensierte Nachrichten aus der Welt\",\"publisher\":{\"@id\":\"https:\/\/now-news.de\/de\/#organization\"},\"potentialAction\":[{\"@type\":\"SearchAction\",\"target\":{\"@type\":\"EntryPoint\",\"urlTemplate\":\"https:\/\/now-news.de\/de\/?s={search_term_string}\"},\"query-input\":\"required name=search_term_string\"}],\"inLanguage\":\"de\"},{\"@type\":\"Organization\",\"@id\":\"https:\/\/now-news.de\/de\/#organization\",\"name\":\"Just Now News\",\"url\":\"https:\/\/now-news.de\/de\/\",\"logo\":{\"@type\":\"ImageObject\",\"inLanguage\":\"de\",\"@id\":\"https:\/\/now-news.de\/de\/#\/schema\/logo\/image\/\",\"url\":\"http:\/\/just-now.news\/de\/wp-content\/uploads\/sites\/3\/2022\/04\/logo500x500.jpg\",\"contentUrl\":\"http:\/\/just-now.news\/de\/wp-content\/uploads\/sites\/3\/2022\/04\/logo500x500.jpg\",\"width\":500,\"height\":500,\"caption\":\"Just Now News\"},\"image\":{\"@id\":\"https:\/\/now-news.de\/de\/#\/schema\/logo\/image\/\"},\"sameAs\":[\"https:\/\/www.facebook.com\/wirmachenauf\",\"https:\/\/x.com\/WirMachenAuf_de\"]},{\"@type\":\"Person\",\"@id\":\"https:\/\/now-news.de\/de\/#\/schema\/person\/fb534a4e865501d8b3285208df34a9b5\",\"name\":\"rtnews\",\"image\":{\"@type\":\"ImageObject\",\"inLanguage\":\"de\",\"@id\":\"https:\/\/now-news.de\/de\/#\/schema\/person\/image\/\",\"url\":\"https:\/\/secure.gravatar.com\/avatar\/82aafea7d8127119dd649515f56e2117?s=96&d=mm&r=g\",\"contentUrl\":\"https:\/\/secure.gravatar.com\/avatar\/82aafea7d8127119dd649515f56e2117?s=96&d=mm&r=g\",\"caption\":\"rtnews\"},\"url\":\"https:\/\/now-news.de\/de\/author\/rnews\/\"}]}<\/script>\n<!-- \/ Yoast SEO Premium plugin. -->","yoast_head_json":{"title":"Kanadas Premierminister widerspricht Washington: Habe Aussagen in Davos nicht zur\u00fcckgenommen - just-now.NEWS Deutschland","robots":{"index":"index","follow":"follow","max-snippet":"max-snippet:-1","max-image-preview":"max-image-preview:large","max-video-preview":"max-video-preview:-1"},"canonical":"https:\/\/now-news.de\/de\/deutschland\/kanadas-premierminister-widerspricht-washington-habe-aussagen-in-davos-nicht-zurueckgenommen\/","og_locale":"de_DE","og_type":"article","og_title":"Kanadas Premierminister widerspricht Washington: Habe Aussagen in Davos nicht zur\u00fcckgenommen","og_description":"Seit seiner Rede in Davos hat Washington massiven Druck auf die kanadische Regierung aufgebaut, angeheizt durch eine Medienkampagne gegen den kanadischen Premierminister. Carney warf in Davos dem Westen Doppelmoral bei seiner regelbasierten Ordnung vor. Der kanadische Premierminister Mark Carney hatte beim Weltwirtschaftsforum in Davos eine viel beachtete Rede gehalten, in der er die bisherige regelbasierte [&hellip;]","og_url":"https:\/\/now-news.de\/de\/deutschland\/kanadas-premierminister-widerspricht-washington-habe-aussagen-in-davos-nicht-zurueckgenommen\/","og_site_name":"just-now.NEWS Deutschland","article_publisher":"https:\/\/www.facebook.com\/wirmachenauf","article_published_time":"2026-01-28T15:55:11+00:00","og_image":[{"url":"https:\/\/now-news.de\/de\/wp-content\/uploads\/sites\/3\/2026\/01\/697a019648fbef191e75e8fc.jpg"}],"author":"rtnews","twitter_card":"summary_large_image","twitter_creator":"@WirMachenAuf_de","twitter_site":"@WirMachenAuf_de","twitter_misc":{"Verfasst von":"rtnews","Gesch\u00e4tzte Lesezeit":"2\u00a0Minuten"},"schema":{"@context":"https:\/\/schema.org","@graph":[{"@type":"Article","@id":"https:\/\/now-news.de\/de\/deutschland\/kanadas-premierminister-widerspricht-washington-habe-aussagen-in-davos-nicht-zurueckgenommen\/#article","isPartOf":{"@id":"https:\/\/now-news.de\/de\/deutschland\/kanadas-premierminister-widerspricht-washington-habe-aussagen-in-davos-nicht-zurueckgenommen\/"},"author":{"name":"rtnews","@id":"https:\/\/now-news.de\/de\/#\/schema\/person\/fb534a4e865501d8b3285208df34a9b5"},"headline":"Kanadas Premierminister widerspricht Washington: Habe Aussagen in Davos nicht zur\u00fcckgenommen","datePublished":"2026-01-28T15:55:11+00:00","dateModified":"2026-01-28T15:55:11+00:00","mainEntityOfPage":{"@id":"https:\/\/now-news.de\/de\/deutschland\/kanadas-premierminister-widerspricht-washington-habe-aussagen-in-davos-nicht-zurueckgenommen\/"},"wordCount":398,"commentCount":0,"publisher":{"@id":"https:\/\/now-news.de\/de\/#organization"},"image":{"@id":"https:\/\/now-news.de\/de\/deutschland\/kanadas-premierminister-widerspricht-washington-habe-aussagen-in-davos-nicht-zurueckgenommen\/#primaryimage"},"thumbnailUrl":"https:\/\/now-news.de\/de\/wp-content\/uploads\/sites\/3\/2026\/01\/Kanadas-Premierminister-widerspricht-Washington-Habe-Aussagen-in-Davos-nicht-zurueckgenommen.jpg","keywords":["Aussagen","Davos","habe","Kanadas","nicht","Premierminister","Washington","widerspricht","zur\u00fcckgenommen"],"articleSection":["Deutschland","Russland"],"inLanguage":"de","potentialAction":[{"@type":"CommentAction","name":"Comment","target":["https:\/\/now-news.de\/de\/deutschland\/kanadas-premierminister-widerspricht-washington-habe-aussagen-in-davos-nicht-zurueckgenommen\/#respond"]}]},{"@type":"WebPage","@id":"https:\/\/now-news.de\/de\/deutschland\/kanadas-premierminister-widerspricht-washington-habe-aussagen-in-davos-nicht-zurueckgenommen\/","url":"https:\/\/now-news.de\/de\/deutschland\/kanadas-premierminister-widerspricht-washington-habe-aussagen-in-davos-nicht-zurueckgenommen\/","name":"Kanadas Premierminister widerspricht Washington: Habe Aussagen in Davos nicht zur\u00fcckgenommen - just-now.NEWS Deutschland","isPartOf":{"@id":"https:\/\/now-news.de\/de\/#website"},"primaryImageOfPage":{"@id":"https:\/\/now-news.de\/de\/deutschland\/kanadas-premierminister-widerspricht-washington-habe-aussagen-in-davos-nicht-zurueckgenommen\/#primaryimage"},"image":{"@id":"https:\/\/now-news.de\/de\/deutschland\/kanadas-premierminister-widerspricht-washington-habe-aussagen-in-davos-nicht-zurueckgenommen\/#primaryimage"},"thumbnailUrl":"https:\/\/now-news.de\/de\/wp-content\/uploads\/sites\/3\/2026\/01\/Kanadas-Premierminister-widerspricht-Washington-Habe-Aussagen-in-Davos-nicht-zurueckgenommen.jpg","datePublished":"2026-01-28T15:55:11+00:00","dateModified":"2026-01-28T15:55:11+00:00","breadcrumb":{"@id":"https:\/\/now-news.de\/de\/deutschland\/kanadas-premierminister-widerspricht-washington-habe-aussagen-in-davos-nicht-zurueckgenommen\/#breadcrumb"},"inLanguage":"de","potentialAction":[{"@type":"ReadAction","target":["https:\/\/now-news.de\/de\/deutschland\/kanadas-premierminister-widerspricht-washington-habe-aussagen-in-davos-nicht-zurueckgenommen\/"]}]},{"@type":"ImageObject","inLanguage":"de","@id":"https:\/\/now-news.de\/de\/deutschland\/kanadas-premierminister-widerspricht-washington-habe-aussagen-in-davos-nicht-zurueckgenommen\/#primaryimage","url":"https:\/\/now-news.de\/de\/wp-content\/uploads\/sites\/3\/2026\/01\/Kanadas-Premierminister-widerspricht-Washington-Habe-Aussagen-in-Davos-nicht-zurueckgenommen.jpg","contentUrl":"https:\/\/now-news.de\/de\/wp-content\/uploads\/sites\/3\/2026\/01\/Kanadas-Premierminister-widerspricht-Washington-Habe-Aussagen-in-Davos-nicht-zurueckgenommen.jpg","width":460,"height":259,"caption":"Kanadas Premierminister widerspricht Washington: Habe Aussagen in Davos nicht zur\u00fcckgenommen"},{"@type":"BreadcrumbList","@id":"https:\/\/now-news.de\/de\/deutschland\/kanadas-premierminister-widerspricht-washington-habe-aussagen-in-davos-nicht-zurueckgenommen\/#breadcrumb","itemListElement":[{"@type":"ListItem","position":1,"name":"Home","item":"https:\/\/now-news.de\/de\/"},{"@type":"ListItem","position":2,"name":"Kanadas Premierminister widerspricht Washington: Habe Aussagen in Davos nicht zur\u00fcckgenommen"}]},{"@type":"WebSite","@id":"https:\/\/now-news.de\/de\/#website","url":"https:\/\/now-news.de\/de\/","name":"just-now.NEWS Deutschland","description":"Das Portal f\u00fcr unzensierte Nachrichten aus der Welt","publisher":{"@id":"https:\/\/now-news.de\/de\/#organization"},"potentialAction":[{"@type":"SearchAction","target":{"@type":"EntryPoint","urlTemplate":"https:\/\/now-news.de\/de\/?s={search_term_string}"},"query-input":"required name=search_term_string"}],"inLanguage":"de"},{"@type":"Organization","@id":"https:\/\/now-news.de\/de\/#organization","name":"Just Now News","url":"https:\/\/now-news.de\/de\/","logo":{"@type":"ImageObject","inLanguage":"de","@id":"https:\/\/now-news.de\/de\/#\/schema\/logo\/image\/","url":"http:\/\/just-now.news\/de\/wp-content\/uploads\/sites\/3\/2022\/04\/logo500x500.jpg","contentUrl":"http:\/\/just-now.news\/de\/wp-content\/uploads\/sites\/3\/2022\/04\/logo500x500.jpg","width":500,"height":500,"caption":"Just Now News"},"image":{"@id":"https:\/\/now-news.de\/de\/#\/schema\/logo\/image\/"},"sameAs":["https:\/\/www.facebook.com\/wirmachenauf","https:\/\/x.com\/WirMachenAuf_de"]},{"@type":"Person","@id":"https:\/\/now-news.de\/de\/#\/schema\/person\/fb534a4e865501d8b3285208df34a9b5","name":"rtnews","image":{"@type":"ImageObject","inLanguage":"de","@id":"https:\/\/now-news.de\/de\/#\/schema\/person\/image\/","url":"https:\/\/secure.gravatar.com\/avatar\/82aafea7d8127119dd649515f56e2117?s=96&d=mm&r=g","contentUrl":"https:\/\/secure.gravatar.com\/avatar\/82aafea7d8127119dd649515f56e2117?s=96&d=mm&r=g","caption":"rtnews"},"url":"https:\/\/now-news.de\/de\/author\/rnews\/"}]}},"_links":{"self":[{"href":"https:\/\/now-news.de\/de\/wp-json\/wp\/v2\/posts\/97979"}],"collection":[{"href":"https:\/\/now-news.de\/de\/wp-json\/wp\/v2\/posts"}],"about":[{"href":"https:\/\/now-news.de\/de\/wp-json\/wp\/v2\/types\/post"}],"author":[{"embeddable":true,"href":"https:\/\/now-news.de\/de\/wp-json\/wp\/v2\/users\/3"}],"replies":[{"embeddable":true,"href":"https:\/\/now-news.de\/de\/wp-json\/wp\/v2\/comments?post=97979"}],"version-history":[{"count":0,"href":"https:\/\/now-news.de\/de\/wp-json\/wp\/v2\/posts\/97979\/revisions"}],"wp:featuredmedia":[{"embeddable":true,"href":"https:\/\/now-news.de\/de\/wp-json\/wp\/v2\/media\/97980"}],"wp:attachment":[{"href":"https:\/\/now-news.de\/de\/wp-json\/wp\/v2\/media?parent=97979"}],"wp:term":[{"taxonomy":"category","embeddable":true,"href":"https:\/\/now-news.de\/de\/wp-json\/wp\/v2\/categories?post=97979"},{"taxonomy":"post_tag","embeddable":true,"href":"https:\/\/now-news.de\/de\/wp-json\/wp\/v2\/tags?post=97979"}],"curies":[{"name":"wp","href":"https:\/\/api.w.org\/{rel}","templated":true}]}}