{"id":97942,"date":"2026-01-27T23:25:22","date_gmt":"2026-01-27T21:25:22","guid":{"rendered":"https:\/\/now-news.de\/de\/deutschland\/ice-beamte-sollen-zur-olympiade-in-mailand-empoerung-in-italien\/"},"modified":"2026-01-27T23:25:22","modified_gmt":"2026-01-27T21:25:22","slug":"ice-beamte-sollen-zur-olympiade-in-mailand-empoerung-in-italien","status":"publish","type":"post","link":"https:\/\/now-news.de\/de\/deutschland\/ice-beamte-sollen-zur-olympiade-in-mailand-empoerung-in-italien\/","title":{"rendered":"ICE-Beamte sollen zur Olympiade in Mailand: Emp\u00f6rung in Italien"},"content":{"rendered":"<p><img decoding=\"async\" src=\"https:\/\/now-news.de\/de\/wp-content\/uploads\/sites\/3\/2026\/01\/6978d96d48fbef7d6017bb6d.jpg\" \/><\/p>\n<div class=\"Text-root Text-type_1 \">\n                Es kursierte wohl bereits einige Tage als Ger\u00fccht, aber nun hat es sich best\u00e4tigt: beim Besuch von US-Vizepr\u00e4sident J. D. Vance und US-Au\u00dfenminister Marco Rubio bei der Er\u00f6ffnung der Winterspiele Anfang Februar sollen auch einige Beamte des ICE f\u00fcr die Sicherheit sorgen.\n            <\/div>\n<p><\/p>\n<div class=\"Text-root Text-type_5 ArticleView-text ViewText-root \">\n<p>Vom 6. bis zum 22. Februar finden in Mailand und Umgebung die Olympischen Winterspiele statt, und US-Vizepr\u00e4sident J. D. Vance sowie Au\u00dfenminister Marco Rubio wollen zur Er\u00f6ffnungszeremonie im San Siro Stadium anreisen.<\/p>\n<p>Inzwischen hat sich best\u00e4tigt, dass sie nicht alleine anreisen werden, und sie nicht nur, wie \u00fcblich, der diplomatische Sicherheitsdienst des US-Au\u00dfenministeriums begleiten wird, sondern au\u00dferdem Mitarbeiter einer Abteilung des ICE.<\/p>\n<p>Was bei einigen italienischen Politikern sofort zu \u00f6ffentlicher Emp\u00f6rung f\u00fchrte. Der B\u00fcrgermeister von Mailand, Giuseppe Sala, erkl\u00e4rte gegen\u00fcber dem Radiosender <em>RTL:<\/em><\/p>\n<p><em>&#8220;ICE-Agenten sind in Mailand nicht willkommen.&#8221;<\/em><\/p>\n<p>Diese &#8220;mordende Miliz&#8221; sei ein &#8220;Problem&#8221;, denn es gebe &#8220;keine Garantie, dass sie mit unserer Art, Sicherheit demokratisch zu managen, zusammenpasst.&#8221;<\/p>\n<p>&#8220;Ich\u00a0frage mich, ob wir je imstande sind, zu Trump &#8216;Nein&#8217; zu sagen&#8221;, beendete er seine Ausf\u00fchrungen mit einem Seitenhieb auf Regierungschefin Giorgia Meloni.<\/p>\n<p>Auch die Parlamentsabgeordnete Daniela Ruffino griff zu scharfen Worten:<\/p>\n<p><em>&#8220;Die Cowboys des ICE sollten schon aus dem einfachen Grund keinen Fu\u00df nach Italien setzen, weil hier das Gesetz herrscht und wir es behalten wollen.&#8221;<\/em><\/p>\n<p>Der demokratische Abgeordnete Allessandro Zan \u00e4u\u00dferte sich \u00e4hnlich:<\/p>\n<p><em> &#8220;In Italien wollen wir keine Menschen, die Menschenrechte mit F\u00fc\u00dfen treten und sich jeder demokratischen Kontrolle entziehen.&#8221;<\/em><\/p>\n<p>Mittlerweile hat sich auch der italienische Au\u00dfenminister Antonio Tajani zu dieser Frage ge\u00e4u\u00dfert:<\/p>\n<p><em> &#8220;Entweder man wei\u00df, wovon man redet, oder es wird eine emotionale Sache. Aber es ist nicht so, als w\u00e4ren das die\u00a0von den Stra\u00dfen von Minneapolis. Ich war der H\u00e4rteste in ganz Italien, (&#8230;) aber\u00a0das\u00a0ist nicht so, als k\u00e4me da die SS.&#8221;<\/em><\/p>\n<p>Die dem Ministerium f\u00fcr Heimatschutz unterstehende ICE ist zuletzt Gegenstand vieler Kontroversen, weil in vielen US-St\u00e4dten heftige Auseinandersetzungen um ihr Vorgehen gegen illegale Einwanderer stattfinden. Im Zuge dieser Proteste haben ICE-Beamte zuletzt in Minneapolis zwei Demonstranten erschossen. Auf der Berichterstattung dar\u00fcber beruht diese ablehnende Reaktion.<\/p>\n<p>Allerdings besteht das ICE aus drei Abteilungen; diejenige, die nach illegalen Einwanderern sucht, ERO, ist nicht diejenige, die Agenten nach Italien schicken soll. Das ist die Ermittlungseinheit des Ministeriums f\u00fcr Heimatschutz, HSI, deren etwa 10.400 Mitarbeiter vor allem mit Drogenschmuggel, Waffenhandel und anderen Formen internationaler organisierter Kriminalit\u00e4t befasst sind.<\/p>\n<p>Der Pr\u00e4sident der Region Lombardei, Attilio Fontana, sicherte auch zu, die HSI-Agenten\u00a0seien nur mit der Sicherheit von Vance und Rubio befasst. &#8220;Sie werden eine ausschlie\u00dflich defensive Rolle spielen, und ich bin \u00fcberzeugt, dass nichts geschehen wird&#8221;, sagte er. Allerdings bekundete anschlie\u00dfend seine Pressestelle, nichts von einer Rolle des ICE bei der Olympiade zu wissen.<\/p>\n<p>Im Laufe des Tages soll noch ein Treffen zwischen Innenminister Matteo Piantedosi und dem US-Botschafter stattfinden, um die Funktion der ICE-Agenten zu kl\u00e4ren.<\/p>\n<p>Klar ist, dass diese ICE-Mitarbeiter in Italien keinerlei polizeiliche Funktion erf\u00fcllen d\u00fcrfen. Personenschutz ist ebenfalls nicht ihre Aufgabe. Es geht vermutlich eher darum, Lagebewertungen mit den \u00f6rtlichen Beh\u00f6rden auszutauschen.\u00a0<\/p>\n<p>&#8220;Sie werden in einem Einsatzbesprechungsraum zusammen mit den Franzosen, Deutschen, Spaniern und Schweizern bleiben, um zusammenzuarbeiten und zu verh\u00fcten&#8221;, so Tajani.<\/p>\n<p>Das d\u00fcrfte allerdings eventuelle Proteste in Mailand nicht verhindern. Die wiederum Gegenreaktionen ausl\u00f6sen k\u00f6nnten, denn auch in Italien gibt es eine massive illegale Zuwanderung, und die italienische Gesellschaft ist in dieser Hinsicht nicht weniger gespalten als die US-amerikanische.<\/p>\n<p><strong>Mehr zum Thema &#8211;<\/strong>\u00a0<a rel=\"nofollow noopener\" target=\"_blank\" href=\"https:\/\/freedert.online\/international\/266905-premierministerin-italiens-setzt-sich-fuer\/\">Premierministerin Italiens setzt sich f\u00fcr EU-Russland-Dialog zu Ukraine ein<\/a><\/p>\n<div class=\"EmbedBlock-root EmbedBlock-externalVideo EmbedBlock-rumble\">\n<div class=\"VkEmbed\"><iframe class=\"lazyload\" data-src=\"https:\/\/rumble.com\/embed\/v72h4fs\" frameborder=\"0\" width=\"853\" height=\"480\" allowfullscreen><\/iframe><\/div>\n<\/div>\n<\/div>\n<p><br \/>\n<br \/><a href=\"https:\/\/de.rt.com\/international\/268552-ice-zur-olympiade-in-mailand\/\">Source link <\/a><\/p>\n","protected":false},"excerpt":{"rendered":"<p>Es kursierte wohl bereits einige Tage als Ger\u00fccht, aber nun hat es sich best\u00e4tigt: beim Besuch von US-Vizepr\u00e4sident J. D. Vance und US-Au\u00dfenminister Marco Rubio bei der Er\u00f6ffnung der Winterspiele Anfang Februar sollen auch einige Beamte des ICE f\u00fcr die Sicherheit sorgen. Vom 6. bis zum 22. Februar finden in Mailand und Umgebung die Olympischen [&hellip;]<\/p>\n","protected":false},"author":3,"featured_media":97943,"comment_status":"open","ping_status":"open","sticky":false,"template":"","format":"standard","meta":{"_yoast_indexnow_last_ping":["1769549964"],"wp_automatic_camp":["217"],"112ce4a236526bc88303c91eabd05028":["ICE-Beamte sollen zur Olympiade in Mailand: Emp\u00f6rung in Italien"],"original_link":["https:\/\/de.rt.com\/international\/268552-ice-zur-olympiade-in-mailand\/"],"_thumbnail_id":["97943"],"jnews_social_counter_last_update":["1777600639"],"_wptgpro_p2tg_sent2tg":["a:1:{i:23737;s:19:\"2026-01-27 23:40:25\";}"]},"categories":[19,23],"tags":[21589,70767,43,31269,34745,1677,581],"yoast_head":"<!-- This site is optimized with the Yoast SEO Premium plugin v22.7 (Yoast SEO v22.7) - https:\/\/yoast.com\/wordpress\/plugins\/seo\/ -->\n<title>ICE-Beamte sollen zur Olympiade in Mailand: Emp\u00f6rung in Italien - just-now.NEWS Deutschland<\/title>\n<meta name=\"robots\" content=\"index, follow, max-snippet:-1, max-image-preview:large, max-video-preview:-1\" \/>\n<link rel=\"canonical\" href=\"https:\/\/now-news.de\/de\/deutschland\/ice-beamte-sollen-zur-olympiade-in-mailand-empoerung-in-italien\/\" \/>\n<meta property=\"og:locale\" content=\"de_DE\" \/>\n<meta property=\"og:type\" content=\"article\" \/>\n<meta property=\"og:title\" content=\"ICE-Beamte sollen zur Olympiade in Mailand: Emp\u00f6rung in Italien\" \/>\n<meta property=\"og:description\" content=\"Es kursierte wohl bereits einige Tage als Ger\u00fccht, aber nun hat es sich best\u00e4tigt: beim Besuch von US-Vizepr\u00e4sident J. D. Vance und US-Au\u00dfenminister Marco Rubio bei der Er\u00f6ffnung der Winterspiele Anfang Februar sollen auch einige Beamte des ICE f\u00fcr die Sicherheit sorgen. Vom 6. bis zum 22. Februar finden in Mailand und Umgebung die Olympischen [&hellip;]\" \/>\n<meta property=\"og:url\" content=\"https:\/\/now-news.de\/de\/deutschland\/ice-beamte-sollen-zur-olympiade-in-mailand-empoerung-in-italien\/\" \/>\n<meta property=\"og:site_name\" content=\"just-now.NEWS Deutschland\" \/>\n<meta property=\"article:publisher\" content=\"https:\/\/www.facebook.com\/wirmachenauf\" \/>\n<meta property=\"article:published_time\" content=\"2026-01-27T21:25:22+00:00\" \/>\n<meta property=\"og:image\" content=\"https:\/\/now-news.de\/de\/wp-content\/uploads\/sites\/3\/2026\/01\/6978d96d48fbef7d6017bb6d.jpg\" \/>\n<meta name=\"author\" content=\"rtnews\" \/>\n<meta name=\"twitter:card\" content=\"summary_large_image\" \/>\n<meta name=\"twitter:creator\" content=\"@WirMachenAuf_de\" \/>\n<meta name=\"twitter:site\" content=\"@WirMachenAuf_de\" \/>\n<meta name=\"twitter:label1\" content=\"Verfasst von\" \/>\n\t<meta name=\"twitter:data1\" content=\"rtnews\" \/>\n\t<meta name=\"twitter:label2\" content=\"Gesch\u00e4tzte Lesezeit\" \/>\n\t<meta name=\"twitter:data2\" content=\"3\u00a0Minuten\" \/>\n<script type=\"application\/ld+json\" class=\"yoast-schema-graph\">{\"@context\":\"https:\/\/schema.org\",\"@graph\":[{\"@type\":\"Article\",\"@id\":\"https:\/\/now-news.de\/de\/deutschland\/ice-beamte-sollen-zur-olympiade-in-mailand-empoerung-in-italien\/#article\",\"isPartOf\":{\"@id\":\"https:\/\/now-news.de\/de\/deutschland\/ice-beamte-sollen-zur-olympiade-in-mailand-empoerung-in-italien\/\"},\"author\":{\"name\":\"rtnews\",\"@id\":\"https:\/\/now-news.de\/de\/#\/schema\/person\/fb534a4e865501d8b3285208df34a9b5\"},\"headline\":\"ICE-Beamte sollen zur Olympiade in Mailand: Emp\u00f6rung in Italien\",\"datePublished\":\"2026-01-27T21:25:22+00:00\",\"dateModified\":\"2026-01-27T21:25:22+00:00\",\"mainEntityOfPage\":{\"@id\":\"https:\/\/now-news.de\/de\/deutschland\/ice-beamte-sollen-zur-olympiade-in-mailand-empoerung-in-italien\/\"},\"wordCount\":618,\"commentCount\":0,\"publisher\":{\"@id\":\"https:\/\/now-news.de\/de\/#organization\"},\"image\":{\"@id\":\"https:\/\/now-news.de\/de\/deutschland\/ice-beamte-sollen-zur-olympiade-in-mailand-empoerung-in-italien\/#primaryimage\"},\"thumbnailUrl\":\"https:\/\/now-news.de\/de\/wp-content\/uploads\/sites\/3\/2026\/01\/ICE-Beamte-sollen-zur-Olympiade-in-Mailand-Empoerung-in-Italien.jpg\",\"keywords\":[\"Emp\u00f6rung\",\"ICEBeamte\",\"Italien\",\"Mailand\",\"Olympiade\",\"sollen\",\"zur\"],\"articleSection\":[\"Deutschland\",\"Russland\"],\"inLanguage\":\"de\",\"potentialAction\":[{\"@type\":\"CommentAction\",\"name\":\"Comment\",\"target\":[\"https:\/\/now-news.de\/de\/deutschland\/ice-beamte-sollen-zur-olympiade-in-mailand-empoerung-in-italien\/#respond\"]}]},{\"@type\":\"WebPage\",\"@id\":\"https:\/\/now-news.de\/de\/deutschland\/ice-beamte-sollen-zur-olympiade-in-mailand-empoerung-in-italien\/\",\"url\":\"https:\/\/now-news.de\/de\/deutschland\/ice-beamte-sollen-zur-olympiade-in-mailand-empoerung-in-italien\/\",\"name\":\"ICE-Beamte sollen zur Olympiade in Mailand: Emp\u00f6rung in Italien - just-now.NEWS Deutschland\",\"isPartOf\":{\"@id\":\"https:\/\/now-news.de\/de\/#website\"},\"primaryImageOfPage\":{\"@id\":\"https:\/\/now-news.de\/de\/deutschland\/ice-beamte-sollen-zur-olympiade-in-mailand-empoerung-in-italien\/#primaryimage\"},\"image\":{\"@id\":\"https:\/\/now-news.de\/de\/deutschland\/ice-beamte-sollen-zur-olympiade-in-mailand-empoerung-in-italien\/#primaryimage\"},\"thumbnailUrl\":\"https:\/\/now-news.de\/de\/wp-content\/uploads\/sites\/3\/2026\/01\/ICE-Beamte-sollen-zur-Olympiade-in-Mailand-Empoerung-in-Italien.jpg\",\"datePublished\":\"2026-01-27T21:25:22+00:00\",\"dateModified\":\"2026-01-27T21:25:22+00:00\",\"breadcrumb\":{\"@id\":\"https:\/\/now-news.de\/de\/deutschland\/ice-beamte-sollen-zur-olympiade-in-mailand-empoerung-in-italien\/#breadcrumb\"},\"inLanguage\":\"de\",\"potentialAction\":[{\"@type\":\"ReadAction\",\"target\":[\"https:\/\/now-news.de\/de\/deutschland\/ice-beamte-sollen-zur-olympiade-in-mailand-empoerung-in-italien\/\"]}]},{\"@type\":\"ImageObject\",\"inLanguage\":\"de\",\"@id\":\"https:\/\/now-news.de\/de\/deutschland\/ice-beamte-sollen-zur-olympiade-in-mailand-empoerung-in-italien\/#primaryimage\",\"url\":\"https:\/\/now-news.de\/de\/wp-content\/uploads\/sites\/3\/2026\/01\/ICE-Beamte-sollen-zur-Olympiade-in-Mailand-Empoerung-in-Italien.jpg\",\"contentUrl\":\"https:\/\/now-news.de\/de\/wp-content\/uploads\/sites\/3\/2026\/01\/ICE-Beamte-sollen-zur-Olympiade-in-Mailand-Empoerung-in-Italien.jpg\",\"width\":460,\"height\":259,\"caption\":\"ICE-Beamte sollen zur Olympiade in Mailand: Emp\u00f6rung in Italien\"},{\"@type\":\"BreadcrumbList\",\"@id\":\"https:\/\/now-news.de\/de\/deutschland\/ice-beamte-sollen-zur-olympiade-in-mailand-empoerung-in-italien\/#breadcrumb\",\"itemListElement\":[{\"@type\":\"ListItem\",\"position\":1,\"name\":\"Home\",\"item\":\"https:\/\/now-news.de\/de\/\"},{\"@type\":\"ListItem\",\"position\":2,\"name\":\"ICE-Beamte sollen zur Olympiade in Mailand: Emp\u00f6rung in Italien\"}]},{\"@type\":\"WebSite\",\"@id\":\"https:\/\/now-news.de\/de\/#website\",\"url\":\"https:\/\/now-news.de\/de\/\",\"name\":\"just-now.NEWS Deutschland\",\"description\":\"Das Portal f\u00fcr unzensierte Nachrichten aus der Welt\",\"publisher\":{\"@id\":\"https:\/\/now-news.de\/de\/#organization\"},\"potentialAction\":[{\"@type\":\"SearchAction\",\"target\":{\"@type\":\"EntryPoint\",\"urlTemplate\":\"https:\/\/now-news.de\/de\/?s={search_term_string}\"},\"query-input\":\"required name=search_term_string\"}],\"inLanguage\":\"de\"},{\"@type\":\"Organization\",\"@id\":\"https:\/\/now-news.de\/de\/#organization\",\"name\":\"Just Now News\",\"url\":\"https:\/\/now-news.de\/de\/\",\"logo\":{\"@type\":\"ImageObject\",\"inLanguage\":\"de\",\"@id\":\"https:\/\/now-news.de\/de\/#\/schema\/logo\/image\/\",\"url\":\"http:\/\/just-now.news\/de\/wp-content\/uploads\/sites\/3\/2022\/04\/logo500x500.jpg\",\"contentUrl\":\"http:\/\/just-now.news\/de\/wp-content\/uploads\/sites\/3\/2022\/04\/logo500x500.jpg\",\"width\":500,\"height\":500,\"caption\":\"Just Now News\"},\"image\":{\"@id\":\"https:\/\/now-news.de\/de\/#\/schema\/logo\/image\/\"},\"sameAs\":[\"https:\/\/www.facebook.com\/wirmachenauf\",\"https:\/\/x.com\/WirMachenAuf_de\"]},{\"@type\":\"Person\",\"@id\":\"https:\/\/now-news.de\/de\/#\/schema\/person\/fb534a4e865501d8b3285208df34a9b5\",\"name\":\"rtnews\",\"image\":{\"@type\":\"ImageObject\",\"inLanguage\":\"de\",\"@id\":\"https:\/\/now-news.de\/de\/#\/schema\/person\/image\/\",\"url\":\"https:\/\/secure.gravatar.com\/avatar\/82aafea7d8127119dd649515f56e2117?s=96&d=mm&r=g\",\"contentUrl\":\"https:\/\/secure.gravatar.com\/avatar\/82aafea7d8127119dd649515f56e2117?s=96&d=mm&r=g\",\"caption\":\"rtnews\"},\"url\":\"https:\/\/now-news.de\/de\/author\/rnews\/\"}]}<\/script>\n<!-- \/ Yoast SEO Premium plugin. -->","yoast_head_json":{"title":"ICE-Beamte sollen zur Olympiade in Mailand: Emp\u00f6rung in Italien - just-now.NEWS Deutschland","robots":{"index":"index","follow":"follow","max-snippet":"max-snippet:-1","max-image-preview":"max-image-preview:large","max-video-preview":"max-video-preview:-1"},"canonical":"https:\/\/now-news.de\/de\/deutschland\/ice-beamte-sollen-zur-olympiade-in-mailand-empoerung-in-italien\/","og_locale":"de_DE","og_type":"article","og_title":"ICE-Beamte sollen zur Olympiade in Mailand: Emp\u00f6rung in Italien","og_description":"Es kursierte wohl bereits einige Tage als Ger\u00fccht, aber nun hat es sich best\u00e4tigt: beim Besuch von US-Vizepr\u00e4sident J. D. Vance und US-Au\u00dfenminister Marco Rubio bei der Er\u00f6ffnung der Winterspiele Anfang Februar sollen auch einige Beamte des ICE f\u00fcr die Sicherheit sorgen. Vom 6. bis zum 22. Februar finden in Mailand und Umgebung die Olympischen [&hellip;]","og_url":"https:\/\/now-news.de\/de\/deutschland\/ice-beamte-sollen-zur-olympiade-in-mailand-empoerung-in-italien\/","og_site_name":"just-now.NEWS Deutschland","article_publisher":"https:\/\/www.facebook.com\/wirmachenauf","article_published_time":"2026-01-27T21:25:22+00:00","og_image":[{"url":"https:\/\/now-news.de\/de\/wp-content\/uploads\/sites\/3\/2026\/01\/6978d96d48fbef7d6017bb6d.jpg"}],"author":"rtnews","twitter_card":"summary_large_image","twitter_creator":"@WirMachenAuf_de","twitter_site":"@WirMachenAuf_de","twitter_misc":{"Verfasst von":"rtnews","Gesch\u00e4tzte Lesezeit":"3\u00a0Minuten"},"schema":{"@context":"https:\/\/schema.org","@graph":[{"@type":"Article","@id":"https:\/\/now-news.de\/de\/deutschland\/ice-beamte-sollen-zur-olympiade-in-mailand-empoerung-in-italien\/#article","isPartOf":{"@id":"https:\/\/now-news.de\/de\/deutschland\/ice-beamte-sollen-zur-olympiade-in-mailand-empoerung-in-italien\/"},"author":{"name":"rtnews","@id":"https:\/\/now-news.de\/de\/#\/schema\/person\/fb534a4e865501d8b3285208df34a9b5"},"headline":"ICE-Beamte sollen zur Olympiade in Mailand: Emp\u00f6rung in Italien","datePublished":"2026-01-27T21:25:22+00:00","dateModified":"2026-01-27T21:25:22+00:00","mainEntityOfPage":{"@id":"https:\/\/now-news.de\/de\/deutschland\/ice-beamte-sollen-zur-olympiade-in-mailand-empoerung-in-italien\/"},"wordCount":618,"commentCount":0,"publisher":{"@id":"https:\/\/now-news.de\/de\/#organization"},"image":{"@id":"https:\/\/now-news.de\/de\/deutschland\/ice-beamte-sollen-zur-olympiade-in-mailand-empoerung-in-italien\/#primaryimage"},"thumbnailUrl":"https:\/\/now-news.de\/de\/wp-content\/uploads\/sites\/3\/2026\/01\/ICE-Beamte-sollen-zur-Olympiade-in-Mailand-Empoerung-in-Italien.jpg","keywords":["Emp\u00f6rung","ICEBeamte","Italien","Mailand","Olympiade","sollen","zur"],"articleSection":["Deutschland","Russland"],"inLanguage":"de","potentialAction":[{"@type":"CommentAction","name":"Comment","target":["https:\/\/now-news.de\/de\/deutschland\/ice-beamte-sollen-zur-olympiade-in-mailand-empoerung-in-italien\/#respond"]}]},{"@type":"WebPage","@id":"https:\/\/now-news.de\/de\/deutschland\/ice-beamte-sollen-zur-olympiade-in-mailand-empoerung-in-italien\/","url":"https:\/\/now-news.de\/de\/deutschland\/ice-beamte-sollen-zur-olympiade-in-mailand-empoerung-in-italien\/","name":"ICE-Beamte sollen zur Olympiade in Mailand: Emp\u00f6rung in Italien - just-now.NEWS Deutschland","isPartOf":{"@id":"https:\/\/now-news.de\/de\/#website"},"primaryImageOfPage":{"@id":"https:\/\/now-news.de\/de\/deutschland\/ice-beamte-sollen-zur-olympiade-in-mailand-empoerung-in-italien\/#primaryimage"},"image":{"@id":"https:\/\/now-news.de\/de\/deutschland\/ice-beamte-sollen-zur-olympiade-in-mailand-empoerung-in-italien\/#primaryimage"},"thumbnailUrl":"https:\/\/now-news.de\/de\/wp-content\/uploads\/sites\/3\/2026\/01\/ICE-Beamte-sollen-zur-Olympiade-in-Mailand-Empoerung-in-Italien.jpg","datePublished":"2026-01-27T21:25:22+00:00","dateModified":"2026-01-27T21:25:22+00:00","breadcrumb":{"@id":"https:\/\/now-news.de\/de\/deutschland\/ice-beamte-sollen-zur-olympiade-in-mailand-empoerung-in-italien\/#breadcrumb"},"inLanguage":"de","potentialAction":[{"@type":"ReadAction","target":["https:\/\/now-news.de\/de\/deutschland\/ice-beamte-sollen-zur-olympiade-in-mailand-empoerung-in-italien\/"]}]},{"@type":"ImageObject","inLanguage":"de","@id":"https:\/\/now-news.de\/de\/deutschland\/ice-beamte-sollen-zur-olympiade-in-mailand-empoerung-in-italien\/#primaryimage","url":"https:\/\/now-news.de\/de\/wp-content\/uploads\/sites\/3\/2026\/01\/ICE-Beamte-sollen-zur-Olympiade-in-Mailand-Empoerung-in-Italien.jpg","contentUrl":"https:\/\/now-news.de\/de\/wp-content\/uploads\/sites\/3\/2026\/01\/ICE-Beamte-sollen-zur-Olympiade-in-Mailand-Empoerung-in-Italien.jpg","width":460,"height":259,"caption":"ICE-Beamte sollen zur Olympiade in Mailand: Emp\u00f6rung in Italien"},{"@type":"BreadcrumbList","@id":"https:\/\/now-news.de\/de\/deutschland\/ice-beamte-sollen-zur-olympiade-in-mailand-empoerung-in-italien\/#breadcrumb","itemListElement":[{"@type":"ListItem","position":1,"name":"Home","item":"https:\/\/now-news.de\/de\/"},{"@type":"ListItem","position":2,"name":"ICE-Beamte sollen zur Olympiade in Mailand: Emp\u00f6rung in Italien"}]},{"@type":"WebSite","@id":"https:\/\/now-news.de\/de\/#website","url":"https:\/\/now-news.de\/de\/","name":"just-now.NEWS Deutschland","description":"Das Portal f\u00fcr unzensierte Nachrichten aus der Welt","publisher":{"@id":"https:\/\/now-news.de\/de\/#organization"},"potentialAction":[{"@type":"SearchAction","target":{"@type":"EntryPoint","urlTemplate":"https:\/\/now-news.de\/de\/?s={search_term_string}"},"query-input":"required name=search_term_string"}],"inLanguage":"de"},{"@type":"Organization","@id":"https:\/\/now-news.de\/de\/#organization","name":"Just Now News","url":"https:\/\/now-news.de\/de\/","logo":{"@type":"ImageObject","inLanguage":"de","@id":"https:\/\/now-news.de\/de\/#\/schema\/logo\/image\/","url":"http:\/\/just-now.news\/de\/wp-content\/uploads\/sites\/3\/2022\/04\/logo500x500.jpg","contentUrl":"http:\/\/just-now.news\/de\/wp-content\/uploads\/sites\/3\/2022\/04\/logo500x500.jpg","width":500,"height":500,"caption":"Just Now News"},"image":{"@id":"https:\/\/now-news.de\/de\/#\/schema\/logo\/image\/"},"sameAs":["https:\/\/www.facebook.com\/wirmachenauf","https:\/\/x.com\/WirMachenAuf_de"]},{"@type":"Person","@id":"https:\/\/now-news.de\/de\/#\/schema\/person\/fb534a4e865501d8b3285208df34a9b5","name":"rtnews","image":{"@type":"ImageObject","inLanguage":"de","@id":"https:\/\/now-news.de\/de\/#\/schema\/person\/image\/","url":"https:\/\/secure.gravatar.com\/avatar\/82aafea7d8127119dd649515f56e2117?s=96&d=mm&r=g","contentUrl":"https:\/\/secure.gravatar.com\/avatar\/82aafea7d8127119dd649515f56e2117?s=96&d=mm&r=g","caption":"rtnews"},"url":"https:\/\/now-news.de\/de\/author\/rnews\/"}]}},"_links":{"self":[{"href":"https:\/\/now-news.de\/de\/wp-json\/wp\/v2\/posts\/97942"}],"collection":[{"href":"https:\/\/now-news.de\/de\/wp-json\/wp\/v2\/posts"}],"about":[{"href":"https:\/\/now-news.de\/de\/wp-json\/wp\/v2\/types\/post"}],"author":[{"embeddable":true,"href":"https:\/\/now-news.de\/de\/wp-json\/wp\/v2\/users\/3"}],"replies":[{"embeddable":true,"href":"https:\/\/now-news.de\/de\/wp-json\/wp\/v2\/comments?post=97942"}],"version-history":[{"count":0,"href":"https:\/\/now-news.de\/de\/wp-json\/wp\/v2\/posts\/97942\/revisions"}],"wp:featuredmedia":[{"embeddable":true,"href":"https:\/\/now-news.de\/de\/wp-json\/wp\/v2\/media\/97943"}],"wp:attachment":[{"href":"https:\/\/now-news.de\/de\/wp-json\/wp\/v2\/media?parent=97942"}],"wp:term":[{"taxonomy":"category","embeddable":true,"href":"https:\/\/now-news.de\/de\/wp-json\/wp\/v2\/categories?post=97942"},{"taxonomy":"post_tag","embeddable":true,"href":"https:\/\/now-news.de\/de\/wp-json\/wp\/v2\/tags?post=97942"}],"curies":[{"name":"wp","href":"https:\/\/api.w.org\/{rel}","templated":true}]}}