{"id":97886,"date":"2026-01-27T09:28:28","date_gmt":"2026-01-27T07:28:28","guid":{"rendered":"https:\/\/now-news.de\/de\/deutschland\/europaeische-politiker-und-medien-empoert-ueber-selenskijs-aeusserungen\/"},"modified":"2026-01-27T09:28:28","modified_gmt":"2026-01-27T07:28:28","slug":"europaeische-politiker-und-medien-empoert-ueber-selenskijs-aeusserungen","status":"publish","type":"post","link":"https:\/\/now-news.de\/de\/deutschland\/europaeische-politiker-und-medien-empoert-ueber-selenskijs-aeusserungen\/","title":{"rendered":"Europ\u00e4ische Politiker und Medien emp\u00f6rt \u00fcber Selenskijs \u00c4u\u00dferungen"},"content":{"rendered":"<p><img decoding=\"async\" src=\"https:\/\/now-news.de\/de\/wp-content\/uploads\/sites\/3\/2026\/01\/6977c5c2b480cc3b0d515845.jpg\" \/><\/p>\n<div class=\"Text-root Text-type_1 \">\n                Nicht nur die Rede von US-Pr\u00e4sident Donald Trump in Davos, sondern auch die des Chefs des Kiewer Regimes waren pr\u00e4gende Ereignisse der vergangenen Woche. Denn Wladimir Selenskij sprach \u00fcber seine Vision einer neuen Weltordnung. Was genau hat er gesagt und warum hat diese Rede sogar Europa emp\u00f6rt?\n            <\/div>\n<p><\/p>\n<div class=\"Text-root Text-type_5 ArticleView-text ViewText-root \">\n<p><em>Von Wassili Stojakin<\/em><\/p>\n<p>Drei Jahre lang war der Chef des Kiewer Regimes, Wladimir Selenskij, die Nummer 1 in der westlichen Politik \u2013 zun\u00e4chst als mutiger F\u00fchrer, der sich dem &#8220;Reich des B\u00f6sen&#8221; widersetzte. Daf\u00fcr mussten jedoch diejenigen den Preis zahlen, denen Bandera diesen &#8220;F\u00fchrer&#8221; beschert hatte. Mit der Zeit wurde er dann immer geschickter darin, seine leichtgl\u00e4ubigen &#8220;Verb\u00fcndeten&#8221; zu manipulieren. Und dann kam Donald Trump an die Macht. Der US-Pr\u00e4sident konnte Selenskij zwar zu erheblichen Zugest\u00e4ndnissen zwingen (indem er ihm H\u00e4nde und Geldb\u00f6rse gleicherma\u00dfen zuschn\u00fcrte), sodass sich die Friedensverhandlungen der Endphase n\u00e4herten, aber Selenskij \u2013 oder genauer gesagt, die globalistischen Eliten, die hinter ihm stehen \u2013 kapitulierten keineswegs.<\/p>\n<p>Dies spiegelte sich auch in der Rede Selenskijs in Davos wider, die sich als Programmrede erwies. Darin erl\u00e4uterte er, was er f\u00fcr die Zukunft vorsieht \u2013 unabh\u00e4ngig davon, ob Friedensvereinbarungen unterzeichnet werden oder nicht.<\/p>\n<p>Im ersten Teil seiner Rede stellt Selenskij fest, dass &#8220;Europa nicht in der Lage ist, sich selbst zu verteidigen&#8221;, und f\u00fchrt daf\u00fcr zwei Beispiele an. Erstens sei dies die Situation um Gr\u00f6nland, das Europa nicht sch\u00fctzen k\u00f6nne. Im Laufe seiner Rede kam er mehrmals auf das Thema Gr\u00f6nland zur\u00fcck und erkl\u00e4rte insbesondere, dass die Ukraine bereit sei, Gr\u00f6nland zu verteidigen \u2013 indem sie russische Schiffe versenken werde, die dort vorbeifahren. Gegen die USA hat er keine Vorw\u00fcrfe \u2013 er ist der Meinung, dass die USA durch die Eroberung Gr\u00f6nlands &#8220;russische Aggressionen&#8221; abwehren w\u00fcrden.<\/p>\n<p>Zweitens seien es die Unruhen in Iran. Aber welche Gefahr f\u00fcr Europa geht von deren Unterdr\u00fcckung aus? Die Antwort liegt auf der Hand: In Wei\u00dfrussland habe Europa dem Volk nicht &#8220;geholfen&#8221; \u2013 und nun st\u00fcnden in Wei\u00dfrussland Raketenkomplexe vom Typ &#8220;Oreschnik&#8221;&#8230; Iran habe zwar keine gemeinsame Grenze mit Europa, aber das sei unerheblich \u2013 Europa m\u00fcsse eine globale Macht sein. Als Beispiel daf\u00fcr, wie Europa handeln sollte, f\u00fchrte Selenskij die Vorgehensweise der USA in Venezuela an.<\/p>\n<p>Die Umrisse des Friedensabkommens, das in Abu Dhabi derzeit zur Diskussion steht, sind noch nicht ganz klar. Doch die von Selenskij in Davos ge\u00e4u\u00dferten Standpunkte verurteilen ein solches Abkommen auf jeden Fall zum Scheitern. Dabei liegt das Problem keineswegs in der Territorialfrage \u2013 diese wurde von Selenskij \u00fcberhaupt nicht thematisiert. Vielmehr w\u00fcnscht sich Selenskij folgendes Verhandlungsergebnis:<\/p>\n<ul>\n<li>Es m\u00fcsse ein Sondergericht f\u00fcr Russland eingerichtet werden, und die russische F\u00fchrung m\u00fcsse zur Verantwortung gezogen werden;<\/li>\n<li>russische Gelder in Europa m\u00fcssten beschlagnahmt und an die Ukraine \u00fcbergeben werden;<\/li>\n<li>Europa sollte Schiffe kapern, die im Verdacht stehen, russische Waren zu transportieren;<\/li>\n<li>europ\u00e4ische und insbesondere taiwanesische Elektronik d\u00fcrfe nicht nach Russland gelangen;<\/li>\n<li>nach dem Waffenstillstand sollten europ\u00e4ische Truppen auf dem Territorium der Ukraine stationiert werden \u2013 Gro\u00dfbritannien und Frankreich h\u00e4tten dem bereits zugestimmt.<\/li>\n<\/ul>\n<p>Und selbstverst\u00e4ndlich &#8220;strebt die Ukraine nach Frieden&#8221;, hat aber nicht vor, den Krieg zu beenden. Es ist klar, dass die von Selenskij vorgeschlagenen Parameter des Friedensabkommens nicht nur f\u00fcr Russland, sondern auch f\u00fcr die USA inakzeptabel sind.<\/p>\n<p>Vom Thema &#8220;Frieden&#8221; mit Russland ging Selenskij dazu \u00fcber, den Europ\u00e4ern eine Lektion zu erteilen, wie sie sich ver\u00e4ndern m\u00fcssten, um ein w\u00fcrdiger Partner f\u00fcr die Ukraine zu werden, damit diese einem Beitritt zur EU zustimmt. Ja, genau so ist es \u2013 die Ukraine ist nur bereit, Teil eines &#8220;starken Europas&#8221; zu sein.<\/p>\n<p>Erstens: &#8220;Europa ben\u00f6tigt vereinte Streitkr\u00e4fte&#8221;, weil &#8220;die NATO derzeit nur dank des Vertrauens existiert&#8221;. Zweitens: Die europ\u00e4ischen L\u00e4nder sollten mehr in die Verteidigung investieren. Drittens kritisierte Selenskij die ungarische Regierung aufs Sch\u00e4rfste. Es liegt jedoch nicht an Ungarn, sondern an Selenskijs grunds\u00e4tzlicher Haltung: In Europa sollte es keine Regierungen geben, die sich f\u00fcr eine Normalisierung der Beziehungen zu Russland einsetzen und mit Selenskij nicht einverstanden seien.<\/p>\n<p>Wenn man all dies zusammenfasst, geht es um die Forderung nach einer tiefgreifenden Reform der EU, die faktisch zu einem f\u00f6deralen Staat mit stark eingeschr\u00e4nkten Rechten der nationalen Regierungen werden sollte. Im Allgemeinen ist die Idee durchaus sinnvoll \u2013 die EU in ihrer derzeitigen Form hat sich \u00fcberlebt. Seit dem Scheitern der Referenden \u00fcber die EU-Verfassung im Jahr 2005 ist genug Zeit vergangen. Nun k\u00f6nnte ein weiterer Versuch unternommen werden, zumal die Idee, sich gegen das &#8220;aggressive Russland&#8221; (China, Iran, die Antarktis und dar\u00fcber hinaus) zu stellen, gut geeignet ist, die Europ\u00e4er um Br\u00fcssel herum zu vereinen. Vor allem, wenn in Br\u00fcssel nicht die Pr\u00e4sidentin der Europ\u00e4ischen Kommission Ursula von der Leyen und nicht die EU-Au\u00dfenbeauftragte Kaja Kallas, sondern&#8230; Selenskij das Sagen h\u00e4tte. Zumindest setzt Letzterer offensichtlich darauf.<\/p>\n<p>Es klingt lustig, dass Selenskij, der den Europ\u00e4ern vorschl\u00e4gt, den Nationalstaaten innerhalb der EU ihre Souver\u00e4nit\u00e4t zu entziehen, weiterhin von der &#8220;Unabh\u00e4ngigkeit der Ukraine&#8221; spricht. Das wirkt widerspr\u00fcchlich, aber nur, wenn man nicht ber\u00fccksichtigt, dass die Ukraine das &#8220;neue Europa&#8221; anf\u00fchren solle.<\/p>\n<p>Europa ist der Ansicht, dass es in der Ukraine keinen Nationalsozialismus gebe \u2012 schlie\u00dflich sei der ukrainische Pr\u00e4sident selbst Jude. Daher stie\u00df die Formulierung &#8220;neue Weltordnung&#8221; in Selenskijs Rede kaum auf Beachtung. Das Interessanteste an Selenskijs Projekt einer neuen Weltordnung ist, dass seine Welt multipolar sein sollte. Jedenfalls sieht Selenskij Europa nur als eines von mehreren Machtzentren. Es m\u00fcsste mindestens zwei geben \u2013 das zweite w\u00e4ren die USA, obwohl Selenskij von ihnen entt\u00e4uscht sei.<\/p>\n<p>Vermutlich gibt es noch weitere Machtzentren (etwa China, da Russland aus seiner Sicht von China abh\u00e4ngig sei), deren Eind\u00e4mmung als Grund f\u00fcr andere Aspekte des vorgeschlagenen Modells angef\u00fchrt wird: Es m\u00fcsse kein globaler Markt existieren (wie k\u00f6nnte man sonst verhindern, dass taiwanesische Elektronik nach Russland gelangt \u2013 nur durch die Abschaffung internationaler Handelsplattformen), kein internationales Recht (das allerdings die USA mit ihrer Piraterie ohnehin schon aush\u00f6hlen) und offensichtlich keine internationalen Organisationen (die Ukraine ist seit langem gegen eine Mitgliedschaft Russlands im UN-Sicherheitsrat und emp\u00f6rt \u00fcber die Einladung Russlands in Trumps &#8220;Weltfriedensrat&#8221;). Und schlie\u00dflich: &#8220;Europa muss eine bessere Welt schaffen. Und nat\u00fcrlich eine Welt ohne Krieg. Dazu ben\u00f6tigt Europa jedoch die entsprechende St\u00e4rke&#8221; (Aufruf zu einem weiteren Krieg, um alle Kriege zu beenden).<\/p>\n<p>Solch eine Welt w\u00fcnscht sich der Chef des Kiewer Regimes. Die Person von Selenskij an sich ist hier kaum von Interesse \u2013 er wird wohl nicht lange durchhalten. Seine eigenen Leute werden ihn &#8220;wegfressen&#8221;. Es ist aber nicht ohne Grund, dass es ihm erlaubt wird, solche Reden zu halten \u2013 er repr\u00e4sentiert ein bestimmtes Zukunftsbild, das unter einem Teil der europ\u00e4ischen, britischen und US-amerikanischen Elite verbreitet ist.<\/p>\n<p>Die Reaktion auf Selenskijs Rede in Europa fiel jedoch unerwartet scharf aus. Am deutlichsten \u00e4u\u00dferte sich die italienische Zeitung <em>Il Fatto Quotidiano<\/em>, die seine Rede dahingehend kommentierte, dass Selenskij in die Klosch\u00fcssel spucke, aus der er selbst esse (eine interessante Vorstellung der Redaktion \u00fcber die EU im Allgemeinen und Italien im Besonderen).<\/p>\n<p>Die Reaktion der europ\u00e4ischen nichtsystemischen rechtsgerichteten Politiker ist durchaus verst\u00e4ndlich. Und dabei geht es nicht nur um den ungarischen Ministerpr\u00e4sidenten Viktor Orb\u00e1n, dem zufolge Selenskij &#8220;eine rote Linie \u00fcberschritten&#8221; habe \u2013 schlie\u00dflich war Orb\u00e1ns\u00a0Politik gegen\u00fcber dem Kiewer Regime konsequent und begann nicht erst im Jahr 2022. So \u00e4u\u00dferte sich beispielsweise der Vorsitzende der franz\u00f6sischen Partei &#8220;Die Patrioten&#8221; (Les Patriotes, LP), Florian Philippot:<\/p>\n<p>&#8220;In Davos hat Selenskij vor laufender Kamera eine richtige Hysterie inszeniert: Er hat alle beleidigt, vor allem die Europ\u00e4er, die ihn jahrelang mit Waffen und Milliarden versorgt haben!&#8221; \u00a0<\/p>\n<p>Oder Rossano Sasso, Mitglied der italienischen Abgeordnetenkammer: &#8220;Jeder bekommt den Rest. Europa, das Selenskij und seine Freunde gro\u00dfz\u00fcgig mit europ\u00e4ischen Geldern beschenkt und uns an den Rand eines Weltkriegs gebracht hat, erntet nun zu Recht Beleidigungen vom ukrainischen Regierungschef.&#8221;<\/p>\n<p>Der italienische Au\u00dfenminister Antonio Tajani warf Selenskij Undankbarkeit gegen\u00fcber den Europ\u00e4ern vor. Oder der belgische Europaabgeordnete Elio Di Rupo (\u00fcbrigens ehemaliger belgischer Premierminister): &#8220;Seine Worte sind ein Schlag ins Gesicht der Europ\u00e4er. Ein Zeichen der Verachtung f\u00fcr diejenigen, die sein Land seit vier Jahren unterst\u00fctzen.&#8221; Der iranische Au\u00dfenminister bezeichnet Selenskij sogar als &#8220;d\u00e4mlichen Clown&#8221;.<\/p>\n<p>Selbst Ursula von der Leyen reagierte mit zur\u00fcckhaltender Verwunderung auf diese Worte Selenskijs: &#8220;Ich denke, dass unsere Taten mehr sagen als Worte.&#8221; Damit antwortete sie auf Selenskijs Vorwurf, dass Europa viel rede, aber keine Taten folgen. Von der Leyen sind nat\u00fcrlich sowohl die Ukrainer als auch die Europ\u00e4er gleicherma\u00dfen egal, aber ihr politischer Instinkt sollte ihr eigentlich signalisieren, dass Selenskij seine Zukunft in ihrem Amt oder sogar auf einer noch h\u00f6heren Position sieht (in der heutigen EU gibt es zwar kein h\u00f6heres Amt, aber nach der EU-Reform k\u00f6nnte ein solches wohl geschaffen werden).<\/p>\n<p>Tats\u00e4chlich w\u00e4re ein solch einstimmiger &#8220;Chor der Kritik&#8221; am ukrainischen Pr\u00e4sidenten vor ein paar Jahren noch kaum vorstellbar gewesen. Nun jedoch verst\u00e4rken sich die Positionen der Gegner der Kriegsagenda. Daf\u00fcr gibt es mindestens drei Gr\u00fcnde.<\/p>\n<p>Erstens: Die Ukraine verschleuderte die gr\u00f6\u00dfte Milit\u00e4rhilfe in der Geschichte (die weitaus gr\u00f6\u00dfer war als die Lend-Lease-Hilfe, die die UdSSR w\u00e4hrend des Gro\u00dfen Vaterl\u00e4ndischen Krieges erhielt), ohne dass dies zu nennenswerten Ergebnissen gef\u00fchrt h\u00e4tte. Kiew kann daher die Verhandlungen nicht aus einer Position des St\u00e4rkeren f\u00fchren. Zweitens \u00e4ndert sich die \u00f6ffentliche Meinung \u2013 Umfrageergebnisse deuten darauf hin, dass die Ukraine-Unterst\u00fctzung f\u00fcr viele Europ\u00e4er zunehmend infrage gestellt wird. Drittens steht Trump Selenskij skeptisch gegen\u00fcber und strebt ein Kriegsende an \u2013 zumindest vor\u00fcbergehend.<\/p>\n<p>Die globalistischen Eliten sind nat\u00fcrlich sehr m\u00e4chtig, und die \u00f6ffentliche Meinung ist f\u00fcr sie nicht von gro\u00dfer Bedeutung\u00a0\u2012 wie diese ignoriert wurde, konnten wir am Beispiel der &#8220;Wahlen&#8221; in Moldawien und Rum\u00e4nien beobachten. Wie dem auch sei, l\u00e4uft das Spiel in Europa nicht mehr auf ein Tor hinaus \u2013 es gibt keine europ\u00e4ische Einheit mehr, was die Unterst\u00fctzung Selenskijs angeht. Und daf\u00fcr kann er sich \u00fcbrigens selbst auf die Schulter klopfen: Sogar ein naiver und fauler Europ\u00e4er, der vier Jahre lang mit F\u00fc\u00dfen getreten wurde, beginnt irgendwann zu ahnen, dass etwas nicht stimmt.<\/p>\n<p><em>\u00dcbersetzt aus dem <a rel=\"nofollow noopener\" target=\"_blank\" href=\"https:\/\/vz.ru\/world\/2026\/1\/25\/1389388.html\">Russischen<\/a>. <\/em><\/p>\n<p><em>Der Artikel ist am 25. Januar 2026 zuerst auf der Homepage der Zeitung &#8220;Wsgljad&#8221; erschienen.<\/em><\/p>\n<p><strong>Mehr zum Thema<\/strong> &#8211;\u00a0<a rel=\"nofollow noopener\" target=\"_blank\" href=\"https:\/\/freedert.online\/meinung\/268049-eu-schadensbegrenzungsprogramm-scheidung-von-den-usa-ehe-mit-russland\/\">EU-Schadensbegrenzungsprogramm \u2013 Scheidung von den USA, Ehe mit Russland?<\/a><\/p>\n<div class=\"EmbedBlock-root EmbedBlock-externalVideo EmbedBlock-rumble\">\n<div class=\"VkEmbed\"><iframe class=\"lazyload\" data-src=\"https:\/\/rumble.com\/embed\/v72k7no\" frameborder=\"0\" width=\"853\" height=\"480\" allowfullscreen><\/iframe><\/div>\n<\/div>\n<\/div>\n<p><br \/>\n<br \/><a href=\"https:\/\/de.rt.com\/international\/268457-europaeische-politiker-und-medien-empoert\/\">Source link <\/a><\/p>\n","protected":false},"excerpt":{"rendered":"<p>Nicht nur die Rede von US-Pr\u00e4sident Donald Trump in Davos, sondern auch die des Chefs des Kiewer Regimes waren pr\u00e4gende Ereignisse der vergangenen Woche. Denn Wladimir Selenskij sprach \u00fcber seine Vision einer neuen Weltordnung. Was genau hat er gesagt und warum hat diese Rede sogar Europa emp\u00f6rt? Von Wassili Stojakin Drei Jahre lang war der [&hellip;]<\/p>\n","protected":false},"author":3,"featured_media":97887,"comment_status":"open","ping_status":"open","sticky":false,"template":"","format":"standard","meta":{"_yoast_indexnow_last_ping":["1769499015"],"wp_automatic_camp":["217"],"9e9e66cb6e59e80a1d669b26aaceaf79":["Europ\u00e4ische Politiker und Medien emp\u00f6rt \u00fcber Selenskijs \u00c4u\u00dferungen"],"original_link":["https:\/\/de.rt.com\/international\/268457-europaeische-politiker-und-medien-empoert\/"],"_thumbnail_id":["97887"],"jnews_social_counter_last_update":["1777342555"],"_wptgpro_p2tg_sent2tg":["a:1:{i:23737;s:19:\"2026-01-27 09:31:25\";}"]},"categories":[19,23],"tags":[19203,765,21307,580,5679,1290,139,140],"yoast_head":"<!-- This site is optimized with the Yoast SEO Premium plugin v22.7 (Yoast SEO v22.7) - https:\/\/yoast.com\/wordpress\/plugins\/seo\/ -->\n<title>Europ\u00e4ische Politiker und Medien emp\u00f6rt \u00fcber Selenskijs \u00c4u\u00dferungen - just-now.NEWS Deutschland<\/title>\n<meta name=\"robots\" content=\"index, follow, max-snippet:-1, max-image-preview:large, max-video-preview:-1\" \/>\n<link rel=\"canonical\" href=\"https:\/\/now-news.de\/de\/deutschland\/europaeische-politiker-und-medien-empoert-ueber-selenskijs-aeusserungen\/\" \/>\n<meta property=\"og:locale\" content=\"de_DE\" \/>\n<meta property=\"og:type\" content=\"article\" \/>\n<meta property=\"og:title\" content=\"Europ\u00e4ische Politiker und Medien emp\u00f6rt \u00fcber Selenskijs \u00c4u\u00dferungen\" \/>\n<meta property=\"og:description\" content=\"Nicht nur die Rede von US-Pr\u00e4sident Donald Trump in Davos, sondern auch die des Chefs des Kiewer Regimes waren pr\u00e4gende Ereignisse der vergangenen Woche. Denn Wladimir Selenskij sprach \u00fcber seine Vision einer neuen Weltordnung. Was genau hat er gesagt und warum hat diese Rede sogar Europa emp\u00f6rt? Von Wassili Stojakin Drei Jahre lang war der [&hellip;]\" \/>\n<meta property=\"og:url\" content=\"https:\/\/now-news.de\/de\/deutschland\/europaeische-politiker-und-medien-empoert-ueber-selenskijs-aeusserungen\/\" \/>\n<meta property=\"og:site_name\" content=\"just-now.NEWS Deutschland\" \/>\n<meta property=\"article:publisher\" content=\"https:\/\/www.facebook.com\/wirmachenauf\" \/>\n<meta property=\"article:published_time\" content=\"2026-01-27T07:28:28+00:00\" \/>\n<meta property=\"og:image\" content=\"https:\/\/now-news.de\/de\/wp-content\/uploads\/sites\/3\/2026\/01\/6977c5c2b480cc3b0d515845.jpg\" \/>\n<meta name=\"author\" content=\"rtnews\" \/>\n<meta name=\"twitter:card\" content=\"summary_large_image\" \/>\n<meta name=\"twitter:creator\" content=\"@WirMachenAuf_de\" \/>\n<meta name=\"twitter:site\" content=\"@WirMachenAuf_de\" \/>\n<meta name=\"twitter:label1\" content=\"Verfasst von\" \/>\n\t<meta name=\"twitter:data1\" content=\"rtnews\" \/>\n\t<meta name=\"twitter:label2\" content=\"Gesch\u00e4tzte Lesezeit\" \/>\n\t<meta name=\"twitter:data2\" content=\"9\u00a0Minuten\" \/>\n<script type=\"application\/ld+json\" class=\"yoast-schema-graph\">{\"@context\":\"https:\/\/schema.org\",\"@graph\":[{\"@type\":\"Article\",\"@id\":\"https:\/\/now-news.de\/de\/deutschland\/europaeische-politiker-und-medien-empoert-ueber-selenskijs-aeusserungen\/#article\",\"isPartOf\":{\"@id\":\"https:\/\/now-news.de\/de\/deutschland\/europaeische-politiker-und-medien-empoert-ueber-selenskijs-aeusserungen\/\"},\"author\":{\"name\":\"rtnews\",\"@id\":\"https:\/\/now-news.de\/de\/#\/schema\/person\/fb534a4e865501d8b3285208df34a9b5\"},\"headline\":\"Europ\u00e4ische Politiker und Medien emp\u00f6rt \u00fcber Selenskijs \u00c4u\u00dferungen\",\"datePublished\":\"2026-01-27T07:28:28+00:00\",\"dateModified\":\"2026-01-27T07:28:28+00:00\",\"mainEntityOfPage\":{\"@id\":\"https:\/\/now-news.de\/de\/deutschland\/europaeische-politiker-und-medien-empoert-ueber-selenskijs-aeusserungen\/\"},\"wordCount\":1801,\"commentCount\":0,\"publisher\":{\"@id\":\"https:\/\/now-news.de\/de\/#organization\"},\"image\":{\"@id\":\"https:\/\/now-news.de\/de\/deutschland\/europaeische-politiker-und-medien-empoert-ueber-selenskijs-aeusserungen\/#primaryimage\"},\"thumbnailUrl\":\"https:\/\/now-news.de\/de\/wp-content\/uploads\/sites\/3\/2026\/01\/Europaeische-Politiker-und-Medien-empoert-ueber-Selenskijs-Aeusserungen.jpg\",\"keywords\":[\"\u00c4u\u00dferungen\",\"emp\u00f6rt\",\"europ\u00e4ische\",\"Medien\",\"Politiker\",\"Selenskijs\",\"\u00fcber\",\"und\"],\"articleSection\":[\"Deutschland\",\"Russland\"],\"inLanguage\":\"de\",\"potentialAction\":[{\"@type\":\"CommentAction\",\"name\":\"Comment\",\"target\":[\"https:\/\/now-news.de\/de\/deutschland\/europaeische-politiker-und-medien-empoert-ueber-selenskijs-aeusserungen\/#respond\"]}]},{\"@type\":\"WebPage\",\"@id\":\"https:\/\/now-news.de\/de\/deutschland\/europaeische-politiker-und-medien-empoert-ueber-selenskijs-aeusserungen\/\",\"url\":\"https:\/\/now-news.de\/de\/deutschland\/europaeische-politiker-und-medien-empoert-ueber-selenskijs-aeusserungen\/\",\"name\":\"Europ\u00e4ische Politiker und Medien emp\u00f6rt \u00fcber Selenskijs \u00c4u\u00dferungen - just-now.NEWS Deutschland\",\"isPartOf\":{\"@id\":\"https:\/\/now-news.de\/de\/#website\"},\"primaryImageOfPage\":{\"@id\":\"https:\/\/now-news.de\/de\/deutschland\/europaeische-politiker-und-medien-empoert-ueber-selenskijs-aeusserungen\/#primaryimage\"},\"image\":{\"@id\":\"https:\/\/now-news.de\/de\/deutschland\/europaeische-politiker-und-medien-empoert-ueber-selenskijs-aeusserungen\/#primaryimage\"},\"thumbnailUrl\":\"https:\/\/now-news.de\/de\/wp-content\/uploads\/sites\/3\/2026\/01\/Europaeische-Politiker-und-Medien-empoert-ueber-Selenskijs-Aeusserungen.jpg\",\"datePublished\":\"2026-01-27T07:28:28+00:00\",\"dateModified\":\"2026-01-27T07:28:28+00:00\",\"breadcrumb\":{\"@id\":\"https:\/\/now-news.de\/de\/deutschland\/europaeische-politiker-und-medien-empoert-ueber-selenskijs-aeusserungen\/#breadcrumb\"},\"inLanguage\":\"de\",\"potentialAction\":[{\"@type\":\"ReadAction\",\"target\":[\"https:\/\/now-news.de\/de\/deutschland\/europaeische-politiker-und-medien-empoert-ueber-selenskijs-aeusserungen\/\"]}]},{\"@type\":\"ImageObject\",\"inLanguage\":\"de\",\"@id\":\"https:\/\/now-news.de\/de\/deutschland\/europaeische-politiker-und-medien-empoert-ueber-selenskijs-aeusserungen\/#primaryimage\",\"url\":\"https:\/\/now-news.de\/de\/wp-content\/uploads\/sites\/3\/2026\/01\/Europaeische-Politiker-und-Medien-empoert-ueber-Selenskijs-Aeusserungen.jpg\",\"contentUrl\":\"https:\/\/now-news.de\/de\/wp-content\/uploads\/sites\/3\/2026\/01\/Europaeische-Politiker-und-Medien-empoert-ueber-Selenskijs-Aeusserungen.jpg\",\"width\":460,\"height\":259,\"caption\":\"Europ\u00e4ische Politiker und Medien emp\u00f6rt \u00fcber Selenskijs \u00c4u\u00dferungen\"},{\"@type\":\"BreadcrumbList\",\"@id\":\"https:\/\/now-news.de\/de\/deutschland\/europaeische-politiker-und-medien-empoert-ueber-selenskijs-aeusserungen\/#breadcrumb\",\"itemListElement\":[{\"@type\":\"ListItem\",\"position\":1,\"name\":\"Home\",\"item\":\"https:\/\/now-news.de\/de\/\"},{\"@type\":\"ListItem\",\"position\":2,\"name\":\"Europ\u00e4ische Politiker und Medien emp\u00f6rt \u00fcber Selenskijs \u00c4u\u00dferungen\"}]},{\"@type\":\"WebSite\",\"@id\":\"https:\/\/now-news.de\/de\/#website\",\"url\":\"https:\/\/now-news.de\/de\/\",\"name\":\"just-now.NEWS Deutschland\",\"description\":\"Das Portal f\u00fcr unzensierte Nachrichten aus der Welt\",\"publisher\":{\"@id\":\"https:\/\/now-news.de\/de\/#organization\"},\"potentialAction\":[{\"@type\":\"SearchAction\",\"target\":{\"@type\":\"EntryPoint\",\"urlTemplate\":\"https:\/\/now-news.de\/de\/?s={search_term_string}\"},\"query-input\":\"required name=search_term_string\"}],\"inLanguage\":\"de\"},{\"@type\":\"Organization\",\"@id\":\"https:\/\/now-news.de\/de\/#organization\",\"name\":\"Just Now News\",\"url\":\"https:\/\/now-news.de\/de\/\",\"logo\":{\"@type\":\"ImageObject\",\"inLanguage\":\"de\",\"@id\":\"https:\/\/now-news.de\/de\/#\/schema\/logo\/image\/\",\"url\":\"http:\/\/just-now.news\/de\/wp-content\/uploads\/sites\/3\/2022\/04\/logo500x500.jpg\",\"contentUrl\":\"http:\/\/just-now.news\/de\/wp-content\/uploads\/sites\/3\/2022\/04\/logo500x500.jpg\",\"width\":500,\"height\":500,\"caption\":\"Just Now News\"},\"image\":{\"@id\":\"https:\/\/now-news.de\/de\/#\/schema\/logo\/image\/\"},\"sameAs\":[\"https:\/\/www.facebook.com\/wirmachenauf\",\"https:\/\/x.com\/WirMachenAuf_de\"]},{\"@type\":\"Person\",\"@id\":\"https:\/\/now-news.de\/de\/#\/schema\/person\/fb534a4e865501d8b3285208df34a9b5\",\"name\":\"rtnews\",\"image\":{\"@type\":\"ImageObject\",\"inLanguage\":\"de\",\"@id\":\"https:\/\/now-news.de\/de\/#\/schema\/person\/image\/\",\"url\":\"https:\/\/secure.gravatar.com\/avatar\/82aafea7d8127119dd649515f56e2117?s=96&d=mm&r=g\",\"contentUrl\":\"https:\/\/secure.gravatar.com\/avatar\/82aafea7d8127119dd649515f56e2117?s=96&d=mm&r=g\",\"caption\":\"rtnews\"},\"url\":\"https:\/\/now-news.de\/de\/author\/rnews\/\"}]}<\/script>\n<!-- \/ Yoast SEO Premium plugin. -->","yoast_head_json":{"title":"Europ\u00e4ische Politiker und Medien emp\u00f6rt \u00fcber Selenskijs \u00c4u\u00dferungen - just-now.NEWS Deutschland","robots":{"index":"index","follow":"follow","max-snippet":"max-snippet:-1","max-image-preview":"max-image-preview:large","max-video-preview":"max-video-preview:-1"},"canonical":"https:\/\/now-news.de\/de\/deutschland\/europaeische-politiker-und-medien-empoert-ueber-selenskijs-aeusserungen\/","og_locale":"de_DE","og_type":"article","og_title":"Europ\u00e4ische Politiker und Medien emp\u00f6rt \u00fcber Selenskijs \u00c4u\u00dferungen","og_description":"Nicht nur die Rede von US-Pr\u00e4sident Donald Trump in Davos, sondern auch die des Chefs des Kiewer Regimes waren pr\u00e4gende Ereignisse der vergangenen Woche. Denn Wladimir Selenskij sprach \u00fcber seine Vision einer neuen Weltordnung. Was genau hat er gesagt und warum hat diese Rede sogar Europa emp\u00f6rt? Von Wassili Stojakin Drei Jahre lang war der [&hellip;]","og_url":"https:\/\/now-news.de\/de\/deutschland\/europaeische-politiker-und-medien-empoert-ueber-selenskijs-aeusserungen\/","og_site_name":"just-now.NEWS Deutschland","article_publisher":"https:\/\/www.facebook.com\/wirmachenauf","article_published_time":"2026-01-27T07:28:28+00:00","og_image":[{"url":"https:\/\/now-news.de\/de\/wp-content\/uploads\/sites\/3\/2026\/01\/6977c5c2b480cc3b0d515845.jpg"}],"author":"rtnews","twitter_card":"summary_large_image","twitter_creator":"@WirMachenAuf_de","twitter_site":"@WirMachenAuf_de","twitter_misc":{"Verfasst von":"rtnews","Gesch\u00e4tzte Lesezeit":"9\u00a0Minuten"},"schema":{"@context":"https:\/\/schema.org","@graph":[{"@type":"Article","@id":"https:\/\/now-news.de\/de\/deutschland\/europaeische-politiker-und-medien-empoert-ueber-selenskijs-aeusserungen\/#article","isPartOf":{"@id":"https:\/\/now-news.de\/de\/deutschland\/europaeische-politiker-und-medien-empoert-ueber-selenskijs-aeusserungen\/"},"author":{"name":"rtnews","@id":"https:\/\/now-news.de\/de\/#\/schema\/person\/fb534a4e865501d8b3285208df34a9b5"},"headline":"Europ\u00e4ische Politiker und Medien emp\u00f6rt \u00fcber Selenskijs \u00c4u\u00dferungen","datePublished":"2026-01-27T07:28:28+00:00","dateModified":"2026-01-27T07:28:28+00:00","mainEntityOfPage":{"@id":"https:\/\/now-news.de\/de\/deutschland\/europaeische-politiker-und-medien-empoert-ueber-selenskijs-aeusserungen\/"},"wordCount":1801,"commentCount":0,"publisher":{"@id":"https:\/\/now-news.de\/de\/#organization"},"image":{"@id":"https:\/\/now-news.de\/de\/deutschland\/europaeische-politiker-und-medien-empoert-ueber-selenskijs-aeusserungen\/#primaryimage"},"thumbnailUrl":"https:\/\/now-news.de\/de\/wp-content\/uploads\/sites\/3\/2026\/01\/Europaeische-Politiker-und-Medien-empoert-ueber-Selenskijs-Aeusserungen.jpg","keywords":["\u00c4u\u00dferungen","emp\u00f6rt","europ\u00e4ische","Medien","Politiker","Selenskijs","\u00fcber","und"],"articleSection":["Deutschland","Russland"],"inLanguage":"de","potentialAction":[{"@type":"CommentAction","name":"Comment","target":["https:\/\/now-news.de\/de\/deutschland\/europaeische-politiker-und-medien-empoert-ueber-selenskijs-aeusserungen\/#respond"]}]},{"@type":"WebPage","@id":"https:\/\/now-news.de\/de\/deutschland\/europaeische-politiker-und-medien-empoert-ueber-selenskijs-aeusserungen\/","url":"https:\/\/now-news.de\/de\/deutschland\/europaeische-politiker-und-medien-empoert-ueber-selenskijs-aeusserungen\/","name":"Europ\u00e4ische Politiker und Medien emp\u00f6rt \u00fcber Selenskijs \u00c4u\u00dferungen - just-now.NEWS Deutschland","isPartOf":{"@id":"https:\/\/now-news.de\/de\/#website"},"primaryImageOfPage":{"@id":"https:\/\/now-news.de\/de\/deutschland\/europaeische-politiker-und-medien-empoert-ueber-selenskijs-aeusserungen\/#primaryimage"},"image":{"@id":"https:\/\/now-news.de\/de\/deutschland\/europaeische-politiker-und-medien-empoert-ueber-selenskijs-aeusserungen\/#primaryimage"},"thumbnailUrl":"https:\/\/now-news.de\/de\/wp-content\/uploads\/sites\/3\/2026\/01\/Europaeische-Politiker-und-Medien-empoert-ueber-Selenskijs-Aeusserungen.jpg","datePublished":"2026-01-27T07:28:28+00:00","dateModified":"2026-01-27T07:28:28+00:00","breadcrumb":{"@id":"https:\/\/now-news.de\/de\/deutschland\/europaeische-politiker-und-medien-empoert-ueber-selenskijs-aeusserungen\/#breadcrumb"},"inLanguage":"de","potentialAction":[{"@type":"ReadAction","target":["https:\/\/now-news.de\/de\/deutschland\/europaeische-politiker-und-medien-empoert-ueber-selenskijs-aeusserungen\/"]}]},{"@type":"ImageObject","inLanguage":"de","@id":"https:\/\/now-news.de\/de\/deutschland\/europaeische-politiker-und-medien-empoert-ueber-selenskijs-aeusserungen\/#primaryimage","url":"https:\/\/now-news.de\/de\/wp-content\/uploads\/sites\/3\/2026\/01\/Europaeische-Politiker-und-Medien-empoert-ueber-Selenskijs-Aeusserungen.jpg","contentUrl":"https:\/\/now-news.de\/de\/wp-content\/uploads\/sites\/3\/2026\/01\/Europaeische-Politiker-und-Medien-empoert-ueber-Selenskijs-Aeusserungen.jpg","width":460,"height":259,"caption":"Europ\u00e4ische Politiker und Medien emp\u00f6rt \u00fcber Selenskijs \u00c4u\u00dferungen"},{"@type":"BreadcrumbList","@id":"https:\/\/now-news.de\/de\/deutschland\/europaeische-politiker-und-medien-empoert-ueber-selenskijs-aeusserungen\/#breadcrumb","itemListElement":[{"@type":"ListItem","position":1,"name":"Home","item":"https:\/\/now-news.de\/de\/"},{"@type":"ListItem","position":2,"name":"Europ\u00e4ische Politiker und Medien emp\u00f6rt \u00fcber Selenskijs \u00c4u\u00dferungen"}]},{"@type":"WebSite","@id":"https:\/\/now-news.de\/de\/#website","url":"https:\/\/now-news.de\/de\/","name":"just-now.NEWS Deutschland","description":"Das Portal f\u00fcr unzensierte Nachrichten aus der Welt","publisher":{"@id":"https:\/\/now-news.de\/de\/#organization"},"potentialAction":[{"@type":"SearchAction","target":{"@type":"EntryPoint","urlTemplate":"https:\/\/now-news.de\/de\/?s={search_term_string}"},"query-input":"required name=search_term_string"}],"inLanguage":"de"},{"@type":"Organization","@id":"https:\/\/now-news.de\/de\/#organization","name":"Just Now News","url":"https:\/\/now-news.de\/de\/","logo":{"@type":"ImageObject","inLanguage":"de","@id":"https:\/\/now-news.de\/de\/#\/schema\/logo\/image\/","url":"http:\/\/just-now.news\/de\/wp-content\/uploads\/sites\/3\/2022\/04\/logo500x500.jpg","contentUrl":"http:\/\/just-now.news\/de\/wp-content\/uploads\/sites\/3\/2022\/04\/logo500x500.jpg","width":500,"height":500,"caption":"Just Now News"},"image":{"@id":"https:\/\/now-news.de\/de\/#\/schema\/logo\/image\/"},"sameAs":["https:\/\/www.facebook.com\/wirmachenauf","https:\/\/x.com\/WirMachenAuf_de"]},{"@type":"Person","@id":"https:\/\/now-news.de\/de\/#\/schema\/person\/fb534a4e865501d8b3285208df34a9b5","name":"rtnews","image":{"@type":"ImageObject","inLanguage":"de","@id":"https:\/\/now-news.de\/de\/#\/schema\/person\/image\/","url":"https:\/\/secure.gravatar.com\/avatar\/82aafea7d8127119dd649515f56e2117?s=96&d=mm&r=g","contentUrl":"https:\/\/secure.gravatar.com\/avatar\/82aafea7d8127119dd649515f56e2117?s=96&d=mm&r=g","caption":"rtnews"},"url":"https:\/\/now-news.de\/de\/author\/rnews\/"}]}},"_links":{"self":[{"href":"https:\/\/now-news.de\/de\/wp-json\/wp\/v2\/posts\/97886"}],"collection":[{"href":"https:\/\/now-news.de\/de\/wp-json\/wp\/v2\/posts"}],"about":[{"href":"https:\/\/now-news.de\/de\/wp-json\/wp\/v2\/types\/post"}],"author":[{"embeddable":true,"href":"https:\/\/now-news.de\/de\/wp-json\/wp\/v2\/users\/3"}],"replies":[{"embeddable":true,"href":"https:\/\/now-news.de\/de\/wp-json\/wp\/v2\/comments?post=97886"}],"version-history":[{"count":0,"href":"https:\/\/now-news.de\/de\/wp-json\/wp\/v2\/posts\/97886\/revisions"}],"wp:featuredmedia":[{"embeddable":true,"href":"https:\/\/now-news.de\/de\/wp-json\/wp\/v2\/media\/97887"}],"wp:attachment":[{"href":"https:\/\/now-news.de\/de\/wp-json\/wp\/v2\/media?parent=97886"}],"wp:term":[{"taxonomy":"category","embeddable":true,"href":"https:\/\/now-news.de\/de\/wp-json\/wp\/v2\/categories?post=97886"},{"taxonomy":"post_tag","embeddable":true,"href":"https:\/\/now-news.de\/de\/wp-json\/wp\/v2\/tags?post=97886"}],"curies":[{"name":"wp","href":"https:\/\/api.w.org\/{rel}","templated":true}]}}