{"id":97860,"date":"2026-01-26T19:30:04","date_gmt":"2026-01-26T17:30:04","guid":{"rendered":"https:\/\/now-news.de\/de\/deutschland\/clinton-und-obama-minneapolis-sollte-fuer-die-amerikaner-ein-weckruf-sein\/"},"modified":"2026-01-26T19:30:04","modified_gmt":"2026-01-26T17:30:04","slug":"clinton-und-obama-minneapolis-sollte-fuer-die-amerikaner-ein-weckruf-sein","status":"publish","type":"post","link":"https:\/\/now-news.de\/de\/deutschland\/clinton-und-obama-minneapolis-sollte-fuer-die-amerikaner-ein-weckruf-sein\/","title":{"rendered":"Clinton und Obama: Minneapolis sollte f\u00fcr die Amerikaner ein &quot;Weckruf&quot; sein"},"content":{"rendered":"<p><img decoding=\"async\" src=\"https:\/\/now-news.de\/de\/wp-content\/uploads\/sites\/3\/2026\/01\/69778fa6b480cc0d683013f7.jpg\" \/><\/p>\n<div class=\"Text-root Text-type_1 \">\n                Zwei Ex-Pr\u00e4sidenten gegen den amtierenden US-Pr\u00e4sidenten: Bill Clinton und Barack Obama fordern die Amerikaner auf, sich von den Protesten in Minneapolis inspirieren zu lassen. Die Emp\u00f6rung \u00fcber das Verhalten der ICE-Einsatzkr\u00e4fte sei richtig. ICE-Beamte w\u00fcrden gezielt schikanieren und provozieren.\n            <\/div>\n<p><\/p>\n<div class=\"Text-root Text-type_5 ArticleView-text ViewText-root \">\n<p>Am Sonntag erhoben die ehemaligen demokratischen US-Pr\u00e4sidenten Bill Clinton und Barack Obama ihre Stimmen gegen die amtierende US-Regierung. Sie bezeichneten die Erschie\u00dfung von Alex Pretti als &#8220;Weckruf&#8221;. Dies sei ein Moment, der &#8220;unsere Geschichte f\u00fcr die kommenden Jahre pr\u00e4gen k\u00f6nnte&#8221;. Nach dem Tod von Alex Pretti an diesem Wochenende in Minneapolis seien die Amerikaner dazu aufgefordert, &#8220;ihre Stimme zu erheben&#8221; und Ma\u00dfnahmen zu ergreifen,\u00a0<a rel=\"nofollow noopener\" target=\"_blank\" href=\"https:\/\/www.nbcnews.com\/politics\/immigration\/clinton-and-obama-urge-americans-to-speak-out-rcna255860\">berichtete<\/a>\u00a0<em>NBC News<\/em> am Montag.<\/p>\n<p>Der ehemalige Pr\u00e4sident Barack Obama und die fr\u00fchere First Lady Michelle Obama bezeichneten den Tod von Alex Pretti als eine &#8220;herzzerrei\u00dfende Trag\u00f6die&#8221; und kritisierten die &#8220;beispiellosen Taktiken&#8221; des US-Heimatschutzministeriums. Auf X <a rel=\"nofollow noopener\" target=\"_blank\" href=\"https:\/\/x.com\/BarackObama\/status\/2015479691147149747\">ver\u00f6ffentlichten<\/a> sie am Sonntag:<\/p>\n<p>&#8220;Es sollte auch ein Weckruf f\u00fcr jeden Amerikaner sein, unabh\u00e4ngig von seiner Parteizugeh\u00f6rigkeit, dass viele unserer Grundwerte als Nation zunehmend angegriffen werden.&#8221;<\/p>\n<p>Die Menschen w\u00fcrden sich zu Recht \u00fcber das Verhalten der maskierten ICE-Einsatzkr\u00e4fte emp\u00f6ren. Zumal die ICE-Vertreter die Einwohner von Minneapolis gezielt schikanieren und provozieren w\u00fcrden.\u00a0Offenbar sei die Trump-Regierung bestrebt, die Situation zu eskalieren. Sie w\u00fcrden Erkl\u00e4rungen f\u00fcr die Schie\u00dfereien abgeben, die nicht auf ernsthaften Ermittlungen beruhten. Die Obamas riefen alle Amerikaner dazu auf, &#8220;sich von der Welle friedlicher Proteste in Minneapolis und anderen Teilen des Landes inspirieren zu lassen&#8221;.<\/p>\n<div class=\"EmbedBlock-root EmbedBlock-twitter\">\n<div class=\"TwitterEmbed\">\n<blockquote class=\"twitter-tweet lazyload\" data-twitter=\"twitter-tweet\">\n<p lang=\"en\" dir=\"ltr\">The killing of Alex Pretti is a heartbreaking tragedy. It should also be a wake-up call to every American, regardless of party, that many of our core values as a nation are increasingly under assault. <a rel=\"nofollow noopener\" target=\"_blank\" href=\"https:\/\/t.co\/0JmEsJ1QFW\">pic.twitter.com\/0JmEsJ1QFW<\/a><\/p>\n<p>\u2014 Barack Obama (@BarackObama) <a rel=\"nofollow noopener\" target=\"_blank\" href=\"https:\/\/twitter.com\/BarackObama\/status\/2015479691147149747?ref_src=twsrc%5Etfw\">January 25, 2026<\/a><\/p><\/blockquote>\n<\/div>\n<\/div>\n<p>Die Sprecherin des Wei\u00dfen Hauses, Abigail Jackson, kommentierte die Mitteilungen der Obamas und sagte, Obama nutze den Moment, um &#8220;weitere Spaltungen zu s\u00e4en&#8221;. In ihrer Erkl\u00e4rung hie\u00df es: &#8220;Obama sollte sich Pr\u00e4sident Trump anschlie\u00dfen und lokale demokratische Politiker \u2013 wie Walz und Frey \u2013 dazu auffordern, mit der Trump-Regierung zusammenzuarbeiten, um gef\u00e4hrliche kriminelle illegale Einwanderer aus amerikanischen Gemeinden zu entfernen.&#8221;<\/p>\n<p>&#8220;Stattdessen greifen sie die Strafverfolgungsbeh\u00f6rden an und verteidigen kriminelle illegale Einwanderer, die wegen Mordes, Vergewaltigung, K\u00f6rperverletzung und mehr verurteilt wurden.&#8221;<\/p>\n<p>Am Montag <a rel=\"nofollow noopener\" target=\"_blank\" href=\"https:\/\/www.independent.co.uk\/news\/world\/americas\/minneapolis-alex-pretti-shooting-trump-live-updates-b2907406.html\">berichtete<\/a> auch der britische <em>Independent<\/em> \u00fcber die neuesten Aufrufe der US-amerikanischen demokratischen Ex-Pr\u00e4sidenten. In der \u00dcberschrift des <em>Independent<\/em> hie\u00df es dazu: &#8220;Clinton und Obama rufen die Amerikaner dazu auf, sich gegen die Einwanderungsbeh\u00f6rde ICE zu wehren.&#8221;\u00a0Der Bericht gab Clintons Botschaft auf X wie folgt wieder:<\/p>\n<p>&#8220;Pr\u00e4sident Clinton forderte die Leser auf X auf, &#8216;zu zeigen, dass unsere Nation immer noch uns, dem Volk, geh\u00f6rt&#8217;.\u00a0Pr\u00e4sident Obama habe zudem vorgeschlagen, dass jeder Amerikaner die friedlichen Proteste in Minneapolis unterst\u00fctzen sollte.&#8221;<\/p>\n<p>Ungeachtet der Kritik von Obama und Clinton habe US-Pr\u00e4sident Donald Trump seine Unterst\u00fctzung f\u00fcr das ICE verdoppelt, kommentierte der <em>Independent<\/em>. Dabei habe Trump von den Beh\u00f6rden in Minnesota\u00a0zus\u00e4tzlich\u00a0verlangt, dass sie den Forderungen der Bundesbeh\u00f6rde nachkommen m\u00fcssten.\u00a0<\/p>\n<p>Am Sonntagabend wies Trump sowohl Gouverneur Tim Walz als auch den B\u00fcrgermeister von Minneapolis, Jacob Frey, beziehungsweise deren Beh\u00f6rden an, &#8220;alle illegalen Einwanderer&#8221; auszuliefern. In Kooperation mit den Bundesbeh\u00f6rden sollten sie die Einwanderungskontrollen versch\u00e4rfen.<\/p>\n<p>US-Pr\u00e4sident Trump habe die Demokraten f\u00fcr die Gewalt von Bundesbeamten verantwortlich gemacht, <a rel=\"nofollow noopener\" target=\"_blank\" href=\"https:\/\/time.com\/7357822\/trump-violence-blame-democrats-federal-agents-shootings-immigration-obama-clinton\/\">schrieb<\/a> das <em>Time Magazin<\/em> am Montag.\u00a0Zuvor habe die Trump-Regierung die Erschie\u00dfung von Alex Pretti durch einen ICE-Beamten\u00a0als Akt der ICE-Selbstverteidigung &#8220;geframt&#8221;. Das US-Heimatschutzministerium habe behauptet, Pretti habe sich mit einer Handfeuerwaffe den Bundesbeamten &#8220;gen\u00e4hert&#8221; und sich &#8220;gewaltsam gewehrt&#8221;.<\/p>\n<p>Der stellvertretende Stabschef des Wei\u00dfen Hauses, Stephen Miller, habe Pretti auf X als &#8220;angehenden Attent\u00e4ter&#8221; bezeichnet, der &#8220;versucht habe, einen Bundesbeamten zu ermorden&#8221;. Dabei w\u00fcrden kursierende Videos belegen, dass Pretti vor der t\u00f6dlichen Konfrontation ein Telefon in der Hand gehalten habe.<\/p>\n<p><strong>Mehr zum Thema<\/strong>\u00a0\u2012 <a rel=\"nofollow noopener\" target=\"_blank\" href=\"https:\/\/dert.online\/meinung\/267714-unruhen-in-minneapolis-vorbote-buergerkrieges\/\">Unruhen in Minneapolis: Vorbote eines B\u00fcrgerkrieges &#8220;bis zum letzten US-Amerikaner&#8221;?<\/a><\/p>\n<div class=\"EmbedBlock-root EmbedBlock-externalVideo EmbedBlock-rumble\">\n<div class=\"VkEmbed\"><iframe class=\"lazyload\" data-src=\"https:\/\/rumble.com\/embed\/v72n3js\" frameborder=\"0\" width=\"853\" height=\"480\" allowfullscreen><\/iframe><\/div>\n<\/div>\n<p>\u00a0<\/p>\n<\/div>\n<p><script async src=\"https:\/\/platform.twitter.com\/widgets.js\" charset=\"utf-8\"><\/script><br \/>\n<br \/><br \/>\n<br \/><a href=\"https:\/\/de.rt.com\/nordamerika\/268434-clinton-und-obama-amerikaner-sollen\/\">Source link <\/a><\/p>\n","protected":false},"excerpt":{"rendered":"<p>Zwei Ex-Pr\u00e4sidenten gegen den amtierenden US-Pr\u00e4sidenten: Bill Clinton und Barack Obama fordern die Amerikaner auf, sich von den Protesten in Minneapolis inspirieren zu lassen. Die Emp\u00f6rung \u00fcber das Verhalten der ICE-Einsatzkr\u00e4fte sei richtig. ICE-Beamte w\u00fcrden gezielt schikanieren und provozieren. Am Sonntag erhoben die ehemaligen demokratischen US-Pr\u00e4sidenten Bill Clinton und Barack Obama ihre Stimmen gegen die [&hellip;]<\/p>\n","protected":false},"author":3,"featured_media":97861,"comment_status":"open","ping_status":"open","sticky":false,"template":"","format":"standard","meta":{"_yoast_indexnow_last_ping":["1769448975"],"wp_automatic_camp":["217"],"604c42a037ca1be7bd86af52fd822880":["Clinton und Obama: Minneapolis sollte f\u00fcr die Amerikaner ein &quot;Weckruf&quot; sein"],"original_link":["https:\/\/de.rt.com\/nordamerika\/268434-clinton-und-obama-amerikaner-sollen\/"],"_thumbnail_id":["97861"],"jnews_social_counter_last_update":["1777594836"],"_wptgpro_p2tg_sent2tg":["a:1:{i:23737;s:19:\"2026-01-26 19:37:21\";}"]},"categories":[19,23],"tags":[8393,8714,45,357,221,22319,4902,70812,3950,3590,140],"yoast_head":"<!-- This site is optimized with the Yoast SEO Premium plugin v22.7 (Yoast SEO v22.7) - https:\/\/yoast.com\/wordpress\/plugins\/seo\/ -->\n<title>Clinton und Obama: Minneapolis sollte f\u00fcr die Amerikaner ein &quot;Weckruf&quot; sein - just-now.NEWS Deutschland<\/title>\n<meta name=\"robots\" content=\"index, follow, max-snippet:-1, max-image-preview:large, max-video-preview:-1\" \/>\n<link rel=\"canonical\" href=\"https:\/\/now-news.de\/de\/deutschland\/clinton-und-obama-minneapolis-sollte-fuer-die-amerikaner-ein-weckruf-sein\/\" \/>\n<meta property=\"og:locale\" content=\"de_DE\" \/>\n<meta property=\"og:type\" content=\"article\" \/>\n<meta property=\"og:title\" content=\"Clinton und Obama: Minneapolis sollte f\u00fcr die Amerikaner ein &quot;Weckruf&quot; sein\" \/>\n<meta property=\"og:description\" content=\"Zwei Ex-Pr\u00e4sidenten gegen den amtierenden US-Pr\u00e4sidenten: Bill Clinton und Barack Obama fordern die Amerikaner auf, sich von den Protesten in Minneapolis inspirieren zu lassen. Die Emp\u00f6rung \u00fcber das Verhalten der ICE-Einsatzkr\u00e4fte sei richtig. ICE-Beamte w\u00fcrden gezielt schikanieren und provozieren. Am Sonntag erhoben die ehemaligen demokratischen US-Pr\u00e4sidenten Bill Clinton und Barack Obama ihre Stimmen gegen die [&hellip;]\" \/>\n<meta property=\"og:url\" content=\"https:\/\/now-news.de\/de\/deutschland\/clinton-und-obama-minneapolis-sollte-fuer-die-amerikaner-ein-weckruf-sein\/\" \/>\n<meta property=\"og:site_name\" content=\"just-now.NEWS Deutschland\" \/>\n<meta property=\"article:publisher\" content=\"https:\/\/www.facebook.com\/wirmachenauf\" \/>\n<meta property=\"article:published_time\" content=\"2026-01-26T17:30:04+00:00\" \/>\n<meta property=\"og:image\" content=\"https:\/\/now-news.de\/de\/wp-content\/uploads\/sites\/3\/2026\/01\/69778fa6b480cc0d683013f7.jpg\" \/>\n<meta name=\"author\" content=\"rtnews\" \/>\n<meta name=\"twitter:card\" content=\"summary_large_image\" \/>\n<meta name=\"twitter:creator\" content=\"@WirMachenAuf_de\" \/>\n<meta name=\"twitter:site\" content=\"@WirMachenAuf_de\" \/>\n<meta name=\"twitter:label1\" content=\"Verfasst von\" \/>\n\t<meta name=\"twitter:data1\" content=\"rtnews\" \/>\n\t<meta name=\"twitter:label2\" content=\"Gesch\u00e4tzte Lesezeit\" \/>\n\t<meta name=\"twitter:data2\" content=\"3\u00a0Minuten\" \/>\n<script type=\"application\/ld+json\" class=\"yoast-schema-graph\">{\"@context\":\"https:\/\/schema.org\",\"@graph\":[{\"@type\":\"Article\",\"@id\":\"https:\/\/now-news.de\/de\/deutschland\/clinton-und-obama-minneapolis-sollte-fuer-die-amerikaner-ein-weckruf-sein\/#article\",\"isPartOf\":{\"@id\":\"https:\/\/now-news.de\/de\/deutschland\/clinton-und-obama-minneapolis-sollte-fuer-die-amerikaner-ein-weckruf-sein\/\"},\"author\":{\"name\":\"rtnews\",\"@id\":\"https:\/\/now-news.de\/de\/#\/schema\/person\/fb534a4e865501d8b3285208df34a9b5\"},\"headline\":\"Clinton und Obama: Minneapolis sollte f\u00fcr die Amerikaner ein &quot;Weckruf&quot; sein\",\"datePublished\":\"2026-01-26T17:30:04+00:00\",\"dateModified\":\"2026-01-26T17:30:04+00:00\",\"mainEntityOfPage\":{\"@id\":\"https:\/\/now-news.de\/de\/deutschland\/clinton-und-obama-minneapolis-sollte-fuer-die-amerikaner-ein-weckruf-sein\/\"},\"wordCount\":695,\"commentCount\":0,\"publisher\":{\"@id\":\"https:\/\/now-news.de\/de\/#organization\"},\"image\":{\"@id\":\"https:\/\/now-news.de\/de\/deutschland\/clinton-und-obama-minneapolis-sollte-fuer-die-amerikaner-ein-weckruf-sein\/#primaryimage\"},\"thumbnailUrl\":\"https:\/\/now-news.de\/de\/wp-content\/uploads\/sites\/3\/2026\/01\/Clinton-und-Obama-Minneapolis-sollte-fuer-die-Amerikaner-ein-quotWeckrufquot.jpg\",\"keywords\":[\"Amerikaner\",\"Clinton\",\"die\",\"ein\",\"f\u00fcr\",\"Minneapolis\",\"Obama\",\"quotWeckrufquot\",\"sein\",\"sollte\",\"und\"],\"articleSection\":[\"Deutschland\",\"Russland\"],\"inLanguage\":\"de\",\"potentialAction\":[{\"@type\":\"CommentAction\",\"name\":\"Comment\",\"target\":[\"https:\/\/now-news.de\/de\/deutschland\/clinton-und-obama-minneapolis-sollte-fuer-die-amerikaner-ein-weckruf-sein\/#respond\"]}]},{\"@type\":\"WebPage\",\"@id\":\"https:\/\/now-news.de\/de\/deutschland\/clinton-und-obama-minneapolis-sollte-fuer-die-amerikaner-ein-weckruf-sein\/\",\"url\":\"https:\/\/now-news.de\/de\/deutschland\/clinton-und-obama-minneapolis-sollte-fuer-die-amerikaner-ein-weckruf-sein\/\",\"name\":\"Clinton und Obama: Minneapolis sollte f\u00fcr die Amerikaner ein &quot;Weckruf&quot; sein - just-now.NEWS Deutschland\",\"isPartOf\":{\"@id\":\"https:\/\/now-news.de\/de\/#website\"},\"primaryImageOfPage\":{\"@id\":\"https:\/\/now-news.de\/de\/deutschland\/clinton-und-obama-minneapolis-sollte-fuer-die-amerikaner-ein-weckruf-sein\/#primaryimage\"},\"image\":{\"@id\":\"https:\/\/now-news.de\/de\/deutschland\/clinton-und-obama-minneapolis-sollte-fuer-die-amerikaner-ein-weckruf-sein\/#primaryimage\"},\"thumbnailUrl\":\"https:\/\/now-news.de\/de\/wp-content\/uploads\/sites\/3\/2026\/01\/Clinton-und-Obama-Minneapolis-sollte-fuer-die-Amerikaner-ein-quotWeckrufquot.jpg\",\"datePublished\":\"2026-01-26T17:30:04+00:00\",\"dateModified\":\"2026-01-26T17:30:04+00:00\",\"breadcrumb\":{\"@id\":\"https:\/\/now-news.de\/de\/deutschland\/clinton-und-obama-minneapolis-sollte-fuer-die-amerikaner-ein-weckruf-sein\/#breadcrumb\"},\"inLanguage\":\"de\",\"potentialAction\":[{\"@type\":\"ReadAction\",\"target\":[\"https:\/\/now-news.de\/de\/deutschland\/clinton-und-obama-minneapolis-sollte-fuer-die-amerikaner-ein-weckruf-sein\/\"]}]},{\"@type\":\"ImageObject\",\"inLanguage\":\"de\",\"@id\":\"https:\/\/now-news.de\/de\/deutschland\/clinton-und-obama-minneapolis-sollte-fuer-die-amerikaner-ein-weckruf-sein\/#primaryimage\",\"url\":\"https:\/\/now-news.de\/de\/wp-content\/uploads\/sites\/3\/2026\/01\/Clinton-und-Obama-Minneapolis-sollte-fuer-die-Amerikaner-ein-quotWeckrufquot.jpg\",\"contentUrl\":\"https:\/\/now-news.de\/de\/wp-content\/uploads\/sites\/3\/2026\/01\/Clinton-und-Obama-Minneapolis-sollte-fuer-die-Amerikaner-ein-quotWeckrufquot.jpg\",\"width\":460,\"height\":259,\"caption\":\"Clinton und Obama: Minneapolis sollte f\u00fcr die Amerikaner ein &quot;Weckruf&quot; sein\"},{\"@type\":\"BreadcrumbList\",\"@id\":\"https:\/\/now-news.de\/de\/deutschland\/clinton-und-obama-minneapolis-sollte-fuer-die-amerikaner-ein-weckruf-sein\/#breadcrumb\",\"itemListElement\":[{\"@type\":\"ListItem\",\"position\":1,\"name\":\"Home\",\"item\":\"https:\/\/now-news.de\/de\/\"},{\"@type\":\"ListItem\",\"position\":2,\"name\":\"Clinton und Obama: Minneapolis sollte f\u00fcr die Amerikaner ein &quot;Weckruf&quot; sein\"}]},{\"@type\":\"WebSite\",\"@id\":\"https:\/\/now-news.de\/de\/#website\",\"url\":\"https:\/\/now-news.de\/de\/\",\"name\":\"just-now.NEWS Deutschland\",\"description\":\"Das Portal f\u00fcr unzensierte Nachrichten aus der Welt\",\"publisher\":{\"@id\":\"https:\/\/now-news.de\/de\/#organization\"},\"potentialAction\":[{\"@type\":\"SearchAction\",\"target\":{\"@type\":\"EntryPoint\",\"urlTemplate\":\"https:\/\/now-news.de\/de\/?s={search_term_string}\"},\"query-input\":\"required name=search_term_string\"}],\"inLanguage\":\"de\"},{\"@type\":\"Organization\",\"@id\":\"https:\/\/now-news.de\/de\/#organization\",\"name\":\"Just Now News\",\"url\":\"https:\/\/now-news.de\/de\/\",\"logo\":{\"@type\":\"ImageObject\",\"inLanguage\":\"de\",\"@id\":\"https:\/\/now-news.de\/de\/#\/schema\/logo\/image\/\",\"url\":\"http:\/\/just-now.news\/de\/wp-content\/uploads\/sites\/3\/2022\/04\/logo500x500.jpg\",\"contentUrl\":\"http:\/\/just-now.news\/de\/wp-content\/uploads\/sites\/3\/2022\/04\/logo500x500.jpg\",\"width\":500,\"height\":500,\"caption\":\"Just Now News\"},\"image\":{\"@id\":\"https:\/\/now-news.de\/de\/#\/schema\/logo\/image\/\"},\"sameAs\":[\"https:\/\/www.facebook.com\/wirmachenauf\",\"https:\/\/x.com\/WirMachenAuf_de\"]},{\"@type\":\"Person\",\"@id\":\"https:\/\/now-news.de\/de\/#\/schema\/person\/fb534a4e865501d8b3285208df34a9b5\",\"name\":\"rtnews\",\"image\":{\"@type\":\"ImageObject\",\"inLanguage\":\"de\",\"@id\":\"https:\/\/now-news.de\/de\/#\/schema\/person\/image\/\",\"url\":\"https:\/\/secure.gravatar.com\/avatar\/82aafea7d8127119dd649515f56e2117?s=96&d=mm&r=g\",\"contentUrl\":\"https:\/\/secure.gravatar.com\/avatar\/82aafea7d8127119dd649515f56e2117?s=96&d=mm&r=g\",\"caption\":\"rtnews\"},\"url\":\"https:\/\/now-news.de\/de\/author\/rnews\/\"}]}<\/script>\n<!-- \/ Yoast SEO Premium plugin. -->","yoast_head_json":{"title":"Clinton und Obama: Minneapolis sollte f\u00fcr die Amerikaner ein &quot;Weckruf&quot; sein - just-now.NEWS Deutschland","robots":{"index":"index","follow":"follow","max-snippet":"max-snippet:-1","max-image-preview":"max-image-preview:large","max-video-preview":"max-video-preview:-1"},"canonical":"https:\/\/now-news.de\/de\/deutschland\/clinton-und-obama-minneapolis-sollte-fuer-die-amerikaner-ein-weckruf-sein\/","og_locale":"de_DE","og_type":"article","og_title":"Clinton und Obama: Minneapolis sollte f\u00fcr die Amerikaner ein &quot;Weckruf&quot; sein","og_description":"Zwei Ex-Pr\u00e4sidenten gegen den amtierenden US-Pr\u00e4sidenten: Bill Clinton und Barack Obama fordern die Amerikaner auf, sich von den Protesten in Minneapolis inspirieren zu lassen. Die Emp\u00f6rung \u00fcber das Verhalten der ICE-Einsatzkr\u00e4fte sei richtig. ICE-Beamte w\u00fcrden gezielt schikanieren und provozieren. Am Sonntag erhoben die ehemaligen demokratischen US-Pr\u00e4sidenten Bill Clinton und Barack Obama ihre Stimmen gegen die [&hellip;]","og_url":"https:\/\/now-news.de\/de\/deutschland\/clinton-und-obama-minneapolis-sollte-fuer-die-amerikaner-ein-weckruf-sein\/","og_site_name":"just-now.NEWS Deutschland","article_publisher":"https:\/\/www.facebook.com\/wirmachenauf","article_published_time":"2026-01-26T17:30:04+00:00","og_image":[{"url":"https:\/\/now-news.de\/de\/wp-content\/uploads\/sites\/3\/2026\/01\/69778fa6b480cc0d683013f7.jpg"}],"author":"rtnews","twitter_card":"summary_large_image","twitter_creator":"@WirMachenAuf_de","twitter_site":"@WirMachenAuf_de","twitter_misc":{"Verfasst von":"rtnews","Gesch\u00e4tzte Lesezeit":"3\u00a0Minuten"},"schema":{"@context":"https:\/\/schema.org","@graph":[{"@type":"Article","@id":"https:\/\/now-news.de\/de\/deutschland\/clinton-und-obama-minneapolis-sollte-fuer-die-amerikaner-ein-weckruf-sein\/#article","isPartOf":{"@id":"https:\/\/now-news.de\/de\/deutschland\/clinton-und-obama-minneapolis-sollte-fuer-die-amerikaner-ein-weckruf-sein\/"},"author":{"name":"rtnews","@id":"https:\/\/now-news.de\/de\/#\/schema\/person\/fb534a4e865501d8b3285208df34a9b5"},"headline":"Clinton und Obama: Minneapolis sollte f\u00fcr die Amerikaner ein &quot;Weckruf&quot; sein","datePublished":"2026-01-26T17:30:04+00:00","dateModified":"2026-01-26T17:30:04+00:00","mainEntityOfPage":{"@id":"https:\/\/now-news.de\/de\/deutschland\/clinton-und-obama-minneapolis-sollte-fuer-die-amerikaner-ein-weckruf-sein\/"},"wordCount":695,"commentCount":0,"publisher":{"@id":"https:\/\/now-news.de\/de\/#organization"},"image":{"@id":"https:\/\/now-news.de\/de\/deutschland\/clinton-und-obama-minneapolis-sollte-fuer-die-amerikaner-ein-weckruf-sein\/#primaryimage"},"thumbnailUrl":"https:\/\/now-news.de\/de\/wp-content\/uploads\/sites\/3\/2026\/01\/Clinton-und-Obama-Minneapolis-sollte-fuer-die-Amerikaner-ein-quotWeckrufquot.jpg","keywords":["Amerikaner","Clinton","die","ein","f\u00fcr","Minneapolis","Obama","quotWeckrufquot","sein","sollte","und"],"articleSection":["Deutschland","Russland"],"inLanguage":"de","potentialAction":[{"@type":"CommentAction","name":"Comment","target":["https:\/\/now-news.de\/de\/deutschland\/clinton-und-obama-minneapolis-sollte-fuer-die-amerikaner-ein-weckruf-sein\/#respond"]}]},{"@type":"WebPage","@id":"https:\/\/now-news.de\/de\/deutschland\/clinton-und-obama-minneapolis-sollte-fuer-die-amerikaner-ein-weckruf-sein\/","url":"https:\/\/now-news.de\/de\/deutschland\/clinton-und-obama-minneapolis-sollte-fuer-die-amerikaner-ein-weckruf-sein\/","name":"Clinton und Obama: Minneapolis sollte f\u00fcr die Amerikaner ein &quot;Weckruf&quot; sein - just-now.NEWS Deutschland","isPartOf":{"@id":"https:\/\/now-news.de\/de\/#website"},"primaryImageOfPage":{"@id":"https:\/\/now-news.de\/de\/deutschland\/clinton-und-obama-minneapolis-sollte-fuer-die-amerikaner-ein-weckruf-sein\/#primaryimage"},"image":{"@id":"https:\/\/now-news.de\/de\/deutschland\/clinton-und-obama-minneapolis-sollte-fuer-die-amerikaner-ein-weckruf-sein\/#primaryimage"},"thumbnailUrl":"https:\/\/now-news.de\/de\/wp-content\/uploads\/sites\/3\/2026\/01\/Clinton-und-Obama-Minneapolis-sollte-fuer-die-Amerikaner-ein-quotWeckrufquot.jpg","datePublished":"2026-01-26T17:30:04+00:00","dateModified":"2026-01-26T17:30:04+00:00","breadcrumb":{"@id":"https:\/\/now-news.de\/de\/deutschland\/clinton-und-obama-minneapolis-sollte-fuer-die-amerikaner-ein-weckruf-sein\/#breadcrumb"},"inLanguage":"de","potentialAction":[{"@type":"ReadAction","target":["https:\/\/now-news.de\/de\/deutschland\/clinton-und-obama-minneapolis-sollte-fuer-die-amerikaner-ein-weckruf-sein\/"]}]},{"@type":"ImageObject","inLanguage":"de","@id":"https:\/\/now-news.de\/de\/deutschland\/clinton-und-obama-minneapolis-sollte-fuer-die-amerikaner-ein-weckruf-sein\/#primaryimage","url":"https:\/\/now-news.de\/de\/wp-content\/uploads\/sites\/3\/2026\/01\/Clinton-und-Obama-Minneapolis-sollte-fuer-die-Amerikaner-ein-quotWeckrufquot.jpg","contentUrl":"https:\/\/now-news.de\/de\/wp-content\/uploads\/sites\/3\/2026\/01\/Clinton-und-Obama-Minneapolis-sollte-fuer-die-Amerikaner-ein-quotWeckrufquot.jpg","width":460,"height":259,"caption":"Clinton und Obama: Minneapolis sollte f\u00fcr die Amerikaner ein &quot;Weckruf&quot; sein"},{"@type":"BreadcrumbList","@id":"https:\/\/now-news.de\/de\/deutschland\/clinton-und-obama-minneapolis-sollte-fuer-die-amerikaner-ein-weckruf-sein\/#breadcrumb","itemListElement":[{"@type":"ListItem","position":1,"name":"Home","item":"https:\/\/now-news.de\/de\/"},{"@type":"ListItem","position":2,"name":"Clinton und Obama: Minneapolis sollte f\u00fcr die Amerikaner ein &quot;Weckruf&quot; sein"}]},{"@type":"WebSite","@id":"https:\/\/now-news.de\/de\/#website","url":"https:\/\/now-news.de\/de\/","name":"just-now.NEWS Deutschland","description":"Das Portal f\u00fcr unzensierte Nachrichten aus der Welt","publisher":{"@id":"https:\/\/now-news.de\/de\/#organization"},"potentialAction":[{"@type":"SearchAction","target":{"@type":"EntryPoint","urlTemplate":"https:\/\/now-news.de\/de\/?s={search_term_string}"},"query-input":"required name=search_term_string"}],"inLanguage":"de"},{"@type":"Organization","@id":"https:\/\/now-news.de\/de\/#organization","name":"Just Now News","url":"https:\/\/now-news.de\/de\/","logo":{"@type":"ImageObject","inLanguage":"de","@id":"https:\/\/now-news.de\/de\/#\/schema\/logo\/image\/","url":"http:\/\/just-now.news\/de\/wp-content\/uploads\/sites\/3\/2022\/04\/logo500x500.jpg","contentUrl":"http:\/\/just-now.news\/de\/wp-content\/uploads\/sites\/3\/2022\/04\/logo500x500.jpg","width":500,"height":500,"caption":"Just Now News"},"image":{"@id":"https:\/\/now-news.de\/de\/#\/schema\/logo\/image\/"},"sameAs":["https:\/\/www.facebook.com\/wirmachenauf","https:\/\/x.com\/WirMachenAuf_de"]},{"@type":"Person","@id":"https:\/\/now-news.de\/de\/#\/schema\/person\/fb534a4e865501d8b3285208df34a9b5","name":"rtnews","image":{"@type":"ImageObject","inLanguage":"de","@id":"https:\/\/now-news.de\/de\/#\/schema\/person\/image\/","url":"https:\/\/secure.gravatar.com\/avatar\/82aafea7d8127119dd649515f56e2117?s=96&d=mm&r=g","contentUrl":"https:\/\/secure.gravatar.com\/avatar\/82aafea7d8127119dd649515f56e2117?s=96&d=mm&r=g","caption":"rtnews"},"url":"https:\/\/now-news.de\/de\/author\/rnews\/"}]}},"_links":{"self":[{"href":"https:\/\/now-news.de\/de\/wp-json\/wp\/v2\/posts\/97860"}],"collection":[{"href":"https:\/\/now-news.de\/de\/wp-json\/wp\/v2\/posts"}],"about":[{"href":"https:\/\/now-news.de\/de\/wp-json\/wp\/v2\/types\/post"}],"author":[{"embeddable":true,"href":"https:\/\/now-news.de\/de\/wp-json\/wp\/v2\/users\/3"}],"replies":[{"embeddable":true,"href":"https:\/\/now-news.de\/de\/wp-json\/wp\/v2\/comments?post=97860"}],"version-history":[{"count":0,"href":"https:\/\/now-news.de\/de\/wp-json\/wp\/v2\/posts\/97860\/revisions"}],"wp:featuredmedia":[{"embeddable":true,"href":"https:\/\/now-news.de\/de\/wp-json\/wp\/v2\/media\/97861"}],"wp:attachment":[{"href":"https:\/\/now-news.de\/de\/wp-json\/wp\/v2\/media?parent=97860"}],"wp:term":[{"taxonomy":"category","embeddable":true,"href":"https:\/\/now-news.de\/de\/wp-json\/wp\/v2\/categories?post=97860"},{"taxonomy":"post_tag","embeddable":true,"href":"https:\/\/now-news.de\/de\/wp-json\/wp\/v2\/tags?post=97860"}],"curies":[{"name":"wp","href":"https:\/\/api.w.org\/{rel}","templated":true}]}}