{"id":97858,"date":"2026-01-26T19:12:53","date_gmt":"2026-01-26T17:12:53","guid":{"rendered":"https:\/\/now-news.de\/de\/deutschland\/gefaehrliche-autobahnblockaden-bei-bremen-sind-ein-raetsel-klimaterroristen\/"},"modified":"2026-01-26T19:12:53","modified_gmt":"2026-01-26T17:12:53","slug":"gefaehrliche-autobahnblockaden-bei-bremen-sind-ein-raetsel-klimaterroristen","status":"publish","type":"post","link":"https:\/\/now-news.de\/de\/deutschland\/gefaehrliche-autobahnblockaden-bei-bremen-sind-ein-raetsel-klimaterroristen\/","title":{"rendered":"Gef\u00e4hrliche Autobahnblockaden bei Bremen sind ein R\u00e4tsel \u2013 Klimaterroristen?"},"content":{"rendered":"<p><img decoding=\"async\" src=\"https:\/\/now-news.de\/de\/wp-content\/uploads\/sites\/3\/2026\/01\/697789f7b480cc0e19514e48.jpg\" \/><\/p>\n<div class=\"Text-root Text-type_1 \">\n                Mitten in der Nacht steht auf einer Autobahn ein schwarzer Sattelaufleger quer \u00fcber die gesamte Fahrbahn. So geschehen in der Nacht zum vergangenen Samstag in Bremen. Es ist reiner Zufall, dass kein Kleinwagen gegen das Hindernis rauschte.\n            <\/div>\n<p><\/p>\n<div class=\"Text-root Text-type_5 ArticleView-text ViewText-root \">\n<p>Inzwischen sollen es drei F\u00e4lle sein. Jedesmal wurde die A281 blockiert, eine insgesamt nur elf Kilometer lange Autobahnstrecke, Teil einer geplanten Ringautobahn um Bremen. Bisher dient sie vor allem als Zubringer zum Industriehafen.<\/p>\n<p>Zuletzt in der Nacht von 23. auf 24. Januar wurde dieses Autobahnst\u00fcck blockiert. Ein vermutlich gestohlener schwarz lackierter Sattelaufleger wurde quer \u00fcber beide Fahrbahnen und den Seitenstreifen gestellt. Das in der Dunkelheit sehr schwer erkennbare Hindernis wurde von der Polizei als lebensgef\u00e4hrdend eingesch\u00e4tzt, weshalb wegen eines versuchten T\u00f6tungsdelikts ermittelt wird. Tats\u00e4chlich hatte der LKW-Fahrer, der die Blockade am Samstag meldete, erst in letzter Sekunde bremsen k\u00f6nnen.<\/p>\n<p>&#8220;Der schwarze, unbeladene Anh\u00e4nger wurde nicht durch einen Unfall auf der Bahn platziert, sondern gezielt und mit mehreren Arbeitsschritten auf der Autobahn positioniert. Daf\u00fcr braucht es eine PS-starke Zugmaschine, ein normales Fahrzeug reicht nicht aus&#8221;, erkl\u00e4rte Polizeisprecher Nils Matthiesen gegen\u00fcber <em>Bild<\/em>.<\/p>\n<p>In der selben Nacht soll nach Meldung des <em>NDR<\/em> ein weiterer Sattelaufleger quergestellt worden sein; vermutlich auf ebendieser A 281. Schon am 21. Dezember hatte es dort einen \u00e4hnlichen Vorfall gegeben \u2013 ein kompletter gestohlener Zw\u00f6lftonner hatte die Fahrbahn blockiert.<\/p>\n<p>Bisher ist v\u00f6llig unklar, wer warum die Autobahn blockiert hat. Auch wenn der Bremer Industriehafen durchaus eine Rolle beispielsweise bei Lieferungen von R\u00fcstungsg\u00fctern spielt, ist eine Blockade der Autobahn doch etwas zu unspezifisch, um sich dagegen zu richten. Wahrscheinlicher w\u00e4re wieder eine Aktion von &#8220;Klimasch\u00fctzern&#8221;. Allerdings gibt es bisher, entgegen der in solchen Kreisen \u00fcblichen Verfahrensweise, noch kein Bekennerschreiben.<\/p>\n<p>Auch Bremen ist der bisherigen Zur\u00fcckhaltung im Umgang mit radikalen &#8220;Klimasch\u00fctzern&#8221; gefolgt. Vor ziemlich genau einem Jahr, am 27.01.2025, war eine Gruppe von Klimaklebern in Bremen vom Vorwurf der N\u00f6tigung freigesprochen worden, mit der Begr\u00fcndung, es h\u00e4tte genug Platz gegeben, dass Autofahrer sie h\u00e4tten umfahren k\u00f6nnen. Sieben Aktivisten hatten sich damals am Asphalt festgeklebt. Allerdings belegen die <a rel=\"nofollow noopener\" target=\"_blank\" href=\"https:\/\/www.butenunbinnen.de\/nachrichten\/klimaaktivisten-prozess-amtsgericht-bremen-100.html\">Fotos<\/a> von dieser Aktion, dass ein Umfahren dieser Gruppe wenn nicht von dieser selbst, so auf jeden Fall von der umstehenden Polizei verhindert wurde.<\/p>\n<p>Zur Aufkl\u00e4rung der Autobahnblockaden wurde jetzt bei der Bremer Polizei eine Ermittlungsgruppe gebildet. Der Staatsschutz soll bisher in Bremen nicht eingeschaltet worden sein.<\/p>\n<p><strong>Mehr zum Thema &#8211;<\/strong>\u00a0<a rel=\"nofollow noopener\" target=\"_blank\" href=\"https:\/\/freedert.online\/meinung\/255420-setzen-herrschenden-eliten-ihre-demokratie\/\">Skandal-Urteil gegen Bildk\u00fcnstler Bauer: Wie die Justiz den Staat vor den B\u00fcrgern sch\u00fctzt <\/a><\/p>\n<div class=\"EmbedBlock-root EmbedBlock-externalVideo EmbedBlock-rumble\">\n<div class=\"VkEmbed\"><iframe class=\"lazyload\" data-src=\"https:\/\/rumble.com\/embed\/v71ry3s\" frameborder=\"0\" width=\"853\" height=\"480\" allowfullscreen><\/iframe><\/div>\n<\/div>\n<\/div>\n<p><br \/>\n<br \/><a href=\"https:\/\/de.rt.com\/inland\/268437-gefaehrliche-autobahnblockaden-bei-bremen-sind\/\">Source link <\/a><\/p>\n","protected":false},"excerpt":{"rendered":"<p>Mitten in der Nacht steht auf einer Autobahn ein schwarzer Sattelaufleger quer \u00fcber die gesamte Fahrbahn. So geschehen in der Nacht zum vergangenen Samstag in Bremen. Es ist reiner Zufall, dass kein Kleinwagen gegen das Hindernis rauschte. Inzwischen sollen es drei F\u00e4lle sein. Jedesmal wurde die A281 blockiert, eine insgesamt nur elf Kilometer lange Autobahnstrecke, [&hellip;]<\/p>\n","protected":false},"author":3,"featured_media":97859,"comment_status":"open","ping_status":"open","sticky":false,"template":"","format":"standard","meta":{"_yoast_indexnow_last_ping":["1769448014"],"wp_automatic_camp":["217"],"64b1eb309fc5a7e50d787d57d574754b":["Gef\u00e4hrliche Autobahnblockaden bei Bremen sind ein R\u00e4tsel \u2013 Klimaterroristen?"],"original_link":["https:\/\/de.rt.com\/inland\/268437-gefaehrliche-autobahnblockaden-bei-bremen-sind\/"],"_thumbnail_id":["97859"],"jnews_social_counter_last_update":["1777214896"],"_wptgpro_p2tg_sent2tg":["a:1:{i:23737;s:19:\"2026-01-26 19:21:15\";}"]},"categories":[19,23],"tags":[70810,363,40004,357,23365,70811,23905,1046],"yoast_head":"<!-- This site is optimized with the Yoast SEO Premium plugin v22.7 (Yoast SEO v22.7) - https:\/\/yoast.com\/wordpress\/plugins\/seo\/ -->\n<title>Gef\u00e4hrliche Autobahnblockaden bei Bremen sind ein R\u00e4tsel \u2013 Klimaterroristen? - just-now.NEWS Deutschland<\/title>\n<meta name=\"robots\" content=\"index, follow, max-snippet:-1, max-image-preview:large, max-video-preview:-1\" \/>\n<link rel=\"canonical\" href=\"https:\/\/now-news.de\/de\/deutschland\/gefaehrliche-autobahnblockaden-bei-bremen-sind-ein-raetsel-klimaterroristen\/\" \/>\n<meta property=\"og:locale\" content=\"de_DE\" \/>\n<meta property=\"og:type\" content=\"article\" \/>\n<meta property=\"og:title\" content=\"Gef\u00e4hrliche Autobahnblockaden bei Bremen sind ein R\u00e4tsel \u2013 Klimaterroristen?\" \/>\n<meta property=\"og:description\" content=\"Mitten in der Nacht steht auf einer Autobahn ein schwarzer Sattelaufleger quer \u00fcber die gesamte Fahrbahn. So geschehen in der Nacht zum vergangenen Samstag in Bremen. Es ist reiner Zufall, dass kein Kleinwagen gegen das Hindernis rauschte. Inzwischen sollen es drei F\u00e4lle sein. Jedesmal wurde die A281 blockiert, eine insgesamt nur elf Kilometer lange Autobahnstrecke, [&hellip;]\" \/>\n<meta property=\"og:url\" content=\"https:\/\/now-news.de\/de\/deutschland\/gefaehrliche-autobahnblockaden-bei-bremen-sind-ein-raetsel-klimaterroristen\/\" \/>\n<meta property=\"og:site_name\" content=\"just-now.NEWS Deutschland\" \/>\n<meta property=\"article:publisher\" content=\"https:\/\/www.facebook.com\/wirmachenauf\" \/>\n<meta property=\"article:published_time\" content=\"2026-01-26T17:12:53+00:00\" \/>\n<meta property=\"og:image\" content=\"https:\/\/now-news.de\/de\/wp-content\/uploads\/sites\/3\/2026\/01\/697789f7b480cc0e19514e48.jpg\" \/>\n<meta name=\"author\" content=\"rtnews\" \/>\n<meta name=\"twitter:card\" content=\"summary_large_image\" \/>\n<meta name=\"twitter:creator\" content=\"@WirMachenAuf_de\" \/>\n<meta name=\"twitter:site\" content=\"@WirMachenAuf_de\" \/>\n<meta name=\"twitter:label1\" content=\"Verfasst von\" \/>\n\t<meta name=\"twitter:data1\" content=\"rtnews\" \/>\n\t<meta name=\"twitter:label2\" content=\"Gesch\u00e4tzte Lesezeit\" \/>\n\t<meta name=\"twitter:data2\" content=\"2\u00a0Minuten\" \/>\n<script type=\"application\/ld+json\" class=\"yoast-schema-graph\">{\"@context\":\"https:\/\/schema.org\",\"@graph\":[{\"@type\":\"Article\",\"@id\":\"https:\/\/now-news.de\/de\/deutschland\/gefaehrliche-autobahnblockaden-bei-bremen-sind-ein-raetsel-klimaterroristen\/#article\",\"isPartOf\":{\"@id\":\"https:\/\/now-news.de\/de\/deutschland\/gefaehrliche-autobahnblockaden-bei-bremen-sind-ein-raetsel-klimaterroristen\/\"},\"author\":{\"name\":\"rtnews\",\"@id\":\"https:\/\/now-news.de\/de\/#\/schema\/person\/fb534a4e865501d8b3285208df34a9b5\"},\"headline\":\"Gef\u00e4hrliche Autobahnblockaden bei Bremen sind ein R\u00e4tsel \u2013 Klimaterroristen?\",\"datePublished\":\"2026-01-26T17:12:53+00:00\",\"dateModified\":\"2026-01-26T17:12:53+00:00\",\"mainEntityOfPage\":{\"@id\":\"https:\/\/now-news.de\/de\/deutschland\/gefaehrliche-autobahnblockaden-bei-bremen-sind-ein-raetsel-klimaterroristen\/\"},\"wordCount\":432,\"commentCount\":0,\"publisher\":{\"@id\":\"https:\/\/now-news.de\/de\/#organization\"},\"image\":{\"@id\":\"https:\/\/now-news.de\/de\/deutschland\/gefaehrliche-autobahnblockaden-bei-bremen-sind-ein-raetsel-klimaterroristen\/#primaryimage\"},\"thumbnailUrl\":\"https:\/\/now-news.de\/de\/wp-content\/uploads\/sites\/3\/2026\/01\/Gefaehrliche-Autobahnblockaden-bei-Bremen-sind-ein-Raetsel-\u2013-Klimaterroristen.jpg\",\"keywords\":[\"Autobahnblockaden\",\"bei\",\"Bremen\",\"ein\",\"Gef\u00e4hrliche\",\"Klimaterroristen\",\"R\u00e4tsel\",\"sind\"],\"articleSection\":[\"Deutschland\",\"Russland\"],\"inLanguage\":\"de\",\"potentialAction\":[{\"@type\":\"CommentAction\",\"name\":\"Comment\",\"target\":[\"https:\/\/now-news.de\/de\/deutschland\/gefaehrliche-autobahnblockaden-bei-bremen-sind-ein-raetsel-klimaterroristen\/#respond\"]}]},{\"@type\":\"WebPage\",\"@id\":\"https:\/\/now-news.de\/de\/deutschland\/gefaehrliche-autobahnblockaden-bei-bremen-sind-ein-raetsel-klimaterroristen\/\",\"url\":\"https:\/\/now-news.de\/de\/deutschland\/gefaehrliche-autobahnblockaden-bei-bremen-sind-ein-raetsel-klimaterroristen\/\",\"name\":\"Gef\u00e4hrliche Autobahnblockaden bei Bremen sind ein R\u00e4tsel \u2013 Klimaterroristen? - just-now.NEWS Deutschland\",\"isPartOf\":{\"@id\":\"https:\/\/now-news.de\/de\/#website\"},\"primaryImageOfPage\":{\"@id\":\"https:\/\/now-news.de\/de\/deutschland\/gefaehrliche-autobahnblockaden-bei-bremen-sind-ein-raetsel-klimaterroristen\/#primaryimage\"},\"image\":{\"@id\":\"https:\/\/now-news.de\/de\/deutschland\/gefaehrliche-autobahnblockaden-bei-bremen-sind-ein-raetsel-klimaterroristen\/#primaryimage\"},\"thumbnailUrl\":\"https:\/\/now-news.de\/de\/wp-content\/uploads\/sites\/3\/2026\/01\/Gefaehrliche-Autobahnblockaden-bei-Bremen-sind-ein-Raetsel-\u2013-Klimaterroristen.jpg\",\"datePublished\":\"2026-01-26T17:12:53+00:00\",\"dateModified\":\"2026-01-26T17:12:53+00:00\",\"breadcrumb\":{\"@id\":\"https:\/\/now-news.de\/de\/deutschland\/gefaehrliche-autobahnblockaden-bei-bremen-sind-ein-raetsel-klimaterroristen\/#breadcrumb\"},\"inLanguage\":\"de\",\"potentialAction\":[{\"@type\":\"ReadAction\",\"target\":[\"https:\/\/now-news.de\/de\/deutschland\/gefaehrliche-autobahnblockaden-bei-bremen-sind-ein-raetsel-klimaterroristen\/\"]}]},{\"@type\":\"ImageObject\",\"inLanguage\":\"de\",\"@id\":\"https:\/\/now-news.de\/de\/deutschland\/gefaehrliche-autobahnblockaden-bei-bremen-sind-ein-raetsel-klimaterroristen\/#primaryimage\",\"url\":\"https:\/\/now-news.de\/de\/wp-content\/uploads\/sites\/3\/2026\/01\/Gefaehrliche-Autobahnblockaden-bei-Bremen-sind-ein-Raetsel-\u2013-Klimaterroristen.jpg\",\"contentUrl\":\"https:\/\/now-news.de\/de\/wp-content\/uploads\/sites\/3\/2026\/01\/Gefaehrliche-Autobahnblockaden-bei-Bremen-sind-ein-Raetsel-\u2013-Klimaterroristen.jpg\",\"width\":460,\"height\":259,\"caption\":\"Gef\u00e4hrliche Autobahnblockaden bei Bremen sind ein R\u00e4tsel \u2013 Klimaterroristen?\"},{\"@type\":\"BreadcrumbList\",\"@id\":\"https:\/\/now-news.de\/de\/deutschland\/gefaehrliche-autobahnblockaden-bei-bremen-sind-ein-raetsel-klimaterroristen\/#breadcrumb\",\"itemListElement\":[{\"@type\":\"ListItem\",\"position\":1,\"name\":\"Home\",\"item\":\"https:\/\/now-news.de\/de\/\"},{\"@type\":\"ListItem\",\"position\":2,\"name\":\"Gef\u00e4hrliche Autobahnblockaden bei Bremen sind ein R\u00e4tsel \u2013 Klimaterroristen?\"}]},{\"@type\":\"WebSite\",\"@id\":\"https:\/\/now-news.de\/de\/#website\",\"url\":\"https:\/\/now-news.de\/de\/\",\"name\":\"just-now.NEWS Deutschland\",\"description\":\"Das Portal f\u00fcr unzensierte Nachrichten aus der Welt\",\"publisher\":{\"@id\":\"https:\/\/now-news.de\/de\/#organization\"},\"potentialAction\":[{\"@type\":\"SearchAction\",\"target\":{\"@type\":\"EntryPoint\",\"urlTemplate\":\"https:\/\/now-news.de\/de\/?s={search_term_string}\"},\"query-input\":\"required name=search_term_string\"}],\"inLanguage\":\"de\"},{\"@type\":\"Organization\",\"@id\":\"https:\/\/now-news.de\/de\/#organization\",\"name\":\"Just Now News\",\"url\":\"https:\/\/now-news.de\/de\/\",\"logo\":{\"@type\":\"ImageObject\",\"inLanguage\":\"de\",\"@id\":\"https:\/\/now-news.de\/de\/#\/schema\/logo\/image\/\",\"url\":\"http:\/\/just-now.news\/de\/wp-content\/uploads\/sites\/3\/2022\/04\/logo500x500.jpg\",\"contentUrl\":\"http:\/\/just-now.news\/de\/wp-content\/uploads\/sites\/3\/2022\/04\/logo500x500.jpg\",\"width\":500,\"height\":500,\"caption\":\"Just Now News\"},\"image\":{\"@id\":\"https:\/\/now-news.de\/de\/#\/schema\/logo\/image\/\"},\"sameAs\":[\"https:\/\/www.facebook.com\/wirmachenauf\",\"https:\/\/x.com\/WirMachenAuf_de\"]},{\"@type\":\"Person\",\"@id\":\"https:\/\/now-news.de\/de\/#\/schema\/person\/fb534a4e865501d8b3285208df34a9b5\",\"name\":\"rtnews\",\"image\":{\"@type\":\"ImageObject\",\"inLanguage\":\"de\",\"@id\":\"https:\/\/now-news.de\/de\/#\/schema\/person\/image\/\",\"url\":\"https:\/\/secure.gravatar.com\/avatar\/82aafea7d8127119dd649515f56e2117?s=96&d=mm&r=g\",\"contentUrl\":\"https:\/\/secure.gravatar.com\/avatar\/82aafea7d8127119dd649515f56e2117?s=96&d=mm&r=g\",\"caption\":\"rtnews\"},\"url\":\"https:\/\/now-news.de\/de\/author\/rnews\/\"}]}<\/script>\n<!-- \/ Yoast SEO Premium plugin. -->","yoast_head_json":{"title":"Gef\u00e4hrliche Autobahnblockaden bei Bremen sind ein R\u00e4tsel \u2013 Klimaterroristen? - just-now.NEWS Deutschland","robots":{"index":"index","follow":"follow","max-snippet":"max-snippet:-1","max-image-preview":"max-image-preview:large","max-video-preview":"max-video-preview:-1"},"canonical":"https:\/\/now-news.de\/de\/deutschland\/gefaehrliche-autobahnblockaden-bei-bremen-sind-ein-raetsel-klimaterroristen\/","og_locale":"de_DE","og_type":"article","og_title":"Gef\u00e4hrliche Autobahnblockaden bei Bremen sind ein R\u00e4tsel \u2013 Klimaterroristen?","og_description":"Mitten in der Nacht steht auf einer Autobahn ein schwarzer Sattelaufleger quer \u00fcber die gesamte Fahrbahn. So geschehen in der Nacht zum vergangenen Samstag in Bremen. Es ist reiner Zufall, dass kein Kleinwagen gegen das Hindernis rauschte. Inzwischen sollen es drei F\u00e4lle sein. Jedesmal wurde die A281 blockiert, eine insgesamt nur elf Kilometer lange Autobahnstrecke, [&hellip;]","og_url":"https:\/\/now-news.de\/de\/deutschland\/gefaehrliche-autobahnblockaden-bei-bremen-sind-ein-raetsel-klimaterroristen\/","og_site_name":"just-now.NEWS Deutschland","article_publisher":"https:\/\/www.facebook.com\/wirmachenauf","article_published_time":"2026-01-26T17:12:53+00:00","og_image":[{"url":"https:\/\/now-news.de\/de\/wp-content\/uploads\/sites\/3\/2026\/01\/697789f7b480cc0e19514e48.jpg"}],"author":"rtnews","twitter_card":"summary_large_image","twitter_creator":"@WirMachenAuf_de","twitter_site":"@WirMachenAuf_de","twitter_misc":{"Verfasst von":"rtnews","Gesch\u00e4tzte Lesezeit":"2\u00a0Minuten"},"schema":{"@context":"https:\/\/schema.org","@graph":[{"@type":"Article","@id":"https:\/\/now-news.de\/de\/deutschland\/gefaehrliche-autobahnblockaden-bei-bremen-sind-ein-raetsel-klimaterroristen\/#article","isPartOf":{"@id":"https:\/\/now-news.de\/de\/deutschland\/gefaehrliche-autobahnblockaden-bei-bremen-sind-ein-raetsel-klimaterroristen\/"},"author":{"name":"rtnews","@id":"https:\/\/now-news.de\/de\/#\/schema\/person\/fb534a4e865501d8b3285208df34a9b5"},"headline":"Gef\u00e4hrliche Autobahnblockaden bei Bremen sind ein R\u00e4tsel \u2013 Klimaterroristen?","datePublished":"2026-01-26T17:12:53+00:00","dateModified":"2026-01-26T17:12:53+00:00","mainEntityOfPage":{"@id":"https:\/\/now-news.de\/de\/deutschland\/gefaehrliche-autobahnblockaden-bei-bremen-sind-ein-raetsel-klimaterroristen\/"},"wordCount":432,"commentCount":0,"publisher":{"@id":"https:\/\/now-news.de\/de\/#organization"},"image":{"@id":"https:\/\/now-news.de\/de\/deutschland\/gefaehrliche-autobahnblockaden-bei-bremen-sind-ein-raetsel-klimaterroristen\/#primaryimage"},"thumbnailUrl":"https:\/\/now-news.de\/de\/wp-content\/uploads\/sites\/3\/2026\/01\/Gefaehrliche-Autobahnblockaden-bei-Bremen-sind-ein-Raetsel-\u2013-Klimaterroristen.jpg","keywords":["Autobahnblockaden","bei","Bremen","ein","Gef\u00e4hrliche","Klimaterroristen","R\u00e4tsel","sind"],"articleSection":["Deutschland","Russland"],"inLanguage":"de","potentialAction":[{"@type":"CommentAction","name":"Comment","target":["https:\/\/now-news.de\/de\/deutschland\/gefaehrliche-autobahnblockaden-bei-bremen-sind-ein-raetsel-klimaterroristen\/#respond"]}]},{"@type":"WebPage","@id":"https:\/\/now-news.de\/de\/deutschland\/gefaehrliche-autobahnblockaden-bei-bremen-sind-ein-raetsel-klimaterroristen\/","url":"https:\/\/now-news.de\/de\/deutschland\/gefaehrliche-autobahnblockaden-bei-bremen-sind-ein-raetsel-klimaterroristen\/","name":"Gef\u00e4hrliche Autobahnblockaden bei Bremen sind ein R\u00e4tsel \u2013 Klimaterroristen? - just-now.NEWS Deutschland","isPartOf":{"@id":"https:\/\/now-news.de\/de\/#website"},"primaryImageOfPage":{"@id":"https:\/\/now-news.de\/de\/deutschland\/gefaehrliche-autobahnblockaden-bei-bremen-sind-ein-raetsel-klimaterroristen\/#primaryimage"},"image":{"@id":"https:\/\/now-news.de\/de\/deutschland\/gefaehrliche-autobahnblockaden-bei-bremen-sind-ein-raetsel-klimaterroristen\/#primaryimage"},"thumbnailUrl":"https:\/\/now-news.de\/de\/wp-content\/uploads\/sites\/3\/2026\/01\/Gefaehrliche-Autobahnblockaden-bei-Bremen-sind-ein-Raetsel-\u2013-Klimaterroristen.jpg","datePublished":"2026-01-26T17:12:53+00:00","dateModified":"2026-01-26T17:12:53+00:00","breadcrumb":{"@id":"https:\/\/now-news.de\/de\/deutschland\/gefaehrliche-autobahnblockaden-bei-bremen-sind-ein-raetsel-klimaterroristen\/#breadcrumb"},"inLanguage":"de","potentialAction":[{"@type":"ReadAction","target":["https:\/\/now-news.de\/de\/deutschland\/gefaehrliche-autobahnblockaden-bei-bremen-sind-ein-raetsel-klimaterroristen\/"]}]},{"@type":"ImageObject","inLanguage":"de","@id":"https:\/\/now-news.de\/de\/deutschland\/gefaehrliche-autobahnblockaden-bei-bremen-sind-ein-raetsel-klimaterroristen\/#primaryimage","url":"https:\/\/now-news.de\/de\/wp-content\/uploads\/sites\/3\/2026\/01\/Gefaehrliche-Autobahnblockaden-bei-Bremen-sind-ein-Raetsel-\u2013-Klimaterroristen.jpg","contentUrl":"https:\/\/now-news.de\/de\/wp-content\/uploads\/sites\/3\/2026\/01\/Gefaehrliche-Autobahnblockaden-bei-Bremen-sind-ein-Raetsel-\u2013-Klimaterroristen.jpg","width":460,"height":259,"caption":"Gef\u00e4hrliche Autobahnblockaden bei Bremen sind ein R\u00e4tsel \u2013 Klimaterroristen?"},{"@type":"BreadcrumbList","@id":"https:\/\/now-news.de\/de\/deutschland\/gefaehrliche-autobahnblockaden-bei-bremen-sind-ein-raetsel-klimaterroristen\/#breadcrumb","itemListElement":[{"@type":"ListItem","position":1,"name":"Home","item":"https:\/\/now-news.de\/de\/"},{"@type":"ListItem","position":2,"name":"Gef\u00e4hrliche Autobahnblockaden bei Bremen sind ein R\u00e4tsel \u2013 Klimaterroristen?"}]},{"@type":"WebSite","@id":"https:\/\/now-news.de\/de\/#website","url":"https:\/\/now-news.de\/de\/","name":"just-now.NEWS Deutschland","description":"Das Portal f\u00fcr unzensierte Nachrichten aus der Welt","publisher":{"@id":"https:\/\/now-news.de\/de\/#organization"},"potentialAction":[{"@type":"SearchAction","target":{"@type":"EntryPoint","urlTemplate":"https:\/\/now-news.de\/de\/?s={search_term_string}"},"query-input":"required name=search_term_string"}],"inLanguage":"de"},{"@type":"Organization","@id":"https:\/\/now-news.de\/de\/#organization","name":"Just Now News","url":"https:\/\/now-news.de\/de\/","logo":{"@type":"ImageObject","inLanguage":"de","@id":"https:\/\/now-news.de\/de\/#\/schema\/logo\/image\/","url":"http:\/\/just-now.news\/de\/wp-content\/uploads\/sites\/3\/2022\/04\/logo500x500.jpg","contentUrl":"http:\/\/just-now.news\/de\/wp-content\/uploads\/sites\/3\/2022\/04\/logo500x500.jpg","width":500,"height":500,"caption":"Just Now News"},"image":{"@id":"https:\/\/now-news.de\/de\/#\/schema\/logo\/image\/"},"sameAs":["https:\/\/www.facebook.com\/wirmachenauf","https:\/\/x.com\/WirMachenAuf_de"]},{"@type":"Person","@id":"https:\/\/now-news.de\/de\/#\/schema\/person\/fb534a4e865501d8b3285208df34a9b5","name":"rtnews","image":{"@type":"ImageObject","inLanguage":"de","@id":"https:\/\/now-news.de\/de\/#\/schema\/person\/image\/","url":"https:\/\/secure.gravatar.com\/avatar\/82aafea7d8127119dd649515f56e2117?s=96&d=mm&r=g","contentUrl":"https:\/\/secure.gravatar.com\/avatar\/82aafea7d8127119dd649515f56e2117?s=96&d=mm&r=g","caption":"rtnews"},"url":"https:\/\/now-news.de\/de\/author\/rnews\/"}]}},"_links":{"self":[{"href":"https:\/\/now-news.de\/de\/wp-json\/wp\/v2\/posts\/97858"}],"collection":[{"href":"https:\/\/now-news.de\/de\/wp-json\/wp\/v2\/posts"}],"about":[{"href":"https:\/\/now-news.de\/de\/wp-json\/wp\/v2\/types\/post"}],"author":[{"embeddable":true,"href":"https:\/\/now-news.de\/de\/wp-json\/wp\/v2\/users\/3"}],"replies":[{"embeddable":true,"href":"https:\/\/now-news.de\/de\/wp-json\/wp\/v2\/comments?post=97858"}],"version-history":[{"count":0,"href":"https:\/\/now-news.de\/de\/wp-json\/wp\/v2\/posts\/97858\/revisions"}],"wp:featuredmedia":[{"embeddable":true,"href":"https:\/\/now-news.de\/de\/wp-json\/wp\/v2\/media\/97859"}],"wp:attachment":[{"href":"https:\/\/now-news.de\/de\/wp-json\/wp\/v2\/media?parent=97858"}],"wp:term":[{"taxonomy":"category","embeddable":true,"href":"https:\/\/now-news.de\/de\/wp-json\/wp\/v2\/categories?post=97858"},{"taxonomy":"post_tag","embeddable":true,"href":"https:\/\/now-news.de\/de\/wp-json\/wp\/v2\/tags?post=97858"}],"curies":[{"name":"wp","href":"https:\/\/api.w.org\/{rel}","templated":true}]}}