{"id":97804,"date":"2026-01-25T19:50:33","date_gmt":"2026-01-25T17:50:33","guid":{"rendered":"https:\/\/now-news.de\/de\/deutschland\/am-4-gedenktag-lebensgefaehrtin-von-boris-pfeiffer-erhebt-schwere-vorwuerfe-gegen-die-polizei\/"},"modified":"2026-01-25T19:50:33","modified_gmt":"2026-01-25T17:50:33","slug":"am-4-gedenktag-lebensgefaehrtin-von-boris-pfeiffer-erhebt-schwere-vorwuerfe-gegen-die-polizei","status":"publish","type":"post","link":"https:\/\/now-news.de\/de\/deutschland\/am-4-gedenktag-lebensgefaehrtin-von-boris-pfeiffer-erhebt-schwere-vorwuerfe-gegen-die-polizei\/","title":{"rendered":"Am 4. Gedenktag: Lebensgef\u00e4hrtin von Boris Pfeiffer erhebt schwere Vorw\u00fcrfe gegen die Polizei"},"content":{"rendered":"<p><img decoding=\"async\" src=\"https:\/\/now-news.de\/de\/wp-content\/uploads\/sites\/3\/2026\/01\/697650f248fbef5556480cdb.jpg\" \/><\/p>\n<div class=\"Text-root Text-type_1 \">\n                Das ehemalige &#8220;In Extremo&#8221;-Mitglied starb vor vier Jahren in Wandlitz bei Berlin kurz nach einem Polizeieinsatz. Er geh\u00f6rte zu den sogenannten &#8220;Querdenkern&#8221; und wurde bei einem Montagspaziergang von den Beamten grob angegangen. Kurz danach brach er zusammen. Die Einwohner gedenken seiner seitdem jedes Jahr.\n            <\/div>\n<p><\/p>\n<div class=\"Text-root Text-type_5 ArticleView-text ViewText-root \">\n<p><em>Von Wladislaw Sankin<\/em><\/p>\n<p>Die Gemeinde Wandlitz liegt nur wenige Kilometer n\u00f6rdlich von der Berliner Stadtgrenze und dennoch \u2013 mitten in einem Erholungsgebiet. Zu DDR-Zeiten war der Ort bekannt f\u00fcr seine abgeschirmte Waldsiedlung, in der die F\u00fchrungseliten des sozialistischen Landes lebten. Heute ist dieser Name ein Symbol f\u00fcr\u00a0das W\u00fcten der Polizei w\u00e4hrend Corona-Ma\u00dfnahmen.<\/p>\n<p>Im Nachhinein betrachtet: Am 24. Januar 2022 fand im Zuge der sogenannten Montagdemonstrationen eine der gr\u00f6\u00dften ma\u00dfnahmekritischen Aktionen der sp\u00e4teren Pandemie-Zeit statt. <a rel=\"nofollow noopener\" target=\"_blank\" href=\"https:\/\/multipolar-magazin.de\/artikel\/proteste-weiten-sich-aus\">Gez\u00e4hlt<\/a>\u00a0wurden deutschlandweit 1.600 Demonstrationen mit insgesamt 370.000 Teilnehmern. Genau einen Monat sp\u00e4ter, mit dem Beginn der Milit\u00e4roperation Russlands in der Ukraine, ging die &#8220;Pandemie&#8221; und damit auch die Proteste gegen sie abrupt zu Ende.\u00a0<\/p>\n<p>Auch in Wandlitz kamen ca. 200 Aktivisten im Uferbereich am Wandlitz-See zusammen und wurden von der Polizei ausgesperrt. Bei den Demonstranten wurden wahllos Personalien eingefordert. Dabei gingen die Beamten \u00e4u\u00dferst rabiat gegen die Versammelten vor und schreckten nach Schilderungen von Augenzeugen auch vor Gewalt gegen\u00fcber Kindern oder behinderten Menschen nicht zur\u00fcck. Unter den Demonstranten befanden sich auch der 53-j\u00e4hrige Musiker Boris Pfeiffer und seine Lebensgef\u00e4hrtin Helena.\u00a0<\/p>\n<p>Pfeiffer war kein Unbekannter, er war 26 Jahre Mitglied einer Kultband. In der Metalband &#8220;In Extremo&#8221; war er mit zwei weiteren Kollegen f\u00fcr die &#8220;mittelalterliche Abteilung&#8221; zust\u00e4ndig. Konkret bespielte Pfeiffer seltene Instrumente wie Dudelsack, Schalmeien und Nyckelharpa. Viele Jahre f\u00fcllte er gemeinsam mit seiner Band Stadien und trat vor Hunderttausenden auf. Im Jahr 2015 wurde er zum Protagonisten einer <em>WDR<\/em>-Doku \u00fcber die Band zu ihrem 20-j\u00e4hrigen Bestehen.<\/p>\n<p>Mitten in der Corona-Pandemie im Juli 2021 trennten sich die Wege der Band, da er sich weigerte, sich f\u00fcr eine Fortsetzung der Konzertt\u00e4tigkeit impfen zu lassen. Er wurde zum festen Bestandteil der ma\u00dfnahmenkritischen Szene. Dann kam dieser Tag, der f\u00fcr ihn, seine Partnerin und die zwei gemeinsamen Kinder tragisch endete: Kurz nach einer Begegnung mit Polizei w\u00e4hrend der Montagsdemo am 24. Januar 2022 brach der Musiker zusammen und starb sp\u00e4ter im Krankenhaus am Herzinfarkt.\u00a0<\/p>\n<p>Die Schilderungen \u00fcber den Vorfall seitens der Beh\u00f6rden und der Augenzeugen gehen weit auseinander. Besser gesagt: Sie widersprechen sich vollkommen. Aus einer Polizeimeldung geht hervor, dass der Musiker am Montagabend bei der Demonstration eine Polizeikette habe durchbrechen wollen. Beamte stoppten ihn demnach und stellten seine Personalien fest. Danach habe er seinen Weg fortsetzen k\u00f6nnen. Kurz darauf sei der Mann auf dem Weg zu seinem Auto zusammengebrochen, sagte eine Polizeisprecherin.\u00a0Polizeibeamte h\u00e4tten auch Erste Hilfe geleistet, hie\u00df es.\u00a0<\/p>\n<p>Seit dem Todesfall ist das Datum fest im inoffiziellen Kalender des St\u00e4dtchens verankert. Am 24. Januar gedenken die Wandlitzer des verstorbenen Musikers mit einer traditionell gewordenen Kundgebung, Musikdarbietungen und einem Gedenkmarsch zum Ort des Polizeieinsatzes. So auch am vergangenen Samstag. Die Auftaktkundgebung fand am Ufer des zugefrorenen Wandlitz-Sees statt. Nach einem kurzen <a rel=\"nofollow noopener\" target=\"_blank\" href=\"https:\/\/www.youtube.com\/watch?v=LAf-GudTMN0\">Konzert<\/a>\u00a0des Liedermachers\u00a0Est\u00e9ban Cortez trat die Lebensgef\u00e4hrtin des verstorbenen Musikers, Helena, auf. Noch einmal schilderte sie die Ereignisse von damals und erhob <a rel=\"nofollow noopener\" target=\"_blank\" href=\"https:\/\/t.me\/Brandenburger_Freiheit\/754\">schwere Vorw\u00fcrfe<\/a> gegen die Polizei. Deren Einheiten h\u00e4tten den\u00a0Montagsspaziergang &#8220;\u00fcberfallen&#8221;.\u00a0<\/p>\n<p>Die Versammelten seien eingekesselt und schikaniert worden, manche bekamen wegen rabiaten Vorgehens Panikattacken, eine gehbehinderte Frau wurde aus ihrem Auto gezerrt, um sie zu durchsuchen. Auch Boris sei am langen Grund zusammengebrochen. Dann schilderte sie den entscheidenden Moment \u2013 die Situation mit dem versp\u00e4teten Rettungseinsatz.\u00a0<\/p>\n<blockquote>\n<p><em>&#8220;Er war ohnm\u00e4chtig, seine Arme krampften und er rang nach Luft. Zehn Minuten lang weigerte sich die Polizei, einen Notruf abzusetzen, Erste-Hilfe-Ma\u00dfnahmen zu ergreifen oder sonst Hilfe zu holen.\u00a0Die Erstretter, die dann kamen, brauchten weitere vier Minuten, um Erste Hilfe zu leisten. Der Notarzt kam 25 Minuten sp\u00e4ter. &#8220;<\/em><\/p>\n<\/blockquote>\n<div class=\"EmbedBlock-root EmbedBlock-twitter\">\n<div class=\"TwitterEmbed\">\n<blockquote class=\"twitter-tweet lazyload\" data-twitter=\"twitter-tweet\">\n<p lang=\"de\" dir=\"ltr\">Die Staatsmacht hat immer Recht&#8230;Die Partnerin von Ex-&#8220;In Extremo&#8221;-Musiker Boris Pfeiffer erz\u00e4hlt vom groben Einsatz und unterlassener Erster Hilfe vonseiten der <a rel=\"nofollow noopener\" target=\"_blank\" href=\"https:\/\/twitter.com\/hashtag\/Polizei?src=hash&amp;ref_src=twsrc%5Etfw\">#Polizei<\/a> am 4. Jahrestag seines Todes. Doch f\u00fcr die Beh\u00f6rden ist ihre Schilderung nur &#8220;Einzelmeinung&#8221; <a rel=\"nofollow noopener\" target=\"_blank\" href=\"https:\/\/twitter.com\/hashtag\/Corona_Zeiten?src=hash&amp;ref_src=twsrc%5Etfw\">#Corona_Zeiten<\/a><a rel=\"nofollow noopener\" target=\"_blank\" href=\"https:\/\/t.co\/5ztulsEocv\">pic.twitter.com\/5ztulsEocv<\/a><\/p>\n<p>\u2014 Wlad Sankin (@wladsan) <a rel=\"nofollow noopener\" target=\"_blank\" href=\"https:\/\/twitter.com\/wladsan\/status\/2015485216937083297?ref_src=twsrc%5Etfw\">January 25, 2026<\/a><\/p><\/blockquote>\n<\/div>\n<\/div>\n<p>Sp\u00e4ter sagte sie, dass die offizielle Gegendarstellung der Polizei h\u00f6hnisch sei. Der Beamte, der mit Boris kommuniziert habe,\u00a0habe keinen Finger ger\u00fchrt. Er habe ihn zweimal auf die Brust gesto\u00dfen und mit Anklage, Gericht, Strafen und Gef\u00e4ngnis gedroht. Diese Schilderung deckt sich mit Erinnerungen anderer Augenzeugen. &#8220;Die Polizei hat viel gelogen&#8221;, sagte ein anderer Demoteilnehmer.<\/p>\n<p>&#8220;Sie hatte weder schnell f\u00fcr Hilfe gesorgt noch hat sie vor Ort medizinische Fachkr\u00e4fte Erste-Hilfe-Ma\u00dfnahmen durchf\u00fchren lassen.&#8221; Die St\u00f6\u00dfe vor die Brust von Boris k\u00f6nnten den Kollaps getriggert haben, vermutete er. Im Nachgang sei jegliche Aufkl\u00e4rung sabotiert worden. Auch dar\u00fcber berichtete Helena vor dem Publikum. Ihre\u00a0Anzeige gegen die Polizei wegen unterlassener Hilfeleistung wurde von der Staatsanwaltschaft abgewiesen. Auch die Beschwerde bei der Oberstaatsanwaltschaft.\u00a0<\/p>\n<p>Laut Einsatztagebuch habe die Polizei jedoch keinen Notruf get\u00e4tigt. Auch die Angabe, dass ein Polizist ihr geholfen habe, ihn nach dem Zusammenbruch abzust\u00fctzen, sei nicht wahr.\u00a0Sich hier als helfenden Retter darzustellen,\u00a0sei blo\u00dfe Verh\u00f6hnung. Sie sei von diesem Verhalten angewidert und rate der Polizei zur Aufarbeitung.<\/p>\n<p>Auch andere Redner bei der Kundgebung forderten die Aufarbeitung \u2013 nicht nur des gewaltsamen Polizeieinsatzes am 22. Januar vor vier Jahren, sondern des ganzen Corona-Komplexes. Der gesetzwidrige staatliche Eingriff in die Grundrechte der B\u00fcrger sei nicht vergessen.\u00a0<\/p>\n<p>Nach der Kundgebung ging der Demozug mit rund 160 Teilnehmern, begleitet von Trommelmusik, \u00fcber die Stra\u00dfen von Wandlitz zu der Stelle, wo Boris Palmer zusammenbrach. Dieser Ort wird an diesem Tag zum Boris-Palmer-Platz &#8220;umbenannt&#8221;. An einer Laterne hingen Plakate mit Fotos des Musikers. An diesem Ort richteten die Trauernden eine improvisierte Gedenkst\u00e4tte mit Dutzenden Kerzenlichtern ein. Ein Trompeter gab der ohnehin ergreifenden Zeremonie mit Cohens &#8220;Hallelujah&#8221; und Sinatras &#8220;My Way&#8221; besonderen Charme.\u00a0<\/p>\n<p>Dass die Vorw\u00fcrfe der verwitweten Lebensgef\u00e4hrtin des verstorbenen Musikers ein juristisches Nachspiel nach sich ziehen,\u00a0ist unwahrscheinlich. F\u00fcr die Staatsmacht ist die Sache abgeschlossen. Aus deren Perspektive ist die Sicht der Betroffenen auf die Ereignisse &#8220;die Einzelmeinung&#8221;. Aber immerhin w\u00fcrde es Helena und ihren Mitstreitern nun doch freistehen, jedes Jahr auf die Gedenkkundgebung zu gehen und sich \u00fcber die\u00a0<a rel=\"nofollow noopener\" target=\"_blank\" href=\"https:\/\/www.youtube.com\/live\/Apw0baiOjZ8\">&#8220;Arroganz der Macht&#8221;<\/a>\u00a0zu beschweren \u2013 nat\u00fcrlich unter obligatorischer Polizeiaufsicht.\u00a0<\/p>\n<p><strong>Mehr zum Thema<\/strong>\u00a0\u2013\u00a0<a rel=\"nofollow noopener\" target=\"_blank\" href=\"https:\/\/freedert.online\/kurzclips\/video\/130749-hamburg-polizei-loest-demo-auf\/\">Hamburg: Polizei l\u00f6st nicht genehmigten Spaziergang gegen Corona-Politik auf<\/a><\/p>\n<div class=\"EmbedBlock-root EmbedBlock-youtube\">\n<div class=\"YouTubeEmbed\">\n<div class=\"jeg_video_container jeg_video_content\"><iframe loading=\"lazy\" title=\"Gedenkmarsch f\u00fcr Boris Pfeiffer (Wandlitz, 24.1.2026)\" width=\"500\" height=\"281\" src=\"https:\/\/www.youtube.com\/embed\/LAf-GudTMN0?feature=oembed\" frameborder=\"0\" allow=\"accelerometer; autoplay; clipboard-write; encrypted-media; gyroscope; picture-in-picture; web-share\" referrerpolicy=\"strict-origin-when-cross-origin\" allowfullscreen><\/iframe><\/div>\n<\/div>\n<\/div>\n<\/div>\n<p><script async src=\"https:\/\/platform.twitter.com\/widgets.js\" charset=\"utf-8\"><\/script><br \/>\n<br \/><br \/>\n<br \/><a href=\"https:\/\/de.rt.com\/inland\/268353-am-4-gedenktag-lebensgefaehrtin-von-erhebt-schwere-vorwuerfe-gegen-die-polizei\/\">Source link <\/a><\/p>\n","protected":false},"excerpt":{"rendered":"<p>Das ehemalige &#8220;In Extremo&#8221;-Mitglied starb vor vier Jahren in Wandlitz bei Berlin kurz nach einem Polizeieinsatz. Er geh\u00f6rte zu den sogenannten &#8220;Querdenkern&#8221; und wurde bei einem Montagspaziergang von den Beamten grob angegangen. Kurz danach brach er zusammen. Die Einwohner gedenken seiner seitdem jedes Jahr. Von Wladislaw Sankin Die Gemeinde Wandlitz liegt nur wenige Kilometer n\u00f6rdlich [&hellip;]<\/p>\n","protected":false},"author":3,"featured_media":97805,"comment_status":"open","ping_status":"open","sticky":false,"template":"","format":"standard","meta":{"_yoast_indexnow_last_ping":["1769364255"],"_oembed_5b72950776d20e9486126e0cdece51fb":["<iframe title=\"Gedenkmarsch f\u00fcr Boris Pfeiffer (Wandlitz, 24.1.2026)\" width=\"500\" height=\"281\" src=\"https:\/\/www.youtube.com\/embed\/LAf-GudTMN0?feature=oembed\" frameborder=\"0\" allow=\"accelerometer; autoplay; clipboard-write; encrypted-media; gyroscope; picture-in-picture; web-share\" referrerpolicy=\"strict-origin-when-cross-origin\" allowfullscreen><\/iframe>"],"_oembed_time_5b72950776d20e9486126e0cdece51fb":["1769364257"],"wp_automatic_camp":["217"],"2ac729557b489773d61adc6ac27d7698":["Am 4. Gedenktag: Lebensgef\u00e4hrtin von Boris Pfeiffer erhebt schwere Vorw\u00fcrfe gegen die Polizei"],"original_link":["https:\/\/de.rt.com\/inland\/268353-am-4-gedenktag-lebensgefaehrtin-von-erhebt-schwere-vorwuerfe-gegen-die-polizei\/"],"_thumbnail_id":["97805"],"jnews_social_counter_last_update":["1777494082"],"_wptgpro_p2tg_sent2tg":["a:1:{i:23737;s:19:\"2026-01-25 20:05:27\";}"]},"categories":[19,23],"tags":[6985,45,24286,28634,278,58922,70786,7579,1431,50,3633],"yoast_head":"<!-- This site is optimized with the Yoast SEO Premium plugin v22.7 (Yoast SEO v22.7) - https:\/\/yoast.com\/wordpress\/plugins\/seo\/ -->\n<title>Am 4. Gedenktag: Lebensgef\u00e4hrtin von Boris Pfeiffer erhebt schwere Vorw\u00fcrfe gegen die Polizei - just-now.NEWS Deutschland<\/title>\n<meta name=\"robots\" content=\"index, follow, max-snippet:-1, max-image-preview:large, max-video-preview:-1\" \/>\n<link rel=\"canonical\" href=\"https:\/\/now-news.de\/de\/deutschland\/am-4-gedenktag-lebensgefaehrtin-von-boris-pfeiffer-erhebt-schwere-vorwuerfe-gegen-die-polizei\/\" \/>\n<meta property=\"og:locale\" content=\"de_DE\" \/>\n<meta property=\"og:type\" content=\"article\" \/>\n<meta property=\"og:title\" content=\"Am 4. Gedenktag: Lebensgef\u00e4hrtin von Boris Pfeiffer erhebt schwere Vorw\u00fcrfe gegen die Polizei\" \/>\n<meta property=\"og:description\" content=\"Das ehemalige &#8220;In Extremo&#8221;-Mitglied starb vor vier Jahren in Wandlitz bei Berlin kurz nach einem Polizeieinsatz. Er geh\u00f6rte zu den sogenannten &#8220;Querdenkern&#8221; und wurde bei einem Montagspaziergang von den Beamten grob angegangen. Kurz danach brach er zusammen. Die Einwohner gedenken seiner seitdem jedes Jahr. Von Wladislaw Sankin Die Gemeinde Wandlitz liegt nur wenige Kilometer n\u00f6rdlich [&hellip;]\" \/>\n<meta property=\"og:url\" content=\"https:\/\/now-news.de\/de\/deutschland\/am-4-gedenktag-lebensgefaehrtin-von-boris-pfeiffer-erhebt-schwere-vorwuerfe-gegen-die-polizei\/\" \/>\n<meta property=\"og:site_name\" content=\"just-now.NEWS Deutschland\" \/>\n<meta property=\"article:publisher\" content=\"https:\/\/www.facebook.com\/wirmachenauf\" \/>\n<meta property=\"article:published_time\" content=\"2026-01-25T17:50:33+00:00\" \/>\n<meta property=\"og:image\" content=\"https:\/\/now-news.de\/de\/wp-content\/uploads\/sites\/3\/2026\/01\/697650f248fbef5556480cdb.jpg\" \/>\n<meta name=\"author\" content=\"rtnews\" \/>\n<meta name=\"twitter:card\" content=\"summary_large_image\" \/>\n<meta name=\"twitter:creator\" content=\"@WirMachenAuf_de\" \/>\n<meta name=\"twitter:site\" content=\"@WirMachenAuf_de\" \/>\n<meta name=\"twitter:label1\" content=\"Verfasst von\" \/>\n\t<meta name=\"twitter:data1\" content=\"rtnews\" \/>\n\t<meta name=\"twitter:label2\" content=\"Gesch\u00e4tzte Lesezeit\" \/>\n\t<meta name=\"twitter:data2\" content=\"5\u00a0Minuten\" \/>\n<script type=\"application\/ld+json\" class=\"yoast-schema-graph\">{\"@context\":\"https:\/\/schema.org\",\"@graph\":[{\"@type\":\"Article\",\"@id\":\"https:\/\/now-news.de\/de\/deutschland\/am-4-gedenktag-lebensgefaehrtin-von-boris-pfeiffer-erhebt-schwere-vorwuerfe-gegen-die-polizei\/#article\",\"isPartOf\":{\"@id\":\"https:\/\/now-news.de\/de\/deutschland\/am-4-gedenktag-lebensgefaehrtin-von-boris-pfeiffer-erhebt-schwere-vorwuerfe-gegen-die-polizei\/\"},\"author\":{\"name\":\"rtnews\",\"@id\":\"https:\/\/now-news.de\/de\/#\/schema\/person\/fb534a4e865501d8b3285208df34a9b5\"},\"headline\":\"Am 4. Gedenktag: Lebensgef\u00e4hrtin von Boris Pfeiffer erhebt schwere Vorw\u00fcrfe gegen die Polizei\",\"datePublished\":\"2026-01-25T17:50:33+00:00\",\"dateModified\":\"2026-01-25T17:50:33+00:00\",\"mainEntityOfPage\":{\"@id\":\"https:\/\/now-news.de\/de\/deutschland\/am-4-gedenktag-lebensgefaehrtin-von-boris-pfeiffer-erhebt-schwere-vorwuerfe-gegen-die-polizei\/\"},\"wordCount\":1101,\"commentCount\":0,\"publisher\":{\"@id\":\"https:\/\/now-news.de\/de\/#organization\"},\"image\":{\"@id\":\"https:\/\/now-news.de\/de\/deutschland\/am-4-gedenktag-lebensgefaehrtin-von-boris-pfeiffer-erhebt-schwere-vorwuerfe-gegen-die-polizei\/#primaryimage\"},\"thumbnailUrl\":\"https:\/\/now-news.de\/de\/wp-content\/uploads\/sites\/3\/2026\/01\/Am-4-Gedenktag-Lebensgefaehrtin-von-Boris-Pfeiffer-erhebt-schwere-Vorwuerfe.jpg\",\"keywords\":[\"Boris\",\"die\",\"erhebt\",\"Gedenktag\",\"gegen\",\"Lebensgef\u00e4hrtin\",\"Pfeiffer\",\"Polizei\",\"schwere\",\"von\",\"Vorw\u00fcrfe\"],\"articleSection\":[\"Deutschland\",\"Russland\"],\"inLanguage\":\"de\",\"potentialAction\":[{\"@type\":\"CommentAction\",\"name\":\"Comment\",\"target\":[\"https:\/\/now-news.de\/de\/deutschland\/am-4-gedenktag-lebensgefaehrtin-von-boris-pfeiffer-erhebt-schwere-vorwuerfe-gegen-die-polizei\/#respond\"]}]},{\"@type\":\"WebPage\",\"@id\":\"https:\/\/now-news.de\/de\/deutschland\/am-4-gedenktag-lebensgefaehrtin-von-boris-pfeiffer-erhebt-schwere-vorwuerfe-gegen-die-polizei\/\",\"url\":\"https:\/\/now-news.de\/de\/deutschland\/am-4-gedenktag-lebensgefaehrtin-von-boris-pfeiffer-erhebt-schwere-vorwuerfe-gegen-die-polizei\/\",\"name\":\"Am 4. Gedenktag: Lebensgef\u00e4hrtin von Boris Pfeiffer erhebt schwere Vorw\u00fcrfe gegen die Polizei - just-now.NEWS Deutschland\",\"isPartOf\":{\"@id\":\"https:\/\/now-news.de\/de\/#website\"},\"primaryImageOfPage\":{\"@id\":\"https:\/\/now-news.de\/de\/deutschland\/am-4-gedenktag-lebensgefaehrtin-von-boris-pfeiffer-erhebt-schwere-vorwuerfe-gegen-die-polizei\/#primaryimage\"},\"image\":{\"@id\":\"https:\/\/now-news.de\/de\/deutschland\/am-4-gedenktag-lebensgefaehrtin-von-boris-pfeiffer-erhebt-schwere-vorwuerfe-gegen-die-polizei\/#primaryimage\"},\"thumbnailUrl\":\"https:\/\/now-news.de\/de\/wp-content\/uploads\/sites\/3\/2026\/01\/Am-4-Gedenktag-Lebensgefaehrtin-von-Boris-Pfeiffer-erhebt-schwere-Vorwuerfe.jpg\",\"datePublished\":\"2026-01-25T17:50:33+00:00\",\"dateModified\":\"2026-01-25T17:50:33+00:00\",\"breadcrumb\":{\"@id\":\"https:\/\/now-news.de\/de\/deutschland\/am-4-gedenktag-lebensgefaehrtin-von-boris-pfeiffer-erhebt-schwere-vorwuerfe-gegen-die-polizei\/#breadcrumb\"},\"inLanguage\":\"de\",\"potentialAction\":[{\"@type\":\"ReadAction\",\"target\":[\"https:\/\/now-news.de\/de\/deutschland\/am-4-gedenktag-lebensgefaehrtin-von-boris-pfeiffer-erhebt-schwere-vorwuerfe-gegen-die-polizei\/\"]}]},{\"@type\":\"ImageObject\",\"inLanguage\":\"de\",\"@id\":\"https:\/\/now-news.de\/de\/deutschland\/am-4-gedenktag-lebensgefaehrtin-von-boris-pfeiffer-erhebt-schwere-vorwuerfe-gegen-die-polizei\/#primaryimage\",\"url\":\"https:\/\/now-news.de\/de\/wp-content\/uploads\/sites\/3\/2026\/01\/Am-4-Gedenktag-Lebensgefaehrtin-von-Boris-Pfeiffer-erhebt-schwere-Vorwuerfe.jpg\",\"contentUrl\":\"https:\/\/now-news.de\/de\/wp-content\/uploads\/sites\/3\/2026\/01\/Am-4-Gedenktag-Lebensgefaehrtin-von-Boris-Pfeiffer-erhebt-schwere-Vorwuerfe.jpg\",\"width\":460,\"height\":259,\"caption\":\"Am 4. Gedenktag: Lebensgef\u00e4hrtin von Boris Pfeiffer erhebt schwere Vorw\u00fcrfe gegen die Polizei\"},{\"@type\":\"BreadcrumbList\",\"@id\":\"https:\/\/now-news.de\/de\/deutschland\/am-4-gedenktag-lebensgefaehrtin-von-boris-pfeiffer-erhebt-schwere-vorwuerfe-gegen-die-polizei\/#breadcrumb\",\"itemListElement\":[{\"@type\":\"ListItem\",\"position\":1,\"name\":\"Home\",\"item\":\"https:\/\/now-news.de\/de\/\"},{\"@type\":\"ListItem\",\"position\":2,\"name\":\"Am 4. Gedenktag: Lebensgef\u00e4hrtin von Boris Pfeiffer erhebt schwere Vorw\u00fcrfe gegen die Polizei\"}]},{\"@type\":\"WebSite\",\"@id\":\"https:\/\/now-news.de\/de\/#website\",\"url\":\"https:\/\/now-news.de\/de\/\",\"name\":\"just-now.NEWS Deutschland\",\"description\":\"Das Portal f\u00fcr unzensierte Nachrichten aus der Welt\",\"publisher\":{\"@id\":\"https:\/\/now-news.de\/de\/#organization\"},\"potentialAction\":[{\"@type\":\"SearchAction\",\"target\":{\"@type\":\"EntryPoint\",\"urlTemplate\":\"https:\/\/now-news.de\/de\/?s={search_term_string}\"},\"query-input\":\"required name=search_term_string\"}],\"inLanguage\":\"de\"},{\"@type\":\"Organization\",\"@id\":\"https:\/\/now-news.de\/de\/#organization\",\"name\":\"Just Now News\",\"url\":\"https:\/\/now-news.de\/de\/\",\"logo\":{\"@type\":\"ImageObject\",\"inLanguage\":\"de\",\"@id\":\"https:\/\/now-news.de\/de\/#\/schema\/logo\/image\/\",\"url\":\"http:\/\/just-now.news\/de\/wp-content\/uploads\/sites\/3\/2022\/04\/logo500x500.jpg\",\"contentUrl\":\"http:\/\/just-now.news\/de\/wp-content\/uploads\/sites\/3\/2022\/04\/logo500x500.jpg\",\"width\":500,\"height\":500,\"caption\":\"Just Now News\"},\"image\":{\"@id\":\"https:\/\/now-news.de\/de\/#\/schema\/logo\/image\/\"},\"sameAs\":[\"https:\/\/www.facebook.com\/wirmachenauf\",\"https:\/\/x.com\/WirMachenAuf_de\"]},{\"@type\":\"Person\",\"@id\":\"https:\/\/now-news.de\/de\/#\/schema\/person\/fb534a4e865501d8b3285208df34a9b5\",\"name\":\"rtnews\",\"image\":{\"@type\":\"ImageObject\",\"inLanguage\":\"de\",\"@id\":\"https:\/\/now-news.de\/de\/#\/schema\/person\/image\/\",\"url\":\"https:\/\/secure.gravatar.com\/avatar\/82aafea7d8127119dd649515f56e2117?s=96&d=mm&r=g\",\"contentUrl\":\"https:\/\/secure.gravatar.com\/avatar\/82aafea7d8127119dd649515f56e2117?s=96&d=mm&r=g\",\"caption\":\"rtnews\"},\"url\":\"https:\/\/now-news.de\/de\/author\/rnews\/\"}]}<\/script>\n<!-- \/ Yoast SEO Premium plugin. -->","yoast_head_json":{"title":"Am 4. Gedenktag: Lebensgef\u00e4hrtin von Boris Pfeiffer erhebt schwere Vorw\u00fcrfe gegen die Polizei - just-now.NEWS Deutschland","robots":{"index":"index","follow":"follow","max-snippet":"max-snippet:-1","max-image-preview":"max-image-preview:large","max-video-preview":"max-video-preview:-1"},"canonical":"https:\/\/now-news.de\/de\/deutschland\/am-4-gedenktag-lebensgefaehrtin-von-boris-pfeiffer-erhebt-schwere-vorwuerfe-gegen-die-polizei\/","og_locale":"de_DE","og_type":"article","og_title":"Am 4. Gedenktag: Lebensgef\u00e4hrtin von Boris Pfeiffer erhebt schwere Vorw\u00fcrfe gegen die Polizei","og_description":"Das ehemalige &#8220;In Extremo&#8221;-Mitglied starb vor vier Jahren in Wandlitz bei Berlin kurz nach einem Polizeieinsatz. Er geh\u00f6rte zu den sogenannten &#8220;Querdenkern&#8221; und wurde bei einem Montagspaziergang von den Beamten grob angegangen. Kurz danach brach er zusammen. Die Einwohner gedenken seiner seitdem jedes Jahr. Von Wladislaw Sankin Die Gemeinde Wandlitz liegt nur wenige Kilometer n\u00f6rdlich [&hellip;]","og_url":"https:\/\/now-news.de\/de\/deutschland\/am-4-gedenktag-lebensgefaehrtin-von-boris-pfeiffer-erhebt-schwere-vorwuerfe-gegen-die-polizei\/","og_site_name":"just-now.NEWS Deutschland","article_publisher":"https:\/\/www.facebook.com\/wirmachenauf","article_published_time":"2026-01-25T17:50:33+00:00","og_image":[{"url":"https:\/\/now-news.de\/de\/wp-content\/uploads\/sites\/3\/2026\/01\/697650f248fbef5556480cdb.jpg"}],"author":"rtnews","twitter_card":"summary_large_image","twitter_creator":"@WirMachenAuf_de","twitter_site":"@WirMachenAuf_de","twitter_misc":{"Verfasst von":"rtnews","Gesch\u00e4tzte Lesezeit":"5\u00a0Minuten"},"schema":{"@context":"https:\/\/schema.org","@graph":[{"@type":"Article","@id":"https:\/\/now-news.de\/de\/deutschland\/am-4-gedenktag-lebensgefaehrtin-von-boris-pfeiffer-erhebt-schwere-vorwuerfe-gegen-die-polizei\/#article","isPartOf":{"@id":"https:\/\/now-news.de\/de\/deutschland\/am-4-gedenktag-lebensgefaehrtin-von-boris-pfeiffer-erhebt-schwere-vorwuerfe-gegen-die-polizei\/"},"author":{"name":"rtnews","@id":"https:\/\/now-news.de\/de\/#\/schema\/person\/fb534a4e865501d8b3285208df34a9b5"},"headline":"Am 4. Gedenktag: Lebensgef\u00e4hrtin von Boris Pfeiffer erhebt schwere Vorw\u00fcrfe gegen die Polizei","datePublished":"2026-01-25T17:50:33+00:00","dateModified":"2026-01-25T17:50:33+00:00","mainEntityOfPage":{"@id":"https:\/\/now-news.de\/de\/deutschland\/am-4-gedenktag-lebensgefaehrtin-von-boris-pfeiffer-erhebt-schwere-vorwuerfe-gegen-die-polizei\/"},"wordCount":1101,"commentCount":0,"publisher":{"@id":"https:\/\/now-news.de\/de\/#organization"},"image":{"@id":"https:\/\/now-news.de\/de\/deutschland\/am-4-gedenktag-lebensgefaehrtin-von-boris-pfeiffer-erhebt-schwere-vorwuerfe-gegen-die-polizei\/#primaryimage"},"thumbnailUrl":"https:\/\/now-news.de\/de\/wp-content\/uploads\/sites\/3\/2026\/01\/Am-4-Gedenktag-Lebensgefaehrtin-von-Boris-Pfeiffer-erhebt-schwere-Vorwuerfe.jpg","keywords":["Boris","die","erhebt","Gedenktag","gegen","Lebensgef\u00e4hrtin","Pfeiffer","Polizei","schwere","von","Vorw\u00fcrfe"],"articleSection":["Deutschland","Russland"],"inLanguage":"de","potentialAction":[{"@type":"CommentAction","name":"Comment","target":["https:\/\/now-news.de\/de\/deutschland\/am-4-gedenktag-lebensgefaehrtin-von-boris-pfeiffer-erhebt-schwere-vorwuerfe-gegen-die-polizei\/#respond"]}]},{"@type":"WebPage","@id":"https:\/\/now-news.de\/de\/deutschland\/am-4-gedenktag-lebensgefaehrtin-von-boris-pfeiffer-erhebt-schwere-vorwuerfe-gegen-die-polizei\/","url":"https:\/\/now-news.de\/de\/deutschland\/am-4-gedenktag-lebensgefaehrtin-von-boris-pfeiffer-erhebt-schwere-vorwuerfe-gegen-die-polizei\/","name":"Am 4. Gedenktag: Lebensgef\u00e4hrtin von Boris Pfeiffer erhebt schwere Vorw\u00fcrfe gegen die Polizei - just-now.NEWS Deutschland","isPartOf":{"@id":"https:\/\/now-news.de\/de\/#website"},"primaryImageOfPage":{"@id":"https:\/\/now-news.de\/de\/deutschland\/am-4-gedenktag-lebensgefaehrtin-von-boris-pfeiffer-erhebt-schwere-vorwuerfe-gegen-die-polizei\/#primaryimage"},"image":{"@id":"https:\/\/now-news.de\/de\/deutschland\/am-4-gedenktag-lebensgefaehrtin-von-boris-pfeiffer-erhebt-schwere-vorwuerfe-gegen-die-polizei\/#primaryimage"},"thumbnailUrl":"https:\/\/now-news.de\/de\/wp-content\/uploads\/sites\/3\/2026\/01\/Am-4-Gedenktag-Lebensgefaehrtin-von-Boris-Pfeiffer-erhebt-schwere-Vorwuerfe.jpg","datePublished":"2026-01-25T17:50:33+00:00","dateModified":"2026-01-25T17:50:33+00:00","breadcrumb":{"@id":"https:\/\/now-news.de\/de\/deutschland\/am-4-gedenktag-lebensgefaehrtin-von-boris-pfeiffer-erhebt-schwere-vorwuerfe-gegen-die-polizei\/#breadcrumb"},"inLanguage":"de","potentialAction":[{"@type":"ReadAction","target":["https:\/\/now-news.de\/de\/deutschland\/am-4-gedenktag-lebensgefaehrtin-von-boris-pfeiffer-erhebt-schwere-vorwuerfe-gegen-die-polizei\/"]}]},{"@type":"ImageObject","inLanguage":"de","@id":"https:\/\/now-news.de\/de\/deutschland\/am-4-gedenktag-lebensgefaehrtin-von-boris-pfeiffer-erhebt-schwere-vorwuerfe-gegen-die-polizei\/#primaryimage","url":"https:\/\/now-news.de\/de\/wp-content\/uploads\/sites\/3\/2026\/01\/Am-4-Gedenktag-Lebensgefaehrtin-von-Boris-Pfeiffer-erhebt-schwere-Vorwuerfe.jpg","contentUrl":"https:\/\/now-news.de\/de\/wp-content\/uploads\/sites\/3\/2026\/01\/Am-4-Gedenktag-Lebensgefaehrtin-von-Boris-Pfeiffer-erhebt-schwere-Vorwuerfe.jpg","width":460,"height":259,"caption":"Am 4. Gedenktag: Lebensgef\u00e4hrtin von Boris Pfeiffer erhebt schwere Vorw\u00fcrfe gegen die Polizei"},{"@type":"BreadcrumbList","@id":"https:\/\/now-news.de\/de\/deutschland\/am-4-gedenktag-lebensgefaehrtin-von-boris-pfeiffer-erhebt-schwere-vorwuerfe-gegen-die-polizei\/#breadcrumb","itemListElement":[{"@type":"ListItem","position":1,"name":"Home","item":"https:\/\/now-news.de\/de\/"},{"@type":"ListItem","position":2,"name":"Am 4. Gedenktag: Lebensgef\u00e4hrtin von Boris Pfeiffer erhebt schwere Vorw\u00fcrfe gegen die Polizei"}]},{"@type":"WebSite","@id":"https:\/\/now-news.de\/de\/#website","url":"https:\/\/now-news.de\/de\/","name":"just-now.NEWS Deutschland","description":"Das Portal f\u00fcr unzensierte Nachrichten aus der Welt","publisher":{"@id":"https:\/\/now-news.de\/de\/#organization"},"potentialAction":[{"@type":"SearchAction","target":{"@type":"EntryPoint","urlTemplate":"https:\/\/now-news.de\/de\/?s={search_term_string}"},"query-input":"required name=search_term_string"}],"inLanguage":"de"},{"@type":"Organization","@id":"https:\/\/now-news.de\/de\/#organization","name":"Just Now News","url":"https:\/\/now-news.de\/de\/","logo":{"@type":"ImageObject","inLanguage":"de","@id":"https:\/\/now-news.de\/de\/#\/schema\/logo\/image\/","url":"http:\/\/just-now.news\/de\/wp-content\/uploads\/sites\/3\/2022\/04\/logo500x500.jpg","contentUrl":"http:\/\/just-now.news\/de\/wp-content\/uploads\/sites\/3\/2022\/04\/logo500x500.jpg","width":500,"height":500,"caption":"Just Now News"},"image":{"@id":"https:\/\/now-news.de\/de\/#\/schema\/logo\/image\/"},"sameAs":["https:\/\/www.facebook.com\/wirmachenauf","https:\/\/x.com\/WirMachenAuf_de"]},{"@type":"Person","@id":"https:\/\/now-news.de\/de\/#\/schema\/person\/fb534a4e865501d8b3285208df34a9b5","name":"rtnews","image":{"@type":"ImageObject","inLanguage":"de","@id":"https:\/\/now-news.de\/de\/#\/schema\/person\/image\/","url":"https:\/\/secure.gravatar.com\/avatar\/82aafea7d8127119dd649515f56e2117?s=96&d=mm&r=g","contentUrl":"https:\/\/secure.gravatar.com\/avatar\/82aafea7d8127119dd649515f56e2117?s=96&d=mm&r=g","caption":"rtnews"},"url":"https:\/\/now-news.de\/de\/author\/rnews\/"}]}},"_links":{"self":[{"href":"https:\/\/now-news.de\/de\/wp-json\/wp\/v2\/posts\/97804"}],"collection":[{"href":"https:\/\/now-news.de\/de\/wp-json\/wp\/v2\/posts"}],"about":[{"href":"https:\/\/now-news.de\/de\/wp-json\/wp\/v2\/types\/post"}],"author":[{"embeddable":true,"href":"https:\/\/now-news.de\/de\/wp-json\/wp\/v2\/users\/3"}],"replies":[{"embeddable":true,"href":"https:\/\/now-news.de\/de\/wp-json\/wp\/v2\/comments?post=97804"}],"version-history":[{"count":0,"href":"https:\/\/now-news.de\/de\/wp-json\/wp\/v2\/posts\/97804\/revisions"}],"wp:featuredmedia":[{"embeddable":true,"href":"https:\/\/now-news.de\/de\/wp-json\/wp\/v2\/media\/97805"}],"wp:attachment":[{"href":"https:\/\/now-news.de\/de\/wp-json\/wp\/v2\/media?parent=97804"}],"wp:term":[{"taxonomy":"category","embeddable":true,"href":"https:\/\/now-news.de\/de\/wp-json\/wp\/v2\/categories?post=97804"},{"taxonomy":"post_tag","embeddable":true,"href":"https:\/\/now-news.de\/de\/wp-json\/wp\/v2\/tags?post=97804"}],"curies":[{"name":"wp","href":"https:\/\/api.w.org\/{rel}","templated":true}]}}