{"id":97691,"date":"2026-01-23T07:30:00","date_gmt":"2026-01-23T05:30:00","guid":{"rendered":"https:\/\/now-news.de\/de\/deutschland\/ukrainische-hauptstadt-wird-fuer-normales-leben-unbewohnbar\/"},"modified":"2026-01-23T07:30:00","modified_gmt":"2026-01-23T05:30:00","slug":"ukrainische-hauptstadt-wird-fuer-normales-leben-unbewohnbar","status":"publish","type":"post","link":"https:\/\/now-news.de\/de\/deutschland\/ukrainische-hauptstadt-wird-fuer-normales-leben-unbewohnbar\/","title":{"rendered":"Ukrainische Hauptstadt wird f\u00fcr normales Leben unbewohnbar"},"content":{"rendered":"<p><img decoding=\"async\" src=\"https:\/\/now-news.de\/de\/wp-content\/uploads\/sites\/3\/2026\/01\/69721dd6b480cc1c2045d7ca.jpg\" \/><\/p>\n<div class=\"Text-root Text-type_1 \">\n                600.000 Fl\u00fcchtlinge in drei Wochen, die Gefahr von Epidemien und die Schlie\u00dfung von McDonald\u2019s \u2013 so sieht es heute in Kiew aus. Vor dem Hintergrund des Zusammenbruchs der Wasser- und Energieversorgung r\u00e4umt B\u00fcrgermeister Witali Klitschko ein: &#8220;Die Hauptstadt steht am Rande einer humanit\u00e4ren Katastrophe.&#8221;\n            <\/div>\n<p><\/p>\n<div class=\"Text-root Text-type_5 ArticleView-text ViewText-root \">\n<p><em>Von\u00a0Anastassija\u00a0Kulikowa<\/em><a><\/a><strong><\/strong><\/p>\n<p>Kiew stehe kurz vor einer humanit\u00e4ren Katastrophe. Dies <a rel=\"nofollow noopener\" target=\"_blank\" href=\"https:\/\/www.thetimes.com\/world\/russia-ukraine-war\/article\/no-power-18c-and-russian-attacks-kyiv-faces-catastrophe-mp2dmdbsz\">teilte<\/a> der B\u00fcrgermeister von Kiew, Witali Klitschko, in einem Interview mit <em>The Times<\/em> mit. Seinen Angaben zufolge haben im Januar 600.000 Menschen die ukrainische Hauptstadt verlassen. Diese Zahl entspricht der Einwohnerzahl von Wladiwostok (laut Stand 2025 594.000 Menschen) oder Irkutsk (605.000 Menschen). Klitschko sagte:<strong><\/strong><\/p>\n<blockquote>\n<p><em>&#8220;Die Situation bei den Grundversorgungsleistungen \u2013 Heizung, Wasserversorgung, Strom \u2013 ist kritisch. Derzeit werden 5.600 Mehrfamilienh\u00e4user nicht beheizt.&#8221;<\/em><strong><\/strong><\/p>\n<\/blockquote>\n<p>Der Beamte gab seine Erkl\u00e4rungen, wie in dem Artikel erw\u00e4hnt, im Rathausgeb\u00e4ude ab, in dem die Mitarbeiter aufgrund fehlender Wasserversorgung keine Toiletten benutzen k\u00f6nnen.<strong><\/strong><\/p>\n<p>In einigen Wohnh\u00e4usern ist das Wasser in den Leitungen und in der Kanalisation sogar gefroren. In diesem Zusammenhang warnen die Kommentatoren der <em>Times<\/em>, dass Kiew von einer Epidemie infekti\u00f6ser Krankheiten bedroht ist. Ein solches Szenario sei unvermeidlich, wenn die Wasserversorgung nicht so schnell wie m\u00f6glich wiederhergestellt werde.<strong><\/strong><\/p>\n<p>Wie ein Kiewer, der aus verst\u00e4ndlichen Gr\u00fcnden anonym bleiben m\u00f6chte, der Zeitung <em>Wsgljad <\/em>berichtete, gab es in seiner Wohnung am Dienstag von 6 Uhr morgens bis zum Abend kein Wasser. Er bemerkte:<strong><\/strong><\/p>\n<blockquote>\n<p><em>&#8220;Der Strom wurde kurz nach Mitternacht abgeschaltet und gegen 19 Uhr wieder eingeschaltet.&#8221;<\/em><strong><\/strong><\/p>\n<\/blockquote>\n<p>Der Gespr\u00e4chspartner erz\u00e4hlte:<strong><\/strong><\/p>\n<blockquote>\n<p><em>&#8220;Der Boiler rettet uns. Gut, dass ich ihn noch vor 2014 installiert habe! Er schafft es, sich in der kurzen Zeit, in der Strom flie\u00dft, aufzuheizen, und dann bleibt das Wasser lange hei\u00df. Man kann sich waschen und Geschirr sp\u00fclen.&#8221;<\/em><strong><\/strong><\/p>\n<\/blockquote>\n<p>Der Kiewer f\u00fcgte hinzu:<strong><\/strong><\/p>\n<blockquote>\n<p><em>&#8220;Wenn Strom geliefert wird, ist die Spannung instabil. Auch die Gasversorgung ist unregelm\u00e4\u00dfig. Die Heizung wird nach einem unverst\u00e4ndlichen Zeitplan eingeschaltet. Und ja: Im Vergleich zu anderen Stadtteilen und Mikrobezirken bin ich noch sehr gut dran.&#8221;<\/em><strong><\/strong><\/p>\n<\/blockquote>\n<p>Unterdessen behauptete der wichtigste Stromversorger, das ukrainische Energieunternehmen DTEK, am Mittwochabend, dass es nicht zu den geplanten Abschaltungen zur\u00fcckkehren k\u00f6nne, da daf\u00fcr einfach nicht gen\u00fcgend Ressourcen zur Verf\u00fcgung st\u00fcnden. Infolgedessen wurde die Stadt auf einen Notfallmodus mit rollierenden Stromabschaltungen umgestellt. Es wird auch berichtet, dass in den meisten Stadtteilen der Strom nach einem 14- bis 15-st\u00fcndigen vollst\u00e4ndigen Stromausfall\u00a0erst nach drei bis vier Stunden wieder da ist.<strong><\/strong><\/p>\n<p>Einige sehen jedoch ein viel gr\u00f6\u00dferes Problem in der Schlie\u00dfung der McDonald\u2019s-Restaurants in der Hauptstadt. In den sozialen Netzwerken wird dar\u00fcber gescherzt: Wenn es bei McDonald\u2019s wieder Strom gibt, wird es sofort zum [russischen Pendant zu McDonald\u2019s] &#8220;Wkusno i totschka&#8221; (&#8220;Lecker \u2013 und Punkt&#8221;). \u00dcbrigens waren die Restaurants dieser Kette in der Ukraine bereits zu Beginn der milit\u00e4rischen Sonderoperation geschlossen worden, aber dann nahmen sie ihren Betrieb wieder auf.<strong><\/strong><\/p>\n<p>Im September 2023 besuchten der damalige ukrainische Au\u00dfenminister Dmitri Kuleba und US-Au\u00dfenminister Antony Blinken eines dieser Restaurants. Nun wird Kuleba offenbar nicht mehr auf einen &#8220;Doppel-Cheeseburger mit Cola&#8221; vorbeischauen k\u00f6nnen, um &#8220;seinen Kater loszuwerden&#8221; \u2013 vor allem, wenn er dem Rat der europ\u00e4ischen Au\u00dfenministerin Kaja Kallas folgt und mit dem Trinken anf\u00e4ngt.<strong><\/strong><\/p>\n<p>Andererseits erhielten die Ukrainer auch eine pers\u00f6nliche Empfehlung \u2013 an sich selbst zu glauben, wie ein L\u00f6we. Die Autorin dieser Empfehlung ist die Chefin des Internationalen W\u00e4hrungsfonds (IWF), Kristalina Georgiewa. Sie sagte:<strong><\/strong><\/p>\n<blockquote>\n<p><em>&#8220;Stehen Sie morgens auf und br\u00fcllen Sie. Selbstvertrauen ist wichtig. Und ich sage Ihnen aus eigener Erfahrung, aus bulgarischer Erfahrung, dass das nicht leicht sein wird.&#8221;<\/em><strong><\/strong><\/p>\n<\/blockquote>\n<p>Die ersten &#8220;Mutigen&#8221; haben diesen Rat bereits ausprobiert. Der Abgeordnete der Werchowna Rada von der Regierungspartei &#8220;Diener des Volkes&#8221;, Daniil Getmanzew, berichtete, dass es im Parlamentsgeb\u00e4ude zwar Wasser, aber keine Heizung gebe. Er beklagte sich:<strong><\/strong><\/p>\n<blockquote>\n<p><em>&#8220;Ich habe versucht, wie ein L\u00f6we zu br\u00fcllen. Das hat nicht wirklich geholfen.&#8221;<\/em><strong><\/strong><\/p>\n<\/blockquote>\n<p>W\u00e4hrend jedoch einige Kiewer versuchen, die Situation mit Humor zu nehmen, beschreiben andere die Aussichten f\u00fcr das Leben in der Stadt in d\u00fcsteren Farben. So beklagte sich eine Einwohnerin der Hauptstadt, dass ihr kleiner Sohn sich weigert, seine Oberbekleidung auszuziehen, wenn er von der Stra\u00dfe hereinkommt \u2013 weil &#8220;es zu Hause fast genauso kalt ist&#8221;. In den sozialen Netzwerken gibt es h\u00e4ufig Beschwerden dar\u00fcber, dass man die Toilette nicht benutzen kann, weil das Wasser in den Toilettensch\u00fcsseln einfach gefroren ist. Solche Situationen sind nicht \u00fcberall zu beobachten, aber ihre Zahl nimmt rapide zu.<strong><\/strong><\/p>\n<p>Unterdessen schieben sich Witali Klitschko und Wladimir Selenskij weiterhin gegenseitig die Verantwortung f\u00fcr die Energiekrise in der Hauptstadt zu. Der B\u00fcrgermeister von Kiew lie\u00df es sich nicht nehmen, den ukrainischen Machthaber in dem Interview mit der britischen Zeitung zu kritisieren, und warf ihm vor, &#8220;unvern\u00fcnftig&#8221; einen innenpolitischen Konflikt zu sch\u00fcren, obwohl das Land gerade jetzt Einheit ben\u00f6tige.<strong><\/strong><\/p>\n<p>Zuvor hatte Selenskij erkl\u00e4rt, dass in Kiew die Energieversorgung am st\u00e4rksten beeintr\u00e4chtigt sei, und die lokalen Beh\u00f6rden f\u00fcr ihre mangelnde Vorbereitung kritisiert\u00a0\u2013\u00a0wobei er hinzuf\u00fcgte, dass er auch jetzt keine aktiven Ma\u00dfnahmen sehe. Klitschko beschwerte sich daraufhin in den sozialen Netzwerken \u00fcber den &#8220;ununterbrochenen Hass&#8221; seitens der Bankowa [Regierungsstra\u00dfe von Kiew]. <strong><\/strong><\/p>\n<p>Er merkte auch an, dass er daf\u00fcr kritisiert wird, dass er die Kiewer aufgefordert habe, die Hauptstadt wegen der Energieprobleme vor\u00fcbergehend zu verlassen. Klitschko schrieb:<strong><\/strong><\/p>\n<blockquote>\n<p><em>&#8220;Ich bin zumindest ehrlich und warne die Menschen vor der \u00e4u\u00dferst schwierigen Lage. Und mir sind irgendwelche Umfragen und illusorischen Wahlen egal.&#8221;<\/em><strong><\/strong><\/p>\n<\/blockquote>\n<p>In Fachkreisen wird Klitschkos Erkl\u00e4rung als Element der politischen Konfrontation gewertet, wobei man sich einig ist: Kiew wird nicht zum alten Leben zur\u00fcckkehren, solange die derzeitigen Eliten an der Macht bleiben. Larissa Schesler, Vorsitzende der Union der politischen Emigranten und politischen Gefangenen der Ukraine (SPPU), betonte:<strong><\/strong><\/p>\n<p><em>&#8220;Die Ukraine als Staat ist nicht in der Lage, die Energieinfrastruktur zu entwickeln und wiederaufzubauen.&#8221;<\/em><strong><\/strong><\/p>\n<p>Als Beispiel f\u00fchrte sie eine Geschichte an, in der statt des Baus von Reserve-Stromleitungen enorme Mittel in den Kauf von Solarzellen investiert wurden, deren Speicher den Frost nicht aushalten. Schesler pr\u00e4zisierte:<strong><\/strong><\/p>\n<p><em>&#8220;Eine Menge Geld wurde f\u00fcr ein g\u00e4nzlich unbrauchbares System ausgegeben. Mit anderen Worten: Die Mittel flie\u00dfen in erster Linie in Projekte, bei denen es M\u00f6glichkeiten zum Diebstahl gibt. Mit einem solchen Ansatz ist eine Wiederherstellung der Energieversorgung praktisch unm\u00f6glich.&#8221;<\/em><strong><\/strong><\/p>\n<p>Eine \u00e4hnliche Ansicht vertritt der Politologe Wladimir Skatschko, Kolumnist des Nachrichtenportals <em>Ukraina.ru<\/em>. Seiner Einsch\u00e4tzung nach h\u00e4ngen die Aussichten f\u00fcr eine R\u00fcckkehr der Kiewer zum normalen Leben direkt vom Ausgang des Konflikts ab. Der Experte f\u00fchrte weiter aus:<strong><\/strong><\/p>\n<p><em>&#8220;Wenn Frieden einkehrt und die Stadt im Einflussbereich Moskaus bleibt, sind die Aussichten f\u00fcr ihre Einwohner g\u00fcnstig. Kiew galt schon immer als dritte Hauptstadt Russlands [zu Zeiten des Russischen Reiches \u2013 nach Sankt Petersburg und Moskau]. Es wiederaufzubauen und sogar zu verbessern, ist eine Frage der Ehre.<\/em><strong><\/strong><\/p>\n<p><em>Europa oder die USA hegen solche Gef\u00fchle nicht. Sie werden die Stadt nicht ohne direkten Gewinn wiederaufbauen. Wenn Kiew also die Hauptstadt der heutigen Ukraine bleibt, kann es so lange in einem Zustand bleiben, der einer humanit\u00e4ren Katastrophe nahekommt, wie es will.&#8221;<\/em><strong><\/strong><\/p>\n<p>Was Klitschkos Angaben \u00fcber die Abwanderung von 600.000 Menschen angeht, so ist es nach Meinung von Experten unm\u00f6glich, diese Zahlen zu \u00fcberpr\u00fcfen. Schesler vermutete, dass die tats\u00e4chliche Zahl der Abgewanderten h\u00f6her sein k\u00f6nnte. Sie erkl\u00e4rte:<strong><\/strong><\/p>\n<p><em>&#8220;Viele Kiewer ziehen in ihre Datschen, wo sie zumindest Wasser aus dem Brunnen holen und den Ofen anheizen k\u00f6nnen. Am schwierigsten ist die Lage f\u00fcr die Bewohner von Hochh\u00e4usern, in denen es weder Wasser noch Heizung gibt. Es ist praktisch unm\u00f6glich, Wasser in eine ungeheizte Wohnung zu bringen, deshalb verlassen viele tats\u00e4chlich die Stadt.&#8221;<\/em><strong><\/strong><\/p>\n<p><em>&#8220;Die Hauptstadt war nicht auf Krisen vorbereitet. Selbst proukrainische Medien schreiben, dass nach dem Zusammenbruch der UdSSR Bauvorhaben ohne Ber\u00fccksichtigung der Vorschriften f\u00fcr die Wohnungs- und Kommunalwirtschaft ausgef\u00fchrt wurden. Niemand hat dar\u00fcber nachgedacht, wie die Energie- und Wasserversorgung in Hochh\u00e4usern gesichert werden kann. Deshalb leiden moderne Neubauten, die vollst\u00e4ndig von Elektrizit\u00e4t abh\u00e4ngig sind, am meisten. Daran sind sowohl Selenskij als auch Klitschko schuld: Keiner von beiden ist in der Lage, das Problem zu l\u00f6sen.&#8221;<\/em><strong><\/strong><\/p>\n<p>Stattdessen schieben sie einander die Schuld f\u00fcr die Unvorbereitetheit auf einen Stromausfall zu. Skatschko glaubt, dass Klitschko nicht zuf\u00e4llig einem westlichen Magazin ein Interview gegeben hat:<strong><\/strong><\/p>\n<p><em>&#8220;Er bereitet im Voraus sein Image als Opfer politischer Repressionen vor. Klitschko hofft auch, dass er zum Pr\u00e4sidenten ernannt werden k\u00f6nnte, wenn Selenskij abgesetzt und kein Ersatz gefunden wird. Aber das sind unrealistische Hoffnungen \u2013 der Einfluss Deutschlands, auf den er sich konzentriert, nimmt in der Ukraine ab.&#8221;<\/em><strong><\/strong><\/p>\n<p>Dar\u00fcber hinaus, f\u00fcgte Schesler hinzu, versucht das Team von Selenskij, eine &#8220;Anti-Krisen&#8221;-Erz\u00e4hlung zu etablieren, indem es Fantasien verbreitet, dass &#8220;Millionen von Menschen in Russland ebenfalls ohne Strom leben&#8221;. Die Menschenrechtsaktivistin schlussfolgerte:<strong><\/strong><\/p>\n<p><em>&#8220;Ja, es gibt Probleme in Belgorod, Brjansk und in der Volksrepublik Donezk, aber sie sind nicht mit dem zu vergleichen, was Kiew durchmacht.&#8221;<\/em><strong><\/strong><\/p>\n<p>Ihrer Meinung nach ist auch das Lied der ukrainischen S\u00e4ngerin Tina Karol von diesem Geist durchdrungen, das den Stromausfall fast wie eine spirituelle Praxis darstellt. Dieses Lied wird derzeit in den sozialen Netzwerken aktiv verspottet. <strong><\/strong><\/p>\n<p>Tats\u00e4chlich sei der aktuelle Stromausfall, betonte die Menschenrechtsaktivistin, eine Folge der Weigerung der milit\u00e4risch-politischen F\u00fchrung der Ukraine, eine friedliche L\u00f6sung zu finden:<strong><\/strong><\/p>\n<p><em>&#8220;Die Streitkr\u00e4fte der Ukraine beschie\u00dfen weiterhin Belgorod, Donezk und Energieanlagen in mehreren Regionen Russlands. Das hei\u00dft, sie lernen nichts dazu \u2026 wer im Glashaus sitzt, sollte nicht mit Steinen werfen.&#8221;<\/em><strong><\/strong><\/p>\n<p>Aber selbst unter diesen Umst\u00e4nden, so sagte sie, habe man in Russland Mitgef\u00fchl mit den einfachen Kiewern \u2013 Kindern, alten Menschen, Frauen \u2013, die durch das Vorgehen von Selenskijs Regierung an den Rand des \u00dcberlebens gedr\u00e4ngt worden seien. Sie seien jedoch nicht in der Lage, Widerstand zu leisten. Schesler schlussfolgerte:<strong><\/strong><\/p>\n<p><em>&#8220;In der Ukraine gibt es keine politische Kraft, die in der Lage w\u00e4re, einen Aufstand zu organisieren, und Selenskij vernichtet mit allen ihm zur Verf\u00fcgung stehenden Mitteln jede Opposition. Ohne eine organisierende Kraft kann die zersplitterte Masse der Bev\u00f6lkerung nicht mit dem Erfolg von Protesten rechnen.&#8221;<\/em><strong><\/strong><\/p>\n<p><em>\u00dcbersetzt aus dem\u00a0<\/em><a rel=\"nofollow noopener\" target=\"_blank\" href=\"https:\/\/vz.ru\/world\/2026\/1\/21\/1388694.html\"><em>Russischen<\/em><\/a><em>. Der Artikel ist am 21. Januar 2026 zuerst auf der Webseite der Zeitung Wsgljad erschienen.<\/em><strong><\/strong><\/p>\n<p><strong><em>Anastassija Kulikowa<\/em><\/strong><em>\u00a0ist eine Journalistin und SMM-Redakteurin der Zeitung Wsgljad.<\/em><\/p>\n<p><strong>Mehr zum Thema\u00a0<\/strong>\u2013 <a rel=\"nofollow noopener\" target=\"_blank\" href=\"https:\/\/freedert.online\/kurzclips\/video\/267971-moskau-kritisiert-westen-ukrainische-verbrechen\/\">Moskau kritisiert Westen: Ukrainische Verbrechen im Donbass werden ignoriert<\/a><\/p>\n<\/div>\n<p><br \/>\n<br \/><a href=\"https:\/\/de.rt.com\/europa\/268026-ukrainische-hauptstadt-wird-fuer-normales\/\">Source link <\/a><\/p>\n","protected":false},"excerpt":{"rendered":"<p>600.000 Fl\u00fcchtlinge in drei Wochen, die Gefahr von Epidemien und die Schlie\u00dfung von McDonald\u2019s \u2013 so sieht es heute in Kiew aus. Vor dem Hintergrund des Zusammenbruchs der Wasser- und Energieversorgung r\u00e4umt B\u00fcrgermeister Witali Klitschko ein: &#8220;Die Hauptstadt steht am Rande einer humanit\u00e4ren Katastrophe.&#8221; Von\u00a0Anastassija\u00a0Kulikowa Kiew stehe kurz vor einer humanit\u00e4ren Katastrophe. Dies teilte der [&hellip;]<\/p>\n","protected":false},"author":3,"featured_media":97692,"comment_status":"open","ping_status":"open","sticky":false,"template":"","format":"standard","meta":{"_yoast_indexnow_last_ping":["1769146745"],"wp_automatic_camp":["217"],"638cfc4b9080c6f366fa4620795e9a52":["Ukrainische Hauptstadt wird f\u00fcr normales Leben unbewohnbar"],"original_link":["https:\/\/de.rt.com\/europa\/268026-ukrainische-hauptstadt-wird-fuer-normales\/"],"_thumbnail_id":["97692"],"jnews_social_counter_last_update":["1777097002"],"_wptgpro_p2tg_sent2tg":["a:1:{i:23737;s:19:\"2026-01-23 07:40:08\";}"]},"categories":[19,23],"tags":[221,19693,5886,32226,905,51766,374],"yoast_head":"<!-- This site is optimized with the Yoast SEO Premium plugin v22.7 (Yoast SEO v22.7) - https:\/\/yoast.com\/wordpress\/plugins\/seo\/ -->\n<title>Ukrainische Hauptstadt wird f\u00fcr normales Leben unbewohnbar - just-now.NEWS Deutschland<\/title>\n<meta name=\"robots\" content=\"index, follow, max-snippet:-1, max-image-preview:large, max-video-preview:-1\" \/>\n<link rel=\"canonical\" href=\"https:\/\/now-news.de\/de\/deutschland\/ukrainische-hauptstadt-wird-fuer-normales-leben-unbewohnbar\/\" \/>\n<meta property=\"og:locale\" content=\"de_DE\" \/>\n<meta property=\"og:type\" content=\"article\" \/>\n<meta property=\"og:title\" content=\"Ukrainische Hauptstadt wird f\u00fcr normales Leben unbewohnbar\" \/>\n<meta property=\"og:description\" content=\"600.000 Fl\u00fcchtlinge in drei Wochen, die Gefahr von Epidemien und die Schlie\u00dfung von McDonald\u2019s \u2013 so sieht es heute in Kiew aus. Vor dem Hintergrund des Zusammenbruchs der Wasser- und Energieversorgung r\u00e4umt B\u00fcrgermeister Witali Klitschko ein: &#8220;Die Hauptstadt steht am Rande einer humanit\u00e4ren Katastrophe.&#8221; Von\u00a0Anastassija\u00a0Kulikowa Kiew stehe kurz vor einer humanit\u00e4ren Katastrophe. Dies teilte der [&hellip;]\" \/>\n<meta property=\"og:url\" content=\"https:\/\/now-news.de\/de\/deutschland\/ukrainische-hauptstadt-wird-fuer-normales-leben-unbewohnbar\/\" \/>\n<meta property=\"og:site_name\" content=\"just-now.NEWS Deutschland\" \/>\n<meta property=\"article:publisher\" content=\"https:\/\/www.facebook.com\/wirmachenauf\" \/>\n<meta property=\"article:published_time\" content=\"2026-01-23T05:30:00+00:00\" \/>\n<meta property=\"og:image\" content=\"https:\/\/now-news.de\/de\/wp-content\/uploads\/sites\/3\/2026\/01\/69721dd6b480cc1c2045d7ca.jpg\" \/>\n<meta name=\"author\" content=\"rtnews\" \/>\n<meta name=\"twitter:card\" content=\"summary_large_image\" \/>\n<meta name=\"twitter:creator\" content=\"@WirMachenAuf_de\" \/>\n<meta name=\"twitter:site\" content=\"@WirMachenAuf_de\" \/>\n<meta name=\"twitter:label1\" content=\"Verfasst von\" \/>\n\t<meta name=\"twitter:data1\" content=\"rtnews\" \/>\n\t<meta name=\"twitter:label2\" content=\"Gesch\u00e4tzte Lesezeit\" \/>\n\t<meta name=\"twitter:data2\" content=\"9\u00a0Minuten\" \/>\n<script type=\"application\/ld+json\" class=\"yoast-schema-graph\">{\"@context\":\"https:\/\/schema.org\",\"@graph\":[{\"@type\":\"Article\",\"@id\":\"https:\/\/now-news.de\/de\/deutschland\/ukrainische-hauptstadt-wird-fuer-normales-leben-unbewohnbar\/#article\",\"isPartOf\":{\"@id\":\"https:\/\/now-news.de\/de\/deutschland\/ukrainische-hauptstadt-wird-fuer-normales-leben-unbewohnbar\/\"},\"author\":{\"name\":\"rtnews\",\"@id\":\"https:\/\/now-news.de\/de\/#\/schema\/person\/fb534a4e865501d8b3285208df34a9b5\"},\"headline\":\"Ukrainische Hauptstadt wird f\u00fcr normales Leben unbewohnbar\",\"datePublished\":\"2026-01-23T05:30:00+00:00\",\"dateModified\":\"2026-01-23T05:30:00+00:00\",\"mainEntityOfPage\":{\"@id\":\"https:\/\/now-news.de\/de\/deutschland\/ukrainische-hauptstadt-wird-fuer-normales-leben-unbewohnbar\/\"},\"wordCount\":1754,\"commentCount\":0,\"publisher\":{\"@id\":\"https:\/\/now-news.de\/de\/#organization\"},\"image\":{\"@id\":\"https:\/\/now-news.de\/de\/deutschland\/ukrainische-hauptstadt-wird-fuer-normales-leben-unbewohnbar\/#primaryimage\"},\"thumbnailUrl\":\"https:\/\/now-news.de\/de\/wp-content\/uploads\/sites\/3\/2026\/01\/Ukrainische-Hauptstadt-wird-fuer-normales-Leben-unbewohnbar.jpg\",\"keywords\":[\"f\u00fcr\",\"Hauptstadt\",\"leben\",\"normales\",\"Ukrainische\",\"unbewohnbar\",\"wird\"],\"articleSection\":[\"Deutschland\",\"Russland\"],\"inLanguage\":\"de\",\"potentialAction\":[{\"@type\":\"CommentAction\",\"name\":\"Comment\",\"target\":[\"https:\/\/now-news.de\/de\/deutschland\/ukrainische-hauptstadt-wird-fuer-normales-leben-unbewohnbar\/#respond\"]}]},{\"@type\":\"WebPage\",\"@id\":\"https:\/\/now-news.de\/de\/deutschland\/ukrainische-hauptstadt-wird-fuer-normales-leben-unbewohnbar\/\",\"url\":\"https:\/\/now-news.de\/de\/deutschland\/ukrainische-hauptstadt-wird-fuer-normales-leben-unbewohnbar\/\",\"name\":\"Ukrainische Hauptstadt wird f\u00fcr normales Leben unbewohnbar - just-now.NEWS Deutschland\",\"isPartOf\":{\"@id\":\"https:\/\/now-news.de\/de\/#website\"},\"primaryImageOfPage\":{\"@id\":\"https:\/\/now-news.de\/de\/deutschland\/ukrainische-hauptstadt-wird-fuer-normales-leben-unbewohnbar\/#primaryimage\"},\"image\":{\"@id\":\"https:\/\/now-news.de\/de\/deutschland\/ukrainische-hauptstadt-wird-fuer-normales-leben-unbewohnbar\/#primaryimage\"},\"thumbnailUrl\":\"https:\/\/now-news.de\/de\/wp-content\/uploads\/sites\/3\/2026\/01\/Ukrainische-Hauptstadt-wird-fuer-normales-Leben-unbewohnbar.jpg\",\"datePublished\":\"2026-01-23T05:30:00+00:00\",\"dateModified\":\"2026-01-23T05:30:00+00:00\",\"breadcrumb\":{\"@id\":\"https:\/\/now-news.de\/de\/deutschland\/ukrainische-hauptstadt-wird-fuer-normales-leben-unbewohnbar\/#breadcrumb\"},\"inLanguage\":\"de\",\"potentialAction\":[{\"@type\":\"ReadAction\",\"target\":[\"https:\/\/now-news.de\/de\/deutschland\/ukrainische-hauptstadt-wird-fuer-normales-leben-unbewohnbar\/\"]}]},{\"@type\":\"ImageObject\",\"inLanguage\":\"de\",\"@id\":\"https:\/\/now-news.de\/de\/deutschland\/ukrainische-hauptstadt-wird-fuer-normales-leben-unbewohnbar\/#primaryimage\",\"url\":\"https:\/\/now-news.de\/de\/wp-content\/uploads\/sites\/3\/2026\/01\/Ukrainische-Hauptstadt-wird-fuer-normales-Leben-unbewohnbar.jpg\",\"contentUrl\":\"https:\/\/now-news.de\/de\/wp-content\/uploads\/sites\/3\/2026\/01\/Ukrainische-Hauptstadt-wird-fuer-normales-Leben-unbewohnbar.jpg\",\"width\":460,\"height\":259,\"caption\":\"Ukrainische Hauptstadt wird f\u00fcr normales Leben unbewohnbar\"},{\"@type\":\"BreadcrumbList\",\"@id\":\"https:\/\/now-news.de\/de\/deutschland\/ukrainische-hauptstadt-wird-fuer-normales-leben-unbewohnbar\/#breadcrumb\",\"itemListElement\":[{\"@type\":\"ListItem\",\"position\":1,\"name\":\"Home\",\"item\":\"https:\/\/now-news.de\/de\/\"},{\"@type\":\"ListItem\",\"position\":2,\"name\":\"Ukrainische Hauptstadt wird f\u00fcr normales Leben unbewohnbar\"}]},{\"@type\":\"WebSite\",\"@id\":\"https:\/\/now-news.de\/de\/#website\",\"url\":\"https:\/\/now-news.de\/de\/\",\"name\":\"just-now.NEWS Deutschland\",\"description\":\"Das Portal f\u00fcr unzensierte Nachrichten aus der Welt\",\"publisher\":{\"@id\":\"https:\/\/now-news.de\/de\/#organization\"},\"potentialAction\":[{\"@type\":\"SearchAction\",\"target\":{\"@type\":\"EntryPoint\",\"urlTemplate\":\"https:\/\/now-news.de\/de\/?s={search_term_string}\"},\"query-input\":\"required name=search_term_string\"}],\"inLanguage\":\"de\"},{\"@type\":\"Organization\",\"@id\":\"https:\/\/now-news.de\/de\/#organization\",\"name\":\"Just Now News\",\"url\":\"https:\/\/now-news.de\/de\/\",\"logo\":{\"@type\":\"ImageObject\",\"inLanguage\":\"de\",\"@id\":\"https:\/\/now-news.de\/de\/#\/schema\/logo\/image\/\",\"url\":\"http:\/\/just-now.news\/de\/wp-content\/uploads\/sites\/3\/2022\/04\/logo500x500.jpg\",\"contentUrl\":\"http:\/\/just-now.news\/de\/wp-content\/uploads\/sites\/3\/2022\/04\/logo500x500.jpg\",\"width\":500,\"height\":500,\"caption\":\"Just Now News\"},\"image\":{\"@id\":\"https:\/\/now-news.de\/de\/#\/schema\/logo\/image\/\"},\"sameAs\":[\"https:\/\/www.facebook.com\/wirmachenauf\",\"https:\/\/x.com\/WirMachenAuf_de\"]},{\"@type\":\"Person\",\"@id\":\"https:\/\/now-news.de\/de\/#\/schema\/person\/fb534a4e865501d8b3285208df34a9b5\",\"name\":\"rtnews\",\"image\":{\"@type\":\"ImageObject\",\"inLanguage\":\"de\",\"@id\":\"https:\/\/now-news.de\/de\/#\/schema\/person\/image\/\",\"url\":\"https:\/\/secure.gravatar.com\/avatar\/82aafea7d8127119dd649515f56e2117?s=96&d=mm&r=g\",\"contentUrl\":\"https:\/\/secure.gravatar.com\/avatar\/82aafea7d8127119dd649515f56e2117?s=96&d=mm&r=g\",\"caption\":\"rtnews\"},\"url\":\"https:\/\/now-news.de\/de\/author\/rnews\/\"}]}<\/script>\n<!-- \/ Yoast SEO Premium plugin. -->","yoast_head_json":{"title":"Ukrainische Hauptstadt wird f\u00fcr normales Leben unbewohnbar - just-now.NEWS Deutschland","robots":{"index":"index","follow":"follow","max-snippet":"max-snippet:-1","max-image-preview":"max-image-preview:large","max-video-preview":"max-video-preview:-1"},"canonical":"https:\/\/now-news.de\/de\/deutschland\/ukrainische-hauptstadt-wird-fuer-normales-leben-unbewohnbar\/","og_locale":"de_DE","og_type":"article","og_title":"Ukrainische Hauptstadt wird f\u00fcr normales Leben unbewohnbar","og_description":"600.000 Fl\u00fcchtlinge in drei Wochen, die Gefahr von Epidemien und die Schlie\u00dfung von McDonald\u2019s \u2013 so sieht es heute in Kiew aus. Vor dem Hintergrund des Zusammenbruchs der Wasser- und Energieversorgung r\u00e4umt B\u00fcrgermeister Witali Klitschko ein: &#8220;Die Hauptstadt steht am Rande einer humanit\u00e4ren Katastrophe.&#8221; Von\u00a0Anastassija\u00a0Kulikowa Kiew stehe kurz vor einer humanit\u00e4ren Katastrophe. Dies teilte der [&hellip;]","og_url":"https:\/\/now-news.de\/de\/deutschland\/ukrainische-hauptstadt-wird-fuer-normales-leben-unbewohnbar\/","og_site_name":"just-now.NEWS Deutschland","article_publisher":"https:\/\/www.facebook.com\/wirmachenauf","article_published_time":"2026-01-23T05:30:00+00:00","og_image":[{"url":"https:\/\/now-news.de\/de\/wp-content\/uploads\/sites\/3\/2026\/01\/69721dd6b480cc1c2045d7ca.jpg"}],"author":"rtnews","twitter_card":"summary_large_image","twitter_creator":"@WirMachenAuf_de","twitter_site":"@WirMachenAuf_de","twitter_misc":{"Verfasst von":"rtnews","Gesch\u00e4tzte Lesezeit":"9\u00a0Minuten"},"schema":{"@context":"https:\/\/schema.org","@graph":[{"@type":"Article","@id":"https:\/\/now-news.de\/de\/deutschland\/ukrainische-hauptstadt-wird-fuer-normales-leben-unbewohnbar\/#article","isPartOf":{"@id":"https:\/\/now-news.de\/de\/deutschland\/ukrainische-hauptstadt-wird-fuer-normales-leben-unbewohnbar\/"},"author":{"name":"rtnews","@id":"https:\/\/now-news.de\/de\/#\/schema\/person\/fb534a4e865501d8b3285208df34a9b5"},"headline":"Ukrainische Hauptstadt wird f\u00fcr normales Leben unbewohnbar","datePublished":"2026-01-23T05:30:00+00:00","dateModified":"2026-01-23T05:30:00+00:00","mainEntityOfPage":{"@id":"https:\/\/now-news.de\/de\/deutschland\/ukrainische-hauptstadt-wird-fuer-normales-leben-unbewohnbar\/"},"wordCount":1754,"commentCount":0,"publisher":{"@id":"https:\/\/now-news.de\/de\/#organization"},"image":{"@id":"https:\/\/now-news.de\/de\/deutschland\/ukrainische-hauptstadt-wird-fuer-normales-leben-unbewohnbar\/#primaryimage"},"thumbnailUrl":"https:\/\/now-news.de\/de\/wp-content\/uploads\/sites\/3\/2026\/01\/Ukrainische-Hauptstadt-wird-fuer-normales-Leben-unbewohnbar.jpg","keywords":["f\u00fcr","Hauptstadt","leben","normales","Ukrainische","unbewohnbar","wird"],"articleSection":["Deutschland","Russland"],"inLanguage":"de","potentialAction":[{"@type":"CommentAction","name":"Comment","target":["https:\/\/now-news.de\/de\/deutschland\/ukrainische-hauptstadt-wird-fuer-normales-leben-unbewohnbar\/#respond"]}]},{"@type":"WebPage","@id":"https:\/\/now-news.de\/de\/deutschland\/ukrainische-hauptstadt-wird-fuer-normales-leben-unbewohnbar\/","url":"https:\/\/now-news.de\/de\/deutschland\/ukrainische-hauptstadt-wird-fuer-normales-leben-unbewohnbar\/","name":"Ukrainische Hauptstadt wird f\u00fcr normales Leben unbewohnbar - just-now.NEWS Deutschland","isPartOf":{"@id":"https:\/\/now-news.de\/de\/#website"},"primaryImageOfPage":{"@id":"https:\/\/now-news.de\/de\/deutschland\/ukrainische-hauptstadt-wird-fuer-normales-leben-unbewohnbar\/#primaryimage"},"image":{"@id":"https:\/\/now-news.de\/de\/deutschland\/ukrainische-hauptstadt-wird-fuer-normales-leben-unbewohnbar\/#primaryimage"},"thumbnailUrl":"https:\/\/now-news.de\/de\/wp-content\/uploads\/sites\/3\/2026\/01\/Ukrainische-Hauptstadt-wird-fuer-normales-Leben-unbewohnbar.jpg","datePublished":"2026-01-23T05:30:00+00:00","dateModified":"2026-01-23T05:30:00+00:00","breadcrumb":{"@id":"https:\/\/now-news.de\/de\/deutschland\/ukrainische-hauptstadt-wird-fuer-normales-leben-unbewohnbar\/#breadcrumb"},"inLanguage":"de","potentialAction":[{"@type":"ReadAction","target":["https:\/\/now-news.de\/de\/deutschland\/ukrainische-hauptstadt-wird-fuer-normales-leben-unbewohnbar\/"]}]},{"@type":"ImageObject","inLanguage":"de","@id":"https:\/\/now-news.de\/de\/deutschland\/ukrainische-hauptstadt-wird-fuer-normales-leben-unbewohnbar\/#primaryimage","url":"https:\/\/now-news.de\/de\/wp-content\/uploads\/sites\/3\/2026\/01\/Ukrainische-Hauptstadt-wird-fuer-normales-Leben-unbewohnbar.jpg","contentUrl":"https:\/\/now-news.de\/de\/wp-content\/uploads\/sites\/3\/2026\/01\/Ukrainische-Hauptstadt-wird-fuer-normales-Leben-unbewohnbar.jpg","width":460,"height":259,"caption":"Ukrainische Hauptstadt wird f\u00fcr normales Leben unbewohnbar"},{"@type":"BreadcrumbList","@id":"https:\/\/now-news.de\/de\/deutschland\/ukrainische-hauptstadt-wird-fuer-normales-leben-unbewohnbar\/#breadcrumb","itemListElement":[{"@type":"ListItem","position":1,"name":"Home","item":"https:\/\/now-news.de\/de\/"},{"@type":"ListItem","position":2,"name":"Ukrainische Hauptstadt wird f\u00fcr normales Leben unbewohnbar"}]},{"@type":"WebSite","@id":"https:\/\/now-news.de\/de\/#website","url":"https:\/\/now-news.de\/de\/","name":"just-now.NEWS Deutschland","description":"Das Portal f\u00fcr unzensierte Nachrichten aus der Welt","publisher":{"@id":"https:\/\/now-news.de\/de\/#organization"},"potentialAction":[{"@type":"SearchAction","target":{"@type":"EntryPoint","urlTemplate":"https:\/\/now-news.de\/de\/?s={search_term_string}"},"query-input":"required name=search_term_string"}],"inLanguage":"de"},{"@type":"Organization","@id":"https:\/\/now-news.de\/de\/#organization","name":"Just Now News","url":"https:\/\/now-news.de\/de\/","logo":{"@type":"ImageObject","inLanguage":"de","@id":"https:\/\/now-news.de\/de\/#\/schema\/logo\/image\/","url":"http:\/\/just-now.news\/de\/wp-content\/uploads\/sites\/3\/2022\/04\/logo500x500.jpg","contentUrl":"http:\/\/just-now.news\/de\/wp-content\/uploads\/sites\/3\/2022\/04\/logo500x500.jpg","width":500,"height":500,"caption":"Just Now News"},"image":{"@id":"https:\/\/now-news.de\/de\/#\/schema\/logo\/image\/"},"sameAs":["https:\/\/www.facebook.com\/wirmachenauf","https:\/\/x.com\/WirMachenAuf_de"]},{"@type":"Person","@id":"https:\/\/now-news.de\/de\/#\/schema\/person\/fb534a4e865501d8b3285208df34a9b5","name":"rtnews","image":{"@type":"ImageObject","inLanguage":"de","@id":"https:\/\/now-news.de\/de\/#\/schema\/person\/image\/","url":"https:\/\/secure.gravatar.com\/avatar\/82aafea7d8127119dd649515f56e2117?s=96&d=mm&r=g","contentUrl":"https:\/\/secure.gravatar.com\/avatar\/82aafea7d8127119dd649515f56e2117?s=96&d=mm&r=g","caption":"rtnews"},"url":"https:\/\/now-news.de\/de\/author\/rnews\/"}]}},"_links":{"self":[{"href":"https:\/\/now-news.de\/de\/wp-json\/wp\/v2\/posts\/97691"}],"collection":[{"href":"https:\/\/now-news.de\/de\/wp-json\/wp\/v2\/posts"}],"about":[{"href":"https:\/\/now-news.de\/de\/wp-json\/wp\/v2\/types\/post"}],"author":[{"embeddable":true,"href":"https:\/\/now-news.de\/de\/wp-json\/wp\/v2\/users\/3"}],"replies":[{"embeddable":true,"href":"https:\/\/now-news.de\/de\/wp-json\/wp\/v2\/comments?post=97691"}],"version-history":[{"count":0,"href":"https:\/\/now-news.de\/de\/wp-json\/wp\/v2\/posts\/97691\/revisions"}],"wp:featuredmedia":[{"embeddable":true,"href":"https:\/\/now-news.de\/de\/wp-json\/wp\/v2\/media\/97692"}],"wp:attachment":[{"href":"https:\/\/now-news.de\/de\/wp-json\/wp\/v2\/media?parent=97691"}],"wp:term":[{"taxonomy":"category","embeddable":true,"href":"https:\/\/now-news.de\/de\/wp-json\/wp\/v2\/categories?post=97691"},{"taxonomy":"post_tag","embeddable":true,"href":"https:\/\/now-news.de\/de\/wp-json\/wp\/v2\/tags?post=97691"}],"curies":[{"name":"wp","href":"https:\/\/api.w.org\/{rel}","templated":true}]}}