{"id":97679,"date":"2026-01-22T20:29:10","date_gmt":"2026-01-22T18:29:10","guid":{"rendered":"https:\/\/now-news.de\/de\/deutschland\/das-paul-unehrlich-institut-und-der-juengste-skandal-in-der-corona-aufarbeitung\/"},"modified":"2026-01-22T20:29:10","modified_gmt":"2026-01-22T18:29:10","slug":"das-paul-unehrlich-institut-und-der-juengste-skandal-in-der-corona-aufarbeitung","status":"publish","type":"post","link":"https:\/\/now-news.de\/de\/deutschland\/das-paul-unehrlich-institut-und-der-juengste-skandal-in-der-corona-aufarbeitung\/","title":{"rendered":"Das Paul-(Un)Ehrlich-Institut und der j\u00fcngste Skandal in der &quot;Corona-Aufarbeitung&quot;"},"content":{"rendered":"<p><img decoding=\"async\" src=\"https:\/\/now-news.de\/de\/wp-content\/uploads\/sites\/3\/2026\/01\/697221beb480cc1eaa447f93.jpg\" \/><\/p>\n<div class=\"Text-root Text-type_1 \">\n                Hartn\u00e4ckigkeit und aufrichtiges Interesse l\u00e4sst die Verbrechen an der Menschheit im Zeitraum der &#8220;Corona-Krise&#8221; nicht im Dunkeln verschwinden. Erneut pr\u00e4sentiert ein freier Journalist je nach Blickwinkel wenig \u00dcberraschendes zum Thema des mutwilligen &#8220;Versagens&#8221; staatlicher Beh\u00f6rden in den drei dunklen Jahren der &#8220;Pandemie&#8221;.\n            <\/div>\n<p><\/p>\n<div class=\"Text-root Text-type_5 ArticleView-text ViewText-root \">\n<p><em>Von Bernhard Loyen<\/em><\/p>\n<p data-start=\"176\" data-end=\"361\">Januar 2024, die Pressestelle des Paul-Ehrlich-Instituts (PEI) kann stolz <a rel=\"nofollow noopener\" target=\"_blank\" href=\"https:\/\/www.pei.de\/DE\/newsroom\/hp-meldungen\/2024\/240118-bundesverdienstkreuz-klaus-cichutek.html\">verk\u00fcnden<\/a>, dass ihr langj\u00e4hriger verantwortlicher Leiter, Klaus Cichutek, von Bundespr\u00e4sident Frank-Walter Steinmeier &#8220;mit dem Verdienstkreuz 1. Klasse des Verdienstordens der Bundesrepublik Deutschland ausgezeichnet&#8221; wird. Diese hohe staatliche Ehrung erhielt er, ausdr\u00fccklich in der Rede von Steinmeier betont, &#8220;f\u00fcr seinen herausragenden Einsatz bei der Bew\u00e4ltigung der COVID-19-Pandemie und den bedeutenden Beitrag, den er als Pr\u00e4sident des Paul-Ehrlich-Instituts dabei geleistet hat.&#8221;<\/p>\n<p data-start=\"176\" data-end=\"361\">Zwei Jahre sp\u00e4ter berichtet der Publizist und freie Journalist Bastian Barucker \u2013 erneut \u2013 \u00fcber weitere nachweisliche Abgr\u00fcnde politisch motivierter Arbeitsverweigerung in den drei dunklen Jahren einer mutwillig forcierten Ausnahmesiutation f\u00fcr Millionen ma\u00dfnahmenkritische Menschen im Land. So hei\u00dft es einleitend auf seinem Blog in einem aktuellen <a rel=\"nofollow noopener\" target=\"_blank\" href=\"https:\/\/www.barucker.press\/p\/pei-abteilung-protokolle\">Artikel<\/a>:<\/p>\n<p data-start=\"176\" data-end=\"361\"><em>&#8220;Angeblich soll nicht nur der f\u00fcr die Impfstoffsicherheit zust\u00e4ndige Fachbereich, sondern auch die gesamte \u00fcbergeordnete Abteilung des PEI \u00fcber Jahre hinweg kein einziges Protokoll angelegt haben.&#8221;<\/em><\/p>\n<p data-start=\"176\" data-end=\"361\">Mit &#8220;angeblich&#8221; meint Barucker, dass er schlicht nur die schleppende, dabei eingeklagte Kommunikation des Instituts hinsichtlich berechtigten Fragen zu ihrer (Nicht)-T\u00e4tigkeit vermitteln kann. Barucker fasst zu Beginn seines Artikels mehr als treffend die Realit\u00e4ten der bis dato bekannten Tatsachen zum Thema bewusste N\u00f6tigung von B\u00fcrgern zusammen:<\/p>\n<p data-start=\"176\" data-end=\"361\"><em>&#8220;<a rel=\"nofollow noopener\" target=\"_blank\" href=\"https:\/\/www.langer-blomqvist.de\/vereinnahmte-wissenschaft-die-corona-protokolle-des-robert-koch-instituts-9783948576219.html\">Die Ver\u00f6ffentlichung der Corona-Protokolle<\/a> des Robert-Koch-Instituts hat aufgedeckt, dass die Pandemiepolitik nicht auf wissenschaftlichen Erkenntnissen fu\u00dfte. Anstatt der Wissenschaft zu folgen, konstruierte die Politik ein Corona-Management, welches <a rel=\"nofollow noopener\" target=\"_blank\" href=\"https:\/\/blog.bastian-barucker.de\/corona-bilanz-john-ioannidis\/\">keinen nachweisbaren medizinischen Nutzen<\/a> hatte und explizit <a rel=\"nofollow noopener\" target=\"_blank\" href=\"https:\/\/www.nachdenkseiten.de\/?p=119398\">gegen die Empfehlungen<\/a> der Wissenschaftler im RKI war.&#8221;\u00a0<\/em><\/p>\n<p data-start=\"176\" data-end=\"361\">Aufgedeckte Skandale, die allesamt rein der Hartn\u00e4ckigkeit der alternativen Medienszene zu verdanken sind, allen voran dem Portal <em>Multipolar,<\/em>\u00a0freien Journalisten und Bloggern\u00a0sowie\u00a0der b\u00f6sen &#8220;rechten&#8221; X-Schwarmintelligenz.\u00a0<\/p>\n<p data-start=\"176\" data-end=\"361\">Zur Erinnerung: Barucker forderte erstmalige unter Nutzung des &#8220;Informationsfreiheitsgesetzes&#8221; PEI-Protokolle an, die er dann nur unter Druck juristischer Unterst\u00fctzung erhielt (<em>RT DE<\/em>\u00a0<a rel=\"nofollow noopener\" target=\"_blank\" href=\"https:\/\/freedert.online\/inland\/261081-daten-welche-daten-der-naechste-skandal-des-paul-ehrlich-instituts\/\">berichtete<\/a>).\u00a0\u00a0<\/p>\n<p data-start=\"176\" data-end=\"361\">Diese betrafen das PEI-Fachgebiet der &#8220;Pharmakovigilanz (SBD 1)&#8221;, das explizit f\u00fcr die \u00dcberwachung der Arzneimittelsicherheit zust\u00e4ndig ist, zugeh\u00f6rig zur Abteilung &#8220;Sicherheit von biomedizinischen Arzneimitteln und Diagnostika (SBD)&#8221;. Nach Erhalt und Auswertung forderte Barucker weitere spezifische SBD-Unterlagen an. Dazu hei\u00dft es nun:<\/p>\n<p data-start=\"176\" data-end=\"361\"><em>&#8220;Die kaum zu glaubende <a rel=\"nofollow noopener\" target=\"_blank\" href=\"https:\/\/fragdenstaat.de\/anfrage\/protokolle-abteilung-sbd\/\">Mitteilung<\/a> auf meine Anfrage lautete: Die im Anhang \u00fcbermittelten amtlichen Unterlagen umfassen die Protokolle f\u00fcr den Zeitraum vom 11.05.2023 bis zum 20.11.2025. F\u00fcr den Zeitraum ab 2019 bis zum 10.05.2023 liegen dem Paul-Ehrlich Institut keine schriftlichen Protokolle vor. Auf die Erstellung schriftlicher Protokolle wurde innerhalb dieses Zeitraums verzichtet, u. a. da aufgrund der au\u00dfergew\u00f6hnlich hohen Arbeitsbelastung w\u00e4hrend der Pandemie die Ressourcen vorrangig auf die Erledigung der Amtsaufgaben konzentriert wurden und die fakultative Dokumentation der Sitzungen daher zur\u00fcckgestellt wurde.&#8221;<\/em><\/p>\n<p data-start=\"176\" data-end=\"361\">Also Arbeitsverweigerung unter dem Deckmantel einer vermeintlichen &#8220;hohen Arbeitsbelastung&#8221;. Skandal Nummer 1. Der weitere Skandal lautet, das PEI unter Verdienstordentr\u00e4ger\u00a0Cichutek war und ist ein &#8220;Bundesinstitut f\u00fcr Impfstoffe und biomedizinische Arzneimittel, eine Bundesoberbeh\u00f6rde <a rel=\"nofollow noopener\" target=\"_blank\" href=\"https:\/\/www.pei.de\/DE\/institut\/institut-node.html\">im Gesch\u00e4ftsbereich<\/a> des Bundesministeriums f\u00fcr Gesundheit (BMG)&#8221;.\u00a0<\/p>\n<p data-start=\"176\" data-end=\"361\">Im Rahmen der Pandemie gab es also an keinem Tag der historischen &#8220;Corona-Krise&#8221; den Bedarf auch nur eines BMG-Mitarbeiters an Protokollen der zust\u00e4ndigen PEI-Abteilung &#8220;f\u00fcr die \u00dcberwachung der Arzneimittelsicherheit&#8221;?<\/p>\n<p data-start=\"176\" data-end=\"361\">Im\u00a0Oktober 2021 <a rel=\"nofollow noopener\" target=\"_blank\" href=\"https:\/\/www.aerzteblatt.de\/news\/paul-ehrlich-institut-startet-zentrum-fuer-pandemieimpfstoffe-und-therapeutika-bc036ed0-7745-4849-99d9-3d5b2cf35eeb\">berichtete<\/a> das Deutsche \u00c4rtzeblatt, dass das Paul-Ehrlich-Institut ein &#8220;Zentrum f\u00fcr Pandemieimpf\u00adstoffe und -therapeutika&#8221;, kurz ZEPAI, er\u00f6ffnet habe.\u00a0Kernaufgabe des ZEPAI sei es, &#8220;zuk\u00fcnftig eine Infrastruktur bereitzustellen, um Impfstoffe und Therapeu\u00adtika im Falle einer Pandemie schnellstm\u00f6glich zu entwickeln, zu produzieren und zu verteilen.&#8221;\u00a0<\/p>\n<p data-start=\"176\" data-end=\"361\">Erste mRNA-Versuchsstoffe, deklariert als COVID-Impstoff der Stunde, waren ab Dezember 2020 fahrl\u00e4ssig ohne Erfahrungswerte zugelassen worden. Verantwortlich in Deutschland \u2013 das PEI. Die &#8220;<a rel=\"nofollow noopener\" target=\"_blank\" href=\"https:\/\/www.pei.de\/DE\/newsroom\/pm\/jahr\/2020\/08-erste-klinische-pruefung-sars-cov-2-impfstoff-in-deutschland.html\">erste klinische Pr\u00fcfung<\/a>&#8221; samt Versuchsanordnung an Menschen mit\u00a0einem &#8220;COVID-19-Impfstoff in Deutschland&#8221; erfolgte durch das Institut bereits im August 2020.<\/p>\n<p data-start=\"176\" data-end=\"361\">Rund sechs Jahre sp\u00e4ter informiert der &#8220;Pandemie&#8221;-Ma\u00dfnahmenkritiker Professor Homburg auf X, dass aktuelle PEI-Ver\u00f6ffentlichungen je nach Blickwinkel erkenntnisreiche, best\u00e4tigende bis hin zu schockierende Realit\u00e4ten pr\u00e4sentieren. Dazu hei\u00dft es:<\/p>\n<p data-start=\"176\" data-end=\"361\"><em>&#8220;In Summe 1,1 Millionen [PEI-]Meldungen, von Beschwerden bis Todesf\u00e4llen, stellen alle anderen Impfstoffe in den Schatten. Ein beispielloser medizinischer Skandal.&#8221;<\/em><\/p>\n<div class=\"EmbedBlock-root EmbedBlock-twitter\">\n<div class=\"TwitterEmbed\">\n<blockquote class=\"twitter-tweet lazyload\" data-twitter=\"twitter-tweet\">\n<p lang=\"de\" dir=\"ltr\">In Summe 1,1 Mio. Meldungen, von Beschwerden bis Todesf\u00e4llen, stellen alle anderen Impfstoffe in den Schatten. Ein beispielloser medizinischer Skandal.Link: <a rel=\"nofollow noopener\" target=\"_blank\" href=\"https:\/\/t.co\/x002YEaiDi\">https:\/\/t.co\/x002YEaiDi<\/a>Erfahrungsgem\u00e4\u00df wird nur ein Teil der Impfsch\u00e4den per Brief, Telefon oder elektronisch gemeldet.\u2026 <a rel=\"nofollow noopener\" target=\"_blank\" href=\"https:\/\/t.co\/ievfE0wneB\">pic.twitter.com\/ievfE0wneB<\/a><\/p>\n<p>\u2014 Stefan Homburg (@SHomburg) <a rel=\"nofollow noopener\" target=\"_blank\" href=\"https:\/\/twitter.com\/SHomburg\/status\/2014268146522132616?ref_src=twsrc%5Etfw\">January 22, 2026<\/a><\/p><\/blockquote>\n<\/div>\n<\/div>\n<p>Die PEI-Pressestelle pr\u00e4sentierte besorgten B\u00fcrger jener Zeit zur dringlichen und berechtigten Frage, warum &#8220;in besonderen Situationen wie der Coronavirus-Pandemie Impfstoffe sehr schnell zugelassen werden&#8221; und \u2013 Achtung \u2013 &#8220;zugleich sicher sein k\u00f6nnen&#8221;, folgende bis heute nachzulesende <a rel=\"nofollow noopener\" target=\"_blank\" href=\"https:\/\/www.pei.de\/DE\/service\/faq\/regulation\/faq-zulassung-node.html\">Erkl\u00e4rung<\/a>:<\/p>\n<p><em>&#8220;Die Entwicklung von Impfstoffen gegen neue Erreger ist ein komplexer und langwieriger Prozess, der meist mehrere Jahre beansprucht. Vor der Zulassung muss ein Impfstoffkandidat alle Phasen der Arzneimittelentwicklung erfolgreich durchlaufen (&#8230;)<\/em><\/p>\n<p><em>Damit ein Impfstoff eine Zulassung erhalten kann, muss seine Qualit\u00e4t, Unbedenklichkeit und Wirksamkeit belegt werden. <\/em><\/p>\n<p><em>Diese Erkenntnis hat alle an der Impfstoffentwicklung beteiligten Expertinnen und Experten bewogen, die Zusammenarbeit enger und die Prozesse <strong>effizienter zu gestalten<\/strong>, ohne Abstriche bei der Sorgfalt zu machen. Dies hat auch <strong>zu deutlichen Optimierungen<\/strong> der Verfahrensabl\u00e4ufe und einem Zeitgewinn bei der Entwicklung gef\u00fchrt. (&#8230;)&#8221;<\/em><\/p>\n<p>Wie hoch die finale Opferzahl allein in Deutschland liegt, bezogen auf sogenannte &#8220;Post-Vac&#8221;-Betroffene, wird nie genau ermittelt werden k\u00f6nnen. Dies mit Blick auf bereits Verstorbene sowie Menschen, die bis ans Ende ihres Lebens mit meist mehrfachen, wechselnden Symptomen ihr leidvolles Dasein bew\u00e4ltigen m\u00fcssen.<\/p>\n<p>Der Barucker-Artikel zum j\u00fcngsten PEI-Skandal ist erneut gewissenhaft recherchiert, mit nachweislichen Daten und Fakten untermauert und gut verst\u00e4ndlich formuliert, daher mehr als empfehlenswert.<\/p>\n<p>Als n\u00e4chsten, f\u00fcr Barucker selbstverst\u00e4ndlichen Schritt will der hartn\u00e4ckige &#8220;Corona-Aufarbeiter&#8221; nun die Protokolle der Jahre 2019 bis 2025 &#8220;der \u00fcbergeordneten, h\u00f6chsten Ebene des Paul-Ehrlich-Instituts, also der Leitung des Paul-Ehrlich-Instituts&#8221; einfordern. Dazu schreibt er:<\/p>\n<p><em>&#8220;Vielleicht sind dort Protokolle abgelegt, die den damaligen Wissensstand der Fachleute im PEI festgehalten haben.&#8221;<\/em><\/p>\n<p>Dies bedeutet: Bis zu den neuen Erkenntnissen m\u00f6glicher Manipulation durch Arbeitsverweigerung werden dabei weder die jeweiligen BMG-Hauptverantwortlichen Jens Spahn und Karl Lauterbach, noch Ex-PEI-Chef\u00a0Klaus Cichutek, Ex-RKI-Chef Lothar Wieler, die Ex-Regierungsleiter Merkel und Scholz sowie die lautstarken, wie auch leisereren Erf\u00fcllungsgehilfen in der Politik, Angestellte in den \u00c4mtern und Beh\u00f6rden, der Wissenschaft sowie zuarbeitenden Mainstreammedien auch nur den Funken einer dringend notwendigen juristischen Aufarbeitung bef\u00fcrchten m\u00fcssen.<\/p>\n<p>Ein unabh\u00e4ngiges &#8220;Corona-Tribunal&#8221; mit eindeutiger Benennung und Verurteilung der nachweislich bekannten Verantwortlichen bei unmissverst\u00e4ndlicher Entsch\u00e4digung aller Opfer ist und bleibt\u00a0auch weiterhin die Notwendigkeit der Stunde.<\/p>\n<p><strong>Mehr zum Thema &#8211;<\/strong>\u00a0<a rel=\"nofollow noopener\" target=\"_blank\" href=\"https:\/\/freedert.online\/inland\/264930-enquetekommission-schuld-weglaecheln-oder-unertraegliche\/\">Enquete-Kommission: Schuld wegl\u00e4cheln oder die unertr\u00e4gliche &#8220;Leichtigkeit des Seins&#8221; von Jens Spahn <\/a><\/p>\n<div class=\"EmbedBlock-root EmbedBlock-externalVideo EmbedBlock-rumble\">\n<div class=\"VkEmbed\"><iframe class=\"lazyload\" data-src=\"https:\/\/rumble.com\/embed\/v70wn4y\" frameborder=\"0\" width=\"853\" height=\"480\" allowfullscreen><\/iframe><\/div>\n<\/div>\n<\/div>\n<p><script async src=\"https:\/\/platform.twitter.com\/widgets.js\" charset=\"utf-8\"><\/script><br \/>\n<br \/><br \/>\n<br \/><a href=\"https:\/\/de.rt.com\/meinung\/268034-paul-unehrlich-institut-und-juengste\/\">Source link <\/a><\/p>\n","protected":false},"excerpt":{"rendered":"<p>Hartn\u00e4ckigkeit und aufrichtiges Interesse l\u00e4sst die Verbrechen an der Menschheit im Zeitraum der &#8220;Corona-Krise&#8221; nicht im Dunkeln verschwinden. Erneut pr\u00e4sentiert ein freier Journalist je nach Blickwinkel wenig \u00dcberraschendes zum Thema des mutwilligen &#8220;Versagens&#8221; staatlicher Beh\u00f6rden in den drei dunklen Jahren der &#8220;Pandemie&#8221;. Von Bernhard Loyen Januar 2024, die Pressestelle des Paul-Ehrlich-Instituts (PEI) kann stolz verk\u00fcnden, [&hellip;]<\/p>\n","protected":false},"author":3,"featured_media":97680,"comment_status":"open","ping_status":"open","sticky":false,"template":"","format":"standard","meta":{"_yoast_indexnow_last_ping":["1769107264"],"wp_automatic_camp":["217"],"947d6c0d98b264a993d31b749067e2ae":["Das Paul-(Un)Ehrlich-Institut und der j\u00fcngste Skandal in der &quot;Corona-Aufarbeitung&quot;"],"original_link":["https:\/\/de.rt.com\/meinung\/268034-paul-unehrlich-institut-und-juengste\/"],"_thumbnail_id":["97680"],"jnews_social_counter_last_update":["1777616587"],"_wptgpro_p2tg_sent2tg":["a:1:{i:23737;s:19:\"2026-01-22 20:42:20\";}"]},"categories":[19,23],"tags":[427,82,3465,70721,59410,10744,140],"yoast_head":"<!-- This site is optimized with the Yoast SEO Premium plugin v22.7 (Yoast SEO v22.7) - https:\/\/yoast.com\/wordpress\/plugins\/seo\/ -->\n<title>Das Paul-(Un)Ehrlich-Institut und der j\u00fcngste Skandal in der &quot;Corona-Aufarbeitung&quot; - just-now.NEWS Deutschland<\/title>\n<meta name=\"robots\" content=\"index, follow, max-snippet:-1, max-image-preview:large, max-video-preview:-1\" \/>\n<link rel=\"canonical\" href=\"https:\/\/now-news.de\/de\/deutschland\/das-paul-unehrlich-institut-und-der-juengste-skandal-in-der-corona-aufarbeitung\/\" \/>\n<meta property=\"og:locale\" content=\"de_DE\" \/>\n<meta property=\"og:type\" content=\"article\" \/>\n<meta property=\"og:title\" content=\"Das Paul-(Un)Ehrlich-Institut und der j\u00fcngste Skandal in der &quot;Corona-Aufarbeitung&quot;\" \/>\n<meta property=\"og:description\" content=\"Hartn\u00e4ckigkeit und aufrichtiges Interesse l\u00e4sst die Verbrechen an der Menschheit im Zeitraum der &#8220;Corona-Krise&#8221; nicht im Dunkeln verschwinden. Erneut pr\u00e4sentiert ein freier Journalist je nach Blickwinkel wenig \u00dcberraschendes zum Thema des mutwilligen &#8220;Versagens&#8221; staatlicher Beh\u00f6rden in den drei dunklen Jahren der &#8220;Pandemie&#8221;. Von Bernhard Loyen Januar 2024, die Pressestelle des Paul-Ehrlich-Instituts (PEI) kann stolz verk\u00fcnden, [&hellip;]\" \/>\n<meta property=\"og:url\" content=\"https:\/\/now-news.de\/de\/deutschland\/das-paul-unehrlich-institut-und-der-juengste-skandal-in-der-corona-aufarbeitung\/\" \/>\n<meta property=\"og:site_name\" content=\"just-now.NEWS Deutschland\" \/>\n<meta property=\"article:publisher\" content=\"https:\/\/www.facebook.com\/wirmachenauf\" \/>\n<meta property=\"article:published_time\" content=\"2026-01-22T18:29:10+00:00\" \/>\n<meta property=\"og:image\" content=\"https:\/\/now-news.de\/de\/wp-content\/uploads\/sites\/3\/2026\/01\/697221beb480cc1eaa447f93.jpg\" \/>\n<meta name=\"author\" content=\"rtnews\" \/>\n<meta name=\"twitter:card\" content=\"summary_large_image\" \/>\n<meta name=\"twitter:creator\" content=\"@WirMachenAuf_de\" \/>\n<meta name=\"twitter:site\" content=\"@WirMachenAuf_de\" \/>\n<meta name=\"twitter:label1\" content=\"Verfasst von\" \/>\n\t<meta name=\"twitter:data1\" content=\"rtnews\" \/>\n\t<meta name=\"twitter:label2\" content=\"Gesch\u00e4tzte Lesezeit\" \/>\n\t<meta name=\"twitter:data2\" content=\"6\u00a0Minuten\" \/>\n<script type=\"application\/ld+json\" class=\"yoast-schema-graph\">{\"@context\":\"https:\/\/schema.org\",\"@graph\":[{\"@type\":\"Article\",\"@id\":\"https:\/\/now-news.de\/de\/deutschland\/das-paul-unehrlich-institut-und-der-juengste-skandal-in-der-corona-aufarbeitung\/#article\",\"isPartOf\":{\"@id\":\"https:\/\/now-news.de\/de\/deutschland\/das-paul-unehrlich-institut-und-der-juengste-skandal-in-der-corona-aufarbeitung\/\"},\"author\":{\"name\":\"rtnews\",\"@id\":\"https:\/\/now-news.de\/de\/#\/schema\/person\/fb534a4e865501d8b3285208df34a9b5\"},\"headline\":\"Das Paul-(Un)Ehrlich-Institut und der j\u00fcngste Skandal in der &quot;Corona-Aufarbeitung&quot;\",\"datePublished\":\"2026-01-22T18:29:10+00:00\",\"dateModified\":\"2026-01-22T18:29:10+00:00\",\"mainEntityOfPage\":{\"@id\":\"https:\/\/now-news.de\/de\/deutschland\/das-paul-unehrlich-institut-und-der-juengste-skandal-in-der-corona-aufarbeitung\/\"},\"wordCount\":1138,\"commentCount\":0,\"publisher\":{\"@id\":\"https:\/\/now-news.de\/de\/#organization\"},\"image\":{\"@id\":\"https:\/\/now-news.de\/de\/deutschland\/das-paul-unehrlich-institut-und-der-juengste-skandal-in-der-corona-aufarbeitung\/#primaryimage\"},\"thumbnailUrl\":\"https:\/\/now-news.de\/de\/wp-content\/uploads\/sites\/3\/2026\/01\/Das-Paul-UnEhrlich-Institut-und-der-juengste-Skandal-in-der-quotCorona-Aufarbeitungquot.jpg\",\"keywords\":[\"das\",\"der\",\"j\u00fcngste\",\"PaulUnEhrlichInstitut\",\"quotCoronaAufarbeitungquot\",\"skandal\",\"und\"],\"articleSection\":[\"Deutschland\",\"Russland\"],\"inLanguage\":\"de\",\"potentialAction\":[{\"@type\":\"CommentAction\",\"name\":\"Comment\",\"target\":[\"https:\/\/now-news.de\/de\/deutschland\/das-paul-unehrlich-institut-und-der-juengste-skandal-in-der-corona-aufarbeitung\/#respond\"]}]},{\"@type\":\"WebPage\",\"@id\":\"https:\/\/now-news.de\/de\/deutschland\/das-paul-unehrlich-institut-und-der-juengste-skandal-in-der-corona-aufarbeitung\/\",\"url\":\"https:\/\/now-news.de\/de\/deutschland\/das-paul-unehrlich-institut-und-der-juengste-skandal-in-der-corona-aufarbeitung\/\",\"name\":\"Das Paul-(Un)Ehrlich-Institut und der j\u00fcngste Skandal in der &quot;Corona-Aufarbeitung&quot; - just-now.NEWS Deutschland\",\"isPartOf\":{\"@id\":\"https:\/\/now-news.de\/de\/#website\"},\"primaryImageOfPage\":{\"@id\":\"https:\/\/now-news.de\/de\/deutschland\/das-paul-unehrlich-institut-und-der-juengste-skandal-in-der-corona-aufarbeitung\/#primaryimage\"},\"image\":{\"@id\":\"https:\/\/now-news.de\/de\/deutschland\/das-paul-unehrlich-institut-und-der-juengste-skandal-in-der-corona-aufarbeitung\/#primaryimage\"},\"thumbnailUrl\":\"https:\/\/now-news.de\/de\/wp-content\/uploads\/sites\/3\/2026\/01\/Das-Paul-UnEhrlich-Institut-und-der-juengste-Skandal-in-der-quotCorona-Aufarbeitungquot.jpg\",\"datePublished\":\"2026-01-22T18:29:10+00:00\",\"dateModified\":\"2026-01-22T18:29:10+00:00\",\"breadcrumb\":{\"@id\":\"https:\/\/now-news.de\/de\/deutschland\/das-paul-unehrlich-institut-und-der-juengste-skandal-in-der-corona-aufarbeitung\/#breadcrumb\"},\"inLanguage\":\"de\",\"potentialAction\":[{\"@type\":\"ReadAction\",\"target\":[\"https:\/\/now-news.de\/de\/deutschland\/das-paul-unehrlich-institut-und-der-juengste-skandal-in-der-corona-aufarbeitung\/\"]}]},{\"@type\":\"ImageObject\",\"inLanguage\":\"de\",\"@id\":\"https:\/\/now-news.de\/de\/deutschland\/das-paul-unehrlich-institut-und-der-juengste-skandal-in-der-corona-aufarbeitung\/#primaryimage\",\"url\":\"https:\/\/now-news.de\/de\/wp-content\/uploads\/sites\/3\/2026\/01\/Das-Paul-UnEhrlich-Institut-und-der-juengste-Skandal-in-der-quotCorona-Aufarbeitungquot.jpg\",\"contentUrl\":\"https:\/\/now-news.de\/de\/wp-content\/uploads\/sites\/3\/2026\/01\/Das-Paul-UnEhrlich-Institut-und-der-juengste-Skandal-in-der-quotCorona-Aufarbeitungquot.jpg\",\"width\":460,\"height\":259,\"caption\":\"Das Paul-(Un)Ehrlich-Institut und der j\u00fcngste Skandal in der &quot;Corona-Aufarbeitung&quot;\"},{\"@type\":\"BreadcrumbList\",\"@id\":\"https:\/\/now-news.de\/de\/deutschland\/das-paul-unehrlich-institut-und-der-juengste-skandal-in-der-corona-aufarbeitung\/#breadcrumb\",\"itemListElement\":[{\"@type\":\"ListItem\",\"position\":1,\"name\":\"Home\",\"item\":\"https:\/\/now-news.de\/de\/\"},{\"@type\":\"ListItem\",\"position\":2,\"name\":\"Das Paul-(Un)Ehrlich-Institut und der j\u00fcngste Skandal in der &quot;Corona-Aufarbeitung&quot;\"}]},{\"@type\":\"WebSite\",\"@id\":\"https:\/\/now-news.de\/de\/#website\",\"url\":\"https:\/\/now-news.de\/de\/\",\"name\":\"just-now.NEWS Deutschland\",\"description\":\"Das Portal f\u00fcr unzensierte Nachrichten aus der Welt\",\"publisher\":{\"@id\":\"https:\/\/now-news.de\/de\/#organization\"},\"potentialAction\":[{\"@type\":\"SearchAction\",\"target\":{\"@type\":\"EntryPoint\",\"urlTemplate\":\"https:\/\/now-news.de\/de\/?s={search_term_string}\"},\"query-input\":\"required name=search_term_string\"}],\"inLanguage\":\"de\"},{\"@type\":\"Organization\",\"@id\":\"https:\/\/now-news.de\/de\/#organization\",\"name\":\"Just Now News\",\"url\":\"https:\/\/now-news.de\/de\/\",\"logo\":{\"@type\":\"ImageObject\",\"inLanguage\":\"de\",\"@id\":\"https:\/\/now-news.de\/de\/#\/schema\/logo\/image\/\",\"url\":\"http:\/\/just-now.news\/de\/wp-content\/uploads\/sites\/3\/2022\/04\/logo500x500.jpg\",\"contentUrl\":\"http:\/\/just-now.news\/de\/wp-content\/uploads\/sites\/3\/2022\/04\/logo500x500.jpg\",\"width\":500,\"height\":500,\"caption\":\"Just Now News\"},\"image\":{\"@id\":\"https:\/\/now-news.de\/de\/#\/schema\/logo\/image\/\"},\"sameAs\":[\"https:\/\/www.facebook.com\/wirmachenauf\",\"https:\/\/x.com\/WirMachenAuf_de\"]},{\"@type\":\"Person\",\"@id\":\"https:\/\/now-news.de\/de\/#\/schema\/person\/fb534a4e865501d8b3285208df34a9b5\",\"name\":\"rtnews\",\"image\":{\"@type\":\"ImageObject\",\"inLanguage\":\"de\",\"@id\":\"https:\/\/now-news.de\/de\/#\/schema\/person\/image\/\",\"url\":\"https:\/\/secure.gravatar.com\/avatar\/82aafea7d8127119dd649515f56e2117?s=96&d=mm&r=g\",\"contentUrl\":\"https:\/\/secure.gravatar.com\/avatar\/82aafea7d8127119dd649515f56e2117?s=96&d=mm&r=g\",\"caption\":\"rtnews\"},\"url\":\"https:\/\/now-news.de\/de\/author\/rnews\/\"}]}<\/script>\n<!-- \/ Yoast SEO Premium plugin. -->","yoast_head_json":{"title":"Das Paul-(Un)Ehrlich-Institut und der j\u00fcngste Skandal in der &quot;Corona-Aufarbeitung&quot; - just-now.NEWS Deutschland","robots":{"index":"index","follow":"follow","max-snippet":"max-snippet:-1","max-image-preview":"max-image-preview:large","max-video-preview":"max-video-preview:-1"},"canonical":"https:\/\/now-news.de\/de\/deutschland\/das-paul-unehrlich-institut-und-der-juengste-skandal-in-der-corona-aufarbeitung\/","og_locale":"de_DE","og_type":"article","og_title":"Das Paul-(Un)Ehrlich-Institut und der j\u00fcngste Skandal in der &quot;Corona-Aufarbeitung&quot;","og_description":"Hartn\u00e4ckigkeit und aufrichtiges Interesse l\u00e4sst die Verbrechen an der Menschheit im Zeitraum der &#8220;Corona-Krise&#8221; nicht im Dunkeln verschwinden. Erneut pr\u00e4sentiert ein freier Journalist je nach Blickwinkel wenig \u00dcberraschendes zum Thema des mutwilligen &#8220;Versagens&#8221; staatlicher Beh\u00f6rden in den drei dunklen Jahren der &#8220;Pandemie&#8221;. Von Bernhard Loyen Januar 2024, die Pressestelle des Paul-Ehrlich-Instituts (PEI) kann stolz verk\u00fcnden, [&hellip;]","og_url":"https:\/\/now-news.de\/de\/deutschland\/das-paul-unehrlich-institut-und-der-juengste-skandal-in-der-corona-aufarbeitung\/","og_site_name":"just-now.NEWS Deutschland","article_publisher":"https:\/\/www.facebook.com\/wirmachenauf","article_published_time":"2026-01-22T18:29:10+00:00","og_image":[{"url":"https:\/\/now-news.de\/de\/wp-content\/uploads\/sites\/3\/2026\/01\/697221beb480cc1eaa447f93.jpg"}],"author":"rtnews","twitter_card":"summary_large_image","twitter_creator":"@WirMachenAuf_de","twitter_site":"@WirMachenAuf_de","twitter_misc":{"Verfasst von":"rtnews","Gesch\u00e4tzte Lesezeit":"6\u00a0Minuten"},"schema":{"@context":"https:\/\/schema.org","@graph":[{"@type":"Article","@id":"https:\/\/now-news.de\/de\/deutschland\/das-paul-unehrlich-institut-und-der-juengste-skandal-in-der-corona-aufarbeitung\/#article","isPartOf":{"@id":"https:\/\/now-news.de\/de\/deutschland\/das-paul-unehrlich-institut-und-der-juengste-skandal-in-der-corona-aufarbeitung\/"},"author":{"name":"rtnews","@id":"https:\/\/now-news.de\/de\/#\/schema\/person\/fb534a4e865501d8b3285208df34a9b5"},"headline":"Das Paul-(Un)Ehrlich-Institut und der j\u00fcngste Skandal in der &quot;Corona-Aufarbeitung&quot;","datePublished":"2026-01-22T18:29:10+00:00","dateModified":"2026-01-22T18:29:10+00:00","mainEntityOfPage":{"@id":"https:\/\/now-news.de\/de\/deutschland\/das-paul-unehrlich-institut-und-der-juengste-skandal-in-der-corona-aufarbeitung\/"},"wordCount":1138,"commentCount":0,"publisher":{"@id":"https:\/\/now-news.de\/de\/#organization"},"image":{"@id":"https:\/\/now-news.de\/de\/deutschland\/das-paul-unehrlich-institut-und-der-juengste-skandal-in-der-corona-aufarbeitung\/#primaryimage"},"thumbnailUrl":"https:\/\/now-news.de\/de\/wp-content\/uploads\/sites\/3\/2026\/01\/Das-Paul-UnEhrlich-Institut-und-der-juengste-Skandal-in-der-quotCorona-Aufarbeitungquot.jpg","keywords":["das","der","j\u00fcngste","PaulUnEhrlichInstitut","quotCoronaAufarbeitungquot","skandal","und"],"articleSection":["Deutschland","Russland"],"inLanguage":"de","potentialAction":[{"@type":"CommentAction","name":"Comment","target":["https:\/\/now-news.de\/de\/deutschland\/das-paul-unehrlich-institut-und-der-juengste-skandal-in-der-corona-aufarbeitung\/#respond"]}]},{"@type":"WebPage","@id":"https:\/\/now-news.de\/de\/deutschland\/das-paul-unehrlich-institut-und-der-juengste-skandal-in-der-corona-aufarbeitung\/","url":"https:\/\/now-news.de\/de\/deutschland\/das-paul-unehrlich-institut-und-der-juengste-skandal-in-der-corona-aufarbeitung\/","name":"Das Paul-(Un)Ehrlich-Institut und der j\u00fcngste Skandal in der &quot;Corona-Aufarbeitung&quot; - just-now.NEWS Deutschland","isPartOf":{"@id":"https:\/\/now-news.de\/de\/#website"},"primaryImageOfPage":{"@id":"https:\/\/now-news.de\/de\/deutschland\/das-paul-unehrlich-institut-und-der-juengste-skandal-in-der-corona-aufarbeitung\/#primaryimage"},"image":{"@id":"https:\/\/now-news.de\/de\/deutschland\/das-paul-unehrlich-institut-und-der-juengste-skandal-in-der-corona-aufarbeitung\/#primaryimage"},"thumbnailUrl":"https:\/\/now-news.de\/de\/wp-content\/uploads\/sites\/3\/2026\/01\/Das-Paul-UnEhrlich-Institut-und-der-juengste-Skandal-in-der-quotCorona-Aufarbeitungquot.jpg","datePublished":"2026-01-22T18:29:10+00:00","dateModified":"2026-01-22T18:29:10+00:00","breadcrumb":{"@id":"https:\/\/now-news.de\/de\/deutschland\/das-paul-unehrlich-institut-und-der-juengste-skandal-in-der-corona-aufarbeitung\/#breadcrumb"},"inLanguage":"de","potentialAction":[{"@type":"ReadAction","target":["https:\/\/now-news.de\/de\/deutschland\/das-paul-unehrlich-institut-und-der-juengste-skandal-in-der-corona-aufarbeitung\/"]}]},{"@type":"ImageObject","inLanguage":"de","@id":"https:\/\/now-news.de\/de\/deutschland\/das-paul-unehrlich-institut-und-der-juengste-skandal-in-der-corona-aufarbeitung\/#primaryimage","url":"https:\/\/now-news.de\/de\/wp-content\/uploads\/sites\/3\/2026\/01\/Das-Paul-UnEhrlich-Institut-und-der-juengste-Skandal-in-der-quotCorona-Aufarbeitungquot.jpg","contentUrl":"https:\/\/now-news.de\/de\/wp-content\/uploads\/sites\/3\/2026\/01\/Das-Paul-UnEhrlich-Institut-und-der-juengste-Skandal-in-der-quotCorona-Aufarbeitungquot.jpg","width":460,"height":259,"caption":"Das Paul-(Un)Ehrlich-Institut und der j\u00fcngste Skandal in der &quot;Corona-Aufarbeitung&quot;"},{"@type":"BreadcrumbList","@id":"https:\/\/now-news.de\/de\/deutschland\/das-paul-unehrlich-institut-und-der-juengste-skandal-in-der-corona-aufarbeitung\/#breadcrumb","itemListElement":[{"@type":"ListItem","position":1,"name":"Home","item":"https:\/\/now-news.de\/de\/"},{"@type":"ListItem","position":2,"name":"Das Paul-(Un)Ehrlich-Institut und der j\u00fcngste Skandal in der &quot;Corona-Aufarbeitung&quot;"}]},{"@type":"WebSite","@id":"https:\/\/now-news.de\/de\/#website","url":"https:\/\/now-news.de\/de\/","name":"just-now.NEWS Deutschland","description":"Das Portal f\u00fcr unzensierte Nachrichten aus der Welt","publisher":{"@id":"https:\/\/now-news.de\/de\/#organization"},"potentialAction":[{"@type":"SearchAction","target":{"@type":"EntryPoint","urlTemplate":"https:\/\/now-news.de\/de\/?s={search_term_string}"},"query-input":"required name=search_term_string"}],"inLanguage":"de"},{"@type":"Organization","@id":"https:\/\/now-news.de\/de\/#organization","name":"Just Now News","url":"https:\/\/now-news.de\/de\/","logo":{"@type":"ImageObject","inLanguage":"de","@id":"https:\/\/now-news.de\/de\/#\/schema\/logo\/image\/","url":"http:\/\/just-now.news\/de\/wp-content\/uploads\/sites\/3\/2022\/04\/logo500x500.jpg","contentUrl":"http:\/\/just-now.news\/de\/wp-content\/uploads\/sites\/3\/2022\/04\/logo500x500.jpg","width":500,"height":500,"caption":"Just Now News"},"image":{"@id":"https:\/\/now-news.de\/de\/#\/schema\/logo\/image\/"},"sameAs":["https:\/\/www.facebook.com\/wirmachenauf","https:\/\/x.com\/WirMachenAuf_de"]},{"@type":"Person","@id":"https:\/\/now-news.de\/de\/#\/schema\/person\/fb534a4e865501d8b3285208df34a9b5","name":"rtnews","image":{"@type":"ImageObject","inLanguage":"de","@id":"https:\/\/now-news.de\/de\/#\/schema\/person\/image\/","url":"https:\/\/secure.gravatar.com\/avatar\/82aafea7d8127119dd649515f56e2117?s=96&d=mm&r=g","contentUrl":"https:\/\/secure.gravatar.com\/avatar\/82aafea7d8127119dd649515f56e2117?s=96&d=mm&r=g","caption":"rtnews"},"url":"https:\/\/now-news.de\/de\/author\/rnews\/"}]}},"_links":{"self":[{"href":"https:\/\/now-news.de\/de\/wp-json\/wp\/v2\/posts\/97679"}],"collection":[{"href":"https:\/\/now-news.de\/de\/wp-json\/wp\/v2\/posts"}],"about":[{"href":"https:\/\/now-news.de\/de\/wp-json\/wp\/v2\/types\/post"}],"author":[{"embeddable":true,"href":"https:\/\/now-news.de\/de\/wp-json\/wp\/v2\/users\/3"}],"replies":[{"embeddable":true,"href":"https:\/\/now-news.de\/de\/wp-json\/wp\/v2\/comments?post=97679"}],"version-history":[{"count":0,"href":"https:\/\/now-news.de\/de\/wp-json\/wp\/v2\/posts\/97679\/revisions"}],"wp:featuredmedia":[{"embeddable":true,"href":"https:\/\/now-news.de\/de\/wp-json\/wp\/v2\/media\/97680"}],"wp:attachment":[{"href":"https:\/\/now-news.de\/de\/wp-json\/wp\/v2\/media?parent=97679"}],"wp:term":[{"taxonomy":"category","embeddable":true,"href":"https:\/\/now-news.de\/de\/wp-json\/wp\/v2\/categories?post=97679"},{"taxonomy":"post_tag","embeddable":true,"href":"https:\/\/now-news.de\/de\/wp-json\/wp\/v2\/tags?post=97679"}],"curies":[{"name":"wp","href":"https:\/\/api.w.org\/{rel}","templated":true}]}}