{"id":97635,"date":"2026-01-21T19:50:10","date_gmt":"2026-01-21T17:50:10","guid":{"rendered":"https:\/\/now-news.de\/de\/deutschland\/wegen-trumps-annexionsdrohungen-frankreich-fordert-nato-manoever-in-groenland\/"},"modified":"2026-01-21T19:50:10","modified_gmt":"2026-01-21T17:50:10","slug":"wegen-trumps-annexionsdrohungen-frankreich-fordert-nato-manoever-in-groenland","status":"publish","type":"post","link":"https:\/\/now-news.de\/de\/deutschland\/wegen-trumps-annexionsdrohungen-frankreich-fordert-nato-manoever-in-groenland\/","title":{"rendered":"Wegen Trumps Annexionsdrohungen: Frankreich fordert NATO-Man\u00f6ver in Gr\u00f6nland"},"content":{"rendered":"<p><img decoding=\"async\" src=\"https:\/\/now-news.de\/de\/wp-content\/uploads\/sites\/3\/2026\/01\/6971067bb480cc3c4f129f95.jpg\" \/><\/p>\n<div class=\"Text-root Text-type_1 \">\n                Laut franz\u00f6sischen Medien hat Emmanuel Macron NATO-Man\u00f6ver in Gr\u00f6nland gefordert. Formelle Man\u00f6ver w\u00fcrden die Teilnahme der USA erzwingen und die Unterst\u00fctzung des gesamten B\u00fcndnisses f\u00fcr die Souver\u00e4nit\u00e4t D\u00e4nemarks \u00fcber das Gebiet signalisieren, hei\u00dft es in Berichten.\n            <\/div>\n<p><\/p>\n<div class=\"Text-root Text-type_5 ArticleView-text ViewText-root \">\n<p>Frankreich hat um ein NATO-Man\u00f6ver in Gr\u00f6nland gebeten, um die Pl\u00e4ne des US-Pr\u00e4sidenten Donald Trump, die Insel zu annektieren oder zu erwerben, abzuwehren. Dies berichteten franz\u00f6sische Medien am Mittwoch unter Berufung auf das B\u00fcro von Pr\u00e4sident Emmanuel Macron.<\/p>\n<p>Trump strebt seit Langem die Kontrolle \u00fcber das autonome d\u00e4nische Arktisgebiet an und begr\u00fcndet dies mit Sicherheitsbedenken und der Notwendigkeit, Russland und China entgegenzuwirken \u2013 obwohl sowohl die d\u00e4nische Regierung als auch die autonomen Beh\u00f6rden Gr\u00f6nlands betont haben, dass der Status der Insel nicht verhandelbar ist.<\/p>\n<p>Die Rhetorik des US-Pr\u00e4sidenten hat die Spannungen mit den europ\u00e4ischen NATO-Partnern versch\u00e4rft, die jede \u00c4nderung des Status Gr\u00f6nlands ablehnen und warnen, dass ein solcher Schritt den Block aus dem Gleichgewicht bringen k\u00f6nnte.<\/p>\n<p>Laut <em>TF1<\/em> und <em>France24<\/em> hat Frankreich nun offiziell beantragt, dass die NATO gemeinsame Man\u00f6ver auf der Insel organisiert. Regierungsquellen sagten, dass solche den ganzen Block umfassenden Man\u00f6ver die Beteiligung der USA erfordern und eine Unterst\u00fctzung f\u00fcr D\u00e4nemark demonstrieren w\u00fcrden, da dies signalisiert, dass dessen Sicherheit und Souver\u00e4nit\u00e4t ernst genommen werden.<\/p>\n<p>&#8220;Frankreich beantragt eine NATO-\u00dcbung in Gr\u00f6nland und ist bereit, daran teilzunehmen&#8221;, wurde die franz\u00f6sische Pr\u00e4sidentschaft zitiert.<\/p>\n<p>Mehrere europ\u00e4ische NATO-Mitglieder, die sich Trumps Pl\u00e4nen widersetzen, darunter Frankreich, Deutschland und Gro\u00dfbritannien, entsandten letzte Woche kleine Kontingente nach Gr\u00f6nland, um vor den &#8220;Arctic Endurance&#8221;-\u00dcbungen D\u00e4nemarks Aufkl\u00e4rungsarbeit zu leisten \u2013 ein Schritt, der als symbolische Bekr\u00e4ftigung der Souver\u00e4nit\u00e4t interpretiert wurde. Die \u00dcbung findet jedoch au\u00dferhalb der NATO statt und die USA sind nicht daran beteiligt. Trump drohte daraufhin mit Z\u00f6llen f\u00fcr L\u00e4nder, die sich seinen Pl\u00e4nen f\u00fcr Gr\u00f6nland widersetzen, was zu Warnungen vor Vergeltungsma\u00dfnahmen seitens europ\u00e4ischer Staats- und Regierungschefs f\u00fchrte.<\/p>\n<p>Trump sagte, er plane mehrere Treffen mit europ\u00e4ischen Staats- und Regierungschefs auf dem Weltwirtschaftsforum in Davos in dieser Woche, um \u00fcber Gr\u00f6nland zu diskutieren. Am Dienstag erkl\u00e4rte er gegen\u00fcber Reportern, es gebe &#8220;kein Zur\u00fcck&#8221; von seinem Ziel, die Insel zu kontrollieren. Auf die direkte Frage, wie weit er zu gehen bereit sei, antwortete er kryptisch: &#8220;Das werden Sie schon sehen.&#8221;<\/p>\n<p>Macron verurteilte Trumps \u00c4u\u00dferungen zu Gr\u00f6nland in seiner Rede in Davos am Dienstag, bezeichnete die USA als &#8220;Tyrannen&#8221; und betonte, dass Europa sich nicht einsch\u00fcchtern lassen werde und &#8220;Rechtsstaatlichkeit vor Brutalit\u00e4t&#8221; den Vorzug gebe.<\/p>\n<p>Der russische Au\u00dfenminister Sergei Lawrow wies am Dienstag Trumps Behauptungen zur\u00fcck, Moskau oder Peking stellten eine Bedrohung f\u00fcr Gr\u00f6nland dar, und erkl\u00e4rte, &#8220;Washington wei\u00df ganz genau&#8221;, dass keines der beiden L\u00e4nder Pl\u00e4ne habe, das Gebiet zu erobern. Der Sprecher des chinesischen Au\u00dfenministeriums, Guo Jiakun, forderte die USA ebenfalls auf, eine erfundene &#8220;China-Bedrohung&#8221; nicht als Vorwand zu nutzen, um ihre Interessen rund um die Insel zu verfolgen.<\/p>\n<p><strong>Mehr zum Thema &#8211;<\/strong>\u00a0<a rel=\"nofollow noopener\" target=\"_blank\" href=\"https:\/\/freedert.online\/international\/267110-daenischer-abgeordneter-illusorisch-dass-russland\/\">D\u00e4nischer Abgeordneter: &#8220;Illusorisch&#8221;, dass Russland und China Bedrohung f\u00fcr Gr\u00f6nland darstellen <\/a><\/p>\n<div class=\"EmbedBlock-root EmbedBlock-externalVideo EmbedBlock-rumble\">\n<div class=\"VkEmbed\"><iframe class=\"lazyload\" data-src=\"https:\/\/rumble.com\/embed\/v72dby4\" frameborder=\"0\" width=\"853\" height=\"480\" allowfullscreen><\/iframe><\/div>\n<\/div>\n<\/div>\n<p><br \/>\n<br \/><a href=\"https:\/\/de.rt.com\/international\/267926-wegen-trumps-annexionsdrohungen-frankreich-fordert\/\">Source link <\/a><\/p>\n","protected":false},"excerpt":{"rendered":"<p>Laut franz\u00f6sischen Medien hat Emmanuel Macron NATO-Man\u00f6ver in Gr\u00f6nland gefordert. Formelle Man\u00f6ver w\u00fcrden die Teilnahme der USA erzwingen und die Unterst\u00fctzung des gesamten B\u00fcndnisses f\u00fcr die Souver\u00e4nit\u00e4t D\u00e4nemarks \u00fcber das Gebiet signalisieren, hei\u00dft es in Berichten. Frankreich hat um ein NATO-Man\u00f6ver in Gr\u00f6nland gebeten, um die Pl\u00e4ne des US-Pr\u00e4sidenten Donald Trump, die Insel zu annektieren [&hellip;]<\/p>\n","protected":false},"author":3,"featured_media":97636,"comment_status":"open","ping_status":"open","sticky":false,"template":"","format":"standard","meta":{"_yoast_indexnow_last_ping":["1769018761"],"wp_automatic_camp":["217"],"2a60e5f1b2aa1906e3bebdb868cada58":["Wegen Trumps Annexionsdrohungen: Frankreich fordert NATO-Man\u00f6ver in Gr\u00f6nland"],"original_link":["https:\/\/de.rt.com\/international\/267926-wegen-trumps-annexionsdrohungen-frankreich-fordert\/"],"_thumbnail_id":["97636"],"jnews_social_counter_last_update":["1777195682"],"_wptgpro_p2tg_sent2tg":["a:1:{i:23737;s:19:\"2026-01-21 20:07:01\";}"]},"categories":[19,23],"tags":[70706,355,3320,61318,19282,317,145],"yoast_head":"<!-- This site is optimized with the Yoast SEO Premium plugin v22.7 (Yoast SEO v22.7) - https:\/\/yoast.com\/wordpress\/plugins\/seo\/ -->\n<title>Wegen Trumps Annexionsdrohungen: Frankreich fordert NATO-Man\u00f6ver in Gr\u00f6nland - just-now.NEWS Deutschland<\/title>\n<meta name=\"robots\" content=\"index, follow, max-snippet:-1, max-image-preview:large, max-video-preview:-1\" \/>\n<link rel=\"canonical\" href=\"https:\/\/now-news.de\/de\/deutschland\/wegen-trumps-annexionsdrohungen-frankreich-fordert-nato-manoever-in-groenland\/\" \/>\n<meta property=\"og:locale\" content=\"de_DE\" \/>\n<meta property=\"og:type\" content=\"article\" \/>\n<meta property=\"og:title\" content=\"Wegen Trumps Annexionsdrohungen: Frankreich fordert NATO-Man\u00f6ver in Gr\u00f6nland\" \/>\n<meta property=\"og:description\" content=\"Laut franz\u00f6sischen Medien hat Emmanuel Macron NATO-Man\u00f6ver in Gr\u00f6nland gefordert. Formelle Man\u00f6ver w\u00fcrden die Teilnahme der USA erzwingen und die Unterst\u00fctzung des gesamten B\u00fcndnisses f\u00fcr die Souver\u00e4nit\u00e4t D\u00e4nemarks \u00fcber das Gebiet signalisieren, hei\u00dft es in Berichten. Frankreich hat um ein NATO-Man\u00f6ver in Gr\u00f6nland gebeten, um die Pl\u00e4ne des US-Pr\u00e4sidenten Donald Trump, die Insel zu annektieren [&hellip;]\" \/>\n<meta property=\"og:url\" content=\"https:\/\/now-news.de\/de\/deutschland\/wegen-trumps-annexionsdrohungen-frankreich-fordert-nato-manoever-in-groenland\/\" \/>\n<meta property=\"og:site_name\" content=\"just-now.NEWS Deutschland\" \/>\n<meta property=\"article:publisher\" content=\"https:\/\/www.facebook.com\/wirmachenauf\" \/>\n<meta property=\"article:published_time\" content=\"2026-01-21T17:50:10+00:00\" \/>\n<meta property=\"og:image\" content=\"https:\/\/now-news.de\/de\/wp-content\/uploads\/sites\/3\/2026\/01\/6971067bb480cc3c4f129f95.jpg\" \/>\n<meta name=\"author\" content=\"rtnews\" \/>\n<meta name=\"twitter:card\" content=\"summary_large_image\" \/>\n<meta name=\"twitter:creator\" content=\"@WirMachenAuf_de\" \/>\n<meta name=\"twitter:site\" content=\"@WirMachenAuf_de\" \/>\n<meta name=\"twitter:label1\" content=\"Verfasst von\" \/>\n\t<meta name=\"twitter:data1\" content=\"rtnews\" \/>\n\t<meta name=\"twitter:label2\" content=\"Gesch\u00e4tzte Lesezeit\" \/>\n\t<meta name=\"twitter:data2\" content=\"3\u00a0Minuten\" \/>\n<script type=\"application\/ld+json\" class=\"yoast-schema-graph\">{\"@context\":\"https:\/\/schema.org\",\"@graph\":[{\"@type\":\"Article\",\"@id\":\"https:\/\/now-news.de\/de\/deutschland\/wegen-trumps-annexionsdrohungen-frankreich-fordert-nato-manoever-in-groenland\/#article\",\"isPartOf\":{\"@id\":\"https:\/\/now-news.de\/de\/deutschland\/wegen-trumps-annexionsdrohungen-frankreich-fordert-nato-manoever-in-groenland\/\"},\"author\":{\"name\":\"rtnews\",\"@id\":\"https:\/\/now-news.de\/de\/#\/schema\/person\/fb534a4e865501d8b3285208df34a9b5\"},\"headline\":\"Wegen Trumps Annexionsdrohungen: Frankreich fordert NATO-Man\u00f6ver in Gr\u00f6nland\",\"datePublished\":\"2026-01-21T17:50:10+00:00\",\"dateModified\":\"2026-01-21T17:50:10+00:00\",\"mainEntityOfPage\":{\"@id\":\"https:\/\/now-news.de\/de\/deutschland\/wegen-trumps-annexionsdrohungen-frankreich-fordert-nato-manoever-in-groenland\/\"},\"wordCount\":566,\"commentCount\":0,\"publisher\":{\"@id\":\"https:\/\/now-news.de\/de\/#organization\"},\"image\":{\"@id\":\"https:\/\/now-news.de\/de\/deutschland\/wegen-trumps-annexionsdrohungen-frankreich-fordert-nato-manoever-in-groenland\/#primaryimage\"},\"thumbnailUrl\":\"https:\/\/now-news.de\/de\/wp-content\/uploads\/sites\/3\/2026\/01\/Wegen-Trumps-Annexionsdrohungen-Frankreich-fordert-NATO-Manoever-in-Groenland.jpg\",\"keywords\":[\"Annexionsdrohungen\",\"fordert\",\"Frankreich\",\"Gr\u00f6nland\",\"NATOMan\u00f6ver\",\"Trumps\",\"wegen\"],\"articleSection\":[\"Deutschland\",\"Russland\"],\"inLanguage\":\"de\",\"potentialAction\":[{\"@type\":\"CommentAction\",\"name\":\"Comment\",\"target\":[\"https:\/\/now-news.de\/de\/deutschland\/wegen-trumps-annexionsdrohungen-frankreich-fordert-nato-manoever-in-groenland\/#respond\"]}]},{\"@type\":\"WebPage\",\"@id\":\"https:\/\/now-news.de\/de\/deutschland\/wegen-trumps-annexionsdrohungen-frankreich-fordert-nato-manoever-in-groenland\/\",\"url\":\"https:\/\/now-news.de\/de\/deutschland\/wegen-trumps-annexionsdrohungen-frankreich-fordert-nato-manoever-in-groenland\/\",\"name\":\"Wegen Trumps Annexionsdrohungen: Frankreich fordert NATO-Man\u00f6ver in Gr\u00f6nland - just-now.NEWS Deutschland\",\"isPartOf\":{\"@id\":\"https:\/\/now-news.de\/de\/#website\"},\"primaryImageOfPage\":{\"@id\":\"https:\/\/now-news.de\/de\/deutschland\/wegen-trumps-annexionsdrohungen-frankreich-fordert-nato-manoever-in-groenland\/#primaryimage\"},\"image\":{\"@id\":\"https:\/\/now-news.de\/de\/deutschland\/wegen-trumps-annexionsdrohungen-frankreich-fordert-nato-manoever-in-groenland\/#primaryimage\"},\"thumbnailUrl\":\"https:\/\/now-news.de\/de\/wp-content\/uploads\/sites\/3\/2026\/01\/Wegen-Trumps-Annexionsdrohungen-Frankreich-fordert-NATO-Manoever-in-Groenland.jpg\",\"datePublished\":\"2026-01-21T17:50:10+00:00\",\"dateModified\":\"2026-01-21T17:50:10+00:00\",\"breadcrumb\":{\"@id\":\"https:\/\/now-news.de\/de\/deutschland\/wegen-trumps-annexionsdrohungen-frankreich-fordert-nato-manoever-in-groenland\/#breadcrumb\"},\"inLanguage\":\"de\",\"potentialAction\":[{\"@type\":\"ReadAction\",\"target\":[\"https:\/\/now-news.de\/de\/deutschland\/wegen-trumps-annexionsdrohungen-frankreich-fordert-nato-manoever-in-groenland\/\"]}]},{\"@type\":\"ImageObject\",\"inLanguage\":\"de\",\"@id\":\"https:\/\/now-news.de\/de\/deutschland\/wegen-trumps-annexionsdrohungen-frankreich-fordert-nato-manoever-in-groenland\/#primaryimage\",\"url\":\"https:\/\/now-news.de\/de\/wp-content\/uploads\/sites\/3\/2026\/01\/Wegen-Trumps-Annexionsdrohungen-Frankreich-fordert-NATO-Manoever-in-Groenland.jpg\",\"contentUrl\":\"https:\/\/now-news.de\/de\/wp-content\/uploads\/sites\/3\/2026\/01\/Wegen-Trumps-Annexionsdrohungen-Frankreich-fordert-NATO-Manoever-in-Groenland.jpg\",\"width\":460,\"height\":259,\"caption\":\"Wegen Trumps Annexionsdrohungen: Frankreich fordert NATO-Man\u00f6ver in Gr\u00f6nland\"},{\"@type\":\"BreadcrumbList\",\"@id\":\"https:\/\/now-news.de\/de\/deutschland\/wegen-trumps-annexionsdrohungen-frankreich-fordert-nato-manoever-in-groenland\/#breadcrumb\",\"itemListElement\":[{\"@type\":\"ListItem\",\"position\":1,\"name\":\"Home\",\"item\":\"https:\/\/now-news.de\/de\/\"},{\"@type\":\"ListItem\",\"position\":2,\"name\":\"Wegen Trumps Annexionsdrohungen: Frankreich fordert NATO-Man\u00f6ver in Gr\u00f6nland\"}]},{\"@type\":\"WebSite\",\"@id\":\"https:\/\/now-news.de\/de\/#website\",\"url\":\"https:\/\/now-news.de\/de\/\",\"name\":\"just-now.NEWS Deutschland\",\"description\":\"Das Portal f\u00fcr unzensierte Nachrichten aus der Welt\",\"publisher\":{\"@id\":\"https:\/\/now-news.de\/de\/#organization\"},\"potentialAction\":[{\"@type\":\"SearchAction\",\"target\":{\"@type\":\"EntryPoint\",\"urlTemplate\":\"https:\/\/now-news.de\/de\/?s={search_term_string}\"},\"query-input\":\"required name=search_term_string\"}],\"inLanguage\":\"de\"},{\"@type\":\"Organization\",\"@id\":\"https:\/\/now-news.de\/de\/#organization\",\"name\":\"Just Now News\",\"url\":\"https:\/\/now-news.de\/de\/\",\"logo\":{\"@type\":\"ImageObject\",\"inLanguage\":\"de\",\"@id\":\"https:\/\/now-news.de\/de\/#\/schema\/logo\/image\/\",\"url\":\"http:\/\/just-now.news\/de\/wp-content\/uploads\/sites\/3\/2022\/04\/logo500x500.jpg\",\"contentUrl\":\"http:\/\/just-now.news\/de\/wp-content\/uploads\/sites\/3\/2022\/04\/logo500x500.jpg\",\"width\":500,\"height\":500,\"caption\":\"Just Now News\"},\"image\":{\"@id\":\"https:\/\/now-news.de\/de\/#\/schema\/logo\/image\/\"},\"sameAs\":[\"https:\/\/www.facebook.com\/wirmachenauf\",\"https:\/\/x.com\/WirMachenAuf_de\"]},{\"@type\":\"Person\",\"@id\":\"https:\/\/now-news.de\/de\/#\/schema\/person\/fb534a4e865501d8b3285208df34a9b5\",\"name\":\"rtnews\",\"image\":{\"@type\":\"ImageObject\",\"inLanguage\":\"de\",\"@id\":\"https:\/\/now-news.de\/de\/#\/schema\/person\/image\/\",\"url\":\"https:\/\/secure.gravatar.com\/avatar\/82aafea7d8127119dd649515f56e2117?s=96&d=mm&r=g\",\"contentUrl\":\"https:\/\/secure.gravatar.com\/avatar\/82aafea7d8127119dd649515f56e2117?s=96&d=mm&r=g\",\"caption\":\"rtnews\"},\"url\":\"https:\/\/now-news.de\/de\/author\/rnews\/\"}]}<\/script>\n<!-- \/ Yoast SEO Premium plugin. -->","yoast_head_json":{"title":"Wegen Trumps Annexionsdrohungen: Frankreich fordert NATO-Man\u00f6ver in Gr\u00f6nland - just-now.NEWS Deutschland","robots":{"index":"index","follow":"follow","max-snippet":"max-snippet:-1","max-image-preview":"max-image-preview:large","max-video-preview":"max-video-preview:-1"},"canonical":"https:\/\/now-news.de\/de\/deutschland\/wegen-trumps-annexionsdrohungen-frankreich-fordert-nato-manoever-in-groenland\/","og_locale":"de_DE","og_type":"article","og_title":"Wegen Trumps Annexionsdrohungen: Frankreich fordert NATO-Man\u00f6ver in Gr\u00f6nland","og_description":"Laut franz\u00f6sischen Medien hat Emmanuel Macron NATO-Man\u00f6ver in Gr\u00f6nland gefordert. Formelle Man\u00f6ver w\u00fcrden die Teilnahme der USA erzwingen und die Unterst\u00fctzung des gesamten B\u00fcndnisses f\u00fcr die Souver\u00e4nit\u00e4t D\u00e4nemarks \u00fcber das Gebiet signalisieren, hei\u00dft es in Berichten. Frankreich hat um ein NATO-Man\u00f6ver in Gr\u00f6nland gebeten, um die Pl\u00e4ne des US-Pr\u00e4sidenten Donald Trump, die Insel zu annektieren [&hellip;]","og_url":"https:\/\/now-news.de\/de\/deutschland\/wegen-trumps-annexionsdrohungen-frankreich-fordert-nato-manoever-in-groenland\/","og_site_name":"just-now.NEWS Deutschland","article_publisher":"https:\/\/www.facebook.com\/wirmachenauf","article_published_time":"2026-01-21T17:50:10+00:00","og_image":[{"url":"https:\/\/now-news.de\/de\/wp-content\/uploads\/sites\/3\/2026\/01\/6971067bb480cc3c4f129f95.jpg"}],"author":"rtnews","twitter_card":"summary_large_image","twitter_creator":"@WirMachenAuf_de","twitter_site":"@WirMachenAuf_de","twitter_misc":{"Verfasst von":"rtnews","Gesch\u00e4tzte Lesezeit":"3\u00a0Minuten"},"schema":{"@context":"https:\/\/schema.org","@graph":[{"@type":"Article","@id":"https:\/\/now-news.de\/de\/deutschland\/wegen-trumps-annexionsdrohungen-frankreich-fordert-nato-manoever-in-groenland\/#article","isPartOf":{"@id":"https:\/\/now-news.de\/de\/deutschland\/wegen-trumps-annexionsdrohungen-frankreich-fordert-nato-manoever-in-groenland\/"},"author":{"name":"rtnews","@id":"https:\/\/now-news.de\/de\/#\/schema\/person\/fb534a4e865501d8b3285208df34a9b5"},"headline":"Wegen Trumps Annexionsdrohungen: Frankreich fordert NATO-Man\u00f6ver in Gr\u00f6nland","datePublished":"2026-01-21T17:50:10+00:00","dateModified":"2026-01-21T17:50:10+00:00","mainEntityOfPage":{"@id":"https:\/\/now-news.de\/de\/deutschland\/wegen-trumps-annexionsdrohungen-frankreich-fordert-nato-manoever-in-groenland\/"},"wordCount":566,"commentCount":0,"publisher":{"@id":"https:\/\/now-news.de\/de\/#organization"},"image":{"@id":"https:\/\/now-news.de\/de\/deutschland\/wegen-trumps-annexionsdrohungen-frankreich-fordert-nato-manoever-in-groenland\/#primaryimage"},"thumbnailUrl":"https:\/\/now-news.de\/de\/wp-content\/uploads\/sites\/3\/2026\/01\/Wegen-Trumps-Annexionsdrohungen-Frankreich-fordert-NATO-Manoever-in-Groenland.jpg","keywords":["Annexionsdrohungen","fordert","Frankreich","Gr\u00f6nland","NATOMan\u00f6ver","Trumps","wegen"],"articleSection":["Deutschland","Russland"],"inLanguage":"de","potentialAction":[{"@type":"CommentAction","name":"Comment","target":["https:\/\/now-news.de\/de\/deutschland\/wegen-trumps-annexionsdrohungen-frankreich-fordert-nato-manoever-in-groenland\/#respond"]}]},{"@type":"WebPage","@id":"https:\/\/now-news.de\/de\/deutschland\/wegen-trumps-annexionsdrohungen-frankreich-fordert-nato-manoever-in-groenland\/","url":"https:\/\/now-news.de\/de\/deutschland\/wegen-trumps-annexionsdrohungen-frankreich-fordert-nato-manoever-in-groenland\/","name":"Wegen Trumps Annexionsdrohungen: Frankreich fordert NATO-Man\u00f6ver in Gr\u00f6nland - just-now.NEWS Deutschland","isPartOf":{"@id":"https:\/\/now-news.de\/de\/#website"},"primaryImageOfPage":{"@id":"https:\/\/now-news.de\/de\/deutschland\/wegen-trumps-annexionsdrohungen-frankreich-fordert-nato-manoever-in-groenland\/#primaryimage"},"image":{"@id":"https:\/\/now-news.de\/de\/deutschland\/wegen-trumps-annexionsdrohungen-frankreich-fordert-nato-manoever-in-groenland\/#primaryimage"},"thumbnailUrl":"https:\/\/now-news.de\/de\/wp-content\/uploads\/sites\/3\/2026\/01\/Wegen-Trumps-Annexionsdrohungen-Frankreich-fordert-NATO-Manoever-in-Groenland.jpg","datePublished":"2026-01-21T17:50:10+00:00","dateModified":"2026-01-21T17:50:10+00:00","breadcrumb":{"@id":"https:\/\/now-news.de\/de\/deutschland\/wegen-trumps-annexionsdrohungen-frankreich-fordert-nato-manoever-in-groenland\/#breadcrumb"},"inLanguage":"de","potentialAction":[{"@type":"ReadAction","target":["https:\/\/now-news.de\/de\/deutschland\/wegen-trumps-annexionsdrohungen-frankreich-fordert-nato-manoever-in-groenland\/"]}]},{"@type":"ImageObject","inLanguage":"de","@id":"https:\/\/now-news.de\/de\/deutschland\/wegen-trumps-annexionsdrohungen-frankreich-fordert-nato-manoever-in-groenland\/#primaryimage","url":"https:\/\/now-news.de\/de\/wp-content\/uploads\/sites\/3\/2026\/01\/Wegen-Trumps-Annexionsdrohungen-Frankreich-fordert-NATO-Manoever-in-Groenland.jpg","contentUrl":"https:\/\/now-news.de\/de\/wp-content\/uploads\/sites\/3\/2026\/01\/Wegen-Trumps-Annexionsdrohungen-Frankreich-fordert-NATO-Manoever-in-Groenland.jpg","width":460,"height":259,"caption":"Wegen Trumps Annexionsdrohungen: Frankreich fordert NATO-Man\u00f6ver in Gr\u00f6nland"},{"@type":"BreadcrumbList","@id":"https:\/\/now-news.de\/de\/deutschland\/wegen-trumps-annexionsdrohungen-frankreich-fordert-nato-manoever-in-groenland\/#breadcrumb","itemListElement":[{"@type":"ListItem","position":1,"name":"Home","item":"https:\/\/now-news.de\/de\/"},{"@type":"ListItem","position":2,"name":"Wegen Trumps Annexionsdrohungen: Frankreich fordert NATO-Man\u00f6ver in Gr\u00f6nland"}]},{"@type":"WebSite","@id":"https:\/\/now-news.de\/de\/#website","url":"https:\/\/now-news.de\/de\/","name":"just-now.NEWS Deutschland","description":"Das Portal f\u00fcr unzensierte Nachrichten aus der Welt","publisher":{"@id":"https:\/\/now-news.de\/de\/#organization"},"potentialAction":[{"@type":"SearchAction","target":{"@type":"EntryPoint","urlTemplate":"https:\/\/now-news.de\/de\/?s={search_term_string}"},"query-input":"required name=search_term_string"}],"inLanguage":"de"},{"@type":"Organization","@id":"https:\/\/now-news.de\/de\/#organization","name":"Just Now News","url":"https:\/\/now-news.de\/de\/","logo":{"@type":"ImageObject","inLanguage":"de","@id":"https:\/\/now-news.de\/de\/#\/schema\/logo\/image\/","url":"http:\/\/just-now.news\/de\/wp-content\/uploads\/sites\/3\/2022\/04\/logo500x500.jpg","contentUrl":"http:\/\/just-now.news\/de\/wp-content\/uploads\/sites\/3\/2022\/04\/logo500x500.jpg","width":500,"height":500,"caption":"Just Now News"},"image":{"@id":"https:\/\/now-news.de\/de\/#\/schema\/logo\/image\/"},"sameAs":["https:\/\/www.facebook.com\/wirmachenauf","https:\/\/x.com\/WirMachenAuf_de"]},{"@type":"Person","@id":"https:\/\/now-news.de\/de\/#\/schema\/person\/fb534a4e865501d8b3285208df34a9b5","name":"rtnews","image":{"@type":"ImageObject","inLanguage":"de","@id":"https:\/\/now-news.de\/de\/#\/schema\/person\/image\/","url":"https:\/\/secure.gravatar.com\/avatar\/82aafea7d8127119dd649515f56e2117?s=96&d=mm&r=g","contentUrl":"https:\/\/secure.gravatar.com\/avatar\/82aafea7d8127119dd649515f56e2117?s=96&d=mm&r=g","caption":"rtnews"},"url":"https:\/\/now-news.de\/de\/author\/rnews\/"}]}},"_links":{"self":[{"href":"https:\/\/now-news.de\/de\/wp-json\/wp\/v2\/posts\/97635"}],"collection":[{"href":"https:\/\/now-news.de\/de\/wp-json\/wp\/v2\/posts"}],"about":[{"href":"https:\/\/now-news.de\/de\/wp-json\/wp\/v2\/types\/post"}],"author":[{"embeddable":true,"href":"https:\/\/now-news.de\/de\/wp-json\/wp\/v2\/users\/3"}],"replies":[{"embeddable":true,"href":"https:\/\/now-news.de\/de\/wp-json\/wp\/v2\/comments?post=97635"}],"version-history":[{"count":0,"href":"https:\/\/now-news.de\/de\/wp-json\/wp\/v2\/posts\/97635\/revisions"}],"wp:featuredmedia":[{"embeddable":true,"href":"https:\/\/now-news.de\/de\/wp-json\/wp\/v2\/media\/97636"}],"wp:attachment":[{"href":"https:\/\/now-news.de\/de\/wp-json\/wp\/v2\/media?parent=97635"}],"wp:term":[{"taxonomy":"category","embeddable":true,"href":"https:\/\/now-news.de\/de\/wp-json\/wp\/v2\/categories?post=97635"},{"taxonomy":"post_tag","embeddable":true,"href":"https:\/\/now-news.de\/de\/wp-json\/wp\/v2\/tags?post=97635"}],"curies":[{"name":"wp","href":"https:\/\/api.w.org\/{rel}","templated":true}]}}