{"id":9763,"date":"2022-06-03T22:42:04","date_gmt":"2022-06-03T20:42:04","guid":{"rendered":"http:\/\/just-now.news\/de\/deutschland\/kreuz-bleibt-haengen-verwaltungsgerichtshof-weist-klagen-gegen-soeders-kreuzerlass-ab\/"},"modified":"2022-06-03T22:42:04","modified_gmt":"2022-06-03T20:42:04","slug":"kreuz-bleibt-haengen-verwaltungsgerichtshof-weist-klagen-gegen-soeders-kreuzerlass-ab","status":"publish","type":"post","link":"https:\/\/now-news.de\/de\/deutschland\/kreuz-bleibt-haengen-verwaltungsgerichtshof-weist-klagen-gegen-soeders-kreuzerlass-ab\/","title":{"rendered":"Kreuz bleibt h\u00e4ngen \u2013 Verwaltungsgerichtshof weist Klagen gegen S\u00f6ders Kreuzerlass ab"},"content":{"rendered":"<p><img decoding=\"async\" src=\"http:\/\/just-now.news\/de\/wp-content\/uploads\/sites\/3\/2022\/06\/629a604a48fbef79d679aae4.jpg\" \/><\/p>\n<p>Der Bayerische Verwaltungsgerichtshof (VGH) hat Klagen gegen den sogenannten Kreuzerlass von Ministerpr\u00e4sident Markus S\u00f6der (CSU) zur\u00fcckgewiesen. Die Vorschrift besagt, dass in jedem staatlichen Geb\u00e4ude in Bayern ein Kreuz h\u00e4ngen muss. Dagegen hatte der religionskritische Bund f\u00fcr Geistesfreiheit ebenso Klage eingereicht wie 25 Unternehmer, Politiker und Kulturschaffende.<em><\/em><\/p>\n<p>Diese Klagen wiesen die obersten bayerischen Verwaltungsrichter nun allesamt ab. Die Entscheidungsgr\u00fcnde l\u00e4gen noch nicht vor und w\u00fcrden voraussichtlich in den kommenden Wochen abgefasst, teilte das Gericht am Donnerstag mit. Hinsichtlich der Klagen des Bundes f\u00fcr Geistesfreiheit lie\u00df der VGH allerdings die Revision beim Bundesverwaltungsgericht zu.<\/p>\n<p>Im April 2018 hatte das bayerische Kabinett auf Initiative des damals gerade erst zum Ministerpr\u00e4sidenten aufgestiegenen S\u00f6der beschlossen, dass im Eingangsbereich jeder Landesbeh\u00f6rde k\u00fcnftig ein Kruzifix h\u00e4ngen soll. Seither hei\u00dft es in Paragraf 28 der Gesch\u00e4ftsordnung f\u00fcr die Beh\u00f6rden des Freistaats Bayern:<\/p>\n<blockquote>\n<p><em>&#8220;Im Eingangsbereich eines jeden Dienstgeb\u00e4udes ist als Ausdruck der geschichtlichen und kulturellen Pr\u00e4gung Bayerns gut sichtbar ein Kreuz anzubringen.&#8221;<\/em><\/p>\n<\/blockquote>\n<p>Der religionskritische Bund f\u00fcr Geistesfreiheit und mehrere Einzelpersonen, unter ihnen Liedermacher Konstantin Wecker, klagten gegen den Kreuzerlass, sie fordern dessen Aufhebung und die Entfernung der aufgeh\u00e4ngten Kreuze.<\/p>\n<p>Aktuell ist der Kreuzerlass eine Verwaltungsvorschrift. Die sollte zun\u00e4chst f\u00fcr alle staatlichen Geb\u00e4ude gelten, also auch f\u00fcr Hochschulen, Archive, Museen und Theater. In einem zweiten Schritt wurden die Hochschulen und die Kulturst\u00e4tten von der Vorschrift ausgenommen. Mittlerweile wurde das Aufh\u00e4ngen des Kreuzes zu einer &#8220;Empfehlung&#8221; herabgestuft.<\/p>\n<p><strong>Mehr zum Thema<\/strong> &#8211; <a rel=\"nofollow noopener\" target=\"_blank\" href=\"https:\/\/de.rt.com\/inland\/138366-musst-ihr-nehmen-soder-scheuer\/\">&#8220;M\u00fcsst ihr nehmen&#8221; \u2013 S\u00f6der, Scheuer und die &#8220;Schrottmasken&#8221; einer Passauer Firma<\/a><\/p>\n<p>(rt\/dpa)<\/p>\n<p><br \/>\n<br \/><a href=\"https:\/\/de.rt.com\/inland\/140184-kreuz-bleibt-haengen-verwaltungsgerichtshof-weist-klagen-gegen-soeders-kreuzerlass-ab\/\">Source link <\/a><\/p>\n","protected":false},"excerpt":{"rendered":"<p>Der Bayerische Verwaltungsgerichtshof (VGH) hat Klagen gegen den sogenannten Kreuzerlass von Ministerpr\u00e4sident Markus S\u00f6der (CSU) zur\u00fcckgewiesen. Die Vorschrift besagt, dass in jedem staatlichen Geb\u00e4ude in Bayern ein Kreuz h\u00e4ngen muss. Dagegen hatte der religionskritische Bund f\u00fcr Geistesfreiheit ebenso Klage eingereicht wie 25 Unternehmer, Politiker und Kulturschaffende. Diese Klagen wiesen die obersten bayerischen Verwaltungsrichter nun allesamt [&hellip;]<\/p>\n","protected":false},"author":3,"featured_media":9764,"comment_status":"open","ping_status":"open","sticky":false,"template":"","format":"standard","meta":{"wp_automatic_camp":["217"],"4f21135a3c38022e8606afb0b19b954a":["Kreuz bleibt h\u00e4ngen \u2013 Verwaltungsgerichtshof weist Klagen gegen S\u00f6ders Kreuzerlass ab"],"original_link":["https:\/\/de.rt.com\/inland\/140184-kreuz-bleibt-haengen-verwaltungsgerichtshof-weist-klagen-gegen-soeders-kreuzerlass-ab\/"],"_thumbnail_id":["9764"],"_wptg_p2tg_sent2tg":["2022-06-03 22:55:39"],"jnews_social_counter_last_update":["1777260600"]},"categories":[19,23],"tags":[487,278,23048,22673,23047,23050,5581,23049,3334],"yoast_head":"<!-- This site is optimized with the Yoast SEO Premium plugin v22.7 (Yoast SEO v22.7) - https:\/\/yoast.com\/wordpress\/plugins\/seo\/ -->\n<title>Kreuz bleibt h\u00e4ngen \u2013 Verwaltungsgerichtshof weist Klagen gegen S\u00f6ders Kreuzerlass ab - just-now.NEWS Deutschland<\/title>\n<meta name=\"robots\" content=\"index, follow, max-snippet:-1, max-image-preview:large, max-video-preview:-1\" \/>\n<link rel=\"canonical\" href=\"https:\/\/now-news.de\/de\/deutschland\/kreuz-bleibt-haengen-verwaltungsgerichtshof-weist-klagen-gegen-soeders-kreuzerlass-ab\/\" \/>\n<meta property=\"og:locale\" content=\"de_DE\" \/>\n<meta property=\"og:type\" content=\"article\" \/>\n<meta property=\"og:title\" content=\"Kreuz bleibt h\u00e4ngen \u2013 Verwaltungsgerichtshof weist Klagen gegen S\u00f6ders Kreuzerlass ab\" \/>\n<meta property=\"og:description\" content=\"Der Bayerische Verwaltungsgerichtshof (VGH) hat Klagen gegen den sogenannten Kreuzerlass von Ministerpr\u00e4sident Markus S\u00f6der (CSU) zur\u00fcckgewiesen. Die Vorschrift besagt, dass in jedem staatlichen Geb\u00e4ude in Bayern ein Kreuz h\u00e4ngen muss. Dagegen hatte der religionskritische Bund f\u00fcr Geistesfreiheit ebenso Klage eingereicht wie 25 Unternehmer, Politiker und Kulturschaffende. Diese Klagen wiesen die obersten bayerischen Verwaltungsrichter nun allesamt [&hellip;]\" \/>\n<meta property=\"og:url\" content=\"https:\/\/now-news.de\/de\/deutschland\/kreuz-bleibt-haengen-verwaltungsgerichtshof-weist-klagen-gegen-soeders-kreuzerlass-ab\/\" \/>\n<meta property=\"og:site_name\" content=\"just-now.NEWS Deutschland\" \/>\n<meta property=\"article:publisher\" content=\"https:\/\/www.facebook.com\/wirmachenauf\" \/>\n<meta property=\"article:published_time\" content=\"2022-06-03T20:42:04+00:00\" \/>\n<meta property=\"og:image\" content=\"https:\/\/now-news.de\/de\/wp-content\/uploads\/sites\/3\/2022\/06\/Kreuz-bleibt-haengen-\u2013-Verwaltungsgerichtshof-weist-Klagen-gegen-Soeders-Kreuzerlass.jpg\" \/>\n\t<meta property=\"og:image:width\" content=\"460\" \/>\n\t<meta property=\"og:image:height\" content=\"259\" \/>\n\t<meta property=\"og:image:type\" content=\"image\/jpeg\" \/>\n<meta name=\"author\" content=\"rtnews\" \/>\n<meta name=\"twitter:card\" content=\"summary_large_image\" \/>\n<meta name=\"twitter:creator\" content=\"@WirMachenAuf_de\" \/>\n<meta name=\"twitter:site\" content=\"@WirMachenAuf_de\" \/>\n<meta name=\"twitter:label1\" content=\"Verfasst von\" \/>\n\t<meta name=\"twitter:data1\" content=\"rtnews\" \/>\n\t<meta name=\"twitter:label2\" content=\"Gesch\u00e4tzte Lesezeit\" \/>\n\t<meta name=\"twitter:data2\" content=\"1\u00a0Minute\" \/>\n<script type=\"application\/ld+json\" class=\"yoast-schema-graph\">{\"@context\":\"https:\/\/schema.org\",\"@graph\":[{\"@type\":\"Article\",\"@id\":\"https:\/\/now-news.de\/de\/deutschland\/kreuz-bleibt-haengen-verwaltungsgerichtshof-weist-klagen-gegen-soeders-kreuzerlass-ab\/#article\",\"isPartOf\":{\"@id\":\"https:\/\/now-news.de\/de\/deutschland\/kreuz-bleibt-haengen-verwaltungsgerichtshof-weist-klagen-gegen-soeders-kreuzerlass-ab\/\"},\"author\":{\"name\":\"rtnews\",\"@id\":\"https:\/\/now-news.de\/de\/#\/schema\/person\/fb534a4e865501d8b3285208df34a9b5\"},\"headline\":\"Kreuz bleibt h\u00e4ngen \u2013 Verwaltungsgerichtshof weist Klagen gegen S\u00f6ders Kreuzerlass ab\",\"datePublished\":\"2022-06-03T20:42:04+00:00\",\"dateModified\":\"2022-06-03T20:42:04+00:00\",\"mainEntityOfPage\":{\"@id\":\"https:\/\/now-news.de\/de\/deutschland\/kreuz-bleibt-haengen-verwaltungsgerichtshof-weist-klagen-gegen-soeders-kreuzerlass-ab\/\"},\"wordCount\":286,\"commentCount\":0,\"publisher\":{\"@id\":\"https:\/\/now-news.de\/de\/#organization\"},\"image\":{\"@id\":\"https:\/\/now-news.de\/de\/deutschland\/kreuz-bleibt-haengen-verwaltungsgerichtshof-weist-klagen-gegen-soeders-kreuzerlass-ab\/#primaryimage\"},\"thumbnailUrl\":\"https:\/\/now-news.de\/de\/wp-content\/uploads\/sites\/3\/2022\/06\/Kreuz-bleibt-haengen-\u2013-Verwaltungsgerichtshof-weist-Klagen-gegen-Soeders-Kreuzerlass.jpg\",\"keywords\":[\"bleibt\",\"gegen\",\"h\u00e4ngen\",\"klagen\",\"Kreuz\",\"Kreuzerlass\",\"S\u00f6ders\",\"Verwaltungsgerichtshof\",\"weist\"],\"articleSection\":[\"Deutschland\",\"Russland\"],\"inLanguage\":\"de\",\"potentialAction\":[{\"@type\":\"CommentAction\",\"name\":\"Comment\",\"target\":[\"https:\/\/now-news.de\/de\/deutschland\/kreuz-bleibt-haengen-verwaltungsgerichtshof-weist-klagen-gegen-soeders-kreuzerlass-ab\/#respond\"]}]},{\"@type\":\"WebPage\",\"@id\":\"https:\/\/now-news.de\/de\/deutschland\/kreuz-bleibt-haengen-verwaltungsgerichtshof-weist-klagen-gegen-soeders-kreuzerlass-ab\/\",\"url\":\"https:\/\/now-news.de\/de\/deutschland\/kreuz-bleibt-haengen-verwaltungsgerichtshof-weist-klagen-gegen-soeders-kreuzerlass-ab\/\",\"name\":\"Kreuz bleibt h\u00e4ngen \u2013 Verwaltungsgerichtshof weist Klagen gegen S\u00f6ders Kreuzerlass ab - just-now.NEWS Deutschland\",\"isPartOf\":{\"@id\":\"https:\/\/now-news.de\/de\/#website\"},\"primaryImageOfPage\":{\"@id\":\"https:\/\/now-news.de\/de\/deutschland\/kreuz-bleibt-haengen-verwaltungsgerichtshof-weist-klagen-gegen-soeders-kreuzerlass-ab\/#primaryimage\"},\"image\":{\"@id\":\"https:\/\/now-news.de\/de\/deutschland\/kreuz-bleibt-haengen-verwaltungsgerichtshof-weist-klagen-gegen-soeders-kreuzerlass-ab\/#primaryimage\"},\"thumbnailUrl\":\"https:\/\/now-news.de\/de\/wp-content\/uploads\/sites\/3\/2022\/06\/Kreuz-bleibt-haengen-\u2013-Verwaltungsgerichtshof-weist-Klagen-gegen-Soeders-Kreuzerlass.jpg\",\"datePublished\":\"2022-06-03T20:42:04+00:00\",\"dateModified\":\"2022-06-03T20:42:04+00:00\",\"breadcrumb\":{\"@id\":\"https:\/\/now-news.de\/de\/deutschland\/kreuz-bleibt-haengen-verwaltungsgerichtshof-weist-klagen-gegen-soeders-kreuzerlass-ab\/#breadcrumb\"},\"inLanguage\":\"de\",\"potentialAction\":[{\"@type\":\"ReadAction\",\"target\":[\"https:\/\/now-news.de\/de\/deutschland\/kreuz-bleibt-haengen-verwaltungsgerichtshof-weist-klagen-gegen-soeders-kreuzerlass-ab\/\"]}]},{\"@type\":\"ImageObject\",\"inLanguage\":\"de\",\"@id\":\"https:\/\/now-news.de\/de\/deutschland\/kreuz-bleibt-haengen-verwaltungsgerichtshof-weist-klagen-gegen-soeders-kreuzerlass-ab\/#primaryimage\",\"url\":\"https:\/\/now-news.de\/de\/wp-content\/uploads\/sites\/3\/2022\/06\/Kreuz-bleibt-haengen-\u2013-Verwaltungsgerichtshof-weist-Klagen-gegen-Soeders-Kreuzerlass.jpg\",\"contentUrl\":\"https:\/\/now-news.de\/de\/wp-content\/uploads\/sites\/3\/2022\/06\/Kreuz-bleibt-haengen-\u2013-Verwaltungsgerichtshof-weist-Klagen-gegen-Soeders-Kreuzerlass.jpg\",\"width\":460,\"height\":259,\"caption\":\"Kreuz bleibt h\u00e4ngen \u2013 Verwaltungsgerichtshof weist Klagen gegen S\u00f6ders Kreuzerlass ab\"},{\"@type\":\"BreadcrumbList\",\"@id\":\"https:\/\/now-news.de\/de\/deutschland\/kreuz-bleibt-haengen-verwaltungsgerichtshof-weist-klagen-gegen-soeders-kreuzerlass-ab\/#breadcrumb\",\"itemListElement\":[{\"@type\":\"ListItem\",\"position\":1,\"name\":\"Home\",\"item\":\"https:\/\/now-news.de\/de\/\"},{\"@type\":\"ListItem\",\"position\":2,\"name\":\"Kreuz bleibt h\u00e4ngen \u2013 Verwaltungsgerichtshof weist Klagen gegen S\u00f6ders Kreuzerlass ab\"}]},{\"@type\":\"WebSite\",\"@id\":\"https:\/\/now-news.de\/de\/#website\",\"url\":\"https:\/\/now-news.de\/de\/\",\"name\":\"just-now.NEWS Deutschland\",\"description\":\"Das Portal f\u00fcr unzensierte Nachrichten aus der Welt\",\"publisher\":{\"@id\":\"https:\/\/now-news.de\/de\/#organization\"},\"potentialAction\":[{\"@type\":\"SearchAction\",\"target\":{\"@type\":\"EntryPoint\",\"urlTemplate\":\"https:\/\/now-news.de\/de\/?s={search_term_string}\"},\"query-input\":\"required name=search_term_string\"}],\"inLanguage\":\"de\"},{\"@type\":\"Organization\",\"@id\":\"https:\/\/now-news.de\/de\/#organization\",\"name\":\"Just Now News\",\"url\":\"https:\/\/now-news.de\/de\/\",\"logo\":{\"@type\":\"ImageObject\",\"inLanguage\":\"de\",\"@id\":\"https:\/\/now-news.de\/de\/#\/schema\/logo\/image\/\",\"url\":\"http:\/\/just-now.news\/de\/wp-content\/uploads\/sites\/3\/2022\/04\/logo500x500.jpg\",\"contentUrl\":\"http:\/\/just-now.news\/de\/wp-content\/uploads\/sites\/3\/2022\/04\/logo500x500.jpg\",\"width\":500,\"height\":500,\"caption\":\"Just Now News\"},\"image\":{\"@id\":\"https:\/\/now-news.de\/de\/#\/schema\/logo\/image\/\"},\"sameAs\":[\"https:\/\/www.facebook.com\/wirmachenauf\",\"https:\/\/x.com\/WirMachenAuf_de\"]},{\"@type\":\"Person\",\"@id\":\"https:\/\/now-news.de\/de\/#\/schema\/person\/fb534a4e865501d8b3285208df34a9b5\",\"name\":\"rtnews\",\"image\":{\"@type\":\"ImageObject\",\"inLanguage\":\"de\",\"@id\":\"https:\/\/now-news.de\/de\/#\/schema\/person\/image\/\",\"url\":\"https:\/\/secure.gravatar.com\/avatar\/82aafea7d8127119dd649515f56e2117?s=96&d=mm&r=g\",\"contentUrl\":\"https:\/\/secure.gravatar.com\/avatar\/82aafea7d8127119dd649515f56e2117?s=96&d=mm&r=g\",\"caption\":\"rtnews\"},\"url\":\"https:\/\/now-news.de\/de\/author\/rnews\/\"}]}<\/script>\n<!-- \/ Yoast SEO Premium plugin. -->","yoast_head_json":{"title":"Kreuz bleibt h\u00e4ngen \u2013 Verwaltungsgerichtshof weist Klagen gegen S\u00f6ders Kreuzerlass ab - just-now.NEWS Deutschland","robots":{"index":"index","follow":"follow","max-snippet":"max-snippet:-1","max-image-preview":"max-image-preview:large","max-video-preview":"max-video-preview:-1"},"canonical":"https:\/\/now-news.de\/de\/deutschland\/kreuz-bleibt-haengen-verwaltungsgerichtshof-weist-klagen-gegen-soeders-kreuzerlass-ab\/","og_locale":"de_DE","og_type":"article","og_title":"Kreuz bleibt h\u00e4ngen \u2013 Verwaltungsgerichtshof weist Klagen gegen S\u00f6ders Kreuzerlass ab","og_description":"Der Bayerische Verwaltungsgerichtshof (VGH) hat Klagen gegen den sogenannten Kreuzerlass von Ministerpr\u00e4sident Markus S\u00f6der (CSU) zur\u00fcckgewiesen. Die Vorschrift besagt, dass in jedem staatlichen Geb\u00e4ude in Bayern ein Kreuz h\u00e4ngen muss. Dagegen hatte der religionskritische Bund f\u00fcr Geistesfreiheit ebenso Klage eingereicht wie 25 Unternehmer, Politiker und Kulturschaffende. Diese Klagen wiesen die obersten bayerischen Verwaltungsrichter nun allesamt [&hellip;]","og_url":"https:\/\/now-news.de\/de\/deutschland\/kreuz-bleibt-haengen-verwaltungsgerichtshof-weist-klagen-gegen-soeders-kreuzerlass-ab\/","og_site_name":"just-now.NEWS Deutschland","article_publisher":"https:\/\/www.facebook.com\/wirmachenauf","article_published_time":"2022-06-03T20:42:04+00:00","og_image":[{"width":460,"height":259,"url":"https:\/\/now-news.de\/de\/wp-content\/uploads\/sites\/3\/2022\/06\/Kreuz-bleibt-haengen-\u2013-Verwaltungsgerichtshof-weist-Klagen-gegen-Soeders-Kreuzerlass.jpg","type":"image\/jpeg"}],"author":"rtnews","twitter_card":"summary_large_image","twitter_creator":"@WirMachenAuf_de","twitter_site":"@WirMachenAuf_de","twitter_misc":{"Verfasst von":"rtnews","Gesch\u00e4tzte Lesezeit":"1\u00a0Minute"},"schema":{"@context":"https:\/\/schema.org","@graph":[{"@type":"Article","@id":"https:\/\/now-news.de\/de\/deutschland\/kreuz-bleibt-haengen-verwaltungsgerichtshof-weist-klagen-gegen-soeders-kreuzerlass-ab\/#article","isPartOf":{"@id":"https:\/\/now-news.de\/de\/deutschland\/kreuz-bleibt-haengen-verwaltungsgerichtshof-weist-klagen-gegen-soeders-kreuzerlass-ab\/"},"author":{"name":"rtnews","@id":"https:\/\/now-news.de\/de\/#\/schema\/person\/fb534a4e865501d8b3285208df34a9b5"},"headline":"Kreuz bleibt h\u00e4ngen \u2013 Verwaltungsgerichtshof weist Klagen gegen S\u00f6ders Kreuzerlass ab","datePublished":"2022-06-03T20:42:04+00:00","dateModified":"2022-06-03T20:42:04+00:00","mainEntityOfPage":{"@id":"https:\/\/now-news.de\/de\/deutschland\/kreuz-bleibt-haengen-verwaltungsgerichtshof-weist-klagen-gegen-soeders-kreuzerlass-ab\/"},"wordCount":286,"commentCount":0,"publisher":{"@id":"https:\/\/now-news.de\/de\/#organization"},"image":{"@id":"https:\/\/now-news.de\/de\/deutschland\/kreuz-bleibt-haengen-verwaltungsgerichtshof-weist-klagen-gegen-soeders-kreuzerlass-ab\/#primaryimage"},"thumbnailUrl":"https:\/\/now-news.de\/de\/wp-content\/uploads\/sites\/3\/2022\/06\/Kreuz-bleibt-haengen-\u2013-Verwaltungsgerichtshof-weist-Klagen-gegen-Soeders-Kreuzerlass.jpg","keywords":["bleibt","gegen","h\u00e4ngen","klagen","Kreuz","Kreuzerlass","S\u00f6ders","Verwaltungsgerichtshof","weist"],"articleSection":["Deutschland","Russland"],"inLanguage":"de","potentialAction":[{"@type":"CommentAction","name":"Comment","target":["https:\/\/now-news.de\/de\/deutschland\/kreuz-bleibt-haengen-verwaltungsgerichtshof-weist-klagen-gegen-soeders-kreuzerlass-ab\/#respond"]}]},{"@type":"WebPage","@id":"https:\/\/now-news.de\/de\/deutschland\/kreuz-bleibt-haengen-verwaltungsgerichtshof-weist-klagen-gegen-soeders-kreuzerlass-ab\/","url":"https:\/\/now-news.de\/de\/deutschland\/kreuz-bleibt-haengen-verwaltungsgerichtshof-weist-klagen-gegen-soeders-kreuzerlass-ab\/","name":"Kreuz bleibt h\u00e4ngen \u2013 Verwaltungsgerichtshof weist Klagen gegen S\u00f6ders Kreuzerlass ab - just-now.NEWS Deutschland","isPartOf":{"@id":"https:\/\/now-news.de\/de\/#website"},"primaryImageOfPage":{"@id":"https:\/\/now-news.de\/de\/deutschland\/kreuz-bleibt-haengen-verwaltungsgerichtshof-weist-klagen-gegen-soeders-kreuzerlass-ab\/#primaryimage"},"image":{"@id":"https:\/\/now-news.de\/de\/deutschland\/kreuz-bleibt-haengen-verwaltungsgerichtshof-weist-klagen-gegen-soeders-kreuzerlass-ab\/#primaryimage"},"thumbnailUrl":"https:\/\/now-news.de\/de\/wp-content\/uploads\/sites\/3\/2022\/06\/Kreuz-bleibt-haengen-\u2013-Verwaltungsgerichtshof-weist-Klagen-gegen-Soeders-Kreuzerlass.jpg","datePublished":"2022-06-03T20:42:04+00:00","dateModified":"2022-06-03T20:42:04+00:00","breadcrumb":{"@id":"https:\/\/now-news.de\/de\/deutschland\/kreuz-bleibt-haengen-verwaltungsgerichtshof-weist-klagen-gegen-soeders-kreuzerlass-ab\/#breadcrumb"},"inLanguage":"de","potentialAction":[{"@type":"ReadAction","target":["https:\/\/now-news.de\/de\/deutschland\/kreuz-bleibt-haengen-verwaltungsgerichtshof-weist-klagen-gegen-soeders-kreuzerlass-ab\/"]}]},{"@type":"ImageObject","inLanguage":"de","@id":"https:\/\/now-news.de\/de\/deutschland\/kreuz-bleibt-haengen-verwaltungsgerichtshof-weist-klagen-gegen-soeders-kreuzerlass-ab\/#primaryimage","url":"https:\/\/now-news.de\/de\/wp-content\/uploads\/sites\/3\/2022\/06\/Kreuz-bleibt-haengen-\u2013-Verwaltungsgerichtshof-weist-Klagen-gegen-Soeders-Kreuzerlass.jpg","contentUrl":"https:\/\/now-news.de\/de\/wp-content\/uploads\/sites\/3\/2022\/06\/Kreuz-bleibt-haengen-\u2013-Verwaltungsgerichtshof-weist-Klagen-gegen-Soeders-Kreuzerlass.jpg","width":460,"height":259,"caption":"Kreuz bleibt h\u00e4ngen \u2013 Verwaltungsgerichtshof weist Klagen gegen S\u00f6ders Kreuzerlass ab"},{"@type":"BreadcrumbList","@id":"https:\/\/now-news.de\/de\/deutschland\/kreuz-bleibt-haengen-verwaltungsgerichtshof-weist-klagen-gegen-soeders-kreuzerlass-ab\/#breadcrumb","itemListElement":[{"@type":"ListItem","position":1,"name":"Home","item":"https:\/\/now-news.de\/de\/"},{"@type":"ListItem","position":2,"name":"Kreuz bleibt h\u00e4ngen \u2013 Verwaltungsgerichtshof weist Klagen gegen S\u00f6ders Kreuzerlass ab"}]},{"@type":"WebSite","@id":"https:\/\/now-news.de\/de\/#website","url":"https:\/\/now-news.de\/de\/","name":"just-now.NEWS Deutschland","description":"Das Portal f\u00fcr unzensierte Nachrichten aus der Welt","publisher":{"@id":"https:\/\/now-news.de\/de\/#organization"},"potentialAction":[{"@type":"SearchAction","target":{"@type":"EntryPoint","urlTemplate":"https:\/\/now-news.de\/de\/?s={search_term_string}"},"query-input":"required name=search_term_string"}],"inLanguage":"de"},{"@type":"Organization","@id":"https:\/\/now-news.de\/de\/#organization","name":"Just Now News","url":"https:\/\/now-news.de\/de\/","logo":{"@type":"ImageObject","inLanguage":"de","@id":"https:\/\/now-news.de\/de\/#\/schema\/logo\/image\/","url":"http:\/\/just-now.news\/de\/wp-content\/uploads\/sites\/3\/2022\/04\/logo500x500.jpg","contentUrl":"http:\/\/just-now.news\/de\/wp-content\/uploads\/sites\/3\/2022\/04\/logo500x500.jpg","width":500,"height":500,"caption":"Just Now News"},"image":{"@id":"https:\/\/now-news.de\/de\/#\/schema\/logo\/image\/"},"sameAs":["https:\/\/www.facebook.com\/wirmachenauf","https:\/\/x.com\/WirMachenAuf_de"]},{"@type":"Person","@id":"https:\/\/now-news.de\/de\/#\/schema\/person\/fb534a4e865501d8b3285208df34a9b5","name":"rtnews","image":{"@type":"ImageObject","inLanguage":"de","@id":"https:\/\/now-news.de\/de\/#\/schema\/person\/image\/","url":"https:\/\/secure.gravatar.com\/avatar\/82aafea7d8127119dd649515f56e2117?s=96&d=mm&r=g","contentUrl":"https:\/\/secure.gravatar.com\/avatar\/82aafea7d8127119dd649515f56e2117?s=96&d=mm&r=g","caption":"rtnews"},"url":"https:\/\/now-news.de\/de\/author\/rnews\/"}]}},"_links":{"self":[{"href":"https:\/\/now-news.de\/de\/wp-json\/wp\/v2\/posts\/9763"}],"collection":[{"href":"https:\/\/now-news.de\/de\/wp-json\/wp\/v2\/posts"}],"about":[{"href":"https:\/\/now-news.de\/de\/wp-json\/wp\/v2\/types\/post"}],"author":[{"embeddable":true,"href":"https:\/\/now-news.de\/de\/wp-json\/wp\/v2\/users\/3"}],"replies":[{"embeddable":true,"href":"https:\/\/now-news.de\/de\/wp-json\/wp\/v2\/comments?post=9763"}],"version-history":[{"count":0,"href":"https:\/\/now-news.de\/de\/wp-json\/wp\/v2\/posts\/9763\/revisions"}],"wp:featuredmedia":[{"embeddable":true,"href":"https:\/\/now-news.de\/de\/wp-json\/wp\/v2\/media\/9764"}],"wp:attachment":[{"href":"https:\/\/now-news.de\/de\/wp-json\/wp\/v2\/media?parent=9763"}],"wp:term":[{"taxonomy":"category","embeddable":true,"href":"https:\/\/now-news.de\/de\/wp-json\/wp\/v2\/categories?post=9763"},{"taxonomy":"post_tag","embeddable":true,"href":"https:\/\/now-news.de\/de\/wp-json\/wp\/v2\/tags?post=9763"}],"curies":[{"name":"wp","href":"https:\/\/api.w.org\/{rel}","templated":true}]}}