{"id":97624,"date":"2026-01-21T15:39:47","date_gmt":"2026-01-21T13:39:47","guid":{"rendered":"https:\/\/now-news.de\/de\/deutschland\/trump-in-davos-angekommen\/"},"modified":"2026-01-21T15:39:47","modified_gmt":"2026-01-21T13:39:47","slug":"trump-in-davos-angekommen","status":"publish","type":"post","link":"https:\/\/now-news.de\/de\/deutschland\/trump-in-davos-angekommen\/","title":{"rendered":"Trump in Davos angekommen"},"content":{"rendered":"<div class=\"Text-root Text-type_1 \">\n                Donald Trump ist am Mittwoch auf dem Weltwirtschaftsforum in Davos eingetroffen. Nach einer technischen Panne an der Air Force One reiste der US-Pr\u00e4sident mit Versp\u00e4tung \u00fcber Z\u00fcrich an und wurde per Helikopter nach Davos geflogen. Um 14.30 Uhr ist seine Rede im Kongresszentrum geplant, die gro\u00dfe internationale Aufmerksamkeit auf sich zieht.\n            <\/div>\n<p><\/p>\n<div class=\"Text-root Text-type_5 ArticleView-text ViewText-root \">\n<p>Donald Trump ist in Davos eingetroffen. Der US-Pr\u00e4sident wird am Mittwoch um 14.30 Uhr im Kongresszentrum des Weltwirtschaftsforums sprechen. Sein Auftritt gilt als einer der meistbeachteten Programmpunkte der diesj\u00e4hrigen WEF-Ausgabe.<\/p>\n<p>Das Weltwirtschaftsforum 2026 findet vom 19. bis 23. Januar unter dem Motto &#8220;A Spirit of Dialogue&#8221; statt.<\/p>\n<p>Zur 56. Austragung werden \u00fcber 3000 Entscheidungstr\u00e4ger aus Politik, Wirtschaft, Wissenschaft und Medien erwartet. Damit verzeichnet das Forum einen neuen Teilnehmerrekord.<\/p>\n<figure class=\"RTImage-root\">\n<div class=\"RTImage-image RTImage-original\"><picture class=\"Picture-root Picture-original\"><!--[if IE 9]><video style=\"display: none;\"><![endif]--><source media=\"(-webkit-min-device-pixel-ratio: 2) and (min-resolution: 120dpi)\" data-srcset=\" \nhttps:\/\/now-news.de\/de\/wp-content\/uploads\/sites\/3\/2026\/01\/6970d20948fbef116a256ac9.jpg 850w,\n                https:\/\/now-news.de\/de\/wp-content\/uploads\/sites\/3\/2026\/01\/6970d20948fbef116a256ac9.jpg 1960w,            \" ><source data-srcset=\" \nhttps:\/\/now-news.de\/de\/wp-content\/uploads\/sites\/3\/2026\/01\/6970d20948fbef116a256ac9.jpg 460w,\n              https:\/\/now-news.de\/de\/wp-content\/uploads\/sites\/3\/2026\/01\/6970d20948fbef116a256ac9.jpg 980w,\n            \" ><!--[if IE 9]><\/video><![endif]--><img decoding=\"async\" data- src=\"data:image\/png;base64,iVBORw0KGgoAAAANSUhEUgAAABAAAAAJCAQAAACRI2S5AAAAEElEQVR42mNkIAAYRxWAAQAG9gAKqv6+AwAAAABJRU5ErkJggg==\" class=\"Picture-root Picture-original lazyload\" data-src=\"https:\/\/now-news.de\/de\/wp-content\/uploads\/sites\/3\/2026\/01\/6970d20948fbef116a256ac9.jpg\" alt=\"\"><\/source><\/source><\/picture><!-- noscript pattern --><noscript><img decoding=\"async\" src=\"https:\/\/now-news.de\/de\/wp-content\/uploads\/sites\/3\/2026\/01\/6970d20948fbef116a256ac9.jpg\" alt=\"\"><\/noscript><\/div><figcaption class=\"RTImage-footer\"><span class=\"RTImage-caption\"><span class=\"RTImage-captionItem\">Gro\u00dfer Andrang vor Trump-Rede beim WEF in Davos<\/span><\/span><span class=\"RTImage-source\"><span class=\"RTImage-captionItem\">Chip Somodevilla<\/span><\/span><\/figcaption><\/figure>\n<p>Trump landete am fr\u00fchen Nachmittag mit einem Milit\u00e4rhelikopter auf dem Davosersee. Zuvor war die Air Force One um 12.35 Uhr am Flughafen Z\u00fcrich gelandet.<\/p>\n<p>Die Ankunft erfolgte mit rund zwei Stunden Versp\u00e4tung, nachdem die Pr\u00e4sidentenmaschine auf dem Weg in die Schweiz wegen eines technischen Problems umkehren musste. Der US-Pr\u00e4sident setzte seine Reise anschlie\u00dfend mit einem Ersatzflugzeug fort.<\/p>\n<p>Vom Flughafen Z\u00fcrich aus wurde Trump per Helikopterkonvoi nach Davos geflogen. Aus Sicherheitsgr\u00fcnden kamen dabei mehrere baugleiche Maschinen zum Einsatz, um nicht erkennen zu lassen, in welchem Helikopter sich der Pr\u00e4sident befand.<\/p>\n<p>Begleitet wurde Trump von hochrangigen Mitgliedern seiner Administration, darunter Au\u00dfenminister Marco Rubio, Finanzminister Scott Bessent und weitere Regierungsvertreter. Auch sein Schwiegersohn Jared Kushner reiste mit.<\/p>\n<p>Bereits vor Trumps Eintreffen kam es im Kongresszentrum zu einem starken Andrang. Vor dem Plenarsaal bildeten sich lange Schlangen, teils kam es zu Gedr\u00e4nge.<\/p>\n<p>Der Zutritt zur Rede ist nur mit einem speziellen Zugangsausweis m\u00f6glich. F\u00fcr weitere Teilnehmer wurden \u00dcbertragungsr\u00e4ume eingerichtet, in denen die Ansprache live gestreamt wird.<\/p>\n<p>Das Weltwirtschaftsforum dauert noch bis Freitag. In Davos diskutieren Staats- und Regierungschefs, Wirtschaftsvertreter und internationale Organisationen \u00fcber globale Sicherheitsfragen, wirtschaftliche Entwicklungen und politische Risiken.<\/p>\n<p data-start=\"1870\" data-end=\"2188\"><strong>Mehr zum Thema\u00a0<\/strong>\u2013<strong>\u00a0<\/strong><a rel=\"nofollow noopener\" target=\"_blank\" href=\"https:\/\/freedert.online\/meinung\/267814-macron-hinter-blauen-glaesern-europas\/\">Macron<\/a><a rel=\"nofollow noopener\" target=\"_blank\" href=\"https:\/\/freedert.online\/meinung\/267814-macron-hinter-blauen-glaesern-europas\/\">\u00a0hinter blauen Gl\u00e4sern: Europas Sp\u00e4taufwacher<\/a><\/p>\n<div class=\"EmbedBlock-root EmbedBlock-externalVideo EmbedBlock-rumble\">\n<div class=\"VkEmbed\"><iframe class=\"lazyload\" data-src=\"https:\/\/rumble.com\/embed\/v72ecug\" frameborder=\"0\" width=\"853\" height=\"480\" allowfullscreen><\/iframe><\/div>\n<\/div>\n<\/div>\n<p><br \/>\n<br \/><a href=\"https:\/\/de.rt.com\/international\/267886-trump-in-davos-angekommen\/\">Source link <\/a><\/p>\n","protected":false},"excerpt":{"rendered":"<p>Donald Trump ist am Mittwoch auf dem Weltwirtschaftsforum in Davos eingetroffen. Nach einer technischen Panne an der Air Force One reiste der US-Pr\u00e4sident mit Versp\u00e4tung \u00fcber Z\u00fcrich an und wurde per Helikopter nach Davos geflogen. Um 14.30 Uhr ist seine Rede im Kongresszentrum geplant, die gro\u00dfe internationale Aufmerksamkeit auf sich zieht. Donald Trump ist in [&hellip;]<\/p>\n","protected":false},"author":3,"featured_media":97625,"comment_status":"open","ping_status":"open","sticky":false,"template":"","format":"standard","meta":{"_yoast_indexnow_last_ping":["1769003401"],"wp_automatic_camp":["217"],"ec96f59bb6875fc585f59a6ca586e0d1":["Trump in Davos angekommen"],"original_link":["https:\/\/de.rt.com\/international\/267886-trump-in-davos-angekommen\/"],"_thumbnail_id":["97625"],"jnews_social_counter_last_update":["1777486415"],"_wptgpro_p2tg_sent2tg":["a:1:{i:23737;s:19:\"2026-01-21 15:51:01\";}"]},"categories":[19,23],"tags":[33987,92,1639],"yoast_head":"<!-- This site is optimized with the Yoast SEO Premium plugin v22.7 (Yoast SEO v22.7) - https:\/\/yoast.com\/wordpress\/plugins\/seo\/ -->\n<title>Trump in Davos angekommen - just-now.NEWS Deutschland<\/title>\n<meta name=\"robots\" content=\"index, follow, max-snippet:-1, max-image-preview:large, max-video-preview:-1\" \/>\n<link rel=\"canonical\" href=\"https:\/\/now-news.de\/de\/deutschland\/trump-in-davos-angekommen\/\" \/>\n<meta property=\"og:locale\" content=\"de_DE\" \/>\n<meta property=\"og:type\" content=\"article\" \/>\n<meta property=\"og:title\" content=\"Trump in Davos angekommen\" \/>\n<meta property=\"og:description\" content=\"Donald Trump ist am Mittwoch auf dem Weltwirtschaftsforum in Davos eingetroffen. Nach einer technischen Panne an der Air Force One reiste der US-Pr\u00e4sident mit Versp\u00e4tung \u00fcber Z\u00fcrich an und wurde per Helikopter nach Davos geflogen. Um 14.30 Uhr ist seine Rede im Kongresszentrum geplant, die gro\u00dfe internationale Aufmerksamkeit auf sich zieht. Donald Trump ist in [&hellip;]\" \/>\n<meta property=\"og:url\" content=\"https:\/\/now-news.de\/de\/deutschland\/trump-in-davos-angekommen\/\" \/>\n<meta property=\"og:site_name\" content=\"just-now.NEWS Deutschland\" \/>\n<meta property=\"article:publisher\" content=\"https:\/\/www.facebook.com\/wirmachenauf\" \/>\n<meta property=\"article:published_time\" content=\"2026-01-21T13:39:47+00:00\" \/>\n<meta property=\"og:image\" content=\"https:\/\/now-news.de\/de\/wp-content\/uploads\/sites\/3\/2026\/01\/6970d20948fbef116a256ac9.jpg\" \/>\n<meta name=\"author\" content=\"rtnews\" \/>\n<meta name=\"twitter:card\" content=\"summary_large_image\" \/>\n<meta name=\"twitter:creator\" content=\"@WirMachenAuf_de\" \/>\n<meta name=\"twitter:site\" content=\"@WirMachenAuf_de\" \/>\n<meta name=\"twitter:label1\" content=\"Verfasst von\" \/>\n\t<meta name=\"twitter:data1\" content=\"rtnews\" \/>\n\t<meta name=\"twitter:label2\" content=\"Gesch\u00e4tzte Lesezeit\" \/>\n\t<meta name=\"twitter:data2\" content=\"2\u00a0Minuten\" \/>\n<script type=\"application\/ld+json\" class=\"yoast-schema-graph\">{\"@context\":\"https:\/\/schema.org\",\"@graph\":[{\"@type\":\"Article\",\"@id\":\"https:\/\/now-news.de\/de\/deutschland\/trump-in-davos-angekommen\/#article\",\"isPartOf\":{\"@id\":\"https:\/\/now-news.de\/de\/deutschland\/trump-in-davos-angekommen\/\"},\"author\":{\"name\":\"rtnews\",\"@id\":\"https:\/\/now-news.de\/de\/#\/schema\/person\/fb534a4e865501d8b3285208df34a9b5\"},\"headline\":\"Trump in Davos angekommen\",\"datePublished\":\"2026-01-21T13:39:47+00:00\",\"dateModified\":\"2026-01-21T13:39:47+00:00\",\"mainEntityOfPage\":{\"@id\":\"https:\/\/now-news.de\/de\/deutschland\/trump-in-davos-angekommen\/\"},\"wordCount\":348,\"commentCount\":0,\"publisher\":{\"@id\":\"https:\/\/now-news.de\/de\/#organization\"},\"image\":{\"@id\":\"https:\/\/now-news.de\/de\/deutschland\/trump-in-davos-angekommen\/#primaryimage\"},\"thumbnailUrl\":\"https:\/\/now-news.de\/de\/wp-content\/uploads\/sites\/3\/2026\/01\/Trump-in-Davos-angekommen.jpg\",\"keywords\":[\"angekommen\",\"Davos\",\"trump\"],\"articleSection\":[\"Deutschland\",\"Russland\"],\"inLanguage\":\"de\",\"potentialAction\":[{\"@type\":\"CommentAction\",\"name\":\"Comment\",\"target\":[\"https:\/\/now-news.de\/de\/deutschland\/trump-in-davos-angekommen\/#respond\"]}]},{\"@type\":\"WebPage\",\"@id\":\"https:\/\/now-news.de\/de\/deutschland\/trump-in-davos-angekommen\/\",\"url\":\"https:\/\/now-news.de\/de\/deutschland\/trump-in-davos-angekommen\/\",\"name\":\"Trump in Davos angekommen - just-now.NEWS Deutschland\",\"isPartOf\":{\"@id\":\"https:\/\/now-news.de\/de\/#website\"},\"primaryImageOfPage\":{\"@id\":\"https:\/\/now-news.de\/de\/deutschland\/trump-in-davos-angekommen\/#primaryimage\"},\"image\":{\"@id\":\"https:\/\/now-news.de\/de\/deutschland\/trump-in-davos-angekommen\/#primaryimage\"},\"thumbnailUrl\":\"https:\/\/now-news.de\/de\/wp-content\/uploads\/sites\/3\/2026\/01\/Trump-in-Davos-angekommen.jpg\",\"datePublished\":\"2026-01-21T13:39:47+00:00\",\"dateModified\":\"2026-01-21T13:39:47+00:00\",\"breadcrumb\":{\"@id\":\"https:\/\/now-news.de\/de\/deutschland\/trump-in-davos-angekommen\/#breadcrumb\"},\"inLanguage\":\"de\",\"potentialAction\":[{\"@type\":\"ReadAction\",\"target\":[\"https:\/\/now-news.de\/de\/deutschland\/trump-in-davos-angekommen\/\"]}]},{\"@type\":\"ImageObject\",\"inLanguage\":\"de\",\"@id\":\"https:\/\/now-news.de\/de\/deutschland\/trump-in-davos-angekommen\/#primaryimage\",\"url\":\"https:\/\/now-news.de\/de\/wp-content\/uploads\/sites\/3\/2026\/01\/Trump-in-Davos-angekommen.jpg\",\"contentUrl\":\"https:\/\/now-news.de\/de\/wp-content\/uploads\/sites\/3\/2026\/01\/Trump-in-Davos-angekommen.jpg\",\"width\":1620,\"height\":1080,\"caption\":\"Trump in Davos angekommen\"},{\"@type\":\"BreadcrumbList\",\"@id\":\"https:\/\/now-news.de\/de\/deutschland\/trump-in-davos-angekommen\/#breadcrumb\",\"itemListElement\":[{\"@type\":\"ListItem\",\"position\":1,\"name\":\"Home\",\"item\":\"https:\/\/now-news.de\/de\/\"},{\"@type\":\"ListItem\",\"position\":2,\"name\":\"Trump in Davos angekommen\"}]},{\"@type\":\"WebSite\",\"@id\":\"https:\/\/now-news.de\/de\/#website\",\"url\":\"https:\/\/now-news.de\/de\/\",\"name\":\"just-now.NEWS Deutschland\",\"description\":\"Das Portal f\u00fcr unzensierte Nachrichten aus der Welt\",\"publisher\":{\"@id\":\"https:\/\/now-news.de\/de\/#organization\"},\"potentialAction\":[{\"@type\":\"SearchAction\",\"target\":{\"@type\":\"EntryPoint\",\"urlTemplate\":\"https:\/\/now-news.de\/de\/?s={search_term_string}\"},\"query-input\":\"required name=search_term_string\"}],\"inLanguage\":\"de\"},{\"@type\":\"Organization\",\"@id\":\"https:\/\/now-news.de\/de\/#organization\",\"name\":\"Just Now News\",\"url\":\"https:\/\/now-news.de\/de\/\",\"logo\":{\"@type\":\"ImageObject\",\"inLanguage\":\"de\",\"@id\":\"https:\/\/now-news.de\/de\/#\/schema\/logo\/image\/\",\"url\":\"http:\/\/just-now.news\/de\/wp-content\/uploads\/sites\/3\/2022\/04\/logo500x500.jpg\",\"contentUrl\":\"http:\/\/just-now.news\/de\/wp-content\/uploads\/sites\/3\/2022\/04\/logo500x500.jpg\",\"width\":500,\"height\":500,\"caption\":\"Just Now News\"},\"image\":{\"@id\":\"https:\/\/now-news.de\/de\/#\/schema\/logo\/image\/\"},\"sameAs\":[\"https:\/\/www.facebook.com\/wirmachenauf\",\"https:\/\/x.com\/WirMachenAuf_de\"]},{\"@type\":\"Person\",\"@id\":\"https:\/\/now-news.de\/de\/#\/schema\/person\/fb534a4e865501d8b3285208df34a9b5\",\"name\":\"rtnews\",\"image\":{\"@type\":\"ImageObject\",\"inLanguage\":\"de\",\"@id\":\"https:\/\/now-news.de\/de\/#\/schema\/person\/image\/\",\"url\":\"https:\/\/secure.gravatar.com\/avatar\/82aafea7d8127119dd649515f56e2117?s=96&d=mm&r=g\",\"contentUrl\":\"https:\/\/secure.gravatar.com\/avatar\/82aafea7d8127119dd649515f56e2117?s=96&d=mm&r=g\",\"caption\":\"rtnews\"},\"url\":\"https:\/\/now-news.de\/de\/author\/rnews\/\"}]}<\/script>\n<!-- \/ Yoast SEO Premium plugin. -->","yoast_head_json":{"title":"Trump in Davos angekommen - just-now.NEWS Deutschland","robots":{"index":"index","follow":"follow","max-snippet":"max-snippet:-1","max-image-preview":"max-image-preview:large","max-video-preview":"max-video-preview:-1"},"canonical":"https:\/\/now-news.de\/de\/deutschland\/trump-in-davos-angekommen\/","og_locale":"de_DE","og_type":"article","og_title":"Trump in Davos angekommen","og_description":"Donald Trump ist am Mittwoch auf dem Weltwirtschaftsforum in Davos eingetroffen. Nach einer technischen Panne an der Air Force One reiste der US-Pr\u00e4sident mit Versp\u00e4tung \u00fcber Z\u00fcrich an und wurde per Helikopter nach Davos geflogen. Um 14.30 Uhr ist seine Rede im Kongresszentrum geplant, die gro\u00dfe internationale Aufmerksamkeit auf sich zieht. Donald Trump ist in [&hellip;]","og_url":"https:\/\/now-news.de\/de\/deutschland\/trump-in-davos-angekommen\/","og_site_name":"just-now.NEWS Deutschland","article_publisher":"https:\/\/www.facebook.com\/wirmachenauf","article_published_time":"2026-01-21T13:39:47+00:00","og_image":[{"url":"https:\/\/now-news.de\/de\/wp-content\/uploads\/sites\/3\/2026\/01\/6970d20948fbef116a256ac9.jpg"}],"author":"rtnews","twitter_card":"summary_large_image","twitter_creator":"@WirMachenAuf_de","twitter_site":"@WirMachenAuf_de","twitter_misc":{"Verfasst von":"rtnews","Gesch\u00e4tzte Lesezeit":"2\u00a0Minuten"},"schema":{"@context":"https:\/\/schema.org","@graph":[{"@type":"Article","@id":"https:\/\/now-news.de\/de\/deutschland\/trump-in-davos-angekommen\/#article","isPartOf":{"@id":"https:\/\/now-news.de\/de\/deutschland\/trump-in-davos-angekommen\/"},"author":{"name":"rtnews","@id":"https:\/\/now-news.de\/de\/#\/schema\/person\/fb534a4e865501d8b3285208df34a9b5"},"headline":"Trump in Davos angekommen","datePublished":"2026-01-21T13:39:47+00:00","dateModified":"2026-01-21T13:39:47+00:00","mainEntityOfPage":{"@id":"https:\/\/now-news.de\/de\/deutschland\/trump-in-davos-angekommen\/"},"wordCount":348,"commentCount":0,"publisher":{"@id":"https:\/\/now-news.de\/de\/#organization"},"image":{"@id":"https:\/\/now-news.de\/de\/deutschland\/trump-in-davos-angekommen\/#primaryimage"},"thumbnailUrl":"https:\/\/now-news.de\/de\/wp-content\/uploads\/sites\/3\/2026\/01\/Trump-in-Davos-angekommen.jpg","keywords":["angekommen","Davos","trump"],"articleSection":["Deutschland","Russland"],"inLanguage":"de","potentialAction":[{"@type":"CommentAction","name":"Comment","target":["https:\/\/now-news.de\/de\/deutschland\/trump-in-davos-angekommen\/#respond"]}]},{"@type":"WebPage","@id":"https:\/\/now-news.de\/de\/deutschland\/trump-in-davos-angekommen\/","url":"https:\/\/now-news.de\/de\/deutschland\/trump-in-davos-angekommen\/","name":"Trump in Davos angekommen - just-now.NEWS Deutschland","isPartOf":{"@id":"https:\/\/now-news.de\/de\/#website"},"primaryImageOfPage":{"@id":"https:\/\/now-news.de\/de\/deutschland\/trump-in-davos-angekommen\/#primaryimage"},"image":{"@id":"https:\/\/now-news.de\/de\/deutschland\/trump-in-davos-angekommen\/#primaryimage"},"thumbnailUrl":"https:\/\/now-news.de\/de\/wp-content\/uploads\/sites\/3\/2026\/01\/Trump-in-Davos-angekommen.jpg","datePublished":"2026-01-21T13:39:47+00:00","dateModified":"2026-01-21T13:39:47+00:00","breadcrumb":{"@id":"https:\/\/now-news.de\/de\/deutschland\/trump-in-davos-angekommen\/#breadcrumb"},"inLanguage":"de","potentialAction":[{"@type":"ReadAction","target":["https:\/\/now-news.de\/de\/deutschland\/trump-in-davos-angekommen\/"]}]},{"@type":"ImageObject","inLanguage":"de","@id":"https:\/\/now-news.de\/de\/deutschland\/trump-in-davos-angekommen\/#primaryimage","url":"https:\/\/now-news.de\/de\/wp-content\/uploads\/sites\/3\/2026\/01\/Trump-in-Davos-angekommen.jpg","contentUrl":"https:\/\/now-news.de\/de\/wp-content\/uploads\/sites\/3\/2026\/01\/Trump-in-Davos-angekommen.jpg","width":1620,"height":1080,"caption":"Trump in Davos angekommen"},{"@type":"BreadcrumbList","@id":"https:\/\/now-news.de\/de\/deutschland\/trump-in-davos-angekommen\/#breadcrumb","itemListElement":[{"@type":"ListItem","position":1,"name":"Home","item":"https:\/\/now-news.de\/de\/"},{"@type":"ListItem","position":2,"name":"Trump in Davos angekommen"}]},{"@type":"WebSite","@id":"https:\/\/now-news.de\/de\/#website","url":"https:\/\/now-news.de\/de\/","name":"just-now.NEWS Deutschland","description":"Das Portal f\u00fcr unzensierte Nachrichten aus der Welt","publisher":{"@id":"https:\/\/now-news.de\/de\/#organization"},"potentialAction":[{"@type":"SearchAction","target":{"@type":"EntryPoint","urlTemplate":"https:\/\/now-news.de\/de\/?s={search_term_string}"},"query-input":"required name=search_term_string"}],"inLanguage":"de"},{"@type":"Organization","@id":"https:\/\/now-news.de\/de\/#organization","name":"Just Now News","url":"https:\/\/now-news.de\/de\/","logo":{"@type":"ImageObject","inLanguage":"de","@id":"https:\/\/now-news.de\/de\/#\/schema\/logo\/image\/","url":"http:\/\/just-now.news\/de\/wp-content\/uploads\/sites\/3\/2022\/04\/logo500x500.jpg","contentUrl":"http:\/\/just-now.news\/de\/wp-content\/uploads\/sites\/3\/2022\/04\/logo500x500.jpg","width":500,"height":500,"caption":"Just Now News"},"image":{"@id":"https:\/\/now-news.de\/de\/#\/schema\/logo\/image\/"},"sameAs":["https:\/\/www.facebook.com\/wirmachenauf","https:\/\/x.com\/WirMachenAuf_de"]},{"@type":"Person","@id":"https:\/\/now-news.de\/de\/#\/schema\/person\/fb534a4e865501d8b3285208df34a9b5","name":"rtnews","image":{"@type":"ImageObject","inLanguage":"de","@id":"https:\/\/now-news.de\/de\/#\/schema\/person\/image\/","url":"https:\/\/secure.gravatar.com\/avatar\/82aafea7d8127119dd649515f56e2117?s=96&d=mm&r=g","contentUrl":"https:\/\/secure.gravatar.com\/avatar\/82aafea7d8127119dd649515f56e2117?s=96&d=mm&r=g","caption":"rtnews"},"url":"https:\/\/now-news.de\/de\/author\/rnews\/"}]}},"_links":{"self":[{"href":"https:\/\/now-news.de\/de\/wp-json\/wp\/v2\/posts\/97624"}],"collection":[{"href":"https:\/\/now-news.de\/de\/wp-json\/wp\/v2\/posts"}],"about":[{"href":"https:\/\/now-news.de\/de\/wp-json\/wp\/v2\/types\/post"}],"author":[{"embeddable":true,"href":"https:\/\/now-news.de\/de\/wp-json\/wp\/v2\/users\/3"}],"replies":[{"embeddable":true,"href":"https:\/\/now-news.de\/de\/wp-json\/wp\/v2\/comments?post=97624"}],"version-history":[{"count":0,"href":"https:\/\/now-news.de\/de\/wp-json\/wp\/v2\/posts\/97624\/revisions"}],"wp:featuredmedia":[{"embeddable":true,"href":"https:\/\/now-news.de\/de\/wp-json\/wp\/v2\/media\/97625"}],"wp:attachment":[{"href":"https:\/\/now-news.de\/de\/wp-json\/wp\/v2\/media?parent=97624"}],"wp:term":[{"taxonomy":"category","embeddable":true,"href":"https:\/\/now-news.de\/de\/wp-json\/wp\/v2\/categories?post=97624"},{"taxonomy":"post_tag","embeddable":true,"href":"https:\/\/now-news.de\/de\/wp-json\/wp\/v2\/tags?post=97624"}],"curies":[{"name":"wp","href":"https:\/\/api.w.org\/{rel}","templated":true}]}}