{"id":97620,"date":"2026-01-21T15:02:40","date_gmt":"2026-01-21T13:02:40","guid":{"rendered":"https:\/\/now-news.de\/de\/deutschland\/witkoff-reist-wieder-nach-moskau-treffen-mit-putin-schon-am-donnerstag\/"},"modified":"2026-01-21T15:02:40","modified_gmt":"2026-01-21T13:02:40","slug":"witkoff-reist-wieder-nach-moskau-treffen-mit-putin-schon-am-donnerstag","status":"publish","type":"post","link":"https:\/\/now-news.de\/de\/deutschland\/witkoff-reist-wieder-nach-moskau-treffen-mit-putin-schon-am-donnerstag\/","title":{"rendered":"Witkoff reist wieder nach Moskau: Treffen mit Putin schon am Donnerstag"},"content":{"rendered":"<p><img decoding=\"async\" src=\"https:\/\/now-news.de\/de\/wp-content\/uploads\/sites\/3\/2026\/01\/6970bd5c48fbef01a5284fb6.jpg\" \/><\/p>\n<div class=\"Text-root Text-type_1 \">\n                Die Shuttle-Diplomatie im Ukraine-Konflikt geht weiter: F\u00fcr diesen Donnerstag ist ein Treffen zwischen Steve Witkoff und Wladimir Putin geplant. Auf seine neue Reise nach Russland nimmt der US-Sondergesandte schon wieder Donald Trumps Schwiegersohn Jared Kushner mit.\n            <\/div>\n<p><\/p>\n<div class=\"Text-root Text-type_5 ArticleView-text ViewText-root \">\n<p>Jetzt ist es offiziell: Der US-Sondergesandte Steve Witkoff reist schon wieder nach Russland. Am Mittwoch hat der US-Anwalt und Immobilieninvestor im Gespr\u00e4ch mit dem Fernsehsender <em>CNBC<\/em> erkl\u00e4rt, dass Russland um ein Treffen gebeten habe und er deswegen an diesem Donnerstag mit dem Kremlchef Wladimir Putin zusammenkommen werde. Dabei <a rel=\"nofollow noopener\" target=\"_blank\" href=\"https:\/\/www.cnbc.com\/2026\/01\/21\/putin-witkoff-trump-ukraine-peace-deal-talks-progress-land-deals.html?taid=6970b6e27707d0000112014b&amp;utm_campaign=trueanthem&amp;utm_content=main&amp;utm_medium=social&amp;utm_source=twitter\">betonte<\/a> Witkoff: \u00a0<\/p>\n<blockquote>\n<p><em>&#8220;Seit den letzten sechs oder acht Wochen gibt es zahlreiche Erfolge beim Thema Russland und der Ukraine.&#8221;<\/em><\/p>\n<\/blockquote>\n<p>Der US-Sondergesandte teile au\u00dferdem mit, dass Donald Trumps Schwiegersohn Jared Kushner ihn auch auf dieser Reise begleiten werde. Witkoff brachte dabei seine Hoffnung zum Ausdruck, dass Russland einen Deal mit der Ukraine eingehen werde. Zugleich gab er zu, dass die Territorialfragen weiterhin das gr\u00f6\u00dfte Hindernis auf dem Weg zum Frieden seien. Alle Seiten w\u00fcrden ein Friedensabkommen erzielen wollen, das\u00a0zu mehr als 90 Prozent erarbeitet sei.<\/p>\n<p>Inzwischen best\u00e4tigte der Kreml das bevorstehende Treffen zwischen Putin und der US-Delegation. Der Sprecher Dmitri Peskow erkl\u00e4rte, dass die Verhandlungen am Donnerstag auf der Agenda des russischen Pr\u00e4sidenten st\u00fcnden. Man erwarte diesbez\u00fcglichen Kontakt.<\/p>\n<p>Der Pr\u00e4sidentensprecher hatte schon in der vergangenen Woche eine baldige Reise von Witkoff und Kushner nach Russland angedeutet. Sie werde stattfinden, sobald man den Termin vereinbart habe. Dabei bezeichnete Peskow damals die Zusammenkunft als &#8220;notwendig, aktuell und wichtig&#8221;.<\/p>\n<p><strong>Mehr zum Thema<\/strong>\u00a0\u2013\u00a0<a rel=\"nofollow noopener\" target=\"_blank\" href=\"https:\/\/freedert.online\/meinung\/267814-macron-hinter-blauen-glaesern-europas\/\">Macron hinter blauen Gl\u00e4sern: Europas Sp\u00e4taufwacher<\/a><\/p>\n<\/p>\n<\/div>\n<p><br \/>\n<br \/><a href=\"https:\/\/de.rt.com\/international\/267871-witkoff-reist-wieder-nach-moskau\/\">Source link <\/a><\/p>\n","protected":false},"excerpt":{"rendered":"<p>Die Shuttle-Diplomatie im Ukraine-Konflikt geht weiter: F\u00fcr diesen Donnerstag ist ein Treffen zwischen Steve Witkoff und Wladimir Putin geplant. Auf seine neue Reise nach Russland nimmt der US-Sondergesandte schon wieder Donald Trumps Schwiegersohn Jared Kushner mit. Jetzt ist es offiziell: Der US-Sondergesandte Steve Witkoff reist schon wieder nach Russland. Am Mittwoch hat der US-Anwalt und [&hellip;]<\/p>\n","protected":false},"author":3,"featured_media":97621,"comment_status":"open","ping_status":"open","sticky":false,"template":"","format":"standard","meta":{"_yoast_indexnow_last_ping":["1769001481"],"wp_automatic_camp":["217"],"e40185d8704450d007c85e46145e99e7":["Witkoff reist wieder nach Moskau: Treffen mit Putin schon am Donnerstag"],"original_link":["https:\/\/de.rt.com\/international\/267871-witkoff-reist-wieder-nach-moskau\/"],"_thumbnail_id":["97621"],"jnews_social_counter_last_update":["1777180564"],"_wptgpro_p2tg_sent2tg":["a:1:{i:23737;s:19:\"2026-01-21 15:19:02\";}"]},"categories":[19,23],"tags":[18781,419,946,979,125,29854,5652,354,904,62176],"yoast_head":"<!-- This site is optimized with the Yoast SEO Premium plugin v22.7 (Yoast SEO v22.7) - https:\/\/yoast.com\/wordpress\/plugins\/seo\/ -->\n<title>Witkoff reist wieder nach Moskau: Treffen mit Putin schon am Donnerstag - just-now.NEWS Deutschland<\/title>\n<meta name=\"robots\" content=\"index, follow, max-snippet:-1, max-image-preview:large, max-video-preview:-1\" \/>\n<link rel=\"canonical\" href=\"https:\/\/now-news.de\/de\/deutschland\/witkoff-reist-wieder-nach-moskau-treffen-mit-putin-schon-am-donnerstag\/\" \/>\n<meta property=\"og:locale\" content=\"de_DE\" \/>\n<meta property=\"og:type\" content=\"article\" \/>\n<meta property=\"og:title\" content=\"Witkoff reist wieder nach Moskau: Treffen mit Putin schon am Donnerstag\" \/>\n<meta property=\"og:description\" content=\"Die Shuttle-Diplomatie im Ukraine-Konflikt geht weiter: F\u00fcr diesen Donnerstag ist ein Treffen zwischen Steve Witkoff und Wladimir Putin geplant. Auf seine neue Reise nach Russland nimmt der US-Sondergesandte schon wieder Donald Trumps Schwiegersohn Jared Kushner mit. Jetzt ist es offiziell: Der US-Sondergesandte Steve Witkoff reist schon wieder nach Russland. Am Mittwoch hat der US-Anwalt und [&hellip;]\" \/>\n<meta property=\"og:url\" content=\"https:\/\/now-news.de\/de\/deutschland\/witkoff-reist-wieder-nach-moskau-treffen-mit-putin-schon-am-donnerstag\/\" \/>\n<meta property=\"og:site_name\" content=\"just-now.NEWS Deutschland\" \/>\n<meta property=\"article:publisher\" content=\"https:\/\/www.facebook.com\/wirmachenauf\" \/>\n<meta property=\"article:published_time\" content=\"2026-01-21T13:02:40+00:00\" \/>\n<meta property=\"og:image\" content=\"https:\/\/now-news.de\/de\/wp-content\/uploads\/sites\/3\/2026\/01\/6970bd5c48fbef01a5284fb6.jpg\" \/>\n<meta name=\"author\" content=\"rtnews\" \/>\n<meta name=\"twitter:card\" content=\"summary_large_image\" \/>\n<meta name=\"twitter:creator\" content=\"@WirMachenAuf_de\" \/>\n<meta name=\"twitter:site\" content=\"@WirMachenAuf_de\" \/>\n<meta name=\"twitter:label1\" content=\"Verfasst von\" \/>\n\t<meta name=\"twitter:data1\" content=\"rtnews\" \/>\n\t<meta name=\"twitter:label2\" content=\"Gesch\u00e4tzte Lesezeit\" \/>\n\t<meta name=\"twitter:data2\" content=\"1\u00a0Minute\" \/>\n<script type=\"application\/ld+json\" class=\"yoast-schema-graph\">{\"@context\":\"https:\/\/schema.org\",\"@graph\":[{\"@type\":\"Article\",\"@id\":\"https:\/\/now-news.de\/de\/deutschland\/witkoff-reist-wieder-nach-moskau-treffen-mit-putin-schon-am-donnerstag\/#article\",\"isPartOf\":{\"@id\":\"https:\/\/now-news.de\/de\/deutschland\/witkoff-reist-wieder-nach-moskau-treffen-mit-putin-schon-am-donnerstag\/\"},\"author\":{\"name\":\"rtnews\",\"@id\":\"https:\/\/now-news.de\/de\/#\/schema\/person\/fb534a4e865501d8b3285208df34a9b5\"},\"headline\":\"Witkoff reist wieder nach Moskau: Treffen mit Putin schon am Donnerstag\",\"datePublished\":\"2026-01-21T13:02:40+00:00\",\"dateModified\":\"2026-01-21T13:02:40+00:00\",\"mainEntityOfPage\":{\"@id\":\"https:\/\/now-news.de\/de\/deutschland\/witkoff-reist-wieder-nach-moskau-treffen-mit-putin-schon-am-donnerstag\/\"},\"wordCount\":276,\"commentCount\":0,\"publisher\":{\"@id\":\"https:\/\/now-news.de\/de\/#organization\"},\"image\":{\"@id\":\"https:\/\/now-news.de\/de\/deutschland\/witkoff-reist-wieder-nach-moskau-treffen-mit-putin-schon-am-donnerstag\/#primaryimage\"},\"thumbnailUrl\":\"https:\/\/now-news.de\/de\/wp-content\/uploads\/sites\/3\/2026\/01\/Witkoff-reist-wieder-nach-Moskau-Treffen-mit-Putin-schon-am.jpg\",\"keywords\":[\"Donnerstag\",\"mit\",\"Moskau\",\"nach\",\"putin\",\"reist\",\"schon\",\"Treffen\",\"wieder\",\"Witkoff\"],\"articleSection\":[\"Deutschland\",\"Russland\"],\"inLanguage\":\"de\",\"potentialAction\":[{\"@type\":\"CommentAction\",\"name\":\"Comment\",\"target\":[\"https:\/\/now-news.de\/de\/deutschland\/witkoff-reist-wieder-nach-moskau-treffen-mit-putin-schon-am-donnerstag\/#respond\"]}]},{\"@type\":\"WebPage\",\"@id\":\"https:\/\/now-news.de\/de\/deutschland\/witkoff-reist-wieder-nach-moskau-treffen-mit-putin-schon-am-donnerstag\/\",\"url\":\"https:\/\/now-news.de\/de\/deutschland\/witkoff-reist-wieder-nach-moskau-treffen-mit-putin-schon-am-donnerstag\/\",\"name\":\"Witkoff reist wieder nach Moskau: Treffen mit Putin schon am Donnerstag - just-now.NEWS Deutschland\",\"isPartOf\":{\"@id\":\"https:\/\/now-news.de\/de\/#website\"},\"primaryImageOfPage\":{\"@id\":\"https:\/\/now-news.de\/de\/deutschland\/witkoff-reist-wieder-nach-moskau-treffen-mit-putin-schon-am-donnerstag\/#primaryimage\"},\"image\":{\"@id\":\"https:\/\/now-news.de\/de\/deutschland\/witkoff-reist-wieder-nach-moskau-treffen-mit-putin-schon-am-donnerstag\/#primaryimage\"},\"thumbnailUrl\":\"https:\/\/now-news.de\/de\/wp-content\/uploads\/sites\/3\/2026\/01\/Witkoff-reist-wieder-nach-Moskau-Treffen-mit-Putin-schon-am.jpg\",\"datePublished\":\"2026-01-21T13:02:40+00:00\",\"dateModified\":\"2026-01-21T13:02:40+00:00\",\"breadcrumb\":{\"@id\":\"https:\/\/now-news.de\/de\/deutschland\/witkoff-reist-wieder-nach-moskau-treffen-mit-putin-schon-am-donnerstag\/#breadcrumb\"},\"inLanguage\":\"de\",\"potentialAction\":[{\"@type\":\"ReadAction\",\"target\":[\"https:\/\/now-news.de\/de\/deutschland\/witkoff-reist-wieder-nach-moskau-treffen-mit-putin-schon-am-donnerstag\/\"]}]},{\"@type\":\"ImageObject\",\"inLanguage\":\"de\",\"@id\":\"https:\/\/now-news.de\/de\/deutschland\/witkoff-reist-wieder-nach-moskau-treffen-mit-putin-schon-am-donnerstag\/#primaryimage\",\"url\":\"https:\/\/now-news.de\/de\/wp-content\/uploads\/sites\/3\/2026\/01\/Witkoff-reist-wieder-nach-Moskau-Treffen-mit-Putin-schon-am.jpg\",\"contentUrl\":\"https:\/\/now-news.de\/de\/wp-content\/uploads\/sites\/3\/2026\/01\/Witkoff-reist-wieder-nach-Moskau-Treffen-mit-Putin-schon-am.jpg\",\"width\":460,\"height\":259,\"caption\":\"Witkoff reist wieder nach Moskau: Treffen mit Putin schon am Donnerstag\"},{\"@type\":\"BreadcrumbList\",\"@id\":\"https:\/\/now-news.de\/de\/deutschland\/witkoff-reist-wieder-nach-moskau-treffen-mit-putin-schon-am-donnerstag\/#breadcrumb\",\"itemListElement\":[{\"@type\":\"ListItem\",\"position\":1,\"name\":\"Home\",\"item\":\"https:\/\/now-news.de\/de\/\"},{\"@type\":\"ListItem\",\"position\":2,\"name\":\"Witkoff reist wieder nach Moskau: Treffen mit Putin schon am Donnerstag\"}]},{\"@type\":\"WebSite\",\"@id\":\"https:\/\/now-news.de\/de\/#website\",\"url\":\"https:\/\/now-news.de\/de\/\",\"name\":\"just-now.NEWS Deutschland\",\"description\":\"Das Portal f\u00fcr unzensierte Nachrichten aus der Welt\",\"publisher\":{\"@id\":\"https:\/\/now-news.de\/de\/#organization\"},\"potentialAction\":[{\"@type\":\"SearchAction\",\"target\":{\"@type\":\"EntryPoint\",\"urlTemplate\":\"https:\/\/now-news.de\/de\/?s={search_term_string}\"},\"query-input\":\"required name=search_term_string\"}],\"inLanguage\":\"de\"},{\"@type\":\"Organization\",\"@id\":\"https:\/\/now-news.de\/de\/#organization\",\"name\":\"Just Now News\",\"url\":\"https:\/\/now-news.de\/de\/\",\"logo\":{\"@type\":\"ImageObject\",\"inLanguage\":\"de\",\"@id\":\"https:\/\/now-news.de\/de\/#\/schema\/logo\/image\/\",\"url\":\"http:\/\/just-now.news\/de\/wp-content\/uploads\/sites\/3\/2022\/04\/logo500x500.jpg\",\"contentUrl\":\"http:\/\/just-now.news\/de\/wp-content\/uploads\/sites\/3\/2022\/04\/logo500x500.jpg\",\"width\":500,\"height\":500,\"caption\":\"Just Now News\"},\"image\":{\"@id\":\"https:\/\/now-news.de\/de\/#\/schema\/logo\/image\/\"},\"sameAs\":[\"https:\/\/www.facebook.com\/wirmachenauf\",\"https:\/\/x.com\/WirMachenAuf_de\"]},{\"@type\":\"Person\",\"@id\":\"https:\/\/now-news.de\/de\/#\/schema\/person\/fb534a4e865501d8b3285208df34a9b5\",\"name\":\"rtnews\",\"image\":{\"@type\":\"ImageObject\",\"inLanguage\":\"de\",\"@id\":\"https:\/\/now-news.de\/de\/#\/schema\/person\/image\/\",\"url\":\"https:\/\/secure.gravatar.com\/avatar\/82aafea7d8127119dd649515f56e2117?s=96&d=mm&r=g\",\"contentUrl\":\"https:\/\/secure.gravatar.com\/avatar\/82aafea7d8127119dd649515f56e2117?s=96&d=mm&r=g\",\"caption\":\"rtnews\"},\"url\":\"https:\/\/now-news.de\/de\/author\/rnews\/\"}]}<\/script>\n<!-- \/ Yoast SEO Premium plugin. -->","yoast_head_json":{"title":"Witkoff reist wieder nach Moskau: Treffen mit Putin schon am Donnerstag - just-now.NEWS Deutschland","robots":{"index":"index","follow":"follow","max-snippet":"max-snippet:-1","max-image-preview":"max-image-preview:large","max-video-preview":"max-video-preview:-1"},"canonical":"https:\/\/now-news.de\/de\/deutschland\/witkoff-reist-wieder-nach-moskau-treffen-mit-putin-schon-am-donnerstag\/","og_locale":"de_DE","og_type":"article","og_title":"Witkoff reist wieder nach Moskau: Treffen mit Putin schon am Donnerstag","og_description":"Die Shuttle-Diplomatie im Ukraine-Konflikt geht weiter: F\u00fcr diesen Donnerstag ist ein Treffen zwischen Steve Witkoff und Wladimir Putin geplant. Auf seine neue Reise nach Russland nimmt der US-Sondergesandte schon wieder Donald Trumps Schwiegersohn Jared Kushner mit. Jetzt ist es offiziell: Der US-Sondergesandte Steve Witkoff reist schon wieder nach Russland. Am Mittwoch hat der US-Anwalt und [&hellip;]","og_url":"https:\/\/now-news.de\/de\/deutschland\/witkoff-reist-wieder-nach-moskau-treffen-mit-putin-schon-am-donnerstag\/","og_site_name":"just-now.NEWS Deutschland","article_publisher":"https:\/\/www.facebook.com\/wirmachenauf","article_published_time":"2026-01-21T13:02:40+00:00","og_image":[{"url":"https:\/\/now-news.de\/de\/wp-content\/uploads\/sites\/3\/2026\/01\/6970bd5c48fbef01a5284fb6.jpg"}],"author":"rtnews","twitter_card":"summary_large_image","twitter_creator":"@WirMachenAuf_de","twitter_site":"@WirMachenAuf_de","twitter_misc":{"Verfasst von":"rtnews","Gesch\u00e4tzte Lesezeit":"1\u00a0Minute"},"schema":{"@context":"https:\/\/schema.org","@graph":[{"@type":"Article","@id":"https:\/\/now-news.de\/de\/deutschland\/witkoff-reist-wieder-nach-moskau-treffen-mit-putin-schon-am-donnerstag\/#article","isPartOf":{"@id":"https:\/\/now-news.de\/de\/deutschland\/witkoff-reist-wieder-nach-moskau-treffen-mit-putin-schon-am-donnerstag\/"},"author":{"name":"rtnews","@id":"https:\/\/now-news.de\/de\/#\/schema\/person\/fb534a4e865501d8b3285208df34a9b5"},"headline":"Witkoff reist wieder nach Moskau: Treffen mit Putin schon am Donnerstag","datePublished":"2026-01-21T13:02:40+00:00","dateModified":"2026-01-21T13:02:40+00:00","mainEntityOfPage":{"@id":"https:\/\/now-news.de\/de\/deutschland\/witkoff-reist-wieder-nach-moskau-treffen-mit-putin-schon-am-donnerstag\/"},"wordCount":276,"commentCount":0,"publisher":{"@id":"https:\/\/now-news.de\/de\/#organization"},"image":{"@id":"https:\/\/now-news.de\/de\/deutschland\/witkoff-reist-wieder-nach-moskau-treffen-mit-putin-schon-am-donnerstag\/#primaryimage"},"thumbnailUrl":"https:\/\/now-news.de\/de\/wp-content\/uploads\/sites\/3\/2026\/01\/Witkoff-reist-wieder-nach-Moskau-Treffen-mit-Putin-schon-am.jpg","keywords":["Donnerstag","mit","Moskau","nach","putin","reist","schon","Treffen","wieder","Witkoff"],"articleSection":["Deutschland","Russland"],"inLanguage":"de","potentialAction":[{"@type":"CommentAction","name":"Comment","target":["https:\/\/now-news.de\/de\/deutschland\/witkoff-reist-wieder-nach-moskau-treffen-mit-putin-schon-am-donnerstag\/#respond"]}]},{"@type":"WebPage","@id":"https:\/\/now-news.de\/de\/deutschland\/witkoff-reist-wieder-nach-moskau-treffen-mit-putin-schon-am-donnerstag\/","url":"https:\/\/now-news.de\/de\/deutschland\/witkoff-reist-wieder-nach-moskau-treffen-mit-putin-schon-am-donnerstag\/","name":"Witkoff reist wieder nach Moskau: Treffen mit Putin schon am Donnerstag - just-now.NEWS Deutschland","isPartOf":{"@id":"https:\/\/now-news.de\/de\/#website"},"primaryImageOfPage":{"@id":"https:\/\/now-news.de\/de\/deutschland\/witkoff-reist-wieder-nach-moskau-treffen-mit-putin-schon-am-donnerstag\/#primaryimage"},"image":{"@id":"https:\/\/now-news.de\/de\/deutschland\/witkoff-reist-wieder-nach-moskau-treffen-mit-putin-schon-am-donnerstag\/#primaryimage"},"thumbnailUrl":"https:\/\/now-news.de\/de\/wp-content\/uploads\/sites\/3\/2026\/01\/Witkoff-reist-wieder-nach-Moskau-Treffen-mit-Putin-schon-am.jpg","datePublished":"2026-01-21T13:02:40+00:00","dateModified":"2026-01-21T13:02:40+00:00","breadcrumb":{"@id":"https:\/\/now-news.de\/de\/deutschland\/witkoff-reist-wieder-nach-moskau-treffen-mit-putin-schon-am-donnerstag\/#breadcrumb"},"inLanguage":"de","potentialAction":[{"@type":"ReadAction","target":["https:\/\/now-news.de\/de\/deutschland\/witkoff-reist-wieder-nach-moskau-treffen-mit-putin-schon-am-donnerstag\/"]}]},{"@type":"ImageObject","inLanguage":"de","@id":"https:\/\/now-news.de\/de\/deutschland\/witkoff-reist-wieder-nach-moskau-treffen-mit-putin-schon-am-donnerstag\/#primaryimage","url":"https:\/\/now-news.de\/de\/wp-content\/uploads\/sites\/3\/2026\/01\/Witkoff-reist-wieder-nach-Moskau-Treffen-mit-Putin-schon-am.jpg","contentUrl":"https:\/\/now-news.de\/de\/wp-content\/uploads\/sites\/3\/2026\/01\/Witkoff-reist-wieder-nach-Moskau-Treffen-mit-Putin-schon-am.jpg","width":460,"height":259,"caption":"Witkoff reist wieder nach Moskau: Treffen mit Putin schon am Donnerstag"},{"@type":"BreadcrumbList","@id":"https:\/\/now-news.de\/de\/deutschland\/witkoff-reist-wieder-nach-moskau-treffen-mit-putin-schon-am-donnerstag\/#breadcrumb","itemListElement":[{"@type":"ListItem","position":1,"name":"Home","item":"https:\/\/now-news.de\/de\/"},{"@type":"ListItem","position":2,"name":"Witkoff reist wieder nach Moskau: Treffen mit Putin schon am Donnerstag"}]},{"@type":"WebSite","@id":"https:\/\/now-news.de\/de\/#website","url":"https:\/\/now-news.de\/de\/","name":"just-now.NEWS Deutschland","description":"Das Portal f\u00fcr unzensierte Nachrichten aus der Welt","publisher":{"@id":"https:\/\/now-news.de\/de\/#organization"},"potentialAction":[{"@type":"SearchAction","target":{"@type":"EntryPoint","urlTemplate":"https:\/\/now-news.de\/de\/?s={search_term_string}"},"query-input":"required name=search_term_string"}],"inLanguage":"de"},{"@type":"Organization","@id":"https:\/\/now-news.de\/de\/#organization","name":"Just Now News","url":"https:\/\/now-news.de\/de\/","logo":{"@type":"ImageObject","inLanguage":"de","@id":"https:\/\/now-news.de\/de\/#\/schema\/logo\/image\/","url":"http:\/\/just-now.news\/de\/wp-content\/uploads\/sites\/3\/2022\/04\/logo500x500.jpg","contentUrl":"http:\/\/just-now.news\/de\/wp-content\/uploads\/sites\/3\/2022\/04\/logo500x500.jpg","width":500,"height":500,"caption":"Just Now News"},"image":{"@id":"https:\/\/now-news.de\/de\/#\/schema\/logo\/image\/"},"sameAs":["https:\/\/www.facebook.com\/wirmachenauf","https:\/\/x.com\/WirMachenAuf_de"]},{"@type":"Person","@id":"https:\/\/now-news.de\/de\/#\/schema\/person\/fb534a4e865501d8b3285208df34a9b5","name":"rtnews","image":{"@type":"ImageObject","inLanguage":"de","@id":"https:\/\/now-news.de\/de\/#\/schema\/person\/image\/","url":"https:\/\/secure.gravatar.com\/avatar\/82aafea7d8127119dd649515f56e2117?s=96&d=mm&r=g","contentUrl":"https:\/\/secure.gravatar.com\/avatar\/82aafea7d8127119dd649515f56e2117?s=96&d=mm&r=g","caption":"rtnews"},"url":"https:\/\/now-news.de\/de\/author\/rnews\/"}]}},"_links":{"self":[{"href":"https:\/\/now-news.de\/de\/wp-json\/wp\/v2\/posts\/97620"}],"collection":[{"href":"https:\/\/now-news.de\/de\/wp-json\/wp\/v2\/posts"}],"about":[{"href":"https:\/\/now-news.de\/de\/wp-json\/wp\/v2\/types\/post"}],"author":[{"embeddable":true,"href":"https:\/\/now-news.de\/de\/wp-json\/wp\/v2\/users\/3"}],"replies":[{"embeddable":true,"href":"https:\/\/now-news.de\/de\/wp-json\/wp\/v2\/comments?post=97620"}],"version-history":[{"count":0,"href":"https:\/\/now-news.de\/de\/wp-json\/wp\/v2\/posts\/97620\/revisions"}],"wp:featuredmedia":[{"embeddable":true,"href":"https:\/\/now-news.de\/de\/wp-json\/wp\/v2\/media\/97621"}],"wp:attachment":[{"href":"https:\/\/now-news.de\/de\/wp-json\/wp\/v2\/media?parent=97620"}],"wp:term":[{"taxonomy":"category","embeddable":true,"href":"https:\/\/now-news.de\/de\/wp-json\/wp\/v2\/categories?post=97620"},{"taxonomy":"post_tag","embeddable":true,"href":"https:\/\/now-news.de\/de\/wp-json\/wp\/v2\/tags?post=97620"}],"curies":[{"name":"wp","href":"https:\/\/api.w.org\/{rel}","templated":true}]}}