{"id":97596,"date":"2026-01-21T10:16:35","date_gmt":"2026-01-21T08:16:35","guid":{"rendered":"https:\/\/now-news.de\/de\/deutschland\/technische-probleme-trump-wird-mit-verzoegerung-zum-wef-anreisen\/"},"modified":"2026-01-21T10:16:35","modified_gmt":"2026-01-21T08:16:35","slug":"technische-probleme-trump-wird-mit-verzoegerung-zum-wef-anreisen","status":"publish","type":"post","link":"https:\/\/now-news.de\/de\/deutschland\/technische-probleme-trump-wird-mit-verzoegerung-zum-wef-anreisen\/","title":{"rendered":"Technische Probleme  \u2013 Trump wird mit Verz\u00f6gerung zum WEF anreisen"},"content":{"rendered":"<p><img decoding=\"async\" src=\"https:\/\/now-news.de\/de\/wp-content\/uploads\/sites\/3\/2026\/01\/69707b83b480cc0d2d043894.jpg\" \/><\/p>\n<div class=\"Text-root Text-type_1 \">\n                Die US-Pr\u00e4sidentenmaschine Air Force One musste am Dienstagabend direkt nach dem Start zum Flughafen zur\u00fcckkehren, weil die Besatzung &#8220;ein kleines elektrisches Problem&#8221; festgestellt hatte. Nach dem Wechsel in eine Ersatzmaschine verz\u00f6gert sich nun die mit Spannung erwartete Ankunft Trumps beim WEF.\n            <\/div>\n<p><\/p>\n<div class=\"Text-root Text-type_5 ArticleView-text ViewText-root \">\n<p>Die US-Pr\u00e4sidentenmaschine Air Force One kehrte kurz nach dem Start zum Regierungsflughafen nach Maryland, Washington, D.C., zur\u00fcck, nachdem das Flugzeug auf dem Weg in die Schweiz laut Angaben von Trumps Sprecherin Karoline Leavitt &#8220;ein kleines elektrisches Problem&#8221; zu bew\u00e4ltigen hatte. Nach der Landung der Boeing 747 wurde die Reise mit einer kleineren Boeing 757 fortgesetzt. Damit verz\u00f6gert sich die Ankunft des US-Pr\u00e4sidenten in Davos beim WEF.<\/p>\n<p>US-Pr\u00e4sident Trump und seine Entourage samt Journalisten landeten &#8220;aus Gr\u00fcnden der Vorsichtsma\u00dfnahme&#8221; am Dienstagabend mit der vorgesehenen Air Force One auf der Joint Base Andrews in der N\u00e4he von Washington, um im Anschluss in ein anderes Flugzeug f\u00fcr die Reise nach Davos zu wechseln. Die Air-Force-One-Besatzung hatte zuvor kurz nach dem Start ein &#8220;kleines elektrisches Problem&#8221; mitgeteilt, so die Formulierung\u00a0des Wei\u00dfen Hauses.<\/p>\n<p>Nach der Landung der defekten Boeing 747 wurde die Reise laut US-Medien mit einer kleineren Boeing 757 <a rel=\"nofollow noopener\" target=\"_blank\" href=\"https:\/\/www.nbcnews.com\/politics\/donald-trump\/air-force-one-turns-minor-electrical-issue-identified-davos-joint-base-rcna255136\">fortgesetzt<\/a>, die dann mit mehr als zwei Stunden Versp\u00e4tung nach dem urspr\u00fcnglichen Flugstart Richtung Europa abhob.<\/p>\n<p>Mabinty Quarshie, eine mitreisende Journalistin f\u00fcr den\u00a0<em>Washington Examiner,\u00a0<\/em>informierte laut X-Beitrag des Fox-News-Mitarbeiters Nick Sortor dar\u00fcber, dass die\u00a0Kabinenbeleuchtung der Air Force One unmittelbar nach dem Start &#8220;kurzzeitig ausging&#8221;, ohne dass es Erkl\u00e4rungen daf\u00fcr gab. Trumps\u00a0Pressesprecherin Leavitt soll demnach mit der Bemerkung reagiert haben, dass die neue Pr\u00e4sidentenmaschine, eine Boeing 747-8, die Katar dem US-Kriegsministerium im Vorjahr\u00a0<a rel=\"nofollow noopener\" target=\"_blank\" href=\"https:\/\/www.tagesschau.de\/ausland\/amerika\/usa-katar-air-force-one-100.html\">geschenkt hatte<\/a>, &#8220;viel besser&#8221; klingen w\u00fcrde.<\/p>\n<div class=\"EmbedBlock-root EmbedBlock-twitter\">\n<div class=\"TwitterEmbed\">\n<blockquote class=\"twitter-tweet lazyload\" data-twitter=\"twitter-tweet\">\n<p lang=\"en\" dir=\"ltr\">\ud83d\udea8 UPDATE: Air Force One\u2019s cabin lights went out \u201cbriefly\u201d after takeoff, but no explanation was offeredKaroline Leavitt reportedly said the new 747 gifted to the War Department by Qatar sounds \u201cmuch better\u201d right now \ud83e\udd23The current 747 used as AF1 first flew in \u201887. Time to\u2026 <a rel=\"nofollow noopener\" target=\"_blank\" href=\"https:\/\/t.co\/hm7L3caZj3\">pic.twitter.com\/hm7L3caZj3<\/a><\/p>\n<p>\u2014 Nick Sortor (@nicksortor) <a rel=\"nofollow noopener\" target=\"_blank\" href=\"https:\/\/twitter.com\/nicksortor\/status\/2013825029604061436?ref_src=twsrc%5Etfw\">January 21, 2026<\/a><\/p><\/blockquote>\n<\/div>\n<\/div>\n<p>Die gestern eingesetzte Boeing 747, die weiterhin als AF1-Pr\u00e4sidentenmaschine genutzt wird, flog erstmals im Jahr 1987.<\/p>\n<p>Trotz der Verz\u00f6gerung wird laut WEF-Planung davon ausgegangen, dass der US-Pr\u00e4sident heute Nachmittag eine mit Spannung erwartete Rede beim Weltwirtschaftsforum in Davos halten wird. Zudem sind laut bisherigen Ank\u00fcndigungen mehrere Treffen mit anderen Staats- und Regierungschefs geplant. Im Mittelpunkt steht dabei weiterhin der andauernde Streit um das zu D\u00e4nemark geh\u00f6rende Gr\u00f6nland.<\/p>\n<p>Vor Journalisten erkl\u00e4rte Trump vor dem Abflug in Washington, er gehe davon aus, dass es &#8220;ein sehr interessantes Treffen in Davos werden wird&#8221;. Er sei sich sicher,\u00a0man werde eine L\u00f6sung zur Causa Gr\u00f6nland finden, mit der die NATO und die USA &#8220;sehr gl\u00fccklich sein werden&#8221;, so Trump wenige Stunden vor seinem Abflug nach Davos. Er wiederholte zudem erneut seine Position, dass die USA Gr\u00f6nland aus Sicherheitsgr\u00fcnden br\u00e4uchten.<\/p>\n<p>Frankreichs Pr\u00e4sident Emmanuel Macron plant laut Medienberichten demnach nicht, \u200cbeim Weltwirtschaftsforum mit US-Pr\u00e4sident Donald Trump\u00a0ein Gespr\u00e4ch zu f\u00fchren. Dies\u00a0<a rel=\"nofollow noopener\" target=\"_blank\" href=\"https:\/\/www.spiegel.de\/ausland\/davos-emmanuel-macron-plant-kein-treffen-mit-donald-trump-a-9b7986a5-59fc-4827-91c3-e2acc5d9e73c\">erkl\u00e4rte<\/a> Macron nach seiner Rede vor der internationalen Presse in Davos.<\/p>\n<p>Seinen Plan f\u00fcr ein G7-Treffen mit Russland am Donnerstag in Paris hat Macron demnach ebenfalls bereits ad acta gelegt. &#8220;Es ist kein Treffen geplant&#8221;, so Macron, kurz kommentierend.<\/p>\n<p><strong>Mehr zum Thema <\/strong>\u2013<strong>\u00a0<\/strong><a rel=\"nofollow noopener\" target=\"_blank\" href=\"https:\/\/freedert.online\/meinung\/267814-macron-hinter-blauen-glaesern-europas\/\">Macron<\/a><a rel=\"nofollow noopener\" target=\"_blank\" href=\"https:\/\/freedert.online\/meinung\/267814-macron-hinter-blauen-glaesern-europas\/\"> hinter blauen Gl\u00e4sern: Europas Sp\u00e4taufwacher <\/a><\/p>\n<div class=\"EmbedBlock-root EmbedBlock-externalVideo EmbedBlock-rumble\">\n<div class=\"VkEmbed\"><iframe class=\"lazyload\" data-src=\"https:\/\/rumble.com\/embed\/v72ecug\" frameborder=\"0\" width=\"853\" height=\"480\" allowfullscreen><\/iframe><\/div>\n<\/div>\n<\/div>\n<p><script async src=\"https:\/\/platform.twitter.com\/widgets.js\" charset=\"utf-8\"><\/script><br \/>\n<br \/><br \/>\n<br \/><a href=\"https:\/\/de.rt.com\/nordamerika\/267843-technische-probleme-trump-wird-mit\/\">Source link <\/a><\/p>\n","protected":false},"excerpt":{"rendered":"<p>Die US-Pr\u00e4sidentenmaschine Air Force One musste am Dienstagabend direkt nach dem Start zum Flughafen zur\u00fcckkehren, weil die Besatzung &#8220;ein kleines elektrisches Problem&#8221; festgestellt hatte. Nach dem Wechsel in eine Ersatzmaschine verz\u00f6gert sich nun die mit Spannung erwartete Ankunft Trumps beim WEF. Die US-Pr\u00e4sidentenmaschine Air Force One kehrte kurz nach dem Start zum Regierungsflughafen nach Maryland, [&hellip;]<\/p>\n","protected":false},"author":3,"featured_media":97597,"comment_status":"open","ping_status":"open","sticky":false,"template":"","format":"standard","meta":{"_yoast_indexnow_last_ping":["1768984141"],"wp_automatic_camp":["217"],"209548f1e05ea4dd62864e2d90245c0c":["Technische Probleme  \u2013 Trump wird mit Verz\u00f6gerung zum WEF anreisen"],"original_link":["https:\/\/de.rt.com\/nordamerika\/267843-technische-probleme-trump-wird-mit\/"],"_thumbnail_id":["97597"],"jnews_social_counter_last_update":["1777147523"],"_wptgpro_p2tg_sent2tg":["a:1:{i:23737;s:19:\"2026-01-21 10:30:05\";}"]},"categories":[19,23],"tags":[70690,419,7754,940,1639,23115,206,374,565],"yoast_head":"<!-- This site is optimized with the Yoast SEO Premium plugin v22.7 (Yoast SEO v22.7) - https:\/\/yoast.com\/wordpress\/plugins\/seo\/ -->\n<title>Technische Probleme \u2013 Trump wird mit Verz\u00f6gerung zum WEF anreisen - just-now.NEWS Deutschland<\/title>\n<meta name=\"robots\" content=\"index, follow, max-snippet:-1, max-image-preview:large, max-video-preview:-1\" \/>\n<link rel=\"canonical\" href=\"https:\/\/now-news.de\/de\/deutschland\/technische-probleme-trump-wird-mit-verzoegerung-zum-wef-anreisen\/\" \/>\n<meta property=\"og:locale\" content=\"de_DE\" \/>\n<meta property=\"og:type\" content=\"article\" \/>\n<meta property=\"og:title\" content=\"Technische Probleme \u2013 Trump wird mit Verz\u00f6gerung zum WEF anreisen\" \/>\n<meta property=\"og:description\" content=\"Die US-Pr\u00e4sidentenmaschine Air Force One musste am Dienstagabend direkt nach dem Start zum Flughafen zur\u00fcckkehren, weil die Besatzung &#8220;ein kleines elektrisches Problem&#8221; festgestellt hatte. Nach dem Wechsel in eine Ersatzmaschine verz\u00f6gert sich nun die mit Spannung erwartete Ankunft Trumps beim WEF. Die US-Pr\u00e4sidentenmaschine Air Force One kehrte kurz nach dem Start zum Regierungsflughafen nach Maryland, [&hellip;]\" \/>\n<meta property=\"og:url\" content=\"https:\/\/now-news.de\/de\/deutschland\/technische-probleme-trump-wird-mit-verzoegerung-zum-wef-anreisen\/\" \/>\n<meta property=\"og:site_name\" content=\"just-now.NEWS Deutschland\" \/>\n<meta property=\"article:publisher\" content=\"https:\/\/www.facebook.com\/wirmachenauf\" \/>\n<meta property=\"article:published_time\" content=\"2026-01-21T08:16:35+00:00\" \/>\n<meta property=\"og:image\" content=\"https:\/\/now-news.de\/de\/wp-content\/uploads\/sites\/3\/2026\/01\/69707b83b480cc0d2d043894.jpg\" \/>\n<meta name=\"author\" content=\"rtnews\" \/>\n<meta name=\"twitter:card\" content=\"summary_large_image\" \/>\n<meta name=\"twitter:creator\" content=\"@WirMachenAuf_de\" \/>\n<meta name=\"twitter:site\" content=\"@WirMachenAuf_de\" \/>\n<meta name=\"twitter:label1\" content=\"Verfasst von\" \/>\n\t<meta name=\"twitter:data1\" content=\"rtnews\" \/>\n\t<meta name=\"twitter:label2\" content=\"Gesch\u00e4tzte Lesezeit\" \/>\n\t<meta name=\"twitter:data2\" content=\"3\u00a0Minuten\" \/>\n<script type=\"application\/ld+json\" class=\"yoast-schema-graph\">{\"@context\":\"https:\/\/schema.org\",\"@graph\":[{\"@type\":\"Article\",\"@id\":\"https:\/\/now-news.de\/de\/deutschland\/technische-probleme-trump-wird-mit-verzoegerung-zum-wef-anreisen\/#article\",\"isPartOf\":{\"@id\":\"https:\/\/now-news.de\/de\/deutschland\/technische-probleme-trump-wird-mit-verzoegerung-zum-wef-anreisen\/\"},\"author\":{\"name\":\"rtnews\",\"@id\":\"https:\/\/now-news.de\/de\/#\/schema\/person\/fb534a4e865501d8b3285208df34a9b5\"},\"headline\":\"Technische Probleme \u2013 Trump wird mit Verz\u00f6gerung zum WEF anreisen\",\"datePublished\":\"2026-01-21T08:16:35+00:00\",\"dateModified\":\"2026-01-21T08:16:35+00:00\",\"mainEntityOfPage\":{\"@id\":\"https:\/\/now-news.de\/de\/deutschland\/technische-probleme-trump-wird-mit-verzoegerung-zum-wef-anreisen\/\"},\"wordCount\":579,\"commentCount\":0,\"publisher\":{\"@id\":\"https:\/\/now-news.de\/de\/#organization\"},\"image\":{\"@id\":\"https:\/\/now-news.de\/de\/deutschland\/technische-probleme-trump-wird-mit-verzoegerung-zum-wef-anreisen\/#primaryimage\"},\"thumbnailUrl\":\"https:\/\/now-news.de\/de\/wp-content\/uploads\/sites\/3\/2026\/01\/Technische-Probleme-\u2013-Trump-wird-mit-Verzoegerung-zum-WEF-anreisen.jpg\",\"keywords\":[\"anreisen\",\"mit\",\"Probleme\",\"Technische\",\"trump\",\"Verz\u00f6gerung\",\"WEF\",\"wird\",\"zum\"],\"articleSection\":[\"Deutschland\",\"Russland\"],\"inLanguage\":\"de\",\"potentialAction\":[{\"@type\":\"CommentAction\",\"name\":\"Comment\",\"target\":[\"https:\/\/now-news.de\/de\/deutschland\/technische-probleme-trump-wird-mit-verzoegerung-zum-wef-anreisen\/#respond\"]}]},{\"@type\":\"WebPage\",\"@id\":\"https:\/\/now-news.de\/de\/deutschland\/technische-probleme-trump-wird-mit-verzoegerung-zum-wef-anreisen\/\",\"url\":\"https:\/\/now-news.de\/de\/deutschland\/technische-probleme-trump-wird-mit-verzoegerung-zum-wef-anreisen\/\",\"name\":\"Technische Probleme \u2013 Trump wird mit Verz\u00f6gerung zum WEF anreisen - just-now.NEWS Deutschland\",\"isPartOf\":{\"@id\":\"https:\/\/now-news.de\/de\/#website\"},\"primaryImageOfPage\":{\"@id\":\"https:\/\/now-news.de\/de\/deutschland\/technische-probleme-trump-wird-mit-verzoegerung-zum-wef-anreisen\/#primaryimage\"},\"image\":{\"@id\":\"https:\/\/now-news.de\/de\/deutschland\/technische-probleme-trump-wird-mit-verzoegerung-zum-wef-anreisen\/#primaryimage\"},\"thumbnailUrl\":\"https:\/\/now-news.de\/de\/wp-content\/uploads\/sites\/3\/2026\/01\/Technische-Probleme-\u2013-Trump-wird-mit-Verzoegerung-zum-WEF-anreisen.jpg\",\"datePublished\":\"2026-01-21T08:16:35+00:00\",\"dateModified\":\"2026-01-21T08:16:35+00:00\",\"breadcrumb\":{\"@id\":\"https:\/\/now-news.de\/de\/deutschland\/technische-probleme-trump-wird-mit-verzoegerung-zum-wef-anreisen\/#breadcrumb\"},\"inLanguage\":\"de\",\"potentialAction\":[{\"@type\":\"ReadAction\",\"target\":[\"https:\/\/now-news.de\/de\/deutschland\/technische-probleme-trump-wird-mit-verzoegerung-zum-wef-anreisen\/\"]}]},{\"@type\":\"ImageObject\",\"inLanguage\":\"de\",\"@id\":\"https:\/\/now-news.de\/de\/deutschland\/technische-probleme-trump-wird-mit-verzoegerung-zum-wef-anreisen\/#primaryimage\",\"url\":\"https:\/\/now-news.de\/de\/wp-content\/uploads\/sites\/3\/2026\/01\/Technische-Probleme-\u2013-Trump-wird-mit-Verzoegerung-zum-WEF-anreisen.jpg\",\"contentUrl\":\"https:\/\/now-news.de\/de\/wp-content\/uploads\/sites\/3\/2026\/01\/Technische-Probleme-\u2013-Trump-wird-mit-Verzoegerung-zum-WEF-anreisen.jpg\",\"width\":460,\"height\":259,\"caption\":\"Technische Probleme \u2013 Trump wird mit Verz\u00f6gerung zum WEF anreisen\"},{\"@type\":\"BreadcrumbList\",\"@id\":\"https:\/\/now-news.de\/de\/deutschland\/technische-probleme-trump-wird-mit-verzoegerung-zum-wef-anreisen\/#breadcrumb\",\"itemListElement\":[{\"@type\":\"ListItem\",\"position\":1,\"name\":\"Home\",\"item\":\"https:\/\/now-news.de\/de\/\"},{\"@type\":\"ListItem\",\"position\":2,\"name\":\"Technische Probleme \u2013 Trump wird mit Verz\u00f6gerung zum WEF anreisen\"}]},{\"@type\":\"WebSite\",\"@id\":\"https:\/\/now-news.de\/de\/#website\",\"url\":\"https:\/\/now-news.de\/de\/\",\"name\":\"just-now.NEWS Deutschland\",\"description\":\"Das Portal f\u00fcr unzensierte Nachrichten aus der Welt\",\"publisher\":{\"@id\":\"https:\/\/now-news.de\/de\/#organization\"},\"potentialAction\":[{\"@type\":\"SearchAction\",\"target\":{\"@type\":\"EntryPoint\",\"urlTemplate\":\"https:\/\/now-news.de\/de\/?s={search_term_string}\"},\"query-input\":\"required name=search_term_string\"}],\"inLanguage\":\"de\"},{\"@type\":\"Organization\",\"@id\":\"https:\/\/now-news.de\/de\/#organization\",\"name\":\"Just Now News\",\"url\":\"https:\/\/now-news.de\/de\/\",\"logo\":{\"@type\":\"ImageObject\",\"inLanguage\":\"de\",\"@id\":\"https:\/\/now-news.de\/de\/#\/schema\/logo\/image\/\",\"url\":\"http:\/\/just-now.news\/de\/wp-content\/uploads\/sites\/3\/2022\/04\/logo500x500.jpg\",\"contentUrl\":\"http:\/\/just-now.news\/de\/wp-content\/uploads\/sites\/3\/2022\/04\/logo500x500.jpg\",\"width\":500,\"height\":500,\"caption\":\"Just Now News\"},\"image\":{\"@id\":\"https:\/\/now-news.de\/de\/#\/schema\/logo\/image\/\"},\"sameAs\":[\"https:\/\/www.facebook.com\/wirmachenauf\",\"https:\/\/x.com\/WirMachenAuf_de\"]},{\"@type\":\"Person\",\"@id\":\"https:\/\/now-news.de\/de\/#\/schema\/person\/fb534a4e865501d8b3285208df34a9b5\",\"name\":\"rtnews\",\"image\":{\"@type\":\"ImageObject\",\"inLanguage\":\"de\",\"@id\":\"https:\/\/now-news.de\/de\/#\/schema\/person\/image\/\",\"url\":\"https:\/\/secure.gravatar.com\/avatar\/82aafea7d8127119dd649515f56e2117?s=96&d=mm&r=g\",\"contentUrl\":\"https:\/\/secure.gravatar.com\/avatar\/82aafea7d8127119dd649515f56e2117?s=96&d=mm&r=g\",\"caption\":\"rtnews\"},\"url\":\"https:\/\/now-news.de\/de\/author\/rnews\/\"}]}<\/script>\n<!-- \/ Yoast SEO Premium plugin. -->","yoast_head_json":{"title":"Technische Probleme \u2013 Trump wird mit Verz\u00f6gerung zum WEF anreisen - just-now.NEWS Deutschland","robots":{"index":"index","follow":"follow","max-snippet":"max-snippet:-1","max-image-preview":"max-image-preview:large","max-video-preview":"max-video-preview:-1"},"canonical":"https:\/\/now-news.de\/de\/deutschland\/technische-probleme-trump-wird-mit-verzoegerung-zum-wef-anreisen\/","og_locale":"de_DE","og_type":"article","og_title":"Technische Probleme \u2013 Trump wird mit Verz\u00f6gerung zum WEF anreisen","og_description":"Die US-Pr\u00e4sidentenmaschine Air Force One musste am Dienstagabend direkt nach dem Start zum Flughafen zur\u00fcckkehren, weil die Besatzung &#8220;ein kleines elektrisches Problem&#8221; festgestellt hatte. Nach dem Wechsel in eine Ersatzmaschine verz\u00f6gert sich nun die mit Spannung erwartete Ankunft Trumps beim WEF. Die US-Pr\u00e4sidentenmaschine Air Force One kehrte kurz nach dem Start zum Regierungsflughafen nach Maryland, [&hellip;]","og_url":"https:\/\/now-news.de\/de\/deutschland\/technische-probleme-trump-wird-mit-verzoegerung-zum-wef-anreisen\/","og_site_name":"just-now.NEWS Deutschland","article_publisher":"https:\/\/www.facebook.com\/wirmachenauf","article_published_time":"2026-01-21T08:16:35+00:00","og_image":[{"url":"https:\/\/now-news.de\/de\/wp-content\/uploads\/sites\/3\/2026\/01\/69707b83b480cc0d2d043894.jpg"}],"author":"rtnews","twitter_card":"summary_large_image","twitter_creator":"@WirMachenAuf_de","twitter_site":"@WirMachenAuf_de","twitter_misc":{"Verfasst von":"rtnews","Gesch\u00e4tzte Lesezeit":"3\u00a0Minuten"},"schema":{"@context":"https:\/\/schema.org","@graph":[{"@type":"Article","@id":"https:\/\/now-news.de\/de\/deutschland\/technische-probleme-trump-wird-mit-verzoegerung-zum-wef-anreisen\/#article","isPartOf":{"@id":"https:\/\/now-news.de\/de\/deutschland\/technische-probleme-trump-wird-mit-verzoegerung-zum-wef-anreisen\/"},"author":{"name":"rtnews","@id":"https:\/\/now-news.de\/de\/#\/schema\/person\/fb534a4e865501d8b3285208df34a9b5"},"headline":"Technische Probleme \u2013 Trump wird mit Verz\u00f6gerung zum WEF anreisen","datePublished":"2026-01-21T08:16:35+00:00","dateModified":"2026-01-21T08:16:35+00:00","mainEntityOfPage":{"@id":"https:\/\/now-news.de\/de\/deutschland\/technische-probleme-trump-wird-mit-verzoegerung-zum-wef-anreisen\/"},"wordCount":579,"commentCount":0,"publisher":{"@id":"https:\/\/now-news.de\/de\/#organization"},"image":{"@id":"https:\/\/now-news.de\/de\/deutschland\/technische-probleme-trump-wird-mit-verzoegerung-zum-wef-anreisen\/#primaryimage"},"thumbnailUrl":"https:\/\/now-news.de\/de\/wp-content\/uploads\/sites\/3\/2026\/01\/Technische-Probleme-\u2013-Trump-wird-mit-Verzoegerung-zum-WEF-anreisen.jpg","keywords":["anreisen","mit","Probleme","Technische","trump","Verz\u00f6gerung","WEF","wird","zum"],"articleSection":["Deutschland","Russland"],"inLanguage":"de","potentialAction":[{"@type":"CommentAction","name":"Comment","target":["https:\/\/now-news.de\/de\/deutschland\/technische-probleme-trump-wird-mit-verzoegerung-zum-wef-anreisen\/#respond"]}]},{"@type":"WebPage","@id":"https:\/\/now-news.de\/de\/deutschland\/technische-probleme-trump-wird-mit-verzoegerung-zum-wef-anreisen\/","url":"https:\/\/now-news.de\/de\/deutschland\/technische-probleme-trump-wird-mit-verzoegerung-zum-wef-anreisen\/","name":"Technische Probleme \u2013 Trump wird mit Verz\u00f6gerung zum WEF anreisen - just-now.NEWS Deutschland","isPartOf":{"@id":"https:\/\/now-news.de\/de\/#website"},"primaryImageOfPage":{"@id":"https:\/\/now-news.de\/de\/deutschland\/technische-probleme-trump-wird-mit-verzoegerung-zum-wef-anreisen\/#primaryimage"},"image":{"@id":"https:\/\/now-news.de\/de\/deutschland\/technische-probleme-trump-wird-mit-verzoegerung-zum-wef-anreisen\/#primaryimage"},"thumbnailUrl":"https:\/\/now-news.de\/de\/wp-content\/uploads\/sites\/3\/2026\/01\/Technische-Probleme-\u2013-Trump-wird-mit-Verzoegerung-zum-WEF-anreisen.jpg","datePublished":"2026-01-21T08:16:35+00:00","dateModified":"2026-01-21T08:16:35+00:00","breadcrumb":{"@id":"https:\/\/now-news.de\/de\/deutschland\/technische-probleme-trump-wird-mit-verzoegerung-zum-wef-anreisen\/#breadcrumb"},"inLanguage":"de","potentialAction":[{"@type":"ReadAction","target":["https:\/\/now-news.de\/de\/deutschland\/technische-probleme-trump-wird-mit-verzoegerung-zum-wef-anreisen\/"]}]},{"@type":"ImageObject","inLanguage":"de","@id":"https:\/\/now-news.de\/de\/deutschland\/technische-probleme-trump-wird-mit-verzoegerung-zum-wef-anreisen\/#primaryimage","url":"https:\/\/now-news.de\/de\/wp-content\/uploads\/sites\/3\/2026\/01\/Technische-Probleme-\u2013-Trump-wird-mit-Verzoegerung-zum-WEF-anreisen.jpg","contentUrl":"https:\/\/now-news.de\/de\/wp-content\/uploads\/sites\/3\/2026\/01\/Technische-Probleme-\u2013-Trump-wird-mit-Verzoegerung-zum-WEF-anreisen.jpg","width":460,"height":259,"caption":"Technische Probleme \u2013 Trump wird mit Verz\u00f6gerung zum WEF anreisen"},{"@type":"BreadcrumbList","@id":"https:\/\/now-news.de\/de\/deutschland\/technische-probleme-trump-wird-mit-verzoegerung-zum-wef-anreisen\/#breadcrumb","itemListElement":[{"@type":"ListItem","position":1,"name":"Home","item":"https:\/\/now-news.de\/de\/"},{"@type":"ListItem","position":2,"name":"Technische Probleme \u2013 Trump wird mit Verz\u00f6gerung zum WEF anreisen"}]},{"@type":"WebSite","@id":"https:\/\/now-news.de\/de\/#website","url":"https:\/\/now-news.de\/de\/","name":"just-now.NEWS Deutschland","description":"Das Portal f\u00fcr unzensierte Nachrichten aus der Welt","publisher":{"@id":"https:\/\/now-news.de\/de\/#organization"},"potentialAction":[{"@type":"SearchAction","target":{"@type":"EntryPoint","urlTemplate":"https:\/\/now-news.de\/de\/?s={search_term_string}"},"query-input":"required name=search_term_string"}],"inLanguage":"de"},{"@type":"Organization","@id":"https:\/\/now-news.de\/de\/#organization","name":"Just Now News","url":"https:\/\/now-news.de\/de\/","logo":{"@type":"ImageObject","inLanguage":"de","@id":"https:\/\/now-news.de\/de\/#\/schema\/logo\/image\/","url":"http:\/\/just-now.news\/de\/wp-content\/uploads\/sites\/3\/2022\/04\/logo500x500.jpg","contentUrl":"http:\/\/just-now.news\/de\/wp-content\/uploads\/sites\/3\/2022\/04\/logo500x500.jpg","width":500,"height":500,"caption":"Just Now News"},"image":{"@id":"https:\/\/now-news.de\/de\/#\/schema\/logo\/image\/"},"sameAs":["https:\/\/www.facebook.com\/wirmachenauf","https:\/\/x.com\/WirMachenAuf_de"]},{"@type":"Person","@id":"https:\/\/now-news.de\/de\/#\/schema\/person\/fb534a4e865501d8b3285208df34a9b5","name":"rtnews","image":{"@type":"ImageObject","inLanguage":"de","@id":"https:\/\/now-news.de\/de\/#\/schema\/person\/image\/","url":"https:\/\/secure.gravatar.com\/avatar\/82aafea7d8127119dd649515f56e2117?s=96&d=mm&r=g","contentUrl":"https:\/\/secure.gravatar.com\/avatar\/82aafea7d8127119dd649515f56e2117?s=96&d=mm&r=g","caption":"rtnews"},"url":"https:\/\/now-news.de\/de\/author\/rnews\/"}]}},"_links":{"self":[{"href":"https:\/\/now-news.de\/de\/wp-json\/wp\/v2\/posts\/97596"}],"collection":[{"href":"https:\/\/now-news.de\/de\/wp-json\/wp\/v2\/posts"}],"about":[{"href":"https:\/\/now-news.de\/de\/wp-json\/wp\/v2\/types\/post"}],"author":[{"embeddable":true,"href":"https:\/\/now-news.de\/de\/wp-json\/wp\/v2\/users\/3"}],"replies":[{"embeddable":true,"href":"https:\/\/now-news.de\/de\/wp-json\/wp\/v2\/comments?post=97596"}],"version-history":[{"count":0,"href":"https:\/\/now-news.de\/de\/wp-json\/wp\/v2\/posts\/97596\/revisions"}],"wp:featuredmedia":[{"embeddable":true,"href":"https:\/\/now-news.de\/de\/wp-json\/wp\/v2\/media\/97597"}],"wp:attachment":[{"href":"https:\/\/now-news.de\/de\/wp-json\/wp\/v2\/media?parent=97596"}],"wp:term":[{"taxonomy":"category","embeddable":true,"href":"https:\/\/now-news.de\/de\/wp-json\/wp\/v2\/categories?post=97596"},{"taxonomy":"post_tag","embeddable":true,"href":"https:\/\/now-news.de\/de\/wp-json\/wp\/v2\/tags?post=97596"}],"curies":[{"name":"wp","href":"https:\/\/api.w.org\/{rel}","templated":true}]}}