{"id":97493,"date":"2026-01-19T14:23:00","date_gmt":"2026-01-19T12:23:00","guid":{"rendered":"https:\/\/now-news.de\/de\/deutschland\/groenland-eu-organisiert-sondergipfel-wegen-trump-gegenzoelle-moeglich\/"},"modified":"2026-01-19T14:23:00","modified_gmt":"2026-01-19T12:23:00","slug":"groenland-eu-organisiert-sondergipfel-wegen-trump-gegenzoelle-moeglich","status":"publish","type":"post","link":"https:\/\/now-news.de\/de\/deutschland\/groenland-eu-organisiert-sondergipfel-wegen-trump-gegenzoelle-moeglich\/","title":{"rendered":"Gr\u00f6nland: EU organisiert Sondergipfel wegen Trump \u2013 Gegenz\u00f6lle m\u00f6glich"},"content":{"rendered":"<p><img decoding=\"async\" src=\"https:\/\/now-news.de\/de\/wp-content\/uploads\/sites\/3\/2026\/01\/696e09e4b480cc468f3510fc.jpg\" \/><\/p>\n<div class=\"Text-root Text-type_1 \">\n                Im Streit um Gr\u00f6nland droht US-Pr\u00e4sident Donald Trump acht europ\u00e4ischen L\u00e4ndern mit weiteren Z\u00f6llen. Die Staats- und Regierungschefs der EU wollen diese Woche \u00fcber eine Reaktion beraten. M\u00f6glich w\u00e4re, dass bereits vorbereitete Gegenz\u00f6lle automatisch in Kraft treten.\n            <\/div>\n<p><\/p>\n<div class=\"Text-root Text-type_5 ArticleView-text ViewText-root \">\n<p data-external=\"Article.FirstParagraph\">EU-Ratspr\u00e4sident Ant\u00f3nio Costa wird nach den neuen Zoll-Drohungen von US-Pr\u00e4sident Donald Trump im Gr\u00f6nland-Streit einen Sondergipfel einberufen. Als Termin f\u00fcr ein Treffen der europ\u00e4ischen Staats- und Regierungschefs kommt nach Angaben einer EU-Beamtin der kommende Donnerstag infrage. Das berichtet die <em>Welt<\/em> am Montag.<\/p>\n<p>Costa betonte, seine Konsultationen mit Mitgliedstaaten zu den j\u00fcngsten Spannungen im Zusammenhang mit Gr\u00f6nland h\u00e4tten die gemeinsame Einsch\u00e4tzung deutlich gemacht, dass Z\u00f6lle die transatlantischen Beziehungen untergraben w\u00fcrden und mit dem EU-USA-Handelsabkommen unvereinbar seien.<\/p>\n<p>Die EU ist bereit, sich gegen jede Form von Zwang zu verteidigen. Dennoch wolle man weiterhin konstruktiv mit den USA zusammenarbeiten. Es gebe ein gemeinsames transatlantisches Interesse an Frieden und Sicherheit in der Arktis, insbesondere durch Zusammenarbeit im Rahmen der NATO.<\/p>\n<p>Gegenz\u00f6lle stehen dennoch im Raum: Derzeit denkt die EU dar\u00fcber nach, die schon im Juli designierten Gegenstrafz\u00f6lle f\u00fcr die USA im Volumen von 93 Milliarden Euro einzusetzen.\u00a0Gegenstrafz\u00f6lle w\u00fcrden etwa f\u00fcr US-Bourbon, Flugzeugteile, Sojabohnen und Gefl\u00fcgel nun automatisch \u2060am 6. Februar in \u2060Kraft treten.<\/p>\n<p>Die EU hatte die Verh\u00e4ngung dieser Z\u00f6lle nur ausgesetzt, nachdem sie sich mit den USA letztes Jahr auf ein Handelsabkommen geeinigt hatte. Dieses sah eigentlich Zollfreiheit f\u00fcr US-Waren und einen 15-Prozent-Zoll auf EU-Waren in den USA vor. Das Europ\u00e4ische Parlament \u200dhat nach Angaben des EVP-Vorsitzenden Manfred \u200dWeber aber jetzt die n\u00f6tige und f\u00fcr Mittwoch vorgesehene Verabschiedung dieses Abkommens auf unbestimmte \u2060Zeit verschoben.<\/p>\n<p>Trump hatte die zus\u00e4tzlichen Z\u00f6lle am Samstag angedroht. Ab dem 1. Februar sollen Strafz\u00f6lle in H\u00f6he von\u00a0zehn Prozent gelten, ab dem 1. Juni Z\u00f6lle in H\u00f6he von 25 Prozent \u2013 auf alle Waren, die in die USA gesendet werden. Das betrifft vor allem die europ\u00e4ischen Automobil- und Industriebetriebe.<\/p>\n<p>Die gestaffelten Z\u00f6lle sollen so lange gelten, bis ein Abkommen \u00fcber den vollst\u00e4ndigen Kauf der Arktisinsel erzielt werde, schrieb Trump auf seiner Plattform Truth Social. Betroffen von der Zollandrohung sind L\u00e4nder, die j\u00fcngst Soldaten zu einer Erkundungsmission auf die Insel geschickt haben\u00a0\u2013 darunter auch Deutschland. Die kleine Einheit der Bundeswehr ist allerdings am Sonntag bereits wieder Richtung Heimat zur\u00fcckgeflogen\u00a0\u2013 ein teurer Wochenendurlaub.<\/p>\n<p>Dennoch gibt man sich im wirtschaftlich ohnehin angeschlagenen Berlin k\u00e4mpferisch: Der Pr\u00e4sident des Bundesverbands der Deutschen Industrie (BDI), Peter Leibinger, hat die EU angesichts der Zolldrohungen aufgerufen, &#8220;einig und selbstbewusst&#8221; zu agieren. Er sagte: &#8220;Die EU muss deutlich machen, dass sie f\u00fcr die USA ein unverzichtbarer strategischer Partner ist und bleibt&#8221;, erkl\u00e4rte Leibinger in der deutschen Hauptstadt. Europa sei der gr\u00f6\u00dfte Binnenmarkt der Welt. Es stellt sich die Frage, wer am l\u00e4ngeren Hebel sitzt: Washington oder die EU?<\/p>\n<p><strong>Mehr zum Thema<\/strong>\u00a0\u2013\u00a0<a rel=\"nofollow noopener\" target=\"_blank\" href=\"https:\/\/freedert.online\/international\/267662-trump-wirft-daenemark-vor-russische\/\">Trump: D\u00e4nemark kann &#8220;russische Bedrohung&#8221; in Gr\u00f6nland nicht beseitigen<\/a><\/p>\n<\/p>\n<\/div>\n<p><br \/>\n<br \/><a href=\"https:\/\/de.rt.com\/europa\/267671-groenland-eskalation-eu-organisiert-sondergipfel\/\">Source link <\/a><\/p>\n","protected":false},"excerpt":{"rendered":"<p>Im Streit um Gr\u00f6nland droht US-Pr\u00e4sident Donald Trump acht europ\u00e4ischen L\u00e4ndern mit weiteren Z\u00f6llen. Die Staats- und Regierungschefs der EU wollen diese Woche \u00fcber eine Reaktion beraten. M\u00f6glich w\u00e4re, dass bereits vorbereitete Gegenz\u00f6lle automatisch in Kraft treten. EU-Ratspr\u00e4sident Ant\u00f3nio Costa wird nach den neuen Zoll-Drohungen von US-Pr\u00e4sident Donald Trump im Gr\u00f6nland-Streit einen Sondergipfel einberufen. Als [&hellip;]<\/p>\n","protected":false},"author":3,"featured_media":97494,"comment_status":"open","ping_status":"open","sticky":false,"template":"","format":"standard","meta":{"_yoast_indexnow_last_ping":["1768827355"],"wp_automatic_camp":["217"],"4d94ee627e621dda6e3c597b66903c11":["Gr\u00f6nland: EU organisiert Sondergipfel wegen Trump \u2013 Gegenz\u00f6lle m\u00f6glich"],"original_link":["https:\/\/de.rt.com\/europa\/267671-groenland-eskalation-eu-organisiert-sondergipfel\/"],"_thumbnail_id":["97494"],"jnews_social_counter_last_update":["1777309024"],"_wptgpro_p2tg_sent2tg":["a:1:{i:23737;s:19:\"2026-01-19 14:56:54\";}"]},"categories":[19,23],"tags":[64036,61318,2123,38307,47658,1639,145],"yoast_head":"<!-- This site is optimized with the Yoast SEO Premium plugin v22.7 (Yoast SEO v22.7) - https:\/\/yoast.com\/wordpress\/plugins\/seo\/ -->\n<title>Gr\u00f6nland: EU organisiert Sondergipfel wegen Trump \u2013 Gegenz\u00f6lle m\u00f6glich - just-now.NEWS Deutschland<\/title>\n<meta name=\"robots\" content=\"index, follow, max-snippet:-1, max-image-preview:large, max-video-preview:-1\" \/>\n<link rel=\"canonical\" href=\"https:\/\/now-news.de\/de\/deutschland\/groenland-eu-organisiert-sondergipfel-wegen-trump-gegenzoelle-moeglich\/\" \/>\n<meta property=\"og:locale\" content=\"de_DE\" \/>\n<meta property=\"og:type\" content=\"article\" \/>\n<meta property=\"og:title\" content=\"Gr\u00f6nland: EU organisiert Sondergipfel wegen Trump \u2013 Gegenz\u00f6lle m\u00f6glich\" \/>\n<meta property=\"og:description\" content=\"Im Streit um Gr\u00f6nland droht US-Pr\u00e4sident Donald Trump acht europ\u00e4ischen L\u00e4ndern mit weiteren Z\u00f6llen. Die Staats- und Regierungschefs der EU wollen diese Woche \u00fcber eine Reaktion beraten. M\u00f6glich w\u00e4re, dass bereits vorbereitete Gegenz\u00f6lle automatisch in Kraft treten. EU-Ratspr\u00e4sident Ant\u00f3nio Costa wird nach den neuen Zoll-Drohungen von US-Pr\u00e4sident Donald Trump im Gr\u00f6nland-Streit einen Sondergipfel einberufen. Als [&hellip;]\" \/>\n<meta property=\"og:url\" content=\"https:\/\/now-news.de\/de\/deutschland\/groenland-eu-organisiert-sondergipfel-wegen-trump-gegenzoelle-moeglich\/\" \/>\n<meta property=\"og:site_name\" content=\"just-now.NEWS Deutschland\" \/>\n<meta property=\"article:publisher\" content=\"https:\/\/www.facebook.com\/wirmachenauf\" \/>\n<meta property=\"article:published_time\" content=\"2026-01-19T12:23:00+00:00\" \/>\n<meta property=\"og:image\" content=\"https:\/\/now-news.de\/de\/wp-content\/uploads\/sites\/3\/2026\/01\/696e09e4b480cc468f3510fc.jpg\" \/>\n<meta name=\"author\" content=\"rtnews\" \/>\n<meta name=\"twitter:card\" content=\"summary_large_image\" \/>\n<meta name=\"twitter:creator\" content=\"@WirMachenAuf_de\" \/>\n<meta name=\"twitter:site\" content=\"@WirMachenAuf_de\" \/>\n<meta name=\"twitter:label1\" content=\"Verfasst von\" \/>\n\t<meta name=\"twitter:data1\" content=\"rtnews\" \/>\n\t<meta name=\"twitter:label2\" content=\"Gesch\u00e4tzte Lesezeit\" \/>\n\t<meta name=\"twitter:data2\" content=\"3\u00a0Minuten\" \/>\n<script type=\"application\/ld+json\" class=\"yoast-schema-graph\">{\"@context\":\"https:\/\/schema.org\",\"@graph\":[{\"@type\":\"Article\",\"@id\":\"https:\/\/now-news.de\/de\/deutschland\/groenland-eu-organisiert-sondergipfel-wegen-trump-gegenzoelle-moeglich\/#article\",\"isPartOf\":{\"@id\":\"https:\/\/now-news.de\/de\/deutschland\/groenland-eu-organisiert-sondergipfel-wegen-trump-gegenzoelle-moeglich\/\"},\"author\":{\"name\":\"rtnews\",\"@id\":\"https:\/\/now-news.de\/de\/#\/schema\/person\/fb534a4e865501d8b3285208df34a9b5\"},\"headline\":\"Gr\u00f6nland: EU organisiert Sondergipfel wegen Trump \u2013 Gegenz\u00f6lle m\u00f6glich\",\"datePublished\":\"2026-01-19T12:23:00+00:00\",\"dateModified\":\"2026-01-19T12:23:00+00:00\",\"mainEntityOfPage\":{\"@id\":\"https:\/\/now-news.de\/de\/deutschland\/groenland-eu-organisiert-sondergipfel-wegen-trump-gegenzoelle-moeglich\/\"},\"wordCount\":522,\"commentCount\":0,\"publisher\":{\"@id\":\"https:\/\/now-news.de\/de\/#organization\"},\"image\":{\"@id\":\"https:\/\/now-news.de\/de\/deutschland\/groenland-eu-organisiert-sondergipfel-wegen-trump-gegenzoelle-moeglich\/#primaryimage\"},\"thumbnailUrl\":\"https:\/\/now-news.de\/de\/wp-content\/uploads\/sites\/3\/2026\/01\/Groenland-EU-organisiert-Sondergipfel-wegen-Trump-\u2013-Gegenzoelle-moeglich.jpg\",\"keywords\":[\"Gegenz\u00f6lle\",\"Gr\u00f6nland\",\"m\u00f6glich\",\"organisiert\",\"Sondergipfel\",\"trump\",\"wegen\"],\"articleSection\":[\"Deutschland\",\"Russland\"],\"inLanguage\":\"de\",\"potentialAction\":[{\"@type\":\"CommentAction\",\"name\":\"Comment\",\"target\":[\"https:\/\/now-news.de\/de\/deutschland\/groenland-eu-organisiert-sondergipfel-wegen-trump-gegenzoelle-moeglich\/#respond\"]}]},{\"@type\":\"WebPage\",\"@id\":\"https:\/\/now-news.de\/de\/deutschland\/groenland-eu-organisiert-sondergipfel-wegen-trump-gegenzoelle-moeglich\/\",\"url\":\"https:\/\/now-news.de\/de\/deutschland\/groenland-eu-organisiert-sondergipfel-wegen-trump-gegenzoelle-moeglich\/\",\"name\":\"Gr\u00f6nland: EU organisiert Sondergipfel wegen Trump \u2013 Gegenz\u00f6lle m\u00f6glich - just-now.NEWS Deutschland\",\"isPartOf\":{\"@id\":\"https:\/\/now-news.de\/de\/#website\"},\"primaryImageOfPage\":{\"@id\":\"https:\/\/now-news.de\/de\/deutschland\/groenland-eu-organisiert-sondergipfel-wegen-trump-gegenzoelle-moeglich\/#primaryimage\"},\"image\":{\"@id\":\"https:\/\/now-news.de\/de\/deutschland\/groenland-eu-organisiert-sondergipfel-wegen-trump-gegenzoelle-moeglich\/#primaryimage\"},\"thumbnailUrl\":\"https:\/\/now-news.de\/de\/wp-content\/uploads\/sites\/3\/2026\/01\/Groenland-EU-organisiert-Sondergipfel-wegen-Trump-\u2013-Gegenzoelle-moeglich.jpg\",\"datePublished\":\"2026-01-19T12:23:00+00:00\",\"dateModified\":\"2026-01-19T12:23:00+00:00\",\"breadcrumb\":{\"@id\":\"https:\/\/now-news.de\/de\/deutschland\/groenland-eu-organisiert-sondergipfel-wegen-trump-gegenzoelle-moeglich\/#breadcrumb\"},\"inLanguage\":\"de\",\"potentialAction\":[{\"@type\":\"ReadAction\",\"target\":[\"https:\/\/now-news.de\/de\/deutschland\/groenland-eu-organisiert-sondergipfel-wegen-trump-gegenzoelle-moeglich\/\"]}]},{\"@type\":\"ImageObject\",\"inLanguage\":\"de\",\"@id\":\"https:\/\/now-news.de\/de\/deutschland\/groenland-eu-organisiert-sondergipfel-wegen-trump-gegenzoelle-moeglich\/#primaryimage\",\"url\":\"https:\/\/now-news.de\/de\/wp-content\/uploads\/sites\/3\/2026\/01\/Groenland-EU-organisiert-Sondergipfel-wegen-Trump-\u2013-Gegenzoelle-moeglich.jpg\",\"contentUrl\":\"https:\/\/now-news.de\/de\/wp-content\/uploads\/sites\/3\/2026\/01\/Groenland-EU-organisiert-Sondergipfel-wegen-Trump-\u2013-Gegenzoelle-moeglich.jpg\",\"width\":460,\"height\":259,\"caption\":\"Gr\u00f6nland: EU organisiert Sondergipfel wegen Trump \u2013 Gegenz\u00f6lle m\u00f6glich\"},{\"@type\":\"BreadcrumbList\",\"@id\":\"https:\/\/now-news.de\/de\/deutschland\/groenland-eu-organisiert-sondergipfel-wegen-trump-gegenzoelle-moeglich\/#breadcrumb\",\"itemListElement\":[{\"@type\":\"ListItem\",\"position\":1,\"name\":\"Home\",\"item\":\"https:\/\/now-news.de\/de\/\"},{\"@type\":\"ListItem\",\"position\":2,\"name\":\"Gr\u00f6nland: EU organisiert Sondergipfel wegen Trump \u2013 Gegenz\u00f6lle m\u00f6glich\"}]},{\"@type\":\"WebSite\",\"@id\":\"https:\/\/now-news.de\/de\/#website\",\"url\":\"https:\/\/now-news.de\/de\/\",\"name\":\"just-now.NEWS Deutschland\",\"description\":\"Das Portal f\u00fcr unzensierte Nachrichten aus der Welt\",\"publisher\":{\"@id\":\"https:\/\/now-news.de\/de\/#organization\"},\"potentialAction\":[{\"@type\":\"SearchAction\",\"target\":{\"@type\":\"EntryPoint\",\"urlTemplate\":\"https:\/\/now-news.de\/de\/?s={search_term_string}\"},\"query-input\":\"required name=search_term_string\"}],\"inLanguage\":\"de\"},{\"@type\":\"Organization\",\"@id\":\"https:\/\/now-news.de\/de\/#organization\",\"name\":\"Just Now News\",\"url\":\"https:\/\/now-news.de\/de\/\",\"logo\":{\"@type\":\"ImageObject\",\"inLanguage\":\"de\",\"@id\":\"https:\/\/now-news.de\/de\/#\/schema\/logo\/image\/\",\"url\":\"http:\/\/just-now.news\/de\/wp-content\/uploads\/sites\/3\/2022\/04\/logo500x500.jpg\",\"contentUrl\":\"http:\/\/just-now.news\/de\/wp-content\/uploads\/sites\/3\/2022\/04\/logo500x500.jpg\",\"width\":500,\"height\":500,\"caption\":\"Just Now News\"},\"image\":{\"@id\":\"https:\/\/now-news.de\/de\/#\/schema\/logo\/image\/\"},\"sameAs\":[\"https:\/\/www.facebook.com\/wirmachenauf\",\"https:\/\/x.com\/WirMachenAuf_de\"]},{\"@type\":\"Person\",\"@id\":\"https:\/\/now-news.de\/de\/#\/schema\/person\/fb534a4e865501d8b3285208df34a9b5\",\"name\":\"rtnews\",\"image\":{\"@type\":\"ImageObject\",\"inLanguage\":\"de\",\"@id\":\"https:\/\/now-news.de\/de\/#\/schema\/person\/image\/\",\"url\":\"https:\/\/secure.gravatar.com\/avatar\/82aafea7d8127119dd649515f56e2117?s=96&d=mm&r=g\",\"contentUrl\":\"https:\/\/secure.gravatar.com\/avatar\/82aafea7d8127119dd649515f56e2117?s=96&d=mm&r=g\",\"caption\":\"rtnews\"},\"url\":\"https:\/\/now-news.de\/de\/author\/rnews\/\"}]}<\/script>\n<!-- \/ Yoast SEO Premium plugin. -->","yoast_head_json":{"title":"Gr\u00f6nland: EU organisiert Sondergipfel wegen Trump \u2013 Gegenz\u00f6lle m\u00f6glich - just-now.NEWS Deutschland","robots":{"index":"index","follow":"follow","max-snippet":"max-snippet:-1","max-image-preview":"max-image-preview:large","max-video-preview":"max-video-preview:-1"},"canonical":"https:\/\/now-news.de\/de\/deutschland\/groenland-eu-organisiert-sondergipfel-wegen-trump-gegenzoelle-moeglich\/","og_locale":"de_DE","og_type":"article","og_title":"Gr\u00f6nland: EU organisiert Sondergipfel wegen Trump \u2013 Gegenz\u00f6lle m\u00f6glich","og_description":"Im Streit um Gr\u00f6nland droht US-Pr\u00e4sident Donald Trump acht europ\u00e4ischen L\u00e4ndern mit weiteren Z\u00f6llen. Die Staats- und Regierungschefs der EU wollen diese Woche \u00fcber eine Reaktion beraten. M\u00f6glich w\u00e4re, dass bereits vorbereitete Gegenz\u00f6lle automatisch in Kraft treten. EU-Ratspr\u00e4sident Ant\u00f3nio Costa wird nach den neuen Zoll-Drohungen von US-Pr\u00e4sident Donald Trump im Gr\u00f6nland-Streit einen Sondergipfel einberufen. Als [&hellip;]","og_url":"https:\/\/now-news.de\/de\/deutschland\/groenland-eu-organisiert-sondergipfel-wegen-trump-gegenzoelle-moeglich\/","og_site_name":"just-now.NEWS Deutschland","article_publisher":"https:\/\/www.facebook.com\/wirmachenauf","article_published_time":"2026-01-19T12:23:00+00:00","og_image":[{"url":"https:\/\/now-news.de\/de\/wp-content\/uploads\/sites\/3\/2026\/01\/696e09e4b480cc468f3510fc.jpg"}],"author":"rtnews","twitter_card":"summary_large_image","twitter_creator":"@WirMachenAuf_de","twitter_site":"@WirMachenAuf_de","twitter_misc":{"Verfasst von":"rtnews","Gesch\u00e4tzte Lesezeit":"3\u00a0Minuten"},"schema":{"@context":"https:\/\/schema.org","@graph":[{"@type":"Article","@id":"https:\/\/now-news.de\/de\/deutschland\/groenland-eu-organisiert-sondergipfel-wegen-trump-gegenzoelle-moeglich\/#article","isPartOf":{"@id":"https:\/\/now-news.de\/de\/deutschland\/groenland-eu-organisiert-sondergipfel-wegen-trump-gegenzoelle-moeglich\/"},"author":{"name":"rtnews","@id":"https:\/\/now-news.de\/de\/#\/schema\/person\/fb534a4e865501d8b3285208df34a9b5"},"headline":"Gr\u00f6nland: EU organisiert Sondergipfel wegen Trump \u2013 Gegenz\u00f6lle m\u00f6glich","datePublished":"2026-01-19T12:23:00+00:00","dateModified":"2026-01-19T12:23:00+00:00","mainEntityOfPage":{"@id":"https:\/\/now-news.de\/de\/deutschland\/groenland-eu-organisiert-sondergipfel-wegen-trump-gegenzoelle-moeglich\/"},"wordCount":522,"commentCount":0,"publisher":{"@id":"https:\/\/now-news.de\/de\/#organization"},"image":{"@id":"https:\/\/now-news.de\/de\/deutschland\/groenland-eu-organisiert-sondergipfel-wegen-trump-gegenzoelle-moeglich\/#primaryimage"},"thumbnailUrl":"https:\/\/now-news.de\/de\/wp-content\/uploads\/sites\/3\/2026\/01\/Groenland-EU-organisiert-Sondergipfel-wegen-Trump-\u2013-Gegenzoelle-moeglich.jpg","keywords":["Gegenz\u00f6lle","Gr\u00f6nland","m\u00f6glich","organisiert","Sondergipfel","trump","wegen"],"articleSection":["Deutschland","Russland"],"inLanguage":"de","potentialAction":[{"@type":"CommentAction","name":"Comment","target":["https:\/\/now-news.de\/de\/deutschland\/groenland-eu-organisiert-sondergipfel-wegen-trump-gegenzoelle-moeglich\/#respond"]}]},{"@type":"WebPage","@id":"https:\/\/now-news.de\/de\/deutschland\/groenland-eu-organisiert-sondergipfel-wegen-trump-gegenzoelle-moeglich\/","url":"https:\/\/now-news.de\/de\/deutschland\/groenland-eu-organisiert-sondergipfel-wegen-trump-gegenzoelle-moeglich\/","name":"Gr\u00f6nland: EU organisiert Sondergipfel wegen Trump \u2013 Gegenz\u00f6lle m\u00f6glich - just-now.NEWS Deutschland","isPartOf":{"@id":"https:\/\/now-news.de\/de\/#website"},"primaryImageOfPage":{"@id":"https:\/\/now-news.de\/de\/deutschland\/groenland-eu-organisiert-sondergipfel-wegen-trump-gegenzoelle-moeglich\/#primaryimage"},"image":{"@id":"https:\/\/now-news.de\/de\/deutschland\/groenland-eu-organisiert-sondergipfel-wegen-trump-gegenzoelle-moeglich\/#primaryimage"},"thumbnailUrl":"https:\/\/now-news.de\/de\/wp-content\/uploads\/sites\/3\/2026\/01\/Groenland-EU-organisiert-Sondergipfel-wegen-Trump-\u2013-Gegenzoelle-moeglich.jpg","datePublished":"2026-01-19T12:23:00+00:00","dateModified":"2026-01-19T12:23:00+00:00","breadcrumb":{"@id":"https:\/\/now-news.de\/de\/deutschland\/groenland-eu-organisiert-sondergipfel-wegen-trump-gegenzoelle-moeglich\/#breadcrumb"},"inLanguage":"de","potentialAction":[{"@type":"ReadAction","target":["https:\/\/now-news.de\/de\/deutschland\/groenland-eu-organisiert-sondergipfel-wegen-trump-gegenzoelle-moeglich\/"]}]},{"@type":"ImageObject","inLanguage":"de","@id":"https:\/\/now-news.de\/de\/deutschland\/groenland-eu-organisiert-sondergipfel-wegen-trump-gegenzoelle-moeglich\/#primaryimage","url":"https:\/\/now-news.de\/de\/wp-content\/uploads\/sites\/3\/2026\/01\/Groenland-EU-organisiert-Sondergipfel-wegen-Trump-\u2013-Gegenzoelle-moeglich.jpg","contentUrl":"https:\/\/now-news.de\/de\/wp-content\/uploads\/sites\/3\/2026\/01\/Groenland-EU-organisiert-Sondergipfel-wegen-Trump-\u2013-Gegenzoelle-moeglich.jpg","width":460,"height":259,"caption":"Gr\u00f6nland: EU organisiert Sondergipfel wegen Trump \u2013 Gegenz\u00f6lle m\u00f6glich"},{"@type":"BreadcrumbList","@id":"https:\/\/now-news.de\/de\/deutschland\/groenland-eu-organisiert-sondergipfel-wegen-trump-gegenzoelle-moeglich\/#breadcrumb","itemListElement":[{"@type":"ListItem","position":1,"name":"Home","item":"https:\/\/now-news.de\/de\/"},{"@type":"ListItem","position":2,"name":"Gr\u00f6nland: EU organisiert Sondergipfel wegen Trump \u2013 Gegenz\u00f6lle m\u00f6glich"}]},{"@type":"WebSite","@id":"https:\/\/now-news.de\/de\/#website","url":"https:\/\/now-news.de\/de\/","name":"just-now.NEWS Deutschland","description":"Das Portal f\u00fcr unzensierte Nachrichten aus der Welt","publisher":{"@id":"https:\/\/now-news.de\/de\/#organization"},"potentialAction":[{"@type":"SearchAction","target":{"@type":"EntryPoint","urlTemplate":"https:\/\/now-news.de\/de\/?s={search_term_string}"},"query-input":"required name=search_term_string"}],"inLanguage":"de"},{"@type":"Organization","@id":"https:\/\/now-news.de\/de\/#organization","name":"Just Now News","url":"https:\/\/now-news.de\/de\/","logo":{"@type":"ImageObject","inLanguage":"de","@id":"https:\/\/now-news.de\/de\/#\/schema\/logo\/image\/","url":"http:\/\/just-now.news\/de\/wp-content\/uploads\/sites\/3\/2022\/04\/logo500x500.jpg","contentUrl":"http:\/\/just-now.news\/de\/wp-content\/uploads\/sites\/3\/2022\/04\/logo500x500.jpg","width":500,"height":500,"caption":"Just Now News"},"image":{"@id":"https:\/\/now-news.de\/de\/#\/schema\/logo\/image\/"},"sameAs":["https:\/\/www.facebook.com\/wirmachenauf","https:\/\/x.com\/WirMachenAuf_de"]},{"@type":"Person","@id":"https:\/\/now-news.de\/de\/#\/schema\/person\/fb534a4e865501d8b3285208df34a9b5","name":"rtnews","image":{"@type":"ImageObject","inLanguage":"de","@id":"https:\/\/now-news.de\/de\/#\/schema\/person\/image\/","url":"https:\/\/secure.gravatar.com\/avatar\/82aafea7d8127119dd649515f56e2117?s=96&d=mm&r=g","contentUrl":"https:\/\/secure.gravatar.com\/avatar\/82aafea7d8127119dd649515f56e2117?s=96&d=mm&r=g","caption":"rtnews"},"url":"https:\/\/now-news.de\/de\/author\/rnews\/"}]}},"_links":{"self":[{"href":"https:\/\/now-news.de\/de\/wp-json\/wp\/v2\/posts\/97493"}],"collection":[{"href":"https:\/\/now-news.de\/de\/wp-json\/wp\/v2\/posts"}],"about":[{"href":"https:\/\/now-news.de\/de\/wp-json\/wp\/v2\/types\/post"}],"author":[{"embeddable":true,"href":"https:\/\/now-news.de\/de\/wp-json\/wp\/v2\/users\/3"}],"replies":[{"embeddable":true,"href":"https:\/\/now-news.de\/de\/wp-json\/wp\/v2\/comments?post=97493"}],"version-history":[{"count":0,"href":"https:\/\/now-news.de\/de\/wp-json\/wp\/v2\/posts\/97493\/revisions"}],"wp:featuredmedia":[{"embeddable":true,"href":"https:\/\/now-news.de\/de\/wp-json\/wp\/v2\/media\/97494"}],"wp:attachment":[{"href":"https:\/\/now-news.de\/de\/wp-json\/wp\/v2\/media?parent=97493"}],"wp:term":[{"taxonomy":"category","embeddable":true,"href":"https:\/\/now-news.de\/de\/wp-json\/wp\/v2\/categories?post=97493"},{"taxonomy":"post_tag","embeddable":true,"href":"https:\/\/now-news.de\/de\/wp-json\/wp\/v2\/tags?post=97493"}],"curies":[{"name":"wp","href":"https:\/\/api.w.org\/{rel}","templated":true}]}}