{"id":97484,"date":"2026-01-19T10:13:55","date_gmt":"2026-01-19T08:13:55","guid":{"rendered":"https:\/\/now-news.de\/de\/deutschland\/davos-wird-zum-us-forum-zum-auftakt-steht-das-wef-im-zeichen-donald-trumps-2\/"},"modified":"2026-01-19T10:13:55","modified_gmt":"2026-01-19T08:13:55","slug":"davos-wird-zum-us-forum-zum-auftakt-steht-das-wef-im-zeichen-donald-trumps-2","status":"publish","type":"post","link":"https:\/\/now-news.de\/de\/deutschland\/davos-wird-zum-us-forum-zum-auftakt-steht-das-wef-im-zeichen-donald-trumps-2\/","title":{"rendered":"Davos wird zum US-Forum: Zum Auftakt steht das WEF im Zeichen Donald Trumps"},"content":{"rendered":"<p><img decoding=\"async\" src=\"https:\/\/now-news.de\/de\/wp-content\/uploads\/sites\/3\/2026\/01\/696ddeb348fbef63cb65a8ca.jpg\" \/><\/p>\n<div class=\"Text-root Text-type_1 \">\n                Die gr\u00f6\u00dfte US-Delegation aller Zeiten, massive Sicherheitsvorkehrungen und konkrete Machtpolitik machen Davos zur B\u00fchne amerikanischer Interessen. Noch vor der Er\u00f6ffnung steht fest: Dieses WEF geh\u00f6rt Donald Trump.\n            <\/div>\n<p><\/p>\n<div class=\"Text-root Text-type_5 ArticleView-text ViewText-root \">\n<p>Das World Economic Forum 2026 steht unter einem offiziellen Leitsatz, doch die tats\u00e4chliche Dynamik folgt einer anderen Logik. In Davos dreht sich in diesem Jahr fast alles um Donald Trump.<\/p>\n<p>Der US-Pr\u00e4sident pr\u00e4gt Pr\u00e4senz, Gespr\u00e4che und Erwartungen st\u00e4rker als jeder andere Teilnehmer. Das Forum wird zur politischen B\u00fchne eines Mannes, der Macht demonstrieren will.<\/p>\n<p>Trump reist mit der gr\u00f6\u00dften amerikanischen Delegation an, die Davos je gesehen hat. Au\u00dfenminister, Finanzminister, Handelsminister, Energieminister sowie die wichtigsten Sondergesandten begleiten ihn.<\/p>\n<p>Die Vereinigten Staaten treten geschlossen auf. F\u00fcr zahlreiche Gespr\u00e4chspartner ist somit ersichtlich, in welchen Bereichen Entscheidungen vorbereitet werden und in welchen nicht.<\/p>\n<p>Die Agenda des Forums verschiebt sich entsprechend. Wirtschaftliche Zukunftsfragen treten in den Hintergrund, w\u00e4hrend Sicherheitsgarantien, Handelsbedingungen und geopolitische Abh\u00e4ngigkeiten dominieren.<\/p>\n<p>Trump bringt keine Visionen mit, sondern Forderungen. Wer Zugang zum US-Markt will, muss investieren, produzieren oder mit Z\u00f6llen rechnen. Davos dient ihm als Ort, um diese Linie unmissverst\u00e4ndlich zu kommunizieren.<\/p>\n<p>Auch f\u00fcr Europa wird das Treffen zur Bew\u00e4hrungsprobe. Mehrere Staats- und Regierungschefs suchen das Gespr\u00e4ch mit dem amerikanischen Pr\u00e4sidenten, nicht aus Neugier, sondern aus Notwendigkeit.<\/p>\n<p>Die Unsicherheit \u00fcber k\u00fcnftige Handelsregeln und milit\u00e4rische Zusagen treibt viele Delegationen nach Graub\u00fcnden. Trumps Auftritt wirkt dabei weniger vermittelnd als ordnend. Er setzt Priorit\u00e4ten und l\u00e4sst wenig Raum f\u00fcr Widerspruch.<\/p>\n<p>Besonders deutlich zeigt sich dies im Umgang mit internationalen Konflikten.<\/p>\n<p>Es laufen Gespr\u00e4che bez\u00fcglich der Ukraine, des Nahen Ostens und Irans, bei denen die amerikanische Position den Rahmen vorgibt. Andere Akteure reagieren, passen sich an oder sind um Schadensbegrenzung bem\u00fcht. L\u00f6sungen entstehen nicht in \u00f6ffentlichen Runden, sondern in bilateralen Treffen unter amerikanischer F\u00fchrung.<\/p>\n<p>F\u00fcr die Schweiz verk\u00f6rpert dieses WEF eine herausfordernde Aufgabe. Sie stellt den Rahmen, sorgt f\u00fcr Sicherheit und fungiert als Gespr\u00e4chskanal in heiklen Dossiers. Politisch jedoch bleibt wenig Gestaltungsspielraum. Davos ist Gastgeber, nicht Taktgeber.<\/p>\n<p>Das WEF 2026 markiert eine Verschiebung. Es dient weniger dem Austausch unterschiedlicher Perspektiven, als vielmehr der Demonstration politischer Realit\u00e4t. Diese Realit\u00e4t tr\u00e4gt in diesem Jahr einen klaren Namen: Donald Trump.<\/p>\n<p data-start=\"2459\" data-end=\"2687\" data-is-last-node=\"\" data-is-only-node=\"\"><strong>Mehr zum Thema \u2013<\/strong>\u00a0<a rel=\"nofollow noopener\" target=\"_blank\" href=\"https:\/\/freedert.online\/meinung\/192872-davos-ist-nicht-wie-frueher\/\">Davos ist nicht wie fr\u00fcher: Die geopolitischen Pfaue haben den Kampf verloren<\/a><\/p>\n<div class=\"EmbedBlock-root EmbedBlock-externalVideo EmbedBlock-rumble\">\n<div class=\"VkEmbed\"><iframe class=\"lazyload\" data-src=\"https:\/\/rumble.com\/embed\/v69y76j\" frameborder=\"0\" width=\"853\" height=\"480\" allowfullscreen><\/iframe><\/div>\n<\/div>\n<\/div>\n<p><br \/>\n<br \/><a href=\"https:\/\/de.rt.com\/schweiz\/267655-davos-wird-zum-us-forum\/\">Source link <\/a><\/p>\n","protected":false},"excerpt":{"rendered":"<p>Die gr\u00f6\u00dfte US-Delegation aller Zeiten, massive Sicherheitsvorkehrungen und konkrete Machtpolitik machen Davos zur B\u00fchne amerikanischer Interessen. Noch vor der Er\u00f6ffnung steht fest: Dieses WEF geh\u00f6rt Donald Trump. Das World Economic Forum 2026 steht unter einem offiziellen Leitsatz, doch die tats\u00e4chliche Dynamik folgt einer anderen Logik. In Davos dreht sich in diesem Jahr fast alles um [&hellip;]<\/p>\n","protected":false},"author":3,"featured_media":97479,"comment_status":"open","ping_status":"open","sticky":false,"template":"","format":"standard","meta":{"_yoast_indexnow_last_ping":["1768813855"],"wp_automatic_camp":["217"],"71dbd7ce3b0161226b4b9f422974b34e":["Davos wird zum US-Forum: Zum Auftakt steht das WEF im Zeichen Donald Trumps"],"original_link":["https:\/\/de.rt.com\/schweiz\/267655-davos-wird-zum-us-forum\/"],"_thumbnail_id":["97479"],"jnews_social_counter_last_update":["1777344331"],"_wptgpro_p2tg_sent2tg":["a:1:{i:23737;s:19:\"2026-01-19 11:11:55\";}"]},"categories":[19,23],"tags":[10562,427,92,3129,1606,317,70638,206,374,20166,565],"yoast_head":"<!-- This site is optimized with the Yoast SEO Premium plugin v22.7 (Yoast SEO v22.7) - https:\/\/yoast.com\/wordpress\/plugins\/seo\/ -->\n<title>Davos wird zum US-Forum: Zum Auftakt steht das WEF im Zeichen Donald Trumps - just-now.NEWS Deutschland<\/title>\n<meta name=\"robots\" content=\"index, follow, max-snippet:-1, max-image-preview:large, max-video-preview:-1\" \/>\n<link rel=\"canonical\" href=\"https:\/\/now-news.de\/de\/deutschland\/davos-wird-zum-us-forum-zum-auftakt-steht-das-wef-im-zeichen-donald-trumps-2\/\" \/>\n<meta property=\"og:locale\" content=\"de_DE\" \/>\n<meta property=\"og:type\" content=\"article\" \/>\n<meta property=\"og:title\" content=\"Davos wird zum US-Forum: Zum Auftakt steht das WEF im Zeichen Donald Trumps\" \/>\n<meta property=\"og:description\" content=\"Die gr\u00f6\u00dfte US-Delegation aller Zeiten, massive Sicherheitsvorkehrungen und konkrete Machtpolitik machen Davos zur B\u00fchne amerikanischer Interessen. Noch vor der Er\u00f6ffnung steht fest: Dieses WEF geh\u00f6rt Donald Trump. Das World Economic Forum 2026 steht unter einem offiziellen Leitsatz, doch die tats\u00e4chliche Dynamik folgt einer anderen Logik. In Davos dreht sich in diesem Jahr fast alles um [&hellip;]\" \/>\n<meta property=\"og:url\" content=\"https:\/\/now-news.de\/de\/deutschland\/davos-wird-zum-us-forum-zum-auftakt-steht-das-wef-im-zeichen-donald-trumps-2\/\" \/>\n<meta property=\"og:site_name\" content=\"just-now.NEWS Deutschland\" \/>\n<meta property=\"article:publisher\" content=\"https:\/\/www.facebook.com\/wirmachenauf\" \/>\n<meta property=\"article:published_time\" content=\"2026-01-19T08:13:55+00:00\" \/>\n<meta property=\"og:image\" content=\"https:\/\/now-news.de\/de\/wp-content\/uploads\/sites\/3\/2026\/01\/696ddeb348fbef63cb65a8ca.jpg\" \/>\n<meta name=\"author\" content=\"rtnews\" \/>\n<meta name=\"twitter:card\" content=\"summary_large_image\" \/>\n<meta name=\"twitter:creator\" content=\"@WirMachenAuf_de\" \/>\n<meta name=\"twitter:site\" content=\"@WirMachenAuf_de\" \/>\n<meta name=\"twitter:label1\" content=\"Verfasst von\" \/>\n\t<meta name=\"twitter:data1\" content=\"rtnews\" \/>\n\t<meta name=\"twitter:label2\" content=\"Gesch\u00e4tzte Lesezeit\" \/>\n\t<meta name=\"twitter:data2\" content=\"2\u00a0Minuten\" \/>\n<script type=\"application\/ld+json\" class=\"yoast-schema-graph\">{\"@context\":\"https:\/\/schema.org\",\"@graph\":[{\"@type\":\"Article\",\"@id\":\"https:\/\/now-news.de\/de\/deutschland\/davos-wird-zum-us-forum-zum-auftakt-steht-das-wef-im-zeichen-donald-trumps-2\/#article\",\"isPartOf\":{\"@id\":\"https:\/\/now-news.de\/de\/deutschland\/davos-wird-zum-us-forum-zum-auftakt-steht-das-wef-im-zeichen-donald-trumps-2\/\"},\"author\":{\"name\":\"rtnews\",\"@id\":\"https:\/\/now-news.de\/de\/#\/schema\/person\/fb534a4e865501d8b3285208df34a9b5\"},\"headline\":\"Davos wird zum US-Forum: Zum Auftakt steht das WEF im Zeichen Donald Trumps\",\"datePublished\":\"2026-01-19T08:13:55+00:00\",\"dateModified\":\"2026-01-19T08:13:55+00:00\",\"mainEntityOfPage\":{\"@id\":\"https:\/\/now-news.de\/de\/deutschland\/davos-wird-zum-us-forum-zum-auftakt-steht-das-wef-im-zeichen-donald-trumps-2\/\"},\"wordCount\":418,\"commentCount\":0,\"publisher\":{\"@id\":\"https:\/\/now-news.de\/de\/#organization\"},\"image\":{\"@id\":\"https:\/\/now-news.de\/de\/deutschland\/davos-wird-zum-us-forum-zum-auftakt-steht-das-wef-im-zeichen-donald-trumps-2\/#primaryimage\"},\"thumbnailUrl\":\"https:\/\/now-news.de\/de\/wp-content\/uploads\/sites\/3\/2026\/01\/Davos-wird-zum-US-Forum-Zum-Auftakt-steht-das-WEF-im.jpg\",\"keywords\":[\"auftakt\",\"das\",\"Davos\",\"Donald\",\"steht\",\"Trumps\",\"USForum\",\"WEF\",\"wird\",\"Zeichen\",\"zum\"],\"articleSection\":[\"Deutschland\",\"Russland\"],\"inLanguage\":\"de\",\"potentialAction\":[{\"@type\":\"CommentAction\",\"name\":\"Comment\",\"target\":[\"https:\/\/now-news.de\/de\/deutschland\/davos-wird-zum-us-forum-zum-auftakt-steht-das-wef-im-zeichen-donald-trumps-2\/#respond\"]}]},{\"@type\":\"WebPage\",\"@id\":\"https:\/\/now-news.de\/de\/deutschland\/davos-wird-zum-us-forum-zum-auftakt-steht-das-wef-im-zeichen-donald-trumps-2\/\",\"url\":\"https:\/\/now-news.de\/de\/deutschland\/davos-wird-zum-us-forum-zum-auftakt-steht-das-wef-im-zeichen-donald-trumps-2\/\",\"name\":\"Davos wird zum US-Forum: Zum Auftakt steht das WEF im Zeichen Donald Trumps - just-now.NEWS Deutschland\",\"isPartOf\":{\"@id\":\"https:\/\/now-news.de\/de\/#website\"},\"primaryImageOfPage\":{\"@id\":\"https:\/\/now-news.de\/de\/deutschland\/davos-wird-zum-us-forum-zum-auftakt-steht-das-wef-im-zeichen-donald-trumps-2\/#primaryimage\"},\"image\":{\"@id\":\"https:\/\/now-news.de\/de\/deutschland\/davos-wird-zum-us-forum-zum-auftakt-steht-das-wef-im-zeichen-donald-trumps-2\/#primaryimage\"},\"thumbnailUrl\":\"https:\/\/now-news.de\/de\/wp-content\/uploads\/sites\/3\/2026\/01\/Davos-wird-zum-US-Forum-Zum-Auftakt-steht-das-WEF-im.jpg\",\"datePublished\":\"2026-01-19T08:13:55+00:00\",\"dateModified\":\"2026-01-19T08:13:55+00:00\",\"breadcrumb\":{\"@id\":\"https:\/\/now-news.de\/de\/deutschland\/davos-wird-zum-us-forum-zum-auftakt-steht-das-wef-im-zeichen-donald-trumps-2\/#breadcrumb\"},\"inLanguage\":\"de\",\"potentialAction\":[{\"@type\":\"ReadAction\",\"target\":[\"https:\/\/now-news.de\/de\/deutschland\/davos-wird-zum-us-forum-zum-auftakt-steht-das-wef-im-zeichen-donald-trumps-2\/\"]}]},{\"@type\":\"ImageObject\",\"inLanguage\":\"de\",\"@id\":\"https:\/\/now-news.de\/de\/deutschland\/davos-wird-zum-us-forum-zum-auftakt-steht-das-wef-im-zeichen-donald-trumps-2\/#primaryimage\",\"url\":\"https:\/\/now-news.de\/de\/wp-content\/uploads\/sites\/3\/2026\/01\/Davos-wird-zum-US-Forum-Zum-Auftakt-steht-das-WEF-im.jpg\",\"contentUrl\":\"https:\/\/now-news.de\/de\/wp-content\/uploads\/sites\/3\/2026\/01\/Davos-wird-zum-US-Forum-Zum-Auftakt-steht-das-WEF-im.jpg\",\"width\":460,\"height\":259,\"caption\":\"Davos wird zum US-Forum: Zum Auftakt steht das WEF im Zeichen Donald Trumps\"},{\"@type\":\"BreadcrumbList\",\"@id\":\"https:\/\/now-news.de\/de\/deutschland\/davos-wird-zum-us-forum-zum-auftakt-steht-das-wef-im-zeichen-donald-trumps-2\/#breadcrumb\",\"itemListElement\":[{\"@type\":\"ListItem\",\"position\":1,\"name\":\"Home\",\"item\":\"https:\/\/now-news.de\/de\/\"},{\"@type\":\"ListItem\",\"position\":2,\"name\":\"Davos wird zum US-Forum: Zum Auftakt steht das WEF im Zeichen Donald Trumps\"}]},{\"@type\":\"WebSite\",\"@id\":\"https:\/\/now-news.de\/de\/#website\",\"url\":\"https:\/\/now-news.de\/de\/\",\"name\":\"just-now.NEWS Deutschland\",\"description\":\"Das Portal f\u00fcr unzensierte Nachrichten aus der Welt\",\"publisher\":{\"@id\":\"https:\/\/now-news.de\/de\/#organization\"},\"potentialAction\":[{\"@type\":\"SearchAction\",\"target\":{\"@type\":\"EntryPoint\",\"urlTemplate\":\"https:\/\/now-news.de\/de\/?s={search_term_string}\"},\"query-input\":\"required name=search_term_string\"}],\"inLanguage\":\"de\"},{\"@type\":\"Organization\",\"@id\":\"https:\/\/now-news.de\/de\/#organization\",\"name\":\"Just Now News\",\"url\":\"https:\/\/now-news.de\/de\/\",\"logo\":{\"@type\":\"ImageObject\",\"inLanguage\":\"de\",\"@id\":\"https:\/\/now-news.de\/de\/#\/schema\/logo\/image\/\",\"url\":\"http:\/\/just-now.news\/de\/wp-content\/uploads\/sites\/3\/2022\/04\/logo500x500.jpg\",\"contentUrl\":\"http:\/\/just-now.news\/de\/wp-content\/uploads\/sites\/3\/2022\/04\/logo500x500.jpg\",\"width\":500,\"height\":500,\"caption\":\"Just Now News\"},\"image\":{\"@id\":\"https:\/\/now-news.de\/de\/#\/schema\/logo\/image\/\"},\"sameAs\":[\"https:\/\/www.facebook.com\/wirmachenauf\",\"https:\/\/x.com\/WirMachenAuf_de\"]},{\"@type\":\"Person\",\"@id\":\"https:\/\/now-news.de\/de\/#\/schema\/person\/fb534a4e865501d8b3285208df34a9b5\",\"name\":\"rtnews\",\"image\":{\"@type\":\"ImageObject\",\"inLanguage\":\"de\",\"@id\":\"https:\/\/now-news.de\/de\/#\/schema\/person\/image\/\",\"url\":\"https:\/\/secure.gravatar.com\/avatar\/82aafea7d8127119dd649515f56e2117?s=96&d=mm&r=g\",\"contentUrl\":\"https:\/\/secure.gravatar.com\/avatar\/82aafea7d8127119dd649515f56e2117?s=96&d=mm&r=g\",\"caption\":\"rtnews\"},\"url\":\"https:\/\/now-news.de\/de\/author\/rnews\/\"}]}<\/script>\n<!-- \/ Yoast SEO Premium plugin. -->","yoast_head_json":{"title":"Davos wird zum US-Forum: Zum Auftakt steht das WEF im Zeichen Donald Trumps - just-now.NEWS Deutschland","robots":{"index":"index","follow":"follow","max-snippet":"max-snippet:-1","max-image-preview":"max-image-preview:large","max-video-preview":"max-video-preview:-1"},"canonical":"https:\/\/now-news.de\/de\/deutschland\/davos-wird-zum-us-forum-zum-auftakt-steht-das-wef-im-zeichen-donald-trumps-2\/","og_locale":"de_DE","og_type":"article","og_title":"Davos wird zum US-Forum: Zum Auftakt steht das WEF im Zeichen Donald Trumps","og_description":"Die gr\u00f6\u00dfte US-Delegation aller Zeiten, massive Sicherheitsvorkehrungen und konkrete Machtpolitik machen Davos zur B\u00fchne amerikanischer Interessen. Noch vor der Er\u00f6ffnung steht fest: Dieses WEF geh\u00f6rt Donald Trump. Das World Economic Forum 2026 steht unter einem offiziellen Leitsatz, doch die tats\u00e4chliche Dynamik folgt einer anderen Logik. In Davos dreht sich in diesem Jahr fast alles um [&hellip;]","og_url":"https:\/\/now-news.de\/de\/deutschland\/davos-wird-zum-us-forum-zum-auftakt-steht-das-wef-im-zeichen-donald-trumps-2\/","og_site_name":"just-now.NEWS Deutschland","article_publisher":"https:\/\/www.facebook.com\/wirmachenauf","article_published_time":"2026-01-19T08:13:55+00:00","og_image":[{"url":"https:\/\/now-news.de\/de\/wp-content\/uploads\/sites\/3\/2026\/01\/696ddeb348fbef63cb65a8ca.jpg"}],"author":"rtnews","twitter_card":"summary_large_image","twitter_creator":"@WirMachenAuf_de","twitter_site":"@WirMachenAuf_de","twitter_misc":{"Verfasst von":"rtnews","Gesch\u00e4tzte Lesezeit":"2\u00a0Minuten"},"schema":{"@context":"https:\/\/schema.org","@graph":[{"@type":"Article","@id":"https:\/\/now-news.de\/de\/deutschland\/davos-wird-zum-us-forum-zum-auftakt-steht-das-wef-im-zeichen-donald-trumps-2\/#article","isPartOf":{"@id":"https:\/\/now-news.de\/de\/deutschland\/davos-wird-zum-us-forum-zum-auftakt-steht-das-wef-im-zeichen-donald-trumps-2\/"},"author":{"name":"rtnews","@id":"https:\/\/now-news.de\/de\/#\/schema\/person\/fb534a4e865501d8b3285208df34a9b5"},"headline":"Davos wird zum US-Forum: Zum Auftakt steht das WEF im Zeichen Donald Trumps","datePublished":"2026-01-19T08:13:55+00:00","dateModified":"2026-01-19T08:13:55+00:00","mainEntityOfPage":{"@id":"https:\/\/now-news.de\/de\/deutschland\/davos-wird-zum-us-forum-zum-auftakt-steht-das-wef-im-zeichen-donald-trumps-2\/"},"wordCount":418,"commentCount":0,"publisher":{"@id":"https:\/\/now-news.de\/de\/#organization"},"image":{"@id":"https:\/\/now-news.de\/de\/deutschland\/davos-wird-zum-us-forum-zum-auftakt-steht-das-wef-im-zeichen-donald-trumps-2\/#primaryimage"},"thumbnailUrl":"https:\/\/now-news.de\/de\/wp-content\/uploads\/sites\/3\/2026\/01\/Davos-wird-zum-US-Forum-Zum-Auftakt-steht-das-WEF-im.jpg","keywords":["auftakt","das","Davos","Donald","steht","Trumps","USForum","WEF","wird","Zeichen","zum"],"articleSection":["Deutschland","Russland"],"inLanguage":"de","potentialAction":[{"@type":"CommentAction","name":"Comment","target":["https:\/\/now-news.de\/de\/deutschland\/davos-wird-zum-us-forum-zum-auftakt-steht-das-wef-im-zeichen-donald-trumps-2\/#respond"]}]},{"@type":"WebPage","@id":"https:\/\/now-news.de\/de\/deutschland\/davos-wird-zum-us-forum-zum-auftakt-steht-das-wef-im-zeichen-donald-trumps-2\/","url":"https:\/\/now-news.de\/de\/deutschland\/davos-wird-zum-us-forum-zum-auftakt-steht-das-wef-im-zeichen-donald-trumps-2\/","name":"Davos wird zum US-Forum: Zum Auftakt steht das WEF im Zeichen Donald Trumps - just-now.NEWS Deutschland","isPartOf":{"@id":"https:\/\/now-news.de\/de\/#website"},"primaryImageOfPage":{"@id":"https:\/\/now-news.de\/de\/deutschland\/davos-wird-zum-us-forum-zum-auftakt-steht-das-wef-im-zeichen-donald-trumps-2\/#primaryimage"},"image":{"@id":"https:\/\/now-news.de\/de\/deutschland\/davos-wird-zum-us-forum-zum-auftakt-steht-das-wef-im-zeichen-donald-trumps-2\/#primaryimage"},"thumbnailUrl":"https:\/\/now-news.de\/de\/wp-content\/uploads\/sites\/3\/2026\/01\/Davos-wird-zum-US-Forum-Zum-Auftakt-steht-das-WEF-im.jpg","datePublished":"2026-01-19T08:13:55+00:00","dateModified":"2026-01-19T08:13:55+00:00","breadcrumb":{"@id":"https:\/\/now-news.de\/de\/deutschland\/davos-wird-zum-us-forum-zum-auftakt-steht-das-wef-im-zeichen-donald-trumps-2\/#breadcrumb"},"inLanguage":"de","potentialAction":[{"@type":"ReadAction","target":["https:\/\/now-news.de\/de\/deutschland\/davos-wird-zum-us-forum-zum-auftakt-steht-das-wef-im-zeichen-donald-trumps-2\/"]}]},{"@type":"ImageObject","inLanguage":"de","@id":"https:\/\/now-news.de\/de\/deutschland\/davos-wird-zum-us-forum-zum-auftakt-steht-das-wef-im-zeichen-donald-trumps-2\/#primaryimage","url":"https:\/\/now-news.de\/de\/wp-content\/uploads\/sites\/3\/2026\/01\/Davos-wird-zum-US-Forum-Zum-Auftakt-steht-das-WEF-im.jpg","contentUrl":"https:\/\/now-news.de\/de\/wp-content\/uploads\/sites\/3\/2026\/01\/Davos-wird-zum-US-Forum-Zum-Auftakt-steht-das-WEF-im.jpg","width":460,"height":259,"caption":"Davos wird zum US-Forum: Zum Auftakt steht das WEF im Zeichen Donald Trumps"},{"@type":"BreadcrumbList","@id":"https:\/\/now-news.de\/de\/deutschland\/davos-wird-zum-us-forum-zum-auftakt-steht-das-wef-im-zeichen-donald-trumps-2\/#breadcrumb","itemListElement":[{"@type":"ListItem","position":1,"name":"Home","item":"https:\/\/now-news.de\/de\/"},{"@type":"ListItem","position":2,"name":"Davos wird zum US-Forum: Zum Auftakt steht das WEF im Zeichen Donald Trumps"}]},{"@type":"WebSite","@id":"https:\/\/now-news.de\/de\/#website","url":"https:\/\/now-news.de\/de\/","name":"just-now.NEWS Deutschland","description":"Das Portal f\u00fcr unzensierte Nachrichten aus der Welt","publisher":{"@id":"https:\/\/now-news.de\/de\/#organization"},"potentialAction":[{"@type":"SearchAction","target":{"@type":"EntryPoint","urlTemplate":"https:\/\/now-news.de\/de\/?s={search_term_string}"},"query-input":"required name=search_term_string"}],"inLanguage":"de"},{"@type":"Organization","@id":"https:\/\/now-news.de\/de\/#organization","name":"Just Now News","url":"https:\/\/now-news.de\/de\/","logo":{"@type":"ImageObject","inLanguage":"de","@id":"https:\/\/now-news.de\/de\/#\/schema\/logo\/image\/","url":"http:\/\/just-now.news\/de\/wp-content\/uploads\/sites\/3\/2022\/04\/logo500x500.jpg","contentUrl":"http:\/\/just-now.news\/de\/wp-content\/uploads\/sites\/3\/2022\/04\/logo500x500.jpg","width":500,"height":500,"caption":"Just Now News"},"image":{"@id":"https:\/\/now-news.de\/de\/#\/schema\/logo\/image\/"},"sameAs":["https:\/\/www.facebook.com\/wirmachenauf","https:\/\/x.com\/WirMachenAuf_de"]},{"@type":"Person","@id":"https:\/\/now-news.de\/de\/#\/schema\/person\/fb534a4e865501d8b3285208df34a9b5","name":"rtnews","image":{"@type":"ImageObject","inLanguage":"de","@id":"https:\/\/now-news.de\/de\/#\/schema\/person\/image\/","url":"https:\/\/secure.gravatar.com\/avatar\/82aafea7d8127119dd649515f56e2117?s=96&d=mm&r=g","contentUrl":"https:\/\/secure.gravatar.com\/avatar\/82aafea7d8127119dd649515f56e2117?s=96&d=mm&r=g","caption":"rtnews"},"url":"https:\/\/now-news.de\/de\/author\/rnews\/"}]}},"_links":{"self":[{"href":"https:\/\/now-news.de\/de\/wp-json\/wp\/v2\/posts\/97484"}],"collection":[{"href":"https:\/\/now-news.de\/de\/wp-json\/wp\/v2\/posts"}],"about":[{"href":"https:\/\/now-news.de\/de\/wp-json\/wp\/v2\/types\/post"}],"author":[{"embeddable":true,"href":"https:\/\/now-news.de\/de\/wp-json\/wp\/v2\/users\/3"}],"replies":[{"embeddable":true,"href":"https:\/\/now-news.de\/de\/wp-json\/wp\/v2\/comments?post=97484"}],"version-history":[{"count":0,"href":"https:\/\/now-news.de\/de\/wp-json\/wp\/v2\/posts\/97484\/revisions"}],"wp:featuredmedia":[{"embeddable":true,"href":"https:\/\/now-news.de\/de\/wp-json\/wp\/v2\/media\/97479"}],"wp:attachment":[{"href":"https:\/\/now-news.de\/de\/wp-json\/wp\/v2\/media?parent=97484"}],"wp:term":[{"taxonomy":"category","embeddable":true,"href":"https:\/\/now-news.de\/de\/wp-json\/wp\/v2\/categories?post=97484"},{"taxonomy":"post_tag","embeddable":true,"href":"https:\/\/now-news.de\/de\/wp-json\/wp\/v2\/tags?post=97484"}],"curies":[{"name":"wp","href":"https:\/\/api.w.org\/{rel}","templated":true}]}}