{"id":97482,"date":"2026-01-19T10:52:40","date_gmt":"2026-01-19T08:52:40","guid":{"rendered":"https:\/\/now-news.de\/de\/deutschland\/mindestens-39-tote-bei-schwerem-zugunglueck-in-spanien\/"},"modified":"2026-01-19T10:52:40","modified_gmt":"2026-01-19T08:52:40","slug":"mindestens-39-tote-bei-schwerem-zugunglueck-in-spanien","status":"publish","type":"post","link":"https:\/\/now-news.de\/de\/deutschland\/mindestens-39-tote-bei-schwerem-zugunglueck-in-spanien\/","title":{"rendered":"Mindestens 39 Tote bei schwerem Zugungl\u00fcck in Spanien"},"content":{"rendered":"<p><img decoding=\"async\" src=\"https:\/\/now-news.de\/de\/wp-content\/uploads\/sites\/3\/2026\/01\/696de9d448fbef61977eb8f1.jpg\" \/><\/p>\n<div class=\"Text-root Text-type_1 \">\n                Bei einem schweren Zugungl\u00fcck nahe C\u00f3rdoba entgleisten und kollidierten zwei Hochgeschwindigkeitsz\u00fcge. Mindestens 39 Menschen kamen ums Leben, rund 70 wurden verletzt. Die Ursache ist unklar. Der Bahnverkehr zwischen Madrid und Andalusien bleibt ausgesetzt.\n            <\/div>\n<p><\/p>\n<div class=\"Text-root Text-type_5 ArticleView-text ViewText-root \">\n<p>Bei einem schweren Zugungl\u00fcck im S\u00fcden Spaniens verloren mindestens 39 Menschen ihr Leben. Rund 70 weitere Passagiere wurden verletzt, mehrere von ihnen schwer.<\/p>\n<p>Der Unfall ereignete sich am Sonntagabend auf der Hochgeschwindigkeitsstrecke zwischen M\u00e1laga und Madrid nahe der Gemeinde Adamuz in der Provinz C\u00f3rdoba.<\/p>\n<p>Nach Angaben der Polizei entgleiste zun\u00e4chst ein Hochgeschwindigkeitszug des privaten Anbieters Iryo, der von M\u00e1laga in Richtung Madrid unterwegs war.<\/p>\n<div class=\"EmbedBlock-root EmbedBlock-twitter\">\n<div class=\"TwitterEmbed\">\n<blockquote class=\"twitter-tweet lazyload\" data-twitter=\"twitter-tweet\" data-media-max-width=\"560\">\n<p lang=\"en\" dir=\"ltr\">Tragedy in southern Spain\ud83c\uddea\ud83c\uddf8: a high-speed train derailed, crossed tracks, and hit another train head-on.More than 21 reportedly killed, and at least 100 injured, with 25 suffering critical injuries<a rel=\"nofollow noopener\" target=\"_blank\" href=\"https:\/\/twitter.com\/hashtag\/Spain?src=hash&amp;ref_src=twsrc%5Etfw\">#Spain<\/a> | <a rel=\"nofollow noopener\" target=\"_blank\" href=\"https:\/\/twitter.com\/hashtag\/trainaccident?src=hash&amp;ref_src=twsrc%5Etfw\">#trainaccident<\/a><a rel=\"nofollow noopener\" target=\"_blank\" href=\"https:\/\/t.co\/UHas6y2Luk\">pic.twitter.com\/UHas6y2Luk<\/a><\/p>\n<p>\u2014 Sumit (@SumitHansd) <a rel=\"nofollow noopener\" target=\"_blank\" href=\"https:\/\/twitter.com\/SumitHansd\/status\/2013094417045860656?ref_src=twsrc%5Etfw\">January 19, 2026<\/a><\/p><\/blockquote>\n<\/div>\n<\/div>\n<p data-start=\"599\" data-end=\"1040\">Der hintere Teil des Zuges geriet auf ein Gegengleis und kollidierte dort mit einem entgegenkommenden Fernzug der staatlichen Bahn Renfe.<\/p>\n<p data-start=\"599\" data-end=\"1040\">In der Folge entgleisten mehrere Waggons beider Z\u00fcge, einige st\u00fcrzten eine B\u00f6schung hinab. Unter den Todesopfern befindet sich auch einer der Lokf\u00fchrer.<\/p>\n<p>In den beiden Z\u00fcgen befanden sich Medienberichten zufolge insgesamt rund 500 Fahrg\u00e4ste. Viele von ihnen waren nach dem Zusammensto\u00df in den besch\u00e4digten Waggons eingeschlossen.<\/p>\n<p>Rettungskr\u00e4fte arbeiteten die ganze Nacht hindurch daran, Verletzte zu bergen und Eingeklemmte zu befreien. Der Einsatz gestaltete sich schwierig, da sich die Ungl\u00fccksstelle in einem schwer zug\u00e4nglichen Gebiet befindet und mehrere Waggons stark deformiert waren.<\/p>\n<p>Augenzeugen berichten von chaotischen Szenen unmittelbar nach dem Unfall.<\/p>\n<p>Ein Journalist, der sich an Bord eines der Z\u00fcge befand, sprach von einem pl\u00f6tzlichen, heftigen Ruck, der sich wie ein Erdbeben angef\u00fchlt habe. Nach dem Stillstand der Z\u00fcge sei das Licht ausgefallen, Passagiere h\u00e4tten versucht, sich durch Einschlagen von Fenstern mit Noth\u00e4mmern in Sicherheit zu bringen.<\/p>\n<p>Videos in sozialen Netzwerken zeigen entgleiste Wagen und ein Gro\u00dfaufgebot von Feuerwehr, Polizei und Rettungsdiensten.<\/p>\n<div class=\"EmbedBlock-root EmbedBlock-twitter\">\n<div class=\"TwitterEmbed\">\n<blockquote class=\"twitter-tweet lazyload\" data-twitter=\"twitter-tweet\" data-media-max-width=\"560\">\n<p lang=\"en\" dir=\"ltr\">\ud83c\uddea\ud83c\uddf8 Spain: At least five dead and 25 seriously injured after two high-speed trains derailed in Adamuz <a rel=\"nofollow noopener\" target=\"_blank\" href=\"https:\/\/t.co\/0Dcx9xDTeY\">pic.twitter.com\/0Dcx9xDTeY<\/a><\/p>\n<p>\u2014 Geo News (@GeoTienou) <a rel=\"nofollow noopener\" target=\"_blank\" href=\"https:\/\/twitter.com\/GeoTienou\/status\/2013000130396299676?ref_src=twsrc%5Etfw\">January 18, 2026<\/a><\/p><\/blockquote>\n<\/div>\n<\/div>\n<p>Die Verletzten wurden in mehrere Krankenh\u00e4user in der Stadt C\u00f3rdoba gebracht. Nach offiziellen Angaben befinden sich darunter auch Minderj\u00e4hrige.<\/p>\n<p>Anwohner der umliegenden Ortschaften unterst\u00fctzten die Rettungsarbeiten, indem sie Decken und Wasser an die Ungl\u00fccksstelle brachten. Das Spanische Rote Kreuz richtete in Adamuz ein Hilfszentrum f\u00fcr Betroffene und Angeh\u00f6rige ein.<\/p>\n<p>Der Hochgeschwindigkeitsverkehr zwischen Madrid und Andalusien wurde vorerst vollst\u00e4ndig eingestellt. Die Ursache des Ungl\u00fccks ist bislang unklar.<\/p>\n<p>Spaniens Verkehrsminister \u00d3scar Puente bezeichnete den Vorfall als ungew\u00f6hnlich, da sich der Unfall auf einem geraden Streckenabschnitt ereignet habe, der erst vor wenigen Monaten saniert worden sei.<\/p>\n<p>Der verungl\u00fcckte Zug sei zudem weniger als vier Jahre alt und kurz vor dem Unfall technisch \u00fcberpr\u00fcft worden. Die Ermittlungen zur Unfallursache dauern an.<\/p>\n<p><strong>Mehr zum Thema<\/strong>\u00a0&#8211;\u00a0<a rel=\"nofollow noopener\" target=\"_blank\" href=\"https:\/\/freedert.online\/inland\/254860-interner-bericht-zugunglueck-von-garmisch-partenkirchen\/\">Interner Bericht: Zugungl\u00fcck von Garmisch-Partenkirchen auf Personalversagen zur\u00fcckzuf\u00fchren<\/a><\/p>\n<div class=\"EmbedBlock-root EmbedBlock-externalVideo EmbedBlock-rumble\">\n<div class=\"VkEmbed\"><iframe class=\"lazyload\" data-src=\"https:\/\/rumble.com\/embed\/v6y2br4\" frameborder=\"0\" width=\"853\" height=\"480\" allowfullscreen><\/iframe><\/div>\n<\/div>\n<\/div>\n<p><script async src=\"https:\/\/platform.twitter.com\/widgets.js\" charset=\"utf-8\"><\/script><br \/>\n<br \/><br \/>\n<br \/><a href=\"https:\/\/de.rt.com\/europa\/267660-mindestens-39-tote-bei-schwerem\/\">Source link <\/a><\/p>\n","protected":false},"excerpt":{"rendered":"<p>Bei einem schweren Zugungl\u00fcck nahe C\u00f3rdoba entgleisten und kollidierten zwei Hochgeschwindigkeitsz\u00fcge. Mindestens 39 Menschen kamen ums Leben, rund 70 wurden verletzt. Die Ursache ist unklar. Der Bahnverkehr zwischen Madrid und Andalusien bleibt ausgesetzt. Bei einem schweren Zugungl\u00fcck im S\u00fcden Spaniens verloren mindestens 39 Menschen ihr Leben. Rund 70 weitere Passagiere wurden verletzt, mehrere von ihnen [&hellip;]<\/p>\n","protected":false},"author":3,"featured_media":97483,"comment_status":"open","ping_status":"open","sticky":false,"template":"","format":"standard","meta":{"_yoast_indexnow_last_ping":["1768812895"],"wp_automatic_camp":["217"],"14a3ee52c522646c203292d2aa6f71bd":["Mindestens 39 Tote bei schwerem Zugungl\u00fcck in Spanien"],"original_link":["https:\/\/de.rt.com\/europa\/267660-mindestens-39-tote-bei-schwerem\/"],"_thumbnail_id":["97483"],"jnews_social_counter_last_update":["1777260032"],"_wptgpro_p2tg_sent2tg":["a:1:{i:23737;s:19:\"2026-01-19 10:56:01\";}"]},"categories":[19,23],"tags":[363,3231,24933,1271,3233,22978],"yoast_head":"<!-- This site is optimized with the Yoast SEO Premium plugin v22.7 (Yoast SEO v22.7) - https:\/\/yoast.com\/wordpress\/plugins\/seo\/ -->\n<title>Mindestens 39 Tote bei schwerem Zugungl\u00fcck in Spanien - just-now.NEWS Deutschland<\/title>\n<meta name=\"robots\" content=\"index, follow, max-snippet:-1, max-image-preview:large, max-video-preview:-1\" \/>\n<link rel=\"canonical\" href=\"https:\/\/now-news.de\/de\/deutschland\/mindestens-39-tote-bei-schwerem-zugunglueck-in-spanien\/\" \/>\n<meta property=\"og:locale\" content=\"de_DE\" \/>\n<meta property=\"og:type\" content=\"article\" \/>\n<meta property=\"og:title\" content=\"Mindestens 39 Tote bei schwerem Zugungl\u00fcck in Spanien\" \/>\n<meta property=\"og:description\" content=\"Bei einem schweren Zugungl\u00fcck nahe C\u00f3rdoba entgleisten und kollidierten zwei Hochgeschwindigkeitsz\u00fcge. Mindestens 39 Menschen kamen ums Leben, rund 70 wurden verletzt. Die Ursache ist unklar. Der Bahnverkehr zwischen Madrid und Andalusien bleibt ausgesetzt. Bei einem schweren Zugungl\u00fcck im S\u00fcden Spaniens verloren mindestens 39 Menschen ihr Leben. Rund 70 weitere Passagiere wurden verletzt, mehrere von ihnen [&hellip;]\" \/>\n<meta property=\"og:url\" content=\"https:\/\/now-news.de\/de\/deutschland\/mindestens-39-tote-bei-schwerem-zugunglueck-in-spanien\/\" \/>\n<meta property=\"og:site_name\" content=\"just-now.NEWS Deutschland\" \/>\n<meta property=\"article:publisher\" content=\"https:\/\/www.facebook.com\/wirmachenauf\" \/>\n<meta property=\"article:published_time\" content=\"2026-01-19T08:52:40+00:00\" \/>\n<meta property=\"og:image\" content=\"https:\/\/now-news.de\/de\/wp-content\/uploads\/sites\/3\/2026\/01\/696de9d448fbef61977eb8f1.jpg\" \/>\n<meta name=\"author\" content=\"rtnews\" \/>\n<meta name=\"twitter:card\" content=\"summary_large_image\" \/>\n<meta name=\"twitter:creator\" content=\"@WirMachenAuf_de\" \/>\n<meta name=\"twitter:site\" content=\"@WirMachenAuf_de\" \/>\n<meta name=\"twitter:label1\" content=\"Verfasst von\" \/>\n\t<meta name=\"twitter:data1\" content=\"rtnews\" \/>\n\t<meta name=\"twitter:label2\" content=\"Gesch\u00e4tzte Lesezeit\" \/>\n\t<meta name=\"twitter:data2\" content=\"2\u00a0Minuten\" \/>\n<script type=\"application\/ld+json\" class=\"yoast-schema-graph\">{\"@context\":\"https:\/\/schema.org\",\"@graph\":[{\"@type\":\"Article\",\"@id\":\"https:\/\/now-news.de\/de\/deutschland\/mindestens-39-tote-bei-schwerem-zugunglueck-in-spanien\/#article\",\"isPartOf\":{\"@id\":\"https:\/\/now-news.de\/de\/deutschland\/mindestens-39-tote-bei-schwerem-zugunglueck-in-spanien\/\"},\"author\":{\"name\":\"rtnews\",\"@id\":\"https:\/\/now-news.de\/de\/#\/schema\/person\/fb534a4e865501d8b3285208df34a9b5\"},\"headline\":\"Mindestens 39 Tote bei schwerem Zugungl\u00fcck in Spanien\",\"datePublished\":\"2026-01-19T08:52:40+00:00\",\"dateModified\":\"2026-01-19T08:52:40+00:00\",\"mainEntityOfPage\":{\"@id\":\"https:\/\/now-news.de\/de\/deutschland\/mindestens-39-tote-bei-schwerem-zugunglueck-in-spanien\/\"},\"wordCount\":506,\"commentCount\":0,\"publisher\":{\"@id\":\"https:\/\/now-news.de\/de\/#organization\"},\"image\":{\"@id\":\"https:\/\/now-news.de\/de\/deutschland\/mindestens-39-tote-bei-schwerem-zugunglueck-in-spanien\/#primaryimage\"},\"thumbnailUrl\":\"https:\/\/now-news.de\/de\/wp-content\/uploads\/sites\/3\/2026\/01\/Mindestens-39-Tote-bei-schwerem-Zugunglueck-in-Spanien.jpg\",\"keywords\":[\"bei\",\"Mindestens\",\"schwerem\",\"Spanien\",\"Tote\",\"Zugungl\u00fcck\"],\"articleSection\":[\"Deutschland\",\"Russland\"],\"inLanguage\":\"de\",\"potentialAction\":[{\"@type\":\"CommentAction\",\"name\":\"Comment\",\"target\":[\"https:\/\/now-news.de\/de\/deutschland\/mindestens-39-tote-bei-schwerem-zugunglueck-in-spanien\/#respond\"]}]},{\"@type\":\"WebPage\",\"@id\":\"https:\/\/now-news.de\/de\/deutschland\/mindestens-39-tote-bei-schwerem-zugunglueck-in-spanien\/\",\"url\":\"https:\/\/now-news.de\/de\/deutschland\/mindestens-39-tote-bei-schwerem-zugunglueck-in-spanien\/\",\"name\":\"Mindestens 39 Tote bei schwerem Zugungl\u00fcck in Spanien - just-now.NEWS Deutschland\",\"isPartOf\":{\"@id\":\"https:\/\/now-news.de\/de\/#website\"},\"primaryImageOfPage\":{\"@id\":\"https:\/\/now-news.de\/de\/deutschland\/mindestens-39-tote-bei-schwerem-zugunglueck-in-spanien\/#primaryimage\"},\"image\":{\"@id\":\"https:\/\/now-news.de\/de\/deutschland\/mindestens-39-tote-bei-schwerem-zugunglueck-in-spanien\/#primaryimage\"},\"thumbnailUrl\":\"https:\/\/now-news.de\/de\/wp-content\/uploads\/sites\/3\/2026\/01\/Mindestens-39-Tote-bei-schwerem-Zugunglueck-in-Spanien.jpg\",\"datePublished\":\"2026-01-19T08:52:40+00:00\",\"dateModified\":\"2026-01-19T08:52:40+00:00\",\"breadcrumb\":{\"@id\":\"https:\/\/now-news.de\/de\/deutschland\/mindestens-39-tote-bei-schwerem-zugunglueck-in-spanien\/#breadcrumb\"},\"inLanguage\":\"de\",\"potentialAction\":[{\"@type\":\"ReadAction\",\"target\":[\"https:\/\/now-news.de\/de\/deutschland\/mindestens-39-tote-bei-schwerem-zugunglueck-in-spanien\/\"]}]},{\"@type\":\"ImageObject\",\"inLanguage\":\"de\",\"@id\":\"https:\/\/now-news.de\/de\/deutschland\/mindestens-39-tote-bei-schwerem-zugunglueck-in-spanien\/#primaryimage\",\"url\":\"https:\/\/now-news.de\/de\/wp-content\/uploads\/sites\/3\/2026\/01\/Mindestens-39-Tote-bei-schwerem-Zugunglueck-in-Spanien.jpg\",\"contentUrl\":\"https:\/\/now-news.de\/de\/wp-content\/uploads\/sites\/3\/2026\/01\/Mindestens-39-Tote-bei-schwerem-Zugunglueck-in-Spanien.jpg\",\"width\":460,\"height\":259,\"caption\":\"Mindestens 39 Tote bei schwerem Zugungl\u00fcck in Spanien\"},{\"@type\":\"BreadcrumbList\",\"@id\":\"https:\/\/now-news.de\/de\/deutschland\/mindestens-39-tote-bei-schwerem-zugunglueck-in-spanien\/#breadcrumb\",\"itemListElement\":[{\"@type\":\"ListItem\",\"position\":1,\"name\":\"Home\",\"item\":\"https:\/\/now-news.de\/de\/\"},{\"@type\":\"ListItem\",\"position\":2,\"name\":\"Mindestens 39 Tote bei schwerem Zugungl\u00fcck in Spanien\"}]},{\"@type\":\"WebSite\",\"@id\":\"https:\/\/now-news.de\/de\/#website\",\"url\":\"https:\/\/now-news.de\/de\/\",\"name\":\"just-now.NEWS Deutschland\",\"description\":\"Das Portal f\u00fcr unzensierte Nachrichten aus der Welt\",\"publisher\":{\"@id\":\"https:\/\/now-news.de\/de\/#organization\"},\"potentialAction\":[{\"@type\":\"SearchAction\",\"target\":{\"@type\":\"EntryPoint\",\"urlTemplate\":\"https:\/\/now-news.de\/de\/?s={search_term_string}\"},\"query-input\":\"required name=search_term_string\"}],\"inLanguage\":\"de\"},{\"@type\":\"Organization\",\"@id\":\"https:\/\/now-news.de\/de\/#organization\",\"name\":\"Just Now News\",\"url\":\"https:\/\/now-news.de\/de\/\",\"logo\":{\"@type\":\"ImageObject\",\"inLanguage\":\"de\",\"@id\":\"https:\/\/now-news.de\/de\/#\/schema\/logo\/image\/\",\"url\":\"http:\/\/just-now.news\/de\/wp-content\/uploads\/sites\/3\/2022\/04\/logo500x500.jpg\",\"contentUrl\":\"http:\/\/just-now.news\/de\/wp-content\/uploads\/sites\/3\/2022\/04\/logo500x500.jpg\",\"width\":500,\"height\":500,\"caption\":\"Just Now News\"},\"image\":{\"@id\":\"https:\/\/now-news.de\/de\/#\/schema\/logo\/image\/\"},\"sameAs\":[\"https:\/\/www.facebook.com\/wirmachenauf\",\"https:\/\/x.com\/WirMachenAuf_de\"]},{\"@type\":\"Person\",\"@id\":\"https:\/\/now-news.de\/de\/#\/schema\/person\/fb534a4e865501d8b3285208df34a9b5\",\"name\":\"rtnews\",\"image\":{\"@type\":\"ImageObject\",\"inLanguage\":\"de\",\"@id\":\"https:\/\/now-news.de\/de\/#\/schema\/person\/image\/\",\"url\":\"https:\/\/secure.gravatar.com\/avatar\/82aafea7d8127119dd649515f56e2117?s=96&d=mm&r=g\",\"contentUrl\":\"https:\/\/secure.gravatar.com\/avatar\/82aafea7d8127119dd649515f56e2117?s=96&d=mm&r=g\",\"caption\":\"rtnews\"},\"url\":\"https:\/\/now-news.de\/de\/author\/rnews\/\"}]}<\/script>\n<!-- \/ Yoast SEO Premium plugin. -->","yoast_head_json":{"title":"Mindestens 39 Tote bei schwerem Zugungl\u00fcck in Spanien - just-now.NEWS Deutschland","robots":{"index":"index","follow":"follow","max-snippet":"max-snippet:-1","max-image-preview":"max-image-preview:large","max-video-preview":"max-video-preview:-1"},"canonical":"https:\/\/now-news.de\/de\/deutschland\/mindestens-39-tote-bei-schwerem-zugunglueck-in-spanien\/","og_locale":"de_DE","og_type":"article","og_title":"Mindestens 39 Tote bei schwerem Zugungl\u00fcck in Spanien","og_description":"Bei einem schweren Zugungl\u00fcck nahe C\u00f3rdoba entgleisten und kollidierten zwei Hochgeschwindigkeitsz\u00fcge. Mindestens 39 Menschen kamen ums Leben, rund 70 wurden verletzt. Die Ursache ist unklar. Der Bahnverkehr zwischen Madrid und Andalusien bleibt ausgesetzt. Bei einem schweren Zugungl\u00fcck im S\u00fcden Spaniens verloren mindestens 39 Menschen ihr Leben. Rund 70 weitere Passagiere wurden verletzt, mehrere von ihnen [&hellip;]","og_url":"https:\/\/now-news.de\/de\/deutschland\/mindestens-39-tote-bei-schwerem-zugunglueck-in-spanien\/","og_site_name":"just-now.NEWS Deutschland","article_publisher":"https:\/\/www.facebook.com\/wirmachenauf","article_published_time":"2026-01-19T08:52:40+00:00","og_image":[{"url":"https:\/\/now-news.de\/de\/wp-content\/uploads\/sites\/3\/2026\/01\/696de9d448fbef61977eb8f1.jpg"}],"author":"rtnews","twitter_card":"summary_large_image","twitter_creator":"@WirMachenAuf_de","twitter_site":"@WirMachenAuf_de","twitter_misc":{"Verfasst von":"rtnews","Gesch\u00e4tzte Lesezeit":"2\u00a0Minuten"},"schema":{"@context":"https:\/\/schema.org","@graph":[{"@type":"Article","@id":"https:\/\/now-news.de\/de\/deutschland\/mindestens-39-tote-bei-schwerem-zugunglueck-in-spanien\/#article","isPartOf":{"@id":"https:\/\/now-news.de\/de\/deutschland\/mindestens-39-tote-bei-schwerem-zugunglueck-in-spanien\/"},"author":{"name":"rtnews","@id":"https:\/\/now-news.de\/de\/#\/schema\/person\/fb534a4e865501d8b3285208df34a9b5"},"headline":"Mindestens 39 Tote bei schwerem Zugungl\u00fcck in Spanien","datePublished":"2026-01-19T08:52:40+00:00","dateModified":"2026-01-19T08:52:40+00:00","mainEntityOfPage":{"@id":"https:\/\/now-news.de\/de\/deutschland\/mindestens-39-tote-bei-schwerem-zugunglueck-in-spanien\/"},"wordCount":506,"commentCount":0,"publisher":{"@id":"https:\/\/now-news.de\/de\/#organization"},"image":{"@id":"https:\/\/now-news.de\/de\/deutschland\/mindestens-39-tote-bei-schwerem-zugunglueck-in-spanien\/#primaryimage"},"thumbnailUrl":"https:\/\/now-news.de\/de\/wp-content\/uploads\/sites\/3\/2026\/01\/Mindestens-39-Tote-bei-schwerem-Zugunglueck-in-Spanien.jpg","keywords":["bei","Mindestens","schwerem","Spanien","Tote","Zugungl\u00fcck"],"articleSection":["Deutschland","Russland"],"inLanguage":"de","potentialAction":[{"@type":"CommentAction","name":"Comment","target":["https:\/\/now-news.de\/de\/deutschland\/mindestens-39-tote-bei-schwerem-zugunglueck-in-spanien\/#respond"]}]},{"@type":"WebPage","@id":"https:\/\/now-news.de\/de\/deutschland\/mindestens-39-tote-bei-schwerem-zugunglueck-in-spanien\/","url":"https:\/\/now-news.de\/de\/deutschland\/mindestens-39-tote-bei-schwerem-zugunglueck-in-spanien\/","name":"Mindestens 39 Tote bei schwerem Zugungl\u00fcck in Spanien - just-now.NEWS Deutschland","isPartOf":{"@id":"https:\/\/now-news.de\/de\/#website"},"primaryImageOfPage":{"@id":"https:\/\/now-news.de\/de\/deutschland\/mindestens-39-tote-bei-schwerem-zugunglueck-in-spanien\/#primaryimage"},"image":{"@id":"https:\/\/now-news.de\/de\/deutschland\/mindestens-39-tote-bei-schwerem-zugunglueck-in-spanien\/#primaryimage"},"thumbnailUrl":"https:\/\/now-news.de\/de\/wp-content\/uploads\/sites\/3\/2026\/01\/Mindestens-39-Tote-bei-schwerem-Zugunglueck-in-Spanien.jpg","datePublished":"2026-01-19T08:52:40+00:00","dateModified":"2026-01-19T08:52:40+00:00","breadcrumb":{"@id":"https:\/\/now-news.de\/de\/deutschland\/mindestens-39-tote-bei-schwerem-zugunglueck-in-spanien\/#breadcrumb"},"inLanguage":"de","potentialAction":[{"@type":"ReadAction","target":["https:\/\/now-news.de\/de\/deutschland\/mindestens-39-tote-bei-schwerem-zugunglueck-in-spanien\/"]}]},{"@type":"ImageObject","inLanguage":"de","@id":"https:\/\/now-news.de\/de\/deutschland\/mindestens-39-tote-bei-schwerem-zugunglueck-in-spanien\/#primaryimage","url":"https:\/\/now-news.de\/de\/wp-content\/uploads\/sites\/3\/2026\/01\/Mindestens-39-Tote-bei-schwerem-Zugunglueck-in-Spanien.jpg","contentUrl":"https:\/\/now-news.de\/de\/wp-content\/uploads\/sites\/3\/2026\/01\/Mindestens-39-Tote-bei-schwerem-Zugunglueck-in-Spanien.jpg","width":460,"height":259,"caption":"Mindestens 39 Tote bei schwerem Zugungl\u00fcck in Spanien"},{"@type":"BreadcrumbList","@id":"https:\/\/now-news.de\/de\/deutschland\/mindestens-39-tote-bei-schwerem-zugunglueck-in-spanien\/#breadcrumb","itemListElement":[{"@type":"ListItem","position":1,"name":"Home","item":"https:\/\/now-news.de\/de\/"},{"@type":"ListItem","position":2,"name":"Mindestens 39 Tote bei schwerem Zugungl\u00fcck in Spanien"}]},{"@type":"WebSite","@id":"https:\/\/now-news.de\/de\/#website","url":"https:\/\/now-news.de\/de\/","name":"just-now.NEWS Deutschland","description":"Das Portal f\u00fcr unzensierte Nachrichten aus der Welt","publisher":{"@id":"https:\/\/now-news.de\/de\/#organization"},"potentialAction":[{"@type":"SearchAction","target":{"@type":"EntryPoint","urlTemplate":"https:\/\/now-news.de\/de\/?s={search_term_string}"},"query-input":"required name=search_term_string"}],"inLanguage":"de"},{"@type":"Organization","@id":"https:\/\/now-news.de\/de\/#organization","name":"Just Now News","url":"https:\/\/now-news.de\/de\/","logo":{"@type":"ImageObject","inLanguage":"de","@id":"https:\/\/now-news.de\/de\/#\/schema\/logo\/image\/","url":"http:\/\/just-now.news\/de\/wp-content\/uploads\/sites\/3\/2022\/04\/logo500x500.jpg","contentUrl":"http:\/\/just-now.news\/de\/wp-content\/uploads\/sites\/3\/2022\/04\/logo500x500.jpg","width":500,"height":500,"caption":"Just Now News"},"image":{"@id":"https:\/\/now-news.de\/de\/#\/schema\/logo\/image\/"},"sameAs":["https:\/\/www.facebook.com\/wirmachenauf","https:\/\/x.com\/WirMachenAuf_de"]},{"@type":"Person","@id":"https:\/\/now-news.de\/de\/#\/schema\/person\/fb534a4e865501d8b3285208df34a9b5","name":"rtnews","image":{"@type":"ImageObject","inLanguage":"de","@id":"https:\/\/now-news.de\/de\/#\/schema\/person\/image\/","url":"https:\/\/secure.gravatar.com\/avatar\/82aafea7d8127119dd649515f56e2117?s=96&d=mm&r=g","contentUrl":"https:\/\/secure.gravatar.com\/avatar\/82aafea7d8127119dd649515f56e2117?s=96&d=mm&r=g","caption":"rtnews"},"url":"https:\/\/now-news.de\/de\/author\/rnews\/"}]}},"_links":{"self":[{"href":"https:\/\/now-news.de\/de\/wp-json\/wp\/v2\/posts\/97482"}],"collection":[{"href":"https:\/\/now-news.de\/de\/wp-json\/wp\/v2\/posts"}],"about":[{"href":"https:\/\/now-news.de\/de\/wp-json\/wp\/v2\/types\/post"}],"author":[{"embeddable":true,"href":"https:\/\/now-news.de\/de\/wp-json\/wp\/v2\/users\/3"}],"replies":[{"embeddable":true,"href":"https:\/\/now-news.de\/de\/wp-json\/wp\/v2\/comments?post=97482"}],"version-history":[{"count":0,"href":"https:\/\/now-news.de\/de\/wp-json\/wp\/v2\/posts\/97482\/revisions"}],"wp:featuredmedia":[{"embeddable":true,"href":"https:\/\/now-news.de\/de\/wp-json\/wp\/v2\/media\/97483"}],"wp:attachment":[{"href":"https:\/\/now-news.de\/de\/wp-json\/wp\/v2\/media?parent=97482"}],"wp:term":[{"taxonomy":"category","embeddable":true,"href":"https:\/\/now-news.de\/de\/wp-json\/wp\/v2\/categories?post=97482"},{"taxonomy":"post_tag","embeddable":true,"href":"https:\/\/now-news.de\/de\/wp-json\/wp\/v2\/tags?post=97482"}],"curies":[{"name":"wp","href":"https:\/\/api.w.org\/{rel}","templated":true}]}}